{"id":957,"date":"2025-07-14T12:54:24","date_gmt":"2025-07-14T12:54:24","guid":{"rendered":"https:\/\/www.ontravelholidayrentals.com\/blog\/?p=957"},"modified":"2026-03-12T10:53:48","modified_gmt":"2026-03-12T10:53:48","slug":"mirador-cap-negre","status":"publish","type":"post","link":"https:\/\/www.ontravelholidayrentals.com\/blog\/mirador-cap-negre\/","title":{"rendered":"\u00bfA\u00fan no conoces el Mirador de Cap Negre? \u00a1Te contamos por qu\u00e9 no te puedes perder esta visita!"},"content":{"rendered":"\t\t<div data-elementor-type=\"wp-post\" data-elementor-id=\"957\" class=\"elementor elementor-957\" data-elementor-post-type=\"post\">\n\t\t\t\t<div class=\"elementor-element elementor-element-1540d2ef e-flex e-con-boxed e-con e-parent\" data-id=\"1540d2ef\" data-element_type=\"container\" data-e-type=\"container\" data-settings=\"{&quot;background_background&quot;:&quot;classic&quot;}\">\n\t\t\t\t\t<div class=\"e-con-inner\">\n\t\t\t\t<div class=\"elementor-element elementor-element-3e11b43 elementor-widget elementor-widget-heading\" data-id=\"3e11b43\" data-element_type=\"widget\" data-e-type=\"widget\" data-widget_type=\"heading.default\">\n\t\t\t\t<div class=\"elementor-widget-container\">\n\t\t\t\t\t<h1 class=\"elementor-heading-title elementor-size-default\">\u00bfA\u00fan no conoces el Mirador de Cap Negre? \u00a1Te contamos por qu\u00e9 no te puedes perder esta visita!<\/h1>\t\t\t\t<\/div>\n\t\t\t\t<\/div>\n\t\t\t\t\t<\/div>\n\t\t\t\t<\/div>\n\t\t<div class=\"elementor-element elementor-element-7334ae05 e-flex e-con-boxed e-con e-parent\" data-id=\"7334ae05\" data-element_type=\"container\" data-e-type=\"container\">\n\t\t\t\t\t<div class=\"e-con-inner\">\n\t\t\t\t<div class=\"elementor-element elementor-element-22361d83 elementor-widget elementor-widget-text-editor\" data-id=\"22361d83\" data-element_type=\"widget\" data-e-type=\"widget\" data-widget_type=\"text-editor.default\">\n\t\t\t\t<div class=\"elementor-widget-container\">\n\t\t\t\t\t\t\t\t\t<p><span style=\"font-weight: 400;\">Imagina esto: t\u00fa, tu pareja o un ser querido, o incluso toda tu familia, <\/span><b>sentados en un gran mirador con unas vistas de pel\u00edcula. <\/b><span style=\"font-weight: 400;\">S\u00ed, hoy en d\u00eda no es la cosa m\u00e1s complicada del mundo, pero lo que no queremos es que te falten opciones para hacerlo ni que te dejes una de las m\u00e1s interesantes.<\/span><\/p><p><span style=\"font-weight: 400;\">Cap Negre es <\/span><b>uno de los quince miradores de J\u00e1vea<\/b><span style=\"font-weight: 400;\">, para muchos un destino espectacular para disfrutar de un sol m\u00e1s que brillante donde necesitar\u00e1s gafas de sol incluso para mirar al horizonte. Te avisamos de que no nos hacemos responsable de posibles ataques de inspiraci\u00f3n o unas ganas irremediables de quedarte a vivir ah\u00ed.<\/span><\/p><p><span style=\"font-weight: 400;\">A continuaci\u00f3n, te traemos una <\/span><b>peque\u00f1a gu\u00eda sobre el Mirador de Cap Negre<\/b><span style=\"font-weight: 400;\">, con todo lo que necesitas para sacarle el m\u00e1ximo partido a tu visita. \u00a1Vamos a ello!<\/span><\/p>\t\t\t\t\t\t\t\t<\/div>\n\t\t\t\t<\/div>\n\t\t\t\t\t<\/div>\n\t\t\t\t<\/div>\n\t\t<div class=\"elementor-element elementor-element-372f22be e-flex e-con-boxed e-con e-parent\" data-id=\"372f22be\" data-element_type=\"container\" data-e-type=\"container\">\n\t\t\t\t\t<div class=\"e-con-inner\">\n\t\t\t\t<div class=\"elementor-element elementor-element-a6ed542 elementor-widget elementor-widget-table-of-contents\" data-id=\"a6ed542\" data-element_type=\"widget\" data-e-type=\"widget\" data-settings=\"{&quot;headings_by_tags&quot;:[&quot;h2&quot;,&quot;h3&quot;],&quot;exclude_headings_by_selector&quot;:[],&quot;marker_view&quot;:&quot;bullets&quot;,&quot;icon&quot;:{&quot;value&quot;:&quot;&quot;,&quot;library&quot;:&quot;&quot;},&quot;no_headings_message&quot;:&quot;No headings were found on this page.&quot;,&quot;hierarchical_view&quot;:&quot;yes&quot;,&quot;min_height&quot;:{&quot;unit&quot;:&quot;px&quot;,&quot;size&quot;:&quot;&quot;,&quot;sizes&quot;:[]},&quot;min_height_tablet&quot;:{&quot;unit&quot;:&quot;px&quot;,&quot;size&quot;:&quot;&quot;,&quot;sizes&quot;:[]},&quot;min_height_mobile&quot;:{&quot;unit&quot;:&quot;px&quot;,&quot;size&quot;:&quot;&quot;,&quot;sizes&quot;:[]}}\" data-widget_type=\"table-of-contents.default\">\n\t\t\t\t<div class=\"elementor-widget-container\">\n\t\t\t\t\t\t\t\t\t<div class=\"elementor-toc__header\">\n\t\t\t\t\t\t<div class=\"elementor-toc__header-title\">\n\t\t\t\t\u00cdndice\t\t\t<\/div>\n\t\t\t\t\t\t\t\t<\/div>\n\t\t\t\t<div id=\"elementor-toc__a6ed542\" class=\"elementor-toc__body\">\n\t\t\t<div class=\"elementor-toc__spinner-container\">\n\t\t\t\t<svg class=\"elementor-toc__spinner eicon-animation-spin e-font-icon-svg e-eicon-loading\" aria-hidden=\"true\" viewBox=\"0 0 1000 1000\" xmlns=\"http:\/\/www.w3.org\/2000\/svg\"><path d=\"M500 975V858C696 858 858 696 858 500S696 142 500 142 142 304 142 500H25C25 237 238 25 500 25S975 237 975 500 763 975 500 975Z\"><\/path><\/svg>\t\t\t<\/div>\n\t\t<\/div>\n\t\t\t\t\t\t<\/div>\n\t\t\t\t<\/div>\n\t\t\t\t\t<\/div>\n\t\t\t\t<\/div>\n\t\t<div class=\"elementor-element elementor-element-6fa5bae1 e-flex e-con-boxed e-con e-parent\" data-id=\"6fa5bae1\" data-element_type=\"container\" data-e-type=\"container\">\n\t\t\t\t\t<div class=\"e-con-inner\">\n\t\t\t\t<div class=\"elementor-element elementor-element-27d1a246 elementor-widget elementor-widget-heading\" data-id=\"27d1a246\" data-element_type=\"widget\" data-e-type=\"widget\" data-widget_type=\"heading.default\">\n\t\t\t\t<div class=\"elementor-widget-container\">\n\t\t\t\t\t<h2 class=\"elementor-heading-title elementor-size-default\">Sigue esta ruta si no sabes c\u00f3mo llegar al Mirador\n<\/h2>\t\t\t\t<\/div>\n\t\t\t\t<\/div>\n\t\t\t\t<div class=\"elementor-element elementor-element-660b7ce9 elementor-widget elementor-widget-text-editor\" data-id=\"660b7ce9\" data-element_type=\"widget\" data-e-type=\"widget\" data-widget_type=\"text-editor.default\">\n\t\t\t\t<div class=\"elementor-widget-container\">\n\t\t\t\t\t\t\t\t\t<p><span style=\"font-weight: 400;\">Llegar al mirador es m\u00e1s f\u00e1cil que encontrar un chiringuito en verano. Solo tendr\u00e1s que poner en el GPS: <\/span><b>Calle Benjam\u00edn Britten, Javea<\/b><span style=\"font-weight: 400;\"> y seguir la carretera del Cap de la Nau. Al pasar el desv\u00edo de la Cala de la Granadella, gira a la izquierda hacia la urbanizaci\u00f3n Balc\u00f3n del Mar.<\/span><\/p><p><span style=\"font-weight: 400;\">Al acabarse el asfalto, empieza un camino de grava de 200 metros, donde <\/span><b>podr\u00e1s aparcar el coche <\/b><span style=\"font-weight: 400;\">y emprender un peque\u00f1o paseo con tu familia, pero no te preocupes, no tienes que usar un todoterreno ni ser atleta ol\u00edmpico, incluso los m\u00e1s perezosos llegan solo por ver las vistas.<\/span><\/p>\t\t\t\t\t\t\t\t<\/div>\n\t\t\t\t<\/div>\n\t\t\t\t<div class=\"elementor-element elementor-element-8aa8d16 elementor-widget elementor-widget-google_maps\" data-id=\"8aa8d16\" data-element_type=\"widget\" data-e-type=\"widget\" data-widget_type=\"google_maps.default\">\n\t\t\t\t<div class=\"elementor-widget-container\">\n\t\t\t\t\t\t\t<div class=\"elementor-custom-embed\">\n\t\t\t<iframe loading=\"lazy\"\n\t\t\t\t\tsrc=\"https:\/\/maps.google.com\/maps?q=cap%20negre&#038;t=m&#038;z=11&#038;output=embed&#038;iwloc=near\"\n\t\t\t\t\ttitle=\"cap negre\"\n\t\t\t\t\taria-label=\"cap negre\"\n\t\t\t><\/iframe>\n\t\t<\/div>\n\t\t\t\t\t\t<\/div>\n\t\t\t\t<\/div>\n\t\t\t\t\t<\/div>\n\t\t\t\t<\/div>\n\t\t<div class=\"elementor-element elementor-element-114daa3b e-flex e-con-boxed e-con e-parent\" data-id=\"114daa3b\" data-element_type=\"container\" data-e-type=\"container\">\n\t\t\t\t\t<div class=\"e-con-inner\">\n\t\t\t\t<div class=\"elementor-element elementor-element-6a112e25 elementor-widget elementor-widget-heading\" data-id=\"6a112e25\" data-element_type=\"widget\" data-e-type=\"widget\" data-widget_type=\"heading.default\">\n\t\t\t\t<div class=\"elementor-widget-container\">\n\t\t\t\t\t<h2 class=\"elementor-heading-title elementor-size-default\">No dejes de recorrer todos estos senderos cercanos\n<\/h2>\t\t\t\t<\/div>\n\t\t\t\t<\/div>\n\t\t\t\t<div class=\"elementor-element elementor-element-5391dfe3 elementor-widget elementor-widget-text-editor\" data-id=\"5391dfe3\" data-element_type=\"widget\" data-e-type=\"widget\" data-widget_type=\"text-editor.default\">\n\t\t\t\t<div class=\"elementor-widget-container\">\n\t\t\t\t\t\t\t\t\t<p><span style=\"font-weight: 400;\">Tienes actividades disponibles para todos los p\u00fablicos, por lo que si eres de esos que no pueden estar quietos tambi\u00e9n tenemos un plan perfecto para ti. Desde el mirador salen sendas de pescadores que bajan hasta las <\/span><b>cuevas del Tabaco y de la Mina<\/b><span style=\"font-weight: 400;\">, por lo que si te animas a explotar recuerda llevar buen calzado y algo de agua.\u00a0<\/span><\/p><p><span style=\"font-weight: 400;\">Y si todav\u00eda no te ha resultado suficiente aventura, te encantar\u00e1 saber que la zona conecta con otras rutas como la del <\/span><b>Cap Prim<\/b><span style=\"font-weight: 400;\"> o la de la <\/span><b>Cala Portixol<\/b><span style=\"font-weight: 400;\">. Ya sea que de repente te conviertes en senderista profesional o simplemente quieres presumir en instagram. Te vas a encontrar con cientos de pinos, romero, lavanda y, si tienes suerte, puede que incluso alguna cabra montesa te salude desde lo alto.<\/span><\/p>\t\t\t\t\t\t\t\t<\/div>\n\t\t\t\t<\/div>\n\t\t\t\t<div class=\"elementor-element elementor-element-404eedb elementor-widget elementor-widget-image\" data-id=\"404eedb\" data-element_type=\"widget\" data-e-type=\"widget\" data-widget_type=\"image.default\">\n\t\t\t\t<div class=\"elementor-widget-container\">\n\t\t\t\t\t\t\t\t\t\t\t\t\t\t\t<img decoding=\"async\" src=\"https:\/\/www.ontravelholidayrentals.com\/blog\/wp-content\/uploads\/elementor\/thumbs\/cap-negre-r8qx6nbt1lu6w8ugg9j0zs5p2ut4c3ovv1qhheg09k.webp\" title=\"cap-negre\" alt=\"cap-negre\" loading=\"lazy\" \/>\t\t\t\t\t\t\t\t\t\t\t\t\t\t\t<\/div>\n\t\t\t\t<\/div>\n\t\t\t\t\t<\/div>\n\t\t\t\t<\/div>\n\t\t<div class=\"elementor-element elementor-element-397ff98 e-flex e-con-boxed e-con e-parent\" data-id=\"397ff98\" data-element_type=\"container\" data-e-type=\"container\">\n\t\t\t\t\t<div class=\"e-con-inner\">\n\t\t\t\t<div class=\"elementor-element elementor-element-aa92ac1 elementor-widget elementor-widget-heading\" data-id=\"aa92ac1\" data-element_type=\"widget\" data-e-type=\"widget\" data-widget_type=\"heading.default\">\n\t\t\t\t<div class=\"elementor-widget-container\">\n\t\t\t\t\t<h2 class=\"elementor-heading-title elementor-size-default\">\u00bfTe gustan las buenas vistas y la fotograf\u00eda? \u00a1Entonces esto te interesa!\n<\/h2>\t\t\t\t<\/div>\n\t\t\t\t<\/div>\n\t\t\t\t<div class=\"elementor-element elementor-element-82b66a2 elementor-widget elementor-widget-text-editor\" data-id=\"82b66a2\" data-element_type=\"widget\" data-e-type=\"widget\" data-widget_type=\"text-editor.default\">\n\t\t\t\t<div class=\"elementor-widget-container\">\n\t\t\t\t\t\t\t\t\t<p><span style=\"font-weight: 400;\">Las vistas son sin duda lo mejor de Cap Negre. Podr\u00e1s <\/span><b>observar toda la costa de J\u00e1vea<\/b><span style=\"font-weight: 400;\">, con el Montg\u00f3 al fondo, la bah\u00eda, el Cabo de San Antonio, Cap Prim, la isla del Portitxol y, si te giras, el Cabo de la Nao saludando desde el sur. Incluso si el d\u00eda est\u00e1 claro podr\u00e1s ver Ibiza al fondo.<\/span><\/p><p><span style=\"font-weight: 400;\">As\u00ed que, si te gusta la fotograf\u00eda, prepara tu c\u00e1mara porque no vas a dejar de querer cambiar de fondo de pantalla a cada vistazo (seg\u00fan cuentan salen unas <\/span><b>selfies dignas de recordar)<\/b><span style=\"font-weight: 400;\">. Un consejo para tener la mejor foto es esperar al momento del atardecer, o si eres de los m\u00e1s rom\u00e1nticos, vente por la noche para ver las estrellas fugaces.<\/span><\/p>\t\t\t\t\t\t\t\t<\/div>\n\t\t\t\t<\/div>\n\t\t\t\t\t<\/div>\n\t\t\t\t<\/div>\n\t\t<div class=\"elementor-element elementor-element-9bf1228 e-flex e-con-boxed e-con e-parent\" data-id=\"9bf1228\" data-element_type=\"container\" data-e-type=\"container\">\n\t\t\t\t\t<div class=\"e-con-inner\">\n\t\t\t\t<div class=\"elementor-element elementor-element-8360985 elementor-widget elementor-widget-heading\" data-id=\"8360985\" data-element_type=\"widget\" data-e-type=\"widget\" data-widget_type=\"heading.default\">\n\t\t\t\t<div class=\"elementor-widget-container\">\n\t\t\t\t\t<h2 class=\"elementor-heading-title elementor-size-default\">\u00bfCu\u00e1l es la mejor \u00e9poca del a\u00f1o para visitar Cap Negre?\n<\/h2>\t\t\t\t<\/div>\n\t\t\t\t<\/div>\n\t\t\t\t<div class=\"elementor-element elementor-element-8ba0c92 elementor-widget elementor-widget-text-editor\" data-id=\"8ba0c92\" data-element_type=\"widget\" data-e-type=\"widget\" data-widget_type=\"text-editor.default\">\n\t\t\t\t<div class=\"elementor-widget-container\">\n\t\t\t\t\t\t\t\t\t<p><span style=\"font-weight: 400;\">Lo bueno es que el clima mediterr\u00e1neo ayuda a que puedas visitar Cap Negre en casi cualquier \u00e9poca del a\u00f1o. Pero, si quieres disfrutarlo al m\u00e1ximo en verano, lo que s\u00ed te aconsejamos es ir a <\/span><b>primera hora de la ma\u00f1ana<\/b><span style=\"font-weight: 400;\">, ya que el sol no perdona.<\/span><\/p><p><span style=\"font-weight: 400;\">Aunque si buscas unas temperaturas m\u00e1s suaves, poca gente y poder moverte desde todos los \u00e1ngulos para encontrar la mejor foto sin prisas, la \u00e9poca ideal es <\/span><b>oto\u00f1o o primavera<\/b><span style=\"font-weight: 400;\">. Y todav\u00eda si buscas m\u00e1s tranquilidad, aire fresco, paz y silencio tambi\u00e9n puedes ir en invierno, (no te preocupes, las vistas son las mismas).<\/span><\/p>\t\t\t\t\t\t\t\t<\/div>\n\t\t\t\t<\/div>\n\t\t\t\t<div class=\"elementor-element elementor-element-8e3bcdd elementor-widget elementor-widget-image\" data-id=\"8e3bcdd\" data-element_type=\"widget\" data-e-type=\"widget\" data-widget_type=\"image.default\">\n\t\t\t\t<div class=\"elementor-widget-container\">\n\t\t\t\t\t\t\t\t\t\t\t\t\t\t\t<img fetchpriority=\"high\" decoding=\"async\" width=\"1360\" height=\"766\" src=\"https:\/\/www.ontravelholidayrentals.com\/blog\/wp-content\/uploads\/2025\/07\/mirador-cap-negre-javea.webp\" class=\"attachment-full size-full wp-image-971\" alt=\"mirador-cap-negre-javea\" srcset=\"https:\/\/www.ontravelholidayrentals.com\/blog\/wp-content\/uploads\/2025\/07\/mirador-cap-negre-javea.webp 1360w, https:\/\/www.ontravelholidayrentals.com\/blog\/wp-content\/uploads\/2025\/07\/mirador-cap-negre-javea-300x169.webp 300w, https:\/\/www.ontravelholidayrentals.com\/blog\/wp-content\/uploads\/2025\/07\/mirador-cap-negre-javea-1024x577.webp 1024w, https:\/\/www.ontravelholidayrentals.com\/blog\/wp-content\/uploads\/2025\/07\/mirador-cap-negre-javea-768x433.webp 768w\" sizes=\"(max-width: 1360px) 100vw, 1360px\" \/>\t\t\t\t\t\t\t\t\t\t\t\t\t\t\t<\/div>\n\t\t\t\t<\/div>\n\t\t\t\t\t<\/div>\n\t\t\t\t<\/div>\n\t\t<div class=\"elementor-element elementor-element-ec3cd17 e-flex e-con-boxed e-con e-parent\" data-id=\"ec3cd17\" data-element_type=\"container\" data-e-type=\"container\">\n\t\t\t\t\t<div class=\"e-con-inner\">\n\t\t\t\t<div class=\"elementor-element elementor-element-52a278d elementor-widget elementor-widget-heading\" data-id=\"52a278d\" data-element_type=\"widget\" data-e-type=\"widget\" data-widget_type=\"heading.default\">\n\t\t\t\t<div class=\"elementor-widget-container\">\n\t\t\t\t\t<h2 class=\"elementor-heading-title elementor-size-default\">Anota estas recomendaciones para tu visita \n<\/h2>\t\t\t\t<\/div>\n\t\t\t\t<\/div>\n\t\t\t\t<div class=\"elementor-element elementor-element-ecd7a2a elementor-widget elementor-widget-text-editor\" data-id=\"ecd7a2a\" data-element_type=\"widget\" data-e-type=\"widget\" data-widget_type=\"text-editor.default\">\n\t\t\t\t<div class=\"elementor-widget-container\">\n\t\t\t\t\t\t\t\t\t<p><span style=\"font-weight: 400;\">Todos queremos que nuestra visita sea un 10 de 10, o si nos ponemos perfeccionistas puede que lleguemos a un 11, as\u00ed que te damos<\/span><b> algunas recomendaciones para que tu vista cumpla todas tus expectativas<\/b><span style=\"font-weight: 400;\"> o incluso las supere.<\/span><\/p><p><span style=\"font-weight: 400;\">Es muy importante que lleves <\/span><b>agua y protecci\u00f3n solar<\/b><span style=\"font-weight: 400;\">. Pese a que el clima no es malo ni agobiante en absoluto, el sol te pegar\u00e1 de lleno, y no queremos ninguna insolaci\u00f3n ni un bronceado de parrilla que te dure hasta Navidad.<\/span><\/p><p><span style=\"font-weight: 400;\">Si quieres disfrutar de los senderos, lleva <\/span><b>calzado c\u00f3modo<\/b><span style=\"font-weight: 400;\">, nada de chanclas de playa u otro tipo de zapatilla que no te permita caminar, o peor, que te haga rozaduras. Adem\u00e1s, si vas con ni\u00f1os peque\u00f1os o con animales estate atento: el terreno es seguro, pero siempre es mejor prevenir que curar.<\/span><\/p><p><span style=\"font-weight: 400;\">Otro consejo para tener un nuevo fondo de pantalla cada d\u00eda del a\u00f1o es llevar la <\/span><b>c\u00e1mara o m\u00f3vil bien cargado<\/b><span style=\"font-weight: 400;\">, no querr\u00e1s quedarte sin bater\u00eda justo en la puesta de sol del cielo rosa, \u00bfno?<\/span><\/p><p><span style=\"font-weight: 400;\">Si te animas, puedes llevar algo de picar y hacer un picnic con vistas al mediterr\u00e1neo. Eso s\u00ed, <\/span><b>respeta la naturaleza<\/b><span style=\"font-weight: 400;\"> y no dejes basura, ni maltrates el medio ambiente de ning\u00fan modo.<\/span><\/p>\t\t\t\t\t\t\t\t<\/div>\n\t\t\t\t<\/div>\n\t\t\t\t\t<\/div>\n\t\t\t\t<\/div>\n\t\t<div class=\"elementor-element elementor-element-d95fca4 e-flex e-con-boxed e-con e-parent\" data-id=\"d95fca4\" data-element_type=\"container\" data-e-type=\"container\">\n\t\t\t\t\t<div class=\"e-con-inner\">\n\t\t\t\t<div class=\"elementor-element elementor-element-6246ad9 elementor-widget elementor-widget-heading\" data-id=\"6246ad9\" data-element_type=\"widget\" data-e-type=\"widget\" data-widget_type=\"heading.default\">\n\t\t\t\t<div class=\"elementor-widget-container\">\n\t\t\t\t\t<h2 class=\"elementor-heading-title elementor-size-default\">Visita el Mirador de Cap Negre con el mejor alojamiento \n<\/h2>\t\t\t\t<\/div>\n\t\t\t\t<\/div>\n\t\t\t\t<div class=\"elementor-element elementor-element-4d21b3e elementor-widget elementor-widget-text-editor\" data-id=\"4d21b3e\" data-element_type=\"widget\" data-e-type=\"widget\" data-widget_type=\"text-editor.default\">\n\t\t\t\t<div class=\"elementor-widget-container\">\n\t\t\t\t\t\t\t\t\t<p><span style=\"font-weight: 400;\">Si todav\u00eda no te ha quedado claro que el Mirador de Cap Negre es uno de los lugares que hay que visitar al menos una vez en la vida, no sabemos qu\u00e9 m\u00e1s podemos contarte. Es <\/span><b>ideal para todo tipo de planes<\/b><span style=\"font-weight: 400;\">, desde una escapada rom\u00e1ntica para ver las estrellas, una tarde para renovar tus historias destacadas de Instagram o simplemente sentarte y dejarte hipnotizar.<\/span><\/p><p><span style=\"font-weight: 400;\">Si todav\u00eda no tienes un apartamento reservado en Oliva, Moraira, J\u00e1vea, Benissa o Denia, \u00bfa qu\u00e9 est\u00e1s esperando?<\/span><b> Contacta con nosotros para reservar tu alojamiento<\/b><span style=\"font-weight: 400;\">, prepara la maleta, carga el m\u00f3vil y d\u00e9jate conquistar por uno de los rincones m\u00e1s m\u00e1gicos de la Costa Blanca.<\/span><\/p>\t\t\t\t\t\t\t\t<\/div>\n\t\t\t\t<\/div>\n\t\t\t\t\t<\/div>\n\t\t\t\t<\/div>\n\t\t<div class=\"elementor-element elementor-element-75226590 e-flex e-con-boxed e-con e-parent\" data-id=\"75226590\" data-element_type=\"container\" data-e-type=\"container\">\n\t\t\t\t\t<div class=\"e-con-inner\">\n\t\t\t\t<div class=\"elementor-element elementor-element-3f3d75b9 elementor-widget elementor-widget-grid\" data-id=\"3f3d75b9\" data-element_type=\"widget\" data-e-type=\"widget\" data-widget_type=\"grid.default\">\n\t\t\t\t<div class=\"elementor-widget-container\">\n\t\t\t\t\t\t\t<div class=\"its--row alojamientos-recomendados\">\n\n\t\t\t<div class=\"alojamientos-recomendados-container\">\n\n\t\t\t\t\t\n\t\t\t\t\t<a href=\"https:\/\/www.ontravelholidayrentals.com\/alquiler\/villa-oliva-villa-vermeer-51-460858.html\" rel=\"nofollow\" style=\"width: 23%;\">\n\t\t\t\t\t\t<div class=\"apartamento-box\">\n\t\t\t\t\t\t\t<div class=\"imagen_recomendados\">\n\t\t\t\t\t\t\t\t<img decoding=\"async\" src=\"https:\/\/crs.avantio.com\/fotos\/2\/1703084140d3f439d9b3375a13b4f0e50afb895aaa\/big1703332585741831091dd4ad756385090fb49199ea.jpg\" alt=\"Villa Colibri by ON Travel\">\n\t\t\t\t\t\t\t<\/div>\n\t\t\t\t\t\t\t<div class=\"info\">\n\t\t\t\t\t\t\t\t<div class=\"ubicacion\">\n\t\t\t\t\t\t\t\t\t<i class=\"fa-solid fa-location-dot icono-mapa\"><\/i><span class=\"ubicacion-texto\">Oliva - Valencia<\/span>\n\t\t\t\t\t\t\t\t<\/div>\n\t\t\t\t\t\t\t\t<H4 class=\"titulo-alojamiento\">\n\t\t\t\t\t\t\t\t\tVilla Colibri by ON Travel\t\t\t\t\t\t\t\t<\/H4>\n\t\t\t\t\t\t\t\t<p class=\"precio-alojamiento\">Desde <span class=\"precio\">328.00\u20ac<\/span> por noche<\/p>\n\t\t\t\t\t\t\t<\/div>\n\t\t\t\t\t\t<\/div>\n\t\t\t\t\t<\/a> \n\t\t\t\t\t\t\n\t\t\t\t\t<a href=\"https:\/\/www.ontravelholidayrentals.com\/alquiler\/villa-oliva-villa-vermeer-21-461268.html\" rel=\"nofollow\" style=\"width: 23%;\">\n\t\t\t\t\t\t<div class=\"apartamento-box\">\n\t\t\t\t\t\t\t<div class=\"imagen_recomendados\">\n\t\t\t\t\t\t\t\t<img decoding=\"async\" src=\"https:\/\/crs.avantio.com\/fotos\/2\/1703335589811fbc048cd27ef2e70871e03571a65f\/big17033356189dc73706c960d3ef8712f0c901543b8b.jpg\" alt=\"Villa Solana by ON Travel\">\n\t\t\t\t\t\t\t<\/div>\n\t\t\t\t\t\t\t<div class=\"info\">\n\t\t\t\t\t\t\t\t<div class=\"ubicacion\">\n\t\t\t\t\t\t\t\t\t<i class=\"fa-solid fa-location-dot icono-mapa\"><\/i><span class=\"ubicacion-texto\">Oliva - Valencia<\/span>\n\t\t\t\t\t\t\t\t<\/div>\n\t\t\t\t\t\t\t\t<H4 class=\"titulo-alojamiento\">\n\t\t\t\t\t\t\t\t\tVilla Solana by ON Travel\t\t\t\t\t\t\t\t<\/H4>\n\t\t\t\t\t\t\t\t<p class=\"precio-alojamiento\">Desde <span class=\"precio\">217.00\u20ac<\/span> por noche<\/p>\n\t\t\t\t\t\t\t<\/div>\n\t\t\t\t\t\t<\/div>\n\t\t\t\t\t<\/a> \n\t\t\t\t\t\t\n\t\t\t\t\t<a href=\"https:\/\/www.ontravelholidayrentals.com\/alquiler\/villa-oliva-villa-vermeer-25-461292.html\" rel=\"nofollow\" style=\"width: 23%;\">\n\t\t\t\t\t\t<div class=\"apartamento-box\">\n\t\t\t\t\t\t\t<div class=\"imagen_recomendados\">\n\t\t\t\t\t\t\t\t<img decoding=\"async\" src=\"https:\/\/crs.avantio.com\/fotos\/2\/1705335735591b101a10adf0c9165b293b19af3489\/big1705335762de9703dc1854540c9777fd4932b0499a.jpg\" alt=\"Greenside oasis villa by ON Travel\">\n\t\t\t\t\t\t\t<\/div>\n\t\t\t\t\t\t\t<div class=\"info\">\n\t\t\t\t\t\t\t\t<div class=\"ubicacion\">\n\t\t\t\t\t\t\t\t\t<i class=\"fa-solid fa-location-dot icono-mapa\"><\/i><span class=\"ubicacion-texto\">Oliva - Valencia<\/span>\n\t\t\t\t\t\t\t\t<\/div>\n\t\t\t\t\t\t\t\t<H4 class=\"titulo-alojamiento\">\n\t\t\t\t\t\t\t\t\tGreenside oasis villa by ON Travel\t\t\t\t\t\t\t\t<\/H4>\n\t\t\t\t\t\t\t\t<p class=\"precio-alojamiento\">Desde <span class=\"precio\">328.00\u20ac<\/span> por noche<\/p>\n\t\t\t\t\t\t\t<\/div>\n\t\t\t\t\t\t<\/div>\n\t\t\t\t\t<\/a> \n\t\t\t\t\t\t\n\t\t\t\t\t<a href=\"https:\/\/www.ontravelholidayrentals.com\/alquiler\/villa-oliva-villa-vermeer-43-461293.html\" rel=\"nofollow\" style=\"width: 23%;\">\n\t\t\t\t\t\t<div class=\"apartamento-box\">\n\t\t\t\t\t\t\t<div class=\"imagen_recomendados\">\n\t\t\t\t\t\t\t\t<img decoding=\"async\" src=\"https:\/\/crs.avantio.com\/fotos\/2\/17054241108ffb3352fb1b6efd3c6e1c3097debf40\/big170542451565ad5f2b0843b6346526f00ede7b3ef7.jpg\" alt=\"Villa Cisne by ON Travel\">\n\t\t\t\t\t\t\t<\/div>\n\t\t\t\t\t\t\t<div class=\"info\">\n\t\t\t\t\t\t\t\t<div class=\"ubicacion\">\n\t\t\t\t\t\t\t\t\t<i class=\"fa-solid fa-location-dot icono-mapa\"><\/i><span class=\"ubicacion-texto\">Oliva - Valencia<\/span>\n\t\t\t\t\t\t\t\t<\/div>\n\t\t\t\t\t\t\t\t<H4 class=\"titulo-alojamiento\">\n\t\t\t\t\t\t\t\t\tVilla Cisne by ON Travel\t\t\t\t\t\t\t\t<\/H4>\n\t\t\t\t\t\t\t\t<p class=\"precio-alojamiento\">Desde <span class=\"precio\">205.00\u20ac<\/span> por noche<\/p>\n\t\t\t\t\t\t\t<\/div>\n\t\t\t\t\t\t<\/div>\n\t\t\t\t\t<\/a> \n\t\t\t\t\t\t\t\t<\/div>\n\t\t\t<\/div>\n\t\t\t\t\t\t<\/div>\n\t\t\t\t<\/div>\n\t\t\t\t\t<\/div>\n\t\t\t\t<\/div>\n\t\t\t\t<\/div>\n\t\t","protected":false},"excerpt":{"rendered":"<p>Imagina esto: t\u00fa, tu pareja o un ser querido, o incluso toda tu familia, sentados en un gran mirador con unas vistas de pel\u00edcula. S\u00ed, hoy en d\u00eda no es la cosa m\u00e1s complicada del mundo, pero lo que no queremos es que te falten opciones para hacerlo ni que te dejes una de las [&hellip;]<\/p>\n","protected":false},"author":4,"featured_media":967,"comment_status":"open","ping_status":"open","sticky":false,"template":"elementor_header_footer","format":"standard","meta":{"footnotes":""},"categories":[20],"tags":[70],"class_list":["post-957","post","type-post","status-publish","format-standard","has-post-thumbnail","hentry","category-javea","tag-no-template"],"yoast_head":"<!-- This site is optimized with the Yoast SEO plugin v25.2 - https:\/\/yoast.com\/wordpress\/plugins\/seo\/ -->\n<title>Ven a visitar el Mirador de Cap Negre - Blog<\/title>\n<meta name=\"description\" content=\"Admira vistas espectaculares desde el Mirador de Cap Negre y d\u00e9jate sorprender por uno de los paisajes m\u00e1s imponentes del Mediterr\u00e1neo.\" \/>\n<meta name=\"robots\" content=\"index, follow, max-snippet:-1, max-image-preview:large, max-video-preview:-1\" \/>\n<link rel=\"canonical\" href=\"https:\/\/www.ontravelholidayrentals.com\/blog\/mirador-cap-negre\/\" \/>\n<meta property=\"og:locale\" content=\"es_ES\" \/>\n<meta property=\"og:type\" content=\"article\" \/>\n<meta property=\"og:title\" content=\"Ven a visitar el Mirador de Cap Negre - Blog\" \/>\n<meta property=\"og:description\" content=\"Admira vistas espectaculares desde el Mirador de Cap Negre y d\u00e9jate sorprender por uno de los paisajes m\u00e1s imponentes del Mediterr\u00e1neo.\" \/>\n<meta property=\"og:url\" content=\"https:\/\/www.ontravelholidayrentals.com\/blog\/mirador-cap-negre\/\" \/>\n<meta property=\"og:site_name\" content=\"Blog\" \/>\n<meta property=\"article:published_time\" content=\"2025-07-14T12:54:24+00:00\" \/>\n<meta property=\"article:modified_time\" content=\"2026-03-12T10:53:48+00:00\" \/>\n<meta property=\"og:image\" content=\"https:\/\/www.ontravelholidayrentals.com\/blog\/wp-content\/uploads\/2025\/07\/mirador-cap-negre.webp\" \/>\n\t<meta property=\"og:image:width\" content=\"1020\" \/>\n\t<meta property=\"og:image:height\" content=\"1020\" \/>\n\t<meta property=\"og:image:type\" content=\"image\/webp\" \/>\n<meta name=\"author\" content=\"Axel\" \/>\n<meta name=\"twitter:card\" content=\"summary_large_image\" \/>\n<meta name=\"twitter:label1\" content=\"Escrito por\" \/>\n\t<meta name=\"twitter:data1\" content=\"Axel\" \/>\n\t<meta name=\"twitter:label2\" content=\"Tiempo de lectura\" \/>\n\t<meta name=\"twitter:data2\" content=\"7 minutos\" \/>\n<script type=\"application\/ld+json\" class=\"yoast-schema-graph\">{\"@context\":\"https:\/\/schema.org\",\"@graph\":[{\"@type\":\"Article\",\"@id\":\"https:\/\/www.ontravelholidayrentals.com\/blog\/mirador-cap-negre\/#article\",\"isPartOf\":{\"@id\":\"https:\/\/www.ontravelholidayrentals.com\/blog\/mirador-cap-negre\/\"},\"author\":{\"name\":\"Axel\",\"@id\":\"https:\/\/www.ontravelholidayrentals.com\/blog\/#\/schema\/person\/907601cb91b08af60b0fec9e629a4883\"},\"headline\":\"\u00bfA\u00fan no conoces el Mirador de Cap Negre? \u00a1Te contamos por qu\u00e9 no te puedes perder esta visita!\",\"datePublished\":\"2025-07-14T12:54:24+00:00\",\"dateModified\":\"2026-03-12T10:53:48+00:00\",\"mainEntityOfPage\":{\"@id\":\"https:\/\/www.ontravelholidayrentals.com\/blog\/mirador-cap-negre\/\"},\"wordCount\":1098,\"commentCount\":0,\"publisher\":{\"@id\":\"https:\/\/www.ontravelholidayrentals.com\/blog\/#organization\"},\"image\":{\"@id\":\"https:\/\/www.ontravelholidayrentals.com\/blog\/mirador-cap-negre\/#primaryimage\"},\"thumbnailUrl\":\"https:\/\/www.ontravelholidayrentals.com\/blog\/wp-content\/uploads\/2025\/07\/mirador-cap-negre.webp\",\"keywords\":[\"no template\"],\"articleSection\":[\"J\u00e1vea\"],\"inLanguage\":\"es\",\"potentialAction\":[{\"@type\":\"CommentAction\",\"name\":\"Comment\",\"target\":[\"https:\/\/www.ontravelholidayrentals.com\/blog\/mirador-cap-negre\/#respond\"]}]},{\"@type\":\"WebPage\",\"@id\":\"https:\/\/www.ontravelholidayrentals.com\/blog\/mirador-cap-negre\/\",\"url\":\"https:\/\/www.ontravelholidayrentals.com\/blog\/mirador-cap-negre\/\",\"name\":\"Ven a visitar el Mirador de Cap Negre - Blog\",\"isPartOf\":{\"@id\":\"https:\/\/www.ontravelholidayrentals.com\/blog\/#website\"},\"primaryImageOfPage\":{\"@id\":\"https:\/\/www.ontravelholidayrentals.com\/blog\/mirador-cap-negre\/#primaryimage\"},\"image\":{\"@id\":\"https:\/\/www.ontravelholidayrentals.com\/blog\/mirador-cap-negre\/#primaryimage\"},\"thumbnailUrl\":\"https:\/\/www.ontravelholidayrentals.com\/blog\/wp-content\/uploads\/2025\/07\/mirador-cap-negre.webp\",\"datePublished\":\"2025-07-14T12:54:24+00:00\",\"dateModified\":\"2026-03-12T10:53:48+00:00\",\"description\":\"Admira vistas espectaculares desde el Mirador de Cap Negre y d\u00e9jate sorprender por uno de los paisajes m\u00e1s imponentes del Mediterr\u00e1neo.\",\"breadcrumb\":{\"@id\":\"https:\/\/www.ontravelholidayrentals.com\/blog\/mirador-cap-negre\/#breadcrumb\"},\"inLanguage\":\"es\",\"potentialAction\":[{\"@type\":\"ReadAction\",\"target\":[\"https:\/\/www.ontravelholidayrentals.com\/blog\/mirador-cap-negre\/\"]}]},{\"@type\":\"ImageObject\",\"inLanguage\":\"es\",\"@id\":\"https:\/\/www.ontravelholidayrentals.com\/blog\/mirador-cap-negre\/#primaryimage\",\"url\":\"https:\/\/www.ontravelholidayrentals.com\/blog\/wp-content\/uploads\/2025\/07\/mirador-cap-negre.webp\",\"contentUrl\":\"https:\/\/www.ontravelholidayrentals.com\/blog\/wp-content\/uploads\/2025\/07\/mirador-cap-negre.webp\",\"width\":1020,\"height\":1020,\"caption\":\"mirador-cap-negre\"},{\"@type\":\"BreadcrumbList\",\"@id\":\"https:\/\/www.ontravelholidayrentals.com\/blog\/mirador-cap-negre\/#breadcrumb\",\"itemListElement\":[{\"@type\":\"ListItem\",\"position\":1,\"name\":\"Portada\",\"item\":\"https:\/\/www.ontravelholidayrentals.com\/blog\/\"},{\"@type\":\"ListItem\",\"position\":2,\"name\":\"\u00bfA\u00fan no conoces el Mirador de Cap Negre? \u00a1Te contamos por qu\u00e9 no te puedes perder esta visita!\"}]},{\"@type\":\"WebSite\",\"@id\":\"https:\/\/www.ontravelholidayrentals.com\/blog\/#website\",\"url\":\"https:\/\/www.ontravelholidayrentals.com\/blog\/\",\"name\":\"Blog\",\"description\":\"Ontravelholidayrentals\",\"publisher\":{\"@id\":\"https:\/\/www.ontravelholidayrentals.com\/blog\/#organization\"},\"potentialAction\":[{\"@type\":\"SearchAction\",\"target\":{\"@type\":\"EntryPoint\",\"urlTemplate\":\"https:\/\/www.ontravelholidayrentals.com\/blog\/?s={search_term_string}\"},\"query-input\":{\"@type\":\"PropertyValueSpecification\",\"valueRequired\":true,\"valueName\":\"search_term_string\"}}],\"inLanguage\":\"es\"},{\"@type\":\"Organization\",\"@id\":\"https:\/\/www.ontravelholidayrentals.com\/blog\/#organization\",\"name\":\"Blog\",\"url\":\"https:\/\/www.ontravelholidayrentals.com\/blog\/\",\"logo\":{\"@type\":\"ImageObject\",\"inLanguage\":\"es\",\"@id\":\"https:\/\/www.ontravelholidayrentals.com\/blog\/#\/schema\/logo\/image\/\",\"url\":\"https:\/\/www.ontravelholidayrentals.com\/blog\/wp-content\/uploads\/2025\/02\/logo-oliva-nova.webp\",\"contentUrl\":\"https:\/\/www.ontravelholidayrentals.com\/blog\/wp-content\/uploads\/2025\/02\/logo-oliva-nova.webp\",\"width\":2454,\"height\":875,\"caption\":\"Blog\"},\"image\":{\"@id\":\"https:\/\/www.ontravelholidayrentals.com\/blog\/#\/schema\/logo\/image\/\"}},{\"@type\":\"Person\",\"@id\":\"https:\/\/www.ontravelholidayrentals.com\/blog\/#\/schema\/person\/907601cb91b08af60b0fec9e629a4883\",\"name\":\"Axel\",\"image\":{\"@type\":\"ImageObject\",\"inLanguage\":\"es\",\"@id\":\"https:\/\/www.ontravelholidayrentals.com\/blog\/#\/schema\/person\/image\/\",\"url\":\"https:\/\/secure.gravatar.com\/avatar\/3bd706736e5b70f21f05f6c2d5cad746767782a4ba4b7df399c5969e2a9318fd?s=96&d=mm&r=g\",\"contentUrl\":\"https:\/\/secure.gravatar.com\/avatar\/3bd706736e5b70f21f05f6c2d5cad746767782a4ba4b7df399c5969e2a9318fd?s=96&d=mm&r=g\",\"caption\":\"Axel\"},\"url\":\"https:\/\/www.ontravelholidayrentals.com\/blog\/author\/axel\/\"}]}<\/script>\n<!-- \/ Yoast SEO plugin. -->","yoast_head_json":{"title":"Ven a visitar el Mirador de Cap Negre - Blog","description":"Admira vistas espectaculares desde el Mirador de Cap Negre y d\u00e9jate sorprender por uno de los paisajes m\u00e1s imponentes del Mediterr\u00e1neo.","robots":{"index":"index","follow":"follow","max-snippet":"max-snippet:-1","max-image-preview":"max-image-preview:large","max-video-preview":"max-video-preview:-1"},"canonical":"https:\/\/www.ontravelholidayrentals.com\/blog\/mirador-cap-negre\/","og_locale":"es_ES","og_type":"article","og_title":"Ven a visitar el Mirador de Cap Negre - Blog","og_description":"Admira vistas espectaculares desde el Mirador de Cap Negre y d\u00e9jate sorprender por uno de los paisajes m\u00e1s imponentes del Mediterr\u00e1neo.","og_url":"https:\/\/www.ontravelholidayrentals.com\/blog\/mirador-cap-negre\/","og_site_name":"Blog","article_published_time":"2025-07-14T12:54:24+00:00","article_modified_time":"2026-03-12T10:53:48+00:00","og_image":[{"width":1020,"height":1020,"url":"https:\/\/www.ontravelholidayrentals.com\/blog\/wp-content\/uploads\/2025\/07\/mirador-cap-negre.webp","type":"image\/webp"}],"author":"Axel","twitter_card":"summary_large_image","twitter_misc":{"Escrito por":"Axel","Tiempo de lectura":"7 minutos"},"schema":{"@context":"https:\/\/schema.org","@graph":[{"@type":"Article","@id":"https:\/\/www.ontravelholidayrentals.com\/blog\/mirador-cap-negre\/#article","isPartOf":{"@id":"https:\/\/www.ontravelholidayrentals.com\/blog\/mirador-cap-negre\/"},"author":{"name":"Axel","@id":"https:\/\/www.ontravelholidayrentals.com\/blog\/#\/schema\/person\/907601cb91b08af60b0fec9e629a4883"},"headline":"\u00bfA\u00fan no conoces el Mirador de Cap Negre? \u00a1Te contamos por qu\u00e9 no te puedes perder esta visita!","datePublished":"2025-07-14T12:54:24+00:00","dateModified":"2026-03-12T10:53:48+00:00","mainEntityOfPage":{"@id":"https:\/\/www.ontravelholidayrentals.com\/blog\/mirador-cap-negre\/"},"wordCount":1098,"commentCount":0,"publisher":{"@id":"https:\/\/www.ontravelholidayrentals.com\/blog\/#organization"},"image":{"@id":"https:\/\/www.ontravelholidayrentals.com\/blog\/mirador-cap-negre\/#primaryimage"},"thumbnailUrl":"https:\/\/www.ontravelholidayrentals.com\/blog\/wp-content\/uploads\/2025\/07\/mirador-cap-negre.webp","keywords":["no template"],"articleSection":["J\u00e1vea"],"inLanguage":"es","potentialAction":[{"@type":"CommentAction","name":"Comment","target":["https:\/\/www.ontravelholidayrentals.com\/blog\/mirador-cap-negre\/#respond"]}]},{"@type":"WebPage","@id":"https:\/\/www.ontravelholidayrentals.com\/blog\/mirador-cap-negre\/","url":"https:\/\/www.ontravelholidayrentals.com\/blog\/mirador-cap-negre\/","name":"Ven a visitar el Mirador de Cap Negre - Blog","isPartOf":{"@id":"https:\/\/www.ontravelholidayrentals.com\/blog\/#website"},"primaryImageOfPage":{"@id":"https:\/\/www.ontravelholidayrentals.com\/blog\/mirador-cap-negre\/#primaryimage"},"image":{"@id":"https:\/\/www.ontravelholidayrentals.com\/blog\/mirador-cap-negre\/#primaryimage"},"thumbnailUrl":"https:\/\/www.ontravelholidayrentals.com\/blog\/wp-content\/uploads\/2025\/07\/mirador-cap-negre.webp","datePublished":"2025-07-14T12:54:24+00:00","dateModified":"2026-03-12T10:53:48+00:00","description":"Admira vistas espectaculares desde el Mirador de Cap Negre y d\u00e9jate sorprender por uno de los paisajes m\u00e1s imponentes del Mediterr\u00e1neo.","breadcrumb":{"@id":"https:\/\/www.ontravelholidayrentals.com\/blog\/mirador-cap-negre\/#breadcrumb"},"inLanguage":"es","potentialAction":[{"@type":"ReadAction","target":["https:\/\/www.ontravelholidayrentals.com\/blog\/mirador-cap-negre\/"]}]},{"@type":"ImageObject","inLanguage":"es","@id":"https:\/\/www.ontravelholidayrentals.com\/blog\/mirador-cap-negre\/#primaryimage","url":"https:\/\/www.ontravelholidayrentals.com\/blog\/wp-content\/uploads\/2025\/07\/mirador-cap-negre.webp","contentUrl":"https:\/\/www.ontravelholidayrentals.com\/blog\/wp-content\/uploads\/2025\/07\/mirador-cap-negre.webp","width":1020,"height":1020,"caption":"mirador-cap-negre"},{"@type":"BreadcrumbList","@id":"https:\/\/www.ontravelholidayrentals.com\/blog\/mirador-cap-negre\/#breadcrumb","itemListElement":[{"@type":"ListItem","position":1,"name":"Portada","item":"https:\/\/www.ontravelholidayrentals.com\/blog\/"},{"@type":"ListItem","position":2,"name":"\u00bfA\u00fan no conoces el Mirador de Cap Negre? \u00a1Te contamos por qu\u00e9 no te puedes perder esta visita!"}]},{"@type":"WebSite","@id":"https:\/\/www.ontravelholidayrentals.com\/blog\/#website","url":"https:\/\/www.ontravelholidayrentals.com\/blog\/","name":"Blog","description":"Ontravelholidayrentals","publisher":{"@id":"https:\/\/www.ontravelholidayrentals.com\/blog\/#organization"},"potentialAction":[{"@type":"SearchAction","target":{"@type":"EntryPoint","urlTemplate":"https:\/\/www.ontravelholidayrentals.com\/blog\/?s={search_term_string}"},"query-input":{"@type":"PropertyValueSpecification","valueRequired":true,"valueName":"search_term_string"}}],"inLanguage":"es"},{"@type":"Organization","@id":"https:\/\/www.ontravelholidayrentals.com\/blog\/#organization","name":"Blog","url":"https:\/\/www.ontravelholidayrentals.com\/blog\/","logo":{"@type":"ImageObject","inLanguage":"es","@id":"https:\/\/www.ontravelholidayrentals.com\/blog\/#\/schema\/logo\/image\/","url":"https:\/\/www.ontravelholidayrentals.com\/blog\/wp-content\/uploads\/2025\/02\/logo-oliva-nova.webp","contentUrl":"https:\/\/www.ontravelholidayrentals.com\/blog\/wp-content\/uploads\/2025\/02\/logo-oliva-nova.webp","width":2454,"height":875,"caption":"Blog"},"image":{"@id":"https:\/\/www.ontravelholidayrentals.com\/blog\/#\/schema\/logo\/image\/"}},{"@type":"Person","@id":"https:\/\/www.ontravelholidayrentals.com\/blog\/#\/schema\/person\/907601cb91b08af60b0fec9e629a4883","name":"Axel","image":{"@type":"ImageObject","inLanguage":"es","@id":"https:\/\/www.ontravelholidayrentals.com\/blog\/#\/schema\/person\/image\/","url":"https:\/\/secure.gravatar.com\/avatar\/3bd706736e5b70f21f05f6c2d5cad746767782a4ba4b7df399c5969e2a9318fd?s=96&d=mm&r=g","contentUrl":"https:\/\/secure.gravatar.com\/avatar\/3bd706736e5b70f21f05f6c2d5cad746767782a4ba4b7df399c5969e2a9318fd?s=96&d=mm&r=g","caption":"Axel"},"url":"https:\/\/www.ontravelholidayrentals.com\/blog\/author\/axel\/"}]}},"_links":{"self":[{"href":"https:\/\/www.ontravelholidayrentals.com\/blog\/wp-json\/wp\/v2\/posts\/957","targetHints":{"allow":["GET"]}}],"collection":[{"href":"https:\/\/www.ontravelholidayrentals.com\/blog\/wp-json\/wp\/v2\/posts"}],"about":[{"href":"https:\/\/www.ontravelholidayrentals.com\/blog\/wp-json\/wp\/v2\/types\/post"}],"author":[{"embeddable":true,"href":"https:\/\/www.ontravelholidayrentals.com\/blog\/wp-json\/wp\/v2\/users\/4"}],"replies":[{"embeddable":true,"href":"https:\/\/www.ontravelholidayrentals.com\/blog\/wp-json\/wp\/v2\/comments?post=957"}],"version-history":[{"count":8,"href":"https:\/\/www.ontravelholidayrentals.com\/blog\/wp-json\/wp\/v2\/posts\/957\/revisions"}],"predecessor-version":[{"id":978,"href":"https:\/\/www.ontravelholidayrentals.com\/blog\/wp-json\/wp\/v2\/posts\/957\/revisions\/978"}],"wp:featuredmedia":[{"embeddable":true,"href":"https:\/\/www.ontravelholidayrentals.com\/blog\/wp-json\/wp\/v2\/media\/967"}],"wp:attachment":[{"href":"https:\/\/www.ontravelholidayrentals.com\/blog\/wp-json\/wp\/v2\/media?parent=957"}],"wp:term":[{"taxonomy":"category","embeddable":true,"href":"https:\/\/www.ontravelholidayrentals.com\/blog\/wp-json\/wp\/v2\/categories?post=957"},{"taxonomy":"post_tag","embeddable":true,"href":"https:\/\/www.ontravelholidayrentals.com\/blog\/wp-json\/wp\/v2\/tags?post=957"}],"curies":[{"name":"wp","href":"https:\/\/api.w.org\/{rel}","templated":true}]}}