{"id":885,"date":"2025-06-13T11:19:57","date_gmt":"2025-06-13T11:19:57","guid":{"rendered":"https:\/\/www.ontravelholidayrentals.com\/blog\/?p=885"},"modified":"2026-03-12T10:53:48","modified_gmt":"2026-03-12T10:53:48","slug":"descubre-y-visita-las-mejores-calas-de-la-costa-blanca","status":"publish","type":"post","link":"https:\/\/www.ontravelholidayrentals.com\/blog\/descubre-y-visita-las-mejores-calas-de-la-costa-blanca\/","title":{"rendered":"Descubre y visita las mejores calas de la Costa Blanca"},"content":{"rendered":"\t\t<div data-elementor-type=\"wp-post\" data-elementor-id=\"885\" class=\"elementor elementor-885\" data-elementor-post-type=\"post\">\n\t\t\t\t<div class=\"elementor-element elementor-element-6a682e97 e-flex e-con-boxed e-con e-parent\" data-id=\"6a682e97\" data-element_type=\"container\" data-e-type=\"container\" data-settings=\"{&quot;background_background&quot;:&quot;classic&quot;}\">\n\t\t\t\t\t<div class=\"e-con-inner\">\n\t\t\t\t<div class=\"elementor-element elementor-element-46bed970 elementor-widget elementor-widget-heading\" data-id=\"46bed970\" data-element_type=\"widget\" data-e-type=\"widget\" data-widget_type=\"heading.default\">\n\t\t\t\t<div class=\"elementor-widget-container\">\n\t\t\t\t\t<h1 class=\"elementor-heading-title elementor-size-default\">T\u00edtulo<\/h1>\t\t\t\t<\/div>\n\t\t\t\t<\/div>\n\t\t\t\t\t<\/div>\n\t\t\t\t<\/div>\n\t\t<div class=\"elementor-element elementor-element-539a157d e-flex e-con-boxed e-con e-parent\" data-id=\"539a157d\" data-element_type=\"container\" data-e-type=\"container\">\n\t\t\t\t\t<div class=\"e-con-inner\">\n\t\t\t\t<div class=\"elementor-element elementor-element-485b2381 elementor-widget elementor-widget-text-editor\" data-id=\"485b2381\" data-element_type=\"widget\" data-e-type=\"widget\" data-widget_type=\"text-editor.default\">\n\t\t\t\t<div class=\"elementor-widget-container\">\n\t\t\t\t\t\t\t\t\t<p>\u00bfSabes esa sensaci\u00f3n cuando encuentras un lugar tan perfecto que no quieres cont\u00e1rselo a nadie? Pues estas de suerte, porque hoy vamos a romper esa regla contigo. <strong>La Costa Blanca guarda algunos de los secretos m\u00e1s hermosos del Mediterr\u00e1neo<\/strong>, y despu\u00e9s de explorar cada rinc\u00f3n de esta costa durante a\u00f1os, no podemos guardarnos todos estos tesoros para nosotros solos.<\/p><p>Lo cierto es que <strong>en la Costa Blanca hay de todo en lo que a calas se refiere<\/strong>. Algunas te agasajar\u00e1n con todo tipo de servicios y comodidades y otras te retar\u00e1n con senderos solo aptos para los m\u00e1s aventureros. Eso s\u00ed, todas te regalar\u00e1n momentos que querr\u00e1n quedarse contigo para siempre.<\/p><p>A continuaci\u00f3n, <strong>te contamos todo sobre las mejores calas de la Costa Blanca.<\/strong> \u00a1Vamos all\u00e1!<\/p>\t\t\t\t\t\t\t\t<\/div>\n\t\t\t\t<\/div>\n\t\t\t\t\t<\/div>\n\t\t\t\t<\/div>\n\t\t<div class=\"elementor-element elementor-element-670ad539 e-flex e-con-boxed e-con e-parent\" data-id=\"670ad539\" data-element_type=\"container\" data-e-type=\"container\">\n\t\t\t\t\t<div class=\"e-con-inner\">\n\t\t\t\t<div class=\"elementor-element elementor-element-6dbca7e2 elementor-widget elementor-widget-table-of-contents\" data-id=\"6dbca7e2\" data-element_type=\"widget\" data-e-type=\"widget\" data-settings=\"{&quot;headings_by_tags&quot;:[&quot;h2&quot;,&quot;h3&quot;],&quot;exclude_headings_by_selector&quot;:[],&quot;marker_view&quot;:&quot;bullets&quot;,&quot;icon&quot;:{&quot;value&quot;:&quot;&quot;,&quot;library&quot;:&quot;&quot;},&quot;no_headings_message&quot;:&quot;No headings were found on this page.&quot;,&quot;hierarchical_view&quot;:&quot;yes&quot;,&quot;min_height&quot;:{&quot;unit&quot;:&quot;px&quot;,&quot;size&quot;:&quot;&quot;,&quot;sizes&quot;:[]},&quot;min_height_tablet&quot;:{&quot;unit&quot;:&quot;px&quot;,&quot;size&quot;:&quot;&quot;,&quot;sizes&quot;:[]},&quot;min_height_mobile&quot;:{&quot;unit&quot;:&quot;px&quot;,&quot;size&quot;:&quot;&quot;,&quot;sizes&quot;:[]}}\" data-widget_type=\"table-of-contents.default\">\n\t\t\t\t<div class=\"elementor-widget-container\">\n\t\t\t\t\t\t\t\t\t<div class=\"elementor-toc__header\">\n\t\t\t\t\t\t<div class=\"elementor-toc__header-title\">\n\t\t\t\t\u00cdndice\t\t\t<\/div>\n\t\t\t\t\t\t\t\t<\/div>\n\t\t\t\t<div id=\"elementor-toc__6dbca7e2\" class=\"elementor-toc__body\">\n\t\t\t<div class=\"elementor-toc__spinner-container\">\n\t\t\t\t<svg class=\"elementor-toc__spinner eicon-animation-spin e-font-icon-svg e-eicon-loading\" aria-hidden=\"true\" viewBox=\"0 0 1000 1000\" xmlns=\"http:\/\/www.w3.org\/2000\/svg\"><path d=\"M500 975V858C696 858 858 696 858 500S696 142 500 142 142 304 142 500H25C25 237 238 25 500 25S975 237 975 500 763 975 500 975Z\"><\/path><\/svg>\t\t\t<\/div>\n\t\t<\/div>\n\t\t\t\t\t\t<\/div>\n\t\t\t\t<\/div>\n\t\t\t\t\t<\/div>\n\t\t\t\t<\/div>\n\t\t<div class=\"elementor-element elementor-element-6e9b7f26 e-flex e-con-boxed e-con e-parent\" data-id=\"6e9b7f26\" data-element_type=\"container\" data-e-type=\"container\">\n\t\t\t\t\t<div class=\"e-con-inner\">\n\t\t\t\t<div class=\"elementor-element elementor-element-6808a8fa elementor-widget elementor-widget-heading\" data-id=\"6808a8fa\" data-element_type=\"widget\" data-e-type=\"widget\" data-widget_type=\"heading.default\">\n\t\t\t\t<div class=\"elementor-widget-container\">\n\t\t\t\t\t<h2 class=\"elementor-heading-title elementor-size-default\">Estas son las calas m\u00e1s bonitas de la Costa Blanca<\/h2>\t\t\t\t<\/div>\n\t\t\t\t<\/div>\n\t\t\t\t<div class=\"elementor-element elementor-element-50b74acb elementor-widget elementor-widget-text-editor\" data-id=\"50b74acb\" data-element_type=\"widget\" data-e-type=\"widget\" data-widget_type=\"text-editor.default\">\n\t\t\t\t<div class=\"elementor-widget-container\">\n\t\t\t\t\t\t\t\t\t<p>Vamos al turr\u00f3n. La Costa Blanca <strong>recorre varios pueblos preciosos del levante<\/strong>, como pueden ser J\u00e1vea, Denia o Benissa, entre otros. Veamos las calas que protagonizan nuestro top de hoy:<\/p>\t\t\t\t\t\t\t\t<\/div>\n\t\t\t\t<\/div>\n\t\t\t\t\t<\/div>\n\t\t\t\t<\/div>\n\t\t<div class=\"elementor-element elementor-element-11e6ac52 e-flex e-con-boxed e-con e-parent\" data-id=\"11e6ac52\" data-element_type=\"container\" data-e-type=\"container\">\n\t\t\t\t\t<div class=\"e-con-inner\">\n\t\t\t\t<div class=\"elementor-element elementor-element-7b61a3ea elementor-widget elementor-widget-heading\" data-id=\"7b61a3ea\" data-element_type=\"widget\" data-e-type=\"widget\" data-widget_type=\"heading.default\">\n\t\t\t\t<div class=\"elementor-widget-container\">\n\t\t\t\t\t<h3 class=\"elementor-heading-title elementor-size-default\">Cala Granadella (J\u00e1vea)<\/h3>\t\t\t\t<\/div>\n\t\t\t\t<\/div>\n\t\t\t\t<div class=\"elementor-element elementor-element-78e517c1 elementor-widget elementor-widget-text-editor\" data-id=\"78e517c1\" data-element_type=\"widget\" data-e-type=\"widget\" data-widget_type=\"text-editor.default\">\n\t\t\t\t<div class=\"elementor-widget-container\">\n\t\t\t\t\t\t\t\t\t<p>Entre todas las calas que hemos visitado en la Costa Blanca, Cala Granadella se lleva el primer puesto sin discusi\u00f3n. <strong>Sus 160 metros de playa est\u00e1n enmarcados por pinos mediterr\u00e1neos que crean una postal perfecta<\/strong>, mientras que sus aguas turquesas te invitan a hacer snorkel y kayak durante todo el a\u00f1o.<\/p><p>Lo que m\u00e1s nos gusta de esta joya de J\u00e1vea es su versatilidad: es perfecta para familias que buscan un d\u00eda tranquilo, pero <strong>tambi\u00e9n ideal si te apetece hacer deportes acu\u00e1ticos<\/strong>. Eso s\u00ed, te recomendamos llegar temprano en verano, ya que el acceso est\u00e1 regulado para preservar su belleza natural.<\/p>\t\t\t\t\t\t\t\t<\/div>\n\t\t\t\t<\/div>\n\t\t\t\t<div class=\"elementor-element elementor-element-d979922 elementor-widget elementor-widget-image\" data-id=\"d979922\" data-element_type=\"widget\" data-e-type=\"widget\" data-widget_type=\"image.default\">\n\t\t\t\t<div class=\"elementor-widget-container\">\n\t\t\t\t\t\t\t\t\t\t\t\t\t\t\t<img fetchpriority=\"high\" decoding=\"async\" width=\"1253\" height=\"626\" src=\"https:\/\/www.ontravelholidayrentals.com\/blog\/wp-content\/uploads\/2025\/06\/Cala-Granadella.jpg\" class=\"attachment-full size-full wp-image-906\" alt=\"Cala-Granadella.jpg\" srcset=\"https:\/\/www.ontravelholidayrentals.com\/blog\/wp-content\/uploads\/2025\/06\/Cala-Granadella.jpg 1253w, https:\/\/www.ontravelholidayrentals.com\/blog\/wp-content\/uploads\/2025\/06\/Cala-Granadella-300x150.jpg 300w, https:\/\/www.ontravelholidayrentals.com\/blog\/wp-content\/uploads\/2025\/06\/Cala-Granadella-1024x512.jpg 1024w, https:\/\/www.ontravelholidayrentals.com\/blog\/wp-content\/uploads\/2025\/06\/Cala-Granadella-768x384.jpg 768w\" sizes=\"(max-width: 1253px) 100vw, 1253px\" \/>\t\t\t\t\t\t\t\t\t\t\t\t\t\t\t<\/div>\n\t\t\t\t<\/div>\n\t\t\t\t\t<\/div>\n\t\t\t\t<\/div>\n\t\t<div class=\"elementor-element elementor-element-992bdb0 e-flex e-con-boxed e-con e-parent\" data-id=\"992bdb0\" data-element_type=\"container\" data-e-type=\"container\">\n\t\t\t\t\t<div class=\"e-con-inner\">\n\t\t\t\t<div class=\"elementor-element elementor-element-8058266 elementor-widget elementor-widget-heading\" data-id=\"8058266\" data-element_type=\"widget\" data-e-type=\"widget\" data-widget_type=\"heading.default\">\n\t\t\t\t<div class=\"elementor-widget-container\">\n\t\t\t\t\t<h3 class=\"elementor-heading-title elementor-size-default\">Cala de Finestrat<\/h3>\t\t\t\t<\/div>\n\t\t\t\t<\/div>\n\t\t\t\t<div class=\"elementor-element elementor-element-6dc476e elementor-widget elementor-widget-text-editor\" data-id=\"6dc476e\" data-element_type=\"widget\" data-e-type=\"widget\" data-widget_type=\"text-editor.default\">\n\t\t\t\t<div class=\"elementor-widget-container\">\n\t\t\t\t\t\t\t\t\t<p>Si buscas <strong>el equilibrio perfecto entre belleza natural y actividad<\/strong>, siempre te recomendaremos la Cala de Finestrat. Esta bah\u00eda de arena fina y aguas cristalinas es un aut\u00e9ntico para\u00edso de los deportes de agua en la Costa Blanca, y atrae cada a\u00f1o tanto a principiantes como a expertos.<\/p><p>Nos encanta c\u00f3mo esta cala mezcla la tranquilidad mediterr\u00e1nea con la energ\u00eda de una playa llena de vida. <strong>El paddleboard y el kayak encuentran aqu\u00ed condiciones ideales,<\/strong> mientras que, si prefieres relajarte, puedes disfrutar de una de las arenas m\u00e1s finas de la zona.<\/p><p>La accesibilidad es excelente y <strong>cuenta con todos los servicios necesarios para que pases un d\u00eda 100% completo<\/strong>. Es uno de esos lugares donde cada miembro de la familia encuentra su rinc\u00f3n perfecto, desde los m\u00e1s aventureros hasta los que buscan descanso total.<\/p>\t\t\t\t\t\t\t\t<\/div>\n\t\t\t\t<\/div>\n\t\t\t\t<div class=\"elementor-element elementor-element-e18fcce elementor-widget elementor-widget-image\" data-id=\"e18fcce\" data-element_type=\"widget\" data-e-type=\"widget\" data-widget_type=\"image.default\">\n\t\t\t\t<div class=\"elementor-widget-container\">\n\t\t\t\t\t\t\t\t\t\t\t\t\t\t\t<img decoding=\"async\" width=\"1183\" height=\"591\" src=\"https:\/\/www.ontravelholidayrentals.com\/blog\/wp-content\/uploads\/2025\/06\/Cala-de-Finestrat.jpg\" class=\"attachment-full size-full wp-image-910\" alt=\"Cala-de-Finestrat.jpg\" srcset=\"https:\/\/www.ontravelholidayrentals.com\/blog\/wp-content\/uploads\/2025\/06\/Cala-de-Finestrat.jpg 1183w, https:\/\/www.ontravelholidayrentals.com\/blog\/wp-content\/uploads\/2025\/06\/Cala-de-Finestrat-300x150.jpg 300w, https:\/\/www.ontravelholidayrentals.com\/blog\/wp-content\/uploads\/2025\/06\/Cala-de-Finestrat-1024x512.jpg 1024w, https:\/\/www.ontravelholidayrentals.com\/blog\/wp-content\/uploads\/2025\/06\/Cala-de-Finestrat-768x384.jpg 768w\" sizes=\"(max-width: 1183px) 100vw, 1183px\" \/>\t\t\t\t\t\t\t\t\t\t\t\t\t\t\t<\/div>\n\t\t\t\t<\/div>\n\t\t\t\t\t<\/div>\n\t\t\t\t<\/div>\n\t\t<div class=\"elementor-element elementor-element-44654ee e-flex e-con-boxed e-con e-parent\" data-id=\"44654ee\" data-element_type=\"container\" data-e-type=\"container\">\n\t\t\t\t\t<div class=\"e-con-inner\">\n\t\t\t\t<div class=\"elementor-element elementor-element-8247113 elementor-widget elementor-widget-heading\" data-id=\"8247113\" data-element_type=\"widget\" data-e-type=\"widget\" data-widget_type=\"heading.default\">\n\t\t\t\t<div class=\"elementor-widget-container\">\n\t\t\t\t\t<h3 class=\"elementor-heading-title elementor-size-default\">Cala del Moraig (Benitatxell)<\/h3>\t\t\t\t<\/div>\n\t\t\t\t<\/div>\n\t\t\t\t<div class=\"elementor-element elementor-element-01372d8 elementor-widget elementor-widget-text-editor\" data-id=\"01372d8\" data-element_type=\"widget\" data-e-type=\"widget\" data-widget_type=\"text-editor.default\">\n\t\t\t\t<div class=\"elementor-widget-container\">\n\t\t\t\t\t\t\t\t\t<p>Cala del Moraig es nuestra recomendaci\u00f3n estrella <strong>si te apetece practicar algo de buceo y snorkel<\/strong>. Esta cala de grava con Bandera Azul est\u00e1 rodeada de acantilados impresionantes que crean un marco natural espectacular, mientras que sus fondos marinos albergan una biodiversidad que nos sorprende en cada visita.<\/p>\t\t\t\t\t\t\t\t<\/div>\n\t\t\t\t<\/div>\n\t\t\t\t<div class=\"elementor-element elementor-element-41ddbc7 elementor-widget elementor-widget-image\" data-id=\"41ddbc7\" data-element_type=\"widget\" data-e-type=\"widget\" data-widget_type=\"image.default\">\n\t\t\t\t<div class=\"elementor-widget-container\">\n\t\t\t\t\t\t\t\t\t\t\t\t\t\t\t<img decoding=\"async\" width=\"1200\" height=\"599\" src=\"https:\/\/www.ontravelholidayrentals.com\/blog\/wp-content\/uploads\/2025\/06\/Cuevas-arcos-cala-moraig.jpg\" class=\"attachment-full size-full wp-image-914\" alt=\"Cuevas-arcos-cala-moraig.jpg\" srcset=\"https:\/\/www.ontravelholidayrentals.com\/blog\/wp-content\/uploads\/2025\/06\/Cuevas-arcos-cala-moraig.jpg 1200w, https:\/\/www.ontravelholidayrentals.com\/blog\/wp-content\/uploads\/2025\/06\/Cuevas-arcos-cala-moraig-300x150.jpg 300w, https:\/\/www.ontravelholidayrentals.com\/blog\/wp-content\/uploads\/2025\/06\/Cuevas-arcos-cala-moraig-1024x511.jpg 1024w, https:\/\/www.ontravelholidayrentals.com\/blog\/wp-content\/uploads\/2025\/06\/Cuevas-arcos-cala-moraig-768x383.jpg 768w\" sizes=\"(max-width: 1200px) 100vw, 1200px\" \/>\t\t\t\t\t\t\t\t\t\t\t\t\t\t\t<\/div>\n\t\t\t\t<\/div>\n\t\t\t\t\t<\/div>\n\t\t\t\t<\/div>\n\t\t<div class=\"elementor-element elementor-element-4baed8e e-flex e-con-boxed e-con e-parent\" data-id=\"4baed8e\" data-element_type=\"container\" data-e-type=\"container\">\n\t\t\t\t\t<div class=\"e-con-inner\">\n\t\t\t\t<div class=\"elementor-element elementor-element-eb5f38a elementor-widget elementor-widget-heading\" data-id=\"eb5f38a\" data-element_type=\"widget\" data-e-type=\"widget\" data-widget_type=\"heading.default\">\n\t\t\t\t<div class=\"elementor-widget-container\">\n\t\t\t\t\t<h3 class=\"elementor-heading-title elementor-size-default\">Cala Ambolo (J\u00e1vea)<\/h3>\t\t\t\t<\/div>\n\t\t\t\t<\/div>\n\t\t\t\t<div class=\"elementor-element elementor-element-f6a26ca elementor-widget elementor-widget-text-editor\" data-id=\"f6a26ca\" data-element_type=\"widget\" data-e-type=\"widget\" data-widget_type=\"text-editor.default\">\n\t\t\t\t<div class=\"elementor-widget-container\">\n\t\t\t\t\t\t\t\t\t<p>Si est\u00e1 en tu itinerario una playa nudista, Cala Ambolo en J\u00e1vea es el destino indicado. Una cala virgen y <strong>una de las pocas playas nudistas de la Costa Blanca<\/strong>, famosa por sus aguas cristalinas y su entorno natural intacto.<\/p><p>Su acceso es limitado por seguridad, y <strong>actualmente se encuentra sin servicios<\/strong>. Uno de sus atractivos m\u00e1s conocidos es la torre de vigilancia del siglo XVI, que vigila la costa y recuerda su historia contra ataques piratas. Ideal para el snorkel y el buceo.<\/p>\t\t\t\t\t\t\t\t<\/div>\n\t\t\t\t<\/div>\n\t\t\t\t<div class=\"elementor-element elementor-element-f4a0166 elementor-widget elementor-widget-image\" data-id=\"f4a0166\" data-element_type=\"widget\" data-e-type=\"widget\" data-widget_type=\"image.default\">\n\t\t\t\t<div class=\"elementor-widget-container\">\n\t\t\t\t\t\t\t\t\t\t\t\t\t\t\t<img loading=\"lazy\" decoding=\"async\" width=\"1254\" height=\"627\" src=\"https:\/\/www.ontravelholidayrentals.com\/blog\/wp-content\/uploads\/2025\/06\/Cala-Ambolo.jpg\" class=\"attachment-full size-full wp-image-918\" alt=\"Cala-Ambolo.jpg\" srcset=\"https:\/\/www.ontravelholidayrentals.com\/blog\/wp-content\/uploads\/2025\/06\/Cala-Ambolo.jpg 1254w, https:\/\/www.ontravelholidayrentals.com\/blog\/wp-content\/uploads\/2025\/06\/Cala-Ambolo-300x150.jpg 300w, https:\/\/www.ontravelholidayrentals.com\/blog\/wp-content\/uploads\/2025\/06\/Cala-Ambolo-1024x512.jpg 1024w, https:\/\/www.ontravelholidayrentals.com\/blog\/wp-content\/uploads\/2025\/06\/Cala-Ambolo-768x384.jpg 768w\" sizes=\"(max-width: 1254px) 100vw, 1254px\" \/>\t\t\t\t\t\t\t\t\t\t\t\t\t\t\t<\/div>\n\t\t\t\t<\/div>\n\t\t\t\t\t<\/div>\n\t\t\t\t<\/div>\n\t\t<div class=\"elementor-element elementor-element-b67ff4d e-flex e-con-boxed e-con e-parent\" data-id=\"b67ff4d\" data-element_type=\"container\" data-e-type=\"container\">\n\t\t\t\t\t<div class=\"e-con-inner\">\n\t\t\t\t<div class=\"elementor-element elementor-element-4389c1b elementor-widget elementor-widget-heading\" data-id=\"4389c1b\" data-element_type=\"widget\" data-e-type=\"widget\" data-widget_type=\"heading.default\">\n\t\t\t\t<div class=\"elementor-widget-container\">\n\t\t\t\t\t<h3 class=\"elementor-heading-title elementor-size-default\">Cala El Charco (Denia)<\/h3>\t\t\t\t<\/div>\n\t\t\t\t<\/div>\n\t\t\t\t<div class=\"elementor-element elementor-element-b41b9a8 elementor-widget elementor-widget-text-editor\" data-id=\"b41b9a8\" data-element_type=\"widget\" data-e-type=\"widget\" data-widget_type=\"text-editor.default\">\n\t\t\t\t<div class=\"elementor-widget-container\">\n\t\t\t\t\t\t\t\t\t<p>Si tienes mascotas y no quieres dejarlos fuera de tus vacaciones, <strong>Cala El Charco es la playa ideal para ti y tu peludito. <\/strong><\/p><p>Su arena y aguas cristalinas dan sentido al lugar, aunque, como te decimos, su caracter\u00edstica m\u00e1s importante es que <strong>cuenta con una zona habilitada para perros<\/strong>. Esto la distingue de las dem\u00e1s y te brinda la comodidad que necesitas con tu mascota.<\/p>\t\t\t\t\t\t\t\t<\/div>\n\t\t\t\t<\/div>\n\t\t\t\t<div class=\"elementor-element elementor-element-ede04de elementor-widget elementor-widget-image\" data-id=\"ede04de\" data-element_type=\"widget\" data-e-type=\"widget\" data-widget_type=\"image.default\">\n\t\t\t\t<div class=\"elementor-widget-container\">\n\t\t\t\t\t\t\t\t\t\t\t\t\t\t\t<img loading=\"lazy\" decoding=\"async\" width=\"1499\" height=\"843\" src=\"https:\/\/www.ontravelholidayrentals.com\/blog\/wp-content\/uploads\/2025\/06\/Cala-El-Charco.jpg\" class=\"attachment-full size-full wp-image-922\" alt=\"Cala-El-Charco.jpg\" srcset=\"https:\/\/www.ontravelholidayrentals.com\/blog\/wp-content\/uploads\/2025\/06\/Cala-El-Charco.jpg 1499w, https:\/\/www.ontravelholidayrentals.com\/blog\/wp-content\/uploads\/2025\/06\/Cala-El-Charco-300x169.jpg 300w, https:\/\/www.ontravelholidayrentals.com\/blog\/wp-content\/uploads\/2025\/06\/Cala-El-Charco-1024x576.jpg 1024w, https:\/\/www.ontravelholidayrentals.com\/blog\/wp-content\/uploads\/2025\/06\/Cala-El-Charco-768x432.jpg 768w\" sizes=\"(max-width: 1499px) 100vw, 1499px\" \/>\t\t\t\t\t\t\t\t\t\t\t\t\t\t\t<\/div>\n\t\t\t\t<\/div>\n\t\t\t\t\t<\/div>\n\t\t\t\t<\/div>\n\t\t<div class=\"elementor-element elementor-element-e6f31d4 e-flex e-con-boxed e-con e-parent\" data-id=\"e6f31d4\" data-element_type=\"container\" data-e-type=\"container\">\n\t\t\t\t\t<div class=\"e-con-inner\">\n\t\t\t\t<div class=\"elementor-element elementor-element-f0a23c1 elementor-widget elementor-widget-heading\" data-id=\"f0a23c1\" data-element_type=\"widget\" data-e-type=\"widget\" data-widget_type=\"heading.default\">\n\t\t\t\t<div class=\"elementor-widget-container\">\n\t\t\t\t\t<h3 class=\"elementor-heading-title elementor-size-default\">Cala de la Barbera (Villajoyosa)<\/h3>\t\t\t\t<\/div>\n\t\t\t\t<\/div>\n\t\t\t\t<div class=\"elementor-element elementor-element-93ce450 elementor-widget elementor-widget-text-editor\" data-id=\"93ce450\" data-element_type=\"widget\" data-e-type=\"widget\" data-widget_type=\"text-editor.default\">\n\t\t\t\t<div class=\"elementor-widget-container\">\n\t\t\t\t\t\t\t\t\t<p>La Cala de la Barbera en Villajoyosa es <strong>un destino tur\u00edstico encantador que combina historia y naturaleza.<\/strong> Este punto se encuentra cerca de la Casa Museo La Barbera dels Aragon\u00e9s, un palacete del siglo XVI que muestra la tradici\u00f3n vin\u00edcola y la vida se\u00f1orial local.<\/p><p>La cala ofrece aguas limpias y un entorno tranquilo, <strong>perfecto para disfrutar del mar y el paisaje mediterr\u00e1neo<\/strong>, acompa\u00f1ada de senderos y espacios culturales cercanos.<\/p>\t\t\t\t\t\t\t\t<\/div>\n\t\t\t\t<\/div>\n\t\t\t\t<div class=\"elementor-element elementor-element-daf9768 elementor-widget elementor-widget-image\" data-id=\"daf9768\" data-element_type=\"widget\" data-e-type=\"widget\" data-widget_type=\"image.default\">\n\t\t\t\t<div class=\"elementor-widget-container\">\n\t\t\t\t\t\t\t\t\t\t\t\t\t\t\t<img loading=\"lazy\" decoding=\"async\" width=\"1166\" height=\"655\" src=\"https:\/\/www.ontravelholidayrentals.com\/blog\/wp-content\/uploads\/2025\/06\/Villajoyosa.jpg\" class=\"attachment-full size-full wp-image-926\" alt=\"Villajoyosa.jpg\" srcset=\"https:\/\/www.ontravelholidayrentals.com\/blog\/wp-content\/uploads\/2025\/06\/Villajoyosa.jpg 1166w, https:\/\/www.ontravelholidayrentals.com\/blog\/wp-content\/uploads\/2025\/06\/Villajoyosa-300x169.jpg 300w, https:\/\/www.ontravelholidayrentals.com\/blog\/wp-content\/uploads\/2025\/06\/Villajoyosa-1024x575.jpg 1024w, https:\/\/www.ontravelholidayrentals.com\/blog\/wp-content\/uploads\/2025\/06\/Villajoyosa-768x431.jpg 768w\" sizes=\"(max-width: 1166px) 100vw, 1166px\" \/>\t\t\t\t\t\t\t\t\t\t\t\t\t\t\t<\/div>\n\t\t\t\t<\/div>\n\t\t\t\t\t<\/div>\n\t\t\t\t<\/div>\n\t\t<div class=\"elementor-element elementor-element-ed5bdfd e-flex e-con-boxed e-con e-parent\" data-id=\"ed5bdfd\" data-element_type=\"container\" data-e-type=\"container\">\n\t\t\t\t\t<div class=\"e-con-inner\">\n\t\t\t\t<div class=\"elementor-element elementor-element-8c1b9ce elementor-widget elementor-widget-heading\" data-id=\"8c1b9ce\" data-element_type=\"widget\" data-e-type=\"widget\" data-widget_type=\"heading.default\">\n\t\t\t\t<div class=\"elementor-widget-container\">\n\t\t\t\t\t<h2 class=\"elementor-heading-title elementor-size-default\">Otras playas<\/h2>\t\t\t\t<\/div>\n\t\t\t\t<\/div>\n\t\t\t\t\t<\/div>\n\t\t\t\t<\/div>\n\t\t<div class=\"elementor-element elementor-element-6c18d0a e-flex e-con-boxed e-con e-parent\" data-id=\"6c18d0a\" data-element_type=\"container\" data-e-type=\"container\">\n\t\t\t\t\t<div class=\"e-con-inner\">\n\t\t<div class=\"elementor-element elementor-element-0fb84fd e-con-full e-flex e-con e-child\" data-id=\"0fb84fd\" data-element_type=\"container\" data-e-type=\"container\">\n\t\t\t\t<div class=\"elementor-element elementor-element-bb74d62 elementor-widget elementor-widget-heading\" data-id=\"bb74d62\" data-element_type=\"widget\" data-e-type=\"widget\" data-widget_type=\"heading.default\">\n\t\t\t\t<div class=\"elementor-widget-container\">\n\t\t\t\t\t<h3 class=\"elementor-heading-title elementor-size-default\">Cala La Llobella (Benissa)<\/h3>\t\t\t\t<\/div>\n\t\t\t\t<\/div>\n\t\t\t\t<div class=\"elementor-element elementor-element-58709ae elementor-widget elementor-widget-text-editor\" data-id=\"58709ae\" data-element_type=\"widget\" data-e-type=\"widget\" data-widget_type=\"text-editor.default\">\n\t\t\t\t<div class=\"elementor-widget-container\">\n\t\t\t\t\t\t\t\t\t<p>Para los m\u00e1s aventureros y amantes de la naturaleza, la Cala La Llobella, en Benissa, es un sitio salvaje y muy tranquilo, <strong>recomendable para quienes buscan un entorno poco transitado.<\/strong> Adem\u00e1s, su acceso limitado, rodeada de naturaleza y con fondos marinos, permite vivir una experiencia mucho m\u00e1s \u00edntima que la de otras calas de la zona.<\/p>\t\t\t\t\t\t\t\t<\/div>\n\t\t\t\t<\/div>\n\t\t\t\t<\/div>\n\t\t<div class=\"elementor-element elementor-element-07a7acc e-con-full e-flex e-con e-child\" data-id=\"07a7acc\" data-element_type=\"container\" data-e-type=\"container\">\n\t\t\t\t<div class=\"elementor-element elementor-element-b92882e elementor-widget elementor-widget-heading\" data-id=\"b92882e\" data-element_type=\"widget\" data-e-type=\"widget\" data-widget_type=\"heading.default\">\n\t\t\t\t<div class=\"elementor-widget-container\">\n\t\t\t\t\t<h3 class=\"elementor-heading-title elementor-size-default\">Cala de L'Ampolla (Moraira)<\/h3>\t\t\t\t<\/div>\n\t\t\t\t<\/div>\n\t\t\t\t<div class=\"elementor-element elementor-element-3d17698 elementor-widget elementor-widget-text-editor\" data-id=\"3d17698\" data-element_type=\"widget\" data-e-type=\"widget\" data-widget_type=\"text-editor.default\">\n\t\t\t\t<div class=\"elementor-widget-container\">\n\t\t\t\t\t\t\t\t\t<p>Cala de L&#8217;Ampolla representa el lujo accesible en la Costa Blanca. Esta playa urbanizada de Moraira combina la belleza natural mediterr\u00e1nea con todas las comodidades que <strong>hacen perfecto un d\u00eda de playa sin preocupaciones:<\/strong> socorristas, alquiler de hamacas, duchas y accesibilidad completa para personas con movilidad reducida.<\/p><p>Nos encanta recomendar esta cala <strong>para familias o grupos que buscan comodidad sin renunciar a la belleza<\/strong>. Su arena fina y aguas cristalinas crean el escenario perfecto, mientras que la presencia del hist\u00f3rico Castillo de Moraira a\u00f1ade un toque cultural al paisaje.<\/p>\t\t\t\t\t\t\t\t<\/div>\n\t\t\t\t<\/div>\n\t\t\t\t<\/div>\n\t\t<div class=\"elementor-element elementor-element-8160342 e-con-full e-flex e-con e-child\" data-id=\"8160342\" data-element_type=\"container\" data-e-type=\"container\">\n\t\t\t\t<div class=\"elementor-element elementor-element-f90671f elementor-widget elementor-widget-heading\" data-id=\"f90671f\" data-element_type=\"widget\" data-e-type=\"widget\" data-widget_type=\"heading.default\">\n\t\t\t\t<div class=\"elementor-widget-container\">\n\t\t\t\t\t<h3 class=\"elementor-heading-title elementor-size-default\">Cala Blanca (J\u00e1vea)<\/h3>\t\t\t\t<\/div>\n\t\t\t\t<\/div>\n\t\t\t\t<div class=\"elementor-element elementor-element-b999e59 elementor-widget elementor-widget-text-editor\" data-id=\"b999e59\" data-element_type=\"widget\" data-e-type=\"widget\" data-widget_type=\"text-editor.default\">\n\t\t\t\t<div class=\"elementor-widget-container\">\n\t\t\t\t\t\t\t\t\t<p>Cala Blanca es nuestro tesoro escondido en J\u00e1vea, <strong>una playa rocosa de grava y bolos que ha sabido mantener su car\u00e1cter aut\u00e9ntico mediterr\u00e1neo<\/strong>. Los impresionantes acantilados blancos que le dan nombre crean un contraste visual \u00fanico, mientras que su ambiente tranquilo y protegido la convierte en refugio ideal para familias y amantes del snorkel.<\/p>\t\t\t\t\t\t\t\t<\/div>\n\t\t\t\t<\/div>\n\t\t\t\t<\/div>\n\t\t\t\t\t<\/div>\n\t\t\t\t<\/div>\n\t\t<div class=\"elementor-element elementor-element-520f21c e-flex e-con-boxed e-con e-parent\" data-id=\"520f21c\" data-element_type=\"container\" data-e-type=\"container\">\n\t\t\t\t\t<div class=\"e-con-inner\">\n\t\t\t\t<div class=\"elementor-element elementor-element-df94491 elementor-widget elementor-widget-heading\" data-id=\"df94491\" data-element_type=\"widget\" data-e-type=\"widget\" data-widget_type=\"heading.default\">\n\t\t\t\t<div class=\"elementor-widget-container\">\n\t\t\t\t\t<h2 class=\"elementor-heading-title elementor-size-default\">Rel\u00e1jate en las calas de la Costa Blanca con el mejor alojamiento<\/h2>\t\t\t\t<\/div>\n\t\t\t\t<\/div>\n\t\t\t\t<div class=\"elementor-element elementor-element-7ad1e288 elementor-widget elementor-widget-text-editor\" data-id=\"7ad1e288\" data-element_type=\"widget\" data-e-type=\"widget\" data-widget_type=\"text-editor.default\">\n\t\t\t\t<div class=\"elementor-widget-container\">\n\t\t\t\t\t\t\t\t\t<p>Ahora que ya tienes una lista completa de todos esos sitios que puedes visitar en la Costa Blanca para <strong>darte un buen chapuz\u00f3n, practicar deportes acu\u00e1ticos o simplemente disfrutar del sol sin mayor pretensi\u00f3n<\/strong> ha llegado el momento de la verdad. Y es que, por mucho que planifiques tu viaje, quedar\u00e1 en nada sin un alojamiento en condiciones.<\/p><p>Por suerte, en On Travel podemos ayudarte con eso. <strong>Reserva con nosotros tu alojamiento en Oliva, Moraira, J\u00e1vea, Denia o Benissa<\/strong> y vive la mejor experiencia playera para tus vacaciones. \u00a1Date prisa que se acaban!<\/p>\t\t\t\t\t\t\t\t<\/div>\n\t\t\t\t<\/div>\n\t\t\t\t\t<\/div>\n\t\t\t\t<\/div>\n\t\t<div class=\"elementor-element elementor-element-48a5ecb8 e-flex e-con-boxed e-con e-parent\" data-id=\"48a5ecb8\" data-element_type=\"container\" data-e-type=\"container\">\n\t\t\t\t\t<div class=\"e-con-inner\">\n\t\t\t\t<div class=\"elementor-element elementor-element-99eec12 elementor-widget elementor-widget-grid\" data-id=\"99eec12\" data-element_type=\"widget\" data-e-type=\"widget\" data-widget_type=\"grid.default\">\n\t\t\t\t<div class=\"elementor-widget-container\">\n\t\t\t\t\t\t\t<div class=\"its--row alojamientos-recomendados\">\n\n\t\t\t<div class=\"alojamientos-recomendados-container\">\n\n\t\t\t\t\t\n\t\t\t\t\t<a href=\"https:\/\/www.ontravelholidayrentals.com\/alquiler\/villa-oliva-villa-vermeer-51-460858.html\" rel=\"nofollow\" style=\"width: 23%;\">\n\t\t\t\t\t\t<div class=\"apartamento-box\">\n\t\t\t\t\t\t\t<div class=\"imagen_recomendados\">\n\t\t\t\t\t\t\t\t<img decoding=\"async\" src=\"https:\/\/crs.avantio.com\/fotos\/2\/1703084140d3f439d9b3375a13b4f0e50afb895aaa\/big1703332585741831091dd4ad756385090fb49199ea.jpg\" alt=\"Villa Colibri by ON Travel\">\n\t\t\t\t\t\t\t<\/div>\n\t\t\t\t\t\t\t<div class=\"info\">\n\t\t\t\t\t\t\t\t<div class=\"ubicacion\">\n\t\t\t\t\t\t\t\t\t<i class=\"fa-solid fa-location-dot icono-mapa\"><\/i><span class=\"ubicacion-texto\">Oliva - Valencia<\/span>\n\t\t\t\t\t\t\t\t<\/div>\n\t\t\t\t\t\t\t\t<H3 class=\"titulo-alojamiento\">\n\t\t\t\t\t\t\t\t\tVilla Colibri by ON Travel\t\t\t\t\t\t\t\t<\/H3>\n\t\t\t\t\t\t\t\t<p class=\"precio-alojamiento\">Desde <span class=\"precio\">328.00\u20ac<\/span> por noche<\/p>\n\t\t\t\t\t\t\t<\/div>\n\t\t\t\t\t\t<\/div>\n\t\t\t\t\t<\/a> \n\t\t\t\t\t\t\n\t\t\t\t\t<a href=\"https:\/\/www.ontravelholidayrentals.com\/alquiler\/villa-oliva-villa-vermeer-21-461268.html\" rel=\"nofollow\" style=\"width: 23%;\">\n\t\t\t\t\t\t<div class=\"apartamento-box\">\n\t\t\t\t\t\t\t<div class=\"imagen_recomendados\">\n\t\t\t\t\t\t\t\t<img decoding=\"async\" src=\"https:\/\/crs.avantio.com\/fotos\/2\/1703335589811fbc048cd27ef2e70871e03571a65f\/big17033356189dc73706c960d3ef8712f0c901543b8b.jpg\" alt=\"Villa Solana by ON Travel\">\n\t\t\t\t\t\t\t<\/div>\n\t\t\t\t\t\t\t<div class=\"info\">\n\t\t\t\t\t\t\t\t<div class=\"ubicacion\">\n\t\t\t\t\t\t\t\t\t<i class=\"fa-solid fa-location-dot icono-mapa\"><\/i><span class=\"ubicacion-texto\">Oliva - Valencia<\/span>\n\t\t\t\t\t\t\t\t<\/div>\n\t\t\t\t\t\t\t\t<H3 class=\"titulo-alojamiento\">\n\t\t\t\t\t\t\t\t\tVilla Solana by ON Travel\t\t\t\t\t\t\t\t<\/H3>\n\t\t\t\t\t\t\t\t<p class=\"precio-alojamiento\">Desde <span class=\"precio\">217.00\u20ac<\/span> por noche<\/p>\n\t\t\t\t\t\t\t<\/div>\n\t\t\t\t\t\t<\/div>\n\t\t\t\t\t<\/a> \n\t\t\t\t\t\t\n\t\t\t\t\t<a href=\"https:\/\/www.ontravelholidayrentals.com\/alquiler\/villa-oliva-villa-vermeer-25-461292.html\" rel=\"nofollow\" style=\"width: 23%;\">\n\t\t\t\t\t\t<div class=\"apartamento-box\">\n\t\t\t\t\t\t\t<div class=\"imagen_recomendados\">\n\t\t\t\t\t\t\t\t<img decoding=\"async\" src=\"https:\/\/crs.avantio.com\/fotos\/2\/1705335735591b101a10adf0c9165b293b19af3489\/big1705335762de9703dc1854540c9777fd4932b0499a.jpg\" alt=\"Greenside oasis villa by ON Travel\">\n\t\t\t\t\t\t\t<\/div>\n\t\t\t\t\t\t\t<div class=\"info\">\n\t\t\t\t\t\t\t\t<div class=\"ubicacion\">\n\t\t\t\t\t\t\t\t\t<i class=\"fa-solid fa-location-dot icono-mapa\"><\/i><span class=\"ubicacion-texto\">Oliva - Valencia<\/span>\n\t\t\t\t\t\t\t\t<\/div>\n\t\t\t\t\t\t\t\t<H3 class=\"titulo-alojamiento\">\n\t\t\t\t\t\t\t\t\tGreenside oasis villa by ON Travel\t\t\t\t\t\t\t\t<\/H3>\n\t\t\t\t\t\t\t\t<p class=\"precio-alojamiento\">Desde <span class=\"precio\">328.00\u20ac<\/span> por noche<\/p>\n\t\t\t\t\t\t\t<\/div>\n\t\t\t\t\t\t<\/div>\n\t\t\t\t\t<\/a> \n\t\t\t\t\t\t\n\t\t\t\t\t<a href=\"https:\/\/www.ontravelholidayrentals.com\/alquiler\/villa-oliva-villa-vermeer-43-461293.html\" rel=\"nofollow\" style=\"width: 23%;\">\n\t\t\t\t\t\t<div class=\"apartamento-box\">\n\t\t\t\t\t\t\t<div class=\"imagen_recomendados\">\n\t\t\t\t\t\t\t\t<img decoding=\"async\" src=\"https:\/\/crs.avantio.com\/fotos\/2\/17054241108ffb3352fb1b6efd3c6e1c3097debf40\/big170542451565ad5f2b0843b6346526f00ede7b3ef7.jpg\" alt=\"Villa Cisne by ON Travel\">\n\t\t\t\t\t\t\t<\/div>\n\t\t\t\t\t\t\t<div class=\"info\">\n\t\t\t\t\t\t\t\t<div class=\"ubicacion\">\n\t\t\t\t\t\t\t\t\t<i class=\"fa-solid fa-location-dot icono-mapa\"><\/i><span class=\"ubicacion-texto\">Oliva - Valencia<\/span>\n\t\t\t\t\t\t\t\t<\/div>\n\t\t\t\t\t\t\t\t<H3 class=\"titulo-alojamiento\">\n\t\t\t\t\t\t\t\t\tVilla Cisne by ON Travel\t\t\t\t\t\t\t\t<\/H3>\n\t\t\t\t\t\t\t\t<p class=\"precio-alojamiento\">Desde <span class=\"precio\">205.00\u20ac<\/span> por noche<\/p>\n\t\t\t\t\t\t\t<\/div>\n\t\t\t\t\t\t<\/div>\n\t\t\t\t\t<\/a> \n\t\t\t\t\t\t\t\t<\/div>\n\t\t\t<\/div>\n\t\t\t\t\t\t<\/div>\n\t\t\t\t<\/div>\n\t\t\t\t\t<\/div>\n\t\t\t\t<\/div>\n\t\t\t\t<\/div>\n\t\t","protected":false},"excerpt":{"rendered":"<p>T\u00edtulo \u00bfSabes esa sensaci\u00f3n cuando encuentras un lugar tan perfecto que no quieres cont\u00e1rselo a nadie? Pues estas de suerte, porque hoy vamos a romper esa regla contigo. La Costa Blanca guarda algunos de los secretos m\u00e1s hermosos del Mediterr\u00e1neo, y despu\u00e9s de explorar cada rinc\u00f3n de esta costa durante a\u00f1os, no podemos guardarnos todos [&hellip;]<\/p>\n","protected":false},"author":4,"featured_media":922,"comment_status":"open","ping_status":"open","sticky":false,"template":"elementor_header_footer","format":"standard","meta":{"footnotes":""},"categories":[23],"tags":[70],"class_list":["post-885","post","type-post","status-publish","format-standard","has-post-thumbnail","hentry","category-costa-blanca","tag-no-template"],"yoast_head":"<!-- This site is optimized with the Yoast SEO plugin v25.2 - https:\/\/yoast.com\/wordpress\/plugins\/seo\/ -->\n<title>Descubre y visita las mejores calas de la Costa Blanca - Blog<\/title>\n<meta name=\"robots\" content=\"index, follow, max-snippet:-1, max-image-preview:large, max-video-preview:-1\" \/>\n<link rel=\"canonical\" href=\"https:\/\/www.ontravelholidayrentals.com\/blog\/descubre-y-visita-las-mejores-calas-de-la-costa-blanca\/\" \/>\n<meta property=\"og:locale\" content=\"es_ES\" \/>\n<meta property=\"og:type\" content=\"article\" \/>\n<meta property=\"og:title\" content=\"Descubre y visita las mejores calas de la Costa Blanca - Blog\" \/>\n<meta property=\"og:description\" content=\"T\u00edtulo \u00bfSabes esa sensaci\u00f3n cuando encuentras un lugar tan perfecto que no quieres cont\u00e1rselo a nadie? Pues estas de suerte, porque hoy vamos a romper esa regla contigo. La Costa Blanca guarda algunos de los secretos m\u00e1s hermosos del Mediterr\u00e1neo, y despu\u00e9s de explorar cada rinc\u00f3n de esta costa durante a\u00f1os, no podemos guardarnos todos [&hellip;]\" \/>\n<meta property=\"og:url\" content=\"https:\/\/www.ontravelholidayrentals.com\/blog\/descubre-y-visita-las-mejores-calas-de-la-costa-blanca\/\" \/>\n<meta property=\"og:site_name\" content=\"Blog\" \/>\n<meta property=\"article:published_time\" content=\"2025-06-13T11:19:57+00:00\" \/>\n<meta property=\"article:modified_time\" content=\"2026-03-12T10:53:48+00:00\" \/>\n<meta property=\"og:image\" content=\"https:\/\/www.ontravelholidayrentals.com\/blog\/wp-content\/uploads\/2025\/06\/Cala-El-Charco.jpg\" \/>\n\t<meta property=\"og:image:width\" content=\"1499\" \/>\n\t<meta property=\"og:image:height\" content=\"843\" \/>\n\t<meta property=\"og:image:type\" content=\"image\/jpeg\" \/>\n<meta name=\"author\" content=\"Axel\" \/>\n<meta name=\"twitter:card\" content=\"summary_large_image\" \/>\n<meta name=\"twitter:label1\" content=\"Escrito por\" \/>\n\t<meta name=\"twitter:data1\" content=\"Axel\" \/>\n\t<meta name=\"twitter:label2\" content=\"Tiempo de lectura\" \/>\n\t<meta name=\"twitter:data2\" content=\"8 minutos\" \/>\n<script type=\"application\/ld+json\" class=\"yoast-schema-graph\">{\"@context\":\"https:\/\/schema.org\",\"@graph\":[{\"@type\":\"Article\",\"@id\":\"https:\/\/www.ontravelholidayrentals.com\/blog\/descubre-y-visita-las-mejores-calas-de-la-costa-blanca\/#article\",\"isPartOf\":{\"@id\":\"https:\/\/www.ontravelholidayrentals.com\/blog\/descubre-y-visita-las-mejores-calas-de-la-costa-blanca\/\"},\"author\":{\"name\":\"Axel\",\"@id\":\"https:\/\/www.ontravelholidayrentals.com\/blog\/#\/schema\/person\/907601cb91b08af60b0fec9e629a4883\"},\"headline\":\"Descubre y visita las mejores calas de la Costa Blanca\",\"datePublished\":\"2025-06-13T11:19:57+00:00\",\"dateModified\":\"2026-03-12T10:53:48+00:00\",\"mainEntityOfPage\":{\"@id\":\"https:\/\/www.ontravelholidayrentals.com\/blog\/descubre-y-visita-las-mejores-calas-de-la-costa-blanca\/\"},\"wordCount\":1134,\"commentCount\":0,\"publisher\":{\"@id\":\"https:\/\/www.ontravelholidayrentals.com\/blog\/#organization\"},\"image\":{\"@id\":\"https:\/\/www.ontravelholidayrentals.com\/blog\/descubre-y-visita-las-mejores-calas-de-la-costa-blanca\/#primaryimage\"},\"thumbnailUrl\":\"https:\/\/www.ontravelholidayrentals.com\/blog\/wp-content\/uploads\/2025\/06\/Cala-El-Charco.jpg\",\"keywords\":[\"no template\"],\"articleSection\":[\"Costa Blanca\"],\"inLanguage\":\"es\",\"potentialAction\":[{\"@type\":\"CommentAction\",\"name\":\"Comment\",\"target\":[\"https:\/\/www.ontravelholidayrentals.com\/blog\/descubre-y-visita-las-mejores-calas-de-la-costa-blanca\/#respond\"]}]},{\"@type\":\"WebPage\",\"@id\":\"https:\/\/www.ontravelholidayrentals.com\/blog\/descubre-y-visita-las-mejores-calas-de-la-costa-blanca\/\",\"url\":\"https:\/\/www.ontravelholidayrentals.com\/blog\/descubre-y-visita-las-mejores-calas-de-la-costa-blanca\/\",\"name\":\"Descubre y visita las mejores calas de la Costa Blanca - Blog\",\"isPartOf\":{\"@id\":\"https:\/\/www.ontravelholidayrentals.com\/blog\/#website\"},\"primaryImageOfPage\":{\"@id\":\"https:\/\/www.ontravelholidayrentals.com\/blog\/descubre-y-visita-las-mejores-calas-de-la-costa-blanca\/#primaryimage\"},\"image\":{\"@id\":\"https:\/\/www.ontravelholidayrentals.com\/blog\/descubre-y-visita-las-mejores-calas-de-la-costa-blanca\/#primaryimage\"},\"thumbnailUrl\":\"https:\/\/www.ontravelholidayrentals.com\/blog\/wp-content\/uploads\/2025\/06\/Cala-El-Charco.jpg\",\"datePublished\":\"2025-06-13T11:19:57+00:00\",\"dateModified\":\"2026-03-12T10:53:48+00:00\",\"breadcrumb\":{\"@id\":\"https:\/\/www.ontravelholidayrentals.com\/blog\/descubre-y-visita-las-mejores-calas-de-la-costa-blanca\/#breadcrumb\"},\"inLanguage\":\"es\",\"potentialAction\":[{\"@type\":\"ReadAction\",\"target\":[\"https:\/\/www.ontravelholidayrentals.com\/blog\/descubre-y-visita-las-mejores-calas-de-la-costa-blanca\/\"]}]},{\"@type\":\"ImageObject\",\"inLanguage\":\"es\",\"@id\":\"https:\/\/www.ontravelholidayrentals.com\/blog\/descubre-y-visita-las-mejores-calas-de-la-costa-blanca\/#primaryimage\",\"url\":\"https:\/\/www.ontravelholidayrentals.com\/blog\/wp-content\/uploads\/2025\/06\/Cala-El-Charco.jpg\",\"contentUrl\":\"https:\/\/www.ontravelholidayrentals.com\/blog\/wp-content\/uploads\/2025\/06\/Cala-El-Charco.jpg\",\"width\":1499,\"height\":843,\"caption\":\"Photos of the beautiful Granadella Beach located in Javea, a good place for sightseeing.\"},{\"@type\":\"BreadcrumbList\",\"@id\":\"https:\/\/www.ontravelholidayrentals.com\/blog\/descubre-y-visita-las-mejores-calas-de-la-costa-blanca\/#breadcrumb\",\"itemListElement\":[{\"@type\":\"ListItem\",\"position\":1,\"name\":\"Portada\",\"item\":\"https:\/\/www.ontravelholidayrentals.com\/blog\/\"},{\"@type\":\"ListItem\",\"position\":2,\"name\":\"Descubre y visita las mejores calas de la Costa Blanca\"}]},{\"@type\":\"WebSite\",\"@id\":\"https:\/\/www.ontravelholidayrentals.com\/blog\/#website\",\"url\":\"https:\/\/www.ontravelholidayrentals.com\/blog\/\",\"name\":\"Blog\",\"description\":\"Ontravelholidayrentals\",\"publisher\":{\"@id\":\"https:\/\/www.ontravelholidayrentals.com\/blog\/#organization\"},\"potentialAction\":[{\"@type\":\"SearchAction\",\"target\":{\"@type\":\"EntryPoint\",\"urlTemplate\":\"https:\/\/www.ontravelholidayrentals.com\/blog\/?s={search_term_string}\"},\"query-input\":{\"@type\":\"PropertyValueSpecification\",\"valueRequired\":true,\"valueName\":\"search_term_string\"}}],\"inLanguage\":\"es\"},{\"@type\":\"Organization\",\"@id\":\"https:\/\/www.ontravelholidayrentals.com\/blog\/#organization\",\"name\":\"Blog\",\"url\":\"https:\/\/www.ontravelholidayrentals.com\/blog\/\",\"logo\":{\"@type\":\"ImageObject\",\"inLanguage\":\"es\",\"@id\":\"https:\/\/www.ontravelholidayrentals.com\/blog\/#\/schema\/logo\/image\/\",\"url\":\"https:\/\/www.ontravelholidayrentals.com\/blog\/wp-content\/uploads\/2025\/02\/logo-oliva-nova.webp\",\"contentUrl\":\"https:\/\/www.ontravelholidayrentals.com\/blog\/wp-content\/uploads\/2025\/02\/logo-oliva-nova.webp\",\"width\":2454,\"height\":875,\"caption\":\"Blog\"},\"image\":{\"@id\":\"https:\/\/www.ontravelholidayrentals.com\/blog\/#\/schema\/logo\/image\/\"}},{\"@type\":\"Person\",\"@id\":\"https:\/\/www.ontravelholidayrentals.com\/blog\/#\/schema\/person\/907601cb91b08af60b0fec9e629a4883\",\"name\":\"Axel\",\"image\":{\"@type\":\"ImageObject\",\"inLanguage\":\"es\",\"@id\":\"https:\/\/www.ontravelholidayrentals.com\/blog\/#\/schema\/person\/image\/\",\"url\":\"https:\/\/secure.gravatar.com\/avatar\/3bd706736e5b70f21f05f6c2d5cad746767782a4ba4b7df399c5969e2a9318fd?s=96&d=mm&r=g\",\"contentUrl\":\"https:\/\/secure.gravatar.com\/avatar\/3bd706736e5b70f21f05f6c2d5cad746767782a4ba4b7df399c5969e2a9318fd?s=96&d=mm&r=g\",\"caption\":\"Axel\"},\"url\":\"https:\/\/www.ontravelholidayrentals.com\/blog\/author\/axel\/\"}]}<\/script>\n<!-- \/ Yoast SEO plugin. -->","yoast_head_json":{"title":"Descubre y visita las mejores calas de la Costa Blanca - Blog","robots":{"index":"index","follow":"follow","max-snippet":"max-snippet:-1","max-image-preview":"max-image-preview:large","max-video-preview":"max-video-preview:-1"},"canonical":"https:\/\/www.ontravelholidayrentals.com\/blog\/descubre-y-visita-las-mejores-calas-de-la-costa-blanca\/","og_locale":"es_ES","og_type":"article","og_title":"Descubre y visita las mejores calas de la Costa Blanca - Blog","og_description":"T\u00edtulo \u00bfSabes esa sensaci\u00f3n cuando encuentras un lugar tan perfecto que no quieres cont\u00e1rselo a nadie? Pues estas de suerte, porque hoy vamos a romper esa regla contigo. La Costa Blanca guarda algunos de los secretos m\u00e1s hermosos del Mediterr\u00e1neo, y despu\u00e9s de explorar cada rinc\u00f3n de esta costa durante a\u00f1os, no podemos guardarnos todos [&hellip;]","og_url":"https:\/\/www.ontravelholidayrentals.com\/blog\/descubre-y-visita-las-mejores-calas-de-la-costa-blanca\/","og_site_name":"Blog","article_published_time":"2025-06-13T11:19:57+00:00","article_modified_time":"2026-03-12T10:53:48+00:00","og_image":[{"width":1499,"height":843,"url":"https:\/\/www.ontravelholidayrentals.com\/blog\/wp-content\/uploads\/2025\/06\/Cala-El-Charco.jpg","type":"image\/jpeg"}],"author":"Axel","twitter_card":"summary_large_image","twitter_misc":{"Escrito por":"Axel","Tiempo de lectura":"8 minutos"},"schema":{"@context":"https:\/\/schema.org","@graph":[{"@type":"Article","@id":"https:\/\/www.ontravelholidayrentals.com\/blog\/descubre-y-visita-las-mejores-calas-de-la-costa-blanca\/#article","isPartOf":{"@id":"https:\/\/www.ontravelholidayrentals.com\/blog\/descubre-y-visita-las-mejores-calas-de-la-costa-blanca\/"},"author":{"name":"Axel","@id":"https:\/\/www.ontravelholidayrentals.com\/blog\/#\/schema\/person\/907601cb91b08af60b0fec9e629a4883"},"headline":"Descubre y visita las mejores calas de la Costa Blanca","datePublished":"2025-06-13T11:19:57+00:00","dateModified":"2026-03-12T10:53:48+00:00","mainEntityOfPage":{"@id":"https:\/\/www.ontravelholidayrentals.com\/blog\/descubre-y-visita-las-mejores-calas-de-la-costa-blanca\/"},"wordCount":1134,"commentCount":0,"publisher":{"@id":"https:\/\/www.ontravelholidayrentals.com\/blog\/#organization"},"image":{"@id":"https:\/\/www.ontravelholidayrentals.com\/blog\/descubre-y-visita-las-mejores-calas-de-la-costa-blanca\/#primaryimage"},"thumbnailUrl":"https:\/\/www.ontravelholidayrentals.com\/blog\/wp-content\/uploads\/2025\/06\/Cala-El-Charco.jpg","keywords":["no template"],"articleSection":["Costa Blanca"],"inLanguage":"es","potentialAction":[{"@type":"CommentAction","name":"Comment","target":["https:\/\/www.ontravelholidayrentals.com\/blog\/descubre-y-visita-las-mejores-calas-de-la-costa-blanca\/#respond"]}]},{"@type":"WebPage","@id":"https:\/\/www.ontravelholidayrentals.com\/blog\/descubre-y-visita-las-mejores-calas-de-la-costa-blanca\/","url":"https:\/\/www.ontravelholidayrentals.com\/blog\/descubre-y-visita-las-mejores-calas-de-la-costa-blanca\/","name":"Descubre y visita las mejores calas de la Costa Blanca - Blog","isPartOf":{"@id":"https:\/\/www.ontravelholidayrentals.com\/blog\/#website"},"primaryImageOfPage":{"@id":"https:\/\/www.ontravelholidayrentals.com\/blog\/descubre-y-visita-las-mejores-calas-de-la-costa-blanca\/#primaryimage"},"image":{"@id":"https:\/\/www.ontravelholidayrentals.com\/blog\/descubre-y-visita-las-mejores-calas-de-la-costa-blanca\/#primaryimage"},"thumbnailUrl":"https:\/\/www.ontravelholidayrentals.com\/blog\/wp-content\/uploads\/2025\/06\/Cala-El-Charco.jpg","datePublished":"2025-06-13T11:19:57+00:00","dateModified":"2026-03-12T10:53:48+00:00","breadcrumb":{"@id":"https:\/\/www.ontravelholidayrentals.com\/blog\/descubre-y-visita-las-mejores-calas-de-la-costa-blanca\/#breadcrumb"},"inLanguage":"es","potentialAction":[{"@type":"ReadAction","target":["https:\/\/www.ontravelholidayrentals.com\/blog\/descubre-y-visita-las-mejores-calas-de-la-costa-blanca\/"]}]},{"@type":"ImageObject","inLanguage":"es","@id":"https:\/\/www.ontravelholidayrentals.com\/blog\/descubre-y-visita-las-mejores-calas-de-la-costa-blanca\/#primaryimage","url":"https:\/\/www.ontravelholidayrentals.com\/blog\/wp-content\/uploads\/2025\/06\/Cala-El-Charco.jpg","contentUrl":"https:\/\/www.ontravelholidayrentals.com\/blog\/wp-content\/uploads\/2025\/06\/Cala-El-Charco.jpg","width":1499,"height":843,"caption":"Photos of the beautiful Granadella Beach located in Javea, a good place for sightseeing."},{"@type":"BreadcrumbList","@id":"https:\/\/www.ontravelholidayrentals.com\/blog\/descubre-y-visita-las-mejores-calas-de-la-costa-blanca\/#breadcrumb","itemListElement":[{"@type":"ListItem","position":1,"name":"Portada","item":"https:\/\/www.ontravelholidayrentals.com\/blog\/"},{"@type":"ListItem","position":2,"name":"Descubre y visita las mejores calas de la Costa Blanca"}]},{"@type":"WebSite","@id":"https:\/\/www.ontravelholidayrentals.com\/blog\/#website","url":"https:\/\/www.ontravelholidayrentals.com\/blog\/","name":"Blog","description":"Ontravelholidayrentals","publisher":{"@id":"https:\/\/www.ontravelholidayrentals.com\/blog\/#organization"},"potentialAction":[{"@type":"SearchAction","target":{"@type":"EntryPoint","urlTemplate":"https:\/\/www.ontravelholidayrentals.com\/blog\/?s={search_term_string}"},"query-input":{"@type":"PropertyValueSpecification","valueRequired":true,"valueName":"search_term_string"}}],"inLanguage":"es"},{"@type":"Organization","@id":"https:\/\/www.ontravelholidayrentals.com\/blog\/#organization","name":"Blog","url":"https:\/\/www.ontravelholidayrentals.com\/blog\/","logo":{"@type":"ImageObject","inLanguage":"es","@id":"https:\/\/www.ontravelholidayrentals.com\/blog\/#\/schema\/logo\/image\/","url":"https:\/\/www.ontravelholidayrentals.com\/blog\/wp-content\/uploads\/2025\/02\/logo-oliva-nova.webp","contentUrl":"https:\/\/www.ontravelholidayrentals.com\/blog\/wp-content\/uploads\/2025\/02\/logo-oliva-nova.webp","width":2454,"height":875,"caption":"Blog"},"image":{"@id":"https:\/\/www.ontravelholidayrentals.com\/blog\/#\/schema\/logo\/image\/"}},{"@type":"Person","@id":"https:\/\/www.ontravelholidayrentals.com\/blog\/#\/schema\/person\/907601cb91b08af60b0fec9e629a4883","name":"Axel","image":{"@type":"ImageObject","inLanguage":"es","@id":"https:\/\/www.ontravelholidayrentals.com\/blog\/#\/schema\/person\/image\/","url":"https:\/\/secure.gravatar.com\/avatar\/3bd706736e5b70f21f05f6c2d5cad746767782a4ba4b7df399c5969e2a9318fd?s=96&d=mm&r=g","contentUrl":"https:\/\/secure.gravatar.com\/avatar\/3bd706736e5b70f21f05f6c2d5cad746767782a4ba4b7df399c5969e2a9318fd?s=96&d=mm&r=g","caption":"Axel"},"url":"https:\/\/www.ontravelholidayrentals.com\/blog\/author\/axel\/"}]}},"_links":{"self":[{"href":"https:\/\/www.ontravelholidayrentals.com\/blog\/wp-json\/wp\/v2\/posts\/885","targetHints":{"allow":["GET"]}}],"collection":[{"href":"https:\/\/www.ontravelholidayrentals.com\/blog\/wp-json\/wp\/v2\/posts"}],"about":[{"href":"https:\/\/www.ontravelholidayrentals.com\/blog\/wp-json\/wp\/v2\/types\/post"}],"author":[{"embeddable":true,"href":"https:\/\/www.ontravelholidayrentals.com\/blog\/wp-json\/wp\/v2\/users\/4"}],"replies":[{"embeddable":true,"href":"https:\/\/www.ontravelholidayrentals.com\/blog\/wp-json\/wp\/v2\/comments?post=885"}],"version-history":[{"count":10,"href":"https:\/\/www.ontravelholidayrentals.com\/blog\/wp-json\/wp\/v2\/posts\/885\/revisions"}],"predecessor-version":[{"id":935,"href":"https:\/\/www.ontravelholidayrentals.com\/blog\/wp-json\/wp\/v2\/posts\/885\/revisions\/935"}],"wp:featuredmedia":[{"embeddable":true,"href":"https:\/\/www.ontravelholidayrentals.com\/blog\/wp-json\/wp\/v2\/media\/922"}],"wp:attachment":[{"href":"https:\/\/www.ontravelholidayrentals.com\/blog\/wp-json\/wp\/v2\/media?parent=885"}],"wp:term":[{"taxonomy":"category","embeddable":true,"href":"https:\/\/www.ontravelholidayrentals.com\/blog\/wp-json\/wp\/v2\/categories?post=885"},{"taxonomy":"post_tag","embeddable":true,"href":"https:\/\/www.ontravelholidayrentals.com\/blog\/wp-json\/wp\/v2\/tags?post=885"}],"curies":[{"name":"wp","href":"https:\/\/api.w.org\/{rel}","templated":true}]}}