{"id":880,"date":"2025-06-13T10:49:09","date_gmt":"2025-06-13T10:49:09","guid":{"rendered":"https:\/\/www.ontravelholidayrentals.com\/blog\/?p=880"},"modified":"2026-03-12T10:53:48","modified_gmt":"2026-03-12T10:53:48","slug":"castillo-de-forna","status":"publish","type":"post","link":"https:\/\/www.ontravelholidayrentals.com\/blog\/castillo-de-forna\/","title":{"rendered":"\u00bfQuieres visitar un gran castillo? Ven al Castillo de Forna en Alicante"},"content":{"rendered":"\t\t<div data-elementor-type=\"wp-post\" data-elementor-id=\"880\" class=\"elementor elementor-880\" data-elementor-post-type=\"post\">\n\t\t\t\t<div class=\"elementor-element elementor-element-74395d48 e-flex e-con-boxed e-con e-parent\" data-id=\"74395d48\" data-element_type=\"container\" data-e-type=\"container\" data-settings=\"{&quot;background_background&quot;:&quot;classic&quot;}\">\n\t\t\t\t\t<div class=\"e-con-inner\">\n\t\t\t\t<div class=\"elementor-element elementor-element-3acad776 elementor-widget elementor-widget-heading\" data-id=\"3acad776\" data-element_type=\"widget\" data-e-type=\"widget\" data-widget_type=\"heading.default\">\n\t\t\t\t<div class=\"elementor-widget-container\">\n\t\t\t\t\t<h1 class=\"elementor-heading-title elementor-size-default\">T\u00edtulo<\/h1>\t\t\t\t<\/div>\n\t\t\t\t<\/div>\n\t\t\t\t\t<\/div>\n\t\t\t\t<\/div>\n\t\t<div class=\"elementor-element elementor-element-486bc794 e-flex e-con-boxed e-con e-parent\" data-id=\"486bc794\" data-element_type=\"container\" data-e-type=\"container\">\n\t\t\t\t\t<div class=\"e-con-inner\">\n\t\t\t\t<div class=\"elementor-element elementor-element-7c2cb739 elementor-widget elementor-widget-text-editor\" data-id=\"7c2cb739\" data-element_type=\"widget\" data-e-type=\"widget\" data-widget_type=\"text-editor.default\">\n\t\t\t\t<div class=\"elementor-widget-container\">\n\t\t\t\t\t\t\t\t\t<p>Igual a estas alturas ya est\u00e1s hasta las narices de tanto selfie en playas masificadas y te apetece algo un poquito diferente. Que s\u00ed, que un chapuz\u00f3n veraniego no te lo quita nadie, pero <strong>existen otras alternativas s\u00faper interesantes<\/strong>, sobre todo en Alicante.<\/p><p>Estamos hablando, ni m\u00e1s ni menos, que del Castillo de Forna. Es verdad que aqu\u00ed no encontrar\u00e1s cobertura para el wifi, pero en vez de eso, <strong>conectar\u00e1s tu alma con los m\u00e1s de 800 a\u00f1os de historia que contemplan a esta fortificaci\u00f3n.<\/strong><\/p><p>Imag\u00ednate esto: <strong>una fortaleza medieval que parece sacada de Game of Thrones<\/strong>, encaramada en lo alto de un promontorio como si fuera el escenario perfecto para tu pr\u00f3xima publicaci\u00f3n de instagram.<\/p><p>\u00bfLo mejor? Solo necesitas 20 minutos de subida (ideal para quemar la paellita de anoche) y llegar\u00e1s a un mirador que har\u00e1 que tus familiares se mueran de envidia cuando les ense\u00f1es las fotos del viaje. \u201cGrafitis\u201d medievales que son arte puro, torres que desaf\u00edan la gravedad y <strong>un pueblo de ensue\u00f1o con menos de 100 habitantes es lo que te espera en Forna.<\/strong><\/p><p>En On Travel, <strong>queremos ayudarte a descubrir todo sobre esta fant\u00e1stica visita cultural<\/strong>. De modo que eso es lo que te espera a continuaci\u00f3n: un repaso por la historia del Castillo, c\u00f3mo llegar a \u00e9l y algunos planes para hacer cerca de aqu\u00ed. \u00a1Ap\u00fantalo todo bien!<\/p>\t\t\t\t\t\t\t\t<\/div>\n\t\t\t\t<\/div>\n\t\t\t\t\t<\/div>\n\t\t\t\t<\/div>\n\t\t<div class=\"elementor-element elementor-element-c4312d1 e-flex e-con-boxed e-con e-parent\" data-id=\"c4312d1\" data-element_type=\"container\" data-e-type=\"container\">\n\t\t\t\t\t<div class=\"e-con-inner\">\n\t\t\t\t<div class=\"elementor-element elementor-element-8e6af21 elementor-widget elementor-widget-table-of-contents\" data-id=\"8e6af21\" data-element_type=\"widget\" data-e-type=\"widget\" data-settings=\"{&quot;headings_by_tags&quot;:[&quot;h2&quot;,&quot;h3&quot;],&quot;exclude_headings_by_selector&quot;:[],&quot;marker_view&quot;:&quot;bullets&quot;,&quot;icon&quot;:{&quot;value&quot;:&quot;&quot;,&quot;library&quot;:&quot;&quot;},&quot;no_headings_message&quot;:&quot;No headings were found on this page.&quot;,&quot;hierarchical_view&quot;:&quot;yes&quot;,&quot;min_height&quot;:{&quot;unit&quot;:&quot;px&quot;,&quot;size&quot;:&quot;&quot;,&quot;sizes&quot;:[]},&quot;min_height_tablet&quot;:{&quot;unit&quot;:&quot;px&quot;,&quot;size&quot;:&quot;&quot;,&quot;sizes&quot;:[]},&quot;min_height_mobile&quot;:{&quot;unit&quot;:&quot;px&quot;,&quot;size&quot;:&quot;&quot;,&quot;sizes&quot;:[]}}\" data-widget_type=\"table-of-contents.default\">\n\t\t\t\t<div class=\"elementor-widget-container\">\n\t\t\t\t\t\t\t\t\t<div class=\"elementor-toc__header\">\n\t\t\t\t\t\t<div class=\"elementor-toc__header-title\">\n\t\t\t\t\u00cdndice\t\t\t<\/div>\n\t\t\t\t\t\t\t\t<\/div>\n\t\t\t\t<div id=\"elementor-toc__8e6af21\" class=\"elementor-toc__body\">\n\t\t\t<div class=\"elementor-toc__spinner-container\">\n\t\t\t\t<svg class=\"elementor-toc__spinner eicon-animation-spin e-font-icon-svg e-eicon-loading\" aria-hidden=\"true\" viewBox=\"0 0 1000 1000\" xmlns=\"http:\/\/www.w3.org\/2000\/svg\"><path d=\"M500 975V858C696 858 858 696 858 500S696 142 500 142 142 304 142 500H25C25 237 238 25 500 25S975 237 975 500 763 975 500 975Z\"><\/path><\/svg>\t\t\t<\/div>\n\t\t<\/div>\n\t\t\t\t\t\t<\/div>\n\t\t\t\t<\/div>\n\t\t\t\t\t<\/div>\n\t\t\t\t<\/div>\n\t\t<div class=\"elementor-element elementor-element-63c41183 e-flex e-con-boxed e-con e-parent\" data-id=\"63c41183\" data-element_type=\"container\" data-e-type=\"container\">\n\t\t\t\t\t<div class=\"e-con-inner\">\n\t\t\t\t<div class=\"elementor-element elementor-element-65f54986 elementor-widget elementor-widget-heading\" data-id=\"65f54986\" data-element_type=\"widget\" data-e-type=\"widget\" data-widget_type=\"heading.default\">\n\t\t\t\t<div class=\"elementor-widget-container\">\n\t\t\t\t\t<h2 class=\"elementor-heading-title elementor-size-default\">Conoce la fascinante historia del Castillo de Forna<\/h2>\t\t\t\t<\/div>\n\t\t\t\t<\/div>\n\t\t\t\t<div class=\"elementor-element elementor-element-2263925f elementor-widget elementor-widget-text-editor\" data-id=\"2263925f\" data-element_type=\"widget\" data-e-type=\"widget\" data-widget_type=\"text-editor.default\">\n\t\t\t\t<div class=\"elementor-widget-container\">\n\t\t\t\t\t\t\t\t\t<p>El Castillo de Forna, ubicado en Alicante, es <strong>una impresionante fortaleza medieval cuyos or\u00edgenes se remontan al siglo XIII,<\/strong> aunque su estructura actual corresponde principalmente a los siglos XIV y XV.<\/p><p>Una de las cosas m\u00e1s importantes, y que m\u00e1s identidad le da, es que <strong>fue construido inicialmente sobre una antigua torre atalaya \u00e1rabe <\/strong>y fue transformado en residencia se\u00f1orial por la familia Cru\u00eflles tras la conquista de Jaime I.<\/p><p>El Castillo de Forna <strong>guarda una historia \u00fanica para los amantes del g\u00f3tico civil valenciano,<\/strong> \u00a0as\u00ed que, si te gusta esa \u00e9poca y su arquitectura, ser\u00e1 todo un caramelo para ti. Lo cierto es que presenta una arquitectura \u00fanica, con torres independientes y un patio central, as\u00ed que no es de extra\u00f1ar que se haya convertido en un s\u00edmbolo hist\u00f3rico muy apreciado tanto por los turistas como por los habitantes de la provincia.<\/p><p>La gente ama su historia por la mezcla de misterio, arte y legado feudal, <strong>adem\u00e1s de que ofrece unas impresionantes vistas al litoral<\/strong>, lo que hace que miles de turistas vengan a llenar el carrete de su m\u00f3vil con fotos panor\u00e1micas de calidad.<\/p><p>El \u00fanico \u201cpero\u201d es que, en la actualidad, su interior est\u00e1 cerrado por restauraci\u00f3n, <strong>pero su apertura en<\/strong> <strong>2026 promete revivir todo su esplendor <\/strong>y atraer a numerosos turistas.<\/p>\t\t\t\t\t\t\t\t<\/div>\n\t\t\t\t<\/div>\n\t\t\t\t<div class=\"elementor-element elementor-element-9d68545 elementor-widget elementor-widget-image\" data-id=\"9d68545\" data-element_type=\"widget\" data-e-type=\"widget\" data-widget_type=\"image.default\">\n\t\t\t\t<div class=\"elementor-widget-container\">\n\t\t\t\t\t\t\t\t\t\t\t\t\t\t\t<img fetchpriority=\"high\" decoding=\"async\" width=\"1258\" height=\"707\" src=\"https:\/\/www.ontravelholidayrentals.com\/blog\/wp-content\/uploads\/2025\/06\/visitar-Castillo-de-Forna.jpg\" class=\"attachment-full size-full wp-image-891\" alt=\"visitar-Castillo-de-Forna.jpg\" srcset=\"https:\/\/www.ontravelholidayrentals.com\/blog\/wp-content\/uploads\/2025\/06\/visitar-Castillo-de-Forna.jpg 1258w, https:\/\/www.ontravelholidayrentals.com\/blog\/wp-content\/uploads\/2025\/06\/visitar-Castillo-de-Forna-300x169.jpg 300w, https:\/\/www.ontravelholidayrentals.com\/blog\/wp-content\/uploads\/2025\/06\/visitar-Castillo-de-Forna-1024x575.jpg 1024w, https:\/\/www.ontravelholidayrentals.com\/blog\/wp-content\/uploads\/2025\/06\/visitar-Castillo-de-Forna-768x432.jpg 768w\" sizes=\"(max-width: 1258px) 100vw, 1258px\" \/>\t\t\t\t\t\t\t\t\t\t\t\t\t\t\t<\/div>\n\t\t\t\t<\/div>\n\t\t\t\t\t<\/div>\n\t\t\t\t<\/div>\n\t\t<div class=\"elementor-element elementor-element-1510f97a e-flex e-con-boxed e-con e-parent\" data-id=\"1510f97a\" data-element_type=\"container\" data-e-type=\"container\">\n\t\t\t\t\t<div class=\"e-con-inner\">\n\t\t\t\t<div class=\"elementor-element elementor-element-1594b98 elementor-widget elementor-widget-heading\" data-id=\"1594b98\" data-element_type=\"widget\" data-e-type=\"widget\" data-widget_type=\"heading.default\">\n\t\t\t\t<div class=\"elementor-widget-container\">\n\t\t\t\t\t<h2 class=\"elementor-heading-title elementor-size-default\">Aqu\u00ed tienes c\u00f3mo llegar al Castillo de Forna<\/h2>\t\t\t\t<\/div>\n\t\t\t\t<\/div>\n\t\t\t\t<div class=\"elementor-element elementor-element-783c282b elementor-widget elementor-widget-text-editor\" data-id=\"783c282b\" data-element_type=\"widget\" data-e-type=\"widget\" data-widget_type=\"text-editor.default\">\n\t\t\t\t<div class=\"elementor-widget-container\">\n\t\t\t\t\t\t\t\t\t<p>Para llegar al Castillo de Forna, <strong>te recomendamos aparcar en el Xiringuito de Forna<\/strong>, ubicado junto al castillo y desde all\u00ed subir a pie durante unos 15-20 minutos por una senda de tierra con vegetaci\u00f3n de monte bajo hasta llegar al destino.<\/p><p>El camino <strong>es bastante accesible para todo tipo de personas<\/strong> y te permite disfrutar de las vistas espectaculares del paisaje a medida que vas subiendo.<\/p><p>Tambi\u00e9n <strong>puedes llegar en coche desde Alicante en aproximadamente 1 hora y media, recorriendo unos 99 km<\/strong>. Y, si no cuentas con un coche, no te preocupes, ya que tienes opciones en autob\u00fas o taxi combinados con tranv\u00eda. Aunque son un poquito m\u00e1s lentas, eso s\u00ed.<\/p><p>Como puedes ver, <strong>hay varias maneras de llegar a este castillo<\/strong> que es un aut\u00e9ntico emblema del g\u00f3tico valenciano. \u00bfQuieres saber qu\u00e9 m\u00e1s puedes hacer por aqu\u00ed? Nos vemos en la siguiente secci\u00f3n.<\/p>\t\t\t\t\t\t\t\t<\/div>\n\t\t\t\t<\/div>\n\t\t\t\t\t<\/div>\n\t\t\t\t<\/div>\n\t\t<div class=\"elementor-element elementor-element-881eb30 e-flex e-con-boxed e-con e-parent\" data-id=\"881eb30\" data-element_type=\"container\" data-e-type=\"container\">\n\t\t\t\t\t<div class=\"e-con-inner\">\n\t\t\t\t<div class=\"elementor-element elementor-element-8937ba3 elementor-widget elementor-widget-heading\" data-id=\"8937ba3\" data-element_type=\"widget\" data-e-type=\"widget\" data-widget_type=\"heading.default\">\n\t\t\t\t<div class=\"elementor-widget-container\">\n\t\t\t\t\t<h2 class=\"elementor-heading-title elementor-size-default\">\u00bfQu\u00e9 ver cerca del Castillo de Forna?<\/h2>\t\t\t\t<\/div>\n\t\t\t\t<\/div>\n\t\t\t\t<div class=\"elementor-element elementor-element-2720b64 elementor-widget elementor-widget-text-editor\" data-id=\"2720b64\" data-element_type=\"widget\" data-e-type=\"widget\" data-widget_type=\"text-editor.default\">\n\t\t\t\t<div class=\"elementor-widget-container\">\n\t\t\t\t\t\t\t\t\t<p>Como te hemos comentado antes, el Castillo de Forna es <strong>uno de los destinos m\u00e1s interesantes para conocer en Alicante<\/strong>. Pero, \u00bfpor qu\u00e9 exactamente?<\/p><p>Bueno, aparte de su imponente arquitectura, es un lugar en las alturas desde el que podr\u00e1s tener vistas espectaculares del valle, el pueblo de Forna y el litoral de Oliva. Este<strong> es un mirador perfecto para apreciar la conexi\u00f3n entre la Safor, la Marina Alta y el Comtat.<\/strong><\/p><p>Hablando de su pueblo m\u00e1s cercano, Forna, en Alicante, es un encantador sitio rural con menos de 100 habitantes, situado a los pies del castillo. Es muy conocido tambi\u00e9n, por sus casas tradicionales decoradas con flores, que transmiten paz e identidad del lugar.<\/p><p>Forma un conjunto con la vecina poblaci\u00f3n de L\u2019Atz\u00fabia, <strong>donde puedes visitar la Iglesia de San Bernardo Abad y disfrutar de rutas senderistas y \u00e1reas recreativas<\/strong> como el Tossal del Llop, perfectas para un buen picnic y algunas actividades al aire libre en familia o con amigos.<\/p><p>En los alrededores <strong>tambi\u00e9n se encuentran otros puntos de inter\u00e9s como la Cueva del Canelobre<\/strong>, el Parque Natural del Marjal de Pego-Oliva y castillos cercanos como el de Benirrama, que seguro que enriquecen mucho tu visita.<\/p>\t\t\t\t\t\t\t\t<\/div>\n\t\t\t\t<\/div>\n\t\t\t\t\t<\/div>\n\t\t\t\t<\/div>\n\t\t<div class=\"elementor-element elementor-element-ce5b272 e-flex e-con-boxed e-con e-parent\" data-id=\"ce5b272\" data-element_type=\"container\" data-e-type=\"container\">\n\t\t\t\t\t<div class=\"e-con-inner\">\n\t\t\t\t<div class=\"elementor-element elementor-element-6aafbe3 elementor-widget elementor-widget-video\" data-id=\"6aafbe3\" data-element_type=\"widget\" data-e-type=\"widget\" data-settings=\"{&quot;youtube_url&quot;:&quot;https:\\\/\\\/www.youtube.com\\\/watch?v=7GmV1lJ2OaY&quot;,&quot;video_type&quot;:&quot;youtube&quot;,&quot;controls&quot;:&quot;yes&quot;}\" data-widget_type=\"video.default\">\n\t\t\t\t<div class=\"elementor-widget-container\">\n\t\t\t\t\t\t\t<div class=\"elementor-wrapper elementor-open-inline\">\n\t\t\t<div class=\"elementor-video\"><\/div>\t\t<\/div>\n\t\t\t\t\t\t<\/div>\n\t\t\t\t<\/div>\n\t\t\t\t\t<\/div>\n\t\t\t\t<\/div>\n\t\t<div class=\"elementor-element elementor-element-0571949 e-flex e-con-boxed e-con e-parent\" data-id=\"0571949\" data-element_type=\"container\" data-e-type=\"container\">\n\t\t\t\t\t<div class=\"e-con-inner\">\n\t\t\t\t<div class=\"elementor-element elementor-element-50ec487 elementor-widget elementor-widget-heading\" data-id=\"50ec487\" data-element_type=\"widget\" data-e-type=\"widget\" data-widget_type=\"heading.default\">\n\t\t\t\t<div class=\"elementor-widget-container\">\n\t\t\t\t\t<h2 class=\"elementor-heading-title elementor-size-default\">\u00bfPor qu\u00e9 deber\u00edas visitar el Castillo de Forna?<\/h2>\t\t\t\t<\/div>\n\t\t\t\t<\/div>\n\t\t\t\t<div class=\"elementor-element elementor-element-e3279d6 elementor-widget elementor-widget-text-editor\" data-id=\"e3279d6\" data-element_type=\"widget\" data-e-type=\"widget\" data-widget_type=\"text-editor.default\">\n\t\t\t\t<div class=\"elementor-widget-container\">\n\t\t\t\t\t\t\t\t\t<p>Nada que no sepas ya a estas alturas. Por todos es conocido que la Comunidad Valenciana es famosa por sus preciosas playas y sus imponentes castillos. La experiencia de <strong>reconectar con la historia medieval es un aut\u00e9ntico privilegio<\/strong> que se puede disfrutar en esta zona m\u00e1s que en ninguna otra de nuestro pa\u00eds.<\/p><p>Ahora bien, de poco sirve que visites sitios chul\u00edsimos si el alojamiento desde el que partes no est\u00e1 a la altura. En On Travel, queremos hacer de tu experiencia la mejor posible y por eso <strong>ponemos a tu disposici\u00f3n una gran variedad de apartamentos en Oliva, Moraira, J\u00e1vea, Benissa y Denia.<\/strong><\/p><p>Contacta con nosotros y <strong>reserva el tuyo para tu pr\u00f3xima escapada vacacional<\/strong>. \u00a1Corre, antes de que vuelen!<\/p>\t\t\t\t\t\t\t\t<\/div>\n\t\t\t\t<\/div>\n\t\t\t\t\t<\/div>\n\t\t\t\t<\/div>\n\t\t<div class=\"elementor-element elementor-element-56442042 e-flex e-con-boxed e-con e-parent\" data-id=\"56442042\" data-element_type=\"container\" data-e-type=\"container\">\n\t\t\t\t\t<div class=\"e-con-inner\">\n\t\t\t\t<div class=\"elementor-element elementor-element-130939e elementor-widget elementor-widget-grid\" data-id=\"130939e\" data-element_type=\"widget\" data-e-type=\"widget\" data-widget_type=\"grid.default\">\n\t\t\t\t<div class=\"elementor-widget-container\">\n\t\t\t\t\t\t\t<div class=\"its--row alojamientos-recomendados\">\n\n\t\t\t<div class=\"alojamientos-recomendados-container\">\n\n\t\t\t\t\t\n\t\t\t\t\t<a href=\"https:\/\/www.ontravelholidayrentals.com\/alquiler\/villa-oliva-villa-vermeer-51-460858.html\" rel=\"nofollow\" style=\"width: 23%;\">\n\t\t\t\t\t\t<div class=\"apartamento-box\">\n\t\t\t\t\t\t\t<div class=\"imagen_recomendados\">\n\t\t\t\t\t\t\t\t<img decoding=\"async\" src=\"https:\/\/crs.avantio.com\/fotos\/2\/1703084140d3f439d9b3375a13b4f0e50afb895aaa\/big1703332585741831091dd4ad756385090fb49199ea.jpg\" alt=\"Villa Colibri by ON Travel\">\n\t\t\t\t\t\t\t<\/div>\n\t\t\t\t\t\t\t<div class=\"info\">\n\t\t\t\t\t\t\t\t<div class=\"ubicacion\">\n\t\t\t\t\t\t\t\t\t<i class=\"fa-solid fa-location-dot icono-mapa\"><\/i><span class=\"ubicacion-texto\">Oliva - Valencia<\/span>\n\t\t\t\t\t\t\t\t<\/div>\n\t\t\t\t\t\t\t\t<H3 class=\"titulo-alojamiento\">\n\t\t\t\t\t\t\t\t\tVilla Colibri by ON Travel\t\t\t\t\t\t\t\t<\/H3>\n\t\t\t\t\t\t\t\t<p class=\"precio-alojamiento\">Desde <span class=\"precio\">328.00\u20ac<\/span> por noche<\/p>\n\t\t\t\t\t\t\t<\/div>\n\t\t\t\t\t\t<\/div>\n\t\t\t\t\t<\/a> \n\t\t\t\t\t\t\n\t\t\t\t\t<a href=\"https:\/\/www.ontravelholidayrentals.com\/alquiler\/villa-oliva-villa-vermeer-21-461268.html\" rel=\"nofollow\" style=\"width: 23%;\">\n\t\t\t\t\t\t<div class=\"apartamento-box\">\n\t\t\t\t\t\t\t<div class=\"imagen_recomendados\">\n\t\t\t\t\t\t\t\t<img decoding=\"async\" src=\"https:\/\/crs.avantio.com\/fotos\/2\/1703335589811fbc048cd27ef2e70871e03571a65f\/big17033356189dc73706c960d3ef8712f0c901543b8b.jpg\" alt=\"Villa Solana by ON Travel\">\n\t\t\t\t\t\t\t<\/div>\n\t\t\t\t\t\t\t<div class=\"info\">\n\t\t\t\t\t\t\t\t<div class=\"ubicacion\">\n\t\t\t\t\t\t\t\t\t<i class=\"fa-solid fa-location-dot icono-mapa\"><\/i><span class=\"ubicacion-texto\">Oliva - Valencia<\/span>\n\t\t\t\t\t\t\t\t<\/div>\n\t\t\t\t\t\t\t\t<H3 class=\"titulo-alojamiento\">\n\t\t\t\t\t\t\t\t\tVilla Solana by ON Travel\t\t\t\t\t\t\t\t<\/H3>\n\t\t\t\t\t\t\t\t<p class=\"precio-alojamiento\">Desde <span class=\"precio\">217.00\u20ac<\/span> por noche<\/p>\n\t\t\t\t\t\t\t<\/div>\n\t\t\t\t\t\t<\/div>\n\t\t\t\t\t<\/a> \n\t\t\t\t\t\t\n\t\t\t\t\t<a href=\"https:\/\/www.ontravelholidayrentals.com\/alquiler\/villa-oliva-villa-vermeer-25-461292.html\" rel=\"nofollow\" style=\"width: 23%;\">\n\t\t\t\t\t\t<div class=\"apartamento-box\">\n\t\t\t\t\t\t\t<div class=\"imagen_recomendados\">\n\t\t\t\t\t\t\t\t<img decoding=\"async\" src=\"https:\/\/crs.avantio.com\/fotos\/2\/1705335735591b101a10adf0c9165b293b19af3489\/big1705335762de9703dc1854540c9777fd4932b0499a.jpg\" alt=\"Greenside oasis villa by ON Travel\">\n\t\t\t\t\t\t\t<\/div>\n\t\t\t\t\t\t\t<div class=\"info\">\n\t\t\t\t\t\t\t\t<div class=\"ubicacion\">\n\t\t\t\t\t\t\t\t\t<i class=\"fa-solid fa-location-dot icono-mapa\"><\/i><span class=\"ubicacion-texto\">Oliva - Valencia<\/span>\n\t\t\t\t\t\t\t\t<\/div>\n\t\t\t\t\t\t\t\t<H3 class=\"titulo-alojamiento\">\n\t\t\t\t\t\t\t\t\tGreenside oasis villa by ON Travel\t\t\t\t\t\t\t\t<\/H3>\n\t\t\t\t\t\t\t\t<p class=\"precio-alojamiento\">Desde <span class=\"precio\">328.00\u20ac<\/span> por noche<\/p>\n\t\t\t\t\t\t\t<\/div>\n\t\t\t\t\t\t<\/div>\n\t\t\t\t\t<\/a> \n\t\t\t\t\t\t\n\t\t\t\t\t<a href=\"https:\/\/www.ontravelholidayrentals.com\/alquiler\/villa-oliva-villa-vermeer-43-461293.html\" rel=\"nofollow\" style=\"width: 23%;\">\n\t\t\t\t\t\t<div class=\"apartamento-box\">\n\t\t\t\t\t\t\t<div class=\"imagen_recomendados\">\n\t\t\t\t\t\t\t\t<img decoding=\"async\" src=\"https:\/\/crs.avantio.com\/fotos\/2\/17054241108ffb3352fb1b6efd3c6e1c3097debf40\/big170542451565ad5f2b0843b6346526f00ede7b3ef7.jpg\" alt=\"Villa Cisne by ON Travel\">\n\t\t\t\t\t\t\t<\/div>\n\t\t\t\t\t\t\t<div class=\"info\">\n\t\t\t\t\t\t\t\t<div class=\"ubicacion\">\n\t\t\t\t\t\t\t\t\t<i class=\"fa-solid fa-location-dot icono-mapa\"><\/i><span class=\"ubicacion-texto\">Oliva - Valencia<\/span>\n\t\t\t\t\t\t\t\t<\/div>\n\t\t\t\t\t\t\t\t<H3 class=\"titulo-alojamiento\">\n\t\t\t\t\t\t\t\t\tVilla Cisne by ON Travel\t\t\t\t\t\t\t\t<\/H3>\n\t\t\t\t\t\t\t\t<p class=\"precio-alojamiento\">Desde <span class=\"precio\">205.00\u20ac<\/span> por noche<\/p>\n\t\t\t\t\t\t\t<\/div>\n\t\t\t\t\t\t<\/div>\n\t\t\t\t\t<\/a> \n\t\t\t\t\t\t\t\t<\/div>\n\t\t\t<\/div>\n\t\t\t\t\t\t<\/div>\n\t\t\t\t<\/div>\n\t\t\t\t\t<\/div>\n\t\t\t\t<\/div>\n\t\t\t\t<\/div>\n\t\t","protected":false},"excerpt":{"rendered":"<p>T\u00edtulo Igual a estas alturas ya est\u00e1s hasta las narices de tanto selfie en playas masificadas y te apetece algo un poquito diferente. Que s\u00ed, que un chapuz\u00f3n veraniego no te lo quita nadie, pero existen otras alternativas s\u00faper interesantes, sobre todo en Alicante. Estamos hablando, ni m\u00e1s ni menos, que del Castillo de Forna. [&hellip;]<\/p>\n","protected":false},"author":4,"featured_media":895,"comment_status":"open","ping_status":"open","sticky":false,"template":"elementor_header_footer","format":"standard","meta":{"footnotes":""},"categories":[18],"tags":[70],"class_list":["post-880","post","type-post","status-publish","format-standard","has-post-thumbnail","hentry","category-oliva","tag-no-template"],"yoast_head":"<!-- This site is optimized with the Yoast SEO plugin v25.2 - https:\/\/yoast.com\/wordpress\/plugins\/seo\/ -->\n<title>Castillo de Forna - Blog<\/title>\n<meta name=\"description\" content=\"Visita el castillo de Forna y sum\u00e9rgete en su historia y vistas panor\u00e1micas.\" \/>\n<meta name=\"robots\" content=\"index, follow, max-snippet:-1, max-image-preview:large, max-video-preview:-1\" \/>\n<link rel=\"canonical\" href=\"https:\/\/www.ontravelholidayrentals.com\/blog\/castillo-de-forna\/\" \/>\n<meta property=\"og:locale\" content=\"es_ES\" \/>\n<meta property=\"og:type\" content=\"article\" \/>\n<meta property=\"og:title\" content=\"Castillo de Forna - Blog\" \/>\n<meta property=\"og:description\" content=\"Visita el castillo de Forna y sum\u00e9rgete en su historia y vistas panor\u00e1micas.\" \/>\n<meta property=\"og:url\" content=\"https:\/\/www.ontravelholidayrentals.com\/blog\/castillo-de-forna\/\" \/>\n<meta property=\"og:site_name\" content=\"Blog\" \/>\n<meta property=\"article:published_time\" content=\"2025-06-13T10:49:09+00:00\" \/>\n<meta property=\"article:modified_time\" content=\"2026-03-12T10:53:48+00:00\" \/>\n<meta property=\"og:image\" content=\"https:\/\/www.ontravelholidayrentals.com\/blog\/wp-content\/uploads\/2025\/06\/Castillo-de-Forna.jpg\" \/>\n\t<meta property=\"og:image:width\" content=\"2127\" \/>\n\t<meta property=\"og:image:height\" content=\"709\" \/>\n\t<meta property=\"og:image:type\" content=\"image\/jpeg\" \/>\n<meta name=\"author\" content=\"Axel\" \/>\n<meta name=\"twitter:card\" content=\"summary_large_image\" \/>\n<meta name=\"twitter:label1\" content=\"Escrito por\" \/>\n\t<meta name=\"twitter:data1\" content=\"Axel\" \/>\n\t<meta name=\"twitter:label2\" content=\"Tiempo de lectura\" \/>\n\t<meta name=\"twitter:data2\" content=\"6 minutos\" \/>\n<script type=\"application\/ld+json\" class=\"yoast-schema-graph\">{\"@context\":\"https:\/\/schema.org\",\"@graph\":[{\"@type\":\"Article\",\"@id\":\"https:\/\/www.ontravelholidayrentals.com\/blog\/castillo-de-forna\/#article\",\"isPartOf\":{\"@id\":\"https:\/\/www.ontravelholidayrentals.com\/blog\/castillo-de-forna\/\"},\"author\":{\"name\":\"Axel\",\"@id\":\"https:\/\/www.ontravelholidayrentals.com\/blog\/#\/schema\/person\/907601cb91b08af60b0fec9e629a4883\"},\"headline\":\"\u00bfQuieres visitar un gran castillo? Ven al Castillo de Forna en Alicante\",\"datePublished\":\"2025-06-13T10:49:09+00:00\",\"dateModified\":\"2026-03-12T10:53:48+00:00\",\"mainEntityOfPage\":{\"@id\":\"https:\/\/www.ontravelholidayrentals.com\/blog\/castillo-de-forna\/\"},\"wordCount\":1060,\"commentCount\":0,\"publisher\":{\"@id\":\"https:\/\/www.ontravelholidayrentals.com\/blog\/#organization\"},\"image\":{\"@id\":\"https:\/\/www.ontravelholidayrentals.com\/blog\/castillo-de-forna\/#primaryimage\"},\"thumbnailUrl\":\"https:\/\/www.ontravelholidayrentals.com\/blog\/wp-content\/uploads\/2025\/06\/Castillo-de-Forna.jpg\",\"keywords\":[\"no template\"],\"articleSection\":[\"Oliva\"],\"inLanguage\":\"es\",\"potentialAction\":[{\"@type\":\"CommentAction\",\"name\":\"Comment\",\"target\":[\"https:\/\/www.ontravelholidayrentals.com\/blog\/castillo-de-forna\/#respond\"]}]},{\"@type\":\"WebPage\",\"@id\":\"https:\/\/www.ontravelholidayrentals.com\/blog\/castillo-de-forna\/\",\"url\":\"https:\/\/www.ontravelholidayrentals.com\/blog\/castillo-de-forna\/\",\"name\":\"Castillo de Forna - Blog\",\"isPartOf\":{\"@id\":\"https:\/\/www.ontravelholidayrentals.com\/blog\/#website\"},\"primaryImageOfPage\":{\"@id\":\"https:\/\/www.ontravelholidayrentals.com\/blog\/castillo-de-forna\/#primaryimage\"},\"image\":{\"@id\":\"https:\/\/www.ontravelholidayrentals.com\/blog\/castillo-de-forna\/#primaryimage\"},\"thumbnailUrl\":\"https:\/\/www.ontravelholidayrentals.com\/blog\/wp-content\/uploads\/2025\/06\/Castillo-de-Forna.jpg\",\"datePublished\":\"2025-06-13T10:49:09+00:00\",\"dateModified\":\"2026-03-12T10:53:48+00:00\",\"description\":\"Visita el castillo de Forna y sum\u00e9rgete en su historia y vistas panor\u00e1micas.\",\"breadcrumb\":{\"@id\":\"https:\/\/www.ontravelholidayrentals.com\/blog\/castillo-de-forna\/#breadcrumb\"},\"inLanguage\":\"es\",\"potentialAction\":[{\"@type\":\"ReadAction\",\"target\":[\"https:\/\/www.ontravelholidayrentals.com\/blog\/castillo-de-forna\/\"]}]},{\"@type\":\"ImageObject\",\"inLanguage\":\"es\",\"@id\":\"https:\/\/www.ontravelholidayrentals.com\/blog\/castillo-de-forna\/#primaryimage\",\"url\":\"https:\/\/www.ontravelholidayrentals.com\/blog\/wp-content\/uploads\/2025\/06\/Castillo-de-Forna.jpg\",\"contentUrl\":\"https:\/\/www.ontravelholidayrentals.com\/blog\/wp-content\/uploads\/2025\/06\/Castillo-de-Forna.jpg\",\"width\":2127,\"height\":709,\"caption\":\"The castillo de forna on a big rock surrounded by green trees and bushes under blue sky\"},{\"@type\":\"BreadcrumbList\",\"@id\":\"https:\/\/www.ontravelholidayrentals.com\/blog\/castillo-de-forna\/#breadcrumb\",\"itemListElement\":[{\"@type\":\"ListItem\",\"position\":1,\"name\":\"Portada\",\"item\":\"https:\/\/www.ontravelholidayrentals.com\/blog\/\"},{\"@type\":\"ListItem\",\"position\":2,\"name\":\"\u00bfQuieres visitar un gran castillo? Ven al Castillo de Forna en Alicante\"}]},{\"@type\":\"WebSite\",\"@id\":\"https:\/\/www.ontravelholidayrentals.com\/blog\/#website\",\"url\":\"https:\/\/www.ontravelholidayrentals.com\/blog\/\",\"name\":\"Blog\",\"description\":\"Ontravelholidayrentals\",\"publisher\":{\"@id\":\"https:\/\/www.ontravelholidayrentals.com\/blog\/#organization\"},\"potentialAction\":[{\"@type\":\"SearchAction\",\"target\":{\"@type\":\"EntryPoint\",\"urlTemplate\":\"https:\/\/www.ontravelholidayrentals.com\/blog\/?s={search_term_string}\"},\"query-input\":{\"@type\":\"PropertyValueSpecification\",\"valueRequired\":true,\"valueName\":\"search_term_string\"}}],\"inLanguage\":\"es\"},{\"@type\":\"Organization\",\"@id\":\"https:\/\/www.ontravelholidayrentals.com\/blog\/#organization\",\"name\":\"Blog\",\"url\":\"https:\/\/www.ontravelholidayrentals.com\/blog\/\",\"logo\":{\"@type\":\"ImageObject\",\"inLanguage\":\"es\",\"@id\":\"https:\/\/www.ontravelholidayrentals.com\/blog\/#\/schema\/logo\/image\/\",\"url\":\"https:\/\/www.ontravelholidayrentals.com\/blog\/wp-content\/uploads\/2025\/02\/logo-oliva-nova.webp\",\"contentUrl\":\"https:\/\/www.ontravelholidayrentals.com\/blog\/wp-content\/uploads\/2025\/02\/logo-oliva-nova.webp\",\"width\":2454,\"height\":875,\"caption\":\"Blog\"},\"image\":{\"@id\":\"https:\/\/www.ontravelholidayrentals.com\/blog\/#\/schema\/logo\/image\/\"}},{\"@type\":\"Person\",\"@id\":\"https:\/\/www.ontravelholidayrentals.com\/blog\/#\/schema\/person\/907601cb91b08af60b0fec9e629a4883\",\"name\":\"Axel\",\"image\":{\"@type\":\"ImageObject\",\"inLanguage\":\"es\",\"@id\":\"https:\/\/www.ontravelholidayrentals.com\/blog\/#\/schema\/person\/image\/\",\"url\":\"https:\/\/secure.gravatar.com\/avatar\/3bd706736e5b70f21f05f6c2d5cad746767782a4ba4b7df399c5969e2a9318fd?s=96&d=mm&r=g\",\"contentUrl\":\"https:\/\/secure.gravatar.com\/avatar\/3bd706736e5b70f21f05f6c2d5cad746767782a4ba4b7df399c5969e2a9318fd?s=96&d=mm&r=g\",\"caption\":\"Axel\"},\"url\":\"https:\/\/www.ontravelholidayrentals.com\/blog\/author\/axel\/\"}]}<\/script>\n<!-- \/ Yoast SEO plugin. -->","yoast_head_json":{"title":"Castillo de Forna - Blog","description":"Visita el castillo de Forna y sum\u00e9rgete en su historia y vistas panor\u00e1micas.","robots":{"index":"index","follow":"follow","max-snippet":"max-snippet:-1","max-image-preview":"max-image-preview:large","max-video-preview":"max-video-preview:-1"},"canonical":"https:\/\/www.ontravelholidayrentals.com\/blog\/castillo-de-forna\/","og_locale":"es_ES","og_type":"article","og_title":"Castillo de Forna - Blog","og_description":"Visita el castillo de Forna y sum\u00e9rgete en su historia y vistas panor\u00e1micas.","og_url":"https:\/\/www.ontravelholidayrentals.com\/blog\/castillo-de-forna\/","og_site_name":"Blog","article_published_time":"2025-06-13T10:49:09+00:00","article_modified_time":"2026-03-12T10:53:48+00:00","og_image":[{"width":2127,"height":709,"url":"https:\/\/www.ontravelholidayrentals.com\/blog\/wp-content\/uploads\/2025\/06\/Castillo-de-Forna.jpg","type":"image\/jpeg"}],"author":"Axel","twitter_card":"summary_large_image","twitter_misc":{"Escrito por":"Axel","Tiempo de lectura":"6 minutos"},"schema":{"@context":"https:\/\/schema.org","@graph":[{"@type":"Article","@id":"https:\/\/www.ontravelholidayrentals.com\/blog\/castillo-de-forna\/#article","isPartOf":{"@id":"https:\/\/www.ontravelholidayrentals.com\/blog\/castillo-de-forna\/"},"author":{"name":"Axel","@id":"https:\/\/www.ontravelholidayrentals.com\/blog\/#\/schema\/person\/907601cb91b08af60b0fec9e629a4883"},"headline":"\u00bfQuieres visitar un gran castillo? Ven al Castillo de Forna en Alicante","datePublished":"2025-06-13T10:49:09+00:00","dateModified":"2026-03-12T10:53:48+00:00","mainEntityOfPage":{"@id":"https:\/\/www.ontravelholidayrentals.com\/blog\/castillo-de-forna\/"},"wordCount":1060,"commentCount":0,"publisher":{"@id":"https:\/\/www.ontravelholidayrentals.com\/blog\/#organization"},"image":{"@id":"https:\/\/www.ontravelholidayrentals.com\/blog\/castillo-de-forna\/#primaryimage"},"thumbnailUrl":"https:\/\/www.ontravelholidayrentals.com\/blog\/wp-content\/uploads\/2025\/06\/Castillo-de-Forna.jpg","keywords":["no template"],"articleSection":["Oliva"],"inLanguage":"es","potentialAction":[{"@type":"CommentAction","name":"Comment","target":["https:\/\/www.ontravelholidayrentals.com\/blog\/castillo-de-forna\/#respond"]}]},{"@type":"WebPage","@id":"https:\/\/www.ontravelholidayrentals.com\/blog\/castillo-de-forna\/","url":"https:\/\/www.ontravelholidayrentals.com\/blog\/castillo-de-forna\/","name":"Castillo de Forna - Blog","isPartOf":{"@id":"https:\/\/www.ontravelholidayrentals.com\/blog\/#website"},"primaryImageOfPage":{"@id":"https:\/\/www.ontravelholidayrentals.com\/blog\/castillo-de-forna\/#primaryimage"},"image":{"@id":"https:\/\/www.ontravelholidayrentals.com\/blog\/castillo-de-forna\/#primaryimage"},"thumbnailUrl":"https:\/\/www.ontravelholidayrentals.com\/blog\/wp-content\/uploads\/2025\/06\/Castillo-de-Forna.jpg","datePublished":"2025-06-13T10:49:09+00:00","dateModified":"2026-03-12T10:53:48+00:00","description":"Visita el castillo de Forna y sum\u00e9rgete en su historia y vistas panor\u00e1micas.","breadcrumb":{"@id":"https:\/\/www.ontravelholidayrentals.com\/blog\/castillo-de-forna\/#breadcrumb"},"inLanguage":"es","potentialAction":[{"@type":"ReadAction","target":["https:\/\/www.ontravelholidayrentals.com\/blog\/castillo-de-forna\/"]}]},{"@type":"ImageObject","inLanguage":"es","@id":"https:\/\/www.ontravelholidayrentals.com\/blog\/castillo-de-forna\/#primaryimage","url":"https:\/\/www.ontravelholidayrentals.com\/blog\/wp-content\/uploads\/2025\/06\/Castillo-de-Forna.jpg","contentUrl":"https:\/\/www.ontravelholidayrentals.com\/blog\/wp-content\/uploads\/2025\/06\/Castillo-de-Forna.jpg","width":2127,"height":709,"caption":"The castillo de forna on a big rock surrounded by green trees and bushes under blue sky"},{"@type":"BreadcrumbList","@id":"https:\/\/www.ontravelholidayrentals.com\/blog\/castillo-de-forna\/#breadcrumb","itemListElement":[{"@type":"ListItem","position":1,"name":"Portada","item":"https:\/\/www.ontravelholidayrentals.com\/blog\/"},{"@type":"ListItem","position":2,"name":"\u00bfQuieres visitar un gran castillo? Ven al Castillo de Forna en Alicante"}]},{"@type":"WebSite","@id":"https:\/\/www.ontravelholidayrentals.com\/blog\/#website","url":"https:\/\/www.ontravelholidayrentals.com\/blog\/","name":"Blog","description":"Ontravelholidayrentals","publisher":{"@id":"https:\/\/www.ontravelholidayrentals.com\/blog\/#organization"},"potentialAction":[{"@type":"SearchAction","target":{"@type":"EntryPoint","urlTemplate":"https:\/\/www.ontravelholidayrentals.com\/blog\/?s={search_term_string}"},"query-input":{"@type":"PropertyValueSpecification","valueRequired":true,"valueName":"search_term_string"}}],"inLanguage":"es"},{"@type":"Organization","@id":"https:\/\/www.ontravelholidayrentals.com\/blog\/#organization","name":"Blog","url":"https:\/\/www.ontravelholidayrentals.com\/blog\/","logo":{"@type":"ImageObject","inLanguage":"es","@id":"https:\/\/www.ontravelholidayrentals.com\/blog\/#\/schema\/logo\/image\/","url":"https:\/\/www.ontravelholidayrentals.com\/blog\/wp-content\/uploads\/2025\/02\/logo-oliva-nova.webp","contentUrl":"https:\/\/www.ontravelholidayrentals.com\/blog\/wp-content\/uploads\/2025\/02\/logo-oliva-nova.webp","width":2454,"height":875,"caption":"Blog"},"image":{"@id":"https:\/\/www.ontravelholidayrentals.com\/blog\/#\/schema\/logo\/image\/"}},{"@type":"Person","@id":"https:\/\/www.ontravelholidayrentals.com\/blog\/#\/schema\/person\/907601cb91b08af60b0fec9e629a4883","name":"Axel","image":{"@type":"ImageObject","inLanguage":"es","@id":"https:\/\/www.ontravelholidayrentals.com\/blog\/#\/schema\/person\/image\/","url":"https:\/\/secure.gravatar.com\/avatar\/3bd706736e5b70f21f05f6c2d5cad746767782a4ba4b7df399c5969e2a9318fd?s=96&d=mm&r=g","contentUrl":"https:\/\/secure.gravatar.com\/avatar\/3bd706736e5b70f21f05f6c2d5cad746767782a4ba4b7df399c5969e2a9318fd?s=96&d=mm&r=g","caption":"Axel"},"url":"https:\/\/www.ontravelholidayrentals.com\/blog\/author\/axel\/"}]}},"_links":{"self":[{"href":"https:\/\/www.ontravelholidayrentals.com\/blog\/wp-json\/wp\/v2\/posts\/880","targetHints":{"allow":["GET"]}}],"collection":[{"href":"https:\/\/www.ontravelholidayrentals.com\/blog\/wp-json\/wp\/v2\/posts"}],"about":[{"href":"https:\/\/www.ontravelholidayrentals.com\/blog\/wp-json\/wp\/v2\/types\/post"}],"author":[{"embeddable":true,"href":"https:\/\/www.ontravelholidayrentals.com\/blog\/wp-json\/wp\/v2\/users\/4"}],"replies":[{"embeddable":true,"href":"https:\/\/www.ontravelholidayrentals.com\/blog\/wp-json\/wp\/v2\/comments?post=880"}],"version-history":[{"count":10,"href":"https:\/\/www.ontravelholidayrentals.com\/blog\/wp-json\/wp\/v2\/posts\/880\/revisions"}],"predecessor-version":[{"id":905,"href":"https:\/\/www.ontravelholidayrentals.com\/blog\/wp-json\/wp\/v2\/posts\/880\/revisions\/905"}],"wp:featuredmedia":[{"embeddable":true,"href":"https:\/\/www.ontravelholidayrentals.com\/blog\/wp-json\/wp\/v2\/media\/895"}],"wp:attachment":[{"href":"https:\/\/www.ontravelholidayrentals.com\/blog\/wp-json\/wp\/v2\/media?parent=880"}],"wp:term":[{"taxonomy":"category","embeddable":true,"href":"https:\/\/www.ontravelholidayrentals.com\/blog\/wp-json\/wp\/v2\/categories?post=880"},{"taxonomy":"post_tag","embeddable":true,"href":"https:\/\/www.ontravelholidayrentals.com\/blog\/wp-json\/wp\/v2\/tags?post=880"}],"curies":[{"name":"wp","href":"https:\/\/api.w.org\/{rel}","templated":true}]}}