{"id":1703,"date":"2026-04-17T12:45:33","date_gmt":"2026-04-17T12:45:33","guid":{"rendered":"https:\/\/www.ontravelholidayrentals.com\/blog\/?p=1703"},"modified":"2026-04-20T07:58:36","modified_gmt":"2026-04-20T07:58:36","slug":"faro-cabo-de-la-nao-javea","status":"publish","type":"post","link":"https:\/\/www.ontravelholidayrentals.com\/blog\/faro-cabo-de-la-nao-javea\/","title":{"rendered":"Faro del Cabo de la Nao en J\u00e1vea, una visita con vistas que no decepciona"},"content":{"rendered":"\n<p>El Faro del Cabo de la Nao es de esos lugares que justifican por s\u00ed solos una escapada a J\u00e1vea. Est\u00e1 ubicado en el <b>punto m\u00e1s oriental del litoral de la Comunitat Valenciana <\/b>y regala unas vistas de acantilado y Mediterr\u00e1neo que hacen que la visita merezca much\u00edsimo la pena.&nbsp;<\/p>\n\n\n\n<p>Si est\u00e1s por la zona de Oliva, Moraira, Benissa, D\u00e9nia o J\u00e1vea, es un plan perfecto para <b>combinar mar, miradores y una ruta cortita <\/b>pero muy agradecida.<\/p>\n\n\n\n<h2 class=\"wp-block-heading\">Faro del Cabo de la Nao, historia y ubicaci\u00f3n de un lugar emblem\u00e1tico<\/h2>\n\n\n\n<p>El faro se levant\u00f3 en el Cabo de la Nao, en J\u00e1vea y su historia se remonta a principios del siglo XX, aunque no entr\u00f3 en funcionamiento hasta 1928. Se alza sobre un<b> acantilado a unos 122 metros sobre el nivel del mar<\/b> y su torre blanca, de planta octogonal, tiene unos 20 metros de altura.&nbsp;<\/p>\n\n\n\n<p>Adem\u00e1s, como dato curioso es que sigue funcionando como <b>se\u00f1al mar\u00edtima para los barcos <\/b>y se ha convertido en uno de los s\u00edmbolos m\u00e1s reconocibles de la costa de J\u00e1vea.<\/p>\n\n\n\n<p>La ubicaci\u00f3n ya te da una pista de lo que vas a encontrar, siendo un enclave elevado, abierto al mar y perfecto para pararte un rato sin tener que mirar el reloj. El entorno mezcla <b>naturaleza, costa y un rato donde se respira tranquilidad<\/b>.<\/p>\n\n\n\n<figure class=\"wp-block-image size-large\"><img fetchpriority=\"high\" decoding=\"async\" width=\"1024\" height=\"576\" src=\"https:\/\/www.ontravelholidayrentals.com\/blog\/wp-content\/uploads\/2026\/04\/Cabo-de-la-Nao-1024x576.jpg\" alt=\"\" class=\"wp-image-1683\" srcset=\"https:\/\/www.ontravelholidayrentals.com\/blog\/wp-content\/uploads\/2026\/04\/Cabo-de-la-Nao-1024x576.jpg 1024w, https:\/\/www.ontravelholidayrentals.com\/blog\/wp-content\/uploads\/2026\/04\/Cabo-de-la-Nao-300x169.jpg 300w, https:\/\/www.ontravelholidayrentals.com\/blog\/wp-content\/uploads\/2026\/04\/Cabo-de-la-Nao-768x432.jpg 768w, https:\/\/www.ontravelholidayrentals.com\/blog\/wp-content\/uploads\/2026\/04\/Cabo-de-la-Nao.jpg 1254w\" sizes=\"(max-width: 1024px) 100vw, 1024px\" \/><\/figure>\n\n\n\n<h2 class=\"wp-block-heading\">Qu\u00e9 ver y hacer cerca del Faro del Cabo de la Nao en J\u00e1vea<\/h2>\n\n\n\n<p>Existen planes de todo tipo que puedes hacer para acompa\u00f1ar la visita al faro.<\/p>\n\n\n\n<h3 class=\"wp-block-heading\">Las mejores paradas para completa la visita<\/h3>\n\n\n\n<p>La gracia del Faro del Cabo de la Nao es que no se queda solo en el faro. La zona entera invita a alargar un poco la visita y convertirla en un plan m\u00e1s completo. Muy cerca tienes <b>miradores, peque\u00f1as calas y rincones costeros<\/b> que hacen que la excursi\u00f3n sea redonda. Es el t\u00edpico sitio al que llegas un momentito pero acabas qued\u00e1ndote m\u00e1s de lo previsto.<\/p>\n\n\n\n<h3 class=\"wp-block-heading\">Calas y cuevas por descubrir<\/h3>\n\n\n\n<p>Si te apetece seguir explorando la zona, alrededor del cabo hay <b>calas y formaciones rocosas<\/b> que encajan genial con una ma\u00f1ana de paseo o una escapada de d\u00eda. No hace falta organizar una ruta complicada, solo basta con combinar el faro con alguna parada en la costa para ver ese <b>contraste entre las rocas, el mar y la vegetaci\u00f3n<\/b>.<\/p>\n\n\n\n<h3 class=\"wp-block-heading\">El plan ideal si recorres la Costa Blanca<\/h3>\n\n\n\n<p>El faro <b>encaja de maravilla con una ruta <\/b>por J\u00e1vea, D\u00e9nia, Moraira y Benissa. Puedes empezar con el mirador, seguir con un caf\u00e9 o una comida cerca y terminar el d\u00eda en otra playa o en una paseo tranquilo por alguno de estos destinos. As\u00ed, la visita al faro del cabo de la nao no se queda como una parada suela, sino como parte de una escapada m\u00e1s grande.<\/p>\n\n\n\n<figure class=\"wp-block-image size-large\"><img decoding=\"async\" width=\"1024\" height=\"421\" src=\"https:\/\/www.ontravelholidayrentals.com\/blog\/wp-content\/uploads\/2026\/04\/Cabo-de-la-Nao-en-Javea-1024x421.jpg\" alt=\"\" class=\"wp-image-1687\" srcset=\"https:\/\/www.ontravelholidayrentals.com\/blog\/wp-content\/uploads\/2026\/04\/Cabo-de-la-Nao-en-Javea-1024x421.jpg 1024w, https:\/\/www.ontravelholidayrentals.com\/blog\/wp-content\/uploads\/2026\/04\/Cabo-de-la-Nao-en-Javea-300x123.jpg 300w, https:\/\/www.ontravelholidayrentals.com\/blog\/wp-content\/uploads\/2026\/04\/Cabo-de-la-Nao-en-Javea-768x315.jpg 768w, https:\/\/www.ontravelholidayrentals.com\/blog\/wp-content\/uploads\/2026\/04\/Cabo-de-la-Nao-en-Javea-1536x631.jpg 1536w, https:\/\/www.ontravelholidayrentals.com\/blog\/wp-content\/uploads\/2026\/04\/Cabo-de-la-Nao-en-Javea.jpg 1597w\" sizes=\"(max-width: 1024px) 100vw, 1024px\" \/><\/figure>\n\n\n\n<h2 class=\"wp-block-heading\">Miradores y vistas panor\u00e1micas junto al Faro del Cabo de la Nao<\/h2>\n\n\n\n<p>Si hay algo que define esta visita es la sensaci\u00f3n de altura y amplitud. El mirador est\u00e1 situado sobre un acantilado de m\u00e1s de 100 metros, as\u00ed que las vistas tienen ese punto de <b>espect\u00e1culo natural <\/b>que no falla. Desde aqu\u00ed el mar se abre en todas direcciones lo que lo hace uno de los mejores puntos para disfrutar de la costa de J\u00e1vea.<\/p>\n\n\n\n<p>Lo m\u00e1s recomendable es ir con tiempo para no verlo con prisas. El<b> amanecer y el atardecer son especialmente bonitos<\/b>, as\u00ed que si buscas una foto perfecta de tus vacaciones, este es el sitio ideal.<\/p>\n\n\n\n<p>Adem\u00e1s el entorno del faro ofrece una mezcla de olor a mar, roca, azul y silencio que hace que incluso una visita corta se sienta especial. Es un mirador para poder bajar las revoluciones y disfrutar de la costa sin complicarse demasiado.<\/p>\n\n\n\n<figure class=\"wp-block-image size-large\"><img decoding=\"async\" width=\"1024\" height=\"768\" src=\"https:\/\/www.ontravelholidayrentals.com\/blog\/wp-content\/uploads\/2026\/04\/faro-cabo-nao-1024x768.webp\" alt=\"\" class=\"wp-image-1695\" srcset=\"https:\/\/www.ontravelholidayrentals.com\/blog\/wp-content\/uploads\/2026\/04\/faro-cabo-nao-1024x768.webp 1024w, https:\/\/www.ontravelholidayrentals.com\/blog\/wp-content\/uploads\/2026\/04\/faro-cabo-nao-300x225.webp 300w, https:\/\/www.ontravelholidayrentals.com\/blog\/wp-content\/uploads\/2026\/04\/faro-cabo-nao-768x576.webp 768w, https:\/\/www.ontravelholidayrentals.com\/blog\/wp-content\/uploads\/2026\/04\/faro-cabo-nao.webp 1360w\" sizes=\"(max-width: 1024px) 100vw, 1024px\" \/><\/figure>\n\n\n\n<h2 class=\"wp-block-heading\">C\u00f3mo llegar al Faro del Cabo de la Nao sin complicaciones<\/h2>\n\n\n\n<p>La forma m\u00e1s sencilla de llegar es en coche. Desde el centro de J\u00e1vea puedes seguir la <b>carretera CV-742 en direcci\u00f3n a la Cala de la Granadella <\/b>y luego continuar la se\u00f1alizaci\u00f3n hacia el Cabo de la Nao y su faro.&nbsp;<\/p>\n\n\n\n<p>Si te mueves desde D\u00e9nia, Benissa, Moraira o incluso Oliva,<b> lo normal es enlazar con J\u00e1vea primero y desde ah\u00ed subir hasta el cabo. <\/b>Es una ruta f\u00e1cil de encajar si est\u00e1s recorriendo la costa y te apetece un alto con vistas.<\/p>\n\n\n\n<p>Hay <b>zonas para aparcar cerca del morador <\/b>y aunque suelen ser gratuitas, conviene evitar las horas punta de temporada alta porque es una visita bastante popular entre los turistas. Si quieres hacer el plan m\u00e1s c\u00f3modo, lo mejor es ir por la ma\u00f1ana o al final de la tarde.<\/p>\n\n\n\n<iframe src=\"https:\/\/www.google.com\/maps\/embed?pb=!1m18!1m12!1m3!1d3701.1186260026925!2d0.226872307979877!3d38.73485549985597!2m3!1f0!2f0!3f0!3m2!1i1024!2i768!4f13.1!3m3!1m2!1s0x129e0b3dbcb50767%3A0xae9934877cfe90c6!2sFaro%20del%20cabo%20de%20la%20Nao!5e0!3m2!1ses!2ses!4v1776429133597!5m2!1ses!2ses\" width=\"600\" height=\"450\" style=\"border:0;\" allowfullscreen=\"\" loading=\"lazy\" referrerpolicy=\"no-referrer-when-downgrade\"><\/iframe>\n\n\n\n<h2 class=\"wp-block-heading\">Informaci\u00f3n pr\u00e1ctica para visitar el Faro del Cabo de la Nao<\/h2>\n\n\n\n<p>El faro <b>no admite visitas por dentro<\/b>, as\u00ed que el plan es disfrutar del entorno que ofrece el exterior y sobre todo del mirador. Aun as\u00ed, la visita compensa por las vistas y por el ambiente del cabo, que es uno de los puntos m\u00e1s emblem\u00e1ticos de J\u00e1vea.<\/p>\n\n\n\n<p>Conviene llevar<b> calzado c\u00f3modo, agua y protecci\u00f3n solar<\/b>, sobre todo si vas en los meses de calor. En d\u00edas de mucha afluencia puede haber bastante movimiento de visitantes, as\u00ed que ir temprano suele ser buena idea para aparcar y pasear con tranquilidad.<\/p>\n\n\n\n<p>Si te apetece rematar el plan, puedes tomar algo despu\u00e9s de la zona o seguir la<b> ruta hacia otras calas y miradores de J\u00e1vea<\/b>. Es una excursi\u00f3n f\u00e1cil de encajar en una jornada completa sin necesidad de complicarte con grandes desplazamientos.<\/p>\n\n\n\n<h2 class=\"wp-block-heading\">Razones para visitar el Faro del Cabo de la Nao en tu escapada<\/h2>\n\n\n\n<p>La raz\u00f3n principal para visitar el Faro del Cabo de la Nao es porque las <b>vistas no te decepcionan<\/b>. El faro est\u00e1 en uno de los puntos m\u00e1s bonitos de la Costa Blanca, con acantilados, mar abierto y una panor\u00e1mica que hace que la parada merezca la pena incluso si solo tienes un rato.<\/p>\n\n\n\n<p>Tambi\u00e9n es un plan f\u00e1cil de combinar con otros destinos como D\u00e9nia, Moraira o Benissa, as\u00ed que <b>encaja a la perfecci\u00f3n con cualquier escapada por la zona<\/b>. Si te alojas con On Travel puedes usar el apartamento como zona base y montar unos d\u00edas recorriendo la zona sin prisas, mezclando costa, miradores, comida local y un mont\u00f3n de paradas bonitas.<\/p>\n","protected":false},"excerpt":{"rendered":"<p>El Faro del Cabo de la Nao es de esos lugares que justifican por s\u00ed solos una escapada a J\u00e1vea. Est\u00e1 ubicado en el punto m\u00e1s oriental del litoral de la Comunitat Valenciana y regala unas vistas de acantilado y Mediterr\u00e1neo que hacen que la visita merezca much\u00edsimo la pena.&nbsp; Si est\u00e1s por la zona [&hellip;]<\/p>\n","protected":false},"author":2,"featured_media":1695,"comment_status":"open","ping_status":"open","sticky":false,"template":"","format":"standard","meta":{"footnotes":""},"categories":[20,1],"tags":[],"class_list":["post-1703","post","type-post","status-publish","format-standard","has-post-thumbnail","hentry","category-javea","category-sin-categoria"],"yoast_head":"<!-- This site is optimized with the Yoast SEO plugin v25.2 - https:\/\/yoast.com\/wordpress\/plugins\/seo\/ -->\n<title>Visita el Cabo de la Nao en J\u00e1vea - Blog<\/title>\n<meta name=\"description\" content=\"Explora la magia del Faro del Cabo de la Nao: contempla vistas incre\u00edbles, del\u00e9itate con su entorno natural y organiza tu escapada ideal.\" \/>\n<meta name=\"robots\" content=\"index, follow, max-snippet:-1, max-image-preview:large, max-video-preview:-1\" \/>\n<link rel=\"canonical\" href=\"https:\/\/www.ontravelholidayrentals.com\/blog\/faro-cabo-de-la-nao-javea\/\" \/>\n<meta property=\"og:locale\" content=\"es_ES\" \/>\n<meta property=\"og:type\" content=\"article\" \/>\n<meta property=\"og:title\" content=\"Visita el Cabo de la Nao en J\u00e1vea - Blog\" \/>\n<meta property=\"og:description\" content=\"Explora la magia del Faro del Cabo de la Nao: contempla vistas incre\u00edbles, del\u00e9itate con su entorno natural y organiza tu escapada ideal.\" \/>\n<meta property=\"og:url\" content=\"https:\/\/www.ontravelholidayrentals.com\/blog\/faro-cabo-de-la-nao-javea\/\" \/>\n<meta property=\"og:site_name\" content=\"Blog\" \/>\n<meta property=\"article:published_time\" content=\"2026-04-17T12:45:33+00:00\" \/>\n<meta property=\"article:modified_time\" content=\"2026-04-20T07:58:36+00:00\" \/>\n<meta property=\"og:image\" content=\"https:\/\/www.ontravelholidayrentals.com\/blog\/wp-content\/uploads\/2026\/04\/faro-cabo-nao.webp\" \/>\n\t<meta property=\"og:image:width\" content=\"1360\" \/>\n\t<meta property=\"og:image:height\" content=\"1020\" \/>\n\t<meta property=\"og:image:type\" content=\"image\/webp\" \/>\n<meta name=\"author\" content=\"digitalservices\" \/>\n<meta name=\"twitter:card\" content=\"summary_large_image\" \/>\n<meta name=\"twitter:label1\" content=\"Escrito por\" \/>\n\t<meta name=\"twitter:data1\" content=\"digitalservices\" \/>\n\t<meta name=\"twitter:label2\" content=\"Tiempo de lectura\" \/>\n\t<meta name=\"twitter:data2\" content=\"6 minutos\" \/>\n<script type=\"application\/ld+json\" class=\"yoast-schema-graph\">{\"@context\":\"https:\/\/schema.org\",\"@graph\":[{\"@type\":\"Article\",\"@id\":\"https:\/\/www.ontravelholidayrentals.com\/blog\/faro-cabo-de-la-nao-javea\/#article\",\"isPartOf\":{\"@id\":\"https:\/\/www.ontravelholidayrentals.com\/blog\/faro-cabo-de-la-nao-javea\/\"},\"author\":{\"name\":\"digitalservices\",\"@id\":\"https:\/\/www.ontravelholidayrentals.com\/blog\/#\/schema\/person\/4a04ea6edf25d5d452068c5ab6d33eee\"},\"headline\":\"Faro del Cabo de la Nao en J\u00e1vea, una visita con vistas que no decepciona\",\"datePublished\":\"2026-04-17T12:45:33+00:00\",\"dateModified\":\"2026-04-20T07:58:36+00:00\",\"mainEntityOfPage\":{\"@id\":\"https:\/\/www.ontravelholidayrentals.com\/blog\/faro-cabo-de-la-nao-javea\/\"},\"wordCount\":1116,\"commentCount\":0,\"publisher\":{\"@id\":\"https:\/\/www.ontravelholidayrentals.com\/blog\/#organization\"},\"image\":{\"@id\":\"https:\/\/www.ontravelholidayrentals.com\/blog\/faro-cabo-de-la-nao-javea\/#primaryimage\"},\"thumbnailUrl\":\"https:\/\/www.ontravelholidayrentals.com\/blog\/wp-content\/uploads\/2026\/04\/faro-cabo-nao.webp\",\"articleSection\":[\"J\u00e1vea\"],\"inLanguage\":\"es\",\"potentialAction\":[{\"@type\":\"CommentAction\",\"name\":\"Comment\",\"target\":[\"https:\/\/www.ontravelholidayrentals.com\/blog\/faro-cabo-de-la-nao-javea\/#respond\"]}]},{\"@type\":\"WebPage\",\"@id\":\"https:\/\/www.ontravelholidayrentals.com\/blog\/faro-cabo-de-la-nao-javea\/\",\"url\":\"https:\/\/www.ontravelholidayrentals.com\/blog\/faro-cabo-de-la-nao-javea\/\",\"name\":\"Visita el Cabo de la Nao en J\u00e1vea - Blog\",\"isPartOf\":{\"@id\":\"https:\/\/www.ontravelholidayrentals.com\/blog\/#website\"},\"primaryImageOfPage\":{\"@id\":\"https:\/\/www.ontravelholidayrentals.com\/blog\/faro-cabo-de-la-nao-javea\/#primaryimage\"},\"image\":{\"@id\":\"https:\/\/www.ontravelholidayrentals.com\/blog\/faro-cabo-de-la-nao-javea\/#primaryimage\"},\"thumbnailUrl\":\"https:\/\/www.ontravelholidayrentals.com\/blog\/wp-content\/uploads\/2026\/04\/faro-cabo-nao.webp\",\"datePublished\":\"2026-04-17T12:45:33+00:00\",\"dateModified\":\"2026-04-20T07:58:36+00:00\",\"description\":\"Explora la magia del Faro del Cabo de la Nao: contempla vistas incre\u00edbles, del\u00e9itate con su entorno natural y organiza tu escapada ideal.\",\"breadcrumb\":{\"@id\":\"https:\/\/www.ontravelholidayrentals.com\/blog\/faro-cabo-de-la-nao-javea\/#breadcrumb\"},\"inLanguage\":\"es\",\"potentialAction\":[{\"@type\":\"ReadAction\",\"target\":[\"https:\/\/www.ontravelholidayrentals.com\/blog\/faro-cabo-de-la-nao-javea\/\"]}]},{\"@type\":\"ImageObject\",\"inLanguage\":\"es\",\"@id\":\"https:\/\/www.ontravelholidayrentals.com\/blog\/faro-cabo-de-la-nao-javea\/#primaryimage\",\"url\":\"https:\/\/www.ontravelholidayrentals.com\/blog\/wp-content\/uploads\/2026\/04\/faro-cabo-nao.webp\",\"contentUrl\":\"https:\/\/www.ontravelholidayrentals.com\/blog\/wp-content\/uploads\/2026\/04\/faro-cabo-nao.webp\",\"width\":1360,\"height\":1020,\"caption\":\"faro cabo nao\"},{\"@type\":\"BreadcrumbList\",\"@id\":\"https:\/\/www.ontravelholidayrentals.com\/blog\/faro-cabo-de-la-nao-javea\/#breadcrumb\",\"itemListElement\":[{\"@type\":\"ListItem\",\"position\":1,\"name\":\"Portada\",\"item\":\"https:\/\/www.ontravelholidayrentals.com\/blog\/\"},{\"@type\":\"ListItem\",\"position\":2,\"name\":\"Faro del Cabo de la Nao en J\u00e1vea, una visita con vistas que no decepciona\"}]},{\"@type\":\"WebSite\",\"@id\":\"https:\/\/www.ontravelholidayrentals.com\/blog\/#website\",\"url\":\"https:\/\/www.ontravelholidayrentals.com\/blog\/\",\"name\":\"Blog\",\"description\":\"Ontravelholidayrentals\",\"publisher\":{\"@id\":\"https:\/\/www.ontravelholidayrentals.com\/blog\/#organization\"},\"potentialAction\":[{\"@type\":\"SearchAction\",\"target\":{\"@type\":\"EntryPoint\",\"urlTemplate\":\"https:\/\/www.ontravelholidayrentals.com\/blog\/?s={search_term_string}\"},\"query-input\":{\"@type\":\"PropertyValueSpecification\",\"valueRequired\":true,\"valueName\":\"search_term_string\"}}],\"inLanguage\":\"es\"},{\"@type\":\"Organization\",\"@id\":\"https:\/\/www.ontravelholidayrentals.com\/blog\/#organization\",\"name\":\"Blog\",\"url\":\"https:\/\/www.ontravelholidayrentals.com\/blog\/\",\"logo\":{\"@type\":\"ImageObject\",\"inLanguage\":\"es\",\"@id\":\"https:\/\/www.ontravelholidayrentals.com\/blog\/#\/schema\/logo\/image\/\",\"url\":\"https:\/\/www.ontravelholidayrentals.com\/blog\/wp-content\/uploads\/2025\/02\/logo-oliva-nova.webp\",\"contentUrl\":\"https:\/\/www.ontravelholidayrentals.com\/blog\/wp-content\/uploads\/2025\/02\/logo-oliva-nova.webp\",\"width\":2454,\"height\":875,\"caption\":\"Blog\"},\"image\":{\"@id\":\"https:\/\/www.ontravelholidayrentals.com\/blog\/#\/schema\/logo\/image\/\"}},{\"@type\":\"Person\",\"@id\":\"https:\/\/www.ontravelholidayrentals.com\/blog\/#\/schema\/person\/4a04ea6edf25d5d452068c5ab6d33eee\",\"name\":\"digitalservices\",\"image\":{\"@type\":\"ImageObject\",\"inLanguage\":\"es\",\"@id\":\"https:\/\/www.ontravelholidayrentals.com\/blog\/#\/schema\/person\/image\/\",\"url\":\"https:\/\/secure.gravatar.com\/avatar\/af30f88a1904294c1f3eb09a9d7903eec4ffa18fa2cf40c28a8681014ecdfc20?s=96&d=mm&r=g\",\"contentUrl\":\"https:\/\/secure.gravatar.com\/avatar\/af30f88a1904294c1f3eb09a9d7903eec4ffa18fa2cf40c28a8681014ecdfc20?s=96&d=mm&r=g\",\"caption\":\"digitalservices\"},\"url\":\"https:\/\/www.ontravelholidayrentals.com\/blog\/author\/digitalservices\/\"}]}<\/script>\n<!-- \/ Yoast SEO plugin. -->","yoast_head_json":{"title":"Visita el Cabo de la Nao en J\u00e1vea - Blog","description":"Explora la magia del Faro del Cabo de la Nao: contempla vistas incre\u00edbles, del\u00e9itate con su entorno natural y organiza tu escapada ideal.","robots":{"index":"index","follow":"follow","max-snippet":"max-snippet:-1","max-image-preview":"max-image-preview:large","max-video-preview":"max-video-preview:-1"},"canonical":"https:\/\/www.ontravelholidayrentals.com\/blog\/faro-cabo-de-la-nao-javea\/","og_locale":"es_ES","og_type":"article","og_title":"Visita el Cabo de la Nao en J\u00e1vea - Blog","og_description":"Explora la magia del Faro del Cabo de la Nao: contempla vistas incre\u00edbles, del\u00e9itate con su entorno natural y organiza tu escapada ideal.","og_url":"https:\/\/www.ontravelholidayrentals.com\/blog\/faro-cabo-de-la-nao-javea\/","og_site_name":"Blog","article_published_time":"2026-04-17T12:45:33+00:00","article_modified_time":"2026-04-20T07:58:36+00:00","og_image":[{"width":1360,"height":1020,"url":"https:\/\/www.ontravelholidayrentals.com\/blog\/wp-content\/uploads\/2026\/04\/faro-cabo-nao.webp","type":"image\/webp"}],"author":"digitalservices","twitter_card":"summary_large_image","twitter_misc":{"Escrito por":"digitalservices","Tiempo de lectura":"6 minutos"},"schema":{"@context":"https:\/\/schema.org","@graph":[{"@type":"Article","@id":"https:\/\/www.ontravelholidayrentals.com\/blog\/faro-cabo-de-la-nao-javea\/#article","isPartOf":{"@id":"https:\/\/www.ontravelholidayrentals.com\/blog\/faro-cabo-de-la-nao-javea\/"},"author":{"name":"digitalservices","@id":"https:\/\/www.ontravelholidayrentals.com\/blog\/#\/schema\/person\/4a04ea6edf25d5d452068c5ab6d33eee"},"headline":"Faro del Cabo de la Nao en J\u00e1vea, una visita con vistas que no decepciona","datePublished":"2026-04-17T12:45:33+00:00","dateModified":"2026-04-20T07:58:36+00:00","mainEntityOfPage":{"@id":"https:\/\/www.ontravelholidayrentals.com\/blog\/faro-cabo-de-la-nao-javea\/"},"wordCount":1116,"commentCount":0,"publisher":{"@id":"https:\/\/www.ontravelholidayrentals.com\/blog\/#organization"},"image":{"@id":"https:\/\/www.ontravelholidayrentals.com\/blog\/faro-cabo-de-la-nao-javea\/#primaryimage"},"thumbnailUrl":"https:\/\/www.ontravelholidayrentals.com\/blog\/wp-content\/uploads\/2026\/04\/faro-cabo-nao.webp","articleSection":["J\u00e1vea"],"inLanguage":"es","potentialAction":[{"@type":"CommentAction","name":"Comment","target":["https:\/\/www.ontravelholidayrentals.com\/blog\/faro-cabo-de-la-nao-javea\/#respond"]}]},{"@type":"WebPage","@id":"https:\/\/www.ontravelholidayrentals.com\/blog\/faro-cabo-de-la-nao-javea\/","url":"https:\/\/www.ontravelholidayrentals.com\/blog\/faro-cabo-de-la-nao-javea\/","name":"Visita el Cabo de la Nao en J\u00e1vea - Blog","isPartOf":{"@id":"https:\/\/www.ontravelholidayrentals.com\/blog\/#website"},"primaryImageOfPage":{"@id":"https:\/\/www.ontravelholidayrentals.com\/blog\/faro-cabo-de-la-nao-javea\/#primaryimage"},"image":{"@id":"https:\/\/www.ontravelholidayrentals.com\/blog\/faro-cabo-de-la-nao-javea\/#primaryimage"},"thumbnailUrl":"https:\/\/www.ontravelholidayrentals.com\/blog\/wp-content\/uploads\/2026\/04\/faro-cabo-nao.webp","datePublished":"2026-04-17T12:45:33+00:00","dateModified":"2026-04-20T07:58:36+00:00","description":"Explora la magia del Faro del Cabo de la Nao: contempla vistas incre\u00edbles, del\u00e9itate con su entorno natural y organiza tu escapada ideal.","breadcrumb":{"@id":"https:\/\/www.ontravelholidayrentals.com\/blog\/faro-cabo-de-la-nao-javea\/#breadcrumb"},"inLanguage":"es","potentialAction":[{"@type":"ReadAction","target":["https:\/\/www.ontravelholidayrentals.com\/blog\/faro-cabo-de-la-nao-javea\/"]}]},{"@type":"ImageObject","inLanguage":"es","@id":"https:\/\/www.ontravelholidayrentals.com\/blog\/faro-cabo-de-la-nao-javea\/#primaryimage","url":"https:\/\/www.ontravelholidayrentals.com\/blog\/wp-content\/uploads\/2026\/04\/faro-cabo-nao.webp","contentUrl":"https:\/\/www.ontravelholidayrentals.com\/blog\/wp-content\/uploads\/2026\/04\/faro-cabo-nao.webp","width":1360,"height":1020,"caption":"faro cabo nao"},{"@type":"BreadcrumbList","@id":"https:\/\/www.ontravelholidayrentals.com\/blog\/faro-cabo-de-la-nao-javea\/#breadcrumb","itemListElement":[{"@type":"ListItem","position":1,"name":"Portada","item":"https:\/\/www.ontravelholidayrentals.com\/blog\/"},{"@type":"ListItem","position":2,"name":"Faro del Cabo de la Nao en J\u00e1vea, una visita con vistas que no decepciona"}]},{"@type":"WebSite","@id":"https:\/\/www.ontravelholidayrentals.com\/blog\/#website","url":"https:\/\/www.ontravelholidayrentals.com\/blog\/","name":"Blog","description":"Ontravelholidayrentals","publisher":{"@id":"https:\/\/www.ontravelholidayrentals.com\/blog\/#organization"},"potentialAction":[{"@type":"SearchAction","target":{"@type":"EntryPoint","urlTemplate":"https:\/\/www.ontravelholidayrentals.com\/blog\/?s={search_term_string}"},"query-input":{"@type":"PropertyValueSpecification","valueRequired":true,"valueName":"search_term_string"}}],"inLanguage":"es"},{"@type":"Organization","@id":"https:\/\/www.ontravelholidayrentals.com\/blog\/#organization","name":"Blog","url":"https:\/\/www.ontravelholidayrentals.com\/blog\/","logo":{"@type":"ImageObject","inLanguage":"es","@id":"https:\/\/www.ontravelholidayrentals.com\/blog\/#\/schema\/logo\/image\/","url":"https:\/\/www.ontravelholidayrentals.com\/blog\/wp-content\/uploads\/2025\/02\/logo-oliva-nova.webp","contentUrl":"https:\/\/www.ontravelholidayrentals.com\/blog\/wp-content\/uploads\/2025\/02\/logo-oliva-nova.webp","width":2454,"height":875,"caption":"Blog"},"image":{"@id":"https:\/\/www.ontravelholidayrentals.com\/blog\/#\/schema\/logo\/image\/"}},{"@type":"Person","@id":"https:\/\/www.ontravelholidayrentals.com\/blog\/#\/schema\/person\/4a04ea6edf25d5d452068c5ab6d33eee","name":"digitalservices","image":{"@type":"ImageObject","inLanguage":"es","@id":"https:\/\/www.ontravelholidayrentals.com\/blog\/#\/schema\/person\/image\/","url":"https:\/\/secure.gravatar.com\/avatar\/af30f88a1904294c1f3eb09a9d7903eec4ffa18fa2cf40c28a8681014ecdfc20?s=96&d=mm&r=g","contentUrl":"https:\/\/secure.gravatar.com\/avatar\/af30f88a1904294c1f3eb09a9d7903eec4ffa18fa2cf40c28a8681014ecdfc20?s=96&d=mm&r=g","caption":"digitalservices"},"url":"https:\/\/www.ontravelholidayrentals.com\/blog\/author\/digitalservices\/"}]}},"_links":{"self":[{"href":"https:\/\/www.ontravelholidayrentals.com\/blog\/wp-json\/wp\/v2\/posts\/1703","targetHints":{"allow":["GET"]}}],"collection":[{"href":"https:\/\/www.ontravelholidayrentals.com\/blog\/wp-json\/wp\/v2\/posts"}],"about":[{"href":"https:\/\/www.ontravelholidayrentals.com\/blog\/wp-json\/wp\/v2\/types\/post"}],"author":[{"embeddable":true,"href":"https:\/\/www.ontravelholidayrentals.com\/blog\/wp-json\/wp\/v2\/users\/2"}],"replies":[{"embeddable":true,"href":"https:\/\/www.ontravelholidayrentals.com\/blog\/wp-json\/wp\/v2\/comments?post=1703"}],"version-history":[{"count":1,"href":"https:\/\/www.ontravelholidayrentals.com\/blog\/wp-json\/wp\/v2\/posts\/1703\/revisions"}],"predecessor-version":[{"id":1704,"href":"https:\/\/www.ontravelholidayrentals.com\/blog\/wp-json\/wp\/v2\/posts\/1703\/revisions\/1704"}],"wp:featuredmedia":[{"embeddable":true,"href":"https:\/\/www.ontravelholidayrentals.com\/blog\/wp-json\/wp\/v2\/media\/1695"}],"wp:attachment":[{"href":"https:\/\/www.ontravelholidayrentals.com\/blog\/wp-json\/wp\/v2\/media?parent=1703"}],"wp:term":[{"taxonomy":"category","embeddable":true,"href":"https:\/\/www.ontravelholidayrentals.com\/blog\/wp-json\/wp\/v2\/categories?post=1703"},{"taxonomy":"post_tag","embeddable":true,"href":"https:\/\/www.ontravelholidayrentals.com\/blog\/wp-json\/wp\/v2\/tags?post=1703"}],"curies":[{"name":"wp","href":"https:\/\/api.w.org\/{rel}","templated":true}]}}