{"id":1645,"date":"2026-03-23T11:33:55","date_gmt":"2026-03-23T11:33:55","guid":{"rendered":"https:\/\/www.ontravelholidayrentals.com\/blog\/?p=1645"},"modified":"2026-03-23T11:34:33","modified_gmt":"2026-03-23T11:34:33","slug":"cabo-de-la-nao","status":"publish","type":"post","link":"https:\/\/www.ontravelholidayrentals.com\/blog\/cabo-de-la-nao\/","title":{"rendered":"Cabo de la Nao en J\u00e1vea, el mirador m\u00e1s brutal de la Costa Blanca"},"content":{"rendered":"\n<p>El Cabo de la Nao en J\u00e1vea es un lugar donde disfrutar\u00e1s de unas vistas envidiables. Es el punto m\u00e1s oriental de la costa de Alicante, un <b>balc\u00f3n natural sobre el Mediterr\u00e1neo<\/b> para admirar las vistas que puede ofrecerte el mar.<\/p>\n\n\n\n<p>Adem\u00e1s de unas vistas espectaculares, el mirador del Cabo de la Nao cuenta con c<b>uevas marinas<\/b> que parecen sacadas de una pel\u00edcula de aventuras. En d\u00edas claros incluso puedes llegar a divisar la isla de Ibiza.&nbsp;<\/p>\n\n\n\n<p>Aqu\u00ed te ense\u00f1amos todo lo que necesitas saber para disfrutarlo a lo grande, desde donde est\u00e1 y c\u00f3mo llegar sin problemas hasta ideas para que tengas un planazo de d\u00eda completo.<\/p>\n\n\n\n<p><\/p>\n\n\n\n<h2 class=\"wp-block-heading\">\u00bfD\u00f3nde est\u00e1 el Mirador del Cabo de la Nao? ubicaci\u00f3n y puntos clave<\/h2>\n\n\n\n<p>El Cabo de la Nao se encuentra en J\u00e1vea, en el <b>extremo m\u00e1s oriental de la pen\u00ednsula<\/b> en esta zona, a pocos kil\u00f3metros al sur del centro urbano y muy cerca de otras joyas como el cabo de San Antonio o el cabo Prim.&nbsp;<\/p>\n\n\n\n<p>Es un conjunto rocoso que se adentra al mar y forma parte de la famosa<b> ruta de miradores de J\u00e1vea<\/b>, un recorrido con un quincena de puntos panor\u00e1micos que har\u00e1 que te enamores del litoral.<\/p>\n\n\n\n<p>En lo alto del cabo se alza el <b>faro del Cabo de la Nao<\/b>, de planta octogonal, en funcionamiento desde 1928 y situado a m\u00e1s de 100 metros sobre el nivel del mar. Junto al faro encontrar\u00e1s el mirador del Cabo de la Nao, con varias zonas donde puedes contemplar las cuevas marinas, calas como Ambolo o Barraca e incluso la isla del Descubridor.<\/p>\n\n\n\n<iframe src=\"https:\/\/www.google.com\/maps\/embed?pb=!1m18!1m12!1m3!1d24900.48996213976!2d0.21372436152290747!3d38.72788123938948!2m3!1f0!2f0!3f0!3m2!1i1024!2i768!4f13.1!3m3!1m2!1s0x129e0bf91ec6cf05%3A0x117413cb2b96c206!2sMirador%20del%20Cabo%20de%20la%20Nao!5e0!3m2!1ses!2ses!4v1774261420379!5m2!1ses!2ses\" width=\"600\" height=\"450\" style=\"border:0;\" allowfullscreen=\"\" loading=\"lazy\" referrerpolicy=\"no-referrer-when-downgrade\"><\/iframe>\n\n\n\n<h2 class=\"wp-block-heading\">C\u00f3mo llegar al Cabo de la Nao mapa, acceso y d\u00f3nde aparcar sin dramas<\/h2>\n\n\n\n<p>Llegar al Cabo de la Nao es bastante sencillo, sobre todo en coche. El cabo est\u00e1 bien indicado desde la localidad de J\u00e1vea y se accede por <b>carretera en direcci\u00f3n sur<\/b>, siguiendo los carteles de Cabo de la Nao\/Cap de la Nau.<\/p>\n\n\n\n<p>Si sales desde el centro de J\u00e1vea, <b>solo tienes que seguir la carretera que sube hacia la zona de urbanizaciones<\/b> y miradores del sur, direcci\u00f3n cabo de la Nao, y en unos minutos estar\u00e1s arriba.<\/p>\n\n\n\n<p>Desde Moraira, lo normal es tomar la <b>carretera costera en direcci\u00f3n a J\u00e1vea<\/b> y seguir las indicaciones hacia el cabo, disfrutando ya por el camino de vistas muy potentes del litoral. Si vienes de m\u00e1s lejos, como Denia y Oliva, puedes <b>seguir la N-332 y despu\u00e9s desviarte hacia J\u00e1vea<\/b>, para finalmente continuar hacia el cabo por las carreteras locales.<\/p>\n\n\n\n<p>En cuanto al parking, hay una <b>zona de estacionamiento en el acceso al recinto del faro<\/b> y \u00e1reas donde dejar el coche, aunque conviene ir con tiempo en fines de semana o temporada alta. El mejor consejo es evitar las horas puntas de mediod\u00eda en verano y apostar por la ma\u00f1ana o el final de la tarde.<\/p>\n\n\n\n<figure class=\"wp-block-image size-large\"><img fetchpriority=\"high\" decoding=\"async\" width=\"1024\" height=\"768\" src=\"https:\/\/www.ontravelholidayrentals.com\/blog\/wp-content\/uploads\/2026\/03\/cabo-de-la-nao-1024x768.webp\" alt=\"\" class=\"wp-image-1610\" style=\"aspect-ratio:3\/2;object-fit:cover\" srcset=\"https:\/\/www.ontravelholidayrentals.com\/blog\/wp-content\/uploads\/2026\/03\/cabo-de-la-nao-1024x768.webp 1024w, https:\/\/www.ontravelholidayrentals.com\/blog\/wp-content\/uploads\/2026\/03\/cabo-de-la-nao-300x225.webp 300w, https:\/\/www.ontravelholidayrentals.com\/blog\/wp-content\/uploads\/2026\/03\/cabo-de-la-nao-768x576.webp 768w, https:\/\/www.ontravelholidayrentals.com\/blog\/wp-content\/uploads\/2026\/03\/cabo-de-la-nao.webp 1360w\" sizes=\"(max-width: 1024px) 100vw, 1024px\" \/><\/figure>\n\n\n\n<h2 class=\"wp-block-heading\">Qu\u00e9 hacer cerca del Cabo de la Nao en J\u00e1vea planes para completar el d\u00eda<\/h2>\n\n\n\n<p>El Cabo de la Nao es el centro perfecto para un d\u00eda entre <b>miradores, calas y buena comida<\/b>. Todo el entorno est\u00e1 lleno de cuevas marinas, calas escondidas y vistas panor\u00e1micas que se pueden combinar f\u00e1cilmente en una jornada.<\/p>\n\n\n\n<p>Algunas ideas pueden ser bajar a las calas cercanas como<b> Cala Ambolo<\/b>, de aguas profundas ideales para bucear, o la <b>Cala de Barraca<\/b>, famosa por las casas de pescadores y el islote frente a la orilla.<\/p>\n\n\n\n<p>Un plan perfecto es seguir la ruta de los miradores de J\u00e1vea, que incluye vistas espectaculares como las del<b> cabo de San Antonio <\/b>o el <b>cabo Prim<\/b>. En caso de que quieras hacer una parada gastron\u00f3mica en J\u00e1vea o en los alrededores, los restaurantes no te dejar\u00e1n con mal sabor de boca, <b>prueba sus arroces o el pescado fresco<\/b>, mientras disfrutas de las vistas al mar.<\/p>\n\n\n\n<p>Un plan de d\u00eda perfecto <b>puede comenzar en el mirador del Cabo de la Nao<\/b> a primera hora, despu\u00e9s bajar a una cala cercana para darte un ba\u00f1o, y por la tarde recorrer el resto de miradores o el paseo mar\u00edtimo para terminar con una cena con vistas al horizonte.<\/p>\n\n\n\n<figure class=\"wp-block-image size-large\"><img decoding=\"async\" width=\"1024\" height=\"577\" src=\"https:\/\/www.ontravelholidayrentals.com\/blog\/wp-content\/uploads\/2026\/03\/cabo-la-nao-1024x577.webp\" alt=\"\" class=\"wp-image-1614\" srcset=\"https:\/\/www.ontravelholidayrentals.com\/blog\/wp-content\/uploads\/2026\/03\/cabo-la-nao-1024x577.webp 1024w, https:\/\/www.ontravelholidayrentals.com\/blog\/wp-content\/uploads\/2026\/03\/cabo-la-nao-300x169.webp 300w, https:\/\/www.ontravelholidayrentals.com\/blog\/wp-content\/uploads\/2026\/03\/cabo-la-nao-768x433.webp 768w, https:\/\/www.ontravelholidayrentals.com\/blog\/wp-content\/uploads\/2026\/03\/cabo-la-nao.webp 1360w\" sizes=\"(max-width: 1024px) 100vw, 1024px\" \/><\/figure>\n\n\n\n<h2 class=\"wp-block-heading\">Preguntas frecuentes antes de tu visita al Cabo de la Nao<\/h2>\n\n\n\n<h3 class=\"wp-block-heading\">\u00bfCu\u00e1l es la mejor hora para ir al mirador del Cabo de la Nao?<\/h3>\n\n\n\n<p>El<b> amanecer y el atardecer son los momentos estrella<\/b>, donde la luz se vuelve dorada y el mar cambia de tonos, creando un paisaje ideal para fotograf\u00edar y para quedarse a mirar. Durante las horas centrales del d\u00eda el sol pega fuerte, especialmente en verano, as\u00ed que es mejor evitarlas si quieres caminar c\u00f3modo y no achicharrarte.<\/p>\n\n\n\n<h3 class=\"wp-block-heading\">\u00bfCu\u00e1nto tiempo necesito para la visita?<\/h3>\n\n\n\n<p>Si solo quieres acercarte al mirador, con <b>30 o 45 minutos tendr\u00e1s tiempo de sobra<\/b> para pasear por la zona, contemplar el faro, y pasarte por las terrazas. Si adem\u00e1s vas a combinarlo con calas cercanas, otros miradores o una parada gastron\u00f3mica, calcula medio d\u00eda o el d\u00eda completo, porque la zona da para mucho m\u00e1s que una visita r\u00e1pida.<\/p>\n\n\n\n<figure class=\"wp-block-image size-large\"><img decoding=\"async\" width=\"1024\" height=\"768\" src=\"https:\/\/www.ontravelholidayrentals.com\/blog\/wp-content\/uploads\/2026\/03\/que-ver-cabo-de-la-nao-1024x768.webp\" alt=\"\" class=\"wp-image-1618\" srcset=\"https:\/\/www.ontravelholidayrentals.com\/blog\/wp-content\/uploads\/2026\/03\/que-ver-cabo-de-la-nao-1024x768.webp 1024w, https:\/\/www.ontravelholidayrentals.com\/blog\/wp-content\/uploads\/2026\/03\/que-ver-cabo-de-la-nao-300x225.webp 300w, https:\/\/www.ontravelholidayrentals.com\/blog\/wp-content\/uploads\/2026\/03\/que-ver-cabo-de-la-nao-768x576.webp 768w, https:\/\/www.ontravelholidayrentals.com\/blog\/wp-content\/uploads\/2026\/03\/que-ver-cabo-de-la-nao.webp 1360w\" sizes=\"(max-width: 1024px) 100vw, 1024px\" \/><\/figure>\n\n\n\n<h3 class=\"wp-block-heading\">\u00bfEs apto para ir con ni\u00f1os?<\/h3>\n\n\n\n<p>S\u00ed, es un lugar que se puede visitar perfectamente en familia, aunque conviene tener <b>cuidado cerca de los acantilados<\/b> y respetar siempre las barreras y zonas se\u00f1alizadas. No es una ruta de senderismo complicada, pero s\u00ed un entorno donde hay que estar atento, sobre todo si hace viento o los peque\u00f1os son muy curiosos con los bordes.<\/p>\n\n\n\n<h3 class=\"wp-block-heading\">\u00bfSuele hacer viento? \u00bfQu\u00e9 llevo?<\/h3>\n\n\n\n<p>Al estar en un cabo elevado y expuesto, es<b> bastante habitual que sople el viento<\/b>, especialmente en d\u00edas de cambio de tiempo o en ciertas \u00e9pocas del a\u00f1o. Lleva siempre <b>calzado c\u00f3modo<\/b>, algo de abrigo ligero si no es pleno verano, protecci\u00f3n solar, gorra y agua, porque el sol del Mediterr\u00e1neo puede ser intenso incluso cuando corre la brisa.<\/p>\n\n\n\n<h2 class=\"wp-block-heading\">Ven a descubrir el Cabo de la Nao y qu\u00e9date cerca para verlo sin prisas<\/h2>\n\n\n\n<p>El cabo de la Nao es uno de los sitios de la Costa Blanca que<b> conviene disfrutar despacio<\/b>. La mejor manera de hacerlo es dormir cerca y usar la zona como base para organizar las escapadas a otras calas, hacer la ruta o descubrir esas cuevas marinas.<\/p>\n\n\n\n<p>No dudes en contactar con nosotros para reservar tu apartamento en la Costa Blanca. As\u00ed podr\u00e1s moverte a tu ritmo, sin preocupaciones y <b>disfrutar de todos los rincones ocultos<\/b> que te ofrece este para\u00edso.<\/p>\n\n\n\n<p><\/p>\n","protected":false},"excerpt":{"rendered":"<p>El Cabo de la Nao en J\u00e1vea es un lugar donde disfrutar\u00e1s de unas vistas envidiables. Es el punto m\u00e1s oriental de la costa de Alicante, un balc\u00f3n natural sobre el Mediterr\u00e1neo para admirar las vistas que puede ofrecerte el mar. Adem\u00e1s de unas vistas espectaculares, el mirador del Cabo de la Nao cuenta con [&hellip;]<\/p>\n","protected":false},"author":2,"featured_media":1622,"comment_status":"open","ping_status":"open","sticky":false,"template":"","format":"standard","meta":{"footnotes":""},"categories":[20],"tags":[],"class_list":["post-1645","post","type-post","status-publish","format-standard","has-post-thumbnail","hentry","category-javea"],"yoast_head":"<!-- This site is optimized with the Yoast SEO plugin v25.2 - https:\/\/yoast.com\/wordpress\/plugins\/seo\/ -->\n<title>Cabo de la Nao en J\u00e1vea, el mirador m\u00e1s brutal de la Costa Blanca - Blog<\/title>\n<meta name=\"description\" content=\"Descubre la belleza del Cabo de la Nao. Planifica tu visita y disfruta de vistas espectaculares. \u00a1Explora este rinc\u00f3n ahora!\" \/>\n<meta name=\"robots\" content=\"index, follow, max-snippet:-1, max-image-preview:large, max-video-preview:-1\" \/>\n<link rel=\"canonical\" href=\"https:\/\/www.ontravelholidayrentals.com\/blog\/cabo-de-la-nao\/\" \/>\n<meta property=\"og:locale\" content=\"es_ES\" \/>\n<meta property=\"og:type\" content=\"article\" \/>\n<meta property=\"og:title\" content=\"Cabo de la Nao en J\u00e1vea, el mirador m\u00e1s brutal de la Costa Blanca - Blog\" \/>\n<meta property=\"og:description\" content=\"Descubre la belleza del Cabo de la Nao. Planifica tu visita y disfruta de vistas espectaculares. \u00a1Explora este rinc\u00f3n ahora!\" \/>\n<meta property=\"og:url\" content=\"https:\/\/www.ontravelholidayrentals.com\/blog\/cabo-de-la-nao\/\" \/>\n<meta property=\"og:site_name\" content=\"Blog\" \/>\n<meta property=\"article:published_time\" content=\"2026-03-23T11:33:55+00:00\" \/>\n<meta property=\"article:modified_time\" content=\"2026-03-23T11:34:33+00:00\" \/>\n<meta property=\"og:image\" content=\"https:\/\/www.ontravelholidayrentals.com\/blog\/wp-content\/uploads\/2026\/03\/visitar-cabo-de-la-nao-javea.webp\" \/>\n\t<meta property=\"og:image:width\" content=\"1360\" \/>\n\t<meta property=\"og:image:height\" content=\"1020\" \/>\n\t<meta property=\"og:image:type\" content=\"image\/webp\" \/>\n<meta name=\"author\" content=\"digitalservices\" \/>\n<meta name=\"twitter:card\" content=\"summary_large_image\" \/>\n<meta name=\"twitter:label1\" content=\"Escrito por\" \/>\n\t<meta name=\"twitter:data1\" content=\"digitalservices\" \/>\n\t<meta name=\"twitter:label2\" content=\"Tiempo de lectura\" \/>\n\t<meta name=\"twitter:data2\" content=\"6 minutos\" \/>\n<script type=\"application\/ld+json\" class=\"yoast-schema-graph\">{\"@context\":\"https:\/\/schema.org\",\"@graph\":[{\"@type\":\"Article\",\"@id\":\"https:\/\/www.ontravelholidayrentals.com\/blog\/cabo-de-la-nao\/#article\",\"isPartOf\":{\"@id\":\"https:\/\/www.ontravelholidayrentals.com\/blog\/cabo-de-la-nao\/\"},\"author\":{\"name\":\"digitalservices\",\"@id\":\"https:\/\/www.ontravelholidayrentals.com\/blog\/#\/schema\/person\/4a04ea6edf25d5d452068c5ab6d33eee\"},\"headline\":\"Cabo de la Nao en J\u00e1vea, el mirador m\u00e1s brutal de la Costa Blanca\",\"datePublished\":\"2026-03-23T11:33:55+00:00\",\"dateModified\":\"2026-03-23T11:34:33+00:00\",\"mainEntityOfPage\":{\"@id\":\"https:\/\/www.ontravelholidayrentals.com\/blog\/cabo-de-la-nao\/\"},\"wordCount\":1134,\"commentCount\":0,\"publisher\":{\"@id\":\"https:\/\/www.ontravelholidayrentals.com\/blog\/#organization\"},\"image\":{\"@id\":\"https:\/\/www.ontravelholidayrentals.com\/blog\/cabo-de-la-nao\/#primaryimage\"},\"thumbnailUrl\":\"https:\/\/www.ontravelholidayrentals.com\/blog\/wp-content\/uploads\/2026\/03\/visitar-cabo-de-la-nao-javea.webp\",\"articleSection\":[\"J\u00e1vea\"],\"inLanguage\":\"es\",\"potentialAction\":[{\"@type\":\"CommentAction\",\"name\":\"Comment\",\"target\":[\"https:\/\/www.ontravelholidayrentals.com\/blog\/cabo-de-la-nao\/#respond\"]}]},{\"@type\":\"WebPage\",\"@id\":\"https:\/\/www.ontravelholidayrentals.com\/blog\/cabo-de-la-nao\/\",\"url\":\"https:\/\/www.ontravelholidayrentals.com\/blog\/cabo-de-la-nao\/\",\"name\":\"Cabo de la Nao en J\u00e1vea, el mirador m\u00e1s brutal de la Costa Blanca - Blog\",\"isPartOf\":{\"@id\":\"https:\/\/www.ontravelholidayrentals.com\/blog\/#website\"},\"primaryImageOfPage\":{\"@id\":\"https:\/\/www.ontravelholidayrentals.com\/blog\/cabo-de-la-nao\/#primaryimage\"},\"image\":{\"@id\":\"https:\/\/www.ontravelholidayrentals.com\/blog\/cabo-de-la-nao\/#primaryimage\"},\"thumbnailUrl\":\"https:\/\/www.ontravelholidayrentals.com\/blog\/wp-content\/uploads\/2026\/03\/visitar-cabo-de-la-nao-javea.webp\",\"datePublished\":\"2026-03-23T11:33:55+00:00\",\"dateModified\":\"2026-03-23T11:34:33+00:00\",\"description\":\"Descubre la belleza del Cabo de la Nao. Planifica tu visita y disfruta de vistas espectaculares. \u00a1Explora este rinc\u00f3n ahora!\",\"breadcrumb\":{\"@id\":\"https:\/\/www.ontravelholidayrentals.com\/blog\/cabo-de-la-nao\/#breadcrumb\"},\"inLanguage\":\"es\",\"potentialAction\":[{\"@type\":\"ReadAction\",\"target\":[\"https:\/\/www.ontravelholidayrentals.com\/blog\/cabo-de-la-nao\/\"]}]},{\"@type\":\"ImageObject\",\"inLanguage\":\"es\",\"@id\":\"https:\/\/www.ontravelholidayrentals.com\/blog\/cabo-de-la-nao\/#primaryimage\",\"url\":\"https:\/\/www.ontravelholidayrentals.com\/blog\/wp-content\/uploads\/2026\/03\/visitar-cabo-de-la-nao-javea.webp\",\"contentUrl\":\"https:\/\/www.ontravelholidayrentals.com\/blog\/wp-content\/uploads\/2026\/03\/visitar-cabo-de-la-nao-javea.webp\",\"width\":1360,\"height\":1020,\"caption\":\"visitar cabo de la nao javea\"},{\"@type\":\"BreadcrumbList\",\"@id\":\"https:\/\/www.ontravelholidayrentals.com\/blog\/cabo-de-la-nao\/#breadcrumb\",\"itemListElement\":[{\"@type\":\"ListItem\",\"position\":1,\"name\":\"Portada\",\"item\":\"https:\/\/www.ontravelholidayrentals.com\/blog\/\"},{\"@type\":\"ListItem\",\"position\":2,\"name\":\"Cabo de la Nao en J\u00e1vea, el mirador m\u00e1s brutal de la Costa Blanca\"}]},{\"@type\":\"WebSite\",\"@id\":\"https:\/\/www.ontravelholidayrentals.com\/blog\/#website\",\"url\":\"https:\/\/www.ontravelholidayrentals.com\/blog\/\",\"name\":\"Blog\",\"description\":\"Ontravelholidayrentals\",\"publisher\":{\"@id\":\"https:\/\/www.ontravelholidayrentals.com\/blog\/#organization\"},\"potentialAction\":[{\"@type\":\"SearchAction\",\"target\":{\"@type\":\"EntryPoint\",\"urlTemplate\":\"https:\/\/www.ontravelholidayrentals.com\/blog\/?s={search_term_string}\"},\"query-input\":{\"@type\":\"PropertyValueSpecification\",\"valueRequired\":true,\"valueName\":\"search_term_string\"}}],\"inLanguage\":\"es\"},{\"@type\":\"Organization\",\"@id\":\"https:\/\/www.ontravelholidayrentals.com\/blog\/#organization\",\"name\":\"Blog\",\"url\":\"https:\/\/www.ontravelholidayrentals.com\/blog\/\",\"logo\":{\"@type\":\"ImageObject\",\"inLanguage\":\"es\",\"@id\":\"https:\/\/www.ontravelholidayrentals.com\/blog\/#\/schema\/logo\/image\/\",\"url\":\"https:\/\/www.ontravelholidayrentals.com\/blog\/wp-content\/uploads\/2025\/02\/logo-oliva-nova.webp\",\"contentUrl\":\"https:\/\/www.ontravelholidayrentals.com\/blog\/wp-content\/uploads\/2025\/02\/logo-oliva-nova.webp\",\"width\":2454,\"height\":875,\"caption\":\"Blog\"},\"image\":{\"@id\":\"https:\/\/www.ontravelholidayrentals.com\/blog\/#\/schema\/logo\/image\/\"}},{\"@type\":\"Person\",\"@id\":\"https:\/\/www.ontravelholidayrentals.com\/blog\/#\/schema\/person\/4a04ea6edf25d5d452068c5ab6d33eee\",\"name\":\"digitalservices\",\"image\":{\"@type\":\"ImageObject\",\"inLanguage\":\"es\",\"@id\":\"https:\/\/www.ontravelholidayrentals.com\/blog\/#\/schema\/person\/image\/\",\"url\":\"https:\/\/secure.gravatar.com\/avatar\/af30f88a1904294c1f3eb09a9d7903eec4ffa18fa2cf40c28a8681014ecdfc20?s=96&d=mm&r=g\",\"contentUrl\":\"https:\/\/secure.gravatar.com\/avatar\/af30f88a1904294c1f3eb09a9d7903eec4ffa18fa2cf40c28a8681014ecdfc20?s=96&d=mm&r=g\",\"caption\":\"digitalservices\"},\"url\":\"https:\/\/www.ontravelholidayrentals.com\/blog\/author\/digitalservices\/\"}]}<\/script>\n<!-- \/ Yoast SEO plugin. -->","yoast_head_json":{"title":"Cabo de la Nao en J\u00e1vea, el mirador m\u00e1s brutal de la Costa Blanca - Blog","description":"Descubre la belleza del Cabo de la Nao. Planifica tu visita y disfruta de vistas espectaculares. \u00a1Explora este rinc\u00f3n ahora!","robots":{"index":"index","follow":"follow","max-snippet":"max-snippet:-1","max-image-preview":"max-image-preview:large","max-video-preview":"max-video-preview:-1"},"canonical":"https:\/\/www.ontravelholidayrentals.com\/blog\/cabo-de-la-nao\/","og_locale":"es_ES","og_type":"article","og_title":"Cabo de la Nao en J\u00e1vea, el mirador m\u00e1s brutal de la Costa Blanca - Blog","og_description":"Descubre la belleza del Cabo de la Nao. Planifica tu visita y disfruta de vistas espectaculares. \u00a1Explora este rinc\u00f3n ahora!","og_url":"https:\/\/www.ontravelholidayrentals.com\/blog\/cabo-de-la-nao\/","og_site_name":"Blog","article_published_time":"2026-03-23T11:33:55+00:00","article_modified_time":"2026-03-23T11:34:33+00:00","og_image":[{"width":1360,"height":1020,"url":"https:\/\/www.ontravelholidayrentals.com\/blog\/wp-content\/uploads\/2026\/03\/visitar-cabo-de-la-nao-javea.webp","type":"image\/webp"}],"author":"digitalservices","twitter_card":"summary_large_image","twitter_misc":{"Escrito por":"digitalservices","Tiempo de lectura":"6 minutos"},"schema":{"@context":"https:\/\/schema.org","@graph":[{"@type":"Article","@id":"https:\/\/www.ontravelholidayrentals.com\/blog\/cabo-de-la-nao\/#article","isPartOf":{"@id":"https:\/\/www.ontravelholidayrentals.com\/blog\/cabo-de-la-nao\/"},"author":{"name":"digitalservices","@id":"https:\/\/www.ontravelholidayrentals.com\/blog\/#\/schema\/person\/4a04ea6edf25d5d452068c5ab6d33eee"},"headline":"Cabo de la Nao en J\u00e1vea, el mirador m\u00e1s brutal de la Costa Blanca","datePublished":"2026-03-23T11:33:55+00:00","dateModified":"2026-03-23T11:34:33+00:00","mainEntityOfPage":{"@id":"https:\/\/www.ontravelholidayrentals.com\/blog\/cabo-de-la-nao\/"},"wordCount":1134,"commentCount":0,"publisher":{"@id":"https:\/\/www.ontravelholidayrentals.com\/blog\/#organization"},"image":{"@id":"https:\/\/www.ontravelholidayrentals.com\/blog\/cabo-de-la-nao\/#primaryimage"},"thumbnailUrl":"https:\/\/www.ontravelholidayrentals.com\/blog\/wp-content\/uploads\/2026\/03\/visitar-cabo-de-la-nao-javea.webp","articleSection":["J\u00e1vea"],"inLanguage":"es","potentialAction":[{"@type":"CommentAction","name":"Comment","target":["https:\/\/www.ontravelholidayrentals.com\/blog\/cabo-de-la-nao\/#respond"]}]},{"@type":"WebPage","@id":"https:\/\/www.ontravelholidayrentals.com\/blog\/cabo-de-la-nao\/","url":"https:\/\/www.ontravelholidayrentals.com\/blog\/cabo-de-la-nao\/","name":"Cabo de la Nao en J\u00e1vea, el mirador m\u00e1s brutal de la Costa Blanca - Blog","isPartOf":{"@id":"https:\/\/www.ontravelholidayrentals.com\/blog\/#website"},"primaryImageOfPage":{"@id":"https:\/\/www.ontravelholidayrentals.com\/blog\/cabo-de-la-nao\/#primaryimage"},"image":{"@id":"https:\/\/www.ontravelholidayrentals.com\/blog\/cabo-de-la-nao\/#primaryimage"},"thumbnailUrl":"https:\/\/www.ontravelholidayrentals.com\/blog\/wp-content\/uploads\/2026\/03\/visitar-cabo-de-la-nao-javea.webp","datePublished":"2026-03-23T11:33:55+00:00","dateModified":"2026-03-23T11:34:33+00:00","description":"Descubre la belleza del Cabo de la Nao. Planifica tu visita y disfruta de vistas espectaculares. \u00a1Explora este rinc\u00f3n ahora!","breadcrumb":{"@id":"https:\/\/www.ontravelholidayrentals.com\/blog\/cabo-de-la-nao\/#breadcrumb"},"inLanguage":"es","potentialAction":[{"@type":"ReadAction","target":["https:\/\/www.ontravelholidayrentals.com\/blog\/cabo-de-la-nao\/"]}]},{"@type":"ImageObject","inLanguage":"es","@id":"https:\/\/www.ontravelholidayrentals.com\/blog\/cabo-de-la-nao\/#primaryimage","url":"https:\/\/www.ontravelholidayrentals.com\/blog\/wp-content\/uploads\/2026\/03\/visitar-cabo-de-la-nao-javea.webp","contentUrl":"https:\/\/www.ontravelholidayrentals.com\/blog\/wp-content\/uploads\/2026\/03\/visitar-cabo-de-la-nao-javea.webp","width":1360,"height":1020,"caption":"visitar cabo de la nao javea"},{"@type":"BreadcrumbList","@id":"https:\/\/www.ontravelholidayrentals.com\/blog\/cabo-de-la-nao\/#breadcrumb","itemListElement":[{"@type":"ListItem","position":1,"name":"Portada","item":"https:\/\/www.ontravelholidayrentals.com\/blog\/"},{"@type":"ListItem","position":2,"name":"Cabo de la Nao en J\u00e1vea, el mirador m\u00e1s brutal de la Costa Blanca"}]},{"@type":"WebSite","@id":"https:\/\/www.ontravelholidayrentals.com\/blog\/#website","url":"https:\/\/www.ontravelholidayrentals.com\/blog\/","name":"Blog","description":"Ontravelholidayrentals","publisher":{"@id":"https:\/\/www.ontravelholidayrentals.com\/blog\/#organization"},"potentialAction":[{"@type":"SearchAction","target":{"@type":"EntryPoint","urlTemplate":"https:\/\/www.ontravelholidayrentals.com\/blog\/?s={search_term_string}"},"query-input":{"@type":"PropertyValueSpecification","valueRequired":true,"valueName":"search_term_string"}}],"inLanguage":"es"},{"@type":"Organization","@id":"https:\/\/www.ontravelholidayrentals.com\/blog\/#organization","name":"Blog","url":"https:\/\/www.ontravelholidayrentals.com\/blog\/","logo":{"@type":"ImageObject","inLanguage":"es","@id":"https:\/\/www.ontravelholidayrentals.com\/blog\/#\/schema\/logo\/image\/","url":"https:\/\/www.ontravelholidayrentals.com\/blog\/wp-content\/uploads\/2025\/02\/logo-oliva-nova.webp","contentUrl":"https:\/\/www.ontravelholidayrentals.com\/blog\/wp-content\/uploads\/2025\/02\/logo-oliva-nova.webp","width":2454,"height":875,"caption":"Blog"},"image":{"@id":"https:\/\/www.ontravelholidayrentals.com\/blog\/#\/schema\/logo\/image\/"}},{"@type":"Person","@id":"https:\/\/www.ontravelholidayrentals.com\/blog\/#\/schema\/person\/4a04ea6edf25d5d452068c5ab6d33eee","name":"digitalservices","image":{"@type":"ImageObject","inLanguage":"es","@id":"https:\/\/www.ontravelholidayrentals.com\/blog\/#\/schema\/person\/image\/","url":"https:\/\/secure.gravatar.com\/avatar\/af30f88a1904294c1f3eb09a9d7903eec4ffa18fa2cf40c28a8681014ecdfc20?s=96&d=mm&r=g","contentUrl":"https:\/\/secure.gravatar.com\/avatar\/af30f88a1904294c1f3eb09a9d7903eec4ffa18fa2cf40c28a8681014ecdfc20?s=96&d=mm&r=g","caption":"digitalservices"},"url":"https:\/\/www.ontravelholidayrentals.com\/blog\/author\/digitalservices\/"}]}},"_links":{"self":[{"href":"https:\/\/www.ontravelholidayrentals.com\/blog\/wp-json\/wp\/v2\/posts\/1645","targetHints":{"allow":["GET"]}}],"collection":[{"href":"https:\/\/www.ontravelholidayrentals.com\/blog\/wp-json\/wp\/v2\/posts"}],"about":[{"href":"https:\/\/www.ontravelholidayrentals.com\/blog\/wp-json\/wp\/v2\/types\/post"}],"author":[{"embeddable":true,"href":"https:\/\/www.ontravelholidayrentals.com\/blog\/wp-json\/wp\/v2\/users\/2"}],"replies":[{"embeddable":true,"href":"https:\/\/www.ontravelholidayrentals.com\/blog\/wp-json\/wp\/v2\/comments?post=1645"}],"version-history":[{"count":2,"href":"https:\/\/www.ontravelholidayrentals.com\/blog\/wp-json\/wp\/v2\/posts\/1645\/revisions"}],"predecessor-version":[{"id":1647,"href":"https:\/\/www.ontravelholidayrentals.com\/blog\/wp-json\/wp\/v2\/posts\/1645\/revisions\/1647"}],"wp:featuredmedia":[{"embeddable":true,"href":"https:\/\/www.ontravelholidayrentals.com\/blog\/wp-json\/wp\/v2\/media\/1622"}],"wp:attachment":[{"href":"https:\/\/www.ontravelholidayrentals.com\/blog\/wp-json\/wp\/v2\/media?parent=1645"}],"wp:term":[{"taxonomy":"category","embeddable":true,"href":"https:\/\/www.ontravelholidayrentals.com\/blog\/wp-json\/wp\/v2\/categories?post=1645"},{"taxonomy":"post_tag","embeddable":true,"href":"https:\/\/www.ontravelholidayrentals.com\/blog\/wp-json\/wp\/v2\/tags?post=1645"}],"curies":[{"name":"wp","href":"https:\/\/api.w.org\/{rel}","templated":true}]}}