{"id":154,"date":"2025-03-07T10:44:04","date_gmt":"2025-03-07T10:44:04","guid":{"rendered":"https:\/\/www.ontravelholidayrentals.com\/blog\/?p=154"},"modified":"2026-03-12T10:54:19","modified_gmt":"2026-03-12T10:54:19","slug":"la-cueva-de-los-arcos","status":"publish","type":"post","link":"https:\/\/www.ontravelholidayrentals.com\/blog\/la-cueva-de-los-arcos\/","title":{"rendered":"La Cueva de los Arcos. \u00a1Descubre este lugar de ensue\u00f1o!"},"content":{"rendered":"\t\t<div data-elementor-type=\"wp-post\" data-elementor-id=\"154\" class=\"elementor elementor-154\" data-elementor-post-type=\"post\">\n\t\t\t\t<div class=\"elementor-element elementor-element-024babe e-flex e-con-boxed e-con e-parent\" data-id=\"024babe\" data-element_type=\"container\" data-e-type=\"container\" data-settings=\"{&quot;background_background&quot;:&quot;classic&quot;}\">\n\t\t\t\t\t<div class=\"e-con-inner\">\n\t\t\t\t<div class=\"elementor-element elementor-element-f11dfb4 elementor-widget elementor-widget-heading\" data-id=\"f11dfb4\" data-element_type=\"widget\" data-e-type=\"widget\" data-widget_type=\"heading.default\">\n\t\t\t\t<div class=\"elementor-widget-container\">\n\t\t\t\t\t<h1 class=\"elementor-heading-title elementor-size-default\">La Cueva de los Arcos<br> \u00a1Descubre este lugar de ensue\u00f1o!<\/h1>\t\t\t\t<\/div>\n\t\t\t\t<\/div>\n\t\t\t\t\t<\/div>\n\t\t\t\t<\/div>\n\t\t<div class=\"elementor-element elementor-element-3045daa5 e-flex e-con-boxed e-con e-parent\" data-id=\"3045daa5\" data-element_type=\"container\" data-e-type=\"container\">\n\t\t\t\t\t<div class=\"e-con-inner\">\n\t\t\t\t<div class=\"elementor-element elementor-element-2cf96031 elementor-widget elementor-widget-text-editor\" data-id=\"2cf96031\" data-element_type=\"widget\" data-e-type=\"widget\" data-widget_type=\"text-editor.default\">\n\t\t\t\t<div class=\"elementor-widget-container\">\n\t\t\t\t\t\t\t\t\t<p><span style=\"font-weight: 400;\">Ya contamos con que te encanta publicar todos esos fant\u00e1sticos sitios que descubres cuando vas de viaje en tus redes sociales. No te juzgamos, al contrario. A nosotros tambi\u00e9n nos encanta. De modo que <\/span><b>hoy te vamos a hablar de un sitio que querr\u00e1s tener s\u00ed o s\u00ed inmortalizado en la galer\u00eda de tu m\u00f3vil.<\/b><\/p><p><span style=\"font-weight: 400;\">Estamos hablando de la Cueva de los Arcos, <\/span><b>uno de los lugares m\u00e1s \u201cinstagrameables\u201d de la geograf\u00eda espa\u00f1ola<\/b><span style=\"font-weight: 400;\">. Y no, no estamos exagerando, ya que en Alicante encontrar\u00e1s esta aut\u00e9ntica maravilla natural que te sorprender\u00e1 por ser un lugar m\u00e1gico, ideal para una visita en pareja.<\/span><\/p><p><span style=\"font-weight: 400;\">A continuaci\u00f3n, <\/span><b>te contamos todo sobre la Cueva de los Arcos <\/b><span style=\"font-weight: 400;\">y algunos consejos \u00fatiles para aprovechar tu visita al m\u00e1ximo. \u00a1Vamos all\u00e1!<\/span><\/p>\t\t\t\t\t\t\t\t<\/div>\n\t\t\t\t<\/div>\n\t\t\t\t\t<\/div>\n\t\t\t\t<\/div>\n\t\t<div class=\"elementor-element elementor-element-6b7e954b e-flex e-con-boxed e-con e-parent\" data-id=\"6b7e954b\" data-element_type=\"container\" data-e-type=\"container\">\n\t\t\t\t\t<div class=\"e-con-inner\">\n\t\t\t\t<div class=\"elementor-element elementor-element-87da6c3 elementor-widget elementor-widget-table-of-contents\" data-id=\"87da6c3\" data-element_type=\"widget\" data-e-type=\"widget\" data-settings=\"{&quot;headings_by_tags&quot;:[&quot;h2&quot;,&quot;h3&quot;],&quot;exclude_headings_by_selector&quot;:[],&quot;marker_view&quot;:&quot;bullets&quot;,&quot;icon&quot;:{&quot;value&quot;:&quot;far fa-circle&quot;,&quot;library&quot;:&quot;fa-regular&quot;,&quot;rendered_tag&quot;:&quot;&lt;svg class=\\&quot;e-font-icon-svg e-far-circle\\&quot; viewBox=\\&quot;0 0 512 512\\&quot; xmlns=\\&quot;http:\\\/\\\/www.w3.org\\\/2000\\\/svg\\&quot;&gt;&lt;path d=\\&quot;M256 8C119 8 8 119 8 256s111 248 248 248 248-111 248-248S393 8 256 8zm0 448c-110.5 0-200-89.5-200-200S145.5 56 256 56s200 89.5 200 200-89.5 200-200 200z\\&quot;&gt;&lt;\\\/path&gt;&lt;\\\/svg&gt;&quot;},&quot;no_headings_message&quot;:&quot;No headings were found on this page.&quot;,&quot;hierarchical_view&quot;:&quot;yes&quot;,&quot;min_height&quot;:{&quot;unit&quot;:&quot;px&quot;,&quot;size&quot;:&quot;&quot;,&quot;sizes&quot;:[]},&quot;min_height_tablet&quot;:{&quot;unit&quot;:&quot;px&quot;,&quot;size&quot;:&quot;&quot;,&quot;sizes&quot;:[]},&quot;min_height_mobile&quot;:{&quot;unit&quot;:&quot;px&quot;,&quot;size&quot;:&quot;&quot;,&quot;sizes&quot;:[]}}\" data-widget_type=\"table-of-contents.default\">\n\t\t\t\t<div class=\"elementor-widget-container\">\n\t\t\t\t\t\t\t\t\t<div class=\"elementor-toc__header\">\n\t\t\t\t\t\t<div class=\"elementor-toc__header-title\">\n\t\t\t\t\u00cdndice\t\t\t<\/div>\n\t\t\t\t\t\t\t\t<\/div>\n\t\t\t\t<div id=\"elementor-toc__87da6c3\" class=\"elementor-toc__body\">\n\t\t\t<div class=\"elementor-toc__spinner-container\">\n\t\t\t\t<svg class=\"elementor-toc__spinner eicon-animation-spin e-font-icon-svg e-eicon-loading\" aria-hidden=\"true\" viewBox=\"0 0 1000 1000\" xmlns=\"http:\/\/www.w3.org\/2000\/svg\"><path d=\"M500 975V858C696 858 858 696 858 500S696 142 500 142 142 304 142 500H25C25 237 238 25 500 25S975 237 975 500 763 975 500 975Z\"><\/path><\/svg>\t\t\t<\/div>\n\t\t<\/div>\n\t\t\t\t\t\t<\/div>\n\t\t\t\t<\/div>\n\t\t\t\t\t<\/div>\n\t\t\t\t<\/div>\n\t\t<div class=\"elementor-element elementor-element-a33864e e-flex e-con-boxed e-con e-parent\" data-id=\"a33864e\" data-element_type=\"container\" data-e-type=\"container\">\n\t\t\t\t\t<div class=\"e-con-inner\">\n\t\t\t\t<div class=\"elementor-element elementor-element-832283a elementor-widget elementor-widget-heading\" data-id=\"832283a\" data-element_type=\"widget\" data-e-type=\"widget\" data-widget_type=\"heading.default\">\n\t\t\t\t<div class=\"elementor-widget-container\">\n\t\t\t\t\t<h2 class=\"elementor-heading-title elementor-size-default\">LA CUEVA DE LOS ARCOS<\/h2>\t\t\t\t<\/div>\n\t\t\t\t<\/div>\n\t\t\t\t<div class=\"elementor-element elementor-element-245d400 elementor-widget-divider--view-line elementor-widget elementor-widget-divider\" data-id=\"245d400\" data-element_type=\"widget\" data-e-type=\"widget\" data-widget_type=\"divider.default\">\n\t\t\t\t<div class=\"elementor-widget-container\">\n\t\t\t\t\t\t\t<div class=\"elementor-divider\">\n\t\t\t<span class=\"elementor-divider-separator\">\n\t\t\t\t\t\t<\/span>\n\t\t<\/div>\n\t\t\t\t\t\t<\/div>\n\t\t\t\t<\/div>\n\t\t\t\t\t<\/div>\n\t\t\t\t<\/div>\n\t\t<div class=\"elementor-element elementor-element-3abd63af e-flex e-con-boxed e-con e-parent\" data-id=\"3abd63af\" data-element_type=\"container\" data-e-type=\"container\">\n\t\t\t\t\t<div class=\"e-con-inner\">\n\t\t\t\t<div class=\"elementor-element elementor-element-3cc3081 elementor-widget elementor-widget-heading\" data-id=\"3cc3081\" data-element_type=\"widget\" data-e-type=\"widget\" data-widget_type=\"heading.default\">\n\t\t\t\t<div class=\"elementor-widget-container\">\n\t\t\t\t\t<h3 class=\"elementor-heading-title elementor-size-default\">\u00bfQu\u00e9 es y d\u00f3nde se encuentra la Cueva de los Arcos?<\/h3>\t\t\t\t<\/div>\n\t\t\t\t<\/div>\n\t\t\t\t<div class=\"elementor-element elementor-element-7359e94f elementor-widget elementor-widget-text-editor\" data-id=\"7359e94f\" data-element_type=\"widget\" data-e-type=\"widget\" data-widget_type=\"text-editor.default\">\n\t\t\t\t<div class=\"elementor-widget-container\">\n\t\t\t\t\t\t\t\t\t<p><span style=\"font-weight: 400;\">La Cueva de los Arcos tambi\u00e9n es conocida como La Cova dels Arcs (en valenciano, como es l\u00f3gico) y es una impresionante maravilla natural que <\/span><b>podr\u00e1s encontrar en la Cala del Moraig, en el municipio de El Poble Nou de Benitatxell.<\/b><span style=\"font-weight: 400;\"> Para que nos ubiquemos, se encuentra al norte de la provincia de Alicante.<\/span><\/p><p><span style=\"font-weight: 400;\">No hace falta que te digamos que es<\/span><b> una aut\u00e9ntica joya escondida de la Costa Blanca <\/b><span style=\"font-weight: 400;\">y que es un lugar muy fotog\u00e9nico. Aqu\u00ed, la luz brilla de una manera diferente y te aseguramos que la pantalla de tu iPhone (o el m\u00f3vil que tengas) lo agradecer\u00e1 mucho.<\/span><\/p>\t\t\t\t\t\t\t\t<\/div>\n\t\t\t\t<\/div>\n\t\t\t\t\t<\/div>\n\t\t\t\t<\/div>\n\t\t<div class=\"elementor-element elementor-element-76db6a2 e-flex e-con-boxed e-con e-parent\" data-id=\"76db6a2\" data-element_type=\"container\" data-e-type=\"container\">\n\t\t\t\t\t<div class=\"e-con-inner\">\n\t\t<div class=\"elementor-element elementor-element-588c872 e-con-full e-flex e-con e-child\" data-id=\"588c872\" data-element_type=\"container\" data-e-type=\"container\">\n\t\t\t\t<div class=\"elementor-element elementor-element-0dd671f elementor-widget elementor-widget-text-editor\" data-id=\"0dd671f\" data-element_type=\"widget\" data-e-type=\"widget\" data-widget_type=\"text-editor.default\">\n\t\t\t\t<div class=\"elementor-widget-container\">\n\t\t\t\t\t\t\t\t\t<p><span style=\"font-weight: 400;\">Pero sin duda, lo que m\u00e1s merece la pena de esta visita es contemplar con tus propios ojos, sin pantallas de por medio, el horizonte. Podr\u00e1s hacerlo a trav\u00e9s de los majestuosos arcos naturales que forman la cueva. Al fondo, <\/span><b>ver\u00e1s c\u00f3mo se perfila en la distancia el acantilado del Morro Falqu\u00ed <\/b><span style=\"font-weight: 400;\">y el Cabo de la Nao de J\u00e1vea.\u00a0<\/span><\/p><p><span style=\"font-weight: 400;\">Si decides madrugar un poco, <\/span><b>el amanecer te recompensar\u00e1 con los primeros rayos de sol del d\u00eda, que se filtran por las arcadas de la cueva<\/b><span style=\"font-weight: 400;\">. Estos dar\u00e1n lugar a un juego de luces y sombras que parecen cobrar vida propia. Como puedes ver, es f\u00e1cil ponerse po\u00e9tico cuando hablamos de este lugar. <\/span><\/p>\t\t\t\t\t\t\t\t<\/div>\n\t\t\t\t<\/div>\n\t\t\t\t<\/div>\n\t\t<div class=\"elementor-element elementor-element-a22cb71 e-con-full e-flex e-con e-child\" data-id=\"a22cb71\" data-element_type=\"container\" data-e-type=\"container\">\n\t\t\t\t<div class=\"elementor-element elementor-element-06ba7de elementor-widget elementor-widget-image\" data-id=\"06ba7de\" data-element_type=\"widget\" data-e-type=\"widget\" data-widget_type=\"image.default\">\n\t\t\t\t<div class=\"elementor-widget-container\">\n\t\t\t\t\t\t\t\t\t\t\t\t\t\t\t<img fetchpriority=\"high\" decoding=\"async\" width=\"724\" height=\"483\" src=\"https:\/\/www.ontravelholidayrentals.com\/blog\/wp-content\/uploads\/2025\/03\/Cova-dels-Arcs.jpg\" class=\"attachment-large size-large wp-image-191\" alt=\"\" srcset=\"https:\/\/www.ontravelholidayrentals.com\/blog\/wp-content\/uploads\/2025\/03\/Cova-dels-Arcs.jpg 724w, https:\/\/www.ontravelholidayrentals.com\/blog\/wp-content\/uploads\/2025\/03\/Cova-dels-Arcs-300x200.jpg 300w\" sizes=\"(max-width: 724px) 100vw, 724px\" \/>\t\t\t\t\t\t\t\t\t\t\t\t\t\t\t<\/div>\n\t\t\t\t<\/div>\n\t\t\t\t<\/div>\n\t\t\t\t\t<\/div>\n\t\t\t\t<\/div>\n\t\t<div class=\"elementor-element elementor-element-39d58d0 e-flex e-con-boxed e-con e-parent\" data-id=\"39d58d0\" data-element_type=\"container\" data-e-type=\"container\">\n\t\t\t\t\t<div class=\"e-con-inner\">\n\t\t\t\t<div class=\"elementor-element elementor-element-799c414 elementor-widget elementor-widget-heading\" data-id=\"799c414\" data-element_type=\"widget\" data-e-type=\"widget\" data-widget_type=\"heading.default\">\n\t\t\t\t<div class=\"elementor-widget-container\">\n\t\t\t\t\t<h3 class=\"elementor-heading-title elementor-size-default\">Actividades recomendadas: snorkel y buceo\n<\/h3>\t\t\t\t<\/div>\n\t\t\t\t<\/div>\n\t\t\t\t<div class=\"elementor-element elementor-element-751da06 elementor-widget elementor-widget-text-editor\" data-id=\"751da06\" data-element_type=\"widget\" data-e-type=\"widget\" data-widget_type=\"text-editor.default\">\n\t\t\t\t<div class=\"elementor-widget-container\">\n\t\t\t\t\t\t\t\t\t<p><span style=\"font-weight: 400;\">La Cueva de los Arcos es un destino ideal para los amantes del turismo acu\u00e1tico. Con el snorkel <\/span><b>podr\u00e1s echar un vistazo a la gran biodiversidad marina de la zona<\/b><span style=\"font-weight: 400;\">, con m\u00e1s de 20 metros de visibilidad gracias a sus aguas cristalinas.<\/span><\/p><p><span style=\"font-weight: 400;\">Por otra parte, <\/span><b>Cala Moraig ofrece cursos de buceo para todos los niveles<\/b><span style=\"font-weight: 400;\">. Podr\u00eda ser un gran momento para \u201cdebutar\u201d en este apasionante mundo, de la mano de gu\u00edas expertos que se asegurar\u00e1n de que vivas una experiencia enriquecedora.\u00a0 <\/span><\/p>\t\t\t\t\t\t\t\t<\/div>\n\t\t\t\t<\/div>\n\t\t\t\t\t<\/div>\n\t\t\t\t<\/div>\n\t\t<div class=\"elementor-element elementor-element-2fc4387 e-flex e-con-boxed e-con e-parent\" data-id=\"2fc4387\" data-element_type=\"container\" data-e-type=\"container\">\n\t\t\t\t\t<div class=\"e-con-inner\">\n\t\t\t\t<div class=\"elementor-element elementor-element-91226ee elementor-widget elementor-widget-heading\" data-id=\"91226ee\" data-element_type=\"widget\" data-e-type=\"widget\" data-widget_type=\"heading.default\">\n\t\t\t\t<div class=\"elementor-widget-container\">\n\t\t\t\t\t<h3 class=\"elementor-heading-title elementor-size-default\">Sigue estos consejos para tu visita\n<\/h3>\t\t\t\t<\/div>\n\t\t\t\t<\/div>\n\t\t\t\t<div class=\"elementor-element elementor-element-5e212bc elementor-widget elementor-widget-text-editor\" data-id=\"5e212bc\" data-element_type=\"widget\" data-e-type=\"widget\" data-widget_type=\"text-editor.default\">\n\t\t\t\t<div class=\"elementor-widget-container\">\n\t\t\t\t\t\t\t\t\t<p><span style=\"font-weight: 400;\">Es muy importante que tengas en cuenta que se trata de un lugar rocoso, por lo que<\/span><b> el acceso a la cueva es resbaladizo y podr\u00edas caerte<\/b><span style=\"font-weight: 400;\">. Para evitarlo, lleva calzado adecuado. Escarpines o sandalias pueden ser tus mejores aliada, siempre con suela de goma.\u00a0<\/span><\/p><p><span style=\"font-weight: 400;\">Adem\u00e1s, aseg\u00farate de que el mar est\u00e1 en calma antes de entrar en la cueva.<\/span><b> Si hay mucho oleaje, lo m\u00e1s probable es que no puedas acceder. <\/b><span style=\"font-weight: 400;\">Por otra parte, tambi\u00e9n puede ser buena reservar el aparcamiento con antelaci\u00f3n.<\/span><\/p><p><span style=\"font-weight: 400;\">Por supuesto, <\/span><b>no te olvides de una buena c\u00e1mara.<\/b><span style=\"font-weight: 400;\"> Si tienes un m\u00f3vil top, seguro que te sirve, pero ten en cuenta que tendr\u00e1s una luz como pocas veces habr\u00e1s visto en tu vida. No dejes de inmortalizar la belleza de la cueva.\u00a0<\/span><\/p><p><span style=\"font-weight: 400;\">No creemos que sea necesario recordarlo, pero por si acaso:<\/span><b> recuerda llevar protecci\u00f3n solar y no dejar basura <\/b><span style=\"font-weight: 400;\">para preservar este entorno natural tan especial.<\/span><\/p>\t\t\t\t\t\t\t\t<\/div>\n\t\t\t\t<\/div>\n\t\t\t\t<div class=\"elementor-element elementor-element-bcbb37c elementor-widget elementor-widget-image\" data-id=\"bcbb37c\" data-element_type=\"widget\" data-e-type=\"widget\" data-widget_type=\"image.default\">\n\t\t\t\t<div class=\"elementor-widget-container\">\n\t\t\t\t\t\t\t\t\t\t\t\t\t\t\t<img decoding=\"async\" width=\"1200\" height=\"599\" src=\"https:\/\/www.ontravelholidayrentals.com\/blog\/wp-content\/uploads\/2025\/03\/Cuevas-arcos-cala-moraig.jpg\" class=\"attachment-full size-full wp-image-203\" alt=\"\" srcset=\"https:\/\/www.ontravelholidayrentals.com\/blog\/wp-content\/uploads\/2025\/03\/Cuevas-arcos-cala-moraig.jpg 1200w, https:\/\/www.ontravelholidayrentals.com\/blog\/wp-content\/uploads\/2025\/03\/Cuevas-arcos-cala-moraig-300x150.jpg 300w, https:\/\/www.ontravelholidayrentals.com\/blog\/wp-content\/uploads\/2025\/03\/Cuevas-arcos-cala-moraig-1024x511.jpg 1024w, https:\/\/www.ontravelholidayrentals.com\/blog\/wp-content\/uploads\/2025\/03\/Cuevas-arcos-cala-moraig-768x383.jpg 768w\" sizes=\"(max-width: 1200px) 100vw, 1200px\" \/>\t\t\t\t\t\t\t\t\t\t\t\t\t\t\t<\/div>\n\t\t\t\t<\/div>\n\t\t\t\t\t<\/div>\n\t\t\t\t<\/div>\n\t\t<div class=\"elementor-element elementor-element-4b6e786 e-flex e-con-boxed e-con e-parent\" data-id=\"4b6e786\" data-element_type=\"container\" data-e-type=\"container\">\n\t\t\t\t\t<div class=\"e-con-inner\">\n\t\t\t\t<div class=\"elementor-element elementor-element-81fe6d0 elementor-widget elementor-widget-heading\" data-id=\"81fe6d0\" data-element_type=\"widget\" data-e-type=\"widget\" data-widget_type=\"heading.default\">\n\t\t\t\t<div class=\"elementor-widget-container\">\n\t\t\t\t\t<h2 class=\"elementor-heading-title elementor-size-default\">\u00bfCu\u00e1l es la mejor \u00e9poca para visitarla?\n<\/h2>\t\t\t\t<\/div>\n\t\t\t\t<\/div>\n\t\t\t\t<div class=\"elementor-element elementor-element-0d7de38 elementor-widget elementor-widget-text-editor\" data-id=\"0d7de38\" data-element_type=\"widget\" data-e-type=\"widget\" data-widget_type=\"text-editor.default\">\n\t\t\t\t<div class=\"elementor-widget-container\">\n\t\t\t\t\t\t\t\t\t<p><span style=\"font-weight: 400;\">La mejor \u00e9poca para visitar la Cueva de los Arcos y la Cala del Moraig es sin duda la primavera y el oto\u00f1o. En estos meses, <\/span><b>vas a encontrarte con un clima m\u00e1s agradable<\/b><span style=\"font-weight: 400;\"> y disfrutar\u00e1s de las actividades al aire libre sin tanto calor ni multitudes.\u00a0<\/span><\/p><p><span style=\"font-weight: 400;\">Por supuesto, el verano tambi\u00e9n es una opci\u00f3n si quieres disfrutar del sol y las actividades acu\u00e1ticas. Pero te recomendamos que llegues temprano para evitar las aglomeraciones y asegurarte un buen lugar. Adem\u00e1s,<\/span><b> ten en cuenta que el aparcamiento es de pago desde el 1 de abril hasta el 15 de octubre.<\/b><\/p>\t\t\t\t\t\t\t\t<\/div>\n\t\t\t\t<\/div>\n\t\t\t\t\t<\/div>\n\t\t\t\t<\/div>\n\t\t<div class=\"elementor-element elementor-element-709c2aae e-flex e-con-boxed e-con e-parent\" data-id=\"709c2aae\" data-element_type=\"container\" data-e-type=\"container\">\n\t\t\t\t\t<div class=\"e-con-inner\">\n\t\t\t\t<div class=\"elementor-element elementor-element-b88f8d8 elementor-widget elementor-widget-heading\" data-id=\"b88f8d8\" data-element_type=\"widget\" data-e-type=\"widget\" data-widget_type=\"heading.default\">\n\t\t\t\t<div class=\"elementor-widget-container\">\n\t\t\t\t\t<h2 class=\"elementor-heading-title elementor-size-default\">\u00bfC\u00f3mo llegas a la Cueva de Los Arcos en Javea?\n<\/h2>\t\t\t\t<\/div>\n\t\t\t\t<\/div>\n\t\t\t\t\t<\/div>\n\t\t\t\t<\/div>\n\t\t<div class=\"elementor-element elementor-element-45af0ca e-flex e-con-boxed e-con e-parent\" data-id=\"45af0ca\" data-element_type=\"container\" data-e-type=\"container\">\n\t\t\t\t\t<div class=\"e-con-inner\">\n\t\t<div class=\"elementor-element elementor-element-fb20198 e-con-full e-flex e-con e-child\" data-id=\"fb20198\" data-element_type=\"container\" data-e-type=\"container\">\n\t\t\t\t<div class=\"elementor-element elementor-element-21ba3fe elementor-widget elementor-widget-text-editor\" data-id=\"21ba3fe\" data-element_type=\"widget\" data-e-type=\"widget\" data-widget_type=\"text-editor.default\">\n\t\t\t\t<div class=\"elementor-widget-container\">\n\t\t\t\t\t\t\t\t\t<ol><li><b>En coche<\/b><span style=\"font-weight: 400;\">: la forma m\u00e1s com\u00fan y sencilla de llegar. Desde Alicante. debes tomar la AP-7 y salir en la salida 63 hacia Benissa. Despu\u00e9s, sigue por la carretera CV-735 hacia Teulada y luego hacia Benitatxell. Una vez aqu\u00ed, entra en la urbanizaci\u00f3n Cumbre del Sol siguiendo las se\u00f1ales hacia Cala Moraig. La carretera CV-737 te llevar\u00e1 directamente al \u00e1rea de aparcamiento.<br \/><br \/><\/span><\/li><li><b>En autob\u00fas<\/b>: has de saber que el ayuntamiento de El Poble Nou de Benitatxell ofrece un servicio de autob\u00fas gratuito desde el pueblo hasta la Cala del Moraig. As\u00ed podr\u00e1s evitar ese molesto momento del aparcamiento, sobre todo en temporadas altas y simplemente disfrutar del paisaje.<\/li><\/ol>\t\t\t\t\t\t\t\t<\/div>\n\t\t\t\t<\/div>\n\t\t\t\t<\/div>\n\t\t<div class=\"elementor-element elementor-element-1fb6d14 e-con-full e-flex e-con e-child\" data-id=\"1fb6d14\" data-element_type=\"container\" data-e-type=\"container\">\n\t\t\t\t<div class=\"elementor-element elementor-element-7da6238 elementor-widget elementor-widget-google_maps\" data-id=\"7da6238\" data-element_type=\"widget\" data-e-type=\"widget\" data-widget_type=\"google_maps.default\">\n\t\t\t\t<div class=\"elementor-widget-container\">\n\t\t\t\t\t\t\t<div class=\"elementor-custom-embed\">\n\t\t\t<iframe loading=\"lazy\"\n\t\t\t\t\tsrc=\"https:\/\/maps.google.com\/maps?q=cueva%20de%20los%20arcos&#038;t=m&#038;z=10&#038;output=embed&#038;iwloc=near\"\n\t\t\t\t\ttitle=\"cueva de los arcos\"\n\t\t\t\t\taria-label=\"cueva de los arcos\"\n\t\t\t><\/iframe>\n\t\t<\/div>\n\t\t\t\t\t\t<\/div>\n\t\t\t\t<\/div>\n\t\t\t\t<\/div>\n\t\t\t\t\t<\/div>\n\t\t\t\t<\/div>\n\t\t<div class=\"elementor-element elementor-element-76a6481 e-flex e-con-boxed e-con e-parent\" data-id=\"76a6481\" data-element_type=\"container\" data-e-type=\"container\">\n\t\t\t\t\t<div class=\"e-con-inner\">\n\t\t\t\t<div class=\"elementor-element elementor-element-e6ac65c elementor-widget elementor-widget-heading\" data-id=\"e6ac65c\" data-element_type=\"widget\" data-e-type=\"widget\" data-widget_type=\"heading.default\">\n\t\t\t\t<div class=\"elementor-widget-container\">\n\t\t\t\t\t<h2 class=\"elementor-heading-title elementor-size-default\">Seguridad y precauciones que debes tomar al explorar la cueva\n<\/h2>\t\t\t\t<\/div>\n\t\t\t\t<\/div>\n\t\t\t\t<div class=\"elementor-element elementor-element-8e3f283 elementor-widget elementor-widget-text-editor\" data-id=\"8e3f283\" data-element_type=\"widget\" data-e-type=\"widget\" data-widget_type=\"text-editor.default\">\n\t\t\t\t<div class=\"elementor-widget-container\">\n\t\t\t\t\t\t\t\t\t<p><span style=\"font-weight: 400;\">Te aconsejamos que consultes siempre el estado del mar antes de tu visita. <\/span><b>No te olvides del calzado antideslizante y una ropa impermeable <\/b><span style=\"font-weight: 400;\">y que retenga el calor, ya que dentro de la cueva har\u00e1 bastante m\u00e1s fr\u00edo que fuera.\u00a0<\/span><\/p>\t\t\t\t\t\t\t\t<\/div>\n\t\t\t\t<\/div>\n\t\t\t\t\t<\/div>\n\t\t\t\t<\/div>\n\t\t<div class=\"elementor-element elementor-element-f288579 e-flex e-con-boxed e-con e-parent\" data-id=\"f288579\" data-element_type=\"container\" data-e-type=\"container\">\n\t\t\t\t\t<div class=\"e-con-inner\">\n\t\t\t\t<div class=\"elementor-element elementor-element-72d1d26 elementor-widget elementor-widget-heading\" data-id=\"72d1d26\" data-element_type=\"widget\" data-e-type=\"widget\" data-widget_type=\"heading.default\">\n\t\t\t\t<div class=\"elementor-widget-container\">\n\t\t\t\t\t<h2 class=\"elementor-heading-title elementor-size-default\">\u00bfPor qu\u00e9 deber\u00edas visitar la Cueva de los Arcos?\n<\/h2>\t\t\t\t<\/div>\n\t\t\t\t<\/div>\n\t\t\t\t<div class=\"elementor-element elementor-element-7a6e49f elementor-widget elementor-widget-text-editor\" data-id=\"7a6e49f\" data-element_type=\"widget\" data-e-type=\"widget\" data-widget_type=\"text-editor.default\">\n\t\t\t\t<div class=\"elementor-widget-container\">\n\t\t\t\t\t\t\t\t\t<p><span style=\"font-weight: 400;\">M\u00e1s all\u00e1 de consejos y precauciones que toda visita a una cueva debe tener, <\/span><b>la experiencia de la Cueva de los Arcos de Alicante es 100% imprescindible<\/b><span style=\"font-weight: 400;\"> dentro de la provincia.\u00a0<\/span><\/p><p><span style=\"font-weight: 400;\">Eso s\u00ed, aseg\u00farate de tener el mejor alojamiento reservado con antelaci\u00f3n para que tu viaje sea de 10. <\/span><b>Contacta con nosotros para reservar tu apartamento en J\u00e1vea<\/b><span style=\"font-weight: 400;\">, Oliva, Denia y alrededores de Alicante. Nos aseguraremos de brindarte una estancia a la altura de tus expectativas. <\/span><\/p>\t\t\t\t\t\t\t\t<\/div>\n\t\t\t\t<\/div>\n\t\t\t\t\t<\/div>\n\t\t\t\t<\/div>\n\t\t<div class=\"elementor-element elementor-element-389d958 e-flex e-con-boxed e-con e-parent\" data-id=\"389d958\" data-element_type=\"container\" data-e-type=\"container\">\n\t\t\t\t\t<div class=\"e-con-inner\">\n\t\t\t\t<div class=\"elementor-element elementor-element-ce9cc8e elementor-widget elementor-widget-grid\" data-id=\"ce9cc8e\" data-element_type=\"widget\" data-e-type=\"widget\" data-widget_type=\"grid.default\">\n\t\t\t\t<div class=\"elementor-widget-container\">\n\t\t\t\t\t\t\t<div class=\"its--row alojamientos-recomendados\">\n\n\t\t\t<div class=\"alojamientos-recomendados-container\">\n\n\t\t\t\t\t\n\t\t\t\t\t<a href=\"https:\/\/www.ontravelholidayrentals.com\/alquiler\/apartamento-oliva-los-lagos-2a-461299.html\" rel=\"nofollow\" style=\"width: 23%;\">\n\t\t\t\t\t\t<div class=\"apartamento-box\">\n\t\t\t\t\t\t\t<div class=\"imagen_recomendados\">\n\t\t\t\t\t\t\t\t<img decoding=\"async\" src=\"https:\/\/crs.avantio.com\/fotos\/2\/170341212673d3f18953553dbdfe4e9e32848f47c7\/big1703412142b7e00172e45fe5f52b96a1ac95073f4e.jpg\" alt=\"Los Lagos by ON Travel\">\n\t\t\t\t\t\t\t<\/div>\n\t\t\t\t\t\t\t<div class=\"info\">\n\t\t\t\t\t\t\t\t<div class=\"ubicacion\">\n\t\t\t\t\t\t\t\t\t<i class=\"fa-solid fa-location-dot icono-mapa\"><\/i><span class=\"ubicacion-texto\">Oliva - Valencia<\/span>\n\t\t\t\t\t\t\t\t<\/div>\n\t\t\t\t\t\t\t\t<H3 class=\"titulo-alojamiento\">\n\t\t\t\t\t\t\t\t\tLos Lagos by ON Travel\t\t\t\t\t\t\t\t<\/H3>\n\t\t\t\t\t\t\t\t<p class=\"precio-alojamiento\">Desde <span class=\"precio\">250.00\u20ac<\/span> por noche<\/p>\n\t\t\t\t\t\t\t<\/div>\n\t\t\t\t\t\t<\/div>\n\t\t\t\t\t<\/a> \n\t\t\t\t\t\t\n\t\t\t\t\t<a href=\"https:\/\/www.ontravelholidayrentals.com\/alquiler\/apartamento-oliva-los-lagos-2b-461315.html\" rel=\"nofollow\" style=\"width: 23%;\">\n\t\t\t\t\t\t<div class=\"apartamento-box\">\n\t\t\t\t\t\t\t<div class=\"imagen_recomendados\">\n\t\t\t\t\t\t\t\t<img decoding=\"async\" src=\"https:\/\/crs.avantio.com\/fotos\/2\/1703416541a1c19e67acc406e4769bf9b70107395e\/big17034165469ee5fa3693f3b32b85c63306e23b7865.jpg\" alt=\" The Rooftop Los Lagos by ON Travel\">\n\t\t\t\t\t\t\t<\/div>\n\t\t\t\t\t\t\t<div class=\"info\">\n\t\t\t\t\t\t\t\t<div class=\"ubicacion\">\n\t\t\t\t\t\t\t\t\t<i class=\"fa-solid fa-location-dot icono-mapa\"><\/i><span class=\"ubicacion-texto\">Oliva - Valencia<\/span>\n\t\t\t\t\t\t\t\t<\/div>\n\t\t\t\t\t\t\t\t<H3 class=\"titulo-alojamiento\">\n\t\t\t\t\t\t\t\t\t The Rooftop Los Lagos by ON Travel\t\t\t\t\t\t\t\t<\/H3>\n\t\t\t\t\t\t\t\t<p class=\"precio-alojamiento\">Desde <span class=\"precio\">250.00\u20ac<\/span> por noche<\/p>\n\t\t\t\t\t\t\t<\/div>\n\t\t\t\t\t\t<\/div>\n\t\t\t\t\t<\/a> \n\t\t\t\t\t\t\n\t\t\t\t\t<a href=\"https:\/\/www.ontravelholidayrentals.com\/alquiler\/apartamento-oliva-hoyo-17-1401-461320.html\" rel=\"nofollow\" style=\"width: 23%;\">\n\t\t\t\t\t\t<div class=\"apartamento-box\">\n\t\t\t\t\t\t\t<div class=\"imagen_recomendados\">\n\t\t\t\t\t\t\t\t<img decoding=\"async\" src=\"https:\/\/crs.avantio.com\/fotos\/2\/170342992255ca7d4aee571594651b5adb7ccda75c\/big1703429934a1fb5e3be7ac5dbff71d87a9227aa17d.jpg\" alt=\"\u00c1tico Oceanic by ON Travel\">\n\t\t\t\t\t\t\t<\/div>\n\t\t\t\t\t\t\t<div class=\"info\">\n\t\t\t\t\t\t\t\t<div class=\"ubicacion\">\n\t\t\t\t\t\t\t\t\t<i class=\"fa-solid fa-location-dot icono-mapa\"><\/i><span class=\"ubicacion-texto\">Oliva - Valencia<\/span>\n\t\t\t\t\t\t\t\t<\/div>\n\t\t\t\t\t\t\t\t<H3 class=\"titulo-alojamiento\">\n\t\t\t\t\t\t\t\t\t\u00c1tico Oceanic by ON Travel\t\t\t\t\t\t\t\t<\/H3>\n\t\t\t\t\t\t\t\t<p class=\"precio-alojamiento\">Desde <span class=\"precio\">550.00\u20ac<\/span> por noche<\/p>\n\t\t\t\t\t\t\t<\/div>\n\t\t\t\t\t\t<\/div>\n\t\t\t\t\t<\/a> \n\t\t\t\t\t\t\n\t\t\t\t\t<a href=\"https:\/\/www.ontravelholidayrentals.com\/alquiler\/apartamento-oliva-hoyo-17-2204-461321.html\" rel=\"nofollow\" style=\"width: 23%;\">\n\t\t\t\t\t\t<div class=\"apartamento-box\">\n\t\t\t\t\t\t\t<div class=\"imagen_recomendados\">\n\t\t\t\t\t\t\t\t<img decoding=\"async\" src=\"https:\/\/crs.avantio.com\/fotos\/2\/1703436554c275a1573516e87c6d66d8c01374d53f\/big170343656306489e7a54b318f7434c587baf4be288.jpg\" alt=\"Lirio by ON Travel\">\n\t\t\t\t\t\t\t<\/div>\n\t\t\t\t\t\t\t<div class=\"info\">\n\t\t\t\t\t\t\t\t<div class=\"ubicacion\">\n\t\t\t\t\t\t\t\t\t<i class=\"fa-solid fa-location-dot icono-mapa\"><\/i><span class=\"ubicacion-texto\">Oliva - Valencia<\/span>\n\t\t\t\t\t\t\t\t<\/div>\n\t\t\t\t\t\t\t\t<H3 class=\"titulo-alojamiento\">\n\t\t\t\t\t\t\t\t\tLirio by ON Travel\t\t\t\t\t\t\t\t<\/H3>\n\t\t\t\t\t\t\t\t<p class=\"precio-alojamiento\">Desde <span class=\"precio\">200.00\u20ac<\/span> por noche<\/p>\n\t\t\t\t\t\t\t<\/div>\n\t\t\t\t\t\t<\/div>\n\t\t\t\t\t<\/a> \n\t\t\t\t\t\t\t\t<\/div>\n\t\t\t<\/div>\n\t\t\t\t\t\t<\/div>\n\t\t\t\t<\/div>\n\t\t\t\t\t<\/div>\n\t\t\t\t<\/div>\n\t\t\t\t<\/div>\n\t\t","protected":false},"excerpt":{"rendered":"<p>La Cueva de los Arcos \u00a1Descubre este lugar de ensue\u00f1o! Ya contamos con que te encanta publicar todos esos fant\u00e1sticos sitios que descubres cuando vas de viaje en tus redes sociales. No te juzgamos, al contrario. A nosotros tambi\u00e9n nos encanta. De modo que hoy te vamos a hablar de un sitio que querr\u00e1s tener [&hellip;]<\/p>\n","protected":false},"author":4,"featured_media":195,"comment_status":"open","ping_status":"open","sticky":false,"template":"elementor_header_footer","format":"standard","meta":{"footnotes":""},"categories":[61,19],"tags":[70],"class_list":["post-154","post","type-post","status-publish","format-standard","has-post-thumbnail","hentry","category-benitatxell","category-moraira","tag-no-template"],"yoast_head":"<!-- This site is optimized with the Yoast SEO plugin v25.2 - https:\/\/yoast.com\/wordpress\/plugins\/seo\/ -->\n<title>La Cueva de los Arcos. \u00a1Descubre este lugar de ensue\u00f1o! - Blog<\/title>\n<meta name=\"description\" content=\"Descubre la Cueva de los Arcos, un impresionante lugar natural donde disfrutar de una experiencia mediterrr\u00e1nea plena.\" \/>\n<meta name=\"robots\" content=\"index, follow, max-snippet:-1, max-image-preview:large, max-video-preview:-1\" \/>\n<link rel=\"canonical\" href=\"https:\/\/www.ontravelholidayrentals.com\/blog\/la-cueva-de-los-arcos\/\" \/>\n<meta property=\"og:locale\" content=\"es_ES\" \/>\n<meta property=\"og:type\" content=\"article\" \/>\n<meta property=\"og:title\" content=\"La Cueva de los Arcos. \u00a1Descubre este lugar de ensue\u00f1o! - Blog\" \/>\n<meta property=\"og:description\" content=\"Descubre la Cueva de los Arcos, un impresionante lugar natural donde disfrutar de una experiencia mediterrr\u00e1nea plena.\" \/>\n<meta property=\"og:url\" content=\"https:\/\/www.ontravelholidayrentals.com\/blog\/la-cueva-de-los-arcos\/\" \/>\n<meta property=\"og:site_name\" content=\"Blog\" \/>\n<meta property=\"article:published_time\" content=\"2025-03-07T10:44:04+00:00\" \/>\n<meta property=\"article:modified_time\" content=\"2026-03-12T10:54:19+00:00\" \/>\n<meta property=\"og:image\" content=\"https:\/\/www.ontravelholidayrentals.com\/blog\/wp-content\/uploads\/2025\/03\/Cueva-arcos-benitatxell-moraig.jpg\" \/>\n\t<meta property=\"og:image:width\" content=\"1920\" \/>\n\t<meta property=\"og:image:height\" content=\"640\" \/>\n\t<meta property=\"og:image:type\" content=\"image\/jpeg\" \/>\n<meta name=\"author\" content=\"Axel\" \/>\n<meta name=\"twitter:card\" content=\"summary_large_image\" \/>\n<meta name=\"twitter:label1\" content=\"Escrito por\" \/>\n\t<meta name=\"twitter:data1\" content=\"Axel\" \/>\n\t<meta name=\"twitter:label2\" content=\"Tiempo de lectura\" \/>\n\t<meta name=\"twitter:data2\" content=\"7 minutos\" \/>\n<script type=\"application\/ld+json\" class=\"yoast-schema-graph\">{\"@context\":\"https:\/\/schema.org\",\"@graph\":[{\"@type\":\"Article\",\"@id\":\"https:\/\/www.ontravelholidayrentals.com\/blog\/la-cueva-de-los-arcos\/#article\",\"isPartOf\":{\"@id\":\"https:\/\/www.ontravelholidayrentals.com\/blog\/la-cueva-de-los-arcos\/\"},\"author\":{\"name\":\"Axel\",\"@id\":\"https:\/\/www.ontravelholidayrentals.com\/blog\/#\/schema\/person\/907601cb91b08af60b0fec9e629a4883\"},\"headline\":\"La Cueva de los Arcos. \u00a1Descubre este lugar de ensue\u00f1o!\",\"datePublished\":\"2025-03-07T10:44:04+00:00\",\"dateModified\":\"2026-03-12T10:54:19+00:00\",\"mainEntityOfPage\":{\"@id\":\"https:\/\/www.ontravelholidayrentals.com\/blog\/la-cueva-de-los-arcos\/\"},\"wordCount\":1091,\"commentCount\":0,\"publisher\":{\"@id\":\"https:\/\/www.ontravelholidayrentals.com\/blog\/#organization\"},\"image\":{\"@id\":\"https:\/\/www.ontravelholidayrentals.com\/blog\/la-cueva-de-los-arcos\/#primaryimage\"},\"thumbnailUrl\":\"https:\/\/www.ontravelholidayrentals.com\/blog\/wp-content\/uploads\/2025\/03\/Cueva-arcos-benitatxell-moraig.jpg\",\"keywords\":[\"no template\"],\"articleSection\":[\"Benitatxell\",\"Moraira\"],\"inLanguage\":\"es\",\"potentialAction\":[{\"@type\":\"CommentAction\",\"name\":\"Comment\",\"target\":[\"https:\/\/www.ontravelholidayrentals.com\/blog\/la-cueva-de-los-arcos\/#respond\"]}]},{\"@type\":\"WebPage\",\"@id\":\"https:\/\/www.ontravelholidayrentals.com\/blog\/la-cueva-de-los-arcos\/\",\"url\":\"https:\/\/www.ontravelholidayrentals.com\/blog\/la-cueva-de-los-arcos\/\",\"name\":\"La Cueva de los Arcos. \u00a1Descubre este lugar de ensue\u00f1o! - Blog\",\"isPartOf\":{\"@id\":\"https:\/\/www.ontravelholidayrentals.com\/blog\/#website\"},\"primaryImageOfPage\":{\"@id\":\"https:\/\/www.ontravelholidayrentals.com\/blog\/la-cueva-de-los-arcos\/#primaryimage\"},\"image\":{\"@id\":\"https:\/\/www.ontravelholidayrentals.com\/blog\/la-cueva-de-los-arcos\/#primaryimage\"},\"thumbnailUrl\":\"https:\/\/www.ontravelholidayrentals.com\/blog\/wp-content\/uploads\/2025\/03\/Cueva-arcos-benitatxell-moraig.jpg\",\"datePublished\":\"2025-03-07T10:44:04+00:00\",\"dateModified\":\"2026-03-12T10:54:19+00:00\",\"description\":\"Descubre la Cueva de los Arcos, un impresionante lugar natural donde disfrutar de una experiencia mediterrr\u00e1nea plena.\",\"breadcrumb\":{\"@id\":\"https:\/\/www.ontravelholidayrentals.com\/blog\/la-cueva-de-los-arcos\/#breadcrumb\"},\"inLanguage\":\"es\",\"potentialAction\":[{\"@type\":\"ReadAction\",\"target\":[\"https:\/\/www.ontravelholidayrentals.com\/blog\/la-cueva-de-los-arcos\/\"]}]},{\"@type\":\"ImageObject\",\"inLanguage\":\"es\",\"@id\":\"https:\/\/www.ontravelholidayrentals.com\/blog\/la-cueva-de-los-arcos\/#primaryimage\",\"url\":\"https:\/\/www.ontravelholidayrentals.com\/blog\/wp-content\/uploads\/2025\/03\/Cueva-arcos-benitatxell-moraig.jpg\",\"contentUrl\":\"https:\/\/www.ontravelholidayrentals.com\/blog\/wp-content\/uploads\/2025\/03\/Cueva-arcos-benitatxell-moraig.jpg\",\"width\":1920,\"height\":640},{\"@type\":\"BreadcrumbList\",\"@id\":\"https:\/\/www.ontravelholidayrentals.com\/blog\/la-cueva-de-los-arcos\/#breadcrumb\",\"itemListElement\":[{\"@type\":\"ListItem\",\"position\":1,\"name\":\"Portada\",\"item\":\"https:\/\/www.ontravelholidayrentals.com\/blog\/\"},{\"@type\":\"ListItem\",\"position\":2,\"name\":\"La Cueva de los Arcos. \u00a1Descubre este lugar de ensue\u00f1o!\"}]},{\"@type\":\"WebSite\",\"@id\":\"https:\/\/www.ontravelholidayrentals.com\/blog\/#website\",\"url\":\"https:\/\/www.ontravelholidayrentals.com\/blog\/\",\"name\":\"Blog\",\"description\":\"Ontravelholidayrentals\",\"publisher\":{\"@id\":\"https:\/\/www.ontravelholidayrentals.com\/blog\/#organization\"},\"potentialAction\":[{\"@type\":\"SearchAction\",\"target\":{\"@type\":\"EntryPoint\",\"urlTemplate\":\"https:\/\/www.ontravelholidayrentals.com\/blog\/?s={search_term_string}\"},\"query-input\":{\"@type\":\"PropertyValueSpecification\",\"valueRequired\":true,\"valueName\":\"search_term_string\"}}],\"inLanguage\":\"es\"},{\"@type\":\"Organization\",\"@id\":\"https:\/\/www.ontravelholidayrentals.com\/blog\/#organization\",\"name\":\"Blog\",\"url\":\"https:\/\/www.ontravelholidayrentals.com\/blog\/\",\"logo\":{\"@type\":\"ImageObject\",\"inLanguage\":\"es\",\"@id\":\"https:\/\/www.ontravelholidayrentals.com\/blog\/#\/schema\/logo\/image\/\",\"url\":\"https:\/\/www.ontravelholidayrentals.com\/blog\/wp-content\/uploads\/2025\/02\/logo-oliva-nova.webp\",\"contentUrl\":\"https:\/\/www.ontravelholidayrentals.com\/blog\/wp-content\/uploads\/2025\/02\/logo-oliva-nova.webp\",\"width\":2454,\"height\":875,\"caption\":\"Blog\"},\"image\":{\"@id\":\"https:\/\/www.ontravelholidayrentals.com\/blog\/#\/schema\/logo\/image\/\"}},{\"@type\":\"Person\",\"@id\":\"https:\/\/www.ontravelholidayrentals.com\/blog\/#\/schema\/person\/907601cb91b08af60b0fec9e629a4883\",\"name\":\"Axel\",\"image\":{\"@type\":\"ImageObject\",\"inLanguage\":\"es\",\"@id\":\"https:\/\/www.ontravelholidayrentals.com\/blog\/#\/schema\/person\/image\/\",\"url\":\"https:\/\/secure.gravatar.com\/avatar\/3bd706736e5b70f21f05f6c2d5cad746767782a4ba4b7df399c5969e2a9318fd?s=96&d=mm&r=g\",\"contentUrl\":\"https:\/\/secure.gravatar.com\/avatar\/3bd706736e5b70f21f05f6c2d5cad746767782a4ba4b7df399c5969e2a9318fd?s=96&d=mm&r=g\",\"caption\":\"Axel\"},\"url\":\"https:\/\/www.ontravelholidayrentals.com\/blog\/author\/axel\/\"}]}<\/script>\n<!-- \/ Yoast SEO plugin. -->","yoast_head_json":{"title":"La Cueva de los Arcos. \u00a1Descubre este lugar de ensue\u00f1o! - Blog","description":"Descubre la Cueva de los Arcos, un impresionante lugar natural donde disfrutar de una experiencia mediterrr\u00e1nea plena.","robots":{"index":"index","follow":"follow","max-snippet":"max-snippet:-1","max-image-preview":"max-image-preview:large","max-video-preview":"max-video-preview:-1"},"canonical":"https:\/\/www.ontravelholidayrentals.com\/blog\/la-cueva-de-los-arcos\/","og_locale":"es_ES","og_type":"article","og_title":"La Cueva de los Arcos. \u00a1Descubre este lugar de ensue\u00f1o! - Blog","og_description":"Descubre la Cueva de los Arcos, un impresionante lugar natural donde disfrutar de una experiencia mediterrr\u00e1nea plena.","og_url":"https:\/\/www.ontravelholidayrentals.com\/blog\/la-cueva-de-los-arcos\/","og_site_name":"Blog","article_published_time":"2025-03-07T10:44:04+00:00","article_modified_time":"2026-03-12T10:54:19+00:00","og_image":[{"width":1920,"height":640,"url":"https:\/\/www.ontravelholidayrentals.com\/blog\/wp-content\/uploads\/2025\/03\/Cueva-arcos-benitatxell-moraig.jpg","type":"image\/jpeg"}],"author":"Axel","twitter_card":"summary_large_image","twitter_misc":{"Escrito por":"Axel","Tiempo de lectura":"7 minutos"},"schema":{"@context":"https:\/\/schema.org","@graph":[{"@type":"Article","@id":"https:\/\/www.ontravelholidayrentals.com\/blog\/la-cueva-de-los-arcos\/#article","isPartOf":{"@id":"https:\/\/www.ontravelholidayrentals.com\/blog\/la-cueva-de-los-arcos\/"},"author":{"name":"Axel","@id":"https:\/\/www.ontravelholidayrentals.com\/blog\/#\/schema\/person\/907601cb91b08af60b0fec9e629a4883"},"headline":"La Cueva de los Arcos. \u00a1Descubre este lugar de ensue\u00f1o!","datePublished":"2025-03-07T10:44:04+00:00","dateModified":"2026-03-12T10:54:19+00:00","mainEntityOfPage":{"@id":"https:\/\/www.ontravelholidayrentals.com\/blog\/la-cueva-de-los-arcos\/"},"wordCount":1091,"commentCount":0,"publisher":{"@id":"https:\/\/www.ontravelholidayrentals.com\/blog\/#organization"},"image":{"@id":"https:\/\/www.ontravelholidayrentals.com\/blog\/la-cueva-de-los-arcos\/#primaryimage"},"thumbnailUrl":"https:\/\/www.ontravelholidayrentals.com\/blog\/wp-content\/uploads\/2025\/03\/Cueva-arcos-benitatxell-moraig.jpg","keywords":["no template"],"articleSection":["Benitatxell","Moraira"],"inLanguage":"es","potentialAction":[{"@type":"CommentAction","name":"Comment","target":["https:\/\/www.ontravelholidayrentals.com\/blog\/la-cueva-de-los-arcos\/#respond"]}]},{"@type":"WebPage","@id":"https:\/\/www.ontravelholidayrentals.com\/blog\/la-cueva-de-los-arcos\/","url":"https:\/\/www.ontravelholidayrentals.com\/blog\/la-cueva-de-los-arcos\/","name":"La Cueva de los Arcos. \u00a1Descubre este lugar de ensue\u00f1o! - Blog","isPartOf":{"@id":"https:\/\/www.ontravelholidayrentals.com\/blog\/#website"},"primaryImageOfPage":{"@id":"https:\/\/www.ontravelholidayrentals.com\/blog\/la-cueva-de-los-arcos\/#primaryimage"},"image":{"@id":"https:\/\/www.ontravelholidayrentals.com\/blog\/la-cueva-de-los-arcos\/#primaryimage"},"thumbnailUrl":"https:\/\/www.ontravelholidayrentals.com\/blog\/wp-content\/uploads\/2025\/03\/Cueva-arcos-benitatxell-moraig.jpg","datePublished":"2025-03-07T10:44:04+00:00","dateModified":"2026-03-12T10:54:19+00:00","description":"Descubre la Cueva de los Arcos, un impresionante lugar natural donde disfrutar de una experiencia mediterrr\u00e1nea plena.","breadcrumb":{"@id":"https:\/\/www.ontravelholidayrentals.com\/blog\/la-cueva-de-los-arcos\/#breadcrumb"},"inLanguage":"es","potentialAction":[{"@type":"ReadAction","target":["https:\/\/www.ontravelholidayrentals.com\/blog\/la-cueva-de-los-arcos\/"]}]},{"@type":"ImageObject","inLanguage":"es","@id":"https:\/\/www.ontravelholidayrentals.com\/blog\/la-cueva-de-los-arcos\/#primaryimage","url":"https:\/\/www.ontravelholidayrentals.com\/blog\/wp-content\/uploads\/2025\/03\/Cueva-arcos-benitatxell-moraig.jpg","contentUrl":"https:\/\/www.ontravelholidayrentals.com\/blog\/wp-content\/uploads\/2025\/03\/Cueva-arcos-benitatxell-moraig.jpg","width":1920,"height":640},{"@type":"BreadcrumbList","@id":"https:\/\/www.ontravelholidayrentals.com\/blog\/la-cueva-de-los-arcos\/#breadcrumb","itemListElement":[{"@type":"ListItem","position":1,"name":"Portada","item":"https:\/\/www.ontravelholidayrentals.com\/blog\/"},{"@type":"ListItem","position":2,"name":"La Cueva de los Arcos. \u00a1Descubre este lugar de ensue\u00f1o!"}]},{"@type":"WebSite","@id":"https:\/\/www.ontravelholidayrentals.com\/blog\/#website","url":"https:\/\/www.ontravelholidayrentals.com\/blog\/","name":"Blog","description":"Ontravelholidayrentals","publisher":{"@id":"https:\/\/www.ontravelholidayrentals.com\/blog\/#organization"},"potentialAction":[{"@type":"SearchAction","target":{"@type":"EntryPoint","urlTemplate":"https:\/\/www.ontravelholidayrentals.com\/blog\/?s={search_term_string}"},"query-input":{"@type":"PropertyValueSpecification","valueRequired":true,"valueName":"search_term_string"}}],"inLanguage":"es"},{"@type":"Organization","@id":"https:\/\/www.ontravelholidayrentals.com\/blog\/#organization","name":"Blog","url":"https:\/\/www.ontravelholidayrentals.com\/blog\/","logo":{"@type":"ImageObject","inLanguage":"es","@id":"https:\/\/www.ontravelholidayrentals.com\/blog\/#\/schema\/logo\/image\/","url":"https:\/\/www.ontravelholidayrentals.com\/blog\/wp-content\/uploads\/2025\/02\/logo-oliva-nova.webp","contentUrl":"https:\/\/www.ontravelholidayrentals.com\/blog\/wp-content\/uploads\/2025\/02\/logo-oliva-nova.webp","width":2454,"height":875,"caption":"Blog"},"image":{"@id":"https:\/\/www.ontravelholidayrentals.com\/blog\/#\/schema\/logo\/image\/"}},{"@type":"Person","@id":"https:\/\/www.ontravelholidayrentals.com\/blog\/#\/schema\/person\/907601cb91b08af60b0fec9e629a4883","name":"Axel","image":{"@type":"ImageObject","inLanguage":"es","@id":"https:\/\/www.ontravelholidayrentals.com\/blog\/#\/schema\/person\/image\/","url":"https:\/\/secure.gravatar.com\/avatar\/3bd706736e5b70f21f05f6c2d5cad746767782a4ba4b7df399c5969e2a9318fd?s=96&d=mm&r=g","contentUrl":"https:\/\/secure.gravatar.com\/avatar\/3bd706736e5b70f21f05f6c2d5cad746767782a4ba4b7df399c5969e2a9318fd?s=96&d=mm&r=g","caption":"Axel"},"url":"https:\/\/www.ontravelholidayrentals.com\/blog\/author\/axel\/"}]}},"_links":{"self":[{"href":"https:\/\/www.ontravelholidayrentals.com\/blog\/wp-json\/wp\/v2\/posts\/154","targetHints":{"allow":["GET"]}}],"collection":[{"href":"https:\/\/www.ontravelholidayrentals.com\/blog\/wp-json\/wp\/v2\/posts"}],"about":[{"href":"https:\/\/www.ontravelholidayrentals.com\/blog\/wp-json\/wp\/v2\/types\/post"}],"author":[{"embeddable":true,"href":"https:\/\/www.ontravelholidayrentals.com\/blog\/wp-json\/wp\/v2\/users\/4"}],"replies":[{"embeddable":true,"href":"https:\/\/www.ontravelholidayrentals.com\/blog\/wp-json\/wp\/v2\/comments?post=154"}],"version-history":[{"count":19,"href":"https:\/\/www.ontravelholidayrentals.com\/blog\/wp-json\/wp\/v2\/posts\/154\/revisions"}],"predecessor-version":[{"id":856,"href":"https:\/\/www.ontravelholidayrentals.com\/blog\/wp-json\/wp\/v2\/posts\/154\/revisions\/856"}],"wp:featuredmedia":[{"embeddable":true,"href":"https:\/\/www.ontravelholidayrentals.com\/blog\/wp-json\/wp\/v2\/media\/195"}],"wp:attachment":[{"href":"https:\/\/www.ontravelholidayrentals.com\/blog\/wp-json\/wp\/v2\/media?parent=154"}],"wp:term":[{"taxonomy":"category","embeddable":true,"href":"https:\/\/www.ontravelholidayrentals.com\/blog\/wp-json\/wp\/v2\/categories?post=154"},{"taxonomy":"post_tag","embeddable":true,"href":"https:\/\/www.ontravelholidayrentals.com\/blog\/wp-json\/wp\/v2\/tags?post=154"}],"curies":[{"name":"wp","href":"https:\/\/api.w.org\/{rel}","templated":true}]}}