{"id":1291,"date":"2025-11-13T12:08:40","date_gmt":"2025-11-13T12:08:40","guid":{"rendered":"https:\/\/www.ontravelholidayrentals.com\/blog\/?p=1291"},"modified":"2026-03-12T10:53:47","modified_gmt":"2026-03-12T10:53:47","slug":"cala-pinets","status":"publish","type":"post","link":"https:\/\/www.ontravelholidayrentals.com\/blog\/cala-pinets\/","title":{"rendered":"Cala Pinets: un rinc\u00f3n escondido con alma mediterr\u00e1nea"},"content":{"rendered":"\t\t<div data-elementor-type=\"wp-post\" data-elementor-id=\"1291\" class=\"elementor elementor-1291\" data-elementor-post-type=\"post\">\n\t\t\t\t<div class=\"elementor-element elementor-element-73871072 e-flex e-con-boxed e-con e-parent\" data-id=\"73871072\" data-element_type=\"container\" data-e-type=\"container\" data-settings=\"{&quot;background_background&quot;:&quot;classic&quot;}\">\n\t\t\t\t\t<div class=\"e-con-inner\">\n\t\t\t\t<div class=\"elementor-element elementor-element-7217492d elementor-widget elementor-widget-heading\" data-id=\"7217492d\" data-element_type=\"widget\" data-e-type=\"widget\" data-widget_type=\"heading.default\">\n\t\t\t\t<div class=\"elementor-widget-container\">\n\t\t\t\t\t<h1 class=\"elementor-heading-title elementor-size-default\">Cala Pinets: un rinc\u00f3n escondido con alma mediterr\u00e1nea<\/h1>\t\t\t\t<\/div>\n\t\t\t\t<\/div>\n\t\t\t\t\t<\/div>\n\t\t\t\t<\/div>\n\t\t<div class=\"elementor-element elementor-element-2d28f45a e-flex e-con-boxed e-con e-parent\" data-id=\"2d28f45a\" data-element_type=\"container\" data-e-type=\"container\">\n\t\t\t\t\t<div class=\"e-con-inner\">\n\t\t\t\t<div class=\"elementor-element elementor-element-77f17112 elementor-widget elementor-widget-text-editor\" data-id=\"77f17112\" data-element_type=\"widget\" data-e-type=\"widget\" data-widget_type=\"text-editor.default\">\n\t\t\t\t<div class=\"elementor-widget-container\">\n\t\t\t\t\t\t\t\t\t<p><span style=\"font-weight: 400;\">\u00bfHace cu\u00e1nto que no te das un respiro con el mar como banda sonora? Te presentamos <\/span><b>Cala Pinets, en Benissa<\/b><span style=\"font-weight: 400;\">: un rinc\u00f3n donde las vacaciones vienen con el modo relax activado por defecto.<\/span><\/p><p><span style=\"font-weight: 400;\">Aqu\u00ed no hay estr\u00e9s, solo mar azul, ganas de pasarlo bien y <\/span><b>On Travel como c\u00f3mplice de un planazo de desconexi\u00f3n total <\/b><span style=\"font-weight: 400;\">(s\u00ed, incluso tu m\u00f3vil se toma un descanso). Es una cala para llegar sin prisa y quedarse sin horarios. De esas que te invitan a respirar hondo y recordar que la vida, cuando se toma en serio, sabe a sal y a libertad.<\/span><\/p>\t\t\t\t\t\t\t\t<\/div>\n\t\t\t\t<\/div>\n\t\t\t\t\t<\/div>\n\t\t\t\t<\/div>\n\t\t<div class=\"elementor-element elementor-element-2e4105b5 e-flex e-con-boxed e-con e-parent\" data-id=\"2e4105b5\" data-element_type=\"container\" data-e-type=\"container\">\n\t\t\t\t\t<div class=\"e-con-inner\">\n\t\t\t\t<div class=\"elementor-element elementor-element-5a091ecf elementor-widget elementor-widget-table-of-contents\" data-id=\"5a091ecf\" data-element_type=\"widget\" data-e-type=\"widget\" data-settings=\"{&quot;headings_by_tags&quot;:[&quot;h2&quot;,&quot;h3&quot;],&quot;exclude_headings_by_selector&quot;:[],&quot;marker_view&quot;:&quot;bullets&quot;,&quot;icon&quot;:{&quot;value&quot;:&quot;&quot;,&quot;library&quot;:&quot;&quot;},&quot;no_headings_message&quot;:&quot;No headings were found on this page.&quot;,&quot;hierarchical_view&quot;:&quot;yes&quot;,&quot;min_height&quot;:{&quot;unit&quot;:&quot;px&quot;,&quot;size&quot;:&quot;&quot;,&quot;sizes&quot;:[]},&quot;min_height_tablet&quot;:{&quot;unit&quot;:&quot;px&quot;,&quot;size&quot;:&quot;&quot;,&quot;sizes&quot;:[]},&quot;min_height_mobile&quot;:{&quot;unit&quot;:&quot;px&quot;,&quot;size&quot;:&quot;&quot;,&quot;sizes&quot;:[]}}\" data-widget_type=\"table-of-contents.default\">\n\t\t\t\t<div class=\"elementor-widget-container\">\n\t\t\t\t\t\t\t\t\t<div class=\"elementor-toc__header\">\n\t\t\t\t\t\t<div class=\"elementor-toc__header-title\">\n\t\t\t\t\u00cdndice\t\t\t<\/div>\n\t\t\t\t\t\t\t\t<\/div>\n\t\t\t\t<div id=\"elementor-toc__5a091ecf\" class=\"elementor-toc__body\">\n\t\t\t<div class=\"elementor-toc__spinner-container\">\n\t\t\t\t<svg class=\"elementor-toc__spinner eicon-animation-spin e-font-icon-svg e-eicon-loading\" aria-hidden=\"true\" viewBox=\"0 0 1000 1000\" xmlns=\"http:\/\/www.w3.org\/2000\/svg\"><path d=\"M500 975V858C696 858 858 696 858 500S696 142 500 142 142 304 142 500H25C25 237 238 25 500 25S975 237 975 500 763 975 500 975Z\"><\/path><\/svg>\t\t\t<\/div>\n\t\t<\/div>\n\t\t\t\t\t\t<\/div>\n\t\t\t\t<\/div>\n\t\t\t\t\t<\/div>\n\t\t\t\t<\/div>\n\t\t<div class=\"elementor-element elementor-element-24be796 e-flex e-con-boxed e-con e-parent\" data-id=\"24be796\" data-element_type=\"container\" data-e-type=\"container\">\n\t\t\t\t\t<div class=\"e-con-inner\">\n\t\t\t\t<div class=\"elementor-element elementor-element-8c99118 elementor-widget elementor-widget-heading\" data-id=\"8c99118\" data-element_type=\"widget\" data-e-type=\"widget\" data-widget_type=\"heading.default\">\n\t\t\t\t<div class=\"elementor-widget-container\">\n\t\t\t\t\t<h2 class=\"elementor-heading-title elementor-size-default\">Sum\u00e9rgete en actividades acu\u00e1ticas y deportes frente al mar\n<\/h2>\t\t\t\t<\/div>\n\t\t\t\t<\/div>\n\t\t\t\t<div class=\"elementor-element elementor-element-a09ad41 elementor-widget elementor-widget-text-editor\" data-id=\"a09ad41\" data-element_type=\"widget\" data-e-type=\"widget\" data-widget_type=\"text-editor.default\">\n\t\t\t\t<div class=\"elementor-widget-container\">\n\t\t\t\t\t\t\t\t\t<p><span style=\"font-weight: 400;\">Si eres de los que no para quieto ni en vacaciones, ponte las <\/span><b>gafas de snorkel<\/b><span style=\"font-weight: 400;\"> y prep\u00e1rate para montar tu propio documental de La 2, entre posidonias y peces del entorno. Los rumores dicen que hasta Nemo ha veraneado en las aguas de esta cala.<\/span><\/p><p><span style=\"font-weight: 400;\">Otras actividades son el <\/span><b>paddle surf, el kayak y la nataci\u00f3n libre<\/b><span style=\"font-weight: 400;\">. Cada remada puede ser una postal y cada cueva un misterio que descubrir. Aunque si te va m\u00e1s un plan relajado, saca el colch\u00f3n hinchable y d\u00e9jate llevar por las olas, porque el \u00fanico peligro es dormirse al sol.<\/span><\/p>\t\t\t\t\t\t\t\t<\/div>\n\t\t\t\t<\/div>\n\t\t\t\t\t<\/div>\n\t\t\t\t<\/div>\n\t\t<div class=\"elementor-element elementor-element-9f27d6e e-flex e-con-boxed e-con e-parent\" data-id=\"9f27d6e\" data-element_type=\"container\" data-e-type=\"container\">\n\t\t\t\t\t<div class=\"e-con-inner\">\n\t\t<div class=\"elementor-element elementor-element-ab456a6 e-con-full e-flex e-con e-child\" data-id=\"ab456a6\" data-element_type=\"container\" data-e-type=\"container\">\n\t\t\t\t<div class=\"elementor-element elementor-element-38dd4a9c elementor-widget elementor-widget-heading\" data-id=\"38dd4a9c\" data-element_type=\"widget\" data-e-type=\"widget\" data-widget_type=\"heading.default\">\n\t\t\t\t<div class=\"elementor-widget-container\">\n\t\t\t\t\t<h2 class=\"elementor-heading-title elementor-size-default\">C\u00f3mo llegar y qu\u00e9 esperar de este para\u00edso escondido\n<\/h2>\t\t\t\t<\/div>\n\t\t\t\t<\/div>\n\t\t\t\t<div class=\"elementor-element elementor-element-34871d09 elementor-widget elementor-widget-text-editor\" data-id=\"34871d09\" data-element_type=\"widget\" data-e-type=\"widget\" data-widget_type=\"text-editor.default\">\n\t\t\t\t<div class=\"elementor-widget-container\">\n\t\t\t\t\t\t\t\t\t<p><span style=\"font-weight: 400;\">Si lo tuyo es descubrir joyas secretas, apunta: Carrer dels Pinets, Benissa. A partir de ah\u00ed, <\/span><b>sigue tu intuici\u00f3n y alg\u00fan que otro cartel<\/b><span style=\"font-weight: 400;\">. Aparcar tiene su truco (nivel principiante, no te asustes), pero madrugar ayuda. Desde el parking, un sendero entre pinos te lleva directo al Mediterr\u00e1neo.<\/span><\/p><p><span style=\"font-weight: 400;\">No hay beach clubs ni hamacas de dise\u00f1o: aqu\u00ed el \u00fanico VIP eres t\u00fa.<\/span><b> Arena, roca y aguas que parecen sacadas de un anuncio<\/b><span style=\"font-weight: 400;\">. Incluso en verano, Cala Pinets respira paz. As\u00ed que rel\u00e1jate, olvida el reloj y deja que este lugar haga lo suyo.<\/span><\/p><p><span style=\"font-weight: 400;\">Un consejo extra:<\/span><b> si puedes, qu\u00e9date hasta el atardecer<\/b><span style=\"font-weight: 400;\">. El cielo se ti\u00f1e de tonos imposibles y la cala se transforma en un escenario de postal.<\/span><\/p>\t\t\t\t\t\t\t\t<\/div>\n\t\t\t\t<\/div>\n\t\t\t\t<\/div>\n\t\t<div class=\"elementor-element elementor-element-aa4f6b3 e-con-full e-flex e-con e-child\" data-id=\"aa4f6b3\" data-element_type=\"container\" data-e-type=\"container\">\n\t\t\t\t<div class=\"elementor-element elementor-element-8d4cdc3 elementor-widget elementor-widget-google_maps\" data-id=\"8d4cdc3\" data-element_type=\"widget\" data-e-type=\"widget\" data-widget_type=\"google_maps.default\">\n\t\t\t\t<div class=\"elementor-widget-container\">\n\t\t\t\t\t\t\t<div class=\"elementor-custom-embed\">\n\t\t\t<iframe loading=\"lazy\"\n\t\t\t\t\tsrc=\"https:\/\/maps.google.com\/maps?q=cala%20pinets&#038;t=m&#038;z=10&#038;output=embed&#038;iwloc=near\"\n\t\t\t\t\ttitle=\"cala pinets\"\n\t\t\t\t\taria-label=\"cala pinets\"\n\t\t\t><\/iframe>\n\t\t<\/div>\n\t\t\t\t\t\t<\/div>\n\t\t\t\t<\/div>\n\t\t\t\t<\/div>\n\t\t\t\t\t<\/div>\n\t\t\t\t<\/div>\n\t\t<div class=\"elementor-element elementor-element-9003669 e-flex e-con-boxed e-con e-parent\" data-id=\"9003669\" data-element_type=\"container\" data-e-type=\"container\">\n\t\t\t\t\t<div class=\"e-con-inner\">\n\t\t\t\t<div class=\"elementor-element elementor-element-05b147d elementor-widget elementor-widget-heading\" data-id=\"05b147d\" data-element_type=\"widget\" data-e-type=\"widget\" data-widget_type=\"heading.default\">\n\t\t\t\t<div class=\"elementor-widget-container\">\n\t\t\t\t\t<h2 class=\"elementor-heading-title elementor-size-default\">Saborea la gastronom\u00eda local en los restaurantes cercanos\n<\/h2>\t\t\t\t<\/div>\n\t\t\t\t<\/div>\n\t\t\t\t<div class=\"elementor-element elementor-element-bcbd2c5 elementor-widget elementor-widget-text-editor\" data-id=\"bcbd2c5\" data-element_type=\"widget\" data-e-type=\"widget\" data-widget_type=\"text-editor.default\">\n\t\t\t\t<div class=\"elementor-widget-container\">\n\t\t\t\t\t\t\t\t\t<p><span style=\"font-weight: 400;\">Otra regla de oro de la Costa Blanca es que aqu\u00ed se come de lujo. Los pueblos vecinos a Cala Pinets dan <\/span><b>lecciones magistrales de arroz<\/b><span style=\"font-weight: 400;\">, ya sea a banda, meloso, del senyoret, o el que m\u00e1s te guste. Y si te gustan los sabores del mar, tienes que probar el <\/span><b>pescado fresco<\/b><span style=\"font-weight: 400;\">, los<\/span><b> calamares <\/b><span style=\"font-weight: 400;\">y las famosas <\/span><b>gambas rojas<\/b><span style=\"font-weight: 400;\"> de Denia.<\/span><\/p><p><span style=\"font-weight: 400;\">Tambi\u00e9n existen <\/span><b>chiringuitos en Moraira y J\u00e1vea <\/b><span style=\"font-weight: 400;\">que ofrecen ca\u00f1as con vistas al mar y tapas que te dejar\u00e1n con la boca abierta.\u00a0<\/span><\/p>\t\t\t\t\t\t\t\t<\/div>\n\t\t\t\t<\/div>\n\t\t\t\t\t<\/div>\n\t\t\t\t<\/div>\n\t\t<div class=\"elementor-element elementor-element-632f627 e-flex e-con-boxed e-con e-parent\" data-id=\"632f627\" data-element_type=\"container\" data-e-type=\"container\">\n\t\t\t\t\t<div class=\"e-con-inner\">\n\t\t\t\t<div class=\"elementor-element elementor-element-e555b4c elementor-widget elementor-widget-heading\" data-id=\"e555b4c\" data-element_type=\"widget\" data-e-type=\"widget\" data-widget_type=\"heading.default\">\n\t\t\t\t<div class=\"elementor-widget-container\">\n\t\t\t\t\t<h2 class=\"elementor-heading-title elementor-size-default\">Consejos para familias y viajeros que buscan tranquilidad\n<\/h2>\t\t\t\t<\/div>\n\t\t\t\t<\/div>\n\t\t\t\t<div class=\"elementor-element elementor-element-553039a elementor-widget elementor-widget-text-editor\" data-id=\"553039a\" data-element_type=\"widget\" data-e-type=\"widget\" data-widget_type=\"text-editor.default\">\n\t\t\t\t<div class=\"elementor-widget-container\">\n\t\t\t\t\t\t\t\t\t<p><span style=\"font-weight: 400;\">Para entendernos, esta cala es como<\/span><b> la Champions League para familias y viajeros que buscan tranquilidad. <\/b><span style=\"font-weight: 400;\">Sin duchas, ni socorristas, encontrar\u00e1s un ambiente con cero estr\u00e9s.\u00a0<\/span><\/p>\t\t\t\t\t\t\t\t<\/div>\n\t\t\t\t<\/div>\n\t\t\t\t<div class=\"elementor-element elementor-element-e3bc3e4 elementor-widget elementor-widget-image\" data-id=\"e3bc3e4\" data-element_type=\"widget\" data-e-type=\"widget\" data-widget_type=\"image.default\">\n\t\t\t\t<div class=\"elementor-widget-container\">\n\t\t\t\t\t\t\t\t\t\t\t\t\t\t\t<img fetchpriority=\"high\" decoding=\"async\" width=\"1254\" height=\"705\" src=\"https:\/\/www.ontravelholidayrentals.com\/blog\/wp-content\/uploads\/2025\/11\/cala-pinets-costa-blanca.jpg\" class=\"attachment-full size-full wp-image-1302\" alt=\"\" srcset=\"https:\/\/www.ontravelholidayrentals.com\/blog\/wp-content\/uploads\/2025\/11\/cala-pinets-costa-blanca.jpg 1254w, https:\/\/www.ontravelholidayrentals.com\/blog\/wp-content\/uploads\/2025\/11\/cala-pinets-costa-blanca-300x169.jpg 300w, https:\/\/www.ontravelholidayrentals.com\/blog\/wp-content\/uploads\/2025\/11\/cala-pinets-costa-blanca-1024x576.jpg 1024w, https:\/\/www.ontravelholidayrentals.com\/blog\/wp-content\/uploads\/2025\/11\/cala-pinets-costa-blanca-768x432.jpg 768w\" sizes=\"(max-width: 1254px) 100vw, 1254px\" \/>\t\t\t\t\t\t\t\t\t\t\t\t\t\t\t<\/div>\n\t\t\t\t<\/div>\n\t\t\t\t\t<\/div>\n\t\t\t\t<\/div>\n\t\t<div class=\"elementor-element elementor-element-730de837 e-flex e-con-boxed e-con e-parent\" data-id=\"730de837\" data-element_type=\"container\" data-e-type=\"container\">\n\t\t\t\t\t<div class=\"e-con-inner\">\n\t\t\t\t<div class=\"elementor-element elementor-element-24777e1d elementor-widget elementor-widget-heading\" data-id=\"24777e1d\" data-element_type=\"widget\" data-e-type=\"widget\" data-widget_type=\"heading.default\">\n\t\t\t\t<div class=\"elementor-widget-container\">\n\t\t\t\t\t<h3 class=\"elementor-heading-title elementor-size-default\">Lleva todo lo necesario para el dia en la cala\n<\/h3>\t\t\t\t<\/div>\n\t\t\t\t<\/div>\n\t\t\t\t<div class=\"elementor-element elementor-element-66a962f7 elementor-widget elementor-widget-text-editor\" data-id=\"66a962f7\" data-element_type=\"widget\" data-e-type=\"widget\" data-widget_type=\"text-editor.default\">\n\t\t\t\t<div class=\"elementor-widget-container\">\n\t\t\t\t\t\t\t\t\t<p><span style=\"font-weight: 400;\">Aqu\u00ed no hay bares ni tiendas, as\u00ed que conviene ir preparados como si fueras un explorador moderno.<\/span><\/p><p><span style=\"font-weight: 400;\">Recuerda llevar <\/span><b>agua fr\u00eda <\/b><span style=\"font-weight: 400;\">para pasar el d\u00eda y <\/span><b>bocadillos<\/b><span style=\"font-weight: 400;\"> que saben mejor bajo el sol. Es recomendable llevar<\/span><b> sombrilla<\/b><span style=\"font-weight: 400;\"> para protegerse del sol, y es imprescindible llevar <\/span><b>crema solar<\/b><span style=\"font-weight: 400;\">, porque el sol de Cala Pinets no perdona a nadie. Adem\u00e1s te aconsejamos que lleves un <\/span><b>calzado c\u00f3modo<\/b><span style=\"font-weight: 400;\"> para andar por las rocas.<\/span><\/p><p><span style=\"font-weight: 400;\">Recuerda que si llegas temprano, te aseguras una mejor ubicaci\u00f3n; pero si no, <strong>puedes tener una excusa para volver otro d\u00eda.<\/strong><\/span><\/p>\t\t\t\t\t\t\t\t<\/div>\n\t\t\t\t<\/div>\n\t\t\t\t\t<\/div>\n\t\t\t\t<\/div>\n\t\t<div class=\"elementor-element elementor-element-0287229 e-flex e-con-boxed e-con e-parent\" data-id=\"0287229\" data-element_type=\"container\" data-e-type=\"container\">\n\t\t\t\t\t<div class=\"e-con-inner\">\n\t\t\t\t<div class=\"elementor-element elementor-element-1f04cab elementor-widget elementor-widget-heading\" data-id=\"1f04cab\" data-element_type=\"widget\" data-e-type=\"widget\" data-widget_type=\"heading.default\">\n\t\t\t\t<div class=\"elementor-widget-container\">\n\t\t\t\t\t<h3 class=\"elementor-heading-title elementor-size-default\">Diversi\u00f3n para los m\u00e1s peque\u00f1os\n<\/h3>\t\t\t\t<\/div>\n\t\t\t\t<\/div>\n\t\t\t\t<div class=\"elementor-element elementor-element-3f62684 elementor-widget elementor-widget-text-editor\" data-id=\"3f62684\" data-element_type=\"widget\" data-e-type=\"widget\" data-widget_type=\"text-editor.default\">\n\t\t\t\t<div class=\"elementor-widget-container\">\n\t\t\t\t\t\t\t\t\t<p><span style=\"font-weight: 400;\">Los ni\u00f1os lo pasar\u00e1n tan bien que se olvidar\u00e1n de los videojuegos. En las charcas en las rocas se pueden encontrar <\/span><b>peces peque\u00f1os, cangrejos y conchas<\/b><span style=\"font-weight: 400;\">. <\/span><span style=\"font-weight: 400;\">El <\/span><b>mar es poco profundo<\/b><span style=\"font-weight: 400;\"> en varias zonas, lo que tranquiliza a los padres para que puedan activar el modo de relaci\u00f3n.<\/span><\/p>\t\t\t\t\t\t\t\t<\/div>\n\t\t\t\t<\/div>\n\t\t\t\t\t<\/div>\n\t\t\t\t<\/div>\n\t\t<div class=\"elementor-element elementor-element-947f987 e-flex e-con-boxed e-con e-parent\" data-id=\"947f987\" data-element_type=\"container\" data-e-type=\"container\">\n\t\t\t\t\t<div class=\"e-con-inner\">\n\t\t\t\t<div class=\"elementor-element elementor-element-95517bf elementor-widget elementor-widget-heading\" data-id=\"95517bf\" data-element_type=\"widget\" data-e-type=\"widget\" data-widget_type=\"heading.default\">\n\t\t\t\t<div class=\"elementor-widget-container\">\n\t\t\t\t\t<h3 class=\"elementor-heading-title elementor-size-default\">Relax para adultos\n<\/h3>\t\t\t\t<\/div>\n\t\t\t\t<\/div>\n\t\t\t\t<div class=\"elementor-element elementor-element-0c43e21 elementor-widget elementor-widget-text-editor\" data-id=\"0c43e21\" data-element_type=\"widget\" data-e-type=\"widget\" data-widget_type=\"text-editor.default\">\n\t\t\t\t<div class=\"elementor-widget-container\">\n\t\t\t\t\t\t\t\t\t<p><span style=\"font-weight: 400;\">Aqu\u00ed la expresi\u00f3n de \u201cno hacer nada\u201d es la protagonista. Trae un buen libro, ponte m\u00fasica suave o l\u00e1nzate a la siesta<\/span><b> despu\u00e9s de un ba\u00f1o acompa\u00f1ado de la brisa del mar. <\/b><span style=\"font-weight: 400;\">En Cala Pinets no hay wifi pero la conexi\u00f3n con la calma ser\u00e1 lo \u00fanico que necesitas.<\/span><\/p>\t\t\t\t\t\t\t\t<\/div>\n\t\t\t\t<\/div>\n\t\t\t\t<div class=\"elementor-element elementor-element-5086a01 elementor-widget elementor-widget-image\" data-id=\"5086a01\" data-element_type=\"widget\" data-e-type=\"widget\" data-widget_type=\"image.default\">\n\t\t\t\t<div class=\"elementor-widget-container\">\n\t\t\t\t\t\t\t\t\t\t\t\t\t\t\t<img decoding=\"async\" width=\"1337\" height=\"753\" src=\"https:\/\/www.ontravelholidayrentals.com\/blog\/wp-content\/uploads\/2025\/11\/como-llegar-cala-pinets.jpg\" class=\"attachment-full size-full wp-image-1306\" alt=\"\" srcset=\"https:\/\/www.ontravelholidayrentals.com\/blog\/wp-content\/uploads\/2025\/11\/como-llegar-cala-pinets.jpg 1337w, https:\/\/www.ontravelholidayrentals.com\/blog\/wp-content\/uploads\/2025\/11\/como-llegar-cala-pinets-300x169.jpg 300w, https:\/\/www.ontravelholidayrentals.com\/blog\/wp-content\/uploads\/2025\/11\/como-llegar-cala-pinets-1024x577.jpg 1024w, https:\/\/www.ontravelholidayrentals.com\/blog\/wp-content\/uploads\/2025\/11\/como-llegar-cala-pinets-768x433.jpg 768w\" sizes=\"(max-width: 1337px) 100vw, 1337px\" \/>\t\t\t\t\t\t\t\t\t\t\t\t\t\t\t<\/div>\n\t\t\t\t<\/div>\n\t\t\t\t\t<\/div>\n\t\t\t\t<\/div>\n\t\t<div class=\"elementor-element elementor-element-45c512e0 e-flex e-con-boxed e-con e-parent\" data-id=\"45c512e0\" data-element_type=\"container\" data-e-type=\"container\">\n\t\t\t\t\t<div class=\"e-con-inner\">\n\t\t\t\t<div class=\"elementor-element elementor-element-645d8b0 elementor-widget elementor-widget-heading\" data-id=\"645d8b0\" data-element_type=\"widget\" data-e-type=\"widget\" data-widget_type=\"heading.default\">\n\t\t\t\t<div class=\"elementor-widget-container\">\n\t\t\t\t\t<h2 class=\"elementor-heading-title elementor-size-default\">Explora todo lo que hacer en los alrededores de Benissa\n<\/h2>\t\t\t\t<\/div>\n\t\t\t\t<\/div>\n\t\t\t\t<div class=\"elementor-element elementor-element-74b5dbb8 elementor-widget elementor-widget-text-editor\" data-id=\"74b5dbb8\" data-element_type=\"widget\" data-e-type=\"widget\" data-widget_type=\"text-editor.default\">\n\t\t\t\t<div class=\"elementor-widget-container\">\n\t\t\t\t\t\t\t\t\t<p><span style=\"font-weight: 400;\">Los alrededores de Cala Pinets est\u00e1n pidiendo que los recorras. La Ruta Ecol\u00f3gica del litoral <\/span><b>te conecta con m\u00e1s calas y miradores de los que tu galer\u00eda del m\u00f3vil puede soportar.<\/b><span style=\"font-weight: 400;\"> Si eres de los que disparan fotos a todo, aqu\u00ed vas a llenar la memoria.<\/span><\/p><p><span style=\"font-weight: 400;\">Moraira tiene el paseo perfecto entre barcos y helados, <\/span><b>J\u00e1vea suma restaurantes y cuevas en barco, y D\u00e9nia remata con casco antiguo y mercadillos con alma. <\/b><span style=\"font-weight: 400;\">\u00bfOtra opci\u00f3n? Perderse por las calles de Benissa. Puro encanto. Y si tienes tiempo, alquila una bici y pi\u00e9rdete sin mapa. A veces lo mejor que te puede pasar es no saber exactamente d\u00f3nde est\u00e1s.<\/span><\/p>\t\t\t\t\t\t\t\t<\/div>\n\t\t\t\t<\/div>\n\t\t\t\t\t<\/div>\n\t\t\t\t<\/div>\n\t\t<div class=\"elementor-element elementor-element-66f1b1d e-flex e-con-boxed e-con e-parent\" data-id=\"66f1b1d\" data-element_type=\"container\" data-e-type=\"container\">\n\t\t\t\t\t<div class=\"e-con-inner\">\n\t\t\t\t<div class=\"elementor-element elementor-element-f4df904 elementor-widget elementor-widget-heading\" data-id=\"f4df904\" data-element_type=\"widget\" data-e-type=\"widget\" data-widget_type=\"heading.default\">\n\t\t\t\t<div class=\"elementor-widget-container\">\n\t\t\t\t\t<h2 class=\"elementor-heading-title elementor-size-default\">Ven a disfrutar Cala Pinets y desconecta del mundo un rato\n<\/h2>\t\t\t\t<\/div>\n\t\t\t\t<\/div>\n\t\t\t\t<div class=\"elementor-element elementor-element-1df5611 elementor-widget elementor-widget-text-editor\" data-id=\"1df5611\" data-element_type=\"widget\" data-e-type=\"widget\" data-widget_type=\"text-editor.default\">\n\t\t\t\t<div class=\"elementor-widget-container\">\n\t\t\t\t\t\t\t\t\t<p><span style=\"font-weight: 400;\">Cala Pinets es ese bot\u00f3n de off que necesitas para unas vacaciones en las que no tengas que pensar en nada. Y<\/span><b> On Travel te lo pone f\u00e1cil <\/b><span style=\"font-weight: 400;\">con sus apartamentos en Oliva, Moraira, J\u00e1vea, Benissa o Denia, as\u00ed que deja de pensar y desconecta con nosotros.<\/span><\/p><p><span style=\"font-weight: 400;\">Este lugar puede convertirse en tu nuevo refugio. Uno de esos donde el tiempo se diluye y por fin entiendes lo que significa unas vacaciones de verdad<\/span><b>. Porque desconectar no es dejar de hacer cosas, es volver a conectar contigo.<\/b><span style=\"font-weight: 400;\"> Y esta cala, cr\u00e9enos, es un gran lugar para empezar.<\/span><\/p>\t\t\t\t\t\t\t\t<\/div>\n\t\t\t\t<\/div>\n\t\t\t\t\t<\/div>\n\t\t\t\t<\/div>\n\t\t<div class=\"elementor-element elementor-element-1a948f9b e-flex e-con-boxed e-con e-parent\" data-id=\"1a948f9b\" data-element_type=\"container\" data-e-type=\"container\">\n\t\t\t\t\t<div class=\"e-con-inner\">\n\t\t\t\t<div class=\"elementor-element elementor-element-6991ab7d elementor-widget elementor-widget-grid\" data-id=\"6991ab7d\" data-element_type=\"widget\" data-e-type=\"widget\" data-widget_type=\"grid.default\">\n\t\t\t\t<div class=\"elementor-widget-container\">\n\t\t\t\t\t\t\t<div class=\"its--row alojamientos-recomendados\">\n\n\t\t\t<div class=\"alojamientos-recomendados-container\">\n\n\t\t\t\t\t\n\t\t\t\t\t<a href=\"https:\/\/www.ontravelholidayrentals.com\/alquiler\/villa-oliva-villa-vermeer-51-460858.html\" rel=\"nofollow\" style=\"width: 23%;\">\n\t\t\t\t\t\t<div class=\"apartamento-box\">\n\t\t\t\t\t\t\t<div class=\"imagen_recomendados\">\n\t\t\t\t\t\t\t\t<img decoding=\"async\" src=\"https:\/\/crs.avantio.com\/fotos\/2\/1703084140d3f439d9b3375a13b4f0e50afb895aaa\/big1703332585741831091dd4ad756385090fb49199ea.jpg\" alt=\"Villa Colibri by ON Travel\">\n\t\t\t\t\t\t\t<\/div>\n\t\t\t\t\t\t\t<div class=\"info\">\n\t\t\t\t\t\t\t\t<div class=\"ubicacion\">\n\t\t\t\t\t\t\t\t\t<i class=\"fa-solid fa-location-dot icono-mapa\"><\/i><span class=\"ubicacion-texto\">Oliva - Valencia<\/span>\n\t\t\t\t\t\t\t\t<\/div>\n\t\t\t\t\t\t\t\t<H3 class=\"titulo-alojamiento\">\n\t\t\t\t\t\t\t\t\tVilla Colibri by ON Travel\t\t\t\t\t\t\t\t<\/H3>\n\t\t\t\t\t\t\t\t<p class=\"precio-alojamiento\">Desde <span class=\"precio\">328.00\u20ac<\/span> por noche<\/p>\n\t\t\t\t\t\t\t<\/div>\n\t\t\t\t\t\t<\/div>\n\t\t\t\t\t<\/a> \n\t\t\t\t\t\t\n\t\t\t\t\t<a href=\"https:\/\/www.ontravelholidayrentals.com\/alquiler\/villa-oliva-villa-vermeer-21-461268.html\" rel=\"nofollow\" style=\"width: 23%;\">\n\t\t\t\t\t\t<div class=\"apartamento-box\">\n\t\t\t\t\t\t\t<div class=\"imagen_recomendados\">\n\t\t\t\t\t\t\t\t<img decoding=\"async\" src=\"https:\/\/crs.avantio.com\/fotos\/2\/1703335589811fbc048cd27ef2e70871e03571a65f\/big17033356189dc73706c960d3ef8712f0c901543b8b.jpg\" alt=\"Villa Solana by ON Travel\">\n\t\t\t\t\t\t\t<\/div>\n\t\t\t\t\t\t\t<div class=\"info\">\n\t\t\t\t\t\t\t\t<div class=\"ubicacion\">\n\t\t\t\t\t\t\t\t\t<i class=\"fa-solid fa-location-dot icono-mapa\"><\/i><span class=\"ubicacion-texto\">Oliva - Valencia<\/span>\n\t\t\t\t\t\t\t\t<\/div>\n\t\t\t\t\t\t\t\t<H3 class=\"titulo-alojamiento\">\n\t\t\t\t\t\t\t\t\tVilla Solana by ON Travel\t\t\t\t\t\t\t\t<\/H3>\n\t\t\t\t\t\t\t\t<p class=\"precio-alojamiento\">Desde <span class=\"precio\">217.00\u20ac<\/span> por noche<\/p>\n\t\t\t\t\t\t\t<\/div>\n\t\t\t\t\t\t<\/div>\n\t\t\t\t\t<\/a> \n\t\t\t\t\t\t\n\t\t\t\t\t<a href=\"https:\/\/www.ontravelholidayrentals.com\/alquiler\/villa-oliva-villa-vermeer-25-461292.html\" rel=\"nofollow\" style=\"width: 23%;\">\n\t\t\t\t\t\t<div class=\"apartamento-box\">\n\t\t\t\t\t\t\t<div class=\"imagen_recomendados\">\n\t\t\t\t\t\t\t\t<img decoding=\"async\" src=\"https:\/\/crs.avantio.com\/fotos\/2\/1705335735591b101a10adf0c9165b293b19af3489\/big1705335762de9703dc1854540c9777fd4932b0499a.jpg\" alt=\"Greenside oasis villa by ON Travel\">\n\t\t\t\t\t\t\t<\/div>\n\t\t\t\t\t\t\t<div class=\"info\">\n\t\t\t\t\t\t\t\t<div class=\"ubicacion\">\n\t\t\t\t\t\t\t\t\t<i class=\"fa-solid fa-location-dot icono-mapa\"><\/i><span class=\"ubicacion-texto\">Oliva - Valencia<\/span>\n\t\t\t\t\t\t\t\t<\/div>\n\t\t\t\t\t\t\t\t<H3 class=\"titulo-alojamiento\">\n\t\t\t\t\t\t\t\t\tGreenside oasis villa by ON Travel\t\t\t\t\t\t\t\t<\/H3>\n\t\t\t\t\t\t\t\t<p class=\"precio-alojamiento\">Desde <span class=\"precio\">328.00\u20ac<\/span> por noche<\/p>\n\t\t\t\t\t\t\t<\/div>\n\t\t\t\t\t\t<\/div>\n\t\t\t\t\t<\/a> \n\t\t\t\t\t\t\n\t\t\t\t\t<a href=\"https:\/\/www.ontravelholidayrentals.com\/alquiler\/villa-oliva-villa-vermeer-43-461293.html\" rel=\"nofollow\" style=\"width: 23%;\">\n\t\t\t\t\t\t<div class=\"apartamento-box\">\n\t\t\t\t\t\t\t<div class=\"imagen_recomendados\">\n\t\t\t\t\t\t\t\t<img decoding=\"async\" src=\"https:\/\/crs.avantio.com\/fotos\/2\/17054241108ffb3352fb1b6efd3c6e1c3097debf40\/big170542451565ad5f2b0843b6346526f00ede7b3ef7.jpg\" alt=\"Villa Cisne by ON Travel\">\n\t\t\t\t\t\t\t<\/div>\n\t\t\t\t\t\t\t<div class=\"info\">\n\t\t\t\t\t\t\t\t<div class=\"ubicacion\">\n\t\t\t\t\t\t\t\t\t<i class=\"fa-solid fa-location-dot icono-mapa\"><\/i><span class=\"ubicacion-texto\">Oliva - Valencia<\/span>\n\t\t\t\t\t\t\t\t<\/div>\n\t\t\t\t\t\t\t\t<H3 class=\"titulo-alojamiento\">\n\t\t\t\t\t\t\t\t\tVilla Cisne by ON Travel\t\t\t\t\t\t\t\t<\/H3>\n\t\t\t\t\t\t\t\t<p class=\"precio-alojamiento\">Desde <span class=\"precio\">205.00\u20ac<\/span> por noche<\/p>\n\t\t\t\t\t\t\t<\/div>\n\t\t\t\t\t\t<\/div>\n\t\t\t\t\t<\/a> \n\t\t\t\t\t\t\t\t<\/div>\n\t\t\t<\/div>\n\t\t\t\t\t\t<\/div>\n\t\t\t\t<\/div>\n\t\t\t\t\t<\/div>\n\t\t\t\t<\/div>\n\t\t\t\t<\/div>\n\t\t","protected":false},"excerpt":{"rendered":"<p>\u00bfHace cu\u00e1nto que no te das un respiro con el mar como banda sonora? Te presentamos Cala Pinets, en Benissa: un rinc\u00f3n donde las vacaciones vienen con el modo relax activado por defecto. Aqu\u00ed no hay estr\u00e9s, solo mar azul, ganas de pasarlo bien y On Travel como c\u00f3mplice de un planazo de desconexi\u00f3n total [&hellip;]<\/p>\n","protected":false},"author":4,"featured_media":1298,"comment_status":"open","ping_status":"open","sticky":false,"template":"elementor_header_footer","format":"standard","meta":{"footnotes":""},"categories":[23],"tags":[70],"class_list":["post-1291","post","type-post","status-publish","format-standard","has-post-thumbnail","hentry","category-costa-blanca","tag-no-template"],"yoast_head":"<!-- This site is optimized with the Yoast SEO plugin v25.2 - https:\/\/yoast.com\/wordpress\/plugins\/seo\/ -->\n<title>Cala Pinets: un rinc\u00f3n escondido con alma mediterr\u00e1nea - Blog<\/title>\n<meta name=\"description\" content=\"Rel\u00e1jate en Cala Pinets, Benissa, un rinc\u00f3n natural perfecto para nadar y disfrutar el mar.\" \/>\n<meta name=\"robots\" content=\"index, follow, max-snippet:-1, max-image-preview:large, max-video-preview:-1\" \/>\n<link rel=\"canonical\" href=\"https:\/\/www.ontravelholidayrentals.com\/blog\/cala-pinets\/\" \/>\n<meta property=\"og:locale\" content=\"es_ES\" \/>\n<meta property=\"og:type\" content=\"article\" \/>\n<meta property=\"og:title\" content=\"Cala Pinets: un rinc\u00f3n escondido con alma mediterr\u00e1nea - Blog\" \/>\n<meta property=\"og:description\" content=\"Rel\u00e1jate en Cala Pinets, Benissa, un rinc\u00f3n natural perfecto para nadar y disfrutar el mar.\" \/>\n<meta property=\"og:url\" content=\"https:\/\/www.ontravelholidayrentals.com\/blog\/cala-pinets\/\" \/>\n<meta property=\"og:site_name\" content=\"Blog\" \/>\n<meta property=\"article:published_time\" content=\"2025-11-13T12:08:40+00:00\" \/>\n<meta property=\"article:modified_time\" content=\"2026-03-12T10:53:47+00:00\" \/>\n<meta property=\"og:image\" content=\"https:\/\/www.ontravelholidayrentals.com\/blog\/wp-content\/uploads\/2025\/11\/cala-pinets-benissa.jpg\" \/>\n\t<meta property=\"og:image:width\" content=\"2121\" \/>\n\t<meta property=\"og:image:height\" content=\"707\" \/>\n\t<meta property=\"og:image:type\" content=\"image\/jpeg\" \/>\n<meta name=\"author\" content=\"Axel\" \/>\n<meta name=\"twitter:card\" content=\"summary_large_image\" \/>\n<meta name=\"twitter:label1\" content=\"Escrito por\" \/>\n\t<meta name=\"twitter:data1\" content=\"Axel\" \/>\n\t<meta name=\"twitter:label2\" content=\"Tiempo de lectura\" \/>\n\t<meta name=\"twitter:data2\" content=\"6 minutos\" \/>\n<script type=\"application\/ld+json\" class=\"yoast-schema-graph\">{\"@context\":\"https:\/\/schema.org\",\"@graph\":[{\"@type\":\"Article\",\"@id\":\"https:\/\/www.ontravelholidayrentals.com\/blog\/cala-pinets\/#article\",\"isPartOf\":{\"@id\":\"https:\/\/www.ontravelholidayrentals.com\/blog\/cala-pinets\/\"},\"author\":{\"name\":\"Axel\",\"@id\":\"https:\/\/www.ontravelholidayrentals.com\/blog\/#\/schema\/person\/907601cb91b08af60b0fec9e629a4883\"},\"headline\":\"Cala Pinets: un rinc\u00f3n escondido con alma mediterr\u00e1nea\",\"datePublished\":\"2025-11-13T12:08:40+00:00\",\"dateModified\":\"2026-03-12T10:53:47+00:00\",\"mainEntityOfPage\":{\"@id\":\"https:\/\/www.ontravelholidayrentals.com\/blog\/cala-pinets\/\"},\"wordCount\":1011,\"commentCount\":0,\"publisher\":{\"@id\":\"https:\/\/www.ontravelholidayrentals.com\/blog\/#organization\"},\"image\":{\"@id\":\"https:\/\/www.ontravelholidayrentals.com\/blog\/cala-pinets\/#primaryimage\"},\"thumbnailUrl\":\"https:\/\/www.ontravelholidayrentals.com\/blog\/wp-content\/uploads\/2025\/11\/cala-pinets-benissa.jpg\",\"keywords\":[\"no template\"],\"articleSection\":[\"Costa Blanca\"],\"inLanguage\":\"es\",\"potentialAction\":[{\"@type\":\"CommentAction\",\"name\":\"Comment\",\"target\":[\"https:\/\/www.ontravelholidayrentals.com\/blog\/cala-pinets\/#respond\"]}]},{\"@type\":\"WebPage\",\"@id\":\"https:\/\/www.ontravelholidayrentals.com\/blog\/cala-pinets\/\",\"url\":\"https:\/\/www.ontravelholidayrentals.com\/blog\/cala-pinets\/\",\"name\":\"Cala Pinets: un rinc\u00f3n escondido con alma mediterr\u00e1nea - Blog\",\"isPartOf\":{\"@id\":\"https:\/\/www.ontravelholidayrentals.com\/blog\/#website\"},\"primaryImageOfPage\":{\"@id\":\"https:\/\/www.ontravelholidayrentals.com\/blog\/cala-pinets\/#primaryimage\"},\"image\":{\"@id\":\"https:\/\/www.ontravelholidayrentals.com\/blog\/cala-pinets\/#primaryimage\"},\"thumbnailUrl\":\"https:\/\/www.ontravelholidayrentals.com\/blog\/wp-content\/uploads\/2025\/11\/cala-pinets-benissa.jpg\",\"datePublished\":\"2025-11-13T12:08:40+00:00\",\"dateModified\":\"2026-03-12T10:53:47+00:00\",\"description\":\"Rel\u00e1jate en Cala Pinets, Benissa, un rinc\u00f3n natural perfecto para nadar y disfrutar el mar.\",\"breadcrumb\":{\"@id\":\"https:\/\/www.ontravelholidayrentals.com\/blog\/cala-pinets\/#breadcrumb\"},\"inLanguage\":\"es\",\"potentialAction\":[{\"@type\":\"ReadAction\",\"target\":[\"https:\/\/www.ontravelholidayrentals.com\/blog\/cala-pinets\/\"]}]},{\"@type\":\"ImageObject\",\"inLanguage\":\"es\",\"@id\":\"https:\/\/www.ontravelholidayrentals.com\/blog\/cala-pinets\/#primaryimage\",\"url\":\"https:\/\/www.ontravelholidayrentals.com\/blog\/wp-content\/uploads\/2025\/11\/cala-pinets-benissa.jpg\",\"contentUrl\":\"https:\/\/www.ontravelholidayrentals.com\/blog\/wp-content\/uploads\/2025\/11\/cala-pinets-benissa.jpg\",\"width\":2121,\"height\":707,\"caption\":\"Cala Pinets beach in Benissa also Benisa of Alicante at Spain\"},{\"@type\":\"BreadcrumbList\",\"@id\":\"https:\/\/www.ontravelholidayrentals.com\/blog\/cala-pinets\/#breadcrumb\",\"itemListElement\":[{\"@type\":\"ListItem\",\"position\":1,\"name\":\"Portada\",\"item\":\"https:\/\/www.ontravelholidayrentals.com\/blog\/\"},{\"@type\":\"ListItem\",\"position\":2,\"name\":\"Cala Pinets: un rinc\u00f3n escondido con alma mediterr\u00e1nea\"}]},{\"@type\":\"WebSite\",\"@id\":\"https:\/\/www.ontravelholidayrentals.com\/blog\/#website\",\"url\":\"https:\/\/www.ontravelholidayrentals.com\/blog\/\",\"name\":\"Blog\",\"description\":\"Ontravelholidayrentals\",\"publisher\":{\"@id\":\"https:\/\/www.ontravelholidayrentals.com\/blog\/#organization\"},\"potentialAction\":[{\"@type\":\"SearchAction\",\"target\":{\"@type\":\"EntryPoint\",\"urlTemplate\":\"https:\/\/www.ontravelholidayrentals.com\/blog\/?s={search_term_string}\"},\"query-input\":{\"@type\":\"PropertyValueSpecification\",\"valueRequired\":true,\"valueName\":\"search_term_string\"}}],\"inLanguage\":\"es\"},{\"@type\":\"Organization\",\"@id\":\"https:\/\/www.ontravelholidayrentals.com\/blog\/#organization\",\"name\":\"Blog\",\"url\":\"https:\/\/www.ontravelholidayrentals.com\/blog\/\",\"logo\":{\"@type\":\"ImageObject\",\"inLanguage\":\"es\",\"@id\":\"https:\/\/www.ontravelholidayrentals.com\/blog\/#\/schema\/logo\/image\/\",\"url\":\"https:\/\/www.ontravelholidayrentals.com\/blog\/wp-content\/uploads\/2025\/02\/logo-oliva-nova.webp\",\"contentUrl\":\"https:\/\/www.ontravelholidayrentals.com\/blog\/wp-content\/uploads\/2025\/02\/logo-oliva-nova.webp\",\"width\":2454,\"height\":875,\"caption\":\"Blog\"},\"image\":{\"@id\":\"https:\/\/www.ontravelholidayrentals.com\/blog\/#\/schema\/logo\/image\/\"}},{\"@type\":\"Person\",\"@id\":\"https:\/\/www.ontravelholidayrentals.com\/blog\/#\/schema\/person\/907601cb91b08af60b0fec9e629a4883\",\"name\":\"Axel\",\"image\":{\"@type\":\"ImageObject\",\"inLanguage\":\"es\",\"@id\":\"https:\/\/www.ontravelholidayrentals.com\/blog\/#\/schema\/person\/image\/\",\"url\":\"https:\/\/secure.gravatar.com\/avatar\/3bd706736e5b70f21f05f6c2d5cad746767782a4ba4b7df399c5969e2a9318fd?s=96&d=mm&r=g\",\"contentUrl\":\"https:\/\/secure.gravatar.com\/avatar\/3bd706736e5b70f21f05f6c2d5cad746767782a4ba4b7df399c5969e2a9318fd?s=96&d=mm&r=g\",\"caption\":\"Axel\"},\"url\":\"https:\/\/www.ontravelholidayrentals.com\/blog\/author\/axel\/\"}]}<\/script>\n<!-- \/ Yoast SEO plugin. -->","yoast_head_json":{"title":"Cala Pinets: un rinc\u00f3n escondido con alma mediterr\u00e1nea - Blog","description":"Rel\u00e1jate en Cala Pinets, Benissa, un rinc\u00f3n natural perfecto para nadar y disfrutar el mar.","robots":{"index":"index","follow":"follow","max-snippet":"max-snippet:-1","max-image-preview":"max-image-preview:large","max-video-preview":"max-video-preview:-1"},"canonical":"https:\/\/www.ontravelholidayrentals.com\/blog\/cala-pinets\/","og_locale":"es_ES","og_type":"article","og_title":"Cala Pinets: un rinc\u00f3n escondido con alma mediterr\u00e1nea - Blog","og_description":"Rel\u00e1jate en Cala Pinets, Benissa, un rinc\u00f3n natural perfecto para nadar y disfrutar el mar.","og_url":"https:\/\/www.ontravelholidayrentals.com\/blog\/cala-pinets\/","og_site_name":"Blog","article_published_time":"2025-11-13T12:08:40+00:00","article_modified_time":"2026-03-12T10:53:47+00:00","og_image":[{"width":2121,"height":707,"url":"https:\/\/www.ontravelholidayrentals.com\/blog\/wp-content\/uploads\/2025\/11\/cala-pinets-benissa.jpg","type":"image\/jpeg"}],"author":"Axel","twitter_card":"summary_large_image","twitter_misc":{"Escrito por":"Axel","Tiempo de lectura":"6 minutos"},"schema":{"@context":"https:\/\/schema.org","@graph":[{"@type":"Article","@id":"https:\/\/www.ontravelholidayrentals.com\/blog\/cala-pinets\/#article","isPartOf":{"@id":"https:\/\/www.ontravelholidayrentals.com\/blog\/cala-pinets\/"},"author":{"name":"Axel","@id":"https:\/\/www.ontravelholidayrentals.com\/blog\/#\/schema\/person\/907601cb91b08af60b0fec9e629a4883"},"headline":"Cala Pinets: un rinc\u00f3n escondido con alma mediterr\u00e1nea","datePublished":"2025-11-13T12:08:40+00:00","dateModified":"2026-03-12T10:53:47+00:00","mainEntityOfPage":{"@id":"https:\/\/www.ontravelholidayrentals.com\/blog\/cala-pinets\/"},"wordCount":1011,"commentCount":0,"publisher":{"@id":"https:\/\/www.ontravelholidayrentals.com\/blog\/#organization"},"image":{"@id":"https:\/\/www.ontravelholidayrentals.com\/blog\/cala-pinets\/#primaryimage"},"thumbnailUrl":"https:\/\/www.ontravelholidayrentals.com\/blog\/wp-content\/uploads\/2025\/11\/cala-pinets-benissa.jpg","keywords":["no template"],"articleSection":["Costa Blanca"],"inLanguage":"es","potentialAction":[{"@type":"CommentAction","name":"Comment","target":["https:\/\/www.ontravelholidayrentals.com\/blog\/cala-pinets\/#respond"]}]},{"@type":"WebPage","@id":"https:\/\/www.ontravelholidayrentals.com\/blog\/cala-pinets\/","url":"https:\/\/www.ontravelholidayrentals.com\/blog\/cala-pinets\/","name":"Cala Pinets: un rinc\u00f3n escondido con alma mediterr\u00e1nea - Blog","isPartOf":{"@id":"https:\/\/www.ontravelholidayrentals.com\/blog\/#website"},"primaryImageOfPage":{"@id":"https:\/\/www.ontravelholidayrentals.com\/blog\/cala-pinets\/#primaryimage"},"image":{"@id":"https:\/\/www.ontravelholidayrentals.com\/blog\/cala-pinets\/#primaryimage"},"thumbnailUrl":"https:\/\/www.ontravelholidayrentals.com\/blog\/wp-content\/uploads\/2025\/11\/cala-pinets-benissa.jpg","datePublished":"2025-11-13T12:08:40+00:00","dateModified":"2026-03-12T10:53:47+00:00","description":"Rel\u00e1jate en Cala Pinets, Benissa, un rinc\u00f3n natural perfecto para nadar y disfrutar el mar.","breadcrumb":{"@id":"https:\/\/www.ontravelholidayrentals.com\/blog\/cala-pinets\/#breadcrumb"},"inLanguage":"es","potentialAction":[{"@type":"ReadAction","target":["https:\/\/www.ontravelholidayrentals.com\/blog\/cala-pinets\/"]}]},{"@type":"ImageObject","inLanguage":"es","@id":"https:\/\/www.ontravelholidayrentals.com\/blog\/cala-pinets\/#primaryimage","url":"https:\/\/www.ontravelholidayrentals.com\/blog\/wp-content\/uploads\/2025\/11\/cala-pinets-benissa.jpg","contentUrl":"https:\/\/www.ontravelholidayrentals.com\/blog\/wp-content\/uploads\/2025\/11\/cala-pinets-benissa.jpg","width":2121,"height":707,"caption":"Cala Pinets beach in Benissa also Benisa of Alicante at Spain"},{"@type":"BreadcrumbList","@id":"https:\/\/www.ontravelholidayrentals.com\/blog\/cala-pinets\/#breadcrumb","itemListElement":[{"@type":"ListItem","position":1,"name":"Portada","item":"https:\/\/www.ontravelholidayrentals.com\/blog\/"},{"@type":"ListItem","position":2,"name":"Cala Pinets: un rinc\u00f3n escondido con alma mediterr\u00e1nea"}]},{"@type":"WebSite","@id":"https:\/\/www.ontravelholidayrentals.com\/blog\/#website","url":"https:\/\/www.ontravelholidayrentals.com\/blog\/","name":"Blog","description":"Ontravelholidayrentals","publisher":{"@id":"https:\/\/www.ontravelholidayrentals.com\/blog\/#organization"},"potentialAction":[{"@type":"SearchAction","target":{"@type":"EntryPoint","urlTemplate":"https:\/\/www.ontravelholidayrentals.com\/blog\/?s={search_term_string}"},"query-input":{"@type":"PropertyValueSpecification","valueRequired":true,"valueName":"search_term_string"}}],"inLanguage":"es"},{"@type":"Organization","@id":"https:\/\/www.ontravelholidayrentals.com\/blog\/#organization","name":"Blog","url":"https:\/\/www.ontravelholidayrentals.com\/blog\/","logo":{"@type":"ImageObject","inLanguage":"es","@id":"https:\/\/www.ontravelholidayrentals.com\/blog\/#\/schema\/logo\/image\/","url":"https:\/\/www.ontravelholidayrentals.com\/blog\/wp-content\/uploads\/2025\/02\/logo-oliva-nova.webp","contentUrl":"https:\/\/www.ontravelholidayrentals.com\/blog\/wp-content\/uploads\/2025\/02\/logo-oliva-nova.webp","width":2454,"height":875,"caption":"Blog"},"image":{"@id":"https:\/\/www.ontravelholidayrentals.com\/blog\/#\/schema\/logo\/image\/"}},{"@type":"Person","@id":"https:\/\/www.ontravelholidayrentals.com\/blog\/#\/schema\/person\/907601cb91b08af60b0fec9e629a4883","name":"Axel","image":{"@type":"ImageObject","inLanguage":"es","@id":"https:\/\/www.ontravelholidayrentals.com\/blog\/#\/schema\/person\/image\/","url":"https:\/\/secure.gravatar.com\/avatar\/3bd706736e5b70f21f05f6c2d5cad746767782a4ba4b7df399c5969e2a9318fd?s=96&d=mm&r=g","contentUrl":"https:\/\/secure.gravatar.com\/avatar\/3bd706736e5b70f21f05f6c2d5cad746767782a4ba4b7df399c5969e2a9318fd?s=96&d=mm&r=g","caption":"Axel"},"url":"https:\/\/www.ontravelholidayrentals.com\/blog\/author\/axel\/"}]}},"_links":{"self":[{"href":"https:\/\/www.ontravelholidayrentals.com\/blog\/wp-json\/wp\/v2\/posts\/1291","targetHints":{"allow":["GET"]}}],"collection":[{"href":"https:\/\/www.ontravelholidayrentals.com\/blog\/wp-json\/wp\/v2\/posts"}],"about":[{"href":"https:\/\/www.ontravelholidayrentals.com\/blog\/wp-json\/wp\/v2\/types\/post"}],"author":[{"embeddable":true,"href":"https:\/\/www.ontravelholidayrentals.com\/blog\/wp-json\/wp\/v2\/users\/4"}],"replies":[{"embeddable":true,"href":"https:\/\/www.ontravelholidayrentals.com\/blog\/wp-json\/wp\/v2\/comments?post=1291"}],"version-history":[{"count":10,"href":"https:\/\/www.ontravelholidayrentals.com\/blog\/wp-json\/wp\/v2\/posts\/1291\/revisions"}],"predecessor-version":[{"id":1351,"href":"https:\/\/www.ontravelholidayrentals.com\/blog\/wp-json\/wp\/v2\/posts\/1291\/revisions\/1351"}],"wp:featuredmedia":[{"embeddable":true,"href":"https:\/\/www.ontravelholidayrentals.com\/blog\/wp-json\/wp\/v2\/media\/1298"}],"wp:attachment":[{"href":"https:\/\/www.ontravelholidayrentals.com\/blog\/wp-json\/wp\/v2\/media?parent=1291"}],"wp:term":[{"taxonomy":"category","embeddable":true,"href":"https:\/\/www.ontravelholidayrentals.com\/blog\/wp-json\/wp\/v2\/categories?post=1291"},{"taxonomy":"post_tag","embeddable":true,"href":"https:\/\/www.ontravelholidayrentals.com\/blog\/wp-json\/wp\/v2\/tags?post=1291"}],"curies":[{"name":"wp","href":"https:\/\/api.w.org\/{rel}","templated":true}]}}