{"id":1101,"date":"2025-09-08T11:25:51","date_gmt":"2025-09-08T11:25:51","guid":{"rendered":"https:\/\/www.ontravelholidayrentals.com\/blog\/?p=1101"},"modified":"2026-03-12T10:53:48","modified_gmt":"2026-03-12T10:53:48","slug":"cala-andrago","status":"publish","type":"post","link":"https:\/\/www.ontravelholidayrentals.com\/blog\/cala-andrago\/","title":{"rendered":"Cala l\u2019Andrag\u00f3: el rinc\u00f3n m\u00e1s encantador de la Costa Blanca"},"content":{"rendered":"\t\t<div data-elementor-type=\"wp-post\" data-elementor-id=\"1101\" class=\"elementor elementor-1101\" data-elementor-post-type=\"post\">\n\t\t\t\t<div class=\"elementor-element elementor-element-7d6d4ff4 e-flex e-con-boxed e-con e-parent\" data-id=\"7d6d4ff4\" data-element_type=\"container\" data-e-type=\"container\" data-settings=\"{&quot;background_background&quot;:&quot;classic&quot;}\">\n\t\t\t\t\t<div class=\"e-con-inner\">\n\t\t\t\t<div class=\"elementor-element elementor-element-64000461 elementor-widget elementor-widget-heading\" data-id=\"64000461\" data-element_type=\"widget\" data-e-type=\"widget\" data-widget_type=\"heading.default\">\n\t\t\t\t<div class=\"elementor-widget-container\">\n\t\t\t\t\t<h1 class=\"elementor-heading-title elementor-size-default\">Cala l\u2019Andrag\u00f3: el rinc\u00f3n m\u00e1s encantador de la Costa Blanca<\/h1>\t\t\t\t<\/div>\n\t\t\t\t<\/div>\n\t\t\t\t\t<\/div>\n\t\t\t\t<\/div>\n\t\t<div class=\"elementor-element elementor-element-b9be9ae e-flex e-con-boxed e-con e-parent\" data-id=\"b9be9ae\" data-element_type=\"container\" data-e-type=\"container\">\n\t\t\t\t\t<div class=\"e-con-inner\">\n\t\t\t\t<div class=\"elementor-element elementor-element-1a142472 elementor-widget elementor-widget-text-editor\" data-id=\"1a142472\" data-element_type=\"widget\" data-e-type=\"widget\" data-widget_type=\"text-editor.default\">\n\t\t\t\t<div class=\"elementor-widget-container\">\n\t\t\t\t\t\t\t\t\t<p><span style=\"font-weight: 400;\">Imagina una cala que combina aguas cristalinas, rincones rocosos ideales para bucear, restaurante con encanto y <\/span><b>un ambiente relajado en pleno coraz\u00f3n de la Costa Blanca. <\/b><span style=\"font-weight: 400;\">\u00bfSuena bien, no?<\/span><\/p><p><span style=\"font-weight: 400;\">Pues este sitio es la Cala l\u2019Andrag\u00f3 en Moraira. Un <\/span><b>peque\u00f1o tesoro de la Marina Alta<\/b><span style=\"font-weight: 400;\"> que conquista tanto a viajeros como a locales que han encontrado su refugio favorito. Hoy te contamos todo sobre esta joya que te volar\u00e1 la cabeza nada m\u00e1s pongas un pie en ella. \u00a1Vamos a ello!<\/span><\/p>\t\t\t\t\t\t\t\t<\/div>\n\t\t\t\t<\/div>\n\t\t\t\t\t<\/div>\n\t\t\t\t<\/div>\n\t\t<div class=\"elementor-element elementor-element-777111b e-flex e-con-boxed e-con e-parent\" data-id=\"777111b\" data-element_type=\"container\" data-e-type=\"container\">\n\t\t\t\t\t<div class=\"e-con-inner\">\n\t\t\t\t<div class=\"elementor-element elementor-element-47565e7c elementor-widget elementor-widget-table-of-contents\" data-id=\"47565e7c\" data-element_type=\"widget\" data-e-type=\"widget\" data-settings=\"{&quot;headings_by_tags&quot;:[&quot;h2&quot;,&quot;h3&quot;],&quot;exclude_headings_by_selector&quot;:[],&quot;marker_view&quot;:&quot;bullets&quot;,&quot;icon&quot;:{&quot;value&quot;:&quot;&quot;,&quot;library&quot;:&quot;&quot;},&quot;no_headings_message&quot;:&quot;No headings were found on this page.&quot;,&quot;hierarchical_view&quot;:&quot;yes&quot;,&quot;min_height&quot;:{&quot;unit&quot;:&quot;px&quot;,&quot;size&quot;:&quot;&quot;,&quot;sizes&quot;:[]},&quot;min_height_tablet&quot;:{&quot;unit&quot;:&quot;px&quot;,&quot;size&quot;:&quot;&quot;,&quot;sizes&quot;:[]},&quot;min_height_mobile&quot;:{&quot;unit&quot;:&quot;px&quot;,&quot;size&quot;:&quot;&quot;,&quot;sizes&quot;:[]}}\" data-widget_type=\"table-of-contents.default\">\n\t\t\t\t<div class=\"elementor-widget-container\">\n\t\t\t\t\t\t\t\t\t<div class=\"elementor-toc__header\">\n\t\t\t\t\t\t<div class=\"elementor-toc__header-title\">\n\t\t\t\t\u00cdndice\t\t\t<\/div>\n\t\t\t\t\t\t\t\t<\/div>\n\t\t\t\t<div id=\"elementor-toc__47565e7c\" class=\"elementor-toc__body\">\n\t\t\t<div class=\"elementor-toc__spinner-container\">\n\t\t\t\t<svg class=\"elementor-toc__spinner eicon-animation-spin e-font-icon-svg e-eicon-loading\" aria-hidden=\"true\" viewBox=\"0 0 1000 1000\" xmlns=\"http:\/\/www.w3.org\/2000\/svg\"><path d=\"M500 975V858C696 858 858 696 858 500S696 142 500 142 142 304 142 500H25C25 237 238 25 500 25S975 237 975 500 763 975 500 975Z\"><\/path><\/svg>\t\t\t<\/div>\n\t\t<\/div>\n\t\t\t\t\t\t<\/div>\n\t\t\t\t<\/div>\n\t\t\t\t\t<\/div>\n\t\t\t\t<\/div>\n\t\t<div class=\"elementor-element elementor-element-16fc5a11 e-flex e-con-boxed e-con e-parent\" data-id=\"16fc5a11\" data-element_type=\"container\" data-e-type=\"container\">\n\t\t\t\t\t<div class=\"e-con-inner\">\n\t\t\t\t<div class=\"elementor-element elementor-element-48b58974 elementor-widget elementor-widget-heading\" data-id=\"48b58974\" data-element_type=\"widget\" data-e-type=\"widget\" data-widget_type=\"heading.default\">\n\t\t\t\t<div class=\"elementor-widget-container\">\n\t\t\t\t\t<h2 class=\"elementor-heading-title elementor-size-default\">C\u00f3mo llegar a Cala l\u2019Andrag\u00f3: rutas f\u00e1ciles y vistas inolvidables\n<\/h2>\t\t\t\t<\/div>\n\t\t\t\t<\/div>\n\t\t\t\t<div class=\"elementor-element elementor-element-124dedfb elementor-widget elementor-widget-text-editor\" data-id=\"124dedfb\" data-element_type=\"widget\" data-e-type=\"widget\" data-widget_type=\"text-editor.default\">\n\t\t\t\t<div class=\"elementor-widget-container\">\n\t\t\t\t\t\t\t\t\t<p><span style=\"font-weight: 400;\">Llegar a Cala l\u2019Andrag\u00f3 es muy sencillo, ya que la cala se encuentra a escasos 2 km del sur del centro de Moraira, <\/span><b>siguiendo la carretera CV-746 que bordea la costa <\/b><span style=\"font-weight: 400;\">y regala unas vistas que har\u00e1n que saques el m\u00f3vil en cada curva.<\/span><\/p><p><span style=\"font-weight: 400;\">En coche, <\/span><b>desde Alicante tardar\u00e1s unos escasos 50 minutos<\/b><span style=\"font-weight: 400;\">, y d<\/span><b>esde Valencia m\u00e1s o menos una hora y cuarto<\/b><span style=\"font-weight: 400;\">. Solo tienes que poner en el GPS Cala l\u2019Andrag\u00f3 Moraira, porque si pones solo Andrag\u00f3 llegar\u00e1s a otro sitio aunque con nombre parecido, y ese no es el plan.<\/span><\/p><p><span style=\"font-weight: 400;\">Otra alternativa es ir caminando o en bici. Si est\u00e1s en Moraira, puedes seguir <\/span><b>hacia el sur por la senda costera<\/b><span style=\"font-weight: 400;\">. El trayecto es corto, agradable y con un olor a mar de esos que abren el apetito, ideal si despu\u00e9s piensas comer en alguno de los chiringuitos que ofrece esta cala.<\/span><\/p><p><span style=\"font-weight: 400;\">Lo mejor del camino es que, aunque vengas con el objetivo de llegar r\u00e1pido, <\/span><b>acabar\u00e1s parando millones de veces para mirar las vistas que ofrece el horizonte<\/b><span style=\"font-weight: 400;\">. Y cr\u00e9eme, es parte de la experiencia.<\/span><\/p>\t\t\t\t\t\t\t\t<\/div>\n\t\t\t\t<\/div>\n\t\t\t\t<div class=\"elementor-element elementor-element-a9a1136 elementor-widget elementor-widget-google_maps\" data-id=\"a9a1136\" data-element_type=\"widget\" data-e-type=\"widget\" data-widget_type=\"google_maps.default\">\n\t\t\t\t<div class=\"elementor-widget-container\">\n\t\t\t\t\t\t\t<div class=\"elementor-custom-embed\">\n\t\t\t<iframe loading=\"lazy\"\n\t\t\t\t\tsrc=\"https:\/\/maps.google.com\/maps?q=Cala%20l%E2%80%99Andrag%C3%B3&#038;t=m&#038;z=11&#038;output=embed&#038;iwloc=near\"\n\t\t\t\t\ttitle=\"Cala l\u2019Andrag\u00f3\"\n\t\t\t\t\taria-label=\"Cala l\u2019Andrag\u00f3\"\n\t\t\t><\/iframe>\n\t\t<\/div>\n\t\t\t\t\t\t<\/div>\n\t\t\t\t<\/div>\n\t\t\t\t\t<\/div>\n\t\t\t\t<\/div>\n\t\t<div class=\"elementor-element elementor-element-6c7c5ff3 e-flex e-con-boxed e-con e-parent\" data-id=\"6c7c5ff3\" data-element_type=\"container\" data-e-type=\"container\">\n\t\t\t\t\t<div class=\"e-con-inner\">\n\t\t\t\t<div class=\"elementor-element elementor-element-7d37d4fd elementor-widget elementor-widget-heading\" data-id=\"7d37d4fd\" data-element_type=\"widget\" data-e-type=\"widget\" data-widget_type=\"heading.default\">\n\t\t\t\t<div class=\"elementor-widget-container\">\n\t\t\t\t\t<h2 class=\"elementor-heading-title elementor-size-default\">Qu\u00e9 ver y hacer en Cala l\u2019Andrag\u00f3 para disfrutarla al m\u00e1ximo\n<\/h2>\t\t\t\t<\/div>\n\t\t\t\t<\/div>\n\t\t\t\t<div class=\"elementor-element elementor-element-5c4d910a elementor-widget elementor-widget-text-editor\" data-id=\"5c4d910a\" data-element_type=\"widget\" data-e-type=\"widget\" data-widget_type=\"text-editor.default\">\n\t\t\t\t<div class=\"elementor-widget-container\">\n\t\t\t\t\t\t\t\t\t<p><span style=\"font-weight: 400;\">La magia de Cala l\u2019Andrag\u00f3 no est\u00e1 solo en tumbarse al sol, sino en<\/span><b> c\u00f3mo combina el relax con actividades <\/b><span style=\"font-weight: 400;\">para todos los gustos.\u00a0<\/span><\/p><p><span style=\"font-weight: 400;\">Esta cala ofrece <\/span><b>actividades de snorkel<\/b><span style=\"font-weight: 400;\">, ya que sus aguas cristalinas y fondos rocosos invitan a ponerse las gafas y descubrir un mundo submarino lleno de peces de colores. No hace falta ser un pro del snorkel, solo basta con meter la cara en el agua para observar todo lo que ofrece el fondo marino.<\/span><\/p><p><span style=\"font-weight: 400;\">El <\/span><b>paseo mar\u00edtimo<\/b><span style=\"font-weight: 400;\"> es otra de las actividades que no te puedes perder. Es perfecto para dar un paseo al atardecer, con ese puntito rom\u00e1ntico digno de pel\u00edcula. Adem\u00e1s, podr\u00e1s disfrutar de la <\/span><b>gastronom\u00eda local<\/b><span style=\"font-weight: 400;\">, ya que hay varios bares y restaurantes donde disfrutar arroces, pescados frescos o simplemente una cerveza mirando al horizonte.<\/span><\/p><p><span style=\"font-weight: 400;\">No puedes olvidarte de hacer <\/span><b>actividades de relax<\/b><span style=\"font-weight: 400;\"> en su mayor esplendor porque a veces no hacer nada es el mejor plan que puedes hacer. Y en Cala l\u2019Andrag\u00f3, no hacer nada se ve m\u00e1s bonito.<\/span><\/p>\t\t\t\t\t\t\t\t<\/div>\n\t\t\t\t<\/div>\n\t\t\t\t<div class=\"elementor-element elementor-element-4ca6553 elementor-widget elementor-widget-image\" data-id=\"4ca6553\" data-element_type=\"widget\" data-e-type=\"widget\" data-widget_type=\"image.default\">\n\t\t\t\t<div class=\"elementor-widget-container\">\n\t\t\t\t\t\t\t\t\t\t\t\t\t\t\t<img fetchpriority=\"high\" decoding=\"async\" width=\"1254\" height=\"627\" src=\"https:\/\/www.ontravelholidayrentals.com\/blog\/wp-content\/uploads\/2025\/09\/Cala-lAndrago.jpg\" class=\"attachment-full size-full wp-image-1107\" alt=\"\" srcset=\"https:\/\/www.ontravelholidayrentals.com\/blog\/wp-content\/uploads\/2025\/09\/Cala-lAndrago.jpg 1254w, https:\/\/www.ontravelholidayrentals.com\/blog\/wp-content\/uploads\/2025\/09\/Cala-lAndrago-300x150.jpg 300w, https:\/\/www.ontravelholidayrentals.com\/blog\/wp-content\/uploads\/2025\/09\/Cala-lAndrago-1024x512.jpg 1024w, https:\/\/www.ontravelholidayrentals.com\/blog\/wp-content\/uploads\/2025\/09\/Cala-lAndrago-768x384.jpg 768w\" sizes=\"(max-width: 1254px) 100vw, 1254px\" \/>\t\t\t\t\t\t\t\t\t\t\t\t\t\t\t<\/div>\n\t\t\t\t<\/div>\n\t\t\t\t\t<\/div>\n\t\t\t\t<\/div>\n\t\t<div class=\"elementor-element elementor-element-5c3ab60 e-flex e-con-boxed e-con e-parent\" data-id=\"5c3ab60\" data-element_type=\"container\" data-e-type=\"container\">\n\t\t\t\t\t<div class=\"e-con-inner\">\n\t\t\t\t<div class=\"elementor-element elementor-element-c28ad51 elementor-widget elementor-widget-heading\" data-id=\"c28ad51\" data-element_type=\"widget\" data-e-type=\"widget\" data-widget_type=\"heading.default\">\n\t\t\t\t<div class=\"elementor-widget-container\">\n\t\t\t\t\t<h2 class=\"elementor-heading-title elementor-size-default\">D\u00f3nde aparcar y c\u00f3mo acceder a pie sin perderte nada\n<\/h2>\t\t\t\t<\/div>\n\t\t\t\t<\/div>\n\t\t\t\t<div class=\"elementor-element elementor-element-70b7add elementor-widget elementor-widget-text-editor\" data-id=\"70b7add\" data-element_type=\"widget\" data-e-type=\"widget\" data-widget_type=\"text-editor.default\">\n\t\t\t\t<div class=\"elementor-widget-container\">\n\t\t\t\t\t\t\t\t\t<p><span style=\"font-weight: 400;\">El aparcamiento en Cala l\u2019Andrag\u00f3 es <\/span><b>c\u00f3modo<\/b><span style=\"font-weight: 400;\">, algo que no se puede decir de todas las calas de la Costa Blanca.<\/span><\/p><p><span style=\"font-weight: 400;\">Ofrece una<\/span><b> zona de aparcamiento habilitada<\/b><span style=\"font-weight: 400;\"> a pie de cala, gratuita en temporada baja y sin complicaciones. Aunque sin llegar en temporada alta, es mejor madrugar un poco o ir por la tarde cuando la jornada playera empieza a despejarse.<\/span><\/p><p><span style=\"font-weight: 400;\">Otra opci\u00f3n es <\/span><b>dejar el coche en Moraira<\/b><span style=\"font-weight: 400;\"> y bajar andando por el paseo que dura unos 20 minutos y podr\u00e1s disfrutar de las vistas que hacen que el trayecto haya merecido la pena.<\/span><\/p><p><span style=\"font-weight: 400;\">En cuanto al acceso, no esperes una caminata complicada, ya que <\/span><b>la cala est\u00e1 al ras de carretera<\/b><span style=\"font-weight: 400;\">, con acceso adaptado y f\u00e1cil incluso si llevas silla, nevera o hasta un flotador tama\u00f1o unicornio.<\/span><\/p>\t\t\t\t\t\t\t\t<\/div>\n\t\t\t\t<\/div>\n\t\t\t\t\t<\/div>\n\t\t\t\t<\/div>\n\t\t<div class=\"elementor-element elementor-element-a118f3b e-flex e-con-boxed e-con e-parent\" data-id=\"a118f3b\" data-element_type=\"container\" data-e-type=\"container\">\n\t\t\t\t\t<div class=\"e-con-inner\">\n\t\t\t\t<div class=\"elementor-element elementor-element-d5eb29f elementor-widget elementor-widget-heading\" data-id=\"d5eb29f\" data-element_type=\"widget\" data-e-type=\"widget\" data-widget_type=\"heading.default\">\n\t\t\t\t<div class=\"elementor-widget-container\">\n\t\t\t\t\t<h2 class=\"elementor-heading-title elementor-size-default\">Servicios disponibles en Cala l\u2019Andrag\u00f3 para una visita perfecta\n<\/h2>\t\t\t\t<\/div>\n\t\t\t\t<\/div>\n\t\t\t\t<div class=\"elementor-element elementor-element-0cbcc8f elementor-widget elementor-widget-text-editor\" data-id=\"0cbcc8f\" data-element_type=\"widget\" data-e-type=\"widget\" data-widget_type=\"text-editor.default\">\n\t\t\t\t<div class=\"elementor-widget-container\">\n\t\t\t\t\t\t\t\t\t<p><span style=\"font-weight: 400;\">Aunque la cala es peque\u00f1a,<\/span><b> est\u00e1 bien equipada para que no te falte de nada <\/b><span style=\"font-weight: 400;\">mientras est\u00e9s all\u00ed.<\/span><\/p><p><span style=\"font-weight: 400;\">La cala cuenta con<\/span><b> chiringuitos y restaurantes<\/b><span style=\"font-weight: 400;\"> a pie de playa, donde los arroces son casi religi\u00f3n; adem\u00e1s ofrece una <\/span><b>zona de descanso con terraza<\/b><span style=\"font-weight: 400;\"> para tomar algo pero sin ensuciarte con la arena.<\/span><\/p><p><span style=\"font-weight: 400;\">Existe una <\/span><b>zona de rocas<\/b><span style=\"font-weight: 400;\"> donde los m\u00e1s peque\u00f1os, y no tan peque\u00f1os, pueden entretenerse buscando cangrejos como si fueran exploradores profesionales. Pero no te preocupes, tambi\u00e9n hay <\/span><b>accesos c\u00f3modos y adecuados<\/b><span style=\"font-weight: 400;\"> para las familias.<\/span><\/p>\t\t\t\t\t\t\t\t<\/div>\n\t\t\t\t<\/div>\n\t\t\t\t<div class=\"elementor-element elementor-element-2d87d76 elementor-widget elementor-widget-image\" data-id=\"2d87d76\" data-element_type=\"widget\" data-e-type=\"widget\" data-widget_type=\"image.default\">\n\t\t\t\t<div class=\"elementor-widget-container\">\n\t\t\t\t\t\t\t\t\t\t\t\t\t\t\t<img decoding=\"async\" width=\"1254\" height=\"627\" src=\"https:\/\/www.ontravelholidayrentals.com\/blog\/wp-content\/uploads\/2025\/09\/Cala-lAndrago-costa-blanca.jpg\" class=\"attachment-full size-full wp-image-1115\" alt=\"Cala-lAndrago-costa-blanca.jpg\" srcset=\"https:\/\/www.ontravelholidayrentals.com\/blog\/wp-content\/uploads\/2025\/09\/Cala-lAndrago-costa-blanca.jpg 1254w, https:\/\/www.ontravelholidayrentals.com\/blog\/wp-content\/uploads\/2025\/09\/Cala-lAndrago-costa-blanca-300x150.jpg 300w, https:\/\/www.ontravelholidayrentals.com\/blog\/wp-content\/uploads\/2025\/09\/Cala-lAndrago-costa-blanca-1024x512.jpg 1024w, https:\/\/www.ontravelholidayrentals.com\/blog\/wp-content\/uploads\/2025\/09\/Cala-lAndrago-costa-blanca-768x384.jpg 768w\" sizes=\"(max-width: 1254px) 100vw, 1254px\" \/>\t\t\t\t\t\t\t\t\t\t\t\t\t\t\t<\/div>\n\t\t\t\t<\/div>\n\t\t\t\t\t<\/div>\n\t\t\t\t<\/div>\n\t\t<div class=\"elementor-element elementor-element-d88e981 e-flex e-con-boxed e-con e-parent\" data-id=\"d88e981\" data-element_type=\"container\" data-e-type=\"container\">\n\t\t\t\t\t<div class=\"e-con-inner\">\n\t\t\t\t<div class=\"elementor-element elementor-element-98cbcdc elementor-widget elementor-widget-heading\" data-id=\"98cbcdc\" data-element_type=\"widget\" data-e-type=\"widget\" data-widget_type=\"heading.default\">\n\t\t\t\t<div class=\"elementor-widget-container\">\n\t\t\t\t\t<h2 class=\"elementor-heading-title elementor-size-default\">Cu\u00e1ndo visitar Cala l\u2019Andrag\u00f3 y consejos pr\u00e1cticos para tu escapada<\/h2>\t\t\t\t<\/div>\n\t\t\t\t<\/div>\n\t\t\t\t<div class=\"elementor-element elementor-element-f6edcd6 elementor-widget elementor-widget-text-editor\" data-id=\"f6edcd6\" data-element_type=\"widget\" data-e-type=\"widget\" data-widget_type=\"text-editor.default\">\n\t\t\t\t<div class=\"elementor-widget-container\">\n\t\t\t\t\t\t\t\t\t<p><span style=\"font-weight: 400;\">En Cala l\u2019Andrag\u00f3 cada estaci\u00f3n tiene su propio encanto. <\/span><b>En primavera y en oto\u00f1o<\/b><span style=\"font-weight: 400;\">, encontrar\u00e1s menos gente, unas <\/span><b>temperaturas m\u00e1s suaves<\/b><span style=\"font-weight: 400;\"> y aguas apetecibles dependiendo de lo que marque el termostato.<\/span><\/p><p><span style=\"font-weight: 400;\">En <\/span><b>verano<\/b><span style=\"font-weight: 400;\"> encontrar\u00e1s un <\/span><b>ambiente animado<\/b><span style=\"font-weight: 400;\">, d\u00edas m\u00e1s largos y ese punto de fiesta mediterr\u00e1nea. Pero, tendr\u00e1s que madrugar si quieres poner la toalla en primera l\u00ednea de playa.<\/span><\/p><p><span style=\"font-weight: 400;\">El<\/span><b> invierno<\/b><span style=\"font-weight: 400;\"> tambi\u00e9n ofrece planes. Es perfecto para pasear, tomar una ca\u00f1a frente al mar (lleva abrigo, eso s\u00ed) y sentirte due\u00f1o de un <\/span><b>paisaje pr\u00e1cticamente exclusivo para ti<\/b><span style=\"font-weight: 400;\">.<\/span><\/p><p><span style=\"font-weight: 400;\">Entre los consejos que nunca fallan, si vas a explotar las rocas pero no quieres correr peligro de ca\u00edda te recomendamos que lleves unos <\/span><b>escarpines<\/b><span style=\"font-weight: 400;\">. Pero si eres de los que prefieren disfrutar de una postal submarina, recuerda llevarte tambi\u00e9n tus <\/span><b>gafas de snorkel<\/b><span style=\"font-weight: 400;\">.<\/span><\/p><p><span style=\"font-weight: 400;\">En el caso de que planees quedarte a comer, te aconsejamos que hagas una <\/span><b>reserva con antelaci\u00f3n<\/b><span style=\"font-weight: 400;\">, sobre todo si es temporada alta, ya que todo el mundo quiere esa mesa con vistas.<\/span><\/p><p><span style=\"font-weight: 400;\">Y por supuesto, recuerda el <\/span><b>protector solar<\/b><span style=\"font-weight: 400;\"> y la <\/span><b>botella de agua<\/b><span style=\"font-weight: 400;\">, para evitar posibles disgustos de \u00faltima hora que estropean tu estancia.<\/span><\/p>\t\t\t\t\t\t\t\t<\/div>\n\t\t\t\t<\/div>\n\t\t\t\t\t<\/div>\n\t\t\t\t<\/div>\n\t\t<div class=\"elementor-element elementor-element-9eca1d9 e-flex e-con-boxed e-con e-parent\" data-id=\"9eca1d9\" data-element_type=\"container\" data-e-type=\"container\">\n\t\t\t\t\t<div class=\"e-con-inner\">\n\t\t\t\t<div class=\"elementor-element elementor-element-7aab6f7 elementor-widget elementor-widget-heading\" data-id=\"7aab6f7\" data-element_type=\"widget\" data-e-type=\"widget\" data-widget_type=\"heading.default\">\n\t\t\t\t<div class=\"elementor-widget-container\">\n\t\t\t\t\t<h2 class=\"elementor-heading-title elementor-size-default\">\u00bfPor qu\u00e9 Cala l\u2019Andrag\u00f3 te conquistar\u00e1 desde el primer momento?\n<\/h2>\t\t\t\t<\/div>\n\t\t\t\t<\/div>\n\t\t\t\t<div class=\"elementor-element elementor-element-75b6332 elementor-widget elementor-widget-text-editor\" data-id=\"75b6332\" data-element_type=\"widget\" data-e-type=\"widget\" data-widget_type=\"text-editor.default\">\n\t\t\t\t<div class=\"elementor-widget-container\">\n\t\t\t\t\t\t\t\t\t<p><span style=\"font-weight: 400;\">Cala l\u2019Andrag\u00f3 cuenta con todo lo que uno pide para unas vacaciones perfectas. Tiene ese aire de <\/span><b>cala escondida<\/b><span style=\"font-weight: 400;\"> pero acompa\u00f1ada de todas las comodidades, agua transparente, buena comida y un ambiente relajado sin masificaciones exageradas.<\/span><\/p><p><span style=\"font-weight: 400;\">Si quieres que tu visita llegue al nivel m\u00e1ximo de disfrute, recuerda que necesitar\u00e1s un alojamiento que merezca la pena. <\/span><b>Contacta con nosotros para reservar tu apartamento en Moraira<\/b><span style=\"font-weight: 400;\"> con todas las comodidades. \u00a1Te esperamos!<\/span><\/p>\t\t\t\t\t\t\t\t<\/div>\n\t\t\t\t<\/div>\n\t\t\t\t\t<\/div>\n\t\t\t\t<\/div>\n\t\t<div class=\"elementor-element elementor-element-48de704a e-flex e-con-boxed e-con e-parent\" data-id=\"48de704a\" data-element_type=\"container\" data-e-type=\"container\">\n\t\t\t\t\t<div class=\"e-con-inner\">\n\t\t\t\t<div class=\"elementor-element elementor-element-7dc3620e elementor-widget elementor-widget-grid\" data-id=\"7dc3620e\" data-element_type=\"widget\" data-e-type=\"widget\" data-widget_type=\"grid.default\">\n\t\t\t\t<div class=\"elementor-widget-container\">\n\t\t\t\t\t\t\t<div class=\"its--row alojamientos-recomendados\">\n\n\t\t\t<div class=\"alojamientos-recomendados-container\">\n\n\t\t\t\t\t\n\t\t\t\t\t<a href=\"https:\/\/www.ontravelholidayrentals.com\/alquiler\/villa-oliva-villa-vermeer-51-460858.html\" rel=\"nofollow\" style=\"width: 23%;\">\n\t\t\t\t\t\t<div class=\"apartamento-box\">\n\t\t\t\t\t\t\t<div class=\"imagen_recomendados\">\n\t\t\t\t\t\t\t\t<img decoding=\"async\" src=\"https:\/\/crs.avantio.com\/fotos\/2\/1703084140d3f439d9b3375a13b4f0e50afb895aaa\/big1703332585741831091dd4ad756385090fb49199ea.jpg\" alt=\"Villa Colibri by ON Travel\">\n\t\t\t\t\t\t\t<\/div>\n\t\t\t\t\t\t\t<div class=\"info\">\n\t\t\t\t\t\t\t\t<div class=\"ubicacion\">\n\t\t\t\t\t\t\t\t\t<i class=\"fa-solid fa-location-dot icono-mapa\"><\/i><span class=\"ubicacion-texto\">Oliva - Valencia<\/span>\n\t\t\t\t\t\t\t\t<\/div>\n\t\t\t\t\t\t\t\t<H4 class=\"titulo-alojamiento\">\n\t\t\t\t\t\t\t\t\tVilla Colibri by ON Travel\t\t\t\t\t\t\t\t<\/H4>\n\t\t\t\t\t\t\t\t<p class=\"precio-alojamiento\">Desde <span class=\"precio\">328.00\u20ac<\/span> por noche<\/p>\n\t\t\t\t\t\t\t<\/div>\n\t\t\t\t\t\t<\/div>\n\t\t\t\t\t<\/a> \n\t\t\t\t\t\t\n\t\t\t\t\t<a href=\"https:\/\/www.ontravelholidayrentals.com\/alquiler\/villa-oliva-villa-vermeer-21-461268.html\" rel=\"nofollow\" style=\"width: 23%;\">\n\t\t\t\t\t\t<div class=\"apartamento-box\">\n\t\t\t\t\t\t\t<div class=\"imagen_recomendados\">\n\t\t\t\t\t\t\t\t<img decoding=\"async\" src=\"https:\/\/crs.avantio.com\/fotos\/2\/1703335589811fbc048cd27ef2e70871e03571a65f\/big17033356189dc73706c960d3ef8712f0c901543b8b.jpg\" alt=\"Villa Solana by ON Travel\">\n\t\t\t\t\t\t\t<\/div>\n\t\t\t\t\t\t\t<div class=\"info\">\n\t\t\t\t\t\t\t\t<div class=\"ubicacion\">\n\t\t\t\t\t\t\t\t\t<i class=\"fa-solid fa-location-dot icono-mapa\"><\/i><span class=\"ubicacion-texto\">Oliva - Valencia<\/span>\n\t\t\t\t\t\t\t\t<\/div>\n\t\t\t\t\t\t\t\t<H4 class=\"titulo-alojamiento\">\n\t\t\t\t\t\t\t\t\tVilla Solana by ON Travel\t\t\t\t\t\t\t\t<\/H4>\n\t\t\t\t\t\t\t\t<p class=\"precio-alojamiento\">Desde <span class=\"precio\">217.00\u20ac<\/span> por noche<\/p>\n\t\t\t\t\t\t\t<\/div>\n\t\t\t\t\t\t<\/div>\n\t\t\t\t\t<\/a> \n\t\t\t\t\t\t\n\t\t\t\t\t<a href=\"https:\/\/www.ontravelholidayrentals.com\/alquiler\/villa-oliva-villa-vermeer-25-461292.html\" rel=\"nofollow\" style=\"width: 23%;\">\n\t\t\t\t\t\t<div class=\"apartamento-box\">\n\t\t\t\t\t\t\t<div class=\"imagen_recomendados\">\n\t\t\t\t\t\t\t\t<img decoding=\"async\" src=\"https:\/\/crs.avantio.com\/fotos\/2\/1705335735591b101a10adf0c9165b293b19af3489\/big1705335762de9703dc1854540c9777fd4932b0499a.jpg\" alt=\"Greenside oasis villa by ON Travel\">\n\t\t\t\t\t\t\t<\/div>\n\t\t\t\t\t\t\t<div class=\"info\">\n\t\t\t\t\t\t\t\t<div class=\"ubicacion\">\n\t\t\t\t\t\t\t\t\t<i class=\"fa-solid fa-location-dot icono-mapa\"><\/i><span class=\"ubicacion-texto\">Oliva - Valencia<\/span>\n\t\t\t\t\t\t\t\t<\/div>\n\t\t\t\t\t\t\t\t<H4 class=\"titulo-alojamiento\">\n\t\t\t\t\t\t\t\t\tGreenside oasis villa by ON Travel\t\t\t\t\t\t\t\t<\/H4>\n\t\t\t\t\t\t\t\t<p class=\"precio-alojamiento\">Desde <span class=\"precio\">328.00\u20ac<\/span> por noche<\/p>\n\t\t\t\t\t\t\t<\/div>\n\t\t\t\t\t\t<\/div>\n\t\t\t\t\t<\/a> \n\t\t\t\t\t\t\n\t\t\t\t\t<a href=\"https:\/\/www.ontravelholidayrentals.com\/alquiler\/villa-oliva-villa-vermeer-43-461293.html\" rel=\"nofollow\" style=\"width: 23%;\">\n\t\t\t\t\t\t<div class=\"apartamento-box\">\n\t\t\t\t\t\t\t<div class=\"imagen_recomendados\">\n\t\t\t\t\t\t\t\t<img decoding=\"async\" src=\"https:\/\/crs.avantio.com\/fotos\/2\/17054241108ffb3352fb1b6efd3c6e1c3097debf40\/big170542451565ad5f2b0843b6346526f00ede7b3ef7.jpg\" alt=\"Villa Cisne by ON Travel\">\n\t\t\t\t\t\t\t<\/div>\n\t\t\t\t\t\t\t<div class=\"info\">\n\t\t\t\t\t\t\t\t<div class=\"ubicacion\">\n\t\t\t\t\t\t\t\t\t<i class=\"fa-solid fa-location-dot icono-mapa\"><\/i><span class=\"ubicacion-texto\">Oliva - Valencia<\/span>\n\t\t\t\t\t\t\t\t<\/div>\n\t\t\t\t\t\t\t\t<H4 class=\"titulo-alojamiento\">\n\t\t\t\t\t\t\t\t\tVilla Cisne by ON Travel\t\t\t\t\t\t\t\t<\/H4>\n\t\t\t\t\t\t\t\t<p class=\"precio-alojamiento\">Desde <span class=\"precio\">205.00\u20ac<\/span> por noche<\/p>\n\t\t\t\t\t\t\t<\/div>\n\t\t\t\t\t\t<\/div>\n\t\t\t\t\t<\/a> \n\t\t\t\t\t\t\t\t<\/div>\n\t\t\t<\/div>\n\t\t\t\t\t\t<\/div>\n\t\t\t\t<\/div>\n\t\t\t\t\t<\/div>\n\t\t\t\t<\/div>\n\t\t\t\t<\/div>\n\t\t","protected":false},"excerpt":{"rendered":"<p>Cala l\u2019Andrag\u00f3: el rinc\u00f3n m\u00e1s encantador de la Costa Blanca Imagina una cala que combina aguas cristalinas, rincones rocosos ideales para bucear, restaurante con encanto y un ambiente relajado en pleno coraz\u00f3n de la Costa Blanca. \u00bfSuena bien, no? Pues este sitio es la Cala l\u2019Andrag\u00f3 en Moraira. Un peque\u00f1o tesoro de la Marina Alta [&hellip;]<\/p>\n","protected":false},"author":4,"featured_media":1111,"comment_status":"open","ping_status":"open","sticky":false,"template":"elementor_header_footer","format":"standard","meta":{"footnotes":""},"categories":[23],"tags":[70],"class_list":["post-1101","post","type-post","status-publish","format-standard","has-post-thumbnail","hentry","category-costa-blanca","tag-no-template"],"yoast_head":"<!-- This site is optimized with the Yoast SEO plugin v25.2 - https:\/\/yoast.com\/wordpress\/plugins\/seo\/ -->\n<title>Cala l\u2019Andrag\u00f3: el rinc\u00f3n m\u00e1s encantador de la Costa Blanca - Blog<\/title>\n<meta name=\"description\" content=\"Descubre Cala Andrago y disfruta del Mediterr\u00e1neo entre rocas y aguas cristalinas de la Costa Blanca. Ven y d\u00e9jate maravillar por esta cala.\" \/>\n<meta name=\"robots\" content=\"index, follow, max-snippet:-1, max-image-preview:large, max-video-preview:-1\" \/>\n<link rel=\"canonical\" href=\"https:\/\/www.ontravelholidayrentals.com\/blog\/cala-andrago\/\" \/>\n<meta property=\"og:locale\" content=\"es_ES\" \/>\n<meta property=\"og:type\" content=\"article\" \/>\n<meta property=\"og:title\" content=\"Cala l\u2019Andrag\u00f3: el rinc\u00f3n m\u00e1s encantador de la Costa Blanca - Blog\" \/>\n<meta property=\"og:description\" content=\"Descubre Cala Andrago y disfruta del Mediterr\u00e1neo entre rocas y aguas cristalinas de la Costa Blanca. Ven y d\u00e9jate maravillar por esta cala.\" \/>\n<meta property=\"og:url\" content=\"https:\/\/www.ontravelholidayrentals.com\/blog\/cala-andrago\/\" \/>\n<meta property=\"og:site_name\" content=\"Blog\" \/>\n<meta property=\"article:published_time\" content=\"2025-09-08T11:25:51+00:00\" \/>\n<meta property=\"article:modified_time\" content=\"2026-03-12T10:53:48+00:00\" \/>\n<meta property=\"og:image\" content=\"https:\/\/www.ontravelholidayrentals.com\/blog\/wp-content\/uploads\/2025\/09\/Cala-lAndrago-Alicante.jpg\" \/>\n\t<meta property=\"og:image:width\" content=\"2121\" \/>\n\t<meta property=\"og:image:height\" content=\"707\" \/>\n\t<meta property=\"og:image:type\" content=\"image\/jpeg\" \/>\n<meta name=\"author\" content=\"Axel\" \/>\n<meta name=\"twitter:card\" content=\"summary_large_image\" \/>\n<meta name=\"twitter:label1\" content=\"Escrito por\" \/>\n\t<meta name=\"twitter:data1\" content=\"Axel\" \/>\n\t<meta name=\"twitter:label2\" content=\"Tiempo de lectura\" \/>\n\t<meta name=\"twitter:data2\" content=\"7 minutos\" \/>\n<script type=\"application\/ld+json\" class=\"yoast-schema-graph\">{\"@context\":\"https:\/\/schema.org\",\"@graph\":[{\"@type\":\"Article\",\"@id\":\"https:\/\/www.ontravelholidayrentals.com\/blog\/cala-andrago\/#article\",\"isPartOf\":{\"@id\":\"https:\/\/www.ontravelholidayrentals.com\/blog\/cala-andrago\/\"},\"author\":{\"name\":\"Axel\",\"@id\":\"https:\/\/www.ontravelholidayrentals.com\/blog\/#\/schema\/person\/907601cb91b08af60b0fec9e629a4883\"},\"headline\":\"Cala l\u2019Andrag\u00f3: el rinc\u00f3n m\u00e1s encantador de la Costa Blanca\",\"datePublished\":\"2025-09-08T11:25:51+00:00\",\"dateModified\":\"2026-03-12T10:53:48+00:00\",\"mainEntityOfPage\":{\"@id\":\"https:\/\/www.ontravelholidayrentals.com\/blog\/cala-andrago\/\"},\"wordCount\":1108,\"commentCount\":0,\"publisher\":{\"@id\":\"https:\/\/www.ontravelholidayrentals.com\/blog\/#organization\"},\"image\":{\"@id\":\"https:\/\/www.ontravelholidayrentals.com\/blog\/cala-andrago\/#primaryimage\"},\"thumbnailUrl\":\"https:\/\/www.ontravelholidayrentals.com\/blog\/wp-content\/uploads\/2025\/09\/Cala-lAndrago-Alicante.jpg\",\"keywords\":[\"no template\"],\"articleSection\":[\"Costa Blanca\"],\"inLanguage\":\"es\",\"potentialAction\":[{\"@type\":\"CommentAction\",\"name\":\"Comment\",\"target\":[\"https:\/\/www.ontravelholidayrentals.com\/blog\/cala-andrago\/#respond\"]}]},{\"@type\":\"WebPage\",\"@id\":\"https:\/\/www.ontravelholidayrentals.com\/blog\/cala-andrago\/\",\"url\":\"https:\/\/www.ontravelholidayrentals.com\/blog\/cala-andrago\/\",\"name\":\"Cala l\u2019Andrag\u00f3: el rinc\u00f3n m\u00e1s encantador de la Costa Blanca - Blog\",\"isPartOf\":{\"@id\":\"https:\/\/www.ontravelholidayrentals.com\/blog\/#website\"},\"primaryImageOfPage\":{\"@id\":\"https:\/\/www.ontravelholidayrentals.com\/blog\/cala-andrago\/#primaryimage\"},\"image\":{\"@id\":\"https:\/\/www.ontravelholidayrentals.com\/blog\/cala-andrago\/#primaryimage\"},\"thumbnailUrl\":\"https:\/\/www.ontravelholidayrentals.com\/blog\/wp-content\/uploads\/2025\/09\/Cala-lAndrago-Alicante.jpg\",\"datePublished\":\"2025-09-08T11:25:51+00:00\",\"dateModified\":\"2026-03-12T10:53:48+00:00\",\"description\":\"Descubre Cala Andrago y disfruta del Mediterr\u00e1neo entre rocas y aguas cristalinas de la Costa Blanca. Ven y d\u00e9jate maravillar por esta cala.\",\"breadcrumb\":{\"@id\":\"https:\/\/www.ontravelholidayrentals.com\/blog\/cala-andrago\/#breadcrumb\"},\"inLanguage\":\"es\",\"potentialAction\":[{\"@type\":\"ReadAction\",\"target\":[\"https:\/\/www.ontravelholidayrentals.com\/blog\/cala-andrago\/\"]}]},{\"@type\":\"ImageObject\",\"inLanguage\":\"es\",\"@id\":\"https:\/\/www.ontravelholidayrentals.com\/blog\/cala-andrago\/#primaryimage\",\"url\":\"https:\/\/www.ontravelholidayrentals.com\/blog\/wp-content\/uploads\/2025\/09\/Cala-lAndrago-Alicante.jpg\",\"contentUrl\":\"https:\/\/www.ontravelholidayrentals.com\/blog\/wp-content\/uploads\/2025\/09\/Cala-lAndrago-Alicante.jpg\",\"width\":2121,\"height\":707,\"caption\":\"Ibiza Punta de Sa Galera beach in San Antonio at Balearic Islands Spain\"},{\"@type\":\"BreadcrumbList\",\"@id\":\"https:\/\/www.ontravelholidayrentals.com\/blog\/cala-andrago\/#breadcrumb\",\"itemListElement\":[{\"@type\":\"ListItem\",\"position\":1,\"name\":\"Portada\",\"item\":\"https:\/\/www.ontravelholidayrentals.com\/blog\/\"},{\"@type\":\"ListItem\",\"position\":2,\"name\":\"Cala l\u2019Andrag\u00f3: el rinc\u00f3n m\u00e1s encantador de la Costa Blanca\"}]},{\"@type\":\"WebSite\",\"@id\":\"https:\/\/www.ontravelholidayrentals.com\/blog\/#website\",\"url\":\"https:\/\/www.ontravelholidayrentals.com\/blog\/\",\"name\":\"Blog\",\"description\":\"Ontravelholidayrentals\",\"publisher\":{\"@id\":\"https:\/\/www.ontravelholidayrentals.com\/blog\/#organization\"},\"potentialAction\":[{\"@type\":\"SearchAction\",\"target\":{\"@type\":\"EntryPoint\",\"urlTemplate\":\"https:\/\/www.ontravelholidayrentals.com\/blog\/?s={search_term_string}\"},\"query-input\":{\"@type\":\"PropertyValueSpecification\",\"valueRequired\":true,\"valueName\":\"search_term_string\"}}],\"inLanguage\":\"es\"},{\"@type\":\"Organization\",\"@id\":\"https:\/\/www.ontravelholidayrentals.com\/blog\/#organization\",\"name\":\"Blog\",\"url\":\"https:\/\/www.ontravelholidayrentals.com\/blog\/\",\"logo\":{\"@type\":\"ImageObject\",\"inLanguage\":\"es\",\"@id\":\"https:\/\/www.ontravelholidayrentals.com\/blog\/#\/schema\/logo\/image\/\",\"url\":\"https:\/\/www.ontravelholidayrentals.com\/blog\/wp-content\/uploads\/2025\/02\/logo-oliva-nova.webp\",\"contentUrl\":\"https:\/\/www.ontravelholidayrentals.com\/blog\/wp-content\/uploads\/2025\/02\/logo-oliva-nova.webp\",\"width\":2454,\"height\":875,\"caption\":\"Blog\"},\"image\":{\"@id\":\"https:\/\/www.ontravelholidayrentals.com\/blog\/#\/schema\/logo\/image\/\"}},{\"@type\":\"Person\",\"@id\":\"https:\/\/www.ontravelholidayrentals.com\/blog\/#\/schema\/person\/907601cb91b08af60b0fec9e629a4883\",\"name\":\"Axel\",\"image\":{\"@type\":\"ImageObject\",\"inLanguage\":\"es\",\"@id\":\"https:\/\/www.ontravelholidayrentals.com\/blog\/#\/schema\/person\/image\/\",\"url\":\"https:\/\/secure.gravatar.com\/avatar\/3bd706736e5b70f21f05f6c2d5cad746767782a4ba4b7df399c5969e2a9318fd?s=96&d=mm&r=g\",\"contentUrl\":\"https:\/\/secure.gravatar.com\/avatar\/3bd706736e5b70f21f05f6c2d5cad746767782a4ba4b7df399c5969e2a9318fd?s=96&d=mm&r=g\",\"caption\":\"Axel\"},\"url\":\"https:\/\/www.ontravelholidayrentals.com\/blog\/author\/axel\/\"}]}<\/script>\n<!-- \/ Yoast SEO plugin. -->","yoast_head_json":{"title":"Cala l\u2019Andrag\u00f3: el rinc\u00f3n m\u00e1s encantador de la Costa Blanca - Blog","description":"Descubre Cala Andrago y disfruta del Mediterr\u00e1neo entre rocas y aguas cristalinas de la Costa Blanca. Ven y d\u00e9jate maravillar por esta cala.","robots":{"index":"index","follow":"follow","max-snippet":"max-snippet:-1","max-image-preview":"max-image-preview:large","max-video-preview":"max-video-preview:-1"},"canonical":"https:\/\/www.ontravelholidayrentals.com\/blog\/cala-andrago\/","og_locale":"es_ES","og_type":"article","og_title":"Cala l\u2019Andrag\u00f3: el rinc\u00f3n m\u00e1s encantador de la Costa Blanca - Blog","og_description":"Descubre Cala Andrago y disfruta del Mediterr\u00e1neo entre rocas y aguas cristalinas de la Costa Blanca. Ven y d\u00e9jate maravillar por esta cala.","og_url":"https:\/\/www.ontravelholidayrentals.com\/blog\/cala-andrago\/","og_site_name":"Blog","article_published_time":"2025-09-08T11:25:51+00:00","article_modified_time":"2026-03-12T10:53:48+00:00","og_image":[{"width":2121,"height":707,"url":"https:\/\/www.ontravelholidayrentals.com\/blog\/wp-content\/uploads\/2025\/09\/Cala-lAndrago-Alicante.jpg","type":"image\/jpeg"}],"author":"Axel","twitter_card":"summary_large_image","twitter_misc":{"Escrito por":"Axel","Tiempo de lectura":"7 minutos"},"schema":{"@context":"https:\/\/schema.org","@graph":[{"@type":"Article","@id":"https:\/\/www.ontravelholidayrentals.com\/blog\/cala-andrago\/#article","isPartOf":{"@id":"https:\/\/www.ontravelholidayrentals.com\/blog\/cala-andrago\/"},"author":{"name":"Axel","@id":"https:\/\/www.ontravelholidayrentals.com\/blog\/#\/schema\/person\/907601cb91b08af60b0fec9e629a4883"},"headline":"Cala l\u2019Andrag\u00f3: el rinc\u00f3n m\u00e1s encantador de la Costa Blanca","datePublished":"2025-09-08T11:25:51+00:00","dateModified":"2026-03-12T10:53:48+00:00","mainEntityOfPage":{"@id":"https:\/\/www.ontravelholidayrentals.com\/blog\/cala-andrago\/"},"wordCount":1108,"commentCount":0,"publisher":{"@id":"https:\/\/www.ontravelholidayrentals.com\/blog\/#organization"},"image":{"@id":"https:\/\/www.ontravelholidayrentals.com\/blog\/cala-andrago\/#primaryimage"},"thumbnailUrl":"https:\/\/www.ontravelholidayrentals.com\/blog\/wp-content\/uploads\/2025\/09\/Cala-lAndrago-Alicante.jpg","keywords":["no template"],"articleSection":["Costa Blanca"],"inLanguage":"es","potentialAction":[{"@type":"CommentAction","name":"Comment","target":["https:\/\/www.ontravelholidayrentals.com\/blog\/cala-andrago\/#respond"]}]},{"@type":"WebPage","@id":"https:\/\/www.ontravelholidayrentals.com\/blog\/cala-andrago\/","url":"https:\/\/www.ontravelholidayrentals.com\/blog\/cala-andrago\/","name":"Cala l\u2019Andrag\u00f3: el rinc\u00f3n m\u00e1s encantador de la Costa Blanca - Blog","isPartOf":{"@id":"https:\/\/www.ontravelholidayrentals.com\/blog\/#website"},"primaryImageOfPage":{"@id":"https:\/\/www.ontravelholidayrentals.com\/blog\/cala-andrago\/#primaryimage"},"image":{"@id":"https:\/\/www.ontravelholidayrentals.com\/blog\/cala-andrago\/#primaryimage"},"thumbnailUrl":"https:\/\/www.ontravelholidayrentals.com\/blog\/wp-content\/uploads\/2025\/09\/Cala-lAndrago-Alicante.jpg","datePublished":"2025-09-08T11:25:51+00:00","dateModified":"2026-03-12T10:53:48+00:00","description":"Descubre Cala Andrago y disfruta del Mediterr\u00e1neo entre rocas y aguas cristalinas de la Costa Blanca. Ven y d\u00e9jate maravillar por esta cala.","breadcrumb":{"@id":"https:\/\/www.ontravelholidayrentals.com\/blog\/cala-andrago\/#breadcrumb"},"inLanguage":"es","potentialAction":[{"@type":"ReadAction","target":["https:\/\/www.ontravelholidayrentals.com\/blog\/cala-andrago\/"]}]},{"@type":"ImageObject","inLanguage":"es","@id":"https:\/\/www.ontravelholidayrentals.com\/blog\/cala-andrago\/#primaryimage","url":"https:\/\/www.ontravelholidayrentals.com\/blog\/wp-content\/uploads\/2025\/09\/Cala-lAndrago-Alicante.jpg","contentUrl":"https:\/\/www.ontravelholidayrentals.com\/blog\/wp-content\/uploads\/2025\/09\/Cala-lAndrago-Alicante.jpg","width":2121,"height":707,"caption":"Ibiza Punta de Sa Galera beach in San Antonio at Balearic Islands Spain"},{"@type":"BreadcrumbList","@id":"https:\/\/www.ontravelholidayrentals.com\/blog\/cala-andrago\/#breadcrumb","itemListElement":[{"@type":"ListItem","position":1,"name":"Portada","item":"https:\/\/www.ontravelholidayrentals.com\/blog\/"},{"@type":"ListItem","position":2,"name":"Cala l\u2019Andrag\u00f3: el rinc\u00f3n m\u00e1s encantador de la Costa Blanca"}]},{"@type":"WebSite","@id":"https:\/\/www.ontravelholidayrentals.com\/blog\/#website","url":"https:\/\/www.ontravelholidayrentals.com\/blog\/","name":"Blog","description":"Ontravelholidayrentals","publisher":{"@id":"https:\/\/www.ontravelholidayrentals.com\/blog\/#organization"},"potentialAction":[{"@type":"SearchAction","target":{"@type":"EntryPoint","urlTemplate":"https:\/\/www.ontravelholidayrentals.com\/blog\/?s={search_term_string}"},"query-input":{"@type":"PropertyValueSpecification","valueRequired":true,"valueName":"search_term_string"}}],"inLanguage":"es"},{"@type":"Organization","@id":"https:\/\/www.ontravelholidayrentals.com\/blog\/#organization","name":"Blog","url":"https:\/\/www.ontravelholidayrentals.com\/blog\/","logo":{"@type":"ImageObject","inLanguage":"es","@id":"https:\/\/www.ontravelholidayrentals.com\/blog\/#\/schema\/logo\/image\/","url":"https:\/\/www.ontravelholidayrentals.com\/blog\/wp-content\/uploads\/2025\/02\/logo-oliva-nova.webp","contentUrl":"https:\/\/www.ontravelholidayrentals.com\/blog\/wp-content\/uploads\/2025\/02\/logo-oliva-nova.webp","width":2454,"height":875,"caption":"Blog"},"image":{"@id":"https:\/\/www.ontravelholidayrentals.com\/blog\/#\/schema\/logo\/image\/"}},{"@type":"Person","@id":"https:\/\/www.ontravelholidayrentals.com\/blog\/#\/schema\/person\/907601cb91b08af60b0fec9e629a4883","name":"Axel","image":{"@type":"ImageObject","inLanguage":"es","@id":"https:\/\/www.ontravelholidayrentals.com\/blog\/#\/schema\/person\/image\/","url":"https:\/\/secure.gravatar.com\/avatar\/3bd706736e5b70f21f05f6c2d5cad746767782a4ba4b7df399c5969e2a9318fd?s=96&d=mm&r=g","contentUrl":"https:\/\/secure.gravatar.com\/avatar\/3bd706736e5b70f21f05f6c2d5cad746767782a4ba4b7df399c5969e2a9318fd?s=96&d=mm&r=g","caption":"Axel"},"url":"https:\/\/www.ontravelholidayrentals.com\/blog\/author\/axel\/"}]}},"_links":{"self":[{"href":"https:\/\/www.ontravelholidayrentals.com\/blog\/wp-json\/wp\/v2\/posts\/1101","targetHints":{"allow":["GET"]}}],"collection":[{"href":"https:\/\/www.ontravelholidayrentals.com\/blog\/wp-json\/wp\/v2\/posts"}],"about":[{"href":"https:\/\/www.ontravelholidayrentals.com\/blog\/wp-json\/wp\/v2\/types\/post"}],"author":[{"embeddable":true,"href":"https:\/\/www.ontravelholidayrentals.com\/blog\/wp-json\/wp\/v2\/users\/4"}],"replies":[{"embeddable":true,"href":"https:\/\/www.ontravelholidayrentals.com\/blog\/wp-json\/wp\/v2\/comments?post=1101"}],"version-history":[{"count":16,"href":"https:\/\/www.ontravelholidayrentals.com\/blog\/wp-json\/wp\/v2\/posts\/1101\/revisions"}],"predecessor-version":[{"id":1130,"href":"https:\/\/www.ontravelholidayrentals.com\/blog\/wp-json\/wp\/v2\/posts\/1101\/revisions\/1130"}],"wp:featuredmedia":[{"embeddable":true,"href":"https:\/\/www.ontravelholidayrentals.com\/blog\/wp-json\/wp\/v2\/media\/1111"}],"wp:attachment":[{"href":"https:\/\/www.ontravelholidayrentals.com\/blog\/wp-json\/wp\/v2\/media?parent=1101"}],"wp:term":[{"taxonomy":"category","embeddable":true,"href":"https:\/\/www.ontravelholidayrentals.com\/blog\/wp-json\/wp\/v2\/categories?post=1101"},{"taxonomy":"post_tag","embeddable":true,"href":"https:\/\/www.ontravelholidayrentals.com\/blog\/wp-json\/wp\/v2\/tags?post=1101"}],"curies":[{"name":"wp","href":"https:\/\/api.w.org\/{rel}","templated":true}]}}