{"id":1096,"date":"2025-09-08T11:43:15","date_gmt":"2025-09-08T11:43:15","guid":{"rendered":"https:\/\/www.ontravelholidayrentals.com\/blog\/?p=1096"},"modified":"2026-03-12T10:53:47","modified_gmt":"2026-03-12T10:53:47","slug":"parque-natural-marjal-pego-oliva","status":"publish","type":"post","link":"https:\/\/www.ontravelholidayrentals.com\/blog\/parque-natural-marjal-pego-oliva\/","title":{"rendered":"Parque Natural de la Marjal de Pego-Oliva: un tesoro entre mar y monta\u00f1a"},"content":{"rendered":"\t\t<div data-elementor-type=\"wp-post\" data-elementor-id=\"1096\" class=\"elementor elementor-1096\" data-elementor-post-type=\"post\">\n\t\t\t\t<div class=\"elementor-element elementor-element-5d7b7dbe e-flex e-con-boxed e-con e-parent\" data-id=\"5d7b7dbe\" data-element_type=\"container\" data-e-type=\"container\">\n\t\t\t\t\t<div class=\"e-con-inner\">\n\t\t\t\t<div class=\"elementor-element elementor-element-36d578d6 elementor-widget elementor-widget-text-editor\" data-id=\"36d578d6\" data-element_type=\"widget\" data-e-type=\"widget\" data-widget_type=\"text-editor.default\">\n\t\t\t\t<div class=\"elementor-widget-container\">\n\t\t\t\t\t\t\t\t\t<p><span style=\"font-weight: 400;\">Si pensabas que lo hab\u00edas visto todo entre las playas del Mediterr\u00e1neo y las sierras de Alicante y Valencia, <\/span><b>espera a descubrir la Marjal de Pego-Oliva<\/b><span style=\"font-weight: 400;\">. Este parque natural es como ese amigo que lo tiene todo desde belleza y misterio, hasta buen rollo.<\/span><\/p><p><span style=\"font-weight: 400;\">Prep\u00e1rate para <\/span><b>una escapada que combina marismas, senderos, canales, arrozales<\/b><span style=\"font-weight: 400;\"> y unos paisajes que merecen su propio filtro de Instagram, pero sin necesidad de aplicarlo. \u00a1Vamos a descubrir este lugar juntos!<\/span><\/p>\t\t\t\t\t\t\t\t<\/div>\n\t\t\t\t<\/div>\n\t\t\t\t\t<\/div>\n\t\t\t\t<\/div>\n\t\t<div class=\"elementor-element elementor-element-8239cd5 e-flex e-con-boxed e-con e-parent\" data-id=\"8239cd5\" data-element_type=\"container\" data-e-type=\"container\">\n\t\t\t\t\t<div class=\"e-con-inner\">\n\t\t\t\t<div class=\"elementor-element elementor-element-2ed001a8 elementor-widget elementor-widget-heading\" data-id=\"2ed001a8\" data-element_type=\"widget\" data-e-type=\"widget\" data-widget_type=\"heading.default\">\n\t\t\t\t<div class=\"elementor-widget-container\">\n\t\t\t\t\t<h2 class=\"elementor-heading-title elementor-size-default\">D\u00f3nde est\u00e1 y c\u00f3mo llegar al Parque Natural de la Marjal de Pego-Oliva\n<\/h2>\t\t\t\t<\/div>\n\t\t\t\t<\/div>\n\t\t\t\t<div class=\"elementor-element elementor-element-7a9b07e9 elementor-widget elementor-widget-text-editor\" data-id=\"7a9b07e9\" data-element_type=\"widget\" data-e-type=\"widget\" data-widget_type=\"text-editor.default\">\n\t\t\t\t<div class=\"elementor-widget-container\">\n\t\t\t\t\t\t\t\t\t<p><span style=\"font-weight: 400;\">La Marjal de Pego-Oliva se encuentra<\/span><b> entre Alicante y Valencia<\/b><span style=\"font-weight: 400;\">. M\u00e1s concretamente, entre las poblaciones de Pego (Alicante) y Oliva (Valencia). El parque ocupa unas <\/span><b>1.255 hect\u00e1reas<\/b><span style=\"font-weight: 400;\">, lo que significa que es m\u00e1s grande que muchos municipios espa\u00f1oles. All\u00ed caben arrozales, lagunas, ca\u00f1averales y hasta tus problemas existenciales, aunque se te olvidan con el paisaje.<\/span><\/p><p><span style=\"font-weight: 400;\">Llegar es facil. En coche puedes ir desde Valencia por la<\/span><b> AP-7 <\/b><span style=\"font-weight: 400;\">y coger la salida Oliva-Pego, y desde Alicante, tambi\u00e9n por la AP-7 en direcci\u00f3n norte. En caso de que vengas del interior tienes que coger la <\/span><b>N-332<\/b><span style=\"font-weight: 400;\">.<\/span><\/p><p><span style=\"font-weight: 400;\">Otra opci\u00f3n es ir en bus, hay<\/span><b> l\u00edneas hacia Oliva y Pego<\/b><span style=\"font-weight: 400;\">, aunque tendr\u00e1s que prepararte para caminar un poco m\u00e1s. Y si eres de los m\u00e1s deportistas tambi\u00e9n puedes ir en bicicleta.<\/span><\/p><p><span style=\"font-weight: 400;\">Nuestro consejo es que lleves el GPS, porque <\/span><b>perderse entre canales y arrozales puede ser muy po\u00e9tico<\/b><span style=\"font-weight: 400;\">, pero algo menos pr\u00e1ctico si tu idea era comer a la hora de siempre.<\/span><\/p>\t\t\t\t\t\t\t\t<\/div>\n\t\t\t\t<\/div>\n\t\t\t\t<div class=\"elementor-element elementor-element-5a09b5d elementor-widget elementor-widget-google_maps\" data-id=\"5a09b5d\" data-element_type=\"widget\" data-e-type=\"widget\" data-widget_type=\"google_maps.default\">\n\t\t\t\t<div class=\"elementor-widget-container\">\n\t\t\t\t\t\t\t<div class=\"elementor-custom-embed\">\n\t\t\t<iframe loading=\"lazy\"\n\t\t\t\t\tsrc=\"https:\/\/maps.google.com\/maps?q=Parque%20Natural%20de%20la%20Marjal%20de%20Pego-Oliva&#038;t=m&#038;z=10&#038;output=embed&#038;iwloc=near\"\n\t\t\t\t\ttitle=\"Parque Natural de la Marjal de Pego-Oliva\"\n\t\t\t\t\taria-label=\"Parque Natural de la Marjal de Pego-Oliva\"\n\t\t\t><\/iframe>\n\t\t<\/div>\n\t\t\t\t\t\t<\/div>\n\t\t\t\t<\/div>\n\t\t\t\t\t<\/div>\n\t\t\t\t<\/div>\n\t\t<div class=\"elementor-element elementor-element-43daa4ba e-flex e-con-boxed e-con e-parent\" data-id=\"43daa4ba\" data-element_type=\"container\" data-e-type=\"container\">\n\t\t\t\t\t<div class=\"e-con-inner\">\n\t\t\t\t<div class=\"elementor-element elementor-element-630b56d6 elementor-widget elementor-widget-heading\" data-id=\"630b56d6\" data-element_type=\"widget\" data-e-type=\"widget\" data-widget_type=\"heading.default\">\n\t\t\t\t<div class=\"elementor-widget-container\">\n\t\t\t\t\t<h2 class=\"elementor-heading-title elementor-size-default\">Todas estas rutas y senderos las puedes descubrir en la Marjal de Pego-Oliva \n<\/h2>\t\t\t\t<\/div>\n\t\t\t\t<\/div>\n\t\t\t\t<div class=\"elementor-element elementor-element-30b4cc22 elementor-widget elementor-widget-text-editor\" data-id=\"30b4cc22\" data-element_type=\"widget\" data-e-type=\"widget\" data-widget_type=\"text-editor.default\">\n\t\t\t\t<div class=\"elementor-widget-container\">\n\t\t\t\t\t\t\t\t\t<p><span style=\"font-weight: 400;\">El parque tiene<\/span><b> varias opciones para exploradores <\/b><span style=\"font-weight: 400;\">de todos los niveles:<\/span><\/p><p><span style=\"font-weight: 400;\">La <\/span><b>ruta del Samaria <\/b><span style=\"font-weight: 400;\">cuenta con unos 4 km en forma circular. Es apta para familias y es ideal para empezar con calma, ver aves y presumir de una foto con los arrozales de fondo. Otra opci\u00f3n sencilla es la <\/span><b>ruta del Azul<\/b><span style=\"font-weight: 400;\">, ya que ocupa unos 1,5 km que puedes hacer tranquilamente sin que nadie se queje.<\/span><\/p><p><span style=\"font-weight: 400;\">Pasando a algo m\u00e1s serio, te proponemos el <\/span><b>Sendero PR-V 58<\/b><span style=\"font-weight: 400;\">, un recorrido de 13 km\u00a0 que conecta Pego con los alrededores de la marjal, perfecta para los que quieren llegar sudados al arrozal horno despu\u00e9s.<\/span><\/p><p><span style=\"font-weight: 400;\">Una opci\u00f3n m\u00e1s diferente, son las <\/span><b>rutas en kayak<\/b><span style=\"font-weight: 400;\">, si te apetece remar entre ca\u00f1as, o<\/span><b> ir a pie por las acequias <\/b><span style=\"font-weight: 400;\">si prefieres sentirte como un explorador del Amazonas en una versi\u00f3n mediterr\u00e1nea.<\/span><\/p><p><span style=\"font-weight: 400;\">Lo mejor de todo esto, es que a parte de ser gratis, son saludables y <\/span><b>te dejan con las endorfinas por las nubes.<\/b><\/p>\t\t\t\t\t\t\t\t<\/div>\n\t\t\t\t<\/div>\n\t\t\t\t\t<\/div>\n\t\t\t\t<\/div>\n\t\t<div class=\"elementor-element elementor-element-214af82 e-flex e-con-boxed e-con e-parent\" data-id=\"214af82\" data-element_type=\"container\" data-e-type=\"container\">\n\t\t\t\t\t<div class=\"e-con-inner\">\n\t\t\t\t<div class=\"elementor-element elementor-element-e9e75ee elementor-widget elementor-widget-heading\" data-id=\"e9e75ee\" data-element_type=\"widget\" data-e-type=\"widget\" data-widget_type=\"heading.default\">\n\t\t\t\t<div class=\"elementor-widget-container\">\n\t\t\t\t\t<h2 class=\"elementor-heading-title elementor-size-default\">La flora, fauna y paisaje que hacen \u00fanica a la Marjal de Pego-Oliva\n<\/h2>\t\t\t\t<\/div>\n\t\t\t\t<\/div>\n\t\t\t\t<div class=\"elementor-element elementor-element-c0baa81 elementor-widget elementor-widget-text-editor\" data-id=\"c0baa81\" data-element_type=\"widget\" data-e-type=\"widget\" data-widget_type=\"text-editor.default\">\n\t\t\t\t<div class=\"elementor-widget-container\">\n\t\t\t\t\t\t\t\t\t<p><span style=\"font-weight: 400;\">Aqu\u00ed es donde la cosa se empieza a poner seria, pero tambi\u00e9n divertida, porque la Marjal es <\/span><b>un para\u00edso de la biodiversidad.<\/b><\/p><p><span style=\"font-weight: 400;\">Entre la fauna podr\u00e1s observar aves acu\u00e1ticas como garzas reales, patos coloridos, cormoranes, entre otras, pero las joyas de este paraje son las <\/span><b>cercetas pardillas<\/b><span style=\"font-weight: 400;\"> o el calam\u00f3n com\u00fan, un p\u00e1jaro que parece vestido de carnaval. Tambi\u00e9n hay anguilas, tencas y hasta <\/span><b>samarucs<\/b><span style=\"font-weight: 400;\">, unos peces end\u00e9micos que apenas existen en otros lugares.<\/span><\/p><p><span style=\"font-weight: 400;\">Respecto a la flora podr\u00e1s ver <\/span><b>eneas, carrizos, ca\u00f1averales y arrozales<\/b><span style=\"font-weight: 400;\"> que llenan de verde todo el paisaje. En verano, podr\u00e1s ver ese verde intenso, mientras que en oto\u00f1o, los tonos dorados parecen sacados de una pel\u00edcula.<\/span><\/p><p><span style=\"font-weight: 400;\">El paisaje es como el de esos estampados de pel\u00edcula donde se refleja el cielo en una <\/span><b>laguna rodeada de monta\u00f1as <\/b><span style=\"font-weight: 400;\">a lo lejos. Adem\u00e1s tienes el Mediterr\u00e1neo muy cerca, por lo que es la combinaci\u00f3n perfecta entre mar y monta\u00f1a.<\/span><\/p>\t\t\t\t\t\t\t\t<\/div>\n\t\t\t\t<\/div>\n\t\t\t\t<div class=\"elementor-element elementor-element-ee6e42f elementor-widget elementor-widget-image\" data-id=\"ee6e42f\" data-element_type=\"widget\" data-e-type=\"widget\" data-widget_type=\"image.default\">\n\t\t\t\t<div class=\"elementor-widget-container\">\n\t\t\t\t\t\t\t\t\t\t\t\t\t\t\t<img fetchpriority=\"high\" decoding=\"async\" width=\"1256\" height=\"697\" src=\"https:\/\/www.ontravelholidayrentals.com\/blog\/wp-content\/uploads\/2025\/09\/Marjal-de-Pego-Oliva.jpg\" class=\"attachment-full size-full wp-image-1131\" alt=\"Marjal-de-Pego-Oliva.jpg\" srcset=\"https:\/\/www.ontravelholidayrentals.com\/blog\/wp-content\/uploads\/2025\/09\/Marjal-de-Pego-Oliva.jpg 1256w, https:\/\/www.ontravelholidayrentals.com\/blog\/wp-content\/uploads\/2025\/09\/Marjal-de-Pego-Oliva-300x166.jpg 300w, https:\/\/www.ontravelholidayrentals.com\/blog\/wp-content\/uploads\/2025\/09\/Marjal-de-Pego-Oliva-1024x568.jpg 1024w, https:\/\/www.ontravelholidayrentals.com\/blog\/wp-content\/uploads\/2025\/09\/Marjal-de-Pego-Oliva-768x426.jpg 768w\" sizes=\"(max-width: 1256px) 100vw, 1256px\" \/>\t\t\t\t\t\t\t\t\t\t\t\t\t\t\t<\/div>\n\t\t\t\t<\/div>\n\t\t\t\t\t<\/div>\n\t\t\t\t<\/div>\n\t\t<div class=\"elementor-element elementor-element-a899955 e-flex e-con-boxed e-con e-parent\" data-id=\"a899955\" data-element_type=\"container\" data-e-type=\"container\">\n\t\t\t\t\t<div class=\"e-con-inner\">\n\t\t\t\t<div class=\"elementor-element elementor-element-485077f elementor-widget elementor-widget-heading\" data-id=\"485077f\" data-element_type=\"widget\" data-e-type=\"widget\" data-widget_type=\"heading.default\">\n\t\t\t\t<div class=\"elementor-widget-container\">\n\t\t\t\t\t<h2 class=\"elementor-heading-title elementor-size-default\">Apunta estas recomendaciones para visitar la Marjal de Pego-Oliva como un aut\u00e9ntico experto\n<\/h2>\t\t\t\t<\/div>\n\t\t\t\t<\/div>\n\t\t\t\t<div class=\"elementor-element elementor-element-89a320d elementor-widget elementor-widget-text-editor\" data-id=\"89a320d\" data-element_type=\"widget\" data-e-type=\"widget\" data-widget_type=\"text-editor.default\">\n\t\t\t\t<div class=\"elementor-widget-container\">\n\t\t\t\t\t\t\t\t\t<p><span style=\"font-weight: 400;\">Te recomendamos que visites este paraje<\/span><b> en primavera o en oto\u00f1o<\/b><span style=\"font-weight: 400;\">. No decimos que en verano no sea bonito, pero el calor junto con los mosquitos puede que no sean de tu agrado.<\/span><\/p><p><span style=\"font-weight: 400;\">Tambi\u00e9n es importante decir que nada de chanclas, a menos que tu misi\u00f3n sea resbalar, por eso es mejor un <\/span><b>calzado c\u00f3modo<\/b><span style=\"font-weight: 400;\">. Y es casi obligatorio llevar <\/span><b>prism\u00e1ticos<\/b><span style=\"font-weight: 400;\"> para poder ver bien todo lo que ofrece el lugar, sobre todo para ver a las aves.<\/span><\/p><p><span style=\"font-weight: 400;\">Es importante llevar <\/span><b>agua<\/b><span style=\"font-weight: 400;\"> y alg\u00fan tentempi\u00e9 porque las vistas alimentan, pero no tanto como un buen bocadillo.<\/span><\/p><p><span style=\"font-weight: 400;\">Y por \u00faltimo,<\/span><b> respeta el entorno<\/b><span style=\"font-weight: 400;\">, nada de arrancar flores ni dejar basura. Si los animales quisieran envoltorios de pl\u00e1stico, ya nos lo habr\u00edan pedido.<\/span><\/p>\t\t\t\t\t\t\t\t<\/div>\n\t\t\t\t<\/div>\n\t\t\t\t\t<\/div>\n\t\t\t\t<\/div>\n\t\t<div class=\"elementor-element elementor-element-9b88ad7 e-flex e-con-boxed e-con e-parent\" data-id=\"9b88ad7\" data-element_type=\"container\" data-e-type=\"container\">\n\t\t\t\t\t<div class=\"e-con-inner\">\n\t\t\t\t<div class=\"elementor-element elementor-element-f9a93b2 elementor-widget elementor-widget-heading\" data-id=\"f9a93b2\" data-element_type=\"widget\" data-e-type=\"widget\" data-widget_type=\"heading.default\">\n\t\t\t\t<div class=\"elementor-widget-container\">\n\t\t\t\t\t<h2 class=\"elementor-heading-title elementor-size-default\">\u00bfNo sabes qu\u00e9 hacer en los alrededores del Parque Natural de la Marjal de Pego-Oliva? Apunta estas ideas\n<\/h2>\t\t\t\t<\/div>\n\t\t\t\t<\/div>\n\t\t\t\t<div class=\"elementor-element elementor-element-1c7066f elementor-widget elementor-widget-text-editor\" data-id=\"1c7066f\" data-element_type=\"widget\" data-e-type=\"widget\" data-widget_type=\"text-editor.default\">\n\t\t\t\t<div class=\"elementor-widget-container\">\n\t\t\t\t\t\t\t\t\t<p><span style=\"font-weight: 400;\">La aventura no termina en la marjal, sino que tambi\u00e9n tienes muy cerca otros planes para todos los gustos.<\/span><\/p><p><span style=\"font-weight: 400;\">Existen pueblos como <\/span><b>Pego<\/b><span style=\"font-weight: 400;\">, un pueblo adorable con arroz al horno, croquetas caseras y alguna que otra ruta cultural, o<\/span><b> Oliva<\/b><span style=\"font-weight: 400;\">, un pueblo m\u00e1s mediterr\u00e1neo con playas kilom\u00e9tricas y dunas que parecen salidas de un cat\u00e1logo de viajes.<\/span><\/p><p><span style=\"font-weight: 400;\">Por otro lado, encontrar\u00e1s las <\/span><b>playas de Denia o Gand\u00eda<\/b><span style=\"font-weight: 400;\">, por si despu\u00e9s de tanta caminata te apetece un remoj\u00f3n. Y si todav\u00eda te apetece andar, las rutas de senderismo en la <\/span><b>Serra de Mostalla<\/b><span style=\"font-weight: 400;\"> o la <\/span><b>Serra de Gallinera <\/b><span style=\"font-weight: 400;\">son para ti.<\/span><\/p>\t\t\t\t\t\t\t\t<\/div>\n\t\t\t\t<\/div>\n\t\t\t\t<div class=\"elementor-element elementor-element-27aa5e7 elementor-widget elementor-widget-image\" data-id=\"27aa5e7\" data-element_type=\"widget\" data-e-type=\"widget\" data-widget_type=\"image.default\">\n\t\t\t\t<div class=\"elementor-widget-container\">\n\t\t\t\t\t\t\t\t\t\t\t\t\t\t\t<img decoding=\"async\" width=\"1673\" height=\"830\" src=\"https:\/\/www.ontravelholidayrentals.com\/blog\/wp-content\/uploads\/2025\/09\/Parque-Natural-de-la-Marjal-de-Pego-Oliva.jpg\" class=\"attachment-full size-full wp-image-1135\" alt=\"Parque-Natural-de-la-Marjal-de-Pego-Oliva.jpg\" srcset=\"https:\/\/www.ontravelholidayrentals.com\/blog\/wp-content\/uploads\/2025\/09\/Parque-Natural-de-la-Marjal-de-Pego-Oliva.jpg 1673w, https:\/\/www.ontravelholidayrentals.com\/blog\/wp-content\/uploads\/2025\/09\/Parque-Natural-de-la-Marjal-de-Pego-Oliva-300x149.jpg 300w, https:\/\/www.ontravelholidayrentals.com\/blog\/wp-content\/uploads\/2025\/09\/Parque-Natural-de-la-Marjal-de-Pego-Oliva-1024x508.jpg 1024w, https:\/\/www.ontravelholidayrentals.com\/blog\/wp-content\/uploads\/2025\/09\/Parque-Natural-de-la-Marjal-de-Pego-Oliva-768x381.jpg 768w, https:\/\/www.ontravelholidayrentals.com\/blog\/wp-content\/uploads\/2025\/09\/Parque-Natural-de-la-Marjal-de-Pego-Oliva-1536x762.jpg 1536w\" sizes=\"(max-width: 1673px) 100vw, 1673px\" \/>\t\t\t\t\t\t\t\t\t\t\t\t\t\t\t<\/div>\n\t\t\t\t<\/div>\n\t\t\t\t\t<\/div>\n\t\t\t\t<\/div>\n\t\t<div class=\"elementor-element elementor-element-afe4022 e-flex e-con-boxed e-con e-parent\" data-id=\"afe4022\" data-element_type=\"container\" data-e-type=\"container\">\n\t\t\t\t\t<div class=\"e-con-inner\">\n\t\t\t\t<div class=\"elementor-element elementor-element-b31934c elementor-widget elementor-widget-heading\" data-id=\"b31934c\" data-element_type=\"widget\" data-e-type=\"widget\" data-widget_type=\"heading.default\">\n\t\t\t\t<div class=\"elementor-widget-container\">\n\t\t\t\t\t<h2 class=\"elementor-heading-title elementor-size-default\">Estos son los motivos para enamorarte de la Marjal de Pego-Oliva<\/h2>\t\t\t\t<\/div>\n\t\t\t\t<\/div>\n\t\t\t\t<div class=\"elementor-element elementor-element-0b00182 elementor-widget elementor-widget-text-editor\" data-id=\"0b00182\" data-element_type=\"widget\" data-e-type=\"widget\" data-widget_type=\"text-editor.default\">\n\t\t\t\t<div class=\"elementor-widget-container\">\n\t\t\t\t\t\t\t\t\t<p><span style=\"font-weight: 400;\">Si todav\u00eda sigues dudando si preparar una escapada a este sitio, <strong>vamos a convencerte.<\/strong><\/span><\/p><p><span style=\"font-weight: 400;\">Encontrar\u00e1s<\/span><b> paisajes de postal <\/b><span style=\"font-weight: 400;\">en 360\u00ba, ya que estar\u00e1s rodeado de monta\u00f1as, del mar y a tus pies se encontrar\u00e1n las marismas. Adem\u00e1s si eres un amante de la naturaleza, este es un festival de aves, <\/span><b>peces y flora que cambia en cada estaci\u00f3n<\/b><span style=\"font-weight: 400;\">, por lo que puedes ir varias veces al a\u00f1o y hacerte experto.<\/span><\/p><p><span style=\"font-weight: 400;\">Las <\/span><b>rutas son f\u00e1ciles <\/b><span style=\"font-weight: 400;\">y te ayudar\u00e1n a desconectar del m\u00f3vil y de todo ese estr\u00e9s que llevas contigo el resto del a\u00f1o. Aunque en el caso de que quieras hacer alguna foto para instagram si puedes sacarlo.<\/span><\/p><p><span style=\"font-weight: 400;\">La <\/span><b>cultura y la gastronom\u00eda<\/b><span style=\"font-weight: 400;\"> no te va a defraudar con sus platos t\u00edpicos como el arroz bomba, el fideu\u00e1 o la paella, que te aseguramos que saben mejor despu\u00e9s de un d\u00eda de senderismo.<\/span><\/p><p><span style=\"font-weight: 400;\">Por \u00faltimo, la mejor manera de enamorarse de la zona es teniendo un alojamiento a la altura de tus necesidades. Para esto, <\/span><b>no dudes en contactar con nosotros y reservar tu alojamiento en Oliva.<\/b><span style=\"font-weight: 400;\"> \u00a1Te estamos esperando!<\/span><\/p>\t\t\t\t\t\t\t\t<\/div>\n\t\t\t\t<\/div>\n\t\t\t\t\t<\/div>\n\t\t\t\t<\/div>\n\t\t<div class=\"elementor-element elementor-element-2574042e e-flex e-con-boxed e-con e-parent\" data-id=\"2574042e\" data-element_type=\"container\" data-e-type=\"container\">\n\t\t\t\t\t<div class=\"e-con-inner\">\n\t\t\t\t\t<\/div>\n\t\t\t\t<\/div>\n\t\t\t\t<\/div>\n\t\t","protected":false},"excerpt":{"rendered":"<p>Si pensabas que lo hab\u00edas visto todo entre las playas del Mediterr\u00e1neo y las sierras de Alicante y Valencia, espera a descubrir la Marjal de Pego-Oliva. Este parque natural es como ese amigo que lo tiene todo desde belleza y misterio, hasta buen rollo. Prep\u00e1rate para una escapada que combina marismas, senderos, canales, arrozales y [&hellip;]<\/p>\n","protected":false},"author":4,"featured_media":1139,"comment_status":"open","ping_status":"open","sticky":false,"template":"","format":"standard","meta":{"footnotes":""},"categories":[18],"tags":[70],"class_list":["post-1096","post","type-post","status-publish","format-standard","has-post-thumbnail","hentry","category-oliva","tag-no-template"],"yoast_head":"<!-- This site is optimized with the Yoast SEO plugin v25.2 - https:\/\/yoast.com\/wordpress\/plugins\/seo\/ -->\n<title>Parque Natural de la Marjal de Pego-Oliva - Blog<\/title>\n<meta name=\"description\" content=\"Explora el Parque Natural de la Marjal de Pego-Oliva y conecta con la naturaleza valenciana en tus vacaciones por la costa.\" \/>\n<meta name=\"robots\" content=\"index, follow, max-snippet:-1, max-image-preview:large, max-video-preview:-1\" \/>\n<link rel=\"canonical\" href=\"https:\/\/www.ontravelholidayrentals.com\/blog\/parque-natural-marjal-pego-oliva\/\" \/>\n<meta property=\"og:locale\" content=\"es_ES\" \/>\n<meta property=\"og:type\" content=\"article\" \/>\n<meta property=\"og:title\" content=\"Parque Natural de la Marjal de Pego-Oliva - Blog\" \/>\n<meta property=\"og:description\" content=\"Explora el Parque Natural de la Marjal de Pego-Oliva y conecta con la naturaleza valenciana en tus vacaciones por la costa.\" \/>\n<meta property=\"og:url\" content=\"https:\/\/www.ontravelholidayrentals.com\/blog\/parque-natural-marjal-pego-oliva\/\" \/>\n<meta property=\"og:site_name\" content=\"Blog\" \/>\n<meta property=\"article:published_time\" content=\"2025-09-08T11:43:15+00:00\" \/>\n<meta property=\"article:modified_time\" content=\"2026-03-12T10:53:47+00:00\" \/>\n<meta property=\"og:image\" content=\"https:\/\/www.ontravelholidayrentals.com\/blog\/wp-content\/uploads\/2025\/09\/Parque-Natural-Marjal-de-Pego-Oliva.jpg\" \/>\n\t<meta property=\"og:image:width\" content=\"1257\" \/>\n\t<meta property=\"og:image:height\" content=\"707\" \/>\n\t<meta property=\"og:image:type\" content=\"image\/jpeg\" \/>\n<meta name=\"author\" content=\"Axel\" \/>\n<meta name=\"twitter:card\" content=\"summary_large_image\" \/>\n<meta name=\"twitter:label1\" content=\"Escrito por\" \/>\n\t<meta name=\"twitter:data1\" content=\"Axel\" \/>\n\t<meta name=\"twitter:label2\" content=\"Tiempo de lectura\" \/>\n\t<meta name=\"twitter:data2\" content=\"6 minutos\" \/>\n<script type=\"application\/ld+json\" class=\"yoast-schema-graph\">{\"@context\":\"https:\/\/schema.org\",\"@graph\":[{\"@type\":\"Article\",\"@id\":\"https:\/\/www.ontravelholidayrentals.com\/blog\/parque-natural-marjal-pego-oliva\/#article\",\"isPartOf\":{\"@id\":\"https:\/\/www.ontravelholidayrentals.com\/blog\/parque-natural-marjal-pego-oliva\/\"},\"author\":{\"name\":\"Axel\",\"@id\":\"https:\/\/www.ontravelholidayrentals.com\/blog\/#\/schema\/person\/907601cb91b08af60b0fec9e629a4883\"},\"headline\":\"Parque Natural de la Marjal de Pego-Oliva: un tesoro entre mar y monta\u00f1a\",\"datePublished\":\"2025-09-08T11:43:15+00:00\",\"dateModified\":\"2026-03-12T10:53:47+00:00\",\"mainEntityOfPage\":{\"@id\":\"https:\/\/www.ontravelholidayrentals.com\/blog\/parque-natural-marjal-pego-oliva\/\"},\"wordCount\":1121,\"commentCount\":0,\"publisher\":{\"@id\":\"https:\/\/www.ontravelholidayrentals.com\/blog\/#organization\"},\"image\":{\"@id\":\"https:\/\/www.ontravelholidayrentals.com\/blog\/parque-natural-marjal-pego-oliva\/#primaryimage\"},\"thumbnailUrl\":\"https:\/\/www.ontravelholidayrentals.com\/blog\/wp-content\/uploads\/2025\/09\/Parque-Natural-Marjal-de-Pego-Oliva.jpg\",\"keywords\":[\"no template\"],\"articleSection\":[\"Oliva\"],\"inLanguage\":\"es\",\"potentialAction\":[{\"@type\":\"CommentAction\",\"name\":\"Comment\",\"target\":[\"https:\/\/www.ontravelholidayrentals.com\/blog\/parque-natural-marjal-pego-oliva\/#respond\"]}]},{\"@type\":\"WebPage\",\"@id\":\"https:\/\/www.ontravelholidayrentals.com\/blog\/parque-natural-marjal-pego-oliva\/\",\"url\":\"https:\/\/www.ontravelholidayrentals.com\/blog\/parque-natural-marjal-pego-oliva\/\",\"name\":\"Parque Natural de la Marjal de Pego-Oliva - Blog\",\"isPartOf\":{\"@id\":\"https:\/\/www.ontravelholidayrentals.com\/blog\/#website\"},\"primaryImageOfPage\":{\"@id\":\"https:\/\/www.ontravelholidayrentals.com\/blog\/parque-natural-marjal-pego-oliva\/#primaryimage\"},\"image\":{\"@id\":\"https:\/\/www.ontravelholidayrentals.com\/blog\/parque-natural-marjal-pego-oliva\/#primaryimage\"},\"thumbnailUrl\":\"https:\/\/www.ontravelholidayrentals.com\/blog\/wp-content\/uploads\/2025\/09\/Parque-Natural-Marjal-de-Pego-Oliva.jpg\",\"datePublished\":\"2025-09-08T11:43:15+00:00\",\"dateModified\":\"2026-03-12T10:53:47+00:00\",\"description\":\"Explora el Parque Natural de la Marjal de Pego-Oliva y conecta con la naturaleza valenciana en tus vacaciones por la costa.\",\"breadcrumb\":{\"@id\":\"https:\/\/www.ontravelholidayrentals.com\/blog\/parque-natural-marjal-pego-oliva\/#breadcrumb\"},\"inLanguage\":\"es\",\"potentialAction\":[{\"@type\":\"ReadAction\",\"target\":[\"https:\/\/www.ontravelholidayrentals.com\/blog\/parque-natural-marjal-pego-oliva\/\"]}]},{\"@type\":\"ImageObject\",\"inLanguage\":\"es\",\"@id\":\"https:\/\/www.ontravelholidayrentals.com\/blog\/parque-natural-marjal-pego-oliva\/#primaryimage\",\"url\":\"https:\/\/www.ontravelholidayrentals.com\/blog\/wp-content\/uploads\/2025\/09\/Parque-Natural-Marjal-de-Pego-Oliva.jpg\",\"contentUrl\":\"https:\/\/www.ontravelholidayrentals.com\/blog\/wp-content\/uploads\/2025\/09\/Parque-Natural-Marjal-de-Pego-Oliva.jpg\",\"width\":1257,\"height\":707,\"caption\":\"Parque-Natural-Marjal-de-Pego-Oliva.jpg\"},{\"@type\":\"BreadcrumbList\",\"@id\":\"https:\/\/www.ontravelholidayrentals.com\/blog\/parque-natural-marjal-pego-oliva\/#breadcrumb\",\"itemListElement\":[{\"@type\":\"ListItem\",\"position\":1,\"name\":\"Portada\",\"item\":\"https:\/\/www.ontravelholidayrentals.com\/blog\/\"},{\"@type\":\"ListItem\",\"position\":2,\"name\":\"Parque Natural de la Marjal de Pego-Oliva: un tesoro entre mar y monta\u00f1a\"}]},{\"@type\":\"WebSite\",\"@id\":\"https:\/\/www.ontravelholidayrentals.com\/blog\/#website\",\"url\":\"https:\/\/www.ontravelholidayrentals.com\/blog\/\",\"name\":\"Blog\",\"description\":\"Ontravelholidayrentals\",\"publisher\":{\"@id\":\"https:\/\/www.ontravelholidayrentals.com\/blog\/#organization\"},\"potentialAction\":[{\"@type\":\"SearchAction\",\"target\":{\"@type\":\"EntryPoint\",\"urlTemplate\":\"https:\/\/www.ontravelholidayrentals.com\/blog\/?s={search_term_string}\"},\"query-input\":{\"@type\":\"PropertyValueSpecification\",\"valueRequired\":true,\"valueName\":\"search_term_string\"}}],\"inLanguage\":\"es\"},{\"@type\":\"Organization\",\"@id\":\"https:\/\/www.ontravelholidayrentals.com\/blog\/#organization\",\"name\":\"Blog\",\"url\":\"https:\/\/www.ontravelholidayrentals.com\/blog\/\",\"logo\":{\"@type\":\"ImageObject\",\"inLanguage\":\"es\",\"@id\":\"https:\/\/www.ontravelholidayrentals.com\/blog\/#\/schema\/logo\/image\/\",\"url\":\"https:\/\/www.ontravelholidayrentals.com\/blog\/wp-content\/uploads\/2025\/02\/logo-oliva-nova.webp\",\"contentUrl\":\"https:\/\/www.ontravelholidayrentals.com\/blog\/wp-content\/uploads\/2025\/02\/logo-oliva-nova.webp\",\"width\":2454,\"height\":875,\"caption\":\"Blog\"},\"image\":{\"@id\":\"https:\/\/www.ontravelholidayrentals.com\/blog\/#\/schema\/logo\/image\/\"}},{\"@type\":\"Person\",\"@id\":\"https:\/\/www.ontravelholidayrentals.com\/blog\/#\/schema\/person\/907601cb91b08af60b0fec9e629a4883\",\"name\":\"Axel\",\"image\":{\"@type\":\"ImageObject\",\"inLanguage\":\"es\",\"@id\":\"https:\/\/www.ontravelholidayrentals.com\/blog\/#\/schema\/person\/image\/\",\"url\":\"https:\/\/secure.gravatar.com\/avatar\/3bd706736e5b70f21f05f6c2d5cad746767782a4ba4b7df399c5969e2a9318fd?s=96&d=mm&r=g\",\"contentUrl\":\"https:\/\/secure.gravatar.com\/avatar\/3bd706736e5b70f21f05f6c2d5cad746767782a4ba4b7df399c5969e2a9318fd?s=96&d=mm&r=g\",\"caption\":\"Axel\"},\"url\":\"https:\/\/www.ontravelholidayrentals.com\/blog\/author\/axel\/\"}]}<\/script>\n<!-- \/ Yoast SEO plugin. -->","yoast_head_json":{"title":"Parque Natural de la Marjal de Pego-Oliva - Blog","description":"Explora el Parque Natural de la Marjal de Pego-Oliva y conecta con la naturaleza valenciana en tus vacaciones por la costa.","robots":{"index":"index","follow":"follow","max-snippet":"max-snippet:-1","max-image-preview":"max-image-preview:large","max-video-preview":"max-video-preview:-1"},"canonical":"https:\/\/www.ontravelholidayrentals.com\/blog\/parque-natural-marjal-pego-oliva\/","og_locale":"es_ES","og_type":"article","og_title":"Parque Natural de la Marjal de Pego-Oliva - Blog","og_description":"Explora el Parque Natural de la Marjal de Pego-Oliva y conecta con la naturaleza valenciana en tus vacaciones por la costa.","og_url":"https:\/\/www.ontravelholidayrentals.com\/blog\/parque-natural-marjal-pego-oliva\/","og_site_name":"Blog","article_published_time":"2025-09-08T11:43:15+00:00","article_modified_time":"2026-03-12T10:53:47+00:00","og_image":[{"width":1257,"height":707,"url":"https:\/\/www.ontravelholidayrentals.com\/blog\/wp-content\/uploads\/2025\/09\/Parque-Natural-Marjal-de-Pego-Oliva.jpg","type":"image\/jpeg"}],"author":"Axel","twitter_card":"summary_large_image","twitter_misc":{"Escrito por":"Axel","Tiempo de lectura":"6 minutos"},"schema":{"@context":"https:\/\/schema.org","@graph":[{"@type":"Article","@id":"https:\/\/www.ontravelholidayrentals.com\/blog\/parque-natural-marjal-pego-oliva\/#article","isPartOf":{"@id":"https:\/\/www.ontravelholidayrentals.com\/blog\/parque-natural-marjal-pego-oliva\/"},"author":{"name":"Axel","@id":"https:\/\/www.ontravelholidayrentals.com\/blog\/#\/schema\/person\/907601cb91b08af60b0fec9e629a4883"},"headline":"Parque Natural de la Marjal de Pego-Oliva: un tesoro entre mar y monta\u00f1a","datePublished":"2025-09-08T11:43:15+00:00","dateModified":"2026-03-12T10:53:47+00:00","mainEntityOfPage":{"@id":"https:\/\/www.ontravelholidayrentals.com\/blog\/parque-natural-marjal-pego-oliva\/"},"wordCount":1121,"commentCount":0,"publisher":{"@id":"https:\/\/www.ontravelholidayrentals.com\/blog\/#organization"},"image":{"@id":"https:\/\/www.ontravelholidayrentals.com\/blog\/parque-natural-marjal-pego-oliva\/#primaryimage"},"thumbnailUrl":"https:\/\/www.ontravelholidayrentals.com\/blog\/wp-content\/uploads\/2025\/09\/Parque-Natural-Marjal-de-Pego-Oliva.jpg","keywords":["no template"],"articleSection":["Oliva"],"inLanguage":"es","potentialAction":[{"@type":"CommentAction","name":"Comment","target":["https:\/\/www.ontravelholidayrentals.com\/blog\/parque-natural-marjal-pego-oliva\/#respond"]}]},{"@type":"WebPage","@id":"https:\/\/www.ontravelholidayrentals.com\/blog\/parque-natural-marjal-pego-oliva\/","url":"https:\/\/www.ontravelholidayrentals.com\/blog\/parque-natural-marjal-pego-oliva\/","name":"Parque Natural de la Marjal de Pego-Oliva - Blog","isPartOf":{"@id":"https:\/\/www.ontravelholidayrentals.com\/blog\/#website"},"primaryImageOfPage":{"@id":"https:\/\/www.ontravelholidayrentals.com\/blog\/parque-natural-marjal-pego-oliva\/#primaryimage"},"image":{"@id":"https:\/\/www.ontravelholidayrentals.com\/blog\/parque-natural-marjal-pego-oliva\/#primaryimage"},"thumbnailUrl":"https:\/\/www.ontravelholidayrentals.com\/blog\/wp-content\/uploads\/2025\/09\/Parque-Natural-Marjal-de-Pego-Oliva.jpg","datePublished":"2025-09-08T11:43:15+00:00","dateModified":"2026-03-12T10:53:47+00:00","description":"Explora el Parque Natural de la Marjal de Pego-Oliva y conecta con la naturaleza valenciana en tus vacaciones por la costa.","breadcrumb":{"@id":"https:\/\/www.ontravelholidayrentals.com\/blog\/parque-natural-marjal-pego-oliva\/#breadcrumb"},"inLanguage":"es","potentialAction":[{"@type":"ReadAction","target":["https:\/\/www.ontravelholidayrentals.com\/blog\/parque-natural-marjal-pego-oliva\/"]}]},{"@type":"ImageObject","inLanguage":"es","@id":"https:\/\/www.ontravelholidayrentals.com\/blog\/parque-natural-marjal-pego-oliva\/#primaryimage","url":"https:\/\/www.ontravelholidayrentals.com\/blog\/wp-content\/uploads\/2025\/09\/Parque-Natural-Marjal-de-Pego-Oliva.jpg","contentUrl":"https:\/\/www.ontravelholidayrentals.com\/blog\/wp-content\/uploads\/2025\/09\/Parque-Natural-Marjal-de-Pego-Oliva.jpg","width":1257,"height":707,"caption":"Parque-Natural-Marjal-de-Pego-Oliva.jpg"},{"@type":"BreadcrumbList","@id":"https:\/\/www.ontravelholidayrentals.com\/blog\/parque-natural-marjal-pego-oliva\/#breadcrumb","itemListElement":[{"@type":"ListItem","position":1,"name":"Portada","item":"https:\/\/www.ontravelholidayrentals.com\/blog\/"},{"@type":"ListItem","position":2,"name":"Parque Natural de la Marjal de Pego-Oliva: un tesoro entre mar y monta\u00f1a"}]},{"@type":"WebSite","@id":"https:\/\/www.ontravelholidayrentals.com\/blog\/#website","url":"https:\/\/www.ontravelholidayrentals.com\/blog\/","name":"Blog","description":"Ontravelholidayrentals","publisher":{"@id":"https:\/\/www.ontravelholidayrentals.com\/blog\/#organization"},"potentialAction":[{"@type":"SearchAction","target":{"@type":"EntryPoint","urlTemplate":"https:\/\/www.ontravelholidayrentals.com\/blog\/?s={search_term_string}"},"query-input":{"@type":"PropertyValueSpecification","valueRequired":true,"valueName":"search_term_string"}}],"inLanguage":"es"},{"@type":"Organization","@id":"https:\/\/www.ontravelholidayrentals.com\/blog\/#organization","name":"Blog","url":"https:\/\/www.ontravelholidayrentals.com\/blog\/","logo":{"@type":"ImageObject","inLanguage":"es","@id":"https:\/\/www.ontravelholidayrentals.com\/blog\/#\/schema\/logo\/image\/","url":"https:\/\/www.ontravelholidayrentals.com\/blog\/wp-content\/uploads\/2025\/02\/logo-oliva-nova.webp","contentUrl":"https:\/\/www.ontravelholidayrentals.com\/blog\/wp-content\/uploads\/2025\/02\/logo-oliva-nova.webp","width":2454,"height":875,"caption":"Blog"},"image":{"@id":"https:\/\/www.ontravelholidayrentals.com\/blog\/#\/schema\/logo\/image\/"}},{"@type":"Person","@id":"https:\/\/www.ontravelholidayrentals.com\/blog\/#\/schema\/person\/907601cb91b08af60b0fec9e629a4883","name":"Axel","image":{"@type":"ImageObject","inLanguage":"es","@id":"https:\/\/www.ontravelholidayrentals.com\/blog\/#\/schema\/person\/image\/","url":"https:\/\/secure.gravatar.com\/avatar\/3bd706736e5b70f21f05f6c2d5cad746767782a4ba4b7df399c5969e2a9318fd?s=96&d=mm&r=g","contentUrl":"https:\/\/secure.gravatar.com\/avatar\/3bd706736e5b70f21f05f6c2d5cad746767782a4ba4b7df399c5969e2a9318fd?s=96&d=mm&r=g","caption":"Axel"},"url":"https:\/\/www.ontravelholidayrentals.com\/blog\/author\/axel\/"}]}},"_links":{"self":[{"href":"https:\/\/www.ontravelholidayrentals.com\/blog\/wp-json\/wp\/v2\/posts\/1096","targetHints":{"allow":["GET"]}}],"collection":[{"href":"https:\/\/www.ontravelholidayrentals.com\/blog\/wp-json\/wp\/v2\/posts"}],"about":[{"href":"https:\/\/www.ontravelholidayrentals.com\/blog\/wp-json\/wp\/v2\/types\/post"}],"author":[{"embeddable":true,"href":"https:\/\/www.ontravelholidayrentals.com\/blog\/wp-json\/wp\/v2\/users\/4"}],"replies":[{"embeddable":true,"href":"https:\/\/www.ontravelholidayrentals.com\/blog\/wp-json\/wp\/v2\/comments?post=1096"}],"version-history":[{"count":19,"href":"https:\/\/www.ontravelholidayrentals.com\/blog\/wp-json\/wp\/v2\/posts\/1096\/revisions"}],"predecessor-version":[{"id":1221,"href":"https:\/\/www.ontravelholidayrentals.com\/blog\/wp-json\/wp\/v2\/posts\/1096\/revisions\/1221"}],"wp:featuredmedia":[{"embeddable":true,"href":"https:\/\/www.ontravelholidayrentals.com\/blog\/wp-json\/wp\/v2\/media\/1139"}],"wp:attachment":[{"href":"https:\/\/www.ontravelholidayrentals.com\/blog\/wp-json\/wp\/v2\/media?parent=1096"}],"wp:term":[{"taxonomy":"category","embeddable":true,"href":"https:\/\/www.ontravelholidayrentals.com\/blog\/wp-json\/wp\/v2\/categories?post=1096"},{"taxonomy":"post_tag","embeddable":true,"href":"https:\/\/www.ontravelholidayrentals.com\/blog\/wp-json\/wp\/v2\/tags?post=1096"}],"curies":[{"name":"wp","href":"https:\/\/api.w.org\/{rel}","templated":true}]}}