{"id":1040,"date":"2025-08-22T10:56:13","date_gmt":"2025-08-22T10:56:13","guid":{"rendered":"https:\/\/www.ontravelholidayrentals.com\/blog\/?p=1040"},"modified":"2026-03-12T10:53:48","modified_gmt":"2026-03-12T10:53:48","slug":"la-cala-baladrar-ambiente-tranquilo-e-ideal-para-tu-proxima-escapada","status":"publish","type":"post","link":"https:\/\/www.ontravelholidayrentals.com\/blog\/la-cala-baladrar-ambiente-tranquilo-e-ideal-para-tu-proxima-escapada\/","title":{"rendered":"La Cala Baladrar. Ambiente tranquilo e ideal para tu pr\u00f3xima escapada.\u00a0"},"content":{"rendered":"\t\t<div data-elementor-type=\"wp-post\" data-elementor-id=\"1040\" class=\"elementor elementor-1040\" data-elementor-post-type=\"post\">\n\t\t\t\t<div class=\"elementor-element elementor-element-67276780 e-flex e-con-boxed e-con e-parent\" data-id=\"67276780\" data-element_type=\"container\" data-e-type=\"container\" data-settings=\"{&quot;background_background&quot;:&quot;classic&quot;}\">\n\t\t\t\t\t<div class=\"e-con-inner\">\n\t\t\t\t<div class=\"elementor-element elementor-element-5a0fc553 elementor-widget elementor-widget-heading\" data-id=\"5a0fc553\" data-element_type=\"widget\" data-e-type=\"widget\" data-widget_type=\"heading.default\">\n\t\t\t\t<div class=\"elementor-widget-container\">\n\t\t\t\t\t<h1 class=\"elementor-heading-title elementor-size-default\">La Cala Baladrar. Ambiente tranquilo e ideal para tu pr\u00f3xima escapada.\u00a0<\/h1>\t\t\t\t<\/div>\n\t\t\t\t<\/div>\n\t\t\t\t\t<\/div>\n\t\t\t\t<\/div>\n\t\t<div class=\"elementor-element elementor-element-f50cd8c e-flex e-con-boxed e-con e-parent\" data-id=\"f50cd8c\" data-element_type=\"container\" data-e-type=\"container\">\n\t\t\t\t\t<div class=\"e-con-inner\">\n\t\t\t\t<div class=\"elementor-element elementor-element-30606b3b elementor-widget elementor-widget-text-editor\" data-id=\"30606b3b\" data-element_type=\"widget\" data-e-type=\"widget\" data-widget_type=\"text-editor.default\">\n\t\t\t\t<div class=\"elementor-widget-container\">\n\t\t\t\t\t\t\t\t\t<p><span style=\"font-weight: 400;\">Imagina que tu pr\u00f3xima escapada fuese a<\/span><b> un lugar donde el azul del Mediterr\u00e1neo se funde con la tranquilidad<\/b><span style=\"font-weight: 400;\">, donde puedes comer al aire libre bajo la sombra de unos pinos y tu mayor preocupaci\u00f3n sea recordar ponerte el protector solar.\u00a0<\/span><\/p><p><span style=\"font-weight: 400;\">Pues no. Tenemos la buena noticia de que esto no es un sue\u00f1o. Que s\u00ed, que existe de verdad. Es la <\/span><b>Cala Baladrar, la joya de Benissa<\/b><span style=\"font-weight: 400;\">, la cual queremos que conozcas hoy en On Travel. \u00a1Sigue leyendo!<\/span><\/p>\t\t\t\t\t\t\t\t<\/div>\n\t\t\t\t<\/div>\n\t\t\t\t\t<\/div>\n\t\t\t\t<\/div>\n\t\t<div class=\"elementor-element elementor-element-3f349405 e-flex e-con-boxed e-con e-parent\" data-id=\"3f349405\" data-element_type=\"container\" data-e-type=\"container\">\n\t\t\t\t\t<div class=\"e-con-inner\">\n\t\t\t\t<div class=\"elementor-element elementor-element-1f0afba elementor-widget elementor-widget-table-of-contents\" data-id=\"1f0afba\" data-element_type=\"widget\" data-e-type=\"widget\" data-settings=\"{&quot;headings_by_tags&quot;:[&quot;h2&quot;,&quot;h3&quot;],&quot;exclude_headings_by_selector&quot;:[],&quot;marker_view&quot;:&quot;bullets&quot;,&quot;icon&quot;:{&quot;value&quot;:&quot;&quot;,&quot;library&quot;:&quot;&quot;},&quot;no_headings_message&quot;:&quot;No headings were found on this page.&quot;,&quot;hierarchical_view&quot;:&quot;yes&quot;,&quot;min_height&quot;:{&quot;unit&quot;:&quot;px&quot;,&quot;size&quot;:&quot;&quot;,&quot;sizes&quot;:[]},&quot;min_height_tablet&quot;:{&quot;unit&quot;:&quot;px&quot;,&quot;size&quot;:&quot;&quot;,&quot;sizes&quot;:[]},&quot;min_height_mobile&quot;:{&quot;unit&quot;:&quot;px&quot;,&quot;size&quot;:&quot;&quot;,&quot;sizes&quot;:[]}}\" data-widget_type=\"table-of-contents.default\">\n\t\t\t\t<div class=\"elementor-widget-container\">\n\t\t\t\t\t\t\t\t\t<div class=\"elementor-toc__header\">\n\t\t\t\t\t\t<div class=\"elementor-toc__header-title\">\n\t\t\t\t\u00cdndice\t\t\t<\/div>\n\t\t\t\t\t\t\t\t<\/div>\n\t\t\t\t<div id=\"elementor-toc__1f0afba\" class=\"elementor-toc__body\">\n\t\t\t<div class=\"elementor-toc__spinner-container\">\n\t\t\t\t<svg class=\"elementor-toc__spinner eicon-animation-spin e-font-icon-svg e-eicon-loading\" aria-hidden=\"true\" viewBox=\"0 0 1000 1000\" xmlns=\"http:\/\/www.w3.org\/2000\/svg\"><path d=\"M500 975V858C696 858 858 696 858 500S696 142 500 142 142 304 142 500H25C25 237 238 25 500 25S975 237 975 500 763 975 500 975Z\"><\/path><\/svg>\t\t\t<\/div>\n\t\t<\/div>\n\t\t\t\t\t\t<\/div>\n\t\t\t\t<\/div>\n\t\t\t\t\t<\/div>\n\t\t\t\t<\/div>\n\t\t<div class=\"elementor-element elementor-element-7082154b e-flex e-con-boxed e-con e-parent\" data-id=\"7082154b\" data-element_type=\"container\" data-e-type=\"container\">\n\t\t\t\t\t<div class=\"e-con-inner\">\n\t\t\t\t<div class=\"elementor-element elementor-element-4fb8d554 elementor-widget elementor-widget-heading\" data-id=\"4fb8d554\" data-element_type=\"widget\" data-e-type=\"widget\" data-widget_type=\"heading.default\">\n\t\t\t\t<div class=\"elementor-widget-container\">\n\t\t\t\t\t<h2 class=\"elementor-heading-title elementor-size-default\">As\u00ed es como puedes llegar a Cala Baladrar f\u00e1cilmente\n<\/h2>\t\t\t\t<\/div>\n\t\t\t\t<\/div>\n\t\t\t\t<div class=\"elementor-element elementor-element-2544fecc elementor-widget elementor-widget-text-editor\" data-id=\"2544fecc\" data-element_type=\"widget\" data-e-type=\"widget\" data-widget_type=\"text-editor.default\">\n\t\t\t\t<div class=\"elementor-widget-container\">\n\t\t\t\t\t\t\t\t\t<p><span style=\"font-weight: 400;\">Llegar a la Cala Baladrar es tan f\u00e1cil como perder las llaves del coche en la arena, pero tranquilo, aqu\u00ed la playa es de piedras. Este para\u00edso se encuentra<\/span><b> entre las localidades de Calpe y Moraira<\/b><span style=\"font-weight: 400;\">, en la provincia de Alicante, en plena Costa Blanca.<\/span><\/p><p><span style=\"font-weight: 400;\">Si vienes desde Moraira, tienes que coger la <\/span><b>carretera CV-746<\/b><span style=\"font-weight: 400;\"> en direcci\u00f3n sur; si tu ruta arranca en Calpe, lo mismo pero al rev\u00e9s. Ver\u00e1s se\u00f1ales que indican el <\/span><b>desv\u00edo a la cala entre los kil\u00f3metros 7 y 8<\/b><span style=\"font-weight: 400;\">. No te pases el cartel, que si no, puede que acabes en una cala distinta.<\/span><\/p><p><span style=\"font-weight: 400;\">Tras el desv\u00edo, encontrar\u00e1s un peque\u00f1o <\/span><b>aparcamiento de unas 20 plazas<\/b><span style=\"font-weight: 400;\">. Si llegas en temporada alta, puede que encuentres dificultades para aparcar, as\u00ed que mejor recuerda madrugar un poco.<\/span><\/p><p><span style=\"font-weight: 400;\">Si has elegido el transporte p\u00fablico, hay una<\/span><b> parada de bus cercana<\/b><span style=\"font-weight: 400;\">, ideal si quieres pasar del coche y disfrutar de las vistas sin el estr\u00e9s del volante. Y si eres fan de andar, el <\/span><b>sendero ecol\u00f3gico de Benissa<\/b><span style=\"font-weight: 400;\"> recorre toda la costa y conecta las calas principales.<\/span><\/p><p><span style=\"font-weight: 400;\">Para acceder a la cala<\/span><b> atravesar\u00e1s una zona de mirador perfecta para tus primeras fotos del paisaje <\/b><span style=\"font-weight: 400;\">y luego unas escaleras. Antes de bajar, puedes reponer fuerzas en los bancos con mesas bajo los pinos.<\/span><\/p>\t\t\t\t\t\t\t\t<\/div>\n\t\t\t\t<\/div>\n\t\t\t\t\t<\/div>\n\t\t\t\t<\/div>\n\t\t<div class=\"elementor-element elementor-element-19c39c0 e-flex e-con-boxed e-con e-parent\" data-id=\"19c39c0\" data-element_type=\"container\" data-e-type=\"container\">\n\t\t\t\t\t<div class=\"e-con-inner\">\n\t\t\t\t<div class=\"elementor-element elementor-element-23d3f69 elementor-widget elementor-widget-google_maps\" data-id=\"23d3f69\" data-element_type=\"widget\" data-e-type=\"widget\" data-widget_type=\"google_maps.default\">\n\t\t\t\t<div class=\"elementor-widget-container\">\n\t\t\t\t\t\t\t<div class=\"elementor-custom-embed\">\n\t\t\t<iframe loading=\"lazy\"\n\t\t\t\t\tsrc=\"https:\/\/maps.google.com\/maps?q=Cala%20Baladrar%20&#038;t=m&#038;z=15&#038;output=embed&#038;iwloc=near\"\n\t\t\t\t\ttitle=\"Cala Baladrar \"\n\t\t\t\t\taria-label=\"Cala Baladrar \"\n\t\t\t><\/iframe>\n\t\t<\/div>\n\t\t\t\t\t\t<\/div>\n\t\t\t\t<\/div>\n\t\t\t\t\t<\/div>\n\t\t\t\t<\/div>\n\t\t<div class=\"elementor-element elementor-element-6765eb8c e-flex e-con-boxed e-con e-parent\" data-id=\"6765eb8c\" data-element_type=\"container\" data-e-type=\"container\">\n\t\t\t\t\t<div class=\"e-con-inner\">\n\t\t\t\t<div class=\"elementor-element elementor-element-62f12f93 elementor-widget elementor-widget-heading\" data-id=\"62f12f93\" data-element_type=\"widget\" data-e-type=\"widget\" data-widget_type=\"heading.default\">\n\t\t\t\t<div class=\"elementor-widget-container\">\n\t\t\t\t\t<h2 class=\"elementor-heading-title elementor-size-default\">\u00bfQu\u00e9 servicios hay en la cala?\n<\/h2>\t\t\t\t<\/div>\n\t\t\t\t<\/div>\n\t\t\t\t<div class=\"elementor-element elementor-element-11d30072 elementor-widget elementor-widget-text-editor\" data-id=\"11d30072\" data-element_type=\"widget\" data-e-type=\"widget\" data-widget_type=\"text-editor.default\">\n\t\t\t\t<div class=\"elementor-widget-container\">\n\t\t\t\t\t\t\t\t\t<p><span style=\"font-weight: 400;\">La Cala Baladrar tiene<\/span><b> el equilibrio perfecto entre lo natural y lo c\u00f3modo<\/b><span style=\"font-weight: 400;\"> como para que ni el m\u00e1s urbanita eche de menos la civilizaci\u00f3n. Tendr\u00e1s lo necesario para un d\u00eda feliz y despreocupado, pero sin las masificaciones de otras zonas de playa.<\/span><\/p><p><span style=\"font-weight: 400;\">Entre los servicios que ofrece la cala, encontr\u00e1s un <\/span><b>aparcamiento<\/b><span style=\"font-weight: 400;\"> que, pese a ser peque\u00f1o, es bastante \u00fatil si llegas temprano. Adem\u00e1s cuenta con una <\/span><b>zona de ba\u00f1os p\u00fablicos<\/b><span style=\"font-weight: 400;\">, y dispondr\u00e1s de <\/span><b>papeleras y bancos<\/b><span style=\"font-weight: 400;\">, porque el Mediterr\u00e1neo se cuida, pero tus gl\u00fateos tambi\u00e9n.\u00a0<\/span><\/p><p><span style=\"font-weight: 400;\">Tambi\u00e9n dispones de <\/span><b>merenderos a la sombra<\/b><span style=\"font-weight: 400;\">, ideales para comerte tu taper resguardado del sol. Aunque si no has tenido tiempo de hacerte la comida, tambi\u00e9n cuentas con el <\/span><b>chiringuito Olal\u00e1<\/b><span style=\"font-weight: 400;\">. <\/span><\/p>\t\t\t\t\t\t\t\t<\/div>\n\t\t\t\t<\/div>\n\t\t\t\t<div class=\"elementor-element elementor-element-5d2fa44 elementor-widget elementor-widget-image\" data-id=\"5d2fa44\" data-element_type=\"widget\" data-e-type=\"widget\" data-widget_type=\"image.default\">\n\t\t\t\t<div class=\"elementor-widget-container\">\n\t\t\t\t\t\t\t\t\t\t\t\t\t\t\t<img fetchpriority=\"high\" decoding=\"async\" width=\"1333\" height=\"666\" src=\"https:\/\/www.ontravelholidayrentals.com\/blog\/wp-content\/uploads\/2025\/08\/Cala-Baladrar-servicios.jpg\" class=\"attachment-full size-full wp-image-1046\" alt=\"Cala-Baladrar-servicios.jpg\" srcset=\"https:\/\/www.ontravelholidayrentals.com\/blog\/wp-content\/uploads\/2025\/08\/Cala-Baladrar-servicios.jpg 1333w, https:\/\/www.ontravelholidayrentals.com\/blog\/wp-content\/uploads\/2025\/08\/Cala-Baladrar-servicios-300x150.jpg 300w, https:\/\/www.ontravelholidayrentals.com\/blog\/wp-content\/uploads\/2025\/08\/Cala-Baladrar-servicios-1024x512.jpg 1024w, https:\/\/www.ontravelholidayrentals.com\/blog\/wp-content\/uploads\/2025\/08\/Cala-Baladrar-servicios-768x384.jpg 768w\" sizes=\"(max-width: 1333px) 100vw, 1333px\" \/>\t\t\t\t\t\t\t\t\t\t\t\t\t\t\t<\/div>\n\t\t\t\t<\/div>\n\t\t\t\t\t<\/div>\n\t\t\t\t<\/div>\n\t\t<div class=\"elementor-element elementor-element-a7719c5 e-flex e-con-boxed e-con e-parent\" data-id=\"a7719c5\" data-element_type=\"container\" data-e-type=\"container\">\n\t\t\t\t\t<div class=\"e-con-inner\">\n\t\t\t\t<div class=\"elementor-element elementor-element-4ff92bd elementor-widget elementor-widget-heading\" data-id=\"4ff92bd\" data-element_type=\"widget\" data-e-type=\"widget\" data-widget_type=\"heading.default\">\n\t\t\t\t<div class=\"elementor-widget-container\">\n\t\t\t\t\t<h2 class=\"elementor-heading-title elementor-size-default\">\u00bfCu\u00e1l es el ambiente y tipo de visitante ideal para esta cala?\n<\/h2>\t\t\t\t<\/div>\n\t\t\t\t<\/div>\n\t\t\t\t<div class=\"elementor-element elementor-element-7d81112 elementor-widget elementor-widget-text-editor\" data-id=\"7d81112\" data-element_type=\"widget\" data-e-type=\"widget\" data-widget_type=\"text-editor.default\">\n\t\t\t\t<div class=\"elementor-widget-container\">\n\t\t\t\t\t\t\t\t\t<p><span style=\"font-weight: 400;\">El ambiente de la cala es sobre todo tranquilo. Aqu\u00ed no vas a encontrar fiestas locas ni animaci\u00f3n de hotel, pero s\u00ed un <\/span><b>ambiente familiar donde se re\u00fanen las personas que buscan tranquilidad<\/b><span style=\"font-weight: 400;\">. Por la ma\u00f1ana, la calma es total, ideal para quienes buscan desconectar. Seg\u00fan avanza el d\u00eda, el ambiente se anima un poco, pero sin perder ese sosiego playero tan dif\u00edcil de encontrar.<\/span><\/p><p><span style=\"font-weight: 400;\">Para los m\u00e1s activos, Baladrar es el <\/span><b>para\u00edso del snorkel y el buceo<\/b><span style=\"font-weight: 400;\">, gracias a la claridad del agua y los fondos llenos de vida con peces de colores, praderas de posidonia y, con suerte, alguna estrella de mar. Eso s\u00ed, ten a mano los escarpines porque las piedras dan masajes gratis, pero no perdonan los despistes.<\/span><\/p><p><span style=\"font-weight: 400;\">\u00bfPlanes para los m\u00e1s fiesteros? El <\/span><b>chiringuito Olal\u00e0 ofrece conciertos de m\u00fasica en directo<\/b><span style=\"font-weight: 400;\"> de lunes a s\u00e1bado durante todo el verano, as\u00ed que hay marcha suave y buenas vibras para todos los p\u00fablicos.<\/span><\/p>\t\t\t\t\t\t\t\t<\/div>\n\t\t\t\t<\/div>\n\t\t\t\t\t<\/div>\n\t\t\t\t<\/div>\n\t\t<div class=\"elementor-element elementor-element-af63d12 e-flex e-con-boxed e-con e-parent\" data-id=\"af63d12\" data-element_type=\"container\" data-e-type=\"container\">\n\t\t\t\t\t<div class=\"e-con-inner\">\n\t\t\t\t<div class=\"elementor-element elementor-element-f2d8ec3 elementor-widget elementor-widget-heading\" data-id=\"f2d8ec3\" data-element_type=\"widget\" data-e-type=\"widget\" data-widget_type=\"heading.default\">\n\t\t\t\t<div class=\"elementor-widget-container\">\n\t\t\t\t\t<h2 class=\"elementor-heading-title elementor-size-default\">El chiringuito: estos son sus horarios y lo que ofrecen\n<\/h2>\t\t\t\t<\/div>\n\t\t\t\t<\/div>\n\t\t\t\t<div class=\"elementor-element elementor-element-ba9f65c elementor-widget elementor-widget-text-editor\" data-id=\"ba9f65c\" data-element_type=\"widget\" data-e-type=\"widget\" data-widget_type=\"text-editor.default\">\n\t\t\t\t<div class=\"elementor-widget-container\">\n\t\t\t\t\t\t\t\t\t<p><b>El Olal\u00e0 Beach Bar es el coraz\u00f3n social de la Cala Baladrar <\/b><span style=\"font-weight: 400;\">y uno de los chiringuitos m\u00e1s top de toda la Costa Blanca. No est\u00e1 junto al agua, sino un poco elevado sobre un acantilado, lo que le regala unas vistas incre\u00edbles tanto al Mediterr\u00e1neo como al m\u00edtico Pe\u00f1\u00f3n de Ifach.<\/span><\/p><p><span style=\"font-weight: 400;\">Los <\/span><b>horarios de verano son desde las 9:00 hasta las 24:00<\/b><span style=\"font-weight: 400;\">, todos los d\u00edas. Perfecto para tomarte un desayuno mirando al mar o acabar con una copa y m\u00fasica en vivo bajo las estrellas. <\/span><b>En invierno, el horario cambia, es de 11:00 a 18:00<\/b><span style=\"font-weight: 400;\">, perfecto para un vermut o un aperitivo entre paseos. Y est\u00e1 <\/span><b>abierto del 7 de abril al 1 de noviembre<\/b><span style=\"font-weight: 400;\">.<\/span><\/p><p><span style=\"font-weight: 400;\">La carta de Olal\u00e0 ofrece una <\/span><b>cocina mediterr\u00e1nea<\/b><span style=\"font-weight: 400;\"> con tapas, paellas, pescados, ensaladas y arroces. Tambi\u00e9n cuenta con opciones vegetarianas. Entre los platos que te recomendamos est\u00e1n las bravas y los mejillones.<\/span><\/p><p><span style=\"font-weight: 400;\">No te olvides de asistir a uno de los<\/span><b> conciertos con m\u00fasica en directo<\/b><span style=\"font-weight: 400;\">, que convierten el chiringuito en un sitio ideal para ver el atardecer, mientras disfrutas de la comida, de un c\u00f3ctel y de la m\u00fasica.<\/span><\/p>\t\t\t\t\t\t\t\t<\/div>\n\t\t\t\t<\/div>\n\t\t\t\t<div class=\"elementor-element elementor-element-2cf400e elementor-widget elementor-widget-image\" data-id=\"2cf400e\" data-element_type=\"widget\" data-e-type=\"widget\" data-widget_type=\"image.default\">\n\t\t\t\t<div class=\"elementor-widget-container\">\n\t\t\t\t\t\t\t\t\t\t\t\t\t\t\t<img decoding=\"async\" src=\"https:\/\/www.ontravelholidayrentals.com\/blog\/wp-content\/uploads\/elementor\/thumbs\/Cala-Baladrar-chiringuito-ramo6of3s2x5nf928yr6ymu9yxgwglmlv5uni008kw.webp\" title=\"Cala-Baladrar-chiringuito\" alt=\"Cala-Baladrar-chiringuito.webp\" loading=\"lazy\" \/>\t\t\t\t\t\t\t\t\t\t\t\t\t\t\t<\/div>\n\t\t\t\t<\/div>\n\t\t\t\t\t<\/div>\n\t\t\t\t<\/div>\n\t\t<div class=\"elementor-element elementor-element-c2b9e96 e-flex e-con-boxed e-con e-parent\" data-id=\"c2b9e96\" data-element_type=\"container\" data-e-type=\"container\">\n\t\t\t\t\t<div class=\"e-con-inner\">\n\t\t\t\t<div class=\"elementor-element elementor-element-008ac01 elementor-widget elementor-widget-heading\" data-id=\"008ac01\" data-element_type=\"widget\" data-e-type=\"widget\" data-widget_type=\"heading.default\">\n\t\t\t\t<div class=\"elementor-widget-container\">\n\t\t\t\t\t<h2 class=\"elementor-heading-title elementor-size-default\">Anota estos consejos para disfrutarla al m\u00e1ximo\n<\/h2>\t\t\t\t<\/div>\n\t\t\t\t<\/div>\n\t\t\t\t<div class=\"elementor-element elementor-element-a45092c elementor-widget elementor-widget-text-editor\" data-id=\"a45092c\" data-element_type=\"widget\" data-e-type=\"widget\" data-widget_type=\"text-editor.default\">\n\t\t\t\t<div class=\"elementor-widget-container\">\n\t\t\t\t\t\t\t\t\t<p><span style=\"font-weight: 400;\">Para que tengas un d\u00eda perfecto te recomendamos <\/span><b>llegar pronto<\/b><span style=\"font-weight: 400;\">, ya que el parking es limitado. Adem\u00e1s debes recordar llevar un<\/span><b> calzado adecuado<\/b><span style=\"font-weight: 400;\">, porque las piedras pueden ser traicioneras si no est\u00e1s atento.<\/span><\/p><p><span style=\"font-weight: 400;\">Tambi\u00e9n recuerda llevarte una <\/span><b>sombrilla y una silla<\/b><span style=\"font-weight: 400;\">, si no quieres que las piedras te den un masaje poco placentero por todo el cuerpo. Y si eres un poco m\u00e1s aventurero, no te olvides las <\/span><b>gafas de bucear<\/b><span style=\"font-weight: 400;\">.<\/span><\/p><p><span style=\"font-weight: 400;\">Y si despu\u00e9s del d\u00eda de playa te quedan energ\u00edas,<\/span><b> explora el sendero ecol\u00f3gico<\/b><span style=\"font-weight: 400;\"> que recorre varias calas, miradores y zonas de picnic.<\/span><\/p>\t\t\t\t\t\t\t\t<\/div>\n\t\t\t\t<\/div>\n\t\t\t\t\t<\/div>\n\t\t\t\t<\/div>\n\t\t<div class=\"elementor-element elementor-element-219d101 e-flex e-con-boxed e-con e-parent\" data-id=\"219d101\" data-element_type=\"container\" data-e-type=\"container\">\n\t\t\t\t\t<div class=\"e-con-inner\">\n\t\t\t\t<div class=\"elementor-element elementor-element-2189291 elementor-widget elementor-widget-heading\" data-id=\"2189291\" data-element_type=\"widget\" data-e-type=\"widget\" data-widget_type=\"heading.default\">\n\t\t\t\t<div class=\"elementor-widget-container\">\n\t\t\t\t\t<h2 class=\"elementor-heading-title elementor-size-default\">\u00bfPor qu\u00e9 deber\u00edas visitar la Cala Baladrar? \u00a1No te la pierdas!\n<\/h2>\t\t\t\t<\/div>\n\t\t\t\t<\/div>\n\t\t\t\t<div class=\"elementor-element elementor-element-a054e74 elementor-widget elementor-widget-text-editor\" data-id=\"a054e74\" data-element_type=\"widget\" data-e-type=\"widget\" data-widget_type=\"text-editor.default\">\n\t\t\t\t<div class=\"elementor-widget-container\">\n\t\t\t\t\t\t\t\t\t<p><span style=\"font-weight: 400;\">La Cala Baladrar no es solo una playa, es un microcosmos donde conviven la tranquilidad, la naturaleza, la buena comida y el Mediterr\u00e1neo. Es la <\/span><b>escapada ideal<\/b><span style=\"font-weight: 400;\"> tanto para los que buscan desconectar, como para quienes quieren hacer snorkel, admirar las vistas o disfrutar de la m\u00fasica en directo.\u00a0<\/span><\/p><p><span style=\"font-weight: 400;\">As\u00ed que ya sabes, si quieres vivir la <\/span><b>experiencia mediterr\u00e1nea sin estr\u00e9s<\/b><span style=\"font-weight: 400;\">, rodeado de belleza natural, ambiente agradable y con la posibilidad de comerte un paella mirando al Pe\u00f1\u00f3n, apunta la Cala Baladrar en tu pr\u00f3xima escapada. Y recuerda que puedes contactar con nosotros para reservar apartamentos en Oliva, Moraira, J\u00e1vea, Benissa o D\u00e9nia.<\/span><\/p>\t\t\t\t\t\t\t\t<\/div>\n\t\t\t\t<\/div>\n\t\t\t\t\t<\/div>\n\t\t\t\t<\/div>\n\t\t<div class=\"elementor-element elementor-element-6ae6297d e-flex e-con-boxed e-con e-parent\" data-id=\"6ae6297d\" data-element_type=\"container\" data-e-type=\"container\">\n\t\t\t\t\t<div class=\"e-con-inner\">\n\t\t\t\t<div class=\"elementor-element elementor-element-294c7838 elementor-widget elementor-widget-grid\" data-id=\"294c7838\" data-element_type=\"widget\" data-e-type=\"widget\" data-widget_type=\"grid.default\">\n\t\t\t\t<div class=\"elementor-widget-container\">\n\t\t\t\t\t\t\t<div class=\"its--row alojamientos-recomendados\">\n\n\t\t\t<div class=\"alojamientos-recomendados-container\">\n\n\t\t\t\t\t\n\t\t\t\t\t<a href=\"https:\/\/www.ontravelholidayrentals.com\/alquiler\/villa-oliva-villa-vermeer-51-460858.html\" rel=\"nofollow\" style=\"width: 23%;\">\n\t\t\t\t\t\t<div class=\"apartamento-box\">\n\t\t\t\t\t\t\t<div class=\"imagen_recomendados\">\n\t\t\t\t\t\t\t\t<img decoding=\"async\" src=\"https:\/\/crs.avantio.com\/fotos\/2\/1703084140d3f439d9b3375a13b4f0e50afb895aaa\/big1703332585741831091dd4ad756385090fb49199ea.jpg\" alt=\"Villa Colibri by ON Travel\">\n\t\t\t\t\t\t\t<\/div>\n\t\t\t\t\t\t\t<div class=\"info\">\n\t\t\t\t\t\t\t\t<div class=\"ubicacion\">\n\t\t\t\t\t\t\t\t\t<i class=\"fa-solid fa-location-dot icono-mapa\"><\/i><span class=\"ubicacion-texto\">Oliva - Valencia<\/span>\n\t\t\t\t\t\t\t\t<\/div>\n\t\t\t\t\t\t\t\t<H3 class=\"titulo-alojamiento\">\n\t\t\t\t\t\t\t\t\tVilla Colibri by ON Travel\t\t\t\t\t\t\t\t<\/H3>\n\t\t\t\t\t\t\t\t<p class=\"precio-alojamiento\">Desde <span class=\"precio\">328.00\u20ac<\/span> por noche<\/p>\n\t\t\t\t\t\t\t<\/div>\n\t\t\t\t\t\t<\/div>\n\t\t\t\t\t<\/a> \n\t\t\t\t\t\t\n\t\t\t\t\t<a href=\"https:\/\/www.ontravelholidayrentals.com\/alquiler\/villa-oliva-villa-vermeer-21-461268.html\" rel=\"nofollow\" style=\"width: 23%;\">\n\t\t\t\t\t\t<div class=\"apartamento-box\">\n\t\t\t\t\t\t\t<div class=\"imagen_recomendados\">\n\t\t\t\t\t\t\t\t<img decoding=\"async\" src=\"https:\/\/crs.avantio.com\/fotos\/2\/1703335589811fbc048cd27ef2e70871e03571a65f\/big17033356189dc73706c960d3ef8712f0c901543b8b.jpg\" alt=\"Villa Solana by ON Travel\">\n\t\t\t\t\t\t\t<\/div>\n\t\t\t\t\t\t\t<div class=\"info\">\n\t\t\t\t\t\t\t\t<div class=\"ubicacion\">\n\t\t\t\t\t\t\t\t\t<i class=\"fa-solid fa-location-dot icono-mapa\"><\/i><span class=\"ubicacion-texto\">Oliva - Valencia<\/span>\n\t\t\t\t\t\t\t\t<\/div>\n\t\t\t\t\t\t\t\t<H3 class=\"titulo-alojamiento\">\n\t\t\t\t\t\t\t\t\tVilla Solana by ON Travel\t\t\t\t\t\t\t\t<\/H3>\n\t\t\t\t\t\t\t\t<p class=\"precio-alojamiento\">Desde <span class=\"precio\">217.00\u20ac<\/span> por noche<\/p>\n\t\t\t\t\t\t\t<\/div>\n\t\t\t\t\t\t<\/div>\n\t\t\t\t\t<\/a> \n\t\t\t\t\t\t\n\t\t\t\t\t<a href=\"https:\/\/www.ontravelholidayrentals.com\/alquiler\/villa-oliva-villa-vermeer-25-461292.html\" rel=\"nofollow\" style=\"width: 23%;\">\n\t\t\t\t\t\t<div class=\"apartamento-box\">\n\t\t\t\t\t\t\t<div class=\"imagen_recomendados\">\n\t\t\t\t\t\t\t\t<img decoding=\"async\" src=\"https:\/\/crs.avantio.com\/fotos\/2\/1705335735591b101a10adf0c9165b293b19af3489\/big1705335762de9703dc1854540c9777fd4932b0499a.jpg\" alt=\"Greenside oasis villa by ON Travel\">\n\t\t\t\t\t\t\t<\/div>\n\t\t\t\t\t\t\t<div class=\"info\">\n\t\t\t\t\t\t\t\t<div class=\"ubicacion\">\n\t\t\t\t\t\t\t\t\t<i class=\"fa-solid fa-location-dot icono-mapa\"><\/i><span class=\"ubicacion-texto\">Oliva - Valencia<\/span>\n\t\t\t\t\t\t\t\t<\/div>\n\t\t\t\t\t\t\t\t<H3 class=\"titulo-alojamiento\">\n\t\t\t\t\t\t\t\t\tGreenside oasis villa by ON Travel\t\t\t\t\t\t\t\t<\/H3>\n\t\t\t\t\t\t\t\t<p class=\"precio-alojamiento\">Desde <span class=\"precio\">328.00\u20ac<\/span> por noche<\/p>\n\t\t\t\t\t\t\t<\/div>\n\t\t\t\t\t\t<\/div>\n\t\t\t\t\t<\/a> \n\t\t\t\t\t\t\n\t\t\t\t\t<a href=\"https:\/\/www.ontravelholidayrentals.com\/alquiler\/villa-oliva-villa-vermeer-43-461293.html\" rel=\"nofollow\" style=\"width: 23%;\">\n\t\t\t\t\t\t<div class=\"apartamento-box\">\n\t\t\t\t\t\t\t<div class=\"imagen_recomendados\">\n\t\t\t\t\t\t\t\t<img decoding=\"async\" src=\"https:\/\/crs.avantio.com\/fotos\/2\/17054241108ffb3352fb1b6efd3c6e1c3097debf40\/big170542451565ad5f2b0843b6346526f00ede7b3ef7.jpg\" alt=\"Villa Cisne by ON Travel\">\n\t\t\t\t\t\t\t<\/div>\n\t\t\t\t\t\t\t<div class=\"info\">\n\t\t\t\t\t\t\t\t<div class=\"ubicacion\">\n\t\t\t\t\t\t\t\t\t<i class=\"fa-solid fa-location-dot icono-mapa\"><\/i><span class=\"ubicacion-texto\">Oliva - Valencia<\/span>\n\t\t\t\t\t\t\t\t<\/div>\n\t\t\t\t\t\t\t\t<H3 class=\"titulo-alojamiento\">\n\t\t\t\t\t\t\t\t\tVilla Cisne by ON Travel\t\t\t\t\t\t\t\t<\/H3>\n\t\t\t\t\t\t\t\t<p class=\"precio-alojamiento\">Desde <span class=\"precio\">205.00\u20ac<\/span> por noche<\/p>\n\t\t\t\t\t\t\t<\/div>\n\t\t\t\t\t\t<\/div>\n\t\t\t\t\t<\/a> \n\t\t\t\t\t\t\t\t<\/div>\n\t\t\t<\/div>\n\t\t\t\t\t\t<\/div>\n\t\t\t\t<\/div>\n\t\t\t\t\t<\/div>\n\t\t\t\t<\/div>\n\t\t\t\t<\/div>\n\t\t","protected":false},"excerpt":{"rendered":"<p>Imagina que tu pr\u00f3xima escapada fuese a un lugar donde el azul del Mediterr\u00e1neo se funde con la tranquilidad, donde puedes comer al aire libre bajo la sombra de unos pinos y tu mayor preocupaci\u00f3n sea recordar ponerte el protector solar.\u00a0 Pues no. Tenemos la buena noticia de que esto no es un sue\u00f1o. Que [&hellip;]<\/p>\n","protected":false},"author":4,"featured_media":1054,"comment_status":"open","ping_status":"open","sticky":false,"template":"elementor_header_footer","format":"standard","meta":{"footnotes":""},"categories":[21],"tags":[70],"class_list":["post-1040","post","type-post","status-publish","format-standard","has-post-thumbnail","hentry","category-benissa","tag-no-template"],"yoast_head":"<!-- This site is optimized with the Yoast SEO plugin v25.2 - https:\/\/yoast.com\/wordpress\/plugins\/seo\/ -->\n<title>La Cala Baladrar. Ambiente tranquilo e ideal para tu pr\u00f3xima escapada.\u00a0 - Blog<\/title>\n<meta name=\"robots\" content=\"index, follow, max-snippet:-1, max-image-preview:large, max-video-preview:-1\" \/>\n<link rel=\"canonical\" href=\"https:\/\/www.ontravelholidayrentals.com\/blog\/la-cala-baladrar-ambiente-tranquilo-e-ideal-para-tu-proxima-escapada\/\" \/>\n<meta property=\"og:locale\" content=\"es_ES\" \/>\n<meta property=\"og:type\" content=\"article\" \/>\n<meta property=\"og:title\" content=\"La Cala Baladrar. Ambiente tranquilo e ideal para tu pr\u00f3xima escapada.\u00a0 - Blog\" \/>\n<meta property=\"og:description\" content=\"Imagina que tu pr\u00f3xima escapada fuese a un lugar donde el azul del Mediterr\u00e1neo se funde con la tranquilidad, donde puedes comer al aire libre bajo la sombra de unos pinos y tu mayor preocupaci\u00f3n sea recordar ponerte el protector solar.\u00a0 Pues no. Tenemos la buena noticia de que esto no es un sue\u00f1o. Que [&hellip;]\" \/>\n<meta property=\"og:url\" content=\"https:\/\/www.ontravelholidayrentals.com\/blog\/la-cala-baladrar-ambiente-tranquilo-e-ideal-para-tu-proxima-escapada\/\" \/>\n<meta property=\"og:site_name\" content=\"Blog\" \/>\n<meta property=\"article:published_time\" content=\"2025-08-22T10:56:13+00:00\" \/>\n<meta property=\"article:modified_time\" content=\"2026-03-12T10:53:48+00:00\" \/>\n<meta property=\"og:image\" content=\"https:\/\/www.ontravelholidayrentals.com\/blog\/wp-content\/uploads\/2025\/08\/Cala-Baladrar-visitar.jpg\" \/>\n\t<meta property=\"og:image:width\" content=\"1304\" \/>\n\t<meta property=\"og:image:height\" content=\"652\" \/>\n\t<meta property=\"og:image:type\" content=\"image\/jpeg\" \/>\n<meta name=\"author\" content=\"Axel\" \/>\n<meta name=\"twitter:card\" content=\"summary_large_image\" \/>\n<meta name=\"twitter:label1\" content=\"Escrito por\" \/>\n\t<meta name=\"twitter:data1\" content=\"Axel\" \/>\n\t<meta name=\"twitter:label2\" content=\"Tiempo de lectura\" \/>\n\t<meta name=\"twitter:data2\" content=\"7 minutos\" \/>\n<script type=\"application\/ld+json\" class=\"yoast-schema-graph\">{\"@context\":\"https:\/\/schema.org\",\"@graph\":[{\"@type\":\"Article\",\"@id\":\"https:\/\/www.ontravelholidayrentals.com\/blog\/la-cala-baladrar-ambiente-tranquilo-e-ideal-para-tu-proxima-escapada\/#article\",\"isPartOf\":{\"@id\":\"https:\/\/www.ontravelholidayrentals.com\/blog\/la-cala-baladrar-ambiente-tranquilo-e-ideal-para-tu-proxima-escapada\/\"},\"author\":{\"name\":\"Axel\",\"@id\":\"https:\/\/www.ontravelholidayrentals.com\/blog\/#\/schema\/person\/907601cb91b08af60b0fec9e629a4883\"},\"headline\":\"La Cala Baladrar. Ambiente tranquilo e ideal para tu pr\u00f3xima escapada.\u00a0\",\"datePublished\":\"2025-08-22T10:56:13+00:00\",\"dateModified\":\"2026-03-12T10:53:48+00:00\",\"mainEntityOfPage\":{\"@id\":\"https:\/\/www.ontravelholidayrentals.com\/blog\/la-cala-baladrar-ambiente-tranquilo-e-ideal-para-tu-proxima-escapada\/\"},\"wordCount\":1133,\"commentCount\":0,\"publisher\":{\"@id\":\"https:\/\/www.ontravelholidayrentals.com\/blog\/#organization\"},\"image\":{\"@id\":\"https:\/\/www.ontravelholidayrentals.com\/blog\/la-cala-baladrar-ambiente-tranquilo-e-ideal-para-tu-proxima-escapada\/#primaryimage\"},\"thumbnailUrl\":\"https:\/\/www.ontravelholidayrentals.com\/blog\/wp-content\/uploads\/2025\/08\/Cala-Baladrar-visitar.jpg\",\"keywords\":[\"no template\"],\"articleSection\":[\"Benissa\"],\"inLanguage\":\"es\",\"potentialAction\":[{\"@type\":\"CommentAction\",\"name\":\"Comment\",\"target\":[\"https:\/\/www.ontravelholidayrentals.com\/blog\/la-cala-baladrar-ambiente-tranquilo-e-ideal-para-tu-proxima-escapada\/#respond\"]}]},{\"@type\":\"WebPage\",\"@id\":\"https:\/\/www.ontravelholidayrentals.com\/blog\/la-cala-baladrar-ambiente-tranquilo-e-ideal-para-tu-proxima-escapada\/\",\"url\":\"https:\/\/www.ontravelholidayrentals.com\/blog\/la-cala-baladrar-ambiente-tranquilo-e-ideal-para-tu-proxima-escapada\/\",\"name\":\"La Cala Baladrar. Ambiente tranquilo e ideal para tu pr\u00f3xima escapada.\u00a0 - Blog\",\"isPartOf\":{\"@id\":\"https:\/\/www.ontravelholidayrentals.com\/blog\/#website\"},\"primaryImageOfPage\":{\"@id\":\"https:\/\/www.ontravelholidayrentals.com\/blog\/la-cala-baladrar-ambiente-tranquilo-e-ideal-para-tu-proxima-escapada\/#primaryimage\"},\"image\":{\"@id\":\"https:\/\/www.ontravelholidayrentals.com\/blog\/la-cala-baladrar-ambiente-tranquilo-e-ideal-para-tu-proxima-escapada\/#primaryimage\"},\"thumbnailUrl\":\"https:\/\/www.ontravelholidayrentals.com\/blog\/wp-content\/uploads\/2025\/08\/Cala-Baladrar-visitar.jpg\",\"datePublished\":\"2025-08-22T10:56:13+00:00\",\"dateModified\":\"2026-03-12T10:53:48+00:00\",\"breadcrumb\":{\"@id\":\"https:\/\/www.ontravelholidayrentals.com\/blog\/la-cala-baladrar-ambiente-tranquilo-e-ideal-para-tu-proxima-escapada\/#breadcrumb\"},\"inLanguage\":\"es\",\"potentialAction\":[{\"@type\":\"ReadAction\",\"target\":[\"https:\/\/www.ontravelholidayrentals.com\/blog\/la-cala-baladrar-ambiente-tranquilo-e-ideal-para-tu-proxima-escapada\/\"]}]},{\"@type\":\"ImageObject\",\"inLanguage\":\"es\",\"@id\":\"https:\/\/www.ontravelholidayrentals.com\/blog\/la-cala-baladrar-ambiente-tranquilo-e-ideal-para-tu-proxima-escapada\/#primaryimage\",\"url\":\"https:\/\/www.ontravelholidayrentals.com\/blog\/wp-content\/uploads\/2025\/08\/Cala-Baladrar-visitar.jpg\",\"contentUrl\":\"https:\/\/www.ontravelholidayrentals.com\/blog\/wp-content\/uploads\/2025\/08\/Cala-Baladrar-visitar.jpg\",\"width\":1304,\"height\":652,\"caption\":\"Cala Baladrar empty pebble stone beach and Mediterranean Sea. Distant view to Calpe Penon de Ifach rock. Province of Alicante, Benissa, Costa Blanca, Spain\"},{\"@type\":\"BreadcrumbList\",\"@id\":\"https:\/\/www.ontravelholidayrentals.com\/blog\/la-cala-baladrar-ambiente-tranquilo-e-ideal-para-tu-proxima-escapada\/#breadcrumb\",\"itemListElement\":[{\"@type\":\"ListItem\",\"position\":1,\"name\":\"Portada\",\"item\":\"https:\/\/www.ontravelholidayrentals.com\/blog\/\"},{\"@type\":\"ListItem\",\"position\":2,\"name\":\"La Cala Baladrar. Ambiente tranquilo e ideal para tu pr\u00f3xima escapada.\u00a0\"}]},{\"@type\":\"WebSite\",\"@id\":\"https:\/\/www.ontravelholidayrentals.com\/blog\/#website\",\"url\":\"https:\/\/www.ontravelholidayrentals.com\/blog\/\",\"name\":\"Blog\",\"description\":\"Ontravelholidayrentals\",\"publisher\":{\"@id\":\"https:\/\/www.ontravelholidayrentals.com\/blog\/#organization\"},\"potentialAction\":[{\"@type\":\"SearchAction\",\"target\":{\"@type\":\"EntryPoint\",\"urlTemplate\":\"https:\/\/www.ontravelholidayrentals.com\/blog\/?s={search_term_string}\"},\"query-input\":{\"@type\":\"PropertyValueSpecification\",\"valueRequired\":true,\"valueName\":\"search_term_string\"}}],\"inLanguage\":\"es\"},{\"@type\":\"Organization\",\"@id\":\"https:\/\/www.ontravelholidayrentals.com\/blog\/#organization\",\"name\":\"Blog\",\"url\":\"https:\/\/www.ontravelholidayrentals.com\/blog\/\",\"logo\":{\"@type\":\"ImageObject\",\"inLanguage\":\"es\",\"@id\":\"https:\/\/www.ontravelholidayrentals.com\/blog\/#\/schema\/logo\/image\/\",\"url\":\"https:\/\/www.ontravelholidayrentals.com\/blog\/wp-content\/uploads\/2025\/02\/logo-oliva-nova.webp\",\"contentUrl\":\"https:\/\/www.ontravelholidayrentals.com\/blog\/wp-content\/uploads\/2025\/02\/logo-oliva-nova.webp\",\"width\":2454,\"height\":875,\"caption\":\"Blog\"},\"image\":{\"@id\":\"https:\/\/www.ontravelholidayrentals.com\/blog\/#\/schema\/logo\/image\/\"}},{\"@type\":\"Person\",\"@id\":\"https:\/\/www.ontravelholidayrentals.com\/blog\/#\/schema\/person\/907601cb91b08af60b0fec9e629a4883\",\"name\":\"Axel\",\"image\":{\"@type\":\"ImageObject\",\"inLanguage\":\"es\",\"@id\":\"https:\/\/www.ontravelholidayrentals.com\/blog\/#\/schema\/person\/image\/\",\"url\":\"https:\/\/secure.gravatar.com\/avatar\/3bd706736e5b70f21f05f6c2d5cad746767782a4ba4b7df399c5969e2a9318fd?s=96&d=mm&r=g\",\"contentUrl\":\"https:\/\/secure.gravatar.com\/avatar\/3bd706736e5b70f21f05f6c2d5cad746767782a4ba4b7df399c5969e2a9318fd?s=96&d=mm&r=g\",\"caption\":\"Axel\"},\"url\":\"https:\/\/www.ontravelholidayrentals.com\/blog\/author\/axel\/\"}]}<\/script>\n<!-- \/ Yoast SEO plugin. -->","yoast_head_json":{"title":"La Cala Baladrar. Ambiente tranquilo e ideal para tu pr\u00f3xima escapada.\u00a0 - Blog","robots":{"index":"index","follow":"follow","max-snippet":"max-snippet:-1","max-image-preview":"max-image-preview:large","max-video-preview":"max-video-preview:-1"},"canonical":"https:\/\/www.ontravelholidayrentals.com\/blog\/la-cala-baladrar-ambiente-tranquilo-e-ideal-para-tu-proxima-escapada\/","og_locale":"es_ES","og_type":"article","og_title":"La Cala Baladrar. Ambiente tranquilo e ideal para tu pr\u00f3xima escapada.\u00a0 - Blog","og_description":"Imagina que tu pr\u00f3xima escapada fuese a un lugar donde el azul del Mediterr\u00e1neo se funde con la tranquilidad, donde puedes comer al aire libre bajo la sombra de unos pinos y tu mayor preocupaci\u00f3n sea recordar ponerte el protector solar.\u00a0 Pues no. Tenemos la buena noticia de que esto no es un sue\u00f1o. Que [&hellip;]","og_url":"https:\/\/www.ontravelholidayrentals.com\/blog\/la-cala-baladrar-ambiente-tranquilo-e-ideal-para-tu-proxima-escapada\/","og_site_name":"Blog","article_published_time":"2025-08-22T10:56:13+00:00","article_modified_time":"2026-03-12T10:53:48+00:00","og_image":[{"width":1304,"height":652,"url":"https:\/\/www.ontravelholidayrentals.com\/blog\/wp-content\/uploads\/2025\/08\/Cala-Baladrar-visitar.jpg","type":"image\/jpeg"}],"author":"Axel","twitter_card":"summary_large_image","twitter_misc":{"Escrito por":"Axel","Tiempo de lectura":"7 minutos"},"schema":{"@context":"https:\/\/schema.org","@graph":[{"@type":"Article","@id":"https:\/\/www.ontravelholidayrentals.com\/blog\/la-cala-baladrar-ambiente-tranquilo-e-ideal-para-tu-proxima-escapada\/#article","isPartOf":{"@id":"https:\/\/www.ontravelholidayrentals.com\/blog\/la-cala-baladrar-ambiente-tranquilo-e-ideal-para-tu-proxima-escapada\/"},"author":{"name":"Axel","@id":"https:\/\/www.ontravelholidayrentals.com\/blog\/#\/schema\/person\/907601cb91b08af60b0fec9e629a4883"},"headline":"La Cala Baladrar. Ambiente tranquilo e ideal para tu pr\u00f3xima escapada.\u00a0","datePublished":"2025-08-22T10:56:13+00:00","dateModified":"2026-03-12T10:53:48+00:00","mainEntityOfPage":{"@id":"https:\/\/www.ontravelholidayrentals.com\/blog\/la-cala-baladrar-ambiente-tranquilo-e-ideal-para-tu-proxima-escapada\/"},"wordCount":1133,"commentCount":0,"publisher":{"@id":"https:\/\/www.ontravelholidayrentals.com\/blog\/#organization"},"image":{"@id":"https:\/\/www.ontravelholidayrentals.com\/blog\/la-cala-baladrar-ambiente-tranquilo-e-ideal-para-tu-proxima-escapada\/#primaryimage"},"thumbnailUrl":"https:\/\/www.ontravelholidayrentals.com\/blog\/wp-content\/uploads\/2025\/08\/Cala-Baladrar-visitar.jpg","keywords":["no template"],"articleSection":["Benissa"],"inLanguage":"es","potentialAction":[{"@type":"CommentAction","name":"Comment","target":["https:\/\/www.ontravelholidayrentals.com\/blog\/la-cala-baladrar-ambiente-tranquilo-e-ideal-para-tu-proxima-escapada\/#respond"]}]},{"@type":"WebPage","@id":"https:\/\/www.ontravelholidayrentals.com\/blog\/la-cala-baladrar-ambiente-tranquilo-e-ideal-para-tu-proxima-escapada\/","url":"https:\/\/www.ontravelholidayrentals.com\/blog\/la-cala-baladrar-ambiente-tranquilo-e-ideal-para-tu-proxima-escapada\/","name":"La Cala Baladrar. Ambiente tranquilo e ideal para tu pr\u00f3xima escapada.\u00a0 - Blog","isPartOf":{"@id":"https:\/\/www.ontravelholidayrentals.com\/blog\/#website"},"primaryImageOfPage":{"@id":"https:\/\/www.ontravelholidayrentals.com\/blog\/la-cala-baladrar-ambiente-tranquilo-e-ideal-para-tu-proxima-escapada\/#primaryimage"},"image":{"@id":"https:\/\/www.ontravelholidayrentals.com\/blog\/la-cala-baladrar-ambiente-tranquilo-e-ideal-para-tu-proxima-escapada\/#primaryimage"},"thumbnailUrl":"https:\/\/www.ontravelholidayrentals.com\/blog\/wp-content\/uploads\/2025\/08\/Cala-Baladrar-visitar.jpg","datePublished":"2025-08-22T10:56:13+00:00","dateModified":"2026-03-12T10:53:48+00:00","breadcrumb":{"@id":"https:\/\/www.ontravelholidayrentals.com\/blog\/la-cala-baladrar-ambiente-tranquilo-e-ideal-para-tu-proxima-escapada\/#breadcrumb"},"inLanguage":"es","potentialAction":[{"@type":"ReadAction","target":["https:\/\/www.ontravelholidayrentals.com\/blog\/la-cala-baladrar-ambiente-tranquilo-e-ideal-para-tu-proxima-escapada\/"]}]},{"@type":"ImageObject","inLanguage":"es","@id":"https:\/\/www.ontravelholidayrentals.com\/blog\/la-cala-baladrar-ambiente-tranquilo-e-ideal-para-tu-proxima-escapada\/#primaryimage","url":"https:\/\/www.ontravelholidayrentals.com\/blog\/wp-content\/uploads\/2025\/08\/Cala-Baladrar-visitar.jpg","contentUrl":"https:\/\/www.ontravelholidayrentals.com\/blog\/wp-content\/uploads\/2025\/08\/Cala-Baladrar-visitar.jpg","width":1304,"height":652,"caption":"Cala Baladrar empty pebble stone beach and Mediterranean Sea. Distant view to Calpe Penon de Ifach rock. Province of Alicante, Benissa, Costa Blanca, Spain"},{"@type":"BreadcrumbList","@id":"https:\/\/www.ontravelholidayrentals.com\/blog\/la-cala-baladrar-ambiente-tranquilo-e-ideal-para-tu-proxima-escapada\/#breadcrumb","itemListElement":[{"@type":"ListItem","position":1,"name":"Portada","item":"https:\/\/www.ontravelholidayrentals.com\/blog\/"},{"@type":"ListItem","position":2,"name":"La Cala Baladrar. Ambiente tranquilo e ideal para tu pr\u00f3xima escapada.\u00a0"}]},{"@type":"WebSite","@id":"https:\/\/www.ontravelholidayrentals.com\/blog\/#website","url":"https:\/\/www.ontravelholidayrentals.com\/blog\/","name":"Blog","description":"Ontravelholidayrentals","publisher":{"@id":"https:\/\/www.ontravelholidayrentals.com\/blog\/#organization"},"potentialAction":[{"@type":"SearchAction","target":{"@type":"EntryPoint","urlTemplate":"https:\/\/www.ontravelholidayrentals.com\/blog\/?s={search_term_string}"},"query-input":{"@type":"PropertyValueSpecification","valueRequired":true,"valueName":"search_term_string"}}],"inLanguage":"es"},{"@type":"Organization","@id":"https:\/\/www.ontravelholidayrentals.com\/blog\/#organization","name":"Blog","url":"https:\/\/www.ontravelholidayrentals.com\/blog\/","logo":{"@type":"ImageObject","inLanguage":"es","@id":"https:\/\/www.ontravelholidayrentals.com\/blog\/#\/schema\/logo\/image\/","url":"https:\/\/www.ontravelholidayrentals.com\/blog\/wp-content\/uploads\/2025\/02\/logo-oliva-nova.webp","contentUrl":"https:\/\/www.ontravelholidayrentals.com\/blog\/wp-content\/uploads\/2025\/02\/logo-oliva-nova.webp","width":2454,"height":875,"caption":"Blog"},"image":{"@id":"https:\/\/www.ontravelholidayrentals.com\/blog\/#\/schema\/logo\/image\/"}},{"@type":"Person","@id":"https:\/\/www.ontravelholidayrentals.com\/blog\/#\/schema\/person\/907601cb91b08af60b0fec9e629a4883","name":"Axel","image":{"@type":"ImageObject","inLanguage":"es","@id":"https:\/\/www.ontravelholidayrentals.com\/blog\/#\/schema\/person\/image\/","url":"https:\/\/secure.gravatar.com\/avatar\/3bd706736e5b70f21f05f6c2d5cad746767782a4ba4b7df399c5969e2a9318fd?s=96&d=mm&r=g","contentUrl":"https:\/\/secure.gravatar.com\/avatar\/3bd706736e5b70f21f05f6c2d5cad746767782a4ba4b7df399c5969e2a9318fd?s=96&d=mm&r=g","caption":"Axel"},"url":"https:\/\/www.ontravelholidayrentals.com\/blog\/author\/axel\/"}]}},"_links":{"self":[{"href":"https:\/\/www.ontravelholidayrentals.com\/blog\/wp-json\/wp\/v2\/posts\/1040","targetHints":{"allow":["GET"]}}],"collection":[{"href":"https:\/\/www.ontravelholidayrentals.com\/blog\/wp-json\/wp\/v2\/posts"}],"about":[{"href":"https:\/\/www.ontravelholidayrentals.com\/blog\/wp-json\/wp\/v2\/types\/post"}],"author":[{"embeddable":true,"href":"https:\/\/www.ontravelholidayrentals.com\/blog\/wp-json\/wp\/v2\/users\/4"}],"replies":[{"embeddable":true,"href":"https:\/\/www.ontravelholidayrentals.com\/blog\/wp-json\/wp\/v2\/comments?post=1040"}],"version-history":[{"count":10,"href":"https:\/\/www.ontravelholidayrentals.com\/blog\/wp-json\/wp\/v2\/posts\/1040\/revisions"}],"predecessor-version":[{"id":1079,"href":"https:\/\/www.ontravelholidayrentals.com\/blog\/wp-json\/wp\/v2\/posts\/1040\/revisions\/1079"}],"wp:featuredmedia":[{"embeddable":true,"href":"https:\/\/www.ontravelholidayrentals.com\/blog\/wp-json\/wp\/v2\/media\/1054"}],"wp:attachment":[{"href":"https:\/\/www.ontravelholidayrentals.com\/blog\/wp-json\/wp\/v2\/media?parent=1040"}],"wp:term":[{"taxonomy":"category","embeddable":true,"href":"https:\/\/www.ontravelholidayrentals.com\/blog\/wp-json\/wp\/v2\/categories?post=1040"},{"taxonomy":"post_tag","embeddable":true,"href":"https:\/\/www.ontravelholidayrentals.com\/blog\/wp-json\/wp\/v2\/tags?post=1040"}],"curies":[{"name":"wp","href":"https:\/\/api.w.org\/{rel}","templated":true}]}}