{"id":104,"date":"2025-02-21T09:28:38","date_gmt":"2025-02-21T09:28:38","guid":{"rendered":"https:\/\/www.ontravelholidayrentals.com\/blog\/?p=104"},"modified":"2026-03-12T10:54:19","modified_gmt":"2026-03-12T10:54:19","slug":"portet-moraira","status":"publish","type":"post","link":"https:\/\/www.ontravelholidayrentals.com\/blog\/portet-moraira\/","title":{"rendered":"El Portet en Moraira. Desconecta en vacaciones en un refugio ideal"},"content":{"rendered":"\t\t<div data-elementor-type=\"wp-post\" data-elementor-id=\"104\" class=\"elementor elementor-104\" data-elementor-post-type=\"post\">\n\t\t\t\t<div class=\"elementor-element elementor-element-6295d1f e-flex e-con-boxed e-con e-parent\" data-id=\"6295d1f\" data-element_type=\"container\" data-e-type=\"container\" data-settings=\"{&quot;background_background&quot;:&quot;classic&quot;}\">\n\t\t\t\t\t<div class=\"e-con-inner\">\n\t\t\t\t<div class=\"elementor-element elementor-element-d4072ba elementor-widget elementor-widget-heading\" data-id=\"d4072ba\" data-element_type=\"widget\" data-e-type=\"widget\" data-widget_type=\"heading.default\">\n\t\t\t\t<div class=\"elementor-widget-container\">\n\t\t\t\t\t<h1 class=\"elementor-heading-title elementor-size-default\">El Portet en Moraira. <br>Desconecta en vacaciones en un refugio ideal<\/h1>\t\t\t\t<\/div>\n\t\t\t\t<\/div>\n\t\t\t\t\t<\/div>\n\t\t\t\t<\/div>\n\t\t<div class=\"elementor-element elementor-element-1d1c6d75 e-flex e-con-boxed e-con e-parent\" data-id=\"1d1c6d75\" data-element_type=\"container\" data-e-type=\"container\">\n\t\t\t\t\t<div class=\"e-con-inner\">\n\t\t\t\t<div class=\"elementor-element elementor-element-571bc64b elementor-widget elementor-widget-text-editor\" data-id=\"571bc64b\" data-element_type=\"widget\" data-e-type=\"widget\" data-widget_type=\"text-editor.default\">\n\t\t\t\t<div class=\"elementor-widget-container\">\n\t\t\t\t\t\t\t\t\t<p><span style=\"font-weight: 400;\">Si eres de los que piensan que para disfrutar de una playa paradisiaca digna de un videoclip hay que viajar lejos y coger un par de aviones\u2026 hoy venimos a quitarte esa idea. En Espa\u00f1a,<\/span><b> tenemos la suerte de contar con aut\u00e9nticas joyas playeras <\/b><span style=\"font-weight: 400;\">m\u00e1s cerca de lo que te imaginas.<\/span><\/p><p><span style=\"font-weight: 400;\">Es el caso de El Portet, en Moraira. <\/span><b>Un para\u00edso que combina aguas cristalinas de color turquesa con un entorno natural<\/b><span style=\"font-weight: 400;\"> protegido que te dar\u00e1 esa atm\u00f3sfera tranquila que tanto buscas. Desconecta en vacaciones con tu familia o amigos con todas las actividades que veremos a continuaci\u00f3n:<\/span><\/p>\t\t\t\t\t\t\t\t<\/div>\n\t\t\t\t<\/div>\n\t\t\t\t\t<\/div>\n\t\t\t\t<\/div>\n\t\t<div class=\"elementor-element elementor-element-7d24f74d e-flex e-con-boxed e-con e-parent\" data-id=\"7d24f74d\" data-element_type=\"container\" data-e-type=\"container\">\n\t\t\t\t\t<div class=\"e-con-inner\">\n\t\t\t\t<div class=\"elementor-element elementor-element-f6f4fbb elementor-widget elementor-widget-table-of-contents\" data-id=\"f6f4fbb\" data-element_type=\"widget\" data-e-type=\"widget\" data-settings=\"{&quot;headings_by_tags&quot;:[&quot;h2&quot;,&quot;h3&quot;],&quot;exclude_headings_by_selector&quot;:[],&quot;marker_view&quot;:&quot;bullets&quot;,&quot;icon&quot;:{&quot;value&quot;:&quot;far fa-circle&quot;,&quot;library&quot;:&quot;fa-regular&quot;,&quot;rendered_tag&quot;:&quot;&lt;svg class=\\&quot;e-font-icon-svg e-far-circle\\&quot; viewBox=\\&quot;0 0 512 512\\&quot; xmlns=\\&quot;http:\\\/\\\/www.w3.org\\\/2000\\\/svg\\&quot;&gt;&lt;path d=\\&quot;M256 8C119 8 8 119 8 256s111 248 248 248 248-111 248-248S393 8 256 8zm0 448c-110.5 0-200-89.5-200-200S145.5 56 256 56s200 89.5 200 200-89.5 200-200 200z\\&quot;&gt;&lt;\\\/path&gt;&lt;\\\/svg&gt;&quot;},&quot;no_headings_message&quot;:&quot;No headings were found on this page.&quot;,&quot;hierarchical_view&quot;:&quot;yes&quot;,&quot;min_height&quot;:{&quot;unit&quot;:&quot;px&quot;,&quot;size&quot;:&quot;&quot;,&quot;sizes&quot;:[]},&quot;min_height_tablet&quot;:{&quot;unit&quot;:&quot;px&quot;,&quot;size&quot;:&quot;&quot;,&quot;sizes&quot;:[]},&quot;min_height_mobile&quot;:{&quot;unit&quot;:&quot;px&quot;,&quot;size&quot;:&quot;&quot;,&quot;sizes&quot;:[]}}\" data-widget_type=\"table-of-contents.default\">\n\t\t\t\t<div class=\"elementor-widget-container\">\n\t\t\t\t\t\t\t\t\t<div class=\"elementor-toc__header\">\n\t\t\t\t\t\t<div class=\"elementor-toc__header-title\">\n\t\t\t\t\u00cdndice\t\t\t<\/div>\n\t\t\t\t\t\t\t\t<\/div>\n\t\t\t\t<div id=\"elementor-toc__f6f4fbb\" class=\"elementor-toc__body\">\n\t\t\t<div class=\"elementor-toc__spinner-container\">\n\t\t\t\t<svg class=\"elementor-toc__spinner eicon-animation-spin e-font-icon-svg e-eicon-loading\" aria-hidden=\"true\" viewBox=\"0 0 1000 1000\" xmlns=\"http:\/\/www.w3.org\/2000\/svg\"><path d=\"M500 975V858C696 858 858 696 858 500S696 142 500 142 142 304 142 500H25C25 237 238 25 500 25S975 237 975 500 763 975 500 975Z\"><\/path><\/svg>\t\t\t<\/div>\n\t\t<\/div>\n\t\t\t\t\t\t<\/div>\n\t\t\t\t<\/div>\n\t\t\t\t\t<\/div>\n\t\t\t\t<\/div>\n\t\t<div class=\"elementor-element elementor-element-654914d e-flex e-con-boxed e-con e-parent\" data-id=\"654914d\" data-element_type=\"container\" data-e-type=\"container\">\n\t\t\t\t\t<div class=\"e-con-inner\">\n\t\t\t\t<div class=\"elementor-element elementor-element-0aadfbb elementor-widget elementor-widget-heading\" data-id=\"0aadfbb\" data-element_type=\"widget\" data-e-type=\"widget\" data-widget_type=\"heading.default\">\n\t\t\t\t<div class=\"elementor-widget-container\">\n\t\t\t\t\t<h2 class=\"elementor-heading-title elementor-size-default\">EL PORTET - MORAIRA<\/h2>\t\t\t\t<\/div>\n\t\t\t\t<\/div>\n\t\t\t\t<div class=\"elementor-element elementor-element-24c08a9 elementor-widget-divider--view-line elementor-widget elementor-widget-divider\" data-id=\"24c08a9\" data-element_type=\"widget\" data-e-type=\"widget\" data-widget_type=\"divider.default\">\n\t\t\t\t<div class=\"elementor-widget-container\">\n\t\t\t\t\t\t\t<div class=\"elementor-divider\">\n\t\t\t<span class=\"elementor-divider-separator\">\n\t\t\t\t\t\t<\/span>\n\t\t<\/div>\n\t\t\t\t\t\t<\/div>\n\t\t\t\t<\/div>\n\t\t\t\t\t<\/div>\n\t\t\t\t<\/div>\n\t\t<div class=\"elementor-element elementor-element-37266bd5 e-flex e-con-boxed e-con e-parent\" data-id=\"37266bd5\" data-element_type=\"container\" data-e-type=\"container\">\n\t\t\t\t\t<div class=\"e-con-inner\">\n\t\t\t\t<div class=\"elementor-element elementor-element-407cff53 elementor-widget elementor-widget-heading\" data-id=\"407cff53\" data-element_type=\"widget\" data-e-type=\"widget\" data-widget_type=\"heading.default\">\n\t\t\t\t<div class=\"elementor-widget-container\">\n\t\t\t\t\t<h2 class=\"elementor-heading-title elementor-size-default\">Visita El Portet en Moraira: un aut\u00e9ntico para\u00edso mediterr\u00e1neo \n<\/h2>\t\t\t\t<\/div>\n\t\t\t\t<\/div>\n\t\t\t\t<div class=\"elementor-element elementor-element-1fccd268 elementor-widget elementor-widget-text-editor\" data-id=\"1fccd268\" data-element_type=\"widget\" data-e-type=\"widget\" data-widget_type=\"text-editor.default\">\n\t\t\t\t<div class=\"elementor-widget-container\">\n\t\t\t\t\t\t\t\t\t<p><span style=\"font-weight: 400;\">Con su arena fina y suave, la playa de El Portet es perfecta para todas aquellas personas que buscan <\/span><b>unas vacaciones tranquilas, alejadas del ruido y las obligaciones del d\u00eda a d\u00eda. <\/b><span style=\"font-weight: 400;\">Porque s\u00ed, a la playa se va a descansar. Aunque tambi\u00e9n hay espacio para actividades acu\u00e1ticas divertidas que puedes hacer con ni\u00f1os o en pareja.<\/span><\/p><p><span style=\"font-weight: 400;\">Por si fuera poco, la playa est\u00e1 bastante cerca del centro de Moraira. Si pensabas que ibas a estar incomunicado como en una selva virgen, ve quit\u00e1ndote esa idea de la cabeza. <\/span><b>Tendr\u00e1s multitud de servicios cerca de ti<\/b><span style=\"font-weight: 400;\"> que har\u00e1n que tu estancia en Oliva, Moraira, J\u00e1vea, Benissa, Denia o alrededores sea una experiencia inolvidable. <\/span><\/p>\t\t\t\t\t\t\t\t<\/div>\n\t\t\t\t<\/div>\n\t\t\t\t<div class=\"elementor-element elementor-element-3520296 elementor-widget elementor-widget-image\" data-id=\"3520296\" data-element_type=\"widget\" data-e-type=\"widget\" data-widget_type=\"image.default\">\n\t\t\t\t<div class=\"elementor-widget-container\">\n\t\t\t\t\t\t\t\t\t\t\t\t\t\t\t<img fetchpriority=\"high\" decoding=\"async\" width=\"1350\" height=\"675\" src=\"https:\/\/www.ontravelholidayrentals.com\/blog\/wp-content\/uploads\/2025\/02\/visitar-el-portet-Moraira.jpg\" class=\"attachment-full size-full wp-image-110\" alt=\"visitar-el-portet-Moraira.jpg\" srcset=\"https:\/\/www.ontravelholidayrentals.com\/blog\/wp-content\/uploads\/2025\/02\/visitar-el-portet-Moraira.jpg 1350w, https:\/\/www.ontravelholidayrentals.com\/blog\/wp-content\/uploads\/2025\/02\/visitar-el-portet-Moraira-300x150.jpg 300w, https:\/\/www.ontravelholidayrentals.com\/blog\/wp-content\/uploads\/2025\/02\/visitar-el-portet-Moraira-1024x512.jpg 1024w, https:\/\/www.ontravelholidayrentals.com\/blog\/wp-content\/uploads\/2025\/02\/visitar-el-portet-Moraira-768x384.jpg 768w\" sizes=\"(max-width: 1350px) 100vw, 1350px\" \/>\t\t\t\t\t\t\t\t\t\t\t\t\t\t\t<\/div>\n\t\t\t\t<\/div>\n\t\t\t\t\t<\/div>\n\t\t\t\t<\/div>\n\t\t<div class=\"elementor-element elementor-element-e2b7a48 e-flex e-con-boxed e-con e-parent\" data-id=\"e2b7a48\" data-element_type=\"container\" data-e-type=\"container\">\n\t\t\t\t\t<div class=\"e-con-inner\">\n\t\t\t\t<div class=\"elementor-element elementor-element-c312db0 elementor-widget elementor-widget-heading\" data-id=\"c312db0\" data-element_type=\"widget\" data-e-type=\"widget\" data-widget_type=\"heading.default\">\n\t\t\t\t<div class=\"elementor-widget-container\">\n\t\t\t\t\t<h2 class=\"elementor-heading-title elementor-size-default\">Actividades y Playas en El Portet \n<\/h2>\t\t\t\t<\/div>\n\t\t\t\t<\/div>\n\t\t\t\t<div class=\"elementor-element elementor-element-015ebe4 elementor-widget elementor-widget-text-editor\" data-id=\"015ebe4\" data-element_type=\"widget\" data-e-type=\"widget\" data-widget_type=\"text-editor.default\">\n\t\t\t\t<div class=\"elementor-widget-container\">\n\t\t\t\t\t\t\t\t\t<p><span style=\"font-weight: 400;\">Como ya hemos comentado,<\/span><b> la playa de El Portet en Moraira es mucho m\u00e1s que una simple playa.<\/b><span style=\"font-weight: 400;\"> Tambi\u00e9n es un destino que combina la tranquilidad familiar con actividades divertidas para pasar el tiempo de la mejor manera.<\/span><\/p><p><span style=\"font-weight: 400;\">La cala de El portet en Moraira <\/span><b>tiene una preciosa forma de concha <\/b><span style=\"font-weight: 400;\">y est\u00e1 protegida por la pen\u00ednsula del Cap d\u2019Or. Entre las actividades m\u00e1s populares se encuentran:<\/span><\/p>\t\t\t\t\t\t\t\t<\/div>\n\t\t\t\t<\/div>\n\t\t\t\t\t<\/div>\n\t\t\t\t<\/div>\n\t\t<div class=\"elementor-element elementor-element-76738a3 e-flex e-con-boxed e-con e-parent\" data-id=\"76738a3\" data-element_type=\"container\" data-e-type=\"container\">\n\t\t\t\t\t<div class=\"e-con-inner\">\n\t\t<div class=\"elementor-element elementor-element-e4ef7a3 e-con-full e-flex e-con e-child\" data-id=\"e4ef7a3\" data-element_type=\"container\" data-e-type=\"container\">\n\t\t\t\t<div class=\"elementor-element elementor-element-2c438222 elementor-widget elementor-widget-heading\" data-id=\"2c438222\" data-element_type=\"widget\" data-e-type=\"widget\" data-widget_type=\"heading.default\">\n\t\t\t\t<div class=\"elementor-widget-container\">\n\t\t\t\t\t<h3 class=\"elementor-heading-title elementor-size-default\">Kayak y paddle surf \n<\/h3>\t\t\t\t<\/div>\n\t\t\t\t<\/div>\n\t\t\t\t<div class=\"elementor-element elementor-element-441390e7 elementor-widget elementor-widget-text-editor\" data-id=\"441390e7\" data-element_type=\"widget\" data-e-type=\"widget\" data-widget_type=\"text-editor.default\">\n\t\t\t\t<div class=\"elementor-widget-container\">\n\t\t\t\t\t\t\t\t\t<p><span style=\"font-weight: 400;\">Esta es una divertida opci\u00f3n que te permite<\/span><b> explorar la costa de una manera diferente y descubrir rincones escondidos<\/b><span style=\"font-weight: 400;\">, como la Cala Llebeig o las cuevas submarinas cercanas. Si ya tienes pr\u00e1ctica con el paddle surf, puedes dar rienda suelta a tus habilidades. Si no, encontrar\u00e1s instructores y clubs de surf a tu medida para aprender.<\/span><\/p>\t\t\t\t\t\t\t\t<\/div>\n\t\t\t\t<\/div>\n\t\t\t\t<\/div>\n\t\t<div class=\"elementor-element elementor-element-3a4fd35 e-con-full e-flex e-con e-child\" data-id=\"3a4fd35\" data-element_type=\"container\" data-e-type=\"container\">\n\t\t\t\t<div class=\"elementor-element elementor-element-b279ea5 elementor-widget elementor-widget-heading\" data-id=\"b279ea5\" data-element_type=\"widget\" data-e-type=\"widget\" data-widget_type=\"heading.default\">\n\t\t\t\t<div class=\"elementor-widget-container\">\n\t\t\t\t\t<h3 class=\"elementor-heading-title elementor-size-default\">Snorkel<\/h3>\t\t\t\t<\/div>\n\t\t\t\t<\/div>\n\t\t\t\t<div class=\"elementor-element elementor-element-6c63592 elementor-widget elementor-widget-text-editor\" data-id=\"6c63592\" data-element_type=\"widget\" data-e-type=\"widget\" data-widget_type=\"text-editor.default\">\n\t\t\t\t<div class=\"elementor-widget-container\">\n\t\t\t\t\t\t\t\t\t<p><span style=\"font-weight: 400;\">Los fondos marinos de la cala de El Portet en Moraira son ricos en posidonia oce\u00e1nica. Te lo traducimos: <\/span><b>ofrecen una experiencia \u00fanica llena de vida marina nada m\u00e1s meter la cabeza y bucear un poco.<\/b><span style=\"font-weight: 400;\"> \u00bfNo cuentas con equipo para hacer snorkel? No te preocupes, en la playa hay servicios de alquiler de equipos y gu\u00edas especializados para que tengas una experiencia segura.<\/span><\/p>\t\t\t\t\t\t\t\t<\/div>\n\t\t\t\t<\/div>\n\t\t\t\t<\/div>\n\t\t<div class=\"elementor-element elementor-element-1092779 e-con-full e-flex e-con e-child\" data-id=\"1092779\" data-element_type=\"container\" data-e-type=\"container\">\n\t\t\t\t<div class=\"elementor-element elementor-element-a68bd48 elementor-widget elementor-widget-heading\" data-id=\"a68bd48\" data-element_type=\"widget\" data-e-type=\"widget\" data-widget_type=\"heading.default\">\n\t\t\t\t<div class=\"elementor-widget-container\">\n\t\t\t\t\t<h3 class=\"elementor-heading-title elementor-size-default\">Paseo por el peque\u00f1o paseo mar\u00edtimo \n<\/h3>\t\t\t\t<\/div>\n\t\t\t\t<\/div>\n\t\t\t\t<div class=\"elementor-element elementor-element-a2be149 elementor-widget elementor-widget-text-editor\" data-id=\"a2be149\" data-element_type=\"widget\" data-e-type=\"widget\" data-widget_type=\"text-editor.default\">\n\t\t\t\t<div class=\"elementor-widget-container\">\n\t\t\t\t\t\t\t\t\t<p><span style=\"font-weight: 400;\">Para los amantes de lo tranquilo, que prefieren no meter la cabeza donde no les llaman, <\/span><b>siempre est\u00e1 la posibilidad de dar un paseo a lo largo de la playa<\/b><span style=\"font-weight: 400;\">. Aqu\u00ed encontrar\u00e1s restaurantes con vistas espectaculares donde podr\u00e1s comer algunos de los platos m\u00e1s t\u00edpicos. \u00bfC\u00f3mo te pinta un arroz de pescado y marisco?\u00a0\u00a0<\/span><\/p>\t\t\t\t\t\t\t\t<\/div>\n\t\t\t\t<\/div>\n\t\t\t\t<\/div>\n\t\t<div class=\"elementor-element elementor-element-a2088d1 e-con-full e-flex e-con e-child\" data-id=\"a2088d1\" data-element_type=\"container\" data-e-type=\"container\">\n\t\t\t\t<div class=\"elementor-element elementor-element-6e7b7d3 elementor-widget elementor-widget-heading\" data-id=\"6e7b7d3\" data-element_type=\"widget\" data-e-type=\"widget\" data-widget_type=\"heading.default\">\n\t\t\t\t<div class=\"elementor-widget-container\">\n\t\t\t\t\t<h3 class=\"elementor-heading-title elementor-size-default\">Rutas de senderismo \n<\/h3>\t\t\t\t<\/div>\n\t\t\t\t<\/div>\n\t\t\t\t<div class=\"elementor-element elementor-element-f2be60a elementor-widget elementor-widget-text-editor\" data-id=\"f2be60a\" data-element_type=\"widget\" data-e-type=\"widget\" data-widget_type=\"text-editor.default\">\n\t\t\t\t<div class=\"elementor-widget-container\">\n\t\t\t\t\t\t\t\t\t<p><span style=\"font-weight: 400;\">Para llevar eso del paseo al siguiente nivel, <\/span><b>te recomendamos una ruta hacia la Torre Vig\u00eda del Cap d\u2019Or<\/b><span style=\"font-weight: 400;\">, o seguir la ruta de los miradores del litoral. Ambas opciones ofrecen vistas impresionantes del Mediterr\u00e1neo.<\/span><\/p>\t\t\t\t\t\t\t\t<\/div>\n\t\t\t\t<\/div>\n\t\t\t\t<\/div>\n\t\t\t\t\t<\/div>\n\t\t\t\t<\/div>\n\t\t<div class=\"elementor-element elementor-element-4b58753 e-flex e-con-boxed e-con e-parent\" data-id=\"4b58753\" data-element_type=\"container\" data-e-type=\"container\">\n\t\t\t\t\t<div class=\"e-con-inner\">\n\t\t\t\t<div class=\"elementor-element elementor-element-01e21fe elementor-widget elementor-widget-text-editor\" data-id=\"01e21fe\" data-element_type=\"widget\" data-e-type=\"widget\" data-widget_type=\"text-editor.default\">\n\t\t\t\t<div class=\"elementor-widget-container\">\n\t\t\t\t\t\t\t\t\t<p><span style=\"color: var( --e-global-color-text ); font-family: var( --e-global-typography-text-font-family ), Sans-serif; font-size: var( --e-global-typography-text-font-size ); text-align: var(--text-align); background-color: var(--wp--preset--color--base); letter-spacing: -0.1px;\">Como ya has podido ver, <\/span><b style=\"color: var( --e-global-color-text ); font-family: var( --e-global-typography-text-font-family ), Sans-serif; font-size: var( --e-global-typography-text-font-size ); text-align: var(--text-align); background-color: var(--wp--preset--color--base); letter-spacing: -0.1px;\">El Portet se distingue por un ambiente familiar, servicios completos y opciones para todos los gustos.<\/b><span style=\"color: var( --e-global-color-text ); font-family: var( --e-global-typography-text-font-family ), Sans-serif; font-size: var( --e-global-typography-text-font-size ); text-align: var(--text-align); background-color: var(--wp--preset--color--base); letter-spacing: -0.1px;\"> En otras palabras, es un lugar imprescindible para ti si buscas disfrutar del aut\u00e9ntico esp\u00edritu mediterr\u00e1neo.<\/span><\/p>\t\t\t\t\t\t\t\t<\/div>\n\t\t\t\t<\/div>\n\t\t\t\t\t<\/div>\n\t\t\t\t<\/div>\n\t\t<div class=\"elementor-element elementor-element-4d198f1 e-flex e-con-boxed e-con e-parent\" data-id=\"4d198f1\" data-element_type=\"container\" data-e-type=\"container\">\n\t\t\t\t\t<div class=\"e-con-inner\">\n\t\t\t\t<div class=\"elementor-element elementor-element-d53d13e elementor-widget elementor-widget-image\" data-id=\"d53d13e\" data-element_type=\"widget\" data-e-type=\"widget\" data-widget_type=\"image.default\">\n\t\t\t\t<div class=\"elementor-widget-container\">\n\t\t\t\t\t\t\t\t\t\t\t\t\t\t\t<img decoding=\"async\" width=\"1732\" height=\"866\" src=\"https:\/\/www.ontravelholidayrentals.com\/blog\/wp-content\/uploads\/2025\/02\/Surf-el-portet-Moraira.jpg\" class=\"attachment-full size-full wp-image-106\" alt=\"Surf-el-portet-Moraira.jpg\" srcset=\"https:\/\/www.ontravelholidayrentals.com\/blog\/wp-content\/uploads\/2025\/02\/Surf-el-portet-Moraira.jpg 1732w, https:\/\/www.ontravelholidayrentals.com\/blog\/wp-content\/uploads\/2025\/02\/Surf-el-portet-Moraira-300x150.jpg 300w, https:\/\/www.ontravelholidayrentals.com\/blog\/wp-content\/uploads\/2025\/02\/Surf-el-portet-Moraira-1024x512.jpg 1024w, https:\/\/www.ontravelholidayrentals.com\/blog\/wp-content\/uploads\/2025\/02\/Surf-el-portet-Moraira-768x384.jpg 768w, https:\/\/www.ontravelholidayrentals.com\/blog\/wp-content\/uploads\/2025\/02\/Surf-el-portet-Moraira-1536x768.jpg 1536w\" sizes=\"(max-width: 1732px) 100vw, 1732px\" \/>\t\t\t\t\t\t\t\t\t\t\t\t\t\t\t<\/div>\n\t\t\t\t<\/div>\n\t\t\t\t\t<\/div>\n\t\t\t\t<\/div>\n\t\t<div class=\"elementor-element elementor-element-26a29323 e-flex e-con-boxed e-con e-parent\" data-id=\"26a29323\" data-element_type=\"container\" data-e-type=\"container\">\n\t\t\t\t\t<div class=\"e-con-inner\">\n\t\t\t\t<div class=\"elementor-element elementor-element-477c245f elementor-widget elementor-widget-heading\" data-id=\"477c245f\" data-element_type=\"widget\" data-e-type=\"widget\" data-widget_type=\"heading.default\">\n\t\t\t\t<div class=\"elementor-widget-container\">\n\t\t\t\t\t<h2 class=\"elementor-heading-title elementor-size-default\">\u00bfNo sabes c\u00f3mo llegar a El Portet en Moraira? Te guiamos\n<\/h2>\t\t\t\t<\/div>\n\t\t\t\t<\/div>\n\t\t\t\t<div class=\"elementor-element elementor-element-153aa2fd elementor-widget elementor-widget-text-editor\" data-id=\"153aa2fd\" data-element_type=\"widget\" data-e-type=\"widget\" data-widget_type=\"text-editor.default\">\n\t\t\t\t<div class=\"elementor-widget-container\">\n\t\t\t\t\t\t\t\t\t<p><span style=\"font-weight: 400;\">No te vamos a mentir, <\/span><b>tampoco es que sea muy complicado llegar a esta playa.<\/b><span style=\"font-weight: 400;\"> Pero lo que s\u00ed queremos es darte todas las opciones de acceso para que puedas planificar tu ruta con antelaci\u00f3n.\u00a0<\/span><\/p><p><span style=\"font-weight: 400;\">Lo primero que debes saber es que este peque\u00f1o para\u00edso <\/span><b>se encuentra a tan solo 2 kil\u00f3metros del centro de Moraira<\/b><span style=\"font-weight: 400;\">. Una vez que est\u00e9s en el pueblo, podr\u00e1s llegar tanto en coche como en transporte p\u00fablico, o incluso caminando si te apetece dar un paseo.\u00a0<\/span><\/p><p><span style=\"font-weight: 400;\">Si viajas en coche hasta Moraira desde Alicante, <\/span><b>puedes tomar la autopista A-7 en direcci\u00f3n a Valencia, salir por la salida 63 hacia Teulada y seguir las indicaciones hacia Moraira. <\/b><span style=\"font-weight: 400;\">Una vez all\u00ed, basta con tomar la Avenida del Portet, una carretera costera bien se\u00f1alizada que te llevar\u00e1 directamente a la playa. Si vienes desde Madrid, tendr\u00e1s que coger la A-3 hacia Valencia y desviarte por la AP-7 hacia Alicante, cogiendo la misma salida.\u00a0<\/span><\/p>\t\t\t\t\t\t\t\t<\/div>\n\t\t\t\t<\/div>\n\t\t\t\t\t<\/div>\n\t\t\t\t<\/div>\n\t\t<div class=\"elementor-element elementor-element-4d60c99 e-flex e-con-boxed e-con e-parent\" data-id=\"4d60c99\" data-element_type=\"container\" data-e-type=\"container\">\n\t\t\t\t\t<div class=\"e-con-inner\">\n\t\t<div class=\"elementor-element elementor-element-84a7997 e-con-full e-flex e-con e-child\" data-id=\"84a7997\" data-element_type=\"container\" data-e-type=\"container\">\n\t\t\t\t<div class=\"elementor-element elementor-element-b989505 elementor-widget elementor-widget-text-editor\" data-id=\"b989505\" data-element_type=\"widget\" data-e-type=\"widget\" data-widget_type=\"text-editor.default\">\n\t\t\t\t<div class=\"elementor-widget-container\">\n\t\t\t\t\t\t\t\t\t<p><b style=\"color: var( --e-global-color-text ); font-family: var( --e-global-typography-text-font-family ), Sans-serif; font-size: var( --e-global-typography-text-font-size ); text-align: var(--text-align); letter-spacing: -0.1px; background-color: var(--wp--preset--color--base);\">Ten en cuenta que el aparcamiento es limitado<\/b><span style=\"color: var( --e-global-color-text ); font-family: var( --e-global-typography-text-font-family ), Sans-serif; font-size: var( --e-global-typography-text-font-size ); font-weight: var( --e-global-typography-text-font-weight ); text-align: var(--text-align); letter-spacing: -0.1px; background-color: var(--wp--preset--color--base);\">, sobre todo en temporada alta, de modo que intenta llegar temprano para coger un buen sitio en la playa.<\/span><\/p><p><span style=\"font-weight: 400;\">En transporte p\u00fablico, hay autobuses desde Alicante y Valencia. <\/span><b>Desde Madrid, puedes tomar un tren de alta velocidad (AVE) desde Madrid a Alicante <\/b><span style=\"font-weight: 400;\">(unas 2 horas y 30 minutos). Desde Alicante, puedes tomar un autob\u00fas a Moraira con conexi\u00f3n en Calpe o D\u00e9nia.<\/span><\/p><p><span style=\"font-weight: 400;\">Si vives algo m\u00e1s lejos o simplemente no te apetece coger carretera, <\/span><b>siempre puedes coger un avi\u00f3n hasta el aeropuerto de Alicante-Elche<\/b><span style=\"font-weight: 400;\"> y alquilar un coche o tomar un autob\u00fas hacia Moraira.<\/span><\/p>\t\t\t\t\t\t\t\t<\/div>\n\t\t\t\t<\/div>\n\t\t\t\t<\/div>\n\t\t<div class=\"elementor-element elementor-element-3e292fe e-con-full e-flex e-con e-child\" data-id=\"3e292fe\" data-element_type=\"container\" data-e-type=\"container\">\n\t\t\t\t<div class=\"elementor-element elementor-element-d9c3721 elementor-widget elementor-widget-google_maps\" data-id=\"d9c3721\" data-element_type=\"widget\" data-e-type=\"widget\" data-widget_type=\"google_maps.default\">\n\t\t\t\t<div class=\"elementor-widget-container\">\n\t\t\t\t\t\t\t<div class=\"elementor-custom-embed\">\n\t\t\t<iframe loading=\"lazy\"\n\t\t\t\t\tsrc=\"https:\/\/maps.google.com\/maps?q=el%20portet%20moraira&#038;t=m&#038;z=10&#038;output=embed&#038;iwloc=near\"\n\t\t\t\t\ttitle=\"el portet moraira\"\n\t\t\t\t\taria-label=\"el portet moraira\"\n\t\t\t><\/iframe>\n\t\t<\/div>\n\t\t\t\t\t\t<\/div>\n\t\t\t\t<\/div>\n\t\t\t\t<\/div>\n\t\t\t\t\t<\/div>\n\t\t\t\t<\/div>\n\t\t<div class=\"elementor-element elementor-element-f62d40a e-flex e-con-boxed e-con e-parent\" data-id=\"f62d40a\" data-element_type=\"container\" data-e-type=\"container\">\n\t\t\t\t\t<div class=\"e-con-inner\">\n\t\t\t\t<div class=\"elementor-element elementor-element-da5e1a2 elementor-widget elementor-widget-heading\" data-id=\"da5e1a2\" data-element_type=\"widget\" data-e-type=\"widget\" data-widget_type=\"heading.default\">\n\t\t\t\t<div class=\"elementor-widget-container\">\n\t\t\t\t\t<h2 class=\"elementor-heading-title elementor-size-default\">Qu\u00e9 Hacer en Moraira y Alrededores \n<\/h2>\t\t\t\t<\/div>\n\t\t\t\t<\/div>\n\t\t\t\t<div class=\"elementor-element elementor-element-82c7bd5 elementor-widget elementor-widget-text-editor\" data-id=\"82c7bd5\" data-element_type=\"widget\" data-e-type=\"widget\" data-widget_type=\"text-editor.default\">\n\t\t\t\t<div class=\"elementor-widget-container\">\n\t\t\t\t\t\t\t\t\t<p><span style=\"font-weight: 400;\">Adem\u00e1s de visitar en Moraira la cala El Portet, tambi\u00e9n puedes probar con otros destinos o actividades tur\u00edsticas:<\/span><\/p><ul><li style=\"font-weight: 400;\" aria-level=\"1\"><b>Descubre la cala del Moraig,<\/b><span style=\"font-weight: 400;\"> famosa por sus acantilados que quitan el hipo, la Cueva de los Arcos, y la Playa de l&#8217; Ampolla, ideal si quieres ir con toda la familia.<\/span><\/li><li style=\"font-weight: 400;\" aria-level=\"1\"><b>Haz una excursi\u00f3n en kayak<\/b><span style=\"font-weight: 400;\"> hasta la Cueva del Pez o la Cala Testos, donde podr\u00e1s deleitarte con sus aguas turquesas y explorar su precioso fondo marino.\u00a0<\/span><\/li><li style=\"font-weight: 400;\" aria-level=\"1\"><b>Visita el casco hist\u00f3rico<\/b><span style=\"font-weight: 400;\">, recorriendo las calles de un pueblo lleno de casas blancas, tiendas locales y cafeter\u00edas con pura esencia mediterr\u00e1nea.\u00a0<\/span><\/li><\/ul><p><b>Descubre el Castillo de Moraira<\/b><span style=\"font-weight: 400;\">, un mirador privilegiado hacia el mar que en el siglo XVIII sirvi\u00f3 como fortaleza contra la invasi\u00f3n musulmana.<\/span><\/p>\t\t\t\t\t\t\t\t<\/div>\n\t\t\t\t<\/div>\n\t\t\t\t\t<\/div>\n\t\t\t\t<\/div>\n\t\t<div class=\"elementor-element elementor-element-45192b3 e-flex e-con-boxed e-con e-parent\" data-id=\"45192b3\" data-element_type=\"container\" data-e-type=\"container\">\n\t\t\t\t\t<div class=\"e-con-inner\">\n\t\t\t\t<div class=\"elementor-element elementor-element-e7b16bf elementor-widget elementor-widget-heading\" data-id=\"e7b16bf\" data-element_type=\"widget\" data-e-type=\"widget\" data-widget_type=\"heading.default\">\n\t\t\t\t<div class=\"elementor-widget-container\">\n\t\t\t\t\t<h2 class=\"elementor-heading-title elementor-size-default\">Disfruta de El Portet y Moraira como nunca antes\n<\/h2>\t\t\t\t<\/div>\n\t\t\t\t<\/div>\n\t\t\t\t<div class=\"elementor-element elementor-element-8e48205 elementor-widget elementor-widget-text-editor\" data-id=\"8e48205\" data-element_type=\"widget\" data-e-type=\"widget\" data-widget_type=\"text-editor.default\">\n\t\t\t\t<div class=\"elementor-widget-container\">\n\t\t\t\t\t\t\t\t\t<p><span style=\"font-weight: 400;\">Ahora que ya sabes todo lo que puede ofrecerte El Portet en Moraira, falta lo m\u00e1s importante. Aseg\u00farate de tener un apartamento de la mejor calidad a un precio fant\u00e1stico. <\/span><b>Contacta con nosotros para reservar tu alojamiento en Oliva o Moraira <\/b><span style=\"font-weight: 400;\">antes de que se acaben y ven a conocer este para\u00edso mediterr\u00e1neo.<\/span><\/p>\t\t\t\t\t\t\t\t<\/div>\n\t\t\t\t<\/div>\n\t\t\t\t\t<\/div>\n\t\t\t\t<\/div>\n\t\t<div class=\"elementor-element elementor-element-5c41d90 e-flex e-con-boxed e-con e-parent\" data-id=\"5c41d90\" data-element_type=\"container\" data-e-type=\"container\">\n\t\t\t\t\t<div class=\"e-con-inner\">\n\t\t\t\t<div class=\"elementor-element elementor-element-d67c9a5 elementor-widget elementor-widget-grid\" data-id=\"d67c9a5\" data-element_type=\"widget\" data-e-type=\"widget\" data-widget_type=\"grid.default\">\n\t\t\t\t<div class=\"elementor-widget-container\">\n\t\t\t\t\t\t\t<div class=\"its--row alojamientos-recomendados\">\n\n\t\t\t<div class=\"alojamientos-recomendados-container\">\n\n\t\t\t\t\t\n\t\t\t\t\t<a href=\"https:\/\/www.ontravelholidayrentals.com\/alquiler\/apartamento-oliva-los-lagos-2a-461299.html\" rel=\"nofollow\" style=\"width: 23%;\">\n\t\t\t\t\t\t<div class=\"apartamento-box\">\n\t\t\t\t\t\t\t<div class=\"imagen_recomendados\">\n\t\t\t\t\t\t\t\t<img decoding=\"async\" src=\"https:\/\/crs.avantio.com\/fotos\/2\/170341212673d3f18953553dbdfe4e9e32848f47c7\/big1703412142b7e00172e45fe5f52b96a1ac95073f4e.jpg\" alt=\"Los Lagos by ON Travel\">\n\t\t\t\t\t\t\t<\/div>\n\t\t\t\t\t\t\t<div class=\"info\">\n\t\t\t\t\t\t\t\t<div class=\"ubicacion\">\n\t\t\t\t\t\t\t\t\t<i class=\"fa-solid fa-location-dot icono-mapa\"><\/i><span class=\"ubicacion-texto\">Oliva - Valencia<\/span>\n\t\t\t\t\t\t\t\t<\/div>\n\t\t\t\t\t\t\t\t<H3 class=\"titulo-alojamiento\">\n\t\t\t\t\t\t\t\t\tLos Lagos by ON Travel\t\t\t\t\t\t\t\t<\/H3>\n\t\t\t\t\t\t\t\t<p class=\"precio-alojamiento\">Desde <span class=\"precio\">250.00\u20ac<\/span> por noche<\/p>\n\t\t\t\t\t\t\t<\/div>\n\t\t\t\t\t\t<\/div>\n\t\t\t\t\t<\/a> \n\t\t\t\t\t\t\n\t\t\t\t\t<a href=\"https:\/\/www.ontravelholidayrentals.com\/alquiler\/apartamento-oliva-los-lagos-2b-461315.html\" rel=\"nofollow\" style=\"width: 23%;\">\n\t\t\t\t\t\t<div class=\"apartamento-box\">\n\t\t\t\t\t\t\t<div class=\"imagen_recomendados\">\n\t\t\t\t\t\t\t\t<img decoding=\"async\" src=\"https:\/\/crs.avantio.com\/fotos\/2\/1703416541a1c19e67acc406e4769bf9b70107395e\/big17034165469ee5fa3693f3b32b85c63306e23b7865.jpg\" alt=\" The Rooftop Los Lagos by ON Travel\">\n\t\t\t\t\t\t\t<\/div>\n\t\t\t\t\t\t\t<div class=\"info\">\n\t\t\t\t\t\t\t\t<div class=\"ubicacion\">\n\t\t\t\t\t\t\t\t\t<i class=\"fa-solid fa-location-dot icono-mapa\"><\/i><span class=\"ubicacion-texto\">Oliva - Valencia<\/span>\n\t\t\t\t\t\t\t\t<\/div>\n\t\t\t\t\t\t\t\t<H3 class=\"titulo-alojamiento\">\n\t\t\t\t\t\t\t\t\t The Rooftop Los Lagos by ON Travel\t\t\t\t\t\t\t\t<\/H3>\n\t\t\t\t\t\t\t\t<p class=\"precio-alojamiento\">Desde <span class=\"precio\">250.00\u20ac<\/span> por noche<\/p>\n\t\t\t\t\t\t\t<\/div>\n\t\t\t\t\t\t<\/div>\n\t\t\t\t\t<\/a> \n\t\t\t\t\t\t\n\t\t\t\t\t<a href=\"https:\/\/www.ontravelholidayrentals.com\/alquiler\/apartamento-oliva-hoyo-17-1401-461320.html\" rel=\"nofollow\" style=\"width: 23%;\">\n\t\t\t\t\t\t<div class=\"apartamento-box\">\n\t\t\t\t\t\t\t<div class=\"imagen_recomendados\">\n\t\t\t\t\t\t\t\t<img decoding=\"async\" src=\"https:\/\/crs.avantio.com\/fotos\/2\/170342992255ca7d4aee571594651b5adb7ccda75c\/big1703429934a1fb5e3be7ac5dbff71d87a9227aa17d.jpg\" alt=\"\u00c1tico Oceanic by ON Travel\">\n\t\t\t\t\t\t\t<\/div>\n\t\t\t\t\t\t\t<div class=\"info\">\n\t\t\t\t\t\t\t\t<div class=\"ubicacion\">\n\t\t\t\t\t\t\t\t\t<i class=\"fa-solid fa-location-dot icono-mapa\"><\/i><span class=\"ubicacion-texto\">Oliva - Valencia<\/span>\n\t\t\t\t\t\t\t\t<\/div>\n\t\t\t\t\t\t\t\t<H3 class=\"titulo-alojamiento\">\n\t\t\t\t\t\t\t\t\t\u00c1tico Oceanic by ON Travel\t\t\t\t\t\t\t\t<\/H3>\n\t\t\t\t\t\t\t\t<p class=\"precio-alojamiento\">Desde <span class=\"precio\">550.00\u20ac<\/span> por noche<\/p>\n\t\t\t\t\t\t\t<\/div>\n\t\t\t\t\t\t<\/div>\n\t\t\t\t\t<\/a> \n\t\t\t\t\t\t\n\t\t\t\t\t<a href=\"https:\/\/www.ontravelholidayrentals.com\/alquiler\/apartamento-oliva-hoyo-17-2204-461321.html\" rel=\"nofollow\" style=\"width: 23%;\">\n\t\t\t\t\t\t<div class=\"apartamento-box\">\n\t\t\t\t\t\t\t<div class=\"imagen_recomendados\">\n\t\t\t\t\t\t\t\t<img decoding=\"async\" src=\"https:\/\/crs.avantio.com\/fotos\/2\/1703436554c275a1573516e87c6d66d8c01374d53f\/big170343656306489e7a54b318f7434c587baf4be288.jpg\" alt=\"Lirio by ON Travel\">\n\t\t\t\t\t\t\t<\/div>\n\t\t\t\t\t\t\t<div class=\"info\">\n\t\t\t\t\t\t\t\t<div class=\"ubicacion\">\n\t\t\t\t\t\t\t\t\t<i class=\"fa-solid fa-location-dot icono-mapa\"><\/i><span class=\"ubicacion-texto\">Oliva - Valencia<\/span>\n\t\t\t\t\t\t\t\t<\/div>\n\t\t\t\t\t\t\t\t<H3 class=\"titulo-alojamiento\">\n\t\t\t\t\t\t\t\t\tLirio by ON Travel\t\t\t\t\t\t\t\t<\/H3>\n\t\t\t\t\t\t\t\t<p class=\"precio-alojamiento\">Desde <span class=\"precio\">200.00\u20ac<\/span> por noche<\/p>\n\t\t\t\t\t\t\t<\/div>\n\t\t\t\t\t\t<\/div>\n\t\t\t\t\t<\/a> \n\t\t\t\t\t\t\t\t<\/div>\n\t\t\t<\/div>\n\t\t\t\t\t\t<\/div>\n\t\t\t\t<\/div>\n\t\t\t\t\t<\/div>\n\t\t\t\t<\/div>\n\t\t\t\t<\/div>\n\t\t","protected":false},"excerpt":{"rendered":"<p>El Portet en Moraira. Desconecta en vacaciones en un refugio ideal Si eres de los que piensan que para disfrutar de una playa paradisiaca digna de un videoclip hay que viajar lejos y coger un par de aviones\u2026 hoy venimos a quitarte esa idea. En Espa\u00f1a, tenemos la suerte de contar con aut\u00e9nticas joyas playeras [&hellip;]<\/p>\n","protected":false},"author":2,"featured_media":114,"comment_status":"open","ping_status":"open","sticky":false,"template":"elementor_header_footer","format":"standard","meta":{"footnotes":""},"categories":[19],"tags":[70],"class_list":["post-104","post","type-post","status-publish","format-standard","has-post-thumbnail","hentry","category-moraira","tag-no-template"],"yoast_head":"<!-- This site is optimized with the Yoast SEO plugin v25.2 - https:\/\/yoast.com\/wordpress\/plugins\/seo\/ -->\n<title>El Portet en Moraira. Desconecta en vacaciones en un refugio ideal - Blog<\/title>\n<meta name=\"description\" content=\"Vive la tranquilidad de El Portet, en Moraira. Disfruta de sus playas y su ambiente relajado. \u00a1Ven a descubrir este hermoso rinc\u00f3n!\" \/>\n<meta name=\"robots\" content=\"index, follow, max-snippet:-1, max-image-preview:large, max-video-preview:-1\" \/>\n<link rel=\"canonical\" href=\"https:\/\/www.ontravelholidayrentals.com\/blog\/portet-moraira\/\" \/>\n<meta property=\"og:locale\" content=\"es_ES\" \/>\n<meta property=\"og:type\" content=\"article\" \/>\n<meta property=\"og:title\" content=\"El Portet en Moraira. Desconecta en vacaciones en un refugio ideal - Blog\" \/>\n<meta property=\"og:description\" content=\"Vive la tranquilidad de El Portet, en Moraira. Disfruta de sus playas y su ambiente relajado. \u00a1Ven a descubrir este hermoso rinc\u00f3n!\" \/>\n<meta property=\"og:url\" content=\"https:\/\/www.ontravelholidayrentals.com\/blog\/portet-moraira\/\" \/>\n<meta property=\"og:site_name\" content=\"Blog\" \/>\n<meta property=\"article:published_time\" content=\"2025-02-21T09:28:38+00:00\" \/>\n<meta property=\"article:modified_time\" content=\"2026-03-12T10:54:19+00:00\" \/>\n<meta property=\"og:image\" content=\"https:\/\/www.ontravelholidayrentals.com\/blog\/wp-content\/uploads\/2025\/02\/Cala-el-portet-Moraira.jpg\" \/>\n\t<meta property=\"og:image:width\" content=\"2120\" \/>\n\t<meta property=\"og:image:height\" content=\"707\" \/>\n\t<meta property=\"og:image:type\" content=\"image\/jpeg\" \/>\n<meta name=\"author\" content=\"digitalservices\" \/>\n<meta name=\"twitter:card\" content=\"summary_large_image\" \/>\n<meta name=\"twitter:label1\" content=\"Escrito por\" \/>\n\t<meta name=\"twitter:data1\" content=\"digitalservices\" \/>\n\t<meta name=\"twitter:label2\" content=\"Tiempo de lectura\" \/>\n\t<meta name=\"twitter:data2\" content=\"7 minutos\" \/>\n<script type=\"application\/ld+json\" class=\"yoast-schema-graph\">{\"@context\":\"https:\/\/schema.org\",\"@graph\":[{\"@type\":\"Article\",\"@id\":\"https:\/\/www.ontravelholidayrentals.com\/blog\/portet-moraira\/#article\",\"isPartOf\":{\"@id\":\"https:\/\/www.ontravelholidayrentals.com\/blog\/portet-moraira\/\"},\"author\":{\"name\":\"digitalservices\",\"@id\":\"https:\/\/www.ontravelholidayrentals.com\/blog\/#\/schema\/person\/4a04ea6edf25d5d452068c5ab6d33eee\"},\"headline\":\"El Portet en Moraira. Desconecta en vacaciones en un refugio ideal\",\"datePublished\":\"2025-02-21T09:28:38+00:00\",\"dateModified\":\"2026-03-12T10:54:19+00:00\",\"mainEntityOfPage\":{\"@id\":\"https:\/\/www.ontravelholidayrentals.com\/blog\/portet-moraira\/\"},\"wordCount\":1153,\"commentCount\":0,\"publisher\":{\"@id\":\"https:\/\/www.ontravelholidayrentals.com\/blog\/#organization\"},\"image\":{\"@id\":\"https:\/\/www.ontravelholidayrentals.com\/blog\/portet-moraira\/#primaryimage\"},\"thumbnailUrl\":\"https:\/\/www.ontravelholidayrentals.com\/blog\/wp-content\/uploads\/2025\/02\/Cala-el-portet-Moraira.jpg\",\"keywords\":[\"no template\"],\"articleSection\":[\"Moraira\"],\"inLanguage\":\"es\",\"potentialAction\":[{\"@type\":\"CommentAction\",\"name\":\"Comment\",\"target\":[\"https:\/\/www.ontravelholidayrentals.com\/blog\/portet-moraira\/#respond\"]}]},{\"@type\":\"WebPage\",\"@id\":\"https:\/\/www.ontravelholidayrentals.com\/blog\/portet-moraira\/\",\"url\":\"https:\/\/www.ontravelholidayrentals.com\/blog\/portet-moraira\/\",\"name\":\"El Portet en Moraira. Desconecta en vacaciones en un refugio ideal - Blog\",\"isPartOf\":{\"@id\":\"https:\/\/www.ontravelholidayrentals.com\/blog\/#website\"},\"primaryImageOfPage\":{\"@id\":\"https:\/\/www.ontravelholidayrentals.com\/blog\/portet-moraira\/#primaryimage\"},\"image\":{\"@id\":\"https:\/\/www.ontravelholidayrentals.com\/blog\/portet-moraira\/#primaryimage\"},\"thumbnailUrl\":\"https:\/\/www.ontravelholidayrentals.com\/blog\/wp-content\/uploads\/2025\/02\/Cala-el-portet-Moraira.jpg\",\"datePublished\":\"2025-02-21T09:28:38+00:00\",\"dateModified\":\"2026-03-12T10:54:19+00:00\",\"description\":\"Vive la tranquilidad de El Portet, en Moraira. Disfruta de sus playas y su ambiente relajado. \u00a1Ven a descubrir este hermoso rinc\u00f3n!\",\"breadcrumb\":{\"@id\":\"https:\/\/www.ontravelholidayrentals.com\/blog\/portet-moraira\/#breadcrumb\"},\"inLanguage\":\"es\",\"potentialAction\":[{\"@type\":\"ReadAction\",\"target\":[\"https:\/\/www.ontravelholidayrentals.com\/blog\/portet-moraira\/\"]}]},{\"@type\":\"ImageObject\",\"inLanguage\":\"es\",\"@id\":\"https:\/\/www.ontravelholidayrentals.com\/blog\/portet-moraira\/#primaryimage\",\"url\":\"https:\/\/www.ontravelholidayrentals.com\/blog\/wp-content\/uploads\/2025\/02\/Cala-el-portet-Moraira.jpg\",\"contentUrl\":\"https:\/\/www.ontravelholidayrentals.com\/blog\/wp-content\/uploads\/2025\/02\/Cala-el-portet-Moraira.jpg\",\"width\":2120,\"height\":707,\"caption\":\"Cala El Portet beach in Moraira Alicante Teulada Mediterranean of Spain\"},{\"@type\":\"BreadcrumbList\",\"@id\":\"https:\/\/www.ontravelholidayrentals.com\/blog\/portet-moraira\/#breadcrumb\",\"itemListElement\":[{\"@type\":\"ListItem\",\"position\":1,\"name\":\"Portada\",\"item\":\"https:\/\/www.ontravelholidayrentals.com\/blog\/\"},{\"@type\":\"ListItem\",\"position\":2,\"name\":\"El Portet en Moraira. Desconecta en vacaciones en un refugio ideal\"}]},{\"@type\":\"WebSite\",\"@id\":\"https:\/\/www.ontravelholidayrentals.com\/blog\/#website\",\"url\":\"https:\/\/www.ontravelholidayrentals.com\/blog\/\",\"name\":\"Blog\",\"description\":\"Ontravelholidayrentals\",\"publisher\":{\"@id\":\"https:\/\/www.ontravelholidayrentals.com\/blog\/#organization\"},\"potentialAction\":[{\"@type\":\"SearchAction\",\"target\":{\"@type\":\"EntryPoint\",\"urlTemplate\":\"https:\/\/www.ontravelholidayrentals.com\/blog\/?s={search_term_string}\"},\"query-input\":{\"@type\":\"PropertyValueSpecification\",\"valueRequired\":true,\"valueName\":\"search_term_string\"}}],\"inLanguage\":\"es\"},{\"@type\":\"Organization\",\"@id\":\"https:\/\/www.ontravelholidayrentals.com\/blog\/#organization\",\"name\":\"Blog\",\"url\":\"https:\/\/www.ontravelholidayrentals.com\/blog\/\",\"logo\":{\"@type\":\"ImageObject\",\"inLanguage\":\"es\",\"@id\":\"https:\/\/www.ontravelholidayrentals.com\/blog\/#\/schema\/logo\/image\/\",\"url\":\"https:\/\/www.ontravelholidayrentals.com\/blog\/wp-content\/uploads\/2025\/02\/logo-oliva-nova.webp\",\"contentUrl\":\"https:\/\/www.ontravelholidayrentals.com\/blog\/wp-content\/uploads\/2025\/02\/logo-oliva-nova.webp\",\"width\":2454,\"height\":875,\"caption\":\"Blog\"},\"image\":{\"@id\":\"https:\/\/www.ontravelholidayrentals.com\/blog\/#\/schema\/logo\/image\/\"}},{\"@type\":\"Person\",\"@id\":\"https:\/\/www.ontravelholidayrentals.com\/blog\/#\/schema\/person\/4a04ea6edf25d5d452068c5ab6d33eee\",\"name\":\"digitalservices\",\"image\":{\"@type\":\"ImageObject\",\"inLanguage\":\"es\",\"@id\":\"https:\/\/www.ontravelholidayrentals.com\/blog\/#\/schema\/person\/image\/\",\"url\":\"https:\/\/secure.gravatar.com\/avatar\/af30f88a1904294c1f3eb09a9d7903eec4ffa18fa2cf40c28a8681014ecdfc20?s=96&d=mm&r=g\",\"contentUrl\":\"https:\/\/secure.gravatar.com\/avatar\/af30f88a1904294c1f3eb09a9d7903eec4ffa18fa2cf40c28a8681014ecdfc20?s=96&d=mm&r=g\",\"caption\":\"digitalservices\"},\"url\":\"https:\/\/www.ontravelholidayrentals.com\/blog\/author\/digitalservices\/\"}]}<\/script>\n<!-- \/ Yoast SEO plugin. -->","yoast_head_json":{"title":"El Portet en Moraira. Desconecta en vacaciones en un refugio ideal - Blog","description":"Vive la tranquilidad de El Portet, en Moraira. Disfruta de sus playas y su ambiente relajado. \u00a1Ven a descubrir este hermoso rinc\u00f3n!","robots":{"index":"index","follow":"follow","max-snippet":"max-snippet:-1","max-image-preview":"max-image-preview:large","max-video-preview":"max-video-preview:-1"},"canonical":"https:\/\/www.ontravelholidayrentals.com\/blog\/portet-moraira\/","og_locale":"es_ES","og_type":"article","og_title":"El Portet en Moraira. Desconecta en vacaciones en un refugio ideal - Blog","og_description":"Vive la tranquilidad de El Portet, en Moraira. Disfruta de sus playas y su ambiente relajado. \u00a1Ven a descubrir este hermoso rinc\u00f3n!","og_url":"https:\/\/www.ontravelholidayrentals.com\/blog\/portet-moraira\/","og_site_name":"Blog","article_published_time":"2025-02-21T09:28:38+00:00","article_modified_time":"2026-03-12T10:54:19+00:00","og_image":[{"width":2120,"height":707,"url":"https:\/\/www.ontravelholidayrentals.com\/blog\/wp-content\/uploads\/2025\/02\/Cala-el-portet-Moraira.jpg","type":"image\/jpeg"}],"author":"digitalservices","twitter_card":"summary_large_image","twitter_misc":{"Escrito por":"digitalservices","Tiempo de lectura":"7 minutos"},"schema":{"@context":"https:\/\/schema.org","@graph":[{"@type":"Article","@id":"https:\/\/www.ontravelholidayrentals.com\/blog\/portet-moraira\/#article","isPartOf":{"@id":"https:\/\/www.ontravelholidayrentals.com\/blog\/portet-moraira\/"},"author":{"name":"digitalservices","@id":"https:\/\/www.ontravelholidayrentals.com\/blog\/#\/schema\/person\/4a04ea6edf25d5d452068c5ab6d33eee"},"headline":"El Portet en Moraira. Desconecta en vacaciones en un refugio ideal","datePublished":"2025-02-21T09:28:38+00:00","dateModified":"2026-03-12T10:54:19+00:00","mainEntityOfPage":{"@id":"https:\/\/www.ontravelholidayrentals.com\/blog\/portet-moraira\/"},"wordCount":1153,"commentCount":0,"publisher":{"@id":"https:\/\/www.ontravelholidayrentals.com\/blog\/#organization"},"image":{"@id":"https:\/\/www.ontravelholidayrentals.com\/blog\/portet-moraira\/#primaryimage"},"thumbnailUrl":"https:\/\/www.ontravelholidayrentals.com\/blog\/wp-content\/uploads\/2025\/02\/Cala-el-portet-Moraira.jpg","keywords":["no template"],"articleSection":["Moraira"],"inLanguage":"es","potentialAction":[{"@type":"CommentAction","name":"Comment","target":["https:\/\/www.ontravelholidayrentals.com\/blog\/portet-moraira\/#respond"]}]},{"@type":"WebPage","@id":"https:\/\/www.ontravelholidayrentals.com\/blog\/portet-moraira\/","url":"https:\/\/www.ontravelholidayrentals.com\/blog\/portet-moraira\/","name":"El Portet en Moraira. Desconecta en vacaciones en un refugio ideal - Blog","isPartOf":{"@id":"https:\/\/www.ontravelholidayrentals.com\/blog\/#website"},"primaryImageOfPage":{"@id":"https:\/\/www.ontravelholidayrentals.com\/blog\/portet-moraira\/#primaryimage"},"image":{"@id":"https:\/\/www.ontravelholidayrentals.com\/blog\/portet-moraira\/#primaryimage"},"thumbnailUrl":"https:\/\/www.ontravelholidayrentals.com\/blog\/wp-content\/uploads\/2025\/02\/Cala-el-portet-Moraira.jpg","datePublished":"2025-02-21T09:28:38+00:00","dateModified":"2026-03-12T10:54:19+00:00","description":"Vive la tranquilidad de El Portet, en Moraira. Disfruta de sus playas y su ambiente relajado. \u00a1Ven a descubrir este hermoso rinc\u00f3n!","breadcrumb":{"@id":"https:\/\/www.ontravelholidayrentals.com\/blog\/portet-moraira\/#breadcrumb"},"inLanguage":"es","potentialAction":[{"@type":"ReadAction","target":["https:\/\/www.ontravelholidayrentals.com\/blog\/portet-moraira\/"]}]},{"@type":"ImageObject","inLanguage":"es","@id":"https:\/\/www.ontravelholidayrentals.com\/blog\/portet-moraira\/#primaryimage","url":"https:\/\/www.ontravelholidayrentals.com\/blog\/wp-content\/uploads\/2025\/02\/Cala-el-portet-Moraira.jpg","contentUrl":"https:\/\/www.ontravelholidayrentals.com\/blog\/wp-content\/uploads\/2025\/02\/Cala-el-portet-Moraira.jpg","width":2120,"height":707,"caption":"Cala El Portet beach in Moraira Alicante Teulada Mediterranean of Spain"},{"@type":"BreadcrumbList","@id":"https:\/\/www.ontravelholidayrentals.com\/blog\/portet-moraira\/#breadcrumb","itemListElement":[{"@type":"ListItem","position":1,"name":"Portada","item":"https:\/\/www.ontravelholidayrentals.com\/blog\/"},{"@type":"ListItem","position":2,"name":"El Portet en Moraira. Desconecta en vacaciones en un refugio ideal"}]},{"@type":"WebSite","@id":"https:\/\/www.ontravelholidayrentals.com\/blog\/#website","url":"https:\/\/www.ontravelholidayrentals.com\/blog\/","name":"Blog","description":"Ontravelholidayrentals","publisher":{"@id":"https:\/\/www.ontravelholidayrentals.com\/blog\/#organization"},"potentialAction":[{"@type":"SearchAction","target":{"@type":"EntryPoint","urlTemplate":"https:\/\/www.ontravelholidayrentals.com\/blog\/?s={search_term_string}"},"query-input":{"@type":"PropertyValueSpecification","valueRequired":true,"valueName":"search_term_string"}}],"inLanguage":"es"},{"@type":"Organization","@id":"https:\/\/www.ontravelholidayrentals.com\/blog\/#organization","name":"Blog","url":"https:\/\/www.ontravelholidayrentals.com\/blog\/","logo":{"@type":"ImageObject","inLanguage":"es","@id":"https:\/\/www.ontravelholidayrentals.com\/blog\/#\/schema\/logo\/image\/","url":"https:\/\/www.ontravelholidayrentals.com\/blog\/wp-content\/uploads\/2025\/02\/logo-oliva-nova.webp","contentUrl":"https:\/\/www.ontravelholidayrentals.com\/blog\/wp-content\/uploads\/2025\/02\/logo-oliva-nova.webp","width":2454,"height":875,"caption":"Blog"},"image":{"@id":"https:\/\/www.ontravelholidayrentals.com\/blog\/#\/schema\/logo\/image\/"}},{"@type":"Person","@id":"https:\/\/www.ontravelholidayrentals.com\/blog\/#\/schema\/person\/4a04ea6edf25d5d452068c5ab6d33eee","name":"digitalservices","image":{"@type":"ImageObject","inLanguage":"es","@id":"https:\/\/www.ontravelholidayrentals.com\/blog\/#\/schema\/person\/image\/","url":"https:\/\/secure.gravatar.com\/avatar\/af30f88a1904294c1f3eb09a9d7903eec4ffa18fa2cf40c28a8681014ecdfc20?s=96&d=mm&r=g","contentUrl":"https:\/\/secure.gravatar.com\/avatar\/af30f88a1904294c1f3eb09a9d7903eec4ffa18fa2cf40c28a8681014ecdfc20?s=96&d=mm&r=g","caption":"digitalservices"},"url":"https:\/\/www.ontravelholidayrentals.com\/blog\/author\/digitalservices\/"}]}},"_links":{"self":[{"href":"https:\/\/www.ontravelholidayrentals.com\/blog\/wp-json\/wp\/v2\/posts\/104","targetHints":{"allow":["GET"]}}],"collection":[{"href":"https:\/\/www.ontravelholidayrentals.com\/blog\/wp-json\/wp\/v2\/posts"}],"about":[{"href":"https:\/\/www.ontravelholidayrentals.com\/blog\/wp-json\/wp\/v2\/types\/post"}],"author":[{"embeddable":true,"href":"https:\/\/www.ontravelholidayrentals.com\/blog\/wp-json\/wp\/v2\/users\/2"}],"replies":[{"embeddable":true,"href":"https:\/\/www.ontravelholidayrentals.com\/blog\/wp-json\/wp\/v2\/comments?post=104"}],"version-history":[{"count":19,"href":"https:\/\/www.ontravelholidayrentals.com\/blog\/wp-json\/wp\/v2\/posts\/104\/revisions"}],"predecessor-version":[{"id":860,"href":"https:\/\/www.ontravelholidayrentals.com\/blog\/wp-json\/wp\/v2\/posts\/104\/revisions\/860"}],"wp:featuredmedia":[{"embeddable":true,"href":"https:\/\/www.ontravelholidayrentals.com\/blog\/wp-json\/wp\/v2\/media\/114"}],"wp:attachment":[{"href":"https:\/\/www.ontravelholidayrentals.com\/blog\/wp-json\/wp\/v2\/media?parent=104"}],"wp:term":[{"taxonomy":"category","embeddable":true,"href":"https:\/\/www.ontravelholidayrentals.com\/blog\/wp-json\/wp\/v2\/categories?post=104"},{"taxonomy":"post_tag","embeddable":true,"href":"https:\/\/www.ontravelholidayrentals.com\/blog\/wp-json\/wp\/v2\/tags?post=104"}],"curies":[{"name":"wp","href":"https:\/\/api.w.org\/{rel}","templated":true}]}}