{"id":1035,"date":"2025-08-22T11:11:58","date_gmt":"2025-08-22T11:11:58","guid":{"rendered":"https:\/\/www.ontravelholidayrentals.com\/blog\/?p=1035"},"modified":"2026-03-12T10:53:48","modified_gmt":"2026-03-12T10:53:48","slug":"cueva-del-rull-alicante","status":"publish","type":"post","link":"https:\/\/www.ontravelholidayrentals.com\/blog\/cueva-del-rull-alicante\/","title":{"rendered":"\u00bfHas visitado la Cueva del Rull en Alicante? Anota estas recomendaciones."},"content":{"rendered":"\t\t<div data-elementor-type=\"wp-post\" data-elementor-id=\"1035\" class=\"elementor elementor-1035\" data-elementor-post-type=\"post\">\n\t\t\t\t<div class=\"elementor-element elementor-element-474f61d9 e-flex e-con-boxed e-con e-parent\" data-id=\"474f61d9\" data-element_type=\"container\" data-e-type=\"container\" data-settings=\"{&quot;background_background&quot;:&quot;classic&quot;}\">\n\t\t\t\t\t<div class=\"e-con-inner\">\n\t\t\t\t<div class=\"elementor-element elementor-element-39bd2f95 elementor-widget elementor-widget-heading\" data-id=\"39bd2f95\" data-element_type=\"widget\" data-e-type=\"widget\" data-widget_type=\"heading.default\">\n\t\t\t\t<div class=\"elementor-widget-container\">\n\t\t\t\t\t<h1 class=\"elementor-heading-title elementor-size-default\">\u00bfHas visitado la Cueva del Rull en Alicante? Anota estas recomendaciones.<\/h1>\t\t\t\t<\/div>\n\t\t\t\t<\/div>\n\t\t\t\t\t<\/div>\n\t\t\t\t<\/div>\n\t\t<div class=\"elementor-element elementor-element-6c34890a e-flex e-con-boxed e-con e-parent\" data-id=\"6c34890a\" data-element_type=\"container\" data-e-type=\"container\">\n\t\t\t\t\t<div class=\"e-con-inner\">\n\t\t\t\t<div class=\"elementor-element elementor-element-78f56e71 elementor-widget elementor-widget-text-editor\" data-id=\"78f56e71\" data-element_type=\"widget\" data-e-type=\"widget\" data-widget_type=\"text-editor.default\">\n\t\t\t\t<div class=\"elementor-widget-container\">\n\t\t\t\t\t\t\t\t\t<p><span style=\"font-weight: 400;\">\u00bfPreparado para una aventura subterr\u00e1nea? Descubre todo lo esencial y alg\u00fan que otro truco para <\/span><b>explorar la Cueva del Rull en Alicante.<\/b><\/p>\t\t\t\t\t\t\t\t<\/div>\n\t\t\t\t<\/div>\n\t\t\t\t\t<\/div>\n\t\t\t\t<\/div>\n\t\t<div class=\"elementor-element elementor-element-54c2994f e-flex e-con-boxed e-con e-parent\" data-id=\"54c2994f\" data-element_type=\"container\" data-e-type=\"container\">\n\t\t\t\t\t<div class=\"e-con-inner\">\n\t\t\t\t<div class=\"elementor-element elementor-element-14982ab8 elementor-widget elementor-widget-table-of-contents\" data-id=\"14982ab8\" data-element_type=\"widget\" data-e-type=\"widget\" data-settings=\"{&quot;headings_by_tags&quot;:[&quot;h2&quot;,&quot;h3&quot;],&quot;exclude_headings_by_selector&quot;:[],&quot;marker_view&quot;:&quot;bullets&quot;,&quot;icon&quot;:{&quot;value&quot;:&quot;&quot;,&quot;library&quot;:&quot;&quot;},&quot;no_headings_message&quot;:&quot;No headings were found on this page.&quot;,&quot;hierarchical_view&quot;:&quot;yes&quot;,&quot;min_height&quot;:{&quot;unit&quot;:&quot;px&quot;,&quot;size&quot;:&quot;&quot;,&quot;sizes&quot;:[]},&quot;min_height_tablet&quot;:{&quot;unit&quot;:&quot;px&quot;,&quot;size&quot;:&quot;&quot;,&quot;sizes&quot;:[]},&quot;min_height_mobile&quot;:{&quot;unit&quot;:&quot;px&quot;,&quot;size&quot;:&quot;&quot;,&quot;sizes&quot;:[]}}\" data-widget_type=\"table-of-contents.default\">\n\t\t\t\t<div class=\"elementor-widget-container\">\n\t\t\t\t\t\t\t\t\t<div class=\"elementor-toc__header\">\n\t\t\t\t\t\t<div class=\"elementor-toc__header-title\">\n\t\t\t\t\u00cdndice\t\t\t<\/div>\n\t\t\t\t\t\t\t\t<\/div>\n\t\t\t\t<div id=\"elementor-toc__14982ab8\" class=\"elementor-toc__body\">\n\t\t\t<div class=\"elementor-toc__spinner-container\">\n\t\t\t\t<svg class=\"elementor-toc__spinner eicon-animation-spin e-font-icon-svg e-eicon-loading\" aria-hidden=\"true\" viewBox=\"0 0 1000 1000\" xmlns=\"http:\/\/www.w3.org\/2000\/svg\"><path d=\"M500 975V858C696 858 858 696 858 500S696 142 500 142 142 304 142 500H25C25 237 238 25 500 25S975 237 975 500 763 975 500 975Z\"><\/path><\/svg>\t\t\t<\/div>\n\t\t<\/div>\n\t\t\t\t\t\t<\/div>\n\t\t\t\t<\/div>\n\t\t\t\t\t<\/div>\n\t\t\t\t<\/div>\n\t\t<div class=\"elementor-element elementor-element-065692a e-flex e-con-boxed e-con e-parent\" data-id=\"065692a\" data-element_type=\"container\" data-e-type=\"container\">\n\t\t\t\t\t<div class=\"e-con-inner\">\n\t\t<div class=\"elementor-element elementor-element-07bae4d e-con-full e-flex e-con e-child\" data-id=\"07bae4d\" data-element_type=\"container\" data-e-type=\"container\">\n\t\t\t\t<div class=\"elementor-element elementor-element-64208a40 elementor-widget elementor-widget-heading\" data-id=\"64208a40\" data-element_type=\"widget\" data-e-type=\"widget\" data-widget_type=\"heading.default\">\n\t\t\t\t<div class=\"elementor-widget-container\">\n\t\t\t\t\t<h2 class=\"elementor-heading-title elementor-size-default\">\u00bfQu\u00e9 es y d\u00f3nde est\u00e1 la Cueva del Rull?\n<\/h2>\t\t\t\t<\/div>\n\t\t\t\t<\/div>\n\t\t\t\t<div class=\"elementor-element elementor-element-55a82186 elementor-widget elementor-widget-text-editor\" data-id=\"55a82186\" data-element_type=\"widget\" data-e-type=\"widget\" data-widget_type=\"text-editor.default\">\n\t\t\t\t<div class=\"elementor-widget-container\">\n\t\t\t\t\t\t\t\t\t<p><span style=\"font-weight: 400;\">La Cueva del Rull es una <\/span><b>maravilla natural repleta de estalactitas, estalagmitas y formaciones caprichosas<\/b><span style=\"font-weight: 400;\">, ubicada en el interior de Alicante. Es un lugar perfecto para quienes buscan una escapada diferente a menos de una hora de Oliva, Moraira, J\u00e1vea, Benissa o Denia.<\/span><\/p><p><span style=\"font-weight: 400;\">Gracias a su accesibilidad y visitas guiadas, es <\/span><b>ideal para explorar en familia o con amigos<\/b><span style=\"font-weight: 400;\">, con rutas espectaculares en su interior, incluso cuando el calor aprieta en la costa.<\/span><\/p>\t\t\t\t\t\t\t\t<\/div>\n\t\t\t\t<\/div>\n\t\t\t\t<\/div>\n\t\t<div class=\"elementor-element elementor-element-3db97c7 e-con-full e-flex e-con e-child\" data-id=\"3db97c7\" data-element_type=\"container\" data-e-type=\"container\">\n\t\t\t\t<div class=\"elementor-element elementor-element-64fead3 elementor-widget elementor-widget-google_maps\" data-id=\"64fead3\" data-element_type=\"widget\" data-e-type=\"widget\" data-widget_type=\"google_maps.default\">\n\t\t\t\t<div class=\"elementor-widget-container\">\n\t\t\t\t\t\t\t<div class=\"elementor-custom-embed\">\n\t\t\t<iframe loading=\"lazy\"\n\t\t\t\t\tsrc=\"https:\/\/maps.google.com\/maps?q=%20Cueva%20del%20Rull&#038;t=m&#038;z=10&#038;output=embed&#038;iwloc=near\"\n\t\t\t\t\ttitle=\" Cueva del Rull\"\n\t\t\t\t\taria-label=\" Cueva del Rull\"\n\t\t\t><\/iframe>\n\t\t<\/div>\n\t\t\t\t\t\t<\/div>\n\t\t\t\t<\/div>\n\t\t\t\t<\/div>\n\t\t\t\t\t<\/div>\n\t\t\t\t<\/div>\n\t\t<div class=\"elementor-element elementor-element-2dcbcd2f e-flex e-con-boxed e-con e-parent\" data-id=\"2dcbcd2f\" data-element_type=\"container\" data-e-type=\"container\">\n\t\t\t\t\t<div class=\"e-con-inner\">\n\t\t\t\t<div class=\"elementor-element elementor-element-79951d5b elementor-widget elementor-widget-heading\" data-id=\"79951d5b\" data-element_type=\"widget\" data-e-type=\"widget\" data-widget_type=\"heading.default\">\n\t\t\t\t<div class=\"elementor-widget-container\">\n\t\t\t\t\t<h2 class=\"elementor-heading-title elementor-size-default\">Anota estos horarios, precios y la disponibilidad para visitas guiadas\n<\/h2>\t\t\t\t<\/div>\n\t\t\t\t<\/div>\n\t\t\t\t<div class=\"elementor-element elementor-element-26656965 elementor-widget elementor-widget-text-editor\" data-id=\"26656965\" data-element_type=\"widget\" data-e-type=\"widget\" data-widget_type=\"text-editor.default\">\n\t\t\t\t<div class=\"elementor-widget-container\">\n\t\t\t\t\t\t\t\t\t<p><span style=\"font-weight: 400;\">La Cueva del Rull <\/span><b>abre todo el a\u00f1o menos desde el 15 de enero hasta el 14 de febrero<\/b><span style=\"font-weight: 400;\">, y los <\/span><b>horarios var\u00edan seg\u00fan la temporada<\/b><span style=\"font-weight: 400;\">, de abril a septiembre tiene un horario de 10:30 a 20:30, de marzo a octubre de 11:00 a 18:30, y de noviembre al cierre de 11:00 a 17:00.<\/span><\/p><p><b>El \u00faltimo pase es media hora antes del cierre<\/b><span style=\"font-weight: 400;\">, as\u00ed que nada de entrar corriendo con la persiana bajando, y si eres un grupo tendr\u00e1s que reservar previamente.<\/span><\/p><p><span style=\"font-weight: 400;\">En cuanto a precios, mejor imposible. La <\/span><b>entrada general son 4 euros<\/b><span style=\"font-weight: 400;\">, mientras para jubilados y menores de 14 a\u00f1os son 2,70 euros, y para los menores de 3 a\u00f1os la entrada es gratuita. Eso s\u00ed, ten en cuenta que <\/span><b>todo es en met\u00e1lico<\/b><span style=\"font-weight: 400;\">, nada de dat\u00e1fono, porque la cobertura en la cueva es inexistente.<\/span><\/p><p><span style=\"font-weight: 400;\">Las visitas son guiadas y tienen una estructura circular con unos <\/span><b>220 metros de recorrido y unos 19 metros de desnivel, duran unos 30-45 minutos<\/b><span style=\"font-weight: 400;\"> y son aptas para todos los p\u00fablicos, incluidos los espele\u00f3logos de sof\u00e1.<\/span><\/p>\t\t\t\t\t\t\t\t<\/div>\n\t\t\t\t<\/div>\n\t\t\t\t\t<\/div>\n\t\t\t\t<\/div>\n\t\t<div class=\"elementor-element elementor-element-2be144b e-flex e-con-boxed e-con e-parent\" data-id=\"2be144b\" data-element_type=\"container\" data-e-type=\"container\">\n\t\t\t\t\t<div class=\"e-con-inner\">\n\t\t\t\t<div class=\"elementor-element elementor-element-863f5f6 elementor-widget elementor-widget-image\" data-id=\"863f5f6\" data-element_type=\"widget\" data-e-type=\"widget\" data-widget_type=\"image.default\">\n\t\t\t\t<div class=\"elementor-widget-container\">\n\t\t\t\t\t\t\t\t\t\t\t\t\t\t\t<img fetchpriority=\"high\" decoding=\"async\" width=\"1254\" height=\"627\" src=\"https:\/\/www.ontravelholidayrentals.com\/blog\/wp-content\/uploads\/2025\/08\/visitar-Cueva-del-Rull.jpg\" class=\"attachment-full size-full wp-image-1062\" alt=\"visitar-Cueva-del-Rull.jpg\" srcset=\"https:\/\/www.ontravelholidayrentals.com\/blog\/wp-content\/uploads\/2025\/08\/visitar-Cueva-del-Rull.jpg 1254w, https:\/\/www.ontravelholidayrentals.com\/blog\/wp-content\/uploads\/2025\/08\/visitar-Cueva-del-Rull-300x150.jpg 300w, https:\/\/www.ontravelholidayrentals.com\/blog\/wp-content\/uploads\/2025\/08\/visitar-Cueva-del-Rull-1024x512.jpg 1024w, https:\/\/www.ontravelholidayrentals.com\/blog\/wp-content\/uploads\/2025\/08\/visitar-Cueva-del-Rull-768x384.jpg 768w\" sizes=\"(max-width: 1254px) 100vw, 1254px\" \/>\t\t\t\t\t\t\t\t\t\t\t\t\t\t\t<\/div>\n\t\t\t\t<\/div>\n\t\t\t\t\t<\/div>\n\t\t\t\t<\/div>\n\t\t<div class=\"elementor-element elementor-element-498bc7d e-flex e-con-boxed e-con e-parent\" data-id=\"498bc7d\" data-element_type=\"container\" data-e-type=\"container\">\n\t\t\t\t\t<div class=\"e-con-inner\">\n\t\t\t\t<div class=\"elementor-element elementor-element-716d7e9 elementor-widget elementor-widget-heading\" data-id=\"716d7e9\" data-element_type=\"widget\" data-e-type=\"widget\" data-widget_type=\"heading.default\">\n\t\t\t\t<div class=\"elementor-widget-container\">\n\t\t\t\t\t<h2 class=\"elementor-heading-title elementor-size-default\">Conoce su historia y c\u00f3mo surgi\u00f3 esta formaci\u00f3n geol\u00f3gica\n<\/h2>\t\t\t\t<\/div>\n\t\t\t\t<\/div>\n\t\t\t\t<div class=\"elementor-element elementor-element-073aba7 elementor-widget elementor-widget-text-editor\" data-id=\"073aba7\" data-element_type=\"widget\" data-e-type=\"widget\" data-widget_type=\"text-editor.default\">\n\t\t\t\t<div class=\"elementor-widget-container\">\n\t\t\t\t\t\t\t\t\t<p><span style=\"font-weight: 400;\">La historia de la Cueva del Rull es digna de pel\u00edcula. Fue <\/span><b>descubierta en 1919<\/b><span style=\"font-weight: 400;\"> casi por accidente cuando un cazador local, <\/span><b>Vicente Mengual Mas, apodado \u201cel t\u00edo Rull\u201d<\/b><span style=\"font-weight: 400;\">, persegu\u00eda un conejo que se escondi\u00f3 en un agujero. El hombre, lejos de abandonar su caza, se puso a escarbar y se encontr\u00f3 con una caverna monumental.<\/span><\/p><p><span style=\"font-weight: 400;\">En los a\u00f1os 60, viendo el auge del turismo, <\/span><b>\u201cel t\u00edo Rull\u201d decidi\u00f3 acondicionarla para el p\u00fablico<\/b><span style=\"font-weight: 400;\">, aunque fue a partir de los 90 cuando el ayuntamiento la rehabilit\u00f3 y moderniz\u00f3, haci\u00e9ndola segura para los visitantes.<\/span><\/p><p><span style=\"font-weight: 400;\">Geol\u00f3gicamente, la cueva <\/span><b>se form\u00f3 hace m\u00e1s de 5 millones de a\u00f1os<\/b><span style=\"font-weight: 400;\">, en plena era miocena, durante lo que podemos considerar la \u201cadolescencia\u201d del planeta. Est\u00e1 c<\/span><b>ompuesta por conglomerados calc\u00e1reos<\/b><span style=\"font-weight: 400;\">, donde el agua ha ido erosionando, disolviendo y depositando minerales, dando lugar a un espect\u00e1culo de estalagmitas, estalagmitas, y otras formas.<\/span><\/p><p><span style=\"font-weight: 400;\">Las distintas <\/span><b>formas de la cueva, estimulan la imaginaci\u00f3n de todos los p\u00fablicos<\/b><span style=\"font-weight: 400;\">, desde los ni\u00f1os hasta los adultos, algunos hasta han visto alg\u00fan que otro monstruo en sus formas.\u00a0<\/span><\/p><p><span style=\"font-weight: 400;\">Pero la magia no solo est\u00e1 en las figuras calcadas en sus piedras, sino<\/span><b> en su temperatura, que ronda los 15\u00baC, con una humedad alt\u00edsima.<\/b><span style=\"font-weight: 400;\"> As\u00ed que si eres de los que sudan con solo mover una ceja, aqu\u00ed lo puedes disimular por completo, porque todo el mundo estar\u00e1 igual que t\u00fa.<\/span><\/p>\t\t\t\t\t\t\t\t<\/div>\n\t\t\t\t<\/div>\n\t\t\t\t\t<\/div>\n\t\t\t\t<\/div>\n\t\t<div class=\"elementor-element elementor-element-1e6e808 e-flex e-con-boxed e-con e-parent\" data-id=\"1e6e808\" data-element_type=\"container\" data-e-type=\"container\">\n\t\t\t\t\t<div class=\"e-con-inner\">\n\t\t\t\t<div class=\"elementor-element elementor-element-1aedb18 elementor-widget elementor-widget-heading\" data-id=\"1aedb18\" data-element_type=\"widget\" data-e-type=\"widget\" data-widget_type=\"heading.default\">\n\t\t\t\t<div class=\"elementor-widget-container\">\n\t\t\t\t\t<h2 class=\"elementor-heading-title elementor-size-default\">\u00bfNo sabes qu\u00e9 ver cerca de la cueva? Anota estas ideas\n<\/h2>\t\t\t\t<\/div>\n\t\t\t\t<\/div>\n\t\t\t\t<div class=\"elementor-element elementor-element-d59a09a elementor-widget elementor-widget-text-editor\" data-id=\"d59a09a\" data-element_type=\"widget\" data-e-type=\"widget\" data-widget_type=\"text-editor.default\">\n\t\t\t\t<div class=\"elementor-widget-container\">\n\t\t\t\t\t\t\t\t\t<p><span style=\"font-weight: 400;\">Una vez sales a la luz del d\u00eda, sin necesidad de linterna frontal, la Vall d\u2019Ebo y sus alrededores est\u00e1n <\/span><b>repletos de visitas interesantes.<\/b><\/p><p><span style=\"font-weight: 400;\">El<\/span><b> barranco del Infierno<\/b><span style=\"font-weight: 400;\">, uno de los ca\u00f1ones m\u00e1s famosos de la Marina Alta, es ideal para senderistas y amantes de la fotograf\u00eda de paisajes \u00e9picos. Pero si eres m\u00e1s de piscinas, en el r\u00edo Ebo hay unas <\/span><b>piscinas naturales <\/b><span style=\"font-weight: 400;\">perfectas para refrescarte en verano tras la excursi\u00f3n subterr\u00e1nea.<\/span><\/p><p><span style=\"font-weight: 400;\">Si despu\u00e9s de la visita a la cueva te apetece algo m\u00e1s cultural, el<\/span><b> Museo Etnol\u00f3gico de la Vall d\u2019Ebo <\/b><span style=\"font-weight: 400;\">te ofrece un recorrido por la historia local y las costumbres de los habitantes de alrededor. Tambi\u00e9n puedes visitar la <\/span><b>Iglesia de San Bartolom\u00e9<\/b><span style=\"font-weight: 400;\">, sus fuentes locales y las antiguas neveras de la zona.<\/span><\/p><p><span style=\"font-weight: 400;\">Por otro lado, puedes visitar el <\/span><b>Mirador de la Forad\u00e0<\/b><span style=\"font-weight: 400;\">, que ofrece unas vistas espectaculares de monta\u00f1as y valles, ideales para selfies de altura. Y no olvides, el<\/span><b> Parque Natural de la Marjal de Pego-Oliva<\/b><span style=\"font-weight: 400;\">, un para\u00edso de la biodiversidad a un tiro de piedra de la cueva.<\/span><\/p>\t\t\t\t\t\t\t\t<\/div>\n\t\t\t\t<\/div>\n\t\t\t\t<div class=\"elementor-element elementor-element-2d8bf06 elementor-widget elementor-widget-image\" data-id=\"2d8bf06\" data-element_type=\"widget\" data-e-type=\"widget\" data-widget_type=\"image.default\">\n\t\t\t\t<div class=\"elementor-widget-container\">\n\t\t\t\t\t\t\t\t\t\t\t\t\t\t\t<img decoding=\"async\" width=\"1254\" height=\"627\" src=\"https:\/\/www.ontravelholidayrentals.com\/blog\/wp-content\/uploads\/2025\/08\/Cueva-del-Rull.jpg\" class=\"attachment-full size-full wp-image-1066\" alt=\"\" srcset=\"https:\/\/www.ontravelholidayrentals.com\/blog\/wp-content\/uploads\/2025\/08\/Cueva-del-Rull.jpg 1254w, https:\/\/www.ontravelholidayrentals.com\/blog\/wp-content\/uploads\/2025\/08\/Cueva-del-Rull-300x150.jpg 300w, https:\/\/www.ontravelholidayrentals.com\/blog\/wp-content\/uploads\/2025\/08\/Cueva-del-Rull-1024x512.jpg 1024w, https:\/\/www.ontravelholidayrentals.com\/blog\/wp-content\/uploads\/2025\/08\/Cueva-del-Rull-768x384.jpg 768w\" sizes=\"(max-width: 1254px) 100vw, 1254px\" \/>\t\t\t\t\t\t\t\t\t\t\t\t\t\t\t<\/div>\n\t\t\t\t<\/div>\n\t\t\t\t\t<\/div>\n\t\t\t\t<\/div>\n\t\t<div class=\"elementor-element elementor-element-9b95352 e-flex e-con-boxed e-con e-parent\" data-id=\"9b95352\" data-element_type=\"container\" data-e-type=\"container\">\n\t\t\t\t\t<div class=\"e-con-inner\">\n\t\t\t\t<div class=\"elementor-element elementor-element-71a8e38 elementor-widget elementor-widget-heading\" data-id=\"71a8e38\" data-element_type=\"widget\" data-e-type=\"widget\" data-widget_type=\"heading.default\">\n\t\t\t\t<div class=\"elementor-widget-container\">\n\t\t\t\t\t<h2 class=\"elementor-heading-title elementor-size-default\">No te olvides de estas recomendaciones para la visita\n<\/h2>\t\t\t\t<\/div>\n\t\t\t\t<\/div>\n\t\t\t\t<div class=\"elementor-element elementor-element-9885eee elementor-widget elementor-widget-text-editor\" data-id=\"9885eee\" data-element_type=\"widget\" data-e-type=\"widget\" data-widget_type=\"text-editor.default\">\n\t\t\t\t<div class=\"elementor-widget-container\">\n\t\t\t\t\t\t\t\t\t<p><span style=\"font-weight: 400;\">Para hacer una vista en condiciones <\/span><b>te recomendamos<\/b> <b>llevar calzado c\u00f3modo y cerrado<\/b><span style=\"font-weight: 400;\">, porque aunque la cueva est\u00e9 acondicionada, el suelo puede resbalar. Y si eres de los m\u00e1s frioleros, te aconsejamos que lleves algo de <\/span><b>abrigo<\/b><span style=\"font-weight: 400;\">, ya que hasta en verano hace fresquito.<\/span><\/p><p><span style=\"font-weight: 400;\">No te puedes olvidar del <\/span><b>pago en efectivo<\/b><span style=\"font-weight: 400;\">, porque dentro no hay nada de cobertura, adem\u00e1s si eres un grupo llama antes para reservar.<\/span><\/p><p><span style=\"font-weight: 400;\">Est\u00e1 <\/span><b>prohibido tocar<\/b><span style=\"font-weight: 400;\"> las paredes de la cueva. Lo que ves es el resultado de millones de a\u00f1os, as\u00ed que nada de hacer esculturas nuevas. As\u00ed que, tambi\u00e9n est\u00e1 prohibido olvidarse de la c\u00e1mara de fotos.<\/span><\/p><p><span style=\"font-weight: 400;\">Por \u00faltimo, <\/span><b>te recomendamos que planifiques tu d\u00eda completo,<\/b><span style=\"font-weight: 400;\"> ya que despu\u00e9s de explorar la cueva puedes explorar otros rincones que har\u00e1n que tu d\u00eda merezca la pena.<\/span><\/p>\t\t\t\t\t\t\t\t<\/div>\n\t\t\t\t<\/div>\n\t\t\t\t\t<\/div>\n\t\t\t\t<\/div>\n\t\t<div class=\"elementor-element elementor-element-fe9ed33 e-flex e-con-boxed e-con e-parent\" data-id=\"fe9ed33\" data-element_type=\"container\" data-e-type=\"container\">\n\t\t\t\t\t<div class=\"e-con-inner\">\n\t\t\t\t<div class=\"elementor-element elementor-element-e71998f elementor-widget elementor-widget-heading\" data-id=\"e71998f\" data-element_type=\"widget\" data-e-type=\"widget\" data-widget_type=\"heading.default\">\n\t\t\t\t<div class=\"elementor-widget-container\">\n\t\t\t\t\t<h2 class=\"elementor-heading-title elementor-size-default\">\u00bfPor qu\u00e9 tienes que conocer la Cueva del Rull?\n<\/h2>\t\t\t\t<\/div>\n\t\t\t\t<\/div>\n\t\t\t\t<div class=\"elementor-element elementor-element-74a2e4d elementor-widget elementor-widget-text-editor\" data-id=\"74a2e4d\" data-element_type=\"widget\" data-e-type=\"widget\" data-widget_type=\"text-editor.default\">\n\t\t\t\t<div class=\"elementor-widget-container\">\n\t\t\t\t\t\t\t\t\t<p><span style=\"font-weight: 400;\">La Cueva del Rull es ese plan perfecto si est\u00e1s en Oliva, Moraira, J\u00e1vea, Benissa, Denia o alrededores y quieres ver algo m\u00e1s que la playa. Es una aventura que<\/span><b> te ofrece la emoci\u00f3n de descubrir otra dimensi\u00f3n bajo la tierra<\/b><span style=\"font-weight: 400;\">, una lecci\u00f3n entretenida y una oportunidad para desconectar del m\u00f3vil.<\/span><\/p><p><span style=\"font-weight: 400;\">As\u00ed que si quieres visitar la Cueva del Rull, los <\/span><b>apartamentos en Oliva, Moraira, J\u00e1vea, Benissa o Denia<\/b><span style=\"font-weight: 400;\"> te esperan para que descanses despu\u00e9s de explorar cada rinc\u00f3n en tu aventura subterr\u00e1nea. Porque a veces la magia est\u00e1 bajo tierra y a un paso de tu alojamiento ideal.<\/span><\/p>\t\t\t\t\t\t\t\t<\/div>\n\t\t\t\t<\/div>\n\t\t\t\t\t<\/div>\n\t\t\t\t<\/div>\n\t\t<div class=\"elementor-element elementor-element-758cdcf6 e-flex e-con-boxed e-con e-parent\" data-id=\"758cdcf6\" data-element_type=\"container\" data-e-type=\"container\">\n\t\t\t\t\t<div class=\"e-con-inner\">\n\t\t\t\t<div class=\"elementor-element elementor-element-3c8aaf6e elementor-widget elementor-widget-grid\" data-id=\"3c8aaf6e\" data-element_type=\"widget\" data-e-type=\"widget\" data-widget_type=\"grid.default\">\n\t\t\t\t<div class=\"elementor-widget-container\">\n\t\t\t\t\t\t\t<div class=\"its--row alojamientos-recomendados\">\n\n\t\t\t<div class=\"alojamientos-recomendados-container\">\n\n\t\t\t\t\t\n\t\t\t\t\t<a href=\"https:\/\/www.ontravelholidayrentals.com\/alquiler\/villa-oliva-villa-vermeer-51-460858.html\" rel=\"nofollow\" style=\"width: 23%;\">\n\t\t\t\t\t\t<div class=\"apartamento-box\">\n\t\t\t\t\t\t\t<div class=\"imagen_recomendados\">\n\t\t\t\t\t\t\t\t<img decoding=\"async\" src=\"https:\/\/crs.avantio.com\/fotos\/2\/1703084140d3f439d9b3375a13b4f0e50afb895aaa\/big1703332585741831091dd4ad756385090fb49199ea.jpg\" alt=\"Villa Colibri by ON Travel\">\n\t\t\t\t\t\t\t<\/div>\n\t\t\t\t\t\t\t<div class=\"info\">\n\t\t\t\t\t\t\t\t<div class=\"ubicacion\">\n\t\t\t\t\t\t\t\t\t<i class=\"fa-solid fa-location-dot icono-mapa\"><\/i><span class=\"ubicacion-texto\">Oliva - Valencia<\/span>\n\t\t\t\t\t\t\t\t<\/div>\n\t\t\t\t\t\t\t\t<H3 class=\"titulo-alojamiento\">\n\t\t\t\t\t\t\t\t\tVilla Colibri by ON Travel\t\t\t\t\t\t\t\t<\/H3>\n\t\t\t\t\t\t\t\t<p class=\"precio-alojamiento\">Desde <span class=\"precio\">328.00\u20ac<\/span> por noche<\/p>\n\t\t\t\t\t\t\t<\/div>\n\t\t\t\t\t\t<\/div>\n\t\t\t\t\t<\/a> \n\t\t\t\t\t\t\n\t\t\t\t\t<a href=\"https:\/\/www.ontravelholidayrentals.com\/alquiler\/villa-oliva-villa-vermeer-21-461268.html\" rel=\"nofollow\" style=\"width: 23%;\">\n\t\t\t\t\t\t<div class=\"apartamento-box\">\n\t\t\t\t\t\t\t<div class=\"imagen_recomendados\">\n\t\t\t\t\t\t\t\t<img decoding=\"async\" src=\"https:\/\/crs.avantio.com\/fotos\/2\/1703335589811fbc048cd27ef2e70871e03571a65f\/big17033356189dc73706c960d3ef8712f0c901543b8b.jpg\" alt=\"Villa Solana by ON Travel\">\n\t\t\t\t\t\t\t<\/div>\n\t\t\t\t\t\t\t<div class=\"info\">\n\t\t\t\t\t\t\t\t<div class=\"ubicacion\">\n\t\t\t\t\t\t\t\t\t<i class=\"fa-solid fa-location-dot icono-mapa\"><\/i><span class=\"ubicacion-texto\">Oliva - Valencia<\/span>\n\t\t\t\t\t\t\t\t<\/div>\n\t\t\t\t\t\t\t\t<H3 class=\"titulo-alojamiento\">\n\t\t\t\t\t\t\t\t\tVilla Solana by ON Travel\t\t\t\t\t\t\t\t<\/H3>\n\t\t\t\t\t\t\t\t<p class=\"precio-alojamiento\">Desde <span class=\"precio\">217.00\u20ac<\/span> por noche<\/p>\n\t\t\t\t\t\t\t<\/div>\n\t\t\t\t\t\t<\/div>\n\t\t\t\t\t<\/a> \n\t\t\t\t\t\t\n\t\t\t\t\t<a href=\"https:\/\/www.ontravelholidayrentals.com\/alquiler\/villa-oliva-villa-vermeer-25-461292.html\" rel=\"nofollow\" style=\"width: 23%;\">\n\t\t\t\t\t\t<div class=\"apartamento-box\">\n\t\t\t\t\t\t\t<div class=\"imagen_recomendados\">\n\t\t\t\t\t\t\t\t<img decoding=\"async\" src=\"https:\/\/crs.avantio.com\/fotos\/2\/1705335735591b101a10adf0c9165b293b19af3489\/big1705335762de9703dc1854540c9777fd4932b0499a.jpg\" alt=\"Greenside oasis villa by ON Travel\">\n\t\t\t\t\t\t\t<\/div>\n\t\t\t\t\t\t\t<div class=\"info\">\n\t\t\t\t\t\t\t\t<div class=\"ubicacion\">\n\t\t\t\t\t\t\t\t\t<i class=\"fa-solid fa-location-dot icono-mapa\"><\/i><span class=\"ubicacion-texto\">Oliva - Valencia<\/span>\n\t\t\t\t\t\t\t\t<\/div>\n\t\t\t\t\t\t\t\t<H3 class=\"titulo-alojamiento\">\n\t\t\t\t\t\t\t\t\tGreenside oasis villa by ON Travel\t\t\t\t\t\t\t\t<\/H3>\n\t\t\t\t\t\t\t\t<p class=\"precio-alojamiento\">Desde <span class=\"precio\">328.00\u20ac<\/span> por noche<\/p>\n\t\t\t\t\t\t\t<\/div>\n\t\t\t\t\t\t<\/div>\n\t\t\t\t\t<\/a> \n\t\t\t\t\t\t\n\t\t\t\t\t<a href=\"https:\/\/www.ontravelholidayrentals.com\/alquiler\/villa-oliva-villa-vermeer-43-461293.html\" rel=\"nofollow\" style=\"width: 23%;\">\n\t\t\t\t\t\t<div class=\"apartamento-box\">\n\t\t\t\t\t\t\t<div class=\"imagen_recomendados\">\n\t\t\t\t\t\t\t\t<img decoding=\"async\" src=\"https:\/\/crs.avantio.com\/fotos\/2\/17054241108ffb3352fb1b6efd3c6e1c3097debf40\/big170542451565ad5f2b0843b6346526f00ede7b3ef7.jpg\" alt=\"Villa Cisne by ON Travel\">\n\t\t\t\t\t\t\t<\/div>\n\t\t\t\t\t\t\t<div class=\"info\">\n\t\t\t\t\t\t\t\t<div class=\"ubicacion\">\n\t\t\t\t\t\t\t\t\t<i class=\"fa-solid fa-location-dot icono-mapa\"><\/i><span class=\"ubicacion-texto\">Oliva - Valencia<\/span>\n\t\t\t\t\t\t\t\t<\/div>\n\t\t\t\t\t\t\t\t<H3 class=\"titulo-alojamiento\">\n\t\t\t\t\t\t\t\t\tVilla Cisne by ON Travel\t\t\t\t\t\t\t\t<\/H3>\n\t\t\t\t\t\t\t\t<p class=\"precio-alojamiento\">Desde <span class=\"precio\">205.00\u20ac<\/span> por noche<\/p>\n\t\t\t\t\t\t\t<\/div>\n\t\t\t\t\t\t<\/div>\n\t\t\t\t\t<\/a> \n\t\t\t\t\t\t\t\t<\/div>\n\t\t\t<\/div>\n\t\t\t\t\t\t<\/div>\n\t\t\t\t<\/div>\n\t\t\t\t\t<\/div>\n\t\t\t\t<\/div>\n\t\t\t\t<\/div>\n\t\t","protected":false},"excerpt":{"rendered":"<p>\u00bfPreparado para una aventura subterr\u00e1nea? Descubre todo lo esencial y alg\u00fan que otro truco para explorar la Cueva del Rull en Alicante. \u00cdndice \u00bfQu\u00e9 es y d\u00f3nde est\u00e1 la Cueva del Rull? La Cueva del Rull es una maravilla natural repleta de estalactitas, estalagmitas y formaciones caprichosas, ubicada en el interior de Alicante. Es un [&hellip;]<\/p>\n","protected":false},"author":4,"featured_media":1070,"comment_status":"open","ping_status":"open","sticky":false,"template":"elementor_header_footer","format":"standard","meta":{"footnotes":""},"categories":[23],"tags":[70],"class_list":["post-1035","post","type-post","status-publish","format-standard","has-post-thumbnail","hentry","category-costa-blanca","tag-no-template"],"yoast_head":"<!-- This site is optimized with the Yoast SEO plugin v25.2 - https:\/\/yoast.com\/wordpress\/plugins\/seo\/ -->\n<title>Visita la Cueva del Rull en Alicante - Blog<\/title>\n<meta name=\"description\" content=\"Explora la Cueva del Rull y sum\u00e9rgete en el misterio del mundo subterr\u00e1neo valenciano.\" \/>\n<meta name=\"robots\" content=\"index, follow, max-snippet:-1, max-image-preview:large, max-video-preview:-1\" \/>\n<link rel=\"canonical\" href=\"https:\/\/www.ontravelholidayrentals.com\/blog\/cueva-del-rull-alicante\/\" \/>\n<meta property=\"og:locale\" content=\"es_ES\" \/>\n<meta property=\"og:type\" content=\"article\" \/>\n<meta property=\"og:title\" content=\"Visita la Cueva del Rull en Alicante - Blog\" \/>\n<meta property=\"og:description\" content=\"Explora la Cueva del Rull y sum\u00e9rgete en el misterio del mundo subterr\u00e1neo valenciano.\" \/>\n<meta property=\"og:url\" content=\"https:\/\/www.ontravelholidayrentals.com\/blog\/cueva-del-rull-alicante\/\" \/>\n<meta property=\"og:site_name\" content=\"Blog\" \/>\n<meta property=\"article:published_time\" content=\"2025-08-22T11:11:58+00:00\" \/>\n<meta property=\"article:modified_time\" content=\"2026-03-12T10:53:48+00:00\" \/>\n<meta property=\"og:image\" content=\"https:\/\/www.ontravelholidayrentals.com\/blog\/wp-content\/uploads\/2025\/08\/Cueva-del-Rull-Alicante.jpg\" \/>\n\t<meta property=\"og:image:width\" content=\"2120\" \/>\n\t<meta property=\"og:image:height\" content=\"707\" \/>\n\t<meta property=\"og:image:type\" content=\"image\/jpeg\" \/>\n<meta name=\"author\" content=\"Axel\" \/>\n<meta name=\"twitter:card\" content=\"summary_large_image\" \/>\n<meta name=\"twitter:label1\" content=\"Escrito por\" \/>\n\t<meta name=\"twitter:data1\" content=\"Axel\" \/>\n\t<meta name=\"twitter:label2\" content=\"Tiempo de lectura\" \/>\n\t<meta name=\"twitter:data2\" content=\"7 minutos\" \/>\n<script type=\"application\/ld+json\" class=\"yoast-schema-graph\">{\"@context\":\"https:\/\/schema.org\",\"@graph\":[{\"@type\":\"Article\",\"@id\":\"https:\/\/www.ontravelholidayrentals.com\/blog\/cueva-del-rull-alicante\/#article\",\"isPartOf\":{\"@id\":\"https:\/\/www.ontravelholidayrentals.com\/blog\/cueva-del-rull-alicante\/\"},\"author\":{\"name\":\"Axel\",\"@id\":\"https:\/\/www.ontravelholidayrentals.com\/blog\/#\/schema\/person\/907601cb91b08af60b0fec9e629a4883\"},\"headline\":\"\u00bfHas visitado la Cueva del Rull en Alicante? Anota estas recomendaciones.\",\"datePublished\":\"2025-08-22T11:11:58+00:00\",\"dateModified\":\"2026-03-12T10:53:48+00:00\",\"mainEntityOfPage\":{\"@id\":\"https:\/\/www.ontravelholidayrentals.com\/blog\/cueva-del-rull-alicante\/\"},\"wordCount\":1068,\"commentCount\":0,\"publisher\":{\"@id\":\"https:\/\/www.ontravelholidayrentals.com\/blog\/#organization\"},\"image\":{\"@id\":\"https:\/\/www.ontravelholidayrentals.com\/blog\/cueva-del-rull-alicante\/#primaryimage\"},\"thumbnailUrl\":\"https:\/\/www.ontravelholidayrentals.com\/blog\/wp-content\/uploads\/2025\/08\/Cueva-del-Rull-Alicante.jpg\",\"keywords\":[\"no template\"],\"articleSection\":[\"Costa Blanca\"],\"inLanguage\":\"es\",\"potentialAction\":[{\"@type\":\"CommentAction\",\"name\":\"Comment\",\"target\":[\"https:\/\/www.ontravelholidayrentals.com\/blog\/cueva-del-rull-alicante\/#respond\"]}]},{\"@type\":\"WebPage\",\"@id\":\"https:\/\/www.ontravelholidayrentals.com\/blog\/cueva-del-rull-alicante\/\",\"url\":\"https:\/\/www.ontravelholidayrentals.com\/blog\/cueva-del-rull-alicante\/\",\"name\":\"Visita la Cueva del Rull en Alicante - Blog\",\"isPartOf\":{\"@id\":\"https:\/\/www.ontravelholidayrentals.com\/blog\/#website\"},\"primaryImageOfPage\":{\"@id\":\"https:\/\/www.ontravelholidayrentals.com\/blog\/cueva-del-rull-alicante\/#primaryimage\"},\"image\":{\"@id\":\"https:\/\/www.ontravelholidayrentals.com\/blog\/cueva-del-rull-alicante\/#primaryimage\"},\"thumbnailUrl\":\"https:\/\/www.ontravelholidayrentals.com\/blog\/wp-content\/uploads\/2025\/08\/Cueva-del-Rull-Alicante.jpg\",\"datePublished\":\"2025-08-22T11:11:58+00:00\",\"dateModified\":\"2026-03-12T10:53:48+00:00\",\"description\":\"Explora la Cueva del Rull y sum\u00e9rgete en el misterio del mundo subterr\u00e1neo valenciano.\",\"breadcrumb\":{\"@id\":\"https:\/\/www.ontravelholidayrentals.com\/blog\/cueva-del-rull-alicante\/#breadcrumb\"},\"inLanguage\":\"es\",\"potentialAction\":[{\"@type\":\"ReadAction\",\"target\":[\"https:\/\/www.ontravelholidayrentals.com\/blog\/cueva-del-rull-alicante\/\"]}]},{\"@type\":\"ImageObject\",\"inLanguage\":\"es\",\"@id\":\"https:\/\/www.ontravelholidayrentals.com\/blog\/cueva-del-rull-alicante\/#primaryimage\",\"url\":\"https:\/\/www.ontravelholidayrentals.com\/blog\/wp-content\/uploads\/2025\/08\/Cueva-del-Rull-Alicante.jpg\",\"contentUrl\":\"https:\/\/www.ontravelholidayrentals.com\/blog\/wp-content\/uploads\/2025\/08\/Cueva-del-Rull-Alicante.jpg\",\"width\":2120,\"height\":707,\"caption\":\"Images of the inside of various caves, located in Puerto Rico.\"},{\"@type\":\"BreadcrumbList\",\"@id\":\"https:\/\/www.ontravelholidayrentals.com\/blog\/cueva-del-rull-alicante\/#breadcrumb\",\"itemListElement\":[{\"@type\":\"ListItem\",\"position\":1,\"name\":\"Portada\",\"item\":\"https:\/\/www.ontravelholidayrentals.com\/blog\/\"},{\"@type\":\"ListItem\",\"position\":2,\"name\":\"\u00bfHas visitado la Cueva del Rull en Alicante? Anota estas recomendaciones.\"}]},{\"@type\":\"WebSite\",\"@id\":\"https:\/\/www.ontravelholidayrentals.com\/blog\/#website\",\"url\":\"https:\/\/www.ontravelholidayrentals.com\/blog\/\",\"name\":\"Blog\",\"description\":\"Ontravelholidayrentals\",\"publisher\":{\"@id\":\"https:\/\/www.ontravelholidayrentals.com\/blog\/#organization\"},\"potentialAction\":[{\"@type\":\"SearchAction\",\"target\":{\"@type\":\"EntryPoint\",\"urlTemplate\":\"https:\/\/www.ontravelholidayrentals.com\/blog\/?s={search_term_string}\"},\"query-input\":{\"@type\":\"PropertyValueSpecification\",\"valueRequired\":true,\"valueName\":\"search_term_string\"}}],\"inLanguage\":\"es\"},{\"@type\":\"Organization\",\"@id\":\"https:\/\/www.ontravelholidayrentals.com\/blog\/#organization\",\"name\":\"Blog\",\"url\":\"https:\/\/www.ontravelholidayrentals.com\/blog\/\",\"logo\":{\"@type\":\"ImageObject\",\"inLanguage\":\"es\",\"@id\":\"https:\/\/www.ontravelholidayrentals.com\/blog\/#\/schema\/logo\/image\/\",\"url\":\"https:\/\/www.ontravelholidayrentals.com\/blog\/wp-content\/uploads\/2025\/02\/logo-oliva-nova.webp\",\"contentUrl\":\"https:\/\/www.ontravelholidayrentals.com\/blog\/wp-content\/uploads\/2025\/02\/logo-oliva-nova.webp\",\"width\":2454,\"height\":875,\"caption\":\"Blog\"},\"image\":{\"@id\":\"https:\/\/www.ontravelholidayrentals.com\/blog\/#\/schema\/logo\/image\/\"}},{\"@type\":\"Person\",\"@id\":\"https:\/\/www.ontravelholidayrentals.com\/blog\/#\/schema\/person\/907601cb91b08af60b0fec9e629a4883\",\"name\":\"Axel\",\"image\":{\"@type\":\"ImageObject\",\"inLanguage\":\"es\",\"@id\":\"https:\/\/www.ontravelholidayrentals.com\/blog\/#\/schema\/person\/image\/\",\"url\":\"https:\/\/secure.gravatar.com\/avatar\/3bd706736e5b70f21f05f6c2d5cad746767782a4ba4b7df399c5969e2a9318fd?s=96&d=mm&r=g\",\"contentUrl\":\"https:\/\/secure.gravatar.com\/avatar\/3bd706736e5b70f21f05f6c2d5cad746767782a4ba4b7df399c5969e2a9318fd?s=96&d=mm&r=g\",\"caption\":\"Axel\"},\"url\":\"https:\/\/www.ontravelholidayrentals.com\/blog\/author\/axel\/\"}]}<\/script>\n<!-- \/ Yoast SEO plugin. -->","yoast_head_json":{"title":"Visita la Cueva del Rull en Alicante - Blog","description":"Explora la Cueva del Rull y sum\u00e9rgete en el misterio del mundo subterr\u00e1neo valenciano.","robots":{"index":"index","follow":"follow","max-snippet":"max-snippet:-1","max-image-preview":"max-image-preview:large","max-video-preview":"max-video-preview:-1"},"canonical":"https:\/\/www.ontravelholidayrentals.com\/blog\/cueva-del-rull-alicante\/","og_locale":"es_ES","og_type":"article","og_title":"Visita la Cueva del Rull en Alicante - Blog","og_description":"Explora la Cueva del Rull y sum\u00e9rgete en el misterio del mundo subterr\u00e1neo valenciano.","og_url":"https:\/\/www.ontravelholidayrentals.com\/blog\/cueva-del-rull-alicante\/","og_site_name":"Blog","article_published_time":"2025-08-22T11:11:58+00:00","article_modified_time":"2026-03-12T10:53:48+00:00","og_image":[{"width":2120,"height":707,"url":"https:\/\/www.ontravelholidayrentals.com\/blog\/wp-content\/uploads\/2025\/08\/Cueva-del-Rull-Alicante.jpg","type":"image\/jpeg"}],"author":"Axel","twitter_card":"summary_large_image","twitter_misc":{"Escrito por":"Axel","Tiempo de lectura":"7 minutos"},"schema":{"@context":"https:\/\/schema.org","@graph":[{"@type":"Article","@id":"https:\/\/www.ontravelholidayrentals.com\/blog\/cueva-del-rull-alicante\/#article","isPartOf":{"@id":"https:\/\/www.ontravelholidayrentals.com\/blog\/cueva-del-rull-alicante\/"},"author":{"name":"Axel","@id":"https:\/\/www.ontravelholidayrentals.com\/blog\/#\/schema\/person\/907601cb91b08af60b0fec9e629a4883"},"headline":"\u00bfHas visitado la Cueva del Rull en Alicante? Anota estas recomendaciones.","datePublished":"2025-08-22T11:11:58+00:00","dateModified":"2026-03-12T10:53:48+00:00","mainEntityOfPage":{"@id":"https:\/\/www.ontravelholidayrentals.com\/blog\/cueva-del-rull-alicante\/"},"wordCount":1068,"commentCount":0,"publisher":{"@id":"https:\/\/www.ontravelholidayrentals.com\/blog\/#organization"},"image":{"@id":"https:\/\/www.ontravelholidayrentals.com\/blog\/cueva-del-rull-alicante\/#primaryimage"},"thumbnailUrl":"https:\/\/www.ontravelholidayrentals.com\/blog\/wp-content\/uploads\/2025\/08\/Cueva-del-Rull-Alicante.jpg","keywords":["no template"],"articleSection":["Costa Blanca"],"inLanguage":"es","potentialAction":[{"@type":"CommentAction","name":"Comment","target":["https:\/\/www.ontravelholidayrentals.com\/blog\/cueva-del-rull-alicante\/#respond"]}]},{"@type":"WebPage","@id":"https:\/\/www.ontravelholidayrentals.com\/blog\/cueva-del-rull-alicante\/","url":"https:\/\/www.ontravelholidayrentals.com\/blog\/cueva-del-rull-alicante\/","name":"Visita la Cueva del Rull en Alicante - Blog","isPartOf":{"@id":"https:\/\/www.ontravelholidayrentals.com\/blog\/#website"},"primaryImageOfPage":{"@id":"https:\/\/www.ontravelholidayrentals.com\/blog\/cueva-del-rull-alicante\/#primaryimage"},"image":{"@id":"https:\/\/www.ontravelholidayrentals.com\/blog\/cueva-del-rull-alicante\/#primaryimage"},"thumbnailUrl":"https:\/\/www.ontravelholidayrentals.com\/blog\/wp-content\/uploads\/2025\/08\/Cueva-del-Rull-Alicante.jpg","datePublished":"2025-08-22T11:11:58+00:00","dateModified":"2026-03-12T10:53:48+00:00","description":"Explora la Cueva del Rull y sum\u00e9rgete en el misterio del mundo subterr\u00e1neo valenciano.","breadcrumb":{"@id":"https:\/\/www.ontravelholidayrentals.com\/blog\/cueva-del-rull-alicante\/#breadcrumb"},"inLanguage":"es","potentialAction":[{"@type":"ReadAction","target":["https:\/\/www.ontravelholidayrentals.com\/blog\/cueva-del-rull-alicante\/"]}]},{"@type":"ImageObject","inLanguage":"es","@id":"https:\/\/www.ontravelholidayrentals.com\/blog\/cueva-del-rull-alicante\/#primaryimage","url":"https:\/\/www.ontravelholidayrentals.com\/blog\/wp-content\/uploads\/2025\/08\/Cueva-del-Rull-Alicante.jpg","contentUrl":"https:\/\/www.ontravelholidayrentals.com\/blog\/wp-content\/uploads\/2025\/08\/Cueva-del-Rull-Alicante.jpg","width":2120,"height":707,"caption":"Images of the inside of various caves, located in Puerto Rico."},{"@type":"BreadcrumbList","@id":"https:\/\/www.ontravelholidayrentals.com\/blog\/cueva-del-rull-alicante\/#breadcrumb","itemListElement":[{"@type":"ListItem","position":1,"name":"Portada","item":"https:\/\/www.ontravelholidayrentals.com\/blog\/"},{"@type":"ListItem","position":2,"name":"\u00bfHas visitado la Cueva del Rull en Alicante? Anota estas recomendaciones."}]},{"@type":"WebSite","@id":"https:\/\/www.ontravelholidayrentals.com\/blog\/#website","url":"https:\/\/www.ontravelholidayrentals.com\/blog\/","name":"Blog","description":"Ontravelholidayrentals","publisher":{"@id":"https:\/\/www.ontravelholidayrentals.com\/blog\/#organization"},"potentialAction":[{"@type":"SearchAction","target":{"@type":"EntryPoint","urlTemplate":"https:\/\/www.ontravelholidayrentals.com\/blog\/?s={search_term_string}"},"query-input":{"@type":"PropertyValueSpecification","valueRequired":true,"valueName":"search_term_string"}}],"inLanguage":"es"},{"@type":"Organization","@id":"https:\/\/www.ontravelholidayrentals.com\/blog\/#organization","name":"Blog","url":"https:\/\/www.ontravelholidayrentals.com\/blog\/","logo":{"@type":"ImageObject","inLanguage":"es","@id":"https:\/\/www.ontravelholidayrentals.com\/blog\/#\/schema\/logo\/image\/","url":"https:\/\/www.ontravelholidayrentals.com\/blog\/wp-content\/uploads\/2025\/02\/logo-oliva-nova.webp","contentUrl":"https:\/\/www.ontravelholidayrentals.com\/blog\/wp-content\/uploads\/2025\/02\/logo-oliva-nova.webp","width":2454,"height":875,"caption":"Blog"},"image":{"@id":"https:\/\/www.ontravelholidayrentals.com\/blog\/#\/schema\/logo\/image\/"}},{"@type":"Person","@id":"https:\/\/www.ontravelholidayrentals.com\/blog\/#\/schema\/person\/907601cb91b08af60b0fec9e629a4883","name":"Axel","image":{"@type":"ImageObject","inLanguage":"es","@id":"https:\/\/www.ontravelholidayrentals.com\/blog\/#\/schema\/person\/image\/","url":"https:\/\/secure.gravatar.com\/avatar\/3bd706736e5b70f21f05f6c2d5cad746767782a4ba4b7df399c5969e2a9318fd?s=96&d=mm&r=g","contentUrl":"https:\/\/secure.gravatar.com\/avatar\/3bd706736e5b70f21f05f6c2d5cad746767782a4ba4b7df399c5969e2a9318fd?s=96&d=mm&r=g","caption":"Axel"},"url":"https:\/\/www.ontravelholidayrentals.com\/blog\/author\/axel\/"}]}},"_links":{"self":[{"href":"https:\/\/www.ontravelholidayrentals.com\/blog\/wp-json\/wp\/v2\/posts\/1035","targetHints":{"allow":["GET"]}}],"collection":[{"href":"https:\/\/www.ontravelholidayrentals.com\/blog\/wp-json\/wp\/v2\/posts"}],"about":[{"href":"https:\/\/www.ontravelholidayrentals.com\/blog\/wp-json\/wp\/v2\/types\/post"}],"author":[{"embeddable":true,"href":"https:\/\/www.ontravelholidayrentals.com\/blog\/wp-json\/wp\/v2\/users\/4"}],"replies":[{"embeddable":true,"href":"https:\/\/www.ontravelholidayrentals.com\/blog\/wp-json\/wp\/v2\/comments?post=1035"}],"version-history":[{"count":10,"href":"https:\/\/www.ontravelholidayrentals.com\/blog\/wp-json\/wp\/v2\/posts\/1035\/revisions"}],"predecessor-version":[{"id":1082,"href":"https:\/\/www.ontravelholidayrentals.com\/blog\/wp-json\/wp\/v2\/posts\/1035\/revisions\/1082"}],"wp:featuredmedia":[{"embeddable":true,"href":"https:\/\/www.ontravelholidayrentals.com\/blog\/wp-json\/wp\/v2\/media\/1070"}],"wp:attachment":[{"href":"https:\/\/www.ontravelholidayrentals.com\/blog\/wp-json\/wp\/v2\/media?parent=1035"}],"wp:term":[{"taxonomy":"category","embeddable":true,"href":"https:\/\/www.ontravelholidayrentals.com\/blog\/wp-json\/wp\/v2\/categories?post=1035"},{"taxonomy":"post_tag","embeddable":true,"href":"https:\/\/www.ontravelholidayrentals.com\/blog\/wp-json\/wp\/v2\/tags?post=1035"}],"curies":[{"name":"wp","href":"https:\/\/api.w.org\/{rel}","templated":true}]}}