{"id":943,"date":"2025-06-13T10:49:09","date_gmt":"2025-06-13T10:49:09","guid":{"rendered":"https:\/\/www.ontravelholidayrentals.com\/blog\/?p=943"},"modified":"2025-06-23T14:12:11","modified_gmt":"2025-06-23T14:12:11","slug":"castillo-de-forna","status":"publish","type":"post","link":"https:\/\/www.ontravelholidayrentals.com\/blog\/fr\/castillo-de-forna\/","title":{"rendered":"Souhaitez-vous visiter un magnifique ch\u00e2teau ? Venez au ch\u00e2teau de Forna \u00e0 Alicante"},"content":{"rendered":"\t\t<div data-elementor-type=\"wp-post\" data-elementor-id=\"943\" class=\"elementor elementor-943 elementor-880\" data-elementor-post-type=\"post\">\n\t\t\t\t<div class=\"elementor-element elementor-element-74395d48 e-flex e-con-boxed e-con e-parent\" data-id=\"74395d48\" data-element_type=\"container\" data-e-type=\"container\" data-settings=\"{&quot;background_background&quot;:&quot;classic&quot;}\">\n\t\t\t\t\t<div class=\"e-con-inner\">\n\t\t\t\t<div class=\"elementor-element elementor-element-3acad776 elementor-widget elementor-widget-heading\" data-id=\"3acad776\" data-element_type=\"widget\" data-e-type=\"widget\" data-widget_type=\"heading.default\">\n\t\t\t\t<div class=\"elementor-widget-container\">\n\t\t\t\t\t<h1 class=\"elementor-heading-title elementor-size-default\">Titre<\/h1>\t\t\t\t<\/div>\n\t\t\t\t<\/div>\n\t\t\t\t\t<\/div>\n\t\t\t\t<\/div>\n\t\t<div class=\"elementor-element elementor-element-486bc794 e-flex e-con-boxed e-con e-parent\" data-id=\"486bc794\" data-element_type=\"container\" data-e-type=\"container\">\n\t\t\t\t\t<div class=\"e-con-inner\">\n\t\t\t\t<div class=\"elementor-element elementor-element-7c2cb739 elementor-widget elementor-widget-text-editor\" data-id=\"7c2cb739\" data-element_type=\"widget\" data-e-type=\"widget\" data-widget_type=\"text-editor.default\">\n\t\t\t\t<div class=\"elementor-widget-container\">\n\t\t\t\t\t\t\t\t\t<p>Peut-\u00eatre \u00eates-vous \u00e0 pr\u00e9sent lass\u00e9 de tous ces selfies sur des plages bond\u00e9es et aspirez-vous \u00e0 quelque chose de diff\u00e9rent. Certes, une baignade estivale est incontournable, mais <strong>il existe d&rsquo;autres alternatives fort int\u00e9ressantes<\/strong>, particuli\u00e8rement \u00e0 Alicante.  <\/p><p>Nous parlons bien \u00e9videmment du Ch\u00e2teau de Forna. Il est vrai que vous n&rsquo;y trouverez pas de couverture Wi-Fi, mais en contrepartie, <strong>vous connecterez votre \u00e2me aux plus de 800 ans d&rsquo;histoire que rec\u00e8le cette fortification.<\/strong>  <\/p><p>Imaginez ceci : <strong>une forteresse m\u00e9di\u00e9vale qui semble tout droit sortie de Game of Thrones<\/strong>, perch\u00e9e sur un promontoire comme si elle \u00e9tait le d\u00e9cor parfait pour votre prochaine publication Instagram.<\/p><p>Le meilleur ? Il vous suffit d&rsquo;une ascension de 20 minutes (id\u00e9ale pour \u00e9liminer la paella de la veille) et vous atteindrez un point de vue qui fera mourir d&rsquo;envie vos proches lorsque vous leur montrerez vos photos de voyage. Des \u00ab graffitis \u00bb m\u00e9di\u00e9vaux qui sont de v\u00e9ritables \u0153uvres d&rsquo;art, des tours qui d\u00e9fient la gravit\u00e9, et <strong>un village de r\u00eave de moins de 100 habitants vous attendent \u00e0 Forna.<\/strong>    <\/p><p>Chez On Travel, <strong>nous souhaitons vous aider \u00e0 d\u00e9couvrir tous les aspects de cette fantastique visite culturelle<\/strong>. Voici donc ce \u00e0 quoi vous pouvez vous attendre : un aper\u00e7u de l&rsquo;histoire du Ch\u00e2teau, comment s&rsquo;y rendre, et quelques activit\u00e9s \u00e0 faire aux alentours. Prenez bonne note !   <\/p>\t\t\t\t\t\t\t\t<\/div>\n\t\t\t\t<\/div>\n\t\t\t\t\t<\/div>\n\t\t\t\t<\/div>\n\t\t<div class=\"elementor-element elementor-element-c4312d1 e-flex e-con-boxed e-con e-parent\" data-id=\"c4312d1\" data-element_type=\"container\" data-e-type=\"container\">\n\t\t\t\t\t<div class=\"e-con-inner\">\n\t\t\t\t<div class=\"elementor-element elementor-element-8e6af21 elementor-widget elementor-widget-table-of-contents\" data-id=\"8e6af21\" data-element_type=\"widget\" data-e-type=\"widget\" data-settings=\"{&quot;headings_by_tags&quot;:[&quot;h2&quot;,&quot;h3&quot;],&quot;exclude_headings_by_selector&quot;:[],&quot;marker_view&quot;:&quot;bullets&quot;,&quot;icon&quot;:{&quot;value&quot;:&quot;&quot;,&quot;library&quot;:&quot;&quot;},&quot;no_headings_message&quot;:&quot;No headings were found on this page.&quot;,&quot;hierarchical_view&quot;:&quot;yes&quot;,&quot;min_height&quot;:{&quot;unit&quot;:&quot;px&quot;,&quot;size&quot;:&quot;&quot;,&quot;sizes&quot;:[]},&quot;min_height_tablet&quot;:{&quot;unit&quot;:&quot;px&quot;,&quot;size&quot;:&quot;&quot;,&quot;sizes&quot;:[]},&quot;min_height_mobile&quot;:{&quot;unit&quot;:&quot;px&quot;,&quot;size&quot;:&quot;&quot;,&quot;sizes&quot;:[]}}\" data-widget_type=\"table-of-contents.default\">\n\t\t\t\t<div class=\"elementor-widget-container\">\n\t\t\t\t\t\t\t\t\t<div class=\"elementor-toc__header\">\n\t\t\t\t\t\t<div class=\"elementor-toc__header-title\">\n\t\t\t\tTable des mati\u00e8res\t\t\t<\/div>\n\t\t\t\t\t\t\t\t<\/div>\n\t\t\t\t<div id=\"elementor-toc__8e6af21\" class=\"elementor-toc__body\">\n\t\t\t<div class=\"elementor-toc__spinner-container\">\n\t\t\t\t<svg class=\"elementor-toc__spinner eicon-animation-spin e-font-icon-svg e-eicon-loading\" aria-hidden=\"true\" viewBox=\"0 0 1000 1000\" xmlns=\"http:\/\/www.w3.org\/2000\/svg\"><path d=\"M500 975V858C696 858 858 696 858 500S696 142 500 142 142 304 142 500H25C25 237 238 25 500 25S975 237 975 500 763 975 500 975Z\"><\/path><\/svg>\t\t\t<\/div>\n\t\t<\/div>\n\t\t\t\t\t\t<\/div>\n\t\t\t\t<\/div>\n\t\t\t\t\t<\/div>\n\t\t\t\t<\/div>\n\t\t<div class=\"elementor-element elementor-element-63c41183 e-flex e-con-boxed e-con e-parent\" data-id=\"63c41183\" data-element_type=\"container\" data-e-type=\"container\">\n\t\t\t\t\t<div class=\"e-con-inner\">\n\t\t\t\t<div class=\"elementor-element elementor-element-65f54986 elementor-widget elementor-widget-heading\" data-id=\"65f54986\" data-element_type=\"widget\" data-e-type=\"widget\" data-widget_type=\"heading.default\">\n\t\t\t\t<div class=\"elementor-widget-container\">\n\t\t\t\t\t<h2 class=\"elementor-heading-title elementor-size-default\">D\u00e9couvrez l'histoire fascinante du Ch\u00e2teau de Forna<\/h2>\t\t\t\t<\/div>\n\t\t\t\t<\/div>\n\t\t\t\t<div class=\"elementor-element elementor-element-2263925f elementor-widget elementor-widget-text-editor\" data-id=\"2263925f\" data-element_type=\"widget\" data-e-type=\"widget\" data-widget_type=\"text-editor.default\">\n\t\t\t\t<div class=\"elementor-widget-container\">\n\t\t\t\t\t\t\t\t\t<p>Le Ch\u00e2teau de Forna, situ\u00e9 \u00e0 Alicante, est <strong>une impressionnante forteresse m\u00e9di\u00e9vale dont les origines remontent au XIIIe si\u00e8cle,<\/strong> bien que sa structure actuelle corresponde principalement aux XIVe et XVe si\u00e8cles.<\/p><p>L&rsquo;un des aspects les plus importants, et ce qui lui conf\u00e8re la majeure partie de son identit\u00e9, est que <strong>il fut initialement construit sur une ancienne tour de guet arabe<\/strong> et fut transform\u00e9 en manoir par la famille Cru\u00eflles apr\u00e8s la conqu\u00eate de Jacques Ier.<\/p><p>Le Ch\u00e2teau de Forna <strong>rec\u00e8le une histoire unique pour les amateurs du gothique civil valencien,<\/strong> donc si vous appr\u00e9ciez cette \u00e9poque et son architecture, ce sera un v\u00e9ritable d\u00e9lice pour vous. En v\u00e9rit\u00e9, il pr\u00e9sente une architecture unique, avec des tours ind\u00e9pendantes et une cour centrale, il n&rsquo;est donc pas \u00e9tonnant qu&rsquo;il soit devenu un symbole historique hautement appr\u00e9ci\u00e9 tant par les touristes que par les habitants de la province.  <\/p><p>Les gens appr\u00e9cient son histoire pour le m\u00e9lange de myst\u00e8re, d&rsquo;art et d&rsquo;h\u00e9ritage f\u00e9odal, <strong>en plus d&rsquo;offrir des vues impressionnantes sur le littoral<\/strong>, ce qui attire des milliers de touristes venus remplir la galerie de leur t\u00e9l\u00e9phone de photos panoramiques de qualit\u00e9.<\/p><p>Le seul \u00ab inconv\u00e9nient \u00bb est qu&rsquo;actuellement, son int\u00e9rieur est ferm\u00e9 pour restauration, <strong>mais son ouverture en<\/strong> <strong>2026 promet de raviver toute sa splendeur<\/strong> et d&rsquo;attirer de nombreux touristes.<\/p>\t\t\t\t\t\t\t\t<\/div>\n\t\t\t\t<\/div>\n\t\t\t\t<div class=\"elementor-element elementor-element-9d68545 elementor-widget elementor-widget-image\" data-id=\"9d68545\" data-element_type=\"widget\" data-e-type=\"widget\" data-widget_type=\"image.default\">\n\t\t\t\t<div class=\"elementor-widget-container\">\n\t\t\t\t\t\t\t\t\t\t\t\t\t\t\t<img fetchpriority=\"high\" decoding=\"async\" width=\"1258\" height=\"707\" src=\"https:\/\/www.ontravelholidayrentals.com\/blog\/wp-content\/uploads\/2025\/06\/visitar-Castillo-de-Forna.jpg\" class=\"attachment-full size-full wp-image-893\" alt=\"visitar-Castillo-de-Forna.jpg\" srcset=\"https:\/\/www.ontravelholidayrentals.com\/blog\/wp-content\/uploads\/2025\/06\/visitar-Castillo-de-Forna.jpg 1258w, https:\/\/www.ontravelholidayrentals.com\/blog\/wp-content\/uploads\/2025\/06\/visitar-Castillo-de-Forna-300x169.jpg 300w, https:\/\/www.ontravelholidayrentals.com\/blog\/wp-content\/uploads\/2025\/06\/visitar-Castillo-de-Forna-1024x575.jpg 1024w, https:\/\/www.ontravelholidayrentals.com\/blog\/wp-content\/uploads\/2025\/06\/visitar-Castillo-de-Forna-768x432.jpg 768w\" sizes=\"(max-width: 1258px) 100vw, 1258px\" \/>\t\t\t\t\t\t\t\t\t\t\t\t\t\t\t<\/div>\n\t\t\t\t<\/div>\n\t\t\t\t\t<\/div>\n\t\t\t\t<\/div>\n\t\t<div class=\"elementor-element elementor-element-1510f97a e-flex e-con-boxed e-con e-parent\" data-id=\"1510f97a\" data-element_type=\"container\" data-e-type=\"container\">\n\t\t\t\t\t<div class=\"e-con-inner\">\n\t\t\t\t<div class=\"elementor-element elementor-element-1594b98 elementor-widget elementor-widget-heading\" data-id=\"1594b98\" data-element_type=\"widget\" data-e-type=\"widget\" data-widget_type=\"heading.default\">\n\t\t\t\t<div class=\"elementor-widget-container\">\n\t\t\t\t\t<h2 class=\"elementor-heading-title elementor-size-default\">Voici comment se rendre au ch\u00e2teau de Forna<\/h2>\t\t\t\t<\/div>\n\t\t\t\t<\/div>\n\t\t\t\t<div class=\"elementor-element elementor-element-783c282b elementor-widget elementor-widget-text-editor\" data-id=\"783c282b\" data-element_type=\"widget\" data-e-type=\"widget\" data-widget_type=\"text-editor.default\">\n\t\t\t\t<div class=\"elementor-widget-container\">\n\t\t\t\t\t\t\t\t\t<p>Pour atteindre le Ch\u00e2teau de Forna, <strong>nous vous recommandons de vous garer au Xiringuito de Forna<\/strong>, situ\u00e9 \u00e0 proximit\u00e9 du ch\u00e2teau, et de l\u00e0, de marcher pendant environ 15-20 minutes le long d&rsquo;un sentier de terre avec une v\u00e9g\u00e9tation de basse montagne jusqu&rsquo;\u00e0 votre destination.<\/p><p>Le chemin <strong>est assez accessible pour tous types de personnes<\/strong> et vous permet de profiter de vues spectaculaires sur le paysage pendant votre ascension.<\/p><p>Vous pouvez \u00e9galement <strong>y acc\u00e9der en voiture depuis Alicante en environ 1 heure et 30 minutes, couvrant environ 99 km<\/strong>. Et si vous n&rsquo;avez pas de voiture, ne vous inqui\u00e9tez pas, car vous avez des options en bus ou en taxi combin\u00e9 avec le tramway. Bien qu&rsquo;elles soient un peu plus lentes, certes.   <\/p><p>Comme vous pouvez le constater, <strong>il existe plusieurs fa\u00e7ons d&rsquo;atteindre ce ch\u00e2teau<\/strong> qui est un v\u00e9ritable embl\u00e8me du gothique valencien. Vous voulez savoir quoi d&rsquo;autre vous pouvez faire dans les environs ? Rendez-vous dans la prochaine section.   <\/p>\t\t\t\t\t\t\t\t<\/div>\n\t\t\t\t<\/div>\n\t\t\t\t\t<\/div>\n\t\t\t\t<\/div>\n\t\t<div class=\"elementor-element elementor-element-881eb30 e-flex e-con-boxed e-con e-parent\" data-id=\"881eb30\" data-element_type=\"container\" data-e-type=\"container\">\n\t\t\t\t\t<div class=\"e-con-inner\">\n\t\t\t\t<div class=\"elementor-element elementor-element-8937ba3 elementor-widget elementor-widget-heading\" data-id=\"8937ba3\" data-element_type=\"widget\" data-e-type=\"widget\" data-widget_type=\"heading.default\">\n\t\t\t\t<div class=\"elementor-widget-container\">\n\t\t\t\t\t<h2 class=\"elementor-heading-title elementor-size-default\">Que voir pr\u00e8s du Ch\u00e2teau de Forna ?<\/h2>\t\t\t\t<\/div>\n\t\t\t\t<\/div>\n\t\t\t\t<div class=\"elementor-element elementor-element-2720b64 elementor-widget elementor-widget-text-editor\" data-id=\"2720b64\" data-element_type=\"widget\" data-e-type=\"widget\" data-widget_type=\"text-editor.default\">\n\t\t\t\t<div class=\"elementor-widget-container\">\n\t\t\t\t\t\t\t\t\t<p>Comme nous l&rsquo;avons mentionn\u00e9 pr\u00e9c\u00e9demment, le Ch\u00e2teau de Forna est <strong>l&rsquo;une des destinations les plus int\u00e9ressantes \u00e0 visiter \u00e0 Alicante<\/strong>. Mais pourquoi exactement ?  <\/p><p>Eh bien, outre son architecture imposante, c&rsquo;est un lieu en altitude d&rsquo;o\u00f9 vous pouvez avoir des vues spectaculaires sur la vall\u00e9e, le village de Forna et le littoral d&rsquo;Oliva. <strong>C&rsquo;est un point de vue parfait pour appr\u00e9cier la connexion entre La Safor, Marina Alta et El Comtat.<\/strong> <\/p><p>En parlant de son village le plus proche, Forna, \u00e0 Alicante, est un charmant site rural de moins de 100 habitants, situ\u00e9 au pied du ch\u00e2teau. Il est \u00e9galement r\u00e9put\u00e9 pour ses maisons traditionnelles d\u00e9cor\u00e9es de fleurs, qui transmettent la paix et l&rsquo;identit\u00e9 du lieu.  <\/p><p>Il forme un ensemble avec la ville voisine de L&rsquo;Atz\u00fabia, <strong>o\u00f9 vous pouvez visiter l&rsquo;\u00c9glise de San Bernardo Abad et profiter de sentiers de randonn\u00e9e et de zones r\u00e9cr\u00e9atives<\/strong> comme Tossal del Llop, parfait pour un bon pique-nique et quelques activit\u00e9s de plein air en famille ou entre amis.<\/p><p>Dans les environs, <strong>il existe \u00e9galement d&rsquo;autres points d&rsquo;int\u00e9r\u00eat tels que la Grotte de Canelobre<\/strong>, le Parc Naturel du Marais de Pego-Oliva, et des ch\u00e2teaux \u00e0 proximit\u00e9 comme celui de Benirrama, qui enrichiront assur\u00e9ment votre visite.<\/p>\t\t\t\t\t\t\t\t<\/div>\n\t\t\t\t<\/div>\n\t\t\t\t\t<\/div>\n\t\t\t\t<\/div>\n\t\t<div class=\"elementor-element elementor-element-ce5b272 e-flex e-con-boxed e-con e-parent\" data-id=\"ce5b272\" data-element_type=\"container\" data-e-type=\"container\">\n\t\t\t\t\t<div class=\"e-con-inner\">\n\t\t\t\t<div class=\"elementor-element elementor-element-6aafbe3 elementor-widget elementor-widget-video\" data-id=\"6aafbe3\" data-element_type=\"widget\" data-e-type=\"widget\" data-settings=\"{&quot;youtube_url&quot;:&quot;https:\\\/\\\/www.youtube.com\\\/watch?v=7GmV1lJ2OaY&quot;,&quot;video_type&quot;:&quot;youtube&quot;,&quot;controls&quot;:&quot;yes&quot;}\" data-widget_type=\"video.default\">\n\t\t\t\t<div class=\"elementor-widget-container\">\n\t\t\t\t\t\t\t<div class=\"elementor-wrapper elementor-open-inline\">\n\t\t\t<div class=\"elementor-video\"><\/div>\t\t<\/div>\n\t\t\t\t\t\t<\/div>\n\t\t\t\t<\/div>\n\t\t\t\t\t<\/div>\n\t\t\t\t<\/div>\n\t\t<div class=\"elementor-element elementor-element-0571949 e-flex e-con-boxed e-con e-parent\" data-id=\"0571949\" data-element_type=\"container\" data-e-type=\"container\">\n\t\t\t\t\t<div class=\"e-con-inner\">\n\t\t\t\t<div class=\"elementor-element elementor-element-50ec487 elementor-widget elementor-widget-heading\" data-id=\"50ec487\" data-element_type=\"widget\" data-e-type=\"widget\" data-widget_type=\"heading.default\">\n\t\t\t\t<div class=\"elementor-widget-container\">\n\t\t\t\t\t<h2 class=\"elementor-heading-title elementor-size-default\">Pourquoi devriez-vous visiter le Ch\u00e2teau de Forna ?<\/h2>\t\t\t\t<\/div>\n\t\t\t\t<\/div>\n\t\t\t\t<div class=\"elementor-element elementor-element-e3279d6 elementor-widget elementor-widget-text-editor\" data-id=\"e3279d6\" data-element_type=\"widget\" data-e-type=\"widget\" data-widget_type=\"text-editor.default\">\n\t\t\t\t<div class=\"elementor-widget-container\">\n\t\t\t\t\t\t\t\t\t<p>Rien que vous ne sachiez d\u00e9j\u00e0. Il est de notori\u00e9t\u00e9 publique que la Communaut\u00e9 valencienne est r\u00e9put\u00e9e pour ses magnifiques plages et ses imposants ch\u00e2teaux. L&rsquo;exp\u00e9rience de <strong>renouer avec l&rsquo;histoire m\u00e9di\u00e9vale est un v\u00e9ritable privil\u00e8ge<\/strong> dont on peut jouir dans cette r\u00e9gion plus que dans toute autre partie de notre pays.   <\/p><p>N\u00e9anmoins, il est peu utile de visiter des lieux extraordinaires si l&rsquo;h\u00e9bergement dans lequel vous s\u00e9journez n&rsquo;est pas \u00e0 la hauteur. Chez On Travel, nous souhaitons rendre votre exp\u00e9rience la meilleure possible, c&rsquo;est pourquoi <strong>nous vous proposons un large \u00e9ventail d&rsquo;appartements \u00e0 Oliva, Moraira, J\u00e1vea, Benissa et Denia.<\/strong>  <\/p><p>Contactez-nous et <strong>r\u00e9servez le v\u00f4tre pour vos prochaines vacances<\/strong>. D\u00e9p\u00eachez-vous, avant qu&rsquo;ils ne soient tous r\u00e9serv\u00e9s !  <\/p>\t\t\t\t\t\t\t\t<\/div>\n\t\t\t\t<\/div>\n\t\t\t\t\t<\/div>\n\t\t\t\t<\/div>\n\t\t<div class=\"elementor-element elementor-element-56442042 e-flex e-con-boxed e-con e-parent\" data-id=\"56442042\" data-element_type=\"container\" data-e-type=\"container\">\n\t\t\t\t\t<div class=\"e-con-inner\">\n\t\t\t\t<div class=\"elementor-element elementor-element-130939e elementor-widget elementor-widget-grid\" data-id=\"130939e\" data-element_type=\"widget\" data-e-type=\"widget\" data-widget_type=\"grid.default\">\n\t\t\t\t<div class=\"elementor-widget-container\">\n\t\t\t\t\t\t\t<div class=\"its--row alojamientos-recomendados\">\n\n\t\t\t<div class=\"alojamientos-recomendados-container\">\n\n\t\t\t\t\t\n\t\t\t\t\t<a href=\"https:\/\/www.ontravelholidayrentals.com\/fr\/location\/villa-oliva-villa-vermeer-51-460858.html\" rel=\"nofollow\" style=\"width: 23%;\">\n\t\t\t\t\t\t<div class=\"apartamento-box\">\n\t\t\t\t\t\t\t<div class=\"imagen_recomendados\">\n\t\t\t\t\t\t\t\t<img decoding=\"async\" src=\"https:\/\/crs.avantio.com\/fotos\/2\/1703084140d3f439d9b3375a13b4f0e50afb895aaa\/big1703332585741831091dd4ad756385090fb49199ea.jpg\" alt=\"Villa Colibri by ON Travel\">\n\t\t\t\t\t\t\t<\/div>\n\t\t\t\t\t\t\t<div class=\"info\">\n\t\t\t\t\t\t\t\t<div class=\"ubicacion\">\n\t\t\t\t\t\t\t\t\t<i class=\"fa-solid fa-location-dot icono-mapa\"><\/i><span class=\"ubicacion-texto\">Oliva - Dpt. Valencia<\/span>\n\t\t\t\t\t\t\t\t<\/div>\n\t\t\t\t\t\t\t\t<H3 class=\"titulo-alojamiento\">\n\t\t\t\t\t\t\t\t\tVilla Colibri by ON Travel\t\t\t\t\t\t\t\t<\/H3>\n\t\t\t\t\t\t\t\t<p class=\"precio-alojamiento\">\u00c0 partir de <span class=\"precio\">328.00\u20ac<\/span> par nuit<\/p>\n\t\t\t\t\t\t\t<\/div>\n\t\t\t\t\t\t<\/div>\n\t\t\t\t\t<\/a> \n\t\t\t\t\t\t\n\t\t\t\t\t<a href=\"https:\/\/www.ontravelholidayrentals.com\/fr\/location\/villa-oliva-villa-vermeer-21-461268.html\" rel=\"nofollow\" style=\"width: 23%;\">\n\t\t\t\t\t\t<div class=\"apartamento-box\">\n\t\t\t\t\t\t\t<div class=\"imagen_recomendados\">\n\t\t\t\t\t\t\t\t<img decoding=\"async\" src=\"https:\/\/crs.avantio.com\/fotos\/2\/1703335589811fbc048cd27ef2e70871e03571a65f\/big17033356189dc73706c960d3ef8712f0c901543b8b.jpg\" alt=\"Villa Solana  by ON Travel\">\n\t\t\t\t\t\t\t<\/div>\n\t\t\t\t\t\t\t<div class=\"info\">\n\t\t\t\t\t\t\t\t<div class=\"ubicacion\">\n\t\t\t\t\t\t\t\t\t<i class=\"fa-solid fa-location-dot icono-mapa\"><\/i><span class=\"ubicacion-texto\">Oliva - Dpt. Valencia<\/span>\n\t\t\t\t\t\t\t\t<\/div>\n\t\t\t\t\t\t\t\t<H3 class=\"titulo-alojamiento\">\n\t\t\t\t\t\t\t\t\tVilla Solana  by ON Travel\t\t\t\t\t\t\t\t<\/H3>\n\t\t\t\t\t\t\t\t<p class=\"precio-alojamiento\">\u00c0 partir de <span class=\"precio\">217.00\u20ac<\/span> par nuit<\/p>\n\t\t\t\t\t\t\t<\/div>\n\t\t\t\t\t\t<\/div>\n\t\t\t\t\t<\/a> \n\t\t\t\t\t\t\n\t\t\t\t\t<a href=\"https:\/\/www.ontravelholidayrentals.com\/fr\/location\/villa-oliva-villa-vermeer-25-461292.html\" rel=\"nofollow\" style=\"width: 23%;\">\n\t\t\t\t\t\t<div class=\"apartamento-box\">\n\t\t\t\t\t\t\t<div class=\"imagen_recomendados\">\n\t\t\t\t\t\t\t\t<img decoding=\"async\" src=\"https:\/\/crs.avantio.com\/fotos\/2\/1705335735591b101a10adf0c9165b293b19af3489\/big1705335762de9703dc1854540c9777fd4932b0499a.jpg\" alt=\"Greenside oasis villa by ON Travel\">\n\t\t\t\t\t\t\t<\/div>\n\t\t\t\t\t\t\t<div class=\"info\">\n\t\t\t\t\t\t\t\t<div class=\"ubicacion\">\n\t\t\t\t\t\t\t\t\t<i class=\"fa-solid fa-location-dot icono-mapa\"><\/i><span class=\"ubicacion-texto\">Oliva - Dpt. Valencia<\/span>\n\t\t\t\t\t\t\t\t<\/div>\n\t\t\t\t\t\t\t\t<H3 class=\"titulo-alojamiento\">\n\t\t\t\t\t\t\t\t\tGreenside oasis villa by ON Travel\t\t\t\t\t\t\t\t<\/H3>\n\t\t\t\t\t\t\t\t<p class=\"precio-alojamiento\">\u00c0 partir de <span class=\"precio\">328.00\u20ac<\/span> par nuit<\/p>\n\t\t\t\t\t\t\t<\/div>\n\t\t\t\t\t\t<\/div>\n\t\t\t\t\t<\/a> \n\t\t\t\t\t\t\n\t\t\t\t\t<a href=\"https:\/\/www.ontravelholidayrentals.com\/fr\/location\/villa-oliva-villa-vermeer-43-461293.html\" rel=\"nofollow\" style=\"width: 23%;\">\n\t\t\t\t\t\t<div class=\"apartamento-box\">\n\t\t\t\t\t\t\t<div class=\"imagen_recomendados\">\n\t\t\t\t\t\t\t\t<img decoding=\"async\" src=\"https:\/\/crs.avantio.com\/fotos\/2\/17054241108ffb3352fb1b6efd3c6e1c3097debf40\/big170542451565ad5f2b0843b6346526f00ede7b3ef7.jpg\" alt=\"Villa Cisne by ON Travel\">\n\t\t\t\t\t\t\t<\/div>\n\t\t\t\t\t\t\t<div class=\"info\">\n\t\t\t\t\t\t\t\t<div class=\"ubicacion\">\n\t\t\t\t\t\t\t\t\t<i class=\"fa-solid fa-location-dot icono-mapa\"><\/i><span class=\"ubicacion-texto\">Oliva - Dpt. Valencia<\/span>\n\t\t\t\t\t\t\t\t<\/div>\n\t\t\t\t\t\t\t\t<H3 class=\"titulo-alojamiento\">\n\t\t\t\t\t\t\t\t\tVilla Cisne by ON Travel\t\t\t\t\t\t\t\t<\/H3>\n\t\t\t\t\t\t\t\t<p class=\"precio-alojamiento\">\u00c0 partir de <span class=\"precio\">205.00\u20ac<\/span> par nuit<\/p>\n\t\t\t\t\t\t\t<\/div>\n\t\t\t\t\t\t<\/div>\n\t\t\t\t\t<\/a> \n\t\t\t\t\t\t\t\t<\/div>\n\t\t\t<\/div>\n\t\t\t\t\t\t<\/div>\n\t\t\t\t<\/div>\n\t\t\t\t\t<\/div>\n\t\t\t\t<\/div>\n\t\t\t\t<\/div>\n\t\t","protected":false},"excerpt":{"rendered":"<p>Titre Peut-\u00eatre \u00eates-vous \u00e0 pr\u00e9sent lass\u00e9 de tous ces selfies sur des plages bond\u00e9es et aspirez-vous \u00e0 quelque chose de diff\u00e9rent. Certes, une baignade estivale est incontournable, mais il existe d&rsquo;autres alternatives fort int\u00e9ressantes, particuli\u00e8rement \u00e0 Alicante. Nous parlons bien \u00e9videmment du Ch\u00e2teau de Forna. Il est vrai que vous n&rsquo;y trouverez pas de couverture [&hellip;]<\/p>\n","protected":false},"author":4,"featured_media":897,"comment_status":"open","ping_status":"open","sticky":false,"template":"elementor_header_footer","format":"standard","meta":{"footnotes":""},"categories":[30],"tags":[],"class_list":["post-943","post","type-post","status-publish","format-standard","has-post-thumbnail","hentry","category-oliva-fr"],"yoast_head":"<!-- This site is optimized with the Yoast SEO plugin v25.2 - https:\/\/yoast.com\/wordpress\/plugins\/seo\/ -->\n<title>Ch\u00e2teau de Forna - Blog<\/title>\n<meta name=\"description\" content=\"Visitez le Ch\u00e2teau de Forna et immergez-vous dans son histoire et ses vues panoramiques.\" \/>\n<meta name=\"robots\" content=\"index, follow, max-snippet:-1, max-image-preview:large, max-video-preview:-1\" \/>\n<link rel=\"canonical\" href=\"https:\/\/www.ontravelholidayrentals.com\/blog\/fr\/castillo-de-forna\/\" \/>\n<meta property=\"og:locale\" content=\"fr_FR\" \/>\n<meta property=\"og:type\" content=\"article\" \/>\n<meta property=\"og:title\" content=\"Ch\u00e2teau de Forna - Blog\" \/>\n<meta property=\"og:description\" content=\"Visitez le Ch\u00e2teau de Forna et immergez-vous dans son histoire et ses vues panoramiques.\" \/>\n<meta property=\"og:url\" content=\"https:\/\/www.ontravelholidayrentals.com\/blog\/fr\/castillo-de-forna\/\" \/>\n<meta property=\"og:site_name\" content=\"Blog\" \/>\n<meta property=\"article:published_time\" content=\"2025-06-13T10:49:09+00:00\" \/>\n<meta property=\"article:modified_time\" content=\"2025-06-23T14:12:11+00:00\" \/>\n<meta property=\"og:image\" content=\"https:\/\/www.ontravelholidayrentals.com\/blog\/wp-content\/uploads\/2025\/06\/Castillo-de-Forna.jpg\" \/>\n\t<meta property=\"og:image:width\" content=\"2127\" \/>\n\t<meta property=\"og:image:height\" content=\"709\" \/>\n\t<meta property=\"og:image:type\" content=\"image\/jpeg\" \/>\n<meta name=\"author\" content=\"Axel\" \/>\n<meta name=\"twitter:card\" content=\"summary_large_image\" \/>\n<meta name=\"twitter:label1\" content=\"\u00c9crit par\" \/>\n\t<meta name=\"twitter:data1\" content=\"Axel\" \/>\n\t<meta name=\"twitter:label2\" content=\"Dur\u00e9e de lecture estim\u00e9e\" \/>\n\t<meta name=\"twitter:data2\" content=\"5 minutes\" \/>\n<script type=\"application\/ld+json\" class=\"yoast-schema-graph\">{\"@context\":\"https:\/\/schema.org\",\"@graph\":[{\"@type\":\"Article\",\"@id\":\"https:\/\/www.ontravelholidayrentals.com\/blog\/fr\/castillo-de-forna\/#article\",\"isPartOf\":{\"@id\":\"https:\/\/www.ontravelholidayrentals.com\/blog\/fr\/castillo-de-forna\/\"},\"author\":{\"name\":\"Axel\",\"@id\":\"https:\/\/www.ontravelholidayrentals.com\/blog\/fr\/#\/schema\/person\/907601cb91b08af60b0fec9e629a4883\"},\"headline\":\"Souhaitez-vous visiter un magnifique ch\u00e2teau ? Venez au ch\u00e2teau de Forna \u00e0 Alicante\",\"datePublished\":\"2025-06-13T10:49:09+00:00\",\"dateModified\":\"2025-06-23T14:12:11+00:00\",\"mainEntityOfPage\":{\"@id\":\"https:\/\/www.ontravelholidayrentals.com\/blog\/fr\/castillo-de-forna\/\"},\"wordCount\":1127,\"commentCount\":0,\"publisher\":{\"@id\":\"https:\/\/www.ontravelholidayrentals.com\/blog\/fr\/#organization\"},\"image\":{\"@id\":\"https:\/\/www.ontravelholidayrentals.com\/blog\/fr\/castillo-de-forna\/#primaryimage\"},\"thumbnailUrl\":\"https:\/\/www.ontravelholidayrentals.com\/blog\/wp-content\/uploads\/2025\/06\/Castillo-de-Forna.jpg\",\"articleSection\":[\"Oliva\"],\"inLanguage\":\"fr-FR\",\"potentialAction\":[{\"@type\":\"CommentAction\",\"name\":\"Comment\",\"target\":[\"https:\/\/www.ontravelholidayrentals.com\/blog\/fr\/castillo-de-forna\/#respond\"]}]},{\"@type\":\"WebPage\",\"@id\":\"https:\/\/www.ontravelholidayrentals.com\/blog\/fr\/castillo-de-forna\/\",\"url\":\"https:\/\/www.ontravelholidayrentals.com\/blog\/fr\/castillo-de-forna\/\",\"name\":\"Ch\u00e2teau de Forna - Blog\",\"isPartOf\":{\"@id\":\"https:\/\/www.ontravelholidayrentals.com\/blog\/fr\/#website\"},\"primaryImageOfPage\":{\"@id\":\"https:\/\/www.ontravelholidayrentals.com\/blog\/fr\/castillo-de-forna\/#primaryimage\"},\"image\":{\"@id\":\"https:\/\/www.ontravelholidayrentals.com\/blog\/fr\/castillo-de-forna\/#primaryimage\"},\"thumbnailUrl\":\"https:\/\/www.ontravelholidayrentals.com\/blog\/wp-content\/uploads\/2025\/06\/Castillo-de-Forna.jpg\",\"datePublished\":\"2025-06-13T10:49:09+00:00\",\"dateModified\":\"2025-06-23T14:12:11+00:00\",\"description\":\"Visitez le Ch\u00e2teau de Forna et immergez-vous dans son histoire et ses vues panoramiques.\",\"breadcrumb\":{\"@id\":\"https:\/\/www.ontravelholidayrentals.com\/blog\/fr\/castillo-de-forna\/#breadcrumb\"},\"inLanguage\":\"fr-FR\",\"potentialAction\":[{\"@type\":\"ReadAction\",\"target\":[\"https:\/\/www.ontravelholidayrentals.com\/blog\/fr\/castillo-de-forna\/\"]}]},{\"@type\":\"ImageObject\",\"inLanguage\":\"fr-FR\",\"@id\":\"https:\/\/www.ontravelholidayrentals.com\/blog\/fr\/castillo-de-forna\/#primaryimage\",\"url\":\"https:\/\/www.ontravelholidayrentals.com\/blog\/wp-content\/uploads\/2025\/06\/Castillo-de-Forna.jpg\",\"contentUrl\":\"https:\/\/www.ontravelholidayrentals.com\/blog\/wp-content\/uploads\/2025\/06\/Castillo-de-Forna.jpg\",\"width\":2127,\"height\":709,\"caption\":\"The castillo de forna on a big rock surrounded by green trees and bushes under blue sky\"},{\"@type\":\"BreadcrumbList\",\"@id\":\"https:\/\/www.ontravelholidayrentals.com\/blog\/fr\/castillo-de-forna\/#breadcrumb\",\"itemListElement\":[{\"@type\":\"ListItem\",\"position\":1,\"name\":\"Portada\",\"item\":\"https:\/\/www.ontravelholidayrentals.com\/blog\/fr\/\"},{\"@type\":\"ListItem\",\"position\":2,\"name\":\"Souhaitez-vous visiter un magnifique ch\u00e2teau ? Venez au ch\u00e2teau de Forna \u00e0 Alicante\"}]},{\"@type\":\"WebSite\",\"@id\":\"https:\/\/www.ontravelholidayrentals.com\/blog\/fr\/#website\",\"url\":\"https:\/\/www.ontravelholidayrentals.com\/blog\/fr\/\",\"name\":\"Blog\",\"description\":\"Ontravelholidayrentals\",\"publisher\":{\"@id\":\"https:\/\/www.ontravelholidayrentals.com\/blog\/fr\/#organization\"},\"potentialAction\":[{\"@type\":\"SearchAction\",\"target\":{\"@type\":\"EntryPoint\",\"urlTemplate\":\"https:\/\/www.ontravelholidayrentals.com\/blog\/fr\/?s={search_term_string}\"},\"query-input\":{\"@type\":\"PropertyValueSpecification\",\"valueRequired\":true,\"valueName\":\"search_term_string\"}}],\"inLanguage\":\"fr-FR\"},{\"@type\":\"Organization\",\"@id\":\"https:\/\/www.ontravelholidayrentals.com\/blog\/fr\/#organization\",\"name\":\"Blog\",\"url\":\"https:\/\/www.ontravelholidayrentals.com\/blog\/fr\/\",\"logo\":{\"@type\":\"ImageObject\",\"inLanguage\":\"fr-FR\",\"@id\":\"https:\/\/www.ontravelholidayrentals.com\/blog\/fr\/#\/schema\/logo\/image\/\",\"url\":\"https:\/\/www.ontravelholidayrentals.com\/blog\/wp-content\/uploads\/2025\/02\/logo-oliva-nova.webp\",\"contentUrl\":\"https:\/\/www.ontravelholidayrentals.com\/blog\/wp-content\/uploads\/2025\/02\/logo-oliva-nova.webp\",\"width\":2454,\"height\":875,\"caption\":\"Blog\"},\"image\":{\"@id\":\"https:\/\/www.ontravelholidayrentals.com\/blog\/fr\/#\/schema\/logo\/image\/\"}},{\"@type\":\"Person\",\"@id\":\"https:\/\/www.ontravelholidayrentals.com\/blog\/fr\/#\/schema\/person\/907601cb91b08af60b0fec9e629a4883\",\"name\":\"Axel\",\"image\":{\"@type\":\"ImageObject\",\"inLanguage\":\"fr-FR\",\"@id\":\"https:\/\/www.ontravelholidayrentals.com\/blog\/fr\/#\/schema\/person\/image\/\",\"url\":\"https:\/\/secure.gravatar.com\/avatar\/3bd706736e5b70f21f05f6c2d5cad746767782a4ba4b7df399c5969e2a9318fd?s=96&d=mm&r=g\",\"contentUrl\":\"https:\/\/secure.gravatar.com\/avatar\/3bd706736e5b70f21f05f6c2d5cad746767782a4ba4b7df399c5969e2a9318fd?s=96&d=mm&r=g\",\"caption\":\"Axel\"},\"url\":\"https:\/\/www.ontravelholidayrentals.com\/blog\/fr\/author\/axel\/\"}]}<\/script>\n<!-- \/ Yoast SEO plugin. -->","yoast_head_json":{"title":"Ch\u00e2teau de Forna - Blog","description":"Visitez le Ch\u00e2teau de Forna et immergez-vous dans son histoire et ses vues panoramiques.","robots":{"index":"index","follow":"follow","max-snippet":"max-snippet:-1","max-image-preview":"max-image-preview:large","max-video-preview":"max-video-preview:-1"},"canonical":"https:\/\/www.ontravelholidayrentals.com\/blog\/fr\/castillo-de-forna\/","og_locale":"fr_FR","og_type":"article","og_title":"Ch\u00e2teau de Forna - Blog","og_description":"Visitez le Ch\u00e2teau de Forna et immergez-vous dans son histoire et ses vues panoramiques.","og_url":"https:\/\/www.ontravelholidayrentals.com\/blog\/fr\/castillo-de-forna\/","og_site_name":"Blog","article_published_time":"2025-06-13T10:49:09+00:00","article_modified_time":"2025-06-23T14:12:11+00:00","og_image":[{"width":2127,"height":709,"url":"https:\/\/www.ontravelholidayrentals.com\/blog\/wp-content\/uploads\/2025\/06\/Castillo-de-Forna.jpg","type":"image\/jpeg"}],"author":"Axel","twitter_card":"summary_large_image","twitter_misc":{"\u00c9crit par":"Axel","Dur\u00e9e de lecture estim\u00e9e":"5 minutes"},"schema":{"@context":"https:\/\/schema.org","@graph":[{"@type":"Article","@id":"https:\/\/www.ontravelholidayrentals.com\/blog\/fr\/castillo-de-forna\/#article","isPartOf":{"@id":"https:\/\/www.ontravelholidayrentals.com\/blog\/fr\/castillo-de-forna\/"},"author":{"name":"Axel","@id":"https:\/\/www.ontravelholidayrentals.com\/blog\/fr\/#\/schema\/person\/907601cb91b08af60b0fec9e629a4883"},"headline":"Souhaitez-vous visiter un magnifique ch\u00e2teau ? Venez au ch\u00e2teau de Forna \u00e0 Alicante","datePublished":"2025-06-13T10:49:09+00:00","dateModified":"2025-06-23T14:12:11+00:00","mainEntityOfPage":{"@id":"https:\/\/www.ontravelholidayrentals.com\/blog\/fr\/castillo-de-forna\/"},"wordCount":1127,"commentCount":0,"publisher":{"@id":"https:\/\/www.ontravelholidayrentals.com\/blog\/fr\/#organization"},"image":{"@id":"https:\/\/www.ontravelholidayrentals.com\/blog\/fr\/castillo-de-forna\/#primaryimage"},"thumbnailUrl":"https:\/\/www.ontravelholidayrentals.com\/blog\/wp-content\/uploads\/2025\/06\/Castillo-de-Forna.jpg","articleSection":["Oliva"],"inLanguage":"fr-FR","potentialAction":[{"@type":"CommentAction","name":"Comment","target":["https:\/\/www.ontravelholidayrentals.com\/blog\/fr\/castillo-de-forna\/#respond"]}]},{"@type":"WebPage","@id":"https:\/\/www.ontravelholidayrentals.com\/blog\/fr\/castillo-de-forna\/","url":"https:\/\/www.ontravelholidayrentals.com\/blog\/fr\/castillo-de-forna\/","name":"Ch\u00e2teau de Forna - Blog","isPartOf":{"@id":"https:\/\/www.ontravelholidayrentals.com\/blog\/fr\/#website"},"primaryImageOfPage":{"@id":"https:\/\/www.ontravelholidayrentals.com\/blog\/fr\/castillo-de-forna\/#primaryimage"},"image":{"@id":"https:\/\/www.ontravelholidayrentals.com\/blog\/fr\/castillo-de-forna\/#primaryimage"},"thumbnailUrl":"https:\/\/www.ontravelholidayrentals.com\/blog\/wp-content\/uploads\/2025\/06\/Castillo-de-Forna.jpg","datePublished":"2025-06-13T10:49:09+00:00","dateModified":"2025-06-23T14:12:11+00:00","description":"Visitez le Ch\u00e2teau de Forna et immergez-vous dans son histoire et ses vues panoramiques.","breadcrumb":{"@id":"https:\/\/www.ontravelholidayrentals.com\/blog\/fr\/castillo-de-forna\/#breadcrumb"},"inLanguage":"fr-FR","potentialAction":[{"@type":"ReadAction","target":["https:\/\/www.ontravelholidayrentals.com\/blog\/fr\/castillo-de-forna\/"]}]},{"@type":"ImageObject","inLanguage":"fr-FR","@id":"https:\/\/www.ontravelholidayrentals.com\/blog\/fr\/castillo-de-forna\/#primaryimage","url":"https:\/\/www.ontravelholidayrentals.com\/blog\/wp-content\/uploads\/2025\/06\/Castillo-de-Forna.jpg","contentUrl":"https:\/\/www.ontravelholidayrentals.com\/blog\/wp-content\/uploads\/2025\/06\/Castillo-de-Forna.jpg","width":2127,"height":709,"caption":"The castillo de forna on a big rock surrounded by green trees and bushes under blue sky"},{"@type":"BreadcrumbList","@id":"https:\/\/www.ontravelholidayrentals.com\/blog\/fr\/castillo-de-forna\/#breadcrumb","itemListElement":[{"@type":"ListItem","position":1,"name":"Portada","item":"https:\/\/www.ontravelholidayrentals.com\/blog\/fr\/"},{"@type":"ListItem","position":2,"name":"Souhaitez-vous visiter un magnifique ch\u00e2teau ? Venez au ch\u00e2teau de Forna \u00e0 Alicante"}]},{"@type":"WebSite","@id":"https:\/\/www.ontravelholidayrentals.com\/blog\/fr\/#website","url":"https:\/\/www.ontravelholidayrentals.com\/blog\/fr\/","name":"Blog","description":"Ontravelholidayrentals","publisher":{"@id":"https:\/\/www.ontravelholidayrentals.com\/blog\/fr\/#organization"},"potentialAction":[{"@type":"SearchAction","target":{"@type":"EntryPoint","urlTemplate":"https:\/\/www.ontravelholidayrentals.com\/blog\/fr\/?s={search_term_string}"},"query-input":{"@type":"PropertyValueSpecification","valueRequired":true,"valueName":"search_term_string"}}],"inLanguage":"fr-FR"},{"@type":"Organization","@id":"https:\/\/www.ontravelholidayrentals.com\/blog\/fr\/#organization","name":"Blog","url":"https:\/\/www.ontravelholidayrentals.com\/blog\/fr\/","logo":{"@type":"ImageObject","inLanguage":"fr-FR","@id":"https:\/\/www.ontravelholidayrentals.com\/blog\/fr\/#\/schema\/logo\/image\/","url":"https:\/\/www.ontravelholidayrentals.com\/blog\/wp-content\/uploads\/2025\/02\/logo-oliva-nova.webp","contentUrl":"https:\/\/www.ontravelholidayrentals.com\/blog\/wp-content\/uploads\/2025\/02\/logo-oliva-nova.webp","width":2454,"height":875,"caption":"Blog"},"image":{"@id":"https:\/\/www.ontravelholidayrentals.com\/blog\/fr\/#\/schema\/logo\/image\/"}},{"@type":"Person","@id":"https:\/\/www.ontravelholidayrentals.com\/blog\/fr\/#\/schema\/person\/907601cb91b08af60b0fec9e629a4883","name":"Axel","image":{"@type":"ImageObject","inLanguage":"fr-FR","@id":"https:\/\/www.ontravelholidayrentals.com\/blog\/fr\/#\/schema\/person\/image\/","url":"https:\/\/secure.gravatar.com\/avatar\/3bd706736e5b70f21f05f6c2d5cad746767782a4ba4b7df399c5969e2a9318fd?s=96&d=mm&r=g","contentUrl":"https:\/\/secure.gravatar.com\/avatar\/3bd706736e5b70f21f05f6c2d5cad746767782a4ba4b7df399c5969e2a9318fd?s=96&d=mm&r=g","caption":"Axel"},"url":"https:\/\/www.ontravelholidayrentals.com\/blog\/fr\/author\/axel\/"}]}},"_links":{"self":[{"href":"https:\/\/www.ontravelholidayrentals.com\/blog\/fr\/wp-json\/wp\/v2\/posts\/943","targetHints":{"allow":["GET"]}}],"collection":[{"href":"https:\/\/www.ontravelholidayrentals.com\/blog\/fr\/wp-json\/wp\/v2\/posts"}],"about":[{"href":"https:\/\/www.ontravelholidayrentals.com\/blog\/fr\/wp-json\/wp\/v2\/types\/post"}],"author":[{"embeddable":true,"href":"https:\/\/www.ontravelholidayrentals.com\/blog\/fr\/wp-json\/wp\/v2\/users\/4"}],"replies":[{"embeddable":true,"href":"https:\/\/www.ontravelholidayrentals.com\/blog\/fr\/wp-json\/wp\/v2\/comments?post=943"}],"version-history":[{"count":1,"href":"https:\/\/www.ontravelholidayrentals.com\/blog\/fr\/wp-json\/wp\/v2\/posts\/943\/revisions"}],"predecessor-version":[{"id":944,"href":"https:\/\/www.ontravelholidayrentals.com\/blog\/fr\/wp-json\/wp\/v2\/posts\/943\/revisions\/944"}],"wp:featuredmedia":[{"embeddable":true,"href":"https:\/\/www.ontravelholidayrentals.com\/blog\/fr\/wp-json\/wp\/v2\/media\/897"}],"wp:attachment":[{"href":"https:\/\/www.ontravelholidayrentals.com\/blog\/fr\/wp-json\/wp\/v2\/media?parent=943"}],"wp:term":[{"taxonomy":"category","embeddable":true,"href":"https:\/\/www.ontravelholidayrentals.com\/blog\/fr\/wp-json\/wp\/v2\/categories?post=943"},{"taxonomy":"post_tag","embeddable":true,"href":"https:\/\/www.ontravelholidayrentals.com\/blog\/fr\/wp-json\/wp\/v2\/tags?post=943"}],"curies":[{"name":"wp","href":"https:\/\/api.w.org\/{rel}","templated":true}]}}