{"id":430,"date":"2025-03-07T10:44:04","date_gmt":"2025-03-07T10:44:04","guid":{"rendered":"https:\/\/www.ontravelholidayrentals.com\/blog\/?p=430"},"modified":"2025-03-27T09:22:32","modified_gmt":"2025-03-27T09:22:32","slug":"cueva-de-los-arcos","status":"publish","type":"post","link":"https:\/\/www.ontravelholidayrentals.com\/blog\/fr\/cueva-de-los-arcos\/","title":{"rendered":"La Cueva de los Arcos. D\u00e9couvrez cet endroit de r\u00eave !"},"content":{"rendered":"\t\t<div data-elementor-type=\"wp-post\" data-elementor-id=\"430\" class=\"elementor elementor-430 elementor-154\" data-elementor-post-type=\"post\">\n\t\t\t\t<div class=\"elementor-element elementor-element-024babe e-flex e-con-boxed e-con e-parent\" data-id=\"024babe\" data-element_type=\"container\" data-e-type=\"container\" data-settings=\"{&quot;background_background&quot;:&quot;classic&quot;}\">\n\t\t\t\t\t<div class=\"e-con-inner\">\n\t\t\t\t<div class=\"elementor-element elementor-element-f11dfb4 elementor-widget elementor-widget-heading\" data-id=\"f11dfb4\" data-element_type=\"widget\" data-e-type=\"widget\" data-widget_type=\"heading.default\">\n\t\t\t\t<div class=\"elementor-widget-container\">\n\t\t\t\t\t<h1 class=\"elementor-heading-title elementor-size-default\">La Cueva de los Arcos<br>D\u00e9couvrez cet endroit de r\u00eave !<\/h1>\t\t\t\t<\/div>\n\t\t\t\t<\/div>\n\t\t\t\t\t<\/div>\n\t\t\t\t<\/div>\n\t\t<div class=\"elementor-element elementor-element-3045daa5 e-flex e-con-boxed e-con e-parent\" data-id=\"3045daa5\" data-element_type=\"container\" data-e-type=\"container\">\n\t\t\t\t\t<div class=\"e-con-inner\">\n\t\t\t\t<div class=\"elementor-element elementor-element-2cf96031 elementor-widget elementor-widget-text-editor\" data-id=\"2cf96031\" data-element_type=\"widget\" data-e-type=\"widget\" data-widget_type=\"text-editor.default\">\n\t\t\t\t<div class=\"elementor-widget-container\">\n\t\t\t\t\t\t\t\t\t<p><span style=\"font-weight: 400;\">Nous esp\u00e9rons d\u00e9j\u00e0 que vous aimerez poster sur vos r\u00e9seaux sociaux tous les endroits fantastiques que vous d\u00e9couvrirez lors de vos voyages. Nous ne vous jugeons pas, au contraire. Nous aussi, nous aimons \u00e7a.    <\/span><b>Alors aujourd&rsquo;hui, nous allons vous parler d&rsquo;un lieu que vous voudrez immortaliser dans la galerie de votre t\u00e9l\u00e9phone.<\/b><\/p><p><span style=\"font-weight: 400;\">Il s&rsquo;agit de la Cueva de los Arcos,<\/span> <b>l&rsquo;un des endroits les plus \u00ab instagrammables \u00bb d&rsquo;Espagne.<\/b><span style=\"font-weight: 400;\">. Et non, nous n&rsquo;exag\u00e9rons pas, car \u00e0 Alicante vous trouverez cette authentique merveille naturelle qui vous surprendra comme \u00e9tant un endroit magique, id\u00e9al pour une visite en couple. <\/span><\/p><p><span style=\"font-weight: 400;\">Ci-dessous,<\/span> <b>nous vous disons tout sur la Cueva de los Arcos<\/b> <span style=\"font-weight: 400;\">et quelques conseils utiles pour profiter au mieux de votre visite. C&rsquo;est parti ! <\/span><\/p>\t\t\t\t\t\t\t\t<\/div>\n\t\t\t\t<\/div>\n\t\t\t\t\t<\/div>\n\t\t\t\t<\/div>\n\t\t<div class=\"elementor-element elementor-element-6b7e954b e-flex e-con-boxed e-con e-parent\" data-id=\"6b7e954b\" data-element_type=\"container\" data-e-type=\"container\">\n\t\t\t\t\t<div class=\"e-con-inner\">\n\t\t\t\t<div class=\"elementor-element elementor-element-87da6c3 elementor-widget elementor-widget-table-of-contents\" data-id=\"87da6c3\" data-element_type=\"widget\" data-e-type=\"widget\" data-settings=\"{&quot;headings_by_tags&quot;:[&quot;h2&quot;,&quot;h3&quot;],&quot;exclude_headings_by_selector&quot;:[],&quot;marker_view&quot;:&quot;bullets&quot;,&quot;icon&quot;:{&quot;value&quot;:&quot;far fa-circle&quot;,&quot;library&quot;:&quot;fa-regular&quot;,&quot;rendered_tag&quot;:&quot;&lt;svg class=\\&quot;e-font-icon-svg e-far-circle\\&quot; viewBox=\\&quot;0 0 512 512\\&quot; xmlns=\\&quot;http:\\\/\\\/www.w3.org\\\/2000\\\/svg\\&quot;&gt;&lt;path d=\\&quot;M256 8C119 8 8 119 8 256s111 248 248 248 248-111 248-248S393 8 256 8zm0 448c-110.5 0-200-89.5-200-200S145.5 56 256 56s200 89.5 200 200-89.5 200-200 200z\\&quot;&gt;&lt;\\\/path&gt;&lt;\\\/svg&gt;&quot;},&quot;no_headings_message&quot;:&quot;No headings were found on this page.&quot;,&quot;hierarchical_view&quot;:&quot;yes&quot;,&quot;min_height&quot;:{&quot;unit&quot;:&quot;px&quot;,&quot;size&quot;:&quot;&quot;,&quot;sizes&quot;:[]},&quot;min_height_tablet&quot;:{&quot;unit&quot;:&quot;px&quot;,&quot;size&quot;:&quot;&quot;,&quot;sizes&quot;:[]},&quot;min_height_mobile&quot;:{&quot;unit&quot;:&quot;px&quot;,&quot;size&quot;:&quot;&quot;,&quot;sizes&quot;:[]}}\" data-widget_type=\"table-of-contents.default\">\n\t\t\t\t<div class=\"elementor-widget-container\">\n\t\t\t\t\t\t\t\t\t<div class=\"elementor-toc__header\">\n\t\t\t\t\t\t<div class=\"elementor-toc__header-title\">\n\t\t\t\tSommaire\t\t\t<\/div>\n\t\t\t\t\t\t\t\t<\/div>\n\t\t\t\t<div id=\"elementor-toc__87da6c3\" class=\"elementor-toc__body\">\n\t\t\t<div class=\"elementor-toc__spinner-container\">\n\t\t\t\t<svg class=\"elementor-toc__spinner eicon-animation-spin e-font-icon-svg e-eicon-loading\" aria-hidden=\"true\" viewBox=\"0 0 1000 1000\" xmlns=\"http:\/\/www.w3.org\/2000\/svg\"><path d=\"M500 975V858C696 858 858 696 858 500S696 142 500 142 142 304 142 500H25C25 237 238 25 500 25S975 237 975 500 763 975 500 975Z\"><\/path><\/svg>\t\t\t<\/div>\n\t\t<\/div>\n\t\t\t\t\t\t<\/div>\n\t\t\t\t<\/div>\n\t\t\t\t\t<\/div>\n\t\t\t\t<\/div>\n\t\t<div class=\"elementor-element elementor-element-a33864e e-flex e-con-boxed e-con e-parent\" data-id=\"a33864e\" data-element_type=\"container\" data-e-type=\"container\">\n\t\t\t\t\t<div class=\"e-con-inner\">\n\t\t\t\t<div class=\"elementor-element elementor-element-832283a elementor-widget elementor-widget-heading\" data-id=\"832283a\" data-element_type=\"widget\" data-e-type=\"widget\" data-widget_type=\"heading.default\">\n\t\t\t\t<div class=\"elementor-widget-container\">\n\t\t\t\t\t<h2 class=\"elementor-heading-title elementor-size-default\">LA CUEVA DE LOS ARCOS<\/h2>\t\t\t\t<\/div>\n\t\t\t\t<\/div>\n\t\t\t\t<div class=\"elementor-element elementor-element-245d400 elementor-widget-divider--view-line elementor-widget elementor-widget-divider\" data-id=\"245d400\" data-element_type=\"widget\" data-e-type=\"widget\" data-widget_type=\"divider.default\">\n\t\t\t\t<div class=\"elementor-widget-container\">\n\t\t\t\t\t\t\t<div class=\"elementor-divider\">\n\t\t\t<span class=\"elementor-divider-separator\">\n\t\t\t\t\t\t<\/span>\n\t\t<\/div>\n\t\t\t\t\t\t<\/div>\n\t\t\t\t<\/div>\n\t\t\t\t\t<\/div>\n\t\t\t\t<\/div>\n\t\t<div class=\"elementor-element elementor-element-3abd63af e-flex e-con-boxed e-con e-parent\" data-id=\"3abd63af\" data-element_type=\"container\" data-e-type=\"container\">\n\t\t\t\t\t<div class=\"e-con-inner\">\n\t\t\t\t<div class=\"elementor-element elementor-element-3cc3081 elementor-widget elementor-widget-heading\" data-id=\"3cc3081\" data-element_type=\"widget\" data-e-type=\"widget\" data-widget_type=\"heading.default\">\n\t\t\t\t<div class=\"elementor-widget-container\">\n\t\t\t\t\t<h3 class=\"elementor-heading-title elementor-size-default\">Qu'est-ce que la Cueva de los Arcos et o\u00f9 est-elle situ\u00e9e ?<\/h3>\t\t\t\t<\/div>\n\t\t\t\t<\/div>\n\t\t\t\t<div class=\"elementor-element elementor-element-7359e94f elementor-widget elementor-widget-text-editor\" data-id=\"7359e94f\" data-element_type=\"widget\" data-e-type=\"widget\" data-widget_type=\"text-editor.default\">\n\t\t\t\t<div class=\"elementor-widget-container\">\n\t\t\t\t\t\t\t\t\t<p><span style=\"font-weight: 400;\">La Cueva de los Arcos, \u00e9galement connue sous le nom de La Cova dels Arcs (en valencien, bien s\u00fbr), est une impressionnante merveille naturelle<\/span><b> situ\u00e9e \u00e0 Cala del Moraig, dans la commune d&rsquo;El Poble Nou de Benitatxell. <\/b><span style=\"font-weight: 400;\">Elle est situ\u00e9e au nord de la province d&rsquo;Alicante.<\/span><\/p><p><span style=\"font-weight: 400;\">Inutile de vous dire qu&rsquo;il s&rsquo;agit<\/span> <b>d&rsquo;un v\u00e9ritable joyau cach\u00e9 de la Costa Blanca<\/b> <span style=\"font-weight: 400;\">et qu&rsquo;il s&rsquo;agit d&rsquo;un endroit tr\u00e8s photog\u00e9nique. Ici, la lumi\u00e8re brille diff\u00e9remment et nous vous assurons que l&rsquo;\u00e9cran de votre iPhone (ou de votre t\u00e9l\u00e9phone portable) vous en sera tr\u00e8s reconnaissant. <\/span><\/p>\t\t\t\t\t\t\t\t<\/div>\n\t\t\t\t<\/div>\n\t\t\t\t\t<\/div>\n\t\t\t\t<\/div>\n\t\t<div class=\"elementor-element elementor-element-76db6a2 e-flex e-con-boxed e-con e-parent\" data-id=\"76db6a2\" data-element_type=\"container\" data-e-type=\"container\">\n\t\t\t\t\t<div class=\"e-con-inner\">\n\t\t<div class=\"elementor-element elementor-element-588c872 e-con-full e-flex e-con e-child\" data-id=\"588c872\" data-element_type=\"container\" data-e-type=\"container\">\n\t\t\t\t<div class=\"elementor-element elementor-element-0dd671f elementor-widget elementor-widget-text-editor\" data-id=\"0dd671f\" data-element_type=\"widget\" data-e-type=\"widget\" data-widget_type=\"text-editor.default\">\n\t\t\t\t<div class=\"elementor-widget-container\">\n\t\t\t\t\t\t\t\t\t<p><span style=\"font-weight: 400;\">Mais ce qui vaut sans doute le plus la peine d&rsquo;\u00eatre visit\u00e9, c&rsquo;est de contempler l&rsquo;horizon avec ses propres yeux, sans aucun \u00e9cran. Vous pouvez le faire \u00e0 travers les majestueuses arches naturelles qui forment la grotte. En arri\u00e8re-plan,   <\/span><b>vous apercevrez au loin les falaises du Morro Falqu\u00ed <\/b><span style=\"font-weight: 400;\">et du Cabo de la Nao de J\u00e1vea.<\/span> <\/p><p><span style=\"font-weight: 400;\">Si vous d\u00e9cidez de vous lever un peu plus t\u00f4t, <\/span><b>l&rsquo;aube vous r\u00e9compensera avec les premiers rayons de soleil de la journ\u00e9e, filtrant \u00e0 travers les arcades de la grotte.<\/b><span style=\"font-weight: 400;\">. Ils donneront lieu \u00e0 un jeu d&rsquo;ombres et de lumi\u00e8res qui semble avoir sa propre vie. Comme vous pouvez le constater, il est facile d&rsquo;\u00eatre po\u00e9tique \u00e0 propos de ce lieu.   <\/span><\/p>\t\t\t\t\t\t\t\t<\/div>\n\t\t\t\t<\/div>\n\t\t\t\t<\/div>\n\t\t<div class=\"elementor-element elementor-element-a22cb71 e-con-full e-flex e-con e-child\" data-id=\"a22cb71\" data-element_type=\"container\" data-e-type=\"container\">\n\t\t\t\t<div class=\"elementor-element elementor-element-06ba7de elementor-widget elementor-widget-image\" data-id=\"06ba7de\" data-element_type=\"widget\" data-e-type=\"widget\" data-widget_type=\"image.default\">\n\t\t\t\t<div class=\"elementor-widget-container\">\n\t\t\t\t\t\t\t\t\t\t\t\t\t\t\t<img fetchpriority=\"high\" decoding=\"async\" width=\"724\" height=\"483\" src=\"https:\/\/www.ontravelholidayrentals.com\/blog\/wp-content\/uploads\/2025\/03\/Cova-dels-Arcs.jpg\" class=\"attachment-large size-large wp-image-193\" alt=\"\" srcset=\"https:\/\/www.ontravelholidayrentals.com\/blog\/wp-content\/uploads\/2025\/03\/Cova-dels-Arcs.jpg 724w, https:\/\/www.ontravelholidayrentals.com\/blog\/wp-content\/uploads\/2025\/03\/Cova-dels-Arcs-300x200.jpg 300w\" sizes=\"(max-width: 724px) 100vw, 724px\" \/>\t\t\t\t\t\t\t\t\t\t\t\t\t\t\t<\/div>\n\t\t\t\t<\/div>\n\t\t\t\t<\/div>\n\t\t\t\t\t<\/div>\n\t\t\t\t<\/div>\n\t\t<div class=\"elementor-element elementor-element-39d58d0 e-flex e-con-boxed e-con e-parent\" data-id=\"39d58d0\" data-element_type=\"container\" data-e-type=\"container\">\n\t\t\t\t\t<div class=\"e-con-inner\">\n\t\t\t\t<div class=\"elementor-element elementor-element-799c414 elementor-widget elementor-widget-heading\" data-id=\"799c414\" data-element_type=\"widget\" data-e-type=\"widget\" data-widget_type=\"heading.default\">\n\t\t\t\t<div class=\"elementor-widget-container\">\n\t\t\t\t\t<h3 class=\"elementor-heading-title elementor-size-default\">Activit\u00e9s recommand\u00e9es : snorkeling et plong\u00e9e\n<\/h3>\t\t\t\t<\/div>\n\t\t\t\t<\/div>\n\t\t\t\t<div class=\"elementor-element elementor-element-751da06 elementor-widget elementor-widget-text-editor\" data-id=\"751da06\" data-element_type=\"widget\" data-e-type=\"widget\" data-widget_type=\"text-editor.default\">\n\t\t\t\t<div class=\"elementor-widget-container\">\n\t\t\t\t\t\t\t\t\t<p><span style=\"font-weight: 400;\">La Cueva de los Arcos est une destination id\u00e9ale pour les amateurs de tourisme aquatique. Avec la plong\u00e9e en apn\u00e9e  <\/span><b>vous pourrez observer la grande biodiversit\u00e9 marine de la r\u00e9gion, <\/b><span style=\"font-weight: 400;\">avec une visibilit\u00e9 de plus de 20 m\u00e8tres gr\u00e2ce \u00e0 ses eaux cristallines.<\/span><\/p><p><span style=\"font-weight: 400;\">D&rsquo;autre part, <\/span><b>Cala Moraig propose des cours de plong\u00e9e pour tous les niveaux.<\/b><span style=\"font-weight: 400;\">. C&rsquo;est peut-\u00eatre le moment id\u00e9al pour faire ses premiers pas dans ce monde passionnant, avec des guides experts qui veilleront \u00e0 ce que vous viviez une exp\u00e9rience enrichissante.  <\/span><\/p>\t\t\t\t\t\t\t\t<\/div>\n\t\t\t\t<\/div>\n\t\t\t\t\t<\/div>\n\t\t\t\t<\/div>\n\t\t<div class=\"elementor-element elementor-element-2fc4387 e-flex e-con-boxed e-con e-parent\" data-id=\"2fc4387\" data-element_type=\"container\" data-e-type=\"container\">\n\t\t\t\t\t<div class=\"e-con-inner\">\n\t\t\t\t<div class=\"elementor-element elementor-element-91226ee elementor-widget elementor-widget-heading\" data-id=\"91226ee\" data-element_type=\"widget\" data-e-type=\"widget\" data-widget_type=\"heading.default\">\n\t\t\t\t<div class=\"elementor-widget-container\">\n\t\t\t\t\t<h3 class=\"elementor-heading-title elementor-size-default\">Suivez ces conseils pour votre visite\n<\/h3>\t\t\t\t<\/div>\n\t\t\t\t<\/div>\n\t\t\t\t<div class=\"elementor-element elementor-element-5e212bc elementor-widget elementor-widget-text-editor\" data-id=\"5e212bc\" data-element_type=\"widget\" data-e-type=\"widget\" data-widget_type=\"text-editor.default\">\n\t\t\t\t<div class=\"elementor-widget-container\">\n\t\t\t\t\t\t\t\t\t<p><span style=\"font-weight: 400;\">Il est tr\u00e8s important de garder \u00e0 l&rsquo;esprit qu&rsquo;il s&rsquo;agit d&rsquo;un endroit rocheux, <\/span><b>l&rsquo;acc\u00e8s \u00e0 la grotte est donc glissant et vous risquez de tomber.<\/b><span style=\"font-weight: 400;\">. Pour \u00e9viter cela, portez des chaussures adapt\u00e9es. Des bottines ou des sandales peuvent \u00eatre votre meilleur alli\u00e9, toujours avec des semelles en caoutchouc.   <\/span><\/p><p><span style=\"font-weight: 400;\">Assurez-vous \u00e9galement que la mer est calme avant d&rsquo;entrer dans la grotte.<\/span><b> S&rsquo;il y a beaucoup de houle, vous ne pourrez probablement pas y acc\u00e9der. <\/b><span style=\"font-weight: 400;\">D&rsquo;autre part, il peut \u00e9galement \u00eatre utile de r\u00e9server un parking \u00e0 l&rsquo;avance.<\/span><\/p><p><span style=\"font-weight: 400;\">Bien entendu, <\/span><b>n&rsquo;oubliez pas un bon appareil photo.<\/b><span style=\"font-weight: 400;\"> Si vous avez un t\u00e9l\u00e9phone portable haut de gamme, cela fonctionnera certainement, mais gardez \u00e0 l&rsquo;esprit que vous aurez une lumi\u00e8re comme vous en avez rarement vu dans votre vie. Ne manquez pas d&rsquo;immortaliser la beaut\u00e9 de la grotte.  <\/span><\/p><p><span style=\"font-weight: 400;\">Nous ne pensons pas qu&rsquo;il soit n\u00e9cessaire de vous le rappeler, mais au cas o\u00f9 : <\/span><b>n&rsquo;oubliez pas de mettre de la cr\u00e8me solaire et ne laissez pas de d\u00e9chets derri\u00e8re vous<\/b><span style=\"font-weight: 400;\"> afin de pr\u00e9server cet environnement naturel particulier.<\/span><\/p>\t\t\t\t\t\t\t\t<\/div>\n\t\t\t\t<\/div>\n\t\t\t\t<div class=\"elementor-element elementor-element-bcbb37c elementor-widget elementor-widget-image\" data-id=\"bcbb37c\" data-element_type=\"widget\" data-e-type=\"widget\" data-widget_type=\"image.default\">\n\t\t\t\t<div class=\"elementor-widget-container\">\n\t\t\t\t\t\t\t\t\t\t\t\t\t\t\t<img decoding=\"async\" width=\"1200\" height=\"599\" src=\"https:\/\/www.ontravelholidayrentals.com\/blog\/wp-content\/uploads\/2025\/03\/Cuevas-arcos-cala-moraig.jpg\" class=\"attachment-full size-full wp-image-205\" alt=\"\" srcset=\"https:\/\/www.ontravelholidayrentals.com\/blog\/wp-content\/uploads\/2025\/03\/Cuevas-arcos-cala-moraig.jpg 1200w, https:\/\/www.ontravelholidayrentals.com\/blog\/wp-content\/uploads\/2025\/03\/Cuevas-arcos-cala-moraig-300x150.jpg 300w, https:\/\/www.ontravelholidayrentals.com\/blog\/wp-content\/uploads\/2025\/03\/Cuevas-arcos-cala-moraig-1024x511.jpg 1024w, https:\/\/www.ontravelholidayrentals.com\/blog\/wp-content\/uploads\/2025\/03\/Cuevas-arcos-cala-moraig-768x383.jpg 768w\" sizes=\"(max-width: 1200px) 100vw, 1200px\" \/>\t\t\t\t\t\t\t\t\t\t\t\t\t\t\t<\/div>\n\t\t\t\t<\/div>\n\t\t\t\t\t<\/div>\n\t\t\t\t<\/div>\n\t\t<div class=\"elementor-element elementor-element-4b6e786 e-flex e-con-boxed e-con e-parent\" data-id=\"4b6e786\" data-element_type=\"container\" data-e-type=\"container\">\n\t\t\t\t\t<div class=\"e-con-inner\">\n\t\t\t\t<div class=\"elementor-element elementor-element-81fe6d0 elementor-widget elementor-widget-heading\" data-id=\"81fe6d0\" data-element_type=\"widget\" data-e-type=\"widget\" data-widget_type=\"heading.default\">\n\t\t\t\t<div class=\"elementor-widget-container\">\n\t\t\t\t\t<h2 class=\"elementor-heading-title elementor-size-default\">Quelle est la meilleure p\u00e9riode pour visiter le pays ?\n<\/h2>\t\t\t\t<\/div>\n\t\t\t\t<\/div>\n\t\t\t\t<div class=\"elementor-element elementor-element-0d7de38 elementor-widget elementor-widget-text-editor\" data-id=\"0d7de38\" data-element_type=\"widget\" data-e-type=\"widget\" data-widget_type=\"text-editor.default\">\n\t\t\t\t<div class=\"elementor-widget-container\">\n\t\t\t\t\t\t\t\t\t<p><span style=\"font-weight: 400;\">La meilleure p\u00e9riode pour visiter la Cueva de los Arcos et la Cala del Moraig est sans aucun doute le printemps et l&rsquo;automne. Au cours de ces mois,  <\/span><b>Vous trouverez le temps plus agr\u00e9able <\/b><span style=\"font-weight: 400;\">et vous pourrez profiter des activit\u00e9s de plein air sans la chaleur et la foule.<\/span> <\/p><p><span style=\"font-weight: 400;\">Bien s\u00fbr, l&rsquo;\u00e9t\u00e9 est aussi une option si vous voulez profiter du soleil et des activit\u00e9s nautiques. Mais nous vous recommandons d&rsquo;arriver t\u00f4t pour \u00e9viter la foule et vous assurer une bonne place. Veuillez  <\/span><b> \u00e9galement noter que le stationnement est payant du 1er avril au 15 octobre.<\/b><\/p>\t\t\t\t\t\t\t\t<\/div>\n\t\t\t\t<\/div>\n\t\t\t\t\t<\/div>\n\t\t\t\t<\/div>\n\t\t<div class=\"elementor-element elementor-element-709c2aae e-flex e-con-boxed e-con e-parent\" data-id=\"709c2aae\" data-element_type=\"container\" data-e-type=\"container\">\n\t\t\t\t\t<div class=\"e-con-inner\">\n\t\t\t\t<div class=\"elementor-element elementor-element-b88f8d8 elementor-widget elementor-widget-heading\" data-id=\"b88f8d8\" data-element_type=\"widget\" data-e-type=\"widget\" data-widget_type=\"heading.default\">\n\t\t\t\t<div class=\"elementor-widget-container\">\n\t\t\t\t\t<h2 class=\"elementor-heading-title elementor-size-default\">Comment se rendre \u00e0 la grotte de Los Arcos \u00e0 Javea ?\n<\/h2>\t\t\t\t<\/div>\n\t\t\t\t<\/div>\n\t\t\t\t\t<\/div>\n\t\t\t\t<\/div>\n\t\t<div class=\"elementor-element elementor-element-45af0ca e-flex e-con-boxed e-con e-parent\" data-id=\"45af0ca\" data-element_type=\"container\" data-e-type=\"container\">\n\t\t\t\t\t<div class=\"e-con-inner\">\n\t\t<div class=\"elementor-element elementor-element-fb20198 e-con-full e-flex e-con e-child\" data-id=\"fb20198\" data-element_type=\"container\" data-e-type=\"container\">\n\t\t\t\t<div class=\"elementor-element elementor-element-21ba3fe elementor-widget elementor-widget-text-editor\" data-id=\"21ba3fe\" data-element_type=\"widget\" data-e-type=\"widget\" data-widget_type=\"text-editor.default\">\n\t\t\t\t<div class=\"elementor-widget-container\">\n\t\t\t\t\t\t\t\t\t<ol><li><b>En voiture<\/b><span style=\"font-weight: 400;\">Le moyen le plus simple et le plus courant pour s&rsquo;y rendre. Depuis Alicante, prenez l&rsquo;AP-7 et sortez \u00e0 la sortie 63 en direction de Benissa. Suivez ensuite la route CV-735 en direction de Teulada, puis de Benitatxell. Une fois arriv\u00e9, entrez dans l&rsquo;urbanisation Cumbre del Sol en suivant les indications pour Cala Moraig. La route CV-737 vous m\u00e8nera directement au parking.     <br><br><\/span><\/li><li><b>En bus : <\/b>sachez que la mairie d&rsquo;El Poble Nou de Benitatxell propose un service de bus gratuit depuis le village jusqu&rsquo;\u00e0 Cala del Moraig. Vous \u00e9viterez ainsi le moment p\u00e9nible du stationnement, surtout en haute saison, et pourrez simplement profiter du paysage. <\/li><\/ol>\t\t\t\t\t\t\t\t<\/div>\n\t\t\t\t<\/div>\n\t\t\t\t<\/div>\n\t\t<div class=\"elementor-element elementor-element-1fb6d14 e-con-full e-flex e-con e-child\" data-id=\"1fb6d14\" data-element_type=\"container\" data-e-type=\"container\">\n\t\t\t\t<div class=\"elementor-element elementor-element-7da6238 elementor-widget elementor-widget-google_maps\" data-id=\"7da6238\" data-element_type=\"widget\" data-e-type=\"widget\" data-widget_type=\"google_maps.default\">\n\t\t\t\t<div class=\"elementor-widget-container\">\n\t\t\t\t\t\t\t<div class=\"elementor-custom-embed\">\n\t\t\t<iframe loading=\"lazy\"\n\t\t\t\t\tsrc=\"https:\/\/maps.google.com\/maps?q=cueva%20de%20los%20arcos&#038;t=m&#038;z=10&#038;output=embed&#038;iwloc=near\"\n\t\t\t\t\ttitle=\"cueva de los arcos\"\n\t\t\t\t\taria-label=\"cueva de los arcos\"\n\t\t\t><\/iframe>\n\t\t<\/div>\n\t\t\t\t\t\t<\/div>\n\t\t\t\t<\/div>\n\t\t\t\t<\/div>\n\t\t\t\t\t<\/div>\n\t\t\t\t<\/div>\n\t\t<div class=\"elementor-element elementor-element-76a6481 e-flex e-con-boxed e-con e-parent\" data-id=\"76a6481\" data-element_type=\"container\" data-e-type=\"container\">\n\t\t\t\t\t<div class=\"e-con-inner\">\n\t\t\t\t<div class=\"elementor-element elementor-element-e6ac65c elementor-widget elementor-widget-heading\" data-id=\"e6ac65c\" data-element_type=\"widget\" data-e-type=\"widget\" data-widget_type=\"heading.default\">\n\t\t\t\t<div class=\"elementor-widget-container\">\n\t\t\t\t\t<h2 class=\"elementor-heading-title elementor-size-default\">S\u00e9curit\u00e9 et pr\u00e9cautions \u00e0 prendre lors de l'exploration de la grotte\n<\/h2>\t\t\t\t<\/div>\n\t\t\t\t<\/div>\n\t\t\t\t<div class=\"elementor-element elementor-element-8e3f283 elementor-widget elementor-widget-text-editor\" data-id=\"8e3f283\" data-element_type=\"widget\" data-e-type=\"widget\" data-widget_type=\"text-editor.default\">\n\t\t\t\t<div class=\"elementor-widget-container\">\n\t\t\t\t\t\t\t\t\t<p><span style=\"font-weight: 400;\">Nous vous conseillons de toujours v\u00e9rifier l&rsquo;\u00e9tat de la mer avant votre visite. <\/span><b>N&rsquo;oubliez pas des chaussures antid\u00e9rapantes et des v\u00eatements imperm\u00e9ables<\/b><span style=\"font-weight: 400;\"> qui retiennent la chaleur, car il fera beaucoup plus froid \u00e0 l&rsquo;int\u00e9rieur de la grotte qu&rsquo;\u00e0 l&rsquo;ext\u00e9rieur.<\/span> <\/p>\t\t\t\t\t\t\t\t<\/div>\n\t\t\t\t<\/div>\n\t\t\t\t\t<\/div>\n\t\t\t\t<\/div>\n\t\t<div class=\"elementor-element elementor-element-f288579 e-flex e-con-boxed e-con e-parent\" data-id=\"f288579\" data-element_type=\"container\" data-e-type=\"container\">\n\t\t\t\t\t<div class=\"e-con-inner\">\n\t\t\t\t<div class=\"elementor-element elementor-element-72d1d26 elementor-widget elementor-widget-heading\" data-id=\"72d1d26\" data-element_type=\"widget\" data-e-type=\"widget\" data-widget_type=\"heading.default\">\n\t\t\t\t<div class=\"elementor-widget-container\">\n\t\t\t\t\t<h2 class=\"elementor-heading-title elementor-size-default\">Pourquoi visiter la Cueva de los Arcos ?\n<\/h2>\t\t\t\t<\/div>\n\t\t\t\t<\/div>\n\t\t\t\t<div class=\"elementor-element elementor-element-7a6e49f elementor-widget elementor-widget-text-editor\" data-id=\"7a6e49f\" data-element_type=\"widget\" data-e-type=\"widget\" data-widget_type=\"text-editor.default\">\n\t\t\t\t<div class=\"elementor-widget-container\">\n\t\t\t\t\t\t\t\t\t<p><span style=\"font-weight: 400;\">Au-del\u00e0 des conseils et des pr\u00e9cautions que toute visite d&rsquo;une grotte doit prendre,<\/span> <b>l&rsquo;exp\u00e9rience de la Cueva de los Arcos \u00e0 Alicante est 100% indispensable<\/b> <span style=\"font-weight: 400;\">dans la province.<\/span><\/p><p><span style=\"font-weight: 400;\">Veillez \u00e0 r\u00e9server le meilleur h\u00e9bergement \u00e0 l&rsquo;avance pour faire de votre voyage une exp\u00e9rience inoubliable. <\/span><b>Contactez-nous pour r\u00e9server votre appartement \u00e0 la Costa Blanca <\/b><span style=\"font-weight: 400;\">et dans les environs d&rsquo;Alicante. Nous ferons en sorte de vous offrir un s\u00e9jour \u00e0 la hauteur de vos attentes. <\/span><\/p>\t\t\t\t\t\t\t\t<\/div>\n\t\t\t\t<\/div>\n\t\t\t\t\t<\/div>\n\t\t\t\t<\/div>\n\t\t\t\t<\/div>\n\t\t","protected":false},"excerpt":{"rendered":"<p>La Cueva de los ArcosD\u00e9couvrez cet endroit de r\u00eave ! Nous esp\u00e9rons d\u00e9j\u00e0 que vous aimerez poster sur vos r\u00e9seaux sociaux tous les endroits fantastiques que vous d\u00e9couvrirez lors de vos voyages. Nous ne vous jugeons pas, au contraire. Nous aussi, nous aimons \u00e7a. Alors aujourd&rsquo;hui, nous allons vous parler d&rsquo;un lieu que vous voudrez [&hellip;]<\/p>\n","protected":false},"author":4,"featured_media":197,"comment_status":"open","ping_status":"open","sticky":false,"template":"elementor_header_footer","format":"standard","meta":{"footnotes":""},"categories":[61,63,19,31],"tags":[],"class_list":["post-430","post","type-post","status-publish","format-standard","has-post-thumbnail","hentry","category-benitatxell","category-benitatxell-fr","category-moraira","category-moraira-fr"],"yoast_head":"<!-- This site is optimized with the Yoast SEO plugin v25.2 - https:\/\/yoast.com\/wordpress\/plugins\/seo\/ -->\n<title>La Cueva de los Arcos. D\u00e9couvrez cet endroit de r\u00eave ! - Blog<\/title>\n<meta name=\"description\" content=\"D\u00e9couvrez la Cueva de los Arcos, un lieu naturel impressionnant o\u00f9 vous pourrez profiter d&#039;une exp\u00e9rience m\u00e9diterran\u00e9enne compl\u00e8te.\" \/>\n<meta name=\"robots\" content=\"index, follow, max-snippet:-1, max-image-preview:large, max-video-preview:-1\" \/>\n<link rel=\"canonical\" href=\"https:\/\/www.ontravelholidayrentals.com\/blog\/fr\/cueva-de-los-arcos\/\" \/>\n<meta property=\"og:locale\" content=\"fr_FR\" \/>\n<meta property=\"og:type\" content=\"article\" \/>\n<meta property=\"og:title\" content=\"La Cueva de los Arcos. D\u00e9couvrez cet endroit de r\u00eave ! - Blog\" \/>\n<meta property=\"og:description\" content=\"D\u00e9couvrez la Cueva de los Arcos, un lieu naturel impressionnant o\u00f9 vous pourrez profiter d&#039;une exp\u00e9rience m\u00e9diterran\u00e9enne compl\u00e8te.\" \/>\n<meta property=\"og:url\" content=\"https:\/\/www.ontravelholidayrentals.com\/blog\/fr\/cueva-de-los-arcos\/\" \/>\n<meta property=\"og:site_name\" content=\"Blog\" \/>\n<meta property=\"article:published_time\" content=\"2025-03-07T10:44:04+00:00\" \/>\n<meta property=\"article:modified_time\" content=\"2025-03-27T09:22:32+00:00\" \/>\n<meta property=\"og:image\" content=\"https:\/\/www.ontravelholidayrentals.com\/blog\/wp-content\/uploads\/2025\/03\/Cueva-arcos-benitatxell-moraig.jpg\" \/>\n\t<meta property=\"og:image:width\" content=\"1920\" \/>\n\t<meta property=\"og:image:height\" content=\"640\" \/>\n\t<meta property=\"og:image:type\" content=\"image\/jpeg\" \/>\n<meta name=\"author\" content=\"Axel\" \/>\n<meta name=\"twitter:card\" content=\"summary_large_image\" \/>\n<meta name=\"twitter:label1\" content=\"\u00c9crit par\" \/>\n\t<meta name=\"twitter:data1\" content=\"Axel\" \/>\n\t<meta name=\"twitter:label2\" content=\"Dur\u00e9e de lecture estim\u00e9e\" \/>\n\t<meta name=\"twitter:data2\" content=\"6 minutes\" \/>\n<script type=\"application\/ld+json\" class=\"yoast-schema-graph\">{\"@context\":\"https:\/\/schema.org\",\"@graph\":[{\"@type\":\"Article\",\"@id\":\"https:\/\/www.ontravelholidayrentals.com\/blog\/fr\/cueva-de-los-arcos\/#article\",\"isPartOf\":{\"@id\":\"https:\/\/www.ontravelholidayrentals.com\/blog\/fr\/cueva-de-los-arcos\/\"},\"author\":{\"name\":\"Axel\",\"@id\":\"https:\/\/www.ontravelholidayrentals.com\/blog\/fr\/#\/schema\/person\/907601cb91b08af60b0fec9e629a4883\"},\"headline\":\"La Cueva de los Arcos. D\u00e9couvrez cet endroit de r\u00eave !\",\"datePublished\":\"2025-03-07T10:44:04+00:00\",\"dateModified\":\"2025-03-27T09:22:32+00:00\",\"mainEntityOfPage\":{\"@id\":\"https:\/\/www.ontravelholidayrentals.com\/blog\/fr\/cueva-de-los-arcos\/\"},\"wordCount\":1091,\"commentCount\":0,\"publisher\":{\"@id\":\"https:\/\/www.ontravelholidayrentals.com\/blog\/fr\/#organization\"},\"image\":{\"@id\":\"https:\/\/www.ontravelholidayrentals.com\/blog\/fr\/cueva-de-los-arcos\/#primaryimage\"},\"thumbnailUrl\":\"https:\/\/www.ontravelholidayrentals.com\/blog\/wp-content\/uploads\/2025\/03\/Cueva-arcos-benitatxell-moraig.jpg\",\"articleSection\":[\"Benitatxell\",\"Benitatxell\",\"Moraira\",\"Moraira\"],\"inLanguage\":\"fr-FR\",\"potentialAction\":[{\"@type\":\"CommentAction\",\"name\":\"Comment\",\"target\":[\"https:\/\/www.ontravelholidayrentals.com\/blog\/fr\/cueva-de-los-arcos\/#respond\"]}]},{\"@type\":\"WebPage\",\"@id\":\"https:\/\/www.ontravelholidayrentals.com\/blog\/fr\/cueva-de-los-arcos\/\",\"url\":\"https:\/\/www.ontravelholidayrentals.com\/blog\/fr\/cueva-de-los-arcos\/\",\"name\":\"La Cueva de los Arcos. D\u00e9couvrez cet endroit de r\u00eave ! - Blog\",\"isPartOf\":{\"@id\":\"https:\/\/www.ontravelholidayrentals.com\/blog\/fr\/#website\"},\"primaryImageOfPage\":{\"@id\":\"https:\/\/www.ontravelholidayrentals.com\/blog\/fr\/cueva-de-los-arcos\/#primaryimage\"},\"image\":{\"@id\":\"https:\/\/www.ontravelholidayrentals.com\/blog\/fr\/cueva-de-los-arcos\/#primaryimage\"},\"thumbnailUrl\":\"https:\/\/www.ontravelholidayrentals.com\/blog\/wp-content\/uploads\/2025\/03\/Cueva-arcos-benitatxell-moraig.jpg\",\"datePublished\":\"2025-03-07T10:44:04+00:00\",\"dateModified\":\"2025-03-27T09:22:32+00:00\",\"description\":\"D\u00e9couvrez la Cueva de los Arcos, un lieu naturel impressionnant o\u00f9 vous pourrez profiter d'une exp\u00e9rience m\u00e9diterran\u00e9enne compl\u00e8te.\",\"breadcrumb\":{\"@id\":\"https:\/\/www.ontravelholidayrentals.com\/blog\/fr\/cueva-de-los-arcos\/#breadcrumb\"},\"inLanguage\":\"fr-FR\",\"potentialAction\":[{\"@type\":\"ReadAction\",\"target\":[\"https:\/\/www.ontravelholidayrentals.com\/blog\/fr\/cueva-de-los-arcos\/\"]}]},{\"@type\":\"ImageObject\",\"inLanguage\":\"fr-FR\",\"@id\":\"https:\/\/www.ontravelholidayrentals.com\/blog\/fr\/cueva-de-los-arcos\/#primaryimage\",\"url\":\"https:\/\/www.ontravelholidayrentals.com\/blog\/wp-content\/uploads\/2025\/03\/Cueva-arcos-benitatxell-moraig.jpg\",\"contentUrl\":\"https:\/\/www.ontravelholidayrentals.com\/blog\/wp-content\/uploads\/2025\/03\/Cueva-arcos-benitatxell-moraig.jpg\",\"width\":1920,\"height\":640},{\"@type\":\"BreadcrumbList\",\"@id\":\"https:\/\/www.ontravelholidayrentals.com\/blog\/fr\/cueva-de-los-arcos\/#breadcrumb\",\"itemListElement\":[{\"@type\":\"ListItem\",\"position\":1,\"name\":\"Portada\",\"item\":\"https:\/\/www.ontravelholidayrentals.com\/blog\/fr\/\"},{\"@type\":\"ListItem\",\"position\":2,\"name\":\"La Cueva de los Arcos. D\u00e9couvrez cet endroit de r\u00eave !\"}]},{\"@type\":\"WebSite\",\"@id\":\"https:\/\/www.ontravelholidayrentals.com\/blog\/fr\/#website\",\"url\":\"https:\/\/www.ontravelholidayrentals.com\/blog\/fr\/\",\"name\":\"Blog\",\"description\":\"Ontravelholidayrentals\",\"publisher\":{\"@id\":\"https:\/\/www.ontravelholidayrentals.com\/blog\/fr\/#organization\"},\"potentialAction\":[{\"@type\":\"SearchAction\",\"target\":{\"@type\":\"EntryPoint\",\"urlTemplate\":\"https:\/\/www.ontravelholidayrentals.com\/blog\/fr\/?s={search_term_string}\"},\"query-input\":{\"@type\":\"PropertyValueSpecification\",\"valueRequired\":true,\"valueName\":\"search_term_string\"}}],\"inLanguage\":\"fr-FR\"},{\"@type\":\"Organization\",\"@id\":\"https:\/\/www.ontravelholidayrentals.com\/blog\/fr\/#organization\",\"name\":\"Blog\",\"url\":\"https:\/\/www.ontravelholidayrentals.com\/blog\/fr\/\",\"logo\":{\"@type\":\"ImageObject\",\"inLanguage\":\"fr-FR\",\"@id\":\"https:\/\/www.ontravelholidayrentals.com\/blog\/fr\/#\/schema\/logo\/image\/\",\"url\":\"https:\/\/www.ontravelholidayrentals.com\/blog\/wp-content\/uploads\/2025\/02\/logo-oliva-nova.webp\",\"contentUrl\":\"https:\/\/www.ontravelholidayrentals.com\/blog\/wp-content\/uploads\/2025\/02\/logo-oliva-nova.webp\",\"width\":2454,\"height\":875,\"caption\":\"Blog\"},\"image\":{\"@id\":\"https:\/\/www.ontravelholidayrentals.com\/blog\/fr\/#\/schema\/logo\/image\/\"}},{\"@type\":\"Person\",\"@id\":\"https:\/\/www.ontravelholidayrentals.com\/blog\/fr\/#\/schema\/person\/907601cb91b08af60b0fec9e629a4883\",\"name\":\"Axel\",\"image\":{\"@type\":\"ImageObject\",\"inLanguage\":\"fr-FR\",\"@id\":\"https:\/\/www.ontravelholidayrentals.com\/blog\/fr\/#\/schema\/person\/image\/\",\"url\":\"https:\/\/secure.gravatar.com\/avatar\/3bd706736e5b70f21f05f6c2d5cad746767782a4ba4b7df399c5969e2a9318fd?s=96&d=mm&r=g\",\"contentUrl\":\"https:\/\/secure.gravatar.com\/avatar\/3bd706736e5b70f21f05f6c2d5cad746767782a4ba4b7df399c5969e2a9318fd?s=96&d=mm&r=g\",\"caption\":\"Axel\"},\"url\":\"https:\/\/www.ontravelholidayrentals.com\/blog\/fr\/author\/axel\/\"}]}<\/script>\n<!-- \/ Yoast SEO plugin. -->","yoast_head_json":{"title":"La Cueva de los Arcos. D\u00e9couvrez cet endroit de r\u00eave ! - Blog","description":"D\u00e9couvrez la Cueva de los Arcos, un lieu naturel impressionnant o\u00f9 vous pourrez profiter d'une exp\u00e9rience m\u00e9diterran\u00e9enne compl\u00e8te.","robots":{"index":"index","follow":"follow","max-snippet":"max-snippet:-1","max-image-preview":"max-image-preview:large","max-video-preview":"max-video-preview:-1"},"canonical":"https:\/\/www.ontravelholidayrentals.com\/blog\/fr\/cueva-de-los-arcos\/","og_locale":"fr_FR","og_type":"article","og_title":"La Cueva de los Arcos. D\u00e9couvrez cet endroit de r\u00eave ! - Blog","og_description":"D\u00e9couvrez la Cueva de los Arcos, un lieu naturel impressionnant o\u00f9 vous pourrez profiter d'une exp\u00e9rience m\u00e9diterran\u00e9enne compl\u00e8te.","og_url":"https:\/\/www.ontravelholidayrentals.com\/blog\/fr\/cueva-de-los-arcos\/","og_site_name":"Blog","article_published_time":"2025-03-07T10:44:04+00:00","article_modified_time":"2025-03-27T09:22:32+00:00","og_image":[{"width":1920,"height":640,"url":"https:\/\/www.ontravelholidayrentals.com\/blog\/wp-content\/uploads\/2025\/03\/Cueva-arcos-benitatxell-moraig.jpg","type":"image\/jpeg"}],"author":"Axel","twitter_card":"summary_large_image","twitter_misc":{"\u00c9crit par":"Axel","Dur\u00e9e de lecture estim\u00e9e":"6 minutes"},"schema":{"@context":"https:\/\/schema.org","@graph":[{"@type":"Article","@id":"https:\/\/www.ontravelholidayrentals.com\/blog\/fr\/cueva-de-los-arcos\/#article","isPartOf":{"@id":"https:\/\/www.ontravelholidayrentals.com\/blog\/fr\/cueva-de-los-arcos\/"},"author":{"name":"Axel","@id":"https:\/\/www.ontravelholidayrentals.com\/blog\/fr\/#\/schema\/person\/907601cb91b08af60b0fec9e629a4883"},"headline":"La Cueva de los Arcos. D\u00e9couvrez cet endroit de r\u00eave !","datePublished":"2025-03-07T10:44:04+00:00","dateModified":"2025-03-27T09:22:32+00:00","mainEntityOfPage":{"@id":"https:\/\/www.ontravelholidayrentals.com\/blog\/fr\/cueva-de-los-arcos\/"},"wordCount":1091,"commentCount":0,"publisher":{"@id":"https:\/\/www.ontravelholidayrentals.com\/blog\/fr\/#organization"},"image":{"@id":"https:\/\/www.ontravelholidayrentals.com\/blog\/fr\/cueva-de-los-arcos\/#primaryimage"},"thumbnailUrl":"https:\/\/www.ontravelholidayrentals.com\/blog\/wp-content\/uploads\/2025\/03\/Cueva-arcos-benitatxell-moraig.jpg","articleSection":["Benitatxell","Benitatxell","Moraira","Moraira"],"inLanguage":"fr-FR","potentialAction":[{"@type":"CommentAction","name":"Comment","target":["https:\/\/www.ontravelholidayrentals.com\/blog\/fr\/cueva-de-los-arcos\/#respond"]}]},{"@type":"WebPage","@id":"https:\/\/www.ontravelholidayrentals.com\/blog\/fr\/cueva-de-los-arcos\/","url":"https:\/\/www.ontravelholidayrentals.com\/blog\/fr\/cueva-de-los-arcos\/","name":"La Cueva de los Arcos. D\u00e9couvrez cet endroit de r\u00eave ! - Blog","isPartOf":{"@id":"https:\/\/www.ontravelholidayrentals.com\/blog\/fr\/#website"},"primaryImageOfPage":{"@id":"https:\/\/www.ontravelholidayrentals.com\/blog\/fr\/cueva-de-los-arcos\/#primaryimage"},"image":{"@id":"https:\/\/www.ontravelholidayrentals.com\/blog\/fr\/cueva-de-los-arcos\/#primaryimage"},"thumbnailUrl":"https:\/\/www.ontravelholidayrentals.com\/blog\/wp-content\/uploads\/2025\/03\/Cueva-arcos-benitatxell-moraig.jpg","datePublished":"2025-03-07T10:44:04+00:00","dateModified":"2025-03-27T09:22:32+00:00","description":"D\u00e9couvrez la Cueva de los Arcos, un lieu naturel impressionnant o\u00f9 vous pourrez profiter d'une exp\u00e9rience m\u00e9diterran\u00e9enne compl\u00e8te.","breadcrumb":{"@id":"https:\/\/www.ontravelholidayrentals.com\/blog\/fr\/cueva-de-los-arcos\/#breadcrumb"},"inLanguage":"fr-FR","potentialAction":[{"@type":"ReadAction","target":["https:\/\/www.ontravelholidayrentals.com\/blog\/fr\/cueva-de-los-arcos\/"]}]},{"@type":"ImageObject","inLanguage":"fr-FR","@id":"https:\/\/www.ontravelholidayrentals.com\/blog\/fr\/cueva-de-los-arcos\/#primaryimage","url":"https:\/\/www.ontravelholidayrentals.com\/blog\/wp-content\/uploads\/2025\/03\/Cueva-arcos-benitatxell-moraig.jpg","contentUrl":"https:\/\/www.ontravelholidayrentals.com\/blog\/wp-content\/uploads\/2025\/03\/Cueva-arcos-benitatxell-moraig.jpg","width":1920,"height":640},{"@type":"BreadcrumbList","@id":"https:\/\/www.ontravelholidayrentals.com\/blog\/fr\/cueva-de-los-arcos\/#breadcrumb","itemListElement":[{"@type":"ListItem","position":1,"name":"Portada","item":"https:\/\/www.ontravelholidayrentals.com\/blog\/fr\/"},{"@type":"ListItem","position":2,"name":"La Cueva de los Arcos. D\u00e9couvrez cet endroit de r\u00eave !"}]},{"@type":"WebSite","@id":"https:\/\/www.ontravelholidayrentals.com\/blog\/fr\/#website","url":"https:\/\/www.ontravelholidayrentals.com\/blog\/fr\/","name":"Blog","description":"Ontravelholidayrentals","publisher":{"@id":"https:\/\/www.ontravelholidayrentals.com\/blog\/fr\/#organization"},"potentialAction":[{"@type":"SearchAction","target":{"@type":"EntryPoint","urlTemplate":"https:\/\/www.ontravelholidayrentals.com\/blog\/fr\/?s={search_term_string}"},"query-input":{"@type":"PropertyValueSpecification","valueRequired":true,"valueName":"search_term_string"}}],"inLanguage":"fr-FR"},{"@type":"Organization","@id":"https:\/\/www.ontravelholidayrentals.com\/blog\/fr\/#organization","name":"Blog","url":"https:\/\/www.ontravelholidayrentals.com\/blog\/fr\/","logo":{"@type":"ImageObject","inLanguage":"fr-FR","@id":"https:\/\/www.ontravelholidayrentals.com\/blog\/fr\/#\/schema\/logo\/image\/","url":"https:\/\/www.ontravelholidayrentals.com\/blog\/wp-content\/uploads\/2025\/02\/logo-oliva-nova.webp","contentUrl":"https:\/\/www.ontravelholidayrentals.com\/blog\/wp-content\/uploads\/2025\/02\/logo-oliva-nova.webp","width":2454,"height":875,"caption":"Blog"},"image":{"@id":"https:\/\/www.ontravelholidayrentals.com\/blog\/fr\/#\/schema\/logo\/image\/"}},{"@type":"Person","@id":"https:\/\/www.ontravelholidayrentals.com\/blog\/fr\/#\/schema\/person\/907601cb91b08af60b0fec9e629a4883","name":"Axel","image":{"@type":"ImageObject","inLanguage":"fr-FR","@id":"https:\/\/www.ontravelholidayrentals.com\/blog\/fr\/#\/schema\/person\/image\/","url":"https:\/\/secure.gravatar.com\/avatar\/3bd706736e5b70f21f05f6c2d5cad746767782a4ba4b7df399c5969e2a9318fd?s=96&d=mm&r=g","contentUrl":"https:\/\/secure.gravatar.com\/avatar\/3bd706736e5b70f21f05f6c2d5cad746767782a4ba4b7df399c5969e2a9318fd?s=96&d=mm&r=g","caption":"Axel"},"url":"https:\/\/www.ontravelholidayrentals.com\/blog\/fr\/author\/axel\/"}]}},"_links":{"self":[{"href":"https:\/\/www.ontravelholidayrentals.com\/blog\/fr\/wp-json\/wp\/v2\/posts\/430","targetHints":{"allow":["GET"]}}],"collection":[{"href":"https:\/\/www.ontravelholidayrentals.com\/blog\/fr\/wp-json\/wp\/v2\/posts"}],"about":[{"href":"https:\/\/www.ontravelholidayrentals.com\/blog\/fr\/wp-json\/wp\/v2\/types\/post"}],"author":[{"embeddable":true,"href":"https:\/\/www.ontravelholidayrentals.com\/blog\/fr\/wp-json\/wp\/v2\/users\/4"}],"replies":[{"embeddable":true,"href":"https:\/\/www.ontravelholidayrentals.com\/blog\/fr\/wp-json\/wp\/v2\/comments?post=430"}],"version-history":[{"count":21,"href":"https:\/\/www.ontravelholidayrentals.com\/blog\/fr\/wp-json\/wp\/v2\/posts\/430\/revisions"}],"predecessor-version":[{"id":601,"href":"https:\/\/www.ontravelholidayrentals.com\/blog\/fr\/wp-json\/wp\/v2\/posts\/430\/revisions\/601"}],"wp:featuredmedia":[{"embeddable":true,"href":"https:\/\/www.ontravelholidayrentals.com\/blog\/fr\/wp-json\/wp\/v2\/media\/197"}],"wp:attachment":[{"href":"https:\/\/www.ontravelholidayrentals.com\/blog\/fr\/wp-json\/wp\/v2\/media?parent=430"}],"wp:term":[{"taxonomy":"category","embeddable":true,"href":"https:\/\/www.ontravelholidayrentals.com\/blog\/fr\/wp-json\/wp\/v2\/categories?post=430"},{"taxonomy":"post_tag","embeddable":true,"href":"https:\/\/www.ontravelholidayrentals.com\/blog\/fr\/wp-json\/wp\/v2\/tags?post=430"}],"curies":[{"name":"wp","href":"https:\/\/api.w.org\/{rel}","templated":true}]}}