{"id":2279,"date":"2026-08-24T11:46:17","date_gmt":"2026-08-24T11:46:17","guid":{"rendered":"https:\/\/www.ontravelholidayrentals.com\/blog\/marches-de-denia\/"},"modified":"2026-08-26T12:09:00","modified_gmt":"2026-08-26T12:09:00","slug":"marches-de-denia","status":"publish","type":"post","link":"https:\/\/www.ontravelholidayrentals.com\/blog\/fr\/marches-de-denia\/","title":{"rendered":"Les march\u00e9s de D\u00e9nia : une excellente activit\u00e9 \u00e0 toute heure de la journ\u00e9e"},"content":{"rendered":"\n<p class=\"wp-block-paragraph\">Certains visitent un march\u00e9 avec une liste parfaitement d\u00e9finie, d&rsquo;autres veulent simplement fl\u00e2ner un moment. Ce qui est amusant, c&rsquo;est que dans les deux cas, vous finissez g\u00e9n\u00e9ralement de la m\u00eame mani\u00e8re, <strong>en rentrant \u00e0 votre logement avec quelque chose que vous n&rsquo;aviez pas pr\u00e9vu d&rsquo;acheter<\/strong>. <\/p>\n\n<p class=\"wp-block-paragraph\">Dans ce guide, nous vous indiquons <strong>o\u00f9 se trouvent les principaux march\u00e9s de D\u00e9nia,<\/strong> ce que vous pouvez acheter et comment organiser efficacement votre visite. Nous vous recommandons d&rsquo;y aller avec l&rsquo;envie de trouver quelques surprises. Poursuivez votre lecture !  <\/p>\n\n<h2 class=\"wp-block-heading\"><strong>Les march\u00e9s de D\u00e9nia sont une fa\u00e7on diff\u00e9rente de d\u00e9couvrir la ville<\/strong><\/h2>\n\n<p class=\"wp-block-paragraph\">Les march\u00e9s <strong>permettent d&rsquo;entrevoir une partie assez quotidienne de la destination.<\/strong> Alors que le port a une ambiance clairement estivale, Torrecremada r\u00e9unit r\u00e9sidents et visiteurs autour de stands traditionnels.<\/p>\n\n<p class=\"wp-block-paragraph\">Le march\u00e9 g\u00e9n\u00e9ral se tient le matin, tout comme le march\u00e9 aux puces et le march\u00e9 de produits frais. Celui du port fonctionne l&rsquo;apr\u00e8s-midi et le soir pendant la saison touristique. Si vous organisez bien votre voyage,<strong> vous pouvez en d\u00e9couvrir plusieurs<\/strong> sans probl\u00e8me.  <\/p>\n\n<p class=\"wp-block-paragraph\">Les horaires peuvent subir des modifications les jours f\u00e9ri\u00e9s, pour des raisons m\u00e9t\u00e9orologiques ou lorsque l&rsquo;esplanade accueille la Fira de Tots Sants. <strong>V\u00e9rifiez les avis de la mairie ou de l&rsquo;Office de tourisme de D\u00e9nia<\/strong> lorsque votre visite co\u00efncide avec une date sp\u00e9ciale.<\/p>\n\n<h2 class=\"wp-block-heading\"><strong>Emplacement et horaires du march\u00e9 hebdomadaire de D\u00e9nia<\/strong><\/h2>\n\n<p class=\"wp-block-paragraph\">Voyons <strong>o\u00f9 se trouve le march\u00e9<\/strong> qui se tient chaque semaine \u00e0 D\u00e9nia et les horaires id\u00e9aux pour le visiter :<\/p>\n\n<h3 class=\"wp-block-heading\"><strong>Le march\u00e9 du lundi \u00e0 Torrecremada<\/strong><\/h3>\n\n<p class=\"wp-block-paragraph\">Le march\u00e9 hebdomadaire <strong>s&rsquo;installe le lundi sur l&rsquo;esplanade de Torrecremada<\/strong>, pr\u00e8s de la rue Germans Maristes et en face du quartier des tribunaux. Ses horaires habituels sont de 8h00 \u00e0 13h30. Arriver avant dix heures vous permet de parcourir les stands avec moins de chaleur et plus de tranquillit\u00e9.  <\/p>\n\n<p class=\"wp-block-paragraph\"><strong>C&rsquo;est un march\u00e9 grand et vari\u00e9<\/strong>, avec des v\u00eatements, des chaussures, des sacs, de la bijouterie fantaisie, des articles pour la maison, des plantes, de l&rsquo;alimentation et de la nourriture \u00e0 emporter.<\/p>\n\n<figure class=\"wp-block-image size-large\"><img fetchpriority=\"high\" decoding=\"async\" width=\"1024\" height=\"768\" src=\"https:\/\/www.ontravelholidayrentals.com\/blog\/wp-content\/uploads\/2026\/08\/mercadillo-Torrecremada-1024x768.webp\" alt=\"\" class=\"wp-image-2243\" srcset=\"https:\/\/www.ontravelholidayrentals.com\/blog\/wp-content\/uploads\/2026\/08\/mercadillo-Torrecremada-1024x768.webp 1024w, https:\/\/www.ontravelholidayrentals.com\/blog\/wp-content\/uploads\/2026\/08\/mercadillo-Torrecremada-300x225.webp 300w, https:\/\/www.ontravelholidayrentals.com\/blog\/wp-content\/uploads\/2026\/08\/mercadillo-Torrecremada-768x576.webp 768w, https:\/\/www.ontravelholidayrentals.com\/blog\/wp-content\/uploads\/2026\/08\/mercadillo-Torrecremada.webp 1360w\" sizes=\"(max-width: 1024px) 100vw, 1024px\" \/><\/figure>\n\n<h3 class=\"wp-block-heading\"><strong>Les march\u00e9s du vendredi pour les produits frais et la seconde main<\/strong><\/h3>\n\n<p class=\"wp-block-paragraph\">Le vendredi matin, deux activit\u00e9s diff\u00e9rentes se pr\u00e9sentent.<strong> Le march\u00e9 de fruits et l\u00e9gumes se tient dans la rue de la V\u00eda<\/strong>, en plein centre, tandis que le march\u00e9 aux puces occupe habituellement l&rsquo;esplanade de Torrecremada. Les deux fonctionnent g\u00e9n\u00e9ralement <strong>de 8h00 \u00e0 13h30.<\/strong> <\/p>\n\n<figure class=\"wp-block-image size-large\"><img decoding=\"async\" width=\"1024\" height=\"783\" src=\"https:\/\/www.ontravelholidayrentals.com\/blog\/wp-content\/uploads\/2026\/08\/mercadillo-denia-calle-de-la-Via-1024x783.webp\" alt=\"\" class=\"wp-image-2245\" srcset=\"https:\/\/www.ontravelholidayrentals.com\/blog\/wp-content\/uploads\/2026\/08\/mercadillo-denia-calle-de-la-Via-1024x783.webp 1024w, https:\/\/www.ontravelholidayrentals.com\/blog\/wp-content\/uploads\/2026\/08\/mercadillo-denia-calle-de-la-Via-300x229.webp 300w, https:\/\/www.ontravelholidayrentals.com\/blog\/wp-content\/uploads\/2026\/08\/mercadillo-denia-calle-de-la-Via-768x587.webp 768w, https:\/\/www.ontravelholidayrentals.com\/blog\/wp-content\/uploads\/2026\/08\/mercadillo-denia-calle-de-la-Via.webp 1334w\" sizes=\"(max-width: 1024px) 100vw, 1024px\" \/><\/figure>\n\n<p class=\"wp-block-paragraph\">Vous pouvez commencer par la rue de la V\u00eda, prendre quelque chose au centre et vous rendre ensuite au march\u00e9 aux puces. <strong>La distance est raisonnable \u00e0 pied<\/strong> et vous \u00e9viterez de chercher un stationnement deux fois.<\/p>\n\n<h2 class=\"wp-block-heading\"><strong>Que acheter au march\u00e9 aux puces de D\u00e9nia<\/strong><\/h2>\n\n<p class=\"wp-block-paragraph\">Le march\u00e9 aux puces du vendredi se distingue du march\u00e9 g\u00e9n\u00e9ral car une bonne partie du plaisir consiste \u00e0 fouiller.<strong> Vous trouverez surtout des objets d&rsquo;occasion<\/strong>, comme des livres, des outils, de la d\u00e9coration, de petits meubles, des disques, des articles de p\u00eache, etc.<\/p>\n\n<p class=\"wp-block-paragraph\">N&rsquo;y allez pas en cherchant un produit trop pr\u00e9cis. <strong>Le meilleur du march\u00e9 aux puces est de d\u00e9couvrir quelque chose d&rsquo;utile ou de curieux \u00e0 un prix raisonnable<\/strong>. V\u00e9rifiez calmement l&rsquo;\u00e9tat de chaque objet et renseignez-vous avant de supposer qu&rsquo;une pi\u00e8ce fonctionne. <\/p>\n\n<p class=\"wp-block-paragraph\">Il peut \u00e9galement y avoir des v\u00eatements et des accessoires de seconde main. Si la d\u00e9coration vous int\u00e9resse, arrivez t\u00f4t, car les pi\u00e8ces les plus remarquables suscitent g\u00e9n\u00e9ralement beaucoup de concurrence. <strong>Avoir des esp\u00e8ces en petites coupures facilite les achats<\/strong>, bien que certains vendeurs acceptent d&rsquo;autres modes de paiement. <\/p>\n\n<h2 class=\"wp-block-heading\"><strong>Le march\u00e9 d&rsquo;\u00e9t\u00e9 au port de D\u00e9nia<\/strong><\/h2>\n\n<p class=\"wp-block-paragraph\">Lorsque le soleil se couche, <strong>la promenade du port change d&rsquo;aspect gr\u00e2ce aux stands situ\u00e9s le long de la rue Bellavista<\/strong>. Le march\u00e9 propose de la bijouterie fantaisie, des cadeaux, de la maroquinerie, du textile et de petits souvenirs dans un environnement beaucoup plus touristique que Torrecremada. <\/p>\n\n<p class=\"wp-block-paragraph\"><strong>Du 15 juin au 15 septembre, les horaires sont de 17h00 \u00e0 1h00 tous les jours. <\/strong>Pendant le reste de la saison d&rsquo;ouverture, il fonctionne les week-ends et jours f\u00e9ri\u00e9s, g\u00e9n\u00e9ralement de 17h00 \u00e0 22h00.<\/p>\n\n<p class=\"wp-block-paragraph\">La meilleure heure pour y aller d\u00e9pend de vos priorit\u00e9s. <strong>En d\u00e9but d&rsquo;apr\u00e8s-midi, il y aura moins d&rsquo;animation, mais vous pourrez regarder tranquillement<\/strong>. Apr\u00e8s le d\u00eener, vous trouverez plus de mouvement et une temp\u00e9rature beaucoup plus agr\u00e9able pour vous promener le long des bateaux. <\/p>\n\n<h2 class=\"wp-block-heading\"><strong>Comment s&rsquo;y rendre et o\u00f9 se garer pr\u00e8s des march\u00e9s de D\u00e9nia<\/strong><\/h2>\n\n<p class=\"wp-block-paragraph\">Torrecremada se trouve \u00e0 quelques minutes du centre et peut \u00eatre atteint \u00e0 pied depuis de nombreuses zones de D\u00e9nia. Si vous venez en voiture, gardez \u00e0 l&rsquo;esprit que l&rsquo;esplanade elle-m\u00eame cesse de fonctionner comme parking lorsque les stands sont install\u00e9s. Cherchez un stationnement l\u00e9gal dans les rues voisines et <strong>\u00e9vitez d&rsquo;arriver juste au moment de la plus forte affluence<\/strong>.  <\/p>\n\n<p class=\"wp-block-paragraph\">Pour le march\u00e9 de la rue de la V\u00eda, il est plus judicieux <strong>d&rsquo;utiliser les parkings publics des environs et de continuer \u00e0 pied<\/strong>. Le centre comporte des rues pi\u00e9tonnes et des sens de circulation qui peuvent vous faire faire plus de d\u00e9tours que pr\u00e9vu. <\/p>\n\n<p class=\"wp-block-paragraph\">Le march\u00e9 du port <strong>s&rsquo;int\u00e8gre bien dans une promenade depuis le centre-ville<\/strong>. Vous pouvez laisser la voiture en dehors de la zone la plus fr\u00e9quent\u00e9e, d\u00eener au centre et descendre \u00e0 pied vers la promenade maritime. Ainsi, vous ne d\u00e9pendrez pas de trouver une place pr\u00e8s des stands en fin de soir\u00e9e.  <\/p>\n\n<iframe src=\"https:\/\/www.google.com\/maps\/embed?pb=!1m18!1m12!1m3!1d7756.112437729102!2d0.09540024132636014!3d38.837259161206546!2m3!1f0!2f0!3f0!3m2!1i1024!2i768!4f13.1!3m3!1m2!1s0x129e1b003dd5a0b7%3A0x39796680e50a77d!2sMercadillo%20Torrecremada%20-%20Dilluns!5e0!3m2!1ses!2ses!4v1787570858094!5m2!1ses!2ses\" width=\"600\" height=\"450\" style=\"border:0;\" allowfullscreen=\"\" loading=\"lazy\" referrerpolicy=\"strict-origin-when-cross-origin\"><\/iframe>\n\n<iframe src=\"https:\/\/www.google.com\/maps\/embed?pb=!1m18!1m12!1m3!1d7756.112437729102!2d0.09540024132636014!3d38.837259161206546!2m3!1f0!2f0!3f0!3m2!1i1024!2i768!4f13.1!3m3!1m2!1s0x129e1b21e7cbac9b%3A0xa9e290b34d23129d!2sMercadillo%20la%20Via%20-%20Divendres!5e0!3m2!1ses!2ses!4v1787570904221!5m2!1ses!2ses\" width=\"600\" height=\"450\" style=\"border:0;\" allowfullscreen=\"\" loading=\"lazy\" referrerpolicy=\"strict-origin-when-cross-origin\"><\/iframe>\n\n<p class=\"wp-block-paragraph\"><\/p>\n\n<h2 class=\"wp-block-heading\"><strong>Conseils pour visiter les march\u00e9s sans stress<\/strong><\/h2>\n\n<ul class=\"wp-block-list\">\n<li><strong>Arrivez t\u00f4t aux march\u00e9s du matin :<\/strong> vous aurez plus d&rsquo;options pour vous garer, vous \u00e9viterez les heures de forte chaleur et vous pourrez voir les stands avant que l&rsquo;affluence n&rsquo;augmente.<\/li>\n\n\n\n<li><strong>Apportez des esp\u00e8ces et un sac r\u00e9utilisable :<\/strong> tous les vendeurs ne disposent pas de paiement par carte et finir avec cinq petits sacs accroch\u00e9s au bras a beaucoup moins de charme qu&rsquo;il n&rsquo;y para\u00eet.<\/li>\n\n\n\n<li><strong>Comparez avant d&rsquo;acheter :<\/strong> au march\u00e9 g\u00e9n\u00e9ral, il peut y avoir des articles similaires sur plusieurs stands. Faites un premier tour et d\u00e9cidez ensuite, sauf si vous trouvez une pi\u00e8ce unique au march\u00e9 aux puces. <\/li>\n\n\n\n<li><strong>Prot\u00e9gez vos affaires dans les zones bond\u00e9es :<\/strong> utilisez un sac ferm\u00e9 et ne laissez pas votre t\u00e9l\u00e9phone portable \u00e0 la vue lorsque le march\u00e9 est particuli\u00e8rement plein.<\/li>\n\n\n\n<li><strong>Consultez les changements de derni\u00e8re minute :<\/strong> la pluie, les jours f\u00e9ri\u00e9s et l&rsquo;installation d&rsquo;autres \u00e9v\u00e9nements peuvent modifier ou suspendre une \u00e9dition.<\/li>\n<\/ul>\n\n<h2 class=\"wp-block-heading\"><strong>Venez profiter des march\u00e9s de D\u00e9nia pendant votre escapade<\/strong><\/h2>\n\n<p class=\"wp-block-paragraph\">Les march\u00e9s de D\u00e9nia <strong>offrent<\/strong> <strong>des activit\u00e9s diff\u00e9rentes sans vous obliger \u00e0 y consacrer toute la journ\u00e9e.<\/strong> Vous pouvez passer la matin\u00e9e du lundi \u00e0 Torrecremada, d\u00e9couvrir le march\u00e9 aux puces le vendredi ou garder un moment apr\u00e8s le d\u00eener pour vous promener au port.<\/p>\n\n<p class=\"wp-block-paragraph\">Disposer d&rsquo;une base confortable sur la Costa Blanca vous permettra de combiner ces visites avec des plages, des restaurants et des excursions dans la Marina Alta. <strong>R\u00e9servez l&rsquo;un de nos appartements avec On Travel<\/strong> et d\u00e9couvrez D\u00e9nia et ses march\u00e9s avec tout le temps du monde.<\/p>\n","protected":false},"excerpt":{"rendered":"<p>Certains visitent un march\u00e9 avec une liste parfaitement d\u00e9finie, d&rsquo;autres veulent simplement fl\u00e2ner un moment. Ce qui est amusant, c&rsquo;est que dans les deux cas, vous finissez g\u00e9n\u00e9ralement de la m\u00eame mani\u00e8re, en rentrant \u00e0 votre logement avec quelque chose que vous n&rsquo;aviez pas pr\u00e9vu d&rsquo;acheter. Dans ce guide, nous vous indiquons o\u00f9 se trouvent [&hellip;]<\/p>\n","protected":false},"author":4,"featured_media":2267,"comment_status":"open","ping_status":"open","sticky":false,"template":"","format":"standard","meta":{"footnotes":""},"categories":[34],"tags":[],"class_list":["post-2279","post","type-post","status-publish","format-standard","has-post-thumbnail","hentry","category-denia-fr"],"yoast_head":"<!-- This site is optimized with the Yoast SEO plugin v27.7 - https:\/\/yoast.com\/product\/yoast-seo-wordpress\/ -->\n<title>Les march\u00e9s de D\u00e9nia : une excellente activit\u00e9 \u00e0 toute heure de la journ\u00e9e - Blog<\/title>\n<meta name=\"description\" content=\"D\u00e9couvrez le charme des march\u00e9s de D\u00e9nia. Promenez-vous entre les stands, trouvez de l&#039;artisanat local et vivez une matin\u00e9e unique.\" \/>\n<meta name=\"robots\" content=\"index, follow, max-snippet:-1, max-image-preview:large, max-video-preview:-1\" \/>\n<link rel=\"canonical\" href=\"https:\/\/www.ontravelholidayrentals.com\/blog\/fr\/marches-de-denia\/\" \/>\n<meta property=\"og:locale\" content=\"fr_FR\" \/>\n<meta property=\"og:type\" content=\"article\" \/>\n<meta property=\"og:title\" content=\"Les march\u00e9s de D\u00e9nia : une excellente activit\u00e9 \u00e0 toute heure de la journ\u00e9e - Blog\" \/>\n<meta property=\"og:description\" content=\"D\u00e9couvrez le charme des march\u00e9s de D\u00e9nia. Promenez-vous entre les stands, trouvez de l&#039;artisanat local et vivez une matin\u00e9e unique.\" \/>\n<meta property=\"og:url\" content=\"https:\/\/www.ontravelholidayrentals.com\/blog\/fr\/marches-de-denia\/\" \/>\n<meta property=\"og:site_name\" content=\"Blog\" \/>\n<meta property=\"article:published_time\" content=\"2026-08-24T11:46:17+00:00\" \/>\n<meta property=\"article:modified_time\" content=\"2026-08-26T12:09:00+00:00\" \/>\n<meta property=\"og:image\" content=\"https:\/\/www.ontravelholidayrentals.com\/blog\/wp-content\/uploads\/2026\/08\/mercadillos-denia.jpg\" \/>\n\t<meta property=\"og:image:width\" content=\"2154\" \/>\n\t<meta property=\"og:image:height\" content=\"718\" \/>\n\t<meta property=\"og:image:type\" content=\"image\/jpeg\" \/>\n<meta name=\"author\" content=\"Axel\" \/>\n<meta name=\"twitter:card\" content=\"summary_large_image\" \/>\n<meta name=\"twitter:label1\" content=\"\u00c9crit par\" \/>\n\t<meta name=\"twitter:data1\" content=\"Axel\" \/>\n\t<meta name=\"twitter:label2\" content=\"Dur\u00e9e de lecture estim\u00e9e\" \/>\n\t<meta name=\"twitter:data2\" content=\"6 minutes\" \/>\n<script type=\"application\/ld+json\" class=\"yoast-schema-graph\">{\"@context\":\"https:\\\/\\\/schema.org\",\"@graph\":[{\"@type\":\"Article\",\"@id\":\"https:\\\/\\\/www.ontravelholidayrentals.com\\\/blog\\\/fr\\\/marches-de-denia\\\/#article\",\"isPartOf\":{\"@id\":\"https:\\\/\\\/www.ontravelholidayrentals.com\\\/blog\\\/fr\\\/marches-de-denia\\\/\"},\"author\":{\"name\":\"Axel\",\"@id\":\"https:\\\/\\\/www.ontravelholidayrentals.com\\\/blog\\\/fr\\\/#\\\/schema\\\/person\\\/907601cb91b08af60b0fec9e629a4883\"},\"headline\":\"Les march\u00e9s de D\u00e9nia : une excellente activit\u00e9 \u00e0 toute heure de la journ\u00e9e\",\"datePublished\":\"2026-08-24T11:46:17+00:00\",\"dateModified\":\"2026-08-26T12:09:00+00:00\",\"mainEntityOfPage\":{\"@id\":\"https:\\\/\\\/www.ontravelholidayrentals.com\\\/blog\\\/fr\\\/marches-de-denia\\\/\"},\"wordCount\":1284,\"commentCount\":0,\"publisher\":{\"@id\":\"https:\\\/\\\/www.ontravelholidayrentals.com\\\/blog\\\/fr\\\/#organization\"},\"image\":{\"@id\":\"https:\\\/\\\/www.ontravelholidayrentals.com\\\/blog\\\/fr\\\/marches-de-denia\\\/#primaryimage\"},\"thumbnailUrl\":\"https:\\\/\\\/www.ontravelholidayrentals.com\\\/blog\\\/wp-content\\\/uploads\\\/2026\\\/08\\\/mercadillos-denia.jpg\",\"articleSection\":[\"Denia\"],\"inLanguage\":\"fr-FR\",\"potentialAction\":[{\"@type\":\"CommentAction\",\"name\":\"Comment\",\"target\":[\"https:\\\/\\\/www.ontravelholidayrentals.com\\\/blog\\\/fr\\\/marches-de-denia\\\/#respond\"]}]},{\"@type\":\"WebPage\",\"@id\":\"https:\\\/\\\/www.ontravelholidayrentals.com\\\/blog\\\/fr\\\/marches-de-denia\\\/\",\"url\":\"https:\\\/\\\/www.ontravelholidayrentals.com\\\/blog\\\/fr\\\/marches-de-denia\\\/\",\"name\":\"Les march\u00e9s de D\u00e9nia : une excellente activit\u00e9 \u00e0 toute heure de la journ\u00e9e - Blog\",\"isPartOf\":{\"@id\":\"https:\\\/\\\/www.ontravelholidayrentals.com\\\/blog\\\/fr\\\/#website\"},\"primaryImageOfPage\":{\"@id\":\"https:\\\/\\\/www.ontravelholidayrentals.com\\\/blog\\\/fr\\\/marches-de-denia\\\/#primaryimage\"},\"image\":{\"@id\":\"https:\\\/\\\/www.ontravelholidayrentals.com\\\/blog\\\/fr\\\/marches-de-denia\\\/#primaryimage\"},\"thumbnailUrl\":\"https:\\\/\\\/www.ontravelholidayrentals.com\\\/blog\\\/wp-content\\\/uploads\\\/2026\\\/08\\\/mercadillos-denia.jpg\",\"datePublished\":\"2026-08-24T11:46:17+00:00\",\"dateModified\":\"2026-08-26T12:09:00+00:00\",\"description\":\"D\u00e9couvrez le charme des march\u00e9s de D\u00e9nia. Promenez-vous entre les stands, trouvez de l'artisanat local et vivez une matin\u00e9e unique.\",\"breadcrumb\":{\"@id\":\"https:\\\/\\\/www.ontravelholidayrentals.com\\\/blog\\\/fr\\\/marches-de-denia\\\/#breadcrumb\"},\"inLanguage\":\"fr-FR\",\"potentialAction\":[{\"@type\":\"ReadAction\",\"target\":[\"https:\\\/\\\/www.ontravelholidayrentals.com\\\/blog\\\/fr\\\/marches-de-denia\\\/\"]}]},{\"@type\":\"ImageObject\",\"inLanguage\":\"fr-FR\",\"@id\":\"https:\\\/\\\/www.ontravelholidayrentals.com\\\/blog\\\/fr\\\/marches-de-denia\\\/#primaryimage\",\"url\":\"https:\\\/\\\/www.ontravelholidayrentals.com\\\/blog\\\/wp-content\\\/uploads\\\/2026\\\/08\\\/mercadillos-denia.jpg\",\"contentUrl\":\"https:\\\/\\\/www.ontravelholidayrentals.com\\\/blog\\\/wp-content\\\/uploads\\\/2026\\\/08\\\/mercadillos-denia.jpg\",\"width\":2154,\"height\":718,\"caption\":\"Jeune couple joyeux achetant des l\u00e9gumes au march\u00e9 public\"},{\"@type\":\"BreadcrumbList\",\"@id\":\"https:\\\/\\\/www.ontravelholidayrentals.com\\\/blog\\\/fr\\\/marches-de-denia\\\/#breadcrumb\",\"itemListElement\":[{\"@type\":\"ListItem\",\"position\":1,\"name\":\"Portada\",\"item\":\"https:\\\/\\\/www.ontravelholidayrentals.com\\\/blog\\\/fr\\\/\"},{\"@type\":\"ListItem\",\"position\":2,\"name\":\"Les march\u00e9s de D\u00e9nia : une excellente activit\u00e9 \u00e0 toute heure de la journ\u00e9e\"}]},{\"@type\":\"WebSite\",\"@id\":\"https:\\\/\\\/www.ontravelholidayrentals.com\\\/blog\\\/fr\\\/#website\",\"url\":\"https:\\\/\\\/www.ontravelholidayrentals.com\\\/blog\\\/fr\\\/\",\"name\":\"Blog\",\"description\":\"Ontravelholidayrentals\",\"publisher\":{\"@id\":\"https:\\\/\\\/www.ontravelholidayrentals.com\\\/blog\\\/fr\\\/#organization\"},\"potentialAction\":[{\"@type\":\"SearchAction\",\"target\":{\"@type\":\"EntryPoint\",\"urlTemplate\":\"https:\\\/\\\/www.ontravelholidayrentals.com\\\/blog\\\/fr\\\/?s={search_term_string}\"},\"query-input\":{\"@type\":\"PropertyValueSpecification\",\"valueRequired\":true,\"valueName\":\"search_term_string\"}}],\"inLanguage\":\"fr-FR\"},{\"@type\":\"Organization\",\"@id\":\"https:\\\/\\\/www.ontravelholidayrentals.com\\\/blog\\\/fr\\\/#organization\",\"name\":\"Blog\",\"url\":\"https:\\\/\\\/www.ontravelholidayrentals.com\\\/blog\\\/fr\\\/\",\"logo\":{\"@type\":\"ImageObject\",\"inLanguage\":\"fr-FR\",\"@id\":\"https:\\\/\\\/www.ontravelholidayrentals.com\\\/blog\\\/fr\\\/#\\\/schema\\\/logo\\\/image\\\/\",\"url\":\"https:\\\/\\\/www.ontravelholidayrentals.com\\\/blog\\\/wp-content\\\/uploads\\\/2025\\\/02\\\/logo-oliva-nova.webp\",\"contentUrl\":\"https:\\\/\\\/www.ontravelholidayrentals.com\\\/blog\\\/wp-content\\\/uploads\\\/2025\\\/02\\\/logo-oliva-nova.webp\",\"width\":2454,\"height\":875,\"caption\":\"Blog\"},\"image\":{\"@id\":\"https:\\\/\\\/www.ontravelholidayrentals.com\\\/blog\\\/fr\\\/#\\\/schema\\\/logo\\\/image\\\/\"}},{\"@type\":\"Person\",\"@id\":\"https:\\\/\\\/www.ontravelholidayrentals.com\\\/blog\\\/fr\\\/#\\\/schema\\\/person\\\/907601cb91b08af60b0fec9e629a4883\",\"name\":\"Axel\",\"image\":{\"@type\":\"ImageObject\",\"inLanguage\":\"fr-FR\",\"@id\":\"https:\\\/\\\/secure.gravatar.com\\\/avatar\\\/3bd706736e5b70f21f05f6c2d5cad746767782a4ba4b7df399c5969e2a9318fd?s=96&d=mm&r=g\",\"url\":\"https:\\\/\\\/secure.gravatar.com\\\/avatar\\\/3bd706736e5b70f21f05f6c2d5cad746767782a4ba4b7df399c5969e2a9318fd?s=96&d=mm&r=g\",\"contentUrl\":\"https:\\\/\\\/secure.gravatar.com\\\/avatar\\\/3bd706736e5b70f21f05f6c2d5cad746767782a4ba4b7df399c5969e2a9318fd?s=96&d=mm&r=g\",\"caption\":\"Axel\"},\"url\":\"https:\\\/\\\/www.ontravelholidayrentals.com\\\/blog\\\/fr\\\/author\\\/axel\\\/\"}]}<\/script>\n<!-- \/ Yoast SEO plugin. -->","yoast_head_json":{"title":"Les march\u00e9s de D\u00e9nia : une excellente activit\u00e9 \u00e0 toute heure de la journ\u00e9e - Blog","description":"D\u00e9couvrez le charme des march\u00e9s de D\u00e9nia. Promenez-vous entre les stands, trouvez de l'artisanat local et vivez une matin\u00e9e unique.","robots":{"index":"index","follow":"follow","max-snippet":"max-snippet:-1","max-image-preview":"max-image-preview:large","max-video-preview":"max-video-preview:-1"},"canonical":"https:\/\/www.ontravelholidayrentals.com\/blog\/fr\/marches-de-denia\/","og_locale":"fr_FR","og_type":"article","og_title":"Les march\u00e9s de D\u00e9nia : une excellente activit\u00e9 \u00e0 toute heure de la journ\u00e9e - Blog","og_description":"D\u00e9couvrez le charme des march\u00e9s de D\u00e9nia. Promenez-vous entre les stands, trouvez de l'artisanat local et vivez une matin\u00e9e unique.","og_url":"https:\/\/www.ontravelholidayrentals.com\/blog\/fr\/marches-de-denia\/","og_site_name":"Blog","article_published_time":"2026-08-24T11:46:17+00:00","article_modified_time":"2026-08-26T12:09:00+00:00","og_image":[{"width":2154,"height":718,"url":"https:\/\/www.ontravelholidayrentals.com\/blog\/wp-content\/uploads\/2026\/08\/mercadillos-denia.jpg","type":"image\/jpeg"}],"author":"Axel","twitter_card":"summary_large_image","twitter_misc":{"\u00c9crit par":"Axel","Dur\u00e9e de lecture estim\u00e9e":"6 minutes"},"schema":{"@context":"https:\/\/schema.org","@graph":[{"@type":"Article","@id":"https:\/\/www.ontravelholidayrentals.com\/blog\/fr\/marches-de-denia\/#article","isPartOf":{"@id":"https:\/\/www.ontravelholidayrentals.com\/blog\/fr\/marches-de-denia\/"},"author":{"name":"Axel","@id":"https:\/\/www.ontravelholidayrentals.com\/blog\/fr\/#\/schema\/person\/907601cb91b08af60b0fec9e629a4883"},"headline":"Les march\u00e9s de D\u00e9nia : une excellente activit\u00e9 \u00e0 toute heure de la journ\u00e9e","datePublished":"2026-08-24T11:46:17+00:00","dateModified":"2026-08-26T12:09:00+00:00","mainEntityOfPage":{"@id":"https:\/\/www.ontravelholidayrentals.com\/blog\/fr\/marches-de-denia\/"},"wordCount":1284,"commentCount":0,"publisher":{"@id":"https:\/\/www.ontravelholidayrentals.com\/blog\/fr\/#organization"},"image":{"@id":"https:\/\/www.ontravelholidayrentals.com\/blog\/fr\/marches-de-denia\/#primaryimage"},"thumbnailUrl":"https:\/\/www.ontravelholidayrentals.com\/blog\/wp-content\/uploads\/2026\/08\/mercadillos-denia.jpg","articleSection":["Denia"],"inLanguage":"fr-FR","potentialAction":[{"@type":"CommentAction","name":"Comment","target":["https:\/\/www.ontravelholidayrentals.com\/blog\/fr\/marches-de-denia\/#respond"]}]},{"@type":"WebPage","@id":"https:\/\/www.ontravelholidayrentals.com\/blog\/fr\/marches-de-denia\/","url":"https:\/\/www.ontravelholidayrentals.com\/blog\/fr\/marches-de-denia\/","name":"Les march\u00e9s de D\u00e9nia : une excellente activit\u00e9 \u00e0 toute heure de la journ\u00e9e - Blog","isPartOf":{"@id":"https:\/\/www.ontravelholidayrentals.com\/blog\/fr\/#website"},"primaryImageOfPage":{"@id":"https:\/\/www.ontravelholidayrentals.com\/blog\/fr\/marches-de-denia\/#primaryimage"},"image":{"@id":"https:\/\/www.ontravelholidayrentals.com\/blog\/fr\/marches-de-denia\/#primaryimage"},"thumbnailUrl":"https:\/\/www.ontravelholidayrentals.com\/blog\/wp-content\/uploads\/2026\/08\/mercadillos-denia.jpg","datePublished":"2026-08-24T11:46:17+00:00","dateModified":"2026-08-26T12:09:00+00:00","description":"D\u00e9couvrez le charme des march\u00e9s de D\u00e9nia. Promenez-vous entre les stands, trouvez de l'artisanat local et vivez une matin\u00e9e unique.","breadcrumb":{"@id":"https:\/\/www.ontravelholidayrentals.com\/blog\/fr\/marches-de-denia\/#breadcrumb"},"inLanguage":"fr-FR","potentialAction":[{"@type":"ReadAction","target":["https:\/\/www.ontravelholidayrentals.com\/blog\/fr\/marches-de-denia\/"]}]},{"@type":"ImageObject","inLanguage":"fr-FR","@id":"https:\/\/www.ontravelholidayrentals.com\/blog\/fr\/marches-de-denia\/#primaryimage","url":"https:\/\/www.ontravelholidayrentals.com\/blog\/wp-content\/uploads\/2026\/08\/mercadillos-denia.jpg","contentUrl":"https:\/\/www.ontravelholidayrentals.com\/blog\/wp-content\/uploads\/2026\/08\/mercadillos-denia.jpg","width":2154,"height":718,"caption":"Jeune couple joyeux achetant des l\u00e9gumes au march\u00e9 public"},{"@type":"BreadcrumbList","@id":"https:\/\/www.ontravelholidayrentals.com\/blog\/fr\/marches-de-denia\/#breadcrumb","itemListElement":[{"@type":"ListItem","position":1,"name":"Portada","item":"https:\/\/www.ontravelholidayrentals.com\/blog\/fr\/"},{"@type":"ListItem","position":2,"name":"Les march\u00e9s de D\u00e9nia : une excellente activit\u00e9 \u00e0 toute heure de la journ\u00e9e"}]},{"@type":"WebSite","@id":"https:\/\/www.ontravelholidayrentals.com\/blog\/fr\/#website","url":"https:\/\/www.ontravelholidayrentals.com\/blog\/fr\/","name":"Blog","description":"Ontravelholidayrentals","publisher":{"@id":"https:\/\/www.ontravelholidayrentals.com\/blog\/fr\/#organization"},"potentialAction":[{"@type":"SearchAction","target":{"@type":"EntryPoint","urlTemplate":"https:\/\/www.ontravelholidayrentals.com\/blog\/fr\/?s={search_term_string}"},"query-input":{"@type":"PropertyValueSpecification","valueRequired":true,"valueName":"search_term_string"}}],"inLanguage":"fr-FR"},{"@type":"Organization","@id":"https:\/\/www.ontravelholidayrentals.com\/blog\/fr\/#organization","name":"Blog","url":"https:\/\/www.ontravelholidayrentals.com\/blog\/fr\/","logo":{"@type":"ImageObject","inLanguage":"fr-FR","@id":"https:\/\/www.ontravelholidayrentals.com\/blog\/fr\/#\/schema\/logo\/image\/","url":"https:\/\/www.ontravelholidayrentals.com\/blog\/wp-content\/uploads\/2025\/02\/logo-oliva-nova.webp","contentUrl":"https:\/\/www.ontravelholidayrentals.com\/blog\/wp-content\/uploads\/2025\/02\/logo-oliva-nova.webp","width":2454,"height":875,"caption":"Blog"},"image":{"@id":"https:\/\/www.ontravelholidayrentals.com\/blog\/fr\/#\/schema\/logo\/image\/"}},{"@type":"Person","@id":"https:\/\/www.ontravelholidayrentals.com\/blog\/fr\/#\/schema\/person\/907601cb91b08af60b0fec9e629a4883","name":"Axel","image":{"@type":"ImageObject","inLanguage":"fr-FR","@id":"https:\/\/secure.gravatar.com\/avatar\/3bd706736e5b70f21f05f6c2d5cad746767782a4ba4b7df399c5969e2a9318fd?s=96&d=mm&r=g","url":"https:\/\/secure.gravatar.com\/avatar\/3bd706736e5b70f21f05f6c2d5cad746767782a4ba4b7df399c5969e2a9318fd?s=96&d=mm&r=g","contentUrl":"https:\/\/secure.gravatar.com\/avatar\/3bd706736e5b70f21f05f6c2d5cad746767782a4ba4b7df399c5969e2a9318fd?s=96&d=mm&r=g","caption":"Axel"},"url":"https:\/\/www.ontravelholidayrentals.com\/blog\/fr\/author\/axel\/"}]}},"_links":{"self":[{"href":"https:\/\/www.ontravelholidayrentals.com\/blog\/fr\/wp-json\/wp\/v2\/posts\/2279","targetHints":{"allow":["GET"]}}],"collection":[{"href":"https:\/\/www.ontravelholidayrentals.com\/blog\/fr\/wp-json\/wp\/v2\/posts"}],"about":[{"href":"https:\/\/www.ontravelholidayrentals.com\/blog\/fr\/wp-json\/wp\/v2\/types\/post"}],"author":[{"embeddable":true,"href":"https:\/\/www.ontravelholidayrentals.com\/blog\/fr\/wp-json\/wp\/v2\/users\/4"}],"replies":[{"embeddable":true,"href":"https:\/\/www.ontravelholidayrentals.com\/blog\/fr\/wp-json\/wp\/v2\/comments?post=2279"}],"version-history":[{"count":1,"href":"https:\/\/www.ontravelholidayrentals.com\/blog\/fr\/wp-json\/wp\/v2\/posts\/2279\/revisions"}],"predecessor-version":[{"id":2280,"href":"https:\/\/www.ontravelholidayrentals.com\/blog\/fr\/wp-json\/wp\/v2\/posts\/2279\/revisions\/2280"}],"wp:featuredmedia":[{"embeddable":true,"href":"https:\/\/www.ontravelholidayrentals.com\/blog\/fr\/wp-json\/wp\/v2\/media\/2267"}],"wp:attachment":[{"href":"https:\/\/www.ontravelholidayrentals.com\/blog\/fr\/wp-json\/wp\/v2\/media?parent=2279"}],"wp:term":[{"taxonomy":"category","embeddable":true,"href":"https:\/\/www.ontravelholidayrentals.com\/blog\/fr\/wp-json\/wp\/v2\/categories?post=2279"},{"taxonomy":"post_tag","embeddable":true,"href":"https:\/\/www.ontravelholidayrentals.com\/blog\/fr\/wp-json\/wp\/v2\/tags?post=2279"}],"curies":[{"name":"wp","href":"https:\/\/api.w.org\/{rel}","templated":true}]}}