{"id":140,"date":"2025-02-21T09:28:38","date_gmt":"2025-02-21T09:28:38","guid":{"rendered":"https:\/\/www.ontravelholidayrentals.com\/blog\/?p=140"},"modified":"2025-03-27T09:28:04","modified_gmt":"2025-03-27T09:28:04","slug":"portet-moraira","status":"publish","type":"post","link":"https:\/\/www.ontravelholidayrentals.com\/blog\/fr\/portet-moraira\/","title":{"rendered":"El Portet \u00e0 Moraira. D\u00e9connectez-vous en vacances dans un refuge id\u00e9al"},"content":{"rendered":"\t\t<div data-elementor-type=\"wp-post\" data-elementor-id=\"140\" class=\"elementor elementor-140 elementor-104\" data-elementor-post-type=\"post\">\n\t\t\t\t<div class=\"elementor-element elementor-element-e63fc26 e-flex e-con-boxed e-con e-parent\" data-id=\"e63fc26\" data-element_type=\"container\" data-e-type=\"container\" data-settings=\"{&quot;background_background&quot;:&quot;classic&quot;}\">\n\t\t\t\t\t<div class=\"e-con-inner\">\n\t\t\t\t<div class=\"elementor-element elementor-element-b602dae elementor-widget elementor-widget-heading\" data-id=\"b602dae\" data-element_type=\"widget\" data-e-type=\"widget\" data-widget_type=\"heading.default\">\n\t\t\t\t<div class=\"elementor-widget-container\">\n\t\t\t\t\t<h1 class=\"elementor-heading-title elementor-size-default\">El Portet \u00e0 Moraira. D\u00e9connectez-vous en vacances dans un refuge id\u00e9al<\/h1>\t\t\t\t<\/div>\n\t\t\t\t<\/div>\n\t\t\t\t\t<\/div>\n\t\t\t\t<\/div>\n\t\t<div class=\"elementor-element elementor-element-1d1c6d75 e-flex e-con-boxed e-con e-parent\" data-id=\"1d1c6d75\" data-element_type=\"container\" data-e-type=\"container\">\n\t\t\t\t\t<div class=\"e-con-inner\">\n\t\t\t\t<div class=\"elementor-element elementor-element-571bc64b elementor-widget elementor-widget-text-editor\" data-id=\"571bc64b\" data-element_type=\"widget\" data-e-type=\"widget\" data-widget_type=\"text-editor.default\">\n\t\t\t\t<div class=\"elementor-widget-container\">\n\t\t\t\t\t\t\t\t\t<p><span style=\"font-weight: 400;\">Si vous \u00eates de ceux qui pensent que pour profiter d&rsquo;une plage paradisiaque digne d&rsquo;un clip musical, il faut voyager loin et prendre plusieurs avions&#8230; nous sommes l\u00e0 aujourd&rsquo;hui pour changer votre opinion. En Espagne,  <\/span> <b>nous avons la chance d&rsquo;avoir d&rsquo;authentiques joyaux baln\u00e9aires <\/b><span style=\"font-weight: 400;\">plus pr\u00e8s que vous ne l&rsquo;imaginez.<\/span><\/p><p><br><span style=\"font-weight: 400;\">C&rsquo;est le cas d&rsquo;El Portet, \u00e0 Moraira. <\/span><b>Un paradis qui allie des eaux turquoise cristallines \u00e0 un environnement naturel prot\u00e9g\u00e9<\/b><span style=\"font-weight: 400;\">  qui vous offrira cette atmosph\u00e8re paisible que vous recherchez. D\u00e9connectez-vous en vacances avec votre famille ou vos amis avec toutes les activit\u00e9s que nous verrons ensuite :  <\/span><\/p>\t\t\t\t\t\t\t\t<\/div>\n\t\t\t\t<\/div>\n\t\t\t\t\t<\/div>\n\t\t\t\t<\/div>\n\t\t<div class=\"elementor-element elementor-element-7d24f74d e-flex e-con-boxed e-con e-parent\" data-id=\"7d24f74d\" data-element_type=\"container\" data-e-type=\"container\">\n\t\t\t\t\t<div class=\"e-con-inner\">\n\t\t\t\t<div class=\"elementor-element elementor-element-e4d53c9 elementor-widget elementor-widget-table-of-contents\" data-id=\"e4d53c9\" data-element_type=\"widget\" data-e-type=\"widget\" data-settings=\"{&quot;headings_by_tags&quot;:[&quot;h2&quot;,&quot;h3&quot;],&quot;exclude_headings_by_selector&quot;:[],&quot;marker_view&quot;:&quot;bullets&quot;,&quot;icon&quot;:{&quot;value&quot;:&quot;far fa-circle&quot;,&quot;library&quot;:&quot;fa-regular&quot;,&quot;rendered_tag&quot;:&quot;&lt;svg class=\\&quot;e-font-icon-svg e-far-circle\\&quot; viewBox=\\&quot;0 0 512 512\\&quot; xmlns=\\&quot;http:\\\/\\\/www.w3.org\\\/2000\\\/svg\\&quot;&gt;&lt;path d=\\&quot;M256 8C119 8 8 119 8 256s111 248 248 248 248-111 248-248S393 8 256 8zm0 448c-110.5 0-200-89.5-200-200S145.5 56 256 56s200 89.5 200 200-89.5 200-200 200z\\&quot;&gt;&lt;\\\/path&gt;&lt;\\\/svg&gt;&quot;},&quot;no_headings_message&quot;:&quot;No headings were found on this page.&quot;,&quot;hierarchical_view&quot;:&quot;yes&quot;,&quot;min_height&quot;:{&quot;unit&quot;:&quot;px&quot;,&quot;size&quot;:&quot;&quot;,&quot;sizes&quot;:[]},&quot;min_height_tablet&quot;:{&quot;unit&quot;:&quot;px&quot;,&quot;size&quot;:&quot;&quot;,&quot;sizes&quot;:[]},&quot;min_height_mobile&quot;:{&quot;unit&quot;:&quot;px&quot;,&quot;size&quot;:&quot;&quot;,&quot;sizes&quot;:[]}}\" data-widget_type=\"table-of-contents.default\">\n\t\t\t\t<div class=\"elementor-widget-container\">\n\t\t\t\t\t\t\t\t\t<div class=\"elementor-toc__header\">\n\t\t\t\t\t\t<div class=\"elementor-toc__header-title\">\n\t\t\t\t\u00cdndice\t\t\t<\/div>\n\t\t\t\t\t\t\t\t<\/div>\n\t\t\t\t<div id=\"elementor-toc__e4d53c9\" class=\"elementor-toc__body\">\n\t\t\t<div class=\"elementor-toc__spinner-container\">\n\t\t\t\t<svg class=\"elementor-toc__spinner eicon-animation-spin e-font-icon-svg e-eicon-loading\" aria-hidden=\"true\" viewBox=\"0 0 1000 1000\" xmlns=\"http:\/\/www.w3.org\/2000\/svg\"><path d=\"M500 975V858C696 858 858 696 858 500S696 142 500 142 142 304 142 500H25C25 237 238 25 500 25S975 237 975 500 763 975 500 975Z\"><\/path><\/svg>\t\t\t<\/div>\n\t\t<\/div>\n\t\t\t\t\t\t<\/div>\n\t\t\t\t<\/div>\n\t\t\t\t\t<\/div>\n\t\t\t\t<\/div>\n\t\t<div class=\"elementor-element elementor-element-513e6fa e-flex e-con-boxed e-con e-parent\" data-id=\"513e6fa\" data-element_type=\"container\" data-e-type=\"container\">\n\t\t\t\t\t<div class=\"e-con-inner\">\n\t\t\t\t<div class=\"elementor-element elementor-element-048a6a6 elementor-widget elementor-widget-heading\" data-id=\"048a6a6\" data-element_type=\"widget\" data-e-type=\"widget\" data-widget_type=\"heading.default\">\n\t\t\t\t<div class=\"elementor-widget-container\">\n\t\t\t\t\t<h2 class=\"elementor-heading-title elementor-size-default\">EL PORTET - MORAIRA<\/h2>\t\t\t\t<\/div>\n\t\t\t\t<\/div>\n\t\t\t\t<div class=\"elementor-element elementor-element-3ed394d elementor-widget-divider--view-line elementor-widget elementor-widget-divider\" data-id=\"3ed394d\" data-element_type=\"widget\" data-e-type=\"widget\" data-widget_type=\"divider.default\">\n\t\t\t\t<div class=\"elementor-widget-container\">\n\t\t\t\t\t\t\t<div class=\"elementor-divider\">\n\t\t\t<span class=\"elementor-divider-separator\">\n\t\t\t\t\t\t<\/span>\n\t\t<\/div>\n\t\t\t\t\t\t<\/div>\n\t\t\t\t<\/div>\n\t\t\t\t\t<\/div>\n\t\t\t\t<\/div>\n\t\t<div class=\"elementor-element elementor-element-37266bd5 e-flex e-con-boxed e-con e-parent\" data-id=\"37266bd5\" data-element_type=\"container\" data-e-type=\"container\">\n\t\t\t\t\t<div class=\"e-con-inner\">\n\t\t\t\t<div class=\"elementor-element elementor-element-407cff53 elementor-widget elementor-widget-heading\" data-id=\"407cff53\" data-element_type=\"widget\" data-e-type=\"widget\" data-widget_type=\"heading.default\">\n\t\t\t\t<div class=\"elementor-widget-container\">\n\t\t\t\t\t<h2 class=\"elementor-heading-title elementor-size-default\">Visitez El Portet \u00e0 Moraira : Un v\u00e9ritable paradis m\u00e9diterran\u00e9en \n<\/h2>\t\t\t\t<\/div>\n\t\t\t\t<\/div>\n\t\t\t\t<div class=\"elementor-element elementor-element-1fccd268 elementor-widget elementor-widget-text-editor\" data-id=\"1fccd268\" data-element_type=\"widget\" data-e-type=\"widget\" data-widget_type=\"text-editor.default\">\n\t\t\t\t<div class=\"elementor-widget-container\">\n\t\t\t\t\t\t\t\t\t<p><span style=\"font-weight: 400;\">Avec son sable fin et doux, la plage d&rsquo;El Portet est parfaite pour toutes les personnes \u00e0 la recherche <\/span><b>de vacances paisibles, loin du bruit et des obligations du quotidien. <\/b>  <span style=\"font-weight: 400;\">Car oui, on va \u00e0 la plage pour se reposer. Bien qu&rsquo;il y ait \u00e9galement de la place pour des activit\u00e9s aquatiques amusantes que vous pouvez pratiquer avec des enfants ou en couple.  <\/span><\/p><p><span style=\"font-weight: 400;\">Comme si cela ne suffisait pas, la plage est assez proche du centre de Moraira. Si vous pensiez \u00eatre isol\u00e9 comme dans une jungle vierge, \u00f4tez-vous cette id\u00e9e de l&rsquo;esprit.  <\/span><b>Vous aurez une multitude de services \u00e0 proximit\u00e9<\/b><span style=\"font-weight: 400;\"> qui rendront votre s\u00e9jour \u00e0 Oliva, Moraira, J\u00e1vea, Benissa, Denia, ou aux alentours, une exp\u00e9rience inoubliable. <\/span>  <\/p>\t\t\t\t\t\t\t\t<\/div>\n\t\t\t\t<\/div>\n\t\t\t\t<div class=\"elementor-element elementor-element-3520296 elementor-widget elementor-widget-image\" data-id=\"3520296\" data-element_type=\"widget\" data-e-type=\"widget\" data-widget_type=\"image.default\">\n\t\t\t\t<div class=\"elementor-widget-container\">\n\t\t\t\t\t\t\t\t\t\t\t\t\t\t\t<img fetchpriority=\"high\" decoding=\"async\" width=\"1350\" height=\"675\" src=\"https:\/\/www.ontravelholidayrentals.com\/blog\/wp-content\/uploads\/2025\/02\/visitar-el-portet-Moraira.jpg\" class=\"attachment-full size-full wp-image-112\" alt=\"visitar-el-portet-Moraira.jpg\" srcset=\"https:\/\/www.ontravelholidayrentals.com\/blog\/wp-content\/uploads\/2025\/02\/visitar-el-portet-Moraira.jpg 1350w, https:\/\/www.ontravelholidayrentals.com\/blog\/wp-content\/uploads\/2025\/02\/visitar-el-portet-Moraira-300x150.jpg 300w, https:\/\/www.ontravelholidayrentals.com\/blog\/wp-content\/uploads\/2025\/02\/visitar-el-portet-Moraira-1024x512.jpg 1024w, https:\/\/www.ontravelholidayrentals.com\/blog\/wp-content\/uploads\/2025\/02\/visitar-el-portet-Moraira-768x384.jpg 768w\" sizes=\"(max-width: 1350px) 100vw, 1350px\" \/>\t\t\t\t\t\t\t\t\t\t\t\t\t\t\t<\/div>\n\t\t\t\t<\/div>\n\t\t\t\t\t<\/div>\n\t\t\t\t<\/div>\n\t\t<div class=\"elementor-element elementor-element-e2b7a48 e-flex e-con-boxed e-con e-parent\" data-id=\"e2b7a48\" data-element_type=\"container\" data-e-type=\"container\">\n\t\t\t\t\t<div class=\"e-con-inner\">\n\t\t\t\t<div class=\"elementor-element elementor-element-c312db0 elementor-widget elementor-widget-heading\" data-id=\"c312db0\" data-element_type=\"widget\" data-e-type=\"widget\" data-widget_type=\"heading.default\">\n\t\t\t\t<div class=\"elementor-widget-container\">\n\t\t\t\t\t<h2 class=\"elementor-heading-title elementor-size-default\">Activit\u00e9s et plages \u00e0 El Portet \n<\/h2>\t\t\t\t<\/div>\n\t\t\t\t<\/div>\n\t\t\t\t<div class=\"elementor-element elementor-element-015ebe4 elementor-widget elementor-widget-text-editor\" data-id=\"015ebe4\" data-element_type=\"widget\" data-e-type=\"widget\" data-widget_type=\"text-editor.default\">\n\t\t\t\t<div class=\"elementor-widget-container\">\n\t\t\t\t\t\t\t\t\t<p><span style=\"font-weight: 400;\">Comme nous l&rsquo;avons d\u00e9j\u00e0 mentionn\u00e9,<\/span><b> la plage d&rsquo;El Portet \u00e0 Moraira est bien plus qu&rsquo;une simple plage.<\/b><span style=\"font-weight: 400;\"> C&rsquo;est \u00e9galement une destination qui allie tranquillit\u00e9 familiale et activit\u00e9s ludiques pour passer du temps de la meilleure fa\u00e7on.<\/span><\/p><p><span style=\"font-weight: 400;\">La crique d&rsquo;El Portet \u00e0 Moraira <\/span><b>a une belle forme de coquillage <\/b>  <span style=\"font-weight: 400;\">et est prot\u00e9g\u00e9e par la p\u00e9ninsule du Cap d&rsquo;Or. Parmi les activit\u00e9s les plus populaires figurent :  <\/span><\/p>\t\t\t\t\t\t\t\t<\/div>\n\t\t\t\t<\/div>\n\t\t\t\t\t<\/div>\n\t\t\t\t<\/div>\n\t\t<div class=\"elementor-element elementor-element-76738a3 e-flex e-con-boxed e-con e-parent\" data-id=\"76738a3\" data-element_type=\"container\" data-e-type=\"container\">\n\t\t\t\t\t<div class=\"e-con-inner\">\n\t\t<div class=\"elementor-element elementor-element-e4ef7a3 e-con-full e-flex e-con e-child\" data-id=\"e4ef7a3\" data-element_type=\"container\" data-e-type=\"container\">\n\t\t\t\t<div class=\"elementor-element elementor-element-2c438222 elementor-widget elementor-widget-heading\" data-id=\"2c438222\" data-element_type=\"widget\" data-e-type=\"widget\" data-widget_type=\"heading.default\">\n\t\t\t\t<div class=\"elementor-widget-container\">\n\t\t\t\t\t<h3 class=\"elementor-heading-title elementor-size-default\">Kayak et Paddle Surf \n<\/h3>\t\t\t\t<\/div>\n\t\t\t\t<\/div>\n\t\t\t\t<div class=\"elementor-element elementor-element-441390e7 elementor-widget elementor-widget-text-editor\" data-id=\"441390e7\" data-element_type=\"widget\" data-e-type=\"widget\" data-widget_type=\"text-editor.default\">\n\t\t\t\t<div class=\"elementor-widget-container\">\n\t\t\t\t\t\t\t\t\t<p><span style=\"font-weight: 400;\">C&rsquo;est une option amusante qui vous permet <\/span><b>d&rsquo;explorer la c\u00f4te d&rsquo;une mani\u00e8re diff\u00e9rente et de d\u00e9couvrir des recoins cach\u00e9s<\/b><span style=\"font-weight: 400;\">, tels que la Cala Llebeig ou les grottes sous-marines \u00e0 proximit\u00e9. Si vous avez d\u00e9j\u00e0 de la pratique en paddle surf, vous pouvez lib\u00e9rer vos comp\u00e9tences. Sinon, vous trouverez des instructeurs et des clubs de surf adapt\u00e9s \u00e0 vos besoins pour apprendre.   <\/span><\/p>\t\t\t\t\t\t\t\t<\/div>\n\t\t\t\t<\/div>\n\t\t\t\t<\/div>\n\t\t<div class=\"elementor-element elementor-element-3a4fd35 e-con-full e-flex e-con e-child\" data-id=\"3a4fd35\" data-element_type=\"container\" data-e-type=\"container\">\n\t\t\t\t<div class=\"elementor-element elementor-element-b279ea5 elementor-widget elementor-widget-heading\" data-id=\"b279ea5\" data-element_type=\"widget\" data-e-type=\"widget\" data-widget_type=\"heading.default\">\n\t\t\t\t<div class=\"elementor-widget-container\">\n\t\t\t\t\t<h3 class=\"elementor-heading-title elementor-size-default\">Plong\u00e9e avec tuba<\/h3>\t\t\t\t<\/div>\n\t\t\t\t<\/div>\n\t\t\t\t<div class=\"elementor-element elementor-element-6c63592 elementor-widget elementor-widget-text-editor\" data-id=\"6c63592\" data-element_type=\"widget\" data-e-type=\"widget\" data-widget_type=\"text-editor.default\">\n\t\t\t\t<div class=\"elementor-widget-container\">\n\t\t\t\t\t\t\t\t\t<p><span style=\"font-weight: 400;\">Les fonds marins de la crique d&rsquo;El Portet \u00e0 Moraira sont riches en Posidonia oceanica. Nous allons vous traduire cela :  <\/span><b>ils offrent une exp\u00e9rience unique pleine de vie marine d\u00e8s que vous mettez la t\u00eate sous l&rsquo;eau et plongez un peu.<\/b><span style=\"font-weight: 400;\">  Vous n&rsquo;avez pas d&rsquo;\u00e9quipement de plong\u00e9e ? Ne vous inqui\u00e9tez pas, il existe des services de location d&rsquo;\u00e9quipement et des guides sp\u00e9cialis\u00e9s sur la plage pour que vous ayez une exp\u00e9rience en toute s\u00e9curit\u00e9.  <\/span><\/p>\t\t\t\t\t\t\t\t<\/div>\n\t\t\t\t<\/div>\n\t\t\t\t<\/div>\n\t\t<div class=\"elementor-element elementor-element-1092779 e-con-full e-flex e-con e-child\" data-id=\"1092779\" data-element_type=\"container\" data-e-type=\"container\">\n\t\t\t\t<div class=\"elementor-element elementor-element-a68bd48 elementor-widget elementor-widget-heading\" data-id=\"a68bd48\" data-element_type=\"widget\" data-e-type=\"widget\" data-widget_type=\"heading.default\">\n\t\t\t\t<div class=\"elementor-widget-container\">\n\t\t\t\t\t<h3 class=\"elementor-heading-title elementor-size-default\">Promenade le long de la petite promenade \n<\/h3>\t\t\t\t<\/div>\n\t\t\t\t<\/div>\n\t\t\t\t<div class=\"elementor-element elementor-element-a2be149 elementor-widget elementor-widget-text-editor\" data-id=\"a2be149\" data-element_type=\"widget\" data-e-type=\"widget\" data-widget_type=\"text-editor.default\">\n\t\t\t\t<div class=\"elementor-widget-container\">\n\t\t\t\t\t\t\t\t\t<p><span style=\"font-weight: 400;\">Pour les amateurs de tranquillit\u00e9, qui pr\u00e9f\u00e8rent ne pas mettre leur nez l\u00e0 o\u00f9 il ne faut pas, <\/span><b>il y a toujours la possibilit\u00e9 de se promener le long de la plage<\/b><span style=\"font-weight: 400;\">. Vous y trouverez des restaurants avec des vues spectaculaires o\u00f9 vous pourrez d\u00e9guster certains des plats les plus typiques. Que diriez-vous d&rsquo;un riz aux poissons et fruits de mer ?   <\/span><\/p>\t\t\t\t\t\t\t\t<\/div>\n\t\t\t\t<\/div>\n\t\t\t\t<\/div>\n\t\t<div class=\"elementor-element elementor-element-a2088d1 e-con-full e-flex e-con e-child\" data-id=\"a2088d1\" data-element_type=\"container\" data-e-type=\"container\">\n\t\t\t\t<div class=\"elementor-element elementor-element-6e7b7d3 elementor-widget elementor-widget-heading\" data-id=\"6e7b7d3\" data-element_type=\"widget\" data-e-type=\"widget\" data-widget_type=\"heading.default\">\n\t\t\t\t<div class=\"elementor-widget-container\">\n\t\t\t\t\t<h3 class=\"elementor-heading-title elementor-size-default\">Itin\u00e9raires de randonn\u00e9e \n<\/h3>\t\t\t\t<\/div>\n\t\t\t\t<\/div>\n\t\t\t\t<div class=\"elementor-element elementor-element-f2be60a elementor-widget elementor-widget-text-editor\" data-id=\"f2be60a\" data-element_type=\"widget\" data-e-type=\"widget\" data-widget_type=\"text-editor.default\">\n\t\t\t\t<div class=\"elementor-widget-container\">\n\t\t\t\t\t\t\t\t\t<p><span style=\"font-weight: 400;\">Pour passer cette promenade au niveau sup\u00e9rieur, <\/span><b>nous vous recommandons un itin\u00e9raire vers la Tour de guet du Cap d&rsquo;Or<\/b><span style=\"font-weight: 400;\">, ou suivez l&rsquo;itin\u00e9raire des points de vue c\u00f4tiers. Les deux options offrent des vues impressionnantes sur la M\u00e9diterran\u00e9e.  <\/span><\/p>\t\t\t\t\t\t\t\t<\/div>\n\t\t\t\t<\/div>\n\t\t\t\t<\/div>\n\t\t\t\t\t<\/div>\n\t\t\t\t<\/div>\n\t\t<div class=\"elementor-element elementor-element-4b58753 e-flex e-con-boxed e-con e-parent\" data-id=\"4b58753\" data-element_type=\"container\" data-e-type=\"container\">\n\t\t\t\t\t<div class=\"e-con-inner\">\n\t\t\t\t<div class=\"elementor-element elementor-element-01e21fe elementor-widget elementor-widget-text-editor\" data-id=\"01e21fe\" data-element_type=\"widget\" data-e-type=\"widget\" data-widget_type=\"text-editor.default\">\n\t\t\t\t<div class=\"elementor-widget-container\">\n\t\t\t\t\t\t\t\t\t<p><span style=\"color: var( --e-global-color-text ); font-family: var( --e-global-typography-text-font-family ), Sans-serif; font-size: var( --e-global-typography-text-font-size ); text-align: var(--text-align); background-color: var(--wp--preset--color--base); letter-spacing: -0.1px;\">Comme vous l&rsquo;avez d\u00e9j\u00e0 vu, <\/span><b style=\"color: var( --e-global-color-text ); font-family: var( --e-global-typography-text-font-family ), Sans-serif; font-size: var( --e-global-typography-text-font-size ); text-align: var(--text-align); background-color: var(--wp--preset--color--base); letter-spacing: -0.1px;\">El Portet se distingue par une atmosph\u00e8re familiale, des services complets et des options pour tous les go\u00fbts.<\/b><span style=\"color: var( --e-global-color-text ); font-family: var( --e-global-typography-text-font-family ), Sans-serif; font-size: var( --e-global-typography-text-font-size ); text-align: var(--text-align); background-color: var(--wp--preset--color--base); letter-spacing: -0.1px;\"> En d&rsquo;autres termes, c&rsquo;est un endroit incontournable pour vous si vous cherchez \u00e0 profiter de l&rsquo;authentique esprit m\u00e9diterran\u00e9en.<\/span><\/p>\t\t\t\t\t\t\t\t<\/div>\n\t\t\t\t<\/div>\n\t\t\t\t\t<\/div>\n\t\t\t\t<\/div>\n\t\t<div class=\"elementor-element elementor-element-4d198f1 e-flex e-con-boxed e-con e-parent\" data-id=\"4d198f1\" data-element_type=\"container\" data-e-type=\"container\">\n\t\t\t\t\t<div class=\"e-con-inner\">\n\t\t\t\t<div class=\"elementor-element elementor-element-d53d13e elementor-widget elementor-widget-image\" data-id=\"d53d13e\" data-element_type=\"widget\" data-e-type=\"widget\" data-widget_type=\"image.default\">\n\t\t\t\t<div class=\"elementor-widget-container\">\n\t\t\t\t\t\t\t\t\t\t\t\t\t\t\t<img decoding=\"async\" width=\"1732\" height=\"866\" src=\"https:\/\/www.ontravelholidayrentals.com\/blog\/wp-content\/uploads\/2025\/02\/Surf-el-portet-Moraira.jpg\" class=\"attachment-full size-full wp-image-108\" alt=\"Surf-el-portet-Moraira.jpg\" srcset=\"https:\/\/www.ontravelholidayrentals.com\/blog\/wp-content\/uploads\/2025\/02\/Surf-el-portet-Moraira.jpg 1732w, https:\/\/www.ontravelholidayrentals.com\/blog\/wp-content\/uploads\/2025\/02\/Surf-el-portet-Moraira-300x150.jpg 300w, https:\/\/www.ontravelholidayrentals.com\/blog\/wp-content\/uploads\/2025\/02\/Surf-el-portet-Moraira-1024x512.jpg 1024w, https:\/\/www.ontravelholidayrentals.com\/blog\/wp-content\/uploads\/2025\/02\/Surf-el-portet-Moraira-768x384.jpg 768w, https:\/\/www.ontravelholidayrentals.com\/blog\/wp-content\/uploads\/2025\/02\/Surf-el-portet-Moraira-1536x768.jpg 1536w\" sizes=\"(max-width: 1732px) 100vw, 1732px\" \/>\t\t\t\t\t\t\t\t\t\t\t\t\t\t\t<\/div>\n\t\t\t\t<\/div>\n\t\t\t\t\t<\/div>\n\t\t\t\t<\/div>\n\t\t<div class=\"elementor-element elementor-element-26a29323 e-flex e-con-boxed e-con e-parent\" data-id=\"26a29323\" data-element_type=\"container\" data-e-type=\"container\">\n\t\t\t\t\t<div class=\"e-con-inner\">\n\t\t\t\t<div class=\"elementor-element elementor-element-477c245f elementor-widget elementor-widget-heading\" data-id=\"477c245f\" data-element_type=\"widget\" data-e-type=\"widget\" data-widget_type=\"heading.default\">\n\t\t\t\t<div class=\"elementor-widget-container\">\n\t\t\t\t\t<h2 class=\"elementor-heading-title elementor-size-default\">Vous ne savez pas comment vous rendre \u00e0 El Portet \u00e0 Moraira ? Nous vous guidons  \n<\/h2>\t\t\t\t<\/div>\n\t\t\t\t<\/div>\n\t\t\t\t<div class=\"elementor-element elementor-element-153aa2fd elementor-widget elementor-widget-text-editor\" data-id=\"153aa2fd\" data-element_type=\"widget\" data-e-type=\"widget\" data-widget_type=\"text-editor.default\">\n\t\t\t\t<div class=\"elementor-widget-container\">\n\t\t\t\t\t\t\t\t\t<p><span style=\"font-weight: 400;\">Nous n&rsquo;allons pas vous mentir, <\/span><b>ce n&rsquo;est pas si compliqu\u00e9 d&rsquo;arriver \u00e0 cette plage.<\/b><span style=\"font-weight: 400;\"> Mais ce que nous voulons, c&rsquo;est vous donner toutes les options d&rsquo;acc\u00e8s pour que vous puissiez planifier votre itin\u00e9raire \u00e0 l&rsquo;avance. <\/span>  <\/p><p><span style=\"font-weight: 400;\">La premi\u00e8re chose que vous devez savoir est que ce petit paradis <\/span><b>est situ\u00e9 \u00e0 seulement 2 kilom\u00e8tres du centre de Moraira<\/b><span style=\"font-weight: 400;\">. Une fois que vous \u00eates en ville, vous pouvez y arriver en voiture ou en transport en commun, ou m\u00eame \u00e0 pied si vous avez envie de vous promener.  <\/span><\/p><p><span style=\"font-weight: 400;\">Si vous voyagez en voiture \u00e0 Moraira depuis Alicante, <\/span><b>vous pouvez emprunter l&rsquo;autoroute A-7 en direction de Valence, sortir \u00e0 la sortie 63 en direction de Teulada et suivre les panneaux vers Moraira. <\/b>  <span style=\"font-weight: 400;\">Une fois sur place, il vous suffit de prendre l&rsquo;Avenue del Portet, une route c\u00f4ti\u00e8re bien indiqu\u00e9e qui vous m\u00e8nera directement \u00e0 la plage. Si vous venez de Madrid, vous devrez emprunter l&rsquo;A-3 en direction de Valence, puis bifurquer sur l&rsquo;AP-7 en direction d&rsquo;Alicante, en prenant la m\u00eame sortie.  <\/span><\/p>\t\t\t\t\t\t\t\t<\/div>\n\t\t\t\t<\/div>\n\t\t\t\t\t<\/div>\n\t\t\t\t<\/div>\n\t\t<div class=\"elementor-element elementor-element-4d60c99 e-flex e-con-boxed e-con e-parent\" data-id=\"4d60c99\" data-element_type=\"container\" data-e-type=\"container\">\n\t\t\t\t\t<div class=\"e-con-inner\">\n\t\t<div class=\"elementor-element elementor-element-84a7997 e-con-full e-flex e-con e-child\" data-id=\"84a7997\" data-element_type=\"container\" data-e-type=\"container\">\n\t\t\t\t<div class=\"elementor-element elementor-element-b989505 elementor-widget elementor-widget-text-editor\" data-id=\"b989505\" data-element_type=\"widget\" data-e-type=\"widget\" data-widget_type=\"text-editor.default\">\n\t\t\t\t<div class=\"elementor-widget-container\">\n\t\t\t\t\t\t\t\t\t<p><b style=\"color: var( --e-global-color-text ); font-family: var( --e-global-typography-text-font-family ), Sans-serif; font-size: var( --e-global-typography-text-font-size ); text-align: var(--text-align); letter-spacing: -0.1px; background-color: var(--wp--preset--color--base);\">Veuillez noter que le stationnement est limit\u00e9<\/b><span style=\"color: var( --e-global-color-text ); font-family: var( --e-global-typography-text-font-family ), Sans-serif; font-size: var( --e-global-typography-text-font-size ); font-weight: var( --e-global-typography-text-font-weight ); text-align: var(--text-align); letter-spacing: -0.1px; background-color: var(--wp--preset--color--base);\">, en particulier durant la haute saison, aussi il est recommand\u00e9 d&rsquo;arriver t\u00f4t pour obtenir une bonne place sur la plage.<\/span><\/p><p><span style=\"font-weight: 400;\">En transport en commun, il existe des liaisons par autobus depuis Alicante et Valence. <\/span><b>De Madrid, vous pouvez prendre un train \u00e0 grande vitesse (AVE) de Madrid \u00e0 Alicante <\/b><span style=\"font-weight: 400;\">(environ 2 heures et 30 minutes). Depuis Alicante, vous pouvez prendre un autobus pour Moraira avec une correspondance \u00e0 Calpe ou D\u00e9nia.  <\/span><\/p><p><span style=\"font-weight: 400;\">Si vous r\u00e9sidez \u00e0 une distance plus importante ou si vous ne souhaitez simplement pas conduire, <\/span><b>vous avez toujours la possibilit\u00e9 de prendre un vol \u00e0 destination de l&rsquo;a\u00e9roport d&rsquo;Alicante-Elche<\/b><span style=\"font-weight: 400;\"> et de louer une voiture ou de prendre un autobus pour Moraira.<\/span><\/p>\t\t\t\t\t\t\t\t<\/div>\n\t\t\t\t<\/div>\n\t\t\t\t<\/div>\n\t\t<div class=\"elementor-element elementor-element-3e292fe e-con-full e-flex e-con e-child\" data-id=\"3e292fe\" data-element_type=\"container\" data-e-type=\"container\">\n\t\t\t\t<div class=\"elementor-element elementor-element-d9c3721 elementor-widget elementor-widget-google_maps\" data-id=\"d9c3721\" data-element_type=\"widget\" data-e-type=\"widget\" data-widget_type=\"google_maps.default\">\n\t\t\t\t<div class=\"elementor-widget-container\">\n\t\t\t\t\t\t\t<div class=\"elementor-custom-embed\">\n\t\t\t<iframe loading=\"lazy\"\n\t\t\t\t\tsrc=\"https:\/\/maps.google.com\/maps?q=el%20portet%20moraira&#038;t=m&#038;z=10&#038;output=embed&#038;iwloc=near\"\n\t\t\t\t\ttitle=\"el portet moraira\"\n\t\t\t\t\taria-label=\"el portet moraira\"\n\t\t\t><\/iframe>\n\t\t<\/div>\n\t\t\t\t\t\t<\/div>\n\t\t\t\t<\/div>\n\t\t\t\t<\/div>\n\t\t\t\t\t<\/div>\n\t\t\t\t<\/div>\n\t\t<div class=\"elementor-element elementor-element-f62d40a e-flex e-con-boxed e-con e-parent\" data-id=\"f62d40a\" data-element_type=\"container\" data-e-type=\"container\">\n\t\t\t\t\t<div class=\"e-con-inner\">\n\t\t\t\t<div class=\"elementor-element elementor-element-da5e1a2 elementor-widget elementor-widget-heading\" data-id=\"da5e1a2\" data-element_type=\"widget\" data-e-type=\"widget\" data-widget_type=\"heading.default\">\n\t\t\t\t<div class=\"elementor-widget-container\">\n\t\t\t\t\t<h2 class=\"elementor-heading-title elementor-size-default\">Activit\u00e9s \u00e0 Moraira et ses environs \n<\/h2>\t\t\t\t<\/div>\n\t\t\t\t<\/div>\n\t\t\t\t<div class=\"elementor-element elementor-element-82c7bd5 elementor-widget elementor-widget-text-editor\" data-id=\"82c7bd5\" data-element_type=\"widget\" data-e-type=\"widget\" data-widget_type=\"text-editor.default\">\n\t\t\t\t<div class=\"elementor-widget-container\">\n\t\t\t\t\t\t\t\t\t<p><span style=\"font-weight: 400;\">Outre la visite de la crique d&rsquo;El Portet \u00e0 Moraira, vous pouvez \u00e9galement explorer d&rsquo;autres destinations ou activit\u00e9s touristiques :<\/span><\/p><ul><li style=\"font-weight: 400;\" aria-level=\"1\"><b>D\u00e9couvrez la crique de Moraig,<\/b><span style=\"font-weight: 400;\"> r\u00e9put\u00e9e pour ses falaises \u00e0 couper le souffle, la Grotte des Arches, et la plage de l&rsquo;Ampolla, id\u00e9ale si vous souhaitez vous y rendre en famille.<\/span><\/li><li style=\"font-weight: 400;\" aria-level=\"1\"><b>Participez \u00e0 une excursion en kayak<\/b><span style=\"font-weight: 400;\"> jusqu&rsquo;\u00e0 la Grotte aux Poissons ou la Crique de Testos, o\u00f9 vous pourrez vous d\u00e9lecter de ses eaux turquoise et explorer ses magnifiques fonds marins.<\/span>  <\/li><li style=\"font-weight: 400;\" aria-level=\"1\"><b>Visitez le centre historique,<\/b><span style=\"font-weight: 400;\"> en d\u00e9ambulant dans les rues d&rsquo;une ville emplie de maisons blanches, de boutiques locales et de caf\u00e9s \u00e0 l&rsquo;essence purement m\u00e9diterran\u00e9enne.<\/span>  <\/li><\/ul><p><b>D\u00e9couvrez le Ch\u00e2teau de Moraira,<\/b><span style=\"font-weight: 400;\"> un point de vue privil\u00e9gi\u00e9 sur la mer qui servait de forteresse contre l&rsquo;invasion musulmane au XVIIIe si\u00e8cle.<\/span><\/p>\t\t\t\t\t\t\t\t<\/div>\n\t\t\t\t<\/div>\n\t\t\t\t\t<\/div>\n\t\t\t\t<\/div>\n\t\t<div class=\"elementor-element elementor-element-45192b3 e-flex e-con-boxed e-con e-parent\" data-id=\"45192b3\" data-element_type=\"container\" data-e-type=\"container\">\n\t\t\t\t\t<div class=\"e-con-inner\">\n\t\t\t\t<div class=\"elementor-element elementor-element-e7b16bf elementor-widget elementor-widget-heading\" data-id=\"e7b16bf\" data-element_type=\"widget\" data-e-type=\"widget\" data-widget_type=\"heading.default\">\n\t\t\t\t<div class=\"elementor-widget-container\">\n\t\t\t\t\t<h2 class=\"elementor-heading-title elementor-size-default\">Profitez d'El Portet et de Moraira comme jamais auparavant\n<\/h2>\t\t\t\t<\/div>\n\t\t\t\t<\/div>\n\t\t\t\t<div class=\"elementor-element elementor-element-8e48205 elementor-widget elementor-widget-text-editor\" data-id=\"8e48205\" data-element_type=\"widget\" data-e-type=\"widget\" data-widget_type=\"text-editor.default\">\n\t\t\t\t<div class=\"elementor-widget-container\">\n\t\t\t\t\t\t\t\t\t<p><span style=\"font-weight: 400;\">Maintenant que vous \u00eates inform\u00e9 de tout ce qu&rsquo;El Portet \u00e0 Moraira peut vous offrir, il ne reste plus que l&rsquo;essentiel. Assurez-vous de disposer d&rsquo;un appartement de la meilleure qualit\u00e9 \u00e0 un prix exceptionnel.  <\/span><b>Contactez-nous pour r\u00e9server votre h\u00e9bergement \u00e0 Oliva ou Moraira <\/b><span style=\"font-weight: 400;\">avant qu&rsquo;ils ne soient tous pris et venez d\u00e9couvrir ce paradis m\u00e9diterran\u00e9en.<\/span><\/p>\t\t\t\t\t\t\t\t<\/div>\n\t\t\t\t<\/div>\n\t\t\t\t\t<\/div>\n\t\t\t\t<\/div>\n\t\t\t\t<\/div>\n\t\t","protected":false},"excerpt":{"rendered":"<p>El Portet \u00e0 Moraira. D\u00e9connectez-vous en vacances dans un refuge id\u00e9al Si vous \u00eates de ceux qui pensent que pour profiter d&rsquo;une plage paradisiaque digne d&rsquo;un clip musical, il faut voyager loin et prendre plusieurs avions&#8230; nous sommes l\u00e0 aujourd&rsquo;hui pour changer votre opinion. En Espagne, nous avons la chance d&rsquo;avoir d&rsquo;authentiques joyaux baln\u00e9aires plus [&hellip;]<\/p>\n","protected":false},"author":2,"featured_media":116,"comment_status":"open","ping_status":"open","sticky":false,"template":"elementor_header_footer","format":"standard","meta":{"footnotes":""},"categories":[19,31],"tags":[],"class_list":["post-140","post","type-post","status-publish","format-standard","has-post-thumbnail","hentry","category-moraira","category-moraira-fr"],"yoast_head":"<!-- This site is optimized with the Yoast SEO plugin v25.2 - https:\/\/yoast.com\/wordpress\/plugins\/seo\/ -->\n<title>El Portet \u00e0 Moraira. D\u00e9connectez-vous en vacances dans un refuge id\u00e9al - Blog<\/title>\n<meta name=\"description\" content=\"Exp\u00e9rimentez la tranquillit\u00e9 d&#039;El Portet, \u00e0 Moraira. Profitez de ses plages et de son atmosph\u00e8re d\u00e9tendue. Venez d\u00e9couvrir ce magnifique coin !\" \/>\n<meta name=\"robots\" content=\"index, follow, max-snippet:-1, max-image-preview:large, max-video-preview:-1\" \/>\n<link rel=\"canonical\" href=\"https:\/\/www.ontravelholidayrentals.com\/blog\/fr\/portet-moraira\/\" \/>\n<meta property=\"og:locale\" content=\"fr_FR\" \/>\n<meta property=\"og:type\" content=\"article\" \/>\n<meta property=\"og:title\" content=\"El Portet \u00e0 Moraira. D\u00e9connectez-vous en vacances dans un refuge id\u00e9al - Blog\" \/>\n<meta property=\"og:description\" content=\"Exp\u00e9rimentez la tranquillit\u00e9 d&#039;El Portet, \u00e0 Moraira. Profitez de ses plages et de son atmosph\u00e8re d\u00e9tendue. Venez d\u00e9couvrir ce magnifique coin !\" \/>\n<meta property=\"og:url\" content=\"https:\/\/www.ontravelholidayrentals.com\/blog\/fr\/portet-moraira\/\" \/>\n<meta property=\"og:site_name\" content=\"Blog\" \/>\n<meta property=\"article:published_time\" content=\"2025-02-21T09:28:38+00:00\" \/>\n<meta property=\"article:modified_time\" content=\"2025-03-27T09:28:04+00:00\" \/>\n<meta property=\"og:image\" content=\"https:\/\/www.ontravelholidayrentals.com\/blog\/wp-content\/uploads\/2025\/02\/Cala-el-portet-Moraira.jpg\" \/>\n\t<meta property=\"og:image:width\" content=\"2120\" \/>\n\t<meta property=\"og:image:height\" content=\"707\" \/>\n\t<meta property=\"og:image:type\" content=\"image\/jpeg\" \/>\n<meta name=\"author\" content=\"digitalservices\" \/>\n<meta name=\"twitter:card\" content=\"summary_large_image\" \/>\n<meta name=\"twitter:label1\" content=\"\u00c9crit par\" \/>\n\t<meta name=\"twitter:data1\" content=\"digitalservices\" \/>\n\t<meta name=\"twitter:label2\" content=\"Dur\u00e9e de lecture estim\u00e9e\" \/>\n\t<meta name=\"twitter:data2\" content=\"7 minutes\" \/>\n<script type=\"application\/ld+json\" class=\"yoast-schema-graph\">{\"@context\":\"https:\/\/schema.org\",\"@graph\":[{\"@type\":\"Article\",\"@id\":\"https:\/\/www.ontravelholidayrentals.com\/blog\/fr\/portet-moraira\/#article\",\"isPartOf\":{\"@id\":\"https:\/\/www.ontravelholidayrentals.com\/blog\/fr\/portet-moraira\/\"},\"author\":{\"name\":\"digitalservices\",\"@id\":\"https:\/\/www.ontravelholidayrentals.com\/blog\/fr\/#\/schema\/person\/4a04ea6edf25d5d452068c5ab6d33eee\"},\"headline\":\"El Portet \u00e0 Moraira. D\u00e9connectez-vous en vacances dans un refuge id\u00e9al\",\"datePublished\":\"2025-02-21T09:28:38+00:00\",\"dateModified\":\"2025-03-27T09:28:04+00:00\",\"mainEntityOfPage\":{\"@id\":\"https:\/\/www.ontravelholidayrentals.com\/blog\/fr\/portet-moraira\/\"},\"wordCount\":1222,\"commentCount\":0,\"publisher\":{\"@id\":\"https:\/\/www.ontravelholidayrentals.com\/blog\/fr\/#organization\"},\"image\":{\"@id\":\"https:\/\/www.ontravelholidayrentals.com\/blog\/fr\/portet-moraira\/#primaryimage\"},\"thumbnailUrl\":\"https:\/\/www.ontravelholidayrentals.com\/blog\/wp-content\/uploads\/2025\/02\/Cala-el-portet-Moraira.jpg\",\"articleSection\":[\"Moraira\",\"Moraira\"],\"inLanguage\":\"fr-FR\",\"potentialAction\":[{\"@type\":\"CommentAction\",\"name\":\"Comment\",\"target\":[\"https:\/\/www.ontravelholidayrentals.com\/blog\/fr\/portet-moraira\/#respond\"]}]},{\"@type\":\"WebPage\",\"@id\":\"https:\/\/www.ontravelholidayrentals.com\/blog\/fr\/portet-moraira\/\",\"url\":\"https:\/\/www.ontravelholidayrentals.com\/blog\/fr\/portet-moraira\/\",\"name\":\"El Portet \u00e0 Moraira. D\u00e9connectez-vous en vacances dans un refuge id\u00e9al - Blog\",\"isPartOf\":{\"@id\":\"https:\/\/www.ontravelholidayrentals.com\/blog\/fr\/#website\"},\"primaryImageOfPage\":{\"@id\":\"https:\/\/www.ontravelholidayrentals.com\/blog\/fr\/portet-moraira\/#primaryimage\"},\"image\":{\"@id\":\"https:\/\/www.ontravelholidayrentals.com\/blog\/fr\/portet-moraira\/#primaryimage\"},\"thumbnailUrl\":\"https:\/\/www.ontravelholidayrentals.com\/blog\/wp-content\/uploads\/2025\/02\/Cala-el-portet-Moraira.jpg\",\"datePublished\":\"2025-02-21T09:28:38+00:00\",\"dateModified\":\"2025-03-27T09:28:04+00:00\",\"description\":\"Exp\u00e9rimentez la tranquillit\u00e9 d'El Portet, \u00e0 Moraira. Profitez de ses plages et de son atmosph\u00e8re d\u00e9tendue. Venez d\u00e9couvrir ce magnifique coin !\",\"breadcrumb\":{\"@id\":\"https:\/\/www.ontravelholidayrentals.com\/blog\/fr\/portet-moraira\/#breadcrumb\"},\"inLanguage\":\"fr-FR\",\"potentialAction\":[{\"@type\":\"ReadAction\",\"target\":[\"https:\/\/www.ontravelholidayrentals.com\/blog\/fr\/portet-moraira\/\"]}]},{\"@type\":\"ImageObject\",\"inLanguage\":\"fr-FR\",\"@id\":\"https:\/\/www.ontravelholidayrentals.com\/blog\/fr\/portet-moraira\/#primaryimage\",\"url\":\"https:\/\/www.ontravelholidayrentals.com\/blog\/wp-content\/uploads\/2025\/02\/Cala-el-portet-Moraira.jpg\",\"contentUrl\":\"https:\/\/www.ontravelholidayrentals.com\/blog\/wp-content\/uploads\/2025\/02\/Cala-el-portet-Moraira.jpg\",\"width\":2120,\"height\":707,\"caption\":\"Cala El Portet beach in Moraira Alicante Teulada Mediterranean of Spain\"},{\"@type\":\"BreadcrumbList\",\"@id\":\"https:\/\/www.ontravelholidayrentals.com\/blog\/fr\/portet-moraira\/#breadcrumb\",\"itemListElement\":[{\"@type\":\"ListItem\",\"position\":1,\"name\":\"Portada\",\"item\":\"https:\/\/www.ontravelholidayrentals.com\/blog\/fr\/\"},{\"@type\":\"ListItem\",\"position\":2,\"name\":\"El Portet \u00e0 Moraira. D\u00e9connectez-vous en vacances dans un refuge id\u00e9al\"}]},{\"@type\":\"WebSite\",\"@id\":\"https:\/\/www.ontravelholidayrentals.com\/blog\/fr\/#website\",\"url\":\"https:\/\/www.ontravelholidayrentals.com\/blog\/fr\/\",\"name\":\"Blog\",\"description\":\"Ontravelholidayrentals\",\"publisher\":{\"@id\":\"https:\/\/www.ontravelholidayrentals.com\/blog\/fr\/#organization\"},\"potentialAction\":[{\"@type\":\"SearchAction\",\"target\":{\"@type\":\"EntryPoint\",\"urlTemplate\":\"https:\/\/www.ontravelholidayrentals.com\/blog\/fr\/?s={search_term_string}\"},\"query-input\":{\"@type\":\"PropertyValueSpecification\",\"valueRequired\":true,\"valueName\":\"search_term_string\"}}],\"inLanguage\":\"fr-FR\"},{\"@type\":\"Organization\",\"@id\":\"https:\/\/www.ontravelholidayrentals.com\/blog\/fr\/#organization\",\"name\":\"Blog\",\"url\":\"https:\/\/www.ontravelholidayrentals.com\/blog\/fr\/\",\"logo\":{\"@type\":\"ImageObject\",\"inLanguage\":\"fr-FR\",\"@id\":\"https:\/\/www.ontravelholidayrentals.com\/blog\/fr\/#\/schema\/logo\/image\/\",\"url\":\"https:\/\/www.ontravelholidayrentals.com\/blog\/wp-content\/uploads\/2025\/02\/logo-oliva-nova.webp\",\"contentUrl\":\"https:\/\/www.ontravelholidayrentals.com\/blog\/wp-content\/uploads\/2025\/02\/logo-oliva-nova.webp\",\"width\":2454,\"height\":875,\"caption\":\"Blog\"},\"image\":{\"@id\":\"https:\/\/www.ontravelholidayrentals.com\/blog\/fr\/#\/schema\/logo\/image\/\"}},{\"@type\":\"Person\",\"@id\":\"https:\/\/www.ontravelholidayrentals.com\/blog\/fr\/#\/schema\/person\/4a04ea6edf25d5d452068c5ab6d33eee\",\"name\":\"digitalservices\",\"image\":{\"@type\":\"ImageObject\",\"inLanguage\":\"fr-FR\",\"@id\":\"https:\/\/www.ontravelholidayrentals.com\/blog\/fr\/#\/schema\/person\/image\/\",\"url\":\"https:\/\/secure.gravatar.com\/avatar\/af30f88a1904294c1f3eb09a9d7903eec4ffa18fa2cf40c28a8681014ecdfc20?s=96&d=mm&r=g\",\"contentUrl\":\"https:\/\/secure.gravatar.com\/avatar\/af30f88a1904294c1f3eb09a9d7903eec4ffa18fa2cf40c28a8681014ecdfc20?s=96&d=mm&r=g\",\"caption\":\"digitalservices\"},\"url\":\"https:\/\/www.ontravelholidayrentals.com\/blog\/fr\/author\/digitalservices\/\"}]}<\/script>\n<!-- \/ Yoast SEO plugin. -->","yoast_head_json":{"title":"El Portet \u00e0 Moraira. D\u00e9connectez-vous en vacances dans un refuge id\u00e9al - Blog","description":"Exp\u00e9rimentez la tranquillit\u00e9 d'El Portet, \u00e0 Moraira. Profitez de ses plages et de son atmosph\u00e8re d\u00e9tendue. Venez d\u00e9couvrir ce magnifique coin !","robots":{"index":"index","follow":"follow","max-snippet":"max-snippet:-1","max-image-preview":"max-image-preview:large","max-video-preview":"max-video-preview:-1"},"canonical":"https:\/\/www.ontravelholidayrentals.com\/blog\/fr\/portet-moraira\/","og_locale":"fr_FR","og_type":"article","og_title":"El Portet \u00e0 Moraira. D\u00e9connectez-vous en vacances dans un refuge id\u00e9al - Blog","og_description":"Exp\u00e9rimentez la tranquillit\u00e9 d'El Portet, \u00e0 Moraira. Profitez de ses plages et de son atmosph\u00e8re d\u00e9tendue. Venez d\u00e9couvrir ce magnifique coin !","og_url":"https:\/\/www.ontravelholidayrentals.com\/blog\/fr\/portet-moraira\/","og_site_name":"Blog","article_published_time":"2025-02-21T09:28:38+00:00","article_modified_time":"2025-03-27T09:28:04+00:00","og_image":[{"width":2120,"height":707,"url":"https:\/\/www.ontravelholidayrentals.com\/blog\/wp-content\/uploads\/2025\/02\/Cala-el-portet-Moraira.jpg","type":"image\/jpeg"}],"author":"digitalservices","twitter_card":"summary_large_image","twitter_misc":{"\u00c9crit par":"digitalservices","Dur\u00e9e de lecture estim\u00e9e":"7 minutes"},"schema":{"@context":"https:\/\/schema.org","@graph":[{"@type":"Article","@id":"https:\/\/www.ontravelholidayrentals.com\/blog\/fr\/portet-moraira\/#article","isPartOf":{"@id":"https:\/\/www.ontravelholidayrentals.com\/blog\/fr\/portet-moraira\/"},"author":{"name":"digitalservices","@id":"https:\/\/www.ontravelholidayrentals.com\/blog\/fr\/#\/schema\/person\/4a04ea6edf25d5d452068c5ab6d33eee"},"headline":"El Portet \u00e0 Moraira. D\u00e9connectez-vous en vacances dans un refuge id\u00e9al","datePublished":"2025-02-21T09:28:38+00:00","dateModified":"2025-03-27T09:28:04+00:00","mainEntityOfPage":{"@id":"https:\/\/www.ontravelholidayrentals.com\/blog\/fr\/portet-moraira\/"},"wordCount":1222,"commentCount":0,"publisher":{"@id":"https:\/\/www.ontravelholidayrentals.com\/blog\/fr\/#organization"},"image":{"@id":"https:\/\/www.ontravelholidayrentals.com\/blog\/fr\/portet-moraira\/#primaryimage"},"thumbnailUrl":"https:\/\/www.ontravelholidayrentals.com\/blog\/wp-content\/uploads\/2025\/02\/Cala-el-portet-Moraira.jpg","articleSection":["Moraira","Moraira"],"inLanguage":"fr-FR","potentialAction":[{"@type":"CommentAction","name":"Comment","target":["https:\/\/www.ontravelholidayrentals.com\/blog\/fr\/portet-moraira\/#respond"]}]},{"@type":"WebPage","@id":"https:\/\/www.ontravelholidayrentals.com\/blog\/fr\/portet-moraira\/","url":"https:\/\/www.ontravelholidayrentals.com\/blog\/fr\/portet-moraira\/","name":"El Portet \u00e0 Moraira. D\u00e9connectez-vous en vacances dans un refuge id\u00e9al - Blog","isPartOf":{"@id":"https:\/\/www.ontravelholidayrentals.com\/blog\/fr\/#website"},"primaryImageOfPage":{"@id":"https:\/\/www.ontravelholidayrentals.com\/blog\/fr\/portet-moraira\/#primaryimage"},"image":{"@id":"https:\/\/www.ontravelholidayrentals.com\/blog\/fr\/portet-moraira\/#primaryimage"},"thumbnailUrl":"https:\/\/www.ontravelholidayrentals.com\/blog\/wp-content\/uploads\/2025\/02\/Cala-el-portet-Moraira.jpg","datePublished":"2025-02-21T09:28:38+00:00","dateModified":"2025-03-27T09:28:04+00:00","description":"Exp\u00e9rimentez la tranquillit\u00e9 d'El Portet, \u00e0 Moraira. Profitez de ses plages et de son atmosph\u00e8re d\u00e9tendue. Venez d\u00e9couvrir ce magnifique coin !","breadcrumb":{"@id":"https:\/\/www.ontravelholidayrentals.com\/blog\/fr\/portet-moraira\/#breadcrumb"},"inLanguage":"fr-FR","potentialAction":[{"@type":"ReadAction","target":["https:\/\/www.ontravelholidayrentals.com\/blog\/fr\/portet-moraira\/"]}]},{"@type":"ImageObject","inLanguage":"fr-FR","@id":"https:\/\/www.ontravelholidayrentals.com\/blog\/fr\/portet-moraira\/#primaryimage","url":"https:\/\/www.ontravelholidayrentals.com\/blog\/wp-content\/uploads\/2025\/02\/Cala-el-portet-Moraira.jpg","contentUrl":"https:\/\/www.ontravelholidayrentals.com\/blog\/wp-content\/uploads\/2025\/02\/Cala-el-portet-Moraira.jpg","width":2120,"height":707,"caption":"Cala El Portet beach in Moraira Alicante Teulada Mediterranean of Spain"},{"@type":"BreadcrumbList","@id":"https:\/\/www.ontravelholidayrentals.com\/blog\/fr\/portet-moraira\/#breadcrumb","itemListElement":[{"@type":"ListItem","position":1,"name":"Portada","item":"https:\/\/www.ontravelholidayrentals.com\/blog\/fr\/"},{"@type":"ListItem","position":2,"name":"El Portet \u00e0 Moraira. D\u00e9connectez-vous en vacances dans un refuge id\u00e9al"}]},{"@type":"WebSite","@id":"https:\/\/www.ontravelholidayrentals.com\/blog\/fr\/#website","url":"https:\/\/www.ontravelholidayrentals.com\/blog\/fr\/","name":"Blog","description":"Ontravelholidayrentals","publisher":{"@id":"https:\/\/www.ontravelholidayrentals.com\/blog\/fr\/#organization"},"potentialAction":[{"@type":"SearchAction","target":{"@type":"EntryPoint","urlTemplate":"https:\/\/www.ontravelholidayrentals.com\/blog\/fr\/?s={search_term_string}"},"query-input":{"@type":"PropertyValueSpecification","valueRequired":true,"valueName":"search_term_string"}}],"inLanguage":"fr-FR"},{"@type":"Organization","@id":"https:\/\/www.ontravelholidayrentals.com\/blog\/fr\/#organization","name":"Blog","url":"https:\/\/www.ontravelholidayrentals.com\/blog\/fr\/","logo":{"@type":"ImageObject","inLanguage":"fr-FR","@id":"https:\/\/www.ontravelholidayrentals.com\/blog\/fr\/#\/schema\/logo\/image\/","url":"https:\/\/www.ontravelholidayrentals.com\/blog\/wp-content\/uploads\/2025\/02\/logo-oliva-nova.webp","contentUrl":"https:\/\/www.ontravelholidayrentals.com\/blog\/wp-content\/uploads\/2025\/02\/logo-oliva-nova.webp","width":2454,"height":875,"caption":"Blog"},"image":{"@id":"https:\/\/www.ontravelholidayrentals.com\/blog\/fr\/#\/schema\/logo\/image\/"}},{"@type":"Person","@id":"https:\/\/www.ontravelholidayrentals.com\/blog\/fr\/#\/schema\/person\/4a04ea6edf25d5d452068c5ab6d33eee","name":"digitalservices","image":{"@type":"ImageObject","inLanguage":"fr-FR","@id":"https:\/\/www.ontravelholidayrentals.com\/blog\/fr\/#\/schema\/person\/image\/","url":"https:\/\/secure.gravatar.com\/avatar\/af30f88a1904294c1f3eb09a9d7903eec4ffa18fa2cf40c28a8681014ecdfc20?s=96&d=mm&r=g","contentUrl":"https:\/\/secure.gravatar.com\/avatar\/af30f88a1904294c1f3eb09a9d7903eec4ffa18fa2cf40c28a8681014ecdfc20?s=96&d=mm&r=g","caption":"digitalservices"},"url":"https:\/\/www.ontravelholidayrentals.com\/blog\/fr\/author\/digitalservices\/"}]}},"_links":{"self":[{"href":"https:\/\/www.ontravelholidayrentals.com\/blog\/fr\/wp-json\/wp\/v2\/posts\/140","targetHints":{"allow":["GET"]}}],"collection":[{"href":"https:\/\/www.ontravelholidayrentals.com\/blog\/fr\/wp-json\/wp\/v2\/posts"}],"about":[{"href":"https:\/\/www.ontravelholidayrentals.com\/blog\/fr\/wp-json\/wp\/v2\/types\/post"}],"author":[{"embeddable":true,"href":"https:\/\/www.ontravelholidayrentals.com\/blog\/fr\/wp-json\/wp\/v2\/users\/2"}],"replies":[{"embeddable":true,"href":"https:\/\/www.ontravelholidayrentals.com\/blog\/fr\/wp-json\/wp\/v2\/comments?post=140"}],"version-history":[{"count":10,"href":"https:\/\/www.ontravelholidayrentals.com\/blog\/fr\/wp-json\/wp\/v2\/posts\/140\/revisions"}],"predecessor-version":[{"id":628,"href":"https:\/\/www.ontravelholidayrentals.com\/blog\/fr\/wp-json\/wp\/v2\/posts\/140\/revisions\/628"}],"wp:featuredmedia":[{"embeddable":true,"href":"https:\/\/www.ontravelholidayrentals.com\/blog\/fr\/wp-json\/wp\/v2\/media\/116"}],"wp:attachment":[{"href":"https:\/\/www.ontravelholidayrentals.com\/blog\/fr\/wp-json\/wp\/v2\/media?parent=140"}],"wp:term":[{"taxonomy":"category","embeddable":true,"href":"https:\/\/www.ontravelholidayrentals.com\/blog\/fr\/wp-json\/wp\/v2\/categories?post=140"},{"taxonomy":"post_tag","embeddable":true,"href":"https:\/\/www.ontravelholidayrentals.com\/blog\/fr\/wp-json\/wp\/v2\/tags?post=140"}],"curies":[{"name":"wp","href":"https:\/\/api.w.org\/{rel}","templated":true}]}}