{"id":1361,"date":"2025-11-13T14:15:11","date_gmt":"2025-11-13T14:15:11","guid":{"rendered":"https:\/\/www.ontravelholidayrentals.com\/blog\/?p=1361"},"modified":"2025-11-26T08:01:22","modified_gmt":"2025-11-26T08:01:22","slug":"castell-granadella","status":"publish","type":"post","link":"https:\/\/www.ontravelholidayrentals.com\/blog\/fr\/castell-granadella\/","title":{"rendered":"Castell de la Granadella&nbsp;: histoire, vues et mer en un m\u00eame lieu"},"content":{"rendered":"\t\t<div data-elementor-type=\"wp-post\" data-elementor-id=\"1361\" class=\"elementor elementor-1361 elementor-1286\" data-elementor-post-type=\"post\">\n\t\t\t\t<div class=\"elementor-element elementor-element-3fff7b32 e-flex e-con-boxed e-con e-parent\" data-id=\"3fff7b32\" data-element_type=\"container\" data-e-type=\"container\" data-settings=\"{&quot;background_background&quot;:&quot;classic&quot;}\">\n\t\t\t\t\t<div class=\"e-con-inner\">\n\t\t\t\t<div class=\"elementor-element elementor-element-1f29cabe elementor-widget elementor-widget-heading\" data-id=\"1f29cabe\" data-element_type=\"widget\" data-e-type=\"widget\" data-widget_type=\"heading.default\">\n\t\t\t\t<div class=\"elementor-widget-container\">\n\t\t\t\t\t<h1 class=\"elementor-heading-title elementor-size-default\">Castell de la Granadella&nbsp;: histoire, vues et mer en un m\u00eame lieu<\/h1>\t\t\t\t<\/div>\n\t\t\t\t<\/div>\n\t\t\t\t\t<\/div>\n\t\t\t\t<\/div>\n\t\t<div class=\"elementor-element elementor-element-524634ff e-flex e-con-boxed e-con e-parent\" data-id=\"524634ff\" data-element_type=\"container\" data-e-type=\"container\">\n\t\t\t\t\t<div class=\"e-con-inner\">\n\t\t\t\t<div class=\"elementor-element elementor-element-4d421a37 elementor-widget elementor-widget-text-editor\" data-id=\"4d421a37\" data-element_type=\"widget\" data-e-type=\"widget\" data-widget_type=\"text-editor.default\">\n\t\t\t\t<div class=\"elementor-widget-container\">\n\t\t\t\t\t\t\t\t\t<p><b>Imaginez un endroit o\u00f9 les vagues se brisent contre les falaises<\/b><span style=\"font-weight: 400;\">, o\u00f9 l\u2019air sent le romarin et le sel, et o\u00f9 un gardien de pierre se dresse au sommet de la c\u00f4te. C\u2019est le   <\/span><b>Castell de la Granadella<\/b><span style=\"font-weight: 400;\">, un coin de X\u00e0bia qui a tout pour plaire&nbsp;: histoire, vues spectaculaires et un environnement naturel qui invite \u00e0 se perdre sans regarder l\u2019heure.<\/span><\/p><p><span style=\"font-weight: 400;\">Ce n\u2019est pas qu\u2019une simple visite, c\u2019est une exp\u00e9rience qui<\/span><b> m\u00e9lange la M\u00e9diterran\u00e9e la plus sauvage avec le calme <\/b> <span style=\"font-weight: 400;\">que l\u2019on ne trouve que dans les endroits qui semblent hors du temps. D\u00e9couvrez-la avec nous&nbsp;! <\/span><\/p>\t\t\t\t\t\t\t\t<\/div>\n\t\t\t\t<\/div>\n\t\t\t\t\t<\/div>\n\t\t\t\t<\/div>\n\t\t<div class=\"elementor-element elementor-element-9f40aa1 e-flex e-con-boxed e-con e-parent\" data-id=\"9f40aa1\" data-element_type=\"container\" data-e-type=\"container\">\n\t\t\t\t\t<div class=\"e-con-inner\">\n\t\t\t\t<div class=\"elementor-element elementor-element-67493a2c elementor-widget elementor-widget-table-of-contents\" data-id=\"67493a2c\" data-element_type=\"widget\" data-e-type=\"widget\" data-settings=\"{&quot;headings_by_tags&quot;:[&quot;h2&quot;,&quot;h3&quot;],&quot;exclude_headings_by_selector&quot;:[],&quot;marker_view&quot;:&quot;bullets&quot;,&quot;icon&quot;:{&quot;value&quot;:&quot;&quot;,&quot;library&quot;:&quot;&quot;},&quot;no_headings_message&quot;:&quot;No headings were found on this page.&quot;,&quot;hierarchical_view&quot;:&quot;yes&quot;,&quot;min_height&quot;:{&quot;unit&quot;:&quot;px&quot;,&quot;size&quot;:&quot;&quot;,&quot;sizes&quot;:[]},&quot;min_height_tablet&quot;:{&quot;unit&quot;:&quot;px&quot;,&quot;size&quot;:&quot;&quot;,&quot;sizes&quot;:[]},&quot;min_height_mobile&quot;:{&quot;unit&quot;:&quot;px&quot;,&quot;size&quot;:&quot;&quot;,&quot;sizes&quot;:[]}}\" data-widget_type=\"table-of-contents.default\">\n\t\t\t\t<div class=\"elementor-widget-container\">\n\t\t\t\t\t\t\t\t\t<div class=\"elementor-toc__header\">\n\t\t\t\t\t\t<div class=\"elementor-toc__header-title\">\n\t\t\t\tSommaire\t\t\t<\/div>\n\t\t\t\t\t\t\t\t<\/div>\n\t\t\t\t<div id=\"elementor-toc__67493a2c\" class=\"elementor-toc__body\">\n\t\t\t<div class=\"elementor-toc__spinner-container\">\n\t\t\t\t<svg class=\"elementor-toc__spinner eicon-animation-spin e-font-icon-svg e-eicon-loading\" aria-hidden=\"true\" viewBox=\"0 0 1000 1000\" xmlns=\"http:\/\/www.w3.org\/2000\/svg\"><path d=\"M500 975V858C696 858 858 696 858 500S696 142 500 142 142 304 142 500H25C25 237 238 25 500 25S975 237 975 500 763 975 500 975Z\"><\/path><\/svg>\t\t\t<\/div>\n\t\t<\/div>\n\t\t\t\t\t\t<\/div>\n\t\t\t\t<\/div>\n\t\t\t\t\t<\/div>\n\t\t\t\t<\/div>\n\t\t<div class=\"elementor-element elementor-element-60ef7573 e-flex e-con-boxed e-con e-parent\" data-id=\"60ef7573\" data-element_type=\"container\" data-e-type=\"container\">\n\t\t\t\t\t<div class=\"e-con-inner\">\n\t\t\t\t<div class=\"elementor-element elementor-element-5380cf84 elementor-widget elementor-widget-heading\" data-id=\"5380cf84\" data-element_type=\"widget\" data-e-type=\"widget\" data-widget_type=\"heading.default\">\n\t\t\t\t<div class=\"elementor-widget-container\">\n\t\t\t\t\t<h2 class=\"elementor-heading-title elementor-size-default\">Histoire et architecture qui racontent des si\u00e8cles de d\u00e9fense c\u00f4ti\u00e8re\n<\/h2>\t\t\t\t<\/div>\n\t\t\t\t<\/div>\n\t\t\t\t\t<\/div>\n\t\t\t\t<\/div>\n\t\t<div class=\"elementor-element elementor-element-7051732 e-flex e-con-boxed e-con e-parent\" data-id=\"7051732\" data-element_type=\"container\" data-e-type=\"container\">\n\t\t\t\t\t<div class=\"e-con-inner\">\n\t\t<div class=\"elementor-element elementor-element-438f41b e-con-full e-flex e-con e-child\" data-id=\"438f41b\" data-element_type=\"container\" data-e-type=\"container\">\n\t\t\t\t<div class=\"elementor-element elementor-element-1e151a4a elementor-widget elementor-widget-text-editor\" data-id=\"1e151a4a\" data-element_type=\"widget\" data-e-type=\"widget\" data-widget_type=\"text-editor.default\">\n\t\t\t\t<div class=\"elementor-widget-container\">\n\t\t\t\t\t\t\t\t\t<p><span style=\"font-weight: 400;\">Le <\/span><b>Castell de la Granadella<\/b><span style=\"font-weight: 400;\">  n\u2019est pas un ch\u00e2teau de conte de f\u00e9es avec des tours, des cachots ou des princesses. C\u2019est une humble fortification du   <\/span><b>XVIIIe&nbsp;si\u00e8cle<\/b><span style=\"font-weight: 400;\">, construite pour <\/span><b>surveiller la c\u00f4te contre les attaques de pirates et de corsaires<\/b><span style=\"font-weight: 400;\"> qui r\u00f4daient en M\u00e9diterran\u00e9e.<\/span><\/p><p><span style=\"font-weight: 400;\">\u00c9rig\u00e9 en pierre de taille locale, il conserve un <\/span><b>plan trap\u00e9zo\u00efdal et deux tours semi-circulaires<\/b><span style=\"font-weight: 400;\">  qui flanquaient son entr\u00e9e. Bien que le temps et le vent aient laiss\u00e9 leur empreinte, il reste un t\u00e9moin ferme de cette \u00e9poque. <\/span><\/p><p><span style=\"font-weight: 400;\">Chaque pierre a une histoire et chaque fissure rappelle une bataille. Aujourd\u2019hui, ce pass\u00e9 c\u00f4toie les randonneurs et les curieux qui viennent chercher   <\/span><b>le panorama parfait ou une photo qui capture l\u2019essence du lieu<\/b><span style=\"font-weight: 400;\">. Et si vous vous laissez emporter par votre imagination, vous pouvez encore entendre l\u2019\u00e9cho de la mer m\u00eal\u00e9 au son des anciens guetteurs qui d\u00e9fendaient cette c\u00f4te.<\/span><\/p>\t\t\t\t\t\t\t\t<\/div>\n\t\t\t\t<\/div>\n\t\t\t\t<\/div>\n\t\t<div class=\"elementor-element elementor-element-520526c e-con-full e-flex e-con e-child\" data-id=\"520526c\" data-element_type=\"container\" data-e-type=\"container\">\n\t\t\t\t<div class=\"elementor-element elementor-element-25311e1 elementor-widget elementor-widget-google_maps\" data-id=\"25311e1\" data-element_type=\"widget\" data-e-type=\"widget\" data-widget_type=\"google_maps.default\">\n\t\t\t\t<div class=\"elementor-widget-container\">\n\t\t\t\t\t\t\t<div class=\"elementor-custom-embed\">\n\t\t\t<iframe loading=\"lazy\"\n\t\t\t\t\tsrc=\"https:\/\/maps.google.com\/maps?q=castell%20granadella%20xabia&#038;t=m&#038;z=10&#038;output=embed&#038;iwloc=near\"\n\t\t\t\t\ttitle=\"castell granadella xabia\"\n\t\t\t\t\taria-label=\"castell granadella xabia\"\n\t\t\t><\/iframe>\n\t\t<\/div>\n\t\t\t\t\t\t<\/div>\n\t\t\t\t<\/div>\n\t\t\t\t<\/div>\n\t\t\t\t\t<\/div>\n\t\t\t\t<\/div>\n\t\t<div class=\"elementor-element elementor-element-5f396b3 e-flex e-con-boxed e-con e-parent\" data-id=\"5f396b3\" data-element_type=\"container\" data-e-type=\"container\">\n\t\t\t\t\t<div class=\"e-con-inner\">\n\t\t\t\t<div class=\"elementor-element elementor-element-ac6497e elementor-widget elementor-widget-heading\" data-id=\"ac6497e\" data-element_type=\"widget\" data-e-type=\"widget\" data-widget_type=\"heading.default\">\n\t\t\t\t<div class=\"elementor-widget-container\">\n\t\t\t\t\t<h2 class=\"elementor-heading-title elementor-size-default\">Points de vue et itin\u00e9raires de randonn\u00e9e avec des panoramas uniques\n<\/h2>\t\t\t\t<\/div>\n\t\t\t\t<\/div>\n\t\t\t\t<div class=\"elementor-element elementor-element-bb836a9 elementor-widget elementor-widget-text-editor\" data-id=\"bb836a9\" data-element_type=\"widget\" data-e-type=\"widget\" data-widget_type=\"text-editor.default\">\n\t\t\t\t<div class=\"elementor-widget-container\">\n\t\t\t\t\t\t\t\t\t<p><span style=\"font-weight: 400;\">Arriver au <\/span><b>point de vue du Castell de la Granadella<\/b><span style=\"font-weight: 400;\"> est une exp\u00e9rience qui m\u00e9lange <\/span><b>aventure, paysage et r\u00e9compense visuelle<\/b><span style=\"font-weight: 400;\">. Le parcours n\u2019est pas long, mais les c\u00f4tes vous rappelleront que la vue finale se m\u00e9rite.<\/span><\/p><p><span style=\"font-weight: 400;\">Le chemin serpente entre les pins, les romarins et les iris sauvages, tandis que la mer appara\u00eet et dispara\u00eet entre les falaises.<\/span><\/p><p><span style=\"font-weight: 400;\">Lorsque vous arrivez en haut, l\u2019effort s\u2019estompe&nbsp;: <\/span><b>un immense tapis bleu se fond avec le ciel<\/b><span style=\"font-weight: 400;\">, et la Cala de la Granadella brille au fond comme un joyau. C\u2019est le moment de s\u2019arr\u00eater, de respirer profond\u00e9ment et de comprendre pourquoi tant de gens r\u00e9p\u00e8tent la visite. <\/span><\/p><p><span style=\"font-weight: 400;\">Si vous aimez marcher avec un but, la <\/span><b>route circulaire du Castell de la Granadella<\/b><span style=\"font-weight: 400;\">  combine histoire et nature \u00e0 parts \u00e9gales. Chaque courbe, chaque pierre du sentier semble plac\u00e9e pour vous offrir une nouvelle carte postale de la M\u00e9diterran\u00e9e. <\/span><\/p>\t\t\t\t\t\t\t\t<\/div>\n\t\t\t\t<\/div>\n\t\t\t\t<div class=\"elementor-element elementor-element-f2420f3 elementor-widget elementor-widget-image\" data-id=\"f2420f3\" data-element_type=\"widget\" data-e-type=\"widget\" data-widget_type=\"image.default\">\n\t\t\t\t<div class=\"elementor-widget-container\">\n\t\t\t\t\t\t\t\t\t\t\t\t\t\t\t<img decoding=\"async\" src=\"https:\/\/www.ontravelholidayrentals.com\/blog\/wp-content\/uploads\/elementor\/thumbs\/castillo-de-la-granadella-javea-rendudzgrdli9bqlchtgymfipyoesz1by53b255awg.webp\" title=\"castillo-de-la-granadella-javea\" alt=\"castillo-de-la-granadella-javea\" loading=\"lazy\" \/>\t\t\t\t\t\t\t\t\t\t\t\t\t\t\t<\/div>\n\t\t\t\t<\/div>\n\t\t\t\t\t<\/div>\n\t\t\t\t<\/div>\n\t\t<div class=\"elementor-element elementor-element-d99e234 e-flex e-con-boxed e-con e-parent\" data-id=\"d99e234\" data-element_type=\"container\" data-e-type=\"container\">\n\t\t\t\t\t<div class=\"e-con-inner\">\n\t\t\t\t<div class=\"elementor-element elementor-element-88292b8 elementor-widget elementor-widget-heading\" data-id=\"88292b8\" data-element_type=\"widget\" data-e-type=\"widget\" data-widget_type=\"heading.default\">\n\t\t\t\t<div class=\"elementor-widget-container\">\n\t\t\t\t\t<h2 class=\"elementor-heading-title elementor-size-default\">Notez ces conseils pratiques pour profiter de la visite sans encombre\n<\/h2>\t\t\t\t<\/div>\n\t\t\t\t<\/div>\n\t\t\t\t<div class=\"elementor-element elementor-element-6fb9ae7 elementor-widget elementor-widget-text-editor\" data-id=\"6fb9ae7\" data-element_type=\"widget\" data-e-type=\"widget\" data-widget_type=\"text-editor.default\">\n\t\t\t\t<div class=\"elementor-widget-container\">\n\t\t\t\t\t\t\t\t\t<ul><li><span style=\"font-weight: 400;\">Pour profiter du Castell comme il se doit, portez des <\/span><b>chaussures confortables<\/b><span style=\"font-weight: 400;\"> et des <\/span><b>v\u00eatements l\u00e9gers<\/b><span style=\"font-weight: 400;\">. Le terrain comporte des tron\u00e7ons pierreux et le soleil, surtout en \u00e9t\u00e9, ne pardonne pas.<\/span><\/li><li><span style=\"font-weight: 400;\">\u00c9vitez les heures centrales de la journ\u00e9e, emportez <\/span><b>suffisamment d\u2019eau et de cr\u00e8me solaire<\/b><span style=\"font-weight: 400;\">. Ici, la M\u00e9diterran\u00e9e ne se contente pas de briller, elle chauffe aussi avec envie.<\/span><\/li><li><span style=\"font-weight: 400;\">Et, s\u2019il vous pla\u00eet, <\/span><b>prenez soin de l\u2019environnement<\/b><span style=\"font-weight: 400;\">&nbsp;: ne laissez pas de d\u00e9chets et n\u2019alt\u00e9rez pas les pierres. Chaque visiteur compte pour que ce lieu reste le tr\u00e9sor qu\u2019il est. <\/span><\/li><li><span style=\"font-weight: 400;\">Une bonne astuce consiste \u00e0 y aller t\u00f4t. En plus d\u2019\u00e9viter la chaleur, vous profiterez d\u2019une   <\/span><b>lumi\u00e8re magique<\/b><span style=\"font-weight: 400;\"> qui transforme chaque recoin en une carte postale.<\/span><\/li><\/ul>\t\t\t\t\t\t\t\t<\/div>\n\t\t\t\t<\/div>\n\t\t\t\t\t<\/div>\n\t\t\t\t<\/div>\n\t\t<div class=\"elementor-element elementor-element-4db4122 e-flex e-con-boxed e-con e-parent\" data-id=\"4db4122\" data-element_type=\"container\" data-e-type=\"container\">\n\t\t\t\t\t<div class=\"e-con-inner\">\n\t\t\t\t<div class=\"elementor-element elementor-element-138cff7 elementor-widget elementor-widget-heading\" data-id=\"138cff7\" data-element_type=\"widget\" data-e-type=\"widget\" data-widget_type=\"heading.default\">\n\t\t\t\t<div class=\"elementor-widget-container\">\n\t\t\t\t\t<h2 class=\"elementor-heading-title elementor-size-default\">Plages et criques \u00e0 proximit\u00e9 pour compl\u00e9ter votre exp\u00e9rience\n<\/h2>\t\t\t\t<\/div>\n\t\t\t\t<\/div>\n\t\t\t\t<div class=\"elementor-element elementor-element-f4e2e15 elementor-widget elementor-widget-text-editor\" data-id=\"f4e2e15\" data-element_type=\"widget\" data-e-type=\"widget\" data-widget_type=\"text-editor.default\">\n\t\t\t\t<div class=\"elementor-widget-container\">\n\t\t\t\t\t\t\t\t\t<p><span style=\"font-weight: 400;\">Apr\u00e8s la randonn\u00e9e, le corps a besoin d\u2019eau. Et \u00e0 quelques minutes vous attend la   <\/span><b>Cala de la Granadella<\/b><span style=\"font-weight: 400;\">, c\u00e9l\u00e8bre pour sa couleur turquoise et cet environnement rocheux qui semble peint.<\/span><\/p><p><span style=\"font-weight: 400;\">Si vous pr\u00e9f\u00e9rez les endroits plus tranquilles, la <\/span><b>Cala Ambolo<\/b><span style=\"font-weight: 400;\"> est parfaite pour vous isoler du monde, tandis que <\/span><b>Cala Portitxol<\/b><span style=\"font-weight: 400;\"> vous vole le c\u0153ur avec ses petites maisons blanches de p\u00eacheurs.<\/span><\/p><p><span style=\"font-weight: 400;\">Le plan id\u00e9al est simple&nbsp;: <\/span><b>histoire le matin et baignade l\u2019apr\u00e8s-midi<\/b><span style=\"font-weight: 400;\">. Car s\u2019il y a bien une chose que cette r\u00e9gion a, c\u2019est la capacit\u00e9 de vous rappeler que la vie est meilleure quand on m\u00e9lange culture et eau sal\u00e9e.<\/span><\/p>\t\t\t\t\t\t\t\t<\/div>\n\t\t\t\t<\/div>\n\t\t\t\t<div class=\"elementor-element elementor-element-ff8ca37 elementor-widget elementor-widget-image\" data-id=\"ff8ca37\" data-element_type=\"widget\" data-e-type=\"widget\" data-widget_type=\"image.default\">\n\t\t\t\t<div class=\"elementor-widget-container\">\n\t\t\t\t\t\t\t\t\t\t\t\t\t\t\t<img fetchpriority=\"high\" decoding=\"async\" width=\"1200\" height=\"600\" src=\"https:\/\/www.ontravelholidayrentals.com\/blog\/wp-content\/uploads\/2025\/11\/castell-granadella.jpg\" class=\"attachment-full size-full wp-image-1340\" alt=\"\" srcset=\"https:\/\/www.ontravelholidayrentals.com\/blog\/wp-content\/uploads\/2025\/11\/castell-granadella.jpg 1200w, https:\/\/www.ontravelholidayrentals.com\/blog\/wp-content\/uploads\/2025\/11\/castell-granadella-300x150.jpg 300w, https:\/\/www.ontravelholidayrentals.com\/blog\/wp-content\/uploads\/2025\/11\/castell-granadella-1024x512.jpg 1024w, https:\/\/www.ontravelholidayrentals.com\/blog\/wp-content\/uploads\/2025\/11\/castell-granadella-768x384.jpg 768w\" sizes=\"(max-width: 1200px) 100vw, 1200px\" \/>\t\t\t\t\t\t\t\t\t\t\t\t\t\t\t<\/div>\n\t\t\t\t<\/div>\n\t\t\t\t\t<\/div>\n\t\t\t\t<\/div>\n\t\t<div class=\"elementor-element elementor-element-0de1d6b e-flex e-con-boxed e-con e-parent\" data-id=\"0de1d6b\" data-element_type=\"container\" data-e-type=\"container\">\n\t\t\t\t\t<div class=\"e-con-inner\">\n\t\t\t\t<div class=\"elementor-element elementor-element-5d5722d elementor-widget elementor-widget-heading\" data-id=\"5d5722d\" data-element_type=\"widget\" data-e-type=\"widget\" data-widget_type=\"heading.default\">\n\t\t\t\t<div class=\"elementor-widget-container\">\n\t\t\t\t\t<h2 class=\"elementor-heading-title elementor-size-default\">Essayez ces activit\u00e9s dans les environs pour vivre une journ\u00e9e compl\u00e8te\n<\/h2>\t\t\t\t<\/div>\n\t\t\t\t<\/div>\n\t\t\t\t<div class=\"elementor-element elementor-element-9487cf8 elementor-widget elementor-widget-text-editor\" data-id=\"9487cf8\" data-element_type=\"widget\" data-e-type=\"widget\" data-widget_type=\"text-editor.default\">\n\t\t\t\t<div class=\"elementor-widget-container\">\n\t\t\t\t\t\t\t\t\t<p><b>Il existe une offre pour tous les go\u00fbts<\/b><span style=\"font-weight: 400;\">, des aventuriers \u00e0 ceux qui veulent juste profiter du calme.<\/span><\/p>\t\t\t\t\t\t\t\t<\/div>\n\t\t\t\t<\/div>\n\t\t\t\t\t<\/div>\n\t\t\t\t<\/div>\n\t\t<div class=\"elementor-element elementor-element-e2ff336 e-flex e-con-boxed e-con e-parent\" data-id=\"e2ff336\" data-element_type=\"container\" data-e-type=\"container\">\n\t\t\t\t\t<div class=\"e-con-inner\">\n\t\t<div class=\"elementor-element elementor-element-f8a307a e-con-full e-flex e-con e-child\" data-id=\"f8a307a\" data-element_type=\"container\" data-e-type=\"container\">\n\t\t\t\t<div class=\"elementor-element elementor-element-f50d9a9 elementor-widget elementor-widget-heading\" data-id=\"f50d9a9\" data-element_type=\"widget\" data-e-type=\"widget\" data-widget_type=\"heading.default\">\n\t\t\t\t<div class=\"elementor-widget-container\">\n\t\t\t\t\t<h3 class=\"elementor-heading-title elementor-size-default\">Kayak et paddle surf\n<\/h3>\t\t\t\t<\/div>\n\t\t\t\t<\/div>\n\t\t\t\t<div class=\"elementor-element elementor-element-66f4053 elementor-widget elementor-widget-text-editor\" data-id=\"66f4053\" data-element_type=\"widget\" data-e-type=\"widget\" data-widget_type=\"text-editor.default\">\n\t\t\t\t<div class=\"elementor-widget-container\">\n\t\t\t\t\t\t\t\t\t<p><span style=\"font-weight: 400;\">Depuis la Cala de la Granadella, vous pouvez louer un kayak ou une planche de paddle surf pour <\/span><b>explorer les grottes marines, les falaises et les criques secr\u00e8tes<\/b><span style=\"font-weight: 400;\">. C\u2019est une fa\u00e7on diff\u00e9rente de d\u00e9couvrir la c\u00f4te, en se d\u00e9pla\u00e7ant au rythme de la mer et sans se rendre compte que l\u2019on fait de l\u2019exercice.<\/span><\/p>\t\t\t\t\t\t\t\t<\/div>\n\t\t\t\t<\/div>\n\t\t\t\t<\/div>\n\t\t<div class=\"elementor-element elementor-element-0a05322 e-con-full e-flex e-con e-child\" data-id=\"0a05322\" data-element_type=\"container\" data-e-type=\"container\">\n\t\t\t\t<div class=\"elementor-element elementor-element-b127ddb elementor-widget elementor-widget-heading\" data-id=\"b127ddb\" data-element_type=\"widget\" data-e-type=\"widget\" data-widget_type=\"heading.default\">\n\t\t\t\t<div class=\"elementor-widget-container\">\n\t\t\t\t\t<h3 class=\"elementor-heading-title elementor-size-default\">Snorkeling ou plong\u00e9e\n<\/h3>\t\t\t\t<\/div>\n\t\t\t\t<\/div>\n\t\t\t\t<div class=\"elementor-element elementor-element-6d8f4f6 elementor-widget elementor-widget-text-editor\" data-id=\"6d8f4f6\" data-element_type=\"widget\" data-e-type=\"widget\" data-widget_type=\"text-editor.default\">\n\t\t\t\t<div class=\"elementor-widget-container\">\n\t\t\t\t\t\t\t\t\t<p><span style=\"font-weight: 400;\">Les eaux de la Granadella sont si claires qu\u2019on dirait que la mer a \u00e9t\u00e9 nettoy\u00e9e pour vous accueillir. Si vous portez des lunettes de plong\u00e9e, vous d\u00e9couvrirez   <\/span><b>des poissons color\u00e9s, des posidonies et des fonds rocheux qui ressemblent \u00e0 un aquarium naturel<\/b><span style=\"font-weight: 400;\">.<\/span><\/p>\t\t\t\t\t\t\t\t<\/div>\n\t\t\t\t<\/div>\n\t\t\t\t<\/div>\n\t\t\t\t\t<\/div>\n\t\t\t\t<\/div>\n\t\t<div class=\"elementor-element elementor-element-b564224 e-flex e-con-boxed e-con e-parent\" data-id=\"b564224\" data-element_type=\"container\" data-e-type=\"container\">\n\t\t\t\t\t<div class=\"e-con-inner\">\n\t\t<div class=\"elementor-element elementor-element-4ec98a8 e-con-full e-flex e-con e-child\" data-id=\"4ec98a8\" data-element_type=\"container\" data-e-type=\"container\">\n\t\t\t\t<div class=\"elementor-element elementor-element-81c7b94 elementor-widget elementor-widget-heading\" data-id=\"81c7b94\" data-element_type=\"widget\" data-e-type=\"widget\" data-widget_type=\"heading.default\">\n\t\t\t\t<div class=\"elementor-widget-container\">\n\t\t\t\t\t<h3 class=\"elementor-heading-title elementor-size-default\">Pique-nique avec vue\n<\/h3>\t\t\t\t<\/div>\n\t\t\t\t<\/div>\n\t\t\t\t<div class=\"elementor-element elementor-element-37711c6 elementor-widget elementor-widget-text-editor\" data-id=\"37711c6\" data-element_type=\"widget\" data-e-type=\"widget\" data-widget_type=\"text-editor.default\">\n\t\t\t\t<div class=\"elementor-widget-container\">\n\t\t\t\t\t\t\t\t\t<p><span style=\"font-weight: 400;\">Rien ne vaut un pique-nique avec vue sur la mer. Montez avec votre sac \u00e0 dos, quelque chose de bon et une boisson fra\u00eeche. Depuis le point de vue du Castell, le silence et la brise rendent chaque bouch\u00e9e meilleure. Une seule r\u00e8gle&nbsp;:     <\/span><b>laissez l\u2019endroit tel que vous l\u2019avez trouv\u00e9<\/b><span style=\"font-weight: 400;\">.<\/span><\/p>\t\t\t\t\t\t\t\t<\/div>\n\t\t\t\t<\/div>\n\t\t\t\t<\/div>\n\t\t<div class=\"elementor-element elementor-element-c65b107 e-con-full e-flex e-con e-child\" data-id=\"c65b107\" data-element_type=\"container\" data-e-type=\"container\">\n\t\t\t\t<div class=\"elementor-element elementor-element-6441488 elementor-widget elementor-widget-heading\" data-id=\"6441488\" data-element_type=\"widget\" data-e-type=\"widget\" data-widget_type=\"heading.default\">\n\t\t\t\t<div class=\"elementor-widget-container\">\n\t\t\t\t\t<h3 class=\"elementor-heading-title elementor-size-default\">Parcours photographique\n<\/h3>\t\t\t\t<\/div>\n\t\t\t\t<\/div>\n\t\t\t\t<div class=\"elementor-element elementor-element-c7256d6 elementor-widget elementor-widget-text-editor\" data-id=\"c7256d6\" data-element_type=\"widget\" data-e-type=\"widget\" data-widget_type=\"text-editor.default\">\n\t\t\t\t<div class=\"elementor-widget-container\">\n\t\t\t\t\t\t\t\t\t<p><span style=\"font-weight: 400;\">Si vous aimez la photographie, pr\u00e9parez-vous \u00e0 remplir la galerie. Entre le lever du soleil dor\u00e9 et les couchers de soleil rouge\u00e2tres,   <\/span><b>chaque heure peint une M\u00e9diterran\u00e9e diff\u00e9rente<\/b><span style=\"font-weight: 400;\">. Il n\u2019est pas n\u00e9cessaire d\u2019\u00eatre un professionnel&nbsp;: ici, m\u00eame les photos improvis\u00e9es ressemblent \u00e0 des photos de magazine.<\/span><\/p>\t\t\t\t\t\t\t\t<\/div>\n\t\t\t\t<\/div>\n\t\t\t\t<\/div>\n\t\t\t\t\t<\/div>\n\t\t\t\t<\/div>\n\t\t<div class=\"elementor-element elementor-element-10774b6 e-flex e-con-boxed e-con e-parent\" data-id=\"10774b6\" data-element_type=\"container\" data-e-type=\"container\">\n\t\t\t\t\t<div class=\"e-con-inner\">\n\t\t\t\t<div class=\"elementor-element elementor-element-968bc6e elementor-widget elementor-widget-image\" data-id=\"968bc6e\" data-element_type=\"widget\" data-e-type=\"widget\" data-widget_type=\"image.default\">\n\t\t\t\t<div class=\"elementor-widget-container\">\n\t\t\t\t\t\t\t\t\t\t\t\t\t\t\t<img decoding=\"async\" width=\"1189\" height=\"595\" src=\"https:\/\/www.ontravelholidayrentals.com\/blog\/wp-content\/uploads\/2025\/11\/castillo-granadella.jpg\" class=\"attachment-full size-full wp-image-1344\" alt=\"\" srcset=\"https:\/\/www.ontravelholidayrentals.com\/blog\/wp-content\/uploads\/2025\/11\/castillo-granadella.jpg 1189w, https:\/\/www.ontravelholidayrentals.com\/blog\/wp-content\/uploads\/2025\/11\/castillo-granadella-300x150.jpg 300w, https:\/\/www.ontravelholidayrentals.com\/blog\/wp-content\/uploads\/2025\/11\/castillo-granadella-1024x512.jpg 1024w, https:\/\/www.ontravelholidayrentals.com\/blog\/wp-content\/uploads\/2025\/11\/castillo-granadella-768x384.jpg 768w\" sizes=\"(max-width: 1189px) 100vw, 1189px\" \/>\t\t\t\t\t\t\t\t\t\t\t\t\t\t\t<\/div>\n\t\t\t\t<\/div>\n\t\t\t\t\t<\/div>\n\t\t\t\t<\/div>\n\t\t<div class=\"elementor-element elementor-element-40050dc9 e-flex e-con-boxed e-con e-parent\" data-id=\"40050dc9\" data-element_type=\"container\" data-e-type=\"container\">\n\t\t\t\t\t<div class=\"e-con-inner\">\n\t\t\t\t<div class=\"elementor-element elementor-element-214bd42a elementor-widget elementor-widget-heading\" data-id=\"214bd42a\" data-element_type=\"widget\" data-e-type=\"widget\" data-widget_type=\"heading.default\">\n\t\t\t\t<div class=\"elementor-widget-container\">\n\t\t\t\t\t<h2 class=\"elementor-heading-title elementor-size-default\">Osez d\u00e9couvrir la Granadella avec les cinq sens\n<\/h2>\t\t\t\t<\/div>\n\t\t\t\t<\/div>\n\t\t\t\t<div class=\"elementor-element elementor-element-42cbd3e0 elementor-widget elementor-widget-text-editor\" data-id=\"42cbd3e0\" data-element_type=\"widget\" data-e-type=\"widget\" data-widget_type=\"text-editor.default\">\n\t\t\t\t<div class=\"elementor-widget-container\">\n\t\t\t\t\t\t\t\t\t<p><b>La Granadella ne se visite pas, elle se vit.  <\/b><span style=\"font-weight: 400;\">La vue s\u2019enivre du bleu de la mer, l\u2019ou\u00efe s\u2019emplit du murmure du vent et des vagues, l\u2019odorat capte l\u2019ar\u00f4me du pin et du romarin, le toucher sent la pierre chaude du Castell&nbsp;; et le go\u00fbt se r\u00e9serve pour une bonne paella en descendant.<\/span><\/p><p><span style=\"font-weight: 400;\">Si vous voulez faire un voyage dans le pass\u00e9 sans cesser de profiter du pr\u00e9sent, il est indispensable que vous le fassiez avec un bon h\u00e9bergement.<\/span><b> R\u00e9servez avec nous votre appartement <\/b><span style=\"font-weight: 400;\">\u00e0 Oliva, Moraira, J\u00e1vea, Benissa ou Denia et vivez des vacances au top. <\/span> <\/p>\t\t\t\t\t\t\t\t<\/div>\n\t\t\t\t<\/div>\n\t\t\t\t\t<\/div>\n\t\t\t\t<\/div>\n\t\t<div class=\"elementor-element elementor-element-7da9e5eb e-flex e-con-boxed e-con e-parent\" data-id=\"7da9e5eb\" data-element_type=\"container\" data-e-type=\"container\">\n\t\t\t\t\t<div class=\"e-con-inner\">\n\t\t\t\t<div class=\"elementor-element elementor-element-1c16fb84 elementor-widget elementor-widget-grid\" data-id=\"1c16fb84\" data-element_type=\"widget\" data-e-type=\"widget\" data-widget_type=\"grid.default\">\n\t\t\t\t<div class=\"elementor-widget-container\">\n\t\t\t\t\t\t\t<div class=\"its--row alojamientos-recomendados\">\n\n\t\t\t<div class=\"alojamientos-recomendados-container\">\n\n\t\t\t\t\t\n\t\t\t\t\t<a href=\"https:\/\/www.ontravelholidayrentals.com\/fr\/location\/villa-oliva-villa-vermeer-51-460858.html\" rel=\"nofollow\" style=\"width: 23%;\">\n\t\t\t\t\t\t<div class=\"apartamento-box\">\n\t\t\t\t\t\t\t<div class=\"imagen_recomendados\">\n\t\t\t\t\t\t\t\t<img decoding=\"async\" src=\"https:\/\/crs.avantio.com\/fotos\/2\/1703084140d3f439d9b3375a13b4f0e50afb895aaa\/big1703332585741831091dd4ad756385090fb49199ea.jpg\" alt=\"Villa Colibri by ON Travel\">\n\t\t\t\t\t\t\t<\/div>\n\t\t\t\t\t\t\t<div class=\"info\">\n\t\t\t\t\t\t\t\t<div class=\"ubicacion\">\n\t\t\t\t\t\t\t\t\t<i class=\"fa-solid fa-location-dot icono-mapa\"><\/i><span class=\"ubicacion-texto\">Oliva - Dpt. Valencia<\/span>\n\t\t\t\t\t\t\t\t<\/div>\n\t\t\t\t\t\t\t\t<H3 class=\"titulo-alojamiento\">\n\t\t\t\t\t\t\t\t\tVilla Colibri by ON Travel\t\t\t\t\t\t\t\t<\/H3>\n\t\t\t\t\t\t\t\t<p class=\"precio-alojamiento\">\u00c0 partir de <span class=\"precio\">328.00\u20ac<\/span> par nuit<\/p>\n\t\t\t\t\t\t\t<\/div>\n\t\t\t\t\t\t<\/div>\n\t\t\t\t\t<\/a> \n\t\t\t\t\t\t\n\t\t\t\t\t<a href=\"https:\/\/www.ontravelholidayrentals.com\/fr\/location\/villa-oliva-villa-vermeer-21-461268.html\" rel=\"nofollow\" style=\"width: 23%;\">\n\t\t\t\t\t\t<div class=\"apartamento-box\">\n\t\t\t\t\t\t\t<div class=\"imagen_recomendados\">\n\t\t\t\t\t\t\t\t<img decoding=\"async\" src=\"https:\/\/crs.avantio.com\/fotos\/2\/1703335589811fbc048cd27ef2e70871e03571a65f\/big17033356189dc73706c960d3ef8712f0c901543b8b.jpg\" alt=\"Villa Solana  by ON Travel\">\n\t\t\t\t\t\t\t<\/div>\n\t\t\t\t\t\t\t<div class=\"info\">\n\t\t\t\t\t\t\t\t<div class=\"ubicacion\">\n\t\t\t\t\t\t\t\t\t<i class=\"fa-solid fa-location-dot icono-mapa\"><\/i><span class=\"ubicacion-texto\">Oliva - Dpt. Valencia<\/span>\n\t\t\t\t\t\t\t\t<\/div>\n\t\t\t\t\t\t\t\t<H3 class=\"titulo-alojamiento\">\n\t\t\t\t\t\t\t\t\tVilla Solana  by ON Travel\t\t\t\t\t\t\t\t<\/H3>\n\t\t\t\t\t\t\t\t<p class=\"precio-alojamiento\">\u00c0 partir de <span class=\"precio\">217.00\u20ac<\/span> par nuit<\/p>\n\t\t\t\t\t\t\t<\/div>\n\t\t\t\t\t\t<\/div>\n\t\t\t\t\t<\/a> \n\t\t\t\t\t\t\n\t\t\t\t\t<a href=\"https:\/\/www.ontravelholidayrentals.com\/fr\/location\/villa-oliva-villa-vermeer-25-461292.html\" rel=\"nofollow\" style=\"width: 23%;\">\n\t\t\t\t\t\t<div class=\"apartamento-box\">\n\t\t\t\t\t\t\t<div class=\"imagen_recomendados\">\n\t\t\t\t\t\t\t\t<img decoding=\"async\" src=\"https:\/\/crs.avantio.com\/fotos\/2\/1705335735591b101a10adf0c9165b293b19af3489\/big1705335762de9703dc1854540c9777fd4932b0499a.jpg\" alt=\"Greenside oasis villa by ON Travel\">\n\t\t\t\t\t\t\t<\/div>\n\t\t\t\t\t\t\t<div class=\"info\">\n\t\t\t\t\t\t\t\t<div class=\"ubicacion\">\n\t\t\t\t\t\t\t\t\t<i class=\"fa-solid fa-location-dot icono-mapa\"><\/i><span class=\"ubicacion-texto\">Oliva - Dpt. Valencia<\/span>\n\t\t\t\t\t\t\t\t<\/div>\n\t\t\t\t\t\t\t\t<H3 class=\"titulo-alojamiento\">\n\t\t\t\t\t\t\t\t\tGreenside oasis villa by ON Travel\t\t\t\t\t\t\t\t<\/H3>\n\t\t\t\t\t\t\t\t<p class=\"precio-alojamiento\">\u00c0 partir de <span class=\"precio\">328.00\u20ac<\/span> par nuit<\/p>\n\t\t\t\t\t\t\t<\/div>\n\t\t\t\t\t\t<\/div>\n\t\t\t\t\t<\/a> \n\t\t\t\t\t\t\n\t\t\t\t\t<a href=\"https:\/\/www.ontravelholidayrentals.com\/fr\/location\/villa-oliva-villa-vermeer-43-461293.html\" rel=\"nofollow\" style=\"width: 23%;\">\n\t\t\t\t\t\t<div class=\"apartamento-box\">\n\t\t\t\t\t\t\t<div class=\"imagen_recomendados\">\n\t\t\t\t\t\t\t\t<img decoding=\"async\" src=\"https:\/\/crs.avantio.com\/fotos\/2\/17054241108ffb3352fb1b6efd3c6e1c3097debf40\/big170542451565ad5f2b0843b6346526f00ede7b3ef7.jpg\" alt=\"Villa Cisne by ON Travel\">\n\t\t\t\t\t\t\t<\/div>\n\t\t\t\t\t\t\t<div class=\"info\">\n\t\t\t\t\t\t\t\t<div class=\"ubicacion\">\n\t\t\t\t\t\t\t\t\t<i class=\"fa-solid fa-location-dot icono-mapa\"><\/i><span class=\"ubicacion-texto\">Oliva - Dpt. Valencia<\/span>\n\t\t\t\t\t\t\t\t<\/div>\n\t\t\t\t\t\t\t\t<H3 class=\"titulo-alojamiento\">\n\t\t\t\t\t\t\t\t\tVilla Cisne by ON Travel\t\t\t\t\t\t\t\t<\/H3>\n\t\t\t\t\t\t\t\t<p class=\"precio-alojamiento\">\u00c0 partir de <span class=\"precio\">205.00\u20ac<\/span> par nuit<\/p>\n\t\t\t\t\t\t\t<\/div>\n\t\t\t\t\t\t<\/div>\n\t\t\t\t\t<\/a> \n\t\t\t\t\t\t\t\t<\/div>\n\t\t\t<\/div>\n\t\t\t\t\t\t<\/div>\n\t\t\t\t<\/div>\n\t\t\t\t\t<\/div>\n\t\t\t\t<\/div>\n\t\t\t\t<\/div>\n\t\t","protected":false},"excerpt":{"rendered":"<p>Imaginez un endroit o\u00f9 les vagues se brisent contre les falaises, o\u00f9 l\u2019air sent le romarin et le sel, et o\u00f9 un gardien de pierre se dresse au sommet de la c\u00f4te. C\u2019est le Castell de la Granadella, un coin de X\u00e0bia qui a tout pour plaire&nbsp;: histoire, vues spectaculaires et un environnement naturel qui [&hellip;]<\/p>\n","protected":false},"author":4,"featured_media":1336,"comment_status":"open","ping_status":"open","sticky":false,"template":"elementor_header_footer","format":"standard","meta":{"footnotes":""},"categories":[31],"tags":[],"class_list":["post-1361","post","type-post","status-publish","format-standard","has-post-thumbnail","hentry","category-moraira-fr"],"yoast_head":"<!-- This site is optimized with the Yoast SEO plugin v25.2 - https:\/\/yoast.com\/wordpress\/plugins\/seo\/ -->\n<title>Castell de la Granadella&nbsp;: histoire, vues et mer en un m\u00eame lieu - Blog<\/title>\n<meta name=\"description\" content=\"Explorez le Castell de la Granadella et son point de vue offrant des vues spectaculaires sur la M\u00e9diterran\u00e9e.\" \/>\n<meta name=\"robots\" content=\"index, follow, max-snippet:-1, max-image-preview:large, max-video-preview:-1\" \/>\n<link rel=\"canonical\" href=\"https:\/\/www.ontravelholidayrentals.com\/blog\/fr\/castell-granadella\/\" \/>\n<meta property=\"og:locale\" content=\"fr_FR\" \/>\n<meta property=\"og:type\" content=\"article\" \/>\n<meta property=\"og:title\" content=\"Castell de la Granadella&nbsp;: histoire, vues et mer en un m\u00eame lieu - Blog\" \/>\n<meta property=\"og:description\" content=\"Explorez le Castell de la Granadella et son point de vue offrant des vues spectaculaires sur la M\u00e9diterran\u00e9e.\" \/>\n<meta property=\"og:url\" content=\"https:\/\/www.ontravelholidayrentals.com\/blog\/fr\/castell-granadella\/\" \/>\n<meta property=\"og:site_name\" content=\"Blog\" \/>\n<meta property=\"article:published_time\" content=\"2025-11-13T14:15:11+00:00\" \/>\n<meta property=\"article:modified_time\" content=\"2025-11-26T08:01:22+00:00\" \/>\n<meta property=\"og:image\" content=\"https:\/\/www.ontravelholidayrentals.com\/blog\/wp-content\/uploads\/2025\/11\/Castillo-de-la-Granadella-1.webp\" \/>\n\t<meta property=\"og:image:width\" content=\"1360\" \/>\n\t<meta property=\"og:image:height\" content=\"612\" \/>\n\t<meta property=\"og:image:type\" content=\"image\/webp\" \/>\n<meta name=\"author\" content=\"Axel\" \/>\n<meta name=\"twitter:card\" content=\"summary_large_image\" \/>\n<meta name=\"twitter:label1\" content=\"\u00c9crit par\" \/>\n\t<meta name=\"twitter:data1\" content=\"Axel\" \/>\n\t<meta name=\"twitter:label2\" content=\"Dur\u00e9e de lecture estim\u00e9e\" \/>\n\t<meta name=\"twitter:data2\" content=\"6 minutes\" \/>\n<script type=\"application\/ld+json\" class=\"yoast-schema-graph\">{\"@context\":\"https:\/\/schema.org\",\"@graph\":[{\"@type\":\"Article\",\"@id\":\"https:\/\/www.ontravelholidayrentals.com\/blog\/fr\/castell-granadella\/#article\",\"isPartOf\":{\"@id\":\"https:\/\/www.ontravelholidayrentals.com\/blog\/fr\/castell-granadella\/\"},\"author\":{\"name\":\"Axel\",\"@id\":\"https:\/\/www.ontravelholidayrentals.com\/blog\/fr\/#\/schema\/person\/907601cb91b08af60b0fec9e629a4883\"},\"headline\":\"Castell de la Granadella&nbsp;: histoire, vues et mer en un m\u00eame lieu\",\"datePublished\":\"2025-11-13T14:15:11+00:00\",\"dateModified\":\"2025-11-26T08:01:22+00:00\",\"mainEntityOfPage\":{\"@id\":\"https:\/\/www.ontravelholidayrentals.com\/blog\/fr\/castell-granadella\/\"},\"wordCount\":1188,\"commentCount\":0,\"publisher\":{\"@id\":\"https:\/\/www.ontravelholidayrentals.com\/blog\/fr\/#organization\"},\"image\":{\"@id\":\"https:\/\/www.ontravelholidayrentals.com\/blog\/fr\/castell-granadella\/#primaryimage\"},\"thumbnailUrl\":\"https:\/\/www.ontravelholidayrentals.com\/blog\/wp-content\/uploads\/2025\/11\/Castillo-de-la-Granadella-1.webp\",\"articleSection\":[\"Moraira\"],\"inLanguage\":\"fr-FR\",\"potentialAction\":[{\"@type\":\"CommentAction\",\"name\":\"Comment\",\"target\":[\"https:\/\/www.ontravelholidayrentals.com\/blog\/fr\/castell-granadella\/#respond\"]}]},{\"@type\":\"WebPage\",\"@id\":\"https:\/\/www.ontravelholidayrentals.com\/blog\/fr\/castell-granadella\/\",\"url\":\"https:\/\/www.ontravelholidayrentals.com\/blog\/fr\/castell-granadella\/\",\"name\":\"Castell de la Granadella&nbsp;: histoire, vues et mer en un m\u00eame lieu - Blog\",\"isPartOf\":{\"@id\":\"https:\/\/www.ontravelholidayrentals.com\/blog\/fr\/#website\"},\"primaryImageOfPage\":{\"@id\":\"https:\/\/www.ontravelholidayrentals.com\/blog\/fr\/castell-granadella\/#primaryimage\"},\"image\":{\"@id\":\"https:\/\/www.ontravelholidayrentals.com\/blog\/fr\/castell-granadella\/#primaryimage\"},\"thumbnailUrl\":\"https:\/\/www.ontravelholidayrentals.com\/blog\/wp-content\/uploads\/2025\/11\/Castillo-de-la-Granadella-1.webp\",\"datePublished\":\"2025-11-13T14:15:11+00:00\",\"dateModified\":\"2025-11-26T08:01:22+00:00\",\"description\":\"Explorez le Castell de la Granadella et son point de vue offrant des vues spectaculaires sur la M\u00e9diterran\u00e9e.\",\"breadcrumb\":{\"@id\":\"https:\/\/www.ontravelholidayrentals.com\/blog\/fr\/castell-granadella\/#breadcrumb\"},\"inLanguage\":\"fr-FR\",\"potentialAction\":[{\"@type\":\"ReadAction\",\"target\":[\"https:\/\/www.ontravelholidayrentals.com\/blog\/fr\/castell-granadella\/\"]}]},{\"@type\":\"ImageObject\",\"inLanguage\":\"fr-FR\",\"@id\":\"https:\/\/www.ontravelholidayrentals.com\/blog\/fr\/castell-granadella\/#primaryimage\",\"url\":\"https:\/\/www.ontravelholidayrentals.com\/blog\/wp-content\/uploads\/2025\/11\/Castillo-de-la-Granadella-1.webp\",\"contentUrl\":\"https:\/\/www.ontravelholidayrentals.com\/blog\/wp-content\/uploads\/2025\/11\/Castillo-de-la-Granadella-1.webp\",\"width\":1360,\"height\":612},{\"@type\":\"BreadcrumbList\",\"@id\":\"https:\/\/www.ontravelholidayrentals.com\/blog\/fr\/castell-granadella\/#breadcrumb\",\"itemListElement\":[{\"@type\":\"ListItem\",\"position\":1,\"name\":\"Portada\",\"item\":\"https:\/\/www.ontravelholidayrentals.com\/blog\/fr\/\"},{\"@type\":\"ListItem\",\"position\":2,\"name\":\"Castell de la Granadella&nbsp;: histoire, vues et mer en un m\u00eame lieu\"}]},{\"@type\":\"WebSite\",\"@id\":\"https:\/\/www.ontravelholidayrentals.com\/blog\/fr\/#website\",\"url\":\"https:\/\/www.ontravelholidayrentals.com\/blog\/fr\/\",\"name\":\"Blog\",\"description\":\"Ontravelholidayrentals\",\"publisher\":{\"@id\":\"https:\/\/www.ontravelholidayrentals.com\/blog\/fr\/#organization\"},\"potentialAction\":[{\"@type\":\"SearchAction\",\"target\":{\"@type\":\"EntryPoint\",\"urlTemplate\":\"https:\/\/www.ontravelholidayrentals.com\/blog\/fr\/?s={search_term_string}\"},\"query-input\":{\"@type\":\"PropertyValueSpecification\",\"valueRequired\":true,\"valueName\":\"search_term_string\"}}],\"inLanguage\":\"fr-FR\"},{\"@type\":\"Organization\",\"@id\":\"https:\/\/www.ontravelholidayrentals.com\/blog\/fr\/#organization\",\"name\":\"Blog\",\"url\":\"https:\/\/www.ontravelholidayrentals.com\/blog\/fr\/\",\"logo\":{\"@type\":\"ImageObject\",\"inLanguage\":\"fr-FR\",\"@id\":\"https:\/\/www.ontravelholidayrentals.com\/blog\/fr\/#\/schema\/logo\/image\/\",\"url\":\"https:\/\/www.ontravelholidayrentals.com\/blog\/wp-content\/uploads\/2025\/02\/logo-oliva-nova.webp\",\"contentUrl\":\"https:\/\/www.ontravelholidayrentals.com\/blog\/wp-content\/uploads\/2025\/02\/logo-oliva-nova.webp\",\"width\":2454,\"height\":875,\"caption\":\"Blog\"},\"image\":{\"@id\":\"https:\/\/www.ontravelholidayrentals.com\/blog\/fr\/#\/schema\/logo\/image\/\"}},{\"@type\":\"Person\",\"@id\":\"https:\/\/www.ontravelholidayrentals.com\/blog\/fr\/#\/schema\/person\/907601cb91b08af60b0fec9e629a4883\",\"name\":\"Axel\",\"image\":{\"@type\":\"ImageObject\",\"inLanguage\":\"fr-FR\",\"@id\":\"https:\/\/www.ontravelholidayrentals.com\/blog\/fr\/#\/schema\/person\/image\/\",\"url\":\"https:\/\/secure.gravatar.com\/avatar\/3bd706736e5b70f21f05f6c2d5cad746767782a4ba4b7df399c5969e2a9318fd?s=96&d=mm&r=g\",\"contentUrl\":\"https:\/\/secure.gravatar.com\/avatar\/3bd706736e5b70f21f05f6c2d5cad746767782a4ba4b7df399c5969e2a9318fd?s=96&d=mm&r=g\",\"caption\":\"Axel\"},\"url\":\"https:\/\/www.ontravelholidayrentals.com\/blog\/fr\/author\/axel\/\"}]}<\/script>\n<!-- \/ Yoast SEO plugin. -->","yoast_head_json":{"title":"Castell de la Granadella&nbsp;: histoire, vues et mer en un m\u00eame lieu - Blog","description":"Explorez le Castell de la Granadella et son point de vue offrant des vues spectaculaires sur la M\u00e9diterran\u00e9e.","robots":{"index":"index","follow":"follow","max-snippet":"max-snippet:-1","max-image-preview":"max-image-preview:large","max-video-preview":"max-video-preview:-1"},"canonical":"https:\/\/www.ontravelholidayrentals.com\/blog\/fr\/castell-granadella\/","og_locale":"fr_FR","og_type":"article","og_title":"Castell de la Granadella&nbsp;: histoire, vues et mer en un m\u00eame lieu - Blog","og_description":"Explorez le Castell de la Granadella et son point de vue offrant des vues spectaculaires sur la M\u00e9diterran\u00e9e.","og_url":"https:\/\/www.ontravelholidayrentals.com\/blog\/fr\/castell-granadella\/","og_site_name":"Blog","article_published_time":"2025-11-13T14:15:11+00:00","article_modified_time":"2025-11-26T08:01:22+00:00","og_image":[{"width":1360,"height":612,"url":"https:\/\/www.ontravelholidayrentals.com\/blog\/wp-content\/uploads\/2025\/11\/Castillo-de-la-Granadella-1.webp","type":"image\/webp"}],"author":"Axel","twitter_card":"summary_large_image","twitter_misc":{"\u00c9crit par":"Axel","Dur\u00e9e de lecture estim\u00e9e":"6 minutes"},"schema":{"@context":"https:\/\/schema.org","@graph":[{"@type":"Article","@id":"https:\/\/www.ontravelholidayrentals.com\/blog\/fr\/castell-granadella\/#article","isPartOf":{"@id":"https:\/\/www.ontravelholidayrentals.com\/blog\/fr\/castell-granadella\/"},"author":{"name":"Axel","@id":"https:\/\/www.ontravelholidayrentals.com\/blog\/fr\/#\/schema\/person\/907601cb91b08af60b0fec9e629a4883"},"headline":"Castell de la Granadella&nbsp;: histoire, vues et mer en un m\u00eame lieu","datePublished":"2025-11-13T14:15:11+00:00","dateModified":"2025-11-26T08:01:22+00:00","mainEntityOfPage":{"@id":"https:\/\/www.ontravelholidayrentals.com\/blog\/fr\/castell-granadella\/"},"wordCount":1188,"commentCount":0,"publisher":{"@id":"https:\/\/www.ontravelholidayrentals.com\/blog\/fr\/#organization"},"image":{"@id":"https:\/\/www.ontravelholidayrentals.com\/blog\/fr\/castell-granadella\/#primaryimage"},"thumbnailUrl":"https:\/\/www.ontravelholidayrentals.com\/blog\/wp-content\/uploads\/2025\/11\/Castillo-de-la-Granadella-1.webp","articleSection":["Moraira"],"inLanguage":"fr-FR","potentialAction":[{"@type":"CommentAction","name":"Comment","target":["https:\/\/www.ontravelholidayrentals.com\/blog\/fr\/castell-granadella\/#respond"]}]},{"@type":"WebPage","@id":"https:\/\/www.ontravelholidayrentals.com\/blog\/fr\/castell-granadella\/","url":"https:\/\/www.ontravelholidayrentals.com\/blog\/fr\/castell-granadella\/","name":"Castell de la Granadella&nbsp;: histoire, vues et mer en un m\u00eame lieu - Blog","isPartOf":{"@id":"https:\/\/www.ontravelholidayrentals.com\/blog\/fr\/#website"},"primaryImageOfPage":{"@id":"https:\/\/www.ontravelholidayrentals.com\/blog\/fr\/castell-granadella\/#primaryimage"},"image":{"@id":"https:\/\/www.ontravelholidayrentals.com\/blog\/fr\/castell-granadella\/#primaryimage"},"thumbnailUrl":"https:\/\/www.ontravelholidayrentals.com\/blog\/wp-content\/uploads\/2025\/11\/Castillo-de-la-Granadella-1.webp","datePublished":"2025-11-13T14:15:11+00:00","dateModified":"2025-11-26T08:01:22+00:00","description":"Explorez le Castell de la Granadella et son point de vue offrant des vues spectaculaires sur la M\u00e9diterran\u00e9e.","breadcrumb":{"@id":"https:\/\/www.ontravelholidayrentals.com\/blog\/fr\/castell-granadella\/#breadcrumb"},"inLanguage":"fr-FR","potentialAction":[{"@type":"ReadAction","target":["https:\/\/www.ontravelholidayrentals.com\/blog\/fr\/castell-granadella\/"]}]},{"@type":"ImageObject","inLanguage":"fr-FR","@id":"https:\/\/www.ontravelholidayrentals.com\/blog\/fr\/castell-granadella\/#primaryimage","url":"https:\/\/www.ontravelholidayrentals.com\/blog\/wp-content\/uploads\/2025\/11\/Castillo-de-la-Granadella-1.webp","contentUrl":"https:\/\/www.ontravelholidayrentals.com\/blog\/wp-content\/uploads\/2025\/11\/Castillo-de-la-Granadella-1.webp","width":1360,"height":612},{"@type":"BreadcrumbList","@id":"https:\/\/www.ontravelholidayrentals.com\/blog\/fr\/castell-granadella\/#breadcrumb","itemListElement":[{"@type":"ListItem","position":1,"name":"Portada","item":"https:\/\/www.ontravelholidayrentals.com\/blog\/fr\/"},{"@type":"ListItem","position":2,"name":"Castell de la Granadella&nbsp;: histoire, vues et mer en un m\u00eame lieu"}]},{"@type":"WebSite","@id":"https:\/\/www.ontravelholidayrentals.com\/blog\/fr\/#website","url":"https:\/\/www.ontravelholidayrentals.com\/blog\/fr\/","name":"Blog","description":"Ontravelholidayrentals","publisher":{"@id":"https:\/\/www.ontravelholidayrentals.com\/blog\/fr\/#organization"},"potentialAction":[{"@type":"SearchAction","target":{"@type":"EntryPoint","urlTemplate":"https:\/\/www.ontravelholidayrentals.com\/blog\/fr\/?s={search_term_string}"},"query-input":{"@type":"PropertyValueSpecification","valueRequired":true,"valueName":"search_term_string"}}],"inLanguage":"fr-FR"},{"@type":"Organization","@id":"https:\/\/www.ontravelholidayrentals.com\/blog\/fr\/#organization","name":"Blog","url":"https:\/\/www.ontravelholidayrentals.com\/blog\/fr\/","logo":{"@type":"ImageObject","inLanguage":"fr-FR","@id":"https:\/\/www.ontravelholidayrentals.com\/blog\/fr\/#\/schema\/logo\/image\/","url":"https:\/\/www.ontravelholidayrentals.com\/blog\/wp-content\/uploads\/2025\/02\/logo-oliva-nova.webp","contentUrl":"https:\/\/www.ontravelholidayrentals.com\/blog\/wp-content\/uploads\/2025\/02\/logo-oliva-nova.webp","width":2454,"height":875,"caption":"Blog"},"image":{"@id":"https:\/\/www.ontravelholidayrentals.com\/blog\/fr\/#\/schema\/logo\/image\/"}},{"@type":"Person","@id":"https:\/\/www.ontravelholidayrentals.com\/blog\/fr\/#\/schema\/person\/907601cb91b08af60b0fec9e629a4883","name":"Axel","image":{"@type":"ImageObject","inLanguage":"fr-FR","@id":"https:\/\/www.ontravelholidayrentals.com\/blog\/fr\/#\/schema\/person\/image\/","url":"https:\/\/secure.gravatar.com\/avatar\/3bd706736e5b70f21f05f6c2d5cad746767782a4ba4b7df399c5969e2a9318fd?s=96&d=mm&r=g","contentUrl":"https:\/\/secure.gravatar.com\/avatar\/3bd706736e5b70f21f05f6c2d5cad746767782a4ba4b7df399c5969e2a9318fd?s=96&d=mm&r=g","caption":"Axel"},"url":"https:\/\/www.ontravelholidayrentals.com\/blog\/fr\/author\/axel\/"}]}},"_links":{"self":[{"href":"https:\/\/www.ontravelholidayrentals.com\/blog\/fr\/wp-json\/wp\/v2\/posts\/1361","targetHints":{"allow":["GET"]}}],"collection":[{"href":"https:\/\/www.ontravelholidayrentals.com\/blog\/fr\/wp-json\/wp\/v2\/posts"}],"about":[{"href":"https:\/\/www.ontravelholidayrentals.com\/blog\/fr\/wp-json\/wp\/v2\/types\/post"}],"author":[{"embeddable":true,"href":"https:\/\/www.ontravelholidayrentals.com\/blog\/fr\/wp-json\/wp\/v2\/users\/4"}],"replies":[{"embeddable":true,"href":"https:\/\/www.ontravelholidayrentals.com\/blog\/fr\/wp-json\/wp\/v2\/comments?post=1361"}],"version-history":[{"count":1,"href":"https:\/\/www.ontravelholidayrentals.com\/blog\/fr\/wp-json\/wp\/v2\/posts\/1361\/revisions"}],"predecessor-version":[{"id":1362,"href":"https:\/\/www.ontravelholidayrentals.com\/blog\/fr\/wp-json\/wp\/v2\/posts\/1361\/revisions\/1362"}],"wp:featuredmedia":[{"embeddable":true,"href":"https:\/\/www.ontravelholidayrentals.com\/blog\/fr\/wp-json\/wp\/v2\/media\/1336"}],"wp:attachment":[{"href":"https:\/\/www.ontravelholidayrentals.com\/blog\/fr\/wp-json\/wp\/v2\/media?parent=1361"}],"wp:term":[{"taxonomy":"category","embeddable":true,"href":"https:\/\/www.ontravelholidayrentals.com\/blog\/fr\/wp-json\/wp\/v2\/categories?post=1361"},{"taxonomy":"post_tag","embeddable":true,"href":"https:\/\/www.ontravelholidayrentals.com\/blog\/fr\/wp-json\/wp\/v2\/tags?post=1361"}],"curies":[{"name":"wp","href":"https:\/\/api.w.org\/{rel}","templated":true}]}}