{"id":1355,"date":"2025-11-13T12:08:40","date_gmt":"2025-11-13T12:08:40","guid":{"rendered":"https:\/\/www.ontravelholidayrentals.com\/blog\/?p=1355"},"modified":"2025-11-26T08:00:20","modified_gmt":"2025-11-26T08:00:20","slug":"cala-pinets","status":"publish","type":"post","link":"https:\/\/www.ontravelholidayrentals.com\/blog\/fr\/cala-pinets\/","title":{"rendered":"Cala Pinets&nbsp;: un coin cach\u00e9 \u00e0 l\u2019\u00e2me m\u00e9diterran\u00e9enne"},"content":{"rendered":"\t\t<div data-elementor-type=\"wp-post\" data-elementor-id=\"1355\" class=\"elementor elementor-1355 elementor-1291\" data-elementor-post-type=\"post\">\n\t\t\t\t<div class=\"elementor-element elementor-element-73871072 e-flex e-con-boxed e-con e-parent\" data-id=\"73871072\" data-element_type=\"container\" data-e-type=\"container\" data-settings=\"{&quot;background_background&quot;:&quot;classic&quot;}\">\n\t\t\t\t\t<div class=\"e-con-inner\">\n\t\t\t\t<div class=\"elementor-element elementor-element-7217492d elementor-widget elementor-widget-heading\" data-id=\"7217492d\" data-element_type=\"widget\" data-e-type=\"widget\" data-widget_type=\"heading.default\">\n\t\t\t\t<div class=\"elementor-widget-container\">\n\t\t\t\t\t<h1 class=\"elementor-heading-title elementor-size-default\">Cala Pinets&nbsp;: un coin cach\u00e9 \u00e0 l\u2019\u00e2me m\u00e9diterran\u00e9enne<\/h1>\t\t\t\t<\/div>\n\t\t\t\t<\/div>\n\t\t\t\t\t<\/div>\n\t\t\t\t<\/div>\n\t\t<div class=\"elementor-element elementor-element-2d28f45a e-flex e-con-boxed e-con e-parent\" data-id=\"2d28f45a\" data-element_type=\"container\" data-e-type=\"container\">\n\t\t\t\t\t<div class=\"e-con-inner\">\n\t\t\t\t<div class=\"elementor-element elementor-element-77f17112 elementor-widget elementor-widget-text-editor\" data-id=\"77f17112\" data-element_type=\"widget\" data-e-type=\"widget\" data-widget_type=\"text-editor.default\">\n\t\t\t\t<div class=\"elementor-widget-container\">\n\t\t\t\t\t\t\t\t\t<p><span style=\"font-weight: 400;\">\u00c0 quand remonte votre derni\u00e8re pause avec la mer comme bande sonore&nbsp;? Nous vous pr\u00e9sentons  <\/span><b>Cala Pinets, \u00e0 Benissa<\/b><span style=\"font-weight: 400;\">&nbsp;: un coin o\u00f9 les vacances sont synonymes de d\u00e9tente par d\u00e9faut.<\/span><\/p><p><span style=\"font-weight: 400;\">Ici, pas de stress, juste la mer bleue, l\u2019envie de s\u2019amuser et <\/span><b>On Travel comme complice d\u2019un super plan de d\u00e9connexion totale.<\/b> <span style=\"font-weight: 400;\">(oui, m\u00eame votre t\u00e9l\u00e9phone portable prend une pause). C\u2019est une crique o\u00f9 l\u2019on arrive sans se presser et o\u00f9 l\u2019on reste sans horaires. De celles qui vous invitent \u00e0 respirer profond\u00e9ment et \u00e0 vous rappeler que la vie, quand on la prend au s\u00e9rieux, a le go\u00fbt du sel et de la libert\u00e9.  <\/span><\/p>\t\t\t\t\t\t\t\t<\/div>\n\t\t\t\t<\/div>\n\t\t\t\t\t<\/div>\n\t\t\t\t<\/div>\n\t\t<div class=\"elementor-element elementor-element-2e4105b5 e-flex e-con-boxed e-con e-parent\" data-id=\"2e4105b5\" data-element_type=\"container\" data-e-type=\"container\">\n\t\t\t\t\t<div class=\"e-con-inner\">\n\t\t\t\t<div class=\"elementor-element elementor-element-5a091ecf elementor-widget elementor-widget-table-of-contents\" data-id=\"5a091ecf\" data-element_type=\"widget\" data-e-type=\"widget\" data-settings=\"{&quot;headings_by_tags&quot;:[&quot;h2&quot;,&quot;h3&quot;],&quot;exclude_headings_by_selector&quot;:[],&quot;marker_view&quot;:&quot;bullets&quot;,&quot;icon&quot;:{&quot;value&quot;:&quot;&quot;,&quot;library&quot;:&quot;&quot;},&quot;no_headings_message&quot;:&quot;No headings were found on this page.&quot;,&quot;hierarchical_view&quot;:&quot;yes&quot;,&quot;min_height&quot;:{&quot;unit&quot;:&quot;px&quot;,&quot;size&quot;:&quot;&quot;,&quot;sizes&quot;:[]},&quot;min_height_tablet&quot;:{&quot;unit&quot;:&quot;px&quot;,&quot;size&quot;:&quot;&quot;,&quot;sizes&quot;:[]},&quot;min_height_mobile&quot;:{&quot;unit&quot;:&quot;px&quot;,&quot;size&quot;:&quot;&quot;,&quot;sizes&quot;:[]}}\" data-widget_type=\"table-of-contents.default\">\n\t\t\t\t<div class=\"elementor-widget-container\">\n\t\t\t\t\t\t\t\t\t<div class=\"elementor-toc__header\">\n\t\t\t\t\t\t<div class=\"elementor-toc__header-title\">\n\t\t\t\tSommaire\t\t\t<\/div>\n\t\t\t\t\t\t\t\t<\/div>\n\t\t\t\t<div id=\"elementor-toc__5a091ecf\" class=\"elementor-toc__body\">\n\t\t\t<div class=\"elementor-toc__spinner-container\">\n\t\t\t\t<svg class=\"elementor-toc__spinner eicon-animation-spin e-font-icon-svg e-eicon-loading\" aria-hidden=\"true\" viewBox=\"0 0 1000 1000\" xmlns=\"http:\/\/www.w3.org\/2000\/svg\"><path d=\"M500 975V858C696 858 858 696 858 500S696 142 500 142 142 304 142 500H25C25 237 238 25 500 25S975 237 975 500 763 975 500 975Z\"><\/path><\/svg>\t\t\t<\/div>\n\t\t<\/div>\n\t\t\t\t\t\t<\/div>\n\t\t\t\t<\/div>\n\t\t\t\t\t<\/div>\n\t\t\t\t<\/div>\n\t\t<div class=\"elementor-element elementor-element-24be796 e-flex e-con-boxed e-con e-parent\" data-id=\"24be796\" data-element_type=\"container\" data-e-type=\"container\">\n\t\t\t\t\t<div class=\"e-con-inner\">\n\t\t\t\t<div class=\"elementor-element elementor-element-8c99118 elementor-widget elementor-widget-heading\" data-id=\"8c99118\" data-element_type=\"widget\" data-e-type=\"widget\" data-widget_type=\"heading.default\">\n\t\t\t\t<div class=\"elementor-widget-container\">\n\t\t\t\t\t<h2 class=\"elementor-heading-title elementor-size-default\">Plongez dans des activit\u00e9s aquatiques et des sports face \u00e0 la mer\n<\/h2>\t\t\t\t<\/div>\n\t\t\t\t<\/div>\n\t\t\t\t<div class=\"elementor-element elementor-element-a09ad41 elementor-widget elementor-widget-text-editor\" data-id=\"a09ad41\" data-element_type=\"widget\" data-e-type=\"widget\" data-widget_type=\"text-editor.default\">\n\t\t\t\t<div class=\"elementor-widget-container\">\n\t\t\t\t\t\t\t\t\t<p><span style=\"font-weight: 400;\">Si vous \u00eates de ceux qui ne tiennent pas en place, m\u00eame en vacances, mettez vos <\/span><b>lunettes de plong\u00e9e<\/b><span style=\"font-weight: 400;\">  et pr\u00e9parez-vous \u00e0 r\u00e9aliser votre propre documentaire de La&nbsp;2, entre posidonies et poissons de l\u2019environnement. La rumeur dit m\u00eame que Nemo a pass\u00e9 l\u2019\u00e9t\u00e9 dans les eaux de cette crique. <\/span><\/p><p><span style=\"font-weight: 400;\">Les autres activit\u00e9s sont le <\/span><b>paddle surf, le kayak et la nage libre.<\/b><span style=\"font-weight: 400;\">. Chaque coup de rame peut \u00eatre une carte postale et chaque grotte un myst\u00e8re \u00e0 d\u00e9couvrir. Mais si vous pr\u00e9f\u00e9rez un plan plus d\u00e9tendu, sortez le matelas gonflable et laissez-vous porter par les vagues, car le seul danger est de s\u2019endormir au soleil. <\/span><\/p>\t\t\t\t\t\t\t\t<\/div>\n\t\t\t\t<\/div>\n\t\t\t\t\t<\/div>\n\t\t\t\t<\/div>\n\t\t<div class=\"elementor-element elementor-element-9f27d6e e-flex e-con-boxed e-con e-parent\" data-id=\"9f27d6e\" data-element_type=\"container\" data-e-type=\"container\">\n\t\t\t\t\t<div class=\"e-con-inner\">\n\t\t<div class=\"elementor-element elementor-element-ab456a6 e-con-full e-flex e-con e-child\" data-id=\"ab456a6\" data-element_type=\"container\" data-e-type=\"container\">\n\t\t\t\t<div class=\"elementor-element elementor-element-38dd4a9c elementor-widget elementor-widget-heading\" data-id=\"38dd4a9c\" data-element_type=\"widget\" data-e-type=\"widget\" data-widget_type=\"heading.default\">\n\t\t\t\t<div class=\"elementor-widget-container\">\n\t\t\t\t\t<h2 class=\"elementor-heading-title elementor-size-default\">Comment arriver et \u00e0 quoi s\u2019attendre dans ce paradis cach\u00e9\n<\/h2>\t\t\t\t<\/div>\n\t\t\t\t<\/div>\n\t\t\t\t<div class=\"elementor-element elementor-element-34871d09 elementor-widget elementor-widget-text-editor\" data-id=\"34871d09\" data-element_type=\"widget\" data-e-type=\"widget\" data-widget_type=\"text-editor.default\">\n\t\t\t\t<div class=\"elementor-widget-container\">\n\t\t\t\t\t\t\t\t\t<p><span style=\"font-weight: 400;\">Si vous aimez d\u00e9couvrir des joyaux secrets, notez&nbsp;: Carrer dels Pinets, Benissa. \u00c0 partir de l\u00e0,  <\/span><b>suivez votre intuition et quelques panneaux<\/b><span style=\"font-weight: 400;\">. Se garer a son truc (niveau d\u00e9butant, ne vous inqui\u00e9tez pas), mais se lever t\u00f4t aide. Du parking, un sentier entre les pins vous m\u00e8ne directement \u00e0 la M\u00e9diterran\u00e9e. <\/span><\/p><p><span style=\"font-weight: 400;\">Il n\u2019y a ni clubs de plage ni hamacs design&nbsp;: ici, le seul VIP, c\u2019est vous.<\/span><b>  Sable, rochers et eaux qui semblent tout droit sortis d\u2019une publicit\u00e9<\/b><span style=\"font-weight: 400;\">. M\u00eame en \u00e9t\u00e9, Cala Pinets respire la paix. Alors d\u00e9tendez-vous, oubliez votre montre et laissez cet endroit faire son travail. <\/span><\/p><p><span style=\"font-weight: 400;\">Un conseil suppl\u00e9mentaire&nbsp;:<\/span><b> si vous le pouvez, restez jusqu\u2019au coucher du soleil.<\/b><span style=\"font-weight: 400;\">. Le ciel se teinte de couleurs impossibles et la crique se transforme en un d\u00e9cor de carte postale.<\/span><\/p>\t\t\t\t\t\t\t\t<\/div>\n\t\t\t\t<\/div>\n\t\t\t\t<\/div>\n\t\t<div class=\"elementor-element elementor-element-aa4f6b3 e-con-full e-flex e-con e-child\" data-id=\"aa4f6b3\" data-element_type=\"container\" data-e-type=\"container\">\n\t\t\t\t<div class=\"elementor-element elementor-element-8d4cdc3 elementor-widget elementor-widget-google_maps\" data-id=\"8d4cdc3\" data-element_type=\"widget\" data-e-type=\"widget\" data-widget_type=\"google_maps.default\">\n\t\t\t\t<div class=\"elementor-widget-container\">\n\t\t\t\t\t\t\t<div class=\"elementor-custom-embed\">\n\t\t\t<iframe loading=\"lazy\"\n\t\t\t\t\tsrc=\"https:\/\/maps.google.com\/maps?q=cala%20pinets&#038;t=m&#038;z=10&#038;output=embed&#038;iwloc=near\"\n\t\t\t\t\ttitle=\"cala pinets\"\n\t\t\t\t\taria-label=\"cala pinets\"\n\t\t\t><\/iframe>\n\t\t<\/div>\n\t\t\t\t\t\t<\/div>\n\t\t\t\t<\/div>\n\t\t\t\t<\/div>\n\t\t\t\t\t<\/div>\n\t\t\t\t<\/div>\n\t\t<div class=\"elementor-element elementor-element-9003669 e-flex e-con-boxed e-con e-parent\" data-id=\"9003669\" data-element_type=\"container\" data-e-type=\"container\">\n\t\t\t\t\t<div class=\"e-con-inner\">\n\t\t\t\t<div class=\"elementor-element elementor-element-05b147d elementor-widget elementor-widget-heading\" data-id=\"05b147d\" data-element_type=\"widget\" data-e-type=\"widget\" data-widget_type=\"heading.default\">\n\t\t\t\t<div class=\"elementor-widget-container\">\n\t\t\t\t\t<h2 class=\"elementor-heading-title elementor-size-default\">Savourez la gastronomie locale dans les restaurants \u00e0 proximit\u00e9\n<\/h2>\t\t\t\t<\/div>\n\t\t\t\t<\/div>\n\t\t\t\t<div class=\"elementor-element elementor-element-bcbd2c5 elementor-widget elementor-widget-text-editor\" data-id=\"bcbd2c5\" data-element_type=\"widget\" data-e-type=\"widget\" data-widget_type=\"text-editor.default\">\n\t\t\t\t<div class=\"elementor-widget-container\">\n\t\t\t\t\t\t\t\t\t<p><span style=\"font-weight: 400;\">Une autre r\u00e8gle d\u2019or de la Costa Blanca est qu\u2019ici, on mange tr\u00e8s bien. Les villages voisins de Cala Pinets donnent  <\/span><b>des le\u00e7ons magistrales de riz<\/b><span style=\"font-weight: 400;\">, que ce soit \u00e0 banda, onctueux, del senyoret, ou celui que vous pr\u00e9f\u00e9rez. Et si vous aimez les saveurs de la mer, vous devez go\u00fbter le  <\/span><b>poisson frais<\/b><span style=\"font-weight: 400;\">, les <\/span><b>calamars<\/b><span style=\"font-weight: 400;\"> et les fameuses <\/span><b>crevettes rouges<\/b><span style=\"font-weight: 400;\"> de Denia.<\/span><\/p><p><span style=\"font-weight: 400;\">Il existe \u00e9galement des <\/span><b>chiringuitos \u00e0 Moraira et J\u00e1vea <\/b><span style=\"font-weight: 400;\">qui proposent des bi\u00e8res avec vue sur la mer et des tapas qui vous laisseront bouche b\u00e9e.<\/span> <\/p>\t\t\t\t\t\t\t\t<\/div>\n\t\t\t\t<\/div>\n\t\t\t\t\t<\/div>\n\t\t\t\t<\/div>\n\t\t<div class=\"elementor-element elementor-element-632f627 e-flex e-con-boxed e-con e-parent\" data-id=\"632f627\" data-element_type=\"container\" data-e-type=\"container\">\n\t\t\t\t\t<div class=\"e-con-inner\">\n\t\t\t\t<div class=\"elementor-element elementor-element-e555b4c elementor-widget elementor-widget-heading\" data-id=\"e555b4c\" data-element_type=\"widget\" data-e-type=\"widget\" data-widget_type=\"heading.default\">\n\t\t\t\t<div class=\"elementor-widget-container\">\n\t\t\t\t\t<h2 class=\"elementor-heading-title elementor-size-default\">Conseils pour les familles et les voyageurs en qu\u00eate de tranquillit\u00e9\n<\/h2>\t\t\t\t<\/div>\n\t\t\t\t<\/div>\n\t\t\t\t<div class=\"elementor-element elementor-element-553039a elementor-widget elementor-widget-text-editor\" data-id=\"553039a\" data-element_type=\"widget\" data-e-type=\"widget\" data-widget_type=\"text-editor.default\">\n\t\t\t\t<div class=\"elementor-widget-container\">\n\t\t\t\t\t\t\t\t\t<p><span style=\"font-weight: 400;\">Pour faire simple, cette crique est comme <\/span><b>la Ligue des champions pour les familles et les voyageurs en qu\u00eate de tranquillit\u00e9.<\/b><span style=\"font-weight: 400;\"> Sans douches ni sauveteurs, vous trouverez une ambiance sans stress.<\/span> <\/p>\t\t\t\t\t\t\t\t<\/div>\n\t\t\t\t<\/div>\n\t\t\t\t<div class=\"elementor-element elementor-element-e3bc3e4 elementor-widget elementor-widget-image\" data-id=\"e3bc3e4\" data-element_type=\"widget\" data-e-type=\"widget\" data-widget_type=\"image.default\">\n\t\t\t\t<div class=\"elementor-widget-container\">\n\t\t\t\t\t\t\t\t\t\t\t\t\t\t\t<img fetchpriority=\"high\" decoding=\"async\" width=\"1254\" height=\"705\" src=\"https:\/\/www.ontravelholidayrentals.com\/blog\/wp-content\/uploads\/2025\/11\/cala-pinets-costa-blanca.jpg\" class=\"attachment-full size-full wp-image-1304\" alt=\"\" srcset=\"https:\/\/www.ontravelholidayrentals.com\/blog\/wp-content\/uploads\/2025\/11\/cala-pinets-costa-blanca.jpg 1254w, https:\/\/www.ontravelholidayrentals.com\/blog\/wp-content\/uploads\/2025\/11\/cala-pinets-costa-blanca-300x169.jpg 300w, https:\/\/www.ontravelholidayrentals.com\/blog\/wp-content\/uploads\/2025\/11\/cala-pinets-costa-blanca-1024x576.jpg 1024w, https:\/\/www.ontravelholidayrentals.com\/blog\/wp-content\/uploads\/2025\/11\/cala-pinets-costa-blanca-768x432.jpg 768w\" sizes=\"(max-width: 1254px) 100vw, 1254px\" \/>\t\t\t\t\t\t\t\t\t\t\t\t\t\t\t<\/div>\n\t\t\t\t<\/div>\n\t\t\t\t\t<\/div>\n\t\t\t\t<\/div>\n\t\t<div class=\"elementor-element elementor-element-730de837 e-flex e-con-boxed e-con e-parent\" data-id=\"730de837\" data-element_type=\"container\" data-e-type=\"container\">\n\t\t\t\t\t<div class=\"e-con-inner\">\n\t\t\t\t<div class=\"elementor-element elementor-element-24777e1d elementor-widget elementor-widget-heading\" data-id=\"24777e1d\" data-element_type=\"widget\" data-e-type=\"widget\" data-widget_type=\"heading.default\">\n\t\t\t\t<div class=\"elementor-widget-container\">\n\t\t\t\t\t<h3 class=\"elementor-heading-title elementor-size-default\">Emportez tout le n\u00e9cessaire pour la journ\u00e9e \u00e0 la crique\n<\/h3>\t\t\t\t<\/div>\n\t\t\t\t<\/div>\n\t\t\t\t<div class=\"elementor-element elementor-element-66a962f7 elementor-widget elementor-widget-text-editor\" data-id=\"66a962f7\" data-element_type=\"widget\" data-e-type=\"widget\" data-widget_type=\"text-editor.default\">\n\t\t\t\t<div class=\"elementor-widget-container\">\n\t\t\t\t\t\t\t\t\t<p><span style=\"font-weight: 400;\">Ici, il n\u2019y a ni bars ni boutiques, il est donc pr\u00e9f\u00e9rable d\u2019\u00eatre pr\u00e9par\u00e9 comme si vous \u00e9tiez un explorateur moderne.<\/span><\/p><p><span style=\"font-weight: 400;\">N\u2019oubliez pas d\u2019emporter de l\u2019<\/span><b>eau fra\u00eeche<\/b><span style=\"font-weight: 400;\"> pour passer la journ\u00e9e et des <\/span><b>sandwichs<\/b><span style=\"font-weight: 400;\">  qui sont meilleurs au soleil. Il est recommand\u00e9 d\u2019emporter <\/span> <b>un parasol<\/b><span style=\"font-weight: 400;\"> pour se prot\u00e9ger du soleil, et il est indispensable d\u2019emporter de la <\/span><b>cr\u00e8me solaire<\/b><span style=\"font-weight: 400;\">, car le soleil de Cala Pinets n\u2019\u00e9pargne personne. Nous vous conseillons \u00e9galement d\u2019emporter des  <\/span><b>chaussures confortables<\/b><span style=\"font-weight: 400;\"> pour marcher sur les rochers.<\/span><\/p><p><span style=\"font-weight: 400;\">N\u2019oubliez pas que si vous arrivez t\u00f4t, vous vous assurez un meilleur emplacement&nbsp;; mais sinon, <strong>vous pouvez avoir une excuse pour revenir un autre jour.<\/strong><\/span><\/p>\t\t\t\t\t\t\t\t<\/div>\n\t\t\t\t<\/div>\n\t\t\t\t\t<\/div>\n\t\t\t\t<\/div>\n\t\t<div class=\"elementor-element elementor-element-0287229 e-flex e-con-boxed e-con e-parent\" data-id=\"0287229\" data-element_type=\"container\" data-e-type=\"container\">\n\t\t\t\t\t<div class=\"e-con-inner\">\n\t\t\t\t<div class=\"elementor-element elementor-element-1f04cab elementor-widget elementor-widget-heading\" data-id=\"1f04cab\" data-element_type=\"widget\" data-e-type=\"widget\" data-widget_type=\"heading.default\">\n\t\t\t\t<div class=\"elementor-widget-container\">\n\t\t\t\t\t<h3 class=\"elementor-heading-title elementor-size-default\">Amusement pour les plus petits\n<\/h3>\t\t\t\t<\/div>\n\t\t\t\t<\/div>\n\t\t\t\t<div class=\"elementor-element elementor-element-3f62684 elementor-widget elementor-widget-text-editor\" data-id=\"3f62684\" data-element_type=\"widget\" data-e-type=\"widget\" data-widget_type=\"text-editor.default\">\n\t\t\t\t<div class=\"elementor-widget-container\">\n\t\t\t\t\t\t\t\t\t<p><span style=\"font-weight: 400;\">Les enfants s\u2019amuseront tellement qu\u2019ils oublieront les jeux vid\u00e9o. Dans les flaques sur les rochers, on peut trouver  <\/span><b>de petits poissons, des crabes et des coquillages<\/b><span style=\"font-weight: 400;\">. <\/span><span style=\"font-weight: 400;\">La <\/span><b>mer est peu profonde<\/b><span style=\"font-weight: 400;\"> dans plusieurs zones, ce qui rassure les parents afin qu\u2019ils puissent activer le mode relationnel.<\/span><\/p>\t\t\t\t\t\t\t\t<\/div>\n\t\t\t\t<\/div>\n\t\t\t\t\t<\/div>\n\t\t\t\t<\/div>\n\t\t<div class=\"elementor-element elementor-element-947f987 e-flex e-con-boxed e-con e-parent\" data-id=\"947f987\" data-element_type=\"container\" data-e-type=\"container\">\n\t\t\t\t\t<div class=\"e-con-inner\">\n\t\t\t\t<div class=\"elementor-element elementor-element-95517bf elementor-widget elementor-widget-heading\" data-id=\"95517bf\" data-element_type=\"widget\" data-e-type=\"widget\" data-widget_type=\"heading.default\">\n\t\t\t\t<div class=\"elementor-widget-container\">\n\t\t\t\t\t<h3 class=\"elementor-heading-title elementor-size-default\">D\u00e9tente pour adultes\n<\/h3>\t\t\t\t<\/div>\n\t\t\t\t<\/div>\n\t\t\t\t<div class=\"elementor-element elementor-element-0c43e21 elementor-widget elementor-widget-text-editor\" data-id=\"0c43e21\" data-element_type=\"widget\" data-e-type=\"widget\" data-widget_type=\"text-editor.default\">\n\t\t\t\t<div class=\"elementor-widget-container\">\n\t\t\t\t\t\t\t\t\t<p><span style=\"font-weight: 400;\">Ici, l\u2019expression \u00ab&nbsp;ne rien faire&nbsp;\u00bb est la protagoniste. Apportez un bon livre, mettez de la musique douce ou lancez-vous dans la sieste <\/span><b>  apr\u00e8s un bain accompagn\u00e9 de la brise marine. <\/b><span style=\"font-weight: 400;\">\u00c0 Cala Pinets, il n\u2019y a pas de wifi, mais la connexion avec le calme sera la seule chose dont vous aurez besoin.<\/span><\/p>\t\t\t\t\t\t\t\t<\/div>\n\t\t\t\t<\/div>\n\t\t\t\t<div class=\"elementor-element elementor-element-5086a01 elementor-widget elementor-widget-image\" data-id=\"5086a01\" data-element_type=\"widget\" data-e-type=\"widget\" data-widget_type=\"image.default\">\n\t\t\t\t<div class=\"elementor-widget-container\">\n\t\t\t\t\t\t\t\t\t\t\t\t\t\t\t<img decoding=\"async\" width=\"1337\" height=\"753\" src=\"https:\/\/www.ontravelholidayrentals.com\/blog\/wp-content\/uploads\/2025\/11\/como-llegar-cala-pinets.jpg\" class=\"attachment-full size-full wp-image-1308\" alt=\"\" srcset=\"https:\/\/www.ontravelholidayrentals.com\/blog\/wp-content\/uploads\/2025\/11\/como-llegar-cala-pinets.jpg 1337w, https:\/\/www.ontravelholidayrentals.com\/blog\/wp-content\/uploads\/2025\/11\/como-llegar-cala-pinets-300x169.jpg 300w, https:\/\/www.ontravelholidayrentals.com\/blog\/wp-content\/uploads\/2025\/11\/como-llegar-cala-pinets-1024x577.jpg 1024w, https:\/\/www.ontravelholidayrentals.com\/blog\/wp-content\/uploads\/2025\/11\/como-llegar-cala-pinets-768x433.jpg 768w\" sizes=\"(max-width: 1337px) 100vw, 1337px\" \/>\t\t\t\t\t\t\t\t\t\t\t\t\t\t\t<\/div>\n\t\t\t\t<\/div>\n\t\t\t\t\t<\/div>\n\t\t\t\t<\/div>\n\t\t<div class=\"elementor-element elementor-element-45c512e0 e-flex e-con-boxed e-con e-parent\" data-id=\"45c512e0\" data-element_type=\"container\" data-e-type=\"container\">\n\t\t\t\t\t<div class=\"e-con-inner\">\n\t\t\t\t<div class=\"elementor-element elementor-element-645d8b0 elementor-widget elementor-widget-heading\" data-id=\"645d8b0\" data-element_type=\"widget\" data-e-type=\"widget\" data-widget_type=\"heading.default\">\n\t\t\t\t<div class=\"elementor-widget-container\">\n\t\t\t\t\t<h2 class=\"elementor-heading-title elementor-size-default\">Explorez tout ce qu\u2019il y a \u00e0 faire dans les environs de Benissa\n<\/h2>\t\t\t\t<\/div>\n\t\t\t\t<\/div>\n\t\t\t\t<div class=\"elementor-element elementor-element-74b5dbb8 elementor-widget elementor-widget-text-editor\" data-id=\"74b5dbb8\" data-element_type=\"widget\" data-e-type=\"widget\" data-widget_type=\"text-editor.default\">\n\t\t\t\t<div class=\"elementor-widget-container\">\n\t\t\t\t\t\t\t\t\t<p><span style=\"font-weight: 400;\">Les environs de Cala Pinets ne demandent qu\u2019\u00e0 \u00eatre explor\u00e9s. La Route \u00e9cologique du littoral  <\/span><b>vous relie \u00e0 plus de criques et de points de vue que votre galerie de t\u00e9l\u00e9phone portable ne peut en supporter.<\/b><span style=\"font-weight: 400;\">  Si vous \u00eates de ceux qui prennent des photos de tout, ici, vous allez remplir la m\u00e9moire.<\/span><\/p><p><span style=\"font-weight: 400;\">Moraira a la promenade parfaite entre les bateaux et les glaces, <\/span><b>J\u00e1vea ajoute des restaurants et des grottes en bateau, et D\u00e9nia termine avec une vieille ville et des march\u00e9s aux puces avec une \u00e2me.<\/b> <span style=\"font-weight: 400;\">Une autre option&nbsp;? Se perdre dans les rues de Benissa. Un pur enchantement. Et si vous avez le temps, louez un v\u00e9lo et perdez-vous sans carte. Parfois, la meilleure chose qui puisse vous arriver est de ne pas savoir exactement o\u00f9 vous \u00eates.    <\/span><\/p>\t\t\t\t\t\t\t\t<\/div>\n\t\t\t\t<\/div>\n\t\t\t\t\t<\/div>\n\t\t\t\t<\/div>\n\t\t<div class=\"elementor-element elementor-element-66f1b1d e-flex e-con-boxed e-con e-parent\" data-id=\"66f1b1d\" data-element_type=\"container\" data-e-type=\"container\">\n\t\t\t\t\t<div class=\"e-con-inner\">\n\t\t\t\t<div class=\"elementor-element elementor-element-f4df904 elementor-widget elementor-widget-heading\" data-id=\"f4df904\" data-element_type=\"widget\" data-e-type=\"widget\" data-widget_type=\"heading.default\">\n\t\t\t\t<div class=\"elementor-widget-container\">\n\t\t\t\t\t<h2 class=\"elementor-heading-title elementor-size-default\">Venez profiter de Cala Pinets et d\u00e9connectez du monde pendant un moment\n<\/h2>\t\t\t\t<\/div>\n\t\t\t\t<\/div>\n\t\t\t\t<div class=\"elementor-element elementor-element-1df5611 elementor-widget elementor-widget-text-editor\" data-id=\"1df5611\" data-element_type=\"widget\" data-e-type=\"widget\" data-widget_type=\"text-editor.default\">\n\t\t\t\t<div class=\"elementor-widget-container\">\n\t\t\t\t\t\t\t\t\t<p><span style=\"font-weight: 400;\">Cala Pinets est ce bouton d\u2019arr\u00eat dont vous avez besoin pour des vacances o\u00f9 vous n\u2019avez \u00e0 penser \u00e0 rien. Et <\/span> <b>On Travel vous facilite la t\u00e2che <\/b><span style=\"font-weight: 400;\">avec ses appartements \u00e0 Oliva, Moraira, J\u00e1vea, Benissa ou Denia, alors arr\u00eatez de penser et d\u00e9connectez-vous avec nous.<\/span><\/p><p><span style=\"font-weight: 400;\">Cet endroit peut devenir votre nouveau refuge. Un de ceux o\u00f9 le temps se dilue et o\u00f9 vous comprenez enfin ce que signifient de vraies vacances. <\/span><b>. Parce que d\u00e9connecter, ce n\u2019est pas arr\u00eater de faire des choses, c\u2019est se reconnecter \u00e0 soi-m\u00eame.<\/b><span style=\"font-weight: 400;\">  Et cette crique, croyez-nous, est un endroit id\u00e9al pour commencer.<\/span><\/p>\t\t\t\t\t\t\t\t<\/div>\n\t\t\t\t<\/div>\n\t\t\t\t\t<\/div>\n\t\t\t\t<\/div>\n\t\t<div class=\"elementor-element elementor-element-1a948f9b e-flex e-con-boxed e-con e-parent\" data-id=\"1a948f9b\" data-element_type=\"container\" data-e-type=\"container\">\n\t\t\t\t\t<div class=\"e-con-inner\">\n\t\t\t\t<div class=\"elementor-element elementor-element-6991ab7d elementor-widget elementor-widget-grid\" data-id=\"6991ab7d\" data-element_type=\"widget\" data-e-type=\"widget\" data-widget_type=\"grid.default\">\n\t\t\t\t<div class=\"elementor-widget-container\">\n\t\t\t\t\t\t\t<div class=\"its--row alojamientos-recomendados\">\n\n\t\t\t<div class=\"alojamientos-recomendados-container\">\n\n\t\t\t\t\t\n\t\t\t\t\t<a href=\"https:\/\/www.ontravelholidayrentals.com\/fr\/location\/villa-oliva-villa-vermeer-51-460858.html\" rel=\"nofollow\" style=\"width: 23%;\">\n\t\t\t\t\t\t<div class=\"apartamento-box\">\n\t\t\t\t\t\t\t<div class=\"imagen_recomendados\">\n\t\t\t\t\t\t\t\t<img decoding=\"async\" src=\"https:\/\/crs.avantio.com\/fotos\/2\/1703084140d3f439d9b3375a13b4f0e50afb895aaa\/big1703332585741831091dd4ad756385090fb49199ea.jpg\" alt=\"Villa Colibri by ON Travel\">\n\t\t\t\t\t\t\t<\/div>\n\t\t\t\t\t\t\t<div class=\"info\">\n\t\t\t\t\t\t\t\t<div class=\"ubicacion\">\n\t\t\t\t\t\t\t\t\t<i class=\"fa-solid fa-location-dot icono-mapa\"><\/i><span class=\"ubicacion-texto\">Oliva - Dpt. Valencia<\/span>\n\t\t\t\t\t\t\t\t<\/div>\n\t\t\t\t\t\t\t\t<H3 class=\"titulo-alojamiento\">\n\t\t\t\t\t\t\t\t\tVilla Colibri by ON Travel\t\t\t\t\t\t\t\t<\/H3>\n\t\t\t\t\t\t\t\t<p class=\"precio-alojamiento\">\u00c0 partir de <span class=\"precio\">328.00\u20ac<\/span> par nuit<\/p>\n\t\t\t\t\t\t\t<\/div>\n\t\t\t\t\t\t<\/div>\n\t\t\t\t\t<\/a> \n\t\t\t\t\t\t\n\t\t\t\t\t<a href=\"https:\/\/www.ontravelholidayrentals.com\/fr\/location\/villa-oliva-villa-vermeer-21-461268.html\" rel=\"nofollow\" style=\"width: 23%;\">\n\t\t\t\t\t\t<div class=\"apartamento-box\">\n\t\t\t\t\t\t\t<div class=\"imagen_recomendados\">\n\t\t\t\t\t\t\t\t<img decoding=\"async\" src=\"https:\/\/crs.avantio.com\/fotos\/2\/1703335589811fbc048cd27ef2e70871e03571a65f\/big17033356189dc73706c960d3ef8712f0c901543b8b.jpg\" alt=\"Villa Solana  by ON Travel\">\n\t\t\t\t\t\t\t<\/div>\n\t\t\t\t\t\t\t<div class=\"info\">\n\t\t\t\t\t\t\t\t<div class=\"ubicacion\">\n\t\t\t\t\t\t\t\t\t<i class=\"fa-solid fa-location-dot icono-mapa\"><\/i><span class=\"ubicacion-texto\">Oliva - Dpt. Valencia<\/span>\n\t\t\t\t\t\t\t\t<\/div>\n\t\t\t\t\t\t\t\t<H3 class=\"titulo-alojamiento\">\n\t\t\t\t\t\t\t\t\tVilla Solana  by ON Travel\t\t\t\t\t\t\t\t<\/H3>\n\t\t\t\t\t\t\t\t<p class=\"precio-alojamiento\">\u00c0 partir de <span class=\"precio\">217.00\u20ac<\/span> par nuit<\/p>\n\t\t\t\t\t\t\t<\/div>\n\t\t\t\t\t\t<\/div>\n\t\t\t\t\t<\/a> \n\t\t\t\t\t\t\n\t\t\t\t\t<a href=\"https:\/\/www.ontravelholidayrentals.com\/fr\/location\/villa-oliva-villa-vermeer-25-461292.html\" rel=\"nofollow\" style=\"width: 23%;\">\n\t\t\t\t\t\t<div class=\"apartamento-box\">\n\t\t\t\t\t\t\t<div class=\"imagen_recomendados\">\n\t\t\t\t\t\t\t\t<img decoding=\"async\" src=\"https:\/\/crs.avantio.com\/fotos\/2\/1705335735591b101a10adf0c9165b293b19af3489\/big1705335762de9703dc1854540c9777fd4932b0499a.jpg\" alt=\"Greenside oasis villa by ON Travel\">\n\t\t\t\t\t\t\t<\/div>\n\t\t\t\t\t\t\t<div class=\"info\">\n\t\t\t\t\t\t\t\t<div class=\"ubicacion\">\n\t\t\t\t\t\t\t\t\t<i class=\"fa-solid fa-location-dot icono-mapa\"><\/i><span class=\"ubicacion-texto\">Oliva - Dpt. Valencia<\/span>\n\t\t\t\t\t\t\t\t<\/div>\n\t\t\t\t\t\t\t\t<H3 class=\"titulo-alojamiento\">\n\t\t\t\t\t\t\t\t\tGreenside oasis villa by ON Travel\t\t\t\t\t\t\t\t<\/H3>\n\t\t\t\t\t\t\t\t<p class=\"precio-alojamiento\">\u00c0 partir de <span class=\"precio\">328.00\u20ac<\/span> par nuit<\/p>\n\t\t\t\t\t\t\t<\/div>\n\t\t\t\t\t\t<\/div>\n\t\t\t\t\t<\/a> \n\t\t\t\t\t\t\n\t\t\t\t\t<a href=\"https:\/\/www.ontravelholidayrentals.com\/fr\/location\/villa-oliva-villa-vermeer-43-461293.html\" rel=\"nofollow\" style=\"width: 23%;\">\n\t\t\t\t\t\t<div class=\"apartamento-box\">\n\t\t\t\t\t\t\t<div class=\"imagen_recomendados\">\n\t\t\t\t\t\t\t\t<img decoding=\"async\" src=\"https:\/\/crs.avantio.com\/fotos\/2\/17054241108ffb3352fb1b6efd3c6e1c3097debf40\/big170542451565ad5f2b0843b6346526f00ede7b3ef7.jpg\" alt=\"Villa Cisne by ON Travel\">\n\t\t\t\t\t\t\t<\/div>\n\t\t\t\t\t\t\t<div class=\"info\">\n\t\t\t\t\t\t\t\t<div class=\"ubicacion\">\n\t\t\t\t\t\t\t\t\t<i class=\"fa-solid fa-location-dot icono-mapa\"><\/i><span class=\"ubicacion-texto\">Oliva - Dpt. Valencia<\/span>\n\t\t\t\t\t\t\t\t<\/div>\n\t\t\t\t\t\t\t\t<H3 class=\"titulo-alojamiento\">\n\t\t\t\t\t\t\t\t\tVilla Cisne by ON Travel\t\t\t\t\t\t\t\t<\/H3>\n\t\t\t\t\t\t\t\t<p class=\"precio-alojamiento\">\u00c0 partir de <span class=\"precio\">205.00\u20ac<\/span> par nuit<\/p>\n\t\t\t\t\t\t\t<\/div>\n\t\t\t\t\t\t<\/div>\n\t\t\t\t\t<\/a> \n\t\t\t\t\t\t\t\t<\/div>\n\t\t\t<\/div>\n\t\t\t\t\t\t<\/div>\n\t\t\t\t<\/div>\n\t\t\t\t\t<\/div>\n\t\t\t\t<\/div>\n\t\t\t\t<\/div>\n\t\t","protected":false},"excerpt":{"rendered":"<p>\u00c0 quand remonte votre derni\u00e8re pause avec la mer comme bande sonore&nbsp;? Nous vous pr\u00e9sentons Cala Pinets, \u00e0 Benissa&nbsp;: un coin o\u00f9 les vacances sont synonymes de d\u00e9tente par d\u00e9faut. Ici, pas de stress, juste la mer bleue, l\u2019envie de s\u2019amuser et On Travel comme complice d\u2019un super plan de d\u00e9connexion totale. (oui, m\u00eame votre [&hellip;]<\/p>\n","protected":false},"author":4,"featured_media":1300,"comment_status":"open","ping_status":"open","sticky":false,"template":"elementor_header_footer","format":"standard","meta":{"footnotes":""},"categories":[35],"tags":[],"class_list":["post-1355","post","type-post","status-publish","format-standard","has-post-thumbnail","hentry","category-costa-blanca-fr"],"yoast_head":"<!-- This site is optimized with the Yoast SEO plugin v25.2 - https:\/\/yoast.com\/wordpress\/plugins\/seo\/ -->\n<title>Cala Pinets&nbsp;: un coin cach\u00e9 \u00e0 l\u2019\u00e2me m\u00e9diterran\u00e9enne - Blog<\/title>\n<meta name=\"description\" content=\"D\u00e9tendez-vous \u00e0 Cala Pinets, Benissa, un coin de nature id\u00e9al pour nager et profiter de la mer.\" \/>\n<meta name=\"robots\" content=\"index, follow, max-snippet:-1, max-image-preview:large, max-video-preview:-1\" \/>\n<link rel=\"canonical\" href=\"https:\/\/www.ontravelholidayrentals.com\/blog\/fr\/cala-pinets\/\" \/>\n<meta property=\"og:locale\" content=\"fr_FR\" \/>\n<meta property=\"og:type\" content=\"article\" \/>\n<meta property=\"og:title\" content=\"Cala Pinets&nbsp;: un coin cach\u00e9 \u00e0 l\u2019\u00e2me m\u00e9diterran\u00e9enne - Blog\" \/>\n<meta property=\"og:description\" content=\"D\u00e9tendez-vous \u00e0 Cala Pinets, Benissa, un coin de nature id\u00e9al pour nager et profiter de la mer.\" \/>\n<meta property=\"og:url\" content=\"https:\/\/www.ontravelholidayrentals.com\/blog\/fr\/cala-pinets\/\" \/>\n<meta property=\"og:site_name\" content=\"Blog\" \/>\n<meta property=\"article:published_time\" content=\"2025-11-13T12:08:40+00:00\" \/>\n<meta property=\"article:modified_time\" content=\"2025-11-26T08:00:20+00:00\" \/>\n<meta property=\"og:image\" content=\"https:\/\/www.ontravelholidayrentals.com\/blog\/wp-content\/uploads\/2025\/11\/cala-pinets-benissa.jpg\" \/>\n\t<meta property=\"og:image:width\" content=\"2121\" \/>\n\t<meta property=\"og:image:height\" content=\"707\" \/>\n\t<meta property=\"og:image:type\" content=\"image\/jpeg\" \/>\n<meta name=\"author\" content=\"Axel\" \/>\n<meta name=\"twitter:card\" content=\"summary_large_image\" \/>\n<meta name=\"twitter:label1\" content=\"\u00c9crit par\" \/>\n\t<meta name=\"twitter:data1\" content=\"Axel\" \/>\n\t<meta name=\"twitter:label2\" content=\"Dur\u00e9e de lecture estim\u00e9e\" \/>\n\t<meta name=\"twitter:data2\" content=\"6 minutes\" \/>\n<script type=\"application\/ld+json\" class=\"yoast-schema-graph\">{\"@context\":\"https:\/\/schema.org\",\"@graph\":[{\"@type\":\"Article\",\"@id\":\"https:\/\/www.ontravelholidayrentals.com\/blog\/fr\/cala-pinets\/#article\",\"isPartOf\":{\"@id\":\"https:\/\/www.ontravelholidayrentals.com\/blog\/fr\/cala-pinets\/\"},\"author\":{\"name\":\"Axel\",\"@id\":\"https:\/\/www.ontravelholidayrentals.com\/blog\/fr\/#\/schema\/person\/907601cb91b08af60b0fec9e629a4883\"},\"headline\":\"Cala Pinets&nbsp;: un coin cach\u00e9 \u00e0 l\u2019\u00e2me m\u00e9diterran\u00e9enne\",\"datePublished\":\"2025-11-13T12:08:40+00:00\",\"dateModified\":\"2025-11-26T08:00:20+00:00\",\"mainEntityOfPage\":{\"@id\":\"https:\/\/www.ontravelholidayrentals.com\/blog\/fr\/cala-pinets\/\"},\"wordCount\":1133,\"commentCount\":0,\"publisher\":{\"@id\":\"https:\/\/www.ontravelholidayrentals.com\/blog\/fr\/#organization\"},\"image\":{\"@id\":\"https:\/\/www.ontravelholidayrentals.com\/blog\/fr\/cala-pinets\/#primaryimage\"},\"thumbnailUrl\":\"https:\/\/www.ontravelholidayrentals.com\/blog\/wp-content\/uploads\/2025\/11\/cala-pinets-benissa.jpg\",\"articleSection\":[\"Costa Blanca\"],\"inLanguage\":\"fr-FR\",\"potentialAction\":[{\"@type\":\"CommentAction\",\"name\":\"Comment\",\"target\":[\"https:\/\/www.ontravelholidayrentals.com\/blog\/fr\/cala-pinets\/#respond\"]}]},{\"@type\":\"WebPage\",\"@id\":\"https:\/\/www.ontravelholidayrentals.com\/blog\/fr\/cala-pinets\/\",\"url\":\"https:\/\/www.ontravelholidayrentals.com\/blog\/fr\/cala-pinets\/\",\"name\":\"Cala Pinets&nbsp;: un coin cach\u00e9 \u00e0 l\u2019\u00e2me m\u00e9diterran\u00e9enne - Blog\",\"isPartOf\":{\"@id\":\"https:\/\/www.ontravelholidayrentals.com\/blog\/fr\/#website\"},\"primaryImageOfPage\":{\"@id\":\"https:\/\/www.ontravelholidayrentals.com\/blog\/fr\/cala-pinets\/#primaryimage\"},\"image\":{\"@id\":\"https:\/\/www.ontravelholidayrentals.com\/blog\/fr\/cala-pinets\/#primaryimage\"},\"thumbnailUrl\":\"https:\/\/www.ontravelholidayrentals.com\/blog\/wp-content\/uploads\/2025\/11\/cala-pinets-benissa.jpg\",\"datePublished\":\"2025-11-13T12:08:40+00:00\",\"dateModified\":\"2025-11-26T08:00:20+00:00\",\"description\":\"D\u00e9tendez-vous \u00e0 Cala Pinets, Benissa, un coin de nature id\u00e9al pour nager et profiter de la mer.\",\"breadcrumb\":{\"@id\":\"https:\/\/www.ontravelholidayrentals.com\/blog\/fr\/cala-pinets\/#breadcrumb\"},\"inLanguage\":\"fr-FR\",\"potentialAction\":[{\"@type\":\"ReadAction\",\"target\":[\"https:\/\/www.ontravelholidayrentals.com\/blog\/fr\/cala-pinets\/\"]}]},{\"@type\":\"ImageObject\",\"inLanguage\":\"fr-FR\",\"@id\":\"https:\/\/www.ontravelholidayrentals.com\/blog\/fr\/cala-pinets\/#primaryimage\",\"url\":\"https:\/\/www.ontravelholidayrentals.com\/blog\/wp-content\/uploads\/2025\/11\/cala-pinets-benissa.jpg\",\"contentUrl\":\"https:\/\/www.ontravelholidayrentals.com\/blog\/wp-content\/uploads\/2025\/11\/cala-pinets-benissa.jpg\",\"width\":2121,\"height\":707,\"caption\":\"Cala Pinets beach in Benissa also Benisa of Alicante at Spain\"},{\"@type\":\"BreadcrumbList\",\"@id\":\"https:\/\/www.ontravelholidayrentals.com\/blog\/fr\/cala-pinets\/#breadcrumb\",\"itemListElement\":[{\"@type\":\"ListItem\",\"position\":1,\"name\":\"Portada\",\"item\":\"https:\/\/www.ontravelholidayrentals.com\/blog\/fr\/\"},{\"@type\":\"ListItem\",\"position\":2,\"name\":\"Cala Pinets&nbsp;: un coin cach\u00e9 \u00e0 l\u2019\u00e2me m\u00e9diterran\u00e9enne\"}]},{\"@type\":\"WebSite\",\"@id\":\"https:\/\/www.ontravelholidayrentals.com\/blog\/fr\/#website\",\"url\":\"https:\/\/www.ontravelholidayrentals.com\/blog\/fr\/\",\"name\":\"Blog\",\"description\":\"Ontravelholidayrentals\",\"publisher\":{\"@id\":\"https:\/\/www.ontravelholidayrentals.com\/blog\/fr\/#organization\"},\"potentialAction\":[{\"@type\":\"SearchAction\",\"target\":{\"@type\":\"EntryPoint\",\"urlTemplate\":\"https:\/\/www.ontravelholidayrentals.com\/blog\/fr\/?s={search_term_string}\"},\"query-input\":{\"@type\":\"PropertyValueSpecification\",\"valueRequired\":true,\"valueName\":\"search_term_string\"}}],\"inLanguage\":\"fr-FR\"},{\"@type\":\"Organization\",\"@id\":\"https:\/\/www.ontravelholidayrentals.com\/blog\/fr\/#organization\",\"name\":\"Blog\",\"url\":\"https:\/\/www.ontravelholidayrentals.com\/blog\/fr\/\",\"logo\":{\"@type\":\"ImageObject\",\"inLanguage\":\"fr-FR\",\"@id\":\"https:\/\/www.ontravelholidayrentals.com\/blog\/fr\/#\/schema\/logo\/image\/\",\"url\":\"https:\/\/www.ontravelholidayrentals.com\/blog\/wp-content\/uploads\/2025\/02\/logo-oliva-nova.webp\",\"contentUrl\":\"https:\/\/www.ontravelholidayrentals.com\/blog\/wp-content\/uploads\/2025\/02\/logo-oliva-nova.webp\",\"width\":2454,\"height\":875,\"caption\":\"Blog\"},\"image\":{\"@id\":\"https:\/\/www.ontravelholidayrentals.com\/blog\/fr\/#\/schema\/logo\/image\/\"}},{\"@type\":\"Person\",\"@id\":\"https:\/\/www.ontravelholidayrentals.com\/blog\/fr\/#\/schema\/person\/907601cb91b08af60b0fec9e629a4883\",\"name\":\"Axel\",\"image\":{\"@type\":\"ImageObject\",\"inLanguage\":\"fr-FR\",\"@id\":\"https:\/\/www.ontravelholidayrentals.com\/blog\/fr\/#\/schema\/person\/image\/\",\"url\":\"https:\/\/secure.gravatar.com\/avatar\/3bd706736e5b70f21f05f6c2d5cad746767782a4ba4b7df399c5969e2a9318fd?s=96&d=mm&r=g\",\"contentUrl\":\"https:\/\/secure.gravatar.com\/avatar\/3bd706736e5b70f21f05f6c2d5cad746767782a4ba4b7df399c5969e2a9318fd?s=96&d=mm&r=g\",\"caption\":\"Axel\"},\"url\":\"https:\/\/www.ontravelholidayrentals.com\/blog\/fr\/author\/axel\/\"}]}<\/script>\n<!-- \/ Yoast SEO plugin. -->","yoast_head_json":{"title":"Cala Pinets&nbsp;: un coin cach\u00e9 \u00e0 l\u2019\u00e2me m\u00e9diterran\u00e9enne - Blog","description":"D\u00e9tendez-vous \u00e0 Cala Pinets, Benissa, un coin de nature id\u00e9al pour nager et profiter de la mer.","robots":{"index":"index","follow":"follow","max-snippet":"max-snippet:-1","max-image-preview":"max-image-preview:large","max-video-preview":"max-video-preview:-1"},"canonical":"https:\/\/www.ontravelholidayrentals.com\/blog\/fr\/cala-pinets\/","og_locale":"fr_FR","og_type":"article","og_title":"Cala Pinets&nbsp;: un coin cach\u00e9 \u00e0 l\u2019\u00e2me m\u00e9diterran\u00e9enne - Blog","og_description":"D\u00e9tendez-vous \u00e0 Cala Pinets, Benissa, un coin de nature id\u00e9al pour nager et profiter de la mer.","og_url":"https:\/\/www.ontravelholidayrentals.com\/blog\/fr\/cala-pinets\/","og_site_name":"Blog","article_published_time":"2025-11-13T12:08:40+00:00","article_modified_time":"2025-11-26T08:00:20+00:00","og_image":[{"width":2121,"height":707,"url":"https:\/\/www.ontravelholidayrentals.com\/blog\/wp-content\/uploads\/2025\/11\/cala-pinets-benissa.jpg","type":"image\/jpeg"}],"author":"Axel","twitter_card":"summary_large_image","twitter_misc":{"\u00c9crit par":"Axel","Dur\u00e9e de lecture estim\u00e9e":"6 minutes"},"schema":{"@context":"https:\/\/schema.org","@graph":[{"@type":"Article","@id":"https:\/\/www.ontravelholidayrentals.com\/blog\/fr\/cala-pinets\/#article","isPartOf":{"@id":"https:\/\/www.ontravelholidayrentals.com\/blog\/fr\/cala-pinets\/"},"author":{"name":"Axel","@id":"https:\/\/www.ontravelholidayrentals.com\/blog\/fr\/#\/schema\/person\/907601cb91b08af60b0fec9e629a4883"},"headline":"Cala Pinets&nbsp;: un coin cach\u00e9 \u00e0 l\u2019\u00e2me m\u00e9diterran\u00e9enne","datePublished":"2025-11-13T12:08:40+00:00","dateModified":"2025-11-26T08:00:20+00:00","mainEntityOfPage":{"@id":"https:\/\/www.ontravelholidayrentals.com\/blog\/fr\/cala-pinets\/"},"wordCount":1133,"commentCount":0,"publisher":{"@id":"https:\/\/www.ontravelholidayrentals.com\/blog\/fr\/#organization"},"image":{"@id":"https:\/\/www.ontravelholidayrentals.com\/blog\/fr\/cala-pinets\/#primaryimage"},"thumbnailUrl":"https:\/\/www.ontravelholidayrentals.com\/blog\/wp-content\/uploads\/2025\/11\/cala-pinets-benissa.jpg","articleSection":["Costa Blanca"],"inLanguage":"fr-FR","potentialAction":[{"@type":"CommentAction","name":"Comment","target":["https:\/\/www.ontravelholidayrentals.com\/blog\/fr\/cala-pinets\/#respond"]}]},{"@type":"WebPage","@id":"https:\/\/www.ontravelholidayrentals.com\/blog\/fr\/cala-pinets\/","url":"https:\/\/www.ontravelholidayrentals.com\/blog\/fr\/cala-pinets\/","name":"Cala Pinets&nbsp;: un coin cach\u00e9 \u00e0 l\u2019\u00e2me m\u00e9diterran\u00e9enne - Blog","isPartOf":{"@id":"https:\/\/www.ontravelholidayrentals.com\/blog\/fr\/#website"},"primaryImageOfPage":{"@id":"https:\/\/www.ontravelholidayrentals.com\/blog\/fr\/cala-pinets\/#primaryimage"},"image":{"@id":"https:\/\/www.ontravelholidayrentals.com\/blog\/fr\/cala-pinets\/#primaryimage"},"thumbnailUrl":"https:\/\/www.ontravelholidayrentals.com\/blog\/wp-content\/uploads\/2025\/11\/cala-pinets-benissa.jpg","datePublished":"2025-11-13T12:08:40+00:00","dateModified":"2025-11-26T08:00:20+00:00","description":"D\u00e9tendez-vous \u00e0 Cala Pinets, Benissa, un coin de nature id\u00e9al pour nager et profiter de la mer.","breadcrumb":{"@id":"https:\/\/www.ontravelholidayrentals.com\/blog\/fr\/cala-pinets\/#breadcrumb"},"inLanguage":"fr-FR","potentialAction":[{"@type":"ReadAction","target":["https:\/\/www.ontravelholidayrentals.com\/blog\/fr\/cala-pinets\/"]}]},{"@type":"ImageObject","inLanguage":"fr-FR","@id":"https:\/\/www.ontravelholidayrentals.com\/blog\/fr\/cala-pinets\/#primaryimage","url":"https:\/\/www.ontravelholidayrentals.com\/blog\/wp-content\/uploads\/2025\/11\/cala-pinets-benissa.jpg","contentUrl":"https:\/\/www.ontravelholidayrentals.com\/blog\/wp-content\/uploads\/2025\/11\/cala-pinets-benissa.jpg","width":2121,"height":707,"caption":"Cala Pinets beach in Benissa also Benisa of Alicante at Spain"},{"@type":"BreadcrumbList","@id":"https:\/\/www.ontravelholidayrentals.com\/blog\/fr\/cala-pinets\/#breadcrumb","itemListElement":[{"@type":"ListItem","position":1,"name":"Portada","item":"https:\/\/www.ontravelholidayrentals.com\/blog\/fr\/"},{"@type":"ListItem","position":2,"name":"Cala Pinets&nbsp;: un coin cach\u00e9 \u00e0 l\u2019\u00e2me m\u00e9diterran\u00e9enne"}]},{"@type":"WebSite","@id":"https:\/\/www.ontravelholidayrentals.com\/blog\/fr\/#website","url":"https:\/\/www.ontravelholidayrentals.com\/blog\/fr\/","name":"Blog","description":"Ontravelholidayrentals","publisher":{"@id":"https:\/\/www.ontravelholidayrentals.com\/blog\/fr\/#organization"},"potentialAction":[{"@type":"SearchAction","target":{"@type":"EntryPoint","urlTemplate":"https:\/\/www.ontravelholidayrentals.com\/blog\/fr\/?s={search_term_string}"},"query-input":{"@type":"PropertyValueSpecification","valueRequired":true,"valueName":"search_term_string"}}],"inLanguage":"fr-FR"},{"@type":"Organization","@id":"https:\/\/www.ontravelholidayrentals.com\/blog\/fr\/#organization","name":"Blog","url":"https:\/\/www.ontravelholidayrentals.com\/blog\/fr\/","logo":{"@type":"ImageObject","inLanguage":"fr-FR","@id":"https:\/\/www.ontravelholidayrentals.com\/blog\/fr\/#\/schema\/logo\/image\/","url":"https:\/\/www.ontravelholidayrentals.com\/blog\/wp-content\/uploads\/2025\/02\/logo-oliva-nova.webp","contentUrl":"https:\/\/www.ontravelholidayrentals.com\/blog\/wp-content\/uploads\/2025\/02\/logo-oliva-nova.webp","width":2454,"height":875,"caption":"Blog"},"image":{"@id":"https:\/\/www.ontravelholidayrentals.com\/blog\/fr\/#\/schema\/logo\/image\/"}},{"@type":"Person","@id":"https:\/\/www.ontravelholidayrentals.com\/blog\/fr\/#\/schema\/person\/907601cb91b08af60b0fec9e629a4883","name":"Axel","image":{"@type":"ImageObject","inLanguage":"fr-FR","@id":"https:\/\/www.ontravelholidayrentals.com\/blog\/fr\/#\/schema\/person\/image\/","url":"https:\/\/secure.gravatar.com\/avatar\/3bd706736e5b70f21f05f6c2d5cad746767782a4ba4b7df399c5969e2a9318fd?s=96&d=mm&r=g","contentUrl":"https:\/\/secure.gravatar.com\/avatar\/3bd706736e5b70f21f05f6c2d5cad746767782a4ba4b7df399c5969e2a9318fd?s=96&d=mm&r=g","caption":"Axel"},"url":"https:\/\/www.ontravelholidayrentals.com\/blog\/fr\/author\/axel\/"}]}},"_links":{"self":[{"href":"https:\/\/www.ontravelholidayrentals.com\/blog\/fr\/wp-json\/wp\/v2\/posts\/1355","targetHints":{"allow":["GET"]}}],"collection":[{"href":"https:\/\/www.ontravelholidayrentals.com\/blog\/fr\/wp-json\/wp\/v2\/posts"}],"about":[{"href":"https:\/\/www.ontravelholidayrentals.com\/blog\/fr\/wp-json\/wp\/v2\/types\/post"}],"author":[{"embeddable":true,"href":"https:\/\/www.ontravelholidayrentals.com\/blog\/fr\/wp-json\/wp\/v2\/users\/4"}],"replies":[{"embeddable":true,"href":"https:\/\/www.ontravelholidayrentals.com\/blog\/fr\/wp-json\/wp\/v2\/comments?post=1355"}],"version-history":[{"count":1,"href":"https:\/\/www.ontravelholidayrentals.com\/blog\/fr\/wp-json\/wp\/v2\/posts\/1355\/revisions"}],"predecessor-version":[{"id":1356,"href":"https:\/\/www.ontravelholidayrentals.com\/blog\/fr\/wp-json\/wp\/v2\/posts\/1355\/revisions\/1356"}],"wp:featuredmedia":[{"embeddable":true,"href":"https:\/\/www.ontravelholidayrentals.com\/blog\/fr\/wp-json\/wp\/v2\/media\/1300"}],"wp:attachment":[{"href":"https:\/\/www.ontravelholidayrentals.com\/blog\/fr\/wp-json\/wp\/v2\/media?parent=1355"}],"wp:term":[{"taxonomy":"category","embeddable":true,"href":"https:\/\/www.ontravelholidayrentals.com\/blog\/fr\/wp-json\/wp\/v2\/categories?post=1355"},{"taxonomy":"post_tag","embeddable":true,"href":"https:\/\/www.ontravelholidayrentals.com\/blog\/fr\/wp-json\/wp\/v2\/tags?post=1355"}],"curies":[{"name":"wp","href":"https:\/\/api.w.org\/{rel}","templated":true}]}}