{"id":1281,"date":"2025-10-13T09:15:30","date_gmt":"2025-10-13T09:15:30","guid":{"rendered":"https:\/\/www.ontravelholidayrentals.com\/blog\/?p=1281"},"modified":"2025-11-26T07:59:54","modified_gmt":"2025-11-26T07:59:54","slug":"chateau-denia","status":"publish","type":"post","link":"https:\/\/www.ontravelholidayrentals.com\/blog\/fr\/chateau-denia\/","title":{"rendered":"Ch\u00e2teau de D\u00e9nia : histoire, vues et secrets de l\u2019une des ic\u00f4nes de la Costa Blanca"},"content":{"rendered":"\t\t<div data-elementor-type=\"wp-post\" data-elementor-id=\"1281\" class=\"elementor elementor-1281 elementor-1228\" data-elementor-post-type=\"post\">\n\t\t\t\t<div class=\"elementor-element elementor-element-ce1dbed e-flex e-con-boxed e-con e-parent\" data-id=\"ce1dbed\" data-element_type=\"container\" data-e-type=\"container\" data-settings=\"{&quot;background_background&quot;:&quot;classic&quot;}\">\n\t\t\t\t\t<div class=\"e-con-inner\">\n\t\t\t\t<div class=\"elementor-element elementor-element-17fdd11 elementor-widget elementor-widget-heading\" data-id=\"17fdd11\" data-element_type=\"widget\" data-e-type=\"widget\" data-widget_type=\"heading.default\">\n\t\t\t\t<div class=\"elementor-widget-container\">\n\t\t\t\t\t<h1 class=\"elementor-heading-title elementor-size-default\">Ch\u00e2teau de D\u00e9nia : histoire, vues et secrets de l\u2019une des ic\u00f4nes de la Costa Blanca<\/h1>\t\t\t\t<\/div>\n\t\t\t\t<\/div>\n\t\t\t\t\t<\/div>\n\t\t\t\t<\/div>\n\t\t<div class=\"elementor-element elementor-element-3ed51fee e-flex e-con-boxed e-con e-parent\" data-id=\"3ed51fee\" data-element_type=\"container\" data-e-type=\"container\">\n\t\t\t\t\t<div class=\"e-con-inner\">\n\t\t\t\t<div class=\"elementor-element elementor-element-1d2f0056 elementor-widget elementor-widget-text-editor\" data-id=\"1d2f0056\" data-element_type=\"widget\" data-e-type=\"widget\" data-widget_type=\"text-editor.default\">\n\t\t\t\t<div class=\"elementor-widget-container\">\n\t\t\t\t\t\t\t\t\t<p><span style=\"font-weight: 400;\">Si vous aimez d\u00e9couvrir des coins charg\u00e9s d\u2019histoire, vous promener sur des itin\u00e9raires et \u00eatre \u00e9merveill\u00e9 par des <\/span><b>vues dignes d\u2019une carte postale<\/b><span style=\"font-weight: 400;\">, inscrivez le ch\u00e2teau de D\u00e9nia sur votre liste de priorit\u00e9s de voyage.<\/span><\/p><p><span style=\"font-weight: 400;\">Il existe peu d\u2019endroits sur la Costa Blanca qui ont autant de choses \u00e0 raconter et autant de coins pleins d\u2019\u00e2me, o\u00f9 se m\u00e9langent des si\u00e8cles de <\/span><b>batailles<\/b><span style=\"font-weight: 400;\">, <\/span><b>de cultures<\/b><span style=\"font-weight: 400;\"> et d\u2019autres <\/span><b>l\u00e9gendes de marins<\/b><span style=\"font-weight: 400;\">.<\/span><\/p><p><span style=\"font-weight: 400;\">Chez On Travel, nous veillons \u00e0 ce que votre visite soit <\/span><b>agr\u00e9able<\/b><span style=\"font-weight: 400;\"> et surtout <\/span><b>sans aucun probl\u00e8me.<\/b> <span style=\"font-weight: 400;\">L\u2019id\u00e9e est que vous puissiez profiter de ce monument d\u2019Alicante o\u00f9 chaque pierre a son histoire et chaque pas que vous faites vous laissera captiv\u00e9. Aujourd\u2019hui, nous vous disons tout ce que vous devez savoir sur le ch\u00e2teau de Denia. Allons-y&nbsp;!  <\/span><\/p>\t\t\t\t\t\t\t\t<\/div>\n\t\t\t\t<\/div>\n\t\t\t\t\t<\/div>\n\t\t\t\t<\/div>\n\t\t<div class=\"elementor-element elementor-element-12faece e-flex e-con-boxed e-con e-parent\" data-id=\"12faece\" data-element_type=\"container\" data-e-type=\"container\">\n\t\t\t\t\t<div class=\"e-con-inner\">\n\t\t\t\t<div class=\"elementor-element elementor-element-35ae1ca8 elementor-widget elementor-widget-table-of-contents\" data-id=\"35ae1ca8\" data-element_type=\"widget\" data-e-type=\"widget\" data-settings=\"{&quot;headings_by_tags&quot;:[&quot;h2&quot;],&quot;exclude_headings_by_selector&quot;:[],&quot;marker_view&quot;:&quot;bullets&quot;,&quot;icon&quot;:{&quot;value&quot;:&quot;&quot;,&quot;library&quot;:&quot;&quot;},&quot;no_headings_message&quot;:&quot;No headings were found on this page.&quot;,&quot;hierarchical_view&quot;:&quot;yes&quot;,&quot;min_height&quot;:{&quot;unit&quot;:&quot;px&quot;,&quot;size&quot;:&quot;&quot;,&quot;sizes&quot;:[]},&quot;min_height_tablet&quot;:{&quot;unit&quot;:&quot;px&quot;,&quot;size&quot;:&quot;&quot;,&quot;sizes&quot;:[]},&quot;min_height_mobile&quot;:{&quot;unit&quot;:&quot;px&quot;,&quot;size&quot;:&quot;&quot;,&quot;sizes&quot;:[]}}\" data-widget_type=\"table-of-contents.default\">\n\t\t\t\t<div class=\"elementor-widget-container\">\n\t\t\t\t\t\t\t\t\t<div class=\"elementor-toc__header\">\n\t\t\t\t\t\t<div class=\"elementor-toc__header-title\">\n\t\t\t\tIndex\t\t\t<\/div>\n\t\t\t\t\t\t\t\t<\/div>\n\t\t\t\t<div id=\"elementor-toc__35ae1ca8\" class=\"elementor-toc__body\">\n\t\t\t<div class=\"elementor-toc__spinner-container\">\n\t\t\t\t<svg class=\"elementor-toc__spinner eicon-animation-spin e-font-icon-svg e-eicon-loading\" aria-hidden=\"true\" viewBox=\"0 0 1000 1000\" xmlns=\"http:\/\/www.w3.org\/2000\/svg\"><path d=\"M500 975V858C696 858 858 696 858 500S696 142 500 142 142 304 142 500H25C25 237 238 25 500 25S975 237 975 500 763 975 500 975Z\"><\/path><\/svg>\t\t\t<\/div>\n\t\t<\/div>\n\t\t\t\t\t\t<\/div>\n\t\t\t\t<\/div>\n\t\t\t\t\t<\/div>\n\t\t\t\t<\/div>\n\t\t<div class=\"elementor-element elementor-element-4bf1cf2f e-flex e-con-boxed e-con e-parent\" data-id=\"4bf1cf2f\" data-element_type=\"container\" data-e-type=\"container\">\n\t\t\t\t\t<div class=\"e-con-inner\">\n\t\t\t\t<div class=\"elementor-element elementor-element-37b81fdd elementor-widget elementor-widget-heading\" data-id=\"37b81fdd\" data-element_type=\"widget\" data-e-type=\"widget\" data-widget_type=\"heading.default\">\n\t\t\t\t<div class=\"elementor-widget-container\">\n\t\t\t\t\t<h2 class=\"elementor-heading-title elementor-size-default\">De la forteresse arabe au mus\u00e9e vivant&nbsp;: l\u2019histoire du ch\u00e2teau de D\u00e9nia\n<\/h2>\t\t\t\t<\/div>\n\t\t\t\t<\/div>\n\t\t\t\t<div class=\"elementor-element elementor-element-20a336ac elementor-widget elementor-widget-text-editor\" data-id=\"20a336ac\" data-element_type=\"widget\" data-e-type=\"widget\" data-widget_type=\"text-editor.default\">\n\t\t\t\t<div class=\"elementor-widget-container\">\n\t\t\t\t\t\t\t\t\t<p><span style=\"font-weight: 400;\">Le ch\u00e2teau de D\u00e9nia est comme <\/span><b>un grand-p\u00e8re sage, mais en version forteresses m\u00e9diterran\u00e9ennes.<\/b><span style=\"font-weight: 400;\"> Tout au long de son histoire, il a vu passer des Ib\u00e8res, des Romains, des musulmans, des chr\u00e9tiens, des pirates et maintenant des voyageurs curieux.<\/span> <\/p><p><span style=\"font-weight: 400;\">Ce monument a \u00e9t\u00e9 \u00e9rig\u00e9 sur une colline de 60&nbsp;m\u00e8tres et son origine remonte \u00e0 l\u2019\u00e9poque islamique entre les <\/span><b>XIe et XIIe&nbsp;si\u00e8cles<\/b><span style=\"font-weight: 400;\">, lorsque D\u00e9nia faisait partie de l\u2019importante Taifa de l\u2019\u00e9poque andalouse.<\/span><\/p><p><span style=\"font-weight: 400;\">Avec la conqu\u00eate chr\u00e9tienne de Jacques&nbsp;Ier le Conqu\u00e9rant, le ch\u00e2teau a chang\u00e9 de mains et a commenc\u00e9 son <\/span><b>\u00e9volution architecturale avec de multiples r\u00e9formes et reconstructions<\/b><span style=\"font-weight: 400;\">  au fil des ans. Au XVe&nbsp;si\u00e8cle, la Torre Roja et la Torre de Consell ont \u00e9t\u00e9 ajout\u00e9es&nbsp;; \u00e0 la Renaissance, des bastions et un palais pour le gouverneur&nbsp;; et ainsi de suite jusqu\u2019\u00e0 aujourd\u2019hui. <\/span><\/p><p><span style=\"font-weight: 400;\">En plus d\u2019\u00eatre consid\u00e9r\u00e9 comme un symbole de la ville, il est le <\/span><b>si\u00e8ge d\u2019un mus\u00e9e arch\u00e9ologique <\/b><span style=\"font-weight: 400;\">qui se vante, \u00e0 juste titre, d\u2019\u00eatre parmi les rares de la province \u00e0 poss\u00e9der des pi\u00e8ces qui racontent l\u2019histoire de D\u00e9nia depuis les Ib\u00e8res jusqu\u2019\u00e0 l\u2019\u00e9poque moderne.<\/span><\/p>\t\t\t\t\t\t\t\t<\/div>\n\t\t\t\t<\/div>\n\t\t\t\t<div class=\"elementor-element elementor-element-cf76237 elementor-widget elementor-widget-image\" data-id=\"cf76237\" data-element_type=\"widget\" data-e-type=\"widget\" data-widget_type=\"image.default\">\n\t\t\t\t<div class=\"elementor-widget-container\">\n\t\t\t\t\t\t\t\t\t\t\t\t\t\t\t<img fetchpriority=\"high\" decoding=\"async\" width=\"1365\" height=\"682\" src=\"https:\/\/www.ontravelholidayrentals.com\/blog\/wp-content\/uploads\/2025\/05\/Castillo-Denia.jpg\" class=\"attachment-full size-full wp-image-784\" alt=\"Castillo-Denia.jpg\" srcset=\"https:\/\/www.ontravelholidayrentals.com\/blog\/wp-content\/uploads\/2025\/05\/Castillo-Denia.jpg 1365w, https:\/\/www.ontravelholidayrentals.com\/blog\/wp-content\/uploads\/2025\/05\/Castillo-Denia-300x150.jpg 300w, https:\/\/www.ontravelholidayrentals.com\/blog\/wp-content\/uploads\/2025\/05\/Castillo-Denia-1024x512.jpg 1024w, https:\/\/www.ontravelholidayrentals.com\/blog\/wp-content\/uploads\/2025\/05\/Castillo-Denia-768x384.jpg 768w\" sizes=\"(max-width: 1365px) 100vw, 1365px\" \/>\t\t\t\t\t\t\t\t\t\t\t\t\t\t\t<\/div>\n\t\t\t\t<\/div>\n\t\t\t\t\t<\/div>\n\t\t\t\t<\/div>\n\t\t<div class=\"elementor-element elementor-element-9abd4d0 e-flex e-con-boxed e-con e-parent\" data-id=\"9abd4d0\" data-element_type=\"container\" data-e-type=\"container\">\n\t\t\t\t\t<div class=\"e-con-inner\">\n\t\t\t\t<div class=\"elementor-element elementor-element-c3bd77a elementor-widget elementor-widget-button\" data-id=\"c3bd77a\" data-element_type=\"widget\" data-e-type=\"widget\" data-widget_type=\"button.default\">\n\t\t\t\t<div class=\"elementor-widget-container\">\n\t\t\t\t\t\t\t\t\t<div class=\"elementor-button-wrapper\">\n\t\t\t\t\t<a class=\"elementor-button elementor-button-link elementor-size-sm\" href=\"https:\/\/www.ontravelholidayrentals.com\/blog\/fr\/voir-denia\/\">\n\t\t\t\t\t\t<span class=\"elementor-button-content-wrapper\">\n\t\t\t\t\t\t\t\t\t<span class=\"elementor-button-text\">Que voir \u00e0 Denia<\/span>\n\t\t\t\t\t<\/span>\n\t\t\t\t\t<\/a>\n\t\t\t\t<\/div>\n\t\t\t\t\t\t\t\t<\/div>\n\t\t\t\t<\/div>\n\t\t\t\t\t<\/div>\n\t\t\t\t<\/div>\n\t\t<div class=\"elementor-element elementor-element-bbac255 e-flex e-con-boxed e-con e-parent\" data-id=\"bbac255\" data-element_type=\"container\" data-e-type=\"container\">\n\t\t\t\t\t<div class=\"e-con-inner\">\n\t\t\t\t<div class=\"elementor-element elementor-element-cbc6405 elementor-widget elementor-widget-heading\" data-id=\"cbc6405\" data-element_type=\"widget\" data-e-type=\"widget\" data-widget_type=\"heading.default\">\n\t\t\t\t<div class=\"elementor-widget-container\">\n\t\t\t\t\t<h2 class=\"elementor-heading-title elementor-size-default\">Comment se rendre au ch\u00e2teau de D\u00e9nia (et o\u00f9 se garer sans probl\u00e8me)\n<\/h2>\t\t\t\t<\/div>\n\t\t\t\t<\/div>\n\t\t\t\t<div class=\"elementor-element elementor-element-898a47f elementor-widget elementor-widget-text-editor\" data-id=\"898a47f\" data-element_type=\"widget\" data-e-type=\"widget\" data-widget_type=\"text-editor.default\">\n\t\t\t\t<div class=\"elementor-widget-container\">\n\t\t\t\t\t\t\t\t\t<p><span style=\"font-weight: 400;\">Monter dans le centre historique de D\u00e9nia, o\u00f9 le ch\u00e2teau est perch\u00e9, peut vous faire transpirer plus que vous ne le pensiez. C\u2019est pourquoi, il est pr\u00e9f\u00e9rable de laisser la voiture dans l\u2019une des   <\/span><b>zones de stationnement public pr\u00e8s du centre<\/b><span style=\"font-weight: 400;\">.<\/span><\/p><p><span style=\"font-weight: 400;\">La zone bleue de l\u2019<\/span><b>esplanade de Torrecremada<\/b><span style=\"font-weight: 400;\"> est un pari s\u00fbr pour se garer, mais si vous ne vous fiez pas \u00e0 cela, vous pouvez profiter des <\/span><b>parkings municipaux<\/b><span style=\"font-weight: 400;\">  qui sont signal\u00e9s. N\u2019\u00e9cartez pas non plus la possibilit\u00e9 de vous y rendre \u00e0 v\u00e9lo ou \u00e0 pied, car D\u00e9nia n\u2019est pas une ville aux c\u00f4tes impossibles. <\/span><\/p><p><span style=\"font-weight: 400;\">L\u2019<\/span><b>entr\u00e9e principale du ch\u00e2teau est situ\u00e9e dans la rue San Francisco<\/b><span style=\"font-weight: 400;\">, juste dans le quartier de Les Roques, o\u00f9 un portail ogival marque le d\u00e9but de l\u2019ascension. Si vous vous perdez, ne d\u00e9sesp\u00e9rez pas, car vous pouvez demander \u00e0 un habitant, car la sympathie est de s\u00e9rie et les indications comprennent toujours une anecdote. <\/span><\/p><p><span style=\"font-weight: 400;\">Bien s\u00fbr, <\/span><b>oubliez de laisser des voitures priv\u00e9es en haut<\/b><span style=\"font-weight: 400;\">, car la pi\u00e9tonisation prot\u00e8ge le monument et nous ne voulons pas qu\u2019il y ait d\u2019accident.<\/span><\/p>\t\t\t\t\t\t\t\t<\/div>\n\t\t\t\t<\/div>\n\t\t\t\t<div class=\"elementor-element elementor-element-1c2d103 elementor-widget elementor-widget-google_maps\" data-id=\"1c2d103\" data-element_type=\"widget\" data-e-type=\"widget\" data-widget_type=\"google_maps.default\">\n\t\t\t\t<div class=\"elementor-widget-container\">\n\t\t\t\t\t\t\t<div class=\"elementor-custom-embed\">\n\t\t\t<iframe loading=\"lazy\"\n\t\t\t\t\tsrc=\"https:\/\/maps.google.com\/maps?q=castillo%20denia&#038;t=m&#038;z=13&#038;output=embed&#038;iwloc=near\"\n\t\t\t\t\ttitle=\"castillo denia\"\n\t\t\t\t\taria-label=\"castillo denia\"\n\t\t\t><\/iframe>\n\t\t<\/div>\n\t\t\t\t\t\t<\/div>\n\t\t\t\t<\/div>\n\t\t\t\t\t<\/div>\n\t\t\t\t<\/div>\n\t\t<div class=\"elementor-element elementor-element-0ae18cd e-flex e-con-boxed e-con e-parent\" data-id=\"0ae18cd\" data-element_type=\"container\" data-e-type=\"container\">\n\t\t\t\t\t<div class=\"e-con-inner\">\n\t\t\t\t<div class=\"elementor-element elementor-element-ea9d708 elementor-widget elementor-widget-heading\" data-id=\"ea9d708\" data-element_type=\"widget\" data-e-type=\"widget\" data-widget_type=\"heading.default\">\n\t\t\t\t<div class=\"elementor-widget-container\">\n\t\t\t\t\t<h2 class=\"elementor-heading-title elementor-size-default\">Billets, horaires et prix&nbsp;: organisez votre visite facilement et rapidement\n<\/h2>\t\t\t\t<\/div>\n\t\t\t\t<\/div>\n\t\t\t\t<div class=\"elementor-element elementor-element-4956eb5 elementor-widget elementor-widget-text-editor\" data-id=\"4956eb5\" data-element_type=\"widget\" data-e-type=\"widget\" data-widget_type=\"text-editor.default\">\n\t\t\t\t<div class=\"elementor-widget-container\">\n\t\t\t\t\t\t\t\t\t<p><span style=\"font-weight: 400;\">Le ch\u00e2teau de D\u00e9nia est <\/span><b>ouvert toute l\u2019ann\u00e9e<\/b><span style=\"font-weight: 400;\"> et l\u2019<\/span><b>horaire s\u2019adapte en fonction de la saison<\/b><span style=\"font-weight: 400;\">, le temps de visite \u00e9tant plus long au printemps et en \u00e9t\u00e9.<\/span><\/p><p><span style=\"font-weight: 400;\">L\u2019entr\u00e9e g\u00e9n\u00e9rale co\u00fbte environ <\/span><b>3 \u00e0 4&nbsp;euros<\/b><span style=\"font-weight: 400;\">, et offre des r\u00e9ductions pour les retrait\u00e9s, les enfants et les groupes. De plus, les r\u00e9sidents ont un acc\u00e8s gratuit \u00e0 certains moments. Les billets sont achet\u00e9s \u00e0 la billetterie m\u00eame, juste au pied de la forteresse, mais il faut \u00eatre attentif car certains \u00e9v\u00e9nements n\u00e9cessitent une r\u00e9servation en ligne.  <\/span><\/p><p><span style=\"font-weight: 400;\">Le trajet est <\/span><b>adapt\u00e9 \u00e0 tous les publics<\/b><span style=\"font-weight: 400;\"> qui ont envie de marcher, et si vous \u00eates un utilisateur \u00e0 mobilit\u00e9 r\u00e9duite, vous devrez vous renseigner avant, car m\u00eame si une bonne partie du parcours est accessible, tous les coins ne sont pas confortables pour les chaises ou les poussettes.<\/span><\/p>\t\t\t\t\t\t\t\t<\/div>\n\t\t\t\t<\/div>\n\t\t\t\t<div class=\"elementor-element elementor-element-4978679 elementor-widget elementor-widget-image\" data-id=\"4978679\" data-element_type=\"widget\" data-e-type=\"widget\" data-widget_type=\"image.default\">\n\t\t\t\t<div class=\"elementor-widget-container\">\n\t\t\t\t\t\t\t\t\t\t\t\t\t\t\t<img decoding=\"async\" width=\"1254\" height=\"626\" src=\"https:\/\/www.ontravelholidayrentals.com\/blog\/wp-content\/uploads\/2025\/10\/Visitar-Castillo-de-Denia.jpg\" class=\"attachment-full size-full wp-image-1240\" alt=\"Visitar-Castillo-de-Denia.jpg\" srcset=\"https:\/\/www.ontravelholidayrentals.com\/blog\/wp-content\/uploads\/2025\/10\/Visitar-Castillo-de-Denia.jpg 1254w, https:\/\/www.ontravelholidayrentals.com\/blog\/wp-content\/uploads\/2025\/10\/Visitar-Castillo-de-Denia-300x150.jpg 300w, https:\/\/www.ontravelholidayrentals.com\/blog\/wp-content\/uploads\/2025\/10\/Visitar-Castillo-de-Denia-1024x511.jpg 1024w, https:\/\/www.ontravelholidayrentals.com\/blog\/wp-content\/uploads\/2025\/10\/Visitar-Castillo-de-Denia-768x383.jpg 768w\" sizes=\"(max-width: 1254px) 100vw, 1254px\" \/>\t\t\t\t\t\t\t\t\t\t\t\t\t\t\t<\/div>\n\t\t\t\t<\/div>\n\t\t\t\t\t<\/div>\n\t\t\t\t<\/div>\n\t\t<div class=\"elementor-element elementor-element-a62b50a e-flex e-con-boxed e-con e-parent\" data-id=\"a62b50a\" data-element_type=\"container\" data-e-type=\"container\">\n\t\t\t\t\t<div class=\"e-con-inner\">\n\t\t\t\t<div class=\"elementor-element elementor-element-90d0a69 elementor-widget elementor-widget-heading\" data-id=\"90d0a69\" data-element_type=\"widget\" data-e-type=\"widget\" data-widget_type=\"heading.default\">\n\t\t\t\t<div class=\"elementor-widget-container\">\n\t\t\t\t\t<h2 class=\"elementor-heading-title elementor-size-default\">Que voir au ch\u00e2teau de D\u00e9nia&nbsp;: remparts, vues et surprises\n<\/h2>\t\t\t\t<\/div>\n\t\t\t\t<\/div>\n\t\t\t\t<div class=\"elementor-element elementor-element-c73215e elementor-widget elementor-widget-text-editor\" data-id=\"c73215e\" data-element_type=\"widget\" data-e-type=\"widget\" data-widget_type=\"text-editor.default\">\n\t\t\t\t<div class=\"elementor-widget-container\">\n\t\t\t\t\t\t\t\t\t<p><span style=\"font-weight: 400;\">Le ch\u00e2teau offre <\/span><b>une structure architecturale enviable<\/b><span style=\"font-weight: 400;\">, des vues dignes d\u2019une carte postale, un palais cach\u00e9 et m\u00eame un mus\u00e9e.<\/span><\/p>\t\t\t\t\t\t\t\t<\/div>\n\t\t\t\t<\/div>\n\t\t\t\t\t<\/div>\n\t\t\t\t<\/div>\n\t\t<div class=\"elementor-element elementor-element-78b3a8c e-flex e-con-boxed e-con e-parent\" data-id=\"78b3a8c\" data-element_type=\"container\" data-e-type=\"container\">\n\t\t\t\t\t<div class=\"e-con-inner\">\n\t\t<div class=\"elementor-element elementor-element-50ad882 e-con-full e-flex e-con e-child\" data-id=\"50ad882\" data-element_type=\"container\" data-e-type=\"container\">\n\t\t\t\t<div class=\"elementor-element elementor-element-5f097015 elementor-widget elementor-widget-heading\" data-id=\"5f097015\" data-element_type=\"widget\" data-e-type=\"widget\" data-widget_type=\"heading.default\">\n\t\t\t\t<div class=\"elementor-widget-container\">\n\t\t\t\t\t<h3 class=\"elementor-heading-title elementor-size-default\">Remparts et tours\n<\/h3>\t\t\t\t<\/div>\n\t\t\t\t<\/div>\n\t\t\t\t<div class=\"elementor-element elementor-element-3efe1e7b elementor-widget elementor-widget-text-editor\" data-id=\"3efe1e7b\" data-element_type=\"widget\" data-e-type=\"widget\" data-widget_type=\"text-editor.default\">\n\t\t\t\t<div class=\"elementor-widget-container\">\n\t\t\t\t\t\t\t\t\t<p><span style=\"font-weight: 400;\">Le ch\u00e2teau poss\u00e8de l\u2019une des murailles les mieux conserv\u00e9es de la r\u00e9gion, avec de nombreuses tours telles que la <\/span><b>Torre del Mig et la Torre Roja<\/b><span style=\"font-weight: 400;\">. Se promener sur les cr\u00e9neaux et parcourir les bastions de la Renaissance vous fera vous sentir comme faisant partie de la garde m\u00e9di\u00e9vale, bien que la plus grande menace actuelle soit g\u00e9n\u00e9ralement le flash d\u2019un b\u00e2ton \u00e0 selfie.<\/span><\/p>\t\t\t\t\t\t\t\t<\/div>\n\t\t\t\t<\/div>\n\t\t\t\t<\/div>\n\t\t<div class=\"elementor-element elementor-element-a32d2d1 e-con-full e-flex e-con e-child\" data-id=\"a32d2d1\" data-element_type=\"container\" data-e-type=\"container\">\n\t\t\t\t<div class=\"elementor-element elementor-element-fd50114 elementor-widget elementor-widget-heading\" data-id=\"fd50114\" data-element_type=\"widget\" data-e-type=\"widget\" data-widget_type=\"heading.default\">\n\t\t\t\t<div class=\"elementor-widget-container\">\n\t\t\t\t\t<h3 class=\"elementor-heading-title elementor-size-default\">Le palais du gouverneur\n<\/h3>\t\t\t\t<\/div>\n\t\t\t\t<\/div>\n\t\t\t\t<div class=\"elementor-element elementor-element-b1f54ac elementor-widget elementor-widget-text-editor\" data-id=\"b1f54ac\" data-element_type=\"widget\" data-e-type=\"widget\" data-widget_type=\"text-editor.default\">\n\t\t\t\t<div class=\"elementor-widget-container\">\n\t\t\t\t\t\t\t\t\t<p><span style=\"font-weight: 400;\">Bien qu\u2019il soit aujourd\u2019hui partiellement en ruines, la structure du palais du gouverneur montre la <\/span><b>splendeur du ch\u00e2teau dans le pass\u00e9<\/b><span style=\"font-weight: 400;\">. Les guides disent qu\u2019ici, des d\u00e9cisions cruciales \u00e9taient prises entre les banquets et les protocoles, bien que certains gouverneurs se soient s\u00fbrement \u00e9chapp\u00e9s pour voir la mer pendant leurs heures d\u2019ennui mal v\u00e9cues.<\/span><\/p>\t\t\t\t\t\t\t\t<\/div>\n\t\t\t\t<\/div>\n\t\t\t\t<\/div>\n\t\t\t\t\t<\/div>\n\t\t\t\t<\/div>\n\t\t<div class=\"elementor-element elementor-element-809c5d8 e-flex e-con-boxed e-con e-parent\" data-id=\"809c5d8\" data-element_type=\"container\" data-e-type=\"container\">\n\t\t\t\t\t<div class=\"e-con-inner\">\n\t\t<div class=\"elementor-element elementor-element-4ed0be3 e-con-full e-flex e-con e-child\" data-id=\"4ed0be3\" data-element_type=\"container\" data-e-type=\"container\">\n\t\t\t\t<div class=\"elementor-element elementor-element-1abd837 elementor-widget elementor-widget-heading\" data-id=\"1abd837\" data-element_type=\"widget\" data-e-type=\"widget\" data-widget_type=\"heading.default\">\n\t\t\t\t<div class=\"elementor-widget-container\">\n\t\t\t\t\t<h3 class=\"elementor-heading-title elementor-size-default\">Mus\u00e9e arch\u00e9ologique\n<\/h3>\t\t\t\t<\/div>\n\t\t\t\t<\/div>\n\t\t\t\t<div class=\"elementor-element elementor-element-1a9fb99 elementor-widget elementor-widget-text-editor\" data-id=\"1a9fb99\" data-element_type=\"widget\" data-e-type=\"widget\" data-widget_type=\"text-editor.default\">\n\t\t\t\t<div class=\"elementor-widget-container\">\n\t\t\t\t\t\t\t\t\t<p><span style=\"font-weight: 400;\">\u00c0 l\u2019int\u00e9rieur de l\u2019enceinte se cache un mus\u00e9e rempli de pi\u00e8ces ib\u00e9riques, romaines, andalouses et chr\u00e9tiennes. De   <\/span><b>pi\u00e8ces de c\u00e9ramique<\/b><span style=\"font-weight: 400;\"> et de <\/span><b>bronzes islamiques<\/b><span style=\"font-weight: 400;\"> jusqu\u2019\u00e0 des <\/span><b>pi\u00e8ces de monnaie et des objets de la vie quotidienne<\/b><span style=\"font-weight: 400;\">, car ici, l\u2019histoire se touche et se voit, id\u00e9al pour les voyageurs qui aiment les mus\u00e9es en direct, pas seulement dans des vitrines ennuyeuses.<\/span><\/p>\t\t\t\t\t\t\t\t<\/div>\n\t\t\t\t<\/div>\n\t\t\t\t<\/div>\n\t\t<div class=\"elementor-element elementor-element-0488699 e-con-full e-flex e-con e-child\" data-id=\"0488699\" data-element_type=\"container\" data-e-type=\"container\">\n\t\t\t\t<div class=\"elementor-element elementor-element-c4680bc elementor-widget elementor-widget-heading\" data-id=\"c4680bc\" data-element_type=\"widget\" data-e-type=\"widget\" data-widget_type=\"heading.default\">\n\t\t\t\t<div class=\"elementor-widget-container\">\n\t\t\t\t\t<h3 class=\"elementor-heading-title elementor-size-default\">Panoramas avec la mer en arri\u00e8re-plan\n<\/h3>\t\t\t\t<\/div>\n\t\t\t\t<\/div>\n\t\t\t\t<div class=\"elementor-element elementor-element-fbb952d elementor-widget elementor-widget-text-editor\" data-id=\"fbb952d\" data-element_type=\"widget\" data-e-type=\"widget\" data-widget_type=\"text-editor.default\">\n\t\t\t\t<div class=\"elementor-widget-container\">\n\t\t\t\t\t\t\t\t\t<p><span style=\"font-weight: 400;\">Depuis plusieurs points de vue, vous pouvez contempler comment les <\/span><b>vues sur la M\u00e9diterran\u00e9e<\/b><span style=\"font-weight: 400;\"> et sur la <\/span><b>ville de D\u00e9nia<\/b> <span style=\"font-weight: 400;\">s\u2019ouvrent devant vous comme une maquette inabordable. Au lever ou au coucher du soleil, les couleurs transforment les photos en \u0153uvres d\u2019art, et la brise vous rappelle que vous avez bien fait de monter jusqu\u2019ici. <\/span><\/p>\t\t\t\t\t\t\t\t<\/div>\n\t\t\t\t<\/div>\n\t\t\t\t<\/div>\n\t\t\t\t\t<\/div>\n\t\t\t\t<\/div>\n\t\t<div class=\"elementor-element elementor-element-cfae339 e-flex e-con-boxed e-con e-parent\" data-id=\"cfae339\" data-element_type=\"container\" data-e-type=\"container\">\n\t\t\t\t\t<div class=\"e-con-inner\">\n\t\t\t\t<div class=\"elementor-element elementor-element-c1ca517 elementor-widget elementor-widget-heading\" data-id=\"c1ca517\" data-element_type=\"widget\" data-e-type=\"widget\" data-widget_type=\"heading.default\">\n\t\t\t\t<div class=\"elementor-widget-container\">\n\t\t\t\t\t<h3 class=\"elementor-heading-title elementor-size-default\">Espaces de culture et \u00e9v\u00e9nements\n<\/h3>\t\t\t\t<\/div>\n\t\t\t\t<\/div>\n\t\t\t\t<div class=\"elementor-element elementor-element-eafcf3c elementor-widget elementor-widget-text-editor\" data-id=\"eafcf3c\" data-element_type=\"widget\" data-e-type=\"widget\" data-widget_type=\"text-editor.default\">\n\t\t\t\t<div class=\"elementor-widget-container\">\n\t\t\t\t\t\t\t\t\t<p><span style=\"font-weight: 400;\">Tout au long de l\u2019ann\u00e9e, le ch\u00e2teau est le <\/span><b>th\u00e9\u00e2tre de concerts, de festivals et de repr\u00e9sentations historiques<\/b><span style=\"font-weight: 400;\">, avec une ambiance unique. Si vous attrapez une activit\u00e9, profitez-en, car tous les jours, vous ne pouvez pas profiter du jazz, du th\u00e9\u00e2tre ou de la musique celtique entre des murs qui ont entendu des tambours de guerre. <\/span><\/p>\t\t\t\t\t\t\t\t<\/div>\n\t\t\t\t<\/div>\n\t\t\t\t<div class=\"elementor-element elementor-element-3153a43 elementor-widget elementor-widget-image\" data-id=\"3153a43\" data-element_type=\"widget\" data-e-type=\"widget\" data-widget_type=\"image.default\">\n\t\t\t\t<div class=\"elementor-widget-container\">\n\t\t\t\t\t\t\t\t\t\t\t\t\t\t\t<img decoding=\"async\" width=\"1254\" height=\"627\" src=\"https:\/\/www.ontravelholidayrentals.com\/blog\/wp-content\/uploads\/2025\/10\/Vistas-mirador-Castillo-Denia.jpg\" class=\"attachment-full size-full wp-image-1236\" alt=\"Vistas-mirador-Castillo-Denia.jpg\" srcset=\"https:\/\/www.ontravelholidayrentals.com\/blog\/wp-content\/uploads\/2025\/10\/Vistas-mirador-Castillo-Denia.jpg 1254w, https:\/\/www.ontravelholidayrentals.com\/blog\/wp-content\/uploads\/2025\/10\/Vistas-mirador-Castillo-Denia-300x150.jpg 300w, https:\/\/www.ontravelholidayrentals.com\/blog\/wp-content\/uploads\/2025\/10\/Vistas-mirador-Castillo-Denia-1024x512.jpg 1024w, https:\/\/www.ontravelholidayrentals.com\/blog\/wp-content\/uploads\/2025\/10\/Vistas-mirador-Castillo-Denia-768x384.jpg 768w\" sizes=\"(max-width: 1254px) 100vw, 1254px\" \/>\t\t\t\t\t\t\t\t\t\t\t\t\t\t\t<\/div>\n\t\t\t\t<\/div>\n\t\t\t\t\t<\/div>\n\t\t\t\t<\/div>\n\t\t<div class=\"elementor-element elementor-element-1c41bce2 e-flex e-con-boxed e-con e-parent\" data-id=\"1c41bce2\" data-element_type=\"container\" data-e-type=\"container\">\n\t\t\t\t\t<div class=\"e-con-inner\">\n\t\t\t\t<div class=\"elementor-element elementor-element-6c761a61 elementor-widget elementor-widget-heading\" data-id=\"6c761a61\" data-element_type=\"widget\" data-e-type=\"widget\" data-widget_type=\"heading.default\">\n\t\t\t\t<div class=\"elementor-widget-container\">\n\t\t\t\t\t<h2 class=\"elementor-heading-title elementor-size-default\">Conseils pour votre visite&nbsp;: meilleure heure, quoi apporter et comment \u00e9viter les files d\u2019attente\n<\/h2>\t\t\t\t<\/div>\n\t\t\t\t<\/div>\n\t\t\t\t<div class=\"elementor-element elementor-element-14fe80f6 elementor-widget elementor-widget-text-editor\" data-id=\"14fe80f6\" data-element_type=\"widget\" data-e-type=\"widget\" data-widget_type=\"text-editor.default\">\n\t\t\t\t<div class=\"elementor-widget-container\">\n\t\t\t\t\t\t\t\t\t<p><span style=\"font-weight: 400;\">Si vous voulez fuir la chaleur et les groupes d\u2019excursion, nous vous recommandons de venir \u00e0 <\/span><b>la premi\u00e8re heure du matin<\/b><span style=\"font-weight: 400;\"> ou \u00e0 <\/span><b>la derni\u00e8re heure de l\u2019apr\u00e8s-midi<\/b><span style=\"font-weight: 400;\">. De plus, nous vous recommandons de consulter le calendrier car pendant les f\u00eates locales, il a tendance \u00e0 se remplir.<\/span><\/p><p><span style=\"font-weight: 400;\">Il est important d\u2019apporter des <\/span><b>chaussures confortables<\/b> <span style=\"font-weight: 400;\">et de l\u2019eau, car la mont\u00e9e est simple mais le soleil peut taper fort surtout en \u00e9t\u00e9. Et si vous aimez la photographie, n\u2019oubliez pas d\u2019apporter une carte m\u00e9moire suppl\u00e9mentaire car sinon, elle vous manquera. <\/span><\/p>\t\t\t\t\t\t\t\t<\/div>\n\t\t\t\t<\/div>\n\t\t\t\t\t<\/div>\n\t\t\t\t<\/div>\n\t\t<div class=\"elementor-element elementor-element-91304c2 e-flex e-con-boxed e-con e-parent\" data-id=\"91304c2\" data-element_type=\"container\" data-e-type=\"container\">\n\t\t\t\t\t<div class=\"e-con-inner\">\n\t\t\t\t<div class=\"elementor-element elementor-element-709a02f elementor-widget elementor-widget-heading\" data-id=\"709a02f\" data-element_type=\"widget\" data-e-type=\"widget\" data-widget_type=\"heading.default\">\n\t\t\t\t<div class=\"elementor-widget-container\">\n\t\t\t\t\t<h2 class=\"elementor-heading-title elementor-size-default\">Le ch\u00e2teau de D\u00e9nia vaut-il la peine d\u2019\u00eatre visit\u00e9&nbsp;?\n<\/h2>\t\t\t\t<\/div>\n\t\t\t\t<\/div>\n\t\t\t\t<div class=\"elementor-element elementor-element-3f1647b elementor-widget elementor-widget-text-editor\" data-id=\"3f1647b\" data-element_type=\"widget\" data-e-type=\"widget\" data-widget_type=\"text-editor.default\">\n\t\t\t\t<div class=\"elementor-widget-container\">\n\t\t\t\t\t\t\t\t\t<p><span style=\"font-weight: 400;\">Le ch\u00e2teau de D\u00e9nia n\u2019est pas seulement une vieille tour de plus avec une histoire collante, c\u2019est l\u2019excuse parfaite pour se perdre dans la vieille ville, <\/span><b>regarder la Costa Blanca avec un autre regard<\/b><span style=\"font-weight: 400;\"> et \u00e9crire votre propre chronique de voyage.<\/span> <\/p><p><span style=\"font-weight: 400;\">Bien s\u00fbr, rien de tout cela n\u2019aura beaucoup de sens si votre h\u00e9bergement n\u2019est pas \u00e0 la hauteur.<\/span><b>  Contactez-nous pour r\u00e9server votre appartement \u00e0 Denia d\u00e8s que possible. <\/b><span style=\"font-weight: 400;\">Nous vous offrons une large s\u00e9lection afin que vous puissiez choisir celui qui convient le mieux \u00e0 vous et \u00e0 vos proches. Bon voyage&nbsp;! <\/span><\/p>\t\t\t\t\t\t\t\t<\/div>\n\t\t\t\t<\/div>\n\t\t\t\t\t<\/div>\n\t\t\t\t<\/div>\n\t\t<div class=\"elementor-element elementor-element-dd536db e-flex e-con-boxed e-con e-parent\" data-id=\"dd536db\" data-element_type=\"container\" data-e-type=\"container\">\n\t\t\t\t\t<div class=\"e-con-inner\">\n\t\t\t\t<div class=\"elementor-element elementor-element-1cd2068 elementor-widget elementor-widget-grid\" data-id=\"1cd2068\" data-element_type=\"widget\" data-e-type=\"widget\" data-widget_type=\"grid.default\">\n\t\t\t\t<div class=\"elementor-widget-container\">\n\t\t\t\t\t\t\t<div class=\"its--row alojamientos-recomendados\">\n\n\t\t\t<div class=\"alojamientos-recomendados-container\">\n\n\t\t\t\t\t\n\t\t\t\t\t<a href=\"https:\/\/www.ontravelholidayrentals.com\/fr\/location\/villa-oliva-villa-vermeer-51-460858.html\" rel=\"nofollow\" style=\"width: 23%;\">\n\t\t\t\t\t\t<div class=\"apartamento-box\">\n\t\t\t\t\t\t\t<div class=\"imagen_recomendados\">\n\t\t\t\t\t\t\t\t<img decoding=\"async\" src=\"https:\/\/crs.avantio.com\/fotos\/2\/1703084140d3f439d9b3375a13b4f0e50afb895aaa\/big1703332585741831091dd4ad756385090fb49199ea.jpg\" alt=\"Villa Colibri by ON Travel\">\n\t\t\t\t\t\t\t<\/div>\n\t\t\t\t\t\t\t<div class=\"info\">\n\t\t\t\t\t\t\t\t<div class=\"ubicacion\">\n\t\t\t\t\t\t\t\t\t<i class=\"fa-solid fa-location-dot icono-mapa\"><\/i><span class=\"ubicacion-texto\">Oliva - Dpt. Valencia<\/span>\n\t\t\t\t\t\t\t\t<\/div>\n\t\t\t\t\t\t\t\t<H3 class=\"titulo-alojamiento\">\n\t\t\t\t\t\t\t\t\tVilla Colibri by ON Travel\t\t\t\t\t\t\t\t<\/H3>\n\t\t\t\t\t\t\t\t<p class=\"precio-alojamiento\">\u00c0 partir de <span class=\"precio\">328.00\u20ac<\/span> par nuit<\/p>\n\t\t\t\t\t\t\t<\/div>\n\t\t\t\t\t\t<\/div>\n\t\t\t\t\t<\/a> \n\t\t\t\t\t\t\n\t\t\t\t\t<a href=\"https:\/\/www.ontravelholidayrentals.com\/fr\/location\/villa-oliva-villa-vermeer-21-461268.html\" rel=\"nofollow\" style=\"width: 23%;\">\n\t\t\t\t\t\t<div class=\"apartamento-box\">\n\t\t\t\t\t\t\t<div class=\"imagen_recomendados\">\n\t\t\t\t\t\t\t\t<img decoding=\"async\" src=\"https:\/\/crs.avantio.com\/fotos\/2\/1703335589811fbc048cd27ef2e70871e03571a65f\/big17033356189dc73706c960d3ef8712f0c901543b8b.jpg\" alt=\"Villa Solana  by ON Travel\">\n\t\t\t\t\t\t\t<\/div>\n\t\t\t\t\t\t\t<div class=\"info\">\n\t\t\t\t\t\t\t\t<div class=\"ubicacion\">\n\t\t\t\t\t\t\t\t\t<i class=\"fa-solid fa-location-dot icono-mapa\"><\/i><span class=\"ubicacion-texto\">Oliva - Dpt. Valencia<\/span>\n\t\t\t\t\t\t\t\t<\/div>\n\t\t\t\t\t\t\t\t<H3 class=\"titulo-alojamiento\">\n\t\t\t\t\t\t\t\t\tVilla Solana  by ON Travel\t\t\t\t\t\t\t\t<\/H3>\n\t\t\t\t\t\t\t\t<p class=\"precio-alojamiento\">\u00c0 partir de <span class=\"precio\">217.00\u20ac<\/span> par nuit<\/p>\n\t\t\t\t\t\t\t<\/div>\n\t\t\t\t\t\t<\/div>\n\t\t\t\t\t<\/a> \n\t\t\t\t\t\t\n\t\t\t\t\t<a href=\"https:\/\/www.ontravelholidayrentals.com\/fr\/location\/villa-oliva-villa-vermeer-25-461292.html\" rel=\"nofollow\" style=\"width: 23%;\">\n\t\t\t\t\t\t<div class=\"apartamento-box\">\n\t\t\t\t\t\t\t<div class=\"imagen_recomendados\">\n\t\t\t\t\t\t\t\t<img decoding=\"async\" src=\"https:\/\/crs.avantio.com\/fotos\/2\/1705335735591b101a10adf0c9165b293b19af3489\/big1705335762de9703dc1854540c9777fd4932b0499a.jpg\" alt=\"Greenside oasis villa by ON Travel\">\n\t\t\t\t\t\t\t<\/div>\n\t\t\t\t\t\t\t<div class=\"info\">\n\t\t\t\t\t\t\t\t<div class=\"ubicacion\">\n\t\t\t\t\t\t\t\t\t<i class=\"fa-solid fa-location-dot icono-mapa\"><\/i><span class=\"ubicacion-texto\">Oliva - Dpt. Valencia<\/span>\n\t\t\t\t\t\t\t\t<\/div>\n\t\t\t\t\t\t\t\t<H3 class=\"titulo-alojamiento\">\n\t\t\t\t\t\t\t\t\tGreenside oasis villa by ON Travel\t\t\t\t\t\t\t\t<\/H3>\n\t\t\t\t\t\t\t\t<p class=\"precio-alojamiento\">\u00c0 partir de <span class=\"precio\">328.00\u20ac<\/span> par nuit<\/p>\n\t\t\t\t\t\t\t<\/div>\n\t\t\t\t\t\t<\/div>\n\t\t\t\t\t<\/a> \n\t\t\t\t\t\t\n\t\t\t\t\t<a href=\"https:\/\/www.ontravelholidayrentals.com\/fr\/location\/villa-oliva-villa-vermeer-43-461293.html\" rel=\"nofollow\" style=\"width: 23%;\">\n\t\t\t\t\t\t<div class=\"apartamento-box\">\n\t\t\t\t\t\t\t<div class=\"imagen_recomendados\">\n\t\t\t\t\t\t\t\t<img decoding=\"async\" src=\"https:\/\/crs.avantio.com\/fotos\/2\/17054241108ffb3352fb1b6efd3c6e1c3097debf40\/big170542451565ad5f2b0843b6346526f00ede7b3ef7.jpg\" alt=\"Villa Cisne by ON Travel\">\n\t\t\t\t\t\t\t<\/div>\n\t\t\t\t\t\t\t<div class=\"info\">\n\t\t\t\t\t\t\t\t<div class=\"ubicacion\">\n\t\t\t\t\t\t\t\t\t<i class=\"fa-solid fa-location-dot icono-mapa\"><\/i><span class=\"ubicacion-texto\">Oliva - Dpt. Valencia<\/span>\n\t\t\t\t\t\t\t\t<\/div>\n\t\t\t\t\t\t\t\t<H3 class=\"titulo-alojamiento\">\n\t\t\t\t\t\t\t\t\tVilla Cisne by ON Travel\t\t\t\t\t\t\t\t<\/H3>\n\t\t\t\t\t\t\t\t<p class=\"precio-alojamiento\">\u00c0 partir de <span class=\"precio\">205.00\u20ac<\/span> par nuit<\/p>\n\t\t\t\t\t\t\t<\/div>\n\t\t\t\t\t\t<\/div>\n\t\t\t\t\t<\/a> \n\t\t\t\t\t\t\t\t<\/div>\n\t\t\t<\/div>\n\t\t\t\t\t\t<\/div>\n\t\t\t\t<\/div>\n\t\t\t\t\t<\/div>\n\t\t\t\t<\/div>\n\t\t\t\t<\/div>\n\t\t","protected":false},"excerpt":{"rendered":"<p>Si vous aimez d\u00e9couvrir des coins charg\u00e9s d\u2019histoire, vous promener sur des itin\u00e9raires et \u00eatre \u00e9merveill\u00e9 par des vues dignes d\u2019une carte postale, inscrivez le ch\u00e2teau de D\u00e9nia sur votre liste de priorit\u00e9s de voyage. Il existe peu d\u2019endroits sur la Costa Blanca qui ont autant de choses \u00e0 raconter et autant de coins pleins [&hellip;]<\/p>\n","protected":false},"author":4,"featured_media":1244,"comment_status":"open","ping_status":"open","sticky":false,"template":"elementor_header_footer","format":"standard","meta":{"footnotes":""},"categories":[34],"tags":[],"class_list":["post-1281","post","type-post","status-publish","format-standard","has-post-thumbnail","hentry","category-denia-fr"],"yoast_head":"<!-- This site is optimized with the Yoast SEO plugin v25.2 - https:\/\/yoast.com\/wordpress\/plugins\/seo\/ -->\n<title>Visiter le ch\u00e2teau de D\u00e9nia, Costa Blanca - Blog<\/title>\n<meta name=\"description\" content=\"Visitez le ch\u00e2teau de D\u00e9nia et profitez de ses vues sur la mer, de son histoire et de son charme m\u00e9diterran\u00e9en.\" \/>\n<meta name=\"robots\" content=\"index, follow, max-snippet:-1, max-image-preview:large, max-video-preview:-1\" \/>\n<link rel=\"canonical\" href=\"https:\/\/www.ontravelholidayrentals.com\/blog\/fr\/chateau-denia\/\" \/>\n<meta property=\"og:locale\" content=\"fr_FR\" \/>\n<meta property=\"og:type\" content=\"article\" \/>\n<meta property=\"og:title\" content=\"Visiter le ch\u00e2teau de D\u00e9nia, Costa Blanca - Blog\" \/>\n<meta property=\"og:description\" content=\"Visitez le ch\u00e2teau de D\u00e9nia et profitez de ses vues sur la mer, de son histoire et de son charme m\u00e9diterran\u00e9en.\" \/>\n<meta property=\"og:url\" content=\"https:\/\/www.ontravelholidayrentals.com\/blog\/fr\/chateau-denia\/\" \/>\n<meta property=\"og:site_name\" content=\"Blog\" \/>\n<meta property=\"article:published_time\" content=\"2025-10-13T09:15:30+00:00\" \/>\n<meta property=\"article:modified_time\" content=\"2025-11-26T07:59:54+00:00\" \/>\n<meta property=\"og:image\" content=\"https:\/\/www.ontravelholidayrentals.com\/blog\/wp-content\/uploads\/2025\/10\/Visitar-Castillo-Denia.jpg\" \/>\n\t<meta property=\"og:image:width\" content=\"2120\" \/>\n\t<meta property=\"og:image:height\" content=\"707\" \/>\n\t<meta property=\"og:image:type\" content=\"image\/jpeg\" \/>\n<meta name=\"author\" content=\"Axel\" \/>\n<meta name=\"twitter:card\" content=\"summary_large_image\" \/>\n<meta name=\"twitter:label1\" content=\"\u00c9crit par\" \/>\n\t<meta name=\"twitter:data1\" content=\"Axel\" \/>\n\t<meta name=\"twitter:label2\" content=\"Dur\u00e9e de lecture estim\u00e9e\" \/>\n\t<meta name=\"twitter:data2\" content=\"7 minutes\" \/>\n<script type=\"application\/ld+json\" class=\"yoast-schema-graph\">{\"@context\":\"https:\/\/schema.org\",\"@graph\":[{\"@type\":\"Article\",\"@id\":\"https:\/\/www.ontravelholidayrentals.com\/blog\/fr\/chateau-denia\/#article\",\"isPartOf\":{\"@id\":\"https:\/\/www.ontravelholidayrentals.com\/blog\/fr\/chateau-denia\/\"},\"author\":{\"name\":\"Axel\",\"@id\":\"https:\/\/www.ontravelholidayrentals.com\/blog\/fr\/#\/schema\/person\/907601cb91b08af60b0fec9e629a4883\"},\"headline\":\"Ch\u00e2teau de D\u00e9nia : histoire, vues et secrets de l\u2019une des ic\u00f4nes de la Costa Blanca\",\"datePublished\":\"2025-10-13T09:15:30+00:00\",\"dateModified\":\"2025-11-26T07:59:54+00:00\",\"mainEntityOfPage\":{\"@id\":\"https:\/\/www.ontravelholidayrentals.com\/blog\/fr\/chateau-denia\/\"},\"wordCount\":1454,\"commentCount\":0,\"publisher\":{\"@id\":\"https:\/\/www.ontravelholidayrentals.com\/blog\/fr\/#organization\"},\"image\":{\"@id\":\"https:\/\/www.ontravelholidayrentals.com\/blog\/fr\/chateau-denia\/#primaryimage\"},\"thumbnailUrl\":\"https:\/\/www.ontravelholidayrentals.com\/blog\/wp-content\/uploads\/2025\/10\/Visitar-Castillo-Denia.jpg\",\"articleSection\":[\"Denia\"],\"inLanguage\":\"fr-FR\",\"potentialAction\":[{\"@type\":\"CommentAction\",\"name\":\"Comment\",\"target\":[\"https:\/\/www.ontravelholidayrentals.com\/blog\/fr\/chateau-denia\/#respond\"]}]},{\"@type\":\"WebPage\",\"@id\":\"https:\/\/www.ontravelholidayrentals.com\/blog\/fr\/chateau-denia\/\",\"url\":\"https:\/\/www.ontravelholidayrentals.com\/blog\/fr\/chateau-denia\/\",\"name\":\"Visiter le ch\u00e2teau de D\u00e9nia, Costa Blanca - Blog\",\"isPartOf\":{\"@id\":\"https:\/\/www.ontravelholidayrentals.com\/blog\/fr\/#website\"},\"primaryImageOfPage\":{\"@id\":\"https:\/\/www.ontravelholidayrentals.com\/blog\/fr\/chateau-denia\/#primaryimage\"},\"image\":{\"@id\":\"https:\/\/www.ontravelholidayrentals.com\/blog\/fr\/chateau-denia\/#primaryimage\"},\"thumbnailUrl\":\"https:\/\/www.ontravelholidayrentals.com\/blog\/wp-content\/uploads\/2025\/10\/Visitar-Castillo-Denia.jpg\",\"datePublished\":\"2025-10-13T09:15:30+00:00\",\"dateModified\":\"2025-11-26T07:59:54+00:00\",\"description\":\"Visitez le ch\u00e2teau de D\u00e9nia et profitez de ses vues sur la mer, de son histoire et de son charme m\u00e9diterran\u00e9en.\",\"breadcrumb\":{\"@id\":\"https:\/\/www.ontravelholidayrentals.com\/blog\/fr\/chateau-denia\/#breadcrumb\"},\"inLanguage\":\"fr-FR\",\"potentialAction\":[{\"@type\":\"ReadAction\",\"target\":[\"https:\/\/www.ontravelholidayrentals.com\/blog\/fr\/chateau-denia\/\"]}]},{\"@type\":\"ImageObject\",\"inLanguage\":\"fr-FR\",\"@id\":\"https:\/\/www.ontravelholidayrentals.com\/blog\/fr\/chateau-denia\/#primaryimage\",\"url\":\"https:\/\/www.ontravelholidayrentals.com\/blog\/wp-content\/uploads\/2025\/10\/Visitar-Castillo-Denia.jpg\",\"contentUrl\":\"https:\/\/www.ontravelholidayrentals.com\/blog\/wp-content\/uploads\/2025\/10\/Visitar-Castillo-Denia.jpg\",\"width\":2120,\"height\":707,\"caption\":\"Denia Spain town and palm trees from marina with colourful houses and mountain and beautiful blue sky\"},{\"@type\":\"BreadcrumbList\",\"@id\":\"https:\/\/www.ontravelholidayrentals.com\/blog\/fr\/chateau-denia\/#breadcrumb\",\"itemListElement\":[{\"@type\":\"ListItem\",\"position\":1,\"name\":\"Portada\",\"item\":\"https:\/\/www.ontravelholidayrentals.com\/blog\/fr\/\"},{\"@type\":\"ListItem\",\"position\":2,\"name\":\"Ch\u00e2teau de D\u00e9nia : histoire, vues et secrets de l\u2019une des ic\u00f4nes de la Costa Blanca\"}]},{\"@type\":\"WebSite\",\"@id\":\"https:\/\/www.ontravelholidayrentals.com\/blog\/fr\/#website\",\"url\":\"https:\/\/www.ontravelholidayrentals.com\/blog\/fr\/\",\"name\":\"Blog\",\"description\":\"Ontravelholidayrentals\",\"publisher\":{\"@id\":\"https:\/\/www.ontravelholidayrentals.com\/blog\/fr\/#organization\"},\"potentialAction\":[{\"@type\":\"SearchAction\",\"target\":{\"@type\":\"EntryPoint\",\"urlTemplate\":\"https:\/\/www.ontravelholidayrentals.com\/blog\/fr\/?s={search_term_string}\"},\"query-input\":{\"@type\":\"PropertyValueSpecification\",\"valueRequired\":true,\"valueName\":\"search_term_string\"}}],\"inLanguage\":\"fr-FR\"},{\"@type\":\"Organization\",\"@id\":\"https:\/\/www.ontravelholidayrentals.com\/blog\/fr\/#organization\",\"name\":\"Blog\",\"url\":\"https:\/\/www.ontravelholidayrentals.com\/blog\/fr\/\",\"logo\":{\"@type\":\"ImageObject\",\"inLanguage\":\"fr-FR\",\"@id\":\"https:\/\/www.ontravelholidayrentals.com\/blog\/fr\/#\/schema\/logo\/image\/\",\"url\":\"https:\/\/www.ontravelholidayrentals.com\/blog\/wp-content\/uploads\/2025\/02\/logo-oliva-nova.webp\",\"contentUrl\":\"https:\/\/www.ontravelholidayrentals.com\/blog\/wp-content\/uploads\/2025\/02\/logo-oliva-nova.webp\",\"width\":2454,\"height\":875,\"caption\":\"Blog\"},\"image\":{\"@id\":\"https:\/\/www.ontravelholidayrentals.com\/blog\/fr\/#\/schema\/logo\/image\/\"}},{\"@type\":\"Person\",\"@id\":\"https:\/\/www.ontravelholidayrentals.com\/blog\/fr\/#\/schema\/person\/907601cb91b08af60b0fec9e629a4883\",\"name\":\"Axel\",\"image\":{\"@type\":\"ImageObject\",\"inLanguage\":\"fr-FR\",\"@id\":\"https:\/\/www.ontravelholidayrentals.com\/blog\/fr\/#\/schema\/person\/image\/\",\"url\":\"https:\/\/secure.gravatar.com\/avatar\/3bd706736e5b70f21f05f6c2d5cad746767782a4ba4b7df399c5969e2a9318fd?s=96&d=mm&r=g\",\"contentUrl\":\"https:\/\/secure.gravatar.com\/avatar\/3bd706736e5b70f21f05f6c2d5cad746767782a4ba4b7df399c5969e2a9318fd?s=96&d=mm&r=g\",\"caption\":\"Axel\"},\"url\":\"https:\/\/www.ontravelholidayrentals.com\/blog\/fr\/author\/axel\/\"}]}<\/script>\n<!-- \/ Yoast SEO plugin. -->","yoast_head_json":{"title":"Visiter le ch\u00e2teau de D\u00e9nia, Costa Blanca - Blog","description":"Visitez le ch\u00e2teau de D\u00e9nia et profitez de ses vues sur la mer, de son histoire et de son charme m\u00e9diterran\u00e9en.","robots":{"index":"index","follow":"follow","max-snippet":"max-snippet:-1","max-image-preview":"max-image-preview:large","max-video-preview":"max-video-preview:-1"},"canonical":"https:\/\/www.ontravelholidayrentals.com\/blog\/fr\/chateau-denia\/","og_locale":"fr_FR","og_type":"article","og_title":"Visiter le ch\u00e2teau de D\u00e9nia, Costa Blanca - Blog","og_description":"Visitez le ch\u00e2teau de D\u00e9nia et profitez de ses vues sur la mer, de son histoire et de son charme m\u00e9diterran\u00e9en.","og_url":"https:\/\/www.ontravelholidayrentals.com\/blog\/fr\/chateau-denia\/","og_site_name":"Blog","article_published_time":"2025-10-13T09:15:30+00:00","article_modified_time":"2025-11-26T07:59:54+00:00","og_image":[{"width":2120,"height":707,"url":"https:\/\/www.ontravelholidayrentals.com\/blog\/wp-content\/uploads\/2025\/10\/Visitar-Castillo-Denia.jpg","type":"image\/jpeg"}],"author":"Axel","twitter_card":"summary_large_image","twitter_misc":{"\u00c9crit par":"Axel","Dur\u00e9e de lecture estim\u00e9e":"7 minutes"},"schema":{"@context":"https:\/\/schema.org","@graph":[{"@type":"Article","@id":"https:\/\/www.ontravelholidayrentals.com\/blog\/fr\/chateau-denia\/#article","isPartOf":{"@id":"https:\/\/www.ontravelholidayrentals.com\/blog\/fr\/chateau-denia\/"},"author":{"name":"Axel","@id":"https:\/\/www.ontravelholidayrentals.com\/blog\/fr\/#\/schema\/person\/907601cb91b08af60b0fec9e629a4883"},"headline":"Ch\u00e2teau de D\u00e9nia : histoire, vues et secrets de l\u2019une des ic\u00f4nes de la Costa Blanca","datePublished":"2025-10-13T09:15:30+00:00","dateModified":"2025-11-26T07:59:54+00:00","mainEntityOfPage":{"@id":"https:\/\/www.ontravelholidayrentals.com\/blog\/fr\/chateau-denia\/"},"wordCount":1454,"commentCount":0,"publisher":{"@id":"https:\/\/www.ontravelholidayrentals.com\/blog\/fr\/#organization"},"image":{"@id":"https:\/\/www.ontravelholidayrentals.com\/blog\/fr\/chateau-denia\/#primaryimage"},"thumbnailUrl":"https:\/\/www.ontravelholidayrentals.com\/blog\/wp-content\/uploads\/2025\/10\/Visitar-Castillo-Denia.jpg","articleSection":["Denia"],"inLanguage":"fr-FR","potentialAction":[{"@type":"CommentAction","name":"Comment","target":["https:\/\/www.ontravelholidayrentals.com\/blog\/fr\/chateau-denia\/#respond"]}]},{"@type":"WebPage","@id":"https:\/\/www.ontravelholidayrentals.com\/blog\/fr\/chateau-denia\/","url":"https:\/\/www.ontravelholidayrentals.com\/blog\/fr\/chateau-denia\/","name":"Visiter le ch\u00e2teau de D\u00e9nia, Costa Blanca - Blog","isPartOf":{"@id":"https:\/\/www.ontravelholidayrentals.com\/blog\/fr\/#website"},"primaryImageOfPage":{"@id":"https:\/\/www.ontravelholidayrentals.com\/blog\/fr\/chateau-denia\/#primaryimage"},"image":{"@id":"https:\/\/www.ontravelholidayrentals.com\/blog\/fr\/chateau-denia\/#primaryimage"},"thumbnailUrl":"https:\/\/www.ontravelholidayrentals.com\/blog\/wp-content\/uploads\/2025\/10\/Visitar-Castillo-Denia.jpg","datePublished":"2025-10-13T09:15:30+00:00","dateModified":"2025-11-26T07:59:54+00:00","description":"Visitez le ch\u00e2teau de D\u00e9nia et profitez de ses vues sur la mer, de son histoire et de son charme m\u00e9diterran\u00e9en.","breadcrumb":{"@id":"https:\/\/www.ontravelholidayrentals.com\/blog\/fr\/chateau-denia\/#breadcrumb"},"inLanguage":"fr-FR","potentialAction":[{"@type":"ReadAction","target":["https:\/\/www.ontravelholidayrentals.com\/blog\/fr\/chateau-denia\/"]}]},{"@type":"ImageObject","inLanguage":"fr-FR","@id":"https:\/\/www.ontravelholidayrentals.com\/blog\/fr\/chateau-denia\/#primaryimage","url":"https:\/\/www.ontravelholidayrentals.com\/blog\/wp-content\/uploads\/2025\/10\/Visitar-Castillo-Denia.jpg","contentUrl":"https:\/\/www.ontravelholidayrentals.com\/blog\/wp-content\/uploads\/2025\/10\/Visitar-Castillo-Denia.jpg","width":2120,"height":707,"caption":"Denia Spain town and palm trees from marina with colourful houses and mountain and beautiful blue sky"},{"@type":"BreadcrumbList","@id":"https:\/\/www.ontravelholidayrentals.com\/blog\/fr\/chateau-denia\/#breadcrumb","itemListElement":[{"@type":"ListItem","position":1,"name":"Portada","item":"https:\/\/www.ontravelholidayrentals.com\/blog\/fr\/"},{"@type":"ListItem","position":2,"name":"Ch\u00e2teau de D\u00e9nia : histoire, vues et secrets de l\u2019une des ic\u00f4nes de la Costa Blanca"}]},{"@type":"WebSite","@id":"https:\/\/www.ontravelholidayrentals.com\/blog\/fr\/#website","url":"https:\/\/www.ontravelholidayrentals.com\/blog\/fr\/","name":"Blog","description":"Ontravelholidayrentals","publisher":{"@id":"https:\/\/www.ontravelholidayrentals.com\/blog\/fr\/#organization"},"potentialAction":[{"@type":"SearchAction","target":{"@type":"EntryPoint","urlTemplate":"https:\/\/www.ontravelholidayrentals.com\/blog\/fr\/?s={search_term_string}"},"query-input":{"@type":"PropertyValueSpecification","valueRequired":true,"valueName":"search_term_string"}}],"inLanguage":"fr-FR"},{"@type":"Organization","@id":"https:\/\/www.ontravelholidayrentals.com\/blog\/fr\/#organization","name":"Blog","url":"https:\/\/www.ontravelholidayrentals.com\/blog\/fr\/","logo":{"@type":"ImageObject","inLanguage":"fr-FR","@id":"https:\/\/www.ontravelholidayrentals.com\/blog\/fr\/#\/schema\/logo\/image\/","url":"https:\/\/www.ontravelholidayrentals.com\/blog\/wp-content\/uploads\/2025\/02\/logo-oliva-nova.webp","contentUrl":"https:\/\/www.ontravelholidayrentals.com\/blog\/wp-content\/uploads\/2025\/02\/logo-oliva-nova.webp","width":2454,"height":875,"caption":"Blog"},"image":{"@id":"https:\/\/www.ontravelholidayrentals.com\/blog\/fr\/#\/schema\/logo\/image\/"}},{"@type":"Person","@id":"https:\/\/www.ontravelholidayrentals.com\/blog\/fr\/#\/schema\/person\/907601cb91b08af60b0fec9e629a4883","name":"Axel","image":{"@type":"ImageObject","inLanguage":"fr-FR","@id":"https:\/\/www.ontravelholidayrentals.com\/blog\/fr\/#\/schema\/person\/image\/","url":"https:\/\/secure.gravatar.com\/avatar\/3bd706736e5b70f21f05f6c2d5cad746767782a4ba4b7df399c5969e2a9318fd?s=96&d=mm&r=g","contentUrl":"https:\/\/secure.gravatar.com\/avatar\/3bd706736e5b70f21f05f6c2d5cad746767782a4ba4b7df399c5969e2a9318fd?s=96&d=mm&r=g","caption":"Axel"},"url":"https:\/\/www.ontravelholidayrentals.com\/blog\/fr\/author\/axel\/"}]}},"_links":{"self":[{"href":"https:\/\/www.ontravelholidayrentals.com\/blog\/fr\/wp-json\/wp\/v2\/posts\/1281","targetHints":{"allow":["GET"]}}],"collection":[{"href":"https:\/\/www.ontravelholidayrentals.com\/blog\/fr\/wp-json\/wp\/v2\/posts"}],"about":[{"href":"https:\/\/www.ontravelholidayrentals.com\/blog\/fr\/wp-json\/wp\/v2\/types\/post"}],"author":[{"embeddable":true,"href":"https:\/\/www.ontravelholidayrentals.com\/blog\/fr\/wp-json\/wp\/v2\/users\/4"}],"replies":[{"embeddable":true,"href":"https:\/\/www.ontravelholidayrentals.com\/blog\/fr\/wp-json\/wp\/v2\/comments?post=1281"}],"version-history":[{"count":1,"href":"https:\/\/www.ontravelholidayrentals.com\/blog\/fr\/wp-json\/wp\/v2\/posts\/1281\/revisions"}],"predecessor-version":[{"id":1282,"href":"https:\/\/www.ontravelholidayrentals.com\/blog\/fr\/wp-json\/wp\/v2\/posts\/1281\/revisions\/1282"}],"wp:featuredmedia":[{"embeddable":true,"href":"https:\/\/www.ontravelholidayrentals.com\/blog\/fr\/wp-json\/wp\/v2\/media\/1244"}],"wp:attachment":[{"href":"https:\/\/www.ontravelholidayrentals.com\/blog\/fr\/wp-json\/wp\/v2\/media?parent=1281"}],"wp:term":[{"taxonomy":"category","embeddable":true,"href":"https:\/\/www.ontravelholidayrentals.com\/blog\/fr\/wp-json\/wp\/v2\/categories?post=1281"},{"taxonomy":"post_tag","embeddable":true,"href":"https:\/\/www.ontravelholidayrentals.com\/blog\/fr\/wp-json\/wp\/v2\/tags?post=1281"}],"curies":[{"name":"wp","href":"https:\/\/api.w.org\/{rel}","templated":true}]}}