{"id":1160,"date":"2025-09-08T11:43:15","date_gmt":"2025-09-08T11:43:15","guid":{"rendered":"https:\/\/www.ontravelholidayrentals.com\/blog\/?p=1160"},"modified":"2025-11-26T07:59:41","modified_gmt":"2025-11-26T07:59:41","slug":"parc-naturel-marjal-pego-oliva","status":"publish","type":"post","link":"https:\/\/www.ontravelholidayrentals.com\/blog\/fr\/parc-naturel-marjal-pego-oliva\/","title":{"rendered":"Parc naturel de la Marjal de Pego-Oliva : un tr\u00e9sor entre mer et montagne"},"content":{"rendered":"\t\t<div data-elementor-type=\"wp-post\" data-elementor-id=\"1160\" class=\"elementor elementor-1160 elementor-1096\" data-elementor-post-type=\"post\">\n\t\t\t\t<div class=\"elementor-element elementor-element-57fe5b7c e-flex e-con-boxed e-con e-parent\" data-id=\"57fe5b7c\" data-element_type=\"container\" data-e-type=\"container\" data-settings=\"{&quot;background_background&quot;:&quot;classic&quot;}\">\n\t\t\t\t\t<div class=\"e-con-inner\">\n\t\t\t\t<div class=\"elementor-element elementor-element-513d1df4 elementor-widget elementor-widget-heading\" data-id=\"513d1df4\" data-element_type=\"widget\" data-e-type=\"widget\" data-widget_type=\"heading.default\">\n\t\t\t\t<div class=\"elementor-widget-container\">\n\t\t\t\t\t<h1 class=\"elementor-heading-title elementor-size-default\">Parc naturel de la Marjal de Pego-Oliva&nbsp;: un tr\u00e9sor entre mer et montagne<\/h1>\t\t\t\t<\/div>\n\t\t\t\t<\/div>\n\t\t\t\t\t<\/div>\n\t\t\t\t<\/div>\n\t\t<div class=\"elementor-element elementor-element-5d7b7dbe e-flex e-con-boxed e-con e-parent\" data-id=\"5d7b7dbe\" data-element_type=\"container\" data-e-type=\"container\">\n\t\t\t\t\t<div class=\"e-con-inner\">\n\t\t\t\t<div class=\"elementor-element elementor-element-36d578d6 elementor-widget elementor-widget-text-editor\" data-id=\"36d578d6\" data-element_type=\"widget\" data-e-type=\"widget\" data-widget_type=\"text-editor.default\">\n\t\t\t\t<div class=\"elementor-widget-container\">\n\t\t\t\t\t\t\t\t\t<p><span style=\"font-weight: 400;\">Si vous pensiez avoir tout vu entre les plages de la M\u00e9diterran\u00e9e et les montagnes d\u2019Alicante et de Valence,<\/span> <b>attendez de d\u00e9couvrir la Marjal de Pego-Oliva<\/b>.<span style=\"font-weight: 400;\">. Ce parc naturel est comme cet ami qui a tout, de la beaut\u00e9 au myst\u00e8re, en passant par la bonne ambiance.<\/span><\/p><p><span style=\"font-weight: 400;\">Pr\u00e9parez-vous pour<\/span> <b>une escapade qui combine marais, sentiers, canaux, rizi\u00e8res<\/b><span style=\"font-weight: 400;\">  et des paysages qui m\u00e9ritent leur propre filtre Instagram, mais sans avoir besoin de l\u2019appliquer. Partons \u00e0 la d\u00e9couverte de cet endroit ensemble&nbsp;! <\/span><\/p>\t\t\t\t\t\t\t\t<\/div>\n\t\t\t\t<\/div>\n\t\t\t\t\t<\/div>\n\t\t\t\t<\/div>\n\t\t<div class=\"elementor-element elementor-element-1a84b2c0 e-flex e-con-boxed e-con e-parent\" data-id=\"1a84b2c0\" data-element_type=\"container\" data-e-type=\"container\">\n\t\t\t\t\t<div class=\"e-con-inner\">\n\t\t\t\t<div class=\"elementor-element elementor-element-b794516 elementor-widget elementor-widget-table-of-contents\" data-id=\"b794516\" data-element_type=\"widget\" data-e-type=\"widget\" data-settings=\"{&quot;headings_by_tags&quot;:[&quot;h2&quot;,&quot;h3&quot;],&quot;exclude_headings_by_selector&quot;:[],&quot;marker_view&quot;:&quot;bullets&quot;,&quot;icon&quot;:{&quot;value&quot;:&quot;&quot;,&quot;library&quot;:&quot;&quot;},&quot;no_headings_message&quot;:&quot;No headings were found on this page.&quot;,&quot;hierarchical_view&quot;:&quot;yes&quot;,&quot;min_height&quot;:{&quot;unit&quot;:&quot;px&quot;,&quot;size&quot;:&quot;&quot;,&quot;sizes&quot;:[]},&quot;min_height_tablet&quot;:{&quot;unit&quot;:&quot;px&quot;,&quot;size&quot;:&quot;&quot;,&quot;sizes&quot;:[]},&quot;min_height_mobile&quot;:{&quot;unit&quot;:&quot;px&quot;,&quot;size&quot;:&quot;&quot;,&quot;sizes&quot;:[]}}\" data-widget_type=\"table-of-contents.default\">\n\t\t\t\t<div class=\"elementor-widget-container\">\n\t\t\t\t\t\t\t\t\t<div class=\"elementor-toc__header\">\n\t\t\t\t\t\t<div class=\"elementor-toc__header-title\">\n\t\t\t\tIndex\t\t\t<\/div>\n\t\t\t\t\t\t\t\t<\/div>\n\t\t\t\t<div id=\"elementor-toc__b794516\" class=\"elementor-toc__body\">\n\t\t\t<div class=\"elementor-toc__spinner-container\">\n\t\t\t\t<svg class=\"elementor-toc__spinner eicon-animation-spin e-font-icon-svg e-eicon-loading\" aria-hidden=\"true\" viewBox=\"0 0 1000 1000\" xmlns=\"http:\/\/www.w3.org\/2000\/svg\"><path d=\"M500 975V858C696 858 858 696 858 500S696 142 500 142 142 304 142 500H25C25 237 238 25 500 25S975 237 975 500 763 975 500 975Z\"><\/path><\/svg>\t\t\t<\/div>\n\t\t<\/div>\n\t\t\t\t\t\t<\/div>\n\t\t\t\t<\/div>\n\t\t\t\t\t<\/div>\n\t\t\t\t<\/div>\n\t\t<div class=\"elementor-element elementor-element-8239cd5 e-flex e-con-boxed e-con e-parent\" data-id=\"8239cd5\" data-element_type=\"container\" data-e-type=\"container\">\n\t\t\t\t\t<div class=\"e-con-inner\">\n\t\t\t\t<div class=\"elementor-element elementor-element-2ed001a8 elementor-widget elementor-widget-heading\" data-id=\"2ed001a8\" data-element_type=\"widget\" data-e-type=\"widget\" data-widget_type=\"heading.default\">\n\t\t\t\t<div class=\"elementor-widget-container\">\n\t\t\t\t\t<h2 class=\"elementor-heading-title elementor-size-default\">O\u00f9 se trouve le parc naturel de la Marjal de Pego-Oliva et comment s\u2019y rendre\n<\/h2>\t\t\t\t<\/div>\n\t\t\t\t<\/div>\n\t\t\t\t<div class=\"elementor-element elementor-element-7a9b07e9 elementor-widget elementor-widget-text-editor\" data-id=\"7a9b07e9\" data-element_type=\"widget\" data-e-type=\"widget\" data-widget_type=\"text-editor.default\">\n\t\t\t\t<div class=\"elementor-widget-container\">\n\t\t\t\t\t\t\t\t\t<p><span style=\"font-weight: 400;\">La Marjal de Pego-Oliva se trouve<\/span> <b>entre Alicante et Valence<\/b>.<span style=\"font-weight: 400;\">. Plus pr\u00e9cis\u00e9ment, entre les villes de Pego (Alicante) et Oliva (Valence). Le parc occupe environ  <\/span><b>1&nbsp;255&nbsp;hectares<\/b><span style=\"font-weight: 400;\">, ce qui signifie qu\u2019il est plus grand que de nombreuses municipalit\u00e9s espagnoles. Il abrite des rizi\u00e8res, des lagunes, des roseli\u00e8res et m\u00eame vos probl\u00e8mes existentiels, bien que vous les oubliiez avec le paysage. <\/span><\/p><p><span style=\"font-weight: 400;\">Il est facile de s\u2019y rendre. En voiture, vous pouvez venir de Valence par l\u2019 <\/span><b> AP-7 <\/b><span style=\"font-weight: 400;\">et prendre la sortie Oliva-Pego, et depuis Alicante, \u00e9galement par l\u2019AP-7 en direction du nord. Si vous venez de l\u2019int\u00e9rieur, vous devez prendre la  <\/span><b>N-332<\/b><span style=\"font-weight: 400;\">.<\/span><\/p><p><span style=\"font-weight: 400;\">Une autre option est de prendre le bus, il existe<\/span> <b>des lignes vers Oliva et Pego<\/b><span style=\"font-weight: 400;\">, mais vous devrez vous pr\u00e9parer \u00e0 marcher un peu plus. Et si vous \u00eates parmi les plus sportifs, vous pouvez \u00e9galement y aller \u00e0 v\u00e9lo. <\/span><\/p><p><span style=\"font-weight: 400;\">Nous vous conseillons d\u2019emporter le GPS, car<\/span> <b>se perdre entre les canaux et les rizi\u00e8res peut \u00eatre tr\u00e8s po\u00e9tique<\/b><span style=\"font-weight: 400;\">, mais un peu moins pratique si votre id\u00e9e \u00e9tait de manger \u00e0 l\u2019heure habituelle.<\/span><\/p>\t\t\t\t\t\t\t\t<\/div>\n\t\t\t\t<\/div>\n\t\t\t\t<div class=\"elementor-element elementor-element-5a09b5d elementor-widget elementor-widget-google_maps\" data-id=\"5a09b5d\" data-element_type=\"widget\" data-e-type=\"widget\" data-widget_type=\"google_maps.default\">\n\t\t\t\t<div class=\"elementor-widget-container\">\n\t\t\t\t\t\t\t<div class=\"elementor-custom-embed\">\n\t\t\t<iframe loading=\"lazy\"\n\t\t\t\t\tsrc=\"https:\/\/maps.google.com\/maps?q=Parque%20Natural%20de%20la%20Marjal%20de%20Pego-Oliva&#038;t=m&#038;z=10&#038;output=embed&#038;iwloc=near\"\n\t\t\t\t\ttitle=\"Parque Natural de la Marjal de Pego-Oliva\"\n\t\t\t\t\taria-label=\"Parque Natural de la Marjal de Pego-Oliva\"\n\t\t\t><\/iframe>\n\t\t<\/div>\n\t\t\t\t\t\t<\/div>\n\t\t\t\t<\/div>\n\t\t\t\t\t<\/div>\n\t\t\t\t<\/div>\n\t\t<div class=\"elementor-element elementor-element-43daa4ba e-flex e-con-boxed e-con e-parent\" data-id=\"43daa4ba\" data-element_type=\"container\" data-e-type=\"container\">\n\t\t\t\t\t<div class=\"e-con-inner\">\n\t\t\t\t<div class=\"elementor-element elementor-element-630b56d6 elementor-widget elementor-widget-heading\" data-id=\"630b56d6\" data-element_type=\"widget\" data-e-type=\"widget\" data-widget_type=\"heading.default\">\n\t\t\t\t<div class=\"elementor-widget-container\">\n\t\t\t\t\t<h2 class=\"elementor-heading-title elementor-size-default\">Vous pouvez d\u00e9couvrir tous ces itin\u00e9raires et sentiers dans la Marjal de Pego-Oliva. \n<\/h2>\t\t\t\t<\/div>\n\t\t\t\t<\/div>\n\t\t\t\t<div class=\"elementor-element elementor-element-30b4cc22 elementor-widget elementor-widget-text-editor\" data-id=\"30b4cc22\" data-element_type=\"widget\" data-e-type=\"widget\" data-widget_type=\"text-editor.default\">\n\t\t\t\t<div class=\"elementor-widget-container\">\n\t\t\t\t\t\t\t\t\t<p><span style=\"font-weight: 400;\">Le parc propose<\/span> <b>plusieurs options pour les explorateurs<\/b> <span style=\"font-weight: 400;\">de tous niveaux&nbsp;:<\/span><\/p><p><span style=\"font-weight: 400;\">La<\/span> <b>route de Samaria<\/b> <span style=\"font-weight: 400;\">a une forme circulaire d\u2019environ 4&nbsp;km. Elle est adapt\u00e9e aux familles et est id\u00e9ale pour commencer en douceur, observer les oiseaux et se vanter d\u2019une photo avec les rizi\u00e8res en arri\u00e8re-plan. Une autre option simple est la   <\/span><b>route de l\u2019Azul<\/b><span style=\"font-weight: 400;\">, car elle occupe environ 1,5&nbsp;km que vous pouvez parcourir tranquillement sans que personne ne se plaigne.<\/span><\/p><p><span style=\"font-weight: 400;\">Passant \u00e0 quelque chose de plus s\u00e9rieux, nous vous proposons le<\/span> <b>sentier PR-V&nbsp;58<\/b><span style=\"font-weight: 400;\">, un parcours de 13&nbsp;km qui relie Pego aux environs du marjal, parfait pour ceux qui veulent arriver en sueur \u00e0 la rizi\u00e8re apr\u00e8s la cuisson.<\/span><\/p><p><span style=\"font-weight: 400;\">Une option plus diff\u00e9rente, ce sont les<\/span> <b>itin\u00e9raires en kayak<\/b><span style=\"font-weight: 400;\">, si vous avez envie de ramer entre les roseaux, ou<\/span> <b>de marcher le long des canaux d\u2019irrigation<\/b> <span style=\"font-weight: 400;\">si vous pr\u00e9f\u00e9rez vous sentir comme un explorateur de l\u2019Amazonie dans une version m\u00e9diterran\u00e9enne.<\/span><\/p><p><span style=\"font-weight: 400;\">Le mieux dans tout cela, c\u2019est qu\u2019en plus d\u2019\u00eatre gratuit, c\u2019est sain et<\/span> <b>cela vous laisse avec des endorphines au plus haut niveau.<\/b><\/p>\t\t\t\t\t\t\t\t<\/div>\n\t\t\t\t<\/div>\n\t\t\t\t\t<\/div>\n\t\t\t\t<\/div>\n\t\t<div class=\"elementor-element elementor-element-214af82 e-flex e-con-boxed e-con e-parent\" data-id=\"214af82\" data-element_type=\"container\" data-e-type=\"container\">\n\t\t\t\t\t<div class=\"e-con-inner\">\n\t\t\t\t<div class=\"elementor-element elementor-element-e9e75ee elementor-widget elementor-widget-heading\" data-id=\"e9e75ee\" data-element_type=\"widget\" data-e-type=\"widget\" data-widget_type=\"heading.default\">\n\t\t\t\t<div class=\"elementor-widget-container\">\n\t\t\t\t\t<h2 class=\"elementor-heading-title elementor-size-default\">La flore, la faune et le paysage qui rendent unique la Marjal de Pego-Oliva\n<\/h2>\t\t\t\t<\/div>\n\t\t\t\t<\/div>\n\t\t\t\t<div class=\"elementor-element elementor-element-c0baa81 elementor-widget elementor-widget-text-editor\" data-id=\"c0baa81\" data-element_type=\"widget\" data-e-type=\"widget\" data-widget_type=\"text-editor.default\">\n\t\t\t\t<div class=\"elementor-widget-container\">\n\t\t\t\t\t\t\t\t\t<p><span style=\"font-weight: 400;\">C\u2019est ici que les choses commencent \u00e0 devenir s\u00e9rieuses, mais aussi amusantes, car la Marjal est<\/span> <b>un paradis de la biodiversit\u00e9.<\/b><\/p><p><span style=\"font-weight: 400;\">Parmi la faune, vous pourrez observer des oiseaux aquatiques tels que des h\u00e9rons cendr\u00e9s, des canards color\u00e9s, des cormorans, entre autres, mais les joyaux de ce lieu sont les<\/span> <b>sarcelle d\u2019\u00e9t\u00e9<\/b><span style=\"font-weight: 400;\">  ou le tal\u00e8ve violac\u00e9e, un oiseau qui semble d\u00e9guis\u00e9 en carnaval. Il y a aussi des anguilles, des tanches et m\u00eame des  <\/span><b>samarucs<\/b><span style=\"font-weight: 400;\">, des poissons end\u00e9miques qui n\u2019existent presque pas ailleurs.<\/span><\/p><p><span style=\"font-weight: 400;\">En ce qui concerne la flore, vous pourrez voir<\/span> <b>des joncs, des roseaux, des roseli\u00e8res et des rizi\u00e8res<\/b><span style=\"font-weight: 400;\">  qui remplissent de vert tout le paysage. En \u00e9t\u00e9, vous pourrez voir ce vert intense, tandis qu\u2019en automne, les tons dor\u00e9s semblent sortis d\u2019un film. <\/span><\/p><p><span style=\"font-weight: 400;\">Le paysage ressemble \u00e0 celui de ces motifs de films o\u00f9 le ciel se refl\u00e8te dans une<\/span> <b>lagune entour\u00e9e de montagnes<\/b> <span style=\"font-weight: 400;\"> au loin. De plus, vous avez la M\u00e9diterran\u00e9e tr\u00e8s proche, c\u2019est donc la combinaison parfaite entre mer et montagne. <\/span><\/p>\t\t\t\t\t\t\t\t<\/div>\n\t\t\t\t<\/div>\n\t\t\t\t<div class=\"elementor-element elementor-element-ee6e42f elementor-widget elementor-widget-image\" data-id=\"ee6e42f\" data-element_type=\"widget\" data-e-type=\"widget\" data-widget_type=\"image.default\">\n\t\t\t\t<div class=\"elementor-widget-container\">\n\t\t\t\t\t\t\t\t\t\t\t\t\t\t\t<img fetchpriority=\"high\" decoding=\"async\" width=\"1256\" height=\"697\" src=\"https:\/\/www.ontravelholidayrentals.com\/blog\/wp-content\/uploads\/2025\/09\/Marjal-de-Pego-Oliva.jpg\" class=\"attachment-full size-full wp-image-1133\" alt=\"Marjal-de-Pego-Oliva.jpg\" srcset=\"https:\/\/www.ontravelholidayrentals.com\/blog\/wp-content\/uploads\/2025\/09\/Marjal-de-Pego-Oliva.jpg 1256w, https:\/\/www.ontravelholidayrentals.com\/blog\/wp-content\/uploads\/2025\/09\/Marjal-de-Pego-Oliva-300x166.jpg 300w, https:\/\/www.ontravelholidayrentals.com\/blog\/wp-content\/uploads\/2025\/09\/Marjal-de-Pego-Oliva-1024x568.jpg 1024w, https:\/\/www.ontravelholidayrentals.com\/blog\/wp-content\/uploads\/2025\/09\/Marjal-de-Pego-Oliva-768x426.jpg 768w\" sizes=\"(max-width: 1256px) 100vw, 1256px\" \/>\t\t\t\t\t\t\t\t\t\t\t\t\t\t\t<\/div>\n\t\t\t\t<\/div>\n\t\t\t\t\t<\/div>\n\t\t\t\t<\/div>\n\t\t<div class=\"elementor-element elementor-element-a899955 e-flex e-con-boxed e-con e-parent\" data-id=\"a899955\" data-element_type=\"container\" data-e-type=\"container\">\n\t\t\t\t\t<div class=\"e-con-inner\">\n\t\t\t\t<div class=\"elementor-element elementor-element-485077f elementor-widget elementor-widget-heading\" data-id=\"485077f\" data-element_type=\"widget\" data-e-type=\"widget\" data-widget_type=\"heading.default\">\n\t\t\t\t<div class=\"elementor-widget-container\">\n\t\t\t\t\t<h2 class=\"elementor-heading-title elementor-size-default\">Notez ces recommandations pour visiter la Marjal de Pego-Oliva comme un v\u00e9ritable expert\n<\/h2>\t\t\t\t<\/div>\n\t\t\t\t<\/div>\n\t\t\t\t<div class=\"elementor-element elementor-element-89a320d elementor-widget elementor-widget-text-editor\" data-id=\"89a320d\" data-element_type=\"widget\" data-e-type=\"widget\" data-widget_type=\"text-editor.default\">\n\t\t\t\t<div class=\"elementor-widget-container\">\n\t\t\t\t\t\t\t\t\t<p><span style=\"font-weight: 400;\">Nous vous recommandons de visiter ce lieu<\/span> <b>au printemps ou en automne.<\/b><span style=\"font-weight: 400;\">. Nous ne disons pas qu\u2019en \u00e9t\u00e9, ce n\u2019est pas beau, mais la chaleur et les moustiques ne sont peut-\u00eatre pas \u00e0 votre go\u00fbt.<\/span><\/p><p><span style=\"font-weight: 400;\">Il est \u00e9galement important de dire qu\u2019il ne faut pas porter de tongs, \u00e0 moins que votre mission ne soit de glisser, c\u2019est pourquoi il est pr\u00e9f\u00e9rable de porter des<\/span> <b>chaussures confortables.<\/b><span style=\"font-weight: 400;\">. Et il est presque obligatoire d\u2019emporter des <\/span><b>jumelles<\/b><span style=\"font-weight: 400;\"> pour pouvoir bien voir tout ce que l\u2019endroit offre, surtout pour voir les oiseaux.<\/span><\/p><p><span style=\"font-weight: 400;\">Il est important d\u2019emporter<\/span> <b>de l\u2019eau<\/b> <span style=\"font-weight: 400;\">et une collation, car les vues nourrissent, mais pas autant qu\u2019un bon sandwich.<\/span><\/p><p><span style=\"font-weight: 400;\">Et enfin,<\/span> <b>respectez l\u2019environnement<\/b><span style=\"font-weight: 400;\">, ne cueillez pas de fleurs et ne laissez pas de d\u00e9chets. Si les animaux voulaient des emballages en plastique, ils nous l\u2019auraient d\u00e9j\u00e0 demand\u00e9. <\/span><\/p>\t\t\t\t\t\t\t\t<\/div>\n\t\t\t\t<\/div>\n\t\t\t\t\t<\/div>\n\t\t\t\t<\/div>\n\t\t<div class=\"elementor-element elementor-element-9b88ad7 e-flex e-con-boxed e-con e-parent\" data-id=\"9b88ad7\" data-element_type=\"container\" data-e-type=\"container\">\n\t\t\t\t\t<div class=\"e-con-inner\">\n\t\t\t\t<div class=\"elementor-element elementor-element-f9a93b2 elementor-widget elementor-widget-heading\" data-id=\"f9a93b2\" data-element_type=\"widget\" data-e-type=\"widget\" data-widget_type=\"heading.default\">\n\t\t\t\t<div class=\"elementor-widget-container\">\n\t\t\t\t\t<h2 class=\"elementor-heading-title elementor-size-default\">Vous ne savez pas quoi faire dans les environs du parc naturel de la Marjal de Pego-Oliva&nbsp;? Notez ces id\u00e9es \n<\/h2>\t\t\t\t<\/div>\n\t\t\t\t<\/div>\n\t\t\t\t<div class=\"elementor-element elementor-element-1c7066f elementor-widget elementor-widget-text-editor\" data-id=\"1c7066f\" data-element_type=\"widget\" data-e-type=\"widget\" data-widget_type=\"text-editor.default\">\n\t\t\t\t<div class=\"elementor-widget-container\">\n\t\t\t\t\t\t\t\t\t<p><span style=\"font-weight: 400;\">L\u2019aventure ne se termine pas dans le marjal, mais vous avez \u00e9galement d\u2019autres projets \u00e0 proximit\u00e9 pour tous les go\u00fbts.<\/span><\/p><p><span style=\"font-weight: 400;\">Il existe des villages comme<\/span> <b>Pego<\/b><span style=\"font-weight: 400;\">, un village adorable avec du riz au four, des croquettes faites maison et un ou deux itin\u00e9raires culturels, ou<\/span> <b>Oliva<\/b><span style=\"font-weight: 400;\">, un village plus m\u00e9diterran\u00e9en avec des plages kilom\u00e9triques et des dunes qui semblent sorties d\u2019un catalogue de voyages.<\/span><\/p><p><span style=\"font-weight: 400;\">D\u2019autre part, vous trouverez les<\/span> <b>plages de Denia ou Gand\u00eda<\/b><span style=\"font-weight: 400;\">, si apr\u00e8s tant de marche, vous avez envie de vous baigner. Et si vous avez encore envie de marcher, les itin\u00e9raires de randonn\u00e9e dans la  <\/span><b>Serra de Mostalla<\/b> <span style=\"font-weight: 400;\">ou la<\/span> <b>Serra de Gallinera<\/b> <span style=\"font-weight: 400;\">sont faits pour vous.<\/span><\/p>\t\t\t\t\t\t\t\t<\/div>\n\t\t\t\t<\/div>\n\t\t\t\t<div class=\"elementor-element elementor-element-27aa5e7 elementor-widget elementor-widget-image\" data-id=\"27aa5e7\" data-element_type=\"widget\" data-e-type=\"widget\" data-widget_type=\"image.default\">\n\t\t\t\t<div class=\"elementor-widget-container\">\n\t\t\t\t\t\t\t\t\t\t\t\t\t\t\t<img decoding=\"async\" width=\"1673\" height=\"830\" src=\"https:\/\/www.ontravelholidayrentals.com\/blog\/wp-content\/uploads\/2025\/09\/Parque-Natural-de-la-Marjal-de-Pego-Oliva.jpg\" class=\"attachment-full size-full wp-image-1137\" alt=\"Parque-Natural-de-la-Marjal-de-Pego-Oliva.jpg\" srcset=\"https:\/\/www.ontravelholidayrentals.com\/blog\/wp-content\/uploads\/2025\/09\/Parque-Natural-de-la-Marjal-de-Pego-Oliva.jpg 1673w, https:\/\/www.ontravelholidayrentals.com\/blog\/wp-content\/uploads\/2025\/09\/Parque-Natural-de-la-Marjal-de-Pego-Oliva-300x149.jpg 300w, https:\/\/www.ontravelholidayrentals.com\/blog\/wp-content\/uploads\/2025\/09\/Parque-Natural-de-la-Marjal-de-Pego-Oliva-1024x508.jpg 1024w, https:\/\/www.ontravelholidayrentals.com\/blog\/wp-content\/uploads\/2025\/09\/Parque-Natural-de-la-Marjal-de-Pego-Oliva-768x381.jpg 768w, https:\/\/www.ontravelholidayrentals.com\/blog\/wp-content\/uploads\/2025\/09\/Parque-Natural-de-la-Marjal-de-Pego-Oliva-1536x762.jpg 1536w\" sizes=\"(max-width: 1673px) 100vw, 1673px\" \/>\t\t\t\t\t\t\t\t\t\t\t\t\t\t\t<\/div>\n\t\t\t\t<\/div>\n\t\t\t\t\t<\/div>\n\t\t\t\t<\/div>\n\t\t<div class=\"elementor-element elementor-element-afe4022 e-flex e-con-boxed e-con e-parent\" data-id=\"afe4022\" data-element_type=\"container\" data-e-type=\"container\">\n\t\t\t\t\t<div class=\"e-con-inner\">\n\t\t\t\t<div class=\"elementor-element elementor-element-b31934c elementor-widget elementor-widget-heading\" data-id=\"b31934c\" data-element_type=\"widget\" data-e-type=\"widget\" data-widget_type=\"heading.default\">\n\t\t\t\t<div class=\"elementor-widget-container\">\n\t\t\t\t\t<h2 class=\"elementor-heading-title elementor-size-default\">Voici les raisons de tomber amoureux de la Marjal de Pego-Oliva<\/h2>\t\t\t\t<\/div>\n\t\t\t\t<\/div>\n\t\t\t\t<div class=\"elementor-element elementor-element-0b00182 elementor-widget elementor-widget-text-editor\" data-id=\"0b00182\" data-element_type=\"widget\" data-e-type=\"widget\" data-widget_type=\"text-editor.default\">\n\t\t\t\t<div class=\"elementor-widget-container\">\n\t\t\t\t\t\t\t\t\t<p><span style=\"font-weight: 400;\">Si vous h\u00e9sitez encore \u00e0 pr\u00e9parer une escapade dans ce lieu, <strong>nous allons vous convaincre.<\/strong><\/span><\/p><p><span style=\"font-weight: 400;\">Vous trouverez<\/span> <b>des paysages de carte postale<\/b> <span style=\"font-weight: 400;\"> \u00e0 360&nbsp;\u00b0, car vous serez entour\u00e9 de montagnes, de la mer et, \u00e0 vos pieds, se trouveront les marais. De plus, si vous \u00eates un amoureux de la nature, c\u2019est un festival d\u2019oiseaux,  <\/span><b>de poissons et de flore qui change \u00e0 chaque saison<\/b><span style=\"font-weight: 400;\">, vous pouvez donc y aller plusieurs fois par an et devenir un expert.<\/span><\/p><p><span style=\"font-weight: 400;\">Les<\/span> <b>itin\u00e9raires sont faciles<\/b> <span style=\"font-weight: 400;\"> et vous aideront \u00e0 vous d\u00e9connecter de votre t\u00e9l\u00e9phone portable et de tout ce stress que vous emportez avec vous le reste de l\u2019ann\u00e9e. Bien que, si vous voulez prendre une photo pour Instagram, vous pouvez le sortir. <\/span><\/p><p><span style=\"font-weight: 400;\">La <\/span><b>culture et la gastronomie<\/b><span style=\"font-weight: 400;\"> ne vous d\u00e9cevront pas avec leurs plats typiques comme le riz bomba, la fideu\u00e0 ou la paella, qui, nous vous l&rsquo;assurons, sont encore meilleurs apr\u00e8s une journ\u00e9e de randonn\u00e9e.<\/span><\/p><p><span style=\"font-weight: 400;\">Enfin, la meilleure fa\u00e7on de tomber amoureux de la r\u00e9gion est d&rsquo;avoir un h\u00e9bergement \u00e0 la hauteur de vos besoins. Pour cela,   <\/span><b>n&rsquo;h\u00e9sitez pas \u00e0 nous contacter et \u00e0 r\u00e9server votre h\u00e9bergement \u00e0 Oliva.<\/b><span style=\"font-weight: 400;\"> Nous vous attendons avec impatience&nbsp;!<\/span><\/p>\t\t\t\t\t\t\t\t<\/div>\n\t\t\t\t<\/div>\n\t\t\t\t\t<\/div>\n\t\t\t\t<\/div>\n\t\t<div class=\"elementor-element elementor-element-2574042e e-flex e-con-boxed e-con e-parent\" data-id=\"2574042e\" data-element_type=\"container\" data-e-type=\"container\">\n\t\t\t\t\t<div class=\"e-con-inner\">\n\t\t\t\t<div class=\"elementor-element elementor-element-6b921781 elementor-widget elementor-widget-grid\" data-id=\"6b921781\" data-element_type=\"widget\" data-e-type=\"widget\" data-widget_type=\"grid.default\">\n\t\t\t\t<div class=\"elementor-widget-container\">\n\t\t\t\t\t\t\t<div class=\"its--row alojamientos-recomendados\">\n\n\t\t\t<div class=\"alojamientos-recomendados-container\">\n\n\t\t\t\t\t\n\t\t\t\t\t<a href=\"https:\/\/www.ontravelholidayrentals.com\/fr\/location\/villa-oliva-villa-vermeer-51-460858.html\" rel=\"nofollow\" style=\"width: 23%;\">\n\t\t\t\t\t\t<div class=\"apartamento-box\">\n\t\t\t\t\t\t\t<div class=\"imagen_recomendados\">\n\t\t\t\t\t\t\t\t<img decoding=\"async\" src=\"https:\/\/crs.avantio.com\/fotos\/2\/1703084140d3f439d9b3375a13b4f0e50afb895aaa\/big1703332585741831091dd4ad756385090fb49199ea.jpg\" alt=\"Villa Colibri by ON Travel\">\n\t\t\t\t\t\t\t<\/div>\n\t\t\t\t\t\t\t<div class=\"info\">\n\t\t\t\t\t\t\t\t<div class=\"ubicacion\">\n\t\t\t\t\t\t\t\t\t<i class=\"fa-solid fa-location-dot icono-mapa\"><\/i><span class=\"ubicacion-texto\">Oliva - Dpt. Valencia<\/span>\n\t\t\t\t\t\t\t\t<\/div>\n\t\t\t\t\t\t\t\t<H3 class=\"titulo-alojamiento\">\n\t\t\t\t\t\t\t\t\tVilla Colibri by ON Travel\t\t\t\t\t\t\t\t<\/H3>\n\t\t\t\t\t\t\t\t<p class=\"precio-alojamiento\">\u00c0 partir de <span class=\"precio\">328.00\u20ac<\/span> par nuit<\/p>\n\t\t\t\t\t\t\t<\/div>\n\t\t\t\t\t\t<\/div>\n\t\t\t\t\t<\/a> \n\t\t\t\t\t\t\n\t\t\t\t\t<a href=\"https:\/\/www.ontravelholidayrentals.com\/fr\/location\/villa-oliva-villa-vermeer-21-461268.html\" rel=\"nofollow\" style=\"width: 23%;\">\n\t\t\t\t\t\t<div class=\"apartamento-box\">\n\t\t\t\t\t\t\t<div class=\"imagen_recomendados\">\n\t\t\t\t\t\t\t\t<img decoding=\"async\" src=\"https:\/\/crs.avantio.com\/fotos\/2\/1703335589811fbc048cd27ef2e70871e03571a65f\/big17033356189dc73706c960d3ef8712f0c901543b8b.jpg\" alt=\"Villa Solana  by ON Travel\">\n\t\t\t\t\t\t\t<\/div>\n\t\t\t\t\t\t\t<div class=\"info\">\n\t\t\t\t\t\t\t\t<div class=\"ubicacion\">\n\t\t\t\t\t\t\t\t\t<i class=\"fa-solid fa-location-dot icono-mapa\"><\/i><span class=\"ubicacion-texto\">Oliva - Dpt. Valencia<\/span>\n\t\t\t\t\t\t\t\t<\/div>\n\t\t\t\t\t\t\t\t<H3 class=\"titulo-alojamiento\">\n\t\t\t\t\t\t\t\t\tVilla Solana  by ON Travel\t\t\t\t\t\t\t\t<\/H3>\n\t\t\t\t\t\t\t\t<p class=\"precio-alojamiento\">\u00c0 partir de <span class=\"precio\">217.00\u20ac<\/span> par nuit<\/p>\n\t\t\t\t\t\t\t<\/div>\n\t\t\t\t\t\t<\/div>\n\t\t\t\t\t<\/a> \n\t\t\t\t\t\t\n\t\t\t\t\t<a href=\"https:\/\/www.ontravelholidayrentals.com\/fr\/location\/villa-oliva-villa-vermeer-25-461292.html\" rel=\"nofollow\" style=\"width: 23%;\">\n\t\t\t\t\t\t<div class=\"apartamento-box\">\n\t\t\t\t\t\t\t<div class=\"imagen_recomendados\">\n\t\t\t\t\t\t\t\t<img decoding=\"async\" src=\"https:\/\/crs.avantio.com\/fotos\/2\/1705335735591b101a10adf0c9165b293b19af3489\/big1705335762de9703dc1854540c9777fd4932b0499a.jpg\" alt=\"Greenside oasis villa by ON Travel\">\n\t\t\t\t\t\t\t<\/div>\n\t\t\t\t\t\t\t<div class=\"info\">\n\t\t\t\t\t\t\t\t<div class=\"ubicacion\">\n\t\t\t\t\t\t\t\t\t<i class=\"fa-solid fa-location-dot icono-mapa\"><\/i><span class=\"ubicacion-texto\">Oliva - Dpt. Valencia<\/span>\n\t\t\t\t\t\t\t\t<\/div>\n\t\t\t\t\t\t\t\t<H3 class=\"titulo-alojamiento\">\n\t\t\t\t\t\t\t\t\tGreenside oasis villa by ON Travel\t\t\t\t\t\t\t\t<\/H3>\n\t\t\t\t\t\t\t\t<p class=\"precio-alojamiento\">\u00c0 partir de <span class=\"precio\">328.00\u20ac<\/span> par nuit<\/p>\n\t\t\t\t\t\t\t<\/div>\n\t\t\t\t\t\t<\/div>\n\t\t\t\t\t<\/a> \n\t\t\t\t\t\t\n\t\t\t\t\t<a href=\"https:\/\/www.ontravelholidayrentals.com\/fr\/location\/villa-oliva-villa-vermeer-43-461293.html\" rel=\"nofollow\" style=\"width: 23%;\">\n\t\t\t\t\t\t<div class=\"apartamento-box\">\n\t\t\t\t\t\t\t<div class=\"imagen_recomendados\">\n\t\t\t\t\t\t\t\t<img decoding=\"async\" src=\"https:\/\/crs.avantio.com\/fotos\/2\/17054241108ffb3352fb1b6efd3c6e1c3097debf40\/big170542451565ad5f2b0843b6346526f00ede7b3ef7.jpg\" alt=\"Villa Cisne by ON Travel\">\n\t\t\t\t\t\t\t<\/div>\n\t\t\t\t\t\t\t<div class=\"info\">\n\t\t\t\t\t\t\t\t<div class=\"ubicacion\">\n\t\t\t\t\t\t\t\t\t<i class=\"fa-solid fa-location-dot icono-mapa\"><\/i><span class=\"ubicacion-texto\">Oliva - Dpt. Valencia<\/span>\n\t\t\t\t\t\t\t\t<\/div>\n\t\t\t\t\t\t\t\t<H3 class=\"titulo-alojamiento\">\n\t\t\t\t\t\t\t\t\tVilla Cisne by ON Travel\t\t\t\t\t\t\t\t<\/H3>\n\t\t\t\t\t\t\t\t<p class=\"precio-alojamiento\">\u00c0 partir de <span class=\"precio\">205.00\u20ac<\/span> par nuit<\/p>\n\t\t\t\t\t\t\t<\/div>\n\t\t\t\t\t\t<\/div>\n\t\t\t\t\t<\/a> \n\t\t\t\t\t\t\t\t<\/div>\n\t\t\t<\/div>\n\t\t\t\t\t\t<\/div>\n\t\t\t\t<\/div>\n\t\t\t\t\t<\/div>\n\t\t\t\t<\/div>\n\t\t\t\t<\/div>\n\t\t","protected":false},"excerpt":{"rendered":"<p>Parc naturel de la Marjal de Pego-Oliva&nbsp;: un tr\u00e9sor entre mer et montagne Si vous pensiez avoir tout vu entre les plages de la M\u00e9diterran\u00e9e et les montagnes d\u2019Alicante et de Valence, attendez de d\u00e9couvrir la Marjal de Pego-Oliva.. Ce parc naturel est comme cet ami qui a tout, de la beaut\u00e9 au myst\u00e8re, en [&hellip;]<\/p>\n","protected":false},"author":4,"featured_media":1141,"comment_status":"open","ping_status":"open","sticky":false,"template":"elementor_header_footer","format":"standard","meta":{"footnotes":""},"categories":[30],"tags":[],"class_list":["post-1160","post","type-post","status-publish","format-standard","has-post-thumbnail","hentry","category-oliva-fr"],"yoast_head":"<!-- This site is optimized with the Yoast SEO plugin v25.2 - https:\/\/yoast.com\/wordpress\/plugins\/seo\/ -->\n<title>Parc naturel de la Marjal de Pego-Oliva - Blog<\/title>\n<meta name=\"description\" content=\"Explorez le parc naturel de la Marjal de Pego-Oliva et connectez-vous avec la nature valencienne pendant vos vacances sur la c\u00f4te.\" \/>\n<meta name=\"robots\" content=\"index, follow, max-snippet:-1, max-image-preview:large, max-video-preview:-1\" \/>\n<link rel=\"canonical\" href=\"https:\/\/www.ontravelholidayrentals.com\/blog\/fr\/parc-naturel-marjal-pego-oliva\/\" \/>\n<meta property=\"og:locale\" content=\"fr_FR\" \/>\n<meta property=\"og:type\" content=\"article\" \/>\n<meta property=\"og:title\" content=\"Parc naturel de la Marjal de Pego-Oliva - Blog\" \/>\n<meta property=\"og:description\" content=\"Explorez le parc naturel de la Marjal de Pego-Oliva et connectez-vous avec la nature valencienne pendant vos vacances sur la c\u00f4te.\" \/>\n<meta property=\"og:url\" content=\"https:\/\/www.ontravelholidayrentals.com\/blog\/fr\/parc-naturel-marjal-pego-oliva\/\" \/>\n<meta property=\"og:site_name\" content=\"Blog\" \/>\n<meta property=\"article:published_time\" content=\"2025-09-08T11:43:15+00:00\" \/>\n<meta property=\"article:modified_time\" content=\"2025-11-26T07:59:41+00:00\" \/>\n<meta property=\"og:image\" content=\"https:\/\/www.ontravelholidayrentals.com\/blog\/wp-content\/uploads\/2025\/09\/Parque-Natural-Marjal-de-Pego-Oliva.jpg\" \/>\n\t<meta property=\"og:image:width\" content=\"1257\" \/>\n\t<meta property=\"og:image:height\" content=\"707\" \/>\n\t<meta property=\"og:image:type\" content=\"image\/jpeg\" \/>\n<meta name=\"author\" content=\"Axel\" \/>\n<meta name=\"twitter:card\" content=\"summary_large_image\" \/>\n<meta name=\"twitter:label1\" content=\"\u00c9crit par\" \/>\n\t<meta name=\"twitter:data1\" content=\"Axel\" \/>\n\t<meta name=\"twitter:label2\" content=\"Dur\u00e9e de lecture estim\u00e9e\" \/>\n\t<meta name=\"twitter:data2\" content=\"7 minutes\" \/>\n<script type=\"application\/ld+json\" class=\"yoast-schema-graph\">{\"@context\":\"https:\/\/schema.org\",\"@graph\":[{\"@type\":\"Article\",\"@id\":\"https:\/\/www.ontravelholidayrentals.com\/blog\/fr\/parc-naturel-marjal-pego-oliva\/#article\",\"isPartOf\":{\"@id\":\"https:\/\/www.ontravelholidayrentals.com\/blog\/fr\/parc-naturel-marjal-pego-oliva\/\"},\"author\":{\"name\":\"Axel\",\"@id\":\"https:\/\/www.ontravelholidayrentals.com\/blog\/fr\/#\/schema\/person\/907601cb91b08af60b0fec9e629a4883\"},\"headline\":\"Parc naturel de la Marjal de Pego-Oliva : un tr\u00e9sor entre mer et montagne\",\"datePublished\":\"2025-09-08T11:43:15+00:00\",\"dateModified\":\"2025-11-26T07:59:41+00:00\",\"mainEntityOfPage\":{\"@id\":\"https:\/\/www.ontravelholidayrentals.com\/blog\/fr\/parc-naturel-marjal-pego-oliva\/\"},\"wordCount\":1317,\"commentCount\":0,\"publisher\":{\"@id\":\"https:\/\/www.ontravelholidayrentals.com\/blog\/fr\/#organization\"},\"image\":{\"@id\":\"https:\/\/www.ontravelholidayrentals.com\/blog\/fr\/parc-naturel-marjal-pego-oliva\/#primaryimage\"},\"thumbnailUrl\":\"https:\/\/www.ontravelholidayrentals.com\/blog\/wp-content\/uploads\/2025\/09\/Parque-Natural-Marjal-de-Pego-Oliva.jpg\",\"articleSection\":[\"Oliva\"],\"inLanguage\":\"fr-FR\",\"potentialAction\":[{\"@type\":\"CommentAction\",\"name\":\"Comment\",\"target\":[\"https:\/\/www.ontravelholidayrentals.com\/blog\/fr\/parc-naturel-marjal-pego-oliva\/#respond\"]}]},{\"@type\":\"WebPage\",\"@id\":\"https:\/\/www.ontravelholidayrentals.com\/blog\/fr\/parc-naturel-marjal-pego-oliva\/\",\"url\":\"https:\/\/www.ontravelholidayrentals.com\/blog\/fr\/parc-naturel-marjal-pego-oliva\/\",\"name\":\"Parc naturel de la Marjal de Pego-Oliva - Blog\",\"isPartOf\":{\"@id\":\"https:\/\/www.ontravelholidayrentals.com\/blog\/fr\/#website\"},\"primaryImageOfPage\":{\"@id\":\"https:\/\/www.ontravelholidayrentals.com\/blog\/fr\/parc-naturel-marjal-pego-oliva\/#primaryimage\"},\"image\":{\"@id\":\"https:\/\/www.ontravelholidayrentals.com\/blog\/fr\/parc-naturel-marjal-pego-oliva\/#primaryimage\"},\"thumbnailUrl\":\"https:\/\/www.ontravelholidayrentals.com\/blog\/wp-content\/uploads\/2025\/09\/Parque-Natural-Marjal-de-Pego-Oliva.jpg\",\"datePublished\":\"2025-09-08T11:43:15+00:00\",\"dateModified\":\"2025-11-26T07:59:41+00:00\",\"description\":\"Explorez le parc naturel de la Marjal de Pego-Oliva et connectez-vous avec la nature valencienne pendant vos vacances sur la c\u00f4te.\",\"breadcrumb\":{\"@id\":\"https:\/\/www.ontravelholidayrentals.com\/blog\/fr\/parc-naturel-marjal-pego-oliva\/#breadcrumb\"},\"inLanguage\":\"fr-FR\",\"potentialAction\":[{\"@type\":\"ReadAction\",\"target\":[\"https:\/\/www.ontravelholidayrentals.com\/blog\/fr\/parc-naturel-marjal-pego-oliva\/\"]}]},{\"@type\":\"ImageObject\",\"inLanguage\":\"fr-FR\",\"@id\":\"https:\/\/www.ontravelholidayrentals.com\/blog\/fr\/parc-naturel-marjal-pego-oliva\/#primaryimage\",\"url\":\"https:\/\/www.ontravelholidayrentals.com\/blog\/wp-content\/uploads\/2025\/09\/Parque-Natural-Marjal-de-Pego-Oliva.jpg\",\"contentUrl\":\"https:\/\/www.ontravelholidayrentals.com\/blog\/wp-content\/uploads\/2025\/09\/Parque-Natural-Marjal-de-Pego-Oliva.jpg\",\"width\":1257,\"height\":707,\"caption\":\"Parque-Natural-Marjal-de-Pego-Oliva.jpg\"},{\"@type\":\"BreadcrumbList\",\"@id\":\"https:\/\/www.ontravelholidayrentals.com\/blog\/fr\/parc-naturel-marjal-pego-oliva\/#breadcrumb\",\"itemListElement\":[{\"@type\":\"ListItem\",\"position\":1,\"name\":\"Portada\",\"item\":\"https:\/\/www.ontravelholidayrentals.com\/blog\/fr\/\"},{\"@type\":\"ListItem\",\"position\":2,\"name\":\"Parc naturel de la Marjal de Pego-Oliva : un tr\u00e9sor entre mer et montagne\"}]},{\"@type\":\"WebSite\",\"@id\":\"https:\/\/www.ontravelholidayrentals.com\/blog\/fr\/#website\",\"url\":\"https:\/\/www.ontravelholidayrentals.com\/blog\/fr\/\",\"name\":\"Blog\",\"description\":\"Ontravelholidayrentals\",\"publisher\":{\"@id\":\"https:\/\/www.ontravelholidayrentals.com\/blog\/fr\/#organization\"},\"potentialAction\":[{\"@type\":\"SearchAction\",\"target\":{\"@type\":\"EntryPoint\",\"urlTemplate\":\"https:\/\/www.ontravelholidayrentals.com\/blog\/fr\/?s={search_term_string}\"},\"query-input\":{\"@type\":\"PropertyValueSpecification\",\"valueRequired\":true,\"valueName\":\"search_term_string\"}}],\"inLanguage\":\"fr-FR\"},{\"@type\":\"Organization\",\"@id\":\"https:\/\/www.ontravelholidayrentals.com\/blog\/fr\/#organization\",\"name\":\"Blog\",\"url\":\"https:\/\/www.ontravelholidayrentals.com\/blog\/fr\/\",\"logo\":{\"@type\":\"ImageObject\",\"inLanguage\":\"fr-FR\",\"@id\":\"https:\/\/www.ontravelholidayrentals.com\/blog\/fr\/#\/schema\/logo\/image\/\",\"url\":\"https:\/\/www.ontravelholidayrentals.com\/blog\/wp-content\/uploads\/2025\/02\/logo-oliva-nova.webp\",\"contentUrl\":\"https:\/\/www.ontravelholidayrentals.com\/blog\/wp-content\/uploads\/2025\/02\/logo-oliva-nova.webp\",\"width\":2454,\"height\":875,\"caption\":\"Blog\"},\"image\":{\"@id\":\"https:\/\/www.ontravelholidayrentals.com\/blog\/fr\/#\/schema\/logo\/image\/\"}},{\"@type\":\"Person\",\"@id\":\"https:\/\/www.ontravelholidayrentals.com\/blog\/fr\/#\/schema\/person\/907601cb91b08af60b0fec9e629a4883\",\"name\":\"Axel\",\"image\":{\"@type\":\"ImageObject\",\"inLanguage\":\"fr-FR\",\"@id\":\"https:\/\/www.ontravelholidayrentals.com\/blog\/fr\/#\/schema\/person\/image\/\",\"url\":\"https:\/\/secure.gravatar.com\/avatar\/3bd706736e5b70f21f05f6c2d5cad746767782a4ba4b7df399c5969e2a9318fd?s=96&d=mm&r=g\",\"contentUrl\":\"https:\/\/secure.gravatar.com\/avatar\/3bd706736e5b70f21f05f6c2d5cad746767782a4ba4b7df399c5969e2a9318fd?s=96&d=mm&r=g\",\"caption\":\"Axel\"},\"url\":\"https:\/\/www.ontravelholidayrentals.com\/blog\/fr\/author\/axel\/\"}]}<\/script>\n<!-- \/ Yoast SEO plugin. -->","yoast_head_json":{"title":"Parc naturel de la Marjal de Pego-Oliva - Blog","description":"Explorez le parc naturel de la Marjal de Pego-Oliva et connectez-vous avec la nature valencienne pendant vos vacances sur la c\u00f4te.","robots":{"index":"index","follow":"follow","max-snippet":"max-snippet:-1","max-image-preview":"max-image-preview:large","max-video-preview":"max-video-preview:-1"},"canonical":"https:\/\/www.ontravelholidayrentals.com\/blog\/fr\/parc-naturel-marjal-pego-oliva\/","og_locale":"fr_FR","og_type":"article","og_title":"Parc naturel de la Marjal de Pego-Oliva - Blog","og_description":"Explorez le parc naturel de la Marjal de Pego-Oliva et connectez-vous avec la nature valencienne pendant vos vacances sur la c\u00f4te.","og_url":"https:\/\/www.ontravelholidayrentals.com\/blog\/fr\/parc-naturel-marjal-pego-oliva\/","og_site_name":"Blog","article_published_time":"2025-09-08T11:43:15+00:00","article_modified_time":"2025-11-26T07:59:41+00:00","og_image":[{"width":1257,"height":707,"url":"https:\/\/www.ontravelholidayrentals.com\/blog\/wp-content\/uploads\/2025\/09\/Parque-Natural-Marjal-de-Pego-Oliva.jpg","type":"image\/jpeg"}],"author":"Axel","twitter_card":"summary_large_image","twitter_misc":{"\u00c9crit par":"Axel","Dur\u00e9e de lecture estim\u00e9e":"7 minutes"},"schema":{"@context":"https:\/\/schema.org","@graph":[{"@type":"Article","@id":"https:\/\/www.ontravelholidayrentals.com\/blog\/fr\/parc-naturel-marjal-pego-oliva\/#article","isPartOf":{"@id":"https:\/\/www.ontravelholidayrentals.com\/blog\/fr\/parc-naturel-marjal-pego-oliva\/"},"author":{"name":"Axel","@id":"https:\/\/www.ontravelholidayrentals.com\/blog\/fr\/#\/schema\/person\/907601cb91b08af60b0fec9e629a4883"},"headline":"Parc naturel de la Marjal de Pego-Oliva : un tr\u00e9sor entre mer et montagne","datePublished":"2025-09-08T11:43:15+00:00","dateModified":"2025-11-26T07:59:41+00:00","mainEntityOfPage":{"@id":"https:\/\/www.ontravelholidayrentals.com\/blog\/fr\/parc-naturel-marjal-pego-oliva\/"},"wordCount":1317,"commentCount":0,"publisher":{"@id":"https:\/\/www.ontravelholidayrentals.com\/blog\/fr\/#organization"},"image":{"@id":"https:\/\/www.ontravelholidayrentals.com\/blog\/fr\/parc-naturel-marjal-pego-oliva\/#primaryimage"},"thumbnailUrl":"https:\/\/www.ontravelholidayrentals.com\/blog\/wp-content\/uploads\/2025\/09\/Parque-Natural-Marjal-de-Pego-Oliva.jpg","articleSection":["Oliva"],"inLanguage":"fr-FR","potentialAction":[{"@type":"CommentAction","name":"Comment","target":["https:\/\/www.ontravelholidayrentals.com\/blog\/fr\/parc-naturel-marjal-pego-oliva\/#respond"]}]},{"@type":"WebPage","@id":"https:\/\/www.ontravelholidayrentals.com\/blog\/fr\/parc-naturel-marjal-pego-oliva\/","url":"https:\/\/www.ontravelholidayrentals.com\/blog\/fr\/parc-naturel-marjal-pego-oliva\/","name":"Parc naturel de la Marjal de Pego-Oliva - Blog","isPartOf":{"@id":"https:\/\/www.ontravelholidayrentals.com\/blog\/fr\/#website"},"primaryImageOfPage":{"@id":"https:\/\/www.ontravelholidayrentals.com\/blog\/fr\/parc-naturel-marjal-pego-oliva\/#primaryimage"},"image":{"@id":"https:\/\/www.ontravelholidayrentals.com\/blog\/fr\/parc-naturel-marjal-pego-oliva\/#primaryimage"},"thumbnailUrl":"https:\/\/www.ontravelholidayrentals.com\/blog\/wp-content\/uploads\/2025\/09\/Parque-Natural-Marjal-de-Pego-Oliva.jpg","datePublished":"2025-09-08T11:43:15+00:00","dateModified":"2025-11-26T07:59:41+00:00","description":"Explorez le parc naturel de la Marjal de Pego-Oliva et connectez-vous avec la nature valencienne pendant vos vacances sur la c\u00f4te.","breadcrumb":{"@id":"https:\/\/www.ontravelholidayrentals.com\/blog\/fr\/parc-naturel-marjal-pego-oliva\/#breadcrumb"},"inLanguage":"fr-FR","potentialAction":[{"@type":"ReadAction","target":["https:\/\/www.ontravelholidayrentals.com\/blog\/fr\/parc-naturel-marjal-pego-oliva\/"]}]},{"@type":"ImageObject","inLanguage":"fr-FR","@id":"https:\/\/www.ontravelholidayrentals.com\/blog\/fr\/parc-naturel-marjal-pego-oliva\/#primaryimage","url":"https:\/\/www.ontravelholidayrentals.com\/blog\/wp-content\/uploads\/2025\/09\/Parque-Natural-Marjal-de-Pego-Oliva.jpg","contentUrl":"https:\/\/www.ontravelholidayrentals.com\/blog\/wp-content\/uploads\/2025\/09\/Parque-Natural-Marjal-de-Pego-Oliva.jpg","width":1257,"height":707,"caption":"Parque-Natural-Marjal-de-Pego-Oliva.jpg"},{"@type":"BreadcrumbList","@id":"https:\/\/www.ontravelholidayrentals.com\/blog\/fr\/parc-naturel-marjal-pego-oliva\/#breadcrumb","itemListElement":[{"@type":"ListItem","position":1,"name":"Portada","item":"https:\/\/www.ontravelholidayrentals.com\/blog\/fr\/"},{"@type":"ListItem","position":2,"name":"Parc naturel de la Marjal de Pego-Oliva : un tr\u00e9sor entre mer et montagne"}]},{"@type":"WebSite","@id":"https:\/\/www.ontravelholidayrentals.com\/blog\/fr\/#website","url":"https:\/\/www.ontravelholidayrentals.com\/blog\/fr\/","name":"Blog","description":"Ontravelholidayrentals","publisher":{"@id":"https:\/\/www.ontravelholidayrentals.com\/blog\/fr\/#organization"},"potentialAction":[{"@type":"SearchAction","target":{"@type":"EntryPoint","urlTemplate":"https:\/\/www.ontravelholidayrentals.com\/blog\/fr\/?s={search_term_string}"},"query-input":{"@type":"PropertyValueSpecification","valueRequired":true,"valueName":"search_term_string"}}],"inLanguage":"fr-FR"},{"@type":"Organization","@id":"https:\/\/www.ontravelholidayrentals.com\/blog\/fr\/#organization","name":"Blog","url":"https:\/\/www.ontravelholidayrentals.com\/blog\/fr\/","logo":{"@type":"ImageObject","inLanguage":"fr-FR","@id":"https:\/\/www.ontravelholidayrentals.com\/blog\/fr\/#\/schema\/logo\/image\/","url":"https:\/\/www.ontravelholidayrentals.com\/blog\/wp-content\/uploads\/2025\/02\/logo-oliva-nova.webp","contentUrl":"https:\/\/www.ontravelholidayrentals.com\/blog\/wp-content\/uploads\/2025\/02\/logo-oliva-nova.webp","width":2454,"height":875,"caption":"Blog"},"image":{"@id":"https:\/\/www.ontravelholidayrentals.com\/blog\/fr\/#\/schema\/logo\/image\/"}},{"@type":"Person","@id":"https:\/\/www.ontravelholidayrentals.com\/blog\/fr\/#\/schema\/person\/907601cb91b08af60b0fec9e629a4883","name":"Axel","image":{"@type":"ImageObject","inLanguage":"fr-FR","@id":"https:\/\/www.ontravelholidayrentals.com\/blog\/fr\/#\/schema\/person\/image\/","url":"https:\/\/secure.gravatar.com\/avatar\/3bd706736e5b70f21f05f6c2d5cad746767782a4ba4b7df399c5969e2a9318fd?s=96&d=mm&r=g","contentUrl":"https:\/\/secure.gravatar.com\/avatar\/3bd706736e5b70f21f05f6c2d5cad746767782a4ba4b7df399c5969e2a9318fd?s=96&d=mm&r=g","caption":"Axel"},"url":"https:\/\/www.ontravelholidayrentals.com\/blog\/fr\/author\/axel\/"}]}},"_links":{"self":[{"href":"https:\/\/www.ontravelholidayrentals.com\/blog\/fr\/wp-json\/wp\/v2\/posts\/1160","targetHints":{"allow":["GET"]}}],"collection":[{"href":"https:\/\/www.ontravelholidayrentals.com\/blog\/fr\/wp-json\/wp\/v2\/posts"}],"about":[{"href":"https:\/\/www.ontravelholidayrentals.com\/blog\/fr\/wp-json\/wp\/v2\/types\/post"}],"author":[{"embeddable":true,"href":"https:\/\/www.ontravelholidayrentals.com\/blog\/fr\/wp-json\/wp\/v2\/users\/4"}],"replies":[{"embeddable":true,"href":"https:\/\/www.ontravelholidayrentals.com\/blog\/fr\/wp-json\/wp\/v2\/comments?post=1160"}],"version-history":[{"count":2,"href":"https:\/\/www.ontravelholidayrentals.com\/blog\/fr\/wp-json\/wp\/v2\/posts\/1160\/revisions"}],"predecessor-version":[{"id":1210,"href":"https:\/\/www.ontravelholidayrentals.com\/blog\/fr\/wp-json\/wp\/v2\/posts\/1160\/revisions\/1210"}],"wp:featuredmedia":[{"embeddable":true,"href":"https:\/\/www.ontravelholidayrentals.com\/blog\/fr\/wp-json\/wp\/v2\/media\/1141"}],"wp:attachment":[{"href":"https:\/\/www.ontravelholidayrentals.com\/blog\/fr\/wp-json\/wp\/v2\/media?parent=1160"}],"wp:term":[{"taxonomy":"category","embeddable":true,"href":"https:\/\/www.ontravelholidayrentals.com\/blog\/fr\/wp-json\/wp\/v2\/categories?post=1160"},{"taxonomy":"post_tag","embeddable":true,"href":"https:\/\/www.ontravelholidayrentals.com\/blog\/fr\/wp-json\/wp\/v2\/tags?post=1160"}],"curies":[{"name":"wp","href":"https:\/\/api.w.org\/{rel}","templated":true}]}}