{"id":1156,"date":"2025-09-08T11:25:51","date_gmt":"2025-09-08T11:25:51","guid":{"rendered":"https:\/\/www.ontravelholidayrentals.com\/blog\/?p=1156"},"modified":"2025-11-26T07:59:28","modified_gmt":"2025-11-26T07:59:28","slug":"cala-andrago","status":"publish","type":"post","link":"https:\/\/www.ontravelholidayrentals.com\/blog\/fr\/cala-andrago\/","title":{"rendered":"Cala l\u2019Andrag\u00f3&nbsp;: le coin le plus charmant de la Costa Blanca"},"content":{"rendered":"\t\t<div data-elementor-type=\"wp-post\" data-elementor-id=\"1156\" class=\"elementor elementor-1156 elementor-1101\" data-elementor-post-type=\"post\">\n\t\t\t\t<div class=\"elementor-element elementor-element-7d6d4ff4 e-flex e-con-boxed e-con e-parent\" data-id=\"7d6d4ff4\" data-element_type=\"container\" data-e-type=\"container\" data-settings=\"{&quot;background_background&quot;:&quot;classic&quot;}\">\n\t\t\t\t\t<div class=\"e-con-inner\">\n\t\t\t\t<div class=\"elementor-element elementor-element-64000461 elementor-widget elementor-widget-heading\" data-id=\"64000461\" data-element_type=\"widget\" data-e-type=\"widget\" data-widget_type=\"heading.default\">\n\t\t\t\t<div class=\"elementor-widget-container\">\n\t\t\t\t\t<h1 class=\"elementor-heading-title elementor-size-default\">Cala l\u2019Andrag\u00f3&nbsp;: le coin le plus charmant de la Costa Blanca<\/h1>\t\t\t\t<\/div>\n\t\t\t\t<\/div>\n\t\t\t\t\t<\/div>\n\t\t\t\t<\/div>\n\t\t<div class=\"elementor-element elementor-element-b9be9ae e-flex e-con-boxed e-con e-parent\" data-id=\"b9be9ae\" data-element_type=\"container\" data-e-type=\"container\">\n\t\t\t\t\t<div class=\"e-con-inner\">\n\t\t\t\t<div class=\"elementor-element elementor-element-1a142472 elementor-widget elementor-widget-text-editor\" data-id=\"1a142472\" data-element_type=\"widget\" data-e-type=\"widget\" data-widget_type=\"text-editor.default\">\n\t\t\t\t<div class=\"elementor-widget-container\">\n\t\t\t\t\t\t\t\t\t<p><span style=\"font-weight: 400;\">Imaginez une crique qui combine des eaux cristallines, des coins rocheux id\u00e9aux pour la plong\u00e9e, un restaurant de charme et <\/span><b>une ambiance d\u00e9tendue au c\u0153ur de la Costa Blanca. <\/b><span style=\"font-weight: 400;\">\u00c7a vous tente, n\u2019est-ce pas&nbsp;?<\/span><\/p><p><span style=\"font-weight: 400;\">Eh bien, cet endroit est la Cala l\u2019Andrag\u00f3 \u00e0 Moraira. Un   <\/span><b>petit tr\u00e9sor de la Marina Alta<\/b><span style=\"font-weight: 400;\">  qui conquiert aussi bien les voyageurs que les habitants qui y ont trouv\u00e9 leur refuge pr\u00e9f\u00e9r\u00e9. Aujourd\u2019hui, nous vous racontons tout sur ce joyau qui vous \u00e9poustouflera d\u00e8s que vous y mettrez les pieds. C\u2019est parti&nbsp;!  <\/span><\/p>\t\t\t\t\t\t\t\t<\/div>\n\t\t\t\t<\/div>\n\t\t\t\t\t<\/div>\n\t\t\t\t<\/div>\n\t\t<div class=\"elementor-element elementor-element-777111b e-flex e-con-boxed e-con e-parent\" data-id=\"777111b\" data-element_type=\"container\" data-e-type=\"container\">\n\t\t\t\t\t<div class=\"e-con-inner\">\n\t\t\t\t<div class=\"elementor-element elementor-element-47565e7c elementor-widget elementor-widget-table-of-contents\" data-id=\"47565e7c\" data-element_type=\"widget\" data-e-type=\"widget\" data-settings=\"{&quot;headings_by_tags&quot;:[&quot;h2&quot;,&quot;h3&quot;],&quot;exclude_headings_by_selector&quot;:[],&quot;marker_view&quot;:&quot;bullets&quot;,&quot;icon&quot;:{&quot;value&quot;:&quot;&quot;,&quot;library&quot;:&quot;&quot;},&quot;no_headings_message&quot;:&quot;No headings were found on this page.&quot;,&quot;hierarchical_view&quot;:&quot;yes&quot;,&quot;min_height&quot;:{&quot;unit&quot;:&quot;px&quot;,&quot;size&quot;:&quot;&quot;,&quot;sizes&quot;:[]},&quot;min_height_tablet&quot;:{&quot;unit&quot;:&quot;px&quot;,&quot;size&quot;:&quot;&quot;,&quot;sizes&quot;:[]},&quot;min_height_mobile&quot;:{&quot;unit&quot;:&quot;px&quot;,&quot;size&quot;:&quot;&quot;,&quot;sizes&quot;:[]}}\" data-widget_type=\"table-of-contents.default\">\n\t\t\t\t<div class=\"elementor-widget-container\">\n\t\t\t\t\t\t\t\t\t<div class=\"elementor-toc__header\">\n\t\t\t\t\t\t<div class=\"elementor-toc__header-title\">\n\t\t\t\tIndex\t\t\t<\/div>\n\t\t\t\t\t\t\t\t<\/div>\n\t\t\t\t<div id=\"elementor-toc__47565e7c\" class=\"elementor-toc__body\">\n\t\t\t<div class=\"elementor-toc__spinner-container\">\n\t\t\t\t<svg class=\"elementor-toc__spinner eicon-animation-spin e-font-icon-svg e-eicon-loading\" aria-hidden=\"true\" viewBox=\"0 0 1000 1000\" xmlns=\"http:\/\/www.w3.org\/2000\/svg\"><path d=\"M500 975V858C696 858 858 696 858 500S696 142 500 142 142 304 142 500H25C25 237 238 25 500 25S975 237 975 500 763 975 500 975Z\"><\/path><\/svg>\t\t\t<\/div>\n\t\t<\/div>\n\t\t\t\t\t\t<\/div>\n\t\t\t\t<\/div>\n\t\t\t\t\t<\/div>\n\t\t\t\t<\/div>\n\t\t<div class=\"elementor-element elementor-element-16fc5a11 e-flex e-con-boxed e-con e-parent\" data-id=\"16fc5a11\" data-element_type=\"container\" data-e-type=\"container\">\n\t\t\t\t\t<div class=\"e-con-inner\">\n\t\t\t\t<div class=\"elementor-element elementor-element-48b58974 elementor-widget elementor-widget-heading\" data-id=\"48b58974\" data-element_type=\"widget\" data-e-type=\"widget\" data-widget_type=\"heading.default\">\n\t\t\t\t<div class=\"elementor-widget-container\">\n\t\t\t\t\t<h2 class=\"elementor-heading-title elementor-size-default\">Comment se rendre \u00e0 Cala l\u2019Andrag\u00f3&nbsp;: itin\u00e9raires faciles et vues inoubliables\n<\/h2>\t\t\t\t<\/div>\n\t\t\t\t<\/div>\n\t\t\t\t<div class=\"elementor-element elementor-element-124dedfb elementor-widget elementor-widget-text-editor\" data-id=\"124dedfb\" data-element_type=\"widget\" data-e-type=\"widget\" data-widget_type=\"text-editor.default\">\n\t\t\t\t<div class=\"elementor-widget-container\">\n\t\t\t\t\t\t\t\t\t<p><span style=\"font-weight: 400;\">Se rendre \u00e0 Cala l\u2019Andrag\u00f3 est tr\u00e8s simple, car la crique se trouve \u00e0 seulement 2&nbsp;km au sud du centre de Moraira, <\/span><b>en suivant la route CV-746 qui longe la c\u00f4te <\/b><span style=\"font-weight: 400;\">et offre des vues qui vous feront sortir votre t\u00e9l\u00e9phone portable \u00e0 chaque virage.<\/span><\/p><p><span style=\"font-weight: 400;\">En voiture, <\/span><b>depuis Alicante, vous mettrez \u00e0 peine 50&nbsp;minutes<\/b><span style=\"font-weight: 400;\">, et d<\/span><b>epuis Valence, environ une heure et quart.<\/b><span style=\"font-weight: 400;\">. Il vous suffit d\u2019indiquer Cala l\u2019Andrag\u00f3 Moraira dans le GPS, car si vous indiquez uniquement Andrag\u00f3, vous arriverez \u00e0 un autre endroit, bien que portant un nom similaire, et ce n\u2019est pas le but.<\/span><\/p><p><span style=\"font-weight: 400;\">Une autre solution consiste \u00e0 y aller \u00e0 pied ou \u00e0 v\u00e9lo. Si vous \u00eates \u00e0 Moraira, vous pouvez continuer   <\/span><b>vers le sud par le sentier c\u00f4tier<\/b><span style=\"font-weight: 400;\">. Le trajet est court, agr\u00e9able et d\u00e9gage une odeur de mer qui ouvre l\u2019app\u00e9tit, id\u00e9al si vous pr\u00e9voyez ensuite de manger dans l\u2019un des bars de plage que propose cette crique.<\/span><\/p><p><span style=\"font-weight: 400;\">Le mieux, c\u2019est que, m\u00eame si vous avez l\u2019intention d\u2019arriver rapidement, <\/span><b>vous finirez par vous arr\u00eater des millions de fois pour admirer les vues qu\u2019offre l\u2019horizon.<\/b><span style=\"font-weight: 400;\">. Et croyez-moi, cela fait partie de l\u2019exp\u00e9rience.<\/span><\/p>\t\t\t\t\t\t\t\t<\/div>\n\t\t\t\t<\/div>\n\t\t\t\t<div class=\"elementor-element elementor-element-a9a1136 elementor-widget elementor-widget-google_maps\" data-id=\"a9a1136\" data-element_type=\"widget\" data-e-type=\"widget\" data-widget_type=\"google_maps.default\">\n\t\t\t\t<div class=\"elementor-widget-container\">\n\t\t\t\t\t\t\t<div class=\"elementor-custom-embed\">\n\t\t\t<iframe loading=\"lazy\"\n\t\t\t\t\tsrc=\"https:\/\/maps.google.com\/maps?q=Cala%20l%E2%80%99Andrag%C3%B3&#038;t=m&#038;z=11&#038;output=embed&#038;iwloc=near\"\n\t\t\t\t\ttitle=\"Cala l\u2019Andrag\u00f3\"\n\t\t\t\t\taria-label=\"Cala l\u2019Andrag\u00f3\"\n\t\t\t><\/iframe>\n\t\t<\/div>\n\t\t\t\t\t\t<\/div>\n\t\t\t\t<\/div>\n\t\t\t\t\t<\/div>\n\t\t\t\t<\/div>\n\t\t<div class=\"elementor-element elementor-element-6c7c5ff3 e-flex e-con-boxed e-con e-parent\" data-id=\"6c7c5ff3\" data-element_type=\"container\" data-e-type=\"container\">\n\t\t\t\t\t<div class=\"e-con-inner\">\n\t\t\t\t<div class=\"elementor-element elementor-element-7d37d4fd elementor-widget elementor-widget-heading\" data-id=\"7d37d4fd\" data-element_type=\"widget\" data-e-type=\"widget\" data-widget_type=\"heading.default\">\n\t\t\t\t<div class=\"elementor-widget-container\">\n\t\t\t\t\t<h2 class=\"elementor-heading-title elementor-size-default\">Que voir et que faire \u00e0 Cala l\u2019Andrag\u00f3 pour en profiter au maximum\n<\/h2>\t\t\t\t<\/div>\n\t\t\t\t<\/div>\n\t\t\t\t<div class=\"elementor-element elementor-element-5c4d910a elementor-widget elementor-widget-text-editor\" data-id=\"5c4d910a\" data-element_type=\"widget\" data-e-type=\"widget\" data-widget_type=\"text-editor.default\">\n\t\t\t\t<div class=\"elementor-widget-container\">\n\t\t\t\t\t\t\t\t\t<p><span style=\"font-weight: 400;\">La magie de Cala l\u2019Andrag\u00f3 ne r\u00e9side pas seulement dans le fait de s\u2019allonger au soleil, mais dans la fa\u00e7on dont elle<\/span><b> combine la d\u00e9tente avec des activit\u00e9s <\/b><span style=\"font-weight: 400;\">pour tous les go\u00fbts. <\/span> <\/p><p><span style=\"font-weight: 400;\">Cette crique propose <\/span><b>des activit\u00e9s de plong\u00e9e avec tuba<\/b><span style=\"font-weight: 400;\">, car ses eaux cristallines et ses fonds rocheux invitent \u00e0 mettre des lunettes et \u00e0 d\u00e9couvrir un monde sous-marin rempli de poissons color\u00e9s. Il n\u2019est pas n\u00e9cessaire d\u2019\u00eatre un pro du snorkeling, il suffit de mettre son visage dans l\u2019eau pour observer tout ce qu\u2019offre le fond marin. <\/span><\/p><p><span style=\"font-weight: 400;\">La <\/span><b>promenade maritime<\/b><span style=\"font-weight: 400;\">  est une autre des activit\u00e9s \u00e0 ne pas manquer. Elle est parfaite pour se promener au coucher du soleil, avec ce petit c\u00f4t\u00e9 romantique digne d\u2019un film. De plus, vous pourrez profiter de la    <\/span><b>gastronomie locale<\/b><span style=\"font-weight: 400;\">, car il existe plusieurs bars et restaurants o\u00f9 vous pourrez d\u00e9guster des plats de riz, du poisson frais ou simplement une bi\u00e8re en regardant l\u2019horizon.<\/span><\/p><p><span style=\"font-weight: 400;\">Vous ne pouvez pas oublier de faire des <\/span><b>activit\u00e9s de d\u00e9tente<\/b><span style=\"font-weight: 400;\">  dans toute sa splendeur, car parfois ne rien faire est le meilleur plan que vous puissiez faire. Et \u00e0 Cala l\u2019Andrag\u00f3, ne rien faire est encore plus beau. <\/span><\/p>\t\t\t\t\t\t\t\t<\/div>\n\t\t\t\t<\/div>\n\t\t\t\t<div class=\"elementor-element elementor-element-4ca6553 elementor-widget elementor-widget-image\" data-id=\"4ca6553\" data-element_type=\"widget\" data-e-type=\"widget\" data-widget_type=\"image.default\">\n\t\t\t\t<div class=\"elementor-widget-container\">\n\t\t\t\t\t\t\t\t\t\t\t\t\t\t\t<img fetchpriority=\"high\" decoding=\"async\" width=\"1254\" height=\"627\" src=\"https:\/\/www.ontravelholidayrentals.com\/blog\/wp-content\/uploads\/2025\/09\/Cala-lAndrago.jpg\" class=\"attachment-full size-full wp-image-1109\" alt=\"\" srcset=\"https:\/\/www.ontravelholidayrentals.com\/blog\/wp-content\/uploads\/2025\/09\/Cala-lAndrago.jpg 1254w, https:\/\/www.ontravelholidayrentals.com\/blog\/wp-content\/uploads\/2025\/09\/Cala-lAndrago-300x150.jpg 300w, https:\/\/www.ontravelholidayrentals.com\/blog\/wp-content\/uploads\/2025\/09\/Cala-lAndrago-1024x512.jpg 1024w, https:\/\/www.ontravelholidayrentals.com\/blog\/wp-content\/uploads\/2025\/09\/Cala-lAndrago-768x384.jpg 768w\" sizes=\"(max-width: 1254px) 100vw, 1254px\" \/>\t\t\t\t\t\t\t\t\t\t\t\t\t\t\t<\/div>\n\t\t\t\t<\/div>\n\t\t\t\t\t<\/div>\n\t\t\t\t<\/div>\n\t\t<div class=\"elementor-element elementor-element-5c3ab60 e-flex e-con-boxed e-con e-parent\" data-id=\"5c3ab60\" data-element_type=\"container\" data-e-type=\"container\">\n\t\t\t\t\t<div class=\"e-con-inner\">\n\t\t\t\t<div class=\"elementor-element elementor-element-c28ad51 elementor-widget elementor-widget-heading\" data-id=\"c28ad51\" data-element_type=\"widget\" data-e-type=\"widget\" data-widget_type=\"heading.default\">\n\t\t\t\t<div class=\"elementor-widget-container\">\n\t\t\t\t\t<h2 class=\"elementor-heading-title elementor-size-default\">O\u00f9 se garer et comment y acc\u00e9der \u00e0 pied sans rien manquer\n<\/h2>\t\t\t\t<\/div>\n\t\t\t\t<\/div>\n\t\t\t\t<div class=\"elementor-element elementor-element-70b7add elementor-widget elementor-widget-text-editor\" data-id=\"70b7add\" data-element_type=\"widget\" data-e-type=\"widget\" data-widget_type=\"text-editor.default\">\n\t\t\t\t<div class=\"elementor-widget-container\">\n\t\t\t\t\t\t\t\t\t<p><span style=\"font-weight: 400;\">Le stationnement \u00e0 Cala l\u2019Andrag\u00f3 est <\/span><b>pratique<\/b><span style=\"font-weight: 400;\">, ce qui n\u2019est pas le cas de toutes les criques de la Costa Blanca.<\/span><\/p><p><span style=\"font-weight: 400;\">Elle offre une<\/span><b> zone de stationnement am\u00e9nag\u00e9e<\/b><span style=\"font-weight: 400;\">  au pied de la crique, gratuite en basse saison et sans complications. Bien qu\u2019en haute saison, il soit pr\u00e9f\u00e9rable de se lever t\u00f4t ou d\u2019y aller l\u2019apr\u00e8s-midi, lorsque la journ\u00e9e \u00e0 la plage commence \u00e0 se d\u00e9gager. <\/span><\/p><p><span style=\"font-weight: 400;\">Une autre option consiste \u00e0 <\/span><b>laisser la voiture \u00e0 Moraira<\/b><span style=\"font-weight: 400;\"> et \u00e0 descendre \u00e0 pied par la promenade, qui dure environ 20&nbsp;minutes, et vous pourrez profiter des vues qui font que le trajet en vaut la peine.<\/span><\/p><p><span style=\"font-weight: 400;\">Quant \u00e0 l\u2019acc\u00e8s, ne vous attendez pas \u00e0 une promenade compliqu\u00e9e, car <\/span><b>la crique est au ras de la route<\/b><span style=\"font-weight: 400;\">, avec un acc\u00e8s adapt\u00e9 et facile, m\u00eame si vous avez une chaise, une glaci\u00e8re ou m\u00eame une bou\u00e9e taille licorne.<\/span><\/p>\t\t\t\t\t\t\t\t<\/div>\n\t\t\t\t<\/div>\n\t\t\t\t\t<\/div>\n\t\t\t\t<\/div>\n\t\t<div class=\"elementor-element elementor-element-a118f3b e-flex e-con-boxed e-con e-parent\" data-id=\"a118f3b\" data-element_type=\"container\" data-e-type=\"container\">\n\t\t\t\t\t<div class=\"e-con-inner\">\n\t\t\t\t<div class=\"elementor-element elementor-element-d5eb29f elementor-widget elementor-widget-heading\" data-id=\"d5eb29f\" data-element_type=\"widget\" data-e-type=\"widget\" data-widget_type=\"heading.default\">\n\t\t\t\t<div class=\"elementor-widget-container\">\n\t\t\t\t\t<h2 class=\"elementor-heading-title elementor-size-default\">Services disponibles \u00e0 Cala l\u2019Andrag\u00f3 pour une visite parfaite\n<\/h2>\t\t\t\t<\/div>\n\t\t\t\t<\/div>\n\t\t\t\t<div class=\"elementor-element elementor-element-0cbcc8f elementor-widget elementor-widget-text-editor\" data-id=\"0cbcc8f\" data-element_type=\"widget\" data-e-type=\"widget\" data-widget_type=\"text-editor.default\">\n\t\t\t\t<div class=\"elementor-widget-container\">\n\t\t\t\t\t\t\t\t\t<p><span style=\"font-weight: 400;\">Bien que la crique soit petite,<\/span><b> elle est bien \u00e9quip\u00e9e pour que vous ne manquiez de rien <\/b><span style=\"font-weight: 400;\">pendant votre s\u00e9jour.<\/span><\/p><p><span style=\"font-weight: 400;\">La crique dispose de<\/span><b> bars de plage et de restaurants<\/b><span style=\"font-weight: 400;\"> au bord de la plage, o\u00f9 les plats de riz sont presque une religion&nbsp;; elle offre \u00e9galement une <\/span><b>zone de repos avec terrasse<\/b><span style=\"font-weight: 400;\"> pour prendre un verre sans se salir avec le sable.<\/span><\/p><p><span style=\"font-weight: 400;\">Il existe une <\/span><b>zone de rochers<\/b><span style=\"font-weight: 400;\">  o\u00f9 les plus petits, et les moins petits, peuvent s\u2019amuser \u00e0 chercher des crabes comme s\u2019ils \u00e9taient des explorateurs professionnels. Mais ne vous inqui\u00e9tez pas, il existe \u00e9galement des   <\/span><b>acc\u00e8s pratiques et adapt\u00e9s<\/b><span style=\"font-weight: 400;\"> pour les familles.<\/span><\/p>\t\t\t\t\t\t\t\t<\/div>\n\t\t\t\t<\/div>\n\t\t\t\t<div class=\"elementor-element elementor-element-2d87d76 elementor-widget elementor-widget-image\" data-id=\"2d87d76\" data-element_type=\"widget\" data-e-type=\"widget\" data-widget_type=\"image.default\">\n\t\t\t\t<div class=\"elementor-widget-container\">\n\t\t\t\t\t\t\t\t\t\t\t\t\t\t\t<img decoding=\"async\" width=\"1254\" height=\"627\" src=\"https:\/\/www.ontravelholidayrentals.com\/blog\/wp-content\/uploads\/2025\/09\/Cala-lAndrago-costa-blanca.jpg\" class=\"attachment-full size-full wp-image-1117\" alt=\"Cala-lAndrago-costa-blanca.jpg\" srcset=\"https:\/\/www.ontravelholidayrentals.com\/blog\/wp-content\/uploads\/2025\/09\/Cala-lAndrago-costa-blanca.jpg 1254w, https:\/\/www.ontravelholidayrentals.com\/blog\/wp-content\/uploads\/2025\/09\/Cala-lAndrago-costa-blanca-300x150.jpg 300w, https:\/\/www.ontravelholidayrentals.com\/blog\/wp-content\/uploads\/2025\/09\/Cala-lAndrago-costa-blanca-1024x512.jpg 1024w, https:\/\/www.ontravelholidayrentals.com\/blog\/wp-content\/uploads\/2025\/09\/Cala-lAndrago-costa-blanca-768x384.jpg 768w\" sizes=\"(max-width: 1254px) 100vw, 1254px\" \/>\t\t\t\t\t\t\t\t\t\t\t\t\t\t\t<\/div>\n\t\t\t\t<\/div>\n\t\t\t\t\t<\/div>\n\t\t\t\t<\/div>\n\t\t<div class=\"elementor-element elementor-element-d88e981 e-flex e-con-boxed e-con e-parent\" data-id=\"d88e981\" data-element_type=\"container\" data-e-type=\"container\">\n\t\t\t\t\t<div class=\"e-con-inner\">\n\t\t\t\t<div class=\"elementor-element elementor-element-98cbcdc elementor-widget elementor-widget-heading\" data-id=\"98cbcdc\" data-element_type=\"widget\" data-e-type=\"widget\" data-widget_type=\"heading.default\">\n\t\t\t\t<div class=\"elementor-widget-container\">\n\t\t\t\t\t<h2 class=\"elementor-heading-title elementor-size-default\">Quand visiter Cala l\u2019Andrag\u00f3 et conseils pratiques pour votre escapade<\/h2>\t\t\t\t<\/div>\n\t\t\t\t<\/div>\n\t\t\t\t<div class=\"elementor-element elementor-element-f6edcd6 elementor-widget elementor-widget-text-editor\" data-id=\"f6edcd6\" data-element_type=\"widget\" data-e-type=\"widget\" data-widget_type=\"text-editor.default\">\n\t\t\t\t<div class=\"elementor-widget-container\">\n\t\t\t\t\t\t\t\t\t<p><span style=\"font-weight: 400;\">\u00c0 Cala l\u2019Andrag\u00f3, chaque saison a son propre charme. <\/span><b>Au printemps et en automne<\/b><span style=\"font-weight: 400;\">, vous trouverez moins de monde, des <\/span><b>temp\u00e9ratures plus douces<\/b><span style=\"font-weight: 400;\"> et des eaux agr\u00e9ables en fonction de ce qu\u2019indique le thermostat.<\/span><\/p><p><span style=\"font-weight: 400;\">En <\/span><b>\u00e9t\u00e9<\/b><span style=\"font-weight: 400;\">, vous trouverez une <\/span><b>ambiance anim\u00e9e<\/b><span style=\"font-weight: 400;\">, des journ\u00e9es plus longues et ce petit c\u00f4t\u00e9 festif m\u00e9diterran\u00e9en. Mais, vous devrez vous lever t\u00f4t si vous voulez poser votre serviette en premi\u00e8re ligne de plage. <\/span><\/p><p><span style=\"font-weight: 400;\">L\u2019<\/span><b>hiver<\/b><span style=\"font-weight: 400;\">  offre \u00e9galement des possibilit\u00e9s. Il est parfait pour se promener, prendre une bi\u00e8re face \u00e0 la mer (n\u2019oubliez pas votre manteau, bien s\u00fbr) et se sentir ma\u00eetre d\u2019un   <\/span><b>paysage pratiquement exclusif pour vous<\/b><span style=\"font-weight: 400;\">.<\/span><\/p><p><span style=\"font-weight: 400;\">Parmi les conseils qui ne manquent jamais, si vous allez explorer les rochers mais que vous ne voulez pas risquer de tomber, nous vous recommandons de porter des <\/span><b>chaussures d\u2019eau<\/b><span style=\"font-weight: 400;\">. Mais si vous \u00eates de ceux qui pr\u00e9f\u00e8rent profiter d\u2019une carte postale sous-marine, n\u2019oubliez pas d\u2019emporter \u00e9galement vos  <\/span><b>lunettes de plong\u00e9e<\/b><span style=\"font-weight: 400;\">.<\/span><\/p><p><span style=\"font-weight: 400;\">Si vous pr\u00e9voyez de d\u00e9jeuner sur place, nous vous conseillons de <\/span><b>r\u00e9server \u00e0 l\u2019avance<\/b><span style=\"font-weight: 400;\">, surtout en haute saison, car tout le monde veut cette table avec vue.<\/span><\/p><p><span style=\"font-weight: 400;\">Et bien s\u00fbr, n\u2019oubliez pas la <\/span><b>cr\u00e8me solaire<\/b><span style=\"font-weight: 400;\"> et la <\/span><b>bouteille d\u2019eau<\/b><span style=\"font-weight: 400;\">, pour \u00e9viter d\u2019\u00e9ventuels d\u00e9sagr\u00e9ments de derni\u00e8re minute qui g\u00e2cheraient votre s\u00e9jour.<\/span><\/p>\t\t\t\t\t\t\t\t<\/div>\n\t\t\t\t<\/div>\n\t\t\t\t\t<\/div>\n\t\t\t\t<\/div>\n\t\t<div class=\"elementor-element elementor-element-9eca1d9 e-flex e-con-boxed e-con e-parent\" data-id=\"9eca1d9\" data-element_type=\"container\" data-e-type=\"container\">\n\t\t\t\t\t<div class=\"e-con-inner\">\n\t\t\t\t<div class=\"elementor-element elementor-element-7aab6f7 elementor-widget elementor-widget-heading\" data-id=\"7aab6f7\" data-element_type=\"widget\" data-e-type=\"widget\" data-widget_type=\"heading.default\">\n\t\t\t\t<div class=\"elementor-widget-container\">\n\t\t\t\t\t<h2 class=\"elementor-heading-title elementor-size-default\">Pourquoi Cala l\u2019Andrag\u00f3 vous s\u00e9duira d\u00e8s le premier instant&nbsp;?\n<\/h2>\t\t\t\t<\/div>\n\t\t\t\t<\/div>\n\t\t\t\t<div class=\"elementor-element elementor-element-75b6332 elementor-widget elementor-widget-text-editor\" data-id=\"75b6332\" data-element_type=\"widget\" data-e-type=\"widget\" data-widget_type=\"text-editor.default\">\n\t\t\t\t<div class=\"elementor-widget-container\">\n\t\t\t\t\t\t\t\t\t<p><span style=\"font-weight: 400;\">Cala l\u2019Andrag\u00f3 a tout ce que l\u2019on demande pour des vacances parfaites. Elle a cet air de   <\/span><b>crique cach\u00e9e<\/b><span style=\"font-weight: 400;\"> mais accompagn\u00e9e de tout le confort, une eau transparente, une bonne cuisine et une ambiance d\u00e9tendue sans massifications exag\u00e9r\u00e9es.<\/span><\/p><p><span style=\"font-weight: 400;\">Si vous voulez que votre visite atteigne le niveau maximal de plaisir, n\u2019oubliez pas que vous aurez besoin d\u2019un h\u00e9bergement qui en vaille la peine.  <\/span><b>Contactez-nous pour r\u00e9server votre appartement \u00e0 Moraira<\/b><span style=\"font-weight: 400;\">  avec tout le confort. Nous vous attendons&nbsp;! <\/span><\/p>\t\t\t\t\t\t\t\t<\/div>\n\t\t\t\t<\/div>\n\t\t\t\t\t<\/div>\n\t\t\t\t<\/div>\n\t\t<div class=\"elementor-element elementor-element-48de704a e-flex e-con-boxed e-con e-parent\" data-id=\"48de704a\" data-element_type=\"container\" data-e-type=\"container\">\n\t\t\t\t\t<div class=\"e-con-inner\">\n\t\t\t\t<div class=\"elementor-element elementor-element-7dc3620e elementor-widget elementor-widget-grid\" data-id=\"7dc3620e\" data-element_type=\"widget\" data-e-type=\"widget\" data-widget_type=\"grid.default\">\n\t\t\t\t<div class=\"elementor-widget-container\">\n\t\t\t\t\t\t\t<div class=\"its--row alojamientos-recomendados\">\n\n\t\t\t<div class=\"alojamientos-recomendados-container\">\n\n\t\t\t\t\t\n\t\t\t\t\t<a href=\"https:\/\/www.ontravelholidayrentals.com\/fr\/location\/villa-oliva-villa-vermeer-51-460858.html\" rel=\"nofollow\" style=\"width: 23%;\">\n\t\t\t\t\t\t<div class=\"apartamento-box\">\n\t\t\t\t\t\t\t<div class=\"imagen_recomendados\">\n\t\t\t\t\t\t\t\t<img decoding=\"async\" src=\"https:\/\/crs.avantio.com\/fotos\/2\/1703084140d3f439d9b3375a13b4f0e50afb895aaa\/big1703332585741831091dd4ad756385090fb49199ea.jpg\" alt=\"Villa Colibri by ON Travel\">\n\t\t\t\t\t\t\t<\/div>\n\t\t\t\t\t\t\t<div class=\"info\">\n\t\t\t\t\t\t\t\t<div class=\"ubicacion\">\n\t\t\t\t\t\t\t\t\t<i class=\"fa-solid fa-location-dot icono-mapa\"><\/i><span class=\"ubicacion-texto\">Oliva - Dpt. Valencia<\/span>\n\t\t\t\t\t\t\t\t<\/div>\n\t\t\t\t\t\t\t\t<H4 class=\"titulo-alojamiento\">\n\t\t\t\t\t\t\t\t\tVilla Colibri by ON Travel\t\t\t\t\t\t\t\t<\/H4>\n\t\t\t\t\t\t\t\t<p class=\"precio-alojamiento\">\u00c0 partir de <span class=\"precio\">328.00\u20ac<\/span> par nuit<\/p>\n\t\t\t\t\t\t\t<\/div>\n\t\t\t\t\t\t<\/div>\n\t\t\t\t\t<\/a> \n\t\t\t\t\t\t\n\t\t\t\t\t<a href=\"https:\/\/www.ontravelholidayrentals.com\/fr\/location\/villa-oliva-villa-vermeer-21-461268.html\" rel=\"nofollow\" style=\"width: 23%;\">\n\t\t\t\t\t\t<div class=\"apartamento-box\">\n\t\t\t\t\t\t\t<div class=\"imagen_recomendados\">\n\t\t\t\t\t\t\t\t<img decoding=\"async\" src=\"https:\/\/crs.avantio.com\/fotos\/2\/1703335589811fbc048cd27ef2e70871e03571a65f\/big17033356189dc73706c960d3ef8712f0c901543b8b.jpg\" alt=\"Villa Solana  by ON Travel\">\n\t\t\t\t\t\t\t<\/div>\n\t\t\t\t\t\t\t<div class=\"info\">\n\t\t\t\t\t\t\t\t<div class=\"ubicacion\">\n\t\t\t\t\t\t\t\t\t<i class=\"fa-solid fa-location-dot icono-mapa\"><\/i><span class=\"ubicacion-texto\">Oliva - Dpt. Valencia<\/span>\n\t\t\t\t\t\t\t\t<\/div>\n\t\t\t\t\t\t\t\t<H4 class=\"titulo-alojamiento\">\n\t\t\t\t\t\t\t\t\tVilla Solana  by ON Travel\t\t\t\t\t\t\t\t<\/H4>\n\t\t\t\t\t\t\t\t<p class=\"precio-alojamiento\">\u00c0 partir de <span class=\"precio\">217.00\u20ac<\/span> par nuit<\/p>\n\t\t\t\t\t\t\t<\/div>\n\t\t\t\t\t\t<\/div>\n\t\t\t\t\t<\/a> \n\t\t\t\t\t\t\n\t\t\t\t\t<a href=\"https:\/\/www.ontravelholidayrentals.com\/fr\/location\/villa-oliva-villa-vermeer-25-461292.html\" rel=\"nofollow\" style=\"width: 23%;\">\n\t\t\t\t\t\t<div class=\"apartamento-box\">\n\t\t\t\t\t\t\t<div class=\"imagen_recomendados\">\n\t\t\t\t\t\t\t\t<img decoding=\"async\" src=\"https:\/\/crs.avantio.com\/fotos\/2\/1705335735591b101a10adf0c9165b293b19af3489\/big1705335762de9703dc1854540c9777fd4932b0499a.jpg\" alt=\"Greenside oasis villa by ON Travel\">\n\t\t\t\t\t\t\t<\/div>\n\t\t\t\t\t\t\t<div class=\"info\">\n\t\t\t\t\t\t\t\t<div class=\"ubicacion\">\n\t\t\t\t\t\t\t\t\t<i class=\"fa-solid fa-location-dot icono-mapa\"><\/i><span class=\"ubicacion-texto\">Oliva - Dpt. Valencia<\/span>\n\t\t\t\t\t\t\t\t<\/div>\n\t\t\t\t\t\t\t\t<H4 class=\"titulo-alojamiento\">\n\t\t\t\t\t\t\t\t\tGreenside oasis villa by ON Travel\t\t\t\t\t\t\t\t<\/H4>\n\t\t\t\t\t\t\t\t<p class=\"precio-alojamiento\">\u00c0 partir de <span class=\"precio\">328.00\u20ac<\/span> par nuit<\/p>\n\t\t\t\t\t\t\t<\/div>\n\t\t\t\t\t\t<\/div>\n\t\t\t\t\t<\/a> \n\t\t\t\t\t\t\n\t\t\t\t\t<a href=\"https:\/\/www.ontravelholidayrentals.com\/fr\/location\/villa-oliva-villa-vermeer-43-461293.html\" rel=\"nofollow\" style=\"width: 23%;\">\n\t\t\t\t\t\t<div class=\"apartamento-box\">\n\t\t\t\t\t\t\t<div class=\"imagen_recomendados\">\n\t\t\t\t\t\t\t\t<img decoding=\"async\" src=\"https:\/\/crs.avantio.com\/fotos\/2\/17054241108ffb3352fb1b6efd3c6e1c3097debf40\/big170542451565ad5f2b0843b6346526f00ede7b3ef7.jpg\" alt=\"Villa Cisne by ON Travel\">\n\t\t\t\t\t\t\t<\/div>\n\t\t\t\t\t\t\t<div class=\"info\">\n\t\t\t\t\t\t\t\t<div class=\"ubicacion\">\n\t\t\t\t\t\t\t\t\t<i class=\"fa-solid fa-location-dot icono-mapa\"><\/i><span class=\"ubicacion-texto\">Oliva - Dpt. Valencia<\/span>\n\t\t\t\t\t\t\t\t<\/div>\n\t\t\t\t\t\t\t\t<H4 class=\"titulo-alojamiento\">\n\t\t\t\t\t\t\t\t\tVilla Cisne by ON Travel\t\t\t\t\t\t\t\t<\/H4>\n\t\t\t\t\t\t\t\t<p class=\"precio-alojamiento\">\u00c0 partir de <span class=\"precio\">205.00\u20ac<\/span> par nuit<\/p>\n\t\t\t\t\t\t\t<\/div>\n\t\t\t\t\t\t<\/div>\n\t\t\t\t\t<\/a> \n\t\t\t\t\t\t\t\t<\/div>\n\t\t\t<\/div>\n\t\t\t\t\t\t<\/div>\n\t\t\t\t<\/div>\n\t\t\t\t\t<\/div>\n\t\t\t\t<\/div>\n\t\t\t\t<\/div>\n\t\t","protected":false},"excerpt":{"rendered":"<p>Cala l\u2019Andrag\u00f3&nbsp;: le coin le plus charmant de la Costa Blanca Imaginez une crique qui combine des eaux cristallines, des coins rocheux id\u00e9aux pour la plong\u00e9e, un restaurant de charme et une ambiance d\u00e9tendue au c\u0153ur de la Costa Blanca. \u00c7a vous tente, n\u2019est-ce pas&nbsp;? Eh bien, cet endroit est la Cala l\u2019Andrag\u00f3 \u00e0 Moraira. [&hellip;]<\/p>\n","protected":false},"author":4,"featured_media":1113,"comment_status":"open","ping_status":"open","sticky":false,"template":"elementor_header_footer","format":"standard","meta":{"footnotes":""},"categories":[35],"tags":[],"class_list":["post-1156","post","type-post","status-publish","format-standard","has-post-thumbnail","hentry","category-costa-blanca-fr"],"yoast_head":"<!-- This site is optimized with the Yoast SEO plugin v25.2 - https:\/\/yoast.com\/wordpress\/plugins\/seo\/ -->\n<title>Cala l\u2019Andrag\u00f3&nbsp;: le coin le plus charmant de la Costa Blanca - Blog<\/title>\n<meta name=\"description\" content=\"Cala Andrago: rochers et eaux cristallines. Venez d\u00e9couvrir!\" \/>\n<meta name=\"robots\" content=\"index, follow, max-snippet:-1, max-image-preview:large, max-video-preview:-1\" \/>\n<link rel=\"canonical\" href=\"https:\/\/www.ontravelholidayrentals.com\/blog\/fr\/cala-andrago\/\" \/>\n<meta property=\"og:locale\" content=\"fr_FR\" \/>\n<meta property=\"og:type\" content=\"article\" \/>\n<meta property=\"og:title\" content=\"Cala l\u2019Andrag\u00f3&nbsp;: le coin le plus charmant de la Costa Blanca - Blog\" \/>\n<meta property=\"og:description\" content=\"Cala Andrago: rochers et eaux cristallines. Venez d\u00e9couvrir!\" \/>\n<meta property=\"og:url\" content=\"https:\/\/www.ontravelholidayrentals.com\/blog\/fr\/cala-andrago\/\" \/>\n<meta property=\"og:site_name\" content=\"Blog\" \/>\n<meta property=\"article:published_time\" content=\"2025-09-08T11:25:51+00:00\" \/>\n<meta property=\"article:modified_time\" content=\"2025-11-26T07:59:28+00:00\" \/>\n<meta property=\"og:image\" content=\"https:\/\/www.ontravelholidayrentals.com\/blog\/wp-content\/uploads\/2025\/09\/Cala-lAndrago-Alicante.jpg\" \/>\n\t<meta property=\"og:image:width\" content=\"2121\" \/>\n\t<meta property=\"og:image:height\" content=\"707\" \/>\n\t<meta property=\"og:image:type\" content=\"image\/jpeg\" \/>\n<meta name=\"author\" content=\"Axel\" \/>\n<meta name=\"twitter:card\" content=\"summary_large_image\" \/>\n<meta name=\"twitter:label1\" content=\"\u00c9crit par\" \/>\n\t<meta name=\"twitter:data1\" content=\"Axel\" \/>\n\t<meta name=\"twitter:label2\" content=\"Dur\u00e9e de lecture estim\u00e9e\" \/>\n\t<meta name=\"twitter:data2\" content=\"6 minutes\" \/>\n<script type=\"application\/ld+json\" class=\"yoast-schema-graph\">{\"@context\":\"https:\/\/schema.org\",\"@graph\":[{\"@type\":\"Article\",\"@id\":\"https:\/\/www.ontravelholidayrentals.com\/blog\/fr\/cala-andrago\/#article\",\"isPartOf\":{\"@id\":\"https:\/\/www.ontravelholidayrentals.com\/blog\/fr\/cala-andrago\/\"},\"author\":{\"name\":\"Axel\",\"@id\":\"https:\/\/www.ontravelholidayrentals.com\/blog\/fr\/#\/schema\/person\/907601cb91b08af60b0fec9e629a4883\"},\"headline\":\"Cala l\u2019Andrag\u00f3&nbsp;: le coin le plus charmant de la Costa Blanca\",\"datePublished\":\"2025-09-08T11:25:51+00:00\",\"dateModified\":\"2025-11-26T07:59:28+00:00\",\"mainEntityOfPage\":{\"@id\":\"https:\/\/www.ontravelholidayrentals.com\/blog\/fr\/cala-andrago\/\"},\"wordCount\":1256,\"commentCount\":0,\"publisher\":{\"@id\":\"https:\/\/www.ontravelholidayrentals.com\/blog\/fr\/#organization\"},\"image\":{\"@id\":\"https:\/\/www.ontravelholidayrentals.com\/blog\/fr\/cala-andrago\/#primaryimage\"},\"thumbnailUrl\":\"https:\/\/www.ontravelholidayrentals.com\/blog\/wp-content\/uploads\/2025\/09\/Cala-lAndrago-Alicante.jpg\",\"articleSection\":[\"Costa Blanca\"],\"inLanguage\":\"fr-FR\",\"potentialAction\":[{\"@type\":\"CommentAction\",\"name\":\"Comment\",\"target\":[\"https:\/\/www.ontravelholidayrentals.com\/blog\/fr\/cala-andrago\/#respond\"]}]},{\"@type\":\"WebPage\",\"@id\":\"https:\/\/www.ontravelholidayrentals.com\/blog\/fr\/cala-andrago\/\",\"url\":\"https:\/\/www.ontravelholidayrentals.com\/blog\/fr\/cala-andrago\/\",\"name\":\"Cala l\u2019Andrag\u00f3&nbsp;: le coin le plus charmant de la Costa Blanca - Blog\",\"isPartOf\":{\"@id\":\"https:\/\/www.ontravelholidayrentals.com\/blog\/fr\/#website\"},\"primaryImageOfPage\":{\"@id\":\"https:\/\/www.ontravelholidayrentals.com\/blog\/fr\/cala-andrago\/#primaryimage\"},\"image\":{\"@id\":\"https:\/\/www.ontravelholidayrentals.com\/blog\/fr\/cala-andrago\/#primaryimage\"},\"thumbnailUrl\":\"https:\/\/www.ontravelholidayrentals.com\/blog\/wp-content\/uploads\/2025\/09\/Cala-lAndrago-Alicante.jpg\",\"datePublished\":\"2025-09-08T11:25:51+00:00\",\"dateModified\":\"2025-11-26T07:59:28+00:00\",\"description\":\"Cala Andrago: rochers et eaux cristallines. Venez d\u00e9couvrir!\",\"breadcrumb\":{\"@id\":\"https:\/\/www.ontravelholidayrentals.com\/blog\/fr\/cala-andrago\/#breadcrumb\"},\"inLanguage\":\"fr-FR\",\"potentialAction\":[{\"@type\":\"ReadAction\",\"target\":[\"https:\/\/www.ontravelholidayrentals.com\/blog\/fr\/cala-andrago\/\"]}]},{\"@type\":\"ImageObject\",\"inLanguage\":\"fr-FR\",\"@id\":\"https:\/\/www.ontravelholidayrentals.com\/blog\/fr\/cala-andrago\/#primaryimage\",\"url\":\"https:\/\/www.ontravelholidayrentals.com\/blog\/wp-content\/uploads\/2025\/09\/Cala-lAndrago-Alicante.jpg\",\"contentUrl\":\"https:\/\/www.ontravelholidayrentals.com\/blog\/wp-content\/uploads\/2025\/09\/Cala-lAndrago-Alicante.jpg\",\"width\":2121,\"height\":707,\"caption\":\"Ibiza Punta de Sa Galera beach in San Antonio at Balearic Islands Spain\"},{\"@type\":\"BreadcrumbList\",\"@id\":\"https:\/\/www.ontravelholidayrentals.com\/blog\/fr\/cala-andrago\/#breadcrumb\",\"itemListElement\":[{\"@type\":\"ListItem\",\"position\":1,\"name\":\"Portada\",\"item\":\"https:\/\/www.ontravelholidayrentals.com\/blog\/fr\/\"},{\"@type\":\"ListItem\",\"position\":2,\"name\":\"Cala l\u2019Andrag\u00f3&nbsp;: le coin le plus charmant de la Costa Blanca\"}]},{\"@type\":\"WebSite\",\"@id\":\"https:\/\/www.ontravelholidayrentals.com\/blog\/fr\/#website\",\"url\":\"https:\/\/www.ontravelholidayrentals.com\/blog\/fr\/\",\"name\":\"Blog\",\"description\":\"Ontravelholidayrentals\",\"publisher\":{\"@id\":\"https:\/\/www.ontravelholidayrentals.com\/blog\/fr\/#organization\"},\"potentialAction\":[{\"@type\":\"SearchAction\",\"target\":{\"@type\":\"EntryPoint\",\"urlTemplate\":\"https:\/\/www.ontravelholidayrentals.com\/blog\/fr\/?s={search_term_string}\"},\"query-input\":{\"@type\":\"PropertyValueSpecification\",\"valueRequired\":true,\"valueName\":\"search_term_string\"}}],\"inLanguage\":\"fr-FR\"},{\"@type\":\"Organization\",\"@id\":\"https:\/\/www.ontravelholidayrentals.com\/blog\/fr\/#organization\",\"name\":\"Blog\",\"url\":\"https:\/\/www.ontravelholidayrentals.com\/blog\/fr\/\",\"logo\":{\"@type\":\"ImageObject\",\"inLanguage\":\"fr-FR\",\"@id\":\"https:\/\/www.ontravelholidayrentals.com\/blog\/fr\/#\/schema\/logo\/image\/\",\"url\":\"https:\/\/www.ontravelholidayrentals.com\/blog\/wp-content\/uploads\/2025\/02\/logo-oliva-nova.webp\",\"contentUrl\":\"https:\/\/www.ontravelholidayrentals.com\/blog\/wp-content\/uploads\/2025\/02\/logo-oliva-nova.webp\",\"width\":2454,\"height\":875,\"caption\":\"Blog\"},\"image\":{\"@id\":\"https:\/\/www.ontravelholidayrentals.com\/blog\/fr\/#\/schema\/logo\/image\/\"}},{\"@type\":\"Person\",\"@id\":\"https:\/\/www.ontravelholidayrentals.com\/blog\/fr\/#\/schema\/person\/907601cb91b08af60b0fec9e629a4883\",\"name\":\"Axel\",\"image\":{\"@type\":\"ImageObject\",\"inLanguage\":\"fr-FR\",\"@id\":\"https:\/\/www.ontravelholidayrentals.com\/blog\/fr\/#\/schema\/person\/image\/\",\"url\":\"https:\/\/secure.gravatar.com\/avatar\/3bd706736e5b70f21f05f6c2d5cad746767782a4ba4b7df399c5969e2a9318fd?s=96&d=mm&r=g\",\"contentUrl\":\"https:\/\/secure.gravatar.com\/avatar\/3bd706736e5b70f21f05f6c2d5cad746767782a4ba4b7df399c5969e2a9318fd?s=96&d=mm&r=g\",\"caption\":\"Axel\"},\"url\":\"https:\/\/www.ontravelholidayrentals.com\/blog\/fr\/author\/axel\/\"}]}<\/script>\n<!-- \/ Yoast SEO plugin. -->","yoast_head_json":{"title":"Cala l\u2019Andrag\u00f3&nbsp;: le coin le plus charmant de la Costa Blanca - Blog","description":"Cala Andrago: rochers et eaux cristallines. Venez d\u00e9couvrir!","robots":{"index":"index","follow":"follow","max-snippet":"max-snippet:-1","max-image-preview":"max-image-preview:large","max-video-preview":"max-video-preview:-1"},"canonical":"https:\/\/www.ontravelholidayrentals.com\/blog\/fr\/cala-andrago\/","og_locale":"fr_FR","og_type":"article","og_title":"Cala l\u2019Andrag\u00f3&nbsp;: le coin le plus charmant de la Costa Blanca - Blog","og_description":"Cala Andrago: rochers et eaux cristallines. Venez d\u00e9couvrir!","og_url":"https:\/\/www.ontravelholidayrentals.com\/blog\/fr\/cala-andrago\/","og_site_name":"Blog","article_published_time":"2025-09-08T11:25:51+00:00","article_modified_time":"2025-11-26T07:59:28+00:00","og_image":[{"width":2121,"height":707,"url":"https:\/\/www.ontravelholidayrentals.com\/blog\/wp-content\/uploads\/2025\/09\/Cala-lAndrago-Alicante.jpg","type":"image\/jpeg"}],"author":"Axel","twitter_card":"summary_large_image","twitter_misc":{"\u00c9crit par":"Axel","Dur\u00e9e de lecture estim\u00e9e":"6 minutes"},"schema":{"@context":"https:\/\/schema.org","@graph":[{"@type":"Article","@id":"https:\/\/www.ontravelholidayrentals.com\/blog\/fr\/cala-andrago\/#article","isPartOf":{"@id":"https:\/\/www.ontravelholidayrentals.com\/blog\/fr\/cala-andrago\/"},"author":{"name":"Axel","@id":"https:\/\/www.ontravelholidayrentals.com\/blog\/fr\/#\/schema\/person\/907601cb91b08af60b0fec9e629a4883"},"headline":"Cala l\u2019Andrag\u00f3&nbsp;: le coin le plus charmant de la Costa Blanca","datePublished":"2025-09-08T11:25:51+00:00","dateModified":"2025-11-26T07:59:28+00:00","mainEntityOfPage":{"@id":"https:\/\/www.ontravelholidayrentals.com\/blog\/fr\/cala-andrago\/"},"wordCount":1256,"commentCount":0,"publisher":{"@id":"https:\/\/www.ontravelholidayrentals.com\/blog\/fr\/#organization"},"image":{"@id":"https:\/\/www.ontravelholidayrentals.com\/blog\/fr\/cala-andrago\/#primaryimage"},"thumbnailUrl":"https:\/\/www.ontravelholidayrentals.com\/blog\/wp-content\/uploads\/2025\/09\/Cala-lAndrago-Alicante.jpg","articleSection":["Costa Blanca"],"inLanguage":"fr-FR","potentialAction":[{"@type":"CommentAction","name":"Comment","target":["https:\/\/www.ontravelholidayrentals.com\/blog\/fr\/cala-andrago\/#respond"]}]},{"@type":"WebPage","@id":"https:\/\/www.ontravelholidayrentals.com\/blog\/fr\/cala-andrago\/","url":"https:\/\/www.ontravelholidayrentals.com\/blog\/fr\/cala-andrago\/","name":"Cala l\u2019Andrag\u00f3&nbsp;: le coin le plus charmant de la Costa Blanca - Blog","isPartOf":{"@id":"https:\/\/www.ontravelholidayrentals.com\/blog\/fr\/#website"},"primaryImageOfPage":{"@id":"https:\/\/www.ontravelholidayrentals.com\/blog\/fr\/cala-andrago\/#primaryimage"},"image":{"@id":"https:\/\/www.ontravelholidayrentals.com\/blog\/fr\/cala-andrago\/#primaryimage"},"thumbnailUrl":"https:\/\/www.ontravelholidayrentals.com\/blog\/wp-content\/uploads\/2025\/09\/Cala-lAndrago-Alicante.jpg","datePublished":"2025-09-08T11:25:51+00:00","dateModified":"2025-11-26T07:59:28+00:00","description":"Cala Andrago: rochers et eaux cristallines. Venez d\u00e9couvrir!","breadcrumb":{"@id":"https:\/\/www.ontravelholidayrentals.com\/blog\/fr\/cala-andrago\/#breadcrumb"},"inLanguage":"fr-FR","potentialAction":[{"@type":"ReadAction","target":["https:\/\/www.ontravelholidayrentals.com\/blog\/fr\/cala-andrago\/"]}]},{"@type":"ImageObject","inLanguage":"fr-FR","@id":"https:\/\/www.ontravelholidayrentals.com\/blog\/fr\/cala-andrago\/#primaryimage","url":"https:\/\/www.ontravelholidayrentals.com\/blog\/wp-content\/uploads\/2025\/09\/Cala-lAndrago-Alicante.jpg","contentUrl":"https:\/\/www.ontravelholidayrentals.com\/blog\/wp-content\/uploads\/2025\/09\/Cala-lAndrago-Alicante.jpg","width":2121,"height":707,"caption":"Ibiza Punta de Sa Galera beach in San Antonio at Balearic Islands Spain"},{"@type":"BreadcrumbList","@id":"https:\/\/www.ontravelholidayrentals.com\/blog\/fr\/cala-andrago\/#breadcrumb","itemListElement":[{"@type":"ListItem","position":1,"name":"Portada","item":"https:\/\/www.ontravelholidayrentals.com\/blog\/fr\/"},{"@type":"ListItem","position":2,"name":"Cala l\u2019Andrag\u00f3&nbsp;: le coin le plus charmant de la Costa Blanca"}]},{"@type":"WebSite","@id":"https:\/\/www.ontravelholidayrentals.com\/blog\/fr\/#website","url":"https:\/\/www.ontravelholidayrentals.com\/blog\/fr\/","name":"Blog","description":"Ontravelholidayrentals","publisher":{"@id":"https:\/\/www.ontravelholidayrentals.com\/blog\/fr\/#organization"},"potentialAction":[{"@type":"SearchAction","target":{"@type":"EntryPoint","urlTemplate":"https:\/\/www.ontravelholidayrentals.com\/blog\/fr\/?s={search_term_string}"},"query-input":{"@type":"PropertyValueSpecification","valueRequired":true,"valueName":"search_term_string"}}],"inLanguage":"fr-FR"},{"@type":"Organization","@id":"https:\/\/www.ontravelholidayrentals.com\/blog\/fr\/#organization","name":"Blog","url":"https:\/\/www.ontravelholidayrentals.com\/blog\/fr\/","logo":{"@type":"ImageObject","inLanguage":"fr-FR","@id":"https:\/\/www.ontravelholidayrentals.com\/blog\/fr\/#\/schema\/logo\/image\/","url":"https:\/\/www.ontravelholidayrentals.com\/blog\/wp-content\/uploads\/2025\/02\/logo-oliva-nova.webp","contentUrl":"https:\/\/www.ontravelholidayrentals.com\/blog\/wp-content\/uploads\/2025\/02\/logo-oliva-nova.webp","width":2454,"height":875,"caption":"Blog"},"image":{"@id":"https:\/\/www.ontravelholidayrentals.com\/blog\/fr\/#\/schema\/logo\/image\/"}},{"@type":"Person","@id":"https:\/\/www.ontravelholidayrentals.com\/blog\/fr\/#\/schema\/person\/907601cb91b08af60b0fec9e629a4883","name":"Axel","image":{"@type":"ImageObject","inLanguage":"fr-FR","@id":"https:\/\/www.ontravelholidayrentals.com\/blog\/fr\/#\/schema\/person\/image\/","url":"https:\/\/secure.gravatar.com\/avatar\/3bd706736e5b70f21f05f6c2d5cad746767782a4ba4b7df399c5969e2a9318fd?s=96&d=mm&r=g","contentUrl":"https:\/\/secure.gravatar.com\/avatar\/3bd706736e5b70f21f05f6c2d5cad746767782a4ba4b7df399c5969e2a9318fd?s=96&d=mm&r=g","caption":"Axel"},"url":"https:\/\/www.ontravelholidayrentals.com\/blog\/fr\/author\/axel\/"}]}},"_links":{"self":[{"href":"https:\/\/www.ontravelholidayrentals.com\/blog\/fr\/wp-json\/wp\/v2\/posts\/1156","targetHints":{"allow":["GET"]}}],"collection":[{"href":"https:\/\/www.ontravelholidayrentals.com\/blog\/fr\/wp-json\/wp\/v2\/posts"}],"about":[{"href":"https:\/\/www.ontravelholidayrentals.com\/blog\/fr\/wp-json\/wp\/v2\/types\/post"}],"author":[{"embeddable":true,"href":"https:\/\/www.ontravelholidayrentals.com\/blog\/fr\/wp-json\/wp\/v2\/users\/4"}],"replies":[{"embeddable":true,"href":"https:\/\/www.ontravelholidayrentals.com\/blog\/fr\/wp-json\/wp\/v2\/comments?post=1156"}],"version-history":[{"count":1,"href":"https:\/\/www.ontravelholidayrentals.com\/blog\/fr\/wp-json\/wp\/v2\/posts\/1156\/revisions"}],"predecessor-version":[{"id":1157,"href":"https:\/\/www.ontravelholidayrentals.com\/blog\/fr\/wp-json\/wp\/v2\/posts\/1156\/revisions\/1157"}],"wp:featuredmedia":[{"embeddable":true,"href":"https:\/\/www.ontravelholidayrentals.com\/blog\/fr\/wp-json\/wp\/v2\/media\/1113"}],"wp:attachment":[{"href":"https:\/\/www.ontravelholidayrentals.com\/blog\/fr\/wp-json\/wp\/v2\/media?parent=1156"}],"wp:term":[{"taxonomy":"category","embeddable":true,"href":"https:\/\/www.ontravelholidayrentals.com\/blog\/fr\/wp-json\/wp\/v2\/categories?post=1156"},{"taxonomy":"post_tag","embeddable":true,"href":"https:\/\/www.ontravelholidayrentals.com\/blog\/fr\/wp-json\/wp\/v2\/tags?post=1156"}],"curies":[{"name":"wp","href":"https:\/\/api.w.org\/{rel}","templated":true}]}}