{"id":1093,"date":"2025-08-22T11:11:58","date_gmt":"2025-08-22T11:11:58","guid":{"rendered":"https:\/\/www.ontravelholidayrentals.com\/blog\/?p=1093"},"modified":"2025-08-27T08:57:00","modified_gmt":"2025-08-27T08:57:00","slug":"grotte-rull-alicante","status":"publish","type":"post","link":"https:\/\/www.ontravelholidayrentals.com\/blog\/fr\/grotte-rull-alicante\/","title":{"rendered":"Avez-vous visit\u00e9 la Cueva del Rull \u00e0 Alicante&nbsp;? Notez ces recommandations."},"content":{"rendered":"\t\t<div data-elementor-type=\"wp-post\" data-elementor-id=\"1093\" class=\"elementor elementor-1093 elementor-1035\" data-elementor-post-type=\"post\">\n\t\t\t\t<div class=\"elementor-element elementor-element-474f61d9 e-flex e-con-boxed e-con e-parent\" data-id=\"474f61d9\" data-element_type=\"container\" data-e-type=\"container\" data-settings=\"{&quot;background_background&quot;:&quot;classic&quot;}\">\n\t\t\t\t\t<div class=\"e-con-inner\">\n\t\t\t\t<div class=\"elementor-element elementor-element-39bd2f95 elementor-widget elementor-widget-heading\" data-id=\"39bd2f95\" data-element_type=\"widget\" data-e-type=\"widget\" data-widget_type=\"heading.default\">\n\t\t\t\t<div class=\"elementor-widget-container\">\n\t\t\t\t\t<h1 class=\"elementor-heading-title elementor-size-default\">Avez-vous visit\u00e9 la Cueva del Rull \u00e0 Alicante&nbsp;? Notez ces recommandations.<\/h1>\t\t\t\t<\/div>\n\t\t\t\t<\/div>\n\t\t\t\t\t<\/div>\n\t\t\t\t<\/div>\n\t\t<div class=\"elementor-element elementor-element-6c34890a e-flex e-con-boxed e-con e-parent\" data-id=\"6c34890a\" data-element_type=\"container\" data-e-type=\"container\">\n\t\t\t\t\t<div class=\"e-con-inner\">\n\t\t\t\t<div class=\"elementor-element elementor-element-78f56e71 elementor-widget elementor-widget-text-editor\" data-id=\"78f56e71\" data-element_type=\"widget\" data-e-type=\"widget\" data-widget_type=\"text-editor.default\">\n\t\t\t\t<div class=\"elementor-widget-container\">\n\t\t\t\t\t\t\t\t\t<p><span style=\"font-weight: 400;\">Pr\u00eat pour une aventure souterraine&nbsp;? D\u00e9couvrez tout ce qu\u2019il faut savoir et quelques astuces pour  <\/span><b>explorer la Cueva del Rull \u00e0 Alicante.<\/b><\/p>\t\t\t\t\t\t\t\t<\/div>\n\t\t\t\t<\/div>\n\t\t\t\t\t<\/div>\n\t\t\t\t<\/div>\n\t\t<div class=\"elementor-element elementor-element-54c2994f e-flex e-con-boxed e-con e-parent\" data-id=\"54c2994f\" data-element_type=\"container\" data-e-type=\"container\">\n\t\t\t\t\t<div class=\"e-con-inner\">\n\t\t\t\t<div class=\"elementor-element elementor-element-14982ab8 elementor-widget elementor-widget-table-of-contents\" data-id=\"14982ab8\" data-element_type=\"widget\" data-e-type=\"widget\" data-settings=\"{&quot;headings_by_tags&quot;:[&quot;h2&quot;,&quot;h3&quot;],&quot;exclude_headings_by_selector&quot;:[],&quot;marker_view&quot;:&quot;bullets&quot;,&quot;icon&quot;:{&quot;value&quot;:&quot;&quot;,&quot;library&quot;:&quot;&quot;},&quot;no_headings_message&quot;:&quot;No headings were found on this page.&quot;,&quot;hierarchical_view&quot;:&quot;yes&quot;,&quot;min_height&quot;:{&quot;unit&quot;:&quot;px&quot;,&quot;size&quot;:&quot;&quot;,&quot;sizes&quot;:[]},&quot;min_height_tablet&quot;:{&quot;unit&quot;:&quot;px&quot;,&quot;size&quot;:&quot;&quot;,&quot;sizes&quot;:[]},&quot;min_height_mobile&quot;:{&quot;unit&quot;:&quot;px&quot;,&quot;size&quot;:&quot;&quot;,&quot;sizes&quot;:[]}}\" data-widget_type=\"table-of-contents.default\">\n\t\t\t\t<div class=\"elementor-widget-container\">\n\t\t\t\t\t\t\t\t\t<div class=\"elementor-toc__header\">\n\t\t\t\t\t\t<div class=\"elementor-toc__header-title\">\n\t\t\t\tIndex\t\t\t<\/div>\n\t\t\t\t\t\t\t\t<\/div>\n\t\t\t\t<div id=\"elementor-toc__14982ab8\" class=\"elementor-toc__body\">\n\t\t\t<div class=\"elementor-toc__spinner-container\">\n\t\t\t\t<svg class=\"elementor-toc__spinner eicon-animation-spin e-font-icon-svg e-eicon-loading\" aria-hidden=\"true\" viewBox=\"0 0 1000 1000\" xmlns=\"http:\/\/www.w3.org\/2000\/svg\"><path d=\"M500 975V858C696 858 858 696 858 500S696 142 500 142 142 304 142 500H25C25 237 238 25 500 25S975 237 975 500 763 975 500 975Z\"><\/path><\/svg>\t\t\t<\/div>\n\t\t<\/div>\n\t\t\t\t\t\t<\/div>\n\t\t\t\t<\/div>\n\t\t\t\t\t<\/div>\n\t\t\t\t<\/div>\n\t\t<div class=\"elementor-element elementor-element-065692a e-flex e-con-boxed e-con e-parent\" data-id=\"065692a\" data-element_type=\"container\" data-e-type=\"container\">\n\t\t\t\t\t<div class=\"e-con-inner\">\n\t\t<div class=\"elementor-element elementor-element-07bae4d e-con-full e-flex e-con e-child\" data-id=\"07bae4d\" data-element_type=\"container\" data-e-type=\"container\">\n\t\t\t\t<div class=\"elementor-element elementor-element-64208a40 elementor-widget elementor-widget-heading\" data-id=\"64208a40\" data-element_type=\"widget\" data-e-type=\"widget\" data-widget_type=\"heading.default\">\n\t\t\t\t<div class=\"elementor-widget-container\">\n\t\t\t\t\t<h2 class=\"elementor-heading-title elementor-size-default\">Qu\u2019est-ce que la Cueva del Rull et o\u00f9 se trouve-t-elle&nbsp;?\n<\/h2>\t\t\t\t<\/div>\n\t\t\t\t<\/div>\n\t\t\t\t<div class=\"elementor-element elementor-element-55a82186 elementor-widget elementor-widget-text-editor\" data-id=\"55a82186\" data-element_type=\"widget\" data-e-type=\"widget\" data-widget_type=\"text-editor.default\">\n\t\t\t\t<div class=\"elementor-widget-container\">\n\t\t\t\t\t\t\t\t\t<p><span style=\"font-weight: 400;\">La Cueva del Rull est une <\/span><b>merveille naturelle regorgeant de stalactites, de stalagmites et de formations originales<\/b><span style=\"font-weight: 400;\">, situ\u00e9e \u00e0 l\u2019int\u00e9rieur d\u2019Alicante. C\u2019est un endroit parfait pour ceux qui recherchent une escapade diff\u00e9rente \u00e0 moins d\u2019une heure d\u2019Oliva, Moraira, J\u00e1vea, Benissa ou Denia. <\/span><\/p><p><span style=\"font-weight: 400;\">Gr\u00e2ce \u00e0 son accessibilit\u00e9 et \u00e0 ses visites guid\u00e9es, elle est <\/span><b>id\u00e9ale \u00e0 explorer en famille ou entre amis<\/b><span style=\"font-weight: 400;\">, avec des itin\u00e9raires spectaculaires \u00e0 l\u2019int\u00e9rieur, m\u00eame lorsque la chaleur est forte sur la c\u00f4te.<\/span><\/p>\t\t\t\t\t\t\t\t<\/div>\n\t\t\t\t<\/div>\n\t\t\t\t<\/div>\n\t\t<div class=\"elementor-element elementor-element-3db97c7 e-con-full e-flex e-con e-child\" data-id=\"3db97c7\" data-element_type=\"container\" data-e-type=\"container\">\n\t\t\t\t<div class=\"elementor-element elementor-element-64fead3 elementor-widget elementor-widget-google_maps\" data-id=\"64fead3\" data-element_type=\"widget\" data-e-type=\"widget\" data-widget_type=\"google_maps.default\">\n\t\t\t\t<div class=\"elementor-widget-container\">\n\t\t\t\t\t\t\t<div class=\"elementor-custom-embed\">\n\t\t\t<iframe loading=\"lazy\"\n\t\t\t\t\tsrc=\"https:\/\/maps.google.com\/maps?q=%20Cueva%20del%20Rull&#038;t=m&#038;z=10&#038;output=embed&#038;iwloc=near\"\n\t\t\t\t\ttitle=\" Cueva del Rull\"\n\t\t\t\t\taria-label=\" Cueva del Rull\"\n\t\t\t><\/iframe>\n\t\t<\/div>\n\t\t\t\t\t\t<\/div>\n\t\t\t\t<\/div>\n\t\t\t\t<\/div>\n\t\t\t\t\t<\/div>\n\t\t\t\t<\/div>\n\t\t<div class=\"elementor-element elementor-element-2dcbcd2f e-flex e-con-boxed e-con e-parent\" data-id=\"2dcbcd2f\" data-element_type=\"container\" data-e-type=\"container\">\n\t\t\t\t\t<div class=\"e-con-inner\">\n\t\t\t\t<div class=\"elementor-element elementor-element-79951d5b elementor-widget elementor-widget-heading\" data-id=\"79951d5b\" data-element_type=\"widget\" data-e-type=\"widget\" data-widget_type=\"heading.default\">\n\t\t\t\t<div class=\"elementor-widget-container\">\n\t\t\t\t\t<h2 class=\"elementor-heading-title elementor-size-default\">Notez ces horaires, ces prix et les disponibilit\u00e9s pour les visites guid\u00e9es\n<\/h2>\t\t\t\t<\/div>\n\t\t\t\t<\/div>\n\t\t\t\t<div class=\"elementor-element elementor-element-26656965 elementor-widget elementor-widget-text-editor\" data-id=\"26656965\" data-element_type=\"widget\" data-e-type=\"widget\" data-widget_type=\"text-editor.default\">\n\t\t\t\t<div class=\"elementor-widget-container\">\n\t\t\t\t\t\t\t\t\t<p><span style=\"font-weight: 400;\">La Cueva del Rull <\/span><b>est ouverte toute l\u2019ann\u00e9e, sauf du 15&nbsp;janvier au 14&nbsp;f\u00e9vrier<\/b><span style=\"font-weight: 400;\">, et les <\/span><b>horaires varient selon la saison<\/b><span style=\"font-weight: 400;\">&nbsp;: d\u2019avril \u00e0 septembre, elle est ouverte de 10&nbsp;h&nbsp;30 \u00e0 20&nbsp;h&nbsp;30, de mars \u00e0 octobre de 11&nbsp;h&nbsp;00 \u00e0 18&nbsp;h&nbsp;30, et de novembre \u00e0 la fermeture de 11&nbsp;h&nbsp;00 \u00e0 17&nbsp;h&nbsp;00.<\/span><\/p><p><b>Le dernier acc\u00e8s se fait une demi-heure avant la fermeture<\/b><span style=\"font-weight: 400;\">, alors pas question d\u2019entrer en courant alors que le rideau se baisse, et si vous \u00eates un groupe, vous devrez r\u00e9server \u00e0 l\u2019avance.<\/span><\/p><p><span style=\"font-weight: 400;\">Quant aux prix, ils sont imbattables. L\u2019  <\/span><b>entr\u00e9e g\u00e9n\u00e9rale co\u00fbte 4&nbsp;euros<\/b><span style=\"font-weight: 400;\">, tandis que pour les retrait\u00e9s et les moins de 14&nbsp;ans, elle est de 2,70&nbsp;euros, et pour les moins de 3&nbsp;ans, l\u2019entr\u00e9e est gratuite. Bien s\u00fbr, tenez compte du fait que  <\/span><b>tout se fait en esp\u00e8ces<\/b><span style=\"font-weight: 400;\">, pas de terminal de paiement, car la couverture dans la grotte est inexistante.<\/span><\/p><p><span style=\"font-weight: 400;\">Les visites sont guid\u00e9es et ont une structure circulaire avec environ <\/span><b>220&nbsp;m\u00e8tres de parcours et environ 19&nbsp;m\u00e8tres de d\u00e9nivel\u00e9, durent environ 30 \u00e0 45&nbsp;minutes<\/b><span style=\"font-weight: 400;\"> et sont adapt\u00e9es \u00e0 tous les publics, y compris les sp\u00e9l\u00e9ologues de salon.<\/span><\/p>\t\t\t\t\t\t\t\t<\/div>\n\t\t\t\t<\/div>\n\t\t\t\t\t<\/div>\n\t\t\t\t<\/div>\n\t\t<div class=\"elementor-element elementor-element-2be144b e-flex e-con-boxed e-con e-parent\" data-id=\"2be144b\" data-element_type=\"container\" data-e-type=\"container\">\n\t\t\t\t\t<div class=\"e-con-inner\">\n\t\t\t\t<div class=\"elementor-element elementor-element-863f5f6 elementor-widget elementor-widget-image\" data-id=\"863f5f6\" data-element_type=\"widget\" data-e-type=\"widget\" data-widget_type=\"image.default\">\n\t\t\t\t<div class=\"elementor-widget-container\">\n\t\t\t\t\t\t\t\t\t\t\t\t\t\t\t<img fetchpriority=\"high\" decoding=\"async\" width=\"1254\" height=\"627\" src=\"https:\/\/www.ontravelholidayrentals.com\/blog\/wp-content\/uploads\/2025\/08\/visitar-Cueva-del-Rull.jpg\" class=\"attachment-full size-full wp-image-1064\" alt=\"visitar-Cueva-del-Rull.jpg\" srcset=\"https:\/\/www.ontravelholidayrentals.com\/blog\/wp-content\/uploads\/2025\/08\/visitar-Cueva-del-Rull.jpg 1254w, https:\/\/www.ontravelholidayrentals.com\/blog\/wp-content\/uploads\/2025\/08\/visitar-Cueva-del-Rull-300x150.jpg 300w, https:\/\/www.ontravelholidayrentals.com\/blog\/wp-content\/uploads\/2025\/08\/visitar-Cueva-del-Rull-1024x512.jpg 1024w, https:\/\/www.ontravelholidayrentals.com\/blog\/wp-content\/uploads\/2025\/08\/visitar-Cueva-del-Rull-768x384.jpg 768w\" sizes=\"(max-width: 1254px) 100vw, 1254px\" \/>\t\t\t\t\t\t\t\t\t\t\t\t\t\t\t<\/div>\n\t\t\t\t<\/div>\n\t\t\t\t\t<\/div>\n\t\t\t\t<\/div>\n\t\t<div class=\"elementor-element elementor-element-498bc7d e-flex e-con-boxed e-con e-parent\" data-id=\"498bc7d\" data-element_type=\"container\" data-e-type=\"container\">\n\t\t\t\t\t<div class=\"e-con-inner\">\n\t\t\t\t<div class=\"elementor-element elementor-element-716d7e9 elementor-widget elementor-widget-heading\" data-id=\"716d7e9\" data-element_type=\"widget\" data-e-type=\"widget\" data-widget_type=\"heading.default\">\n\t\t\t\t<div class=\"elementor-widget-container\">\n\t\t\t\t\t<h2 class=\"elementor-heading-title elementor-size-default\">D\u00e9couvrez son histoire et comment s\u2019est form\u00e9e cette formation g\u00e9ologique\n<\/h2>\t\t\t\t<\/div>\n\t\t\t\t<\/div>\n\t\t\t\t<div class=\"elementor-element elementor-element-073aba7 elementor-widget elementor-widget-text-editor\" data-id=\"073aba7\" data-element_type=\"widget\" data-e-type=\"widget\" data-widget_type=\"text-editor.default\">\n\t\t\t\t<div class=\"elementor-widget-container\">\n\t\t\t\t\t\t\t\t\t<p><span style=\"font-weight: 400;\">L\u2019histoire de la Cueva del Rull est digne d\u2019un film. Elle a \u00e9t\u00e9  <\/span><b>d\u00e9couverte en 1919<\/b><span style=\"font-weight: 400;\"> presque par accident lorsqu\u2019un chasseur local, <\/span><b>Vicente Mengual Mas, surnomm\u00e9 \u00ab&nbsp;el t\u00edo Rull&nbsp;\u00bb<\/b><span style=\"font-weight: 400;\">, poursuivait un lapin qui s\u2019\u00e9tait cach\u00e9 dans un trou. L\u2019homme, loin d\u2019abandonner sa chasse, s\u2019est mis \u00e0 creuser et a d\u00e9couvert une caverne monumentale. <\/span><\/p><p><span style=\"font-weight: 400;\">Dans les ann\u00e9es&nbsp;60, voyant l\u2019essor du tourisme, <\/span><b>\u00ab&nbsp;el t\u00edo Rull&nbsp;\u00bb a d\u00e9cid\u00e9 de l\u2019am\u00e9nager pour le public<\/b><span style=\"font-weight: 400;\">, bien que ce soit \u00e0 partir des ann\u00e9es&nbsp;90 que la mairie l\u2019a r\u00e9habilit\u00e9e et modernis\u00e9e, la rendant s\u00fbre pour les visiteurs.<\/span><\/p><p><span style=\"font-weight: 400;\">G\u00e9ologiquement, la grotte <\/span><b>s\u2019est form\u00e9e il y a plus de 5&nbsp;millions d\u2019ann\u00e9es<\/b><span style=\"font-weight: 400;\">, en pleine \u00e8re mioc\u00e8ne, pendant ce que l\u2019on peut consid\u00e9rer comme \u00ab&nbsp;l\u2019adolescence&nbsp;\u00bb de la plan\u00e8te. Elle est c <\/span><b>ompos\u00e9e de conglom\u00e9rats calcaires<\/b><span style=\"font-weight: 400;\">, o\u00f9 l\u2019eau a \u00e9rod\u00e9, dissous et d\u00e9pos\u00e9 des min\u00e9raux, donnant lieu \u00e0 un spectacle de stalagmites, de stalagmites et d\u2019autres formes.<\/span><\/p><p><span style=\"font-weight: 400;\">Les diff\u00e9rentes <\/span><b>formes de la grotte stimulent l\u2019imagination de tous les publics<\/b><span style=\"font-weight: 400;\">, des enfants aux adultes, certains ont m\u00eame vu un monstre ou l\u2019autre dans ses formes. <\/span> <\/p><p><span style=\"font-weight: 400;\">Mais la magie ne r\u00e9side pas seulement dans les figures calcaires de ses pierres, mais<\/span><b> dans sa temp\u00e9rature, qui avoisine les 15&nbsp;\u00b0C, avec une humidit\u00e9 tr\u00e8s \u00e9lev\u00e9e.<\/b><span style=\"font-weight: 400;\"> Donc, si vous \u00eates de ceux qui transpirent rien qu\u2019en bougeant un sourcil, vous pouvez compl\u00e8tement le dissimuler ici, car tout le monde sera comme vous.<\/span><\/p>\t\t\t\t\t\t\t\t<\/div>\n\t\t\t\t<\/div>\n\t\t\t\t\t<\/div>\n\t\t\t\t<\/div>\n\t\t<div class=\"elementor-element elementor-element-1e6e808 e-flex e-con-boxed e-con e-parent\" data-id=\"1e6e808\" data-element_type=\"container\" data-e-type=\"container\">\n\t\t\t\t\t<div class=\"e-con-inner\">\n\t\t\t\t<div class=\"elementor-element elementor-element-1aedb18 elementor-widget elementor-widget-heading\" data-id=\"1aedb18\" data-element_type=\"widget\" data-e-type=\"widget\" data-widget_type=\"heading.default\">\n\t\t\t\t<div class=\"elementor-widget-container\">\n\t\t\t\t\t<h2 class=\"elementor-heading-title elementor-size-default\">Vous ne savez pas quoi voir pr\u00e8s de la grotte&nbsp;? Notez ces id\u00e9es \n<\/h2>\t\t\t\t<\/div>\n\t\t\t\t<\/div>\n\t\t\t\t<div class=\"elementor-element elementor-element-d59a09a elementor-widget elementor-widget-text-editor\" data-id=\"d59a09a\" data-element_type=\"widget\" data-e-type=\"widget\" data-widget_type=\"text-editor.default\">\n\t\t\t\t<div class=\"elementor-widget-container\">\n\t\t\t\t\t\t\t\t\t<p><span style=\"font-weight: 400;\">Une fois que vous sortez \u00e0 la lumi\u00e8re du jour, sans avoir besoin d\u2019une lampe frontale, la Vall d\u2019Ebo et ses environs sont <\/span><b>pleins de visites int\u00e9ressantes.<\/b><\/p><p><span style=\"font-weight: 400;\">Le<\/span><b> canyon de l\u2019Infierno<\/b><span style=\"font-weight: 400;\">, l\u2019un des canyons les plus c\u00e9l\u00e8bres de la Marina Alta, est id\u00e9al pour les randonneurs et les amateurs de photographie de paysages \u00e9piques. Mais si vous \u00eates plut\u00f4t piscine, dans la rivi\u00e8re Ebo, il y a des  <\/span><b>piscines naturelles <\/b><span style=\"font-weight: 400;\">parfaites pour se rafra\u00eechir en \u00e9t\u00e9 apr\u00e8s l\u2019excursion souterraine.<\/span><\/p><p><span style=\"font-weight: 400;\">Si, apr\u00e8s la visite de la grotte, vous avez envie de quelque chose de plus culturel, le<\/span><b> Mus\u00e9e ethnologique de la Vall d\u2019Ebo <\/b> <span style=\"font-weight: 400;\">vous offre un aper\u00e7u de l\u2019histoire locale et des coutumes des habitants des environs. Vous pouvez \u00e9galement visiter l\u2019  <\/span><b>\u00e9glise de San Bartolom\u00e9<\/b><span style=\"font-weight: 400;\">, ses fontaines locales et les anciennes glaci\u00e8res de la r\u00e9gion.<\/span><\/p><p><span style=\"font-weight: 400;\">D\u2019autre part, vous pouvez visiter le <\/span><b>Mirador de la Forad\u00e0<\/b><span style=\"font-weight: 400;\">, qui offre des vues spectaculaires sur les montagnes et les vall\u00e9es, id\u00e9ales pour les selfies en hauteur. Et n\u2019oubliez pas le <\/span> <b>Parc naturel de la Marjal de Pego-Oliva<\/b><span style=\"font-weight: 400;\">, un paradis de la biodiversit\u00e9 \u00e0 deux pas de la grotte.<\/span><\/p>\t\t\t\t\t\t\t\t<\/div>\n\t\t\t\t<\/div>\n\t\t\t\t<div class=\"elementor-element elementor-element-2d8bf06 elementor-widget elementor-widget-image\" data-id=\"2d8bf06\" data-element_type=\"widget\" data-e-type=\"widget\" data-widget_type=\"image.default\">\n\t\t\t\t<div class=\"elementor-widget-container\">\n\t\t\t\t\t\t\t\t\t\t\t\t\t\t\t<img decoding=\"async\" width=\"1254\" height=\"627\" src=\"https:\/\/www.ontravelholidayrentals.com\/blog\/wp-content\/uploads\/2025\/08\/Cueva-del-Rull.jpg\" class=\"attachment-full size-full wp-image-1068\" alt=\"\" srcset=\"https:\/\/www.ontravelholidayrentals.com\/blog\/wp-content\/uploads\/2025\/08\/Cueva-del-Rull.jpg 1254w, https:\/\/www.ontravelholidayrentals.com\/blog\/wp-content\/uploads\/2025\/08\/Cueva-del-Rull-300x150.jpg 300w, https:\/\/www.ontravelholidayrentals.com\/blog\/wp-content\/uploads\/2025\/08\/Cueva-del-Rull-1024x512.jpg 1024w, https:\/\/www.ontravelholidayrentals.com\/blog\/wp-content\/uploads\/2025\/08\/Cueva-del-Rull-768x384.jpg 768w\" sizes=\"(max-width: 1254px) 100vw, 1254px\" \/>\t\t\t\t\t\t\t\t\t\t\t\t\t\t\t<\/div>\n\t\t\t\t<\/div>\n\t\t\t\t\t<\/div>\n\t\t\t\t<\/div>\n\t\t<div class=\"elementor-element elementor-element-9b95352 e-flex e-con-boxed e-con e-parent\" data-id=\"9b95352\" data-element_type=\"container\" data-e-type=\"container\">\n\t\t\t\t\t<div class=\"e-con-inner\">\n\t\t\t\t<div class=\"elementor-element elementor-element-71a8e38 elementor-widget elementor-widget-heading\" data-id=\"71a8e38\" data-element_type=\"widget\" data-e-type=\"widget\" data-widget_type=\"heading.default\">\n\t\t\t\t<div class=\"elementor-widget-container\">\n\t\t\t\t\t<h2 class=\"elementor-heading-title elementor-size-default\">N\u2019oubliez pas ces recommandations pour la visite\n<\/h2>\t\t\t\t<\/div>\n\t\t\t\t<\/div>\n\t\t\t\t<div class=\"elementor-element elementor-element-9885eee elementor-widget elementor-widget-text-editor\" data-id=\"9885eee\" data-element_type=\"widget\" data-e-type=\"widget\" data-widget_type=\"text-editor.default\">\n\t\t\t\t<div class=\"elementor-widget-container\">\n\t\t\t\t\t\t\t\t\t<p><span style=\"font-weight: 400;\">Pour faire une visite dans de bonnes conditions, <\/span><b>nous vous recommandons<\/b> <b>de porter des chaussures confortables et ferm\u00e9es<\/b><span style=\"font-weight: 400;\">, car m\u00eame si la grotte est am\u00e9nag\u00e9e, le sol peut \u00eatre glissant. Et si vous \u00eates du genre frileux, nous vous conseillons d\u2019emporter quelque chose de  <\/span><b>chaud<\/b><span style=\"font-weight: 400;\">, car m\u00eame en \u00e9t\u00e9, il fait frais.<\/span><\/p><p><span style=\"font-weight: 400;\">Vous ne pouvez pas oublier le <\/span><b>paiement en esp\u00e8ces<\/b><span style=\"font-weight: 400;\">, car il n\u2019y a pas de couverture \u00e0 l\u2019int\u00e9rieur, et si vous \u00eates un groupe, appelez avant de r\u00e9server.<\/span><\/p><p><span style=\"font-weight: 400;\">Il est <\/span><b>interdit de toucher<\/b><span style=\"font-weight: 400;\">  les parois de la grotte. Ce que vous voyez est le r\u00e9sultat de millions d\u2019ann\u00e9es, alors pas question de faire de nouvelles sculptures. Il est donc \u00e9galement interdit d\u2019oublier l\u2019appareil photo.  <\/span><\/p><p><span style=\"font-weight: 400;\">Enfin, <\/span><b>nous vous recommandons de planifier votre journ\u00e9e compl\u00e8te,<\/b><span style=\"font-weight: 400;\"> car apr\u00e8s avoir explor\u00e9 la grotte, vous pouvez explorer d\u2019autres coins qui feront que votre journ\u00e9e en vaudra la peine.<\/span><\/p>\t\t\t\t\t\t\t\t<\/div>\n\t\t\t\t<\/div>\n\t\t\t\t\t<\/div>\n\t\t\t\t<\/div>\n\t\t<div class=\"elementor-element elementor-element-fe9ed33 e-flex e-con-boxed e-con e-parent\" data-id=\"fe9ed33\" data-element_type=\"container\" data-e-type=\"container\">\n\t\t\t\t\t<div class=\"e-con-inner\">\n\t\t\t\t<div class=\"elementor-element elementor-element-e71998f elementor-widget elementor-widget-heading\" data-id=\"e71998f\" data-element_type=\"widget\" data-e-type=\"widget\" data-widget_type=\"heading.default\">\n\t\t\t\t<div class=\"elementor-widget-container\">\n\t\t\t\t\t<h2 class=\"elementor-heading-title elementor-size-default\">Pourquoi devez-vous conna\u00eetre la Cueva del Rull&nbsp;?\n<\/h2>\t\t\t\t<\/div>\n\t\t\t\t<\/div>\n\t\t\t\t<div class=\"elementor-element elementor-element-74a2e4d elementor-widget elementor-widget-text-editor\" data-id=\"74a2e4d\" data-element_type=\"widget\" data-e-type=\"widget\" data-widget_type=\"text-editor.default\">\n\t\t\t\t<div class=\"elementor-widget-container\">\n\t\t\t\t\t\t\t\t\t<p><span style=\"font-weight: 400;\">La Cueva del Rull est ce plan parfait si vous \u00eates \u00e0 Oliva, Moraira, J\u00e1vea, Benissa, Denia ou dans les environs et que vous voulez voir autre chose que la plage. C\u2019est une aventure qui <\/span> <b> vous offre l\u2019\u00e9motion de d\u00e9couvrir une autre dimension sous terre<\/b><span style=\"font-weight: 400;\">, une le\u00e7on divertissante et une occasion de vous d\u00e9connecter de votre t\u00e9l\u00e9phone portable.<\/span><\/p><p><span style=\"font-weight: 400;\">Donc, si vous voulez visiter la Cueva del Rull, les <\/span><b>appartements \u00e0 Oliva, Moraira, J\u00e1vea, Benissa ou Denia<\/b><span style=\"font-weight: 400;\">  vous attendent pour que vous vous reposiez apr\u00e8s avoir explor\u00e9 chaque recoin de votre aventure souterraine. Parce que parfois, la magie est sous terre et \u00e0 deux pas de votre h\u00e9bergement id\u00e9al. <\/span><\/p>\t\t\t\t\t\t\t\t<\/div>\n\t\t\t\t<\/div>\n\t\t\t\t\t<\/div>\n\t\t\t\t<\/div>\n\t\t<div class=\"elementor-element elementor-element-758cdcf6 e-flex e-con-boxed e-con e-parent\" data-id=\"758cdcf6\" data-element_type=\"container\" data-e-type=\"container\">\n\t\t\t\t\t<div class=\"e-con-inner\">\n\t\t\t\t<div class=\"elementor-element elementor-element-3c8aaf6e elementor-widget elementor-widget-grid\" data-id=\"3c8aaf6e\" data-element_type=\"widget\" data-e-type=\"widget\" data-widget_type=\"grid.default\">\n\t\t\t\t<div class=\"elementor-widget-container\">\n\t\t\t\t\t\t\t<div class=\"its--row alojamientos-recomendados\">\n\n\t\t\t<div class=\"alojamientos-recomendados-container\">\n\n\t\t\t\t\t\n\t\t\t\t\t<a href=\"https:\/\/www.ontravelholidayrentals.com\/fr\/location\/villa-oliva-villa-vermeer-51-460858.html\" rel=\"nofollow\" style=\"width: 23%;\">\n\t\t\t\t\t\t<div class=\"apartamento-box\">\n\t\t\t\t\t\t\t<div class=\"imagen_recomendados\">\n\t\t\t\t\t\t\t\t<img decoding=\"async\" src=\"https:\/\/crs.avantio.com\/fotos\/2\/1703084140d3f439d9b3375a13b4f0e50afb895aaa\/big1703332585741831091dd4ad756385090fb49199ea.jpg\" alt=\"Villa Colibri by ON Travel\">\n\t\t\t\t\t\t\t<\/div>\n\t\t\t\t\t\t\t<div class=\"info\">\n\t\t\t\t\t\t\t\t<div class=\"ubicacion\">\n\t\t\t\t\t\t\t\t\t<i class=\"fa-solid fa-location-dot icono-mapa\"><\/i><span class=\"ubicacion-texto\">Oliva - Dpt. Valencia<\/span>\n\t\t\t\t\t\t\t\t<\/div>\n\t\t\t\t\t\t\t\t<H3 class=\"titulo-alojamiento\">\n\t\t\t\t\t\t\t\t\tVilla Colibri by ON Travel\t\t\t\t\t\t\t\t<\/H3>\n\t\t\t\t\t\t\t\t<p class=\"precio-alojamiento\">\u00c0 partir de <span class=\"precio\">328.00\u20ac<\/span> par nuit<\/p>\n\t\t\t\t\t\t\t<\/div>\n\t\t\t\t\t\t<\/div>\n\t\t\t\t\t<\/a> \n\t\t\t\t\t\t\n\t\t\t\t\t<a href=\"https:\/\/www.ontravelholidayrentals.com\/fr\/location\/villa-oliva-villa-vermeer-21-461268.html\" rel=\"nofollow\" style=\"width: 23%;\">\n\t\t\t\t\t\t<div class=\"apartamento-box\">\n\t\t\t\t\t\t\t<div class=\"imagen_recomendados\">\n\t\t\t\t\t\t\t\t<img decoding=\"async\" src=\"https:\/\/crs.avantio.com\/fotos\/2\/1703335589811fbc048cd27ef2e70871e03571a65f\/big17033356189dc73706c960d3ef8712f0c901543b8b.jpg\" alt=\"Villa Solana  by ON Travel\">\n\t\t\t\t\t\t\t<\/div>\n\t\t\t\t\t\t\t<div class=\"info\">\n\t\t\t\t\t\t\t\t<div class=\"ubicacion\">\n\t\t\t\t\t\t\t\t\t<i class=\"fa-solid fa-location-dot icono-mapa\"><\/i><span class=\"ubicacion-texto\">Oliva - Dpt. Valencia<\/span>\n\t\t\t\t\t\t\t\t<\/div>\n\t\t\t\t\t\t\t\t<H3 class=\"titulo-alojamiento\">\n\t\t\t\t\t\t\t\t\tVilla Solana  by ON Travel\t\t\t\t\t\t\t\t<\/H3>\n\t\t\t\t\t\t\t\t<p class=\"precio-alojamiento\">\u00c0 partir de <span class=\"precio\">217.00\u20ac<\/span> par nuit<\/p>\n\t\t\t\t\t\t\t<\/div>\n\t\t\t\t\t\t<\/div>\n\t\t\t\t\t<\/a> \n\t\t\t\t\t\t\n\t\t\t\t\t<a href=\"https:\/\/www.ontravelholidayrentals.com\/fr\/location\/villa-oliva-villa-vermeer-25-461292.html\" rel=\"nofollow\" style=\"width: 23%;\">\n\t\t\t\t\t\t<div class=\"apartamento-box\">\n\t\t\t\t\t\t\t<div class=\"imagen_recomendados\">\n\t\t\t\t\t\t\t\t<img decoding=\"async\" src=\"https:\/\/crs.avantio.com\/fotos\/2\/1705335735591b101a10adf0c9165b293b19af3489\/big1705335762de9703dc1854540c9777fd4932b0499a.jpg\" alt=\"Greenside oasis villa by ON Travel\">\n\t\t\t\t\t\t\t<\/div>\n\t\t\t\t\t\t\t<div class=\"info\">\n\t\t\t\t\t\t\t\t<div class=\"ubicacion\">\n\t\t\t\t\t\t\t\t\t<i class=\"fa-solid fa-location-dot icono-mapa\"><\/i><span class=\"ubicacion-texto\">Oliva - Dpt. Valencia<\/span>\n\t\t\t\t\t\t\t\t<\/div>\n\t\t\t\t\t\t\t\t<H3 class=\"titulo-alojamiento\">\n\t\t\t\t\t\t\t\t\tGreenside oasis villa by ON Travel\t\t\t\t\t\t\t\t<\/H3>\n\t\t\t\t\t\t\t\t<p class=\"precio-alojamiento\">\u00c0 partir de <span class=\"precio\">328.00\u20ac<\/span> par nuit<\/p>\n\t\t\t\t\t\t\t<\/div>\n\t\t\t\t\t\t<\/div>\n\t\t\t\t\t<\/a> \n\t\t\t\t\t\t\n\t\t\t\t\t<a href=\"https:\/\/www.ontravelholidayrentals.com\/fr\/location\/villa-oliva-villa-vermeer-43-461293.html\" rel=\"nofollow\" style=\"width: 23%;\">\n\t\t\t\t\t\t<div class=\"apartamento-box\">\n\t\t\t\t\t\t\t<div class=\"imagen_recomendados\">\n\t\t\t\t\t\t\t\t<img decoding=\"async\" src=\"https:\/\/crs.avantio.com\/fotos\/2\/17054241108ffb3352fb1b6efd3c6e1c3097debf40\/big170542451565ad5f2b0843b6346526f00ede7b3ef7.jpg\" alt=\"Villa Cisne by ON Travel\">\n\t\t\t\t\t\t\t<\/div>\n\t\t\t\t\t\t\t<div class=\"info\">\n\t\t\t\t\t\t\t\t<div class=\"ubicacion\">\n\t\t\t\t\t\t\t\t\t<i class=\"fa-solid fa-location-dot icono-mapa\"><\/i><span class=\"ubicacion-texto\">Oliva - Dpt. Valencia<\/span>\n\t\t\t\t\t\t\t\t<\/div>\n\t\t\t\t\t\t\t\t<H3 class=\"titulo-alojamiento\">\n\t\t\t\t\t\t\t\t\tVilla Cisne by ON Travel\t\t\t\t\t\t\t\t<\/H3>\n\t\t\t\t\t\t\t\t<p class=\"precio-alojamiento\">\u00c0 partir de <span class=\"precio\">205.00\u20ac<\/span> par nuit<\/p>\n\t\t\t\t\t\t\t<\/div>\n\t\t\t\t\t\t<\/div>\n\t\t\t\t\t<\/a> \n\t\t\t\t\t\t\t\t<\/div>\n\t\t\t<\/div>\n\t\t\t\t\t\t<\/div>\n\t\t\t\t<\/div>\n\t\t\t\t\t<\/div>\n\t\t\t\t<\/div>\n\t\t\t\t<\/div>\n\t\t","protected":false},"excerpt":{"rendered":"<p>Pr\u00eat pour une aventure souterraine&nbsp;? D\u00e9couvrez tout ce qu\u2019il faut savoir et quelques astuces pour explorer la Cueva del Rull \u00e0 Alicante. Index Qu\u2019est-ce que la Cueva del Rull et o\u00f9 se trouve-t-elle&nbsp;? La Cueva del Rull est une merveille naturelle regorgeant de stalactites, de stalagmites et de formations originales, situ\u00e9e \u00e0 l\u2019int\u00e9rieur d\u2019Alicante. C\u2019est [&hellip;]<\/p>\n","protected":false},"author":4,"featured_media":1072,"comment_status":"open","ping_status":"open","sticky":false,"template":"elementor_header_footer","format":"standard","meta":{"footnotes":""},"categories":[35],"tags":[],"class_list":["post-1093","post","type-post","status-publish","format-standard","has-post-thumbnail","hentry","category-costa-blanca-fr"],"yoast_head":"<!-- This site is optimized with the Yoast SEO plugin v25.2 - https:\/\/yoast.com\/wordpress\/plugins\/seo\/ -->\n<title>Visitez la Cueva del Rull \u00e0 Alicante - Blog<\/title>\n<meta name=\"description\" content=\"Explorez la Cueva del Rull et plongez dans le myst\u00e8re du monde souterrain valencien.\" \/>\n<meta name=\"robots\" content=\"index, follow, max-snippet:-1, max-image-preview:large, max-video-preview:-1\" \/>\n<link rel=\"canonical\" href=\"https:\/\/www.ontravelholidayrentals.com\/blog\/fr\/grotte-rull-alicante\/\" \/>\n<meta property=\"og:locale\" content=\"fr_FR\" \/>\n<meta property=\"og:type\" content=\"article\" \/>\n<meta property=\"og:title\" content=\"Visitez la Cueva del Rull \u00e0 Alicante - Blog\" \/>\n<meta property=\"og:description\" content=\"Explorez la Cueva del Rull et plongez dans le myst\u00e8re du monde souterrain valencien.\" \/>\n<meta property=\"og:url\" content=\"https:\/\/www.ontravelholidayrentals.com\/blog\/fr\/grotte-rull-alicante\/\" \/>\n<meta property=\"og:site_name\" content=\"Blog\" \/>\n<meta property=\"article:published_time\" content=\"2025-08-22T11:11:58+00:00\" \/>\n<meta property=\"article:modified_time\" content=\"2025-08-27T08:57:00+00:00\" \/>\n<meta property=\"og:image\" content=\"https:\/\/www.ontravelholidayrentals.com\/blog\/wp-content\/uploads\/2025\/08\/Cueva-del-Rull-Alicante.jpg\" \/>\n\t<meta property=\"og:image:width\" content=\"2120\" \/>\n\t<meta property=\"og:image:height\" content=\"707\" \/>\n\t<meta property=\"og:image:type\" content=\"image\/jpeg\" \/>\n<meta name=\"author\" content=\"Axel\" \/>\n<meta name=\"twitter:card\" content=\"summary_large_image\" \/>\n<meta name=\"twitter:label1\" content=\"\u00c9crit par\" \/>\n\t<meta name=\"twitter:data1\" content=\"Axel\" \/>\n\t<meta name=\"twitter:label2\" content=\"Dur\u00e9e de lecture estim\u00e9e\" \/>\n\t<meta name=\"twitter:data2\" content=\"6 minutes\" \/>\n<script type=\"application\/ld+json\" class=\"yoast-schema-graph\">{\"@context\":\"https:\/\/schema.org\",\"@graph\":[{\"@type\":\"Article\",\"@id\":\"https:\/\/www.ontravelholidayrentals.com\/blog\/fr\/grotte-rull-alicante\/#article\",\"isPartOf\":{\"@id\":\"https:\/\/www.ontravelholidayrentals.com\/blog\/fr\/grotte-rull-alicante\/\"},\"author\":{\"name\":\"Axel\",\"@id\":\"https:\/\/www.ontravelholidayrentals.com\/blog\/fr\/#\/schema\/person\/907601cb91b08af60b0fec9e629a4883\"},\"headline\":\"Avez-vous visit\u00e9 la Cueva del Rull \u00e0 Alicante&nbsp;? Notez ces recommandations.\",\"datePublished\":\"2025-08-22T11:11:58+00:00\",\"dateModified\":\"2025-08-27T08:57:00+00:00\",\"mainEntityOfPage\":{\"@id\":\"https:\/\/www.ontravelholidayrentals.com\/blog\/fr\/grotte-rull-alicante\/\"},\"wordCount\":1224,\"commentCount\":0,\"publisher\":{\"@id\":\"https:\/\/www.ontravelholidayrentals.com\/blog\/fr\/#organization\"},\"image\":{\"@id\":\"https:\/\/www.ontravelholidayrentals.com\/blog\/fr\/grotte-rull-alicante\/#primaryimage\"},\"thumbnailUrl\":\"https:\/\/www.ontravelholidayrentals.com\/blog\/wp-content\/uploads\/2025\/08\/Cueva-del-Rull-Alicante.jpg\",\"articleSection\":[\"Costa Blanca\"],\"inLanguage\":\"fr-FR\",\"potentialAction\":[{\"@type\":\"CommentAction\",\"name\":\"Comment\",\"target\":[\"https:\/\/www.ontravelholidayrentals.com\/blog\/fr\/grotte-rull-alicante\/#respond\"]}]},{\"@type\":\"WebPage\",\"@id\":\"https:\/\/www.ontravelholidayrentals.com\/blog\/fr\/grotte-rull-alicante\/\",\"url\":\"https:\/\/www.ontravelholidayrentals.com\/blog\/fr\/grotte-rull-alicante\/\",\"name\":\"Visitez la Cueva del Rull \u00e0 Alicante - Blog\",\"isPartOf\":{\"@id\":\"https:\/\/www.ontravelholidayrentals.com\/blog\/fr\/#website\"},\"primaryImageOfPage\":{\"@id\":\"https:\/\/www.ontravelholidayrentals.com\/blog\/fr\/grotte-rull-alicante\/#primaryimage\"},\"image\":{\"@id\":\"https:\/\/www.ontravelholidayrentals.com\/blog\/fr\/grotte-rull-alicante\/#primaryimage\"},\"thumbnailUrl\":\"https:\/\/www.ontravelholidayrentals.com\/blog\/wp-content\/uploads\/2025\/08\/Cueva-del-Rull-Alicante.jpg\",\"datePublished\":\"2025-08-22T11:11:58+00:00\",\"dateModified\":\"2025-08-27T08:57:00+00:00\",\"description\":\"Explorez la Cueva del Rull et plongez dans le myst\u00e8re du monde souterrain valencien.\",\"breadcrumb\":{\"@id\":\"https:\/\/www.ontravelholidayrentals.com\/blog\/fr\/grotte-rull-alicante\/#breadcrumb\"},\"inLanguage\":\"fr-FR\",\"potentialAction\":[{\"@type\":\"ReadAction\",\"target\":[\"https:\/\/www.ontravelholidayrentals.com\/blog\/fr\/grotte-rull-alicante\/\"]}]},{\"@type\":\"ImageObject\",\"inLanguage\":\"fr-FR\",\"@id\":\"https:\/\/www.ontravelholidayrentals.com\/blog\/fr\/grotte-rull-alicante\/#primaryimage\",\"url\":\"https:\/\/www.ontravelholidayrentals.com\/blog\/wp-content\/uploads\/2025\/08\/Cueva-del-Rull-Alicante.jpg\",\"contentUrl\":\"https:\/\/www.ontravelholidayrentals.com\/blog\/wp-content\/uploads\/2025\/08\/Cueva-del-Rull-Alicante.jpg\",\"width\":2120,\"height\":707,\"caption\":\"Images of the inside of various caves, located in Puerto Rico.\"},{\"@type\":\"BreadcrumbList\",\"@id\":\"https:\/\/www.ontravelholidayrentals.com\/blog\/fr\/grotte-rull-alicante\/#breadcrumb\",\"itemListElement\":[{\"@type\":\"ListItem\",\"position\":1,\"name\":\"Portada\",\"item\":\"https:\/\/www.ontravelholidayrentals.com\/blog\/fr\/\"},{\"@type\":\"ListItem\",\"position\":2,\"name\":\"Avez-vous visit\u00e9 la Cueva del Rull \u00e0 Alicante&nbsp;? Notez ces recommandations.\"}]},{\"@type\":\"WebSite\",\"@id\":\"https:\/\/www.ontravelholidayrentals.com\/blog\/fr\/#website\",\"url\":\"https:\/\/www.ontravelholidayrentals.com\/blog\/fr\/\",\"name\":\"Blog\",\"description\":\"Ontravelholidayrentals\",\"publisher\":{\"@id\":\"https:\/\/www.ontravelholidayrentals.com\/blog\/fr\/#organization\"},\"potentialAction\":[{\"@type\":\"SearchAction\",\"target\":{\"@type\":\"EntryPoint\",\"urlTemplate\":\"https:\/\/www.ontravelholidayrentals.com\/blog\/fr\/?s={search_term_string}\"},\"query-input\":{\"@type\":\"PropertyValueSpecification\",\"valueRequired\":true,\"valueName\":\"search_term_string\"}}],\"inLanguage\":\"fr-FR\"},{\"@type\":\"Organization\",\"@id\":\"https:\/\/www.ontravelholidayrentals.com\/blog\/fr\/#organization\",\"name\":\"Blog\",\"url\":\"https:\/\/www.ontravelholidayrentals.com\/blog\/fr\/\",\"logo\":{\"@type\":\"ImageObject\",\"inLanguage\":\"fr-FR\",\"@id\":\"https:\/\/www.ontravelholidayrentals.com\/blog\/fr\/#\/schema\/logo\/image\/\",\"url\":\"https:\/\/www.ontravelholidayrentals.com\/blog\/wp-content\/uploads\/2025\/02\/logo-oliva-nova.webp\",\"contentUrl\":\"https:\/\/www.ontravelholidayrentals.com\/blog\/wp-content\/uploads\/2025\/02\/logo-oliva-nova.webp\",\"width\":2454,\"height\":875,\"caption\":\"Blog\"},\"image\":{\"@id\":\"https:\/\/www.ontravelholidayrentals.com\/blog\/fr\/#\/schema\/logo\/image\/\"}},{\"@type\":\"Person\",\"@id\":\"https:\/\/www.ontravelholidayrentals.com\/blog\/fr\/#\/schema\/person\/907601cb91b08af60b0fec9e629a4883\",\"name\":\"Axel\",\"image\":{\"@type\":\"ImageObject\",\"inLanguage\":\"fr-FR\",\"@id\":\"https:\/\/www.ontravelholidayrentals.com\/blog\/fr\/#\/schema\/person\/image\/\",\"url\":\"https:\/\/secure.gravatar.com\/avatar\/3bd706736e5b70f21f05f6c2d5cad746767782a4ba4b7df399c5969e2a9318fd?s=96&d=mm&r=g\",\"contentUrl\":\"https:\/\/secure.gravatar.com\/avatar\/3bd706736e5b70f21f05f6c2d5cad746767782a4ba4b7df399c5969e2a9318fd?s=96&d=mm&r=g\",\"caption\":\"Axel\"},\"url\":\"https:\/\/www.ontravelholidayrentals.com\/blog\/fr\/author\/axel\/\"}]}<\/script>\n<!-- \/ Yoast SEO plugin. -->","yoast_head_json":{"title":"Visitez la Cueva del Rull \u00e0 Alicante - Blog","description":"Explorez la Cueva del Rull et plongez dans le myst\u00e8re du monde souterrain valencien.","robots":{"index":"index","follow":"follow","max-snippet":"max-snippet:-1","max-image-preview":"max-image-preview:large","max-video-preview":"max-video-preview:-1"},"canonical":"https:\/\/www.ontravelholidayrentals.com\/blog\/fr\/grotte-rull-alicante\/","og_locale":"fr_FR","og_type":"article","og_title":"Visitez la Cueva del Rull \u00e0 Alicante - Blog","og_description":"Explorez la Cueva del Rull et plongez dans le myst\u00e8re du monde souterrain valencien.","og_url":"https:\/\/www.ontravelholidayrentals.com\/blog\/fr\/grotte-rull-alicante\/","og_site_name":"Blog","article_published_time":"2025-08-22T11:11:58+00:00","article_modified_time":"2025-08-27T08:57:00+00:00","og_image":[{"width":2120,"height":707,"url":"https:\/\/www.ontravelholidayrentals.com\/blog\/wp-content\/uploads\/2025\/08\/Cueva-del-Rull-Alicante.jpg","type":"image\/jpeg"}],"author":"Axel","twitter_card":"summary_large_image","twitter_misc":{"\u00c9crit par":"Axel","Dur\u00e9e de lecture estim\u00e9e":"6 minutes"},"schema":{"@context":"https:\/\/schema.org","@graph":[{"@type":"Article","@id":"https:\/\/www.ontravelholidayrentals.com\/blog\/fr\/grotte-rull-alicante\/#article","isPartOf":{"@id":"https:\/\/www.ontravelholidayrentals.com\/blog\/fr\/grotte-rull-alicante\/"},"author":{"name":"Axel","@id":"https:\/\/www.ontravelholidayrentals.com\/blog\/fr\/#\/schema\/person\/907601cb91b08af60b0fec9e629a4883"},"headline":"Avez-vous visit\u00e9 la Cueva del Rull \u00e0 Alicante&nbsp;? Notez ces recommandations.","datePublished":"2025-08-22T11:11:58+00:00","dateModified":"2025-08-27T08:57:00+00:00","mainEntityOfPage":{"@id":"https:\/\/www.ontravelholidayrentals.com\/blog\/fr\/grotte-rull-alicante\/"},"wordCount":1224,"commentCount":0,"publisher":{"@id":"https:\/\/www.ontravelholidayrentals.com\/blog\/fr\/#organization"},"image":{"@id":"https:\/\/www.ontravelholidayrentals.com\/blog\/fr\/grotte-rull-alicante\/#primaryimage"},"thumbnailUrl":"https:\/\/www.ontravelholidayrentals.com\/blog\/wp-content\/uploads\/2025\/08\/Cueva-del-Rull-Alicante.jpg","articleSection":["Costa Blanca"],"inLanguage":"fr-FR","potentialAction":[{"@type":"CommentAction","name":"Comment","target":["https:\/\/www.ontravelholidayrentals.com\/blog\/fr\/grotte-rull-alicante\/#respond"]}]},{"@type":"WebPage","@id":"https:\/\/www.ontravelholidayrentals.com\/blog\/fr\/grotte-rull-alicante\/","url":"https:\/\/www.ontravelholidayrentals.com\/blog\/fr\/grotte-rull-alicante\/","name":"Visitez la Cueva del Rull \u00e0 Alicante - Blog","isPartOf":{"@id":"https:\/\/www.ontravelholidayrentals.com\/blog\/fr\/#website"},"primaryImageOfPage":{"@id":"https:\/\/www.ontravelholidayrentals.com\/blog\/fr\/grotte-rull-alicante\/#primaryimage"},"image":{"@id":"https:\/\/www.ontravelholidayrentals.com\/blog\/fr\/grotte-rull-alicante\/#primaryimage"},"thumbnailUrl":"https:\/\/www.ontravelholidayrentals.com\/blog\/wp-content\/uploads\/2025\/08\/Cueva-del-Rull-Alicante.jpg","datePublished":"2025-08-22T11:11:58+00:00","dateModified":"2025-08-27T08:57:00+00:00","description":"Explorez la Cueva del Rull et plongez dans le myst\u00e8re du monde souterrain valencien.","breadcrumb":{"@id":"https:\/\/www.ontravelholidayrentals.com\/blog\/fr\/grotte-rull-alicante\/#breadcrumb"},"inLanguage":"fr-FR","potentialAction":[{"@type":"ReadAction","target":["https:\/\/www.ontravelholidayrentals.com\/blog\/fr\/grotte-rull-alicante\/"]}]},{"@type":"ImageObject","inLanguage":"fr-FR","@id":"https:\/\/www.ontravelholidayrentals.com\/blog\/fr\/grotte-rull-alicante\/#primaryimage","url":"https:\/\/www.ontravelholidayrentals.com\/blog\/wp-content\/uploads\/2025\/08\/Cueva-del-Rull-Alicante.jpg","contentUrl":"https:\/\/www.ontravelholidayrentals.com\/blog\/wp-content\/uploads\/2025\/08\/Cueva-del-Rull-Alicante.jpg","width":2120,"height":707,"caption":"Images of the inside of various caves, located in Puerto Rico."},{"@type":"BreadcrumbList","@id":"https:\/\/www.ontravelholidayrentals.com\/blog\/fr\/grotte-rull-alicante\/#breadcrumb","itemListElement":[{"@type":"ListItem","position":1,"name":"Portada","item":"https:\/\/www.ontravelholidayrentals.com\/blog\/fr\/"},{"@type":"ListItem","position":2,"name":"Avez-vous visit\u00e9 la Cueva del Rull \u00e0 Alicante&nbsp;? Notez ces recommandations."}]},{"@type":"WebSite","@id":"https:\/\/www.ontravelholidayrentals.com\/blog\/fr\/#website","url":"https:\/\/www.ontravelholidayrentals.com\/blog\/fr\/","name":"Blog","description":"Ontravelholidayrentals","publisher":{"@id":"https:\/\/www.ontravelholidayrentals.com\/blog\/fr\/#organization"},"potentialAction":[{"@type":"SearchAction","target":{"@type":"EntryPoint","urlTemplate":"https:\/\/www.ontravelholidayrentals.com\/blog\/fr\/?s={search_term_string}"},"query-input":{"@type":"PropertyValueSpecification","valueRequired":true,"valueName":"search_term_string"}}],"inLanguage":"fr-FR"},{"@type":"Organization","@id":"https:\/\/www.ontravelholidayrentals.com\/blog\/fr\/#organization","name":"Blog","url":"https:\/\/www.ontravelholidayrentals.com\/blog\/fr\/","logo":{"@type":"ImageObject","inLanguage":"fr-FR","@id":"https:\/\/www.ontravelholidayrentals.com\/blog\/fr\/#\/schema\/logo\/image\/","url":"https:\/\/www.ontravelholidayrentals.com\/blog\/wp-content\/uploads\/2025\/02\/logo-oliva-nova.webp","contentUrl":"https:\/\/www.ontravelholidayrentals.com\/blog\/wp-content\/uploads\/2025\/02\/logo-oliva-nova.webp","width":2454,"height":875,"caption":"Blog"},"image":{"@id":"https:\/\/www.ontravelholidayrentals.com\/blog\/fr\/#\/schema\/logo\/image\/"}},{"@type":"Person","@id":"https:\/\/www.ontravelholidayrentals.com\/blog\/fr\/#\/schema\/person\/907601cb91b08af60b0fec9e629a4883","name":"Axel","image":{"@type":"ImageObject","inLanguage":"fr-FR","@id":"https:\/\/www.ontravelholidayrentals.com\/blog\/fr\/#\/schema\/person\/image\/","url":"https:\/\/secure.gravatar.com\/avatar\/3bd706736e5b70f21f05f6c2d5cad746767782a4ba4b7df399c5969e2a9318fd?s=96&d=mm&r=g","contentUrl":"https:\/\/secure.gravatar.com\/avatar\/3bd706736e5b70f21f05f6c2d5cad746767782a4ba4b7df399c5969e2a9318fd?s=96&d=mm&r=g","caption":"Axel"},"url":"https:\/\/www.ontravelholidayrentals.com\/blog\/fr\/author\/axel\/"}]}},"_links":{"self":[{"href":"https:\/\/www.ontravelholidayrentals.com\/blog\/fr\/wp-json\/wp\/v2\/posts\/1093","targetHints":{"allow":["GET"]}}],"collection":[{"href":"https:\/\/www.ontravelholidayrentals.com\/blog\/fr\/wp-json\/wp\/v2\/posts"}],"about":[{"href":"https:\/\/www.ontravelholidayrentals.com\/blog\/fr\/wp-json\/wp\/v2\/types\/post"}],"author":[{"embeddable":true,"href":"https:\/\/www.ontravelholidayrentals.com\/blog\/fr\/wp-json\/wp\/v2\/users\/4"}],"replies":[{"embeddable":true,"href":"https:\/\/www.ontravelholidayrentals.com\/blog\/fr\/wp-json\/wp\/v2\/comments?post=1093"}],"version-history":[{"count":1,"href":"https:\/\/www.ontravelholidayrentals.com\/blog\/fr\/wp-json\/wp\/v2\/posts\/1093\/revisions"}],"predecessor-version":[{"id":1094,"href":"https:\/\/www.ontravelholidayrentals.com\/blog\/fr\/wp-json\/wp\/v2\/posts\/1093\/revisions\/1094"}],"wp:featuredmedia":[{"embeddable":true,"href":"https:\/\/www.ontravelholidayrentals.com\/blog\/fr\/wp-json\/wp\/v2\/media\/1072"}],"wp:attachment":[{"href":"https:\/\/www.ontravelholidayrentals.com\/blog\/fr\/wp-json\/wp\/v2\/media?parent=1093"}],"wp:term":[{"taxonomy":"category","embeddable":true,"href":"https:\/\/www.ontravelholidayrentals.com\/blog\/fr\/wp-json\/wp\/v2\/categories?post=1093"},{"taxonomy":"post_tag","embeddable":true,"href":"https:\/\/www.ontravelholidayrentals.com\/blog\/fr\/wp-json\/wp\/v2\/tags?post=1093"}],"curies":[{"name":"wp","href":"https:\/\/api.w.org\/{rel}","templated":true}]}}