{"id":1087,"date":"2025-08-22T10:56:13","date_gmt":"2025-08-22T10:56:13","guid":{"rendered":"https:\/\/www.ontravelholidayrentals.com\/blog\/?p=1087"},"modified":"2025-08-27T08:57:31","modified_gmt":"2025-08-27T08:57:31","slug":"crique-baladrar","status":"publish","type":"post","link":"https:\/\/www.ontravelholidayrentals.com\/blog\/fr\/crique-baladrar\/","title":{"rendered":"La Cala Baladrar. Un environnement paisible, id\u00e9al pour votre prochaine escapade."},"content":{"rendered":"\t\t<div data-elementor-type=\"wp-post\" data-elementor-id=\"1087\" class=\"elementor elementor-1087 elementor-1040\" data-elementor-post-type=\"post\">\n\t\t\t\t<div class=\"elementor-element elementor-element-67276780 e-flex e-con-boxed e-con e-parent\" data-id=\"67276780\" data-element_type=\"container\" data-e-type=\"container\" data-settings=\"{&quot;background_background&quot;:&quot;classic&quot;}\">\n\t\t\t\t\t<div class=\"e-con-inner\">\n\t\t\t\t<div class=\"elementor-element elementor-element-5a0fc553 elementor-widget elementor-widget-heading\" data-id=\"5a0fc553\" data-element_type=\"widget\" data-e-type=\"widget\" data-widget_type=\"heading.default\">\n\t\t\t\t<div class=\"elementor-widget-container\">\n\t\t\t\t\t<h1 class=\"elementor-heading-title elementor-size-default\">La Cala Baladrar. Un environnement paisible, id\u00e9al pour votre prochaine escapade.<\/h1>\t\t\t\t<\/div>\n\t\t\t\t<\/div>\n\t\t\t\t\t<\/div>\n\t\t\t\t<\/div>\n\t\t<div class=\"elementor-element elementor-element-f50cd8c e-flex e-con-boxed e-con e-parent\" data-id=\"f50cd8c\" data-element_type=\"container\" data-e-type=\"container\">\n\t\t\t\t\t<div class=\"e-con-inner\">\n\t\t\t\t<div class=\"elementor-element elementor-element-30606b3b elementor-widget elementor-widget-text-editor\" data-id=\"30606b3b\" data-element_type=\"widget\" data-e-type=\"widget\" data-widget_type=\"text-editor.default\">\n\t\t\t\t<div class=\"elementor-widget-container\">\n\t\t\t\t\t\t\t\t\t<p><span style=\"font-weight: 400;\">Imaginez que votre prochaine escapade se d\u00e9roule dans<\/span><b> un lieu o\u00f9 le bleu de la M\u00e9diterran\u00e9e se fond dans la tranquillit\u00e9<\/b><span style=\"font-weight: 400;\">, o\u00f9 vous pouvez d\u00e9jeuner en plein air \u00e0 l&rsquo;ombre des pins et o\u00f9 votre plus grande pr\u00e9occupation est de vous rappeler de mettre de la cr\u00e8me solaire.<\/span> <\/p><p><span style=\"font-weight: 400;\">Eh bien, ce n&rsquo;est pas le cas. Nous avons la bonne nouvelle de vous annoncer que ce n&rsquo;est pas un r\u00eave. Oui, cela existe vraiment. C&rsquo;est la    <\/span><b>Cala Baladrar, le joyau de Benissa<\/b><span style=\"font-weight: 400;\">, que nous souhaitons vous faire d\u00e9couvrir aujourd&rsquo;hui sur On Travel. Bonne lecture ! <\/span><\/p>\t\t\t\t\t\t\t\t<\/div>\n\t\t\t\t<\/div>\n\t\t\t\t\t<\/div>\n\t\t\t\t<\/div>\n\t\t<div class=\"elementor-element elementor-element-3f349405 e-flex e-con-boxed e-con e-parent\" data-id=\"3f349405\" data-element_type=\"container\" data-e-type=\"container\">\n\t\t\t\t\t<div class=\"e-con-inner\">\n\t\t\t\t<div class=\"elementor-element elementor-element-1f0afba elementor-widget elementor-widget-table-of-contents\" data-id=\"1f0afba\" data-element_type=\"widget\" data-e-type=\"widget\" data-settings=\"{&quot;headings_by_tags&quot;:[&quot;h2&quot;,&quot;h3&quot;],&quot;exclude_headings_by_selector&quot;:[],&quot;marker_view&quot;:&quot;bullets&quot;,&quot;icon&quot;:{&quot;value&quot;:&quot;&quot;,&quot;library&quot;:&quot;&quot;},&quot;no_headings_message&quot;:&quot;No headings were found on this page.&quot;,&quot;hierarchical_view&quot;:&quot;yes&quot;,&quot;min_height&quot;:{&quot;unit&quot;:&quot;px&quot;,&quot;size&quot;:&quot;&quot;,&quot;sizes&quot;:[]},&quot;min_height_tablet&quot;:{&quot;unit&quot;:&quot;px&quot;,&quot;size&quot;:&quot;&quot;,&quot;sizes&quot;:[]},&quot;min_height_mobile&quot;:{&quot;unit&quot;:&quot;px&quot;,&quot;size&quot;:&quot;&quot;,&quot;sizes&quot;:[]}}\" data-widget_type=\"table-of-contents.default\">\n\t\t\t\t<div class=\"elementor-widget-container\">\n\t\t\t\t\t\t\t\t\t<div class=\"elementor-toc__header\">\n\t\t\t\t\t\t<div class=\"elementor-toc__header-title\">\n\t\t\t\tIndex\t\t\t<\/div>\n\t\t\t\t\t\t\t\t<\/div>\n\t\t\t\t<div id=\"elementor-toc__1f0afba\" class=\"elementor-toc__body\">\n\t\t\t<div class=\"elementor-toc__spinner-container\">\n\t\t\t\t<svg class=\"elementor-toc__spinner eicon-animation-spin e-font-icon-svg e-eicon-loading\" aria-hidden=\"true\" viewBox=\"0 0 1000 1000\" xmlns=\"http:\/\/www.w3.org\/2000\/svg\"><path d=\"M500 975V858C696 858 858 696 858 500S696 142 500 142 142 304 142 500H25C25 237 238 25 500 25S975 237 975 500 763 975 500 975Z\"><\/path><\/svg>\t\t\t<\/div>\n\t\t<\/div>\n\t\t\t\t\t\t<\/div>\n\t\t\t\t<\/div>\n\t\t\t\t\t<\/div>\n\t\t\t\t<\/div>\n\t\t<div class=\"elementor-element elementor-element-7082154b e-flex e-con-boxed e-con e-parent\" data-id=\"7082154b\" data-element_type=\"container\" data-e-type=\"container\">\n\t\t\t\t\t<div class=\"e-con-inner\">\n\t\t\t\t<div class=\"elementor-element elementor-element-4fb8d554 elementor-widget elementor-widget-heading\" data-id=\"4fb8d554\" data-element_type=\"widget\" data-e-type=\"widget\" data-widget_type=\"heading.default\">\n\t\t\t\t<div class=\"elementor-widget-container\">\n\t\t\t\t\t<h2 class=\"elementor-heading-title elementor-size-default\">Voici comment vous pouvez facilement vous rendre \u00e0 Cala Baladrar\n<\/h2>\t\t\t\t<\/div>\n\t\t\t\t<\/div>\n\t\t\t\t<div class=\"elementor-element elementor-element-2544fecc elementor-widget elementor-widget-text-editor\" data-id=\"2544fecc\" data-element_type=\"widget\" data-e-type=\"widget\" data-widget_type=\"text-editor.default\">\n\t\t\t\t<div class=\"elementor-widget-container\">\n\t\t\t\t\t\t\t\t\t<p><span style=\"font-weight: 400;\">Se rendre \u00e0 la Cala Baladrar est aussi facile que de perdre ses cl\u00e9s de voiture dans le sable, mais rassurez-vous, ici la plage est de galets. Ce paradis se trouve <\/span> <b>entre les localit\u00e9s de Calpe et Moraira<\/b><span style=\"font-weight: 400;\">, dans la province d&rsquo;Alicante, en pleine Costa Blanca.<\/span><\/p><p><span style=\"font-weight: 400;\">Si vous venez de Moraira, vous devez prendre la <\/span><b>route CV-746<\/b><span style=\"font-weight: 400;\">  en direction du sud ; si votre itin\u00e9raire commence \u00e0 Calpe, c&rsquo;est la m\u00eame chose, mais \u00e0 l&rsquo;inverse. Vous verrez des panneaux indiquant le   <\/span><b>d\u00e9viation vers la crique entre les kilom\u00e8tres 7 et 8<\/b><span style=\"font-weight: 400;\">. Ne manquez pas le panneau, sinon vous risquez de vous retrouver dans une crique diff\u00e9rente.<\/span><\/p><p><span style=\"font-weight: 400;\">Apr\u00e8s la d\u00e9viation, vous trouverez un petit <\/span><b>parking d&rsquo;une vingtaine de places<\/b><span style=\"font-weight: 400;\">. Si vous arrivez en haute saison, vous risquez d&rsquo;avoir des difficult\u00e9s \u00e0 vous garer, alors pensez \u00e0 vous lever un peu plus t\u00f4t.<\/span><\/p><p><span style=\"font-weight: 400;\">Si vous avez choisi les transports en commun, il y a un<\/span><b> arr\u00eat de bus \u00e0 proximit\u00e9<\/b><span style=\"font-weight: 400;\">, id\u00e9al si vous voulez vous passer de la voiture et profiter de la vue sans le stress du volant. Et si vous aimez marcher, le   <\/span><b>sentier \u00e9cologique de Benissa<\/b><span style=\"font-weight: 400;\"> longe toute la c\u00f4te et relie les principales criques.<\/span><\/p><p><span style=\"font-weight: 400;\">Pour acc\u00e9der \u00e0 la crique<\/span><b>, vous traverserez une zone de belv\u00e9d\u00e8re parfaite pour vos premi\u00e8res photos du paysage<\/b> <span style=\"font-weight: 400;\">puis quelques marches. Avant de descendre, vous pouvez reprendre des forces sur les bancs avec des tables sous les pins. <\/span><\/p>\t\t\t\t\t\t\t\t<\/div>\n\t\t\t\t<\/div>\n\t\t\t\t\t<\/div>\n\t\t\t\t<\/div>\n\t\t<div class=\"elementor-element elementor-element-19c39c0 e-flex e-con-boxed e-con e-parent\" data-id=\"19c39c0\" data-element_type=\"container\" data-e-type=\"container\">\n\t\t\t\t\t<div class=\"e-con-inner\">\n\t\t\t\t<div class=\"elementor-element elementor-element-23d3f69 elementor-widget elementor-widget-google_maps\" data-id=\"23d3f69\" data-element_type=\"widget\" data-e-type=\"widget\" data-widget_type=\"google_maps.default\">\n\t\t\t\t<div class=\"elementor-widget-container\">\n\t\t\t\t\t\t\t<div class=\"elementor-custom-embed\">\n\t\t\t<iframe loading=\"lazy\"\n\t\t\t\t\tsrc=\"https:\/\/maps.google.com\/maps?q=Cala%20Baladrar%20&#038;t=m&#038;z=15&#038;output=embed&#038;iwloc=near\"\n\t\t\t\t\ttitle=\"Cala Baladrar \"\n\t\t\t\t\taria-label=\"Cala Baladrar \"\n\t\t\t><\/iframe>\n\t\t<\/div>\n\t\t\t\t\t\t<\/div>\n\t\t\t\t<\/div>\n\t\t\t\t\t<\/div>\n\t\t\t\t<\/div>\n\t\t<div class=\"elementor-element elementor-element-6765eb8c e-flex e-con-boxed e-con e-parent\" data-id=\"6765eb8c\" data-element_type=\"container\" data-e-type=\"container\">\n\t\t\t\t\t<div class=\"e-con-inner\">\n\t\t\t\t<div class=\"elementor-element elementor-element-62f12f93 elementor-widget elementor-widget-heading\" data-id=\"62f12f93\" data-element_type=\"widget\" data-e-type=\"widget\" data-widget_type=\"heading.default\">\n\t\t\t\t<div class=\"elementor-widget-container\">\n\t\t\t\t\t<h2 class=\"elementor-heading-title elementor-size-default\">Quels sont les services disponibles dans la crique ?\n<\/h2>\t\t\t\t<\/div>\n\t\t\t\t<\/div>\n\t\t\t\t<div class=\"elementor-element elementor-element-11d30072 elementor-widget elementor-widget-text-editor\" data-id=\"11d30072\" data-element_type=\"widget\" data-e-type=\"widget\" data-widget_type=\"text-editor.default\">\n\t\t\t\t<div class=\"elementor-widget-container\">\n\t\t\t\t\t\t\t\t\t<p><span style=\"font-weight: 400;\">La Cala Baladrar offre<\/span><b> l&rsquo;\u00e9quilibre parfait entre le naturel et le confortable<\/b><span style=\"font-weight: 400;\">  de sorte que m\u00eame le plus citadin ne regrette pas la civilisation. Vous aurez le n\u00e9cessaire pour passer une journ\u00e9e heureuse et insouciante, mais sans les foules d&rsquo;autres zones de plage. <\/span><\/p><p><span style=\"font-weight: 400;\">Parmi les services offerts par la crique, vous trouverez un <\/span><b>parking<\/b><span style=\"font-weight: 400;\">  qui, bien qu&rsquo;il soit petit, est tr\u00e8s utile si vous arrivez t\u00f4t. Il dispose \u00e9galement d&rsquo;une   <\/span><b>zone de toilettes publiques<\/b><span style=\"font-weight: 400;\">, et vous disposerez de <\/span><b>poubelles et de bancs<\/b><span style=\"font-weight: 400;\">, car la M\u00e9diterran\u00e9e est importante, mais vos fessiers aussi.<\/span> <\/p><p><span style=\"font-weight: 400;\">Vous disposez \u00e9galement d&rsquo;<\/span><b>aires de pique-nique \u00e0 l&rsquo;ombre<\/b><span style=\"font-weight: 400;\">, id\u00e9ales pour manger votre gamelle \u00e0 l&rsquo;abri du soleil. Mais si vous n&rsquo;avez pas eu le temps de pr\u00e9parer votre repas, vous pouvez \u00e9galement profiter du   <\/span><b>chiringuito Olal\u00e1<\/b><span style=\"font-weight: 400;\">.<\/span> <\/p>\t\t\t\t\t\t\t\t<\/div>\n\t\t\t\t<\/div>\n\t\t\t\t<div class=\"elementor-element elementor-element-5d2fa44 elementor-widget elementor-widget-image\" data-id=\"5d2fa44\" data-element_type=\"widget\" data-e-type=\"widget\" data-widget_type=\"image.default\">\n\t\t\t\t<div class=\"elementor-widget-container\">\n\t\t\t\t\t\t\t\t\t\t\t\t\t\t\t<img fetchpriority=\"high\" decoding=\"async\" width=\"1333\" height=\"666\" src=\"https:\/\/www.ontravelholidayrentals.com\/blog\/wp-content\/uploads\/2025\/08\/Cala-Baladrar-servicios.jpg\" class=\"attachment-full size-full wp-image-1048\" alt=\"Cala-Baladrar-servicios.jpg\" srcset=\"https:\/\/www.ontravelholidayrentals.com\/blog\/wp-content\/uploads\/2025\/08\/Cala-Baladrar-servicios.jpg 1333w, https:\/\/www.ontravelholidayrentals.com\/blog\/wp-content\/uploads\/2025\/08\/Cala-Baladrar-servicios-300x150.jpg 300w, https:\/\/www.ontravelholidayrentals.com\/blog\/wp-content\/uploads\/2025\/08\/Cala-Baladrar-servicios-1024x512.jpg 1024w, https:\/\/www.ontravelholidayrentals.com\/blog\/wp-content\/uploads\/2025\/08\/Cala-Baladrar-servicios-768x384.jpg 768w\" sizes=\"(max-width: 1333px) 100vw, 1333px\" \/>\t\t\t\t\t\t\t\t\t\t\t\t\t\t\t<\/div>\n\t\t\t\t<\/div>\n\t\t\t\t\t<\/div>\n\t\t\t\t<\/div>\n\t\t<div class=\"elementor-element elementor-element-a7719c5 e-flex e-con-boxed e-con e-parent\" data-id=\"a7719c5\" data-element_type=\"container\" data-e-type=\"container\">\n\t\t\t\t\t<div class=\"e-con-inner\">\n\t\t\t\t<div class=\"elementor-element elementor-element-4ff92bd elementor-widget elementor-widget-heading\" data-id=\"4ff92bd\" data-element_type=\"widget\" data-e-type=\"widget\" data-widget_type=\"heading.default\">\n\t\t\t\t<div class=\"elementor-widget-container\">\n\t\t\t\t\t<h2 class=\"elementor-heading-title elementor-size-default\">Quel est l'ambiance et le type de visiteur id\u00e9al pour cette crique ?\n<\/h2>\t\t\t\t<\/div>\n\t\t\t\t<\/div>\n\t\t\t\t<div class=\"elementor-element elementor-element-7d81112 elementor-widget elementor-widget-text-editor\" data-id=\"7d81112\" data-element_type=\"widget\" data-e-type=\"widget\" data-widget_type=\"text-editor.default\">\n\t\t\t\t<div class=\"elementor-widget-container\">\n\t\t\t\t\t\t\t\t\t<p><span style=\"font-weight: 400;\">L&rsquo;ambiance de la crique est surtout paisible. Vous ne trouverez pas ici de f\u00eates folles ni d&rsquo;animation h\u00f4teli\u00e8re, mais plut\u00f4t une   <\/span><b>ambiance familiale o\u00f9 se r\u00e9unissent les personnes en qu\u00eate de tranquillit\u00e9<\/b><span style=\"font-weight: 400;\">. Le matin, le calme est total, id\u00e9al pour ceux qui cherchent \u00e0 se d\u00e9connecter. Au fil de la journ\u00e9e, l&rsquo;ambiance s&rsquo;anime un peu, mais sans perdre cette s\u00e9r\u00e9nit\u00e9 de plage si difficile \u00e0 trouver. <\/span><\/p><p><span style=\"font-weight: 400;\">Pour les plus actifs, Baladrar est le <\/span><b>paradis du snorkeling et de la plong\u00e9e<\/b><span style=\"font-weight: 400;\">, gr\u00e2ce \u00e0 la clart\u00e9 de l&rsquo;eau et aux fonds marins pleins de vie avec des poissons color\u00e9s, des prairies de posidonie et, avec de la chance, quelques \u00e9toiles de mer. Bien s\u00fbr, ayez vos chaussures d&rsquo;eau \u00e0 port\u00e9e de main, car les pierres offrent des massages gratuits, mais ne pardonnent pas les oublis. <\/span><\/p><p><span style=\"font-weight: 400;\">Des projets pour les plus f\u00eatards ? Le   <\/span><b>chiringuito Olal\u00e0 propose des concerts de musique en direct<\/b><span style=\"font-weight: 400;\"> du lundi au samedi pendant tout l&rsquo;\u00e9t\u00e9, il y a donc une ambiance douce et de bonnes vibrations pour tous les publics.<\/span><\/p>\t\t\t\t\t\t\t\t<\/div>\n\t\t\t\t<\/div>\n\t\t\t\t\t<\/div>\n\t\t\t\t<\/div>\n\t\t<div class=\"elementor-element elementor-element-af63d12 e-flex e-con-boxed e-con e-parent\" data-id=\"af63d12\" data-element_type=\"container\" data-e-type=\"container\">\n\t\t\t\t\t<div class=\"e-con-inner\">\n\t\t\t\t<div class=\"elementor-element elementor-element-f2d8ec3 elementor-widget elementor-widget-heading\" data-id=\"f2d8ec3\" data-element_type=\"widget\" data-e-type=\"widget\" data-widget_type=\"heading.default\">\n\t\t\t\t<div class=\"elementor-widget-container\">\n\t\t\t\t\t<h2 class=\"elementor-heading-title elementor-size-default\">Le chiringuito : voici ses horaires et ce qu'il propose\n<\/h2>\t\t\t\t<\/div>\n\t\t\t\t<\/div>\n\t\t\t\t<div class=\"elementor-element elementor-element-ba9f65c elementor-widget elementor-widget-text-editor\" data-id=\"ba9f65c\" data-element_type=\"widget\" data-e-type=\"widget\" data-widget_type=\"text-editor.default\">\n\t\t\t\t<div class=\"elementor-widget-container\">\n\t\t\t\t\t\t\t\t\t<p><b>L&rsquo;Olal\u00e0 Beach Bar est le c\u0153ur social de la Cala Baladrar  <\/b><span style=\"font-weight: 400;\">et l&rsquo;un des chiringuitos les plus branch\u00e9s de toute la Costa Blanca. Il n&rsquo;est pas au bord de l&rsquo;eau, mais un peu en hauteur sur une falaise, ce qui lui offre une vue imprenable sur la M\u00e9diterran\u00e9e et sur le mythique Pe\u00f1\u00f3n de Ifach. <\/span><\/p><p><span style=\"font-weight: 400;\">Les <\/span><b>horaires d&rsquo;\u00e9t\u00e9 sont de 9h00 \u00e0 24h00<\/b><span style=\"font-weight: 400;\">, tous les jours. Parfait pour prendre un petit-d\u00e9jeuner en regardant la mer ou pour terminer avec un verre et de la musique en direct sous les \u00e9toiles.  <\/span><b>En hiver, les horaires changent, ils sont de 11h00 \u00e0 18h00<\/b><span style=\"font-weight: 400;\">, parfait pour un vermouth ou un ap\u00e9ritif entre deux promenades. Et il est   <\/span><b>ouvert du 7 avril au 1er novembre<\/b><span style=\"font-weight: 400;\">.<\/span><\/p><p><span style=\"font-weight: 400;\">La carte d&rsquo;Olal\u00e0 propose une <\/span><b>cuisine m\u00e9diterran\u00e9enne<\/b><span style=\"font-weight: 400;\">  avec des tapas, des paellas, des poissons, des salades et des plats de riz. Il propose \u00e9galement des options v\u00e9g\u00e9tariennes. Parmi les plats que nous vous recommandons, il y a les bravas et les moules.  <\/span><\/p><p><span style=\"font-weight: 400;\">N&rsquo;oubliez pas d&rsquo;assister \u00e0 l&rsquo;un des<\/span><b> concerts avec de la musique en direct<\/b><span style=\"font-weight: 400;\">, qui font du chiringuito un endroit id\u00e9al pour regarder le coucher de soleil, tout en profitant de la nourriture, d&rsquo;un cocktail et de la musique.<\/span><\/p>\t\t\t\t\t\t\t\t<\/div>\n\t\t\t\t<\/div>\n\t\t\t\t<div class=\"elementor-element elementor-element-2cf400e elementor-widget elementor-widget-image\" data-id=\"2cf400e\" data-element_type=\"widget\" data-e-type=\"widget\" data-widget_type=\"image.default\">\n\t\t\t\t<div class=\"elementor-widget-container\">\n\t\t\t\t\t\t\t\t\t\t\t\t\t\t\t<img decoding=\"async\" src=\"https:\/\/www.ontravelholidayrentals.com\/blog\/wp-content\/uploads\/elementor\/thumbs\/Cala-Baladrar-chiringuito-ramo6of3s2x5nf928yr6ymu9yxgwglmlv5uni008kw.webp\" title=\"Cala-Baladrar-chiringuito\" alt=\"Cala-Baladrar-chiringuito.webp\" loading=\"lazy\" \/>\t\t\t\t\t\t\t\t\t\t\t\t\t\t\t<\/div>\n\t\t\t\t<\/div>\n\t\t\t\t\t<\/div>\n\t\t\t\t<\/div>\n\t\t<div class=\"elementor-element elementor-element-c2b9e96 e-flex e-con-boxed e-con e-parent\" data-id=\"c2b9e96\" data-element_type=\"container\" data-e-type=\"container\">\n\t\t\t\t\t<div class=\"e-con-inner\">\n\t\t\t\t<div class=\"elementor-element elementor-element-008ac01 elementor-widget elementor-widget-heading\" data-id=\"008ac01\" data-element_type=\"widget\" data-e-type=\"widget\" data-widget_type=\"heading.default\">\n\t\t\t\t<div class=\"elementor-widget-container\">\n\t\t\t\t\t<h2 class=\"elementor-heading-title elementor-size-default\">Notez ces conseils pour en profiter au maximum\n<\/h2>\t\t\t\t<\/div>\n\t\t\t\t<\/div>\n\t\t\t\t<div class=\"elementor-element elementor-element-a45092c elementor-widget elementor-widget-text-editor\" data-id=\"a45092c\" data-element_type=\"widget\" data-e-type=\"widget\" data-widget_type=\"text-editor.default\">\n\t\t\t\t<div class=\"elementor-widget-container\">\n\t\t\t\t\t\t\t\t\t<p><span style=\"font-weight: 400;\">Pour que votre journ\u00e9e soit parfaite, nous vous recommandons d&rsquo;<\/span><b>arriver t\u00f4t<\/b><span style=\"font-weight: 400;\">, car le parking est limit\u00e9. Vous devez \u00e9galement vous rappeler d&#8217;emporter des <\/span> <b> chaussures appropri\u00e9es<\/b><span style=\"font-weight: 400;\">, car les pierres peuvent \u00eatre tra\u00eetres si vous n&rsquo;\u00eates pas attentif.<\/span><\/p><p><span style=\"font-weight: 400;\">N&rsquo;oubliez pas non plus d&#8217;emporter un <\/span><b>parasol et une chaise<\/b><span style=\"font-weight: 400;\">, si vous ne voulez pas que les pierres vous donnent un massage d\u00e9sagr\u00e9able sur tout le corps. Et si vous \u00eates un peu plus aventureux, n&rsquo;oubliez pas les   <\/span><b>lunettes de plong\u00e9e<\/b><span style=\"font-weight: 400;\">.<\/span><\/p><p><span style=\"font-weight: 400;\">Et si apr\u00e8s la journ\u00e9e \u00e0 la plage, il vous reste de l&rsquo;\u00e9nergie,<\/span><b> explorez le sentier \u00e9cologique<\/b><span style=\"font-weight: 400;\"> qui longe plusieurs criques, belv\u00e9d\u00e8res et aires de pique-nique.<\/span><\/p>\t\t\t\t\t\t\t\t<\/div>\n\t\t\t\t<\/div>\n\t\t\t\t\t<\/div>\n\t\t\t\t<\/div>\n\t\t<div class=\"elementor-element elementor-element-219d101 e-flex e-con-boxed e-con e-parent\" data-id=\"219d101\" data-element_type=\"container\" data-e-type=\"container\">\n\t\t\t\t\t<div class=\"e-con-inner\">\n\t\t\t\t<div class=\"elementor-element elementor-element-2189291 elementor-widget elementor-widget-heading\" data-id=\"2189291\" data-element_type=\"widget\" data-e-type=\"widget\" data-widget_type=\"heading.default\">\n\t\t\t\t<div class=\"elementor-widget-container\">\n\t\t\t\t\t<h2 class=\"elementor-heading-title elementor-size-default\">Pourquoi devriez-vous visiter la Cala Baladrar ? Ne la manquez pas ! \n<\/h2>\t\t\t\t<\/div>\n\t\t\t\t<\/div>\n\t\t\t\t<div class=\"elementor-element elementor-element-a054e74 elementor-widget elementor-widget-text-editor\" data-id=\"a054e74\" data-element_type=\"widget\" data-e-type=\"widget\" data-widget_type=\"text-editor.default\">\n\t\t\t\t<div class=\"elementor-widget-container\">\n\t\t\t\t\t\t\t\t\t<p><span style=\"font-weight: 400;\">La Cala Baladrar n&rsquo;est pas seulement une plage, c&rsquo;est un microcosme o\u00f9 cohabitent la tranquillit\u00e9, la nature, la bonne cuisine et la M\u00e9diterran\u00e9e. C&rsquo;est l&rsquo;  <\/span><b>escapade id\u00e9ale<\/b><span style=\"font-weight: 400;\"> aussi bien pour ceux qui cherchent \u00e0 se d\u00e9connecter que pour ceux qui veulent faire du snorkeling, admirer la vue ou profiter de la musique en direct.<\/span> <\/p><p><span style=\"font-weight: 400;\">Alors vous savez, si vous voulez vivre l&rsquo;<\/span><b>exp\u00e9rience m\u00e9diterran\u00e9enne sans stress<\/b><span style=\"font-weight: 400;\">, entour\u00e9 de beaut\u00e9 naturelle, d&rsquo;une ambiance agr\u00e9able et avec la possibilit\u00e9 de manger une paella en regardant le Pe\u00f1\u00f3n, notez la Cala Baladrar lors de votre prochaine escapade. Et n&rsquo;oubliez pas que vous pouvez nous contacter pour r\u00e9server des appartements \u00e0 Oliva, Moraira, J\u00e1vea, Benissa ou D\u00e9nia. <\/span><\/p>\t\t\t\t\t\t\t\t<\/div>\n\t\t\t\t<\/div>\n\t\t\t\t\t<\/div>\n\t\t\t\t<\/div>\n\t\t<div class=\"elementor-element elementor-element-6ae6297d e-flex e-con-boxed e-con e-parent\" data-id=\"6ae6297d\" data-element_type=\"container\" data-e-type=\"container\">\n\t\t\t\t\t<div class=\"e-con-inner\">\n\t\t\t\t<div class=\"elementor-element elementor-element-294c7838 elementor-widget elementor-widget-grid\" data-id=\"294c7838\" data-element_type=\"widget\" data-e-type=\"widget\" data-widget_type=\"grid.default\">\n\t\t\t\t<div class=\"elementor-widget-container\">\n\t\t\t\t\t\t\t<div class=\"its--row alojamientos-recomendados\">\n\n\t\t\t<div class=\"alojamientos-recomendados-container\">\n\n\t\t\t\t\t\n\t\t\t\t\t<a href=\"https:\/\/www.ontravelholidayrentals.com\/fr\/location\/villa-oliva-villa-vermeer-51-460858.html\" rel=\"nofollow\" style=\"width: 23%;\">\n\t\t\t\t\t\t<div class=\"apartamento-box\">\n\t\t\t\t\t\t\t<div class=\"imagen_recomendados\">\n\t\t\t\t\t\t\t\t<img decoding=\"async\" src=\"https:\/\/crs.avantio.com\/fotos\/2\/1703084140d3f439d9b3375a13b4f0e50afb895aaa\/big1703332585741831091dd4ad756385090fb49199ea.jpg\" alt=\"Villa Colibri by ON Travel\">\n\t\t\t\t\t\t\t<\/div>\n\t\t\t\t\t\t\t<div class=\"info\">\n\t\t\t\t\t\t\t\t<div class=\"ubicacion\">\n\t\t\t\t\t\t\t\t\t<i class=\"fa-solid fa-location-dot icono-mapa\"><\/i><span class=\"ubicacion-texto\">Oliva - Dpt. Valencia<\/span>\n\t\t\t\t\t\t\t\t<\/div>\n\t\t\t\t\t\t\t\t<H3 class=\"titulo-alojamiento\">\n\t\t\t\t\t\t\t\t\tVilla Colibri by ON Travel\t\t\t\t\t\t\t\t<\/H3>\n\t\t\t\t\t\t\t\t<p class=\"precio-alojamiento\">\u00c0 partir de <span class=\"precio\">328.00\u20ac<\/span> par nuit<\/p>\n\t\t\t\t\t\t\t<\/div>\n\t\t\t\t\t\t<\/div>\n\t\t\t\t\t<\/a> \n\t\t\t\t\t\t\n\t\t\t\t\t<a href=\"https:\/\/www.ontravelholidayrentals.com\/fr\/location\/villa-oliva-villa-vermeer-21-461268.html\" rel=\"nofollow\" style=\"width: 23%;\">\n\t\t\t\t\t\t<div class=\"apartamento-box\">\n\t\t\t\t\t\t\t<div class=\"imagen_recomendados\">\n\t\t\t\t\t\t\t\t<img decoding=\"async\" src=\"https:\/\/crs.avantio.com\/fotos\/2\/1703335589811fbc048cd27ef2e70871e03571a65f\/big17033356189dc73706c960d3ef8712f0c901543b8b.jpg\" alt=\"Villa Solana  by ON Travel\">\n\t\t\t\t\t\t\t<\/div>\n\t\t\t\t\t\t\t<div class=\"info\">\n\t\t\t\t\t\t\t\t<div class=\"ubicacion\">\n\t\t\t\t\t\t\t\t\t<i class=\"fa-solid fa-location-dot icono-mapa\"><\/i><span class=\"ubicacion-texto\">Oliva - Dpt. Valencia<\/span>\n\t\t\t\t\t\t\t\t<\/div>\n\t\t\t\t\t\t\t\t<H3 class=\"titulo-alojamiento\">\n\t\t\t\t\t\t\t\t\tVilla Solana  by ON Travel\t\t\t\t\t\t\t\t<\/H3>\n\t\t\t\t\t\t\t\t<p class=\"precio-alojamiento\">\u00c0 partir de <span class=\"precio\">217.00\u20ac<\/span> par nuit<\/p>\n\t\t\t\t\t\t\t<\/div>\n\t\t\t\t\t\t<\/div>\n\t\t\t\t\t<\/a> \n\t\t\t\t\t\t\n\t\t\t\t\t<a href=\"https:\/\/www.ontravelholidayrentals.com\/fr\/location\/villa-oliva-villa-vermeer-25-461292.html\" rel=\"nofollow\" style=\"width: 23%;\">\n\t\t\t\t\t\t<div class=\"apartamento-box\">\n\t\t\t\t\t\t\t<div class=\"imagen_recomendados\">\n\t\t\t\t\t\t\t\t<img decoding=\"async\" src=\"https:\/\/crs.avantio.com\/fotos\/2\/1705335735591b101a10adf0c9165b293b19af3489\/big1705335762de9703dc1854540c9777fd4932b0499a.jpg\" alt=\"Greenside oasis villa by ON Travel\">\n\t\t\t\t\t\t\t<\/div>\n\t\t\t\t\t\t\t<div class=\"info\">\n\t\t\t\t\t\t\t\t<div class=\"ubicacion\">\n\t\t\t\t\t\t\t\t\t<i class=\"fa-solid fa-location-dot icono-mapa\"><\/i><span class=\"ubicacion-texto\">Oliva - Dpt. Valencia<\/span>\n\t\t\t\t\t\t\t\t<\/div>\n\t\t\t\t\t\t\t\t<H3 class=\"titulo-alojamiento\">\n\t\t\t\t\t\t\t\t\tGreenside oasis villa by ON Travel\t\t\t\t\t\t\t\t<\/H3>\n\t\t\t\t\t\t\t\t<p class=\"precio-alojamiento\">\u00c0 partir de <span class=\"precio\">328.00\u20ac<\/span> par nuit<\/p>\n\t\t\t\t\t\t\t<\/div>\n\t\t\t\t\t\t<\/div>\n\t\t\t\t\t<\/a> \n\t\t\t\t\t\t\n\t\t\t\t\t<a href=\"https:\/\/www.ontravelholidayrentals.com\/fr\/location\/villa-oliva-villa-vermeer-43-461293.html\" rel=\"nofollow\" style=\"width: 23%;\">\n\t\t\t\t\t\t<div class=\"apartamento-box\">\n\t\t\t\t\t\t\t<div class=\"imagen_recomendados\">\n\t\t\t\t\t\t\t\t<img decoding=\"async\" src=\"https:\/\/crs.avantio.com\/fotos\/2\/17054241108ffb3352fb1b6efd3c6e1c3097debf40\/big170542451565ad5f2b0843b6346526f00ede7b3ef7.jpg\" alt=\"Villa Cisne by ON Travel\">\n\t\t\t\t\t\t\t<\/div>\n\t\t\t\t\t\t\t<div class=\"info\">\n\t\t\t\t\t\t\t\t<div class=\"ubicacion\">\n\t\t\t\t\t\t\t\t\t<i class=\"fa-solid fa-location-dot icono-mapa\"><\/i><span class=\"ubicacion-texto\">Oliva - Dpt. Valencia<\/span>\n\t\t\t\t\t\t\t\t<\/div>\n\t\t\t\t\t\t\t\t<H3 class=\"titulo-alojamiento\">\n\t\t\t\t\t\t\t\t\tVilla Cisne by ON Travel\t\t\t\t\t\t\t\t<\/H3>\n\t\t\t\t\t\t\t\t<p class=\"precio-alojamiento\">\u00c0 partir de <span class=\"precio\">205.00\u20ac<\/span> par nuit<\/p>\n\t\t\t\t\t\t\t<\/div>\n\t\t\t\t\t\t<\/div>\n\t\t\t\t\t<\/a> \n\t\t\t\t\t\t\t\t<\/div>\n\t\t\t<\/div>\n\t\t\t\t\t\t<\/div>\n\t\t\t\t<\/div>\n\t\t\t\t\t<\/div>\n\t\t\t\t<\/div>\n\t\t\t\t<\/div>\n\t\t","protected":false},"excerpt":{"rendered":"<p>Imaginez que votre prochaine escapade se d\u00e9roule dans un lieu o\u00f9 le bleu de la M\u00e9diterran\u00e9e se fond dans la tranquillit\u00e9, o\u00f9 vous pouvez d\u00e9jeuner en plein air \u00e0 l&rsquo;ombre des pins et o\u00f9 votre plus grande pr\u00e9occupation est de vous rappeler de mettre de la cr\u00e8me solaire. Eh bien, ce n&rsquo;est pas le cas. [&hellip;]<\/p>\n","protected":false},"author":4,"featured_media":1056,"comment_status":"open","ping_status":"open","sticky":false,"template":"elementor_header_footer","format":"standard","meta":{"footnotes":""},"categories":[33],"tags":[],"class_list":["post-1087","post","type-post","status-publish","format-standard","has-post-thumbnail","hentry","category-benissa-fr"],"yoast_head":"<!-- This site is optimized with the Yoast SEO plugin v25.2 - https:\/\/yoast.com\/wordpress\/plugins\/seo\/ -->\n<title>La Cala Baladrar. Un environnement paisible, id\u00e9al pour votre prochaine escapade. - Blog<\/title>\n<meta name=\"robots\" content=\"index, follow, max-snippet:-1, max-image-preview:large, max-video-preview:-1\" \/>\n<link rel=\"canonical\" href=\"https:\/\/www.ontravelholidayrentals.com\/blog\/fr\/crique-baladrar\/\" \/>\n<meta property=\"og:locale\" content=\"fr_FR\" \/>\n<meta property=\"og:type\" content=\"article\" \/>\n<meta property=\"og:title\" content=\"La Cala Baladrar. Un environnement paisible, id\u00e9al pour votre prochaine escapade. - Blog\" \/>\n<meta property=\"og:description\" content=\"Imaginez que votre prochaine escapade se d\u00e9roule dans un lieu o\u00f9 le bleu de la M\u00e9diterran\u00e9e se fond dans la tranquillit\u00e9, o\u00f9 vous pouvez d\u00e9jeuner en plein air \u00e0 l&rsquo;ombre des pins et o\u00f9 votre plus grande pr\u00e9occupation est de vous rappeler de mettre de la cr\u00e8me solaire. Eh bien, ce n&rsquo;est pas le cas. [&hellip;]\" \/>\n<meta property=\"og:url\" content=\"https:\/\/www.ontravelholidayrentals.com\/blog\/fr\/crique-baladrar\/\" \/>\n<meta property=\"og:site_name\" content=\"Blog\" \/>\n<meta property=\"article:published_time\" content=\"2025-08-22T10:56:13+00:00\" \/>\n<meta property=\"article:modified_time\" content=\"2025-08-27T08:57:31+00:00\" \/>\n<meta property=\"og:image\" content=\"https:\/\/www.ontravelholidayrentals.com\/blog\/wp-content\/uploads\/2025\/08\/Cala-Baladrar-visitar.jpg\" \/>\n\t<meta property=\"og:image:width\" content=\"1304\" \/>\n\t<meta property=\"og:image:height\" content=\"652\" \/>\n\t<meta property=\"og:image:type\" content=\"image\/jpeg\" \/>\n<meta name=\"author\" content=\"Axel\" \/>\n<meta name=\"twitter:card\" content=\"summary_large_image\" \/>\n<meta name=\"twitter:label1\" content=\"\u00c9crit par\" \/>\n\t<meta name=\"twitter:data1\" content=\"Axel\" \/>\n\t<meta name=\"twitter:label2\" content=\"Dur\u00e9e de lecture estim\u00e9e\" \/>\n\t<meta name=\"twitter:data2\" content=\"6 minutes\" \/>\n<script type=\"application\/ld+json\" class=\"yoast-schema-graph\">{\"@context\":\"https:\/\/schema.org\",\"@graph\":[{\"@type\":\"Article\",\"@id\":\"https:\/\/www.ontravelholidayrentals.com\/blog\/fr\/crique-baladrar\/#article\",\"isPartOf\":{\"@id\":\"https:\/\/www.ontravelholidayrentals.com\/blog\/fr\/crique-baladrar\/\"},\"author\":{\"name\":\"Axel\",\"@id\":\"https:\/\/www.ontravelholidayrentals.com\/blog\/fr\/#\/schema\/person\/907601cb91b08af60b0fec9e629a4883\"},\"headline\":\"La Cala Baladrar. Un environnement paisible, id\u00e9al pour votre prochaine escapade.\",\"datePublished\":\"2025-08-22T10:56:13+00:00\",\"dateModified\":\"2025-08-27T08:57:31+00:00\",\"mainEntityOfPage\":{\"@id\":\"https:\/\/www.ontravelholidayrentals.com\/blog\/fr\/crique-baladrar\/\"},\"wordCount\":1269,\"commentCount\":0,\"publisher\":{\"@id\":\"https:\/\/www.ontravelholidayrentals.com\/blog\/fr\/#organization\"},\"image\":{\"@id\":\"https:\/\/www.ontravelholidayrentals.com\/blog\/fr\/crique-baladrar\/#primaryimage\"},\"thumbnailUrl\":\"https:\/\/www.ontravelholidayrentals.com\/blog\/wp-content\/uploads\/2025\/08\/Cala-Baladrar-visitar.jpg\",\"articleSection\":[\"Benissa\"],\"inLanguage\":\"fr-FR\",\"potentialAction\":[{\"@type\":\"CommentAction\",\"name\":\"Comment\",\"target\":[\"https:\/\/www.ontravelholidayrentals.com\/blog\/fr\/crique-baladrar\/#respond\"]}]},{\"@type\":\"WebPage\",\"@id\":\"https:\/\/www.ontravelholidayrentals.com\/blog\/fr\/crique-baladrar\/\",\"url\":\"https:\/\/www.ontravelholidayrentals.com\/blog\/fr\/crique-baladrar\/\",\"name\":\"La Cala Baladrar. Un environnement paisible, id\u00e9al pour votre prochaine escapade. - Blog\",\"isPartOf\":{\"@id\":\"https:\/\/www.ontravelholidayrentals.com\/blog\/fr\/#website\"},\"primaryImageOfPage\":{\"@id\":\"https:\/\/www.ontravelholidayrentals.com\/blog\/fr\/crique-baladrar\/#primaryimage\"},\"image\":{\"@id\":\"https:\/\/www.ontravelholidayrentals.com\/blog\/fr\/crique-baladrar\/#primaryimage\"},\"thumbnailUrl\":\"https:\/\/www.ontravelholidayrentals.com\/blog\/wp-content\/uploads\/2025\/08\/Cala-Baladrar-visitar.jpg\",\"datePublished\":\"2025-08-22T10:56:13+00:00\",\"dateModified\":\"2025-08-27T08:57:31+00:00\",\"breadcrumb\":{\"@id\":\"https:\/\/www.ontravelholidayrentals.com\/blog\/fr\/crique-baladrar\/#breadcrumb\"},\"inLanguage\":\"fr-FR\",\"potentialAction\":[{\"@type\":\"ReadAction\",\"target\":[\"https:\/\/www.ontravelholidayrentals.com\/blog\/fr\/crique-baladrar\/\"]}]},{\"@type\":\"ImageObject\",\"inLanguage\":\"fr-FR\",\"@id\":\"https:\/\/www.ontravelholidayrentals.com\/blog\/fr\/crique-baladrar\/#primaryimage\",\"url\":\"https:\/\/www.ontravelholidayrentals.com\/blog\/wp-content\/uploads\/2025\/08\/Cala-Baladrar-visitar.jpg\",\"contentUrl\":\"https:\/\/www.ontravelholidayrentals.com\/blog\/wp-content\/uploads\/2025\/08\/Cala-Baladrar-visitar.jpg\",\"width\":1304,\"height\":652,\"caption\":\"Cala Baladrar empty pebble stone beach and Mediterranean Sea. Distant view to Calpe Penon de Ifach rock. Province of Alicante, Benissa, Costa Blanca, Spain\"},{\"@type\":\"BreadcrumbList\",\"@id\":\"https:\/\/www.ontravelholidayrentals.com\/blog\/fr\/crique-baladrar\/#breadcrumb\",\"itemListElement\":[{\"@type\":\"ListItem\",\"position\":1,\"name\":\"Portada\",\"item\":\"https:\/\/www.ontravelholidayrentals.com\/blog\/fr\/\"},{\"@type\":\"ListItem\",\"position\":2,\"name\":\"La Cala Baladrar. Un environnement paisible, id\u00e9al pour votre prochaine escapade.\"}]},{\"@type\":\"WebSite\",\"@id\":\"https:\/\/www.ontravelholidayrentals.com\/blog\/fr\/#website\",\"url\":\"https:\/\/www.ontravelholidayrentals.com\/blog\/fr\/\",\"name\":\"Blog\",\"description\":\"Ontravelholidayrentals\",\"publisher\":{\"@id\":\"https:\/\/www.ontravelholidayrentals.com\/blog\/fr\/#organization\"},\"potentialAction\":[{\"@type\":\"SearchAction\",\"target\":{\"@type\":\"EntryPoint\",\"urlTemplate\":\"https:\/\/www.ontravelholidayrentals.com\/blog\/fr\/?s={search_term_string}\"},\"query-input\":{\"@type\":\"PropertyValueSpecification\",\"valueRequired\":true,\"valueName\":\"search_term_string\"}}],\"inLanguage\":\"fr-FR\"},{\"@type\":\"Organization\",\"@id\":\"https:\/\/www.ontravelholidayrentals.com\/blog\/fr\/#organization\",\"name\":\"Blog\",\"url\":\"https:\/\/www.ontravelholidayrentals.com\/blog\/fr\/\",\"logo\":{\"@type\":\"ImageObject\",\"inLanguage\":\"fr-FR\",\"@id\":\"https:\/\/www.ontravelholidayrentals.com\/blog\/fr\/#\/schema\/logo\/image\/\",\"url\":\"https:\/\/www.ontravelholidayrentals.com\/blog\/wp-content\/uploads\/2025\/02\/logo-oliva-nova.webp\",\"contentUrl\":\"https:\/\/www.ontravelholidayrentals.com\/blog\/wp-content\/uploads\/2025\/02\/logo-oliva-nova.webp\",\"width\":2454,\"height\":875,\"caption\":\"Blog\"},\"image\":{\"@id\":\"https:\/\/www.ontravelholidayrentals.com\/blog\/fr\/#\/schema\/logo\/image\/\"}},{\"@type\":\"Person\",\"@id\":\"https:\/\/www.ontravelholidayrentals.com\/blog\/fr\/#\/schema\/person\/907601cb91b08af60b0fec9e629a4883\",\"name\":\"Axel\",\"image\":{\"@type\":\"ImageObject\",\"inLanguage\":\"fr-FR\",\"@id\":\"https:\/\/www.ontravelholidayrentals.com\/blog\/fr\/#\/schema\/person\/image\/\",\"url\":\"https:\/\/secure.gravatar.com\/avatar\/3bd706736e5b70f21f05f6c2d5cad746767782a4ba4b7df399c5969e2a9318fd?s=96&d=mm&r=g\",\"contentUrl\":\"https:\/\/secure.gravatar.com\/avatar\/3bd706736e5b70f21f05f6c2d5cad746767782a4ba4b7df399c5969e2a9318fd?s=96&d=mm&r=g\",\"caption\":\"Axel\"},\"url\":\"https:\/\/www.ontravelholidayrentals.com\/blog\/fr\/author\/axel\/\"}]}<\/script>\n<!-- \/ Yoast SEO plugin. -->","yoast_head_json":{"title":"La Cala Baladrar. Un environnement paisible, id\u00e9al pour votre prochaine escapade. - Blog","robots":{"index":"index","follow":"follow","max-snippet":"max-snippet:-1","max-image-preview":"max-image-preview:large","max-video-preview":"max-video-preview:-1"},"canonical":"https:\/\/www.ontravelholidayrentals.com\/blog\/fr\/crique-baladrar\/","og_locale":"fr_FR","og_type":"article","og_title":"La Cala Baladrar. Un environnement paisible, id\u00e9al pour votre prochaine escapade. - Blog","og_description":"Imaginez que votre prochaine escapade se d\u00e9roule dans un lieu o\u00f9 le bleu de la M\u00e9diterran\u00e9e se fond dans la tranquillit\u00e9, o\u00f9 vous pouvez d\u00e9jeuner en plein air \u00e0 l&rsquo;ombre des pins et o\u00f9 votre plus grande pr\u00e9occupation est de vous rappeler de mettre de la cr\u00e8me solaire. Eh bien, ce n&rsquo;est pas le cas. [&hellip;]","og_url":"https:\/\/www.ontravelholidayrentals.com\/blog\/fr\/crique-baladrar\/","og_site_name":"Blog","article_published_time":"2025-08-22T10:56:13+00:00","article_modified_time":"2025-08-27T08:57:31+00:00","og_image":[{"width":1304,"height":652,"url":"https:\/\/www.ontravelholidayrentals.com\/blog\/wp-content\/uploads\/2025\/08\/Cala-Baladrar-visitar.jpg","type":"image\/jpeg"}],"author":"Axel","twitter_card":"summary_large_image","twitter_misc":{"\u00c9crit par":"Axel","Dur\u00e9e de lecture estim\u00e9e":"6 minutes"},"schema":{"@context":"https:\/\/schema.org","@graph":[{"@type":"Article","@id":"https:\/\/www.ontravelholidayrentals.com\/blog\/fr\/crique-baladrar\/#article","isPartOf":{"@id":"https:\/\/www.ontravelholidayrentals.com\/blog\/fr\/crique-baladrar\/"},"author":{"name":"Axel","@id":"https:\/\/www.ontravelholidayrentals.com\/blog\/fr\/#\/schema\/person\/907601cb91b08af60b0fec9e629a4883"},"headline":"La Cala Baladrar. Un environnement paisible, id\u00e9al pour votre prochaine escapade.","datePublished":"2025-08-22T10:56:13+00:00","dateModified":"2025-08-27T08:57:31+00:00","mainEntityOfPage":{"@id":"https:\/\/www.ontravelholidayrentals.com\/blog\/fr\/crique-baladrar\/"},"wordCount":1269,"commentCount":0,"publisher":{"@id":"https:\/\/www.ontravelholidayrentals.com\/blog\/fr\/#organization"},"image":{"@id":"https:\/\/www.ontravelholidayrentals.com\/blog\/fr\/crique-baladrar\/#primaryimage"},"thumbnailUrl":"https:\/\/www.ontravelholidayrentals.com\/blog\/wp-content\/uploads\/2025\/08\/Cala-Baladrar-visitar.jpg","articleSection":["Benissa"],"inLanguage":"fr-FR","potentialAction":[{"@type":"CommentAction","name":"Comment","target":["https:\/\/www.ontravelholidayrentals.com\/blog\/fr\/crique-baladrar\/#respond"]}]},{"@type":"WebPage","@id":"https:\/\/www.ontravelholidayrentals.com\/blog\/fr\/crique-baladrar\/","url":"https:\/\/www.ontravelholidayrentals.com\/blog\/fr\/crique-baladrar\/","name":"La Cala Baladrar. Un environnement paisible, id\u00e9al pour votre prochaine escapade. - Blog","isPartOf":{"@id":"https:\/\/www.ontravelholidayrentals.com\/blog\/fr\/#website"},"primaryImageOfPage":{"@id":"https:\/\/www.ontravelholidayrentals.com\/blog\/fr\/crique-baladrar\/#primaryimage"},"image":{"@id":"https:\/\/www.ontravelholidayrentals.com\/blog\/fr\/crique-baladrar\/#primaryimage"},"thumbnailUrl":"https:\/\/www.ontravelholidayrentals.com\/blog\/wp-content\/uploads\/2025\/08\/Cala-Baladrar-visitar.jpg","datePublished":"2025-08-22T10:56:13+00:00","dateModified":"2025-08-27T08:57:31+00:00","breadcrumb":{"@id":"https:\/\/www.ontravelholidayrentals.com\/blog\/fr\/crique-baladrar\/#breadcrumb"},"inLanguage":"fr-FR","potentialAction":[{"@type":"ReadAction","target":["https:\/\/www.ontravelholidayrentals.com\/blog\/fr\/crique-baladrar\/"]}]},{"@type":"ImageObject","inLanguage":"fr-FR","@id":"https:\/\/www.ontravelholidayrentals.com\/blog\/fr\/crique-baladrar\/#primaryimage","url":"https:\/\/www.ontravelholidayrentals.com\/blog\/wp-content\/uploads\/2025\/08\/Cala-Baladrar-visitar.jpg","contentUrl":"https:\/\/www.ontravelholidayrentals.com\/blog\/wp-content\/uploads\/2025\/08\/Cala-Baladrar-visitar.jpg","width":1304,"height":652,"caption":"Cala Baladrar empty pebble stone beach and Mediterranean Sea. Distant view to Calpe Penon de Ifach rock. Province of Alicante, Benissa, Costa Blanca, Spain"},{"@type":"BreadcrumbList","@id":"https:\/\/www.ontravelholidayrentals.com\/blog\/fr\/crique-baladrar\/#breadcrumb","itemListElement":[{"@type":"ListItem","position":1,"name":"Portada","item":"https:\/\/www.ontravelholidayrentals.com\/blog\/fr\/"},{"@type":"ListItem","position":2,"name":"La Cala Baladrar. Un environnement paisible, id\u00e9al pour votre prochaine escapade."}]},{"@type":"WebSite","@id":"https:\/\/www.ontravelholidayrentals.com\/blog\/fr\/#website","url":"https:\/\/www.ontravelholidayrentals.com\/blog\/fr\/","name":"Blog","description":"Ontravelholidayrentals","publisher":{"@id":"https:\/\/www.ontravelholidayrentals.com\/blog\/fr\/#organization"},"potentialAction":[{"@type":"SearchAction","target":{"@type":"EntryPoint","urlTemplate":"https:\/\/www.ontravelholidayrentals.com\/blog\/fr\/?s={search_term_string}"},"query-input":{"@type":"PropertyValueSpecification","valueRequired":true,"valueName":"search_term_string"}}],"inLanguage":"fr-FR"},{"@type":"Organization","@id":"https:\/\/www.ontravelholidayrentals.com\/blog\/fr\/#organization","name":"Blog","url":"https:\/\/www.ontravelholidayrentals.com\/blog\/fr\/","logo":{"@type":"ImageObject","inLanguage":"fr-FR","@id":"https:\/\/www.ontravelholidayrentals.com\/blog\/fr\/#\/schema\/logo\/image\/","url":"https:\/\/www.ontravelholidayrentals.com\/blog\/wp-content\/uploads\/2025\/02\/logo-oliva-nova.webp","contentUrl":"https:\/\/www.ontravelholidayrentals.com\/blog\/wp-content\/uploads\/2025\/02\/logo-oliva-nova.webp","width":2454,"height":875,"caption":"Blog"},"image":{"@id":"https:\/\/www.ontravelholidayrentals.com\/blog\/fr\/#\/schema\/logo\/image\/"}},{"@type":"Person","@id":"https:\/\/www.ontravelholidayrentals.com\/blog\/fr\/#\/schema\/person\/907601cb91b08af60b0fec9e629a4883","name":"Axel","image":{"@type":"ImageObject","inLanguage":"fr-FR","@id":"https:\/\/www.ontravelholidayrentals.com\/blog\/fr\/#\/schema\/person\/image\/","url":"https:\/\/secure.gravatar.com\/avatar\/3bd706736e5b70f21f05f6c2d5cad746767782a4ba4b7df399c5969e2a9318fd?s=96&d=mm&r=g","contentUrl":"https:\/\/secure.gravatar.com\/avatar\/3bd706736e5b70f21f05f6c2d5cad746767782a4ba4b7df399c5969e2a9318fd?s=96&d=mm&r=g","caption":"Axel"},"url":"https:\/\/www.ontravelholidayrentals.com\/blog\/fr\/author\/axel\/"}]}},"_links":{"self":[{"href":"https:\/\/www.ontravelholidayrentals.com\/blog\/fr\/wp-json\/wp\/v2\/posts\/1087","targetHints":{"allow":["GET"]}}],"collection":[{"href":"https:\/\/www.ontravelholidayrentals.com\/blog\/fr\/wp-json\/wp\/v2\/posts"}],"about":[{"href":"https:\/\/www.ontravelholidayrentals.com\/blog\/fr\/wp-json\/wp\/v2\/types\/post"}],"author":[{"embeddable":true,"href":"https:\/\/www.ontravelholidayrentals.com\/blog\/fr\/wp-json\/wp\/v2\/users\/4"}],"replies":[{"embeddable":true,"href":"https:\/\/www.ontravelholidayrentals.com\/blog\/fr\/wp-json\/wp\/v2\/comments?post=1087"}],"version-history":[{"count":1,"href":"https:\/\/www.ontravelholidayrentals.com\/blog\/fr\/wp-json\/wp\/v2\/posts\/1087\/revisions"}],"predecessor-version":[{"id":1088,"href":"https:\/\/www.ontravelholidayrentals.com\/blog\/fr\/wp-json\/wp\/v2\/posts\/1087\/revisions\/1088"}],"wp:featuredmedia":[{"embeddable":true,"href":"https:\/\/www.ontravelholidayrentals.com\/blog\/fr\/wp-json\/wp\/v2\/media\/1056"}],"wp:attachment":[{"href":"https:\/\/www.ontravelholidayrentals.com\/blog\/fr\/wp-json\/wp\/v2\/media?parent=1087"}],"wp:term":[{"taxonomy":"category","embeddable":true,"href":"https:\/\/www.ontravelholidayrentals.com\/blog\/fr\/wp-json\/wp\/v2\/categories?post=1087"},{"taxonomy":"post_tag","embeddable":true,"href":"https:\/\/www.ontravelholidayrentals.com\/blog\/fr\/wp-json\/wp\/v2\/tags?post=1087"}],"curies":[{"name":"wp","href":"https:\/\/api.w.org\/{rel}","templated":true}]}}