{"id":1027,"date":"2025-07-14T12:54:24","date_gmt":"2025-07-14T12:54:24","guid":{"rendered":"https:\/\/www.ontravelholidayrentals.com\/blog\/?p=1027"},"modified":"2025-07-23T12:02:00","modified_gmt":"2025-07-23T12:02:00","slug":"belvedere-cap-negre","status":"publish","type":"post","link":"https:\/\/www.ontravelholidayrentals.com\/blog\/fr\/belvedere-cap-negre\/","title":{"rendered":"Vous ne connaissez pas encore le belv\u00e9d\u00e8re du Cap Negre ? Nous vous expliquons pourquoi vous ne pouvez pas manquer cette visite !"},"content":{"rendered":"\t\t<div data-elementor-type=\"wp-post\" data-elementor-id=\"1027\" class=\"elementor elementor-1027 elementor-957\" data-elementor-post-type=\"post\">\n\t\t\t\t<div class=\"elementor-element elementor-element-1540d2ef e-flex e-con-boxed e-con e-parent\" data-id=\"1540d2ef\" data-element_type=\"container\" data-e-type=\"container\" data-settings=\"{&quot;background_background&quot;:&quot;classic&quot;}\">\n\t\t\t\t\t<div class=\"e-con-inner\">\n\t\t\t\t<div class=\"elementor-element elementor-element-3e11b43 elementor-widget elementor-widget-heading\" data-id=\"3e11b43\" data-element_type=\"widget\" data-e-type=\"widget\" data-widget_type=\"heading.default\">\n\t\t\t\t<div class=\"elementor-widget-container\">\n\t\t\t\t\t<h1 class=\"elementor-heading-title elementor-size-default\">Vous ne connaissez pas encore le belv\u00e9d\u00e8re du Cap Negre ? Nous vous expliquons pourquoi vous ne pouvez pas manquer cette visite !<\/h1>\t\t\t\t<\/div>\n\t\t\t\t<\/div>\n\t\t\t\t\t<\/div>\n\t\t\t\t<\/div>\n\t\t<div class=\"elementor-element elementor-element-7334ae05 e-flex e-con-boxed e-con e-parent\" data-id=\"7334ae05\" data-element_type=\"container\" data-e-type=\"container\">\n\t\t\t\t\t<div class=\"e-con-inner\">\n\t\t\t\t<div class=\"elementor-element elementor-element-22361d83 elementor-widget elementor-widget-text-editor\" data-id=\"22361d83\" data-element_type=\"widget\" data-e-type=\"widget\" data-widget_type=\"text-editor.default\">\n\t\t\t\t<div class=\"elementor-widget-container\">\n\t\t\t\t\t\t\t\t\t<p><span style=\"font-weight: 400;\">Imaginez : vous, votre partenaire ou un \u00eatre cher, ou m\u00eame toute votre famille,<\/span> <b>assis sur un grand belv\u00e9d\u00e8re avec des vues dignes d&rsquo;un film.<\/b> <span style=\"font-weight: 400;\">Oui, de nos jours ce n&rsquo;est pas la chose la plus compliqu\u00e9e au monde, mais nous ne voulons pas que vous manquiez d&rsquo;options pour le faire ou que vous ratiez l&rsquo;une des plus int\u00e9ressantes.<\/span><\/p><p><span style=\"font-weight: 400;\">Le Cap Negre est<\/span> <b>l&rsquo;un des quinze belv\u00e9d\u00e8res de J\u00e1vea<\/b><span style=\"font-weight: 400;\">, pour beaucoup une destination spectaculaire pour profiter d&rsquo;un soleil plus que brillant o\u00f9 vous aurez besoin de lunettes de soleil m\u00eame pour regarder l&rsquo;horizon. Nous vous pr\u00e9venons que nous ne sommes pas responsables des possibles attaques d&rsquo;inspiration ou d&rsquo;une envie irr\u00e9sistible de rester y vivre.  <\/span><\/p><p><span style=\"font-weight: 400;\">Ci-apr\u00e8s, nous vous proposons un<\/span> <b>petit guide sur le belv\u00e9d\u00e8re du Cap Negre<\/b><span style=\"font-weight: 400;\">, avec tout ce dont vous avez besoin pour profiter au maximum de votre visite. C&rsquo;est parti !  <\/span><\/p>\t\t\t\t\t\t\t\t<\/div>\n\t\t\t\t<\/div>\n\t\t\t\t\t<\/div>\n\t\t\t\t<\/div>\n\t\t<div class=\"elementor-element elementor-element-372f22be e-flex e-con-boxed e-con e-parent\" data-id=\"372f22be\" data-element_type=\"container\" data-e-type=\"container\">\n\t\t\t\t\t<div class=\"e-con-inner\">\n\t\t\t\t<div class=\"elementor-element elementor-element-a6ed542 elementor-widget elementor-widget-table-of-contents\" data-id=\"a6ed542\" data-element_type=\"widget\" data-e-type=\"widget\" data-settings=\"{&quot;headings_by_tags&quot;:[&quot;h2&quot;,&quot;h3&quot;],&quot;exclude_headings_by_selector&quot;:[],&quot;marker_view&quot;:&quot;bullets&quot;,&quot;icon&quot;:{&quot;value&quot;:&quot;&quot;,&quot;library&quot;:&quot;&quot;},&quot;no_headings_message&quot;:&quot;No headings were found on this page.&quot;,&quot;hierarchical_view&quot;:&quot;yes&quot;,&quot;min_height&quot;:{&quot;unit&quot;:&quot;px&quot;,&quot;size&quot;:&quot;&quot;,&quot;sizes&quot;:[]},&quot;min_height_tablet&quot;:{&quot;unit&quot;:&quot;px&quot;,&quot;size&quot;:&quot;&quot;,&quot;sizes&quot;:[]},&quot;min_height_mobile&quot;:{&quot;unit&quot;:&quot;px&quot;,&quot;size&quot;:&quot;&quot;,&quot;sizes&quot;:[]}}\" data-widget_type=\"table-of-contents.default\">\n\t\t\t\t<div class=\"elementor-widget-container\">\n\t\t\t\t\t\t\t\t\t<div class=\"elementor-toc__header\">\n\t\t\t\t\t\t<div class=\"elementor-toc__header-title\">\n\t\t\t\tTable des mati\u00e8res\t\t\t<\/div>\n\t\t\t\t\t\t\t\t<\/div>\n\t\t\t\t<div id=\"elementor-toc__a6ed542\" class=\"elementor-toc__body\">\n\t\t\t<div class=\"elementor-toc__spinner-container\">\n\t\t\t\t<svg class=\"elementor-toc__spinner eicon-animation-spin e-font-icon-svg e-eicon-loading\" aria-hidden=\"true\" viewBox=\"0 0 1000 1000\" xmlns=\"http:\/\/www.w3.org\/2000\/svg\"><path d=\"M500 975V858C696 858 858 696 858 500S696 142 500 142 142 304 142 500H25C25 237 238 25 500 25S975 237 975 500 763 975 500 975Z\"><\/path><\/svg>\t\t\t<\/div>\n\t\t<\/div>\n\t\t\t\t\t\t<\/div>\n\t\t\t\t<\/div>\n\t\t\t\t\t<\/div>\n\t\t\t\t<\/div>\n\t\t<div class=\"elementor-element elementor-element-6fa5bae1 e-flex e-con-boxed e-con e-parent\" data-id=\"6fa5bae1\" data-element_type=\"container\" data-e-type=\"container\">\n\t\t\t\t\t<div class=\"e-con-inner\">\n\t\t\t\t<div class=\"elementor-element elementor-element-27d1a246 elementor-widget elementor-widget-heading\" data-id=\"27d1a246\" data-element_type=\"widget\" data-e-type=\"widget\" data-widget_type=\"heading.default\">\n\t\t\t\t<div class=\"elementor-widget-container\">\n\t\t\t\t\t<h2 class=\"elementor-heading-title elementor-size-default\">Suivez cet itin\u00e9raire si vous ne savez pas comment acc\u00e9der au belv\u00e9d\u00e8re\n<\/h2>\t\t\t\t<\/div>\n\t\t\t\t<\/div>\n\t\t\t\t<div class=\"elementor-element elementor-element-660b7ce9 elementor-widget elementor-widget-text-editor\" data-id=\"660b7ce9\" data-element_type=\"widget\" data-e-type=\"widget\" data-widget_type=\"text-editor.default\">\n\t\t\t\t<div class=\"elementor-widget-container\">\n\t\t\t\t\t\t\t\t\t<p><span style=\"font-weight: 400;\">Acc\u00e9der au belv\u00e9d\u00e8re est plus facile que de trouver un bar de plage en \u00e9t\u00e9. Il suffit d&rsquo;entrer dans votre GPS :  <\/span><b>Calle benjam\u00edn Britten, javea<\/b><span style=\"font-weight: 400;\">  et suivre la route du Cap de la Nau. Apr\u00e8s avoir d\u00e9pass\u00e9 l&#8217;embranchement vers la Cala de la Granadella, tournez \u00e0 gauche vers l&rsquo;urbanisation Balc\u00f3n del Mar.  <\/span><\/p><p><span style=\"font-weight: 400;\">Lorsque l&rsquo;asphalte se termine, un chemin de gravier de 200 m\u00e8tres commence, o\u00f9<\/span> <b>vous pouvez garer votre voiture<\/b> <span style=\"font-weight: 400;\">et commencer une courte promenade en famille, mais ne vous inqui\u00e9tez pas, pas besoin d&rsquo;un v\u00e9hicule tout-terrain ou d&rsquo;\u00eatre un athl\u00e8te olympique, m\u00eame les plus paresseux y arrivent juste pour voir la vue.<\/span><\/p>\t\t\t\t\t\t\t\t<\/div>\n\t\t\t\t<\/div>\n\t\t\t\t<div class=\"elementor-element elementor-element-8aa8d16 elementor-widget elementor-widget-google_maps\" data-id=\"8aa8d16\" data-element_type=\"widget\" data-e-type=\"widget\" data-widget_type=\"google_maps.default\">\n\t\t\t\t<div class=\"elementor-widget-container\">\n\t\t\t\t\t\t\t<div class=\"elementor-custom-embed\">\n\t\t\t<iframe loading=\"lazy\"\n\t\t\t\t\tsrc=\"https:\/\/maps.google.com\/maps?q=cap%20negre&#038;t=m&#038;z=11&#038;output=embed&#038;iwloc=near\"\n\t\t\t\t\ttitle=\"cap negre\"\n\t\t\t\t\taria-label=\"cap negre\"\n\t\t\t><\/iframe>\n\t\t<\/div>\n\t\t\t\t\t\t<\/div>\n\t\t\t\t<\/div>\n\t\t\t\t\t<\/div>\n\t\t\t\t<\/div>\n\t\t<div class=\"elementor-element elementor-element-114daa3b e-flex e-con-boxed e-con e-parent\" data-id=\"114daa3b\" data-element_type=\"container\" data-e-type=\"container\">\n\t\t\t\t\t<div class=\"e-con-inner\">\n\t\t\t\t<div class=\"elementor-element elementor-element-6a112e25 elementor-widget elementor-widget-heading\" data-id=\"6a112e25\" data-element_type=\"widget\" data-e-type=\"widget\" data-widget_type=\"heading.default\">\n\t\t\t\t<div class=\"elementor-widget-container\">\n\t\t\t\t\t<h2 class=\"elementor-heading-title elementor-size-default\">Ne manquez pas d'explorer tous ces sentiers \u00e0 proximit\u00e9\n<\/h2>\t\t\t\t<\/div>\n\t\t\t\t<\/div>\n\t\t\t\t<div class=\"elementor-element elementor-element-5391dfe3 elementor-widget elementor-widget-text-editor\" data-id=\"5391dfe3\" data-element_type=\"widget\" data-e-type=\"widget\" data-widget_type=\"text-editor.default\">\n\t\t\t\t<div class=\"elementor-widget-container\">\n\t\t\t\t\t\t\t\t\t<p><span style=\"font-weight: 400;\">Il y a des activit\u00e9s disponibles pour tous les publics, donc si vous \u00eates de ceux qui ne peuvent pas rester en place, nous avons aussi un plan parfait pour vous. Depuis le belv\u00e9d\u00e8re, des sentiers de p\u00eacheurs descendent vers les   <\/span><b>grottes Tabaco et Mina<\/b><span style=\"font-weight: 400;\">, donc si vous osez explorer, n&rsquo;oubliez pas de porter de bonnes chaussures et de prendre de l&rsquo;eau.<\/span> <\/p><p><span style=\"font-weight: 400;\">Et si vous n&rsquo;avez toujours pas eu assez d&rsquo;aventure, vous serez ravi d&rsquo;apprendre que la zone est reli\u00e9e \u00e0 d&rsquo;autres itin\u00e9raires comme le<\/span> <b>Cap Prim<\/b> <span style=\"font-weight: 400;\">ou la<\/span> <b>Cala Portixol<\/b><span style=\"font-weight: 400;\">. Que vous deveniez soudainement un randonneur professionnel ou que vous vouliez simplement briller sur Instagram. Vous trouverez des centaines de pins, du romarin, de la lavande et, si vous avez de la chance, peut-\u00eatre m\u00eame que quelques ch\u00e8vres de montagne vous salueront d&rsquo;en haut.  <\/span><\/p>\t\t\t\t\t\t\t\t<\/div>\n\t\t\t\t<\/div>\n\t\t\t\t<div class=\"elementor-element elementor-element-404eedb elementor-widget elementor-widget-image\" data-id=\"404eedb\" data-element_type=\"widget\" data-e-type=\"widget\" data-widget_type=\"image.default\">\n\t\t\t\t<div class=\"elementor-widget-container\">\n\t\t\t\t\t\t\t\t\t\t\t\t\t\t\t<img decoding=\"async\" src=\"https:\/\/www.ontravelholidayrentals.com\/blog\/wp-content\/uploads\/elementor\/thumbs\/cap-negre-r8qx6nbt1lu6w8ugg9j0zs5p2ut4c3ovv1qhheg09k.webp\" title=\"cap-negre\" alt=\"cap-negre\" loading=\"lazy\" \/>\t\t\t\t\t\t\t\t\t\t\t\t\t\t\t<\/div>\n\t\t\t\t<\/div>\n\t\t\t\t\t<\/div>\n\t\t\t\t<\/div>\n\t\t<div class=\"elementor-element elementor-element-397ff98 e-flex e-con-boxed e-con e-parent\" data-id=\"397ff98\" data-element_type=\"container\" data-e-type=\"container\">\n\t\t\t\t\t<div class=\"e-con-inner\">\n\t\t\t\t<div class=\"elementor-element elementor-element-aa92ac1 elementor-widget elementor-widget-heading\" data-id=\"aa92ac1\" data-element_type=\"widget\" data-e-type=\"widget\" data-widget_type=\"heading.default\">\n\t\t\t\t<div class=\"elementor-widget-container\">\n\t\t\t\t\t<h2 class=\"elementor-heading-title elementor-size-default\">Vous aimez les belles vues et la photographie ? Alors ceci vous int\u00e9resse !  \n<\/h2>\t\t\t\t<\/div>\n\t\t\t\t<\/div>\n\t\t\t\t<div class=\"elementor-element elementor-element-82b66a2 elementor-widget elementor-widget-text-editor\" data-id=\"82b66a2\" data-element_type=\"widget\" data-e-type=\"widget\" data-widget_type=\"text-editor.default\">\n\t\t\t\t<div class=\"elementor-widget-container\">\n\t\t\t\t\t\t\t\t\t<p><span style=\"font-weight: 400;\">Les vues sont sans aucun doute le meilleur atout du Cap Negre. Vous pouvez   <\/span><b>observer toute la c\u00f4te de J\u00e1vea<\/b><span style=\"font-weight: 400;\">, avec le Montg\u00f3 en arri\u00e8re-plan, la baie, le Cabo de San Antonio, le Cap Prim, l&rsquo;\u00eele de Portitxol et, si vous vous retournez, le Cabo de la Nao qui vous fait signe depuis le sud. Par temps clair, vous pouvez m\u00eame apercevoir Ibiza au loin.  <\/span><\/p><p><span style=\"font-weight: 400;\">Alors, si vous aimez la photographie, pr\u00e9parez votre appareil photo car vous ne cesserez pas de vouloir changer votre fond d&rsquo;\u00e9cran \u00e0 chaque regard (on dit qu&rsquo;il y a des<\/span> <b>selfies qui valent la peine d&rsquo;\u00eatre gard\u00e9s en m\u00e9moire)<\/b><span style=\"font-weight: 400;\">. Un conseil pour avoir la meilleure photo est d&rsquo;attendre le coucher du soleil, ou si vous \u00eates des plus romantiques, venez la nuit pour voir les \u00e9toiles filantes.<\/span><\/p>\t\t\t\t\t\t\t\t<\/div>\n\t\t\t\t<\/div>\n\t\t\t\t\t<\/div>\n\t\t\t\t<\/div>\n\t\t<div class=\"elementor-element elementor-element-9bf1228 e-flex e-con-boxed e-con e-parent\" data-id=\"9bf1228\" data-element_type=\"container\" data-e-type=\"container\">\n\t\t\t\t\t<div class=\"e-con-inner\">\n\t\t\t\t<div class=\"elementor-element elementor-element-8360985 elementor-widget elementor-widget-heading\" data-id=\"8360985\" data-element_type=\"widget\" data-e-type=\"widget\" data-widget_type=\"heading.default\">\n\t\t\t\t<div class=\"elementor-widget-container\">\n\t\t\t\t\t<h2 class=\"elementor-heading-title elementor-size-default\">Quelle est la meilleure p\u00e9riode de l'ann\u00e9e pour visiter le Cap Negre ?\n<\/h2>\t\t\t\t<\/div>\n\t\t\t\t<\/div>\n\t\t\t\t<div class=\"elementor-element elementor-element-8ba0c92 elementor-widget elementor-widget-text-editor\" data-id=\"8ba0c92\" data-element_type=\"widget\" data-e-type=\"widget\" data-widget_type=\"text-editor.default\">\n\t\t\t\t<div class=\"elementor-widget-container\">\n\t\t\t\t\t\t\t\t\t<p><span style=\"font-weight: 400;\">L&rsquo;avantage est que le climat m\u00e9diterran\u00e9en vous permet de visiter le Cap Negre presque toute l&rsquo;ann\u00e9e. Mais, si vous voulez en profiter pleinement en \u00e9t\u00e9, nous vous conseillons d&rsquo;y aller   <\/span><b>t\u00f4t le matin<\/b><span style=\"font-weight: 400;\">, car le soleil ne pardonne pas.<\/span><\/p><p><span style=\"font-weight: 400;\">Bien que si vous recherchez des temp\u00e9ratures plus douces, peu de monde et la possibilit\u00e9 de bouger dans tous les angles pour trouver la meilleure photo sans pr\u00e9cipitation, la p\u00e9riode id\u00e9ale est<\/span> <b>l&rsquo;automne ou le printemps<\/b><span style=\"font-weight: 400;\">. Et m\u00eame si vous recherchez plus de tranquillit\u00e9, d&rsquo;air frais, de paix et de silence, vous pouvez aussi y aller en hiver (ne vous inqui\u00e9tez pas, les vues sont les m\u00eames).<\/span><\/p>\t\t\t\t\t\t\t\t<\/div>\n\t\t\t\t<\/div>\n\t\t\t\t<div class=\"elementor-element elementor-element-8e3bcdd elementor-widget elementor-widget-image\" data-id=\"8e3bcdd\" data-element_type=\"widget\" data-e-type=\"widget\" data-widget_type=\"image.default\">\n\t\t\t\t<div class=\"elementor-widget-container\">\n\t\t\t\t\t\t\t\t\t\t\t\t\t\t\t<img fetchpriority=\"high\" decoding=\"async\" width=\"1360\" height=\"766\" src=\"https:\/\/www.ontravelholidayrentals.com\/blog\/wp-content\/uploads\/2025\/07\/mirador-cap-negre-javea.webp\" class=\"attachment-full size-full wp-image-973\" alt=\"mirador-cap-negre-javea\" srcset=\"https:\/\/www.ontravelholidayrentals.com\/blog\/wp-content\/uploads\/2025\/07\/mirador-cap-negre-javea.webp 1360w, https:\/\/www.ontravelholidayrentals.com\/blog\/wp-content\/uploads\/2025\/07\/mirador-cap-negre-javea-300x169.webp 300w, https:\/\/www.ontravelholidayrentals.com\/blog\/wp-content\/uploads\/2025\/07\/mirador-cap-negre-javea-1024x577.webp 1024w, https:\/\/www.ontravelholidayrentals.com\/blog\/wp-content\/uploads\/2025\/07\/mirador-cap-negre-javea-768x433.webp 768w\" sizes=\"(max-width: 1360px) 100vw, 1360px\" \/>\t\t\t\t\t\t\t\t\t\t\t\t\t\t\t<\/div>\n\t\t\t\t<\/div>\n\t\t\t\t\t<\/div>\n\t\t\t\t<\/div>\n\t\t<div class=\"elementor-element elementor-element-ec3cd17 e-flex e-con-boxed e-con e-parent\" data-id=\"ec3cd17\" data-element_type=\"container\" data-e-type=\"container\">\n\t\t\t\t\t<div class=\"e-con-inner\">\n\t\t\t\t<div class=\"elementor-element elementor-element-52a278d elementor-widget elementor-widget-heading\" data-id=\"52a278d\" data-element_type=\"widget\" data-e-type=\"widget\" data-widget_type=\"heading.default\">\n\t\t\t\t<div class=\"elementor-widget-container\">\n\t\t\t\t\t<h2 class=\"elementor-heading-title elementor-size-default\">Notez ces recommandations pour votre visite \n<\/h2>\t\t\t\t<\/div>\n\t\t\t\t<\/div>\n\t\t\t\t<div class=\"elementor-element elementor-element-ecd7a2a elementor-widget elementor-widget-text-editor\" data-id=\"ecd7a2a\" data-element_type=\"widget\" data-e-type=\"widget\" data-widget_type=\"text-editor.default\">\n\t\t\t\t<div class=\"elementor-widget-container\">\n\t\t\t\t\t\t\t\t\t<p><span style=\"font-weight: 400;\">Nous voulons tous que notre visite soit un 10 sur 10, ou si nous sommes perfectionnistes, nous pourrions atteindre un 11, alors nous vous donnons<\/span> <b>quelques recommandations pour que votre visite r\u00e9ponde \u00e0 toutes vos attentes<\/b> <span style=\"font-weight: 400;\">ou les d\u00e9passe m\u00eame.<\/span><\/p><p><span style=\"font-weight: 400;\">Il est tr\u00e8s important d&rsquo;apporter<\/span> <b>de l&rsquo;eau et une protection solaire<\/b><span style=\"font-weight: 400;\">. Bien que le climat ne soit pas du tout mauvais ou accablant, le soleil vous frappera de plein fouet, et nous ne voulons pas d&rsquo;insolation ou d&rsquo;un bronzage grill\u00e9 qui dure jusqu&rsquo;\u00e0 No\u00ebl.<\/span><\/p><p><span style=\"font-weight: 400;\">Si vous voulez profiter des sentiers, portez des<\/span> <b>chaussures confortables<\/b><span style=\"font-weight: 400;\">, pas de tongs de plage ou d&rsquo;autres types de chaussures qui ne vous permettent pas de marcher, ou pire, qui provoquent des frottements. Aussi, si vous venez avec de jeunes enfants ou des animaux, soyez prudents : le terrain est s\u00fbr, mais il vaut toujours mieux pr\u00e9venir que gu\u00e9rir.  <\/span><\/p><p><span style=\"font-weight: 400;\">Un autre conseil pour avoir un nouveau fond d&rsquo;\u00e9cran chaque jour de l&rsquo;ann\u00e9e est d&rsquo;apporter<\/span> <b>l&rsquo;appareil photo ou le t\u00e9l\u00e9phone bien charg\u00e9<\/b><span style=\"font-weight: 400;\">, vous ne voulez pas tomber en panne de batterie juste au moment du coucher de soleil au ciel rose, n&rsquo;est-ce pas ?<\/span><\/p><p><span style=\"font-weight: 400;\">Si vous osez, vous pouvez apporter quelque chose \u00e0 grignoter et faire un pique-nique avec vue sur la M\u00e9diterran\u00e9e. Bien s\u00fbr,   <\/span><b>respectez la nature<\/b> <span style=\"font-weight: 400;\">et ne laissez pas de d\u00e9chets, ni ne maltraitez l&rsquo;environnement de quelque mani\u00e8re que ce soit.<\/span><\/p>\t\t\t\t\t\t\t\t<\/div>\n\t\t\t\t<\/div>\n\t\t\t\t\t<\/div>\n\t\t\t\t<\/div>\n\t\t<div class=\"elementor-element elementor-element-d95fca4 e-flex e-con-boxed e-con e-parent\" data-id=\"d95fca4\" data-element_type=\"container\" data-e-type=\"container\">\n\t\t\t\t\t<div class=\"e-con-inner\">\n\t\t\t\t<div class=\"elementor-element elementor-element-6246ad9 elementor-widget elementor-widget-heading\" data-id=\"6246ad9\" data-element_type=\"widget\" data-e-type=\"widget\" data-widget_type=\"heading.default\">\n\t\t\t\t<div class=\"elementor-widget-container\">\n\t\t\t\t\t<h2 class=\"elementor-heading-title elementor-size-default\">Visitez le belv\u00e9d\u00e8re du Cap Negre avec le meilleur h\u00e9bergement \n<\/h2>\t\t\t\t<\/div>\n\t\t\t\t<\/div>\n\t\t\t\t<div class=\"elementor-element elementor-element-4d21b3e elementor-widget elementor-widget-text-editor\" data-id=\"4d21b3e\" data-element_type=\"widget\" data-e-type=\"widget\" data-widget_type=\"text-editor.default\">\n\t\t\t\t<div class=\"elementor-widget-container\">\n\t\t\t\t\t\t\t\t\t<p><span style=\"font-weight: 400;\">Si vous n&rsquo;\u00eates toujours pas convaincu que le belv\u00e9d\u00e8re du Cap Negre est l&rsquo;un des endroits que vous devez visiter au moins une fois dans votre vie, nous ne savons pas quoi vous dire de plus. C&rsquo;est   <\/span><b>id\u00e9al pour tous types de plans<\/b><span style=\"font-weight: 400;\">, d&rsquo;une escapade romantique pour voir les \u00e9toiles, \u00e0 une apr\u00e8s-midi pour renouveler vos stories Instagram en vedette ou simplement s&rsquo;asseoir et se laisser hypnotiser.<\/span><\/p><p><span style=\"font-weight: 400;\">Si vous n&rsquo;avez toujours pas r\u00e9serv\u00e9 d&rsquo;appartement \u00e0 Oliva, Moraira, J\u00e1vea, Benissa ou Denia, qu&rsquo;attendez-vous ?<\/span> <b>Contactez-nous pour r\u00e9server votre h\u00e9bergement<\/b><span style=\"font-weight: 400;\">, faites votre valise, chargez votre mobile et laissez-vous conqu\u00e9rir par l&rsquo;un des coins les plus magiques de la Costa Blanca.<\/span><\/p>\t\t\t\t\t\t\t\t<\/div>\n\t\t\t\t<\/div>\n\t\t\t\t\t<\/div>\n\t\t\t\t<\/div>\n\t\t<div class=\"elementor-element elementor-element-75226590 e-flex e-con-boxed e-con e-parent\" data-id=\"75226590\" data-element_type=\"container\" data-e-type=\"container\">\n\t\t\t\t\t<div class=\"e-con-inner\">\n\t\t\t\t<div class=\"elementor-element elementor-element-3f3d75b9 elementor-widget elementor-widget-grid\" data-id=\"3f3d75b9\" data-element_type=\"widget\" data-e-type=\"widget\" data-widget_type=\"grid.default\">\n\t\t\t\t<div class=\"elementor-widget-container\">\n\t\t\t\t\t\t\t<div class=\"its--row alojamientos-recomendados\">\n\n\t\t\t<div class=\"alojamientos-recomendados-container\">\n\n\t\t\t\t\t\n\t\t\t\t\t<a href=\"https:\/\/www.ontravelholidayrentals.com\/fr\/location\/villa-oliva-villa-vermeer-51-460858.html\" rel=\"nofollow\" style=\"width: 23%;\">\n\t\t\t\t\t\t<div class=\"apartamento-box\">\n\t\t\t\t\t\t\t<div class=\"imagen_recomendados\">\n\t\t\t\t\t\t\t\t<img decoding=\"async\" src=\"https:\/\/crs.avantio.com\/fotos\/2\/1703084140d3f439d9b3375a13b4f0e50afb895aaa\/big1703332585741831091dd4ad756385090fb49199ea.jpg\" alt=\"Villa Colibri by ON Travel\">\n\t\t\t\t\t\t\t<\/div>\n\t\t\t\t\t\t\t<div class=\"info\">\n\t\t\t\t\t\t\t\t<div class=\"ubicacion\">\n\t\t\t\t\t\t\t\t\t<i class=\"fa-solid fa-location-dot icono-mapa\"><\/i><span class=\"ubicacion-texto\">Oliva - Dpt. Valencia<\/span>\n\t\t\t\t\t\t\t\t<\/div>\n\t\t\t\t\t\t\t\t<H4 class=\"titulo-alojamiento\">\n\t\t\t\t\t\t\t\t\tVilla Colibri by ON Travel\t\t\t\t\t\t\t\t<\/H4>\n\t\t\t\t\t\t\t\t<p class=\"precio-alojamiento\">\u00c0 partir de <span class=\"precio\">328.00\u20ac<\/span> par nuit<\/p>\n\t\t\t\t\t\t\t<\/div>\n\t\t\t\t\t\t<\/div>\n\t\t\t\t\t<\/a> \n\t\t\t\t\t\t\n\t\t\t\t\t<a href=\"https:\/\/www.ontravelholidayrentals.com\/fr\/location\/villa-oliva-villa-vermeer-21-461268.html\" rel=\"nofollow\" style=\"width: 23%;\">\n\t\t\t\t\t\t<div class=\"apartamento-box\">\n\t\t\t\t\t\t\t<div class=\"imagen_recomendados\">\n\t\t\t\t\t\t\t\t<img decoding=\"async\" src=\"https:\/\/crs.avantio.com\/fotos\/2\/1703335589811fbc048cd27ef2e70871e03571a65f\/big17033356189dc73706c960d3ef8712f0c901543b8b.jpg\" alt=\"Villa Solana  by ON Travel\">\n\t\t\t\t\t\t\t<\/div>\n\t\t\t\t\t\t\t<div class=\"info\">\n\t\t\t\t\t\t\t\t<div class=\"ubicacion\">\n\t\t\t\t\t\t\t\t\t<i class=\"fa-solid fa-location-dot icono-mapa\"><\/i><span class=\"ubicacion-texto\">Oliva - Dpt. Valencia<\/span>\n\t\t\t\t\t\t\t\t<\/div>\n\t\t\t\t\t\t\t\t<H4 class=\"titulo-alojamiento\">\n\t\t\t\t\t\t\t\t\tVilla Solana  by ON Travel\t\t\t\t\t\t\t\t<\/H4>\n\t\t\t\t\t\t\t\t<p class=\"precio-alojamiento\">\u00c0 partir de <span class=\"precio\">217.00\u20ac<\/span> par nuit<\/p>\n\t\t\t\t\t\t\t<\/div>\n\t\t\t\t\t\t<\/div>\n\t\t\t\t\t<\/a> \n\t\t\t\t\t\t\n\t\t\t\t\t<a href=\"https:\/\/www.ontravelholidayrentals.com\/fr\/location\/villa-oliva-villa-vermeer-25-461292.html\" rel=\"nofollow\" style=\"width: 23%;\">\n\t\t\t\t\t\t<div class=\"apartamento-box\">\n\t\t\t\t\t\t\t<div class=\"imagen_recomendados\">\n\t\t\t\t\t\t\t\t<img decoding=\"async\" src=\"https:\/\/crs.avantio.com\/fotos\/2\/1705335735591b101a10adf0c9165b293b19af3489\/big1705335762de9703dc1854540c9777fd4932b0499a.jpg\" alt=\"Greenside oasis villa by ON Travel\">\n\t\t\t\t\t\t\t<\/div>\n\t\t\t\t\t\t\t<div class=\"info\">\n\t\t\t\t\t\t\t\t<div class=\"ubicacion\">\n\t\t\t\t\t\t\t\t\t<i class=\"fa-solid fa-location-dot icono-mapa\"><\/i><span class=\"ubicacion-texto\">Oliva - Dpt. Valencia<\/span>\n\t\t\t\t\t\t\t\t<\/div>\n\t\t\t\t\t\t\t\t<H4 class=\"titulo-alojamiento\">\n\t\t\t\t\t\t\t\t\tGreenside oasis villa by ON Travel\t\t\t\t\t\t\t\t<\/H4>\n\t\t\t\t\t\t\t\t<p class=\"precio-alojamiento\">\u00c0 partir de <span class=\"precio\">328.00\u20ac<\/span> par nuit<\/p>\n\t\t\t\t\t\t\t<\/div>\n\t\t\t\t\t\t<\/div>\n\t\t\t\t\t<\/a> \n\t\t\t\t\t\t\n\t\t\t\t\t<a href=\"https:\/\/www.ontravelholidayrentals.com\/fr\/location\/villa-oliva-villa-vermeer-43-461293.html\" rel=\"nofollow\" style=\"width: 23%;\">\n\t\t\t\t\t\t<div class=\"apartamento-box\">\n\t\t\t\t\t\t\t<div class=\"imagen_recomendados\">\n\t\t\t\t\t\t\t\t<img decoding=\"async\" src=\"https:\/\/crs.avantio.com\/fotos\/2\/17054241108ffb3352fb1b6efd3c6e1c3097debf40\/big170542451565ad5f2b0843b6346526f00ede7b3ef7.jpg\" alt=\"Villa Cisne by ON Travel\">\n\t\t\t\t\t\t\t<\/div>\n\t\t\t\t\t\t\t<div class=\"info\">\n\t\t\t\t\t\t\t\t<div class=\"ubicacion\">\n\t\t\t\t\t\t\t\t\t<i class=\"fa-solid fa-location-dot icono-mapa\"><\/i><span class=\"ubicacion-texto\">Oliva - Dpt. Valencia<\/span>\n\t\t\t\t\t\t\t\t<\/div>\n\t\t\t\t\t\t\t\t<H4 class=\"titulo-alojamiento\">\n\t\t\t\t\t\t\t\t\tVilla Cisne by ON Travel\t\t\t\t\t\t\t\t<\/H4>\n\t\t\t\t\t\t\t\t<p class=\"precio-alojamiento\">\u00c0 partir de <span class=\"precio\">205.00\u20ac<\/span> par nuit<\/p>\n\t\t\t\t\t\t\t<\/div>\n\t\t\t\t\t\t<\/div>\n\t\t\t\t\t<\/a> \n\t\t\t\t\t\t\t\t<\/div>\n\t\t\t<\/div>\n\t\t\t\t\t\t<\/div>\n\t\t\t\t<\/div>\n\t\t\t\t\t<\/div>\n\t\t\t\t<\/div>\n\t\t\t\t<\/div>\n\t\t","protected":false},"excerpt":{"rendered":"<p>Imaginez : vous, votre partenaire ou un \u00eatre cher, ou m\u00eame toute votre famille, assis sur un grand belv\u00e9d\u00e8re avec des vues dignes d&rsquo;un film. Oui, de nos jours ce n&rsquo;est pas la chose la plus compliqu\u00e9e au monde, mais nous ne voulons pas que vous manquiez d&rsquo;options pour le faire ou que vous ratiez [&hellip;]<\/p>\n","protected":false},"author":4,"featured_media":969,"comment_status":"open","ping_status":"open","sticky":false,"template":"elementor_header_footer","format":"standard","meta":{"footnotes":""},"categories":[32],"tags":[],"class_list":["post-1027","post","type-post","status-publish","format-standard","has-post-thumbnail","hentry","category-javea-fr"],"yoast_head":"<!-- This site is optimized with the Yoast SEO plugin v25.2 - https:\/\/yoast.com\/wordpress\/plugins\/seo\/ -->\n<title>Venez visiter le belv\u00e9d\u00e8re du Cap Negre - Blog<\/title>\n<meta name=\"description\" content=\"Admirez les vues spectaculaires du Cap Negre, l&#039;un des plus beaux paysages m\u00e9diterran\u00e9ens.\" \/>\n<meta name=\"robots\" content=\"index, follow, max-snippet:-1, max-image-preview:large, max-video-preview:-1\" \/>\n<link rel=\"canonical\" href=\"https:\/\/www.ontravelholidayrentals.com\/blog\/fr\/belvedere-cap-negre\/\" \/>\n<meta property=\"og:locale\" content=\"fr_FR\" \/>\n<meta property=\"og:type\" content=\"article\" \/>\n<meta property=\"og:title\" content=\"Venez visiter le belv\u00e9d\u00e8re du Cap Negre - Blog\" \/>\n<meta property=\"og:description\" content=\"Admirez les vues spectaculaires du Cap Negre, l&#039;un des plus beaux paysages m\u00e9diterran\u00e9ens.\" \/>\n<meta property=\"og:url\" content=\"https:\/\/www.ontravelholidayrentals.com\/blog\/fr\/belvedere-cap-negre\/\" \/>\n<meta property=\"og:site_name\" content=\"Blog\" \/>\n<meta property=\"article:published_time\" content=\"2025-07-14T12:54:24+00:00\" \/>\n<meta property=\"article:modified_time\" content=\"2025-07-23T12:02:00+00:00\" \/>\n<meta property=\"og:image\" content=\"https:\/\/www.ontravelholidayrentals.com\/blog\/wp-content\/uploads\/2025\/07\/mirador-cap-negre.webp\" \/>\n\t<meta property=\"og:image:width\" content=\"1020\" \/>\n\t<meta property=\"og:image:height\" content=\"1020\" \/>\n\t<meta property=\"og:image:type\" content=\"image\/webp\" \/>\n<meta name=\"author\" content=\"Axel\" \/>\n<meta name=\"twitter:card\" content=\"summary_large_image\" \/>\n<meta name=\"twitter:label1\" content=\"\u00c9crit par\" \/>\n\t<meta name=\"twitter:data1\" content=\"Axel\" \/>\n\t<meta name=\"twitter:label2\" content=\"Dur\u00e9e de lecture estim\u00e9e\" \/>\n\t<meta name=\"twitter:data2\" content=\"6 minutes\" \/>\n<script type=\"application\/ld+json\" class=\"yoast-schema-graph\">{\"@context\":\"https:\/\/schema.org\",\"@graph\":[{\"@type\":\"Article\",\"@id\":\"https:\/\/www.ontravelholidayrentals.com\/blog\/fr\/belvedere-cap-negre\/#article\",\"isPartOf\":{\"@id\":\"https:\/\/www.ontravelholidayrentals.com\/blog\/fr\/belvedere-cap-negre\/\"},\"author\":{\"name\":\"Axel\",\"@id\":\"https:\/\/www.ontravelholidayrentals.com\/blog\/fr\/#\/schema\/person\/907601cb91b08af60b0fec9e629a4883\"},\"headline\":\"Vous ne connaissez pas encore le belv\u00e9d\u00e8re du Cap Negre ? Nous vous expliquons pourquoi vous ne pouvez pas manquer cette visite !\",\"datePublished\":\"2025-07-14T12:54:24+00:00\",\"dateModified\":\"2025-07-23T12:02:00+00:00\",\"mainEntityOfPage\":{\"@id\":\"https:\/\/www.ontravelholidayrentals.com\/blog\/fr\/belvedere-cap-negre\/\"},\"wordCount\":1214,\"commentCount\":0,\"publisher\":{\"@id\":\"https:\/\/www.ontravelholidayrentals.com\/blog\/fr\/#organization\"},\"image\":{\"@id\":\"https:\/\/www.ontravelholidayrentals.com\/blog\/fr\/belvedere-cap-negre\/#primaryimage\"},\"thumbnailUrl\":\"https:\/\/www.ontravelholidayrentals.com\/blog\/wp-content\/uploads\/2025\/07\/mirador-cap-negre.webp\",\"articleSection\":[\"J\u00e1vea\"],\"inLanguage\":\"fr-FR\",\"potentialAction\":[{\"@type\":\"CommentAction\",\"name\":\"Comment\",\"target\":[\"https:\/\/www.ontravelholidayrentals.com\/blog\/fr\/belvedere-cap-negre\/#respond\"]}]},{\"@type\":\"WebPage\",\"@id\":\"https:\/\/www.ontravelholidayrentals.com\/blog\/fr\/belvedere-cap-negre\/\",\"url\":\"https:\/\/www.ontravelholidayrentals.com\/blog\/fr\/belvedere-cap-negre\/\",\"name\":\"Venez visiter le belv\u00e9d\u00e8re du Cap Negre - Blog\",\"isPartOf\":{\"@id\":\"https:\/\/www.ontravelholidayrentals.com\/blog\/fr\/#website\"},\"primaryImageOfPage\":{\"@id\":\"https:\/\/www.ontravelholidayrentals.com\/blog\/fr\/belvedere-cap-negre\/#primaryimage\"},\"image\":{\"@id\":\"https:\/\/www.ontravelholidayrentals.com\/blog\/fr\/belvedere-cap-negre\/#primaryimage\"},\"thumbnailUrl\":\"https:\/\/www.ontravelholidayrentals.com\/blog\/wp-content\/uploads\/2025\/07\/mirador-cap-negre.webp\",\"datePublished\":\"2025-07-14T12:54:24+00:00\",\"dateModified\":\"2025-07-23T12:02:00+00:00\",\"description\":\"Admirez les vues spectaculaires du Cap Negre, l'un des plus beaux paysages m\u00e9diterran\u00e9ens.\",\"breadcrumb\":{\"@id\":\"https:\/\/www.ontravelholidayrentals.com\/blog\/fr\/belvedere-cap-negre\/#breadcrumb\"},\"inLanguage\":\"fr-FR\",\"potentialAction\":[{\"@type\":\"ReadAction\",\"target\":[\"https:\/\/www.ontravelholidayrentals.com\/blog\/fr\/belvedere-cap-negre\/\"]}]},{\"@type\":\"ImageObject\",\"inLanguage\":\"fr-FR\",\"@id\":\"https:\/\/www.ontravelholidayrentals.com\/blog\/fr\/belvedere-cap-negre\/#primaryimage\",\"url\":\"https:\/\/www.ontravelholidayrentals.com\/blog\/wp-content\/uploads\/2025\/07\/mirador-cap-negre.webp\",\"contentUrl\":\"https:\/\/www.ontravelholidayrentals.com\/blog\/wp-content\/uploads\/2025\/07\/mirador-cap-negre.webp\",\"width\":1020,\"height\":1020,\"caption\":\"mirador-cap-negre\"},{\"@type\":\"BreadcrumbList\",\"@id\":\"https:\/\/www.ontravelholidayrentals.com\/blog\/fr\/belvedere-cap-negre\/#breadcrumb\",\"itemListElement\":[{\"@type\":\"ListItem\",\"position\":1,\"name\":\"Portada\",\"item\":\"https:\/\/www.ontravelholidayrentals.com\/blog\/fr\/\"},{\"@type\":\"ListItem\",\"position\":2,\"name\":\"Vous ne connaissez pas encore le belv\u00e9d\u00e8re du Cap Negre ? Nous vous expliquons pourquoi vous ne pouvez pas manquer cette visite !\"}]},{\"@type\":\"WebSite\",\"@id\":\"https:\/\/www.ontravelholidayrentals.com\/blog\/fr\/#website\",\"url\":\"https:\/\/www.ontravelholidayrentals.com\/blog\/fr\/\",\"name\":\"Blog\",\"description\":\"Ontravelholidayrentals\",\"publisher\":{\"@id\":\"https:\/\/www.ontravelholidayrentals.com\/blog\/fr\/#organization\"},\"potentialAction\":[{\"@type\":\"SearchAction\",\"target\":{\"@type\":\"EntryPoint\",\"urlTemplate\":\"https:\/\/www.ontravelholidayrentals.com\/blog\/fr\/?s={search_term_string}\"},\"query-input\":{\"@type\":\"PropertyValueSpecification\",\"valueRequired\":true,\"valueName\":\"search_term_string\"}}],\"inLanguage\":\"fr-FR\"},{\"@type\":\"Organization\",\"@id\":\"https:\/\/www.ontravelholidayrentals.com\/blog\/fr\/#organization\",\"name\":\"Blog\",\"url\":\"https:\/\/www.ontravelholidayrentals.com\/blog\/fr\/\",\"logo\":{\"@type\":\"ImageObject\",\"inLanguage\":\"fr-FR\",\"@id\":\"https:\/\/www.ontravelholidayrentals.com\/blog\/fr\/#\/schema\/logo\/image\/\",\"url\":\"https:\/\/www.ontravelholidayrentals.com\/blog\/wp-content\/uploads\/2025\/02\/logo-oliva-nova.webp\",\"contentUrl\":\"https:\/\/www.ontravelholidayrentals.com\/blog\/wp-content\/uploads\/2025\/02\/logo-oliva-nova.webp\",\"width\":2454,\"height\":875,\"caption\":\"Blog\"},\"image\":{\"@id\":\"https:\/\/www.ontravelholidayrentals.com\/blog\/fr\/#\/schema\/logo\/image\/\"}},{\"@type\":\"Person\",\"@id\":\"https:\/\/www.ontravelholidayrentals.com\/blog\/fr\/#\/schema\/person\/907601cb91b08af60b0fec9e629a4883\",\"name\":\"Axel\",\"image\":{\"@type\":\"ImageObject\",\"inLanguage\":\"fr-FR\",\"@id\":\"https:\/\/www.ontravelholidayrentals.com\/blog\/fr\/#\/schema\/person\/image\/\",\"url\":\"https:\/\/secure.gravatar.com\/avatar\/3bd706736e5b70f21f05f6c2d5cad746767782a4ba4b7df399c5969e2a9318fd?s=96&d=mm&r=g\",\"contentUrl\":\"https:\/\/secure.gravatar.com\/avatar\/3bd706736e5b70f21f05f6c2d5cad746767782a4ba4b7df399c5969e2a9318fd?s=96&d=mm&r=g\",\"caption\":\"Axel\"},\"url\":\"https:\/\/www.ontravelholidayrentals.com\/blog\/fr\/author\/axel\/\"}]}<\/script>\n<!-- \/ Yoast SEO plugin. -->","yoast_head_json":{"title":"Venez visiter le belv\u00e9d\u00e8re du Cap Negre - Blog","description":"Admirez les vues spectaculaires du Cap Negre, l'un des plus beaux paysages m\u00e9diterran\u00e9ens.","robots":{"index":"index","follow":"follow","max-snippet":"max-snippet:-1","max-image-preview":"max-image-preview:large","max-video-preview":"max-video-preview:-1"},"canonical":"https:\/\/www.ontravelholidayrentals.com\/blog\/fr\/belvedere-cap-negre\/","og_locale":"fr_FR","og_type":"article","og_title":"Venez visiter le belv\u00e9d\u00e8re du Cap Negre - Blog","og_description":"Admirez les vues spectaculaires du Cap Negre, l'un des plus beaux paysages m\u00e9diterran\u00e9ens.","og_url":"https:\/\/www.ontravelholidayrentals.com\/blog\/fr\/belvedere-cap-negre\/","og_site_name":"Blog","article_published_time":"2025-07-14T12:54:24+00:00","article_modified_time":"2025-07-23T12:02:00+00:00","og_image":[{"width":1020,"height":1020,"url":"https:\/\/www.ontravelholidayrentals.com\/blog\/wp-content\/uploads\/2025\/07\/mirador-cap-negre.webp","type":"image\/webp"}],"author":"Axel","twitter_card":"summary_large_image","twitter_misc":{"\u00c9crit par":"Axel","Dur\u00e9e de lecture estim\u00e9e":"6 minutes"},"schema":{"@context":"https:\/\/schema.org","@graph":[{"@type":"Article","@id":"https:\/\/www.ontravelholidayrentals.com\/blog\/fr\/belvedere-cap-negre\/#article","isPartOf":{"@id":"https:\/\/www.ontravelholidayrentals.com\/blog\/fr\/belvedere-cap-negre\/"},"author":{"name":"Axel","@id":"https:\/\/www.ontravelholidayrentals.com\/blog\/fr\/#\/schema\/person\/907601cb91b08af60b0fec9e629a4883"},"headline":"Vous ne connaissez pas encore le belv\u00e9d\u00e8re du Cap Negre ? Nous vous expliquons pourquoi vous ne pouvez pas manquer cette visite !","datePublished":"2025-07-14T12:54:24+00:00","dateModified":"2025-07-23T12:02:00+00:00","mainEntityOfPage":{"@id":"https:\/\/www.ontravelholidayrentals.com\/blog\/fr\/belvedere-cap-negre\/"},"wordCount":1214,"commentCount":0,"publisher":{"@id":"https:\/\/www.ontravelholidayrentals.com\/blog\/fr\/#organization"},"image":{"@id":"https:\/\/www.ontravelholidayrentals.com\/blog\/fr\/belvedere-cap-negre\/#primaryimage"},"thumbnailUrl":"https:\/\/www.ontravelholidayrentals.com\/blog\/wp-content\/uploads\/2025\/07\/mirador-cap-negre.webp","articleSection":["J\u00e1vea"],"inLanguage":"fr-FR","potentialAction":[{"@type":"CommentAction","name":"Comment","target":["https:\/\/www.ontravelholidayrentals.com\/blog\/fr\/belvedere-cap-negre\/#respond"]}]},{"@type":"WebPage","@id":"https:\/\/www.ontravelholidayrentals.com\/blog\/fr\/belvedere-cap-negre\/","url":"https:\/\/www.ontravelholidayrentals.com\/blog\/fr\/belvedere-cap-negre\/","name":"Venez visiter le belv\u00e9d\u00e8re du Cap Negre - Blog","isPartOf":{"@id":"https:\/\/www.ontravelholidayrentals.com\/blog\/fr\/#website"},"primaryImageOfPage":{"@id":"https:\/\/www.ontravelholidayrentals.com\/blog\/fr\/belvedere-cap-negre\/#primaryimage"},"image":{"@id":"https:\/\/www.ontravelholidayrentals.com\/blog\/fr\/belvedere-cap-negre\/#primaryimage"},"thumbnailUrl":"https:\/\/www.ontravelholidayrentals.com\/blog\/wp-content\/uploads\/2025\/07\/mirador-cap-negre.webp","datePublished":"2025-07-14T12:54:24+00:00","dateModified":"2025-07-23T12:02:00+00:00","description":"Admirez les vues spectaculaires du Cap Negre, l'un des plus beaux paysages m\u00e9diterran\u00e9ens.","breadcrumb":{"@id":"https:\/\/www.ontravelholidayrentals.com\/blog\/fr\/belvedere-cap-negre\/#breadcrumb"},"inLanguage":"fr-FR","potentialAction":[{"@type":"ReadAction","target":["https:\/\/www.ontravelholidayrentals.com\/blog\/fr\/belvedere-cap-negre\/"]}]},{"@type":"ImageObject","inLanguage":"fr-FR","@id":"https:\/\/www.ontravelholidayrentals.com\/blog\/fr\/belvedere-cap-negre\/#primaryimage","url":"https:\/\/www.ontravelholidayrentals.com\/blog\/wp-content\/uploads\/2025\/07\/mirador-cap-negre.webp","contentUrl":"https:\/\/www.ontravelholidayrentals.com\/blog\/wp-content\/uploads\/2025\/07\/mirador-cap-negre.webp","width":1020,"height":1020,"caption":"mirador-cap-negre"},{"@type":"BreadcrumbList","@id":"https:\/\/www.ontravelholidayrentals.com\/blog\/fr\/belvedere-cap-negre\/#breadcrumb","itemListElement":[{"@type":"ListItem","position":1,"name":"Portada","item":"https:\/\/www.ontravelholidayrentals.com\/blog\/fr\/"},{"@type":"ListItem","position":2,"name":"Vous ne connaissez pas encore le belv\u00e9d\u00e8re du Cap Negre ? Nous vous expliquons pourquoi vous ne pouvez pas manquer cette visite !"}]},{"@type":"WebSite","@id":"https:\/\/www.ontravelholidayrentals.com\/blog\/fr\/#website","url":"https:\/\/www.ontravelholidayrentals.com\/blog\/fr\/","name":"Blog","description":"Ontravelholidayrentals","publisher":{"@id":"https:\/\/www.ontravelholidayrentals.com\/blog\/fr\/#organization"},"potentialAction":[{"@type":"SearchAction","target":{"@type":"EntryPoint","urlTemplate":"https:\/\/www.ontravelholidayrentals.com\/blog\/fr\/?s={search_term_string}"},"query-input":{"@type":"PropertyValueSpecification","valueRequired":true,"valueName":"search_term_string"}}],"inLanguage":"fr-FR"},{"@type":"Organization","@id":"https:\/\/www.ontravelholidayrentals.com\/blog\/fr\/#organization","name":"Blog","url":"https:\/\/www.ontravelholidayrentals.com\/blog\/fr\/","logo":{"@type":"ImageObject","inLanguage":"fr-FR","@id":"https:\/\/www.ontravelholidayrentals.com\/blog\/fr\/#\/schema\/logo\/image\/","url":"https:\/\/www.ontravelholidayrentals.com\/blog\/wp-content\/uploads\/2025\/02\/logo-oliva-nova.webp","contentUrl":"https:\/\/www.ontravelholidayrentals.com\/blog\/wp-content\/uploads\/2025\/02\/logo-oliva-nova.webp","width":2454,"height":875,"caption":"Blog"},"image":{"@id":"https:\/\/www.ontravelholidayrentals.com\/blog\/fr\/#\/schema\/logo\/image\/"}},{"@type":"Person","@id":"https:\/\/www.ontravelholidayrentals.com\/blog\/fr\/#\/schema\/person\/907601cb91b08af60b0fec9e629a4883","name":"Axel","image":{"@type":"ImageObject","inLanguage":"fr-FR","@id":"https:\/\/www.ontravelholidayrentals.com\/blog\/fr\/#\/schema\/person\/image\/","url":"https:\/\/secure.gravatar.com\/avatar\/3bd706736e5b70f21f05f6c2d5cad746767782a4ba4b7df399c5969e2a9318fd?s=96&d=mm&r=g","contentUrl":"https:\/\/secure.gravatar.com\/avatar\/3bd706736e5b70f21f05f6c2d5cad746767782a4ba4b7df399c5969e2a9318fd?s=96&d=mm&r=g","caption":"Axel"},"url":"https:\/\/www.ontravelholidayrentals.com\/blog\/fr\/author\/axel\/"}]}},"_links":{"self":[{"href":"https:\/\/www.ontravelholidayrentals.com\/blog\/fr\/wp-json\/wp\/v2\/posts\/1027","targetHints":{"allow":["GET"]}}],"collection":[{"href":"https:\/\/www.ontravelholidayrentals.com\/blog\/fr\/wp-json\/wp\/v2\/posts"}],"about":[{"href":"https:\/\/www.ontravelholidayrentals.com\/blog\/fr\/wp-json\/wp\/v2\/types\/post"}],"author":[{"embeddable":true,"href":"https:\/\/www.ontravelholidayrentals.com\/blog\/fr\/wp-json\/wp\/v2\/users\/4"}],"replies":[{"embeddable":true,"href":"https:\/\/www.ontravelholidayrentals.com\/blog\/fr\/wp-json\/wp\/v2\/comments?post=1027"}],"version-history":[{"count":1,"href":"https:\/\/www.ontravelholidayrentals.com\/blog\/fr\/wp-json\/wp\/v2\/posts\/1027\/revisions"}],"predecessor-version":[{"id":1028,"href":"https:\/\/www.ontravelholidayrentals.com\/blog\/fr\/wp-json\/wp\/v2\/posts\/1027\/revisions\/1028"}],"wp:featuredmedia":[{"embeddable":true,"href":"https:\/\/www.ontravelholidayrentals.com\/blog\/fr\/wp-json\/wp\/v2\/media\/969"}],"wp:attachment":[{"href":"https:\/\/www.ontravelholidayrentals.com\/blog\/fr\/wp-json\/wp\/v2\/media?parent=1027"}],"wp:term":[{"taxonomy":"category","embeddable":true,"href":"https:\/\/www.ontravelholidayrentals.com\/blog\/fr\/wp-json\/wp\/v2\/categories?post=1027"},{"taxonomy":"post_tag","embeddable":true,"href":"https:\/\/www.ontravelholidayrentals.com\/blog\/fr\/wp-json\/wp\/v2\/tags?post=1027"}],"curies":[{"name":"wp","href":"https:\/\/api.w.org\/{rel}","templated":true}]}}