{"id":949,"date":"2025-06-13T10:49:09","date_gmt":"2025-06-13T10:49:09","guid":{"rendered":"https:\/\/www.ontravelholidayrentals.com\/blog\/?p=949"},"modified":"2025-06-23T14:14:09","modified_gmt":"2025-06-23T14:14:09","slug":"castillo-de-forna","status":"publish","type":"post","link":"https:\/\/www.ontravelholidayrentals.com\/blog\/de\/castillo-de-forna\/","title":{"rendered":"M\u00f6chten Sie eine gro\u00dfartige Burg besichtigen? Kommen Sie zur Burg Forna in Alicante"},"content":{"rendered":"\t\t<div data-elementor-type=\"wp-post\" data-elementor-id=\"949\" class=\"elementor elementor-949 elementor-880\" data-elementor-post-type=\"post\">\n\t\t\t\t<div class=\"elementor-element elementor-element-74395d48 e-flex e-con-boxed e-con e-parent\" data-id=\"74395d48\" data-element_type=\"container\" data-e-type=\"container\" data-settings=\"{&quot;background_background&quot;:&quot;classic&quot;}\">\n\t\t\t\t\t<div class=\"e-con-inner\">\n\t\t\t\t<div class=\"elementor-element elementor-element-3acad776 elementor-widget elementor-widget-heading\" data-id=\"3acad776\" data-element_type=\"widget\" data-e-type=\"widget\" data-widget_type=\"heading.default\">\n\t\t\t\t<div class=\"elementor-widget-container\">\n\t\t\t\t\t<h1 class=\"elementor-heading-title elementor-size-default\">Titel<\/h1>\t\t\t\t<\/div>\n\t\t\t\t<\/div>\n\t\t\t\t\t<\/div>\n\t\t\t\t<\/div>\n\t\t<div class=\"elementor-element elementor-element-486bc794 e-flex e-con-boxed e-con e-parent\" data-id=\"486bc794\" data-element_type=\"container\" data-e-type=\"container\">\n\t\t\t\t\t<div class=\"e-con-inner\">\n\t\t\t\t<div class=\"elementor-element elementor-element-7c2cb739 elementor-widget elementor-widget-text-editor\" data-id=\"7c2cb739\" data-element_type=\"widget\" data-e-type=\"widget\" data-widget_type=\"text-editor.default\">\n\t\t\t\t<div class=\"elementor-widget-container\">\n\t\t\t\t\t\t\t\t\t<p>M\u00f6glicherweise sind Sie inzwischen der zahlreichen Selfies an \u00fcberf\u00fcllten Str\u00e4nden \u00fcberdr\u00fcssig und sehnen sich nach einer etwas anderen Erfahrung. Gewiss, ein sommerliches Bad ist unerl\u00e4sslich, jedoch <strong>existieren andere \u00e4u\u00dferst interessante Alternativen<\/strong>, insbesondere in Alicante.  <\/p><p>Wir sprechen von keiner Geringeren als der Burg Forna. Es ist zwar zutreffend, dass Sie hier keine WLAN-Abdeckung vorfinden werden, stattdessen jedoch <strong>werden Sie Ihre Seele mit den \u00fcber 800 Jahren Geschichte verbinden, die diese Festung in sich birgt.<\/strong>  <\/p><p>Stellen Sie sich Folgendes vor: <strong>eine mittelalterliche Festung, die wie direkt aus Game of Thrones entsprungen scheint<\/strong>, thronend auf einem Vorgebirge, als w\u00e4re sie die perfekte Kulisse f\u00fcr Ihren n\u00e4chsten Instagram-Beitrag.<\/p><p>Das Beste daran? Sie ben\u00f6tigen lediglich einen 20-min\u00fctigen Aufstieg (ideal, um die Paella des Vorabends zu verbrennen) und Sie erreichen einen Aussichtspunkt, der Ihre Verwandten vor Neid erblassen lassen wird, wenn Sie ihnen Ihre Reisefotos pr\u00e4sentieren. Mittelalterliche \u201eGraffiti\u201c, die pure Kunst darstellen, T\u00fcrme, die der Schwerkraft trotzen, und <strong>ein traumhaftes Dorf mit weniger als 100 Einwohnern erwarten Sie in Forna.<\/strong>    <\/p><p>Bei On Travel <strong>m\u00f6chten wir Ihnen dabei behilflich sein, alles \u00fcber diesen fantastischen kulturellen Besuch zu entdecken<\/strong>. Folgendes k\u00f6nnen Sie im Anschluss erwarten: einen \u00dcberblick \u00fcber die Geschichte der Burg, Informationen zur Anreise sowie einige Vorschl\u00e4ge f\u00fcr Aktivit\u00e4ten in der Umgebung. Nehmen Sie sich dies bitte zu Herzen!   <\/p>\t\t\t\t\t\t\t\t<\/div>\n\t\t\t\t<\/div>\n\t\t\t\t\t<\/div>\n\t\t\t\t<\/div>\n\t\t<div class=\"elementor-element elementor-element-c4312d1 e-flex e-con-boxed e-con e-parent\" data-id=\"c4312d1\" data-element_type=\"container\" data-e-type=\"container\">\n\t\t\t\t\t<div class=\"e-con-inner\">\n\t\t\t\t<div class=\"elementor-element elementor-element-8e6af21 elementor-widget elementor-widget-table-of-contents\" data-id=\"8e6af21\" data-element_type=\"widget\" data-e-type=\"widget\" data-settings=\"{&quot;headings_by_tags&quot;:[&quot;h2&quot;,&quot;h3&quot;],&quot;exclude_headings_by_selector&quot;:[],&quot;marker_view&quot;:&quot;bullets&quot;,&quot;icon&quot;:{&quot;value&quot;:&quot;&quot;,&quot;library&quot;:&quot;&quot;},&quot;no_headings_message&quot;:&quot;No headings were found on this page.&quot;,&quot;hierarchical_view&quot;:&quot;yes&quot;,&quot;min_height&quot;:{&quot;unit&quot;:&quot;px&quot;,&quot;size&quot;:&quot;&quot;,&quot;sizes&quot;:[]},&quot;min_height_tablet&quot;:{&quot;unit&quot;:&quot;px&quot;,&quot;size&quot;:&quot;&quot;,&quot;sizes&quot;:[]},&quot;min_height_mobile&quot;:{&quot;unit&quot;:&quot;px&quot;,&quot;size&quot;:&quot;&quot;,&quot;sizes&quot;:[]}}\" data-widget_type=\"table-of-contents.default\">\n\t\t\t\t<div class=\"elementor-widget-container\">\n\t\t\t\t\t\t\t\t\t<div class=\"elementor-toc__header\">\n\t\t\t\t\t\t<div class=\"elementor-toc__header-title\">\n\t\t\t\tInhaltsverzeichnis\t\t\t<\/div>\n\t\t\t\t\t\t\t\t<\/div>\n\t\t\t\t<div id=\"elementor-toc__8e6af21\" class=\"elementor-toc__body\">\n\t\t\t<div class=\"elementor-toc__spinner-container\">\n\t\t\t\t<svg class=\"elementor-toc__spinner eicon-animation-spin e-font-icon-svg e-eicon-loading\" aria-hidden=\"true\" viewBox=\"0 0 1000 1000\" xmlns=\"http:\/\/www.w3.org\/2000\/svg\"><path d=\"M500 975V858C696 858 858 696 858 500S696 142 500 142 142 304 142 500H25C25 237 238 25 500 25S975 237 975 500 763 975 500 975Z\"><\/path><\/svg>\t\t\t<\/div>\n\t\t<\/div>\n\t\t\t\t\t\t<\/div>\n\t\t\t\t<\/div>\n\t\t\t\t\t<\/div>\n\t\t\t\t<\/div>\n\t\t<div class=\"elementor-element elementor-element-63c41183 e-flex e-con-boxed e-con e-parent\" data-id=\"63c41183\" data-element_type=\"container\" data-e-type=\"container\">\n\t\t\t\t\t<div class=\"e-con-inner\">\n\t\t\t\t<div class=\"elementor-element elementor-element-65f54986 elementor-widget elementor-widget-heading\" data-id=\"65f54986\" data-element_type=\"widget\" data-e-type=\"widget\" data-widget_type=\"heading.default\">\n\t\t\t\t<div class=\"elementor-widget-container\">\n\t\t\t\t\t<h2 class=\"elementor-heading-title elementor-size-default\">Entdecken Sie die faszinierende Geschichte der Burg Forna<\/h2>\t\t\t\t<\/div>\n\t\t\t\t<\/div>\n\t\t\t\t<div class=\"elementor-element elementor-element-2263925f elementor-widget elementor-widget-text-editor\" data-id=\"2263925f\" data-element_type=\"widget\" data-e-type=\"widget\" data-widget_type=\"text-editor.default\">\n\t\t\t\t<div class=\"elementor-widget-container\">\n\t\t\t\t\t\t\t\t\t<p>Die Burg Forna, gelegen in Alicante, ist <strong>eine beeindruckende mittelalterliche Festung, deren Urspr\u00fcnge bis ins 13. Jahrhundert zur\u00fcckreichen<\/strong>, wenngleich ihre gegenw\u00e4rtige Struktur haupts\u00e4chlich dem 14. und 15. Jahrhundert zuzuordnen ist.<\/p><p>Einer der bedeutendsten Aspekte, der ihr den Gro\u00dfteil ihrer Identit\u00e4t verleiht, besteht darin, dass <strong>sie urspr\u00fcnglich auf den Fundamenten eines alten arabischen Wachturms errichtet wurde<\/strong> und nach der Eroberung durch Jakob I. von der Familie Cru\u00eflles in ein Herrenhaus umgewandelt wurde.<\/p><p>Die Burg Forna <strong>birgt eine einzigartige Geschichte f\u00fcr Liebhaber der valencianischen zivilen Gotik<\/strong>. Sollten Sie diese Epoche und ihre Architektur sch\u00e4tzen, wird es f\u00fcr Sie ein wahrhaftiger Genuss sein. In der Tat pr\u00e4sentiert sie eine einzigartige Architektur mit unabh\u00e4ngigen T\u00fcrmen und einem zentralen Innenhof, sodass es nicht verwunderlich ist, dass sie zu einem hochgesch\u00e4tzten historischen Symbol sowohl f\u00fcr Touristen als auch f\u00fcr die Bewohner der Provinz avanciert ist.  <\/p><p>Die Menschen sch\u00e4tzen ihre Geschichte aufgrund der Mischung aus Mysterium, Kunst und feudalem Erbe, <strong>zus\u00e4tzlich zu den beeindruckenden Ausblicken auf die K\u00fcstenlinie<\/strong>, was Tausende von Touristen dazu veranlasst, anzureisen und den Speicher ihrer Mobiltelefone mit qualitativ hochwertigen Panoramaaufnahmen zu f\u00fcllen.<\/p><p>Der einzige \u201eNachteil\u201c besteht darin, dass das Innere derzeit aufgrund von Restaurierungsarbeiten geschlossen ist, <strong>jedoch verspricht die Wiederer\u00f6ffnung im<\/strong> <strong>Jahre 2026, all ihren Glanz wiederzubeleben<\/strong> und zahlreiche Touristen anzuziehen.<\/p>\t\t\t\t\t\t\t\t<\/div>\n\t\t\t\t<\/div>\n\t\t\t\t<div class=\"elementor-element elementor-element-9d68545 elementor-widget elementor-widget-image\" data-id=\"9d68545\" data-element_type=\"widget\" data-e-type=\"widget\" data-widget_type=\"image.default\">\n\t\t\t\t<div class=\"elementor-widget-container\">\n\t\t\t\t\t\t\t\t\t\t\t\t\t\t\t<img fetchpriority=\"high\" decoding=\"async\" width=\"1258\" height=\"707\" src=\"https:\/\/www.ontravelholidayrentals.com\/blog\/wp-content\/uploads\/2025\/06\/visitar-Castillo-de-Forna.jpg\" class=\"attachment-full size-full wp-image-894\" alt=\"visitar-Castillo-de-Forna.jpg\" srcset=\"https:\/\/www.ontravelholidayrentals.com\/blog\/wp-content\/uploads\/2025\/06\/visitar-Castillo-de-Forna.jpg 1258w, https:\/\/www.ontravelholidayrentals.com\/blog\/wp-content\/uploads\/2025\/06\/visitar-Castillo-de-Forna-300x169.jpg 300w, https:\/\/www.ontravelholidayrentals.com\/blog\/wp-content\/uploads\/2025\/06\/visitar-Castillo-de-Forna-1024x575.jpg 1024w, https:\/\/www.ontravelholidayrentals.com\/blog\/wp-content\/uploads\/2025\/06\/visitar-Castillo-de-Forna-768x432.jpg 768w\" sizes=\"(max-width: 1258px) 100vw, 1258px\" \/>\t\t\t\t\t\t\t\t\t\t\t\t\t\t\t<\/div>\n\t\t\t\t<\/div>\n\t\t\t\t\t<\/div>\n\t\t\t\t<\/div>\n\t\t<div class=\"elementor-element elementor-element-1510f97a e-flex e-con-boxed e-con e-parent\" data-id=\"1510f97a\" data-element_type=\"container\" data-e-type=\"container\">\n\t\t\t\t\t<div class=\"e-con-inner\">\n\t\t\t\t<div class=\"elementor-element elementor-element-1594b98 elementor-widget elementor-widget-heading\" data-id=\"1594b98\" data-element_type=\"widget\" data-e-type=\"widget\" data-widget_type=\"heading.default\">\n\t\t\t\t<div class=\"elementor-widget-container\">\n\t\t\t\t\t<h2 class=\"elementor-heading-title elementor-size-default\">So gelangen Sie zur Burg Forna<\/h2>\t\t\t\t<\/div>\n\t\t\t\t<\/div>\n\t\t\t\t<div class=\"elementor-element elementor-element-783c282b elementor-widget elementor-widget-text-editor\" data-id=\"783c282b\" data-element_type=\"widget\" data-e-type=\"widget\" data-widget_type=\"text-editor.default\">\n\t\t\t\t<div class=\"elementor-widget-container\">\n\t\t\t\t\t\t\t\t\t<p>Um die Burg Forna zu erreichen, <strong>empfehlen wir, am Xiringuito de Forna zu parken<\/strong>, welches sich in unmittelbarer N\u00e4he der Burg befindet. Von dort aus folgt ein etwa 15- bis 20-min\u00fctiger Aufstieg entlang eines unbefestigten Weges mit niedriger Bergvegetation bis zum Ziel.<\/p><p>Der Pfad <strong>ist f\u00fcr Personen jeglicher Kondition recht gut zug\u00e4nglich<\/strong> und erm\u00f6glicht es Ihnen, w\u00e4hrend des Aufstiegs spektakul\u00e4re Ausblicke auf die Landschaft zu genie\u00dfen.<\/p><p>Sie k\u00f6nnen <strong>die Burg auch mit dem Auto von Alicante aus in ungef\u00e4hr 1 Stunde und 30 Minuten erreichen, wobei eine Strecke von circa 99 km zur\u00fcckzulegen ist<\/strong>. Und sollten Sie nicht \u00fcber ein Fahrzeug verf\u00fcgen, so seien Sie unbesorgt, da Ihnen Optionen mit Bus oder Taxi in Kombination mit der Stra\u00dfenbahn zur Verf\u00fcgung stehen. Wenngleich diese Alternativen etwas zeitaufwendiger sind.   <\/p><p>Wie Sie sehen k\u00f6nnen, <strong>existieren mehrere M\u00f6glichkeiten, um zu dieser Burg zu gelangen<\/strong>, die ein wahres Emblem der valencianischen Gotik darstellt. M\u00f6chten Sie erfahren, welche weiteren Aktivit\u00e4ten Sie in der Umgebung unternehmen k\u00f6nnen? Wir sehen uns im n\u00e4chsten Abschnitt.   <\/p>\t\t\t\t\t\t\t\t<\/div>\n\t\t\t\t<\/div>\n\t\t\t\t\t<\/div>\n\t\t\t\t<\/div>\n\t\t<div class=\"elementor-element elementor-element-881eb30 e-flex e-con-boxed e-con e-parent\" data-id=\"881eb30\" data-element_type=\"container\" data-e-type=\"container\">\n\t\t\t\t\t<div class=\"e-con-inner\">\n\t\t\t\t<div class=\"elementor-element elementor-element-8937ba3 elementor-widget elementor-widget-heading\" data-id=\"8937ba3\" data-element_type=\"widget\" data-e-type=\"widget\" data-widget_type=\"heading.default\">\n\t\t\t\t<div class=\"elementor-widget-container\">\n\t\t\t\t\t<h2 class=\"elementor-heading-title elementor-size-default\">Was gibt es in der N\u00e4he der Burg Forna zu sehen?<\/h2>\t\t\t\t<\/div>\n\t\t\t\t<\/div>\n\t\t\t\t<div class=\"elementor-element elementor-element-2720b64 elementor-widget elementor-widget-text-editor\" data-id=\"2720b64\" data-element_type=\"widget\" data-e-type=\"widget\" data-widget_type=\"text-editor.default\">\n\t\t\t\t<div class=\"elementor-widget-container\">\n\t\t\t\t\t\t\t\t\t<p>Wie bereits erw\u00e4hnt, ist die Burg Forna <strong>eines der interessantesten Reiseziele in Alicante<\/strong>. Doch warum genau?  <\/p><p>Nun, abgesehen von ihrer imposanten Architektur handelt es sich um einen hochgelegenen Ort, von dem aus Sie spektakul\u00e4re Ausblicke auf das Tal, das Dorf Forna und die K\u00fcste von Oliva genie\u00dfen k\u00f6nnen. <strong>Dies ist ein perfekter Aussichtspunkt, um die Verbindung zwischen La Safor, Marina Alta und El Comtat zu w\u00fcrdigen.<\/strong> <\/p><p>In Bezug auf das n\u00e4chstgelegene Dorf ist Forna in Alicante ein charmanter l\u00e4ndlicher Ort mit weniger als 100 Einwohnern, gelegen am Fu\u00dfe der Burg. Es ist auch bekannt f\u00fcr seine traditionellen, mit Blumen geschm\u00fcckten H\u00e4user, die Frieden und die Identit\u00e4t des Ortes vermitteln.  <\/p><p>Es bildet einen Komplex mit der benachbarten Ortschaft L&#8217;Atz\u00fabia, <strong>wo Sie die Kirche San Bernardo Abad besichtigen und Wanderrouten sowie Erholungsgebiete<\/strong> wie den Tossal del Llop genie\u00dfen k\u00f6nnen, der sich perfekt f\u00fcr ein angenehmes Picknick und einige Outdoor-Aktivit\u00e4ten mit Familie oder Freunden eignet.<\/p><p>In der Umgebung <strong>befinden sich zudem weitere Sehensw\u00fcrdigkeiten wie die Canelobre-H\u00f6hle<\/strong>, der Naturpark Pego-Oliva Marsch und nahegelegene Burgen wie jene in Benirrama, die Ihren Besuch zweifellos bereichern werden.<\/p>\t\t\t\t\t\t\t\t<\/div>\n\t\t\t\t<\/div>\n\t\t\t\t\t<\/div>\n\t\t\t\t<\/div>\n\t\t<div class=\"elementor-element elementor-element-ce5b272 e-flex e-con-boxed e-con e-parent\" data-id=\"ce5b272\" data-element_type=\"container\" data-e-type=\"container\">\n\t\t\t\t\t<div class=\"e-con-inner\">\n\t\t\t\t<div class=\"elementor-element elementor-element-6aafbe3 elementor-widget elementor-widget-video\" data-id=\"6aafbe3\" data-element_type=\"widget\" data-e-type=\"widget\" data-settings=\"{&quot;youtube_url&quot;:&quot;https:\\\/\\\/www.youtube.com\\\/watch?v=7GmV1lJ2OaY&quot;,&quot;video_type&quot;:&quot;youtube&quot;,&quot;controls&quot;:&quot;yes&quot;}\" data-widget_type=\"video.default\">\n\t\t\t\t<div class=\"elementor-widget-container\">\n\t\t\t\t\t\t\t<div class=\"elementor-wrapper elementor-open-inline\">\n\t\t\t<div class=\"elementor-video\"><\/div>\t\t<\/div>\n\t\t\t\t\t\t<\/div>\n\t\t\t\t<\/div>\n\t\t\t\t\t<\/div>\n\t\t\t\t<\/div>\n\t\t<div class=\"elementor-element elementor-element-0571949 e-flex e-con-boxed e-con e-parent\" data-id=\"0571949\" data-element_type=\"container\" data-e-type=\"container\">\n\t\t\t\t\t<div class=\"e-con-inner\">\n\t\t\t\t<div class=\"elementor-element elementor-element-50ec487 elementor-widget elementor-widget-heading\" data-id=\"50ec487\" data-element_type=\"widget\" data-e-type=\"widget\" data-widget_type=\"heading.default\">\n\t\t\t\t<div class=\"elementor-widget-container\">\n\t\t\t\t\t<h2 class=\"elementor-heading-title elementor-size-default\">Weshalb sollten Sie die Burg Forna besichtigen?<\/h2>\t\t\t\t<\/div>\n\t\t\t\t<\/div>\n\t\t\t\t<div class=\"elementor-element elementor-element-e3279d6 elementor-widget elementor-widget-text-editor\" data-id=\"e3279d6\" data-element_type=\"widget\" data-e-type=\"widget\" data-widget_type=\"text-editor.default\">\n\t\t\t\t<div class=\"elementor-widget-container\">\n\t\t\t\t\t\t\t\t\t<p>Es handelt sich um allgemein bekannte Tatsachen. Es ist weithin anerkannt, dass die Valencianische Gemeinschaft f\u00fcr ihre malerischen Str\u00e4nde und imposanten Burgen ber\u00fchmt ist. Das Erlebnis, <strong>sich erneut mit der mittelalterlichen Geschichte zu verbinden, stellt ein wahrhaftiges Privileg dar<\/strong>, welches in dieser Region mehr als in jedem anderen Teil unseres Landes genossen werden kann.   <\/p><p>Allerdings ist es von geringem Nutzen, beeindruckende Orte zu besuchen, wenn die Unterkunft, in der Sie residieren, nicht den Anforderungen entspricht. Bei On Travel ist es unser Anliegen, Ihren Aufenthalt so angenehm wie m\u00f6glich zu gestalten, und aus diesem Grund <strong>bieten wir Ihnen eine umfangreiche Auswahl an Apartments in Oliva, Moraira, J\u00e1vea, Benissa und Denia an<\/strong>.  <\/p><p>Kontaktieren Sie uns und <strong>reservieren Sie Ihre Unterkunft f\u00fcr Ihren n\u00e4chsten Urlaubsaufenthalt<\/strong>. Beeilen Sie sich, bevor alle Unterk\u00fcnfte vergeben sind!  <\/p>\t\t\t\t\t\t\t\t<\/div>\n\t\t\t\t<\/div>\n\t\t\t\t\t<\/div>\n\t\t\t\t<\/div>\n\t\t<div class=\"elementor-element elementor-element-56442042 e-flex e-con-boxed e-con e-parent\" data-id=\"56442042\" data-element_type=\"container\" data-e-type=\"container\">\n\t\t\t\t\t<div class=\"e-con-inner\">\n\t\t\t\t<div class=\"elementor-element elementor-element-130939e elementor-widget elementor-widget-grid\" data-id=\"130939e\" data-element_type=\"widget\" data-e-type=\"widget\" data-widget_type=\"grid.default\">\n\t\t\t\t<div class=\"elementor-widget-container\">\n\t\t\t\t\t\t\t<div class=\"its--row alojamientos-recomendados\">\n\n\t\t\t<div class=\"alojamientos-recomendados-container\">\n\n\t\t\t\t\t\n\t\t\t\t\t<a href=\"https:\/\/www.ontravelholidayrentals.com\/de\/vermietung\/villa-oliva-villa-vermeer-51-460858.html\" rel=\"nofollow\" style=\"width: 23%;\">\n\t\t\t\t\t\t<div class=\"apartamento-box\">\n\t\t\t\t\t\t\t<div class=\"imagen_recomendados\">\n\t\t\t\t\t\t\t\t<img decoding=\"async\" src=\"https:\/\/crs.avantio.com\/fotos\/2\/1703084140d3f439d9b3375a13b4f0e50afb895aaa\/big1703332585741831091dd4ad756385090fb49199ea.jpg\" alt=\"Villa Colibri by ON Travel\">\n\t\t\t\t\t\t\t<\/div>\n\t\t\t\t\t\t\t<div class=\"info\">\n\t\t\t\t\t\t\t\t<div class=\"ubicacion\">\n\t\t\t\t\t\t\t\t\t<i class=\"fa-solid fa-location-dot icono-mapa\"><\/i><span class=\"ubicacion-texto\">Oliva - Valencia Provinz<\/span>\n\t\t\t\t\t\t\t\t<\/div>\n\t\t\t\t\t\t\t\t<H3 class=\"titulo-alojamiento\">\n\t\t\t\t\t\t\t\t\tVilla Colibri by ON Travel\t\t\t\t\t\t\t\t<\/H3>\n\t\t\t\t\t\t\t\t<p class=\"precio-alojamiento\">Aus <span class=\"precio\">328.00\u20ac<\/span> pro Nacht<\/p>\n\t\t\t\t\t\t\t<\/div>\n\t\t\t\t\t\t<\/div>\n\t\t\t\t\t<\/a> \n\t\t\t\t\t\t\n\t\t\t\t\t<a href=\"https:\/\/www.ontravelholidayrentals.com\/de\/vermietung\/villa-oliva-villa-vermeer-21-461268.html\" rel=\"nofollow\" style=\"width: 23%;\">\n\t\t\t\t\t\t<div class=\"apartamento-box\">\n\t\t\t\t\t\t\t<div class=\"imagen_recomendados\">\n\t\t\t\t\t\t\t\t<img decoding=\"async\" src=\"https:\/\/crs.avantio.com\/fotos\/2\/1703335589811fbc048cd27ef2e70871e03571a65f\/big17033356189dc73706c960d3ef8712f0c901543b8b.jpg\" alt=\"Villa Solana  by ON Travel\">\n\t\t\t\t\t\t\t<\/div>\n\t\t\t\t\t\t\t<div class=\"info\">\n\t\t\t\t\t\t\t\t<div class=\"ubicacion\">\n\t\t\t\t\t\t\t\t\t<i class=\"fa-solid fa-location-dot icono-mapa\"><\/i><span class=\"ubicacion-texto\">Oliva - Valencia Provinz<\/span>\n\t\t\t\t\t\t\t\t<\/div>\n\t\t\t\t\t\t\t\t<H3 class=\"titulo-alojamiento\">\n\t\t\t\t\t\t\t\t\tVilla Solana  by ON Travel\t\t\t\t\t\t\t\t<\/H3>\n\t\t\t\t\t\t\t\t<p class=\"precio-alojamiento\">Aus <span class=\"precio\">217.00\u20ac<\/span> pro Nacht<\/p>\n\t\t\t\t\t\t\t<\/div>\n\t\t\t\t\t\t<\/div>\n\t\t\t\t\t<\/a> \n\t\t\t\t\t\t\n\t\t\t\t\t<a href=\"https:\/\/www.ontravelholidayrentals.com\/de\/vermietung\/villa-oliva-villa-vermeer-25-461292.html\" rel=\"nofollow\" style=\"width: 23%;\">\n\t\t\t\t\t\t<div class=\"apartamento-box\">\n\t\t\t\t\t\t\t<div class=\"imagen_recomendados\">\n\t\t\t\t\t\t\t\t<img decoding=\"async\" src=\"https:\/\/crs.avantio.com\/fotos\/2\/1705335735591b101a10adf0c9165b293b19af3489\/big1705335762de9703dc1854540c9777fd4932b0499a.jpg\" alt=\"Greenside oasis villa by ON Travel\">\n\t\t\t\t\t\t\t<\/div>\n\t\t\t\t\t\t\t<div class=\"info\">\n\t\t\t\t\t\t\t\t<div class=\"ubicacion\">\n\t\t\t\t\t\t\t\t\t<i class=\"fa-solid fa-location-dot icono-mapa\"><\/i><span class=\"ubicacion-texto\">Oliva - Valencia Provinz<\/span>\n\t\t\t\t\t\t\t\t<\/div>\n\t\t\t\t\t\t\t\t<H3 class=\"titulo-alojamiento\">\n\t\t\t\t\t\t\t\t\tGreenside oasis villa by ON Travel\t\t\t\t\t\t\t\t<\/H3>\n\t\t\t\t\t\t\t\t<p class=\"precio-alojamiento\">Aus <span class=\"precio\">328.00\u20ac<\/span> pro Nacht<\/p>\n\t\t\t\t\t\t\t<\/div>\n\t\t\t\t\t\t<\/div>\n\t\t\t\t\t<\/a> \n\t\t\t\t\t\t\n\t\t\t\t\t<a href=\"https:\/\/www.ontravelholidayrentals.com\/de\/vermietung\/villa-oliva-villa-vermeer-43-461293.html\" rel=\"nofollow\" style=\"width: 23%;\">\n\t\t\t\t\t\t<div class=\"apartamento-box\">\n\t\t\t\t\t\t\t<div class=\"imagen_recomendados\">\n\t\t\t\t\t\t\t\t<img decoding=\"async\" src=\"https:\/\/crs.avantio.com\/fotos\/2\/17054241108ffb3352fb1b6efd3c6e1c3097debf40\/big170542451565ad5f2b0843b6346526f00ede7b3ef7.jpg\" alt=\"Villa Cisne by ON Travel\">\n\t\t\t\t\t\t\t<\/div>\n\t\t\t\t\t\t\t<div class=\"info\">\n\t\t\t\t\t\t\t\t<div class=\"ubicacion\">\n\t\t\t\t\t\t\t\t\t<i class=\"fa-solid fa-location-dot icono-mapa\"><\/i><span class=\"ubicacion-texto\">Oliva - Valencia Provinz<\/span>\n\t\t\t\t\t\t\t\t<\/div>\n\t\t\t\t\t\t\t\t<H3 class=\"titulo-alojamiento\">\n\t\t\t\t\t\t\t\t\tVilla Cisne by ON Travel\t\t\t\t\t\t\t\t<\/H3>\n\t\t\t\t\t\t\t\t<p class=\"precio-alojamiento\">Aus <span class=\"precio\">205.00\u20ac<\/span> pro Nacht<\/p>\n\t\t\t\t\t\t\t<\/div>\n\t\t\t\t\t\t<\/div>\n\t\t\t\t\t<\/a> \n\t\t\t\t\t\t\t\t<\/div>\n\t\t\t<\/div>\n\t\t\t\t\t\t<\/div>\n\t\t\t\t<\/div>\n\t\t\t\t\t<\/div>\n\t\t\t\t<\/div>\n\t\t\t\t<\/div>\n\t\t","protected":false},"excerpt":{"rendered":"<p>Titel M\u00f6glicherweise sind Sie inzwischen der zahlreichen Selfies an \u00fcberf\u00fcllten Str\u00e4nden \u00fcberdr\u00fcssig und sehnen sich nach einer etwas anderen Erfahrung. Gewiss, ein sommerliches Bad ist unerl\u00e4sslich, jedoch existieren andere \u00e4u\u00dferst interessante Alternativen, insbesondere in Alicante. Wir sprechen von keiner Geringeren als der Burg Forna. Es ist zwar zutreffend, dass Sie hier keine WLAN-Abdeckung vorfinden werden, [&hellip;]<\/p>\n","protected":false},"author":4,"featured_media":898,"comment_status":"open","ping_status":"open","sticky":false,"template":"elementor_header_footer","format":"standard","meta":{"footnotes":""},"categories":[24],"tags":[72],"class_list":["post-949","post","type-post","status-publish","format-standard","has-post-thumbnail","hentry","category-oliva-de","tag-no-template"],"yoast_head":"<!-- This site is optimized with the Yoast SEO plugin v25.2 - https:\/\/yoast.com\/wordpress\/plugins\/seo\/ -->\n<title>Burg Forna - Blog<\/title>\n<meta name=\"description\" content=\"Besuchen Sie die Burg Forna und tauchen Sie ein in ihre Geschichte und panoramischen Ausblicke.\" \/>\n<meta name=\"robots\" content=\"index, follow, max-snippet:-1, max-image-preview:large, max-video-preview:-1\" \/>\n<link rel=\"canonical\" href=\"https:\/\/www.ontravelholidayrentals.com\/blog\/de\/castillo-de-forna\/\" \/>\n<meta property=\"og:locale\" content=\"de_DE\" \/>\n<meta property=\"og:type\" content=\"article\" \/>\n<meta property=\"og:title\" content=\"Burg Forna - Blog\" \/>\n<meta property=\"og:description\" content=\"Besuchen Sie die Burg Forna und tauchen Sie ein in ihre Geschichte und panoramischen Ausblicke.\" \/>\n<meta property=\"og:url\" content=\"https:\/\/www.ontravelholidayrentals.com\/blog\/de\/castillo-de-forna\/\" \/>\n<meta property=\"og:site_name\" content=\"Blog\" \/>\n<meta property=\"article:published_time\" content=\"2025-06-13T10:49:09+00:00\" \/>\n<meta property=\"article:modified_time\" content=\"2025-06-23T14:14:09+00:00\" \/>\n<meta property=\"og:image\" content=\"https:\/\/www.ontravelholidayrentals.com\/blog\/wp-content\/uploads\/2025\/06\/Castillo-de-Forna.jpg\" \/>\n\t<meta property=\"og:image:width\" content=\"2127\" \/>\n\t<meta property=\"og:image:height\" content=\"709\" \/>\n\t<meta property=\"og:image:type\" content=\"image\/jpeg\" \/>\n<meta name=\"author\" content=\"Axel\" \/>\n<meta name=\"twitter:card\" content=\"summary_large_image\" \/>\n<meta name=\"twitter:label1\" content=\"Verfasst von\" \/>\n\t<meta name=\"twitter:data1\" content=\"Axel\" \/>\n\t<meta name=\"twitter:label2\" content=\"Gesch\u00e4tzte Lesezeit\" \/>\n\t<meta name=\"twitter:data2\" content=\"5\u00a0Minuten\" \/>\n<script type=\"application\/ld+json\" class=\"yoast-schema-graph\">{\"@context\":\"https:\/\/schema.org\",\"@graph\":[{\"@type\":\"Article\",\"@id\":\"https:\/\/www.ontravelholidayrentals.com\/blog\/de\/castillo-de-forna\/#article\",\"isPartOf\":{\"@id\":\"https:\/\/www.ontravelholidayrentals.com\/blog\/de\/castillo-de-forna\/\"},\"author\":{\"name\":\"Axel\",\"@id\":\"https:\/\/www.ontravelholidayrentals.com\/blog\/de\/#\/schema\/person\/907601cb91b08af60b0fec9e629a4883\"},\"headline\":\"M\u00f6chten Sie eine gro\u00dfartige Burg besichtigen? Kommen Sie zur Burg Forna in Alicante\",\"datePublished\":\"2025-06-13T10:49:09+00:00\",\"dateModified\":\"2025-06-23T14:14:09+00:00\",\"mainEntityOfPage\":{\"@id\":\"https:\/\/www.ontravelholidayrentals.com\/blog\/de\/castillo-de-forna\/\"},\"wordCount\":1079,\"commentCount\":0,\"publisher\":{\"@id\":\"https:\/\/www.ontravelholidayrentals.com\/blog\/de\/#organization\"},\"image\":{\"@id\":\"https:\/\/www.ontravelholidayrentals.com\/blog\/de\/castillo-de-forna\/#primaryimage\"},\"thumbnailUrl\":\"https:\/\/www.ontravelholidayrentals.com\/blog\/wp-content\/uploads\/2025\/06\/Castillo-de-Forna.jpg\",\"keywords\":[\"no template\"],\"articleSection\":[\"Oliva\"],\"inLanguage\":\"de\",\"potentialAction\":[{\"@type\":\"CommentAction\",\"name\":\"Comment\",\"target\":[\"https:\/\/www.ontravelholidayrentals.com\/blog\/de\/castillo-de-forna\/#respond\"]}]},{\"@type\":\"WebPage\",\"@id\":\"https:\/\/www.ontravelholidayrentals.com\/blog\/de\/castillo-de-forna\/\",\"url\":\"https:\/\/www.ontravelholidayrentals.com\/blog\/de\/castillo-de-forna\/\",\"name\":\"Burg Forna - Blog\",\"isPartOf\":{\"@id\":\"https:\/\/www.ontravelholidayrentals.com\/blog\/de\/#website\"},\"primaryImageOfPage\":{\"@id\":\"https:\/\/www.ontravelholidayrentals.com\/blog\/de\/castillo-de-forna\/#primaryimage\"},\"image\":{\"@id\":\"https:\/\/www.ontravelholidayrentals.com\/blog\/de\/castillo-de-forna\/#primaryimage\"},\"thumbnailUrl\":\"https:\/\/www.ontravelholidayrentals.com\/blog\/wp-content\/uploads\/2025\/06\/Castillo-de-Forna.jpg\",\"datePublished\":\"2025-06-13T10:49:09+00:00\",\"dateModified\":\"2025-06-23T14:14:09+00:00\",\"description\":\"Besuchen Sie die Burg Forna und tauchen Sie ein in ihre Geschichte und panoramischen Ausblicke.\",\"breadcrumb\":{\"@id\":\"https:\/\/www.ontravelholidayrentals.com\/blog\/de\/castillo-de-forna\/#breadcrumb\"},\"inLanguage\":\"de\",\"potentialAction\":[{\"@type\":\"ReadAction\",\"target\":[\"https:\/\/www.ontravelholidayrentals.com\/blog\/de\/castillo-de-forna\/\"]}]},{\"@type\":\"ImageObject\",\"inLanguage\":\"de\",\"@id\":\"https:\/\/www.ontravelholidayrentals.com\/blog\/de\/castillo-de-forna\/#primaryimage\",\"url\":\"https:\/\/www.ontravelholidayrentals.com\/blog\/wp-content\/uploads\/2025\/06\/Castillo-de-Forna.jpg\",\"contentUrl\":\"https:\/\/www.ontravelholidayrentals.com\/blog\/wp-content\/uploads\/2025\/06\/Castillo-de-Forna.jpg\",\"width\":2127,\"height\":709,\"caption\":\"The castillo de forna on a big rock surrounded by green trees and bushes under blue sky\"},{\"@type\":\"BreadcrumbList\",\"@id\":\"https:\/\/www.ontravelholidayrentals.com\/blog\/de\/castillo-de-forna\/#breadcrumb\",\"itemListElement\":[{\"@type\":\"ListItem\",\"position\":1,\"name\":\"Portada\",\"item\":\"https:\/\/www.ontravelholidayrentals.com\/blog\/de\/\"},{\"@type\":\"ListItem\",\"position\":2,\"name\":\"M\u00f6chten Sie eine gro\u00dfartige Burg besichtigen? Kommen Sie zur Burg Forna in Alicante\"}]},{\"@type\":\"WebSite\",\"@id\":\"https:\/\/www.ontravelholidayrentals.com\/blog\/de\/#website\",\"url\":\"https:\/\/www.ontravelholidayrentals.com\/blog\/de\/\",\"name\":\"Blog\",\"description\":\"Ontravelholidayrentals\",\"publisher\":{\"@id\":\"https:\/\/www.ontravelholidayrentals.com\/blog\/de\/#organization\"},\"potentialAction\":[{\"@type\":\"SearchAction\",\"target\":{\"@type\":\"EntryPoint\",\"urlTemplate\":\"https:\/\/www.ontravelholidayrentals.com\/blog\/de\/?s={search_term_string}\"},\"query-input\":{\"@type\":\"PropertyValueSpecification\",\"valueRequired\":true,\"valueName\":\"search_term_string\"}}],\"inLanguage\":\"de\"},{\"@type\":\"Organization\",\"@id\":\"https:\/\/www.ontravelholidayrentals.com\/blog\/de\/#organization\",\"name\":\"Blog\",\"url\":\"https:\/\/www.ontravelholidayrentals.com\/blog\/de\/\",\"logo\":{\"@type\":\"ImageObject\",\"inLanguage\":\"de\",\"@id\":\"https:\/\/www.ontravelholidayrentals.com\/blog\/de\/#\/schema\/logo\/image\/\",\"url\":\"https:\/\/www.ontravelholidayrentals.com\/blog\/wp-content\/uploads\/2025\/02\/logo-oliva-nova.webp\",\"contentUrl\":\"https:\/\/www.ontravelholidayrentals.com\/blog\/wp-content\/uploads\/2025\/02\/logo-oliva-nova.webp\",\"width\":2454,\"height\":875,\"caption\":\"Blog\"},\"image\":{\"@id\":\"https:\/\/www.ontravelholidayrentals.com\/blog\/de\/#\/schema\/logo\/image\/\"}},{\"@type\":\"Person\",\"@id\":\"https:\/\/www.ontravelholidayrentals.com\/blog\/de\/#\/schema\/person\/907601cb91b08af60b0fec9e629a4883\",\"name\":\"Axel\",\"image\":{\"@type\":\"ImageObject\",\"inLanguage\":\"de\",\"@id\":\"https:\/\/www.ontravelholidayrentals.com\/blog\/de\/#\/schema\/person\/image\/\",\"url\":\"https:\/\/secure.gravatar.com\/avatar\/3bd706736e5b70f21f05f6c2d5cad746767782a4ba4b7df399c5969e2a9318fd?s=96&d=mm&r=g\",\"contentUrl\":\"https:\/\/secure.gravatar.com\/avatar\/3bd706736e5b70f21f05f6c2d5cad746767782a4ba4b7df399c5969e2a9318fd?s=96&d=mm&r=g\",\"caption\":\"Axel\"},\"url\":\"https:\/\/www.ontravelholidayrentals.com\/blog\/de\/author\/axel\/\"}]}<\/script>\n<!-- \/ Yoast SEO plugin. -->","yoast_head_json":{"title":"Burg Forna - Blog","description":"Besuchen Sie die Burg Forna und tauchen Sie ein in ihre Geschichte und panoramischen Ausblicke.","robots":{"index":"index","follow":"follow","max-snippet":"max-snippet:-1","max-image-preview":"max-image-preview:large","max-video-preview":"max-video-preview:-1"},"canonical":"https:\/\/www.ontravelholidayrentals.com\/blog\/de\/castillo-de-forna\/","og_locale":"de_DE","og_type":"article","og_title":"Burg Forna - Blog","og_description":"Besuchen Sie die Burg Forna und tauchen Sie ein in ihre Geschichte und panoramischen Ausblicke.","og_url":"https:\/\/www.ontravelholidayrentals.com\/blog\/de\/castillo-de-forna\/","og_site_name":"Blog","article_published_time":"2025-06-13T10:49:09+00:00","article_modified_time":"2025-06-23T14:14:09+00:00","og_image":[{"width":2127,"height":709,"url":"https:\/\/www.ontravelholidayrentals.com\/blog\/wp-content\/uploads\/2025\/06\/Castillo-de-Forna.jpg","type":"image\/jpeg"}],"author":"Axel","twitter_card":"summary_large_image","twitter_misc":{"Verfasst von":"Axel","Gesch\u00e4tzte Lesezeit":"5\u00a0Minuten"},"schema":{"@context":"https:\/\/schema.org","@graph":[{"@type":"Article","@id":"https:\/\/www.ontravelholidayrentals.com\/blog\/de\/castillo-de-forna\/#article","isPartOf":{"@id":"https:\/\/www.ontravelholidayrentals.com\/blog\/de\/castillo-de-forna\/"},"author":{"name":"Axel","@id":"https:\/\/www.ontravelholidayrentals.com\/blog\/de\/#\/schema\/person\/907601cb91b08af60b0fec9e629a4883"},"headline":"M\u00f6chten Sie eine gro\u00dfartige Burg besichtigen? Kommen Sie zur Burg Forna in Alicante","datePublished":"2025-06-13T10:49:09+00:00","dateModified":"2025-06-23T14:14:09+00:00","mainEntityOfPage":{"@id":"https:\/\/www.ontravelholidayrentals.com\/blog\/de\/castillo-de-forna\/"},"wordCount":1079,"commentCount":0,"publisher":{"@id":"https:\/\/www.ontravelholidayrentals.com\/blog\/de\/#organization"},"image":{"@id":"https:\/\/www.ontravelholidayrentals.com\/blog\/de\/castillo-de-forna\/#primaryimage"},"thumbnailUrl":"https:\/\/www.ontravelholidayrentals.com\/blog\/wp-content\/uploads\/2025\/06\/Castillo-de-Forna.jpg","keywords":["no template"],"articleSection":["Oliva"],"inLanguage":"de","potentialAction":[{"@type":"CommentAction","name":"Comment","target":["https:\/\/www.ontravelholidayrentals.com\/blog\/de\/castillo-de-forna\/#respond"]}]},{"@type":"WebPage","@id":"https:\/\/www.ontravelholidayrentals.com\/blog\/de\/castillo-de-forna\/","url":"https:\/\/www.ontravelholidayrentals.com\/blog\/de\/castillo-de-forna\/","name":"Burg Forna - Blog","isPartOf":{"@id":"https:\/\/www.ontravelholidayrentals.com\/blog\/de\/#website"},"primaryImageOfPage":{"@id":"https:\/\/www.ontravelholidayrentals.com\/blog\/de\/castillo-de-forna\/#primaryimage"},"image":{"@id":"https:\/\/www.ontravelholidayrentals.com\/blog\/de\/castillo-de-forna\/#primaryimage"},"thumbnailUrl":"https:\/\/www.ontravelholidayrentals.com\/blog\/wp-content\/uploads\/2025\/06\/Castillo-de-Forna.jpg","datePublished":"2025-06-13T10:49:09+00:00","dateModified":"2025-06-23T14:14:09+00:00","description":"Besuchen Sie die Burg Forna und tauchen Sie ein in ihre Geschichte und panoramischen Ausblicke.","breadcrumb":{"@id":"https:\/\/www.ontravelholidayrentals.com\/blog\/de\/castillo-de-forna\/#breadcrumb"},"inLanguage":"de","potentialAction":[{"@type":"ReadAction","target":["https:\/\/www.ontravelholidayrentals.com\/blog\/de\/castillo-de-forna\/"]}]},{"@type":"ImageObject","inLanguage":"de","@id":"https:\/\/www.ontravelholidayrentals.com\/blog\/de\/castillo-de-forna\/#primaryimage","url":"https:\/\/www.ontravelholidayrentals.com\/blog\/wp-content\/uploads\/2025\/06\/Castillo-de-Forna.jpg","contentUrl":"https:\/\/www.ontravelholidayrentals.com\/blog\/wp-content\/uploads\/2025\/06\/Castillo-de-Forna.jpg","width":2127,"height":709,"caption":"The castillo de forna on a big rock surrounded by green trees and bushes under blue sky"},{"@type":"BreadcrumbList","@id":"https:\/\/www.ontravelholidayrentals.com\/blog\/de\/castillo-de-forna\/#breadcrumb","itemListElement":[{"@type":"ListItem","position":1,"name":"Portada","item":"https:\/\/www.ontravelholidayrentals.com\/blog\/de\/"},{"@type":"ListItem","position":2,"name":"M\u00f6chten Sie eine gro\u00dfartige Burg besichtigen? Kommen Sie zur Burg Forna in Alicante"}]},{"@type":"WebSite","@id":"https:\/\/www.ontravelholidayrentals.com\/blog\/de\/#website","url":"https:\/\/www.ontravelholidayrentals.com\/blog\/de\/","name":"Blog","description":"Ontravelholidayrentals","publisher":{"@id":"https:\/\/www.ontravelholidayrentals.com\/blog\/de\/#organization"},"potentialAction":[{"@type":"SearchAction","target":{"@type":"EntryPoint","urlTemplate":"https:\/\/www.ontravelholidayrentals.com\/blog\/de\/?s={search_term_string}"},"query-input":{"@type":"PropertyValueSpecification","valueRequired":true,"valueName":"search_term_string"}}],"inLanguage":"de"},{"@type":"Organization","@id":"https:\/\/www.ontravelholidayrentals.com\/blog\/de\/#organization","name":"Blog","url":"https:\/\/www.ontravelholidayrentals.com\/blog\/de\/","logo":{"@type":"ImageObject","inLanguage":"de","@id":"https:\/\/www.ontravelholidayrentals.com\/blog\/de\/#\/schema\/logo\/image\/","url":"https:\/\/www.ontravelholidayrentals.com\/blog\/wp-content\/uploads\/2025\/02\/logo-oliva-nova.webp","contentUrl":"https:\/\/www.ontravelholidayrentals.com\/blog\/wp-content\/uploads\/2025\/02\/logo-oliva-nova.webp","width":2454,"height":875,"caption":"Blog"},"image":{"@id":"https:\/\/www.ontravelholidayrentals.com\/blog\/de\/#\/schema\/logo\/image\/"}},{"@type":"Person","@id":"https:\/\/www.ontravelholidayrentals.com\/blog\/de\/#\/schema\/person\/907601cb91b08af60b0fec9e629a4883","name":"Axel","image":{"@type":"ImageObject","inLanguage":"de","@id":"https:\/\/www.ontravelholidayrentals.com\/blog\/de\/#\/schema\/person\/image\/","url":"https:\/\/secure.gravatar.com\/avatar\/3bd706736e5b70f21f05f6c2d5cad746767782a4ba4b7df399c5969e2a9318fd?s=96&d=mm&r=g","contentUrl":"https:\/\/secure.gravatar.com\/avatar\/3bd706736e5b70f21f05f6c2d5cad746767782a4ba4b7df399c5969e2a9318fd?s=96&d=mm&r=g","caption":"Axel"},"url":"https:\/\/www.ontravelholidayrentals.com\/blog\/de\/author\/axel\/"}]}},"_links":{"self":[{"href":"https:\/\/www.ontravelholidayrentals.com\/blog\/de\/wp-json\/wp\/v2\/posts\/949","targetHints":{"allow":["GET"]}}],"collection":[{"href":"https:\/\/www.ontravelholidayrentals.com\/blog\/de\/wp-json\/wp\/v2\/posts"}],"about":[{"href":"https:\/\/www.ontravelholidayrentals.com\/blog\/de\/wp-json\/wp\/v2\/types\/post"}],"author":[{"embeddable":true,"href":"https:\/\/www.ontravelholidayrentals.com\/blog\/de\/wp-json\/wp\/v2\/users\/4"}],"replies":[{"embeddable":true,"href":"https:\/\/www.ontravelholidayrentals.com\/blog\/de\/wp-json\/wp\/v2\/comments?post=949"}],"version-history":[{"count":1,"href":"https:\/\/www.ontravelholidayrentals.com\/blog\/de\/wp-json\/wp\/v2\/posts\/949\/revisions"}],"predecessor-version":[{"id":950,"href":"https:\/\/www.ontravelholidayrentals.com\/blog\/de\/wp-json\/wp\/v2\/posts\/949\/revisions\/950"}],"wp:featuredmedia":[{"embeddable":true,"href":"https:\/\/www.ontravelholidayrentals.com\/blog\/de\/wp-json\/wp\/v2\/media\/898"}],"wp:attachment":[{"href":"https:\/\/www.ontravelholidayrentals.com\/blog\/de\/wp-json\/wp\/v2\/media?parent=949"}],"wp:term":[{"taxonomy":"category","embeddable":true,"href":"https:\/\/www.ontravelholidayrentals.com\/blog\/de\/wp-json\/wp\/v2\/categories?post=949"},{"taxonomy":"post_tag","embeddable":true,"href":"https:\/\/www.ontravelholidayrentals.com\/blog\/de\/wp-json\/wp\/v2\/tags?post=949"}],"curies":[{"name":"wp","href":"https:\/\/api.w.org\/{rel}","templated":true}]}}