{"id":474,"date":"2025-03-07T10:44:04","date_gmt":"2025-03-07T10:44:04","guid":{"rendered":"https:\/\/www.ontravelholidayrentals.com\/blog\/?p=474"},"modified":"2025-03-27T09:22:28","modified_gmt":"2025-03-27T09:22:28","slug":"cueva-de-los-arcos-spanien","status":"publish","type":"post","link":"https:\/\/www.ontravelholidayrentals.com\/blog\/de\/cueva-de-los-arcos-spanien\/","title":{"rendered":"Cueva de los Arcos. Entdecken Sie diesen traumhaften Ort!"},"content":{"rendered":"\t\t<div data-elementor-type=\"wp-post\" data-elementor-id=\"474\" class=\"elementor elementor-474 elementor-154\" data-elementor-post-type=\"post\">\n\t\t\t\t<div class=\"elementor-element elementor-element-024babe e-flex e-con-boxed e-con e-parent\" data-id=\"024babe\" data-element_type=\"container\" data-e-type=\"container\" data-settings=\"{&quot;background_background&quot;:&quot;classic&quot;}\">\n\t\t\t\t\t<div class=\"e-con-inner\">\n\t\t\t\t<div class=\"elementor-element elementor-element-f11dfb4 elementor-widget elementor-widget-heading\" data-id=\"f11dfb4\" data-element_type=\"widget\" data-e-type=\"widget\" data-widget_type=\"heading.default\">\n\t\t\t\t<div class=\"elementor-widget-container\">\n\t\t\t\t\t<h1 class=\"elementor-heading-title elementor-size-default\">Die Cueva de los Arcos<br>Entdecken Sie diesen traumhaften Ort!<\/h1>\t\t\t\t<\/div>\n\t\t\t\t<\/div>\n\t\t\t\t\t<\/div>\n\t\t\t\t<\/div>\n\t\t<div class=\"elementor-element elementor-element-3045daa5 e-flex e-con-boxed e-con e-parent\" data-id=\"3045daa5\" data-element_type=\"container\" data-e-type=\"container\">\n\t\t\t\t\t<div class=\"e-con-inner\">\n\t\t\t\t<div class=\"elementor-element elementor-element-2cf96031 elementor-widget elementor-widget-text-editor\" data-id=\"2cf96031\" data-element_type=\"widget\" data-e-type=\"widget\" data-widget_type=\"text-editor.default\">\n\t\t\t\t<div class=\"elementor-widget-container\">\n\t\t\t\t\t\t\t\t\t<p><span style=\"font-weight: 400;\">Wir wissen, dass Sie es lieben, all jene fantastischen Orte, die Sie auf Ihren Reisen entdecken, in den sozialen Medien zu teilen. Wir verurteilen Sie daf\u00fcr nicht, im Gegenteil. Wir lieben es ebenfalls. Daher     <\/span><b>werden wir Ihnen heute von einem Ort berichten, den Sie mit Sicherheit in der Galerie Ihres Mobiltelefons verewigt haben m\u00f6chten.<\/b><\/p><p><span style=\"font-weight: 400;\">Wir sprechen von der H\u00f6hle der B\u00f6gen, <\/span><b>einem der am meisten &#8222;instagrammablen&#8220; Orte der spanischen Geographie<\/b><span style=\"font-weight: 400;\">. Und nein, wir \u00fcbertreiben nicht, denn in Alicante werden Sie dieses authentische Naturwunder finden, das Sie \u00fcberraschen wird, da es ein magischer Ort ist, ideal f\u00fcr einen Besuch zu zweit.  <\/span><\/p><p><span style=\"font-weight: 400;\">Im Folgenden <\/span><b>werden wir Ihnen alles \u00fcber die Cueva de los Arcos berichten <\/b>  <span style=\"font-weight: 400;\">und einige n\u00fctzliche Hinweise geben, um Ihren Besuch optimal zu gestalten. Beginnen wir!  <\/span><\/p>\t\t\t\t\t\t\t\t<\/div>\n\t\t\t\t<\/div>\n\t\t\t\t\t<\/div>\n\t\t\t\t<\/div>\n\t\t<div class=\"elementor-element elementor-element-6b7e954b e-flex e-con-boxed e-con e-parent\" data-id=\"6b7e954b\" data-element_type=\"container\" data-e-type=\"container\">\n\t\t\t\t\t<div class=\"e-con-inner\">\n\t\t\t\t<div class=\"elementor-element elementor-element-87da6c3 elementor-widget elementor-widget-table-of-contents\" data-id=\"87da6c3\" data-element_type=\"widget\" data-e-type=\"widget\" data-settings=\"{&quot;headings_by_tags&quot;:[&quot;h2&quot;,&quot;h3&quot;],&quot;exclude_headings_by_selector&quot;:[],&quot;marker_view&quot;:&quot;bullets&quot;,&quot;icon&quot;:{&quot;value&quot;:&quot;far fa-circle&quot;,&quot;library&quot;:&quot;fa-regular&quot;,&quot;rendered_tag&quot;:&quot;&lt;svg class=\\&quot;e-font-icon-svg e-far-circle\\&quot; viewBox=\\&quot;0 0 512 512\\&quot; xmlns=\\&quot;http:\\\/\\\/www.w3.org\\\/2000\\\/svg\\&quot;&gt;&lt;path d=\\&quot;M256 8C119 8 8 119 8 256s111 248 248 248 248-111 248-248S393 8 256 8zm0 448c-110.5 0-200-89.5-200-200S145.5 56 256 56s200 89.5 200 200-89.5 200-200 200z\\&quot;&gt;&lt;\\\/path&gt;&lt;\\\/svg&gt;&quot;},&quot;no_headings_message&quot;:&quot;No headings were found on this page.&quot;,&quot;hierarchical_view&quot;:&quot;yes&quot;,&quot;min_height&quot;:{&quot;unit&quot;:&quot;px&quot;,&quot;size&quot;:&quot;&quot;,&quot;sizes&quot;:[]},&quot;min_height_tablet&quot;:{&quot;unit&quot;:&quot;px&quot;,&quot;size&quot;:&quot;&quot;,&quot;sizes&quot;:[]},&quot;min_height_mobile&quot;:{&quot;unit&quot;:&quot;px&quot;,&quot;size&quot;:&quot;&quot;,&quot;sizes&quot;:[]}}\" data-widget_type=\"table-of-contents.default\">\n\t\t\t\t<div class=\"elementor-widget-container\">\n\t\t\t\t\t\t\t\t\t<div class=\"elementor-toc__header\">\n\t\t\t\t\t\t<div class=\"elementor-toc__header-title\">\n\t\t\t\tInhaltsverzeichnis\t\t\t<\/div>\n\t\t\t\t\t\t\t\t<\/div>\n\t\t\t\t<div id=\"elementor-toc__87da6c3\" class=\"elementor-toc__body\">\n\t\t\t<div class=\"elementor-toc__spinner-container\">\n\t\t\t\t<svg class=\"elementor-toc__spinner eicon-animation-spin e-font-icon-svg e-eicon-loading\" aria-hidden=\"true\" viewBox=\"0 0 1000 1000\" xmlns=\"http:\/\/www.w3.org\/2000\/svg\"><path d=\"M500 975V858C696 858 858 696 858 500S696 142 500 142 142 304 142 500H25C25 237 238 25 500 25S975 237 975 500 763 975 500 975Z\"><\/path><\/svg>\t\t\t<\/div>\n\t\t<\/div>\n\t\t\t\t\t\t<\/div>\n\t\t\t\t<\/div>\n\t\t\t\t\t<\/div>\n\t\t\t\t<\/div>\n\t\t<div class=\"elementor-element elementor-element-a33864e e-flex e-con-boxed e-con e-parent\" data-id=\"a33864e\" data-element_type=\"container\" data-e-type=\"container\">\n\t\t\t\t\t<div class=\"e-con-inner\">\n\t\t\t\t<div class=\"elementor-element elementor-element-832283a elementor-widget elementor-widget-heading\" data-id=\"832283a\" data-element_type=\"widget\" data-e-type=\"widget\" data-widget_type=\"heading.default\">\n\t\t\t\t<div class=\"elementor-widget-container\">\n\t\t\t\t\t<h2 class=\"elementor-heading-title elementor-size-default\">CUEVA DE LOS ARCOS<\/h2>\t\t\t\t<\/div>\n\t\t\t\t<\/div>\n\t\t\t\t<div class=\"elementor-element elementor-element-245d400 elementor-widget-divider--view-line elementor-widget elementor-widget-divider\" data-id=\"245d400\" data-element_type=\"widget\" data-e-type=\"widget\" data-widget_type=\"divider.default\">\n\t\t\t\t<div class=\"elementor-widget-container\">\n\t\t\t\t\t\t\t<div class=\"elementor-divider\">\n\t\t\t<span class=\"elementor-divider-separator\">\n\t\t\t\t\t\t<\/span>\n\t\t<\/div>\n\t\t\t\t\t\t<\/div>\n\t\t\t\t<\/div>\n\t\t\t\t\t<\/div>\n\t\t\t\t<\/div>\n\t\t<div class=\"elementor-element elementor-element-3abd63af e-flex e-con-boxed e-con e-parent\" data-id=\"3abd63af\" data-element_type=\"container\" data-e-type=\"container\">\n\t\t\t\t\t<div class=\"e-con-inner\">\n\t\t\t\t<div class=\"elementor-element elementor-element-3cc3081 elementor-widget elementor-widget-heading\" data-id=\"3cc3081\" data-element_type=\"widget\" data-e-type=\"widget\" data-widget_type=\"heading.default\">\n\t\t\t\t<div class=\"elementor-widget-container\">\n\t\t\t\t\t<h3 class=\"elementor-heading-title elementor-size-default\">Was ist die H\u00f6hle der B\u00f6gen und wo befindet sie sich?<\/h3>\t\t\t\t<\/div>\n\t\t\t\t<\/div>\n\t\t\t\t<div class=\"elementor-element elementor-element-7359e94f elementor-widget elementor-widget-text-editor\" data-id=\"7359e94f\" data-element_type=\"widget\" data-e-type=\"widget\" data-widget_type=\"text-editor.default\">\n\t\t\t\t<div class=\"elementor-widget-container\">\n\t\t\t\t\t\t\t\t\t<p><span style=\"font-weight: 400;\">Die H\u00f6hle der B\u00f6gen ist auch als La Cova dels Arcs (auf Valencianisch, versteht sich) bekannt und es handelt sich um ein beeindruckendes Naturwunder, das <\/span><b>Sie in der Cala del Moraig, in der Gemeinde El Poble Nou de Benitatxell, finden k\u00f6nnen.<\/b><span style=\"font-weight: 400;\"> Um Ihnen bei der Orientierung zu helfen: Sie befindet sich im Norden der Provinz Alicante.<\/span><\/p><p><span style=\"font-weight: 400;\">Wir m\u00fcssen Ihnen nicht erkl\u00e4ren, dass es sich<\/span><b> um ein wahres verborgenes Juwel der Costa Blanca handelt <\/b>  <span style=\"font-weight: 400;\">und dass es ein sehr fotogener Ort ist. Hier scheint das Licht anders, und wir versichern Ihnen, dass der Bildschirm Ihres iPhones (oder welches Mobiltelefon Sie auch immer besitzen) dies sehr zu sch\u00e4tzen wissen wird.  <\/span><\/p>\t\t\t\t\t\t\t\t<\/div>\n\t\t\t\t<\/div>\n\t\t\t\t\t<\/div>\n\t\t\t\t<\/div>\n\t\t<div class=\"elementor-element elementor-element-76db6a2 e-flex e-con-boxed e-con e-parent\" data-id=\"76db6a2\" data-element_type=\"container\" data-e-type=\"container\">\n\t\t\t\t\t<div class=\"e-con-inner\">\n\t\t<div class=\"elementor-element elementor-element-588c872 e-con-full e-flex e-con e-child\" data-id=\"588c872\" data-element_type=\"container\" data-e-type=\"container\">\n\t\t\t\t<div class=\"elementor-element elementor-element-0dd671f elementor-widget elementor-widget-text-editor\" data-id=\"0dd671f\" data-element_type=\"widget\" data-e-type=\"widget\" data-widget_type=\"text-editor.default\">\n\t\t\t\t<div class=\"elementor-widget-container\">\n\t\t\t\t\t\t\t\t\t<p><span style=\"font-weight: 400;\">Doch zweifellos ist das Lohnenswerteste an diesem Besuch, den Horizont mit eigenen Augen, ohne Bildschirme dazwischen, zu betrachten. Sie k\u00f6nnen dies durch die majest\u00e4tischen nat\u00fcrlichen B\u00f6gen tun, die die H\u00f6hle bilden. Im Hintergrund    <\/span><b>werden Sie sehen, wie sich die Klippe von Morro Falqu\u00ed <\/b><span style=\"font-weight: 400;\">und das Kap Nao von J\u00e1vea in der Ferne abzeichnen. <\/span>  <\/p><p><span style=\"font-weight: 400;\">Wenn Sie sich entschlie\u00dfen, etwas fr\u00fcher aufzustehen, <\/span><b>wird Sie der Sonnenaufgang mit den ersten Sonnenstrahlen des Tages belohnen, die durch die B\u00f6gen der H\u00f6hle dringen<\/b><span style=\"font-weight: 400;\">. Diese werden ein Spiel von Licht und Schatten erzeugen, das lebendig zu werden scheint. Wie Sie sehen k\u00f6nnen, ist es leicht, poetisch zu werden, wenn wir \u00fcber diesen Ort sprechen.   <\/span><\/p>\t\t\t\t\t\t\t\t<\/div>\n\t\t\t\t<\/div>\n\t\t\t\t<\/div>\n\t\t<div class=\"elementor-element elementor-element-a22cb71 e-con-full e-flex e-con e-child\" data-id=\"a22cb71\" data-element_type=\"container\" data-e-type=\"container\">\n\t\t\t\t<div class=\"elementor-element elementor-element-06ba7de elementor-widget elementor-widget-image\" data-id=\"06ba7de\" data-element_type=\"widget\" data-e-type=\"widget\" data-widget_type=\"image.default\">\n\t\t\t\t<div class=\"elementor-widget-container\">\n\t\t\t\t\t\t\t\t\t\t\t\t\t\t\t<img fetchpriority=\"high\" decoding=\"async\" width=\"724\" height=\"483\" src=\"https:\/\/www.ontravelholidayrentals.com\/blog\/wp-content\/uploads\/2025\/03\/Cova-dels-Arcs.jpg\" class=\"attachment-large size-large wp-image-194\" alt=\"\" srcset=\"https:\/\/www.ontravelholidayrentals.com\/blog\/wp-content\/uploads\/2025\/03\/Cova-dels-Arcs.jpg 724w, https:\/\/www.ontravelholidayrentals.com\/blog\/wp-content\/uploads\/2025\/03\/Cova-dels-Arcs-300x200.jpg 300w\" sizes=\"(max-width: 724px) 100vw, 724px\" \/>\t\t\t\t\t\t\t\t\t\t\t\t\t\t\t<\/div>\n\t\t\t\t<\/div>\n\t\t\t\t<\/div>\n\t\t\t\t\t<\/div>\n\t\t\t\t<\/div>\n\t\t<div class=\"elementor-element elementor-element-39d58d0 e-flex e-con-boxed e-con e-parent\" data-id=\"39d58d0\" data-element_type=\"container\" data-e-type=\"container\">\n\t\t\t\t\t<div class=\"e-con-inner\">\n\t\t\t\t<div class=\"elementor-element elementor-element-799c414 elementor-widget elementor-widget-heading\" data-id=\"799c414\" data-element_type=\"widget\" data-e-type=\"widget\" data-widget_type=\"heading.default\">\n\t\t\t\t<div class=\"elementor-widget-container\">\n\t\t\t\t\t<h3 class=\"elementor-heading-title elementor-size-default\">Empfohlene Aktivit\u00e4ten: Schnorcheln und Tauchen\n<\/h3>\t\t\t\t<\/div>\n\t\t\t\t<\/div>\n\t\t\t\t<div class=\"elementor-element elementor-element-751da06 elementor-widget elementor-widget-text-editor\" data-id=\"751da06\" data-element_type=\"widget\" data-e-type=\"widget\" data-widget_type=\"text-editor.default\">\n\t\t\t\t<div class=\"elementor-widget-container\">\n\t\t\t\t\t\t\t\t\t<p><span style=\"font-weight: 400;\">Die H\u00f6hle der B\u00f6gen ist ein ideales Ziel f\u00fcr Liebhaber des Wassertourismus. Beim Schnorcheln   <\/span><b>k\u00f6nnen Sie einen Blick auf die gro\u00dfe marine Biodiversit\u00e4t der Region werfen<\/b><span style=\"font-weight: 400;\">, mit mehr als 20 Metern Sichtweite dank des kristallklaren Wassers.<\/span><\/p><p><span style=\"font-weight: 400;\">Andererseits <\/span><b>bietet die Cala Moraig Tauchkurse f\u00fcr alle Niveaus an<\/b><span style=\"font-weight: 400;\">. Es k\u00f6nnte ein gro\u00dfartiger Zeitpunkt sein, um in diese spannende Welt &#8222;einzutauchen&#8220;, gef\u00fchrt von erfahrenen Guides, die Ihnen ein bereicherndes Erlebnis garantieren werden.  <\/span><\/p>\t\t\t\t\t\t\t\t<\/div>\n\t\t\t\t<\/div>\n\t\t\t\t\t<\/div>\n\t\t\t\t<\/div>\n\t\t<div class=\"elementor-element elementor-element-2fc4387 e-flex e-con-boxed e-con e-parent\" data-id=\"2fc4387\" data-element_type=\"container\" data-e-type=\"container\">\n\t\t\t\t\t<div class=\"e-con-inner\">\n\t\t\t\t<div class=\"elementor-element elementor-element-91226ee elementor-widget elementor-widget-heading\" data-id=\"91226ee\" data-element_type=\"widget\" data-e-type=\"widget\" data-widget_type=\"heading.default\">\n\t\t\t\t<div class=\"elementor-widget-container\">\n\t\t\t\t\t<h3 class=\"elementor-heading-title elementor-size-default\">Befolgen Sie diese Tipps f\u00fcr Ihren Besuch\n<\/h3>\t\t\t\t<\/div>\n\t\t\t\t<\/div>\n\t\t\t\t<div class=\"elementor-element elementor-element-5e212bc elementor-widget elementor-widget-text-editor\" data-id=\"5e212bc\" data-element_type=\"widget\" data-e-type=\"widget\" data-widget_type=\"text-editor.default\">\n\t\t\t\t<div class=\"elementor-widget-container\">\n\t\t\t\t\t\t\t\t\t<p><span style=\"font-weight: 400;\">Es ist sehr wichtig zu bedenken, dass es sich um einen felsigen Ort handelt, sodass<\/span><b> der Zugang zur H\u00f6hle rutschig ist und Sie st\u00fcrzen k\u00f6nnten<\/b><span style=\"font-weight: 400;\">. Um dies zu vermeiden, tragen Sie geeignetes Schuhwerk. Wasserschuhe oder Sandalen k\u00f6nnen Ihre besten Verb\u00fcndeten sein, stets mit Gummisohlen.   <\/span><\/p><p><span style=\"font-weight: 400;\">Vergewissern Sie sich au\u00dferdem, dass das Meer ruhig ist, bevor Sie die H\u00f6hle betreten.<\/span><b>  Bei starkem Wellengang werden Sie h\u00f6chstwahrscheinlich keinen Zugang haben. <\/b><span style=\"font-weight: 400;\">Andererseits k\u00f6nnte es auch ratsam sein, im Voraus einen Parkplatz zu reservieren.<\/span><\/p><p><span style=\"font-weight: 400;\">Selbstverst\u00e4ndlich <\/span><b>vergessen Sie nicht eine gute Kamera.<\/b><span style=\"font-weight: 400;\">  Wenn Sie ein hochwertiges Mobiltelefon besitzen, wird es sicherlich ausreichen, aber bedenken Sie, dass Sie Licht erleben werden, wie Sie es selten zuvor in Ihrem Leben gesehen haben. Verpassen Sie es nicht, die Sch\u00f6nheit der H\u00f6hle zu verewigen.  <\/span><\/p><p><span style=\"font-weight: 400;\">Wir denken, es ist nicht n\u00f6tig, Sie daran zu erinnern, aber f\u00fcr den Fall der F\u00e4lle:<\/span><b> Denken Sie daran, Sonnenschutz mitzubringen und keinen M\u00fcll zu hinterlassen, <\/b><span style=\"font-weight: 400;\">um diese besondere nat\u00fcrliche Umgebung zu bewahren.<\/span><\/p>\t\t\t\t\t\t\t\t<\/div>\n\t\t\t\t<\/div>\n\t\t\t\t<div class=\"elementor-element elementor-element-bcbb37c elementor-widget elementor-widget-image\" data-id=\"bcbb37c\" data-element_type=\"widget\" data-e-type=\"widget\" data-widget_type=\"image.default\">\n\t\t\t\t<div class=\"elementor-widget-container\">\n\t\t\t\t\t\t\t\t\t\t\t\t\t\t\t<img decoding=\"async\" width=\"1200\" height=\"599\" src=\"https:\/\/www.ontravelholidayrentals.com\/blog\/wp-content\/uploads\/2025\/03\/Cuevas-arcos-cala-moraig.jpg\" class=\"attachment-full size-full wp-image-206\" alt=\"\" srcset=\"https:\/\/www.ontravelholidayrentals.com\/blog\/wp-content\/uploads\/2025\/03\/Cuevas-arcos-cala-moraig.jpg 1200w, https:\/\/www.ontravelholidayrentals.com\/blog\/wp-content\/uploads\/2025\/03\/Cuevas-arcos-cala-moraig-300x150.jpg 300w, https:\/\/www.ontravelholidayrentals.com\/blog\/wp-content\/uploads\/2025\/03\/Cuevas-arcos-cala-moraig-1024x511.jpg 1024w, https:\/\/www.ontravelholidayrentals.com\/blog\/wp-content\/uploads\/2025\/03\/Cuevas-arcos-cala-moraig-768x383.jpg 768w\" sizes=\"(max-width: 1200px) 100vw, 1200px\" \/>\t\t\t\t\t\t\t\t\t\t\t\t\t\t\t<\/div>\n\t\t\t\t<\/div>\n\t\t\t\t\t<\/div>\n\t\t\t\t<\/div>\n\t\t<div class=\"elementor-element elementor-element-4b6e786 e-flex e-con-boxed e-con e-parent\" data-id=\"4b6e786\" data-element_type=\"container\" data-e-type=\"container\">\n\t\t\t\t\t<div class=\"e-con-inner\">\n\t\t\t\t<div class=\"elementor-element elementor-element-81fe6d0 elementor-widget elementor-widget-heading\" data-id=\"81fe6d0\" data-element_type=\"widget\" data-e-type=\"widget\" data-widget_type=\"heading.default\">\n\t\t\t\t<div class=\"elementor-widget-container\">\n\t\t\t\t\t<h2 class=\"elementor-heading-title elementor-size-default\">Welches ist die beste Zeit f\u00fcr einen Besuch?\n<\/h2>\t\t\t\t<\/div>\n\t\t\t\t<\/div>\n\t\t\t\t<div class=\"elementor-element elementor-element-0d7de38 elementor-widget elementor-widget-text-editor\" data-id=\"0d7de38\" data-element_type=\"widget\" data-e-type=\"widget\" data-widget_type=\"text-editor.default\">\n\t\t\t\t<div class=\"elementor-widget-container\">\n\t\t\t\t\t\t\t\t\t<p><span style=\"font-weight: 400;\">Die beste Zeit f\u00fcr einen Besuch der H\u00f6hle der B\u00f6gen und der Cala del Moraig ist zweifellos der Fr\u00fchling und der Herbst. In diesen Monaten   <\/span><b>werden Sie ein angenehmeres Klima vorfinden<\/b><span style=\"font-weight: 400;\"> und Outdoor-Aktivit\u00e4ten ohne \u00fcberm\u00e4\u00dfige Hitze oder Menschenmassen genie\u00dfen k\u00f6nnen.<\/span> <\/p><p><span style=\"font-weight: 400;\">Nat\u00fcrlich ist auch der Sommer eine Option, wenn Sie Sonne und Wasseraktivit\u00e4ten genie\u00dfen m\u00f6chten. Wir empfehlen jedoch, fr\u00fch anzukommen, um Menschenmassen zu vermeiden und einen guten Platz zu sichern. Au\u00dferdem,    <\/span><b> Bitte beachten Sie, dass das Parken vom 1. April bis zum 15. Oktober kostenpflichtig ist.<\/b><\/p>\t\t\t\t\t\t\t\t<\/div>\n\t\t\t\t<\/div>\n\t\t\t\t\t<\/div>\n\t\t\t\t<\/div>\n\t\t<div class=\"elementor-element elementor-element-709c2aae e-flex e-con-boxed e-con e-parent\" data-id=\"709c2aae\" data-element_type=\"container\" data-e-type=\"container\">\n\t\t\t\t\t<div class=\"e-con-inner\">\n\t\t\t\t<div class=\"elementor-element elementor-element-b88f8d8 elementor-widget elementor-widget-heading\" data-id=\"b88f8d8\" data-element_type=\"widget\" data-e-type=\"widget\" data-widget_type=\"heading.default\">\n\t\t\t\t<div class=\"elementor-widget-container\">\n\t\t\t\t\t<h2 class=\"elementor-heading-title elementor-size-default\">Wie gelangt man zur H\u00f6hle der B\u00f6gen in Javea?\n<\/h2>\t\t\t\t<\/div>\n\t\t\t\t<\/div>\n\t\t\t\t\t<\/div>\n\t\t\t\t<\/div>\n\t\t<div class=\"elementor-element elementor-element-45af0ca e-flex e-con-boxed e-con e-parent\" data-id=\"45af0ca\" data-element_type=\"container\" data-e-type=\"container\">\n\t\t\t\t\t<div class=\"e-con-inner\">\n\t\t<div class=\"elementor-element elementor-element-fb20198 e-con-full e-flex e-con e-child\" data-id=\"fb20198\" data-element_type=\"container\" data-e-type=\"container\">\n\t\t\t\t<div class=\"elementor-element elementor-element-21ba3fe elementor-widget elementor-widget-text-editor\" data-id=\"21ba3fe\" data-element_type=\"widget\" data-e-type=\"widget\" data-widget_type=\"text-editor.default\">\n\t\t\t\t<div class=\"elementor-widget-container\">\n\t\t\t\t\t\t\t\t\t<ol><li><b>Mit dem Auto<\/b><span style=\"font-weight: 400;\">: Dies ist die g\u00e4ngigste und einfachste Methode, dorthin zu gelangen. Von Alicante aus nehmen Sie die AP-7 und verlassen diese an der Ausfahrt 63 in Richtung Benissa. Folgen Sie dann der Stra\u00dfe CV-735 in Richtung Teulada und anschlie\u00dfend in Richtung Benitatxell. Sobald Sie dort angekommen sind, fahren Sie in die Urbanisation Cumbre del Sol und folgen den Schildern nach Cala Moraig. Die Stra\u00dfe CV-737 f\u00fchrt Sie direkt zum Parkplatz.     <br><br><\/span><\/li><li><b>Mit dem Bus<\/b>: Es ist erw\u00e4hnenswert, dass die Stadtverwaltung von El Poble Nou de Benitatxell einen kostenlosen Busservice von der Stadt zur Cala del Moraig anbietet. Auf diese Weise k\u00f6nnen Sie die l\u00e4stige Parkplatzsuche, insbesondere w\u00e4hrend der Hochsaison, vermeiden und einfach die Landschaft genie\u00dfen.  <\/li><\/ol>\t\t\t\t\t\t\t\t<\/div>\n\t\t\t\t<\/div>\n\t\t\t\t<\/div>\n\t\t<div class=\"elementor-element elementor-element-1fb6d14 e-con-full e-flex e-con e-child\" data-id=\"1fb6d14\" data-element_type=\"container\" data-e-type=\"container\">\n\t\t\t\t<div class=\"elementor-element elementor-element-7da6238 elementor-widget elementor-widget-google_maps\" data-id=\"7da6238\" data-element_type=\"widget\" data-e-type=\"widget\" data-widget_type=\"google_maps.default\">\n\t\t\t\t<div class=\"elementor-widget-container\">\n\t\t\t\t\t\t\t<div class=\"elementor-custom-embed\">\n\t\t\t<iframe loading=\"lazy\"\n\t\t\t\t\tsrc=\"https:\/\/maps.google.com\/maps?q=cueva%20de%20los%20arcos&#038;t=m&#038;z=10&#038;output=embed&#038;iwloc=near\"\n\t\t\t\t\ttitle=\"cueva de los arcos\"\n\t\t\t\t\taria-label=\"cueva de los arcos\"\n\t\t\t><\/iframe>\n\t\t<\/div>\n\t\t\t\t\t\t<\/div>\n\t\t\t\t<\/div>\n\t\t\t\t<\/div>\n\t\t\t\t\t<\/div>\n\t\t\t\t<\/div>\n\t\t<div class=\"elementor-element elementor-element-76a6481 e-flex e-con-boxed e-con e-parent\" data-id=\"76a6481\" data-element_type=\"container\" data-e-type=\"container\">\n\t\t\t\t\t<div class=\"e-con-inner\">\n\t\t\t\t<div class=\"elementor-element elementor-element-e6ac65c elementor-widget elementor-widget-heading\" data-id=\"e6ac65c\" data-element_type=\"widget\" data-e-type=\"widget\" data-widget_type=\"heading.default\">\n\t\t\t\t<div class=\"elementor-widget-container\">\n\t\t\t\t\t<h2 class=\"elementor-heading-title elementor-size-default\">Sicherheitsma\u00dfnahmen und Vorkehrungen, die Sie bei der Erkundung der H\u00f6hle treffen sollten\n<\/h2>\t\t\t\t<\/div>\n\t\t\t\t<\/div>\n\t\t\t\t<div class=\"elementor-element elementor-element-8e3f283 elementor-widget elementor-widget-text-editor\" data-id=\"8e3f283\" data-element_type=\"widget\" data-e-type=\"widget\" data-widget_type=\"text-editor.default\">\n\t\t\t\t<div class=\"elementor-widget-container\">\n\t\t\t\t\t\t\t\t\t<p><span style=\"font-weight: 400;\">Wir empfehlen Ihnen dringend, vor Ihrem Besuch stets die Meeresbedingungen zu \u00fcberpr\u00fcfen.<\/span> <b>Vergessen Sie nicht, rutschfestes Schuhwerk und wasserdichte Kleidung mitzubringen,<\/b> <span style=\"font-weight: 400;\">die W\u00e4rme speichert, da es im Inneren der H\u00f6hle deutlich k\u00e4lter sein wird als au\u00dferhalb.<\/span> <\/p>\t\t\t\t\t\t\t\t<\/div>\n\t\t\t\t<\/div>\n\t\t\t\t\t<\/div>\n\t\t\t\t<\/div>\n\t\t<div class=\"elementor-element elementor-element-f288579 e-flex e-con-boxed e-con e-parent\" data-id=\"f288579\" data-element_type=\"container\" data-e-type=\"container\">\n\t\t\t\t\t<div class=\"e-con-inner\">\n\t\t\t\t<div class=\"elementor-element elementor-element-72d1d26 elementor-widget elementor-widget-heading\" data-id=\"72d1d26\" data-element_type=\"widget\" data-e-type=\"widget\" data-widget_type=\"heading.default\">\n\t\t\t\t<div class=\"elementor-widget-container\">\n\t\t\t\t\t<h2 class=\"elementor-heading-title elementor-size-default\">Weshalb sollten Sie die H\u00f6hle der B\u00f6gen besuchen?\n<\/h2>\t\t\t\t<\/div>\n\t\t\t\t<\/div>\n\t\t\t\t<div class=\"elementor-element elementor-element-7a6e49f elementor-widget elementor-widget-text-editor\" data-id=\"7a6e49f\" data-element_type=\"widget\" data-e-type=\"widget\" data-widget_type=\"text-editor.default\">\n\t\t\t\t<div class=\"elementor-widget-container\">\n\t\t\t\t\t\t\t\t\t<p><span style=\"font-weight: 400;\">\u00dcber die Ratschl\u00e4ge und Vorsichtsma\u00dfnahmen hinaus, die bei jedem H\u00f6hlenbesuch zu beachten sind,<\/span> <b>ist die Erfahrung der H\u00f6hle der B\u00f6gen in Alicante zu 100% unverzichtbar<\/b> <span style=\"font-weight: 400;\">innerhalb der Provinz.<\/span> <\/p><p><span style=\"font-weight: 400;\">Stellen Sie lediglich sicher, dass Sie im Voraus die beste Unterkunft gebucht haben, um Ihre Reise zu perfektionieren. <\/span><b>Kontaktieren Sie uns, um Ihr Apartment in Javea zu buchen<\/b><span style=\"font-weight: 400;\">, Oliva, Denia und den umliegenden Gebieten von Alicante. Wir werden sicherstellen, dass wir Ihnen einen Aufenthalt bieten, der Ihren Erwartungen entspricht.  <\/span><\/p>\t\t\t\t\t\t\t\t<\/div>\n\t\t\t\t<\/div>\n\t\t\t\t\t<\/div>\n\t\t\t\t<\/div>\n\t\t\t\t<\/div>\n\t\t","protected":false},"excerpt":{"rendered":"<p>Die Cueva de los ArcosEntdecken Sie diesen traumhaften Ort! Wir wissen, dass Sie es lieben, all jene fantastischen Orte, die Sie auf Ihren Reisen entdecken, in den sozialen Medien zu teilen. Wir verurteilen Sie daf\u00fcr nicht, im Gegenteil. Wir lieben es ebenfalls. Daher werden wir Ihnen heute von einem Ort berichten, den Sie mit Sicherheit [&hellip;]<\/p>\n","protected":false},"author":4,"featured_media":198,"comment_status":"open","ping_status":"open","sticky":false,"template":"elementor_header_footer","format":"standard","meta":{"footnotes":""},"categories":[61,64,25],"tags":[72],"class_list":["post-474","post","type-post","status-publish","format-standard","has-post-thumbnail","hentry","category-benitatxell","category-benitatxell-de","category-moraira-de","tag-no-template"],"yoast_head":"<!-- This site is optimized with the Yoast SEO plugin v25.2 - https:\/\/yoast.com\/wordpress\/plugins\/seo\/ -->\n<title>Cueva de los Arcos. Entdecken Sie diesen traumhaften Ort! - Blog<\/title>\n<meta name=\"description\" content=\"Entdecken Sie die H\u00f6hle der B\u00f6gen, eine beeindruckende Naturst\u00e4tte, an der Sie ein vollst\u00e4ndiges mediterranes Erlebnis genie\u00dfen k\u00f6nnen.\" \/>\n<meta name=\"robots\" content=\"index, follow, max-snippet:-1, max-image-preview:large, max-video-preview:-1\" \/>\n<link rel=\"canonical\" href=\"https:\/\/www.ontravelholidayrentals.com\/blog\/de\/cueva-de-los-arcos-spanien\/\" \/>\n<meta property=\"og:locale\" content=\"de_DE\" \/>\n<meta property=\"og:type\" content=\"article\" \/>\n<meta property=\"og:title\" content=\"Cueva de los Arcos. Entdecken Sie diesen traumhaften Ort! - Blog\" \/>\n<meta property=\"og:description\" content=\"Entdecken Sie die H\u00f6hle der B\u00f6gen, eine beeindruckende Naturst\u00e4tte, an der Sie ein vollst\u00e4ndiges mediterranes Erlebnis genie\u00dfen k\u00f6nnen.\" \/>\n<meta property=\"og:url\" content=\"https:\/\/www.ontravelholidayrentals.com\/blog\/de\/cueva-de-los-arcos-spanien\/\" \/>\n<meta property=\"og:site_name\" content=\"Blog\" \/>\n<meta property=\"article:published_time\" content=\"2025-03-07T10:44:04+00:00\" \/>\n<meta property=\"article:modified_time\" content=\"2025-03-27T09:22:28+00:00\" \/>\n<meta property=\"og:image\" content=\"https:\/\/www.ontravelholidayrentals.com\/blog\/wp-content\/uploads\/2025\/03\/Cueva-arcos-benitatxell-moraig.jpg\" \/>\n\t<meta property=\"og:image:width\" content=\"1920\" \/>\n\t<meta property=\"og:image:height\" content=\"640\" \/>\n\t<meta property=\"og:image:type\" content=\"image\/jpeg\" \/>\n<meta name=\"author\" content=\"Axel\" \/>\n<meta name=\"twitter:card\" content=\"summary_large_image\" \/>\n<meta name=\"twitter:label1\" content=\"Verfasst von\" \/>\n\t<meta name=\"twitter:data1\" content=\"Axel\" \/>\n\t<meta name=\"twitter:label2\" content=\"Gesch\u00e4tzte Lesezeit\" \/>\n\t<meta name=\"twitter:data2\" content=\"7\u00a0Minuten\" \/>\n<script type=\"application\/ld+json\" class=\"yoast-schema-graph\">{\"@context\":\"https:\/\/schema.org\",\"@graph\":[{\"@type\":\"Article\",\"@id\":\"https:\/\/www.ontravelholidayrentals.com\/blog\/de\/cueva-de-los-arcos-spanien\/#article\",\"isPartOf\":{\"@id\":\"https:\/\/www.ontravelholidayrentals.com\/blog\/de\/cueva-de-los-arcos-spanien\/\"},\"author\":{\"name\":\"Axel\",\"@id\":\"https:\/\/www.ontravelholidayrentals.com\/blog\/de\/#\/schema\/person\/907601cb91b08af60b0fec9e629a4883\"},\"headline\":\"Cueva de los Arcos. Entdecken Sie diesen traumhaften Ort!\",\"datePublished\":\"2025-03-07T10:44:04+00:00\",\"dateModified\":\"2025-03-27T09:22:28+00:00\",\"mainEntityOfPage\":{\"@id\":\"https:\/\/www.ontravelholidayrentals.com\/blog\/de\/cueva-de-los-arcos-spanien\/\"},\"wordCount\":1055,\"commentCount\":0,\"publisher\":{\"@id\":\"https:\/\/www.ontravelholidayrentals.com\/blog\/de\/#organization\"},\"image\":{\"@id\":\"https:\/\/www.ontravelholidayrentals.com\/blog\/de\/cueva-de-los-arcos-spanien\/#primaryimage\"},\"thumbnailUrl\":\"https:\/\/www.ontravelholidayrentals.com\/blog\/wp-content\/uploads\/2025\/03\/Cueva-arcos-benitatxell-moraig.jpg\",\"keywords\":[\"no template\"],\"articleSection\":[\"Benitatxell\",\"Benitatxell\",\"Moraira\"],\"inLanguage\":\"de\",\"potentialAction\":[{\"@type\":\"CommentAction\",\"name\":\"Comment\",\"target\":[\"https:\/\/www.ontravelholidayrentals.com\/blog\/de\/cueva-de-los-arcos-spanien\/#respond\"]}]},{\"@type\":\"WebPage\",\"@id\":\"https:\/\/www.ontravelholidayrentals.com\/blog\/de\/cueva-de-los-arcos-spanien\/\",\"url\":\"https:\/\/www.ontravelholidayrentals.com\/blog\/de\/cueva-de-los-arcos-spanien\/\",\"name\":\"Cueva de los Arcos. Entdecken Sie diesen traumhaften Ort! - Blog\",\"isPartOf\":{\"@id\":\"https:\/\/www.ontravelholidayrentals.com\/blog\/de\/#website\"},\"primaryImageOfPage\":{\"@id\":\"https:\/\/www.ontravelholidayrentals.com\/blog\/de\/cueva-de-los-arcos-spanien\/#primaryimage\"},\"image\":{\"@id\":\"https:\/\/www.ontravelholidayrentals.com\/blog\/de\/cueva-de-los-arcos-spanien\/#primaryimage\"},\"thumbnailUrl\":\"https:\/\/www.ontravelholidayrentals.com\/blog\/wp-content\/uploads\/2025\/03\/Cueva-arcos-benitatxell-moraig.jpg\",\"datePublished\":\"2025-03-07T10:44:04+00:00\",\"dateModified\":\"2025-03-27T09:22:28+00:00\",\"description\":\"Entdecken Sie die H\u00f6hle der B\u00f6gen, eine beeindruckende Naturst\u00e4tte, an der Sie ein vollst\u00e4ndiges mediterranes Erlebnis genie\u00dfen k\u00f6nnen.\",\"breadcrumb\":{\"@id\":\"https:\/\/www.ontravelholidayrentals.com\/blog\/de\/cueva-de-los-arcos-spanien\/#breadcrumb\"},\"inLanguage\":\"de\",\"potentialAction\":[{\"@type\":\"ReadAction\",\"target\":[\"https:\/\/www.ontravelholidayrentals.com\/blog\/de\/cueva-de-los-arcos-spanien\/\"]}]},{\"@type\":\"ImageObject\",\"inLanguage\":\"de\",\"@id\":\"https:\/\/www.ontravelholidayrentals.com\/blog\/de\/cueva-de-los-arcos-spanien\/#primaryimage\",\"url\":\"https:\/\/www.ontravelholidayrentals.com\/blog\/wp-content\/uploads\/2025\/03\/Cueva-arcos-benitatxell-moraig.jpg\",\"contentUrl\":\"https:\/\/www.ontravelholidayrentals.com\/blog\/wp-content\/uploads\/2025\/03\/Cueva-arcos-benitatxell-moraig.jpg\",\"width\":1920,\"height\":640},{\"@type\":\"BreadcrumbList\",\"@id\":\"https:\/\/www.ontravelholidayrentals.com\/blog\/de\/cueva-de-los-arcos-spanien\/#breadcrumb\",\"itemListElement\":[{\"@type\":\"ListItem\",\"position\":1,\"name\":\"Portada\",\"item\":\"https:\/\/www.ontravelholidayrentals.com\/blog\/de\/\"},{\"@type\":\"ListItem\",\"position\":2,\"name\":\"Cueva de los Arcos. Entdecken Sie diesen traumhaften Ort!\"}]},{\"@type\":\"WebSite\",\"@id\":\"https:\/\/www.ontravelholidayrentals.com\/blog\/de\/#website\",\"url\":\"https:\/\/www.ontravelholidayrentals.com\/blog\/de\/\",\"name\":\"Blog\",\"description\":\"Ontravelholidayrentals\",\"publisher\":{\"@id\":\"https:\/\/www.ontravelholidayrentals.com\/blog\/de\/#organization\"},\"potentialAction\":[{\"@type\":\"SearchAction\",\"target\":{\"@type\":\"EntryPoint\",\"urlTemplate\":\"https:\/\/www.ontravelholidayrentals.com\/blog\/de\/?s={search_term_string}\"},\"query-input\":{\"@type\":\"PropertyValueSpecification\",\"valueRequired\":true,\"valueName\":\"search_term_string\"}}],\"inLanguage\":\"de\"},{\"@type\":\"Organization\",\"@id\":\"https:\/\/www.ontravelholidayrentals.com\/blog\/de\/#organization\",\"name\":\"Blog\",\"url\":\"https:\/\/www.ontravelholidayrentals.com\/blog\/de\/\",\"logo\":{\"@type\":\"ImageObject\",\"inLanguage\":\"de\",\"@id\":\"https:\/\/www.ontravelholidayrentals.com\/blog\/de\/#\/schema\/logo\/image\/\",\"url\":\"https:\/\/www.ontravelholidayrentals.com\/blog\/wp-content\/uploads\/2025\/02\/logo-oliva-nova.webp\",\"contentUrl\":\"https:\/\/www.ontravelholidayrentals.com\/blog\/wp-content\/uploads\/2025\/02\/logo-oliva-nova.webp\",\"width\":2454,\"height\":875,\"caption\":\"Blog\"},\"image\":{\"@id\":\"https:\/\/www.ontravelholidayrentals.com\/blog\/de\/#\/schema\/logo\/image\/\"}},{\"@type\":\"Person\",\"@id\":\"https:\/\/www.ontravelholidayrentals.com\/blog\/de\/#\/schema\/person\/907601cb91b08af60b0fec9e629a4883\",\"name\":\"Axel\",\"image\":{\"@type\":\"ImageObject\",\"inLanguage\":\"de\",\"@id\":\"https:\/\/www.ontravelholidayrentals.com\/blog\/de\/#\/schema\/person\/image\/\",\"url\":\"https:\/\/secure.gravatar.com\/avatar\/3bd706736e5b70f21f05f6c2d5cad746767782a4ba4b7df399c5969e2a9318fd?s=96&d=mm&r=g\",\"contentUrl\":\"https:\/\/secure.gravatar.com\/avatar\/3bd706736e5b70f21f05f6c2d5cad746767782a4ba4b7df399c5969e2a9318fd?s=96&d=mm&r=g\",\"caption\":\"Axel\"},\"url\":\"https:\/\/www.ontravelholidayrentals.com\/blog\/de\/author\/axel\/\"}]}<\/script>\n<!-- \/ Yoast SEO plugin. -->","yoast_head_json":{"title":"Cueva de los Arcos. Entdecken Sie diesen traumhaften Ort! - Blog","description":"Entdecken Sie die H\u00f6hle der B\u00f6gen, eine beeindruckende Naturst\u00e4tte, an der Sie ein vollst\u00e4ndiges mediterranes Erlebnis genie\u00dfen k\u00f6nnen.","robots":{"index":"index","follow":"follow","max-snippet":"max-snippet:-1","max-image-preview":"max-image-preview:large","max-video-preview":"max-video-preview:-1"},"canonical":"https:\/\/www.ontravelholidayrentals.com\/blog\/de\/cueva-de-los-arcos-spanien\/","og_locale":"de_DE","og_type":"article","og_title":"Cueva de los Arcos. Entdecken Sie diesen traumhaften Ort! - Blog","og_description":"Entdecken Sie die H\u00f6hle der B\u00f6gen, eine beeindruckende Naturst\u00e4tte, an der Sie ein vollst\u00e4ndiges mediterranes Erlebnis genie\u00dfen k\u00f6nnen.","og_url":"https:\/\/www.ontravelholidayrentals.com\/blog\/de\/cueva-de-los-arcos-spanien\/","og_site_name":"Blog","article_published_time":"2025-03-07T10:44:04+00:00","article_modified_time":"2025-03-27T09:22:28+00:00","og_image":[{"width":1920,"height":640,"url":"https:\/\/www.ontravelholidayrentals.com\/blog\/wp-content\/uploads\/2025\/03\/Cueva-arcos-benitatxell-moraig.jpg","type":"image\/jpeg"}],"author":"Axel","twitter_card":"summary_large_image","twitter_misc":{"Verfasst von":"Axel","Gesch\u00e4tzte Lesezeit":"7\u00a0Minuten"},"schema":{"@context":"https:\/\/schema.org","@graph":[{"@type":"Article","@id":"https:\/\/www.ontravelholidayrentals.com\/blog\/de\/cueva-de-los-arcos-spanien\/#article","isPartOf":{"@id":"https:\/\/www.ontravelholidayrentals.com\/blog\/de\/cueva-de-los-arcos-spanien\/"},"author":{"name":"Axel","@id":"https:\/\/www.ontravelholidayrentals.com\/blog\/de\/#\/schema\/person\/907601cb91b08af60b0fec9e629a4883"},"headline":"Cueva de los Arcos. Entdecken Sie diesen traumhaften Ort!","datePublished":"2025-03-07T10:44:04+00:00","dateModified":"2025-03-27T09:22:28+00:00","mainEntityOfPage":{"@id":"https:\/\/www.ontravelholidayrentals.com\/blog\/de\/cueva-de-los-arcos-spanien\/"},"wordCount":1055,"commentCount":0,"publisher":{"@id":"https:\/\/www.ontravelholidayrentals.com\/blog\/de\/#organization"},"image":{"@id":"https:\/\/www.ontravelholidayrentals.com\/blog\/de\/cueva-de-los-arcos-spanien\/#primaryimage"},"thumbnailUrl":"https:\/\/www.ontravelholidayrentals.com\/blog\/wp-content\/uploads\/2025\/03\/Cueva-arcos-benitatxell-moraig.jpg","keywords":["no template"],"articleSection":["Benitatxell","Benitatxell","Moraira"],"inLanguage":"de","potentialAction":[{"@type":"CommentAction","name":"Comment","target":["https:\/\/www.ontravelholidayrentals.com\/blog\/de\/cueva-de-los-arcos-spanien\/#respond"]}]},{"@type":"WebPage","@id":"https:\/\/www.ontravelholidayrentals.com\/blog\/de\/cueva-de-los-arcos-spanien\/","url":"https:\/\/www.ontravelholidayrentals.com\/blog\/de\/cueva-de-los-arcos-spanien\/","name":"Cueva de los Arcos. Entdecken Sie diesen traumhaften Ort! - Blog","isPartOf":{"@id":"https:\/\/www.ontravelholidayrentals.com\/blog\/de\/#website"},"primaryImageOfPage":{"@id":"https:\/\/www.ontravelholidayrentals.com\/blog\/de\/cueva-de-los-arcos-spanien\/#primaryimage"},"image":{"@id":"https:\/\/www.ontravelholidayrentals.com\/blog\/de\/cueva-de-los-arcos-spanien\/#primaryimage"},"thumbnailUrl":"https:\/\/www.ontravelholidayrentals.com\/blog\/wp-content\/uploads\/2025\/03\/Cueva-arcos-benitatxell-moraig.jpg","datePublished":"2025-03-07T10:44:04+00:00","dateModified":"2025-03-27T09:22:28+00:00","description":"Entdecken Sie die H\u00f6hle der B\u00f6gen, eine beeindruckende Naturst\u00e4tte, an der Sie ein vollst\u00e4ndiges mediterranes Erlebnis genie\u00dfen k\u00f6nnen.","breadcrumb":{"@id":"https:\/\/www.ontravelholidayrentals.com\/blog\/de\/cueva-de-los-arcos-spanien\/#breadcrumb"},"inLanguage":"de","potentialAction":[{"@type":"ReadAction","target":["https:\/\/www.ontravelholidayrentals.com\/blog\/de\/cueva-de-los-arcos-spanien\/"]}]},{"@type":"ImageObject","inLanguage":"de","@id":"https:\/\/www.ontravelholidayrentals.com\/blog\/de\/cueva-de-los-arcos-spanien\/#primaryimage","url":"https:\/\/www.ontravelholidayrentals.com\/blog\/wp-content\/uploads\/2025\/03\/Cueva-arcos-benitatxell-moraig.jpg","contentUrl":"https:\/\/www.ontravelholidayrentals.com\/blog\/wp-content\/uploads\/2025\/03\/Cueva-arcos-benitatxell-moraig.jpg","width":1920,"height":640},{"@type":"BreadcrumbList","@id":"https:\/\/www.ontravelholidayrentals.com\/blog\/de\/cueva-de-los-arcos-spanien\/#breadcrumb","itemListElement":[{"@type":"ListItem","position":1,"name":"Portada","item":"https:\/\/www.ontravelholidayrentals.com\/blog\/de\/"},{"@type":"ListItem","position":2,"name":"Cueva de los Arcos. Entdecken Sie diesen traumhaften Ort!"}]},{"@type":"WebSite","@id":"https:\/\/www.ontravelholidayrentals.com\/blog\/de\/#website","url":"https:\/\/www.ontravelholidayrentals.com\/blog\/de\/","name":"Blog","description":"Ontravelholidayrentals","publisher":{"@id":"https:\/\/www.ontravelholidayrentals.com\/blog\/de\/#organization"},"potentialAction":[{"@type":"SearchAction","target":{"@type":"EntryPoint","urlTemplate":"https:\/\/www.ontravelholidayrentals.com\/blog\/de\/?s={search_term_string}"},"query-input":{"@type":"PropertyValueSpecification","valueRequired":true,"valueName":"search_term_string"}}],"inLanguage":"de"},{"@type":"Organization","@id":"https:\/\/www.ontravelholidayrentals.com\/blog\/de\/#organization","name":"Blog","url":"https:\/\/www.ontravelholidayrentals.com\/blog\/de\/","logo":{"@type":"ImageObject","inLanguage":"de","@id":"https:\/\/www.ontravelholidayrentals.com\/blog\/de\/#\/schema\/logo\/image\/","url":"https:\/\/www.ontravelholidayrentals.com\/blog\/wp-content\/uploads\/2025\/02\/logo-oliva-nova.webp","contentUrl":"https:\/\/www.ontravelholidayrentals.com\/blog\/wp-content\/uploads\/2025\/02\/logo-oliva-nova.webp","width":2454,"height":875,"caption":"Blog"},"image":{"@id":"https:\/\/www.ontravelholidayrentals.com\/blog\/de\/#\/schema\/logo\/image\/"}},{"@type":"Person","@id":"https:\/\/www.ontravelholidayrentals.com\/blog\/de\/#\/schema\/person\/907601cb91b08af60b0fec9e629a4883","name":"Axel","image":{"@type":"ImageObject","inLanguage":"de","@id":"https:\/\/www.ontravelholidayrentals.com\/blog\/de\/#\/schema\/person\/image\/","url":"https:\/\/secure.gravatar.com\/avatar\/3bd706736e5b70f21f05f6c2d5cad746767782a4ba4b7df399c5969e2a9318fd?s=96&d=mm&r=g","contentUrl":"https:\/\/secure.gravatar.com\/avatar\/3bd706736e5b70f21f05f6c2d5cad746767782a4ba4b7df399c5969e2a9318fd?s=96&d=mm&r=g","caption":"Axel"},"url":"https:\/\/www.ontravelholidayrentals.com\/blog\/de\/author\/axel\/"}]}},"_links":{"self":[{"href":"https:\/\/www.ontravelholidayrentals.com\/blog\/de\/wp-json\/wp\/v2\/posts\/474","targetHints":{"allow":["GET"]}}],"collection":[{"href":"https:\/\/www.ontravelholidayrentals.com\/blog\/de\/wp-json\/wp\/v2\/posts"}],"about":[{"href":"https:\/\/www.ontravelholidayrentals.com\/blog\/de\/wp-json\/wp\/v2\/types\/post"}],"author":[{"embeddable":true,"href":"https:\/\/www.ontravelholidayrentals.com\/blog\/de\/wp-json\/wp\/v2\/users\/4"}],"replies":[{"embeddable":true,"href":"https:\/\/www.ontravelholidayrentals.com\/blog\/de\/wp-json\/wp\/v2\/comments?post=474"}],"version-history":[{"count":9,"href":"https:\/\/www.ontravelholidayrentals.com\/blog\/de\/wp-json\/wp\/v2\/posts\/474\/revisions"}],"predecessor-version":[{"id":598,"href":"https:\/\/www.ontravelholidayrentals.com\/blog\/de\/wp-json\/wp\/v2\/posts\/474\/revisions\/598"}],"wp:featuredmedia":[{"embeddable":true,"href":"https:\/\/www.ontravelholidayrentals.com\/blog\/de\/wp-json\/wp\/v2\/media\/198"}],"wp:attachment":[{"href":"https:\/\/www.ontravelholidayrentals.com\/blog\/de\/wp-json\/wp\/v2\/media?parent=474"}],"wp:term":[{"taxonomy":"category","embeddable":true,"href":"https:\/\/www.ontravelholidayrentals.com\/blog\/de\/wp-json\/wp\/v2\/categories?post=474"},{"taxonomy":"post_tag","embeddable":true,"href":"https:\/\/www.ontravelholidayrentals.com\/blog\/de\/wp-json\/wp\/v2\/tags?post=474"}],"curies":[{"name":"wp","href":"https:\/\/api.w.org\/{rel}","templated":true}]}}