{"id":2281,"date":"2026-08-24T11:13:13","date_gmt":"2026-08-24T11:13:13","guid":{"rendered":"https:\/\/www.ontravelholidayrentals.com\/blog\/via-verde-von-denia\/"},"modified":"2026-08-26T12:10:26","modified_gmt":"2026-08-26T12:10:26","slug":"via-verde-von-denia","status":"publish","type":"post","link":"https:\/\/www.ontravelholidayrentals.com\/blog\/de\/via-verde-von-denia\/","title":{"rendered":"Besuchen Sie den Gr\u00fcnen Weg von D\u00e9nia"},"content":{"rendered":"\n<p class=\"wp-block-paragraph\">D\u00e9nia bietet mehr als genug, um Ihnen einen ganzen Urlaub zu f\u00fcllen. Doch schon wenn Sie sich nur ein paar Minuten vom Zentrum entfernen, k\u00f6nnen Sie eine weitere Seite der Stadt entdecken. Pl\u00f6tzlich liegen <strong>Orangenhaine, alte Bahntrassen und nahezu ebene Wege<\/strong> vor Ihnen.  <\/p>\n\n<p class=\"wp-block-paragraph\">Der <strong>Gr\u00fcne Weg von D\u00e9nia <\/strong>nutzt einen Teil der Trasse, auf der fr\u00fcher die Bahn zwischen Carcaixent und D\u00e9nia fuhr. Heute ist es eine einfache Route zum Spazierengehen und um ein paar Stunden mit der Familie zu verbringen. Wir erz\u00e4hlen Ihnen alles dar\u00fcber \u2013 lesen Sie weiter!  <\/p>\n\n<h2 class=\"wp-block-heading\"><strong>Der Gr\u00fcne Weg von D\u00e9nia ist ein leichter Spaziergang zwischen alten Schienen und Feldern<\/strong><\/h2>\n\n<p class=\"wp-block-paragraph\">Die Route beginnt in der N\u00e4he des Stadtgebiets und f\u00fchrt in Richtung Els Poblets und El Verger. Unterwegs begegnen Ihnen Zitrusb\u00e4ume, Mandelb\u00e4ume, Bew\u00e4sserungsgr\u00e4ben und Landh\u00e4user, w\u00e4hrend sich in der Ferne der Montg\u00f3 und die Sierra de Seg\u00e0ria abzeichnen. <\/p>\n\n<p class=\"wp-block-paragraph\">Ganz ehrlich: Erwarten Sie keine Bergroute und keine gro\u00dfen Aussichtspunkte. Wenn Sie das suchen, drehen Sie besser um. <strong>Der Reiz dieses Spaziergangs liegt darin, einen ruhigen, vom Verkehr getrennten Korridor \u00fcber einen gro\u00dfen Teil der Strecke zu gehen<\/strong>. <\/p>\n\n<p class=\"wp-block-paragraph\">Im Sommer <strong>macht es einen erheblichen Unterschied, fr\u00fch am Morgen oder am sp\u00e4ten Nachmittag loszugehen.<\/strong> Im Fr\u00fchling sorgt der Duft der Orangenbl\u00fcten f\u00fcr ein Extra an Sch\u00f6nheit, das kaum zu bestreiten ist.<\/p>\n\n<figure class=\"wp-block-image size-large\"><img fetchpriority=\"high\" decoding=\"async\" width=\"1024\" height=\"768\" src=\"https:\/\/www.ontravelholidayrentals.com\/blog\/wp-content\/uploads\/2026\/08\/Via-Verde-de-Denia-1024x768.webp\" alt=\"\" class=\"wp-image-2239\" srcset=\"https:\/\/www.ontravelholidayrentals.com\/blog\/wp-content\/uploads\/2026\/08\/Via-Verde-de-Denia-1024x768.webp 1024w, https:\/\/www.ontravelholidayrentals.com\/blog\/wp-content\/uploads\/2026\/08\/Via-Verde-de-Denia-300x225.webp 300w, https:\/\/www.ontravelholidayrentals.com\/blog\/wp-content\/uploads\/2026\/08\/Via-Verde-de-Denia-768x576.webp 768w, https:\/\/www.ontravelholidayrentals.com\/blog\/wp-content\/uploads\/2026\/08\/Via-Verde-de-Denia.webp 1360w\" sizes=\"(max-width: 1024px) 100vw, 1024px\" \/><\/figure>\n\n<h2 class=\"wp-block-heading\"><strong>Strecke und Eigenschaften der Route<\/strong><\/h2>\n\n<h3 class=\"wp-block-heading\"><strong>Distanz, Schwierigkeitsgrad und Untergrund<\/strong><\/h3>\n\n<p class=\"wp-block-paragraph\">Die Strecke ist sechs Kilometer lang \u2013 zwischen D\u00e9nia und dem Gebiet von Els Poblets und El Verger. Der Weg ist linear und nahezu eben, mit minimalem positivem H\u00f6henunterschied. <strong>Planen Sie etwa zwei Stunden ein, um eine Richtung in ruhigem Tempo zu Fu\u00df zu schaffen<\/strong> \u2013 und nat\u00fcrlich deutlich weniger, wenn Sie mit dem Fahrrad fahren. <\/p>\n\n<p class=\"wp-block-paragraph\">Der Untergrund kombiniert Asphalt und verdichtete Erde.<strong> Es gibt Stege, um Bachl\u00e4ufe zu \u00fcberqueren, sowie Bereiche f\u00fcr \u00dcbungen<\/strong>. Die Route ist f\u00fcr Wandernde, Radfahrende und Personen mit eingeschr\u00e4nkter Mobilit\u00e4t ausgelegt. <\/p>\n\n<figure class=\"wp-block-image size-large\"><img decoding=\"async\" width=\"1024\" height=\"768\" src=\"https:\/\/www.ontravelholidayrentals.com\/blog\/wp-content\/uploads\/2026\/08\/Via-Verde-Denia-1024x768.webp\" alt=\"\" class=\"wp-image-2240\" srcset=\"https:\/\/www.ontravelholidayrentals.com\/blog\/wp-content\/uploads\/2026\/08\/Via-Verde-Denia-1024x768.webp 1024w, https:\/\/www.ontravelholidayrentals.com\/blog\/wp-content\/uploads\/2026\/08\/Via-Verde-Denia-768x576.webp 768w, https:\/\/www.ontravelholidayrentals.com\/blog\/wp-content\/uploads\/2026\/08\/Via-Verde-Denia-300x225.webp 300w, https:\/\/www.ontravelholidayrentals.com\/blog\/wp-content\/uploads\/2026\/08\/Via-Verde-Denia.webp 1360w\" sizes=\"(max-width: 1024px) 100vw, 1024px\" \/><\/figure>\n\n<h3 class=\"wp-block-heading\"><strong>Eine ehemalige Bahnlinie, die in einen Naturweg umgewandelt wurde<\/strong><\/h3>\n\n<p class=\"wp-block-paragraph\">Die Route folgt der Trasse der Bahn Carcaixent\u2013D\u00e9nia, einer Infrastruktur, die die Stadt schlie\u00dflich mit Gandia verband und 1974 den Betrieb einstellte. Die Gleise verschwanden, doch <strong>der Korridor beh\u00e4lt seine Richtung. <\/strong>  <\/p>\n\n<p class=\"wp-block-paragraph\">W\u00e4hrend des Spaziergangs <strong>\u00fcberqueren Sie alte wasserbauliche Anlagen<\/strong> und \u00dcberg\u00e4nge \u00fcber kleine Bachl\u00e4ufe. Man muss die Geschichte nicht kennen, um es zu genie\u00dfen \u2013 aber zu wissen, dass Sie dort gehen, wo fr\u00fcher der Zug fuhr, verleiht dem Ganzen etwas Besonderes. <\/p>\n\n<h2 class=\"wp-block-heading\"><strong>Anfahrt und Parken am Gr\u00fcnen Weg von D\u00e9nia<\/strong><\/h2>\n\n<p class=\"wp-block-paragraph\">Der g\u00e4ngigste Startpunkt befindet sich am <strong>Cam\u00ed de la Bota, im Gebiet Partida Negrals, etwa 500 Meter vom Stadtgebiet entfernt<\/strong>. Von der Avenida de Alicante k\u00f6nnen Sie zur Calle Ondara fahren und \u00fcber den Carrer Negrasa bis in die N\u00e4he der Baumschule weiterfahren, die direkt beim Beginn liegt. <\/p>\n\n<p class=\"wp-block-paragraph\">Im ersten Abschnitt finden Sie Beschilderung und einen Rastbereich. <strong>Speichern Sie die genaue Position, bevor Sie losfahren<\/strong>, denn wenn Sie im Navi nur \u201eGr\u00fcner Weg von D\u00e9nia\u201c eingeben, kann es Sie zu einem anderen Zugang der Strecke f\u00fchren.<\/p>\n\n<figure class=\"wp-block-image size-large\"><img decoding=\"async\" width=\"1024\" height=\"466\" src=\"https:\/\/www.ontravelholidayrentals.com\/blog\/wp-content\/uploads\/2026\/08\/Via-verde-Denia-1024x466.jpg\" alt=\"\" class=\"wp-image-2237\" srcset=\"https:\/\/www.ontravelholidayrentals.com\/blog\/wp-content\/uploads\/2026\/08\/Via-verde-Denia-1024x466.jpg 1024w, https:\/\/www.ontravelholidayrentals.com\/blog\/wp-content\/uploads\/2026\/08\/Via-verde-Denia-766x349.jpg 766w, https:\/\/www.ontravelholidayrentals.com\/blog\/wp-content\/uploads\/2026\/08\/Via-verde-Denia-300x137.jpg 300w, https:\/\/www.ontravelholidayrentals.com\/blog\/wp-content\/uploads\/2026\/08\/Via-verde-Denia.jpg 1528w\" sizes=\"(max-width: 1024px) 100vw, 1024px\" \/><\/figure>\n\n<h3 class=\"wp-block-heading\"><strong>Parken und Alternativen f\u00fcr die Anreise ohne Auto<\/strong><\/h3>\n\n<p class=\"wp-block-paragraph\">Am Start gibt es <strong>reservierte Stellpl\u00e4tze f\u00fcr Personen mit eingeschr\u00e4nkter Mobilit\u00e4t<\/strong>, aber rechnen Sie nicht mit einem gro\u00dfen \u00f6ffentlichen Parkplatz direkt am Eingang. Suchen Sie nach erlaubten Parkm\u00f6glichkeiten in den umliegenden Stra\u00dfen. <\/p>\n\n<p class=\"wp-block-paragraph\">Wenn Sie in der N\u00e4he des Zentrums wohnen, k\u00f6nnen Sie zu Fu\u00df oder mit dem Fahrrad kommen und sich das Problem sparen. <strong>Direkt ab D\u00e9nia loszuradeln ist besonders bequem<\/strong>, da die Route sehr nah am Stadtkern liegt und Sie das Fahrrad nicht im Auto transportieren m\u00fcssen.<\/p>\n\n<h2 class=\"wp-block-heading\"><strong>Tipps f\u00fcr die Strecke zu Fu\u00df oder mit dem Fahrrad<\/strong><\/h2>\n\n<h3 class=\"wp-block-heading\"><strong>Wenn Sie zu Fu\u00df gehen oder mit Kindern<\/strong><\/h3>\n\n<p class=\"wp-block-paragraph\"><strong>Es ist nicht verpflichtend, die gesamte Route zu absolvieren<\/strong>. Sie k\u00f6nnen eine halbe Stunde gehen, in einem der Rastbereiche pausieren und auf demselben Weg zur\u00fcckkehren. Diese Option eignet sich gut mit kleinen Kindern oder wenn Sie etwas Bewegung m\u00f6chten, ohne den ganzen Vormittag daf\u00fcr einzuplanen.  <\/p>\n\n<p class=\"wp-block-paragraph\">Nehmen Sie Wasser, Sonnenschutz und eine Kappe mit \u2013 besonders in den warmen Monaten. <strong>Dass es kaum H\u00f6henunterschied gibt, hei\u00dft nicht, dass die Sonne nicht ihre Wirkung entfaltet<\/strong>, und die Felder bieten keinen durchgehenden Schatten. Wenn Sie mit Hund spazieren gehen, halten Sie ihn an der Leine und sammeln Sie seine Hinterlassenschaften immer auf. <\/p>\n\n<h3 class=\"wp-block-heading\"><strong>Wenn Sie sie lieber mit dem Fahrrad fahren<\/strong><\/h3>\n\n<p class=\"wp-block-paragraph\">Nutzen Sie ein bequemes Fahrrad f\u00fcr gemischten Untergrund und <strong>reduzieren Sie die Geschwindigkeit an Kreuzungen und in gemeinsam genutzten Bereichen. <\/strong>Fu\u00dfg\u00e4nger k\u00f6nnen einen gro\u00dfen Teil der Breite einnehmen, und einige landwirtschaftliche Zufahrten kreuzen die Strecke.<\/p>\n\n<figure class=\"wp-block-image size-large\"><img loading=\"lazy\" decoding=\"async\" width=\"1024\" height=\"768\" src=\"https:\/\/www.ontravelholidayrentals.com\/blog\/wp-content\/uploads\/2026\/08\/recorrido-Via-Verde-de-Denia-1024x768.webp\" alt=\"\" class=\"wp-image-2241\" srcset=\"https:\/\/www.ontravelholidayrentals.com\/blog\/wp-content\/uploads\/2026\/08\/recorrido-Via-Verde-de-Denia-1024x768.webp 1024w, https:\/\/www.ontravelholidayrentals.com\/blog\/wp-content\/uploads\/2026\/08\/recorrido-Via-Verde-de-Denia-300x225.webp 300w, https:\/\/www.ontravelholidayrentals.com\/blog\/wp-content\/uploads\/2026\/08\/recorrido-Via-Verde-de-Denia-768x576.webp 768w, https:\/\/www.ontravelholidayrentals.com\/blog\/wp-content\/uploads\/2026\/08\/recorrido-Via-Verde-de-Denia.webp 1360w\" sizes=\"(max-width: 1024px) 100vw, 1024px\" \/><\/figure>\n\n<h2 class=\"wp-block-heading\"><strong>Was es zu sehen gibt und die besten Stopps unterwegs<\/strong><\/h2>\n\n<p class=\"wp-block-paragraph\">Der erste Abschnitt bietet <strong>B\u00e4nke, Tische und einen Park, der sehr einladend wirkt<\/strong>. Kurz darauf kommen Sie zu den ber\u00fchmten Holzstegen und den landwirtschaftlichen Fl\u00e4chen, die Sie \u00fcber einen gro\u00dfen Teil der Strecke begleiten. Der Montg\u00f3 liegt beim Weiterfahren nach Westen hinter Ihnen, w\u00e4hrend die Sierra de Seg\u00e0ria vorne immer pr\u00e4senter wird.  <\/p>\n\n<p class=\"wp-block-paragraph\">Am Ende <strong>k\u00f6nnen Sie weiter nach El Verger fahren<\/strong>, das etwa einen Kilometer entfernt liegt, oder auf Wege wechseln, die zur Marjal de Pego-Oliva f\u00fchren. Wer ans Radfahren gew\u00f6hnt ist, kann auch an den Gr\u00fcnen Weg der Safor anschlie\u00dfen und den Ausflug bis nach Oliva und Gandia verl\u00e4ngern. <\/p>\n\n<p class=\"wp-block-paragraph\">Wenn Sie nur einen kurzen Ausflug m\u00f6chten, <strong>nehmen Sie eine der ausgeschilderten Abzweigungen Richtung Torre Carrals, l\u2019Almadrava oder zur K\u00fcste. <\/strong>Pr\u00fcfen Sie die Distanz, bevor Sie die Haupttrasse verlassen, denn auf dem R\u00fcckweg kommen am Ende mehr Kilometer zusammen, als es scheint.<\/p>\n\n<h2 class=\"wp-block-heading\"><strong>Kommen Sie in Ihrem Urlaub und erkunden Sie den Gr\u00fcnen Weg von D\u00e9nia<\/strong><\/h2>\n\n<p class=\"wp-block-paragraph\">Der Gr\u00fcne Weg von D\u00e9nia ist <strong>ein gut zug\u00e4nglicher Plan f\u00fcr nahezu jedes Tempo und jeden Lebensstil<\/strong>. Sie k\u00f6nnen ihn f\u00fcr Sport nutzen, aber auch, wenn Sie einfach die Agrarlandschaft der Marina Alta kennenlernen oder ein paar Stunden Pause vom Strand machen m\u00f6chten. <\/p>\n\n<p class=\"wp-block-paragraph\">Eine komfortable Unterkunft erm\u00f6glicht es Ihnen, fr\u00fch zu starten und den Rest des Tages weiter die K\u00fcste zu entdecken. <strong>Buchen Sie eines unserer Apartments mit On Travel<\/strong> und erg\u00e4nzen Sie Ihre n\u00e4chste Auszeit in D\u00e9nia um diese Route. Kontaktieren Sie uns! <\/p>\n","protected":false},"excerpt":{"rendered":"<p>D\u00e9nia bietet mehr als genug, um Ihnen einen ganzen Urlaub zu f\u00fcllen. Doch schon wenn Sie sich nur ein paar Minuten vom Zentrum entfernen, k\u00f6nnen Sie eine weitere Seite der Stadt entdecken. Pl\u00f6tzlich liegen Orangenhaine, alte Bahntrassen und nahezu ebene Wege vor Ihnen. Der Gr\u00fcne Weg von D\u00e9nia nutzt einen Teil der Trasse, auf der [&hellip;]<\/p>\n","protected":false},"author":4,"featured_media":2259,"comment_status":"open","ping_status":"open","sticky":false,"template":"","format":"standard","meta":{"footnotes":""},"categories":[28],"tags":[],"class_list":["post-2281","post","type-post","status-publish","format-standard","has-post-thumbnail","hentry","category-denia-de"],"yoast_head":"<!-- This site is optimized with the Yoast SEO plugin v27.7 - https:\/\/yoast.com\/product\/yoast-seo-wordpress\/ -->\n<title>Besuchen Sie den Gr\u00fcnen Weg von D\u00e9nia - Blog<\/title>\n<meta name=\"description\" content=\"Entdecken Sie den emblematischen Gr\u00fcnen Weg von D\u00e9nia. Genie\u00dfen Sie einen einzigartigen Spaziergang zu Fu\u00df oder mit dem Fahrrad, umgeben von Natur.\" \/>\n<meta name=\"robots\" content=\"index, follow, max-snippet:-1, max-image-preview:large, max-video-preview:-1\" \/>\n<link rel=\"canonical\" href=\"https:\/\/www.ontravelholidayrentals.com\/blog\/de\/via-verde-von-denia\/\" \/>\n<meta property=\"og:locale\" content=\"de_DE\" \/>\n<meta property=\"og:type\" content=\"article\" \/>\n<meta property=\"og:title\" content=\"Besuchen Sie den Gr\u00fcnen Weg von D\u00e9nia - Blog\" \/>\n<meta property=\"og:description\" content=\"Entdecken Sie den emblematischen Gr\u00fcnen Weg von D\u00e9nia. Genie\u00dfen Sie einen einzigartigen Spaziergang zu Fu\u00df oder mit dem Fahrrad, umgeben von Natur.\" \/>\n<meta property=\"og:url\" content=\"https:\/\/www.ontravelholidayrentals.com\/blog\/de\/via-verde-von-denia\/\" \/>\n<meta property=\"og:site_name\" content=\"Blog\" \/>\n<meta property=\"article:published_time\" content=\"2026-08-24T11:13:13+00:00\" \/>\n<meta property=\"article:modified_time\" content=\"2026-08-26T12:10:26+00:00\" \/>\n<meta property=\"og:image\" content=\"https:\/\/www.ontravelholidayrentals.com\/blog\/wp-content\/uploads\/2026\/08\/Via-Verde-Denia.webp\" \/>\n\t<meta property=\"og:image:width\" content=\"1360\" \/>\n\t<meta property=\"og:image:height\" content=\"1020\" \/>\n\t<meta property=\"og:image:type\" content=\"image\/webp\" \/>\n<meta name=\"author\" content=\"Axel\" \/>\n<meta name=\"twitter:card\" content=\"summary_large_image\" \/>\n<meta name=\"twitter:label1\" content=\"Verfasst von\" \/>\n\t<meta name=\"twitter:data1\" content=\"Axel\" \/>\n\t<meta name=\"twitter:label2\" content=\"Gesch\u00e4tzte Lesezeit\" \/>\n\t<meta name=\"twitter:data2\" content=\"5\u00a0Minuten\" \/>\n<script type=\"application\/ld+json\" class=\"yoast-schema-graph\">{\"@context\":\"https:\\\/\\\/schema.org\",\"@graph\":[{\"@type\":\"Article\",\"@id\":\"https:\\\/\\\/www.ontravelholidayrentals.com\\\/blog\\\/de\\\/via-verde-von-denia\\\/#article\",\"isPartOf\":{\"@id\":\"https:\\\/\\\/www.ontravelholidayrentals.com\\\/blog\\\/de\\\/via-verde-von-denia\\\/\"},\"author\":{\"name\":\"Axel\",\"@id\":\"https:\\\/\\\/www.ontravelholidayrentals.com\\\/blog\\\/de\\\/#\\\/schema\\\/person\\\/907601cb91b08af60b0fec9e629a4883\"},\"headline\":\"Besuchen Sie den Gr\u00fcnen Weg von D\u00e9nia\",\"datePublished\":\"2026-08-24T11:13:13+00:00\",\"dateModified\":\"2026-08-26T12:10:26+00:00\",\"mainEntityOfPage\":{\"@id\":\"https:\\\/\\\/www.ontravelholidayrentals.com\\\/blog\\\/de\\\/via-verde-von-denia\\\/\"},\"wordCount\":1090,\"commentCount\":0,\"publisher\":{\"@id\":\"https:\\\/\\\/www.ontravelholidayrentals.com\\\/blog\\\/de\\\/#organization\"},\"image\":{\"@id\":\"https:\\\/\\\/www.ontravelholidayrentals.com\\\/blog\\\/de\\\/via-verde-von-denia\\\/#primaryimage\"},\"thumbnailUrl\":\"https:\\\/\\\/www.ontravelholidayrentals.com\\\/blog\\\/wp-content\\\/uploads\\\/2026\\\/08\\\/Via-Verde-Denia.webp\",\"articleSection\":[\"Denia\"],\"inLanguage\":\"de\",\"potentialAction\":[{\"@type\":\"CommentAction\",\"name\":\"Comment\",\"target\":[\"https:\\\/\\\/www.ontravelholidayrentals.com\\\/blog\\\/de\\\/via-verde-von-denia\\\/#respond\"]}]},{\"@type\":\"WebPage\",\"@id\":\"https:\\\/\\\/www.ontravelholidayrentals.com\\\/blog\\\/de\\\/via-verde-von-denia\\\/\",\"url\":\"https:\\\/\\\/www.ontravelholidayrentals.com\\\/blog\\\/de\\\/via-verde-von-denia\\\/\",\"name\":\"Besuchen Sie den Gr\u00fcnen Weg von D\u00e9nia - Blog\",\"isPartOf\":{\"@id\":\"https:\\\/\\\/www.ontravelholidayrentals.com\\\/blog\\\/de\\\/#website\"},\"primaryImageOfPage\":{\"@id\":\"https:\\\/\\\/www.ontravelholidayrentals.com\\\/blog\\\/de\\\/via-verde-von-denia\\\/#primaryimage\"},\"image\":{\"@id\":\"https:\\\/\\\/www.ontravelholidayrentals.com\\\/blog\\\/de\\\/via-verde-von-denia\\\/#primaryimage\"},\"thumbnailUrl\":\"https:\\\/\\\/www.ontravelholidayrentals.com\\\/blog\\\/wp-content\\\/uploads\\\/2026\\\/08\\\/Via-Verde-Denia.webp\",\"datePublished\":\"2026-08-24T11:13:13+00:00\",\"dateModified\":\"2026-08-26T12:10:26+00:00\",\"description\":\"Entdecken Sie den emblematischen Gr\u00fcnen Weg von D\u00e9nia. Genie\u00dfen Sie einen einzigartigen Spaziergang zu Fu\u00df oder mit dem Fahrrad, umgeben von Natur.\",\"breadcrumb\":{\"@id\":\"https:\\\/\\\/www.ontravelholidayrentals.com\\\/blog\\\/de\\\/via-verde-von-denia\\\/#breadcrumb\"},\"inLanguage\":\"de\",\"potentialAction\":[{\"@type\":\"ReadAction\",\"target\":[\"https:\\\/\\\/www.ontravelholidayrentals.com\\\/blog\\\/de\\\/via-verde-von-denia\\\/\"]}]},{\"@type\":\"ImageObject\",\"inLanguage\":\"de\",\"@id\":\"https:\\\/\\\/www.ontravelholidayrentals.com\\\/blog\\\/de\\\/via-verde-von-denia\\\/#primaryimage\",\"url\":\"https:\\\/\\\/www.ontravelholidayrentals.com\\\/blog\\\/wp-content\\\/uploads\\\/2026\\\/08\\\/Via-Verde-Denia.webp\",\"contentUrl\":\"https:\\\/\\\/www.ontravelholidayrentals.com\\\/blog\\\/wp-content\\\/uploads\\\/2026\\\/08\\\/Via-Verde-Denia.webp\",\"width\":1360,\"height\":1020,\"caption\":\"Gr\u00fcner Weg D\u00e9nia\"},{\"@type\":\"BreadcrumbList\",\"@id\":\"https:\\\/\\\/www.ontravelholidayrentals.com\\\/blog\\\/de\\\/via-verde-von-denia\\\/#breadcrumb\",\"itemListElement\":[{\"@type\":\"ListItem\",\"position\":1,\"name\":\"Portada\",\"item\":\"https:\\\/\\\/www.ontravelholidayrentals.com\\\/blog\\\/de\\\/\"},{\"@type\":\"ListItem\",\"position\":2,\"name\":\"Besuchen Sie den Gr\u00fcnen Weg von D\u00e9nia\"}]},{\"@type\":\"WebSite\",\"@id\":\"https:\\\/\\\/www.ontravelholidayrentals.com\\\/blog\\\/de\\\/#website\",\"url\":\"https:\\\/\\\/www.ontravelholidayrentals.com\\\/blog\\\/de\\\/\",\"name\":\"Blog\",\"description\":\"Ontravelholidayrentals\",\"publisher\":{\"@id\":\"https:\\\/\\\/www.ontravelholidayrentals.com\\\/blog\\\/de\\\/#organization\"},\"potentialAction\":[{\"@type\":\"SearchAction\",\"target\":{\"@type\":\"EntryPoint\",\"urlTemplate\":\"https:\\\/\\\/www.ontravelholidayrentals.com\\\/blog\\\/de\\\/?s={search_term_string}\"},\"query-input\":{\"@type\":\"PropertyValueSpecification\",\"valueRequired\":true,\"valueName\":\"search_term_string\"}}],\"inLanguage\":\"de\"},{\"@type\":\"Organization\",\"@id\":\"https:\\\/\\\/www.ontravelholidayrentals.com\\\/blog\\\/de\\\/#organization\",\"name\":\"Blog\",\"url\":\"https:\\\/\\\/www.ontravelholidayrentals.com\\\/blog\\\/de\\\/\",\"logo\":{\"@type\":\"ImageObject\",\"inLanguage\":\"de\",\"@id\":\"https:\\\/\\\/www.ontravelholidayrentals.com\\\/blog\\\/de\\\/#\\\/schema\\\/logo\\\/image\\\/\",\"url\":\"https:\\\/\\\/www.ontravelholidayrentals.com\\\/blog\\\/wp-content\\\/uploads\\\/2025\\\/02\\\/logo-oliva-nova.webp\",\"contentUrl\":\"https:\\\/\\\/www.ontravelholidayrentals.com\\\/blog\\\/wp-content\\\/uploads\\\/2025\\\/02\\\/logo-oliva-nova.webp\",\"width\":2454,\"height\":875,\"caption\":\"Blog\"},\"image\":{\"@id\":\"https:\\\/\\\/www.ontravelholidayrentals.com\\\/blog\\\/de\\\/#\\\/schema\\\/logo\\\/image\\\/\"}},{\"@type\":\"Person\",\"@id\":\"https:\\\/\\\/www.ontravelholidayrentals.com\\\/blog\\\/de\\\/#\\\/schema\\\/person\\\/907601cb91b08af60b0fec9e629a4883\",\"name\":\"Axel\",\"image\":{\"@type\":\"ImageObject\",\"inLanguage\":\"de\",\"@id\":\"https:\\\/\\\/secure.gravatar.com\\\/avatar\\\/3bd706736e5b70f21f05f6c2d5cad746767782a4ba4b7df399c5969e2a9318fd?s=96&d=mm&r=g\",\"url\":\"https:\\\/\\\/secure.gravatar.com\\\/avatar\\\/3bd706736e5b70f21f05f6c2d5cad746767782a4ba4b7df399c5969e2a9318fd?s=96&d=mm&r=g\",\"contentUrl\":\"https:\\\/\\\/secure.gravatar.com\\\/avatar\\\/3bd706736e5b70f21f05f6c2d5cad746767782a4ba4b7df399c5969e2a9318fd?s=96&d=mm&r=g\",\"caption\":\"Axel\"},\"url\":\"https:\\\/\\\/www.ontravelholidayrentals.com\\\/blog\\\/de\\\/author\\\/axel\\\/\"}]}<\/script>\n<!-- \/ Yoast SEO plugin. -->","yoast_head_json":{"title":"Besuchen Sie den Gr\u00fcnen Weg von D\u00e9nia - Blog","description":"Entdecken Sie den emblematischen Gr\u00fcnen Weg von D\u00e9nia. Genie\u00dfen Sie einen einzigartigen Spaziergang zu Fu\u00df oder mit dem Fahrrad, umgeben von Natur.","robots":{"index":"index","follow":"follow","max-snippet":"max-snippet:-1","max-image-preview":"max-image-preview:large","max-video-preview":"max-video-preview:-1"},"canonical":"https:\/\/www.ontravelholidayrentals.com\/blog\/de\/via-verde-von-denia\/","og_locale":"de_DE","og_type":"article","og_title":"Besuchen Sie den Gr\u00fcnen Weg von D\u00e9nia - Blog","og_description":"Entdecken Sie den emblematischen Gr\u00fcnen Weg von D\u00e9nia. Genie\u00dfen Sie einen einzigartigen Spaziergang zu Fu\u00df oder mit dem Fahrrad, umgeben von Natur.","og_url":"https:\/\/www.ontravelholidayrentals.com\/blog\/de\/via-verde-von-denia\/","og_site_name":"Blog","article_published_time":"2026-08-24T11:13:13+00:00","article_modified_time":"2026-08-26T12:10:26+00:00","og_image":[{"width":1360,"height":1020,"url":"https:\/\/www.ontravelholidayrentals.com\/blog\/wp-content\/uploads\/2026\/08\/Via-Verde-Denia.webp","type":"image\/webp"}],"author":"Axel","twitter_card":"summary_large_image","twitter_misc":{"Verfasst von":"Axel","Gesch\u00e4tzte Lesezeit":"5\u00a0Minuten"},"schema":{"@context":"https:\/\/schema.org","@graph":[{"@type":"Article","@id":"https:\/\/www.ontravelholidayrentals.com\/blog\/de\/via-verde-von-denia\/#article","isPartOf":{"@id":"https:\/\/www.ontravelholidayrentals.com\/blog\/de\/via-verde-von-denia\/"},"author":{"name":"Axel","@id":"https:\/\/www.ontravelholidayrentals.com\/blog\/de\/#\/schema\/person\/907601cb91b08af60b0fec9e629a4883"},"headline":"Besuchen Sie den Gr\u00fcnen Weg von D\u00e9nia","datePublished":"2026-08-24T11:13:13+00:00","dateModified":"2026-08-26T12:10:26+00:00","mainEntityOfPage":{"@id":"https:\/\/www.ontravelholidayrentals.com\/blog\/de\/via-verde-von-denia\/"},"wordCount":1090,"commentCount":0,"publisher":{"@id":"https:\/\/www.ontravelholidayrentals.com\/blog\/de\/#organization"},"image":{"@id":"https:\/\/www.ontravelholidayrentals.com\/blog\/de\/via-verde-von-denia\/#primaryimage"},"thumbnailUrl":"https:\/\/www.ontravelholidayrentals.com\/blog\/wp-content\/uploads\/2026\/08\/Via-Verde-Denia.webp","articleSection":["Denia"],"inLanguage":"de","potentialAction":[{"@type":"CommentAction","name":"Comment","target":["https:\/\/www.ontravelholidayrentals.com\/blog\/de\/via-verde-von-denia\/#respond"]}]},{"@type":"WebPage","@id":"https:\/\/www.ontravelholidayrentals.com\/blog\/de\/via-verde-von-denia\/","url":"https:\/\/www.ontravelholidayrentals.com\/blog\/de\/via-verde-von-denia\/","name":"Besuchen Sie den Gr\u00fcnen Weg von D\u00e9nia - Blog","isPartOf":{"@id":"https:\/\/www.ontravelholidayrentals.com\/blog\/de\/#website"},"primaryImageOfPage":{"@id":"https:\/\/www.ontravelholidayrentals.com\/blog\/de\/via-verde-von-denia\/#primaryimage"},"image":{"@id":"https:\/\/www.ontravelholidayrentals.com\/blog\/de\/via-verde-von-denia\/#primaryimage"},"thumbnailUrl":"https:\/\/www.ontravelholidayrentals.com\/blog\/wp-content\/uploads\/2026\/08\/Via-Verde-Denia.webp","datePublished":"2026-08-24T11:13:13+00:00","dateModified":"2026-08-26T12:10:26+00:00","description":"Entdecken Sie den emblematischen Gr\u00fcnen Weg von D\u00e9nia. Genie\u00dfen Sie einen einzigartigen Spaziergang zu Fu\u00df oder mit dem Fahrrad, umgeben von Natur.","breadcrumb":{"@id":"https:\/\/www.ontravelholidayrentals.com\/blog\/de\/via-verde-von-denia\/#breadcrumb"},"inLanguage":"de","potentialAction":[{"@type":"ReadAction","target":["https:\/\/www.ontravelholidayrentals.com\/blog\/de\/via-verde-von-denia\/"]}]},{"@type":"ImageObject","inLanguage":"de","@id":"https:\/\/www.ontravelholidayrentals.com\/blog\/de\/via-verde-von-denia\/#primaryimage","url":"https:\/\/www.ontravelholidayrentals.com\/blog\/wp-content\/uploads\/2026\/08\/Via-Verde-Denia.webp","contentUrl":"https:\/\/www.ontravelholidayrentals.com\/blog\/wp-content\/uploads\/2026\/08\/Via-Verde-Denia.webp","width":1360,"height":1020,"caption":"Gr\u00fcner Weg D\u00e9nia"},{"@type":"BreadcrumbList","@id":"https:\/\/www.ontravelholidayrentals.com\/blog\/de\/via-verde-von-denia\/#breadcrumb","itemListElement":[{"@type":"ListItem","position":1,"name":"Portada","item":"https:\/\/www.ontravelholidayrentals.com\/blog\/de\/"},{"@type":"ListItem","position":2,"name":"Besuchen Sie den Gr\u00fcnen Weg von D\u00e9nia"}]},{"@type":"WebSite","@id":"https:\/\/www.ontravelholidayrentals.com\/blog\/de\/#website","url":"https:\/\/www.ontravelholidayrentals.com\/blog\/de\/","name":"Blog","description":"Ontravelholidayrentals","publisher":{"@id":"https:\/\/www.ontravelholidayrentals.com\/blog\/de\/#organization"},"potentialAction":[{"@type":"SearchAction","target":{"@type":"EntryPoint","urlTemplate":"https:\/\/www.ontravelholidayrentals.com\/blog\/de\/?s={search_term_string}"},"query-input":{"@type":"PropertyValueSpecification","valueRequired":true,"valueName":"search_term_string"}}],"inLanguage":"de"},{"@type":"Organization","@id":"https:\/\/www.ontravelholidayrentals.com\/blog\/de\/#organization","name":"Blog","url":"https:\/\/www.ontravelholidayrentals.com\/blog\/de\/","logo":{"@type":"ImageObject","inLanguage":"de","@id":"https:\/\/www.ontravelholidayrentals.com\/blog\/de\/#\/schema\/logo\/image\/","url":"https:\/\/www.ontravelholidayrentals.com\/blog\/wp-content\/uploads\/2025\/02\/logo-oliva-nova.webp","contentUrl":"https:\/\/www.ontravelholidayrentals.com\/blog\/wp-content\/uploads\/2025\/02\/logo-oliva-nova.webp","width":2454,"height":875,"caption":"Blog"},"image":{"@id":"https:\/\/www.ontravelholidayrentals.com\/blog\/de\/#\/schema\/logo\/image\/"}},{"@type":"Person","@id":"https:\/\/www.ontravelholidayrentals.com\/blog\/de\/#\/schema\/person\/907601cb91b08af60b0fec9e629a4883","name":"Axel","image":{"@type":"ImageObject","inLanguage":"de","@id":"https:\/\/secure.gravatar.com\/avatar\/3bd706736e5b70f21f05f6c2d5cad746767782a4ba4b7df399c5969e2a9318fd?s=96&d=mm&r=g","url":"https:\/\/secure.gravatar.com\/avatar\/3bd706736e5b70f21f05f6c2d5cad746767782a4ba4b7df399c5969e2a9318fd?s=96&d=mm&r=g","contentUrl":"https:\/\/secure.gravatar.com\/avatar\/3bd706736e5b70f21f05f6c2d5cad746767782a4ba4b7df399c5969e2a9318fd?s=96&d=mm&r=g","caption":"Axel"},"url":"https:\/\/www.ontravelholidayrentals.com\/blog\/de\/author\/axel\/"}]}},"_links":{"self":[{"href":"https:\/\/www.ontravelholidayrentals.com\/blog\/de\/wp-json\/wp\/v2\/posts\/2281","targetHints":{"allow":["GET"]}}],"collection":[{"href":"https:\/\/www.ontravelholidayrentals.com\/blog\/de\/wp-json\/wp\/v2\/posts"}],"about":[{"href":"https:\/\/www.ontravelholidayrentals.com\/blog\/de\/wp-json\/wp\/v2\/types\/post"}],"author":[{"embeddable":true,"href":"https:\/\/www.ontravelholidayrentals.com\/blog\/de\/wp-json\/wp\/v2\/users\/4"}],"replies":[{"embeddable":true,"href":"https:\/\/www.ontravelholidayrentals.com\/blog\/de\/wp-json\/wp\/v2\/comments?post=2281"}],"version-history":[{"count":1,"href":"https:\/\/www.ontravelholidayrentals.com\/blog\/de\/wp-json\/wp\/v2\/posts\/2281\/revisions"}],"predecessor-version":[{"id":2282,"href":"https:\/\/www.ontravelholidayrentals.com\/blog\/de\/wp-json\/wp\/v2\/posts\/2281\/revisions\/2282"}],"wp:featuredmedia":[{"embeddable":true,"href":"https:\/\/www.ontravelholidayrentals.com\/blog\/de\/wp-json\/wp\/v2\/media\/2259"}],"wp:attachment":[{"href":"https:\/\/www.ontravelholidayrentals.com\/blog\/de\/wp-json\/wp\/v2\/media?parent=2281"}],"wp:term":[{"taxonomy":"category","embeddable":true,"href":"https:\/\/www.ontravelholidayrentals.com\/blog\/de\/wp-json\/wp\/v2\/categories?post=2281"},{"taxonomy":"post_tag","embeddable":true,"href":"https:\/\/www.ontravelholidayrentals.com\/blog\/de\/wp-json\/wp\/v2\/tags?post=2281"}],"curies":[{"name":"wp","href":"https:\/\/api.w.org\/{rel}","templated":true}]}}