{"id":2273,"date":"2026-08-24T11:46:17","date_gmt":"2026-08-24T11:46:17","guid":{"rendered":"https:\/\/www.ontravelholidayrentals.com\/blog\/flohmarkte-in-denia\/"},"modified":"2026-08-26T12:07:39","modified_gmt":"2026-08-26T12:07:39","slug":"flohmarkte-in-denia","status":"publish","type":"post","link":"https:\/\/www.ontravelholidayrentals.com\/blog\/de\/flohmarkte-in-denia\/","title":{"rendered":"Die M\u00e4rkte von D\u00e9nia: Ein tolles Erlebnis zu jeder Tageszeit"},"content":{"rendered":"\n<p class=\"wp-block-paragraph\">Es gibt Menschen, die einen Markt mit einer perfekt definierten Liste besuchen, und solche, die einfach nur ein wenig st\u00f6bern wollen. Das Lustige ist, dass es in beiden F\u00e4llen meist gleich endet: <strong>Sie kehren mit etwas in Ihre Unterkunft zur\u00fcck, das Sie eigentlich gar nicht kaufen wollten<\/strong>. <\/p>\n\n<p class=\"wp-block-paragraph\">In diesem Reisef\u00fchrer verraten wir Ihnen, <strong>wo sich die wichtigsten M\u00e4rkte von D\u00e9nia befinden,<\/strong> was Sie dort kaufen k\u00f6nnen und wie Sie Ihren Besuch effektiv organisieren. Wir empfehlen Ihnen, mit der Vorfreude auf eine \u00dcberraschung hinzugehen. Lesen Sie weiter!  <\/p>\n\n<h2 class=\"wp-block-heading\"><strong>Die M\u00e4rkte von D\u00e9nia sind eine andere Art, die Stadt kennenzulernen<\/strong><\/h2>\n\n<p class=\"wp-block-paragraph\">Die M\u00e4rkte <strong>bieten einen Einblick in den Alltag des Reiseziels.<\/strong> W\u00e4hrend der Hafen eine deutlich touristische Atmosph\u00e4re verspr\u00fcht, bringt Torrecremada Einheimische und Besucher an den traditionellen St\u00e4nden zusammen.<\/p>\n\n<p class=\"wp-block-paragraph\">Der allgemeine Wochenmarkt findet vormittags statt, ebenso wie der Flohmarkt und der Frischwarenmarkt. Der Markt am Hafen ist w\u00e4hrend der Touristensaison nachmittags und abends ge\u00f6ffnet. Wenn Sie Ihre Reise gut planen,<strong> k\u00f6nnen Sie problemlos mehr als einen besuchen<\/strong>.  <\/p>\n\n<p class=\"wp-block-paragraph\">Die \u00d6ffnungszeiten k\u00f6nnen sich an Feiertagen, aufgrund der Witterung oder wenn auf dem Festplatz die Fira de Tots Sants stattfindet, \u00e4ndern. <strong>Pr\u00fcfen Sie die Bekanntmachungen der Stadtverwaltung oder des Tourismusb\u00fcros von D\u00e9nia<\/strong>, wenn Ihr Besuch auf ein besonderes Datum f\u00e4llt.<\/p>\n\n<h2 class=\"wp-block-heading\"><strong>Lage und \u00d6ffnungszeiten des Wochenmarktes von D\u00e9nia<\/strong><\/h2>\n\n<p class=\"wp-block-paragraph\">Schauen wir uns an, <strong>wo sich der Markt befindet<\/strong>, der jede Woche in D\u00e9nia stattfindet, und welches die idealen Zeiten f\u00fcr einen Besuch sind:<\/p>\n\n<h3 class=\"wp-block-heading\"><strong>Der Montagsmarkt in Torrecremada<\/strong><\/h3>\n\n<p class=\"wp-block-paragraph\">Der Wochenmarkt <strong>wird montags auf dem Festplatz von Torrecremada aufgebaut<\/strong>, direkt an der Calle Germans Maristes und gegen\u00fcber dem Gerichtsgeb\u00e4ude. Die \u00fcblichen \u00d6ffnungszeiten sind von 8:00 bis 13:30 Uhr. Wenn Sie vor zehn Uhr ankommen, k\u00f6nnen Sie die St\u00e4nde bei weniger Hitze und mehr Ruhe erkunden.  <\/p>\n\n<p class=\"wp-block-paragraph\"><strong>Es ist ein gro\u00dfer und vielf\u00e4ltiger Markt<\/strong> mit Kleidung, Schuhen, Taschen, Schmuck, Haushaltswaren, Pflanzen, Lebensmitteln und Speisen zum Mitnehmen.<\/p>\n\n<figure class=\"wp-block-image size-large\"><img fetchpriority=\"high\" decoding=\"async\" width=\"1024\" height=\"768\" src=\"https:\/\/www.ontravelholidayrentals.com\/blog\/wp-content\/uploads\/2026\/08\/mercadillo-Torrecremada-1024x768.webp\" alt=\"\" class=\"wp-image-2243\" srcset=\"https:\/\/www.ontravelholidayrentals.com\/blog\/wp-content\/uploads\/2026\/08\/mercadillo-Torrecremada-1024x768.webp 1024w, https:\/\/www.ontravelholidayrentals.com\/blog\/wp-content\/uploads\/2026\/08\/mercadillo-Torrecremada-300x225.webp 300w, https:\/\/www.ontravelholidayrentals.com\/blog\/wp-content\/uploads\/2026\/08\/mercadillo-Torrecremada-768x576.webp 768w, https:\/\/www.ontravelholidayrentals.com\/blog\/wp-content\/uploads\/2026\/08\/mercadillo-Torrecremada.webp 1360w\" sizes=\"(max-width: 1024px) 100vw, 1024px\" \/><\/figure>\n\n<h3 class=\"wp-block-heading\"><strong>Die Freitagsm\u00e4rkte f\u00fcr frische Produkte und Secondhand-Waren<\/strong><\/h3>\n\n<p class=\"wp-block-paragraph\">Am Freitagmorgen gibt es zwei verschiedene M\u00f6glichkeiten.<strong> Der Obst- und Gem\u00fcsemarkt findet in der Calle de la V\u00eda<\/strong> im Stadtzentrum statt, w\u00e4hrend der Flohmarkt \u00fcblicherweise den Festplatz von Torrecremada einnimmt. Beide sind in der Regel <strong>von 8:00 bis 13:30 Uhr<\/strong> ge\u00f6ffnet. <\/p>\n\n<figure class=\"wp-block-image size-large\"><img decoding=\"async\" width=\"1024\" height=\"783\" src=\"https:\/\/www.ontravelholidayrentals.com\/blog\/wp-content\/uploads\/2026\/08\/mercadillo-denia-calle-de-la-Via-1024x783.webp\" alt=\"\" class=\"wp-image-2245\" srcset=\"https:\/\/www.ontravelholidayrentals.com\/blog\/wp-content\/uploads\/2026\/08\/mercadillo-denia-calle-de-la-Via-1024x783.webp 1024w, https:\/\/www.ontravelholidayrentals.com\/blog\/wp-content\/uploads\/2026\/08\/mercadillo-denia-calle-de-la-Via-300x229.webp 300w, https:\/\/www.ontravelholidayrentals.com\/blog\/wp-content\/uploads\/2026\/08\/mercadillo-denia-calle-de-la-Via-768x587.webp 768w, https:\/\/www.ontravelholidayrentals.com\/blog\/wp-content\/uploads\/2026\/08\/mercadillo-denia-calle-de-la-Via.webp 1334w\" sizes=\"(max-width: 1024px) 100vw, 1024px\" \/><\/figure>\n\n<p class=\"wp-block-paragraph\">Sie k\u00f6nnen in der Calle de la V\u00eda beginnen, etwas im Zentrum trinken und danach zum Flohmarkt gehen. <strong>Die Entfernung ist zu Fu\u00df gut zu bew\u00e4ltigen<\/strong>, und Sie ersparen sich die doppelte Parkplatzsuche.<\/p>\n\n<h2 class=\"wp-block-heading\"><strong>Was man auf dem Flohmarkt von D\u00e9nia kaufen kann<\/strong><\/h2>\n\n<p class=\"wp-block-paragraph\">Der Flohmarkt am Freitag unterscheidet sich vom allgemeinen Wochenmarkt dadurch, dass der Reiz vor allem im St\u00f6bern liegt.<strong> Sie finden dort vor allem gebrauchte Gegenst\u00e4nde<\/strong> wie B\u00fccher, Werkzeuge, Dekoration, Kleinm\u00f6bel, Schallplatten, Angelzubeh\u00f6r usw.<\/p>\n\n<p class=\"wp-block-paragraph\">Suchen Sie nicht nach einem zu speziellen Produkt. <strong>Das Beste am Flohmarkt ist es, etwas N\u00fctzliches oder Kurioses zu einem angemessenen Preis zu entdecken<\/strong>. \u00dcberpr\u00fcfen Sie den Zustand jedes Objekts in Ruhe und fragen Sie nach, bevor Sie davon ausgehen, dass ein Teil funktioniert. <\/p>\n\n<p class=\"wp-block-paragraph\">Es kann auch Secondhand-Kleidung und Accessoires geben. Wenn Sie sich f\u00fcr Dekoration interessieren, sollten Sie fr\u00fch da sein, da die auff\u00e4lligsten St\u00fccke oft hei\u00df begehrt sind. <strong>Kleingeld dabei zu haben, beschleunigt den Einkauf<\/strong>, obwohl einige Verk\u00e4ufer auch andere Zahlungsmethoden akzeptieren. <\/p>\n\n<h2 class=\"wp-block-heading\"><strong>Der Sommermarkt im Hafen von D\u00e9nia<\/strong><\/h2>\n\n<p class=\"wp-block-paragraph\">Wenn die Sonne untergeht, <strong>ver\u00e4ndert die Hafenpromenade dank der St\u00e4nde an der Calle Bellavista ihr Gesicht<\/strong>. Der Markt bietet Schmuck, Geschenke, Lederwaren, Textilien und kleine Souvenirs in einer viel touristischeren Umgebung als Torrecremada. <\/p>\n\n<p class=\"wp-block-paragraph\"><strong>Zwischen dem 15. Juni und dem 15. September ist t\u00e4glich von 17:00 bis 01:00 Uhr ge\u00f6ffnet. <\/strong>W\u00e4hrend der restlichen Saison ist er an Wochenenden und Feiertagen ge\u00f6ffnet, in der Regel von 17:00 bis 22:00 Uhr.<\/p>\n\n<p class=\"wp-block-paragraph\">Die beste Zeit f\u00fcr einen Besuch h\u00e4ngt von Ihren Priorit\u00e4ten ab. <strong>Am fr\u00fchen Abend ist weniger los, sodass Sie in Ruhe st\u00f6bern k\u00f6nnen<\/strong>. Nach dem Abendessen finden Sie mehr Trubel und eine viel angenehmere Temperatur f\u00fcr einen Spaziergang entlang der Boote vor. <\/p>\n\n<h2 class=\"wp-block-heading\"><strong>Anfahrt und Parkm\u00f6glichkeiten in der N\u00e4he der M\u00e4rkte von D\u00e9nia<\/strong><\/h2>\n\n<p class=\"wp-block-paragraph\">Torrecremada liegt nur wenige Minuten vom Zentrum entfernt und ist von vielen Teilen D\u00e9nias aus zu Fu\u00df erreichbar. Wenn Sie mit dem Auto anreisen, beachten Sie bitte, dass der Festplatz selbst nicht als Parkplatz zur Verf\u00fcgung steht, wenn die St\u00e4nde aufgebaut sind. Suchen Sie sich einen legalen Parkplatz in den umliegenden Stra\u00dfen und <strong>vermeiden Sie es, genau zur Sto\u00dfzeit anzukommen<\/strong>.  <\/p>\n\n<p class=\"wp-block-paragraph\">F\u00fcr den Markt in der Calle de la V\u00eda ist es sinnvoller,<strong> die \u00f6ffentlichen Parkpl\u00e4tze in der Umgebung zu nutzen und zu Fu\u00df weiterzugehen<\/strong>. Das Zentrum hat Fu\u00dfg\u00e4ngerzonen und Einbahnstra\u00dfen, die dazu f\u00fchren k\u00f6nnen, dass Sie mehr Runden drehen als geplant. <\/p>\n\n<p class=\"wp-block-paragraph\">Der Markt am Hafen <strong>l\u00e4sst sich gut in einen Spaziergang aus der Innenstadt integrieren<\/strong>. Sie k\u00f6nnen das Auto au\u00dferhalb der belebtesten Zone abstellen, im Zentrum zu Abend essen und zu Fu\u00df zur Promenade hinuntergehen. So sind Sie nicht darauf angewiesen, in letzter Minute einen Platz direkt bei den St\u00e4nden zu finden.  <\/p>\n\n<iframe src=\"https:\/\/www.google.com\/maps\/embed?pb=!1m18!1m12!1m3!1d7756.112437729102!2d0.09540024132636014!3d38.837259161206546!2m3!1f0!2f0!3f0!3m2!1i1024!2i768!4f13.1!3m3!1m2!1s0x129e1b003dd5a0b7%3A0x39796680e50a77d!2sMercadillo%20Torrecremada%20-%20Dilluns!5e0!3m2!1ses!2ses!4v1787570858094!5m2!1ses!2ses\" width=\"600\" height=\"450\" style=\"border:0;\" allowfullscreen=\"\" loading=\"lazy\" referrerpolicy=\"strict-origin-when-cross-origin\"><\/iframe>\n\n<iframe src=\"https:\/\/www.google.com\/maps\/embed?pb=!1m18!1m12!1m3!1d7756.112437729102!2d0.09540024132636014!3d38.837259161206546!2m3!1f0!2f0!3f0!3m2!1i1024!2i768!4f13.1!3m3!1m2!1s0x129e1b21e7cbac9b%3A0xa9e290b34d23129d!2sMercadillo%20la%20Via%20-%20Divendres!5e0!3m2!1ses!2ses!4v1787570904221!5m2!1ses!2ses\" width=\"600\" height=\"450\" style=\"border:0;\" allowfullscreen=\"\" loading=\"lazy\" referrerpolicy=\"strict-origin-when-cross-origin\"><\/iframe>\n\n<p class=\"wp-block-paragraph\"><\/p>\n\n<h2 class=\"wp-block-heading\"><strong>Tipps f\u00fcr einen entspannten Marktbesuch<\/strong><\/h2>\n\n<ul class=\"wp-block-list\">\n<li><strong>Kommen Sie fr\u00fch zu den Vormittagsm\u00e4rkten: <\/strong>Sie haben mehr Parkm\u00f6glichkeiten, vermeiden die gr\u00f6\u00dfte Hitze und k\u00f6nnen die St\u00e4nde sehen, bevor der Besucherandrang zunimmt.<\/li>\n\n\n\n<li><strong>Nehmen Sie Bargeld und eine wiederverwendbare Tasche mit: <\/strong>Nicht alle Verk\u00e4ufer bieten Kartenzahlung an, und mit f\u00fcnf kleinen T\u00fcten am Arm herumzulaufen, ist weniger charmant, als es klingt.<\/li>\n\n\n\n<li><strong>Vergleichen Sie, bevor Sie kaufen: <\/strong>Auf dem allgemeinen Wochenmarkt kann es an mehreren St\u00e4nden \u00e4hnliche Artikel geben. Drehen Sie erst eine Runde und entscheiden Sie dann \u2013 es sei denn, Sie finden ein Einzelst\u00fcck auf dem Flohmarkt. <\/li>\n\n\n\n<li><strong>Achten Sie in belebten Bereichen auf Ihr Hab und Gut: <\/strong>Benutzen Sie eine geschlossene Tasche und lassen Sie Ihr Handy nicht offen liegen, wenn der Markt besonders voll ist.<\/li>\n\n\n\n<li><strong>Informieren Sie sich \u00fcber kurzfristige \u00c4nderungen: <\/strong>Regen, Feiertage oder andere Veranstaltungen k\u00f6nnen dazu f\u00fchren, dass ein Markt verschoben wird oder ausf\u00e4llt.<\/li>\n<\/ul>\n\n<h2 class=\"wp-block-heading\"><strong>Genie\u00dfen Sie die M\u00e4rkte von D\u00e9nia w\u00e4hrend Ihres Kurzurlaubs<\/strong><\/h2>\n\n<p class=\"wp-block-paragraph\">Die M\u00e4rkte von D\u00e9nia <strong>bieten<\/strong> <strong>abwechslungsreiche M\u00f6glichkeiten, ohne dass man den ganzen Tag daf\u00fcr aufwenden muss. <\/strong>Sie k\u00f6nnen den Montagmorgen in Torrecremada verbringen, am Freitag den Flohmarkt entdecken oder sich nach dem Abendessen Zeit f\u00fcr einen Spaziergang am Hafen nehmen.<\/p>\n\n<p class=\"wp-block-paragraph\">Ein komfortabler Ausgangspunkt an der Costa Blanca erm\u00f6glicht es Ihnen, diese Besuche mit Str\u00e4nden, Restaurants und Ausfl\u00fcgen in die Marina Alta zu kombinieren. <strong>Buchen Sie eines unserer Apartments bei On Travel<\/strong> und entdecken Sie D\u00e9nia und seine M\u00e4rkte mit aller Zeit der Welt.<\/p>\n","protected":false},"excerpt":{"rendered":"<p>Es gibt Menschen, die einen Markt mit einer perfekt definierten Liste besuchen, und solche, die einfach nur ein wenig st\u00f6bern wollen. Das Lustige ist, dass es in beiden F\u00e4llen meist gleich endet: Sie kehren mit etwas in Ihre Unterkunft zur\u00fcck, das Sie eigentlich gar nicht kaufen wollten. In diesem Reisef\u00fchrer verraten wir Ihnen, wo sich [&hellip;]<\/p>\n","protected":false},"author":4,"featured_media":2270,"comment_status":"open","ping_status":"open","sticky":false,"template":"","format":"standard","meta":{"footnotes":""},"categories":[28],"tags":[],"class_list":["post-2273","post","type-post","status-publish","format-standard","has-post-thumbnail","hentry","category-denia-de"],"yoast_head":"<!-- This site is optimized with the Yoast SEO plugin v27.7 - https:\/\/yoast.com\/product\/yoast-seo-wordpress\/ -->\n<title>Die M\u00e4rkte von D\u00e9nia: Ein tolles Erlebnis zu jeder Tageszeit - Blog<\/title>\n<meta name=\"description\" content=\"Entdecken Sie den Charme der M\u00e4rkte in D\u00e9nia. Genie\u00dfen Sie den Bummel zwischen den St\u00e4nden, finden Sie lokales Kunsthandwerk und erleben Sie einen einzigartigen Vormittag.\" \/>\n<meta name=\"robots\" content=\"index, follow, max-snippet:-1, max-image-preview:large, max-video-preview:-1\" \/>\n<link rel=\"canonical\" href=\"https:\/\/www.ontravelholidayrentals.com\/blog\/de\/flohmarkte-in-denia\/\" \/>\n<meta property=\"og:locale\" content=\"de_DE\" \/>\n<meta property=\"og:type\" content=\"article\" \/>\n<meta property=\"og:title\" content=\"Die M\u00e4rkte von D\u00e9nia: Ein tolles Erlebnis zu jeder Tageszeit - Blog\" \/>\n<meta property=\"og:description\" content=\"Entdecken Sie den Charme der M\u00e4rkte in D\u00e9nia. Genie\u00dfen Sie den Bummel zwischen den St\u00e4nden, finden Sie lokales Kunsthandwerk und erleben Sie einen einzigartigen Vormittag.\" \/>\n<meta property=\"og:url\" content=\"https:\/\/www.ontravelholidayrentals.com\/blog\/de\/flohmarkte-in-denia\/\" \/>\n<meta property=\"og:site_name\" content=\"Blog\" \/>\n<meta property=\"article:published_time\" content=\"2026-08-24T11:46:17+00:00\" \/>\n<meta property=\"article:modified_time\" content=\"2026-08-26T12:07:39+00:00\" \/>\n<meta property=\"og:image\" content=\"https:\/\/www.ontravelholidayrentals.com\/blog\/wp-content\/uploads\/2026\/08\/mercadillos-denia.jpg\" \/>\n\t<meta property=\"og:image:width\" content=\"2154\" \/>\n\t<meta property=\"og:image:height\" content=\"718\" \/>\n\t<meta property=\"og:image:type\" content=\"image\/jpeg\" \/>\n<meta name=\"author\" content=\"Axel\" \/>\n<meta name=\"twitter:card\" content=\"summary_large_image\" \/>\n<meta name=\"twitter:label1\" content=\"Verfasst von\" \/>\n\t<meta name=\"twitter:data1\" content=\"Axel\" \/>\n\t<meta name=\"twitter:label2\" content=\"Gesch\u00e4tzte Lesezeit\" \/>\n\t<meta name=\"twitter:data2\" content=\"6\u00a0Minuten\" \/>\n<script type=\"application\/ld+json\" class=\"yoast-schema-graph\">{\"@context\":\"https:\\\/\\\/schema.org\",\"@graph\":[{\"@type\":\"Article\",\"@id\":\"https:\\\/\\\/www.ontravelholidayrentals.com\\\/blog\\\/de\\\/flohmarkte-in-denia\\\/#article\",\"isPartOf\":{\"@id\":\"https:\\\/\\\/www.ontravelholidayrentals.com\\\/blog\\\/de\\\/flohmarkte-in-denia\\\/\"},\"author\":{\"name\":\"Axel\",\"@id\":\"https:\\\/\\\/www.ontravelholidayrentals.com\\\/blog\\\/de\\\/#\\\/schema\\\/person\\\/907601cb91b08af60b0fec9e629a4883\"},\"headline\":\"Die M\u00e4rkte von D\u00e9nia: Ein tolles Erlebnis zu jeder Tageszeit\",\"datePublished\":\"2026-08-24T11:46:17+00:00\",\"dateModified\":\"2026-08-26T12:07:39+00:00\",\"mainEntityOfPage\":{\"@id\":\"https:\\\/\\\/www.ontravelholidayrentals.com\\\/blog\\\/de\\\/flohmarkte-in-denia\\\/\"},\"wordCount\":1143,\"commentCount\":0,\"publisher\":{\"@id\":\"https:\\\/\\\/www.ontravelholidayrentals.com\\\/blog\\\/de\\\/#organization\"},\"image\":{\"@id\":\"https:\\\/\\\/www.ontravelholidayrentals.com\\\/blog\\\/de\\\/flohmarkte-in-denia\\\/#primaryimage\"},\"thumbnailUrl\":\"https:\\\/\\\/www.ontravelholidayrentals.com\\\/blog\\\/wp-content\\\/uploads\\\/2026\\\/08\\\/mercadillos-denia.jpg\",\"articleSection\":[\"Denia\"],\"inLanguage\":\"de\",\"potentialAction\":[{\"@type\":\"CommentAction\",\"name\":\"Comment\",\"target\":[\"https:\\\/\\\/www.ontravelholidayrentals.com\\\/blog\\\/de\\\/flohmarkte-in-denia\\\/#respond\"]}]},{\"@type\":\"WebPage\",\"@id\":\"https:\\\/\\\/www.ontravelholidayrentals.com\\\/blog\\\/de\\\/flohmarkte-in-denia\\\/\",\"url\":\"https:\\\/\\\/www.ontravelholidayrentals.com\\\/blog\\\/de\\\/flohmarkte-in-denia\\\/\",\"name\":\"Die M\u00e4rkte von D\u00e9nia: Ein tolles Erlebnis zu jeder Tageszeit - Blog\",\"isPartOf\":{\"@id\":\"https:\\\/\\\/www.ontravelholidayrentals.com\\\/blog\\\/de\\\/#website\"},\"primaryImageOfPage\":{\"@id\":\"https:\\\/\\\/www.ontravelholidayrentals.com\\\/blog\\\/de\\\/flohmarkte-in-denia\\\/#primaryimage\"},\"image\":{\"@id\":\"https:\\\/\\\/www.ontravelholidayrentals.com\\\/blog\\\/de\\\/flohmarkte-in-denia\\\/#primaryimage\"},\"thumbnailUrl\":\"https:\\\/\\\/www.ontravelholidayrentals.com\\\/blog\\\/wp-content\\\/uploads\\\/2026\\\/08\\\/mercadillos-denia.jpg\",\"datePublished\":\"2026-08-24T11:46:17+00:00\",\"dateModified\":\"2026-08-26T12:07:39+00:00\",\"description\":\"Entdecken Sie den Charme der M\u00e4rkte in D\u00e9nia. Genie\u00dfen Sie den Bummel zwischen den St\u00e4nden, finden Sie lokales Kunsthandwerk und erleben Sie einen einzigartigen Vormittag.\",\"breadcrumb\":{\"@id\":\"https:\\\/\\\/www.ontravelholidayrentals.com\\\/blog\\\/de\\\/flohmarkte-in-denia\\\/#breadcrumb\"},\"inLanguage\":\"de\",\"potentialAction\":[{\"@type\":\"ReadAction\",\"target\":[\"https:\\\/\\\/www.ontravelholidayrentals.com\\\/blog\\\/de\\\/flohmarkte-in-denia\\\/\"]}]},{\"@type\":\"ImageObject\",\"inLanguage\":\"de\",\"@id\":\"https:\\\/\\\/www.ontravelholidayrentals.com\\\/blog\\\/de\\\/flohmarkte-in-denia\\\/#primaryimage\",\"url\":\"https:\\\/\\\/www.ontravelholidayrentals.com\\\/blog\\\/wp-content\\\/uploads\\\/2026\\\/08\\\/mercadillos-denia.jpg\",\"contentUrl\":\"https:\\\/\\\/www.ontravelholidayrentals.com\\\/blog\\\/wp-content\\\/uploads\\\/2026\\\/08\\\/mercadillos-denia.jpg\",\"width\":2154,\"height\":718,\"caption\":\"Junges, fr\u00f6hliches Paar kauft Gem\u00fcse auf einem \u00f6ffentlichen Markt\"},{\"@type\":\"BreadcrumbList\",\"@id\":\"https:\\\/\\\/www.ontravelholidayrentals.com\\\/blog\\\/de\\\/flohmarkte-in-denia\\\/#breadcrumb\",\"itemListElement\":[{\"@type\":\"ListItem\",\"position\":1,\"name\":\"Portada\",\"item\":\"https:\\\/\\\/www.ontravelholidayrentals.com\\\/blog\\\/de\\\/\"},{\"@type\":\"ListItem\",\"position\":2,\"name\":\"Die M\u00e4rkte von D\u00e9nia: Ein tolles Erlebnis zu jeder Tageszeit\"}]},{\"@type\":\"WebSite\",\"@id\":\"https:\\\/\\\/www.ontravelholidayrentals.com\\\/blog\\\/de\\\/#website\",\"url\":\"https:\\\/\\\/www.ontravelholidayrentals.com\\\/blog\\\/de\\\/\",\"name\":\"Blog\",\"description\":\"Ontravelholidayrentals\",\"publisher\":{\"@id\":\"https:\\\/\\\/www.ontravelholidayrentals.com\\\/blog\\\/de\\\/#organization\"},\"potentialAction\":[{\"@type\":\"SearchAction\",\"target\":{\"@type\":\"EntryPoint\",\"urlTemplate\":\"https:\\\/\\\/www.ontravelholidayrentals.com\\\/blog\\\/de\\\/?s={search_term_string}\"},\"query-input\":{\"@type\":\"PropertyValueSpecification\",\"valueRequired\":true,\"valueName\":\"search_term_string\"}}],\"inLanguage\":\"de\"},{\"@type\":\"Organization\",\"@id\":\"https:\\\/\\\/www.ontravelholidayrentals.com\\\/blog\\\/de\\\/#organization\",\"name\":\"Blog\",\"url\":\"https:\\\/\\\/www.ontravelholidayrentals.com\\\/blog\\\/de\\\/\",\"logo\":{\"@type\":\"ImageObject\",\"inLanguage\":\"de\",\"@id\":\"https:\\\/\\\/www.ontravelholidayrentals.com\\\/blog\\\/de\\\/#\\\/schema\\\/logo\\\/image\\\/\",\"url\":\"https:\\\/\\\/www.ontravelholidayrentals.com\\\/blog\\\/wp-content\\\/uploads\\\/2025\\\/02\\\/logo-oliva-nova.webp\",\"contentUrl\":\"https:\\\/\\\/www.ontravelholidayrentals.com\\\/blog\\\/wp-content\\\/uploads\\\/2025\\\/02\\\/logo-oliva-nova.webp\",\"width\":2454,\"height\":875,\"caption\":\"Blog\"},\"image\":{\"@id\":\"https:\\\/\\\/www.ontravelholidayrentals.com\\\/blog\\\/de\\\/#\\\/schema\\\/logo\\\/image\\\/\"}},{\"@type\":\"Person\",\"@id\":\"https:\\\/\\\/www.ontravelholidayrentals.com\\\/blog\\\/de\\\/#\\\/schema\\\/person\\\/907601cb91b08af60b0fec9e629a4883\",\"name\":\"Axel\",\"image\":{\"@type\":\"ImageObject\",\"inLanguage\":\"de\",\"@id\":\"https:\\\/\\\/secure.gravatar.com\\\/avatar\\\/3bd706736e5b70f21f05f6c2d5cad746767782a4ba4b7df399c5969e2a9318fd?s=96&d=mm&r=g\",\"url\":\"https:\\\/\\\/secure.gravatar.com\\\/avatar\\\/3bd706736e5b70f21f05f6c2d5cad746767782a4ba4b7df399c5969e2a9318fd?s=96&d=mm&r=g\",\"contentUrl\":\"https:\\\/\\\/secure.gravatar.com\\\/avatar\\\/3bd706736e5b70f21f05f6c2d5cad746767782a4ba4b7df399c5969e2a9318fd?s=96&d=mm&r=g\",\"caption\":\"Axel\"},\"url\":\"https:\\\/\\\/www.ontravelholidayrentals.com\\\/blog\\\/de\\\/author\\\/axel\\\/\"}]}<\/script>\n<!-- \/ Yoast SEO plugin. -->","yoast_head_json":{"title":"Die M\u00e4rkte von D\u00e9nia: Ein tolles Erlebnis zu jeder Tageszeit - Blog","description":"Entdecken Sie den Charme der M\u00e4rkte in D\u00e9nia. Genie\u00dfen Sie den Bummel zwischen den St\u00e4nden, finden Sie lokales Kunsthandwerk und erleben Sie einen einzigartigen Vormittag.","robots":{"index":"index","follow":"follow","max-snippet":"max-snippet:-1","max-image-preview":"max-image-preview:large","max-video-preview":"max-video-preview:-1"},"canonical":"https:\/\/www.ontravelholidayrentals.com\/blog\/de\/flohmarkte-in-denia\/","og_locale":"de_DE","og_type":"article","og_title":"Die M\u00e4rkte von D\u00e9nia: Ein tolles Erlebnis zu jeder Tageszeit - Blog","og_description":"Entdecken Sie den Charme der M\u00e4rkte in D\u00e9nia. Genie\u00dfen Sie den Bummel zwischen den St\u00e4nden, finden Sie lokales Kunsthandwerk und erleben Sie einen einzigartigen Vormittag.","og_url":"https:\/\/www.ontravelholidayrentals.com\/blog\/de\/flohmarkte-in-denia\/","og_site_name":"Blog","article_published_time":"2026-08-24T11:46:17+00:00","article_modified_time":"2026-08-26T12:07:39+00:00","og_image":[{"width":2154,"height":718,"url":"https:\/\/www.ontravelholidayrentals.com\/blog\/wp-content\/uploads\/2026\/08\/mercadillos-denia.jpg","type":"image\/jpeg"}],"author":"Axel","twitter_card":"summary_large_image","twitter_misc":{"Verfasst von":"Axel","Gesch\u00e4tzte Lesezeit":"6\u00a0Minuten"},"schema":{"@context":"https:\/\/schema.org","@graph":[{"@type":"Article","@id":"https:\/\/www.ontravelholidayrentals.com\/blog\/de\/flohmarkte-in-denia\/#article","isPartOf":{"@id":"https:\/\/www.ontravelholidayrentals.com\/blog\/de\/flohmarkte-in-denia\/"},"author":{"name":"Axel","@id":"https:\/\/www.ontravelholidayrentals.com\/blog\/de\/#\/schema\/person\/907601cb91b08af60b0fec9e629a4883"},"headline":"Die M\u00e4rkte von D\u00e9nia: Ein tolles Erlebnis zu jeder Tageszeit","datePublished":"2026-08-24T11:46:17+00:00","dateModified":"2026-08-26T12:07:39+00:00","mainEntityOfPage":{"@id":"https:\/\/www.ontravelholidayrentals.com\/blog\/de\/flohmarkte-in-denia\/"},"wordCount":1143,"commentCount":0,"publisher":{"@id":"https:\/\/www.ontravelholidayrentals.com\/blog\/de\/#organization"},"image":{"@id":"https:\/\/www.ontravelholidayrentals.com\/blog\/de\/flohmarkte-in-denia\/#primaryimage"},"thumbnailUrl":"https:\/\/www.ontravelholidayrentals.com\/blog\/wp-content\/uploads\/2026\/08\/mercadillos-denia.jpg","articleSection":["Denia"],"inLanguage":"de","potentialAction":[{"@type":"CommentAction","name":"Comment","target":["https:\/\/www.ontravelholidayrentals.com\/blog\/de\/flohmarkte-in-denia\/#respond"]}]},{"@type":"WebPage","@id":"https:\/\/www.ontravelholidayrentals.com\/blog\/de\/flohmarkte-in-denia\/","url":"https:\/\/www.ontravelholidayrentals.com\/blog\/de\/flohmarkte-in-denia\/","name":"Die M\u00e4rkte von D\u00e9nia: Ein tolles Erlebnis zu jeder Tageszeit - Blog","isPartOf":{"@id":"https:\/\/www.ontravelholidayrentals.com\/blog\/de\/#website"},"primaryImageOfPage":{"@id":"https:\/\/www.ontravelholidayrentals.com\/blog\/de\/flohmarkte-in-denia\/#primaryimage"},"image":{"@id":"https:\/\/www.ontravelholidayrentals.com\/blog\/de\/flohmarkte-in-denia\/#primaryimage"},"thumbnailUrl":"https:\/\/www.ontravelholidayrentals.com\/blog\/wp-content\/uploads\/2026\/08\/mercadillos-denia.jpg","datePublished":"2026-08-24T11:46:17+00:00","dateModified":"2026-08-26T12:07:39+00:00","description":"Entdecken Sie den Charme der M\u00e4rkte in D\u00e9nia. Genie\u00dfen Sie den Bummel zwischen den St\u00e4nden, finden Sie lokales Kunsthandwerk und erleben Sie einen einzigartigen Vormittag.","breadcrumb":{"@id":"https:\/\/www.ontravelholidayrentals.com\/blog\/de\/flohmarkte-in-denia\/#breadcrumb"},"inLanguage":"de","potentialAction":[{"@type":"ReadAction","target":["https:\/\/www.ontravelholidayrentals.com\/blog\/de\/flohmarkte-in-denia\/"]}]},{"@type":"ImageObject","inLanguage":"de","@id":"https:\/\/www.ontravelholidayrentals.com\/blog\/de\/flohmarkte-in-denia\/#primaryimage","url":"https:\/\/www.ontravelholidayrentals.com\/blog\/wp-content\/uploads\/2026\/08\/mercadillos-denia.jpg","contentUrl":"https:\/\/www.ontravelholidayrentals.com\/blog\/wp-content\/uploads\/2026\/08\/mercadillos-denia.jpg","width":2154,"height":718,"caption":"Junges, fr\u00f6hliches Paar kauft Gem\u00fcse auf einem \u00f6ffentlichen Markt"},{"@type":"BreadcrumbList","@id":"https:\/\/www.ontravelholidayrentals.com\/blog\/de\/flohmarkte-in-denia\/#breadcrumb","itemListElement":[{"@type":"ListItem","position":1,"name":"Portada","item":"https:\/\/www.ontravelholidayrentals.com\/blog\/de\/"},{"@type":"ListItem","position":2,"name":"Die M\u00e4rkte von D\u00e9nia: Ein tolles Erlebnis zu jeder Tageszeit"}]},{"@type":"WebSite","@id":"https:\/\/www.ontravelholidayrentals.com\/blog\/de\/#website","url":"https:\/\/www.ontravelholidayrentals.com\/blog\/de\/","name":"Blog","description":"Ontravelholidayrentals","publisher":{"@id":"https:\/\/www.ontravelholidayrentals.com\/blog\/de\/#organization"},"potentialAction":[{"@type":"SearchAction","target":{"@type":"EntryPoint","urlTemplate":"https:\/\/www.ontravelholidayrentals.com\/blog\/de\/?s={search_term_string}"},"query-input":{"@type":"PropertyValueSpecification","valueRequired":true,"valueName":"search_term_string"}}],"inLanguage":"de"},{"@type":"Organization","@id":"https:\/\/www.ontravelholidayrentals.com\/blog\/de\/#organization","name":"Blog","url":"https:\/\/www.ontravelholidayrentals.com\/blog\/de\/","logo":{"@type":"ImageObject","inLanguage":"de","@id":"https:\/\/www.ontravelholidayrentals.com\/blog\/de\/#\/schema\/logo\/image\/","url":"https:\/\/www.ontravelholidayrentals.com\/blog\/wp-content\/uploads\/2025\/02\/logo-oliva-nova.webp","contentUrl":"https:\/\/www.ontravelholidayrentals.com\/blog\/wp-content\/uploads\/2025\/02\/logo-oliva-nova.webp","width":2454,"height":875,"caption":"Blog"},"image":{"@id":"https:\/\/www.ontravelholidayrentals.com\/blog\/de\/#\/schema\/logo\/image\/"}},{"@type":"Person","@id":"https:\/\/www.ontravelholidayrentals.com\/blog\/de\/#\/schema\/person\/907601cb91b08af60b0fec9e629a4883","name":"Axel","image":{"@type":"ImageObject","inLanguage":"de","@id":"https:\/\/secure.gravatar.com\/avatar\/3bd706736e5b70f21f05f6c2d5cad746767782a4ba4b7df399c5969e2a9318fd?s=96&d=mm&r=g","url":"https:\/\/secure.gravatar.com\/avatar\/3bd706736e5b70f21f05f6c2d5cad746767782a4ba4b7df399c5969e2a9318fd?s=96&d=mm&r=g","contentUrl":"https:\/\/secure.gravatar.com\/avatar\/3bd706736e5b70f21f05f6c2d5cad746767782a4ba4b7df399c5969e2a9318fd?s=96&d=mm&r=g","caption":"Axel"},"url":"https:\/\/www.ontravelholidayrentals.com\/blog\/de\/author\/axel\/"}]}},"_links":{"self":[{"href":"https:\/\/www.ontravelholidayrentals.com\/blog\/de\/wp-json\/wp\/v2\/posts\/2273","targetHints":{"allow":["GET"]}}],"collection":[{"href":"https:\/\/www.ontravelholidayrentals.com\/blog\/de\/wp-json\/wp\/v2\/posts"}],"about":[{"href":"https:\/\/www.ontravelholidayrentals.com\/blog\/de\/wp-json\/wp\/v2\/types\/post"}],"author":[{"embeddable":true,"href":"https:\/\/www.ontravelholidayrentals.com\/blog\/de\/wp-json\/wp\/v2\/users\/4"}],"replies":[{"embeddable":true,"href":"https:\/\/www.ontravelholidayrentals.com\/blog\/de\/wp-json\/wp\/v2\/comments?post=2273"}],"version-history":[{"count":1,"href":"https:\/\/www.ontravelholidayrentals.com\/blog\/de\/wp-json\/wp\/v2\/posts\/2273\/revisions"}],"predecessor-version":[{"id":2274,"href":"https:\/\/www.ontravelholidayrentals.com\/blog\/de\/wp-json\/wp\/v2\/posts\/2273\/revisions\/2274"}],"wp:featuredmedia":[{"embeddable":true,"href":"https:\/\/www.ontravelholidayrentals.com\/blog\/de\/wp-json\/wp\/v2\/media\/2270"}],"wp:attachment":[{"href":"https:\/\/www.ontravelholidayrentals.com\/blog\/de\/wp-json\/wp\/v2\/media?parent=2273"}],"wp:term":[{"taxonomy":"category","embeddable":true,"href":"https:\/\/www.ontravelholidayrentals.com\/blog\/de\/wp-json\/wp\/v2\/categories?post=2273"},{"taxonomy":"post_tag","embeddable":true,"href":"https:\/\/www.ontravelholidayrentals.com\/blog\/de\/wp-json\/wp\/v2\/tags?post=2273"}],"curies":[{"name":"wp","href":"https:\/\/api.w.org\/{rel}","templated":true}]}}