{"id":142,"date":"2025-02-21T09:28:38","date_gmt":"2025-02-21T09:28:38","guid":{"rendered":"https:\/\/www.ontravelholidayrentals.com\/blog\/?p=142"},"modified":"2025-03-27T09:27:34","modified_gmt":"2025-03-27T09:27:34","slug":"portet-moraira","status":"publish","type":"post","link":"https:\/\/www.ontravelholidayrentals.com\/blog\/de\/portet-moraira\/","title":{"rendered":"El Portet in Moraira. Entspannen Sie w\u00e4hrend Ihres Urlaubs in einem idealen Refugium"},"content":{"rendered":"\t\t<div data-elementor-type=\"wp-post\" data-elementor-id=\"142\" class=\"elementor elementor-142 elementor-104\" data-elementor-post-type=\"post\">\n\t\t\t\t<div class=\"elementor-element elementor-element-0348d69 e-flex e-con-boxed e-con e-parent\" data-id=\"0348d69\" data-element_type=\"container\" data-e-type=\"container\" data-settings=\"{&quot;background_background&quot;:&quot;classic&quot;}\">\n\t\t\t\t\t<div class=\"e-con-inner\">\n\t\t\t\t<div class=\"elementor-element elementor-element-e3c3272 elementor-widget elementor-widget-heading\" data-id=\"e3c3272\" data-element_type=\"widget\" data-e-type=\"widget\" data-widget_type=\"heading.default\">\n\t\t\t\t<div class=\"elementor-widget-container\">\n\t\t\t\t\t<h1 class=\"elementor-heading-title elementor-size-default\">El Portet in Moraira. Entspannen Sie w\u00e4hrend Ihres Urlaubs in einem idealen Refugium<\/h1>\t\t\t\t<\/div>\n\t\t\t\t<\/div>\n\t\t\t\t\t<\/div>\n\t\t\t\t<\/div>\n\t\t<div class=\"elementor-element elementor-element-1d1c6d75 e-flex e-con-boxed e-con e-parent\" data-id=\"1d1c6d75\" data-element_type=\"container\" data-e-type=\"container\">\n\t\t\t\t\t<div class=\"e-con-inner\">\n\t\t\t\t<div class=\"elementor-element elementor-element-571bc64b elementor-widget elementor-widget-text-editor\" data-id=\"571bc64b\" data-element_type=\"widget\" data-e-type=\"widget\" data-widget_type=\"text-editor.default\">\n\t\t\t\t<div class=\"elementor-widget-container\">\n\t\t\t\t\t\t\t\t\t<p><span style=\"font-weight: 400;\">Sollten Sie zu denjenigen geh\u00f6ren, die der Meinung sind, dass man f\u00fcr den Genuss eines paradiesischen Strandes, der einem Musikvideo w\u00fcrdig w\u00e4re, weit reisen und mehrere Flugzeuge besteigen m\u00fcsste, so sind wir heute hier, um Ihre Meinung zu \u00e4ndern. In Spanien <\/span> <b>haben wir das Gl\u00fcck, \u00fcber authentische Strandkleinode zu verf\u00fcgen <\/b><span style=\"font-weight: 400;\">die n\u00e4her liegen, als Sie sich vorstellen k\u00f6nnen.<\/span><\/p><p><br \/><span style=\"font-weight: 400;\">Dies trifft auf El Portet in Moraira zu. <\/span><b>Ein Paradies, das kristallklares, t\u00fcrkisfarbenes Wasser mit einer gesch\u00fctzten nat\u00fcrlichen Umgebung vereint<\/b><span style=\"font-weight: 400;\"> , die Ihnen jene friedvolle Atmosph\u00e4re bietet, nach der Sie suchen. Entspannen Sie im Urlaub mit Ihrer Familie oder Ihren Freunden bei all den Aktivit\u00e4ten, die wir im Folgenden betrachten werden: <\/span><\/p>\t\t\t\t\t\t\t\t<\/div>\n\t\t\t\t<\/div>\n\t\t\t\t\t<\/div>\n\t\t\t\t<\/div>\n\t\t<div class=\"elementor-element elementor-element-7d24f74d e-flex e-con-boxed e-con e-parent\" data-id=\"7d24f74d\" data-element_type=\"container\" data-e-type=\"container\">\n\t\t\t\t\t<div class=\"e-con-inner\">\n\t\t\t\t<div class=\"elementor-element elementor-element-0e54e7b elementor-widget elementor-widget-table-of-contents\" data-id=\"0e54e7b\" data-element_type=\"widget\" data-e-type=\"widget\" data-settings=\"{&quot;headings_by_tags&quot;:[&quot;h2&quot;,&quot;h3&quot;],&quot;exclude_headings_by_selector&quot;:[],&quot;marker_view&quot;:&quot;bullets&quot;,&quot;icon&quot;:{&quot;value&quot;:&quot;far fa-circle&quot;,&quot;library&quot;:&quot;fa-regular&quot;,&quot;rendered_tag&quot;:&quot;&lt;svg class=\\&quot;e-font-icon-svg e-far-circle\\&quot; viewBox=\\&quot;0 0 512 512\\&quot; xmlns=\\&quot;http:\\\/\\\/www.w3.org\\\/2000\\\/svg\\&quot;&gt;&lt;path d=\\&quot;M256 8C119 8 8 119 8 256s111 248 248 248 248-111 248-248S393 8 256 8zm0 448c-110.5 0-200-89.5-200-200S145.5 56 256 56s200 89.5 200 200-89.5 200-200 200z\\&quot;&gt;&lt;\\\/path&gt;&lt;\\\/svg&gt;&quot;},&quot;no_headings_message&quot;:&quot;No headings were found on this page.&quot;,&quot;hierarchical_view&quot;:&quot;yes&quot;,&quot;min_height&quot;:{&quot;unit&quot;:&quot;px&quot;,&quot;size&quot;:&quot;&quot;,&quot;sizes&quot;:[]},&quot;min_height_tablet&quot;:{&quot;unit&quot;:&quot;px&quot;,&quot;size&quot;:&quot;&quot;,&quot;sizes&quot;:[]},&quot;min_height_mobile&quot;:{&quot;unit&quot;:&quot;px&quot;,&quot;size&quot;:&quot;&quot;,&quot;sizes&quot;:[]}}\" data-widget_type=\"table-of-contents.default\">\n\t\t\t\t<div class=\"elementor-widget-container\">\n\t\t\t\t\t\t\t\t\t<div class=\"elementor-toc__header\">\n\t\t\t\t\t\t<div class=\"elementor-toc__header-title\">\n\t\t\t\t\u00cdndice\t\t\t<\/div>\n\t\t\t\t\t\t\t\t<\/div>\n\t\t\t\t<div id=\"elementor-toc__0e54e7b\" class=\"elementor-toc__body\">\n\t\t\t<div class=\"elementor-toc__spinner-container\">\n\t\t\t\t<svg class=\"elementor-toc__spinner eicon-animation-spin e-font-icon-svg e-eicon-loading\" aria-hidden=\"true\" viewBox=\"0 0 1000 1000\" xmlns=\"http:\/\/www.w3.org\/2000\/svg\"><path d=\"M500 975V858C696 858 858 696 858 500S696 142 500 142 142 304 142 500H25C25 237 238 25 500 25S975 237 975 500 763 975 500 975Z\"><\/path><\/svg>\t\t\t<\/div>\n\t\t<\/div>\n\t\t\t\t\t\t<\/div>\n\t\t\t\t<\/div>\n\t\t\t\t\t<\/div>\n\t\t\t\t<\/div>\n\t\t<div class=\"elementor-element elementor-element-b11bfda e-flex e-con-boxed e-con e-parent\" data-id=\"b11bfda\" data-element_type=\"container\" data-e-type=\"container\">\n\t\t\t\t\t<div class=\"e-con-inner\">\n\t\t\t\t<div class=\"elementor-element elementor-element-5d2fcce elementor-widget elementor-widget-heading\" data-id=\"5d2fcce\" data-element_type=\"widget\" data-e-type=\"widget\" data-widget_type=\"heading.default\">\n\t\t\t\t<div class=\"elementor-widget-container\">\n\t\t\t\t\t<h2 class=\"elementor-heading-title elementor-size-default\">EL PORTET - MORAIRA<\/h2>\t\t\t\t<\/div>\n\t\t\t\t<\/div>\n\t\t\t\t<div class=\"elementor-element elementor-element-62837b1 elementor-widget-divider--view-line elementor-widget elementor-widget-divider\" data-id=\"62837b1\" data-element_type=\"widget\" data-e-type=\"widget\" data-widget_type=\"divider.default\">\n\t\t\t\t<div class=\"elementor-widget-container\">\n\t\t\t\t\t\t\t<div class=\"elementor-divider\">\n\t\t\t<span class=\"elementor-divider-separator\">\n\t\t\t\t\t\t<\/span>\n\t\t<\/div>\n\t\t\t\t\t\t<\/div>\n\t\t\t\t<\/div>\n\t\t\t\t\t<\/div>\n\t\t\t\t<\/div>\n\t\t<div class=\"elementor-element elementor-element-37266bd5 e-flex e-con-boxed e-con e-parent\" data-id=\"37266bd5\" data-element_type=\"container\" data-e-type=\"container\">\n\t\t\t\t\t<div class=\"e-con-inner\">\n\t\t\t\t<div class=\"elementor-element elementor-element-407cff53 elementor-widget elementor-widget-heading\" data-id=\"407cff53\" data-element_type=\"widget\" data-e-type=\"widget\" data-widget_type=\"heading.default\">\n\t\t\t\t<div class=\"elementor-widget-container\">\n\t\t\t\t\t<h2 class=\"elementor-heading-title elementor-size-default\">Besuchen Sie El Portet in Moraira: Ein wahres mediterranes Paradies  \n<\/h2>\t\t\t\t<\/div>\n\t\t\t\t<\/div>\n\t\t\t\t<div class=\"elementor-element elementor-element-1fccd268 elementor-widget elementor-widget-text-editor\" data-id=\"1fccd268\" data-element_type=\"widget\" data-e-type=\"widget\" data-widget_type=\"text-editor.default\">\n\t\t\t\t<div class=\"elementor-widget-container\">\n\t\t\t\t\t\t\t\t\t<p><span style=\"font-weight: 400;\">Mit seinem feinen und weichen Sand ist der Strand von El Portet ideal f\u00fcr all jene Personen, die <\/span><b>einen friedvollen Urlaub suchen, fern von L\u00e4rm und den Verpflichtungen des Alltags. <\/b>  <span style=\"font-weight: 400;\">Denn ja, Sie begeben sich an den Strand, um sich zu erholen. Gleichwohl gibt es auch Raum f\u00fcr unterhaltsame Wasseraktivit\u00e4ten, denen Sie mit Kindern oder als Paar nachgehen k\u00f6nnen.   <\/span><\/p><p><span style=\"font-weight: 400;\">Als ob dies nicht genug w\u00e4re, befindet sich der Strand in unmittelbarer N\u00e4he zum Zentrum von Moraira. Sollten Sie gedacht haben, Sie w\u00fcrden wie in einem unber\u00fchrten Dschungel isoliert sein, so verwerfen Sie diesen Gedanken.   <\/span><b>Es steht Ihnen eine Vielzahl von Dienstleistungen in Ihrer N\u00e4he zur Verf\u00fcgung,<\/b><span style=\"font-weight: 400;\"> die Ihren Aufenthalt in Oliva, Moraira, J\u00e1vea, Benissa, Denia oder Umgebung zu einem unvergesslichen Erlebnis machen werden. <\/span>  <\/p>\t\t\t\t\t\t\t\t<\/div>\n\t\t\t\t<\/div>\n\t\t\t\t<div class=\"elementor-element elementor-element-3520296 elementor-widget elementor-widget-image\" data-id=\"3520296\" data-element_type=\"widget\" data-e-type=\"widget\" data-widget_type=\"image.default\">\n\t\t\t\t<div class=\"elementor-widget-container\">\n\t\t\t\t\t\t\t\t\t\t\t\t\t\t\t<img fetchpriority=\"high\" decoding=\"async\" width=\"1350\" height=\"675\" src=\"https:\/\/www.ontravelholidayrentals.com\/blog\/wp-content\/uploads\/2025\/02\/visitar-el-portet-Moraira.jpg\" class=\"attachment-full size-full wp-image-113\" alt=\"visitar-el-portet-Moraira.jpg\" srcset=\"https:\/\/www.ontravelholidayrentals.com\/blog\/wp-content\/uploads\/2025\/02\/visitar-el-portet-Moraira.jpg 1350w, https:\/\/www.ontravelholidayrentals.com\/blog\/wp-content\/uploads\/2025\/02\/visitar-el-portet-Moraira-300x150.jpg 300w, https:\/\/www.ontravelholidayrentals.com\/blog\/wp-content\/uploads\/2025\/02\/visitar-el-portet-Moraira-1024x512.jpg 1024w, https:\/\/www.ontravelholidayrentals.com\/blog\/wp-content\/uploads\/2025\/02\/visitar-el-portet-Moraira-768x384.jpg 768w\" sizes=\"(max-width: 1350px) 100vw, 1350px\" \/>\t\t\t\t\t\t\t\t\t\t\t\t\t\t\t<\/div>\n\t\t\t\t<\/div>\n\t\t\t\t\t<\/div>\n\t\t\t\t<\/div>\n\t\t<div class=\"elementor-element elementor-element-e2b7a48 e-flex e-con-boxed e-con e-parent\" data-id=\"e2b7a48\" data-element_type=\"container\" data-e-type=\"container\">\n\t\t\t\t\t<div class=\"e-con-inner\">\n\t\t\t\t<div class=\"elementor-element elementor-element-c312db0 elementor-widget elementor-widget-heading\" data-id=\"c312db0\" data-element_type=\"widget\" data-e-type=\"widget\" data-widget_type=\"heading.default\">\n\t\t\t\t<div class=\"elementor-widget-container\">\n\t\t\t\t\t<h2 class=\"elementor-heading-title elementor-size-default\">Aktivit\u00e4ten und Str\u00e4nde in El Portet  \n<\/h2>\t\t\t\t<\/div>\n\t\t\t\t<\/div>\n\t\t\t\t<div class=\"elementor-element elementor-element-015ebe4 elementor-widget elementor-widget-text-editor\" data-id=\"015ebe4\" data-element_type=\"widget\" data-e-type=\"widget\" data-widget_type=\"text-editor.default\">\n\t\t\t\t<div class=\"elementor-widget-container\">\n\t\t\t\t\t\t\t\t\t<p><span style=\"font-weight: 400;\">Wie wir bereits erw\u00e4hnt haben,<\/span><b> ist der Strand von El Portet in Moraira weit mehr als nur ein Strand.<\/b><span style=\"font-weight: 400;\"> Es handelt sich auch um ein Reiseziel, das famili\u00e4re Ruhe mit unterhaltsamen Aktivit\u00e4ten verbindet, um die Zeit bestm\u00f6glich zu verbringen.<\/span><\/p><p><span style=\"font-weight: 400;\">Die Bucht von El Portet in Moraira <\/span><b>weist eine wundersch\u00f6ne Muschelform auf <\/b>  <span style=\"font-weight: 400;\">und wird durch die Halbinsel Cap d&#8217;Or gesch\u00fctzt. Zu den beliebtesten Aktivit\u00e4ten z\u00e4hlen:   <\/span><\/p>\t\t\t\t\t\t\t\t<\/div>\n\t\t\t\t<\/div>\n\t\t\t\t\t<\/div>\n\t\t\t\t<\/div>\n\t\t<div class=\"elementor-element elementor-element-76738a3 e-flex e-con-boxed e-con e-parent\" data-id=\"76738a3\" data-element_type=\"container\" data-e-type=\"container\">\n\t\t\t\t\t<div class=\"e-con-inner\">\n\t\t<div class=\"elementor-element elementor-element-e4ef7a3 e-con-full e-flex e-con e-child\" data-id=\"e4ef7a3\" data-element_type=\"container\" data-e-type=\"container\">\n\t\t\t\t<div class=\"elementor-element elementor-element-2c438222 elementor-widget elementor-widget-heading\" data-id=\"2c438222\" data-element_type=\"widget\" data-e-type=\"widget\" data-widget_type=\"heading.default\">\n\t\t\t\t<div class=\"elementor-widget-container\">\n\t\t\t\t\t<h3 class=\"elementor-heading-title elementor-size-default\">Kajak und Stand-up-Paddling  \n<\/h3>\t\t\t\t<\/div>\n\t\t\t\t<\/div>\n\t\t\t\t<div class=\"elementor-element elementor-element-441390e7 elementor-widget elementor-widget-text-editor\" data-id=\"441390e7\" data-element_type=\"widget\" data-e-type=\"widget\" data-widget_type=\"text-editor.default\">\n\t\t\t\t<div class=\"elementor-widget-container\">\n\t\t\t\t\t\t\t\t\t<p><span style=\"font-weight: 400;\">Dies ist eine unterhaltsame Option, die es Ihnen erm\u00f6glicht,<\/span><b> die K\u00fcste auf eine andere Art und Weise zu erkunden und verborgene Winkel zu entdecken,<\/b><span style=\"font-weight: 400;\">wie etwa die Cala Llebeig oder die nahegelegenen Unterwasserh\u00f6hlen. Sollten Sie bereits Erfahrung im Stand-up-Paddling haben, k\u00f6nnen Sie Ihre F\u00e4higkeiten entfalten. Falls nicht, finden Sie Instruktoren und Surfclubs, die auf Ihre Bed\u00fcrfnisse zugeschnitten sind, um es zu erlernen.    <\/span><\/p>\t\t\t\t\t\t\t\t<\/div>\n\t\t\t\t<\/div>\n\t\t\t\t<\/div>\n\t\t<div class=\"elementor-element elementor-element-3a4fd35 e-con-full e-flex e-con e-child\" data-id=\"3a4fd35\" data-element_type=\"container\" data-e-type=\"container\">\n\t\t\t\t<div class=\"elementor-element elementor-element-b279ea5 elementor-widget elementor-widget-heading\" data-id=\"b279ea5\" data-element_type=\"widget\" data-e-type=\"widget\" data-widget_type=\"heading.default\">\n\t\t\t\t<div class=\"elementor-widget-container\">\n\t\t\t\t\t<h3 class=\"elementor-heading-title elementor-size-default\">Schnorcheln<\/h3>\t\t\t\t<\/div>\n\t\t\t\t<\/div>\n\t\t\t\t<div class=\"elementor-element elementor-element-6c63592 elementor-widget elementor-widget-text-editor\" data-id=\"6c63592\" data-element_type=\"widget\" data-e-type=\"widget\" data-widget_type=\"text-editor.default\">\n\t\t\t\t<div class=\"elementor-widget-container\">\n\t\t\t\t\t\t\t\t\t<p><span style=\"font-weight: 400;\">Der Meeresboden der Bucht von El Portet in Moraira ist reich an Posidonia oceanica. Wir werden das f\u00fcr Sie \u00fcbersetzen:   <\/span><b>Sie bieten ein einzigartiges Erlebnis voller Meeresleben, sobald Sie Ihren Kopf unter Wasser tauchen und ein wenig abtauchen.<\/b><span style=\"font-weight: 400;\">  Sie verf\u00fcgen nicht \u00fcber Schnorchelausr\u00fcstung? Keine Sorge, es stehen Ausr\u00fcstungsverleihservices und spezialisierte Guides am Strand zur Verf\u00fcgung, damit Sie eine sichere Erfahrung machen k\u00f6nnen.   <\/span><\/p>\t\t\t\t\t\t\t\t<\/div>\n\t\t\t\t<\/div>\n\t\t\t\t<\/div>\n\t\t<div class=\"elementor-element elementor-element-1092779 e-con-full e-flex e-con e-child\" data-id=\"1092779\" data-element_type=\"container\" data-e-type=\"container\">\n\t\t\t\t<div class=\"elementor-element elementor-element-a68bd48 elementor-widget elementor-widget-heading\" data-id=\"a68bd48\" data-element_type=\"widget\" data-e-type=\"widget\" data-widget_type=\"heading.default\">\n\t\t\t\t<div class=\"elementor-widget-container\">\n\t\t\t\t\t<h3 class=\"elementor-heading-title elementor-size-default\">Spaziergang entlang der kleinen Promenade  \n<\/h3>\t\t\t\t<\/div>\n\t\t\t\t<\/div>\n\t\t\t\t<div class=\"elementor-element elementor-element-a2be149 elementor-widget elementor-widget-text-editor\" data-id=\"a2be149\" data-element_type=\"widget\" data-e-type=\"widget\" data-widget_type=\"text-editor.default\">\n\t\t\t\t<div class=\"elementor-widget-container\">\n\t\t\t\t\t\t\t\t\t<p><span style=\"font-weight: 400;\">F\u00fcr Liebhaber der Ruhe, die es vorziehen, sich nicht in Angelegenheiten einzumischen, die sie nichts angehen, <\/span><b>besteht stets die M\u00f6glichkeit, einen Spaziergang am Strand entlang zu unternehmen<\/b><span style=\"font-weight: 400;\">. Hier finden Sie Restaurants mit spektakul\u00e4ren Aussichten, wo Sie einige der typischsten Gerichte genie\u00dfen k\u00f6nnen. Wie klingt ein Fisch- und Meeresfr\u00fcchte-Reis f\u00fcr Sie?    <\/span><\/p>\t\t\t\t\t\t\t\t<\/div>\n\t\t\t\t<\/div>\n\t\t\t\t<\/div>\n\t\t<div class=\"elementor-element elementor-element-a2088d1 e-con-full e-flex e-con e-child\" data-id=\"a2088d1\" data-element_type=\"container\" data-e-type=\"container\">\n\t\t\t\t<div class=\"elementor-element elementor-element-6e7b7d3 elementor-widget elementor-widget-heading\" data-id=\"6e7b7d3\" data-element_type=\"widget\" data-e-type=\"widget\" data-widget_type=\"heading.default\">\n\t\t\t\t<div class=\"elementor-widget-container\">\n\t\t\t\t\t<h3 class=\"elementor-heading-title elementor-size-default\">Wanderrouten  \n<\/h3>\t\t\t\t<\/div>\n\t\t\t\t<\/div>\n\t\t\t\t<div class=\"elementor-element elementor-element-f2be60a elementor-widget elementor-widget-text-editor\" data-id=\"f2be60a\" data-element_type=\"widget\" data-e-type=\"widget\" data-widget_type=\"text-editor.default\">\n\t\t\t\t<div class=\"elementor-widget-container\">\n\t\t\t\t\t\t\t\t\t<p><span style=\"font-weight: 400;\">Um diesen Spaziergang auf die n\u00e4chste Ebene zu heben, <\/span><b>empfehlen wir eine Route zum Wachturm Cap d&#8217;Or<\/b><span style=\"font-weight: 400;\">, oder folgen Sie der K\u00fcstenaussichtspunkte-Route. Beide Optionen bieten beeindruckende Ausblicke auf das Mittelmeer.   <\/span><\/p>\t\t\t\t\t\t\t\t<\/div>\n\t\t\t\t<\/div>\n\t\t\t\t<\/div>\n\t\t\t\t\t<\/div>\n\t\t\t\t<\/div>\n\t\t<div class=\"elementor-element elementor-element-4b58753 e-flex e-con-boxed e-con e-parent\" data-id=\"4b58753\" data-element_type=\"container\" data-e-type=\"container\">\n\t\t\t\t\t<div class=\"e-con-inner\">\n\t\t\t\t<div class=\"elementor-element elementor-element-01e21fe elementor-widget elementor-widget-text-editor\" data-id=\"01e21fe\" data-element_type=\"widget\" data-e-type=\"widget\" data-widget_type=\"text-editor.default\">\n\t\t\t\t<div class=\"elementor-widget-container\">\n\t\t\t\t\t\t\t\t\t<p><span style=\"color: var( --e-global-color-text ); font-family: var( --e-global-typography-text-font-family ), Sans-serif; font-size: var( --e-global-typography-text-font-size ); text-align: var(--text-align); background-color: var(--wp--preset--color--base); letter-spacing: -0.1px;\">Wie Sie bereits gesehen haben, <\/span><b style=\"color: var( --e-global-color-text ); font-family: var( --e-global-typography-text-font-family ), Sans-serif; font-size: var( --e-global-typography-text-font-size ); text-align: var(--text-align); background-color: var(--wp--preset--color--base); letter-spacing: -0.1px;\">zeichnet sich El Portet durch eine familienfreundliche Atmosph\u00e4re, umfassende Dienstleistungen und Optionen f\u00fcr jeden Geschmack aus.<\/b><span style=\"color: var( --e-global-color-text ); font-family: var( --e-global-typography-text-font-family ), Sans-serif; font-size: var( --e-global-typography-text-font-size ); text-align: var(--text-align); background-color: var(--wp--preset--color--base); letter-spacing: -0.1px;\"> Mit anderen Worten, es ist ein Ort, den Sie unbedingt besuchen sollten, wenn Sie den authentischen mediterranen Geist genie\u00dfen m\u00f6chten.<\/span><\/p>\t\t\t\t\t\t\t\t<\/div>\n\t\t\t\t<\/div>\n\t\t\t\t\t<\/div>\n\t\t\t\t<\/div>\n\t\t<div class=\"elementor-element elementor-element-4d198f1 e-flex e-con-boxed e-con e-parent\" data-id=\"4d198f1\" data-element_type=\"container\" data-e-type=\"container\">\n\t\t\t\t\t<div class=\"e-con-inner\">\n\t\t\t\t<div class=\"elementor-element elementor-element-d53d13e elementor-widget elementor-widget-image\" data-id=\"d53d13e\" data-element_type=\"widget\" data-e-type=\"widget\" data-widget_type=\"image.default\">\n\t\t\t\t<div class=\"elementor-widget-container\">\n\t\t\t\t\t\t\t\t\t\t\t\t\t\t\t<img decoding=\"async\" width=\"1732\" height=\"866\" src=\"https:\/\/www.ontravelholidayrentals.com\/blog\/wp-content\/uploads\/2025\/02\/Surf-el-portet-Moraira.jpg\" class=\"attachment-full size-full wp-image-109\" alt=\"Surf-el-portet-Moraira.jpg\" srcset=\"https:\/\/www.ontravelholidayrentals.com\/blog\/wp-content\/uploads\/2025\/02\/Surf-el-portet-Moraira.jpg 1732w, https:\/\/www.ontravelholidayrentals.com\/blog\/wp-content\/uploads\/2025\/02\/Surf-el-portet-Moraira-300x150.jpg 300w, https:\/\/www.ontravelholidayrentals.com\/blog\/wp-content\/uploads\/2025\/02\/Surf-el-portet-Moraira-1024x512.jpg 1024w, https:\/\/www.ontravelholidayrentals.com\/blog\/wp-content\/uploads\/2025\/02\/Surf-el-portet-Moraira-768x384.jpg 768w, https:\/\/www.ontravelholidayrentals.com\/blog\/wp-content\/uploads\/2025\/02\/Surf-el-portet-Moraira-1536x768.jpg 1536w\" sizes=\"(max-width: 1732px) 100vw, 1732px\" \/>\t\t\t\t\t\t\t\t\t\t\t\t\t\t\t<\/div>\n\t\t\t\t<\/div>\n\t\t\t\t\t<\/div>\n\t\t\t\t<\/div>\n\t\t<div class=\"elementor-element elementor-element-26a29323 e-flex e-con-boxed e-con e-parent\" data-id=\"26a29323\" data-element_type=\"container\" data-e-type=\"container\">\n\t\t\t\t\t<div class=\"e-con-inner\">\n\t\t\t\t<div class=\"elementor-element elementor-element-477c245f elementor-widget elementor-widget-heading\" data-id=\"477c245f\" data-element_type=\"widget\" data-e-type=\"widget\" data-widget_type=\"heading.default\">\n\t\t\t\t<div class=\"elementor-widget-container\">\n\t\t\t\t\t<h2 class=\"elementor-heading-title elementor-size-default\">Sie wissen nicht, wie Sie nach El Portet in Moraira gelangen? Wir werden Sie f\u00fchren   \n<\/h2>\t\t\t\t<\/div>\n\t\t\t\t<\/div>\n\t\t\t\t<div class=\"elementor-element elementor-element-153aa2fd elementor-widget elementor-widget-text-editor\" data-id=\"153aa2fd\" data-element_type=\"widget\" data-e-type=\"widget\" data-widget_type=\"text-editor.default\">\n\t\t\t\t<div class=\"elementor-widget-container\">\n\t\t\t\t\t\t\t\t\t<p><span style=\"font-weight: 400;\">Wir werden Sie nicht anl\u00fcgen, <\/span><b>es ist nicht besonders kompliziert, zu diesem Strand zu gelangen.<\/b><span style=\"font-weight: 400;\"> Aber was wir m\u00f6chten, ist, Ihnen alle Zugangsm\u00f6glichkeiten aufzuzeigen, damit Sie Ihre Route im Voraus planen k\u00f6nnen. <\/span>  <\/p><p><span style=\"font-weight: 400;\">Das Erste, was Sie wissen sollten, ist, dass sich dieses kleine Paradies <\/span><b>nur 2 Kilometer vom Zentrum Morairas entfernt befindet<\/b><span style=\"font-weight: 400;\">. Sobald Sie in der Stadt sind, k\u00f6nnen Sie mit dem Auto oder \u00f6ffentlichen Verkehrsmitteln dorthin gelangen, oder sogar zu Fu\u00df, wenn Sie Lust auf einen Spaziergang haben.   <\/span><\/p><p><span style=\"font-weight: 400;\">Wenn Sie mit dem Auto von Alicante nach Moraira reisen,<\/span><b> k\u00f6nnen Sie die Autobahn A-7 in Richtung Valencia nehmen, an der Ausfahrt 63 in Richtung Teulada abfahren und den Schildern nach Moraira folgen.<\/b>  <span style=\"font-weight: 400;\">Sobald Sie dort angekommen sind, nehmen Sie einfach die Avenida del Portet, eine gut ausgeschilderte K\u00fcstenstra\u00dfe, die Sie direkt zum Strand f\u00fchrt. Wenn Sie aus Madrid anreisen, m\u00fcssen Sie die A-3 in Richtung Valencia nehmen und dann auf die AP-7 in Richtung Alicante abbiegen, wobei Sie dieselbe Ausfahrt nehmen.  <\/span><\/p>\t\t\t\t\t\t\t\t<\/div>\n\t\t\t\t<\/div>\n\t\t\t\t\t<\/div>\n\t\t\t\t<\/div>\n\t\t<div class=\"elementor-element elementor-element-4d60c99 e-flex e-con-boxed e-con e-parent\" data-id=\"4d60c99\" data-element_type=\"container\" data-e-type=\"container\">\n\t\t\t\t\t<div class=\"e-con-inner\">\n\t\t<div class=\"elementor-element elementor-element-84a7997 e-con-full e-flex e-con e-child\" data-id=\"84a7997\" data-element_type=\"container\" data-e-type=\"container\">\n\t\t\t\t<div class=\"elementor-element elementor-element-b989505 elementor-widget elementor-widget-text-editor\" data-id=\"b989505\" data-element_type=\"widget\" data-e-type=\"widget\" data-widget_type=\"text-editor.default\">\n\t\t\t\t<div class=\"elementor-widget-container\">\n\t\t\t\t\t\t\t\t\t<p><b style=\"color: var( --e-global-color-text ); font-family: var( --e-global-typography-text-font-family ), Sans-serif; font-size: var( --e-global-typography-text-font-size ); text-align: var(--text-align); letter-spacing: -0.1px; background-color: var(--wp--preset--color--base);\">Bitte beachten Sie, dass die Parkm\u00f6glichkeiten begrenzt sind,<\/b><span style=\"color: var( --e-global-color-text ); font-family: var( --e-global-typography-text-font-family ), Sans-serif; font-size: var( --e-global-typography-text-font-size ); font-weight: var( --e-global-typography-text-font-weight ); text-align: var(--text-align); letter-spacing: -0.1px; background-color: var(--wp--preset--color--base);\"> insbesondere w\u00e4hrend der Hochsaison. Versuchen Sie daher, fr\u00fchzeitig anzureisen, um einen guten Platz am Strand zu erhalten.<\/span><\/p><p><span style=\"font-weight: 400;\">Mit \u00f6ffentlichen Verkehrsmitteln gibt es Busverbindungen von Alicante und Valencia. <\/span><b>Von Madrid aus k\u00f6nnen Sie einen Hochgeschwindigkeitszug (AVE) von Madrid nach Alicante nehmen <\/b><span style=\"font-weight: 400;\">(etwa 2 Stunden und 30 Minuten). Von Alicante aus k\u00f6nnen Sie einen Bus nach Moraira mit Umstieg in Calpe oder D\u00e9nia nehmen.  <\/span><\/p><p><span style=\"font-weight: 400;\">Wenn Sie etwas weiter entfernt wohnen oder einfach nicht selbst fahren m\u00f6chten,<\/span><b> k\u00f6nnen Sie stets einen Flug zum Flughafen Alicante-Elche nehmen<\/b><span style=\"font-weight: 400;\"> und dort ein Auto mieten oder einen Bus nach Moraira nehmen.<\/span><\/p>\t\t\t\t\t\t\t\t<\/div>\n\t\t\t\t<\/div>\n\t\t\t\t<\/div>\n\t\t<div class=\"elementor-element elementor-element-3e292fe e-con-full e-flex e-con e-child\" data-id=\"3e292fe\" data-element_type=\"container\" data-e-type=\"container\">\n\t\t\t\t<div class=\"elementor-element elementor-element-d9c3721 elementor-widget elementor-widget-google_maps\" data-id=\"d9c3721\" data-element_type=\"widget\" data-e-type=\"widget\" data-widget_type=\"google_maps.default\">\n\t\t\t\t<div class=\"elementor-widget-container\">\n\t\t\t\t\t\t\t<div class=\"elementor-custom-embed\">\n\t\t\t<iframe loading=\"lazy\"\n\t\t\t\t\tsrc=\"https:\/\/maps.google.com\/maps?q=el%20portet%20moraira&#038;t=m&#038;z=10&#038;output=embed&#038;iwloc=near\"\n\t\t\t\t\ttitle=\"el portet moraira\"\n\t\t\t\t\taria-label=\"el portet moraira\"\n\t\t\t><\/iframe>\n\t\t<\/div>\n\t\t\t\t\t\t<\/div>\n\t\t\t\t<\/div>\n\t\t\t\t<\/div>\n\t\t\t\t\t<\/div>\n\t\t\t\t<\/div>\n\t\t<div class=\"elementor-element elementor-element-f62d40a e-flex e-con-boxed e-con e-parent\" data-id=\"f62d40a\" data-element_type=\"container\" data-e-type=\"container\">\n\t\t\t\t\t<div class=\"e-con-inner\">\n\t\t\t\t<div class=\"elementor-element elementor-element-da5e1a2 elementor-widget elementor-widget-heading\" data-id=\"da5e1a2\" data-element_type=\"widget\" data-e-type=\"widget\" data-widget_type=\"heading.default\">\n\t\t\t\t<div class=\"elementor-widget-container\">\n\t\t\t\t\t<h2 class=\"elementor-heading-title elementor-size-default\">Aktivit\u00e4ten in Moraira und Umgebung \n<\/h2>\t\t\t\t<\/div>\n\t\t\t\t<\/div>\n\t\t\t\t<div class=\"elementor-element elementor-element-82c7bd5 elementor-widget elementor-widget-text-editor\" data-id=\"82c7bd5\" data-element_type=\"widget\" data-e-type=\"widget\" data-widget_type=\"text-editor.default\">\n\t\t\t\t<div class=\"elementor-widget-container\">\n\t\t\t\t\t\t\t\t\t<p><span style=\"font-weight: 400;\">Zus\u00e4tzlich zum Besuch der Bucht El Portet in Moraira k\u00f6nnen Sie auch andere Reiseziele oder touristische Aktivit\u00e4ten in Betracht ziehen:<\/span><\/p><ul><li style=\"font-weight: 400;\" aria-level=\"1\"><b>Entdecken Sie die Bucht von Moraig,<\/b><span style=\"font-weight: 400;\"> bekannt f\u00fcr ihre atemberaubenden Klippen, die H\u00f6hle der B\u00f6gen und den Strand l&#8217;Ampolla, ideal f\u00fcr einen Ausflug mit der ganzen Familie.<\/span><\/li><li style=\"font-weight: 400;\" aria-level=\"1\"><b>Unternehmen Sie eine Kajakexkursion<\/b><span style=\"font-weight: 400;\"> zur Fischh\u00f6hle oder zur Bucht von Testos, wo Sie sich an t\u00fcrkisfarbenem Wasser erfreuen und den wundersch\u00f6nen Meeresboden erkunden k\u00f6nnen.<\/span>  <\/li><li style=\"font-weight: 400;\" aria-level=\"1\"><b>Besuchen Sie das historische Zentrum,<\/b><span style=\"font-weight: 400;\"> indem Sie durch die Stra\u00dfen eines Ortes voller wei\u00dfer H\u00e4user, lokaler Gesch\u00e4fte und Caf\u00e9s mit authentischer mediterraner Essenz schlendern.<\/span>  <\/li><\/ul><p><b>Entdecken Sie das Schloss von Moraira,<\/b><span style=\"font-weight: 400;\"> einen privilegierten Aussichtspunkt auf das Meer, der im 18. Jahrhundert als Festung gegen die muslimische Invasion diente.<\/span><\/p>\t\t\t\t\t\t\t\t<\/div>\n\t\t\t\t<\/div>\n\t\t\t\t\t<\/div>\n\t\t\t\t<\/div>\n\t\t<div class=\"elementor-element elementor-element-45192b3 e-flex e-con-boxed e-con e-parent\" data-id=\"45192b3\" data-element_type=\"container\" data-e-type=\"container\">\n\t\t\t\t\t<div class=\"e-con-inner\">\n\t\t\t\t<div class=\"elementor-element elementor-element-e7b16bf elementor-widget elementor-widget-heading\" data-id=\"e7b16bf\" data-element_type=\"widget\" data-e-type=\"widget\" data-widget_type=\"heading.default\">\n\t\t\t\t<div class=\"elementor-widget-container\">\n\t\t\t\t\t<h2 class=\"elementor-heading-title elementor-size-default\">Genie\u00dfen Sie El Portet und Moraira wie nie zuvor\n<\/h2>\t\t\t\t<\/div>\n\t\t\t\t<\/div>\n\t\t\t\t<div class=\"elementor-element elementor-element-8e48205 elementor-widget elementor-widget-text-editor\" data-id=\"8e48205\" data-element_type=\"widget\" data-e-type=\"widget\" data-widget_type=\"text-editor.default\">\n\t\t\t\t<div class=\"elementor-widget-container\">\n\t\t\t\t\t\t\t\t\t<p><span style=\"font-weight: 400;\">Nun, da Sie alles wissen, was El Portet in Moraira Ihnen bieten kann, bleibt das Wichtigste noch zu tun. Stellen Sie sicher, dass Sie ein Apartment von h\u00f6chster Qualit\u00e4t zu einem fantastischen Preis haben.  <\/span><b>Kontaktieren Sie uns, um Ihre Unterkunft in Oliva oder Moraira zu buchen,<\/b><span style=\"font-weight: 400;\"> bevor sie ausgebucht sind, und kommen Sie, um dieses mediterrane Paradies zu entdecken.<\/span><\/p>\t\t\t\t\t\t\t\t<\/div>\n\t\t\t\t<\/div>\n\t\t\t\t\t<\/div>\n\t\t\t\t<\/div>\n\t\t\t\t<\/div>\n\t\t","protected":false},"excerpt":{"rendered":"<p>El Portet in Moraira. Entspannen Sie w\u00e4hrend Ihres Urlaubs in einem idealen Refugium Sollten Sie zu denjenigen geh\u00f6ren, die der Meinung sind, dass man f\u00fcr den Genuss eines paradiesischen Strandes, der einem Musikvideo w\u00fcrdig w\u00e4re, weit reisen und mehrere Flugzeuge besteigen m\u00fcsste, so sind wir heute hier, um Ihre Meinung zu \u00e4ndern. In Spanien haben [&hellip;]<\/p>\n","protected":false},"author":2,"featured_media":117,"comment_status":"open","ping_status":"open","sticky":false,"template":"elementor_header_footer","format":"standard","meta":{"footnotes":""},"categories":[19,25],"tags":[72],"class_list":["post-142","post","type-post","status-publish","format-standard","has-post-thumbnail","hentry","category-moraira","category-moraira-de","tag-no-template"],"yoast_head":"<!-- This site is optimized with the Yoast SEO plugin v25.2 - https:\/\/yoast.com\/wordpress\/plugins\/seo\/ -->\n<title>El Portet in Moraira. Entspannen Sie w\u00e4hrend Ihres Urlaubs in einem idealen Refugium - Blog<\/title>\n<meta name=\"description\" content=\"Entdecken Sie El Portet in Moraira: Ruhige Str\u00e4nde und entspannte Atmosph\u00e4re!\" \/>\n<meta name=\"robots\" content=\"index, follow, max-snippet:-1, max-image-preview:large, max-video-preview:-1\" \/>\n<link rel=\"canonical\" href=\"https:\/\/www.ontravelholidayrentals.com\/blog\/de\/portet-moraira\/\" \/>\n<meta property=\"og:locale\" content=\"de_DE\" \/>\n<meta property=\"og:type\" content=\"article\" \/>\n<meta property=\"og:title\" content=\"El Portet in Moraira. Entspannen Sie w\u00e4hrend Ihres Urlaubs in einem idealen Refugium - Blog\" \/>\n<meta property=\"og:description\" content=\"Entdecken Sie El Portet in Moraira: Ruhige Str\u00e4nde und entspannte Atmosph\u00e4re!\" \/>\n<meta property=\"og:url\" content=\"https:\/\/www.ontravelholidayrentals.com\/blog\/de\/portet-moraira\/\" \/>\n<meta property=\"og:site_name\" content=\"Blog\" \/>\n<meta property=\"article:published_time\" content=\"2025-02-21T09:28:38+00:00\" \/>\n<meta property=\"article:modified_time\" content=\"2025-03-27T09:27:34+00:00\" \/>\n<meta property=\"og:image\" content=\"https:\/\/www.ontravelholidayrentals.com\/blog\/wp-content\/uploads\/2025\/02\/Cala-el-portet-Moraira.jpg\" \/>\n\t<meta property=\"og:image:width\" content=\"2120\" \/>\n\t<meta property=\"og:image:height\" content=\"707\" \/>\n\t<meta property=\"og:image:type\" content=\"image\/jpeg\" \/>\n<meta name=\"author\" content=\"digitalservices\" \/>\n<meta name=\"twitter:card\" content=\"summary_large_image\" \/>\n<meta name=\"twitter:label1\" content=\"Verfasst von\" \/>\n\t<meta name=\"twitter:data1\" content=\"digitalservices\" \/>\n\t<meta name=\"twitter:label2\" content=\"Gesch\u00e4tzte Lesezeit\" \/>\n\t<meta name=\"twitter:data2\" content=\"7\u00a0Minuten\" \/>\n<script type=\"application\/ld+json\" class=\"yoast-schema-graph\">{\"@context\":\"https:\/\/schema.org\",\"@graph\":[{\"@type\":\"Article\",\"@id\":\"https:\/\/www.ontravelholidayrentals.com\/blog\/de\/portet-moraira\/#article\",\"isPartOf\":{\"@id\":\"https:\/\/www.ontravelholidayrentals.com\/blog\/de\/portet-moraira\/\"},\"author\":{\"name\":\"digitalservices\",\"@id\":\"https:\/\/www.ontravelholidayrentals.com\/blog\/de\/#\/schema\/person\/4a04ea6edf25d5d452068c5ab6d33eee\"},\"headline\":\"El Portet in Moraira. Entspannen Sie w\u00e4hrend Ihres Urlaubs in einem idealen Refugium\",\"datePublished\":\"2025-02-21T09:28:38+00:00\",\"dateModified\":\"2025-03-27T09:27:34+00:00\",\"mainEntityOfPage\":{\"@id\":\"https:\/\/www.ontravelholidayrentals.com\/blog\/de\/portet-moraira\/\"},\"wordCount\":1166,\"commentCount\":0,\"publisher\":{\"@id\":\"https:\/\/www.ontravelholidayrentals.com\/blog\/de\/#organization\"},\"image\":{\"@id\":\"https:\/\/www.ontravelholidayrentals.com\/blog\/de\/portet-moraira\/#primaryimage\"},\"thumbnailUrl\":\"https:\/\/www.ontravelholidayrentals.com\/blog\/wp-content\/uploads\/2025\/02\/Cala-el-portet-Moraira.jpg\",\"keywords\":[\"no template\"],\"articleSection\":[\"Moraira\",\"Moraira\"],\"inLanguage\":\"de\",\"potentialAction\":[{\"@type\":\"CommentAction\",\"name\":\"Comment\",\"target\":[\"https:\/\/www.ontravelholidayrentals.com\/blog\/de\/portet-moraira\/#respond\"]}]},{\"@type\":\"WebPage\",\"@id\":\"https:\/\/www.ontravelholidayrentals.com\/blog\/de\/portet-moraira\/\",\"url\":\"https:\/\/www.ontravelholidayrentals.com\/blog\/de\/portet-moraira\/\",\"name\":\"El Portet in Moraira. Entspannen Sie w\u00e4hrend Ihres Urlaubs in einem idealen Refugium - Blog\",\"isPartOf\":{\"@id\":\"https:\/\/www.ontravelholidayrentals.com\/blog\/de\/#website\"},\"primaryImageOfPage\":{\"@id\":\"https:\/\/www.ontravelholidayrentals.com\/blog\/de\/portet-moraira\/#primaryimage\"},\"image\":{\"@id\":\"https:\/\/www.ontravelholidayrentals.com\/blog\/de\/portet-moraira\/#primaryimage\"},\"thumbnailUrl\":\"https:\/\/www.ontravelholidayrentals.com\/blog\/wp-content\/uploads\/2025\/02\/Cala-el-portet-Moraira.jpg\",\"datePublished\":\"2025-02-21T09:28:38+00:00\",\"dateModified\":\"2025-03-27T09:27:34+00:00\",\"description\":\"Entdecken Sie El Portet in Moraira: Ruhige Str\u00e4nde und entspannte Atmosph\u00e4re!\",\"breadcrumb\":{\"@id\":\"https:\/\/www.ontravelholidayrentals.com\/blog\/de\/portet-moraira\/#breadcrumb\"},\"inLanguage\":\"de\",\"potentialAction\":[{\"@type\":\"ReadAction\",\"target\":[\"https:\/\/www.ontravelholidayrentals.com\/blog\/de\/portet-moraira\/\"]}]},{\"@type\":\"ImageObject\",\"inLanguage\":\"de\",\"@id\":\"https:\/\/www.ontravelholidayrentals.com\/blog\/de\/portet-moraira\/#primaryimage\",\"url\":\"https:\/\/www.ontravelholidayrentals.com\/blog\/wp-content\/uploads\/2025\/02\/Cala-el-portet-Moraira.jpg\",\"contentUrl\":\"https:\/\/www.ontravelholidayrentals.com\/blog\/wp-content\/uploads\/2025\/02\/Cala-el-portet-Moraira.jpg\",\"width\":2120,\"height\":707,\"caption\":\"Cala El Portet beach in Moraira Alicante Teulada Mediterranean of Spain\"},{\"@type\":\"BreadcrumbList\",\"@id\":\"https:\/\/www.ontravelholidayrentals.com\/blog\/de\/portet-moraira\/#breadcrumb\",\"itemListElement\":[{\"@type\":\"ListItem\",\"position\":1,\"name\":\"Portada\",\"item\":\"https:\/\/www.ontravelholidayrentals.com\/blog\/de\/\"},{\"@type\":\"ListItem\",\"position\":2,\"name\":\"El Portet in Moraira. Entspannen Sie w\u00e4hrend Ihres Urlaubs in einem idealen Refugium\"}]},{\"@type\":\"WebSite\",\"@id\":\"https:\/\/www.ontravelholidayrentals.com\/blog\/de\/#website\",\"url\":\"https:\/\/www.ontravelholidayrentals.com\/blog\/de\/\",\"name\":\"Blog\",\"description\":\"Ontravelholidayrentals\",\"publisher\":{\"@id\":\"https:\/\/www.ontravelholidayrentals.com\/blog\/de\/#organization\"},\"potentialAction\":[{\"@type\":\"SearchAction\",\"target\":{\"@type\":\"EntryPoint\",\"urlTemplate\":\"https:\/\/www.ontravelholidayrentals.com\/blog\/de\/?s={search_term_string}\"},\"query-input\":{\"@type\":\"PropertyValueSpecification\",\"valueRequired\":true,\"valueName\":\"search_term_string\"}}],\"inLanguage\":\"de\"},{\"@type\":\"Organization\",\"@id\":\"https:\/\/www.ontravelholidayrentals.com\/blog\/de\/#organization\",\"name\":\"Blog\",\"url\":\"https:\/\/www.ontravelholidayrentals.com\/blog\/de\/\",\"logo\":{\"@type\":\"ImageObject\",\"inLanguage\":\"de\",\"@id\":\"https:\/\/www.ontravelholidayrentals.com\/blog\/de\/#\/schema\/logo\/image\/\",\"url\":\"https:\/\/www.ontravelholidayrentals.com\/blog\/wp-content\/uploads\/2025\/02\/logo-oliva-nova.webp\",\"contentUrl\":\"https:\/\/www.ontravelholidayrentals.com\/blog\/wp-content\/uploads\/2025\/02\/logo-oliva-nova.webp\",\"width\":2454,\"height\":875,\"caption\":\"Blog\"},\"image\":{\"@id\":\"https:\/\/www.ontravelholidayrentals.com\/blog\/de\/#\/schema\/logo\/image\/\"}},{\"@type\":\"Person\",\"@id\":\"https:\/\/www.ontravelholidayrentals.com\/blog\/de\/#\/schema\/person\/4a04ea6edf25d5d452068c5ab6d33eee\",\"name\":\"digitalservices\",\"image\":{\"@type\":\"ImageObject\",\"inLanguage\":\"de\",\"@id\":\"https:\/\/www.ontravelholidayrentals.com\/blog\/de\/#\/schema\/person\/image\/\",\"url\":\"https:\/\/secure.gravatar.com\/avatar\/af30f88a1904294c1f3eb09a9d7903eec4ffa18fa2cf40c28a8681014ecdfc20?s=96&d=mm&r=g\",\"contentUrl\":\"https:\/\/secure.gravatar.com\/avatar\/af30f88a1904294c1f3eb09a9d7903eec4ffa18fa2cf40c28a8681014ecdfc20?s=96&d=mm&r=g\",\"caption\":\"digitalservices\"},\"url\":\"https:\/\/www.ontravelholidayrentals.com\/blog\/de\/author\/digitalservices\/\"}]}<\/script>\n<!-- \/ Yoast SEO plugin. -->","yoast_head_json":{"title":"El Portet in Moraira. Entspannen Sie w\u00e4hrend Ihres Urlaubs in einem idealen Refugium - Blog","description":"Entdecken Sie El Portet in Moraira: Ruhige Str\u00e4nde und entspannte Atmosph\u00e4re!","robots":{"index":"index","follow":"follow","max-snippet":"max-snippet:-1","max-image-preview":"max-image-preview:large","max-video-preview":"max-video-preview:-1"},"canonical":"https:\/\/www.ontravelholidayrentals.com\/blog\/de\/portet-moraira\/","og_locale":"de_DE","og_type":"article","og_title":"El Portet in Moraira. Entspannen Sie w\u00e4hrend Ihres Urlaubs in einem idealen Refugium - Blog","og_description":"Entdecken Sie El Portet in Moraira: Ruhige Str\u00e4nde und entspannte Atmosph\u00e4re!","og_url":"https:\/\/www.ontravelholidayrentals.com\/blog\/de\/portet-moraira\/","og_site_name":"Blog","article_published_time":"2025-02-21T09:28:38+00:00","article_modified_time":"2025-03-27T09:27:34+00:00","og_image":[{"width":2120,"height":707,"url":"https:\/\/www.ontravelholidayrentals.com\/blog\/wp-content\/uploads\/2025\/02\/Cala-el-portet-Moraira.jpg","type":"image\/jpeg"}],"author":"digitalservices","twitter_card":"summary_large_image","twitter_misc":{"Verfasst von":"digitalservices","Gesch\u00e4tzte Lesezeit":"7\u00a0Minuten"},"schema":{"@context":"https:\/\/schema.org","@graph":[{"@type":"Article","@id":"https:\/\/www.ontravelholidayrentals.com\/blog\/de\/portet-moraira\/#article","isPartOf":{"@id":"https:\/\/www.ontravelholidayrentals.com\/blog\/de\/portet-moraira\/"},"author":{"name":"digitalservices","@id":"https:\/\/www.ontravelholidayrentals.com\/blog\/de\/#\/schema\/person\/4a04ea6edf25d5d452068c5ab6d33eee"},"headline":"El Portet in Moraira. Entspannen Sie w\u00e4hrend Ihres Urlaubs in einem idealen Refugium","datePublished":"2025-02-21T09:28:38+00:00","dateModified":"2025-03-27T09:27:34+00:00","mainEntityOfPage":{"@id":"https:\/\/www.ontravelholidayrentals.com\/blog\/de\/portet-moraira\/"},"wordCount":1166,"commentCount":0,"publisher":{"@id":"https:\/\/www.ontravelholidayrentals.com\/blog\/de\/#organization"},"image":{"@id":"https:\/\/www.ontravelholidayrentals.com\/blog\/de\/portet-moraira\/#primaryimage"},"thumbnailUrl":"https:\/\/www.ontravelholidayrentals.com\/blog\/wp-content\/uploads\/2025\/02\/Cala-el-portet-Moraira.jpg","keywords":["no template"],"articleSection":["Moraira","Moraira"],"inLanguage":"de","potentialAction":[{"@type":"CommentAction","name":"Comment","target":["https:\/\/www.ontravelholidayrentals.com\/blog\/de\/portet-moraira\/#respond"]}]},{"@type":"WebPage","@id":"https:\/\/www.ontravelholidayrentals.com\/blog\/de\/portet-moraira\/","url":"https:\/\/www.ontravelholidayrentals.com\/blog\/de\/portet-moraira\/","name":"El Portet in Moraira. Entspannen Sie w\u00e4hrend Ihres Urlaubs in einem idealen Refugium - Blog","isPartOf":{"@id":"https:\/\/www.ontravelholidayrentals.com\/blog\/de\/#website"},"primaryImageOfPage":{"@id":"https:\/\/www.ontravelholidayrentals.com\/blog\/de\/portet-moraira\/#primaryimage"},"image":{"@id":"https:\/\/www.ontravelholidayrentals.com\/blog\/de\/portet-moraira\/#primaryimage"},"thumbnailUrl":"https:\/\/www.ontravelholidayrentals.com\/blog\/wp-content\/uploads\/2025\/02\/Cala-el-portet-Moraira.jpg","datePublished":"2025-02-21T09:28:38+00:00","dateModified":"2025-03-27T09:27:34+00:00","description":"Entdecken Sie El Portet in Moraira: Ruhige Str\u00e4nde und entspannte Atmosph\u00e4re!","breadcrumb":{"@id":"https:\/\/www.ontravelholidayrentals.com\/blog\/de\/portet-moraira\/#breadcrumb"},"inLanguage":"de","potentialAction":[{"@type":"ReadAction","target":["https:\/\/www.ontravelholidayrentals.com\/blog\/de\/portet-moraira\/"]}]},{"@type":"ImageObject","inLanguage":"de","@id":"https:\/\/www.ontravelholidayrentals.com\/blog\/de\/portet-moraira\/#primaryimage","url":"https:\/\/www.ontravelholidayrentals.com\/blog\/wp-content\/uploads\/2025\/02\/Cala-el-portet-Moraira.jpg","contentUrl":"https:\/\/www.ontravelholidayrentals.com\/blog\/wp-content\/uploads\/2025\/02\/Cala-el-portet-Moraira.jpg","width":2120,"height":707,"caption":"Cala El Portet beach in Moraira Alicante Teulada Mediterranean of Spain"},{"@type":"BreadcrumbList","@id":"https:\/\/www.ontravelholidayrentals.com\/blog\/de\/portet-moraira\/#breadcrumb","itemListElement":[{"@type":"ListItem","position":1,"name":"Portada","item":"https:\/\/www.ontravelholidayrentals.com\/blog\/de\/"},{"@type":"ListItem","position":2,"name":"El Portet in Moraira. Entspannen Sie w\u00e4hrend Ihres Urlaubs in einem idealen Refugium"}]},{"@type":"WebSite","@id":"https:\/\/www.ontravelholidayrentals.com\/blog\/de\/#website","url":"https:\/\/www.ontravelholidayrentals.com\/blog\/de\/","name":"Blog","description":"Ontravelholidayrentals","publisher":{"@id":"https:\/\/www.ontravelholidayrentals.com\/blog\/de\/#organization"},"potentialAction":[{"@type":"SearchAction","target":{"@type":"EntryPoint","urlTemplate":"https:\/\/www.ontravelholidayrentals.com\/blog\/de\/?s={search_term_string}"},"query-input":{"@type":"PropertyValueSpecification","valueRequired":true,"valueName":"search_term_string"}}],"inLanguage":"de"},{"@type":"Organization","@id":"https:\/\/www.ontravelholidayrentals.com\/blog\/de\/#organization","name":"Blog","url":"https:\/\/www.ontravelholidayrentals.com\/blog\/de\/","logo":{"@type":"ImageObject","inLanguage":"de","@id":"https:\/\/www.ontravelholidayrentals.com\/blog\/de\/#\/schema\/logo\/image\/","url":"https:\/\/www.ontravelholidayrentals.com\/blog\/wp-content\/uploads\/2025\/02\/logo-oliva-nova.webp","contentUrl":"https:\/\/www.ontravelholidayrentals.com\/blog\/wp-content\/uploads\/2025\/02\/logo-oliva-nova.webp","width":2454,"height":875,"caption":"Blog"},"image":{"@id":"https:\/\/www.ontravelholidayrentals.com\/blog\/de\/#\/schema\/logo\/image\/"}},{"@type":"Person","@id":"https:\/\/www.ontravelholidayrentals.com\/blog\/de\/#\/schema\/person\/4a04ea6edf25d5d452068c5ab6d33eee","name":"digitalservices","image":{"@type":"ImageObject","inLanguage":"de","@id":"https:\/\/www.ontravelholidayrentals.com\/blog\/de\/#\/schema\/person\/image\/","url":"https:\/\/secure.gravatar.com\/avatar\/af30f88a1904294c1f3eb09a9d7903eec4ffa18fa2cf40c28a8681014ecdfc20?s=96&d=mm&r=g","contentUrl":"https:\/\/secure.gravatar.com\/avatar\/af30f88a1904294c1f3eb09a9d7903eec4ffa18fa2cf40c28a8681014ecdfc20?s=96&d=mm&r=g","caption":"digitalservices"},"url":"https:\/\/www.ontravelholidayrentals.com\/blog\/de\/author\/digitalservices\/"}]}},"_links":{"self":[{"href":"https:\/\/www.ontravelholidayrentals.com\/blog\/de\/wp-json\/wp\/v2\/posts\/142","targetHints":{"allow":["GET"]}}],"collection":[{"href":"https:\/\/www.ontravelholidayrentals.com\/blog\/de\/wp-json\/wp\/v2\/posts"}],"about":[{"href":"https:\/\/www.ontravelholidayrentals.com\/blog\/de\/wp-json\/wp\/v2\/types\/post"}],"author":[{"embeddable":true,"href":"https:\/\/www.ontravelholidayrentals.com\/blog\/de\/wp-json\/wp\/v2\/users\/2"}],"replies":[{"embeddable":true,"href":"https:\/\/www.ontravelholidayrentals.com\/blog\/de\/wp-json\/wp\/v2\/comments?post=142"}],"version-history":[{"count":10,"href":"https:\/\/www.ontravelholidayrentals.com\/blog\/de\/wp-json\/wp\/v2\/posts\/142\/revisions"}],"predecessor-version":[{"id":625,"href":"https:\/\/www.ontravelholidayrentals.com\/blog\/de\/wp-json\/wp\/v2\/posts\/142\/revisions\/625"}],"wp:featuredmedia":[{"embeddable":true,"href":"https:\/\/www.ontravelholidayrentals.com\/blog\/de\/wp-json\/wp\/v2\/media\/117"}],"wp:attachment":[{"href":"https:\/\/www.ontravelholidayrentals.com\/blog\/de\/wp-json\/wp\/v2\/media?parent=142"}],"wp:term":[{"taxonomy":"category","embeddable":true,"href":"https:\/\/www.ontravelholidayrentals.com\/blog\/de\/wp-json\/wp\/v2\/categories?post=142"},{"taxonomy":"post_tag","embeddable":true,"href":"https:\/\/www.ontravelholidayrentals.com\/blog\/de\/wp-json\/wp\/v2\/tags?post=142"}],"curies":[{"name":"wp","href":"https:\/\/api.w.org\/{rel}","templated":true}]}}