{"id":1365,"date":"2025-07-15T07:04:01","date_gmt":"2025-07-15T07:04:01","guid":{"rendered":"https:\/\/www.ontravelholidayrentals.com\/blog\/?p=1365"},"modified":"2025-11-26T08:08:34","modified_gmt":"2025-11-26T08:08:34","slug":"buchten-costa-blanca-2","status":"publish","type":"post","link":"https:\/\/www.ontravelholidayrentals.com\/blog\/de\/buchten-costa-blanca-2\/","title":{"rendered":"Entdecken Sie die sch\u00f6nsten Buchten an der Costa Blanca und besuchen Sie diesen Sommer Ihre Lieblingsbucht"},"content":{"rendered":"\t\t<div data-elementor-type=\"wp-post\" data-elementor-id=\"1365\" class=\"elementor elementor-1365 elementor-952\" data-elementor-post-type=\"post\">\n\t\t\t\t<div class=\"elementor-element elementor-element-7befc59e e-flex e-con-boxed e-con e-parent\" data-id=\"7befc59e\" data-element_type=\"container\" data-e-type=\"container\" data-settings=\"{&quot;background_background&quot;:&quot;classic&quot;}\">\n\t\t\t\t\t<div class=\"e-con-inner\">\n\t\t\t\t<div class=\"elementor-element elementor-element-585ec252 elementor-widget elementor-widget-heading\" data-id=\"585ec252\" data-element_type=\"widget\" data-e-type=\"widget\" data-widget_type=\"heading.default\">\n\t\t\t\t<div class=\"elementor-widget-container\">\n\t\t\t\t\t<h1 class=\"elementor-heading-title elementor-size-default\">Entdecken Sie die sch\u00f6nsten Buchten an der Costa Blanca und besuchen Sie diesen Sommer Ihre Lieblingsbucht<\/h1>\t\t\t\t<\/div>\n\t\t\t\t<\/div>\n\t\t\t\t\t<\/div>\n\t\t\t\t<\/div>\n\t\t<div class=\"elementor-element elementor-element-452c6467 e-flex e-con-boxed e-con e-parent\" data-id=\"452c6467\" data-element_type=\"container\" data-e-type=\"container\">\n\t\t\t\t\t<div class=\"e-con-inner\">\n\t\t\t\t<div class=\"elementor-element elementor-element-1cca25f5 elementor-widget elementor-widget-text-editor\" data-id=\"1cca25f5\" data-element_type=\"widget\" data-e-type=\"widget\" data-widget_type=\"text-editor.default\">\n\t\t\t\t<div class=\"elementor-widget-container\">\n\t\t\t\t\t\t\t\t\t<p><span style=\"font-weight: 400;\">Wenn Sie noch nicht im Paradies der Buchten waren, wissen wir wirklich nicht, worauf Sie noch warten. Die Costa Blanca ist der ideale Ort, um   <\/span><b>diese versteckten Buchten mit kristallklarem Wasser und mediterranen Landschaften<\/b><span style=\"font-weight: 400;\"> zu finden, in die sich jeder verlieben kann.<\/span><\/p><p><span style=\"font-weight: 400;\">Von Oliva bis D\u00e9nia, \u00fcber Moraira, J\u00e1vea und Benissa, finden Sie magische Orte, an denen das <\/span><b>Meer eine perfekte Kombination<\/b><span style=\"font-weight: 400;\"> von Erlebnissen f\u00fcr Sie schafft, von denen Sie Freunden und Familie begeistert erz\u00e4hlen k\u00f6nnen.<\/span><\/p><p><b>Die Costa Blanca ist ideal, wenn Sie Entspannung gro\u00dfen Nervenkitzeln vorziehen<\/b><span style=\"font-weight: 400;\">, aber das bedeutet nicht, dass Sie nicht einige dieser Abenteuer erleben k\u00f6nnen, die Sie schon immer machen wollten, aber Ihr Job es Ihnen nicht erlaubte. Es ist sogar der ideale Ort, wenn Sie immer noch nicht wissen, ob Sie den Strand oder die Berge bevorzugen, obwohl wir Ihnen versichern, dass Sie sich am Ende f\u00fcr den Strand entscheiden werden.  <\/span>.<\/p>\t\t\t\t\t\t\t\t<\/div>\n\t\t\t\t<\/div>\n\t\t\t\t\t<\/div>\n\t\t\t\t<\/div>\n\t\t<div class=\"elementor-element elementor-element-1b4526a0 e-flex e-con-boxed e-con e-parent\" data-id=\"1b4526a0\" data-element_type=\"container\" data-e-type=\"container\">\n\t\t\t\t\t<div class=\"e-con-inner\">\n\t\t\t\t<div class=\"elementor-element elementor-element-64620def elementor-widget elementor-widget-table-of-contents\" data-id=\"64620def\" data-element_type=\"widget\" data-e-type=\"widget\" data-settings=\"{&quot;headings_by_tags&quot;:[&quot;h2&quot;,&quot;h3&quot;],&quot;exclude_headings_by_selector&quot;:[],&quot;marker_view&quot;:&quot;bullets&quot;,&quot;icon&quot;:{&quot;value&quot;:&quot;&quot;,&quot;library&quot;:&quot;&quot;},&quot;no_headings_message&quot;:&quot;No headings were found on this page.&quot;,&quot;hierarchical_view&quot;:&quot;yes&quot;,&quot;min_height&quot;:{&quot;unit&quot;:&quot;px&quot;,&quot;size&quot;:&quot;&quot;,&quot;sizes&quot;:[]},&quot;min_height_tablet&quot;:{&quot;unit&quot;:&quot;px&quot;,&quot;size&quot;:&quot;&quot;,&quot;sizes&quot;:[]},&quot;min_height_mobile&quot;:{&quot;unit&quot;:&quot;px&quot;,&quot;size&quot;:&quot;&quot;,&quot;sizes&quot;:[]}}\" data-widget_type=\"table-of-contents.default\">\n\t\t\t\t<div class=\"elementor-widget-container\">\n\t\t\t\t\t\t\t\t\t<div class=\"elementor-toc__header\">\n\t\t\t\t\t\t<div class=\"elementor-toc__header-title\">\n\t\t\t\tInhaltsverzeichnis\t\t\t<\/div>\n\t\t\t\t\t\t\t\t<\/div>\n\t\t\t\t<div id=\"elementor-toc__64620def\" class=\"elementor-toc__body\">\n\t\t\t<div class=\"elementor-toc__spinner-container\">\n\t\t\t\t<svg class=\"elementor-toc__spinner eicon-animation-spin e-font-icon-svg e-eicon-loading\" aria-hidden=\"true\" viewBox=\"0 0 1000 1000\" xmlns=\"http:\/\/www.w3.org\/2000\/svg\"><path d=\"M500 975V858C696 858 858 696 858 500S696 142 500 142 142 304 142 500H25C25 237 238 25 500 25S975 237 975 500 763 975 500 975Z\"><\/path><\/svg>\t\t\t<\/div>\n\t\t<\/div>\n\t\t\t\t\t\t<\/div>\n\t\t\t\t<\/div>\n\t\t\t\t\t<\/div>\n\t\t\t\t<\/div>\n\t\t<div class=\"elementor-element elementor-element-348987d3 e-flex e-con-boxed e-con e-parent\" data-id=\"348987d3\" data-element_type=\"container\" data-e-type=\"container\">\n\t\t\t\t\t<div class=\"e-con-inner\">\n\t\t\t\t<div class=\"elementor-element elementor-element-454edf8 elementor-widget elementor-widget-heading\" data-id=\"454edf8\" data-element_type=\"widget\" data-e-type=\"widget\" data-widget_type=\"heading.default\">\n\t\t\t\t<div class=\"elementor-widget-container\">\n\t\t\t\t\t<h2 class=\"elementor-heading-title elementor-size-default\">Dies sind die besten Buchten, die man an der Costa Blanca besuchen kann\n<\/h2>\t\t\t\t<\/div>\n\t\t\t\t<\/div>\n\t\t\t\t<div class=\"elementor-element elementor-element-41a414d0 elementor-widget elementor-widget-text-editor\" data-id=\"41a414d0\" data-element_type=\"widget\" data-e-type=\"widget\" data-widget_type=\"text-editor.default\">\n\t\t\t\t<div class=\"elementor-widget-container\">\n\t\t\t\t\t\t\t\t\t<p><span style=\"font-weight: 400;\">Haben wir Sie noch nicht von dieser Reise \u00fcberzeugt? Nun, als N\u00e4chstes pr\u00e4sentieren wir Ihnen  <\/span>  <b> eine Auswahl unglaublicher Buchten, die Sie zum gl\u00fccklichsten Menschen der Welt machen werden <\/b><span style=\"font-weight: 400;\">und zu demjenigen mit den besten Fotos in der Kamerarolle ihres Handys in diesem Sommer.<\/span>  <\/p>\t\t\t\t\t\t\t\t<\/div>\n\t\t\t\t<\/div>\n\t\t\t\t\t<\/div>\n\t\t\t\t<\/div>\n\t\t<div class=\"elementor-element elementor-element-39f075c1 e-flex e-con-boxed e-con e-parent\" data-id=\"39f075c1\" data-element_type=\"container\" data-e-type=\"container\">\n\t\t\t\t\t<div class=\"e-con-inner\">\n\t\t\t\t<div class=\"elementor-element elementor-element-7ceeb8de elementor-widget elementor-widget-heading\" data-id=\"7ceeb8de\" data-element_type=\"widget\" data-e-type=\"widget\" data-widget_type=\"heading.default\">\n\t\t\t\t<div class=\"elementor-widget-container\">\n\t\t\t\t\t<h3 class=\"elementor-heading-title elementor-size-default\">Cala Granadella\n<\/h3>\t\t\t\t<\/div>\n\t\t\t\t<\/div>\n\t\t\t\t<div class=\"elementor-element elementor-element-68eda82 elementor-widget elementor-widget-image\" data-id=\"68eda82\" data-element_type=\"widget\" data-e-type=\"widget\" data-widget_type=\"image.default\">\n\t\t\t\t<div class=\"elementor-widget-container\">\n\t\t\t\t\t\t\t\t\t\t\t\t\t\t\t<img fetchpriority=\"high\" decoding=\"async\" width=\"1253\" height=\"626\" src=\"https:\/\/www.ontravelholidayrentals.com\/blog\/wp-content\/uploads\/2025\/06\/Cala-Granadella.jpg\" class=\"attachment-full size-full wp-image-909\" alt=\"Cala-Granadella.jpg\" srcset=\"https:\/\/www.ontravelholidayrentals.com\/blog\/wp-content\/uploads\/2025\/06\/Cala-Granadella.jpg 1253w, https:\/\/www.ontravelholidayrentals.com\/blog\/wp-content\/uploads\/2025\/06\/Cala-Granadella-300x150.jpg 300w, https:\/\/www.ontravelholidayrentals.com\/blog\/wp-content\/uploads\/2025\/06\/Cala-Granadella-1024x512.jpg 1024w, https:\/\/www.ontravelholidayrentals.com\/blog\/wp-content\/uploads\/2025\/06\/Cala-Granadella-768x384.jpg 768w\" sizes=\"(max-width: 1253px) 100vw, 1253px\" \/>\t\t\t\t\t\t\t\t\t\t\t\t\t\t\t<\/div>\n\t\t\t\t<\/div>\n\t\t\t\t<div class=\"elementor-element elementor-element-5aebf04c elementor-widget elementor-widget-text-editor\" data-id=\"5aebf04c\" data-element_type=\"widget\" data-e-type=\"widget\" data-widget_type=\"text-editor.default\">\n\t\t\t\t<div class=\"elementor-widget-container\">\n\t\t\t\t\t\t\t\t\t<p><span style=\"font-weight: 400;\">La Granadella gilt als eine der sch\u00f6nsten Buchten an der Costa Blanca und wurde <\/span><b>mehrere Jahre lang zum besten Strand Spaniens gew\u00e4hlt<\/b><span style=\"font-weight: 400;\">. Sie ist in der Gegend f\u00fcr ihr sauberes Wasser, ihre Klippen und eine ruhige Atmosph\u00e4re bekannt, in der Sie ohne Stress entspannen k\u00f6nnen.<\/span><\/p><p><span style=\"font-weight: 400;\">Sie ist perfekt, wenn Sie ein Liebhaber<\/span><b> des Schnorchelns, Kajakfahrens oder Tauchens sind<\/b><span style=\"font-weight: 400;\">. Und hey, wer wei\u00df, vielleicht begegnen Sie ja einigen der Meerestiere, die das Mittelmeer zu bieten hat. Zu Ihrem Vergn\u00fcgen hat die Bucht eine garantierte blaue Flagge f\u00fcr die Sicherheit der weniger Abenteuerlustigen.  <\/span><\/p>\t\t\t\t\t\t\t\t<\/div>\n\t\t\t\t<\/div>\n\t\t\t\t\t<\/div>\n\t\t\t\t<\/div>\n\t\t<div class=\"elementor-element elementor-element-4e95dad e-flex e-con-boxed e-con e-parent\" data-id=\"4e95dad\" data-element_type=\"container\" data-e-type=\"container\">\n\t\t\t\t\t<div class=\"e-con-inner\">\n\t\t\t\t<div class=\"elementor-element elementor-element-0641aa9 elementor-widget elementor-widget-heading\" data-id=\"0641aa9\" data-element_type=\"widget\" data-e-type=\"widget\" data-widget_type=\"heading.default\">\n\t\t\t\t<div class=\"elementor-widget-container\">\n\t\t\t\t\t<h3 class=\"elementor-heading-title elementor-size-default\">Cala del Moraig\n<\/h3>\t\t\t\t<\/div>\n\t\t\t\t<\/div>\n\t\t\t\t<div class=\"elementor-element elementor-element-700bfef elementor-widget elementor-widget-image\" data-id=\"700bfef\" data-element_type=\"widget\" data-e-type=\"widget\" data-widget_type=\"image.default\">\n\t\t\t\t<div class=\"elementor-widget-container\">\n\t\t\t\t\t\t\t\t\t\t\t\t\t\t\t<img decoding=\"async\" width=\"1378\" height=\"690\" src=\"https:\/\/www.ontravelholidayrentals.com\/blog\/wp-content\/uploads\/2025\/07\/Cala-Moraig.jpg\" class=\"attachment-full size-full wp-image-985\" alt=\"Cala-Moraig.jpg\" srcset=\"https:\/\/www.ontravelholidayrentals.com\/blog\/wp-content\/uploads\/2025\/07\/Cala-Moraig.jpg 1378w, https:\/\/www.ontravelholidayrentals.com\/blog\/wp-content\/uploads\/2025\/07\/Cala-Moraig-300x150.jpg 300w, https:\/\/www.ontravelholidayrentals.com\/blog\/wp-content\/uploads\/2025\/07\/Cala-Moraig-1024x513.jpg 1024w, https:\/\/www.ontravelholidayrentals.com\/blog\/wp-content\/uploads\/2025\/07\/Cala-Moraig-768x385.jpg 768w\" sizes=\"(max-width: 1378px) 100vw, 1378px\" \/>\t\t\t\t\t\t\t\t\t\t\t\t\t\t\t<\/div>\n\t\t\t\t<\/div>\n\t\t\t\t<div class=\"elementor-element elementor-element-54f91a3 elementor-widget elementor-widget-text-editor\" data-id=\"54f91a3\" data-element_type=\"widget\" data-e-type=\"widget\" data-widget_type=\"text-editor.default\">\n\t\t\t\t<div class=\"elementor-widget-container\">\n\t\t\t\t\t\t\t\t\t<p><span style=\"font-weight: 400;\">Bekannt f\u00fcr ihre <\/span><b>Klippen und 100 % transparentes Wasser<\/b><span style=\"font-weight: 400;\">, befinden wir uns an der Hauptbucht von El Poble Nou de Benitatxell. Es ist eine Top-Umgebung f\u00fcr Familien und Tauchbegeisterte, es hat  <\/span><b>blaue Flagge, Rettungsschwimmerdienste und Barrierefreiheit f\u00fcr Menschen mit eingeschr\u00e4nkter Mobilit\u00e4t<\/b><span style=\"font-weight: 400;\">.<\/span><\/p><p><span style=\"font-weight: 400;\">Entworfen f\u00fcr die wagemutigsten Profile, <\/span><b>finden Sie an einem ihrer Enden einen FKK-Bereich<\/b><span style=\"font-weight: 400;\">, und f\u00fcr die Neugierigeren k\u00f6nnen Sie einige einzigartige geologische Formationen erkunden. Sie entscheiden, wohin Sie Ihr Abenteuer f\u00fchren soll&#8230;  <\/span><\/p>\t\t\t\t\t\t\t\t<\/div>\n\t\t\t\t<\/div>\n\t\t\t\t\t<\/div>\n\t\t\t\t<\/div>\n\t\t<div class=\"elementor-element elementor-element-1554052 e-flex e-con-boxed e-con e-parent\" data-id=\"1554052\" data-element_type=\"container\" data-e-type=\"container\">\n\t\t\t\t\t<div class=\"e-con-inner\">\n\t\t\t\t<div class=\"elementor-element elementor-element-482ba9f elementor-widget elementor-widget-heading\" data-id=\"482ba9f\" data-element_type=\"widget\" data-e-type=\"widget\" data-widget_type=\"heading.default\">\n\t\t\t\t<div class=\"elementor-widget-container\">\n\t\t\t\t\t<h3 class=\"elementor-heading-title elementor-size-default\">Cala Portitxol (La Barraca)\n<\/h3>\t\t\t\t<\/div>\n\t\t\t\t<\/div>\n\t\t\t\t<div class=\"elementor-element elementor-element-cf0ee4e elementor-widget elementor-widget-image\" data-id=\"cf0ee4e\" data-element_type=\"widget\" data-e-type=\"widget\" data-widget_type=\"image.default\">\n\t\t\t\t<div class=\"elementor-widget-container\">\n\t\t\t\t\t\t\t\t\t\t\t\t\t\t\t<img decoding=\"async\" width=\"1258\" height=\"629\" src=\"https:\/\/www.ontravelholidayrentals.com\/blog\/wp-content\/uploads\/2025\/07\/cala-Portitxol.jpg\" class=\"attachment-full size-full wp-image-989\" alt=\"cala-Portitxol.jpg\" srcset=\"https:\/\/www.ontravelholidayrentals.com\/blog\/wp-content\/uploads\/2025\/07\/cala-Portitxol.jpg 1258w, https:\/\/www.ontravelholidayrentals.com\/blog\/wp-content\/uploads\/2025\/07\/cala-Portitxol-300x150.jpg 300w, https:\/\/www.ontravelholidayrentals.com\/blog\/wp-content\/uploads\/2025\/07\/cala-Portitxol-1024x512.jpg 1024w, https:\/\/www.ontravelholidayrentals.com\/blog\/wp-content\/uploads\/2025\/07\/cala-Portitxol-768x384.jpg 768w\" sizes=\"(max-width: 1258px) 100vw, 1258px\" \/>\t\t\t\t\t\t\t\t\t\t\t\t\t\t\t<\/div>\n\t\t\t\t<\/div>\n\t\t\t\t<div class=\"elementor-element elementor-element-be3869c elementor-widget elementor-widget-text-editor\" data-id=\"be3869c\" data-element_type=\"widget\" data-e-type=\"widget\" data-widget_type=\"text-editor.default\">\n\t\t\t\t<div class=\"elementor-widget-container\">\n\t\t\t\t\t\t\t\t\t<p><span style=\"font-weight: 400;\">Direkt von einer griechischen Postkarte mit wei\u00dfen Fischerh\u00e4usern mit blauen T\u00fcren, t\u00fcrkisfarbenem Wasser und Blick auf die Insel Portitxol finden wir diese Bucht. Sie ist eine der meistbesuchten und  <\/span><i><span style=\"font-weight: 400;\">Instagrammable<\/span><\/i><span style=\"font-weight: 400;\"> in Alicante, da sie eine <\/span><b>nat\u00fcrliche Umgebung und nahegelegene Aussichtspunkte<\/b><span style=\"font-weight: 400;\"> hat, die dieses unvergessliche Erlebnis vervollst\u00e4ndigen.<\/span><\/p><p><span style=\"font-weight: 400;\">Besucher halten sie f\u00fcr einen <\/span><b>perfekten Ort zum Schwimmen, Tauchen<\/b><span style=\"font-weight: 400;\"> und um einige ihrer Meeressch\u00e4tze zu entdecken oder Kajak zu fahren.<\/span><\/p>\t\t\t\t\t\t\t\t<\/div>\n\t\t\t\t<\/div>\n\t\t\t\t\t<\/div>\n\t\t\t\t<\/div>\n\t\t<div class=\"elementor-element elementor-element-f2a9b5e e-flex e-con-boxed e-con e-parent\" data-id=\"f2a9b5e\" data-element_type=\"container\" data-e-type=\"container\">\n\t\t\t\t\t<div class=\"e-con-inner\">\n\t\t\t\t<div class=\"elementor-element elementor-element-b200262 elementor-widget elementor-widget-heading\" data-id=\"b200262\" data-element_type=\"widget\" data-e-type=\"widget\" data-widget_type=\"heading.default\">\n\t\t\t\t<div class=\"elementor-widget-container\">\n\t\t\t\t\t<h3 class=\"elementor-heading-title elementor-size-default\">La Caleta (Villajoyosa)\n<\/h3>\t\t\t\t<\/div>\n\t\t\t\t<\/div>\n\t\t\t\t<div class=\"elementor-element elementor-element-23153ed elementor-widget elementor-widget-image\" data-id=\"23153ed\" data-element_type=\"widget\" data-e-type=\"widget\" data-widget_type=\"image.default\">\n\t\t\t\t<div class=\"elementor-widget-container\">\n\t\t\t\t\t\t\t\t\t\t\t\t\t\t\t<img loading=\"lazy\" decoding=\"async\" width=\"1229\" height=\"614\" src=\"https:\/\/www.ontravelholidayrentals.com\/blog\/wp-content\/uploads\/2025\/07\/La-Caleta-Villajoyosa.jpg\" class=\"attachment-full size-full wp-image-993\" alt=\"La-Caleta-Villajoyosa.jpg\" srcset=\"https:\/\/www.ontravelholidayrentals.com\/blog\/wp-content\/uploads\/2025\/07\/La-Caleta-Villajoyosa.jpg 1229w, https:\/\/www.ontravelholidayrentals.com\/blog\/wp-content\/uploads\/2025\/07\/La-Caleta-Villajoyosa-300x150.jpg 300w, https:\/\/www.ontravelholidayrentals.com\/blog\/wp-content\/uploads\/2025\/07\/La-Caleta-Villajoyosa-1024x512.jpg 1024w, https:\/\/www.ontravelholidayrentals.com\/blog\/wp-content\/uploads\/2025\/07\/La-Caleta-Villajoyosa-768x384.jpg 768w\" sizes=\"(max-width: 1229px) 100vw, 1229px\" \/>\t\t\t\t\t\t\t\t\t\t\t\t\t\t\t<\/div>\n\t\t\t\t<\/div>\n\t\t\t\t<div class=\"elementor-element elementor-element-1fa948b elementor-widget elementor-widget-text-editor\" data-id=\"1fa948b\" data-element_type=\"widget\" data-e-type=\"widget\" data-widget_type=\"text-editor.default\">\n\t\t\t\t<div class=\"elementor-widget-container\">\n\t\t\t\t\t\t\t\t\t<p><span style=\"font-weight: 400;\">Eine kleine Bucht aus Steinen und Sand, ideal f\u00fcr diejenigen, die die totale Entspannung suchen, da sie nicht f\u00fcr alle Touristen sichtbar ist. Sie wurde mit einer blauen Flagge ausgezeichnet und bietet ihren Badeg\u00e4sten einige  <\/span><b>t\u00fcrkisfarbene Gew\u00e4sser, die sich perfekt zum Tauchen und Schnorcheln eignen<\/b><span style=\"font-weight: 400;\">.<\/span><\/p><p><span style=\"font-weight: 400;\">Sie verf\u00fcgt \u00fcber <\/span><b>Rettungsschwimmerdienste und H\u00e4ngemattenverleih<\/b><span style=\"font-weight: 400;\">, zus\u00e4tzlich zu <\/span><b>leichtem Zugang und Parkpl\u00e4tzen<\/b><span style=\"font-weight: 400;\">.<\/span><\/p>\t\t\t\t\t\t\t\t<\/div>\n\t\t\t\t<\/div>\n\t\t\t\t\t<\/div>\n\t\t\t\t<\/div>\n\t\t<div class=\"elementor-element elementor-element-777834c e-flex e-con-boxed e-con e-parent\" data-id=\"777834c\" data-element_type=\"container\" data-e-type=\"container\">\n\t\t\t\t\t<div class=\"e-con-inner\">\n\t\t\t\t<div class=\"elementor-element elementor-element-d875713 elementor-widget elementor-widget-heading\" data-id=\"d875713\" data-element_type=\"widget\" data-e-type=\"widget\" data-widget_type=\"heading.default\">\n\t\t\t\t<div class=\"elementor-widget-container\">\n\t\t\t\t\t<h3 class=\"elementor-heading-title elementor-size-default\">Cala del Rac\u00f3\n<\/h3>\t\t\t\t<\/div>\n\t\t\t\t<\/div>\n\t\t\t\t<div class=\"elementor-element elementor-element-79408fc elementor-widget elementor-widget-image\" data-id=\"79408fc\" data-element_type=\"widget\" data-e-type=\"widget\" data-widget_type=\"image.default\">\n\t\t\t\t<div class=\"elementor-widget-container\">\n\t\t\t\t\t\t\t\t\t\t\t\t\t\t\t<img loading=\"lazy\" decoding=\"async\" width=\"1196\" height=\"598\" src=\"https:\/\/www.ontravelholidayrentals.com\/blog\/wp-content\/uploads\/2025\/07\/Cala-del-Raco.jpg\" class=\"attachment-full size-full wp-image-997\" alt=\"Cala-del-Raco.jpg\" srcset=\"https:\/\/www.ontravelholidayrentals.com\/blog\/wp-content\/uploads\/2025\/07\/Cala-del-Raco.jpg 1196w, https:\/\/www.ontravelholidayrentals.com\/blog\/wp-content\/uploads\/2025\/07\/Cala-del-Raco-300x150.jpg 300w, https:\/\/www.ontravelholidayrentals.com\/blog\/wp-content\/uploads\/2025\/07\/Cala-del-Raco-1024x512.jpg 1024w, https:\/\/www.ontravelholidayrentals.com\/blog\/wp-content\/uploads\/2025\/07\/Cala-del-Raco-768x384.jpg 768w\" sizes=\"(max-width: 1196px) 100vw, 1196px\" \/>\t\t\t\t\t\t\t\t\t\t\t\t\t\t\t<\/div>\n\t\t\t\t<\/div>\n\t\t\t\t<div class=\"elementor-element elementor-element-c03328d elementor-widget elementor-widget-text-editor\" data-id=\"c03328d\" data-element_type=\"widget\" data-e-type=\"widget\" data-widget_type=\"text-editor.default\">\n\t\t\t\t<div class=\"elementor-widget-container\">\n\t\t\t\t\t\t\t\t\t<p><span style=\"font-weight: 400;\">Diese Bucht liegt neben dem Wahrzeichen Pe\u00f1\u00f3n de Ifach und ist ber\u00fchmt f\u00fcr ihren <\/span><b>Unterwasserpfad, der auch f\u00fcr Menschen mit eingeschr\u00e4nkter Mobilit\u00e4t geeignet ist<\/b><span style=\"font-weight: 400;\">.<\/span><\/p><p><span style=\"font-weight: 400;\">Ihre Kieselsteinlandschaft ist ein ausgezeichneter Ort zum Schnorcheln, Angeln und Beobachten der Meeresfauna, alles mit kompletten Dienstleistungen und einer privilegierten Lage in der N\u00e4he des Hafens von Calpe. <\/span><\/p>\t\t\t\t\t\t\t\t<\/div>\n\t\t\t\t<\/div>\n\t\t\t\t\t<\/div>\n\t\t\t\t<\/div>\n\t\t<div class=\"elementor-element elementor-element-845035c e-flex e-con-boxed e-con e-parent\" data-id=\"845035c\" data-element_type=\"container\" data-e-type=\"container\">\n\t\t\t\t\t<div class=\"e-con-inner\">\n\t\t\t\t<div class=\"elementor-element elementor-element-bdbca88 elementor-widget elementor-widget-heading\" data-id=\"bdbca88\" data-element_type=\"widget\" data-e-type=\"widget\" data-widget_type=\"heading.default\">\n\t\t\t\t<div class=\"elementor-widget-container\">\n\t\t\t\t\t<h3 class=\"elementor-heading-title elementor-size-default\">Cala de la Fustera\n<\/h3>\t\t\t\t<\/div>\n\t\t\t\t<\/div>\n\t\t\t\t<div class=\"elementor-element elementor-element-f0cafa5 elementor-widget elementor-widget-image\" data-id=\"f0cafa5\" data-element_type=\"widget\" data-e-type=\"widget\" data-widget_type=\"image.default\">\n\t\t\t\t<div class=\"elementor-widget-container\">\n\t\t\t\t\t\t\t\t\t\t\t\t\t\t\t<img loading=\"lazy\" decoding=\"async\" width=\"1254\" height=\"627\" src=\"https:\/\/www.ontravelholidayrentals.com\/blog\/wp-content\/uploads\/2025\/07\/Cala-de-la-Fustera.jpg\" class=\"attachment-full size-full wp-image-1001\" alt=\"Cala-de-la-Fustera.jpg\" srcset=\"https:\/\/www.ontravelholidayrentals.com\/blog\/wp-content\/uploads\/2025\/07\/Cala-de-la-Fustera.jpg 1254w, https:\/\/www.ontravelholidayrentals.com\/blog\/wp-content\/uploads\/2025\/07\/Cala-de-la-Fustera-300x150.jpg 300w, https:\/\/www.ontravelholidayrentals.com\/blog\/wp-content\/uploads\/2025\/07\/Cala-de-la-Fustera-1024x512.jpg 1024w, https:\/\/www.ontravelholidayrentals.com\/blog\/wp-content\/uploads\/2025\/07\/Cala-de-la-Fustera-768x384.jpg 768w\" sizes=\"(max-width: 1254px) 100vw, 1254px\" \/>\t\t\t\t\t\t\t\t\t\t\t\t\t\t\t<\/div>\n\t\t\t\t<\/div>\n\t\t\t\t<div class=\"elementor-element elementor-element-2340de3 elementor-widget elementor-widget-text-editor\" data-id=\"2340de3\" data-element_type=\"widget\" data-e-type=\"widget\" data-widget_type=\"text-editor.default\">\n\t\t\t\t<div class=\"elementor-widget-container\">\n\t\t\t\t\t\t\t\t\t<p><span style=\"font-weight: 400;\">Die Kombination aus feinem Sand und transparentem Wasser, zusammen mit <\/span><b>einer Umgebung aus Pinien und mediterraner Vegetation<\/b><span style=\"font-weight: 400;\">, ist ein perfekter Ort, der Sie einl\u00e4dt, auf ihren <\/span><b>\u00f6kologischen Pfaden<\/b> zu wandern<span style=\"font-weight: 400;\">. Das Beste daran ist, dass diese Bucht ideal f\u00fcr Familien ist und <\/span><b>Restaurant<\/b><span style=\"font-weight: 400;\"> und<\/span><b> Wasseraktivit\u00e4ten<\/b><span style=\"font-weight: 400;\"> f\u00fcr Kinder und Erwachsene bietet.<\/span><\/p>\t\t\t\t\t\t\t\t<\/div>\n\t\t\t\t<\/div>\n\t\t\t\t\t<\/div>\n\t\t\t\t<\/div>\n\t\t<div class=\"elementor-element elementor-element-be3fa58 e-flex e-con-boxed e-con e-parent\" data-id=\"be3fa58\" data-element_type=\"container\" data-e-type=\"container\">\n\t\t\t\t\t<div class=\"e-con-inner\">\n\t\t\t\t<div class=\"elementor-element elementor-element-2d8dabc elementor-widget elementor-widget-heading\" data-id=\"2d8dabc\" data-element_type=\"widget\" data-e-type=\"widget\" data-widget_type=\"heading.default\">\n\t\t\t\t<div class=\"elementor-widget-container\">\n\t\t\t\t\t<h3 class=\"elementor-heading-title elementor-size-default\">Cala Ambolo\n<\/h3>\t\t\t\t<\/div>\n\t\t\t\t<\/div>\n\t\t\t\t<div class=\"elementor-element elementor-element-e6ff0b9 elementor-widget elementor-widget-image\" data-id=\"e6ff0b9\" data-element_type=\"widget\" data-e-type=\"widget\" data-widget_type=\"image.default\">\n\t\t\t\t<div class=\"elementor-widget-container\">\n\t\t\t\t\t\t\t\t\t\t\t\t\t\t\t<img loading=\"lazy\" decoding=\"async\" width=\"1254\" height=\"627\" src=\"https:\/\/www.ontravelholidayrentals.com\/blog\/wp-content\/uploads\/2025\/06\/Cala-Ambolo.jpg\" class=\"attachment-full size-full wp-image-921\" alt=\"Cala-Ambolo.jpg\" srcset=\"https:\/\/www.ontravelholidayrentals.com\/blog\/wp-content\/uploads\/2025\/06\/Cala-Ambolo.jpg 1254w, https:\/\/www.ontravelholidayrentals.com\/blog\/wp-content\/uploads\/2025\/06\/Cala-Ambolo-300x150.jpg 300w, https:\/\/www.ontravelholidayrentals.com\/blog\/wp-content\/uploads\/2025\/06\/Cala-Ambolo-1024x512.jpg 1024w, https:\/\/www.ontravelholidayrentals.com\/blog\/wp-content\/uploads\/2025\/06\/Cala-Ambolo-768x384.jpg 768w\" sizes=\"(max-width: 1254px) 100vw, 1254px\" \/>\t\t\t\t\t\t\t\t\t\t\t\t\t\t\t<\/div>\n\t\t\t\t<\/div>\n\t\t\t\t<div class=\"elementor-element elementor-element-55f8a78 elementor-widget elementor-widget-text-editor\" data-id=\"55f8a78\" data-element_type=\"widget\" data-e-type=\"widget\" data-widget_type=\"text-editor.default\">\n\t\t\t\t<div class=\"elementor-widget-container\">\n\t\t\t\t\t\t\t\t\t<p><span style=\"font-weight: 400;\">Von vielen Einheimischen als die \u201eBucht der Wagemutigen\u201c bekannt, ist sie ber\u00fchmt daf\u00fcr, eine <\/span><b>der wildesten und am wenigsten \u00fcberlaufenen in J\u00e1vea zu sein<\/b><span style=\"font-weight: 400;\">. Sie zeichnet sich durch ihre <\/span><b>Naturistenumgebung<\/b><span style=\"font-weight: 400;\">  und ihr sauberes Wasser aus, wo wir ihren felsigen Grund und das Meeresleben beobachten k\u00f6nnen, das diese Naturlandschaft bietet. Umgeben von Klippen ist sie eine perfekte Bucht, wenn Sie sich nach etwas Ruhe und N\u00e4he zur Natur sehnen.  <\/span><\/p>\t\t\t\t\t\t\t\t<\/div>\n\t\t\t\t<\/div>\n\t\t\t\t\t<\/div>\n\t\t\t\t<\/div>\n\t\t<div class=\"elementor-element elementor-element-8e57479 e-flex e-con-boxed e-con e-parent\" data-id=\"8e57479\" data-element_type=\"container\" data-e-type=\"container\">\n\t\t\t\t\t<div class=\"e-con-inner\">\n\t\t\t\t<div class=\"elementor-element elementor-element-e2d18ef elementor-widget elementor-widget-heading\" data-id=\"e2d18ef\" data-element_type=\"widget\" data-e-type=\"widget\" data-widget_type=\"heading.default\">\n\t\t\t\t<div class=\"elementor-widget-container\">\n\t\t\t\t\t<h3 class=\"elementor-heading-title elementor-size-default\">Cala del Bol Nou\n<\/h3>\t\t\t\t<\/div>\n\t\t\t\t<\/div>\n\t\t\t\t<div class=\"elementor-element elementor-element-a9c6a93 elementor-widget elementor-widget-image\" data-id=\"a9c6a93\" data-element_type=\"widget\" data-e-type=\"widget\" data-widget_type=\"image.default\">\n\t\t\t\t<div class=\"elementor-widget-container\">\n\t\t\t\t\t\t\t\t\t\t\t\t\t\t\t<img loading=\"lazy\" decoding=\"async\" width=\"1254\" height=\"627\" src=\"https:\/\/www.ontravelholidayrentals.com\/blog\/wp-content\/uploads\/2025\/07\/Cala-del-Bol-Nou.jpg\" class=\"attachment-full size-full wp-image-1005\" alt=\"Cala-del-Bol-Nou.jpg\" srcset=\"https:\/\/www.ontravelholidayrentals.com\/blog\/wp-content\/uploads\/2025\/07\/Cala-del-Bol-Nou.jpg 1254w, https:\/\/www.ontravelholidayrentals.com\/blog\/wp-content\/uploads\/2025\/07\/Cala-del-Bol-Nou-300x150.jpg 300w, https:\/\/www.ontravelholidayrentals.com\/blog\/wp-content\/uploads\/2025\/07\/Cala-del-Bol-Nou-1024x512.jpg 1024w, https:\/\/www.ontravelholidayrentals.com\/blog\/wp-content\/uploads\/2025\/07\/Cala-del-Bol-Nou-768x384.jpg 768w\" sizes=\"(max-width: 1254px) 100vw, 1254px\" \/>\t\t\t\t\t\t\t\t\t\t\t\t\t\t\t<\/div>\n\t\t\t\t<\/div>\n\t\t\t\t<div class=\"elementor-element elementor-element-24c4329 elementor-widget elementor-widget-text-editor\" data-id=\"24c4329\" data-element_type=\"widget\" data-e-type=\"widget\" data-widget_type=\"text-editor.default\">\n\t\t\t\t<div class=\"elementor-widget-container\">\n\t\t\t\t\t\t\t\t\t<p><span style=\"font-weight: 400;\">In der N\u00e4he von La Caleta gelegen, ist Bol Nou eine Bucht, die f\u00fcr ihre <\/span><b>entspannte Atmosph\u00e4re mit sauberem und flachem Wasser bekannt ist<\/b><span style=\"font-weight: 400;\">. Sie ist ideal f\u00fcr Familien und f\u00fcr diejenigen, die ein Bad in einer ruhigen und nat\u00fcrlichen Umgebung nehmen m\u00f6chten.<\/span><\/p><p><span style=\"font-weight: 400;\">Im Gegensatz zu anderen Buchten <\/span><b>verf\u00fcgt sie \u00fcber eine Strandbar, eine Dusche und Parkpl\u00e4tze in der N\u00e4he<\/b><span style=\"font-weight: 400;\">, was sie ideal macht, um den Tag dort zu verbringen.<\/span><\/p>\t\t\t\t\t\t\t\t<\/div>\n\t\t\t\t<\/div>\n\t\t\t\t\t<\/div>\n\t\t\t\t<\/div>\n\t\t<div class=\"elementor-element elementor-element-cf2cf0a e-flex e-con-boxed e-con e-parent\" data-id=\"cf2cf0a\" data-element_type=\"container\" data-e-type=\"container\">\n\t\t\t\t\t<div class=\"e-con-inner\">\n\t\t\t\t<div class=\"elementor-element elementor-element-2b4ca18 elementor-widget elementor-widget-heading\" data-id=\"2b4ca18\" data-element_type=\"widget\" data-e-type=\"widget\" data-widget_type=\"heading.default\">\n\t\t\t\t<div class=\"elementor-widget-container\">\n\t\t\t\t\t<h3 class=\"elementor-heading-title elementor-size-default\">Cala del Portet\n<\/h3>\t\t\t\t<\/div>\n\t\t\t\t<\/div>\n\t\t\t\t<div class=\"elementor-element elementor-element-f82df5a elementor-widget elementor-widget-image\" data-id=\"f82df5a\" data-element_type=\"widget\" data-e-type=\"widget\" data-widget_type=\"image.default\">\n\t\t\t\t<div class=\"elementor-widget-container\">\n\t\t\t\t\t\t\t\t\t\t\t\t\t\t\t<img loading=\"lazy\" decoding=\"async\" width=\"1350\" height=\"675\" src=\"https:\/\/www.ontravelholidayrentals.com\/blog\/wp-content\/uploads\/2025\/05\/visitar-el-portet-Moraira.jpg\" class=\"attachment-full size-full wp-image-759\" alt=\"visitar-el-portet-Moraira.jpg\" srcset=\"https:\/\/www.ontravelholidayrentals.com\/blog\/wp-content\/uploads\/2025\/05\/visitar-el-portet-Moraira.jpg 1350w, https:\/\/www.ontravelholidayrentals.com\/blog\/wp-content\/uploads\/2025\/05\/visitar-el-portet-Moraira-300x150.jpg 300w, https:\/\/www.ontravelholidayrentals.com\/blog\/wp-content\/uploads\/2025\/05\/visitar-el-portet-Moraira-1024x512.jpg 1024w, https:\/\/www.ontravelholidayrentals.com\/blog\/wp-content\/uploads\/2025\/05\/visitar-el-portet-Moraira-768x384.jpg 768w\" sizes=\"(max-width: 1350px) 100vw, 1350px\" \/>\t\t\t\t\t\t\t\t\t\t\t\t\t\t\t<\/div>\n\t\t\t\t<\/div>\n\t\t\t\t<div class=\"elementor-element elementor-element-096e43d elementor-widget elementor-widget-text-editor\" data-id=\"096e43d\" data-element_type=\"widget\" data-e-type=\"widget\" data-widget_type=\"text-editor.default\">\n\t\t\t\t<div class=\"elementor-widget-container\">\n\t\t\t\t\t\t\t\t\t<p><span style=\"font-weight: 400;\">Klein und gesch\u00fctzt, ist diese Bucht daf\u00fcr bekannt, eine <\/span><b>Oase der Ruhe mit flachem und transparentem Wasser zu bieten<\/b><span style=\"font-weight: 400;\">, perfekt, um vom Arbeitshandy und den Anweisungen Ihres Chefs abzuschalten. Die Umgebung hat zwei Landschaften, da sie  <\/span><b>Blick auf die Berge und das Meer<\/b><span style=\"font-weight: 400;\"> bietet.<\/span><\/p><p><span style=\"font-weight: 400;\">Dar\u00fcber hinaus <\/span><b>bietet sie grundlegende Dienstleistungen wie Sonnenschirm- und H\u00e4ngemattenverleih<\/b><span style=\"font-weight: 400;\"> sowie einen Restaurantbereich, damit Sie den Tag bequem genie\u00dfen k\u00f6nnen.<\/span><\/p>\t\t\t\t\t\t\t\t<\/div>\n\t\t\t\t<\/div>\n\t\t\t\t\t<\/div>\n\t\t\t\t<\/div>\n\t\t<div class=\"elementor-element elementor-element-206a5b4 e-flex e-con-boxed e-con e-parent\" data-id=\"206a5b4\" data-element_type=\"container\" data-e-type=\"container\">\n\t\t\t\t\t<div class=\"e-con-inner\">\n\t\t\t\t<div class=\"elementor-element elementor-element-a6eb4b6 elementor-widget elementor-widget-heading\" data-id=\"a6eb4b6\" data-element_type=\"widget\" data-e-type=\"widget\" data-widget_type=\"heading.default\">\n\t\t\t\t<div class=\"elementor-widget-container\">\n\t\t\t\t\t<h3 class=\"elementor-heading-title elementor-size-default\">Cala Pinets\n<\/h3>\t\t\t\t<\/div>\n\t\t\t\t<\/div>\n\t\t\t\t<div class=\"elementor-element elementor-element-ce8d4c3 elementor-widget elementor-widget-image\" data-id=\"ce8d4c3\" data-element_type=\"widget\" data-e-type=\"widget\" data-widget_type=\"image.default\">\n\t\t\t\t<div class=\"elementor-widget-container\">\n\t\t\t\t\t\t\t\t\t\t\t\t\t\t\t<img loading=\"lazy\" decoding=\"async\" width=\"1392\" height=\"696\" src=\"https:\/\/www.ontravelholidayrentals.com\/blog\/wp-content\/uploads\/2025\/07\/Cala-Pinets.jpg\" class=\"attachment-full size-full wp-image-1009\" alt=\"Cala-Pinets.jpg\" srcset=\"https:\/\/www.ontravelholidayrentals.com\/blog\/wp-content\/uploads\/2025\/07\/Cala-Pinets.jpg 1392w, https:\/\/www.ontravelholidayrentals.com\/blog\/wp-content\/uploads\/2025\/07\/Cala-Pinets-300x150.jpg 300w, https:\/\/www.ontravelholidayrentals.com\/blog\/wp-content\/uploads\/2025\/07\/Cala-Pinets-1024x512.jpg 1024w, https:\/\/www.ontravelholidayrentals.com\/blog\/wp-content\/uploads\/2025\/07\/Cala-Pinets-768x384.jpg 768w\" sizes=\"(max-width: 1392px) 100vw, 1392px\" \/>\t\t\t\t\t\t\t\t\t\t\t\t\t\t\t<\/div>\n\t\t\t\t<\/div>\n\t\t\t\t<div class=\"elementor-element elementor-element-256a6f4 elementor-widget elementor-widget-text-editor\" data-id=\"256a6f4\" data-element_type=\"widget\" data-e-type=\"widget\" data-widget_type=\"text-editor.default\">\n\t\t\t\t<div class=\"elementor-widget-container\">\n\t\t\t\t\t\t\t\t\t<p><span style=\"font-weight: 400;\">Eine <\/span><b>felsige und sandige Bucht<\/b><span style=\"font-weight: 400;\">, klein und gem\u00fctlich, <\/span><b>perfekt f\u00fcr Schnorchelaktivit\u00e4ten<\/b><span style=\"font-weight: 400;\">  und entdecken Sie das Meeresleben, das in ihren Gew\u00e4ssern lebt. Der Zugang ist einfach und bietet eine Umgebung mit Vegetation und Ruhe, die Sie einl\u00e4dt, den ganzen Tag mit Ihrer Familie oder Freunden zu verbringen.  <\/span><\/p><p><span style=\"font-weight: 400;\">Eine ihrer Attraktionen ist die Route, die von der Bucht aus beginnt und durch das \u201eMar Muerta\u201c f\u00fchrt, einen <\/span><b>nat\u00fcrlichen Pool<\/b><span style=\"font-weight: 400;\"> mit kristallklarem Wasser, der von den Felsen gesch\u00fctzt wird.<\/span><\/p>\t\t\t\t\t\t\t\t<\/div>\n\t\t\t\t<\/div>\n\t\t\t\t\t<\/div>\n\t\t\t\t<\/div>\n\t\t<div class=\"elementor-element elementor-element-1280339 e-flex e-con-boxed e-con e-parent\" data-id=\"1280339\" data-element_type=\"container\" data-e-type=\"container\">\n\t\t\t\t\t<div class=\"e-con-inner\">\n\t\t\t\t<div class=\"elementor-element elementor-element-f0df5f4 elementor-widget elementor-widget-html\" data-id=\"f0df5f4\" data-element_type=\"widget\" data-e-type=\"widget\" data-widget_type=\"html.default\">\n\t\t\t\t<div class=\"elementor-widget-container\">\n\t\t\t\t\t<iframe src=\"https:\/\/www.google.com\/maps\/d\/u\/0\/embed?mid=1S_OfaxOtJHm7-ysPugYnkMyGoaK5_EI&amp;ehbc=2E312F&amp;noprof=1\" width=\"640\" height=\"480\"><\/iframe>\t\t\t\t<\/div>\n\t\t\t\t<\/div>\n\t\t\t\t\t<\/div>\n\t\t\t\t<\/div>\n\t\t<div class=\"elementor-element elementor-element-7ec9bbfb e-flex e-con-boxed e-con e-parent\" data-id=\"7ec9bbfb\" data-element_type=\"container\" data-e-type=\"container\">\n\t\t\t\t\t<div class=\"e-con-inner\">\n\t\t\t\t<div class=\"elementor-element elementor-element-5d3162ad elementor-widget elementor-widget-heading\" data-id=\"5d3162ad\" data-element_type=\"widget\" data-e-type=\"widget\" data-widget_type=\"heading.default\">\n\t\t\t\t<div class=\"elementor-widget-container\">\n\t\t\t\t\t<h2 class=\"elementor-heading-title elementor-size-default\">Warum Sie die Buchten der Costa Blanca unbedingt entdecken sollten\n<\/h2>\t\t\t\t<\/div>\n\t\t\t\t<\/div>\n\t\t\t\t<div class=\"elementor-element elementor-element-535426d8 elementor-widget elementor-widget-text-editor\" data-id=\"535426d8\" data-element_type=\"widget\" data-e-type=\"widget\" data-widget_type=\"text-editor.default\">\n\t\t\t\t<div class=\"elementor-widget-container\">\n\t\t\t\t\t\t\t\t\t<p><span style=\"font-weight: 400;\">Die Costa Blanca ist viel mehr als Sonne und Strand, <\/span><b>sie ist auch ein Mosaik aus geheimen Buchten, postkartenw\u00fcrdigen Landschaften und einzigartigen Erlebnissen<\/b><span style=\"font-weight: 400;\">. Was auch immer Sie suchen, in jeder ihrer Ecken werden Sie Ihren idealen Ort finden. <\/span><\/p><p><span style=\"font-weight: 400;\">K\u00f6nnen Sie sich vorstellen, jeden Tag aufzuwachen und zu wissen, dass es der beste Tag Ihres Lebens wird? In Oliva, Moraira, J\u00e1vea, Benissa und D\u00e9nia finden Sie eine  <\/span><b>gro\u00dfe Auswahl an Apartments, die Ihre Tr\u00e4ume wahr werden lassen k\u00f6nnen<\/b><span style=\"font-weight: 400;\">.<\/span><\/p><p><b>Sie m\u00fcssen nur herausfinden, welche Ihre Lieblingsbucht ist<\/b><span style=\"font-weight: 400;\">, lassen Sie sich von ihrer Vegetation und dem kristallklaren Wasser einh\u00fcllen und machen Sie die Costa Blanca zu Ihrem neuen Zuhause oder Ihrem Feriendomizil.<\/span><\/p>\t\t\t\t\t\t\t\t<\/div>\n\t\t\t\t<\/div>\n\t\t\t\t\t<\/div>\n\t\t\t\t<\/div>\n\t\t<div class=\"elementor-element elementor-element-29c75b39 e-flex e-con-boxed e-con e-parent\" data-id=\"29c75b39\" data-element_type=\"container\" data-e-type=\"container\">\n\t\t\t\t\t<div class=\"e-con-inner\">\n\t\t\t\t<div class=\"elementor-element elementor-element-29d0cff8 elementor-widget elementor-widget-grid\" data-id=\"29d0cff8\" data-element_type=\"widget\" data-e-type=\"widget\" data-widget_type=\"grid.default\">\n\t\t\t\t<div class=\"elementor-widget-container\">\n\t\t\t\t\t\t\t<div class=\"its--row alojamientos-recomendados\">\n\n\t\t\t<div class=\"alojamientos-recomendados-container\">\n\n\t\t\t\t\t\n\t\t\t\t\t<a href=\"https:\/\/www.ontravelholidayrentals.com\/de\/vermietung\/villa-oliva-villa-vermeer-51-460858.html\" rel=\"nofollow\" style=\"width: 23%;\">\n\t\t\t\t\t\t<div class=\"apartamento-box\">\n\t\t\t\t\t\t\t<div class=\"imagen_recomendados\">\n\t\t\t\t\t\t\t\t<img decoding=\"async\" src=\"https:\/\/crs.avantio.com\/fotos\/2\/1703084140d3f439d9b3375a13b4f0e50afb895aaa\/big1703332585741831091dd4ad756385090fb49199ea.jpg\" alt=\"Villa Colibri by ON Travel\">\n\t\t\t\t\t\t\t<\/div>\n\t\t\t\t\t\t\t<div class=\"info\">\n\t\t\t\t\t\t\t\t<div class=\"ubicacion\">\n\t\t\t\t\t\t\t\t\t<i class=\"fa-solid fa-location-dot icono-mapa\"><\/i><span class=\"ubicacion-texto\">Oliva - Valencia Provinz<\/span>\n\t\t\t\t\t\t\t\t<\/div>\n\t\t\t\t\t\t\t\t<H3 class=\"titulo-alojamiento\">\n\t\t\t\t\t\t\t\t\tVilla Colibri by ON Travel\t\t\t\t\t\t\t\t<\/H3>\n\t\t\t\t\t\t\t\t<p class=\"precio-alojamiento\">Aus <span class=\"precio\">328.00\u20ac<\/span> pro Nacht<\/p>\n\t\t\t\t\t\t\t<\/div>\n\t\t\t\t\t\t<\/div>\n\t\t\t\t\t<\/a> \n\t\t\t\t\t\t\n\t\t\t\t\t<a href=\"https:\/\/www.ontravelholidayrentals.com\/de\/vermietung\/villa-oliva-villa-vermeer-21-461268.html\" rel=\"nofollow\" style=\"width: 23%;\">\n\t\t\t\t\t\t<div class=\"apartamento-box\">\n\t\t\t\t\t\t\t<div class=\"imagen_recomendados\">\n\t\t\t\t\t\t\t\t<img decoding=\"async\" src=\"https:\/\/crs.avantio.com\/fotos\/2\/1703335589811fbc048cd27ef2e70871e03571a65f\/big17033356189dc73706c960d3ef8712f0c901543b8b.jpg\" alt=\"Villa Solana  by ON Travel\">\n\t\t\t\t\t\t\t<\/div>\n\t\t\t\t\t\t\t<div class=\"info\">\n\t\t\t\t\t\t\t\t<div class=\"ubicacion\">\n\t\t\t\t\t\t\t\t\t<i class=\"fa-solid fa-location-dot icono-mapa\"><\/i><span class=\"ubicacion-texto\">Oliva - Valencia Provinz<\/span>\n\t\t\t\t\t\t\t\t<\/div>\n\t\t\t\t\t\t\t\t<H3 class=\"titulo-alojamiento\">\n\t\t\t\t\t\t\t\t\tVilla Solana  by ON Travel\t\t\t\t\t\t\t\t<\/H3>\n\t\t\t\t\t\t\t\t<p class=\"precio-alojamiento\">Aus <span class=\"precio\">217.00\u20ac<\/span> pro Nacht<\/p>\n\t\t\t\t\t\t\t<\/div>\n\t\t\t\t\t\t<\/div>\n\t\t\t\t\t<\/a> \n\t\t\t\t\t\t\n\t\t\t\t\t<a href=\"https:\/\/www.ontravelholidayrentals.com\/de\/vermietung\/villa-oliva-villa-vermeer-25-461292.html\" rel=\"nofollow\" style=\"width: 23%;\">\n\t\t\t\t\t\t<div class=\"apartamento-box\">\n\t\t\t\t\t\t\t<div class=\"imagen_recomendados\">\n\t\t\t\t\t\t\t\t<img decoding=\"async\" src=\"https:\/\/crs.avantio.com\/fotos\/2\/1705335735591b101a10adf0c9165b293b19af3489\/big1705335762de9703dc1854540c9777fd4932b0499a.jpg\" alt=\"Greenside oasis villa by ON Travel\">\n\t\t\t\t\t\t\t<\/div>\n\t\t\t\t\t\t\t<div class=\"info\">\n\t\t\t\t\t\t\t\t<div class=\"ubicacion\">\n\t\t\t\t\t\t\t\t\t<i class=\"fa-solid fa-location-dot icono-mapa\"><\/i><span class=\"ubicacion-texto\">Oliva - Valencia Provinz<\/span>\n\t\t\t\t\t\t\t\t<\/div>\n\t\t\t\t\t\t\t\t<H3 class=\"titulo-alojamiento\">\n\t\t\t\t\t\t\t\t\tGreenside oasis villa by ON Travel\t\t\t\t\t\t\t\t<\/H3>\n\t\t\t\t\t\t\t\t<p class=\"precio-alojamiento\">Aus <span class=\"precio\">328.00\u20ac<\/span> pro Nacht<\/p>\n\t\t\t\t\t\t\t<\/div>\n\t\t\t\t\t\t<\/div>\n\t\t\t\t\t<\/a> \n\t\t\t\t\t\t\n\t\t\t\t\t<a href=\"https:\/\/www.ontravelholidayrentals.com\/de\/vermietung\/villa-oliva-villa-vermeer-43-461293.html\" rel=\"nofollow\" style=\"width: 23%;\">\n\t\t\t\t\t\t<div class=\"apartamento-box\">\n\t\t\t\t\t\t\t<div class=\"imagen_recomendados\">\n\t\t\t\t\t\t\t\t<img decoding=\"async\" src=\"https:\/\/crs.avantio.com\/fotos\/2\/17054241108ffb3352fb1b6efd3c6e1c3097debf40\/big170542451565ad5f2b0843b6346526f00ede7b3ef7.jpg\" alt=\"Villa Cisne by ON Travel\">\n\t\t\t\t\t\t\t<\/div>\n\t\t\t\t\t\t\t<div class=\"info\">\n\t\t\t\t\t\t\t\t<div class=\"ubicacion\">\n\t\t\t\t\t\t\t\t\t<i class=\"fa-solid fa-location-dot icono-mapa\"><\/i><span class=\"ubicacion-texto\">Oliva - Valencia Provinz<\/span>\n\t\t\t\t\t\t\t\t<\/div>\n\t\t\t\t\t\t\t\t<H3 class=\"titulo-alojamiento\">\n\t\t\t\t\t\t\t\t\tVilla Cisne by ON Travel\t\t\t\t\t\t\t\t<\/H3>\n\t\t\t\t\t\t\t\t<p class=\"precio-alojamiento\">Aus <span class=\"precio\">205.00\u20ac<\/span> pro Nacht<\/p>\n\t\t\t\t\t\t\t<\/div>\n\t\t\t\t\t\t<\/div>\n\t\t\t\t\t<\/a> \n\t\t\t\t\t\t\t\t<\/div>\n\t\t\t<\/div>\n\t\t\t\t\t\t<\/div>\n\t\t\t\t<\/div>\n\t\t\t\t\t<\/div>\n\t\t\t\t<\/div>\n\t\t\t\t<\/div>\n\t\t","protected":false},"excerpt":{"rendered":"<p>Wenn Sie noch nicht im Paradies der Buchten waren, wissen wir wirklich nicht, worauf Sie noch warten. Die Costa Blanca ist der ideale Ort, um diese versteckten Buchten mit kristallklarem Wasser und mediterranen Landschaften zu finden, in die sich jeder verlieben kann. Von Oliva bis D\u00e9nia, \u00fcber Moraira, J\u00e1vea und Benissa, finden Sie magische Orte, [&hellip;]<\/p>\n","protected":false},"author":4,"featured_media":1017,"comment_status":"open","ping_status":"open","sticky":false,"template":"elementor_header_footer","format":"standard","meta":{"footnotes":""},"categories":[29],"tags":[72],"class_list":["post-1365","post","type-post","status-publish","format-standard","has-post-thumbnail","hentry","category-costa-blanca-de","tag-no-template"],"yoast_head":"<!-- This site is optimized with the Yoast SEO plugin v25.2 - https:\/\/yoast.com\/wordpress\/plugins\/seo\/ -->\n<title>Die sch\u00f6nsten Buchten an der Costa Blanca - Blog<\/title>\n<meta name=\"description\" content=\"Erkunden Sie die sch\u00f6nsten Buchten der Costa Blanca und genie\u00dfen Sie kristallklares Wasser, Klippen und geheime Orte, die perfekt zum Entspannen sind.\" \/>\n<meta name=\"robots\" content=\"index, follow, max-snippet:-1, max-image-preview:large, max-video-preview:-1\" \/>\n<link rel=\"canonical\" href=\"https:\/\/www.ontravelholidayrentals.com\/blog\/de\/buchten-costa-blanca-2\/\" \/>\n<meta property=\"og:locale\" content=\"de_DE\" \/>\n<meta property=\"og:type\" content=\"article\" \/>\n<meta property=\"og:title\" content=\"Die sch\u00f6nsten Buchten an der Costa Blanca - Blog\" \/>\n<meta property=\"og:description\" content=\"Erkunden Sie die sch\u00f6nsten Buchten der Costa Blanca und genie\u00dfen Sie kristallklares Wasser, Klippen und geheime Orte, die perfekt zum Entspannen sind.\" \/>\n<meta property=\"og:url\" content=\"https:\/\/www.ontravelholidayrentals.com\/blog\/de\/buchten-costa-blanca-2\/\" \/>\n<meta property=\"og:site_name\" content=\"Blog\" \/>\n<meta property=\"article:published_time\" content=\"2025-07-15T07:04:01+00:00\" \/>\n<meta property=\"article:modified_time\" content=\"2025-11-26T08:08:34+00:00\" \/>\n<meta property=\"og:image\" content=\"https:\/\/www.ontravelholidayrentals.com\/blog\/wp-content\/uploads\/2025\/07\/calas-costa-blanca.jpg\" \/>\n\t<meta property=\"og:image:width\" content=\"1920\" \/>\n\t<meta property=\"og:image:height\" content=\"960\" \/>\n\t<meta property=\"og:image:type\" content=\"image\/jpeg\" \/>\n<meta name=\"author\" content=\"Axel\" \/>\n<meta name=\"twitter:card\" content=\"summary_large_image\" \/>\n<meta name=\"twitter:label1\" content=\"Verfasst von\" \/>\n\t<meta name=\"twitter:data1\" content=\"Axel\" \/>\n\t<meta name=\"twitter:label2\" content=\"Gesch\u00e4tzte Lesezeit\" \/>\n\t<meta name=\"twitter:data2\" content=\"6\u00a0Minuten\" \/>\n<script type=\"application\/ld+json\" class=\"yoast-schema-graph\">{\"@context\":\"https:\/\/schema.org\",\"@graph\":[{\"@type\":\"Article\",\"@id\":\"https:\/\/www.ontravelholidayrentals.com\/blog\/de\/buchten-costa-blanca-2\/#article\",\"isPartOf\":{\"@id\":\"https:\/\/www.ontravelholidayrentals.com\/blog\/de\/buchten-costa-blanca-2\/\"},\"author\":{\"name\":\"Axel\",\"@id\":\"https:\/\/www.ontravelholidayrentals.com\/blog\/de\/#\/schema\/person\/907601cb91b08af60b0fec9e629a4883\"},\"headline\":\"Entdecken Sie die sch\u00f6nsten Buchten an der Costa Blanca und besuchen Sie diesen Sommer Ihre Lieblingsbucht\",\"datePublished\":\"2025-07-15T07:04:01+00:00\",\"dateModified\":\"2025-11-26T08:08:34+00:00\",\"mainEntityOfPage\":{\"@id\":\"https:\/\/www.ontravelholidayrentals.com\/blog\/de\/buchten-costa-blanca-2\/\"},\"wordCount\":1173,\"commentCount\":0,\"publisher\":{\"@id\":\"https:\/\/www.ontravelholidayrentals.com\/blog\/de\/#organization\"},\"image\":{\"@id\":\"https:\/\/www.ontravelholidayrentals.com\/blog\/de\/buchten-costa-blanca-2\/#primaryimage\"},\"thumbnailUrl\":\"https:\/\/www.ontravelholidayrentals.com\/blog\/wp-content\/uploads\/2025\/07\/calas-costa-blanca.jpg\",\"keywords\":[\"no template\"],\"articleSection\":[\"Costa Blanca\"],\"inLanguage\":\"de\",\"potentialAction\":[{\"@type\":\"CommentAction\",\"name\":\"Comment\",\"target\":[\"https:\/\/www.ontravelholidayrentals.com\/blog\/de\/buchten-costa-blanca-2\/#respond\"]}]},{\"@type\":\"WebPage\",\"@id\":\"https:\/\/www.ontravelholidayrentals.com\/blog\/de\/buchten-costa-blanca-2\/\",\"url\":\"https:\/\/www.ontravelholidayrentals.com\/blog\/de\/buchten-costa-blanca-2\/\",\"name\":\"Die sch\u00f6nsten Buchten an der Costa Blanca - Blog\",\"isPartOf\":{\"@id\":\"https:\/\/www.ontravelholidayrentals.com\/blog\/de\/#website\"},\"primaryImageOfPage\":{\"@id\":\"https:\/\/www.ontravelholidayrentals.com\/blog\/de\/buchten-costa-blanca-2\/#primaryimage\"},\"image\":{\"@id\":\"https:\/\/www.ontravelholidayrentals.com\/blog\/de\/buchten-costa-blanca-2\/#primaryimage\"},\"thumbnailUrl\":\"https:\/\/www.ontravelholidayrentals.com\/blog\/wp-content\/uploads\/2025\/07\/calas-costa-blanca.jpg\",\"datePublished\":\"2025-07-15T07:04:01+00:00\",\"dateModified\":\"2025-11-26T08:08:34+00:00\",\"description\":\"Erkunden Sie die sch\u00f6nsten Buchten der Costa Blanca und genie\u00dfen Sie kristallklares Wasser, Klippen und geheime Orte, die perfekt zum Entspannen sind.\",\"breadcrumb\":{\"@id\":\"https:\/\/www.ontravelholidayrentals.com\/blog\/de\/buchten-costa-blanca-2\/#breadcrumb\"},\"inLanguage\":\"de\",\"potentialAction\":[{\"@type\":\"ReadAction\",\"target\":[\"https:\/\/www.ontravelholidayrentals.com\/blog\/de\/buchten-costa-blanca-2\/\"]}]},{\"@type\":\"ImageObject\",\"inLanguage\":\"de\",\"@id\":\"https:\/\/www.ontravelholidayrentals.com\/blog\/de\/buchten-costa-blanca-2\/#primaryimage\",\"url\":\"https:\/\/www.ontravelholidayrentals.com\/blog\/wp-content\/uploads\/2025\/07\/calas-costa-blanca.jpg\",\"contentUrl\":\"https:\/\/www.ontravelholidayrentals.com\/blog\/wp-content\/uploads\/2025\/07\/calas-costa-blanca.jpg\",\"width\":1920,\"height\":960,\"caption\":\"calas costa blanca\"},{\"@type\":\"BreadcrumbList\",\"@id\":\"https:\/\/www.ontravelholidayrentals.com\/blog\/de\/buchten-costa-blanca-2\/#breadcrumb\",\"itemListElement\":[{\"@type\":\"ListItem\",\"position\":1,\"name\":\"Portada\",\"item\":\"https:\/\/www.ontravelholidayrentals.com\/blog\/de\/\"},{\"@type\":\"ListItem\",\"position\":2,\"name\":\"Entdecken Sie die sch\u00f6nsten Buchten an der Costa Blanca und besuchen Sie diesen Sommer Ihre Lieblingsbucht\"}]},{\"@type\":\"WebSite\",\"@id\":\"https:\/\/www.ontravelholidayrentals.com\/blog\/de\/#website\",\"url\":\"https:\/\/www.ontravelholidayrentals.com\/blog\/de\/\",\"name\":\"Blog\",\"description\":\"Ontravelholidayrentals\",\"publisher\":{\"@id\":\"https:\/\/www.ontravelholidayrentals.com\/blog\/de\/#organization\"},\"potentialAction\":[{\"@type\":\"SearchAction\",\"target\":{\"@type\":\"EntryPoint\",\"urlTemplate\":\"https:\/\/www.ontravelholidayrentals.com\/blog\/de\/?s={search_term_string}\"},\"query-input\":{\"@type\":\"PropertyValueSpecification\",\"valueRequired\":true,\"valueName\":\"search_term_string\"}}],\"inLanguage\":\"de\"},{\"@type\":\"Organization\",\"@id\":\"https:\/\/www.ontravelholidayrentals.com\/blog\/de\/#organization\",\"name\":\"Blog\",\"url\":\"https:\/\/www.ontravelholidayrentals.com\/blog\/de\/\",\"logo\":{\"@type\":\"ImageObject\",\"inLanguage\":\"de\",\"@id\":\"https:\/\/www.ontravelholidayrentals.com\/blog\/de\/#\/schema\/logo\/image\/\",\"url\":\"https:\/\/www.ontravelholidayrentals.com\/blog\/wp-content\/uploads\/2025\/02\/logo-oliva-nova.webp\",\"contentUrl\":\"https:\/\/www.ontravelholidayrentals.com\/blog\/wp-content\/uploads\/2025\/02\/logo-oliva-nova.webp\",\"width\":2454,\"height\":875,\"caption\":\"Blog\"},\"image\":{\"@id\":\"https:\/\/www.ontravelholidayrentals.com\/blog\/de\/#\/schema\/logo\/image\/\"}},{\"@type\":\"Person\",\"@id\":\"https:\/\/www.ontravelholidayrentals.com\/blog\/de\/#\/schema\/person\/907601cb91b08af60b0fec9e629a4883\",\"name\":\"Axel\",\"image\":{\"@type\":\"ImageObject\",\"inLanguage\":\"de\",\"@id\":\"https:\/\/www.ontravelholidayrentals.com\/blog\/de\/#\/schema\/person\/image\/\",\"url\":\"https:\/\/secure.gravatar.com\/avatar\/3bd706736e5b70f21f05f6c2d5cad746767782a4ba4b7df399c5969e2a9318fd?s=96&d=mm&r=g\",\"contentUrl\":\"https:\/\/secure.gravatar.com\/avatar\/3bd706736e5b70f21f05f6c2d5cad746767782a4ba4b7df399c5969e2a9318fd?s=96&d=mm&r=g\",\"caption\":\"Axel\"},\"url\":\"https:\/\/www.ontravelholidayrentals.com\/blog\/de\/author\/axel\/\"}]}<\/script>\n<!-- \/ Yoast SEO plugin. -->","yoast_head_json":{"title":"Die sch\u00f6nsten Buchten an der Costa Blanca - Blog","description":"Erkunden Sie die sch\u00f6nsten Buchten der Costa Blanca und genie\u00dfen Sie kristallklares Wasser, Klippen und geheime Orte, die perfekt zum Entspannen sind.","robots":{"index":"index","follow":"follow","max-snippet":"max-snippet:-1","max-image-preview":"max-image-preview:large","max-video-preview":"max-video-preview:-1"},"canonical":"https:\/\/www.ontravelholidayrentals.com\/blog\/de\/buchten-costa-blanca-2\/","og_locale":"de_DE","og_type":"article","og_title":"Die sch\u00f6nsten Buchten an der Costa Blanca - Blog","og_description":"Erkunden Sie die sch\u00f6nsten Buchten der Costa Blanca und genie\u00dfen Sie kristallklares Wasser, Klippen und geheime Orte, die perfekt zum Entspannen sind.","og_url":"https:\/\/www.ontravelholidayrentals.com\/blog\/de\/buchten-costa-blanca-2\/","og_site_name":"Blog","article_published_time":"2025-07-15T07:04:01+00:00","article_modified_time":"2025-11-26T08:08:34+00:00","og_image":[{"width":1920,"height":960,"url":"https:\/\/www.ontravelholidayrentals.com\/blog\/wp-content\/uploads\/2025\/07\/calas-costa-blanca.jpg","type":"image\/jpeg"}],"author":"Axel","twitter_card":"summary_large_image","twitter_misc":{"Verfasst von":"Axel","Gesch\u00e4tzte Lesezeit":"6\u00a0Minuten"},"schema":{"@context":"https:\/\/schema.org","@graph":[{"@type":"Article","@id":"https:\/\/www.ontravelholidayrentals.com\/blog\/de\/buchten-costa-blanca-2\/#article","isPartOf":{"@id":"https:\/\/www.ontravelholidayrentals.com\/blog\/de\/buchten-costa-blanca-2\/"},"author":{"name":"Axel","@id":"https:\/\/www.ontravelholidayrentals.com\/blog\/de\/#\/schema\/person\/907601cb91b08af60b0fec9e629a4883"},"headline":"Entdecken Sie die sch\u00f6nsten Buchten an der Costa Blanca und besuchen Sie diesen Sommer Ihre Lieblingsbucht","datePublished":"2025-07-15T07:04:01+00:00","dateModified":"2025-11-26T08:08:34+00:00","mainEntityOfPage":{"@id":"https:\/\/www.ontravelholidayrentals.com\/blog\/de\/buchten-costa-blanca-2\/"},"wordCount":1173,"commentCount":0,"publisher":{"@id":"https:\/\/www.ontravelholidayrentals.com\/blog\/de\/#organization"},"image":{"@id":"https:\/\/www.ontravelholidayrentals.com\/blog\/de\/buchten-costa-blanca-2\/#primaryimage"},"thumbnailUrl":"https:\/\/www.ontravelholidayrentals.com\/blog\/wp-content\/uploads\/2025\/07\/calas-costa-blanca.jpg","keywords":["no template"],"articleSection":["Costa Blanca"],"inLanguage":"de","potentialAction":[{"@type":"CommentAction","name":"Comment","target":["https:\/\/www.ontravelholidayrentals.com\/blog\/de\/buchten-costa-blanca-2\/#respond"]}]},{"@type":"WebPage","@id":"https:\/\/www.ontravelholidayrentals.com\/blog\/de\/buchten-costa-blanca-2\/","url":"https:\/\/www.ontravelholidayrentals.com\/blog\/de\/buchten-costa-blanca-2\/","name":"Die sch\u00f6nsten Buchten an der Costa Blanca - Blog","isPartOf":{"@id":"https:\/\/www.ontravelholidayrentals.com\/blog\/de\/#website"},"primaryImageOfPage":{"@id":"https:\/\/www.ontravelholidayrentals.com\/blog\/de\/buchten-costa-blanca-2\/#primaryimage"},"image":{"@id":"https:\/\/www.ontravelholidayrentals.com\/blog\/de\/buchten-costa-blanca-2\/#primaryimage"},"thumbnailUrl":"https:\/\/www.ontravelholidayrentals.com\/blog\/wp-content\/uploads\/2025\/07\/calas-costa-blanca.jpg","datePublished":"2025-07-15T07:04:01+00:00","dateModified":"2025-11-26T08:08:34+00:00","description":"Erkunden Sie die sch\u00f6nsten Buchten der Costa Blanca und genie\u00dfen Sie kristallklares Wasser, Klippen und geheime Orte, die perfekt zum Entspannen sind.","breadcrumb":{"@id":"https:\/\/www.ontravelholidayrentals.com\/blog\/de\/buchten-costa-blanca-2\/#breadcrumb"},"inLanguage":"de","potentialAction":[{"@type":"ReadAction","target":["https:\/\/www.ontravelholidayrentals.com\/blog\/de\/buchten-costa-blanca-2\/"]}]},{"@type":"ImageObject","inLanguage":"de","@id":"https:\/\/www.ontravelholidayrentals.com\/blog\/de\/buchten-costa-blanca-2\/#primaryimage","url":"https:\/\/www.ontravelholidayrentals.com\/blog\/wp-content\/uploads\/2025\/07\/calas-costa-blanca.jpg","contentUrl":"https:\/\/www.ontravelholidayrentals.com\/blog\/wp-content\/uploads\/2025\/07\/calas-costa-blanca.jpg","width":1920,"height":960,"caption":"calas costa blanca"},{"@type":"BreadcrumbList","@id":"https:\/\/www.ontravelholidayrentals.com\/blog\/de\/buchten-costa-blanca-2\/#breadcrumb","itemListElement":[{"@type":"ListItem","position":1,"name":"Portada","item":"https:\/\/www.ontravelholidayrentals.com\/blog\/de\/"},{"@type":"ListItem","position":2,"name":"Entdecken Sie die sch\u00f6nsten Buchten an der Costa Blanca und besuchen Sie diesen Sommer Ihre Lieblingsbucht"}]},{"@type":"WebSite","@id":"https:\/\/www.ontravelholidayrentals.com\/blog\/de\/#website","url":"https:\/\/www.ontravelholidayrentals.com\/blog\/de\/","name":"Blog","description":"Ontravelholidayrentals","publisher":{"@id":"https:\/\/www.ontravelholidayrentals.com\/blog\/de\/#organization"},"potentialAction":[{"@type":"SearchAction","target":{"@type":"EntryPoint","urlTemplate":"https:\/\/www.ontravelholidayrentals.com\/blog\/de\/?s={search_term_string}"},"query-input":{"@type":"PropertyValueSpecification","valueRequired":true,"valueName":"search_term_string"}}],"inLanguage":"de"},{"@type":"Organization","@id":"https:\/\/www.ontravelholidayrentals.com\/blog\/de\/#organization","name":"Blog","url":"https:\/\/www.ontravelholidayrentals.com\/blog\/de\/","logo":{"@type":"ImageObject","inLanguage":"de","@id":"https:\/\/www.ontravelholidayrentals.com\/blog\/de\/#\/schema\/logo\/image\/","url":"https:\/\/www.ontravelholidayrentals.com\/blog\/wp-content\/uploads\/2025\/02\/logo-oliva-nova.webp","contentUrl":"https:\/\/www.ontravelholidayrentals.com\/blog\/wp-content\/uploads\/2025\/02\/logo-oliva-nova.webp","width":2454,"height":875,"caption":"Blog"},"image":{"@id":"https:\/\/www.ontravelholidayrentals.com\/blog\/de\/#\/schema\/logo\/image\/"}},{"@type":"Person","@id":"https:\/\/www.ontravelholidayrentals.com\/blog\/de\/#\/schema\/person\/907601cb91b08af60b0fec9e629a4883","name":"Axel","image":{"@type":"ImageObject","inLanguage":"de","@id":"https:\/\/www.ontravelholidayrentals.com\/blog\/de\/#\/schema\/person\/image\/","url":"https:\/\/secure.gravatar.com\/avatar\/3bd706736e5b70f21f05f6c2d5cad746767782a4ba4b7df399c5969e2a9318fd?s=96&d=mm&r=g","contentUrl":"https:\/\/secure.gravatar.com\/avatar\/3bd706736e5b70f21f05f6c2d5cad746767782a4ba4b7df399c5969e2a9318fd?s=96&d=mm&r=g","caption":"Axel"},"url":"https:\/\/www.ontravelholidayrentals.com\/blog\/de\/author\/axel\/"}]}},"_links":{"self":[{"href":"https:\/\/www.ontravelholidayrentals.com\/blog\/de\/wp-json\/wp\/v2\/posts\/1365","targetHints":{"allow":["GET"]}}],"collection":[{"href":"https:\/\/www.ontravelholidayrentals.com\/blog\/de\/wp-json\/wp\/v2\/posts"}],"about":[{"href":"https:\/\/www.ontravelholidayrentals.com\/blog\/de\/wp-json\/wp\/v2\/types\/post"}],"author":[{"embeddable":true,"href":"https:\/\/www.ontravelholidayrentals.com\/blog\/de\/wp-json\/wp\/v2\/users\/4"}],"replies":[{"embeddable":true,"href":"https:\/\/www.ontravelholidayrentals.com\/blog\/de\/wp-json\/wp\/v2\/comments?post=1365"}],"version-history":[{"count":1,"href":"https:\/\/www.ontravelholidayrentals.com\/blog\/de\/wp-json\/wp\/v2\/posts\/1365\/revisions"}],"predecessor-version":[{"id":1366,"href":"https:\/\/www.ontravelholidayrentals.com\/blog\/de\/wp-json\/wp\/v2\/posts\/1365\/revisions\/1366"}],"wp:featuredmedia":[{"embeddable":true,"href":"https:\/\/www.ontravelholidayrentals.com\/blog\/de\/wp-json\/wp\/v2\/media\/1017"}],"wp:attachment":[{"href":"https:\/\/www.ontravelholidayrentals.com\/blog\/de\/wp-json\/wp\/v2\/media?parent=1365"}],"wp:term":[{"taxonomy":"category","embeddable":true,"href":"https:\/\/www.ontravelholidayrentals.com\/blog\/de\/wp-json\/wp\/v2\/categories?post=1365"},{"taxonomy":"post_tag","embeddable":true,"href":"https:\/\/www.ontravelholidayrentals.com\/blog\/de\/wp-json\/wp\/v2\/tags?post=1365"}],"curies":[{"name":"wp","href":"https:\/\/api.w.org\/{rel}","templated":true}]}}