{"id":1363,"date":"2025-11-13T14:15:11","date_gmt":"2025-11-13T14:15:11","guid":{"rendered":"https:\/\/www.ontravelholidayrentals.com\/blog\/?p=1363"},"modified":"2025-11-26T08:02:29","modified_gmt":"2025-11-26T08:02:29","slug":"castell-granadella","status":"publish","type":"post","link":"https:\/\/www.ontravelholidayrentals.com\/blog\/de\/castell-granadella\/","title":{"rendered":"Castell de la Granadella: Geschichte, Aussicht und Meer an einem Ort"},"content":{"rendered":"\t\t<div data-elementor-type=\"wp-post\" data-elementor-id=\"1363\" class=\"elementor elementor-1363 elementor-1286\" data-elementor-post-type=\"post\">\n\t\t\t\t<div class=\"elementor-element elementor-element-3fff7b32 e-flex e-con-boxed e-con e-parent\" data-id=\"3fff7b32\" data-element_type=\"container\" data-e-type=\"container\" data-settings=\"{&quot;background_background&quot;:&quot;classic&quot;}\">\n\t\t\t\t\t<div class=\"e-con-inner\">\n\t\t\t\t<div class=\"elementor-element elementor-element-1f29cabe elementor-widget elementor-widget-heading\" data-id=\"1f29cabe\" data-element_type=\"widget\" data-e-type=\"widget\" data-widget_type=\"heading.default\">\n\t\t\t\t<div class=\"elementor-widget-container\">\n\t\t\t\t\t<h1 class=\"elementor-heading-title elementor-size-default\">Castell de la Granadella: Geschichte, Aussicht und Meer an einem Ort<\/h1>\t\t\t\t<\/div>\n\t\t\t\t<\/div>\n\t\t\t\t\t<\/div>\n\t\t\t\t<\/div>\n\t\t<div class=\"elementor-element elementor-element-524634ff e-flex e-con-boxed e-con e-parent\" data-id=\"524634ff\" data-element_type=\"container\" data-e-type=\"container\">\n\t\t\t\t\t<div class=\"e-con-inner\">\n\t\t\t\t<div class=\"elementor-element elementor-element-4d421a37 elementor-widget elementor-widget-text-editor\" data-id=\"4d421a37\" data-element_type=\"widget\" data-e-type=\"widget\" data-widget_type=\"text-editor.default\">\n\t\t\t\t<div class=\"elementor-widget-container\">\n\t\t\t\t\t\t\t\t\t<p><b>Stellen Sie sich einen Ort vor, an dem die Wellen gegen die Klippen schlagen<\/b><span style=\"font-weight: 400;\">, die Luft nach Rosmarin und Salz riecht und auf der Spitze der K\u00fcste ein W\u00e4chter aus Stein steht. Das ist das  <\/span><b>Castell de la Granadella<\/b><span style=\"font-weight: 400;\">, ein Winkel von X\u00e0bia, der alles hat: Geschichte, spektakul\u00e4re Aussichten und eine nat\u00fcrliche Umgebung, die dazu einl\u00e4dt, sich zu verirren, ohne auf die Uhr zu schauen.<\/span><\/p><p><span style=\"font-weight: 400;\">Es ist nicht nur ein Besuch, es ist eine Erfahrung, die<\/span><b> das wildeste Mittelmeer mit der Ruhe verbindet<\/b> <span style=\"font-weight: 400;\">die man nur an Orten findet, die au\u00dferhalb der Zeit zu liegen scheinen. Entdecken Sie es mit uns! <\/span><\/p>\t\t\t\t\t\t\t\t<\/div>\n\t\t\t\t<\/div>\n\t\t\t\t\t<\/div>\n\t\t\t\t<\/div>\n\t\t<div class=\"elementor-element elementor-element-9f40aa1 e-flex e-con-boxed e-con e-parent\" data-id=\"9f40aa1\" data-element_type=\"container\" data-e-type=\"container\">\n\t\t\t\t\t<div class=\"e-con-inner\">\n\t\t\t\t<div class=\"elementor-element elementor-element-67493a2c elementor-widget elementor-widget-table-of-contents\" data-id=\"67493a2c\" data-element_type=\"widget\" data-e-type=\"widget\" data-settings=\"{&quot;headings_by_tags&quot;:[&quot;h2&quot;,&quot;h3&quot;],&quot;exclude_headings_by_selector&quot;:[],&quot;marker_view&quot;:&quot;bullets&quot;,&quot;icon&quot;:{&quot;value&quot;:&quot;&quot;,&quot;library&quot;:&quot;&quot;},&quot;no_headings_message&quot;:&quot;No headings were found on this page.&quot;,&quot;hierarchical_view&quot;:&quot;yes&quot;,&quot;min_height&quot;:{&quot;unit&quot;:&quot;px&quot;,&quot;size&quot;:&quot;&quot;,&quot;sizes&quot;:[]},&quot;min_height_tablet&quot;:{&quot;unit&quot;:&quot;px&quot;,&quot;size&quot;:&quot;&quot;,&quot;sizes&quot;:[]},&quot;min_height_mobile&quot;:{&quot;unit&quot;:&quot;px&quot;,&quot;size&quot;:&quot;&quot;,&quot;sizes&quot;:[]}}\" data-widget_type=\"table-of-contents.default\">\n\t\t\t\t<div class=\"elementor-widget-container\">\n\t\t\t\t\t\t\t\t\t<div class=\"elementor-toc__header\">\n\t\t\t\t\t\t<div class=\"elementor-toc__header-title\">\n\t\t\t\tInhaltsverzeichnis\t\t\t<\/div>\n\t\t\t\t\t\t\t\t<\/div>\n\t\t\t\t<div id=\"elementor-toc__67493a2c\" class=\"elementor-toc__body\">\n\t\t\t<div class=\"elementor-toc__spinner-container\">\n\t\t\t\t<svg class=\"elementor-toc__spinner eicon-animation-spin e-font-icon-svg e-eicon-loading\" aria-hidden=\"true\" viewBox=\"0 0 1000 1000\" xmlns=\"http:\/\/www.w3.org\/2000\/svg\"><path d=\"M500 975V858C696 858 858 696 858 500S696 142 500 142 142 304 142 500H25C25 237 238 25 500 25S975 237 975 500 763 975 500 975Z\"><\/path><\/svg>\t\t\t<\/div>\n\t\t<\/div>\n\t\t\t\t\t\t<\/div>\n\t\t\t\t<\/div>\n\t\t\t\t\t<\/div>\n\t\t\t\t<\/div>\n\t\t<div class=\"elementor-element elementor-element-60ef7573 e-flex e-con-boxed e-con e-parent\" data-id=\"60ef7573\" data-element_type=\"container\" data-e-type=\"container\">\n\t\t\t\t\t<div class=\"e-con-inner\">\n\t\t\t\t<div class=\"elementor-element elementor-element-5380cf84 elementor-widget elementor-widget-heading\" data-id=\"5380cf84\" data-element_type=\"widget\" data-e-type=\"widget\" data-widget_type=\"heading.default\">\n\t\t\t\t<div class=\"elementor-widget-container\">\n\t\t\t\t\t<h2 class=\"elementor-heading-title elementor-size-default\">Geschichte und Architektur, die von Jahrhunderten der K\u00fcstenverteidigung erz\u00e4hlen\n<\/h2>\t\t\t\t<\/div>\n\t\t\t\t<\/div>\n\t\t\t\t\t<\/div>\n\t\t\t\t<\/div>\n\t\t<div class=\"elementor-element elementor-element-7051732 e-flex e-con-boxed e-con e-parent\" data-id=\"7051732\" data-element_type=\"container\" data-e-type=\"container\">\n\t\t\t\t\t<div class=\"e-con-inner\">\n\t\t<div class=\"elementor-element elementor-element-438f41b e-con-full e-flex e-con e-child\" data-id=\"438f41b\" data-element_type=\"container\" data-e-type=\"container\">\n\t\t\t\t<div class=\"elementor-element elementor-element-1e151a4a elementor-widget elementor-widget-text-editor\" data-id=\"1e151a4a\" data-element_type=\"widget\" data-e-type=\"widget\" data-widget_type=\"text-editor.default\">\n\t\t\t\t<div class=\"elementor-widget-container\">\n\t\t\t\t\t\t\t\t\t<p><span style=\"font-weight: 400;\">Das<\/span><b>Castell de la Granadella<\/b><span style=\"font-weight: 400;\"> ist keine M\u00e4rchenburg mit T\u00fcrmen, Verliesen oder Prinzessinnen. Es ist eine bescheidene Festung aus dem  <\/span><b>18. Jahrhundert<\/b><span style=\"font-weight: 400;\">, erbaut, um<\/span><b>die K\u00fcste vor den Angriffen von Piraten und Korsaren zu sch\u00fctzen<\/b><span style=\"font-weight: 400;\">, die im Mittelmeer umherzogen.<\/span><\/p><p><span style=\"font-weight: 400;\">Erbaut aus lokalem rohem Stein, bewahrt es einen<\/span><b>trapezf\u00f6rmigen Grundriss und zwei halbrunde T\u00fcrme<\/b><span style=\"font-weight: 400;\"> , die seinen Eingang flankierten. Obwohl die Zeit und der Wind ihre Spuren hinterlassen haben, ist es immer noch ein fester Zeuge dieser Epoche. <\/span><\/p><p><span style=\"font-weight: 400;\">Jeder Stein hat eine Geschichte und jeder Riss erinnert an eine Schlacht. Heute lebt diese Vergangenheit mit Wanderern und Neugierigen zusammen, die auf der Suche nach  <\/span><b>dem perfekten Panoramablick oder einem Foto sind, das die Essenz des Ortes einf\u00e4ngt<\/b><span style=\"font-weight: 400;\">. Und wenn Sie sich von Ihrer Fantasie mitrei\u00dfen lassen, k\u00f6nnen Sie immer noch das Echo des Meeres h\u00f6ren, vermischt mit dem Klang der alten Wachen, die diese K\u00fcste verteidigten.<\/span><\/p>\t\t\t\t\t\t\t\t<\/div>\n\t\t\t\t<\/div>\n\t\t\t\t<\/div>\n\t\t<div class=\"elementor-element elementor-element-520526c e-con-full e-flex e-con e-child\" data-id=\"520526c\" data-element_type=\"container\" data-e-type=\"container\">\n\t\t\t\t<div class=\"elementor-element elementor-element-25311e1 elementor-widget elementor-widget-google_maps\" data-id=\"25311e1\" data-element_type=\"widget\" data-e-type=\"widget\" data-widget_type=\"google_maps.default\">\n\t\t\t\t<div class=\"elementor-widget-container\">\n\t\t\t\t\t\t\t<div class=\"elementor-custom-embed\">\n\t\t\t<iframe loading=\"lazy\"\n\t\t\t\t\tsrc=\"https:\/\/maps.google.com\/maps?q=castell%20granadella%20xabia&#038;t=m&#038;z=10&#038;output=embed&#038;iwloc=near\"\n\t\t\t\t\ttitle=\"castell granadella xabia\"\n\t\t\t\t\taria-label=\"castell granadella xabia\"\n\t\t\t><\/iframe>\n\t\t<\/div>\n\t\t\t\t\t\t<\/div>\n\t\t\t\t<\/div>\n\t\t\t\t<\/div>\n\t\t\t\t\t<\/div>\n\t\t\t\t<\/div>\n\t\t<div class=\"elementor-element elementor-element-5f396b3 e-flex e-con-boxed e-con e-parent\" data-id=\"5f396b3\" data-element_type=\"container\" data-e-type=\"container\">\n\t\t\t\t\t<div class=\"e-con-inner\">\n\t\t\t\t<div class=\"elementor-element elementor-element-ac6497e elementor-widget elementor-widget-heading\" data-id=\"ac6497e\" data-element_type=\"widget\" data-e-type=\"widget\" data-widget_type=\"heading.default\">\n\t\t\t\t<div class=\"elementor-widget-container\">\n\t\t\t\t\t<h2 class=\"elementor-heading-title elementor-size-default\">Aussichtspunkte und Wanderwege mit einzigartigen Panoramen\n<\/h2>\t\t\t\t<\/div>\n\t\t\t\t<\/div>\n\t\t\t\t<div class=\"elementor-element elementor-element-bb836a9 elementor-widget elementor-widget-text-editor\" data-id=\"bb836a9\" data-element_type=\"widget\" data-e-type=\"widget\" data-widget_type=\"text-editor.default\">\n\t\t\t\t<div class=\"elementor-widget-container\">\n\t\t\t\t\t\t\t\t\t<p><span style=\"font-weight: 400;\">Zum<\/span><b>Aussichtspunkt des Castell de la Granadella<\/b><span style=\"font-weight: 400;\">zu gelangen, ist eine Erfahrung, die<\/span><b>Abenteuer, Landschaft und visuelle Belohnung verbindet<\/b><span style=\"font-weight: 400;\">. Die Route ist nicht lang, aber die H\u00e4nge werden Sie daran erinnern, dass man sich den endg\u00fcltigen Ausblick verdienen muss.<\/span><\/p><p><span style=\"font-weight: 400;\">Der Weg schl\u00e4ngelt sich zwischen Kiefern, Rosmarin und wilden Schwertlilien hindurch, w\u00e4hrend das Meer zwischen den Klippen auftaucht und verschwindet.<\/span><\/p><p><span style=\"font-weight: 400;\">Wenn man oben ankommt, verfl\u00fcchtigt sich die Anstrengung:<\/span><b>ein riesiger blauer Teppich verschmilzt mit dem Himmel<\/b><span style=\"font-weight: 400;\">, und die Cala de la Granadella leuchtet im Hintergrund wie ein Juwel. Es ist der Moment, innezuhalten, tief durchzuatmen und zu verstehen, warum so viele Menschen den Besuch wiederholen. <\/span><\/p><p><span style=\"font-weight: 400;\">Wenn Sie gerne zielgerichtet wandern, ist die<\/span><b>Rundwanderung des Castell de la Granadella<\/b><span style=\"font-weight: 400;\"> verbindet Geschichte und Natur zu gleichen Teilen. Jede Kurve, jeder Stein des Weges scheint platziert zu sein, um Ihnen eine neue Postkarte vom Mittelmeer zu schenken. <\/span><\/p>\t\t\t\t\t\t\t\t<\/div>\n\t\t\t\t<\/div>\n\t\t\t\t<div class=\"elementor-element elementor-element-f2420f3 elementor-widget elementor-widget-image\" data-id=\"f2420f3\" data-element_type=\"widget\" data-e-type=\"widget\" data-widget_type=\"image.default\">\n\t\t\t\t<div class=\"elementor-widget-container\">\n\t\t\t\t\t\t\t\t\t\t\t\t\t\t\t<img decoding=\"async\" src=\"https:\/\/www.ontravelholidayrentals.com\/blog\/wp-content\/uploads\/elementor\/thumbs\/castillo-de-la-granadella-javea-rendudzgrdli9bqlchtgymfipyoesz1by53b255awg.webp\" title=\"castillo-de-la-granadella-javea\" alt=\"castillo-de-la-granadella-javea\" loading=\"lazy\" \/>\t\t\t\t\t\t\t\t\t\t\t\t\t\t\t<\/div>\n\t\t\t\t<\/div>\n\t\t\t\t\t<\/div>\n\t\t\t\t<\/div>\n\t\t<div class=\"elementor-element elementor-element-d99e234 e-flex e-con-boxed e-con e-parent\" data-id=\"d99e234\" data-element_type=\"container\" data-e-type=\"container\">\n\t\t\t\t\t<div class=\"e-con-inner\">\n\t\t\t\t<div class=\"elementor-element elementor-element-88292b8 elementor-widget elementor-widget-heading\" data-id=\"88292b8\" data-element_type=\"widget\" data-e-type=\"widget\" data-widget_type=\"heading.default\">\n\t\t\t\t<div class=\"elementor-widget-container\">\n\t\t\t\t\t<h2 class=\"elementor-heading-title elementor-size-default\">Notieren Sie sich diese praktischen Tipps, um den Besuch ohne Zwischenf\u00e4lle zu genie\u00dfen\n<\/h2>\t\t\t\t<\/div>\n\t\t\t\t<\/div>\n\t\t\t\t<div class=\"elementor-element elementor-element-6fb9ae7 elementor-widget elementor-widget-text-editor\" data-id=\"6fb9ae7\" data-element_type=\"widget\" data-e-type=\"widget\" data-widget_type=\"text-editor.default\">\n\t\t\t\t<div class=\"elementor-widget-container\">\n\t\t\t\t\t\t\t\t\t<ul><li><span style=\"font-weight: 400;\">Um das Castell so richtig zu genie\u00dfen, tragen Sie<\/span><b>bequeme Schuhe<\/b><span style=\"font-weight: 400;\">und<\/span><b>leichte Kleidung<\/b><span style=\"font-weight: 400;\">. Das Gel\u00e4nde hat steinige Abschnitte und die Sonne, besonders im Sommer, verzeiht nichts.<\/span><\/li><li><span style=\"font-weight: 400;\">Vermeiden Sie die Mittagsstunden, nehmen Sie<\/span><b>gen\u00fcgend Wasser und Sonnenschutzmittel mit<\/b><span style=\"font-weight: 400;\">. Hier scheint das Mittelmeer nicht nur, sondern w\u00e4rmt auch kr\u00e4ftig.<\/span><\/li><li><span style=\"font-weight: 400;\">Und bitte,<\/span><b>pflegen Sie die Umwelt<\/b><span style=\"font-weight: 400;\">: Hinterlassen Sie keinen M\u00fcll und ver\u00e4ndern Sie nicht die Steine. Jeder Besucher z\u00e4hlt, damit dieser Ort weiterhin der Schatz bleibt, der er ist. <\/span><\/li><li><span style=\"font-weight: 400;\">Ein guter Trick ist es, fr\u00fch zu gehen. Neben der Vermeidung der Hitze genie\u00dfen Sie ein  <\/span><b>magisches Licht<\/b><span style=\"font-weight: 400;\">, das jede Ecke in eine Postkarte verwandelt.<\/span><\/li><\/ul>\t\t\t\t\t\t\t\t<\/div>\n\t\t\t\t<\/div>\n\t\t\t\t\t<\/div>\n\t\t\t\t<\/div>\n\t\t<div class=\"elementor-element elementor-element-4db4122 e-flex e-con-boxed e-con e-parent\" data-id=\"4db4122\" data-element_type=\"container\" data-e-type=\"container\">\n\t\t\t\t\t<div class=\"e-con-inner\">\n\t\t\t\t<div class=\"elementor-element elementor-element-138cff7 elementor-widget elementor-widget-heading\" data-id=\"138cff7\" data-element_type=\"widget\" data-e-type=\"widget\" data-widget_type=\"heading.default\">\n\t\t\t\t<div class=\"elementor-widget-container\">\n\t\t\t\t\t<h2 class=\"elementor-heading-title elementor-size-default\">Nahegelegene Str\u00e4nde und Buchten, um Ihr Erlebnis zu vervollst\u00e4ndigen\n<\/h2>\t\t\t\t<\/div>\n\t\t\t\t<\/div>\n\t\t\t\t<div class=\"elementor-element elementor-element-f4e2e15 elementor-widget elementor-widget-text-editor\" data-id=\"f4e2e15\" data-element_type=\"widget\" data-e-type=\"widget\" data-widget_type=\"text-editor.default\">\n\t\t\t\t<div class=\"elementor-widget-container\">\n\t\t\t\t\t\t\t\t\t<p><span style=\"font-weight: 400;\">Nach der Wanderung verlangt der K\u00f6rper nach Wasser. Und nur wenige Minuten entfernt erwartet Sie die  <\/span><b>Cala de la Granadella<\/b><span style=\"font-weight: 400;\">, ber\u00fchmt f\u00fcr ihre t\u00fcrkisfarbene Farbe und die felsige Umgebung, die wie gemalt wirkt.<\/span><\/p><p><span style=\"font-weight: 400;\">Wenn Sie ruhigere Orte bevorzugen, ist die<\/span><b>Cala Ambolo<\/b><span style=\"font-weight: 400;\">perfekt, um sich von der Welt zu isolieren, w\u00e4hrend die<\/span><b>Cala Portitxol<\/b><span style=\"font-weight: 400;\">Ihnen mit ihren wei\u00dfen Fischerh\u00e4usern das Herz raubt.<\/span><\/p><p><span style=\"font-weight: 400;\">Der ideale Plan ist einfach:<\/span><b>Geschichte am Morgen und ein Bad am Nachmittag<\/b><span style=\"font-weight: 400;\">. Denn wenn diese Gegend etwas hat, dann ist es die F\u00e4higkeit, Sie daran zu erinnern, dass sich das Leben besser anf\u00fchlt, wenn sich Kultur und Salzwasser vermischen.<\/span><\/p>\t\t\t\t\t\t\t\t<\/div>\n\t\t\t\t<\/div>\n\t\t\t\t<div class=\"elementor-element elementor-element-ff8ca37 elementor-widget elementor-widget-image\" data-id=\"ff8ca37\" data-element_type=\"widget\" data-e-type=\"widget\" data-widget_type=\"image.default\">\n\t\t\t\t<div class=\"elementor-widget-container\">\n\t\t\t\t\t\t\t\t\t\t\t\t\t\t\t<img fetchpriority=\"high\" decoding=\"async\" width=\"1200\" height=\"600\" src=\"https:\/\/www.ontravelholidayrentals.com\/blog\/wp-content\/uploads\/2025\/11\/castell-granadella.jpg\" class=\"attachment-full size-full wp-image-1341\" alt=\"\" srcset=\"https:\/\/www.ontravelholidayrentals.com\/blog\/wp-content\/uploads\/2025\/11\/castell-granadella.jpg 1200w, https:\/\/www.ontravelholidayrentals.com\/blog\/wp-content\/uploads\/2025\/11\/castell-granadella-300x150.jpg 300w, https:\/\/www.ontravelholidayrentals.com\/blog\/wp-content\/uploads\/2025\/11\/castell-granadella-1024x512.jpg 1024w, https:\/\/www.ontravelholidayrentals.com\/blog\/wp-content\/uploads\/2025\/11\/castell-granadella-768x384.jpg 768w\" sizes=\"(max-width: 1200px) 100vw, 1200px\" \/>\t\t\t\t\t\t\t\t\t\t\t\t\t\t\t<\/div>\n\t\t\t\t<\/div>\n\t\t\t\t\t<\/div>\n\t\t\t\t<\/div>\n\t\t<div class=\"elementor-element elementor-element-0de1d6b e-flex e-con-boxed e-con e-parent\" data-id=\"0de1d6b\" data-element_type=\"container\" data-e-type=\"container\">\n\t\t\t\t\t<div class=\"e-con-inner\">\n\t\t\t\t<div class=\"elementor-element elementor-element-5d5722d elementor-widget elementor-widget-heading\" data-id=\"5d5722d\" data-element_type=\"widget\" data-e-type=\"widget\" data-widget_type=\"heading.default\">\n\t\t\t\t<div class=\"elementor-widget-container\">\n\t\t\t\t\t<h2 class=\"elementor-heading-title elementor-size-default\">Probieren Sie diese Aktivit\u00e4ten in der Umgebung aus, um einen ganzen Tag zu erleben\n<\/h2>\t\t\t\t<\/div>\n\t\t\t\t<\/div>\n\t\t\t\t<div class=\"elementor-element elementor-element-9487cf8 elementor-widget elementor-widget-text-editor\" data-id=\"9487cf8\" data-element_type=\"widget\" data-e-type=\"widget\" data-widget_type=\"text-editor.default\">\n\t\t\t\t<div class=\"elementor-widget-container\">\n\t\t\t\t\t\t\t\t\t<p><b>Es gibt ein Angebot f\u00fcr jeden Geschmack<\/b><span style=\"font-weight: 400;\">, von Abenteurern bis zu denen, die einfach nur in Ruhe genie\u00dfen wollen.<\/span><\/p>\t\t\t\t\t\t\t\t<\/div>\n\t\t\t\t<\/div>\n\t\t\t\t\t<\/div>\n\t\t\t\t<\/div>\n\t\t<div class=\"elementor-element elementor-element-e2ff336 e-flex e-con-boxed e-con e-parent\" data-id=\"e2ff336\" data-element_type=\"container\" data-e-type=\"container\">\n\t\t\t\t\t<div class=\"e-con-inner\">\n\t\t<div class=\"elementor-element elementor-element-f8a307a e-con-full e-flex e-con e-child\" data-id=\"f8a307a\" data-element_type=\"container\" data-e-type=\"container\">\n\t\t\t\t<div class=\"elementor-element elementor-element-f50d9a9 elementor-widget elementor-widget-heading\" data-id=\"f50d9a9\" data-element_type=\"widget\" data-e-type=\"widget\" data-widget_type=\"heading.default\">\n\t\t\t\t<div class=\"elementor-widget-container\">\n\t\t\t\t\t<h3 class=\"elementor-heading-title elementor-size-default\">Kajak und Paddle-Surfen\n<\/h3>\t\t\t\t<\/div>\n\t\t\t\t<\/div>\n\t\t\t\t<div class=\"elementor-element elementor-element-66f4053 elementor-widget elementor-widget-text-editor\" data-id=\"66f4053\" data-element_type=\"widget\" data-e-type=\"widget\" data-widget_type=\"text-editor.default\">\n\t\t\t\t<div class=\"elementor-widget-container\">\n\t\t\t\t\t\t\t\t\t<p><span style=\"font-weight: 400;\">Von der Cala de la Granadella aus k\u00f6nnen Sie ein Kajak oder ein Paddle-Surfbrett mieten, um<\/span><b>Meeresh\u00f6hlen, Klippen und geheime Buchten zu erkunden<\/b><span style=\"font-weight: 400;\">. Es ist eine andere Art, die K\u00fcste kennenzulernen, sich im Rhythmus des Meeres zu bewegen und nicht zu merken, dass man Sport treibt.<\/span><\/p>\t\t\t\t\t\t\t\t<\/div>\n\t\t\t\t<\/div>\n\t\t\t\t<\/div>\n\t\t<div class=\"elementor-element elementor-element-0a05322 e-con-full e-flex e-con e-child\" data-id=\"0a05322\" data-element_type=\"container\" data-e-type=\"container\">\n\t\t\t\t<div class=\"elementor-element elementor-element-b127ddb elementor-widget elementor-widget-heading\" data-id=\"b127ddb\" data-element_type=\"widget\" data-e-type=\"widget\" data-widget_type=\"heading.default\">\n\t\t\t\t<div class=\"elementor-widget-container\">\n\t\t\t\t\t<h3 class=\"elementor-heading-title elementor-size-default\">Schnorcheln oder Tauchen\n<\/h3>\t\t\t\t<\/div>\n\t\t\t\t<\/div>\n\t\t\t\t<div class=\"elementor-element elementor-element-6d8f4f6 elementor-widget elementor-widget-text-editor\" data-id=\"6d8f4f6\" data-element_type=\"widget\" data-e-type=\"widget\" data-widget_type=\"text-editor.default\">\n\t\t\t\t<div class=\"elementor-widget-container\">\n\t\t\t\t\t\t\t\t\t<p><span style=\"font-weight: 400;\">Das Wasser der Granadella ist so klar, dass es scheint, als ob das Meer gereinigt worden w\u00e4re, um Sie zu empfangen. Wenn Sie eine Taucherbrille tragen, werden Sie  <\/span><b>bunte Fische, Posidonien und felsige B\u00f6den entdecken, die wie ein nat\u00fcrliches Aquarium aussehen<\/b><span style=\"font-weight: 400;\">.<\/span><\/p>\t\t\t\t\t\t\t\t<\/div>\n\t\t\t\t<\/div>\n\t\t\t\t<\/div>\n\t\t\t\t\t<\/div>\n\t\t\t\t<\/div>\n\t\t<div class=\"elementor-element elementor-element-b564224 e-flex e-con-boxed e-con e-parent\" data-id=\"b564224\" data-element_type=\"container\" data-e-type=\"container\">\n\t\t\t\t\t<div class=\"e-con-inner\">\n\t\t<div class=\"elementor-element elementor-element-4ec98a8 e-con-full e-flex e-con e-child\" data-id=\"4ec98a8\" data-element_type=\"container\" data-e-type=\"container\">\n\t\t\t\t<div class=\"elementor-element elementor-element-81c7b94 elementor-widget elementor-widget-heading\" data-id=\"81c7b94\" data-element_type=\"widget\" data-e-type=\"widget\" data-widget_type=\"heading.default\">\n\t\t\t\t<div class=\"elementor-widget-container\">\n\t\t\t\t\t<h3 class=\"elementor-heading-title elementor-size-default\">Picknick mit Aussicht\n<\/h3>\t\t\t\t<\/div>\n\t\t\t\t<\/div>\n\t\t\t\t<div class=\"elementor-element elementor-element-37711c6 elementor-widget elementor-widget-text-editor\" data-id=\"37711c6\" data-element_type=\"widget\" data-e-type=\"widget\" data-widget_type=\"text-editor.default\">\n\t\t\t\t<div class=\"elementor-widget-container\">\n\t\t\t\t\t\t\t\t\t<p><span style=\"font-weight: 400;\">Nichts \u00fcbertrifft ein Picknick mit Meerblick. Steigen Sie mit Ihrem Rucksack, etwas Leckerem und einem kalten Getr\u00e4nk auf. Vom Aussichtspunkt des Castell aus sorgen die Stille und die Brise daf\u00fcr, dass jeder Bissen besser schmeckt. Nur eine Regel:    <\/span><b>lassen Sie den Ort so zur\u00fcck, wie Sie ihn vorgefunden haben<\/b><span style=\"font-weight: 400;\">.<\/span><\/p>\t\t\t\t\t\t\t\t<\/div>\n\t\t\t\t<\/div>\n\t\t\t\t<\/div>\n\t\t<div class=\"elementor-element elementor-element-c65b107 e-con-full e-flex e-con e-child\" data-id=\"c65b107\" data-element_type=\"container\" data-e-type=\"container\">\n\t\t\t\t<div class=\"elementor-element elementor-element-6441488 elementor-widget elementor-widget-heading\" data-id=\"6441488\" data-element_type=\"widget\" data-e-type=\"widget\" data-widget_type=\"heading.default\">\n\t\t\t\t<div class=\"elementor-widget-container\">\n\t\t\t\t\t<h3 class=\"elementor-heading-title elementor-size-default\">Fotografische Route\n<\/h3>\t\t\t\t<\/div>\n\t\t\t\t<\/div>\n\t\t\t\t<div class=\"elementor-element elementor-element-c7256d6 elementor-widget elementor-widget-text-editor\" data-id=\"c7256d6\" data-element_type=\"widget\" data-e-type=\"widget\" data-widget_type=\"text-editor.default\">\n\t\t\t\t<div class=\"elementor-widget-container\">\n\t\t\t\t\t\t\t\t\t<p><span style=\"font-weight: 400;\">Wenn Sie gerne fotografieren, bereiten Sie sich darauf vor, die Galerie zu f\u00fcllen. Zwischen dem goldenen Sonnenaufgang und den r\u00f6tlichen Sonnenunterg\u00e4ngen  <\/span><b>malt jede Stunde ein anderes Mittelmeer<\/b><span style=\"font-weight: 400;\">. Man muss kein Profi sein: Hier sehen selbst improvisierte Fotos wie aus einer Zeitschrift aus.<\/span><\/p>\t\t\t\t\t\t\t\t<\/div>\n\t\t\t\t<\/div>\n\t\t\t\t<\/div>\n\t\t\t\t\t<\/div>\n\t\t\t\t<\/div>\n\t\t<div class=\"elementor-element elementor-element-10774b6 e-flex e-con-boxed e-con e-parent\" data-id=\"10774b6\" data-element_type=\"container\" data-e-type=\"container\">\n\t\t\t\t\t<div class=\"e-con-inner\">\n\t\t\t\t<div class=\"elementor-element elementor-element-968bc6e elementor-widget elementor-widget-image\" data-id=\"968bc6e\" data-element_type=\"widget\" data-e-type=\"widget\" data-widget_type=\"image.default\">\n\t\t\t\t<div class=\"elementor-widget-container\">\n\t\t\t\t\t\t\t\t\t\t\t\t\t\t\t<img decoding=\"async\" width=\"1189\" height=\"595\" src=\"https:\/\/www.ontravelholidayrentals.com\/blog\/wp-content\/uploads\/2025\/11\/castillo-granadella.jpg\" class=\"attachment-full size-full wp-image-1345\" alt=\"\" srcset=\"https:\/\/www.ontravelholidayrentals.com\/blog\/wp-content\/uploads\/2025\/11\/castillo-granadella.jpg 1189w, https:\/\/www.ontravelholidayrentals.com\/blog\/wp-content\/uploads\/2025\/11\/castillo-granadella-300x150.jpg 300w, https:\/\/www.ontravelholidayrentals.com\/blog\/wp-content\/uploads\/2025\/11\/castillo-granadella-1024x512.jpg 1024w, https:\/\/www.ontravelholidayrentals.com\/blog\/wp-content\/uploads\/2025\/11\/castillo-granadella-768x384.jpg 768w\" sizes=\"(max-width: 1189px) 100vw, 1189px\" \/>\t\t\t\t\t\t\t\t\t\t\t\t\t\t\t<\/div>\n\t\t\t\t<\/div>\n\t\t\t\t\t<\/div>\n\t\t\t\t<\/div>\n\t\t<div class=\"elementor-element elementor-element-40050dc9 e-flex e-con-boxed e-con e-parent\" data-id=\"40050dc9\" data-element_type=\"container\" data-e-type=\"container\">\n\t\t\t\t\t<div class=\"e-con-inner\">\n\t\t\t\t<div class=\"elementor-element elementor-element-214bd42a elementor-widget elementor-widget-heading\" data-id=\"214bd42a\" data-element_type=\"widget\" data-e-type=\"widget\" data-widget_type=\"heading.default\">\n\t\t\t\t<div class=\"elementor-widget-container\">\n\t\t\t\t\t<h2 class=\"elementor-heading-title elementor-size-default\">Wagen Sie es, die Granadella mit allen f\u00fcnf Sinnen zu entdecken\n<\/h2>\t\t\t\t<\/div>\n\t\t\t\t<\/div>\n\t\t\t\t<div class=\"elementor-element elementor-element-42cbd3e0 elementor-widget elementor-widget-text-editor\" data-id=\"42cbd3e0\" data-element_type=\"widget\" data-e-type=\"widget\" data-widget_type=\"text-editor.default\">\n\t\t\t\t<div class=\"elementor-widget-container\">\n\t\t\t\t\t\t\t\t\t<p><b>Die Granadella wird nicht besucht, sie wird gelebt. <\/b><span style=\"font-weight: 400;\">Der Blick wird vom Blau des Meeres berauscht, das Ohr wird vom Rauschen des Windes und der Wellen erf\u00fcllt, der Geruchssinn nimmt das Aroma von Kiefern und Rosmarin wahr, der Tastsinn sp\u00fcrt den warmen Stein des Castell; und der Geschmackssinn ist f\u00fcr eine gute Paella beim Abstieg reserviert.<\/span><\/p><p><span style=\"font-weight: 400;\">Wenn Sie eine Reise in die Vergangenheit unternehmen m\u00f6chten, ohne die Gegenwart zu verpassen, ist es unerl\u00e4sslich, dass Sie dies mit einer guten Unterkunft tun.<\/span><b>Buchen Sie mit uns Ihr Apartment<\/b><span style=\"font-weight: 400;\">in Oliva, Moraira, J\u00e1vea, Benissa oder Denia und erleben Sie einen Top-Urlaub.<\/span> <\/p>\t\t\t\t\t\t\t\t<\/div>\n\t\t\t\t<\/div>\n\t\t\t\t\t<\/div>\n\t\t\t\t<\/div>\n\t\t<div class=\"elementor-element elementor-element-7da9e5eb e-flex e-con-boxed e-con e-parent\" data-id=\"7da9e5eb\" data-element_type=\"container\" data-e-type=\"container\">\n\t\t\t\t\t<div class=\"e-con-inner\">\n\t\t\t\t<div class=\"elementor-element elementor-element-1c16fb84 elementor-widget elementor-widget-grid\" data-id=\"1c16fb84\" data-element_type=\"widget\" data-e-type=\"widget\" data-widget_type=\"grid.default\">\n\t\t\t\t<div class=\"elementor-widget-container\">\n\t\t\t\t\t\t\t<div class=\"its--row alojamientos-recomendados\">\n\n\t\t\t<div class=\"alojamientos-recomendados-container\">\n\n\t\t\t\t\t\n\t\t\t\t\t<a href=\"https:\/\/www.ontravelholidayrentals.com\/de\/vermietung\/villa-oliva-villa-vermeer-51-460858.html\" rel=\"nofollow\" style=\"width: 23%;\">\n\t\t\t\t\t\t<div class=\"apartamento-box\">\n\t\t\t\t\t\t\t<div class=\"imagen_recomendados\">\n\t\t\t\t\t\t\t\t<img decoding=\"async\" src=\"https:\/\/crs.avantio.com\/fotos\/2\/1703084140d3f439d9b3375a13b4f0e50afb895aaa\/big1703332585741831091dd4ad756385090fb49199ea.jpg\" alt=\"Villa Colibri by ON Travel\">\n\t\t\t\t\t\t\t<\/div>\n\t\t\t\t\t\t\t<div class=\"info\">\n\t\t\t\t\t\t\t\t<div class=\"ubicacion\">\n\t\t\t\t\t\t\t\t\t<i class=\"fa-solid fa-location-dot icono-mapa\"><\/i><span class=\"ubicacion-texto\">Oliva - Valencia Provinz<\/span>\n\t\t\t\t\t\t\t\t<\/div>\n\t\t\t\t\t\t\t\t<H3 class=\"titulo-alojamiento\">\n\t\t\t\t\t\t\t\t\tVilla Colibri by ON Travel\t\t\t\t\t\t\t\t<\/H3>\n\t\t\t\t\t\t\t\t<p class=\"precio-alojamiento\">Aus <span class=\"precio\">328.00\u20ac<\/span> pro Nacht<\/p>\n\t\t\t\t\t\t\t<\/div>\n\t\t\t\t\t\t<\/div>\n\t\t\t\t\t<\/a> \n\t\t\t\t\t\t\n\t\t\t\t\t<a href=\"https:\/\/www.ontravelholidayrentals.com\/de\/vermietung\/villa-oliva-villa-vermeer-21-461268.html\" rel=\"nofollow\" style=\"width: 23%;\">\n\t\t\t\t\t\t<div class=\"apartamento-box\">\n\t\t\t\t\t\t\t<div class=\"imagen_recomendados\">\n\t\t\t\t\t\t\t\t<img decoding=\"async\" src=\"https:\/\/crs.avantio.com\/fotos\/2\/1703335589811fbc048cd27ef2e70871e03571a65f\/big17033356189dc73706c960d3ef8712f0c901543b8b.jpg\" alt=\"Villa Solana  by ON Travel\">\n\t\t\t\t\t\t\t<\/div>\n\t\t\t\t\t\t\t<div class=\"info\">\n\t\t\t\t\t\t\t\t<div class=\"ubicacion\">\n\t\t\t\t\t\t\t\t\t<i class=\"fa-solid fa-location-dot icono-mapa\"><\/i><span class=\"ubicacion-texto\">Oliva - Valencia Provinz<\/span>\n\t\t\t\t\t\t\t\t<\/div>\n\t\t\t\t\t\t\t\t<H3 class=\"titulo-alojamiento\">\n\t\t\t\t\t\t\t\t\tVilla Solana  by ON Travel\t\t\t\t\t\t\t\t<\/H3>\n\t\t\t\t\t\t\t\t<p class=\"precio-alojamiento\">Aus <span class=\"precio\">217.00\u20ac<\/span> pro Nacht<\/p>\n\t\t\t\t\t\t\t<\/div>\n\t\t\t\t\t\t<\/div>\n\t\t\t\t\t<\/a> \n\t\t\t\t\t\t\n\t\t\t\t\t<a href=\"https:\/\/www.ontravelholidayrentals.com\/de\/vermietung\/villa-oliva-villa-vermeer-25-461292.html\" rel=\"nofollow\" style=\"width: 23%;\">\n\t\t\t\t\t\t<div class=\"apartamento-box\">\n\t\t\t\t\t\t\t<div class=\"imagen_recomendados\">\n\t\t\t\t\t\t\t\t<img decoding=\"async\" src=\"https:\/\/crs.avantio.com\/fotos\/2\/1705335735591b101a10adf0c9165b293b19af3489\/big1705335762de9703dc1854540c9777fd4932b0499a.jpg\" alt=\"Greenside oasis villa by ON Travel\">\n\t\t\t\t\t\t\t<\/div>\n\t\t\t\t\t\t\t<div class=\"info\">\n\t\t\t\t\t\t\t\t<div class=\"ubicacion\">\n\t\t\t\t\t\t\t\t\t<i class=\"fa-solid fa-location-dot icono-mapa\"><\/i><span class=\"ubicacion-texto\">Oliva - Valencia Provinz<\/span>\n\t\t\t\t\t\t\t\t<\/div>\n\t\t\t\t\t\t\t\t<H3 class=\"titulo-alojamiento\">\n\t\t\t\t\t\t\t\t\tGreenside oasis villa by ON Travel\t\t\t\t\t\t\t\t<\/H3>\n\t\t\t\t\t\t\t\t<p class=\"precio-alojamiento\">Aus <span class=\"precio\">328.00\u20ac<\/span> pro Nacht<\/p>\n\t\t\t\t\t\t\t<\/div>\n\t\t\t\t\t\t<\/div>\n\t\t\t\t\t<\/a> \n\t\t\t\t\t\t\n\t\t\t\t\t<a href=\"https:\/\/www.ontravelholidayrentals.com\/de\/vermietung\/villa-oliva-villa-vermeer-43-461293.html\" rel=\"nofollow\" style=\"width: 23%;\">\n\t\t\t\t\t\t<div class=\"apartamento-box\">\n\t\t\t\t\t\t\t<div class=\"imagen_recomendados\">\n\t\t\t\t\t\t\t\t<img decoding=\"async\" src=\"https:\/\/crs.avantio.com\/fotos\/2\/17054241108ffb3352fb1b6efd3c6e1c3097debf40\/big170542451565ad5f2b0843b6346526f00ede7b3ef7.jpg\" alt=\"Villa Cisne by ON Travel\">\n\t\t\t\t\t\t\t<\/div>\n\t\t\t\t\t\t\t<div class=\"info\">\n\t\t\t\t\t\t\t\t<div class=\"ubicacion\">\n\t\t\t\t\t\t\t\t\t<i class=\"fa-solid fa-location-dot icono-mapa\"><\/i><span class=\"ubicacion-texto\">Oliva - Valencia Provinz<\/span>\n\t\t\t\t\t\t\t\t<\/div>\n\t\t\t\t\t\t\t\t<H3 class=\"titulo-alojamiento\">\n\t\t\t\t\t\t\t\t\tVilla Cisne by ON Travel\t\t\t\t\t\t\t\t<\/H3>\n\t\t\t\t\t\t\t\t<p class=\"precio-alojamiento\">Aus <span class=\"precio\">205.00\u20ac<\/span> pro Nacht<\/p>\n\t\t\t\t\t\t\t<\/div>\n\t\t\t\t\t\t<\/div>\n\t\t\t\t\t<\/a> \n\t\t\t\t\t\t\t\t<\/div>\n\t\t\t<\/div>\n\t\t\t\t\t\t<\/div>\n\t\t\t\t<\/div>\n\t\t\t\t\t<\/div>\n\t\t\t\t<\/div>\n\t\t\t\t<\/div>\n\t\t","protected":false},"excerpt":{"rendered":"<p>Stellen Sie sich einen Ort vor, an dem die Wellen gegen die Klippen schlagen, die Luft nach Rosmarin und Salz riecht und auf der Spitze der K\u00fcste ein W\u00e4chter aus Stein steht. Das ist das Castell de la Granadella, ein Winkel von X\u00e0bia, der alles hat: Geschichte, spektakul\u00e4re Aussichten und eine nat\u00fcrliche Umgebung, die dazu [&hellip;]<\/p>\n","protected":false},"author":4,"featured_media":1337,"comment_status":"open","ping_status":"open","sticky":false,"template":"elementor_header_footer","format":"standard","meta":{"footnotes":""},"categories":[25],"tags":[72],"class_list":["post-1363","post","type-post","status-publish","format-standard","has-post-thumbnail","hentry","category-moraira-de","tag-no-template"],"yoast_head":"<!-- This site is optimized with the Yoast SEO plugin v25.2 - https:\/\/yoast.com\/wordpress\/plugins\/seo\/ -->\n<title>Castell de la Granadella: Geschichte, Aussicht und Meer an einem Ort - Blog<\/title>\n<meta name=\"description\" content=\"Erkunden Sie das Castell de la Granadella und seinen Aussichtspunkt mit spektakul\u00e4rem Blick auf das Mittelmeer.\" \/>\n<meta name=\"robots\" content=\"index, follow, max-snippet:-1, max-image-preview:large, max-video-preview:-1\" \/>\n<link rel=\"canonical\" href=\"https:\/\/www.ontravelholidayrentals.com\/blog\/de\/castell-granadella\/\" \/>\n<meta property=\"og:locale\" content=\"de_DE\" \/>\n<meta property=\"og:type\" content=\"article\" \/>\n<meta property=\"og:title\" content=\"Castell de la Granadella: Geschichte, Aussicht und Meer an einem Ort - Blog\" \/>\n<meta property=\"og:description\" content=\"Erkunden Sie das Castell de la Granadella und seinen Aussichtspunkt mit spektakul\u00e4rem Blick auf das Mittelmeer.\" \/>\n<meta property=\"og:url\" content=\"https:\/\/www.ontravelholidayrentals.com\/blog\/de\/castell-granadella\/\" \/>\n<meta property=\"og:site_name\" content=\"Blog\" \/>\n<meta property=\"article:published_time\" content=\"2025-11-13T14:15:11+00:00\" \/>\n<meta property=\"article:modified_time\" content=\"2025-11-26T08:02:29+00:00\" \/>\n<meta property=\"og:image\" content=\"https:\/\/www.ontravelholidayrentals.com\/blog\/wp-content\/uploads\/2025\/11\/Castillo-de-la-Granadella-1.webp\" \/>\n\t<meta property=\"og:image:width\" content=\"1360\" \/>\n\t<meta property=\"og:image:height\" content=\"612\" \/>\n\t<meta property=\"og:image:type\" content=\"image\/webp\" \/>\n<meta name=\"author\" content=\"Axel\" \/>\n<meta name=\"twitter:card\" content=\"summary_large_image\" \/>\n<meta name=\"twitter:label1\" content=\"Verfasst von\" \/>\n\t<meta name=\"twitter:data1\" content=\"Axel\" \/>\n\t<meta name=\"twitter:label2\" content=\"Gesch\u00e4tzte Lesezeit\" \/>\n\t<meta name=\"twitter:data2\" content=\"5\u00a0Minuten\" \/>\n<script type=\"application\/ld+json\" class=\"yoast-schema-graph\">{\"@context\":\"https:\/\/schema.org\",\"@graph\":[{\"@type\":\"Article\",\"@id\":\"https:\/\/www.ontravelholidayrentals.com\/blog\/de\/castell-granadella\/#article\",\"isPartOf\":{\"@id\":\"https:\/\/www.ontravelholidayrentals.com\/blog\/de\/castell-granadella\/\"},\"author\":{\"name\":\"Axel\",\"@id\":\"https:\/\/www.ontravelholidayrentals.com\/blog\/de\/#\/schema\/person\/907601cb91b08af60b0fec9e629a4883\"},\"headline\":\"Castell de la Granadella: Geschichte, Aussicht und Meer an einem Ort\",\"datePublished\":\"2025-11-13T14:15:11+00:00\",\"dateModified\":\"2025-11-26T08:02:29+00:00\",\"mainEntityOfPage\":{\"@id\":\"https:\/\/www.ontravelholidayrentals.com\/blog\/de\/castell-granadella\/\"},\"wordCount\":1070,\"commentCount\":0,\"publisher\":{\"@id\":\"https:\/\/www.ontravelholidayrentals.com\/blog\/de\/#organization\"},\"image\":{\"@id\":\"https:\/\/www.ontravelholidayrentals.com\/blog\/de\/castell-granadella\/#primaryimage\"},\"thumbnailUrl\":\"https:\/\/www.ontravelholidayrentals.com\/blog\/wp-content\/uploads\/2025\/11\/Castillo-de-la-Granadella-1.webp\",\"keywords\":[\"no template\"],\"articleSection\":[\"Moraira\"],\"inLanguage\":\"de\",\"potentialAction\":[{\"@type\":\"CommentAction\",\"name\":\"Comment\",\"target\":[\"https:\/\/www.ontravelholidayrentals.com\/blog\/de\/castell-granadella\/#respond\"]}]},{\"@type\":\"WebPage\",\"@id\":\"https:\/\/www.ontravelholidayrentals.com\/blog\/de\/castell-granadella\/\",\"url\":\"https:\/\/www.ontravelholidayrentals.com\/blog\/de\/castell-granadella\/\",\"name\":\"Castell de la Granadella: Geschichte, Aussicht und Meer an einem Ort - Blog\",\"isPartOf\":{\"@id\":\"https:\/\/www.ontravelholidayrentals.com\/blog\/de\/#website\"},\"primaryImageOfPage\":{\"@id\":\"https:\/\/www.ontravelholidayrentals.com\/blog\/de\/castell-granadella\/#primaryimage\"},\"image\":{\"@id\":\"https:\/\/www.ontravelholidayrentals.com\/blog\/de\/castell-granadella\/#primaryimage\"},\"thumbnailUrl\":\"https:\/\/www.ontravelholidayrentals.com\/blog\/wp-content\/uploads\/2025\/11\/Castillo-de-la-Granadella-1.webp\",\"datePublished\":\"2025-11-13T14:15:11+00:00\",\"dateModified\":\"2025-11-26T08:02:29+00:00\",\"description\":\"Erkunden Sie das Castell de la Granadella und seinen Aussichtspunkt mit spektakul\u00e4rem Blick auf das Mittelmeer.\",\"breadcrumb\":{\"@id\":\"https:\/\/www.ontravelholidayrentals.com\/blog\/de\/castell-granadella\/#breadcrumb\"},\"inLanguage\":\"de\",\"potentialAction\":[{\"@type\":\"ReadAction\",\"target\":[\"https:\/\/www.ontravelholidayrentals.com\/blog\/de\/castell-granadella\/\"]}]},{\"@type\":\"ImageObject\",\"inLanguage\":\"de\",\"@id\":\"https:\/\/www.ontravelholidayrentals.com\/blog\/de\/castell-granadella\/#primaryimage\",\"url\":\"https:\/\/www.ontravelholidayrentals.com\/blog\/wp-content\/uploads\/2025\/11\/Castillo-de-la-Granadella-1.webp\",\"contentUrl\":\"https:\/\/www.ontravelholidayrentals.com\/blog\/wp-content\/uploads\/2025\/11\/Castillo-de-la-Granadella-1.webp\",\"width\":1360,\"height\":612},{\"@type\":\"BreadcrumbList\",\"@id\":\"https:\/\/www.ontravelholidayrentals.com\/blog\/de\/castell-granadella\/#breadcrumb\",\"itemListElement\":[{\"@type\":\"ListItem\",\"position\":1,\"name\":\"Portada\",\"item\":\"https:\/\/www.ontravelholidayrentals.com\/blog\/de\/\"},{\"@type\":\"ListItem\",\"position\":2,\"name\":\"Castell de la Granadella: Geschichte, Aussicht und Meer an einem Ort\"}]},{\"@type\":\"WebSite\",\"@id\":\"https:\/\/www.ontravelholidayrentals.com\/blog\/de\/#website\",\"url\":\"https:\/\/www.ontravelholidayrentals.com\/blog\/de\/\",\"name\":\"Blog\",\"description\":\"Ontravelholidayrentals\",\"publisher\":{\"@id\":\"https:\/\/www.ontravelholidayrentals.com\/blog\/de\/#organization\"},\"potentialAction\":[{\"@type\":\"SearchAction\",\"target\":{\"@type\":\"EntryPoint\",\"urlTemplate\":\"https:\/\/www.ontravelholidayrentals.com\/blog\/de\/?s={search_term_string}\"},\"query-input\":{\"@type\":\"PropertyValueSpecification\",\"valueRequired\":true,\"valueName\":\"search_term_string\"}}],\"inLanguage\":\"de\"},{\"@type\":\"Organization\",\"@id\":\"https:\/\/www.ontravelholidayrentals.com\/blog\/de\/#organization\",\"name\":\"Blog\",\"url\":\"https:\/\/www.ontravelholidayrentals.com\/blog\/de\/\",\"logo\":{\"@type\":\"ImageObject\",\"inLanguage\":\"de\",\"@id\":\"https:\/\/www.ontravelholidayrentals.com\/blog\/de\/#\/schema\/logo\/image\/\",\"url\":\"https:\/\/www.ontravelholidayrentals.com\/blog\/wp-content\/uploads\/2025\/02\/logo-oliva-nova.webp\",\"contentUrl\":\"https:\/\/www.ontravelholidayrentals.com\/blog\/wp-content\/uploads\/2025\/02\/logo-oliva-nova.webp\",\"width\":2454,\"height\":875,\"caption\":\"Blog\"},\"image\":{\"@id\":\"https:\/\/www.ontravelholidayrentals.com\/blog\/de\/#\/schema\/logo\/image\/\"}},{\"@type\":\"Person\",\"@id\":\"https:\/\/www.ontravelholidayrentals.com\/blog\/de\/#\/schema\/person\/907601cb91b08af60b0fec9e629a4883\",\"name\":\"Axel\",\"image\":{\"@type\":\"ImageObject\",\"inLanguage\":\"de\",\"@id\":\"https:\/\/www.ontravelholidayrentals.com\/blog\/de\/#\/schema\/person\/image\/\",\"url\":\"https:\/\/secure.gravatar.com\/avatar\/3bd706736e5b70f21f05f6c2d5cad746767782a4ba4b7df399c5969e2a9318fd?s=96&d=mm&r=g\",\"contentUrl\":\"https:\/\/secure.gravatar.com\/avatar\/3bd706736e5b70f21f05f6c2d5cad746767782a4ba4b7df399c5969e2a9318fd?s=96&d=mm&r=g\",\"caption\":\"Axel\"},\"url\":\"https:\/\/www.ontravelholidayrentals.com\/blog\/de\/author\/axel\/\"}]}<\/script>\n<!-- \/ Yoast SEO plugin. -->","yoast_head_json":{"title":"Castell de la Granadella: Geschichte, Aussicht und Meer an einem Ort - Blog","description":"Erkunden Sie das Castell de la Granadella und seinen Aussichtspunkt mit spektakul\u00e4rem Blick auf das Mittelmeer.","robots":{"index":"index","follow":"follow","max-snippet":"max-snippet:-1","max-image-preview":"max-image-preview:large","max-video-preview":"max-video-preview:-1"},"canonical":"https:\/\/www.ontravelholidayrentals.com\/blog\/de\/castell-granadella\/","og_locale":"de_DE","og_type":"article","og_title":"Castell de la Granadella: Geschichte, Aussicht und Meer an einem Ort - Blog","og_description":"Erkunden Sie das Castell de la Granadella und seinen Aussichtspunkt mit spektakul\u00e4rem Blick auf das Mittelmeer.","og_url":"https:\/\/www.ontravelholidayrentals.com\/blog\/de\/castell-granadella\/","og_site_name":"Blog","article_published_time":"2025-11-13T14:15:11+00:00","article_modified_time":"2025-11-26T08:02:29+00:00","og_image":[{"width":1360,"height":612,"url":"https:\/\/www.ontravelholidayrentals.com\/blog\/wp-content\/uploads\/2025\/11\/Castillo-de-la-Granadella-1.webp","type":"image\/webp"}],"author":"Axel","twitter_card":"summary_large_image","twitter_misc":{"Verfasst von":"Axel","Gesch\u00e4tzte Lesezeit":"5\u00a0Minuten"},"schema":{"@context":"https:\/\/schema.org","@graph":[{"@type":"Article","@id":"https:\/\/www.ontravelholidayrentals.com\/blog\/de\/castell-granadella\/#article","isPartOf":{"@id":"https:\/\/www.ontravelholidayrentals.com\/blog\/de\/castell-granadella\/"},"author":{"name":"Axel","@id":"https:\/\/www.ontravelholidayrentals.com\/blog\/de\/#\/schema\/person\/907601cb91b08af60b0fec9e629a4883"},"headline":"Castell de la Granadella: Geschichte, Aussicht und Meer an einem Ort","datePublished":"2025-11-13T14:15:11+00:00","dateModified":"2025-11-26T08:02:29+00:00","mainEntityOfPage":{"@id":"https:\/\/www.ontravelholidayrentals.com\/blog\/de\/castell-granadella\/"},"wordCount":1070,"commentCount":0,"publisher":{"@id":"https:\/\/www.ontravelholidayrentals.com\/blog\/de\/#organization"},"image":{"@id":"https:\/\/www.ontravelholidayrentals.com\/blog\/de\/castell-granadella\/#primaryimage"},"thumbnailUrl":"https:\/\/www.ontravelholidayrentals.com\/blog\/wp-content\/uploads\/2025\/11\/Castillo-de-la-Granadella-1.webp","keywords":["no template"],"articleSection":["Moraira"],"inLanguage":"de","potentialAction":[{"@type":"CommentAction","name":"Comment","target":["https:\/\/www.ontravelholidayrentals.com\/blog\/de\/castell-granadella\/#respond"]}]},{"@type":"WebPage","@id":"https:\/\/www.ontravelholidayrentals.com\/blog\/de\/castell-granadella\/","url":"https:\/\/www.ontravelholidayrentals.com\/blog\/de\/castell-granadella\/","name":"Castell de la Granadella: Geschichte, Aussicht und Meer an einem Ort - Blog","isPartOf":{"@id":"https:\/\/www.ontravelholidayrentals.com\/blog\/de\/#website"},"primaryImageOfPage":{"@id":"https:\/\/www.ontravelholidayrentals.com\/blog\/de\/castell-granadella\/#primaryimage"},"image":{"@id":"https:\/\/www.ontravelholidayrentals.com\/blog\/de\/castell-granadella\/#primaryimage"},"thumbnailUrl":"https:\/\/www.ontravelholidayrentals.com\/blog\/wp-content\/uploads\/2025\/11\/Castillo-de-la-Granadella-1.webp","datePublished":"2025-11-13T14:15:11+00:00","dateModified":"2025-11-26T08:02:29+00:00","description":"Erkunden Sie das Castell de la Granadella und seinen Aussichtspunkt mit spektakul\u00e4rem Blick auf das Mittelmeer.","breadcrumb":{"@id":"https:\/\/www.ontravelholidayrentals.com\/blog\/de\/castell-granadella\/#breadcrumb"},"inLanguage":"de","potentialAction":[{"@type":"ReadAction","target":["https:\/\/www.ontravelholidayrentals.com\/blog\/de\/castell-granadella\/"]}]},{"@type":"ImageObject","inLanguage":"de","@id":"https:\/\/www.ontravelholidayrentals.com\/blog\/de\/castell-granadella\/#primaryimage","url":"https:\/\/www.ontravelholidayrentals.com\/blog\/wp-content\/uploads\/2025\/11\/Castillo-de-la-Granadella-1.webp","contentUrl":"https:\/\/www.ontravelholidayrentals.com\/blog\/wp-content\/uploads\/2025\/11\/Castillo-de-la-Granadella-1.webp","width":1360,"height":612},{"@type":"BreadcrumbList","@id":"https:\/\/www.ontravelholidayrentals.com\/blog\/de\/castell-granadella\/#breadcrumb","itemListElement":[{"@type":"ListItem","position":1,"name":"Portada","item":"https:\/\/www.ontravelholidayrentals.com\/blog\/de\/"},{"@type":"ListItem","position":2,"name":"Castell de la Granadella: Geschichte, Aussicht und Meer an einem Ort"}]},{"@type":"WebSite","@id":"https:\/\/www.ontravelholidayrentals.com\/blog\/de\/#website","url":"https:\/\/www.ontravelholidayrentals.com\/blog\/de\/","name":"Blog","description":"Ontravelholidayrentals","publisher":{"@id":"https:\/\/www.ontravelholidayrentals.com\/blog\/de\/#organization"},"potentialAction":[{"@type":"SearchAction","target":{"@type":"EntryPoint","urlTemplate":"https:\/\/www.ontravelholidayrentals.com\/blog\/de\/?s={search_term_string}"},"query-input":{"@type":"PropertyValueSpecification","valueRequired":true,"valueName":"search_term_string"}}],"inLanguage":"de"},{"@type":"Organization","@id":"https:\/\/www.ontravelholidayrentals.com\/blog\/de\/#organization","name":"Blog","url":"https:\/\/www.ontravelholidayrentals.com\/blog\/de\/","logo":{"@type":"ImageObject","inLanguage":"de","@id":"https:\/\/www.ontravelholidayrentals.com\/blog\/de\/#\/schema\/logo\/image\/","url":"https:\/\/www.ontravelholidayrentals.com\/blog\/wp-content\/uploads\/2025\/02\/logo-oliva-nova.webp","contentUrl":"https:\/\/www.ontravelholidayrentals.com\/blog\/wp-content\/uploads\/2025\/02\/logo-oliva-nova.webp","width":2454,"height":875,"caption":"Blog"},"image":{"@id":"https:\/\/www.ontravelholidayrentals.com\/blog\/de\/#\/schema\/logo\/image\/"}},{"@type":"Person","@id":"https:\/\/www.ontravelholidayrentals.com\/blog\/de\/#\/schema\/person\/907601cb91b08af60b0fec9e629a4883","name":"Axel","image":{"@type":"ImageObject","inLanguage":"de","@id":"https:\/\/www.ontravelholidayrentals.com\/blog\/de\/#\/schema\/person\/image\/","url":"https:\/\/secure.gravatar.com\/avatar\/3bd706736e5b70f21f05f6c2d5cad746767782a4ba4b7df399c5969e2a9318fd?s=96&d=mm&r=g","contentUrl":"https:\/\/secure.gravatar.com\/avatar\/3bd706736e5b70f21f05f6c2d5cad746767782a4ba4b7df399c5969e2a9318fd?s=96&d=mm&r=g","caption":"Axel"},"url":"https:\/\/www.ontravelholidayrentals.com\/blog\/de\/author\/axel\/"}]}},"_links":{"self":[{"href":"https:\/\/www.ontravelholidayrentals.com\/blog\/de\/wp-json\/wp\/v2\/posts\/1363","targetHints":{"allow":["GET"]}}],"collection":[{"href":"https:\/\/www.ontravelholidayrentals.com\/blog\/de\/wp-json\/wp\/v2\/posts"}],"about":[{"href":"https:\/\/www.ontravelholidayrentals.com\/blog\/de\/wp-json\/wp\/v2\/types\/post"}],"author":[{"embeddable":true,"href":"https:\/\/www.ontravelholidayrentals.com\/blog\/de\/wp-json\/wp\/v2\/users\/4"}],"replies":[{"embeddable":true,"href":"https:\/\/www.ontravelholidayrentals.com\/blog\/de\/wp-json\/wp\/v2\/comments?post=1363"}],"version-history":[{"count":1,"href":"https:\/\/www.ontravelholidayrentals.com\/blog\/de\/wp-json\/wp\/v2\/posts\/1363\/revisions"}],"predecessor-version":[{"id":1364,"href":"https:\/\/www.ontravelholidayrentals.com\/blog\/de\/wp-json\/wp\/v2\/posts\/1363\/revisions\/1364"}],"wp:featuredmedia":[{"embeddable":true,"href":"https:\/\/www.ontravelholidayrentals.com\/blog\/de\/wp-json\/wp\/v2\/media\/1337"}],"wp:attachment":[{"href":"https:\/\/www.ontravelholidayrentals.com\/blog\/de\/wp-json\/wp\/v2\/media?parent=1363"}],"wp:term":[{"taxonomy":"category","embeddable":true,"href":"https:\/\/www.ontravelholidayrentals.com\/blog\/de\/wp-json\/wp\/v2\/categories?post=1363"},{"taxonomy":"post_tag","embeddable":true,"href":"https:\/\/www.ontravelholidayrentals.com\/blog\/de\/wp-json\/wp\/v2\/tags?post=1363"}],"curies":[{"name":"wp","href":"https:\/\/api.w.org\/{rel}","templated":true}]}}