{"id":1283,"date":"2025-10-13T09:15:30","date_gmt":"2025-10-13T09:15:30","guid":{"rendered":"https:\/\/www.ontravelholidayrentals.com\/blog\/?p=1283"},"modified":"2025-11-26T08:01:54","modified_gmt":"2025-11-26T08:01:54","slug":"burg-von-denia","status":"publish","type":"post","link":"https:\/\/www.ontravelholidayrentals.com\/blog\/de\/burg-von-denia\/","title":{"rendered":"Burg von D\u00e9nia: Geschichte, Ausblicke und Geheimnisse eines der Wahrzeichen der Costa Blanca"},"content":{"rendered":"\t\t<div data-elementor-type=\"wp-post\" data-elementor-id=\"1283\" class=\"elementor elementor-1283 elementor-1228\" data-elementor-post-type=\"post\">\n\t\t\t\t<div class=\"elementor-element elementor-element-ce1dbed e-flex e-con-boxed e-con e-parent\" data-id=\"ce1dbed\" data-element_type=\"container\" data-e-type=\"container\" data-settings=\"{&quot;background_background&quot;:&quot;classic&quot;}\">\n\t\t\t\t\t<div class=\"e-con-inner\">\n\t\t\t\t<div class=\"elementor-element elementor-element-17fdd11 elementor-widget elementor-widget-heading\" data-id=\"17fdd11\" data-element_type=\"widget\" data-e-type=\"widget\" data-widget_type=\"heading.default\">\n\t\t\t\t<div class=\"elementor-widget-container\">\n\t\t\t\t\t<h1 class=\"elementor-heading-title elementor-size-default\">Burg von D\u00e9nia: Geschichte, Ausblicke und Geheimnisse eines der Wahrzeichen der Costa Blanca<\/h1>\t\t\t\t<\/div>\n\t\t\t\t<\/div>\n\t\t\t\t\t<\/div>\n\t\t\t\t<\/div>\n\t\t<div class=\"elementor-element elementor-element-3ed51fee e-flex e-con-boxed e-con e-parent\" data-id=\"3ed51fee\" data-element_type=\"container\" data-e-type=\"container\">\n\t\t\t\t\t<div class=\"e-con-inner\">\n\t\t\t\t<div class=\"elementor-element elementor-element-1d2f0056 elementor-widget elementor-widget-text-editor\" data-id=\"1d2f0056\" data-element_type=\"widget\" data-e-type=\"widget\" data-widget_type=\"text-editor.default\">\n\t\t\t\t<div class=\"elementor-widget-container\">\n\t\t\t\t\t\t\t\t\t<p><span style=\"font-weight: 400;\">Wenn Sie ein Fan davon sind, Orte mit Geschichte zu entdecken, Routen entlang zu wandern und von <\/span><b>Ausblicken, die wie aus dem Bilderbuch wirken<\/b><span style=\"font-weight: 400;\">, \u00fcberw\u00e4ltigt zu sein, dann notieren Sie die Burg von D\u00e9nia auf Ihrer Liste der Reise-Priorit\u00e4ten.<\/span><\/p><p><span style=\"font-weight: 400;\">Es gibt nur wenige Orte an der Costa Blanca, die so viel zu erz\u00e4hlen und so viele Winkel voller Seele haben, wo sich Jahrhunderte von <\/span><b>Schlachten<\/b><span style=\"font-weight: 400;\">, <\/span><b>Kulturen <\/b><span style=\"font-weight: 400;\">und die ein oder andere <\/span><b>Seemannslegende<\/b><span style=\"font-weight: 400;\"> vermischen.<\/span><\/p><p><span style=\"font-weight: 400;\">Bei On Travel sorgen wir daf\u00fcr, dass Ihr Besuch <\/span><b>nah <\/b><span style=\"font-weight: 400;\">und vor allem<\/span><b> ohne jedes Drama verl\u00e4uft. <\/b> <span style=\"font-weight: 400;\">Die Idee ist, dass Sie dieses Denkmal von Alicante genie\u00dfen k\u00f6nnen, wo jeder Stein seine Geschichte hat und jeder Schritt Sie in seinen Bann ziehen wird. Heute erz\u00e4hlen wir Ihnen alles, was Sie \u00fcber die Burg von Denia wissen m\u00fcssen. Los geht&#8217;s!  <\/span><\/p>\t\t\t\t\t\t\t\t<\/div>\n\t\t\t\t<\/div>\n\t\t\t\t\t<\/div>\n\t\t\t\t<\/div>\n\t\t<div class=\"elementor-element elementor-element-12faece e-flex e-con-boxed e-con e-parent\" data-id=\"12faece\" data-element_type=\"container\" data-e-type=\"container\">\n\t\t\t\t\t<div class=\"e-con-inner\">\n\t\t\t\t<div class=\"elementor-element elementor-element-35ae1ca8 elementor-widget elementor-widget-table-of-contents\" data-id=\"35ae1ca8\" data-element_type=\"widget\" data-e-type=\"widget\" data-settings=\"{&quot;headings_by_tags&quot;:[&quot;h2&quot;],&quot;exclude_headings_by_selector&quot;:[],&quot;marker_view&quot;:&quot;bullets&quot;,&quot;icon&quot;:{&quot;value&quot;:&quot;&quot;,&quot;library&quot;:&quot;&quot;},&quot;no_headings_message&quot;:&quot;No headings were found on this page.&quot;,&quot;hierarchical_view&quot;:&quot;yes&quot;,&quot;min_height&quot;:{&quot;unit&quot;:&quot;px&quot;,&quot;size&quot;:&quot;&quot;,&quot;sizes&quot;:[]},&quot;min_height_tablet&quot;:{&quot;unit&quot;:&quot;px&quot;,&quot;size&quot;:&quot;&quot;,&quot;sizes&quot;:[]},&quot;min_height_mobile&quot;:{&quot;unit&quot;:&quot;px&quot;,&quot;size&quot;:&quot;&quot;,&quot;sizes&quot;:[]}}\" data-widget_type=\"table-of-contents.default\">\n\t\t\t\t<div class=\"elementor-widget-container\">\n\t\t\t\t\t\t\t\t\t<div class=\"elementor-toc__header\">\n\t\t\t\t\t\t<div class=\"elementor-toc__header-title\">\n\t\t\t\tInhaltsverzeichnis\t\t\t<\/div>\n\t\t\t\t\t\t\t\t<\/div>\n\t\t\t\t<div id=\"elementor-toc__35ae1ca8\" class=\"elementor-toc__body\">\n\t\t\t<div class=\"elementor-toc__spinner-container\">\n\t\t\t\t<svg class=\"elementor-toc__spinner eicon-animation-spin e-font-icon-svg e-eicon-loading\" aria-hidden=\"true\" viewBox=\"0 0 1000 1000\" xmlns=\"http:\/\/www.w3.org\/2000\/svg\"><path d=\"M500 975V858C696 858 858 696 858 500S696 142 500 142 142 304 142 500H25C25 237 238 25 500 25S975 237 975 500 763 975 500 975Z\"><\/path><\/svg>\t\t\t<\/div>\n\t\t<\/div>\n\t\t\t\t\t\t<\/div>\n\t\t\t\t<\/div>\n\t\t\t\t\t<\/div>\n\t\t\t\t<\/div>\n\t\t<div class=\"elementor-element elementor-element-4bf1cf2f e-flex e-con-boxed e-con e-parent\" data-id=\"4bf1cf2f\" data-element_type=\"container\" data-e-type=\"container\">\n\t\t\t\t\t<div class=\"e-con-inner\">\n\t\t\t\t<div class=\"elementor-element elementor-element-37b81fdd elementor-widget elementor-widget-heading\" data-id=\"37b81fdd\" data-element_type=\"widget\" data-e-type=\"widget\" data-widget_type=\"heading.default\">\n\t\t\t\t<div class=\"elementor-widget-container\">\n\t\t\t\t\t<h2 class=\"elementor-heading-title elementor-size-default\">Von der arabischen Festung zum lebendigen Museum: die Geschichte der Burg von D\u00e9nia\n<\/h2>\t\t\t\t<\/div>\n\t\t\t\t<\/div>\n\t\t\t\t<div class=\"elementor-element elementor-element-20a336ac elementor-widget elementor-widget-text-editor\" data-id=\"20a336ac\" data-element_type=\"widget\" data-e-type=\"widget\" data-widget_type=\"text-editor.default\">\n\t\t\t\t<div class=\"elementor-widget-container\">\n\t\t\t\t\t\t\t\t\t<p><span style=\"font-weight: 400;\">Die Burg von D\u00e9nia ist wie<\/span><b> ein weiser Gro\u00dfvater, aber in der Version mediterraner Festungen.<\/b><span style=\"font-weight: 400;\"> Im Laufe ihrer Geschichte hat sie Iberer, R\u00f6mer, Muslime, Christen, Piraten und jetzt neugierige Reisende gesehen. <\/span> <\/p><p><span style=\"font-weight: 400;\">Dieses Denkmal wurde auf einem 60 Meter hohen H\u00fcgel errichtet und sein Ursprung geht auf die islamische Zeit zwischen dem<\/span><b> 11. und 12. Jahrhundert<\/b><span style=\"font-weight: 400;\"> zur\u00fcck, als D\u00e9nia Teil der bedeutenden Taifa aus der andalusischen Zeit war.<\/span><\/p><p><span style=\"font-weight: 400;\">Mit der christlichen Eroberung durch Jakob I. den Eroberer wechselte die Burg den Besitzer und begann ihre<\/span><b> architektonische Entwicklung mit zahlreichen Reformen und Umbauten<\/b><span style=\"font-weight: 400;\">  im Laufe der Jahre. Im 15. Jahrhundert wurden der Rote Turm und der Ratsturm hinzugef\u00fcgt; in der Renaissance Bastionen und ein Palast f\u00fcr den Gouverneur; und so bis heute. <\/span><\/p><p><span style=\"font-weight: 400;\">Sie gilt nicht nur als ein Wahrzeichen der Stadt, sondern ist auch <\/span><b>Sitz eines arch\u00e4ologischen Museums<\/b><span style=\"font-weight: 400;\">, das zu Recht zu den wenigen in der Provinz geh\u00f6rt, die St\u00fccke besitzen, die die Geschichte von D\u00e9nia von den Iberern bis zur Neuzeit erz\u00e4hlen.<\/span><\/p>\t\t\t\t\t\t\t\t<\/div>\n\t\t\t\t<\/div>\n\t\t\t\t<div class=\"elementor-element elementor-element-cf76237 elementor-widget elementor-widget-image\" data-id=\"cf76237\" data-element_type=\"widget\" data-e-type=\"widget\" data-widget_type=\"image.default\">\n\t\t\t\t<div class=\"elementor-widget-container\">\n\t\t\t\t\t\t\t\t\t\t\t\t\t\t\t<img fetchpriority=\"high\" decoding=\"async\" width=\"1365\" height=\"682\" src=\"https:\/\/www.ontravelholidayrentals.com\/blog\/wp-content\/uploads\/2025\/05\/Castillo-Denia.jpg\" class=\"attachment-full size-full wp-image-785\" alt=\"Castillo-Denia.jpg\" srcset=\"https:\/\/www.ontravelholidayrentals.com\/blog\/wp-content\/uploads\/2025\/05\/Castillo-Denia.jpg 1365w, https:\/\/www.ontravelholidayrentals.com\/blog\/wp-content\/uploads\/2025\/05\/Castillo-Denia-300x150.jpg 300w, https:\/\/www.ontravelholidayrentals.com\/blog\/wp-content\/uploads\/2025\/05\/Castillo-Denia-1024x512.jpg 1024w, https:\/\/www.ontravelholidayrentals.com\/blog\/wp-content\/uploads\/2025\/05\/Castillo-Denia-768x384.jpg 768w\" sizes=\"(max-width: 1365px) 100vw, 1365px\" \/>\t\t\t\t\t\t\t\t\t\t\t\t\t\t\t<\/div>\n\t\t\t\t<\/div>\n\t\t\t\t\t<\/div>\n\t\t\t\t<\/div>\n\t\t<div class=\"elementor-element elementor-element-9abd4d0 e-flex e-con-boxed e-con e-parent\" data-id=\"9abd4d0\" data-element_type=\"container\" data-e-type=\"container\">\n\t\t\t\t\t<div class=\"e-con-inner\">\n\t\t\t\t<div class=\"elementor-element elementor-element-c3bd77a elementor-widget elementor-widget-button\" data-id=\"c3bd77a\" data-element_type=\"widget\" data-e-type=\"widget\" data-widget_type=\"button.default\">\n\t\t\t\t<div class=\"elementor-widget-container\">\n\t\t\t\t\t\t\t\t\t<div class=\"elementor-button-wrapper\">\n\t\t\t\t\t<a class=\"elementor-button elementor-button-link elementor-size-sm\" href=\"https:\/\/www.ontravelholidayrentals.com\/blog\/de\/sehen-denia\/\">\n\t\t\t\t\t\t<span class=\"elementor-button-content-wrapper\">\n\t\t\t\t\t\t\t\t\t<span class=\"elementor-button-text\">Was man in Denia sehen sollte<\/span>\n\t\t\t\t\t<\/span>\n\t\t\t\t\t<\/a>\n\t\t\t\t<\/div>\n\t\t\t\t\t\t\t\t<\/div>\n\t\t\t\t<\/div>\n\t\t\t\t\t<\/div>\n\t\t\t\t<\/div>\n\t\t<div class=\"elementor-element elementor-element-bbac255 e-flex e-con-boxed e-con e-parent\" data-id=\"bbac255\" data-element_type=\"container\" data-e-type=\"container\">\n\t\t\t\t\t<div class=\"e-con-inner\">\n\t\t\t\t<div class=\"elementor-element elementor-element-cbc6405 elementor-widget elementor-widget-heading\" data-id=\"cbc6405\" data-element_type=\"widget\" data-e-type=\"widget\" data-widget_type=\"heading.default\">\n\t\t\t\t<div class=\"elementor-widget-container\">\n\t\t\t\t\t<h2 class=\"elementor-heading-title elementor-size-default\">Wie man zur Burg von D\u00e9nia kommt (und wo man ohne Probleme parken kann)\n<\/h2>\t\t\t\t<\/div>\n\t\t\t\t<\/div>\n\t\t\t\t<div class=\"elementor-element elementor-element-898a47f elementor-widget elementor-widget-text-editor\" data-id=\"898a47f\" data-element_type=\"widget\" data-e-type=\"widget\" data-widget_type=\"text-editor.default\">\n\t\t\t\t<div class=\"elementor-widget-container\">\n\t\t\t\t\t\t\t\t\t<p><span style=\"font-weight: 400;\">Der Aufstieg zur Altstadt von D\u00e9nia, wo sich die Burg befindet, kann Sie mehr ins Schwitzen bringen, als Sie erwartet haben. Deshalb lassen Sie Ihr Auto am besten in einem der   <\/span><b>\u00f6ffentlichen Parkpl\u00e4tze in der N\u00e4he des Zentrums<\/b><span style=\"font-weight: 400;\">.<\/span><\/p><p><span style=\"font-weight: 400;\">Die blaue Zone der<\/span><b> Esplanade von Torrecremada<\/b><span style=\"font-weight: 400;\"> ist eine sichere Wahl zum Parken, aber wenn Sie kein Vertrauen haben, k\u00f6nnen Sie die <\/span><b>st\u00e4dtischen Parkpl\u00e4tze<\/b><span style=\"font-weight: 400;\">  nutzen, die ausgeschildert sind. Sie k\u00f6nnen sich auch mit dem Fahrrad oder zu Fu\u00df auf den Weg machen, da D\u00e9nia keine Stadt mit unm\u00f6glichen Steigungen ist. <\/span><\/p><p><span style=\"font-weight: 400;\">Der <\/span><b>Haupteingang der Burg befindet sich in der Calle San Francisco<\/b><span style=\"font-weight: 400;\">, direkt im Viertel Les Roques, wo ein Spitzbogenportal den Beginn des Aufstiegs markiert. Wenn Sie sich verirren, verzweifeln Sie nicht, denn Sie k\u00f6nnen einen Einheimischen fragen, denn die Freundlichkeit ist serienm\u00e4\u00dfig und die Anweisungen enthalten immer eine Anekdote. <\/span><\/p><p><span style=\"font-weight: 400;\">Aber <\/span><b>vergessen Sie, Privatwagen oben abzustellen<\/b><span style=\"font-weight: 400;\">, da die Fu\u00dfg\u00e4ngerzone das Denkmal sch\u00fctzt und wir keine Unf\u00e4lle wollen.<\/span><\/p>\t\t\t\t\t\t\t\t<\/div>\n\t\t\t\t<\/div>\n\t\t\t\t<div class=\"elementor-element elementor-element-1c2d103 elementor-widget elementor-widget-google_maps\" data-id=\"1c2d103\" data-element_type=\"widget\" data-e-type=\"widget\" data-widget_type=\"google_maps.default\">\n\t\t\t\t<div class=\"elementor-widget-container\">\n\t\t\t\t\t\t\t<div class=\"elementor-custom-embed\">\n\t\t\t<iframe loading=\"lazy\"\n\t\t\t\t\tsrc=\"https:\/\/maps.google.com\/maps?q=castillo%20denia&#038;t=m&#038;z=13&#038;output=embed&#038;iwloc=near\"\n\t\t\t\t\ttitle=\"castillo denia\"\n\t\t\t\t\taria-label=\"castillo denia\"\n\t\t\t><\/iframe>\n\t\t<\/div>\n\t\t\t\t\t\t<\/div>\n\t\t\t\t<\/div>\n\t\t\t\t\t<\/div>\n\t\t\t\t<\/div>\n\t\t<div class=\"elementor-element elementor-element-0ae18cd e-flex e-con-boxed e-con e-parent\" data-id=\"0ae18cd\" data-element_type=\"container\" data-e-type=\"container\">\n\t\t\t\t\t<div class=\"e-con-inner\">\n\t\t\t\t<div class=\"elementor-element elementor-element-ea9d708 elementor-widget elementor-widget-heading\" data-id=\"ea9d708\" data-element_type=\"widget\" data-e-type=\"widget\" data-widget_type=\"heading.default\">\n\t\t\t\t<div class=\"elementor-widget-container\">\n\t\t\t\t\t<h2 class=\"elementor-heading-title elementor-size-default\">Eintrittskarten, \u00d6ffnungszeiten und Preise: Organisieren Sie Ihren Besuch einfach und schnell\n<\/h2>\t\t\t\t<\/div>\n\t\t\t\t<\/div>\n\t\t\t\t<div class=\"elementor-element elementor-element-4956eb5 elementor-widget elementor-widget-text-editor\" data-id=\"4956eb5\" data-element_type=\"widget\" data-e-type=\"widget\" data-widget_type=\"text-editor.default\">\n\t\t\t\t<div class=\"elementor-widget-container\">\n\t\t\t\t\t\t\t\t\t<p><span style=\"font-weight: 400;\">Die Burg von D\u00e9nia ist <\/span><b>das ganze Jahr \u00fcber ge\u00f6ffnet<\/b><span style=\"font-weight: 400;\"> und die<\/span><b> \u00d6ffnungszeiten passen sich der Saison an<\/b><span style=\"font-weight: 400;\">, wobei die Besuchszeit im Fr\u00fchjahr und Sommer l\u00e4nger ist.<\/span><\/p><p><span style=\"font-weight: 400;\">Der allgemeine Eintrittspreis liegt bei<\/span><b> 3-4 Euro<\/b><span style=\"font-weight: 400;\"> und bietet Erm\u00e4\u00dfigungen f\u00fcr Rentner, Kinder und Gruppen. Dar\u00fcber hinaus haben Einwohner zu bestimmten Zeiten freien Eintritt. Die Tickets k\u00f6nnen an der Kasse am Fu\u00dfe der Festung erworben werden, aber man muss aufpassen, da f\u00fcr einige Veranstaltungen eine Online-Reservierung erforderlich ist.  <\/span><\/p><p><span style=\"font-weight: 400;\">Die Strecke ist<\/span><b> f\u00fcr alle Altersgruppen geeignet<\/b><span style=\"font-weight: 400;\">, die gerne laufen, und wenn Sie in Ihrer Mobilit\u00e4t eingeschr\u00e4nkt sind, m\u00fcssen Sie sich vorher erkundigen, da zwar ein Gro\u00dfteil der Strecke befahrbar ist, aber nicht alle Ecken f\u00fcr St\u00fchle oder Kinderwagen geeignet sind.<\/span><\/p>\t\t\t\t\t\t\t\t<\/div>\n\t\t\t\t<\/div>\n\t\t\t\t<div class=\"elementor-element elementor-element-4978679 elementor-widget elementor-widget-image\" data-id=\"4978679\" data-element_type=\"widget\" data-e-type=\"widget\" data-widget_type=\"image.default\">\n\t\t\t\t<div class=\"elementor-widget-container\">\n\t\t\t\t\t\t\t\t\t\t\t\t\t\t\t<img decoding=\"async\" width=\"1254\" height=\"626\" src=\"https:\/\/www.ontravelholidayrentals.com\/blog\/wp-content\/uploads\/2025\/10\/Visitar-Castillo-de-Denia.jpg\" class=\"attachment-full size-full wp-image-1241\" alt=\"Visitar-Castillo-de-Denia.jpg\" srcset=\"https:\/\/www.ontravelholidayrentals.com\/blog\/wp-content\/uploads\/2025\/10\/Visitar-Castillo-de-Denia.jpg 1254w, https:\/\/www.ontravelholidayrentals.com\/blog\/wp-content\/uploads\/2025\/10\/Visitar-Castillo-de-Denia-300x150.jpg 300w, https:\/\/www.ontravelholidayrentals.com\/blog\/wp-content\/uploads\/2025\/10\/Visitar-Castillo-de-Denia-1024x511.jpg 1024w, https:\/\/www.ontravelholidayrentals.com\/blog\/wp-content\/uploads\/2025\/10\/Visitar-Castillo-de-Denia-768x383.jpg 768w\" sizes=\"(max-width: 1254px) 100vw, 1254px\" \/>\t\t\t\t\t\t\t\t\t\t\t\t\t\t\t<\/div>\n\t\t\t\t<\/div>\n\t\t\t\t\t<\/div>\n\t\t\t\t<\/div>\n\t\t<div class=\"elementor-element elementor-element-a62b50a e-flex e-con-boxed e-con e-parent\" data-id=\"a62b50a\" data-element_type=\"container\" data-e-type=\"container\">\n\t\t\t\t\t<div class=\"e-con-inner\">\n\t\t\t\t<div class=\"elementor-element elementor-element-90d0a69 elementor-widget elementor-widget-heading\" data-id=\"90d0a69\" data-element_type=\"widget\" data-e-type=\"widget\" data-widget_type=\"heading.default\">\n\t\t\t\t<div class=\"elementor-widget-container\">\n\t\t\t\t\t<h2 class=\"elementor-heading-title elementor-size-default\">Was man in der Burg von D\u00e9nia sehen kann: Mauern, Ausblicke und \u00dcberraschungen\n<\/h2>\t\t\t\t<\/div>\n\t\t\t\t<\/div>\n\t\t\t\t<div class=\"elementor-element elementor-element-c73215e elementor-widget elementor-widget-text-editor\" data-id=\"c73215e\" data-element_type=\"widget\" data-e-type=\"widget\" data-widget_type=\"text-editor.default\">\n\t\t\t\t<div class=\"elementor-widget-container\">\n\t\t\t\t\t\t\t\t\t<p><span style=\"font-weight: 400;\">Die Burg bietet <\/span><b>eine beneidenswerte architektonische Struktur<\/b><span style=\"font-weight: 400;\">, Postkartenansichten, einen versteckten Palast und sogar ein Museum.<\/span><\/p>\t\t\t\t\t\t\t\t<\/div>\n\t\t\t\t<\/div>\n\t\t\t\t\t<\/div>\n\t\t\t\t<\/div>\n\t\t<div class=\"elementor-element elementor-element-78b3a8c e-flex e-con-boxed e-con e-parent\" data-id=\"78b3a8c\" data-element_type=\"container\" data-e-type=\"container\">\n\t\t\t\t\t<div class=\"e-con-inner\">\n\t\t<div class=\"elementor-element elementor-element-50ad882 e-con-full e-flex e-con e-child\" data-id=\"50ad882\" data-element_type=\"container\" data-e-type=\"container\">\n\t\t\t\t<div class=\"elementor-element elementor-element-5f097015 elementor-widget elementor-widget-heading\" data-id=\"5f097015\" data-element_type=\"widget\" data-e-type=\"widget\" data-widget_type=\"heading.default\">\n\t\t\t\t<div class=\"elementor-widget-container\">\n\t\t\t\t\t<h3 class=\"elementor-heading-title elementor-size-default\">Mauern und T\u00fcrme\n<\/h3>\t\t\t\t<\/div>\n\t\t\t\t<\/div>\n\t\t\t\t<div class=\"elementor-element elementor-element-3efe1e7b elementor-widget elementor-widget-text-editor\" data-id=\"3efe1e7b\" data-element_type=\"widget\" data-e-type=\"widget\" data-widget_type=\"text-editor.default\">\n\t\t\t\t<div class=\"elementor-widget-container\">\n\t\t\t\t\t\t\t\t\t<p><span style=\"font-weight: 400;\">Die Burg hat eine der am besten erhaltenen Mauern der Region, mit zahlreichen T\u00fcrmen wie dem <\/span><b>Torre del Mig und dem Torre Roja<\/b><span style=\"font-weight: 400;\">. Ein Spaziergang \u00fcber die Zinnen und entlang der Renaissance-Bollwerke l\u00e4sst Sie sich wie ein Teil der mittelalterlichen Wache f\u00fchlen, obwohl die gr\u00f6\u00dfte Bedrohung heutzutage meist der Blitz eines Selfie-Sticks ist.<\/span><\/p>\t\t\t\t\t\t\t\t<\/div>\n\t\t\t\t<\/div>\n\t\t\t\t<\/div>\n\t\t<div class=\"elementor-element elementor-element-a32d2d1 e-con-full e-flex e-con e-child\" data-id=\"a32d2d1\" data-element_type=\"container\" data-e-type=\"container\">\n\t\t\t\t<div class=\"elementor-element elementor-element-fd50114 elementor-widget elementor-widget-heading\" data-id=\"fd50114\" data-element_type=\"widget\" data-e-type=\"widget\" data-widget_type=\"heading.default\">\n\t\t\t\t<div class=\"elementor-widget-container\">\n\t\t\t\t\t<h3 class=\"elementor-heading-title elementor-size-default\">Der Palast des Gouverneurs\n<\/h3>\t\t\t\t<\/div>\n\t\t\t\t<\/div>\n\t\t\t\t<div class=\"elementor-element elementor-element-b1f54ac elementor-widget elementor-widget-text-editor\" data-id=\"b1f54ac\" data-element_type=\"widget\" data-e-type=\"widget\" data-widget_type=\"text-editor.default\">\n\t\t\t\t<div class=\"elementor-widget-container\">\n\t\t\t\t\t\t\t\t\t<p><span style=\"font-weight: 400;\">Obwohl er heute teilweise in Tr\u00fcmmern liegt, zeigt die Struktur des Palastes des Gouverneurs die <\/span><b>Pracht der Burg in vergangenen Zeiten<\/b><span style=\"font-weight: 400;\">. Die F\u00fchrer sagen, dass hier zwischen Banketten und Protokollen wichtige Entscheidungen getroffen wurden, obwohl sicherlich der eine oder andere Gouverneur in seinen schlecht verbrachten Stunden der Langeweile entflohen ist, um das Meer zu sehen.<\/span><\/p>\t\t\t\t\t\t\t\t<\/div>\n\t\t\t\t<\/div>\n\t\t\t\t<\/div>\n\t\t\t\t\t<\/div>\n\t\t\t\t<\/div>\n\t\t<div class=\"elementor-element elementor-element-809c5d8 e-flex e-con-boxed e-con e-parent\" data-id=\"809c5d8\" data-element_type=\"container\" data-e-type=\"container\">\n\t\t\t\t\t<div class=\"e-con-inner\">\n\t\t<div class=\"elementor-element elementor-element-4ed0be3 e-con-full e-flex e-con e-child\" data-id=\"4ed0be3\" data-element_type=\"container\" data-e-type=\"container\">\n\t\t\t\t<div class=\"elementor-element elementor-element-1abd837 elementor-widget elementor-widget-heading\" data-id=\"1abd837\" data-element_type=\"widget\" data-e-type=\"widget\" data-widget_type=\"heading.default\">\n\t\t\t\t<div class=\"elementor-widget-container\">\n\t\t\t\t\t<h3 class=\"elementor-heading-title elementor-size-default\">Arch\u00e4ologisches Museum\n<\/h3>\t\t\t\t<\/div>\n\t\t\t\t<\/div>\n\t\t\t\t<div class=\"elementor-element elementor-element-1a9fb99 elementor-widget elementor-widget-text-editor\" data-id=\"1a9fb99\" data-element_type=\"widget\" data-e-type=\"widget\" data-widget_type=\"text-editor.default\">\n\t\t\t\t<div class=\"elementor-widget-container\">\n\t\t\t\t\t\t\t\t\t<p><span style=\"font-weight: 400;\">Innerhalb des Gel\u00e4ndes verbirgt sich ein Museum voller iberischer, r\u00f6mischer, andalusischer und christlicher St\u00fccke. Von   <\/span><b>Keramikst\u00fccken<\/b><span style=\"font-weight: 400;\"> und <\/span><b>islamischen Bronzen<\/b><span style=\"font-weight: 400;\"> bis hin zu <\/span><b>M\u00fcnzen und Gegenst\u00e4nden des t\u00e4glichen Lebens<\/b><span style=\"font-weight: 400;\">, denn hier kann man Geschichte anfassen und sehen, ideal f\u00fcr Reisende, die Museen live genie\u00dfen, nicht nur in langweiligen Vitrinen.<\/span><\/p>\t\t\t\t\t\t\t\t<\/div>\n\t\t\t\t<\/div>\n\t\t\t\t<\/div>\n\t\t<div class=\"elementor-element elementor-element-0488699 e-con-full e-flex e-con e-child\" data-id=\"0488699\" data-element_type=\"container\" data-e-type=\"container\">\n\t\t\t\t<div class=\"elementor-element elementor-element-c4680bc elementor-widget elementor-widget-heading\" data-id=\"c4680bc\" data-element_type=\"widget\" data-e-type=\"widget\" data-widget_type=\"heading.default\">\n\t\t\t\t<div class=\"elementor-widget-container\">\n\t\t\t\t\t<h3 class=\"elementor-heading-title elementor-size-default\">Panoramablicke mit dem Meer im Hintergrund\n<\/h3>\t\t\t\t<\/div>\n\t\t\t\t<\/div>\n\t\t\t\t<div class=\"elementor-element elementor-element-fbb952d elementor-widget elementor-widget-text-editor\" data-id=\"fbb952d\" data-element_type=\"widget\" data-e-type=\"widget\" data-widget_type=\"text-editor.default\">\n\t\t\t\t<div class=\"elementor-widget-container\">\n\t\t\t\t\t\t\t\t\t<p><span style=\"font-weight: 400;\">Von mehreren Aussichtspunkten aus k\u00f6nnen Sie sehen, wie sich die <\/span><b>Blicke auf das Mittelmeer<\/b><span style=\"font-weight: 400;\"> und die<\/span><b> Stadt D\u00e9nia <\/b> <span style=\"font-weight: 400;\">wie ein un\u00fcberschaubares Modell vor Ihnen auftun. Bei Sonnenaufgang oder Sonnenuntergang verwandeln die Farben die Fotos in Kunstwerke, und die Brise erinnert Sie daran, dass Sie gut daran getan haben, hierherauf zu kommen. <\/span><\/p>\t\t\t\t\t\t\t\t<\/div>\n\t\t\t\t<\/div>\n\t\t\t\t<\/div>\n\t\t\t\t\t<\/div>\n\t\t\t\t<\/div>\n\t\t<div class=\"elementor-element elementor-element-cfae339 e-flex e-con-boxed e-con e-parent\" data-id=\"cfae339\" data-element_type=\"container\" data-e-type=\"container\">\n\t\t\t\t\t<div class=\"e-con-inner\">\n\t\t\t\t<div class=\"elementor-element elementor-element-c1ca517 elementor-widget elementor-widget-heading\" data-id=\"c1ca517\" data-element_type=\"widget\" data-e-type=\"widget\" data-widget_type=\"heading.default\">\n\t\t\t\t<div class=\"elementor-widget-container\">\n\t\t\t\t\t<h3 class=\"elementor-heading-title elementor-size-default\">R\u00e4ume f\u00fcr Kultur und Veranstaltungen\n<\/h3>\t\t\t\t<\/div>\n\t\t\t\t<\/div>\n\t\t\t\t<div class=\"elementor-element elementor-element-eafcf3c elementor-widget elementor-widget-text-editor\" data-id=\"eafcf3c\" data-element_type=\"widget\" data-e-type=\"widget\" data-widget_type=\"text-editor.default\">\n\t\t\t\t<div class=\"elementor-widget-container\">\n\t\t\t\t\t\t\t\t\t<p><span style=\"font-weight: 400;\">Das ganze Jahr \u00fcber ist die Burg <\/span><b>Schauplatz von Konzerten, Festivals und historischen Auff\u00fchrungen<\/b><span style=\"font-weight: 400;\">, mit einer einzigartigen Atmosph\u00e4re. Wenn Sie eine Aktivit\u00e4t mitbekommen, nutzen Sie die Gelegenheit, denn nicht jeden Tag kann man Jazz, Theater oder keltische Musik zwischen Mauern genie\u00dfen, die Kriegstrommeln geh\u00f6rt haben. <\/span><\/p>\t\t\t\t\t\t\t\t<\/div>\n\t\t\t\t<\/div>\n\t\t\t\t<div class=\"elementor-element elementor-element-3153a43 elementor-widget elementor-widget-image\" data-id=\"3153a43\" data-element_type=\"widget\" data-e-type=\"widget\" data-widget_type=\"image.default\">\n\t\t\t\t<div class=\"elementor-widget-container\">\n\t\t\t\t\t\t\t\t\t\t\t\t\t\t\t<img decoding=\"async\" width=\"1254\" height=\"627\" src=\"https:\/\/www.ontravelholidayrentals.com\/blog\/wp-content\/uploads\/2025\/10\/Vistas-mirador-Castillo-Denia.jpg\" class=\"attachment-full size-full wp-image-1237\" alt=\"Vistas-mirador-Castillo-Denia.jpg\" srcset=\"https:\/\/www.ontravelholidayrentals.com\/blog\/wp-content\/uploads\/2025\/10\/Vistas-mirador-Castillo-Denia.jpg 1254w, https:\/\/www.ontravelholidayrentals.com\/blog\/wp-content\/uploads\/2025\/10\/Vistas-mirador-Castillo-Denia-300x150.jpg 300w, https:\/\/www.ontravelholidayrentals.com\/blog\/wp-content\/uploads\/2025\/10\/Vistas-mirador-Castillo-Denia-1024x512.jpg 1024w, https:\/\/www.ontravelholidayrentals.com\/blog\/wp-content\/uploads\/2025\/10\/Vistas-mirador-Castillo-Denia-768x384.jpg 768w\" sizes=\"(max-width: 1254px) 100vw, 1254px\" \/>\t\t\t\t\t\t\t\t\t\t\t\t\t\t\t<\/div>\n\t\t\t\t<\/div>\n\t\t\t\t\t<\/div>\n\t\t\t\t<\/div>\n\t\t<div class=\"elementor-element elementor-element-1c41bce2 e-flex e-con-boxed e-con e-parent\" data-id=\"1c41bce2\" data-element_type=\"container\" data-e-type=\"container\">\n\t\t\t\t\t<div class=\"e-con-inner\">\n\t\t\t\t<div class=\"elementor-element elementor-element-6c761a61 elementor-widget elementor-widget-heading\" data-id=\"6c761a61\" data-element_type=\"widget\" data-e-type=\"widget\" data-widget_type=\"heading.default\">\n\t\t\t\t<div class=\"elementor-widget-container\">\n\t\t\t\t\t<h2 class=\"elementor-heading-title elementor-size-default\">Tipps f\u00fcr Ihren Besuch: beste Zeit, was Sie mitbringen sollten und wie Sie Warteschlangen vermeiden\n<\/h2>\t\t\t\t<\/div>\n\t\t\t\t<\/div>\n\t\t\t\t<div class=\"elementor-element elementor-element-14fe80f6 elementor-widget elementor-widget-text-editor\" data-id=\"14fe80f6\" data-element_type=\"widget\" data-e-type=\"widget\" data-widget_type=\"text-editor.default\">\n\t\t\t\t<div class=\"elementor-widget-container\">\n\t\t\t\t\t\t\t\t\t<p><span style=\"font-weight: 400;\">Wenn Sie der Hitze und den Ausflugsgruppen entfliehen m\u00f6chten, empfehlen wir Ihnen, <\/span><b>fr\u00fch am Morgen<\/b><span style=\"font-weight: 400;\"> oder <\/span><b>sp\u00e4t am Nachmittag<\/b><span style=\"font-weight: 400;\">. Au\u00dferdem empfehlen wir Ihnen, den Kalender zu \u00fcberpr\u00fcfen, da er an lokalen Feiertagen oft voll ist.<\/span><\/p><p><span style=\"font-weight: 400;\">Es ist wichtig, <\/span><b>bequeme Schuhe <\/b> <span style=\"font-weight: 400;\">und Wasser mitzubringen, denn der Aufstieg ist einfach, aber die Sonne kann vor allem im Sommer stark scheinen. Und wenn Sie gerne fotografieren, denken Sie daran, eine zus\u00e4tzliche Speicherkarte mitzubringen, denn sonst werden Sie sie vermissen. <\/span><\/p>\t\t\t\t\t\t\t\t<\/div>\n\t\t\t\t<\/div>\n\t\t\t\t\t<\/div>\n\t\t\t\t<\/div>\n\t\t<div class=\"elementor-element elementor-element-91304c2 e-flex e-con-boxed e-con e-parent\" data-id=\"91304c2\" data-element_type=\"container\" data-e-type=\"container\">\n\t\t\t\t\t<div class=\"e-con-inner\">\n\t\t\t\t<div class=\"elementor-element elementor-element-709a02f elementor-widget elementor-widget-heading\" data-id=\"709a02f\" data-element_type=\"widget\" data-e-type=\"widget\" data-widget_type=\"heading.default\">\n\t\t\t\t<div class=\"elementor-widget-container\">\n\t\t\t\t\t<h2 class=\"elementor-heading-title elementor-size-default\">Lohnt sich ein Besuch der Burg von D\u00e9nia?\n<\/h2>\t\t\t\t<\/div>\n\t\t\t\t<\/div>\n\t\t\t\t<div class=\"elementor-element elementor-element-3f1647b elementor-widget elementor-widget-text-editor\" data-id=\"3f1647b\" data-element_type=\"widget\" data-e-type=\"widget\" data-widget_type=\"text-editor.default\">\n\t\t\t\t<div class=\"elementor-widget-container\">\n\t\t\t\t\t\t\t\t\t<p><span style=\"font-weight: 400;\">Die Burg von D\u00e9nia ist nicht nur ein weiterer alter Turm mit klebriger Geschichte, sondern der perfekte Vorwand, um sich in der Altstadt zu verlieren,<\/span><b> die Costa Blanca mit anderen Augen zu betrachten<\/b><span style=\"font-weight: 400;\"> und Ihre eigene Reisegeschichte zu schreiben. <\/span> <\/p><p><span style=\"font-weight: 400;\">All dies wird jedoch nicht viel Sinn machen, wenn Ihre Unterkunft nicht auf dem neuesten Stand ist.<\/span><b>  Kontaktieren Sie uns, um Ihr Apartment in Denia so schnell wie m\u00f6glich zu buchen.  <\/b><span style=\"font-weight: 400;\">Wir bieten Ihnen eine gro\u00dfe Auswahl, damit Sie dasjenige ausw\u00e4hlen k\u00f6nnen, das am besten zu Ihnen und Ihren Lieben passt. Gute Reise! <\/span><\/p>\t\t\t\t\t\t\t\t<\/div>\n\t\t\t\t<\/div>\n\t\t\t\t\t<\/div>\n\t\t\t\t<\/div>\n\t\t<div class=\"elementor-element elementor-element-dd536db e-flex e-con-boxed e-con e-parent\" data-id=\"dd536db\" data-element_type=\"container\" data-e-type=\"container\">\n\t\t\t\t\t<div class=\"e-con-inner\">\n\t\t\t\t<div class=\"elementor-element elementor-element-1cd2068 elementor-widget elementor-widget-grid\" data-id=\"1cd2068\" data-element_type=\"widget\" data-e-type=\"widget\" data-widget_type=\"grid.default\">\n\t\t\t\t<div class=\"elementor-widget-container\">\n\t\t\t\t\t\t\t<div class=\"its--row alojamientos-recomendados\">\n\n\t\t\t<div class=\"alojamientos-recomendados-container\">\n\n\t\t\t\t\t\n\t\t\t\t\t<a href=\"https:\/\/www.ontravelholidayrentals.com\/de\/vermietung\/villa-oliva-villa-vermeer-51-460858.html\" rel=\"nofollow\" style=\"width: 23%;\">\n\t\t\t\t\t\t<div class=\"apartamento-box\">\n\t\t\t\t\t\t\t<div class=\"imagen_recomendados\">\n\t\t\t\t\t\t\t\t<img decoding=\"async\" src=\"https:\/\/crs.avantio.com\/fotos\/2\/1703084140d3f439d9b3375a13b4f0e50afb895aaa\/big1703332585741831091dd4ad756385090fb49199ea.jpg\" alt=\"Villa Colibri by ON Travel\">\n\t\t\t\t\t\t\t<\/div>\n\t\t\t\t\t\t\t<div class=\"info\">\n\t\t\t\t\t\t\t\t<div class=\"ubicacion\">\n\t\t\t\t\t\t\t\t\t<i class=\"fa-solid fa-location-dot icono-mapa\"><\/i><span class=\"ubicacion-texto\">Oliva - Valencia Provinz<\/span>\n\t\t\t\t\t\t\t\t<\/div>\n\t\t\t\t\t\t\t\t<H3 class=\"titulo-alojamiento\">\n\t\t\t\t\t\t\t\t\tVilla Colibri by ON Travel\t\t\t\t\t\t\t\t<\/H3>\n\t\t\t\t\t\t\t\t<p class=\"precio-alojamiento\">Aus <span class=\"precio\">328.00\u20ac<\/span> pro Nacht<\/p>\n\t\t\t\t\t\t\t<\/div>\n\t\t\t\t\t\t<\/div>\n\t\t\t\t\t<\/a> \n\t\t\t\t\t\t\n\t\t\t\t\t<a href=\"https:\/\/www.ontravelholidayrentals.com\/de\/vermietung\/villa-oliva-villa-vermeer-21-461268.html\" rel=\"nofollow\" style=\"width: 23%;\">\n\t\t\t\t\t\t<div class=\"apartamento-box\">\n\t\t\t\t\t\t\t<div class=\"imagen_recomendados\">\n\t\t\t\t\t\t\t\t<img decoding=\"async\" src=\"https:\/\/crs.avantio.com\/fotos\/2\/1703335589811fbc048cd27ef2e70871e03571a65f\/big17033356189dc73706c960d3ef8712f0c901543b8b.jpg\" alt=\"Villa Solana  by ON Travel\">\n\t\t\t\t\t\t\t<\/div>\n\t\t\t\t\t\t\t<div class=\"info\">\n\t\t\t\t\t\t\t\t<div class=\"ubicacion\">\n\t\t\t\t\t\t\t\t\t<i class=\"fa-solid fa-location-dot icono-mapa\"><\/i><span class=\"ubicacion-texto\">Oliva - Valencia Provinz<\/span>\n\t\t\t\t\t\t\t\t<\/div>\n\t\t\t\t\t\t\t\t<H3 class=\"titulo-alojamiento\">\n\t\t\t\t\t\t\t\t\tVilla Solana  by ON Travel\t\t\t\t\t\t\t\t<\/H3>\n\t\t\t\t\t\t\t\t<p class=\"precio-alojamiento\">Aus <span class=\"precio\">217.00\u20ac<\/span> pro Nacht<\/p>\n\t\t\t\t\t\t\t<\/div>\n\t\t\t\t\t\t<\/div>\n\t\t\t\t\t<\/a> \n\t\t\t\t\t\t\n\t\t\t\t\t<a href=\"https:\/\/www.ontravelholidayrentals.com\/de\/vermietung\/villa-oliva-villa-vermeer-25-461292.html\" rel=\"nofollow\" style=\"width: 23%;\">\n\t\t\t\t\t\t<div class=\"apartamento-box\">\n\t\t\t\t\t\t\t<div class=\"imagen_recomendados\">\n\t\t\t\t\t\t\t\t<img decoding=\"async\" src=\"https:\/\/crs.avantio.com\/fotos\/2\/1705335735591b101a10adf0c9165b293b19af3489\/big1705335762de9703dc1854540c9777fd4932b0499a.jpg\" alt=\"Greenside oasis villa by ON Travel\">\n\t\t\t\t\t\t\t<\/div>\n\t\t\t\t\t\t\t<div class=\"info\">\n\t\t\t\t\t\t\t\t<div class=\"ubicacion\">\n\t\t\t\t\t\t\t\t\t<i class=\"fa-solid fa-location-dot icono-mapa\"><\/i><span class=\"ubicacion-texto\">Oliva - Valencia Provinz<\/span>\n\t\t\t\t\t\t\t\t<\/div>\n\t\t\t\t\t\t\t\t<H3 class=\"titulo-alojamiento\">\n\t\t\t\t\t\t\t\t\tGreenside oasis villa by ON Travel\t\t\t\t\t\t\t\t<\/H3>\n\t\t\t\t\t\t\t\t<p class=\"precio-alojamiento\">Aus <span class=\"precio\">328.00\u20ac<\/span> pro Nacht<\/p>\n\t\t\t\t\t\t\t<\/div>\n\t\t\t\t\t\t<\/div>\n\t\t\t\t\t<\/a> \n\t\t\t\t\t\t\n\t\t\t\t\t<a href=\"https:\/\/www.ontravelholidayrentals.com\/de\/vermietung\/villa-oliva-villa-vermeer-43-461293.html\" rel=\"nofollow\" style=\"width: 23%;\">\n\t\t\t\t\t\t<div class=\"apartamento-box\">\n\t\t\t\t\t\t\t<div class=\"imagen_recomendados\">\n\t\t\t\t\t\t\t\t<img decoding=\"async\" src=\"https:\/\/crs.avantio.com\/fotos\/2\/17054241108ffb3352fb1b6efd3c6e1c3097debf40\/big170542451565ad5f2b0843b6346526f00ede7b3ef7.jpg\" alt=\"Villa Cisne by ON Travel\">\n\t\t\t\t\t\t\t<\/div>\n\t\t\t\t\t\t\t<div class=\"info\">\n\t\t\t\t\t\t\t\t<div class=\"ubicacion\">\n\t\t\t\t\t\t\t\t\t<i class=\"fa-solid fa-location-dot icono-mapa\"><\/i><span class=\"ubicacion-texto\">Oliva - Valencia Provinz<\/span>\n\t\t\t\t\t\t\t\t<\/div>\n\t\t\t\t\t\t\t\t<H3 class=\"titulo-alojamiento\">\n\t\t\t\t\t\t\t\t\tVilla Cisne by ON Travel\t\t\t\t\t\t\t\t<\/H3>\n\t\t\t\t\t\t\t\t<p class=\"precio-alojamiento\">Aus <span class=\"precio\">205.00\u20ac<\/span> pro Nacht<\/p>\n\t\t\t\t\t\t\t<\/div>\n\t\t\t\t\t\t<\/div>\n\t\t\t\t\t<\/a> \n\t\t\t\t\t\t\t\t<\/div>\n\t\t\t<\/div>\n\t\t\t\t\t\t<\/div>\n\t\t\t\t<\/div>\n\t\t\t\t\t<\/div>\n\t\t\t\t<\/div>\n\t\t\t\t<\/div>\n\t\t","protected":false},"excerpt":{"rendered":"<p>Wenn Sie ein Fan davon sind, Orte mit Geschichte zu entdecken, Routen entlang zu wandern und von Ausblicken, die wie aus dem Bilderbuch wirken, \u00fcberw\u00e4ltigt zu sein, dann notieren Sie die Burg von D\u00e9nia auf Ihrer Liste der Reise-Priorit\u00e4ten. Es gibt nur wenige Orte an der Costa Blanca, die so viel zu erz\u00e4hlen und so [&hellip;]<\/p>\n","protected":false},"author":4,"featured_media":1245,"comment_status":"open","ping_status":"open","sticky":false,"template":"elementor_header_footer","format":"standard","meta":{"footnotes":""},"categories":[28],"tags":[72],"class_list":["post-1283","post","type-post","status-publish","format-standard","has-post-thumbnail","hentry","category-denia-de","tag-no-template"],"yoast_head":"<!-- This site is optimized with the Yoast SEO plugin v25.2 - https:\/\/yoast.com\/wordpress\/plugins\/seo\/ -->\n<title>Besichtigung der Burg von D\u00e9nia, Costa Blanca - Blog<\/title>\n<meta name=\"description\" content=\"Besuchen Sie die Burg von D\u00e9nia und genie\u00dfen Sie den Meerblick, die Geschichte und den mediterranen Charme.\" \/>\n<meta name=\"robots\" content=\"index, follow, max-snippet:-1, max-image-preview:large, max-video-preview:-1\" \/>\n<link rel=\"canonical\" href=\"https:\/\/www.ontravelholidayrentals.com\/blog\/de\/burg-von-denia\/\" \/>\n<meta property=\"og:locale\" content=\"de_DE\" \/>\n<meta property=\"og:type\" content=\"article\" \/>\n<meta property=\"og:title\" content=\"Besichtigung der Burg von D\u00e9nia, Costa Blanca - Blog\" \/>\n<meta property=\"og:description\" content=\"Besuchen Sie die Burg von D\u00e9nia und genie\u00dfen Sie den Meerblick, die Geschichte und den mediterranen Charme.\" \/>\n<meta property=\"og:url\" content=\"https:\/\/www.ontravelholidayrentals.com\/blog\/de\/burg-von-denia\/\" \/>\n<meta property=\"og:site_name\" content=\"Blog\" \/>\n<meta property=\"article:published_time\" content=\"2025-10-13T09:15:30+00:00\" \/>\n<meta property=\"article:modified_time\" content=\"2025-11-26T08:01:54+00:00\" \/>\n<meta property=\"og:image\" content=\"https:\/\/www.ontravelholidayrentals.com\/blog\/wp-content\/uploads\/2025\/10\/Visitar-Castillo-Denia.jpg\" \/>\n\t<meta property=\"og:image:width\" content=\"2120\" \/>\n\t<meta property=\"og:image:height\" content=\"707\" \/>\n\t<meta property=\"og:image:type\" content=\"image\/jpeg\" \/>\n<meta name=\"author\" content=\"Axel\" \/>\n<meta name=\"twitter:card\" content=\"summary_large_image\" \/>\n<meta name=\"twitter:label1\" content=\"Verfasst von\" \/>\n\t<meta name=\"twitter:data1\" content=\"Axel\" \/>\n\t<meta name=\"twitter:label2\" content=\"Gesch\u00e4tzte Lesezeit\" \/>\n\t<meta name=\"twitter:data2\" content=\"6\u00a0Minuten\" \/>\n<script type=\"application\/ld+json\" class=\"yoast-schema-graph\">{\"@context\":\"https:\/\/schema.org\",\"@graph\":[{\"@type\":\"Article\",\"@id\":\"https:\/\/www.ontravelholidayrentals.com\/blog\/de\/burg-von-denia\/#article\",\"isPartOf\":{\"@id\":\"https:\/\/www.ontravelholidayrentals.com\/blog\/de\/burg-von-denia\/\"},\"author\":{\"name\":\"Axel\",\"@id\":\"https:\/\/www.ontravelholidayrentals.com\/blog\/de\/#\/schema\/person\/907601cb91b08af60b0fec9e629a4883\"},\"headline\":\"Burg von D\u00e9nia: Geschichte, Ausblicke und Geheimnisse eines der Wahrzeichen der Costa Blanca\",\"datePublished\":\"2025-10-13T09:15:30+00:00\",\"dateModified\":\"2025-11-26T08:01:54+00:00\",\"mainEntityOfPage\":{\"@id\":\"https:\/\/www.ontravelholidayrentals.com\/blog\/de\/burg-von-denia\/\"},\"wordCount\":1253,\"commentCount\":0,\"publisher\":{\"@id\":\"https:\/\/www.ontravelholidayrentals.com\/blog\/de\/#organization\"},\"image\":{\"@id\":\"https:\/\/www.ontravelholidayrentals.com\/blog\/de\/burg-von-denia\/#primaryimage\"},\"thumbnailUrl\":\"https:\/\/www.ontravelholidayrentals.com\/blog\/wp-content\/uploads\/2025\/10\/Visitar-Castillo-Denia.jpg\",\"keywords\":[\"no template\"],\"articleSection\":[\"Denia\"],\"inLanguage\":\"de\",\"potentialAction\":[{\"@type\":\"CommentAction\",\"name\":\"Comment\",\"target\":[\"https:\/\/www.ontravelholidayrentals.com\/blog\/de\/burg-von-denia\/#respond\"]}]},{\"@type\":\"WebPage\",\"@id\":\"https:\/\/www.ontravelholidayrentals.com\/blog\/de\/burg-von-denia\/\",\"url\":\"https:\/\/www.ontravelholidayrentals.com\/blog\/de\/burg-von-denia\/\",\"name\":\"Besichtigung der Burg von D\u00e9nia, Costa Blanca - Blog\",\"isPartOf\":{\"@id\":\"https:\/\/www.ontravelholidayrentals.com\/blog\/de\/#website\"},\"primaryImageOfPage\":{\"@id\":\"https:\/\/www.ontravelholidayrentals.com\/blog\/de\/burg-von-denia\/#primaryimage\"},\"image\":{\"@id\":\"https:\/\/www.ontravelholidayrentals.com\/blog\/de\/burg-von-denia\/#primaryimage\"},\"thumbnailUrl\":\"https:\/\/www.ontravelholidayrentals.com\/blog\/wp-content\/uploads\/2025\/10\/Visitar-Castillo-Denia.jpg\",\"datePublished\":\"2025-10-13T09:15:30+00:00\",\"dateModified\":\"2025-11-26T08:01:54+00:00\",\"description\":\"Besuchen Sie die Burg von D\u00e9nia und genie\u00dfen Sie den Meerblick, die Geschichte und den mediterranen Charme.\",\"breadcrumb\":{\"@id\":\"https:\/\/www.ontravelholidayrentals.com\/blog\/de\/burg-von-denia\/#breadcrumb\"},\"inLanguage\":\"de\",\"potentialAction\":[{\"@type\":\"ReadAction\",\"target\":[\"https:\/\/www.ontravelholidayrentals.com\/blog\/de\/burg-von-denia\/\"]}]},{\"@type\":\"ImageObject\",\"inLanguage\":\"de\",\"@id\":\"https:\/\/www.ontravelholidayrentals.com\/blog\/de\/burg-von-denia\/#primaryimage\",\"url\":\"https:\/\/www.ontravelholidayrentals.com\/blog\/wp-content\/uploads\/2025\/10\/Visitar-Castillo-Denia.jpg\",\"contentUrl\":\"https:\/\/www.ontravelholidayrentals.com\/blog\/wp-content\/uploads\/2025\/10\/Visitar-Castillo-Denia.jpg\",\"width\":2120,\"height\":707,\"caption\":\"Denia Spain town and palm trees from marina with colourful houses and mountain and beautiful blue sky\"},{\"@type\":\"BreadcrumbList\",\"@id\":\"https:\/\/www.ontravelholidayrentals.com\/blog\/de\/burg-von-denia\/#breadcrumb\",\"itemListElement\":[{\"@type\":\"ListItem\",\"position\":1,\"name\":\"Portada\",\"item\":\"https:\/\/www.ontravelholidayrentals.com\/blog\/de\/\"},{\"@type\":\"ListItem\",\"position\":2,\"name\":\"Burg von D\u00e9nia: Geschichte, Ausblicke und Geheimnisse eines der Wahrzeichen der Costa Blanca\"}]},{\"@type\":\"WebSite\",\"@id\":\"https:\/\/www.ontravelholidayrentals.com\/blog\/de\/#website\",\"url\":\"https:\/\/www.ontravelholidayrentals.com\/blog\/de\/\",\"name\":\"Blog\",\"description\":\"Ontravelholidayrentals\",\"publisher\":{\"@id\":\"https:\/\/www.ontravelholidayrentals.com\/blog\/de\/#organization\"},\"potentialAction\":[{\"@type\":\"SearchAction\",\"target\":{\"@type\":\"EntryPoint\",\"urlTemplate\":\"https:\/\/www.ontravelholidayrentals.com\/blog\/de\/?s={search_term_string}\"},\"query-input\":{\"@type\":\"PropertyValueSpecification\",\"valueRequired\":true,\"valueName\":\"search_term_string\"}}],\"inLanguage\":\"de\"},{\"@type\":\"Organization\",\"@id\":\"https:\/\/www.ontravelholidayrentals.com\/blog\/de\/#organization\",\"name\":\"Blog\",\"url\":\"https:\/\/www.ontravelholidayrentals.com\/blog\/de\/\",\"logo\":{\"@type\":\"ImageObject\",\"inLanguage\":\"de\",\"@id\":\"https:\/\/www.ontravelholidayrentals.com\/blog\/de\/#\/schema\/logo\/image\/\",\"url\":\"https:\/\/www.ontravelholidayrentals.com\/blog\/wp-content\/uploads\/2025\/02\/logo-oliva-nova.webp\",\"contentUrl\":\"https:\/\/www.ontravelholidayrentals.com\/blog\/wp-content\/uploads\/2025\/02\/logo-oliva-nova.webp\",\"width\":2454,\"height\":875,\"caption\":\"Blog\"},\"image\":{\"@id\":\"https:\/\/www.ontravelholidayrentals.com\/blog\/de\/#\/schema\/logo\/image\/\"}},{\"@type\":\"Person\",\"@id\":\"https:\/\/www.ontravelholidayrentals.com\/blog\/de\/#\/schema\/person\/907601cb91b08af60b0fec9e629a4883\",\"name\":\"Axel\",\"image\":{\"@type\":\"ImageObject\",\"inLanguage\":\"de\",\"@id\":\"https:\/\/www.ontravelholidayrentals.com\/blog\/de\/#\/schema\/person\/image\/\",\"url\":\"https:\/\/secure.gravatar.com\/avatar\/3bd706736e5b70f21f05f6c2d5cad746767782a4ba4b7df399c5969e2a9318fd?s=96&d=mm&r=g\",\"contentUrl\":\"https:\/\/secure.gravatar.com\/avatar\/3bd706736e5b70f21f05f6c2d5cad746767782a4ba4b7df399c5969e2a9318fd?s=96&d=mm&r=g\",\"caption\":\"Axel\"},\"url\":\"https:\/\/www.ontravelholidayrentals.com\/blog\/de\/author\/axel\/\"}]}<\/script>\n<!-- \/ Yoast SEO plugin. -->","yoast_head_json":{"title":"Besichtigung der Burg von D\u00e9nia, Costa Blanca - Blog","description":"Besuchen Sie die Burg von D\u00e9nia und genie\u00dfen Sie den Meerblick, die Geschichte und den mediterranen Charme.","robots":{"index":"index","follow":"follow","max-snippet":"max-snippet:-1","max-image-preview":"max-image-preview:large","max-video-preview":"max-video-preview:-1"},"canonical":"https:\/\/www.ontravelholidayrentals.com\/blog\/de\/burg-von-denia\/","og_locale":"de_DE","og_type":"article","og_title":"Besichtigung der Burg von D\u00e9nia, Costa Blanca - Blog","og_description":"Besuchen Sie die Burg von D\u00e9nia und genie\u00dfen Sie den Meerblick, die Geschichte und den mediterranen Charme.","og_url":"https:\/\/www.ontravelholidayrentals.com\/blog\/de\/burg-von-denia\/","og_site_name":"Blog","article_published_time":"2025-10-13T09:15:30+00:00","article_modified_time":"2025-11-26T08:01:54+00:00","og_image":[{"width":2120,"height":707,"url":"https:\/\/www.ontravelholidayrentals.com\/blog\/wp-content\/uploads\/2025\/10\/Visitar-Castillo-Denia.jpg","type":"image\/jpeg"}],"author":"Axel","twitter_card":"summary_large_image","twitter_misc":{"Verfasst von":"Axel","Gesch\u00e4tzte Lesezeit":"6\u00a0Minuten"},"schema":{"@context":"https:\/\/schema.org","@graph":[{"@type":"Article","@id":"https:\/\/www.ontravelholidayrentals.com\/blog\/de\/burg-von-denia\/#article","isPartOf":{"@id":"https:\/\/www.ontravelholidayrentals.com\/blog\/de\/burg-von-denia\/"},"author":{"name":"Axel","@id":"https:\/\/www.ontravelholidayrentals.com\/blog\/de\/#\/schema\/person\/907601cb91b08af60b0fec9e629a4883"},"headline":"Burg von D\u00e9nia: Geschichte, Ausblicke und Geheimnisse eines der Wahrzeichen der Costa Blanca","datePublished":"2025-10-13T09:15:30+00:00","dateModified":"2025-11-26T08:01:54+00:00","mainEntityOfPage":{"@id":"https:\/\/www.ontravelholidayrentals.com\/blog\/de\/burg-von-denia\/"},"wordCount":1253,"commentCount":0,"publisher":{"@id":"https:\/\/www.ontravelholidayrentals.com\/blog\/de\/#organization"},"image":{"@id":"https:\/\/www.ontravelholidayrentals.com\/blog\/de\/burg-von-denia\/#primaryimage"},"thumbnailUrl":"https:\/\/www.ontravelholidayrentals.com\/blog\/wp-content\/uploads\/2025\/10\/Visitar-Castillo-Denia.jpg","keywords":["no template"],"articleSection":["Denia"],"inLanguage":"de","potentialAction":[{"@type":"CommentAction","name":"Comment","target":["https:\/\/www.ontravelholidayrentals.com\/blog\/de\/burg-von-denia\/#respond"]}]},{"@type":"WebPage","@id":"https:\/\/www.ontravelholidayrentals.com\/blog\/de\/burg-von-denia\/","url":"https:\/\/www.ontravelholidayrentals.com\/blog\/de\/burg-von-denia\/","name":"Besichtigung der Burg von D\u00e9nia, Costa Blanca - Blog","isPartOf":{"@id":"https:\/\/www.ontravelholidayrentals.com\/blog\/de\/#website"},"primaryImageOfPage":{"@id":"https:\/\/www.ontravelholidayrentals.com\/blog\/de\/burg-von-denia\/#primaryimage"},"image":{"@id":"https:\/\/www.ontravelholidayrentals.com\/blog\/de\/burg-von-denia\/#primaryimage"},"thumbnailUrl":"https:\/\/www.ontravelholidayrentals.com\/blog\/wp-content\/uploads\/2025\/10\/Visitar-Castillo-Denia.jpg","datePublished":"2025-10-13T09:15:30+00:00","dateModified":"2025-11-26T08:01:54+00:00","description":"Besuchen Sie die Burg von D\u00e9nia und genie\u00dfen Sie den Meerblick, die Geschichte und den mediterranen Charme.","breadcrumb":{"@id":"https:\/\/www.ontravelholidayrentals.com\/blog\/de\/burg-von-denia\/#breadcrumb"},"inLanguage":"de","potentialAction":[{"@type":"ReadAction","target":["https:\/\/www.ontravelholidayrentals.com\/blog\/de\/burg-von-denia\/"]}]},{"@type":"ImageObject","inLanguage":"de","@id":"https:\/\/www.ontravelholidayrentals.com\/blog\/de\/burg-von-denia\/#primaryimage","url":"https:\/\/www.ontravelholidayrentals.com\/blog\/wp-content\/uploads\/2025\/10\/Visitar-Castillo-Denia.jpg","contentUrl":"https:\/\/www.ontravelholidayrentals.com\/blog\/wp-content\/uploads\/2025\/10\/Visitar-Castillo-Denia.jpg","width":2120,"height":707,"caption":"Denia Spain town and palm trees from marina with colourful houses and mountain and beautiful blue sky"},{"@type":"BreadcrumbList","@id":"https:\/\/www.ontravelholidayrentals.com\/blog\/de\/burg-von-denia\/#breadcrumb","itemListElement":[{"@type":"ListItem","position":1,"name":"Portada","item":"https:\/\/www.ontravelholidayrentals.com\/blog\/de\/"},{"@type":"ListItem","position":2,"name":"Burg von D\u00e9nia: Geschichte, Ausblicke und Geheimnisse eines der Wahrzeichen der Costa Blanca"}]},{"@type":"WebSite","@id":"https:\/\/www.ontravelholidayrentals.com\/blog\/de\/#website","url":"https:\/\/www.ontravelholidayrentals.com\/blog\/de\/","name":"Blog","description":"Ontravelholidayrentals","publisher":{"@id":"https:\/\/www.ontravelholidayrentals.com\/blog\/de\/#organization"},"potentialAction":[{"@type":"SearchAction","target":{"@type":"EntryPoint","urlTemplate":"https:\/\/www.ontravelholidayrentals.com\/blog\/de\/?s={search_term_string}"},"query-input":{"@type":"PropertyValueSpecification","valueRequired":true,"valueName":"search_term_string"}}],"inLanguage":"de"},{"@type":"Organization","@id":"https:\/\/www.ontravelholidayrentals.com\/blog\/de\/#organization","name":"Blog","url":"https:\/\/www.ontravelholidayrentals.com\/blog\/de\/","logo":{"@type":"ImageObject","inLanguage":"de","@id":"https:\/\/www.ontravelholidayrentals.com\/blog\/de\/#\/schema\/logo\/image\/","url":"https:\/\/www.ontravelholidayrentals.com\/blog\/wp-content\/uploads\/2025\/02\/logo-oliva-nova.webp","contentUrl":"https:\/\/www.ontravelholidayrentals.com\/blog\/wp-content\/uploads\/2025\/02\/logo-oliva-nova.webp","width":2454,"height":875,"caption":"Blog"},"image":{"@id":"https:\/\/www.ontravelholidayrentals.com\/blog\/de\/#\/schema\/logo\/image\/"}},{"@type":"Person","@id":"https:\/\/www.ontravelholidayrentals.com\/blog\/de\/#\/schema\/person\/907601cb91b08af60b0fec9e629a4883","name":"Axel","image":{"@type":"ImageObject","inLanguage":"de","@id":"https:\/\/www.ontravelholidayrentals.com\/blog\/de\/#\/schema\/person\/image\/","url":"https:\/\/secure.gravatar.com\/avatar\/3bd706736e5b70f21f05f6c2d5cad746767782a4ba4b7df399c5969e2a9318fd?s=96&d=mm&r=g","contentUrl":"https:\/\/secure.gravatar.com\/avatar\/3bd706736e5b70f21f05f6c2d5cad746767782a4ba4b7df399c5969e2a9318fd?s=96&d=mm&r=g","caption":"Axel"},"url":"https:\/\/www.ontravelholidayrentals.com\/blog\/de\/author\/axel\/"}]}},"_links":{"self":[{"href":"https:\/\/www.ontravelholidayrentals.com\/blog\/de\/wp-json\/wp\/v2\/posts\/1283","targetHints":{"allow":["GET"]}}],"collection":[{"href":"https:\/\/www.ontravelholidayrentals.com\/blog\/de\/wp-json\/wp\/v2\/posts"}],"about":[{"href":"https:\/\/www.ontravelholidayrentals.com\/blog\/de\/wp-json\/wp\/v2\/types\/post"}],"author":[{"embeddable":true,"href":"https:\/\/www.ontravelholidayrentals.com\/blog\/de\/wp-json\/wp\/v2\/users\/4"}],"replies":[{"embeddable":true,"href":"https:\/\/www.ontravelholidayrentals.com\/blog\/de\/wp-json\/wp\/v2\/comments?post=1283"}],"version-history":[{"count":1,"href":"https:\/\/www.ontravelholidayrentals.com\/blog\/de\/wp-json\/wp\/v2\/posts\/1283\/revisions"}],"predecessor-version":[{"id":1284,"href":"https:\/\/www.ontravelholidayrentals.com\/blog\/de\/wp-json\/wp\/v2\/posts\/1283\/revisions\/1284"}],"wp:featuredmedia":[{"embeddable":true,"href":"https:\/\/www.ontravelholidayrentals.com\/blog\/de\/wp-json\/wp\/v2\/media\/1245"}],"wp:attachment":[{"href":"https:\/\/www.ontravelholidayrentals.com\/blog\/de\/wp-json\/wp\/v2\/media?parent=1283"}],"wp:term":[{"taxonomy":"category","embeddable":true,"href":"https:\/\/www.ontravelholidayrentals.com\/blog\/de\/wp-json\/wp\/v2\/categories?post=1283"},{"taxonomy":"post_tag","embeddable":true,"href":"https:\/\/www.ontravelholidayrentals.com\/blog\/de\/wp-json\/wp\/v2\/tags?post=1283"}],"curies":[{"name":"wp","href":"https:\/\/api.w.org\/{rel}","templated":true}]}}