{"id":1158,"date":"2025-09-08T11:25:51","date_gmt":"2025-09-08T11:25:51","guid":{"rendered":"https:\/\/www.ontravelholidayrentals.com\/blog\/?p=1158"},"modified":"2025-09-25T11:31:26","modified_gmt":"2025-09-25T11:31:26","slug":"cala-andrago","status":"publish","type":"post","link":"https:\/\/www.ontravelholidayrentals.com\/blog\/de\/cala-andrago\/","title":{"rendered":"Cala l\u2019Andrag\u00f3: die bezauberndste Ecke der Costa Blanca"},"content":{"rendered":"\t\t<div data-elementor-type=\"wp-post\" data-elementor-id=\"1158\" class=\"elementor elementor-1158 elementor-1101\" data-elementor-post-type=\"post\">\n\t\t\t\t<div class=\"elementor-element elementor-element-7d6d4ff4 e-flex e-con-boxed e-con e-parent\" data-id=\"7d6d4ff4\" data-element_type=\"container\" data-e-type=\"container\" data-settings=\"{&quot;background_background&quot;:&quot;classic&quot;}\">\n\t\t\t\t\t<div class=\"e-con-inner\">\n\t\t\t\t<div class=\"elementor-element elementor-element-64000461 elementor-widget elementor-widget-heading\" data-id=\"64000461\" data-element_type=\"widget\" data-e-type=\"widget\" data-widget_type=\"heading.default\">\n\t\t\t\t<div class=\"elementor-widget-container\">\n\t\t\t\t\t<h1 class=\"elementor-heading-title elementor-size-default\">Cala l\u2019Andrag\u00f3: die bezauberndste Ecke der Costa Blanca<\/h1>\t\t\t\t<\/div>\n\t\t\t\t<\/div>\n\t\t\t\t\t<\/div>\n\t\t\t\t<\/div>\n\t\t<div class=\"elementor-element elementor-element-b9be9ae e-flex e-con-boxed e-con e-parent\" data-id=\"b9be9ae\" data-element_type=\"container\" data-e-type=\"container\">\n\t\t\t\t\t<div class=\"e-con-inner\">\n\t\t\t\t<div class=\"elementor-element elementor-element-1a142472 elementor-widget elementor-widget-text-editor\" data-id=\"1a142472\" data-element_type=\"widget\" data-e-type=\"widget\" data-widget_type=\"text-editor.default\">\n\t\t\t\t<div class=\"elementor-widget-container\">\n\t\t\t\t\t\t\t\t\t<p><span style=\"font-weight: 400;\">Stellen Sie sich eine Bucht vor, die kristallklares Wasser, felsige Ecken, die ideal zum Tauchen sind, ein charmantes Restaurant und <\/span><b>eine entspannte Atmosph\u00e4re im Herzen der Costa Blanca vereint.<\/b> <span style=\"font-weight: 400;\">Klingt gut, oder?<\/span><\/p><p><span style=\"font-weight: 400;\">Nun, dieser Ort ist die Cala l\u2019Andrag\u00f3 in Moraira. Ein  <\/span><b>kleiner Schatz der Marina Alta<\/b><span style=\"font-weight: 400;\"> , der sowohl Reisende als auch Einheimische erobert, die hier ihren Lieblingsort gefunden haben. Heute erz\u00e4hlen wir Ihnen alles \u00fcber dieses Juwel, das Sie umhauen wird, sobald Sie einen Fu\u00df darauf setzen. Los geht&#8217;s!  <\/span><\/p>\t\t\t\t\t\t\t\t<\/div>\n\t\t\t\t<\/div>\n\t\t\t\t\t<\/div>\n\t\t\t\t<\/div>\n\t\t<div class=\"elementor-element elementor-element-777111b e-flex e-con-boxed e-con e-parent\" data-id=\"777111b\" data-element_type=\"container\" data-e-type=\"container\">\n\t\t\t\t\t<div class=\"e-con-inner\">\n\t\t\t\t<div class=\"elementor-element elementor-element-47565e7c elementor-widget elementor-widget-table-of-contents\" data-id=\"47565e7c\" data-element_type=\"widget\" data-e-type=\"widget\" data-settings=\"{&quot;headings_by_tags&quot;:[&quot;h2&quot;,&quot;h3&quot;],&quot;exclude_headings_by_selector&quot;:[],&quot;marker_view&quot;:&quot;bullets&quot;,&quot;icon&quot;:{&quot;value&quot;:&quot;&quot;,&quot;library&quot;:&quot;&quot;},&quot;no_headings_message&quot;:&quot;No headings were found on this page.&quot;,&quot;hierarchical_view&quot;:&quot;yes&quot;,&quot;min_height&quot;:{&quot;unit&quot;:&quot;px&quot;,&quot;size&quot;:&quot;&quot;,&quot;sizes&quot;:[]},&quot;min_height_tablet&quot;:{&quot;unit&quot;:&quot;px&quot;,&quot;size&quot;:&quot;&quot;,&quot;sizes&quot;:[]},&quot;min_height_mobile&quot;:{&quot;unit&quot;:&quot;px&quot;,&quot;size&quot;:&quot;&quot;,&quot;sizes&quot;:[]}}\" data-widget_type=\"table-of-contents.default\">\n\t\t\t\t<div class=\"elementor-widget-container\">\n\t\t\t\t\t\t\t\t\t<div class=\"elementor-toc__header\">\n\t\t\t\t\t\t<div class=\"elementor-toc__header-title\">\n\t\t\t\tInhaltsverzeichnis\t\t\t<\/div>\n\t\t\t\t\t\t\t\t<\/div>\n\t\t\t\t<div id=\"elementor-toc__47565e7c\" class=\"elementor-toc__body\">\n\t\t\t<div class=\"elementor-toc__spinner-container\">\n\t\t\t\t<svg class=\"elementor-toc__spinner eicon-animation-spin e-font-icon-svg e-eicon-loading\" aria-hidden=\"true\" viewBox=\"0 0 1000 1000\" xmlns=\"http:\/\/www.w3.org\/2000\/svg\"><path d=\"M500 975V858C696 858 858 696 858 500S696 142 500 142 142 304 142 500H25C25 237 238 25 500 25S975 237 975 500 763 975 500 975Z\"><\/path><\/svg>\t\t\t<\/div>\n\t\t<\/div>\n\t\t\t\t\t\t<\/div>\n\t\t\t\t<\/div>\n\t\t\t\t\t<\/div>\n\t\t\t\t<\/div>\n\t\t<div class=\"elementor-element elementor-element-16fc5a11 e-flex e-con-boxed e-con e-parent\" data-id=\"16fc5a11\" data-element_type=\"container\" data-e-type=\"container\">\n\t\t\t\t\t<div class=\"e-con-inner\">\n\t\t\t\t<div class=\"elementor-element elementor-element-48b58974 elementor-widget elementor-widget-heading\" data-id=\"48b58974\" data-element_type=\"widget\" data-e-type=\"widget\" data-widget_type=\"heading.default\">\n\t\t\t\t<div class=\"elementor-widget-container\">\n\t\t\t\t\t<h2 class=\"elementor-heading-title elementor-size-default\">Wie man zur Cala l\u2019Andrag\u00f3 kommt: einfache Routen und unvergessliche Ausblicke\n<\/h2>\t\t\t\t<\/div>\n\t\t\t\t<\/div>\n\t\t\t\t<div class=\"elementor-element elementor-element-124dedfb elementor-widget elementor-widget-text-editor\" data-id=\"124dedfb\" data-element_type=\"widget\" data-e-type=\"widget\" data-widget_type=\"text-editor.default\">\n\t\t\t\t<div class=\"elementor-widget-container\">\n\t\t\t\t\t\t\t\t\t<p><span style=\"font-weight: 400;\">Die Cala l\u2019Andrag\u00f3 ist sehr einfach zu erreichen, da sie nur 2 km s\u00fcdlich des Zentrums von Moraira liegt, <\/span><b>entlang der Stra\u00dfe CV-746, die an der K\u00fcste entlangf\u00fchrt <\/b><span style=\"font-weight: 400;\">und Ausblicke bietet, die Sie an jeder Kurve zum Handy greifen lassen.<\/span><\/p><p><span style=\"font-weight: 400;\">Mit dem Auto <\/span><b>brauchen Sie von Alicante aus kaum 50 Minuten<\/b><span style=\"font-weight: 400;\">, und v<\/span><b>on Valencia aus etwa eine Stunde und eine Viertelstunde<\/b><span style=\"font-weight: 400;\">. Sie m\u00fcssen nur Cala l\u2019Andrag\u00f3 Moraira in Ihr GPS eingeben, denn wenn Sie nur Andrag\u00f3 eingeben, gelangen Sie zu einem anderen Ort mit einem \u00e4hnlichen Namen, und das ist nicht der Plan.<\/span><\/p><p><span style=\"font-weight: 400;\">Eine weitere Alternative ist es, zu Fu\u00df oder mit dem Fahrrad zu fahren. Wenn Sie in Moraira sind, k\u00f6nnen Sie  <\/span><b>dem K\u00fcstenpfad in Richtung S\u00fcden folgen<\/b><span style=\"font-weight: 400;\">. Die Strecke ist kurz, angenehm und verstr\u00f6mt einen Meeresduft, der den Appetit anregt, ideal, wenn Sie danach in einem der Chiringuitos essen m\u00f6chten, die diese Bucht bietet.<\/span><\/p><p><span style=\"font-weight: 400;\">Das Beste an der Strecke ist, dass Sie, auch wenn Sie schnell ans Ziel kommen wollen, <\/span><b>Millionen Mal anhalten werden, um die Aussicht zu genie\u00dfen, die der Horizont bietet<\/b><span style=\"font-weight: 400;\">. Und glauben Sie mir, das geh\u00f6rt zur Erfahrung dazu.<\/span><\/p>\t\t\t\t\t\t\t\t<\/div>\n\t\t\t\t<\/div>\n\t\t\t\t<div class=\"elementor-element elementor-element-a9a1136 elementor-widget elementor-widget-google_maps\" data-id=\"a9a1136\" data-element_type=\"widget\" data-e-type=\"widget\" data-widget_type=\"google_maps.default\">\n\t\t\t\t<div class=\"elementor-widget-container\">\n\t\t\t\t\t\t\t<div class=\"elementor-custom-embed\">\n\t\t\t<iframe loading=\"lazy\"\n\t\t\t\t\tsrc=\"https:\/\/maps.google.com\/maps?q=Cala%20l%E2%80%99Andrag%C3%B3&#038;t=m&#038;z=11&#038;output=embed&#038;iwloc=near\"\n\t\t\t\t\ttitle=\"Cala l\u2019Andrag\u00f3\"\n\t\t\t\t\taria-label=\"Cala l\u2019Andrag\u00f3\"\n\t\t\t><\/iframe>\n\t\t<\/div>\n\t\t\t\t\t\t<\/div>\n\t\t\t\t<\/div>\n\t\t\t\t\t<\/div>\n\t\t\t\t<\/div>\n\t\t<div class=\"elementor-element elementor-element-6c7c5ff3 e-flex e-con-boxed e-con e-parent\" data-id=\"6c7c5ff3\" data-element_type=\"container\" data-e-type=\"container\">\n\t\t\t\t\t<div class=\"e-con-inner\">\n\t\t\t\t<div class=\"elementor-element elementor-element-7d37d4fd elementor-widget elementor-widget-heading\" data-id=\"7d37d4fd\" data-element_type=\"widget\" data-e-type=\"widget\" data-widget_type=\"heading.default\">\n\t\t\t\t<div class=\"elementor-widget-container\">\n\t\t\t\t\t<h2 class=\"elementor-heading-title elementor-size-default\">Was man in Cala l\u2019Andrag\u00f3 sehen und unternehmen kann, um sie in vollen Z\u00fcgen zu genie\u00dfen\n<\/h2>\t\t\t\t<\/div>\n\t\t\t\t<\/div>\n\t\t\t\t<div class=\"elementor-element elementor-element-5c4d910a elementor-widget elementor-widget-text-editor\" data-id=\"5c4d910a\" data-element_type=\"widget\" data-e-type=\"widget\" data-widget_type=\"text-editor.default\">\n\t\t\t\t<div class=\"elementor-widget-container\">\n\t\t\t\t\t\t\t\t\t<p><span style=\"font-weight: 400;\">Die Magie der Cala l\u2019Andrag\u00f3 liegt nicht nur darin, sich in die Sonne zu legen, sondern auch darin, <\/span><b>wie sie Entspannung mit Aktivit\u00e4ten <\/b><span style=\"font-weight: 400;\">f\u00fcr jeden Geschmack verbindet.<\/span> <\/p><p><span style=\"font-weight: 400;\">Diese Bucht bietet <\/span><b>Schnorchelaktivit\u00e4ten<\/b><span style=\"font-weight: 400;\">, da ihr kristallklares Wasser und ihr felsiger Grund dazu einladen, eine Taucherbrille aufzusetzen und eine Unterwasserwelt voller bunter Fische zu entdecken. Man muss kein Schnorchel-Profi sein, es reicht, das Gesicht ins Wasser zu halten, um alles zu beobachten, was der Meeresboden bietet. <\/span><\/p><p><span style=\"font-weight: 400;\">Die <\/span><b>Strandpromenade<\/b><span style=\"font-weight: 400;\">  ist eine weitere Aktivit\u00e4t, die Sie nicht verpassen sollten. Sie ist perfekt f\u00fcr einen Spaziergang bei Sonnenuntergang, mit einem romantischen Touch, der eines Films w\u00fcrdig ist. Au\u00dferdem k\u00f6nnen Sie die   <\/span><b>lokale Gastronomie<\/b><span style=\"font-weight: 400;\"> genie\u00dfen, da es mehrere Bars und Restaurants gibt, in denen Sie Reisgerichte, frischen Fisch oder einfach nur ein Bier mit Blick auf den Horizont genie\u00dfen k\u00f6nnen.<\/span><\/p><p><span style=\"font-weight: 400;\">Sie d\u00fcrfen nicht vergessen, <\/span><b>Entspannungsaktivit\u00e4ten<\/b><span style=\"font-weight: 400;\">  in ihrer ganzen Pracht zu genie\u00dfen, denn manchmal ist Nichtstun der beste Plan, den man machen kann. Und in Cala l\u2019Andrag\u00f3 sieht Nichtstun noch sch\u00f6ner aus. <\/span><\/p>\t\t\t\t\t\t\t\t<\/div>\n\t\t\t\t<\/div>\n\t\t\t\t<div class=\"elementor-element elementor-element-4ca6553 elementor-widget elementor-widget-image\" data-id=\"4ca6553\" data-element_type=\"widget\" data-e-type=\"widget\" data-widget_type=\"image.default\">\n\t\t\t\t<div class=\"elementor-widget-container\">\n\t\t\t\t\t\t\t\t\t\t\t\t\t\t\t<img fetchpriority=\"high\" decoding=\"async\" width=\"1254\" height=\"627\" src=\"https:\/\/www.ontravelholidayrentals.com\/blog\/wp-content\/uploads\/2025\/09\/Cala-lAndrago.jpg\" class=\"attachment-full size-full wp-image-1110\" alt=\"\" srcset=\"https:\/\/www.ontravelholidayrentals.com\/blog\/wp-content\/uploads\/2025\/09\/Cala-lAndrago.jpg 1254w, https:\/\/www.ontravelholidayrentals.com\/blog\/wp-content\/uploads\/2025\/09\/Cala-lAndrago-300x150.jpg 300w, https:\/\/www.ontravelholidayrentals.com\/blog\/wp-content\/uploads\/2025\/09\/Cala-lAndrago-1024x512.jpg 1024w, https:\/\/www.ontravelholidayrentals.com\/blog\/wp-content\/uploads\/2025\/09\/Cala-lAndrago-768x384.jpg 768w\" sizes=\"(max-width: 1254px) 100vw, 1254px\" \/>\t\t\t\t\t\t\t\t\t\t\t\t\t\t\t<\/div>\n\t\t\t\t<\/div>\n\t\t\t\t\t<\/div>\n\t\t\t\t<\/div>\n\t\t<div class=\"elementor-element elementor-element-5c3ab60 e-flex e-con-boxed e-con e-parent\" data-id=\"5c3ab60\" data-element_type=\"container\" data-e-type=\"container\">\n\t\t\t\t\t<div class=\"e-con-inner\">\n\t\t\t\t<div class=\"elementor-element elementor-element-c28ad51 elementor-widget elementor-widget-heading\" data-id=\"c28ad51\" data-element_type=\"widget\" data-e-type=\"widget\" data-widget_type=\"heading.default\">\n\t\t\t\t<div class=\"elementor-widget-container\">\n\t\t\t\t\t<h2 class=\"elementor-heading-title elementor-size-default\">Wo man parken kann und wie man zu Fu\u00df dorthin gelangt, ohne etwas zu verpassen\n<\/h2>\t\t\t\t<\/div>\n\t\t\t\t<\/div>\n\t\t\t\t<div class=\"elementor-element elementor-element-70b7add elementor-widget elementor-widget-text-editor\" data-id=\"70b7add\" data-element_type=\"widget\" data-e-type=\"widget\" data-widget_type=\"text-editor.default\">\n\t\t\t\t<div class=\"elementor-widget-container\">\n\t\t\t\t\t\t\t\t\t<p><span style=\"font-weight: 400;\">Das Parken in Cala l\u2019Andrag\u00f3 ist <\/span><b>bequem<\/b><span style=\"font-weight: 400;\">, was man nicht von allen Buchten der Costa Blanca behaupten kann.<\/span><\/p><p><span style=\"font-weight: 400;\">Es bietet einen<\/span><b> ausgewiesenen Parkplatz<\/b><span style=\"font-weight: 400;\">  am Fu\u00dfe der Bucht, der in der Nebensaison kostenlos und unkompliziert ist. Aber auch ohne in der Hochsaison anzukommen, ist es besser, etwas fr\u00fcher aufzustehen oder am Nachmittag zu kommen, wenn sich der Strandtag zu leeren beginnt. <\/span><\/p><p><span style=\"font-weight: 400;\">Eine andere M\u00f6glichkeit ist, <\/span><b>das Auto in Moraira stehen zu lassen<\/b><span style=\"font-weight: 400;\"> und die etwa 20 Minuten lange Promenade hinunterzugehen, wobei Sie die Aussicht genie\u00dfen k\u00f6nnen, die die Strecke lohnenswert macht.<\/span><\/p><p><span style=\"font-weight: 400;\">Was den Zugang betrifft, so erwarten Sie keine komplizierte Wanderung, da <\/span><b>die Bucht auf Stra\u00dfenniveau liegt<\/b><span style=\"font-weight: 400;\">, mit angepasstem und einfachem Zugang, selbst wenn Sie einen Stuhl, eine K\u00fchlbox oder sogar eine Schwimmhilfe in Einhorn-Gr\u00f6\u00dfe mitnehmen.<\/span><\/p>\t\t\t\t\t\t\t\t<\/div>\n\t\t\t\t<\/div>\n\t\t\t\t\t<\/div>\n\t\t\t\t<\/div>\n\t\t<div class=\"elementor-element elementor-element-a118f3b e-flex e-con-boxed e-con e-parent\" data-id=\"a118f3b\" data-element_type=\"container\" data-e-type=\"container\">\n\t\t\t\t\t<div class=\"e-con-inner\">\n\t\t\t\t<div class=\"elementor-element elementor-element-d5eb29f elementor-widget elementor-widget-heading\" data-id=\"d5eb29f\" data-element_type=\"widget\" data-e-type=\"widget\" data-widget_type=\"heading.default\">\n\t\t\t\t<div class=\"elementor-widget-container\">\n\t\t\t\t\t<h2 class=\"elementor-heading-title elementor-size-default\">In Cala l\u2019Andrag\u00f3 verf\u00fcgbare Dienstleistungen f\u00fcr einen perfekten Besuch\n<\/h2>\t\t\t\t<\/div>\n\t\t\t\t<\/div>\n\t\t\t\t<div class=\"elementor-element elementor-element-0cbcc8f elementor-widget elementor-widget-text-editor\" data-id=\"0cbcc8f\" data-element_type=\"widget\" data-e-type=\"widget\" data-widget_type=\"text-editor.default\">\n\t\t\t\t<div class=\"elementor-widget-container\">\n\t\t\t\t\t\t\t\t\t<p><span style=\"font-weight: 400;\">Obwohl die Bucht klein ist,<\/span><b> ist sie gut ausgestattet, so dass es Ihnen an nichts fehlt, <\/b><span style=\"font-weight: 400;\">w\u00e4hrend Sie dort sind.<\/span><\/p><p><span style=\"font-weight: 400;\">Die Bucht verf\u00fcgt \u00fcber <\/span><b>Chiringuitos und Restaurants<\/b><span style=\"font-weight: 400;\"> am Strand, wo Reisgerichte fast schon eine Religion sind; au\u00dferdem bietet sie einen <\/span><b>Ruhebereich mit Terrasse<\/b><span style=\"font-weight: 400;\">, wo Sie etwas trinken k\u00f6nnen, ohne sich mit Sand zu beschmutzen.<\/span><\/p><p><span style=\"font-weight: 400;\">Es gibt einen <\/span><b>Felsenbereich<\/b><span style=\"font-weight: 400;\"> , in dem sich die Kleinsten, und nicht so Kleinen, damit besch\u00e4ftigen k\u00f6nnen, Krabben zu suchen, als w\u00e4ren sie professionelle Entdecker. Aber keine Sorge, es gibt auch  <\/span><b>bequeme und geeignete Zug\u00e4nge<\/b><span style=\"font-weight: 400;\"> f\u00fcr Familien.<\/span><\/p>\t\t\t\t\t\t\t\t<\/div>\n\t\t\t\t<\/div>\n\t\t\t\t<div class=\"elementor-element elementor-element-2d87d76 elementor-widget elementor-widget-image\" data-id=\"2d87d76\" data-element_type=\"widget\" data-e-type=\"widget\" data-widget_type=\"image.default\">\n\t\t\t\t<div class=\"elementor-widget-container\">\n\t\t\t\t\t\t\t\t\t\t\t\t\t\t\t<img decoding=\"async\" width=\"1254\" height=\"627\" src=\"https:\/\/www.ontravelholidayrentals.com\/blog\/wp-content\/uploads\/2025\/09\/Cala-lAndrago-costa-blanca.jpg\" class=\"attachment-full size-full wp-image-1118\" alt=\"Cala-lAndrago-costa-blanca.jpg\" srcset=\"https:\/\/www.ontravelholidayrentals.com\/blog\/wp-content\/uploads\/2025\/09\/Cala-lAndrago-costa-blanca.jpg 1254w, https:\/\/www.ontravelholidayrentals.com\/blog\/wp-content\/uploads\/2025\/09\/Cala-lAndrago-costa-blanca-300x150.jpg 300w, https:\/\/www.ontravelholidayrentals.com\/blog\/wp-content\/uploads\/2025\/09\/Cala-lAndrago-costa-blanca-1024x512.jpg 1024w, https:\/\/www.ontravelholidayrentals.com\/blog\/wp-content\/uploads\/2025\/09\/Cala-lAndrago-costa-blanca-768x384.jpg 768w\" sizes=\"(max-width: 1254px) 100vw, 1254px\" \/>\t\t\t\t\t\t\t\t\t\t\t\t\t\t\t<\/div>\n\t\t\t\t<\/div>\n\t\t\t\t\t<\/div>\n\t\t\t\t<\/div>\n\t\t<div class=\"elementor-element elementor-element-d88e981 e-flex e-con-boxed e-con e-parent\" data-id=\"d88e981\" data-element_type=\"container\" data-e-type=\"container\">\n\t\t\t\t\t<div class=\"e-con-inner\">\n\t\t\t\t<div class=\"elementor-element elementor-element-98cbcdc elementor-widget elementor-widget-heading\" data-id=\"98cbcdc\" data-element_type=\"widget\" data-e-type=\"widget\" data-widget_type=\"heading.default\">\n\t\t\t\t<div class=\"elementor-widget-container\">\n\t\t\t\t\t<h2 class=\"elementor-heading-title elementor-size-default\">Wann man Cala l\u2019Andrag\u00f3 besuchen sollte und praktische Tipps f\u00fcr Ihren Ausflug<\/h2>\t\t\t\t<\/div>\n\t\t\t\t<\/div>\n\t\t\t\t<div class=\"elementor-element elementor-element-f6edcd6 elementor-widget elementor-widget-text-editor\" data-id=\"f6edcd6\" data-element_type=\"widget\" data-e-type=\"widget\" data-widget_type=\"text-editor.default\">\n\t\t\t\t<div class=\"elementor-widget-container\">\n\t\t\t\t\t\t\t\t\t<p><span style=\"font-weight: 400;\">In Cala l\u2019Andrag\u00f3 hat jede Jahreszeit ihren eigenen Charme. <\/span><b>Im Fr\u00fchling und Herbst<\/b><span style=\"font-weight: 400;\"> finden Sie weniger Leute, <\/span><b>mildere Temperaturen<\/b><span style=\"font-weight: 400;\"> und einladendes Wasser, je nachdem, was das Thermostat anzeigt.<\/span><\/p><p><span style=\"font-weight: 400;\">Im <\/span><b>Sommer<\/b><span style=\"font-weight: 400;\"> finden Sie eine <\/span><b>lebhafte Atmosph\u00e4re<\/b><span style=\"font-weight: 400;\">, l\u00e4ngere Tage und diesen Hauch von mediterranem Fest. Aber Sie m\u00fcssen fr\u00fch aufstehen, wenn Sie Ihr Handtuch in der ersten Reihe des Strandes auslegen wollen. <\/span><\/p><p><span style=\"font-weight: 400;\">Der <\/span><b>Winter<\/b><span style=\"font-weight: 400;\">  bietet ebenfalls Pl\u00e4ne. Er ist perfekt, um spazieren zu gehen, ein Bier am Meer zu trinken (nehmen Sie aber eine Jacke mit) und sich als Besitzer einer  <\/span><b>Landschaft zu f\u00fchlen, die fast ausschlie\u00dflich Ihnen geh\u00f6rt<\/b><span style=\"font-weight: 400;\">.<\/span><\/p><p><span style=\"font-weight: 400;\">Zu den Tipps, die nie fehlschlagen, geh\u00f6rt, dass Sie, wenn Sie die Felsen erkunden wollen, aber keine Sturzgefahr eingehen wollen, <\/span><b>Badeschuhe<\/b> mitnehmen sollten<span style=\"font-weight: 400;\">. Aber wenn Sie zu denen geh\u00f6ren, die lieber eine Unterwasserpostkarte genie\u00dfen, denken Sie daran, auch Ihre <\/span><b>Schnorchelbrille<\/b><span style=\"font-weight: 400;\"> mitzunehmen.<\/span><\/p><p><span style=\"font-weight: 400;\">Falls Sie vorhaben, dort zu essen, empfehlen wir Ihnen, <\/span><b>im Voraus zu reservieren<\/b><span style=\"font-weight: 400;\">, besonders in der Hochsaison, da jeder diesen Tisch mit Aussicht haben m\u00f6chte.<\/span><\/p><p><span style=\"font-weight: 400;\">Und denken Sie nat\u00fcrlich an <\/span><b>Sonnencreme<\/b><span style=\"font-weight: 400;\"> und eine <\/span><b>Flasche Wasser<\/b><span style=\"font-weight: 400;\">, um m\u00f6gliche unerfreuliche \u00dcberraschungen in letzter Minute zu vermeiden, die Ihren Aufenthalt verderben k\u00f6nnten.<\/span><\/p>\t\t\t\t\t\t\t\t<\/div>\n\t\t\t\t<\/div>\n\t\t\t\t\t<\/div>\n\t\t\t\t<\/div>\n\t\t<div class=\"elementor-element elementor-element-9eca1d9 e-flex e-con-boxed e-con e-parent\" data-id=\"9eca1d9\" data-element_type=\"container\" data-e-type=\"container\">\n\t\t\t\t\t<div class=\"e-con-inner\">\n\t\t\t\t<div class=\"elementor-element elementor-element-7aab6f7 elementor-widget elementor-widget-heading\" data-id=\"7aab6f7\" data-element_type=\"widget\" data-e-type=\"widget\" data-widget_type=\"heading.default\">\n\t\t\t\t<div class=\"elementor-widget-container\">\n\t\t\t\t\t<h2 class=\"elementor-heading-title elementor-size-default\">Warum Cala l\u2019Andrag\u00f3 Sie vom ersten Moment an erobern wird?\n<\/h2>\t\t\t\t<\/div>\n\t\t\t\t<\/div>\n\t\t\t\t<div class=\"elementor-element elementor-element-75b6332 elementor-widget elementor-widget-text-editor\" data-id=\"75b6332\" data-element_type=\"widget\" data-e-type=\"widget\" data-widget_type=\"text-editor.default\">\n\t\t\t\t<div class=\"elementor-widget-container\">\n\t\t\t\t\t\t\t\t\t<p><span style=\"font-weight: 400;\">Cala l\u2019Andrag\u00f3 hat alles, was man sich f\u00fcr einen perfekten Urlaub w\u00fcnscht. Sie hat diesen Hauch von  <\/span><b>versteckter Bucht<\/b><span style=\"font-weight: 400;\">, aber begleitet von allen Annehmlichkeiten, transparentem Wasser, gutem Essen und einer entspannten Atmosph\u00e4re ohne \u00fcbertriebene Massen.<\/span><\/p><p><span style=\"font-weight: 400;\">Wenn Sie m\u00f6chten, dass Ihr Besuch ein H\u00f6chstma\u00df an Genuss erreicht, denken Sie daran, dass Sie eine Unterkunft ben\u00f6tigen, die es wert ist. <\/span><b>Kontaktieren Sie uns, um Ihr Apartment in Moraira zu buchen<\/b><span style=\"font-weight: 400;\">  mit allen Annehmlichkeiten. Wir erwarten Sie! <\/span><\/p>\t\t\t\t\t\t\t\t<\/div>\n\t\t\t\t<\/div>\n\t\t\t\t\t<\/div>\n\t\t\t\t<\/div>\n\t\t<div class=\"elementor-element elementor-element-48de704a e-flex e-con-boxed e-con e-parent\" data-id=\"48de704a\" data-element_type=\"container\" data-e-type=\"container\">\n\t\t\t\t\t<div class=\"e-con-inner\">\n\t\t\t\t<div class=\"elementor-element elementor-element-7dc3620e elementor-widget elementor-widget-grid\" data-id=\"7dc3620e\" data-element_type=\"widget\" data-e-type=\"widget\" data-widget_type=\"grid.default\">\n\t\t\t\t<div class=\"elementor-widget-container\">\n\t\t\t\t\t\t\t<div class=\"its--row alojamientos-recomendados\">\n\n\t\t\t<div class=\"alojamientos-recomendados-container\">\n\n\t\t\t\t\t\n\t\t\t\t\t<a href=\"https:\/\/www.ontravelholidayrentals.com\/de\/vermietung\/villa-oliva-villa-vermeer-51-460858.html\" rel=\"nofollow\" style=\"width: 23%;\">\n\t\t\t\t\t\t<div class=\"apartamento-box\">\n\t\t\t\t\t\t\t<div class=\"imagen_recomendados\">\n\t\t\t\t\t\t\t\t<img decoding=\"async\" src=\"https:\/\/crs.avantio.com\/fotos\/2\/1703084140d3f439d9b3375a13b4f0e50afb895aaa\/big1703332585741831091dd4ad756385090fb49199ea.jpg\" alt=\"Villa Colibri by ON Travel\">\n\t\t\t\t\t\t\t<\/div>\n\t\t\t\t\t\t\t<div class=\"info\">\n\t\t\t\t\t\t\t\t<div class=\"ubicacion\">\n\t\t\t\t\t\t\t\t\t<i class=\"fa-solid fa-location-dot icono-mapa\"><\/i><span class=\"ubicacion-texto\">Oliva - Valencia Provinz<\/span>\n\t\t\t\t\t\t\t\t<\/div>\n\t\t\t\t\t\t\t\t<H4 class=\"titulo-alojamiento\">\n\t\t\t\t\t\t\t\t\tVilla Colibri by ON Travel\t\t\t\t\t\t\t\t<\/H4>\n\t\t\t\t\t\t\t\t<p class=\"precio-alojamiento\">Aus <span class=\"precio\">328.00\u20ac<\/span> pro Nacht<\/p>\n\t\t\t\t\t\t\t<\/div>\n\t\t\t\t\t\t<\/div>\n\t\t\t\t\t<\/a> \n\t\t\t\t\t\t\n\t\t\t\t\t<a href=\"https:\/\/www.ontravelholidayrentals.com\/de\/vermietung\/villa-oliva-villa-vermeer-21-461268.html\" rel=\"nofollow\" style=\"width: 23%;\">\n\t\t\t\t\t\t<div class=\"apartamento-box\">\n\t\t\t\t\t\t\t<div class=\"imagen_recomendados\">\n\t\t\t\t\t\t\t\t<img decoding=\"async\" src=\"https:\/\/crs.avantio.com\/fotos\/2\/1703335589811fbc048cd27ef2e70871e03571a65f\/big17033356189dc73706c960d3ef8712f0c901543b8b.jpg\" alt=\"Villa Solana  by ON Travel\">\n\t\t\t\t\t\t\t<\/div>\n\t\t\t\t\t\t\t<div class=\"info\">\n\t\t\t\t\t\t\t\t<div class=\"ubicacion\">\n\t\t\t\t\t\t\t\t\t<i class=\"fa-solid fa-location-dot icono-mapa\"><\/i><span class=\"ubicacion-texto\">Oliva - Valencia Provinz<\/span>\n\t\t\t\t\t\t\t\t<\/div>\n\t\t\t\t\t\t\t\t<H4 class=\"titulo-alojamiento\">\n\t\t\t\t\t\t\t\t\tVilla Solana  by ON Travel\t\t\t\t\t\t\t\t<\/H4>\n\t\t\t\t\t\t\t\t<p class=\"precio-alojamiento\">Aus <span class=\"precio\">217.00\u20ac<\/span> pro Nacht<\/p>\n\t\t\t\t\t\t\t<\/div>\n\t\t\t\t\t\t<\/div>\n\t\t\t\t\t<\/a> \n\t\t\t\t\t\t\n\t\t\t\t\t<a href=\"https:\/\/www.ontravelholidayrentals.com\/de\/vermietung\/villa-oliva-villa-vermeer-25-461292.html\" rel=\"nofollow\" style=\"width: 23%;\">\n\t\t\t\t\t\t<div class=\"apartamento-box\">\n\t\t\t\t\t\t\t<div class=\"imagen_recomendados\">\n\t\t\t\t\t\t\t\t<img decoding=\"async\" src=\"https:\/\/crs.avantio.com\/fotos\/2\/1705335735591b101a10adf0c9165b293b19af3489\/big1705335762de9703dc1854540c9777fd4932b0499a.jpg\" alt=\"Greenside oasis villa by ON Travel\">\n\t\t\t\t\t\t\t<\/div>\n\t\t\t\t\t\t\t<div class=\"info\">\n\t\t\t\t\t\t\t\t<div class=\"ubicacion\">\n\t\t\t\t\t\t\t\t\t<i class=\"fa-solid fa-location-dot icono-mapa\"><\/i><span class=\"ubicacion-texto\">Oliva - Valencia Provinz<\/span>\n\t\t\t\t\t\t\t\t<\/div>\n\t\t\t\t\t\t\t\t<H4 class=\"titulo-alojamiento\">\n\t\t\t\t\t\t\t\t\tGreenside oasis villa by ON Travel\t\t\t\t\t\t\t\t<\/H4>\n\t\t\t\t\t\t\t\t<p class=\"precio-alojamiento\">Aus <span class=\"precio\">328.00\u20ac<\/span> pro Nacht<\/p>\n\t\t\t\t\t\t\t<\/div>\n\t\t\t\t\t\t<\/div>\n\t\t\t\t\t<\/a> \n\t\t\t\t\t\t\n\t\t\t\t\t<a href=\"https:\/\/www.ontravelholidayrentals.com\/de\/vermietung\/villa-oliva-villa-vermeer-43-461293.html\" rel=\"nofollow\" style=\"width: 23%;\">\n\t\t\t\t\t\t<div class=\"apartamento-box\">\n\t\t\t\t\t\t\t<div class=\"imagen_recomendados\">\n\t\t\t\t\t\t\t\t<img decoding=\"async\" src=\"https:\/\/crs.avantio.com\/fotos\/2\/17054241108ffb3352fb1b6efd3c6e1c3097debf40\/big170542451565ad5f2b0843b6346526f00ede7b3ef7.jpg\" alt=\"Villa Cisne by ON Travel\">\n\t\t\t\t\t\t\t<\/div>\n\t\t\t\t\t\t\t<div class=\"info\">\n\t\t\t\t\t\t\t\t<div class=\"ubicacion\">\n\t\t\t\t\t\t\t\t\t<i class=\"fa-solid fa-location-dot icono-mapa\"><\/i><span class=\"ubicacion-texto\">Oliva - Valencia Provinz<\/span>\n\t\t\t\t\t\t\t\t<\/div>\n\t\t\t\t\t\t\t\t<H4 class=\"titulo-alojamiento\">\n\t\t\t\t\t\t\t\t\tVilla Cisne by ON Travel\t\t\t\t\t\t\t\t<\/H4>\n\t\t\t\t\t\t\t\t<p class=\"precio-alojamiento\">Aus <span class=\"precio\">205.00\u20ac<\/span> pro Nacht<\/p>\n\t\t\t\t\t\t\t<\/div>\n\t\t\t\t\t\t<\/div>\n\t\t\t\t\t<\/a> \n\t\t\t\t\t\t\t\t<\/div>\n\t\t\t<\/div>\n\t\t\t\t\t\t<\/div>\n\t\t\t\t<\/div>\n\t\t\t\t\t<\/div>\n\t\t\t\t<\/div>\n\t\t\t\t<\/div>\n\t\t","protected":false},"excerpt":{"rendered":"<p>Cala l\u2019Andrag\u00f3: die bezauberndste Ecke der Costa Blanca Stellen Sie sich eine Bucht vor, die kristallklares Wasser, felsige Ecken, die ideal zum Tauchen sind, ein charmantes Restaurant und eine entspannte Atmosph\u00e4re im Herzen der Costa Blanca vereint. Klingt gut, oder? Nun, dieser Ort ist die Cala l\u2019Andrag\u00f3 in Moraira. Ein kleiner Schatz der Marina Alta [&hellip;]<\/p>\n","protected":false},"author":4,"featured_media":1114,"comment_status":"open","ping_status":"open","sticky":false,"template":"elementor_header_footer","format":"standard","meta":{"footnotes":""},"categories":[29],"tags":[72],"class_list":["post-1158","post","type-post","status-publish","format-standard","has-post-thumbnail","hentry","category-costa-blanca-de","tag-no-template"],"yoast_head":"<!-- This site is optimized with the Yoast SEO plugin v25.2 - https:\/\/yoast.com\/wordpress\/plugins\/seo\/ -->\n<title>Cala l\u2019Andrag\u00f3: die bezauberndste Ecke der Costa Blanca - Blog<\/title>\n<meta name=\"description\" content=\"Cala Andrago: Mittelmeerzauber an der Costa Blanca!\" \/>\n<meta name=\"robots\" content=\"index, follow, max-snippet:-1, max-image-preview:large, max-video-preview:-1\" \/>\n<link rel=\"canonical\" href=\"https:\/\/www.ontravelholidayrentals.com\/blog\/de\/cala-andrago\/\" \/>\n<meta property=\"og:locale\" content=\"de_DE\" \/>\n<meta property=\"og:type\" content=\"article\" \/>\n<meta property=\"og:title\" content=\"Cala l\u2019Andrag\u00f3: die bezauberndste Ecke der Costa Blanca - Blog\" \/>\n<meta property=\"og:description\" content=\"Cala Andrago: Mittelmeerzauber an der Costa Blanca!\" \/>\n<meta property=\"og:url\" content=\"https:\/\/www.ontravelholidayrentals.com\/blog\/de\/cala-andrago\/\" \/>\n<meta property=\"og:site_name\" content=\"Blog\" \/>\n<meta property=\"article:published_time\" content=\"2025-09-08T11:25:51+00:00\" \/>\n<meta property=\"article:modified_time\" content=\"2025-09-25T11:31:26+00:00\" \/>\n<meta property=\"og:image\" content=\"https:\/\/www.ontravelholidayrentals.com\/blog\/wp-content\/uploads\/2025\/09\/Cala-lAndrago-Alicante.jpg\" \/>\n\t<meta property=\"og:image:width\" content=\"2121\" \/>\n\t<meta property=\"og:image:height\" content=\"707\" \/>\n\t<meta property=\"og:image:type\" content=\"image\/jpeg\" \/>\n<meta name=\"author\" content=\"Axel\" \/>\n<meta name=\"twitter:card\" content=\"summary_large_image\" \/>\n<meta name=\"twitter:label1\" content=\"Verfasst von\" \/>\n\t<meta name=\"twitter:data1\" content=\"Axel\" \/>\n\t<meta name=\"twitter:label2\" content=\"Gesch\u00e4tzte Lesezeit\" \/>\n\t<meta name=\"twitter:data2\" content=\"6\u00a0Minuten\" \/>\n<script type=\"application\/ld+json\" class=\"yoast-schema-graph\">{\"@context\":\"https:\/\/schema.org\",\"@graph\":[{\"@type\":\"Article\",\"@id\":\"https:\/\/www.ontravelholidayrentals.com\/blog\/de\/cala-andrago\/#article\",\"isPartOf\":{\"@id\":\"https:\/\/www.ontravelholidayrentals.com\/blog\/de\/cala-andrago\/\"},\"author\":{\"name\":\"Axel\",\"@id\":\"https:\/\/www.ontravelholidayrentals.com\/blog\/de\/#\/schema\/person\/907601cb91b08af60b0fec9e629a4883\"},\"headline\":\"Cala l\u2019Andrag\u00f3: die bezauberndste Ecke der Costa Blanca\",\"datePublished\":\"2025-09-08T11:25:51+00:00\",\"dateModified\":\"2025-09-25T11:31:26+00:00\",\"mainEntityOfPage\":{\"@id\":\"https:\/\/www.ontravelholidayrentals.com\/blog\/de\/cala-andrago\/\"},\"wordCount\":1125,\"commentCount\":0,\"publisher\":{\"@id\":\"https:\/\/www.ontravelholidayrentals.com\/blog\/de\/#organization\"},\"image\":{\"@id\":\"https:\/\/www.ontravelholidayrentals.com\/blog\/de\/cala-andrago\/#primaryimage\"},\"thumbnailUrl\":\"https:\/\/www.ontravelholidayrentals.com\/blog\/wp-content\/uploads\/2025\/09\/Cala-lAndrago-Alicante.jpg\",\"keywords\":[\"no template\"],\"articleSection\":[\"Costa Blanca\"],\"inLanguage\":\"de\",\"potentialAction\":[{\"@type\":\"CommentAction\",\"name\":\"Comment\",\"target\":[\"https:\/\/www.ontravelholidayrentals.com\/blog\/de\/cala-andrago\/#respond\"]}]},{\"@type\":\"WebPage\",\"@id\":\"https:\/\/www.ontravelholidayrentals.com\/blog\/de\/cala-andrago\/\",\"url\":\"https:\/\/www.ontravelholidayrentals.com\/blog\/de\/cala-andrago\/\",\"name\":\"Cala l\u2019Andrag\u00f3: die bezauberndste Ecke der Costa Blanca - Blog\",\"isPartOf\":{\"@id\":\"https:\/\/www.ontravelholidayrentals.com\/blog\/de\/#website\"},\"primaryImageOfPage\":{\"@id\":\"https:\/\/www.ontravelholidayrentals.com\/blog\/de\/cala-andrago\/#primaryimage\"},\"image\":{\"@id\":\"https:\/\/www.ontravelholidayrentals.com\/blog\/de\/cala-andrago\/#primaryimage\"},\"thumbnailUrl\":\"https:\/\/www.ontravelholidayrentals.com\/blog\/wp-content\/uploads\/2025\/09\/Cala-lAndrago-Alicante.jpg\",\"datePublished\":\"2025-09-08T11:25:51+00:00\",\"dateModified\":\"2025-09-25T11:31:26+00:00\",\"description\":\"Cala Andrago: Mittelmeerzauber an der Costa Blanca!\",\"breadcrumb\":{\"@id\":\"https:\/\/www.ontravelholidayrentals.com\/blog\/de\/cala-andrago\/#breadcrumb\"},\"inLanguage\":\"de\",\"potentialAction\":[{\"@type\":\"ReadAction\",\"target\":[\"https:\/\/www.ontravelholidayrentals.com\/blog\/de\/cala-andrago\/\"]}]},{\"@type\":\"ImageObject\",\"inLanguage\":\"de\",\"@id\":\"https:\/\/www.ontravelholidayrentals.com\/blog\/de\/cala-andrago\/#primaryimage\",\"url\":\"https:\/\/www.ontravelholidayrentals.com\/blog\/wp-content\/uploads\/2025\/09\/Cala-lAndrago-Alicante.jpg\",\"contentUrl\":\"https:\/\/www.ontravelholidayrentals.com\/blog\/wp-content\/uploads\/2025\/09\/Cala-lAndrago-Alicante.jpg\",\"width\":2121,\"height\":707,\"caption\":\"Ibiza Punta de Sa Galera beach in San Antonio at Balearic Islands Spain\"},{\"@type\":\"BreadcrumbList\",\"@id\":\"https:\/\/www.ontravelholidayrentals.com\/blog\/de\/cala-andrago\/#breadcrumb\",\"itemListElement\":[{\"@type\":\"ListItem\",\"position\":1,\"name\":\"Portada\",\"item\":\"https:\/\/www.ontravelholidayrentals.com\/blog\/de\/\"},{\"@type\":\"ListItem\",\"position\":2,\"name\":\"Cala l\u2019Andrag\u00f3: die bezauberndste Ecke der Costa Blanca\"}]},{\"@type\":\"WebSite\",\"@id\":\"https:\/\/www.ontravelholidayrentals.com\/blog\/de\/#website\",\"url\":\"https:\/\/www.ontravelholidayrentals.com\/blog\/de\/\",\"name\":\"Blog\",\"description\":\"Ontravelholidayrentals\",\"publisher\":{\"@id\":\"https:\/\/www.ontravelholidayrentals.com\/blog\/de\/#organization\"},\"potentialAction\":[{\"@type\":\"SearchAction\",\"target\":{\"@type\":\"EntryPoint\",\"urlTemplate\":\"https:\/\/www.ontravelholidayrentals.com\/blog\/de\/?s={search_term_string}\"},\"query-input\":{\"@type\":\"PropertyValueSpecification\",\"valueRequired\":true,\"valueName\":\"search_term_string\"}}],\"inLanguage\":\"de\"},{\"@type\":\"Organization\",\"@id\":\"https:\/\/www.ontravelholidayrentals.com\/blog\/de\/#organization\",\"name\":\"Blog\",\"url\":\"https:\/\/www.ontravelholidayrentals.com\/blog\/de\/\",\"logo\":{\"@type\":\"ImageObject\",\"inLanguage\":\"de\",\"@id\":\"https:\/\/www.ontravelholidayrentals.com\/blog\/de\/#\/schema\/logo\/image\/\",\"url\":\"https:\/\/www.ontravelholidayrentals.com\/blog\/wp-content\/uploads\/2025\/02\/logo-oliva-nova.webp\",\"contentUrl\":\"https:\/\/www.ontravelholidayrentals.com\/blog\/wp-content\/uploads\/2025\/02\/logo-oliva-nova.webp\",\"width\":2454,\"height\":875,\"caption\":\"Blog\"},\"image\":{\"@id\":\"https:\/\/www.ontravelholidayrentals.com\/blog\/de\/#\/schema\/logo\/image\/\"}},{\"@type\":\"Person\",\"@id\":\"https:\/\/www.ontravelholidayrentals.com\/blog\/de\/#\/schema\/person\/907601cb91b08af60b0fec9e629a4883\",\"name\":\"Axel\",\"image\":{\"@type\":\"ImageObject\",\"inLanguage\":\"de\",\"@id\":\"https:\/\/www.ontravelholidayrentals.com\/blog\/de\/#\/schema\/person\/image\/\",\"url\":\"https:\/\/secure.gravatar.com\/avatar\/3bd706736e5b70f21f05f6c2d5cad746767782a4ba4b7df399c5969e2a9318fd?s=96&d=mm&r=g\",\"contentUrl\":\"https:\/\/secure.gravatar.com\/avatar\/3bd706736e5b70f21f05f6c2d5cad746767782a4ba4b7df399c5969e2a9318fd?s=96&d=mm&r=g\",\"caption\":\"Axel\"},\"url\":\"https:\/\/www.ontravelholidayrentals.com\/blog\/de\/author\/axel\/\"}]}<\/script>\n<!-- \/ Yoast SEO plugin. -->","yoast_head_json":{"title":"Cala l\u2019Andrag\u00f3: die bezauberndste Ecke der Costa Blanca - Blog","description":"Cala Andrago: Mittelmeerzauber an der Costa Blanca!","robots":{"index":"index","follow":"follow","max-snippet":"max-snippet:-1","max-image-preview":"max-image-preview:large","max-video-preview":"max-video-preview:-1"},"canonical":"https:\/\/www.ontravelholidayrentals.com\/blog\/de\/cala-andrago\/","og_locale":"de_DE","og_type":"article","og_title":"Cala l\u2019Andrag\u00f3: die bezauberndste Ecke der Costa Blanca - Blog","og_description":"Cala Andrago: Mittelmeerzauber an der Costa Blanca!","og_url":"https:\/\/www.ontravelholidayrentals.com\/blog\/de\/cala-andrago\/","og_site_name":"Blog","article_published_time":"2025-09-08T11:25:51+00:00","article_modified_time":"2025-09-25T11:31:26+00:00","og_image":[{"width":2121,"height":707,"url":"https:\/\/www.ontravelholidayrentals.com\/blog\/wp-content\/uploads\/2025\/09\/Cala-lAndrago-Alicante.jpg","type":"image\/jpeg"}],"author":"Axel","twitter_card":"summary_large_image","twitter_misc":{"Verfasst von":"Axel","Gesch\u00e4tzte Lesezeit":"6\u00a0Minuten"},"schema":{"@context":"https:\/\/schema.org","@graph":[{"@type":"Article","@id":"https:\/\/www.ontravelholidayrentals.com\/blog\/de\/cala-andrago\/#article","isPartOf":{"@id":"https:\/\/www.ontravelholidayrentals.com\/blog\/de\/cala-andrago\/"},"author":{"name":"Axel","@id":"https:\/\/www.ontravelholidayrentals.com\/blog\/de\/#\/schema\/person\/907601cb91b08af60b0fec9e629a4883"},"headline":"Cala l\u2019Andrag\u00f3: die bezauberndste Ecke der Costa Blanca","datePublished":"2025-09-08T11:25:51+00:00","dateModified":"2025-09-25T11:31:26+00:00","mainEntityOfPage":{"@id":"https:\/\/www.ontravelholidayrentals.com\/blog\/de\/cala-andrago\/"},"wordCount":1125,"commentCount":0,"publisher":{"@id":"https:\/\/www.ontravelholidayrentals.com\/blog\/de\/#organization"},"image":{"@id":"https:\/\/www.ontravelholidayrentals.com\/blog\/de\/cala-andrago\/#primaryimage"},"thumbnailUrl":"https:\/\/www.ontravelholidayrentals.com\/blog\/wp-content\/uploads\/2025\/09\/Cala-lAndrago-Alicante.jpg","keywords":["no template"],"articleSection":["Costa Blanca"],"inLanguage":"de","potentialAction":[{"@type":"CommentAction","name":"Comment","target":["https:\/\/www.ontravelholidayrentals.com\/blog\/de\/cala-andrago\/#respond"]}]},{"@type":"WebPage","@id":"https:\/\/www.ontravelholidayrentals.com\/blog\/de\/cala-andrago\/","url":"https:\/\/www.ontravelholidayrentals.com\/blog\/de\/cala-andrago\/","name":"Cala l\u2019Andrag\u00f3: die bezauberndste Ecke der Costa Blanca - Blog","isPartOf":{"@id":"https:\/\/www.ontravelholidayrentals.com\/blog\/de\/#website"},"primaryImageOfPage":{"@id":"https:\/\/www.ontravelholidayrentals.com\/blog\/de\/cala-andrago\/#primaryimage"},"image":{"@id":"https:\/\/www.ontravelholidayrentals.com\/blog\/de\/cala-andrago\/#primaryimage"},"thumbnailUrl":"https:\/\/www.ontravelholidayrentals.com\/blog\/wp-content\/uploads\/2025\/09\/Cala-lAndrago-Alicante.jpg","datePublished":"2025-09-08T11:25:51+00:00","dateModified":"2025-09-25T11:31:26+00:00","description":"Cala Andrago: Mittelmeerzauber an der Costa Blanca!","breadcrumb":{"@id":"https:\/\/www.ontravelholidayrentals.com\/blog\/de\/cala-andrago\/#breadcrumb"},"inLanguage":"de","potentialAction":[{"@type":"ReadAction","target":["https:\/\/www.ontravelholidayrentals.com\/blog\/de\/cala-andrago\/"]}]},{"@type":"ImageObject","inLanguage":"de","@id":"https:\/\/www.ontravelholidayrentals.com\/blog\/de\/cala-andrago\/#primaryimage","url":"https:\/\/www.ontravelholidayrentals.com\/blog\/wp-content\/uploads\/2025\/09\/Cala-lAndrago-Alicante.jpg","contentUrl":"https:\/\/www.ontravelholidayrentals.com\/blog\/wp-content\/uploads\/2025\/09\/Cala-lAndrago-Alicante.jpg","width":2121,"height":707,"caption":"Ibiza Punta de Sa Galera beach in San Antonio at Balearic Islands Spain"},{"@type":"BreadcrumbList","@id":"https:\/\/www.ontravelholidayrentals.com\/blog\/de\/cala-andrago\/#breadcrumb","itemListElement":[{"@type":"ListItem","position":1,"name":"Portada","item":"https:\/\/www.ontravelholidayrentals.com\/blog\/de\/"},{"@type":"ListItem","position":2,"name":"Cala l\u2019Andrag\u00f3: die bezauberndste Ecke der Costa Blanca"}]},{"@type":"WebSite","@id":"https:\/\/www.ontravelholidayrentals.com\/blog\/de\/#website","url":"https:\/\/www.ontravelholidayrentals.com\/blog\/de\/","name":"Blog","description":"Ontravelholidayrentals","publisher":{"@id":"https:\/\/www.ontravelholidayrentals.com\/blog\/de\/#organization"},"potentialAction":[{"@type":"SearchAction","target":{"@type":"EntryPoint","urlTemplate":"https:\/\/www.ontravelholidayrentals.com\/blog\/de\/?s={search_term_string}"},"query-input":{"@type":"PropertyValueSpecification","valueRequired":true,"valueName":"search_term_string"}}],"inLanguage":"de"},{"@type":"Organization","@id":"https:\/\/www.ontravelholidayrentals.com\/blog\/de\/#organization","name":"Blog","url":"https:\/\/www.ontravelholidayrentals.com\/blog\/de\/","logo":{"@type":"ImageObject","inLanguage":"de","@id":"https:\/\/www.ontravelholidayrentals.com\/blog\/de\/#\/schema\/logo\/image\/","url":"https:\/\/www.ontravelholidayrentals.com\/blog\/wp-content\/uploads\/2025\/02\/logo-oliva-nova.webp","contentUrl":"https:\/\/www.ontravelholidayrentals.com\/blog\/wp-content\/uploads\/2025\/02\/logo-oliva-nova.webp","width":2454,"height":875,"caption":"Blog"},"image":{"@id":"https:\/\/www.ontravelholidayrentals.com\/blog\/de\/#\/schema\/logo\/image\/"}},{"@type":"Person","@id":"https:\/\/www.ontravelholidayrentals.com\/blog\/de\/#\/schema\/person\/907601cb91b08af60b0fec9e629a4883","name":"Axel","image":{"@type":"ImageObject","inLanguage":"de","@id":"https:\/\/www.ontravelholidayrentals.com\/blog\/de\/#\/schema\/person\/image\/","url":"https:\/\/secure.gravatar.com\/avatar\/3bd706736e5b70f21f05f6c2d5cad746767782a4ba4b7df399c5969e2a9318fd?s=96&d=mm&r=g","contentUrl":"https:\/\/secure.gravatar.com\/avatar\/3bd706736e5b70f21f05f6c2d5cad746767782a4ba4b7df399c5969e2a9318fd?s=96&d=mm&r=g","caption":"Axel"},"url":"https:\/\/www.ontravelholidayrentals.com\/blog\/de\/author\/axel\/"}]}},"_links":{"self":[{"href":"https:\/\/www.ontravelholidayrentals.com\/blog\/de\/wp-json\/wp\/v2\/posts\/1158","targetHints":{"allow":["GET"]}}],"collection":[{"href":"https:\/\/www.ontravelholidayrentals.com\/blog\/de\/wp-json\/wp\/v2\/posts"}],"about":[{"href":"https:\/\/www.ontravelholidayrentals.com\/blog\/de\/wp-json\/wp\/v2\/types\/post"}],"author":[{"embeddable":true,"href":"https:\/\/www.ontravelholidayrentals.com\/blog\/de\/wp-json\/wp\/v2\/users\/4"}],"replies":[{"embeddable":true,"href":"https:\/\/www.ontravelholidayrentals.com\/blog\/de\/wp-json\/wp\/v2\/comments?post=1158"}],"version-history":[{"count":1,"href":"https:\/\/www.ontravelholidayrentals.com\/blog\/de\/wp-json\/wp\/v2\/posts\/1158\/revisions"}],"predecessor-version":[{"id":1159,"href":"https:\/\/www.ontravelholidayrentals.com\/blog\/de\/wp-json\/wp\/v2\/posts\/1158\/revisions\/1159"}],"wp:featuredmedia":[{"embeddable":true,"href":"https:\/\/www.ontravelholidayrentals.com\/blog\/de\/wp-json\/wp\/v2\/media\/1114"}],"wp:attachment":[{"href":"https:\/\/www.ontravelholidayrentals.com\/blog\/de\/wp-json\/wp\/v2\/media?parent=1158"}],"wp:term":[{"taxonomy":"category","embeddable":true,"href":"https:\/\/www.ontravelholidayrentals.com\/blog\/de\/wp-json\/wp\/v2\/categories?post=1158"},{"taxonomy":"post_tag","embeddable":true,"href":"https:\/\/www.ontravelholidayrentals.com\/blog\/de\/wp-json\/wp\/v2\/tags?post=1158"}],"curies":[{"name":"wp","href":"https:\/\/api.w.org\/{rel}","templated":true}]}}