{"id":1152,"date":"2025-09-08T11:43:15","date_gmt":"2025-09-08T11:43:15","guid":{"rendered":"https:\/\/www.ontravelholidayrentals.com\/blog\/?p=1152"},"modified":"2025-09-29T11:42:31","modified_gmt":"2025-09-29T11:42:31","slug":"naturpark-marjal-pego-oliva","status":"publish","type":"post","link":"https:\/\/www.ontravelholidayrentals.com\/blog\/de\/naturpark-marjal-pego-oliva\/","title":{"rendered":"Naturpark Marjal de Pego-Oliva: ein Schatz zwischen Meer und Bergen"},"content":{"rendered":"\t\t<div data-elementor-type=\"wp-post\" data-elementor-id=\"1152\" class=\"elementor elementor-1152 elementor-1096\" data-elementor-post-type=\"post\">\n\t\t\t\t<div class=\"elementor-element elementor-element-57fe5b7c e-flex e-con-boxed e-con e-parent\" data-id=\"57fe5b7c\" data-element_type=\"container\" data-e-type=\"container\" data-settings=\"{&quot;background_background&quot;:&quot;classic&quot;}\">\n\t\t\t\t\t<div class=\"e-con-inner\">\n\t\t\t\t<div class=\"elementor-element elementor-element-513d1df4 elementor-widget elementor-widget-heading\" data-id=\"513d1df4\" data-element_type=\"widget\" data-e-type=\"widget\" data-widget_type=\"heading.default\">\n\t\t\t\t<div class=\"elementor-widget-container\">\n\t\t\t\t\t<h1 class=\"elementor-heading-title elementor-size-default\">Naturpark Marjal de Pego-Oliva: ein Schatz zwischen Meer und Bergen<\/h1>\t\t\t\t<\/div>\n\t\t\t\t<\/div>\n\t\t\t\t\t<\/div>\n\t\t\t\t<\/div>\n\t\t<div class=\"elementor-element elementor-element-5d7b7dbe e-flex e-con-boxed e-con e-parent\" data-id=\"5d7b7dbe\" data-element_type=\"container\" data-e-type=\"container\">\n\t\t\t\t\t<div class=\"e-con-inner\">\n\t\t\t\t<div class=\"elementor-element elementor-element-36d578d6 elementor-widget elementor-widget-text-editor\" data-id=\"36d578d6\" data-element_type=\"widget\" data-e-type=\"widget\" data-widget_type=\"text-editor.default\">\n\t\t\t\t<div class=\"elementor-widget-container\">\n\t\t\t\t\t\t\t\t\t<p><span style=\"font-weight: 400;\">Wenn Sie dachten, Sie h\u00e4tten schon alles zwischen den Str\u00e4nden des Mittelmeers und den Bergketten von Alicante und Valencia gesehen,<\/span> <b>warten Sie, bis Sie die Marjal de Pego-Oliva entdecken<\/b><span style=\"font-weight: 400;\">. Dieser Naturpark ist wie ein Freund, der alles hat, von Sch\u00f6nheit und Geheimnis bis hin zu guter Stimmung.<\/span><\/p><p><span style=\"font-weight: 400;\">Bereiten Sie sich auf<\/span> <b>einen Ausflug vor, der S\u00fcmpfe, Wanderwege, Kan\u00e4le und Reisfelder kombiniert<\/b><span style=\"font-weight: 400;\">  und Landschaften, die ihren eigenen Instagram-Filter verdienen, aber ohne ihn anwenden zu m\u00fcssen. Lassen Sie uns diesen Ort gemeinsam entdecken! <\/span><\/p>\t\t\t\t\t\t\t\t<\/div>\n\t\t\t\t<\/div>\n\t\t\t\t\t<\/div>\n\t\t\t\t<\/div>\n\t\t<div class=\"elementor-element elementor-element-1a84b2c0 e-flex e-con-boxed e-con e-parent\" data-id=\"1a84b2c0\" data-element_type=\"container\" data-e-type=\"container\">\n\t\t\t\t\t<div class=\"e-con-inner\">\n\t\t\t\t<div class=\"elementor-element elementor-element-b794516 elementor-widget elementor-widget-table-of-contents\" data-id=\"b794516\" data-element_type=\"widget\" data-e-type=\"widget\" data-settings=\"{&quot;headings_by_tags&quot;:[&quot;h2&quot;,&quot;h3&quot;],&quot;exclude_headings_by_selector&quot;:[],&quot;marker_view&quot;:&quot;bullets&quot;,&quot;icon&quot;:{&quot;value&quot;:&quot;&quot;,&quot;library&quot;:&quot;&quot;},&quot;no_headings_message&quot;:&quot;No headings were found on this page.&quot;,&quot;hierarchical_view&quot;:&quot;yes&quot;,&quot;min_height&quot;:{&quot;unit&quot;:&quot;px&quot;,&quot;size&quot;:&quot;&quot;,&quot;sizes&quot;:[]},&quot;min_height_tablet&quot;:{&quot;unit&quot;:&quot;px&quot;,&quot;size&quot;:&quot;&quot;,&quot;sizes&quot;:[]},&quot;min_height_mobile&quot;:{&quot;unit&quot;:&quot;px&quot;,&quot;size&quot;:&quot;&quot;,&quot;sizes&quot;:[]}}\" data-widget_type=\"table-of-contents.default\">\n\t\t\t\t<div class=\"elementor-widget-container\">\n\t\t\t\t\t\t\t\t\t<div class=\"elementor-toc__header\">\n\t\t\t\t\t\t<div class=\"elementor-toc__header-title\">\n\t\t\t\tInhaltsverzeichnis\t\t\t<\/div>\n\t\t\t\t\t\t\t\t<\/div>\n\t\t\t\t<div id=\"elementor-toc__b794516\" class=\"elementor-toc__body\">\n\t\t\t<div class=\"elementor-toc__spinner-container\">\n\t\t\t\t<svg class=\"elementor-toc__spinner eicon-animation-spin e-font-icon-svg e-eicon-loading\" aria-hidden=\"true\" viewBox=\"0 0 1000 1000\" xmlns=\"http:\/\/www.w3.org\/2000\/svg\"><path d=\"M500 975V858C696 858 858 696 858 500S696 142 500 142 142 304 142 500H25C25 237 238 25 500 25S975 237 975 500 763 975 500 975Z\"><\/path><\/svg>\t\t\t<\/div>\n\t\t<\/div>\n\t\t\t\t\t\t<\/div>\n\t\t\t\t<\/div>\n\t\t\t\t\t<\/div>\n\t\t\t\t<\/div>\n\t\t<div class=\"elementor-element elementor-element-8239cd5 e-flex e-con-boxed e-con e-parent\" data-id=\"8239cd5\" data-element_type=\"container\" data-e-type=\"container\">\n\t\t\t\t\t<div class=\"e-con-inner\">\n\t\t\t\t<div class=\"elementor-element elementor-element-2ed001a8 elementor-widget elementor-widget-heading\" data-id=\"2ed001a8\" data-element_type=\"widget\" data-e-type=\"widget\" data-widget_type=\"heading.default\">\n\t\t\t\t<div class=\"elementor-widget-container\">\n\t\t\t\t\t<h2 class=\"elementor-heading-title elementor-size-default\">Wo liegt der Naturpark Marjal de Pego-Oliva und wie erreicht man ihn?\n<\/h2>\t\t\t\t<\/div>\n\t\t\t\t<\/div>\n\t\t\t\t<div class=\"elementor-element elementor-element-7a9b07e9 elementor-widget elementor-widget-text-editor\" data-id=\"7a9b07e9\" data-element_type=\"widget\" data-e-type=\"widget\" data-widget_type=\"text-editor.default\">\n\t\t\t\t<div class=\"elementor-widget-container\">\n\t\t\t\t\t\t\t\t\t<p><span style=\"font-weight: 400;\">Die Marjal de Pego-Oliva liegt<\/span> <b>zwischen Alicante und Valencia<\/b><span style=\"font-weight: 400;\">. Genauer gesagt, zwischen den Ortschaften Pego (Alicante) und Oliva (Valencia). Der Park umfasst etwa  <\/span><b>1.255 Hektar<\/b><span style=\"font-weight: 400;\">, was bedeutet, dass er gr\u00f6\u00dfer ist als viele spanische Gemeinden. Dort gibt es Reisfelder, Lagunen, Schilfgebiete und sogar Ihre existenziellen Probleme, obwohl Sie sie bei dieser Landschaft vergessen. <\/span><\/p><p><span style=\"font-weight: 400;\">Die Anreise ist einfach. Mit dem Auto k\u00f6nnen Sie von Valencia aus \u00fcber die <\/span><b>  AP-7  <\/b><span style=\"font-weight: 400;\">fahren und die Ausfahrt Oliva-Pego nehmen, und von Alicante aus ebenfalls \u00fcber die AP-7 in Richtung Norden. Falls Sie aus dem Landesinneren kommen, m\u00fcssen Sie die  <\/span><b>N-332<\/b><span style=\"font-weight: 400;\"> nehmen.<\/span><\/p><p><span style=\"font-weight: 400;\">Eine andere M\u00f6glichkeit ist die Anreise mit dem Bus, es gibt<\/span> <b>Linien nach Oliva und Pego<\/b><span style=\"font-weight: 400;\">, obwohl Sie sich darauf einstellen m\u00fcssen, etwas mehr zu laufen. Und wenn Sie zu den Sportlichsten geh\u00f6ren, k\u00f6nnen Sie auch mit dem Fahrrad fahren. <\/span><\/p><p><span style=\"font-weight: 400;\">Unser Tipp: Nehmen Sie das GPS mit, denn<\/span> <b>sich zwischen Kan\u00e4len und Reisfeldern zu verirren, kann sehr poetisch sein<\/b><span style=\"font-weight: 400;\">, aber etwas weniger praktisch, wenn Sie vorhaben, zur \u00fcblichen Zeit zu essen.<\/span><\/p>\t\t\t\t\t\t\t\t<\/div>\n\t\t\t\t<\/div>\n\t\t\t\t<div class=\"elementor-element elementor-element-5a09b5d elementor-widget elementor-widget-google_maps\" data-id=\"5a09b5d\" data-element_type=\"widget\" data-e-type=\"widget\" data-widget_type=\"google_maps.default\">\n\t\t\t\t<div class=\"elementor-widget-container\">\n\t\t\t\t\t\t\t<div class=\"elementor-custom-embed\">\n\t\t\t<iframe loading=\"lazy\"\n\t\t\t\t\tsrc=\"https:\/\/maps.google.com\/maps?q=Parque%20Natural%20de%20la%20Marjal%20de%20Pego-Oliva&#038;t=m&#038;z=10&#038;output=embed&#038;iwloc=near\"\n\t\t\t\t\ttitle=\"Parque Natural de la Marjal de Pego-Oliva\"\n\t\t\t\t\taria-label=\"Parque Natural de la Marjal de Pego-Oliva\"\n\t\t\t><\/iframe>\n\t\t<\/div>\n\t\t\t\t\t\t<\/div>\n\t\t\t\t<\/div>\n\t\t\t\t\t<\/div>\n\t\t\t\t<\/div>\n\t\t<div class=\"elementor-element elementor-element-43daa4ba e-flex e-con-boxed e-con e-parent\" data-id=\"43daa4ba\" data-element_type=\"container\" data-e-type=\"container\">\n\t\t\t\t\t<div class=\"e-con-inner\">\n\t\t\t\t<div class=\"elementor-element elementor-element-630b56d6 elementor-widget elementor-widget-heading\" data-id=\"630b56d6\" data-element_type=\"widget\" data-e-type=\"widget\" data-widget_type=\"heading.default\">\n\t\t\t\t<div class=\"elementor-widget-container\">\n\t\t\t\t\t<h2 class=\"elementor-heading-title elementor-size-default\">Alle diese Routen und Wanderwege k\u00f6nnen Sie in der Marjal de Pego-Oliva entdecken \n<\/h2>\t\t\t\t<\/div>\n\t\t\t\t<\/div>\n\t\t\t\t<div class=\"elementor-element elementor-element-30b4cc22 elementor-widget elementor-widget-text-editor\" data-id=\"30b4cc22\" data-element_type=\"widget\" data-e-type=\"widget\" data-widget_type=\"text-editor.default\">\n\t\t\t\t<div class=\"elementor-widget-container\">\n\t\t\t\t\t\t\t\t\t<p><span style=\"font-weight: 400;\">Der Park bietet<\/span> <b>verschiedene Optionen f\u00fcr Entdecker<\/b> <span style=\"font-weight: 400;\">aller Schwierigkeitsgrade:<\/span><\/p><p><span style=\"font-weight: 400;\">Die<\/span> <b>Route von Samaria<\/b> <span style=\"font-weight: 400;\">ist etwa 4 km lang und verl\u00e4uft kreisf\u00f6rmig. Sie ist f\u00fcr Familien geeignet und ideal, um ruhig zu beginnen, V\u00f6gel zu beobachten und mit einem Foto mit den Reisfeldern im Hintergrund zu prahlen. Eine weitere einfache Option ist die   <\/span><b>Route des Azul<\/b><span style=\"font-weight: 400;\">, da sie etwa 1,5 km lang ist, die Sie in aller Ruhe zur\u00fccklegen k\u00f6nnen, ohne dass sich jemand beschwert.<\/span><\/p><p><span style=\"font-weight: 400;\">Um zu etwas Ernsterem \u00fcberzugehen, schlagen wir den<\/span> <b>Wanderweg PR-V 58<\/b> <span style=\"font-weight: 400;\">vor, eine 13 km lange Strecke, die Pego mit der Umgebung des Sumpfgebiets verbindet, perfekt f\u00fcr diejenigen, die verschwitzt zum Reisauflauf wollen.<\/span><\/p><p><span style=\"font-weight: 400;\">Eine andere M\u00f6glichkeit sind die<\/span> <b>Kajakrouten<\/b><span style=\"font-weight: 400;\">, wenn Sie Lust haben, zwischen Schilf zu paddeln, oder<\/span> <b>zu Fu\u00df durch die Gr\u00e4ben zu gehen<\/b> <span style=\"font-weight: 400;\">, wenn Sie sich wie ein Amazonas-Forscher in einer mediterranen Version f\u00fchlen m\u00f6chten.<\/span><\/p><p><span style=\"font-weight: 400;\">Das Beste daran ist, dass sie nicht nur kostenlos, sondern auch gesund sind und<\/span> <b>Sie mit Endorphinen bis zum Anschlag versorgen.<\/b><\/p>\t\t\t\t\t\t\t\t<\/div>\n\t\t\t\t<\/div>\n\t\t\t\t\t<\/div>\n\t\t\t\t<\/div>\n\t\t<div class=\"elementor-element elementor-element-214af82 e-flex e-con-boxed e-con e-parent\" data-id=\"214af82\" data-element_type=\"container\" data-e-type=\"container\">\n\t\t\t\t\t<div class=\"e-con-inner\">\n\t\t\t\t<div class=\"elementor-element elementor-element-e9e75ee elementor-widget elementor-widget-heading\" data-id=\"e9e75ee\" data-element_type=\"widget\" data-e-type=\"widget\" data-widget_type=\"heading.default\">\n\t\t\t\t<div class=\"elementor-widget-container\">\n\t\t\t\t\t<h2 class=\"elementor-heading-title elementor-size-default\">Die Flora, Fauna und Landschaft, die die Marjal de Pego-Oliva einzigartig machen\n<\/h2>\t\t\t\t<\/div>\n\t\t\t\t<\/div>\n\t\t\t\t<div class=\"elementor-element elementor-element-c0baa81 elementor-widget elementor-widget-text-editor\" data-id=\"c0baa81\" data-element_type=\"widget\" data-e-type=\"widget\" data-widget_type=\"text-editor.default\">\n\t\t\t\t<div class=\"elementor-widget-container\">\n\t\t\t\t\t\t\t\t\t<p><span style=\"font-weight: 400;\">Hier wird es ernst, aber auch lustig, denn die Marjal ist<\/span> <b>ein Paradies der Artenvielfalt.<\/b><\/p><p><span style=\"font-weight: 400;\">Unter der Fauna k\u00f6nnen Sie Wasserv\u00f6gel wie Graureiher, bunte Enten, Kormorane usw. beobachten, aber die Juwelen dieser Gegend sind die<\/span> <b>Marmelenten<\/b><span style=\"font-weight: 400;\">  oder das Purpurhuhn, ein Vogel, der wie f\u00fcr einen Karneval verkleidet aussieht. Es gibt auch Aale, Schleien und sogar  <\/span><b>Samarucs<\/b><span style=\"font-weight: 400;\">, endemische Fische, die es kaum noch an anderen Orten gibt.<\/span><\/p><p><span style=\"font-weight: 400;\">Was die Flora betrifft, so k\u00f6nnen Sie<\/span> <b>Rohrkolben, Schilf, Schilfgebiete und Reisfelder sehen<\/b><span style=\"font-weight: 400;\"> , die die ganze Landschaft mit Gr\u00fcn f\u00fcllen. Im Sommer k\u00f6nnen Sie dieses intensive Gr\u00fcn sehen, w\u00e4hrend im Herbst die goldenen T\u00f6ne wie aus einem Film stammen. <\/span><\/p><p><span style=\"font-weight: 400;\">Die Landschaft ist wie die von Filmdrucken, in denen sich der Himmel in einer<\/span> <b>von Bergen umgebenen Lagune<\/b> <span style=\"font-weight: 400;\">in der Ferne spiegelt. Au\u00dferdem ist das Mittelmeer ganz in der N\u00e4he, so dass es die perfekte Kombination aus Meer und Bergen ist. <\/span><\/p>\t\t\t\t\t\t\t\t<\/div>\n\t\t\t\t<\/div>\n\t\t\t\t<div class=\"elementor-element elementor-element-ee6e42f elementor-widget elementor-widget-image\" data-id=\"ee6e42f\" data-element_type=\"widget\" data-e-type=\"widget\" data-widget_type=\"image.default\">\n\t\t\t\t<div class=\"elementor-widget-container\">\n\t\t\t\t\t\t\t\t\t\t\t\t\t\t\t<img fetchpriority=\"high\" decoding=\"async\" width=\"1256\" height=\"697\" src=\"https:\/\/www.ontravelholidayrentals.com\/blog\/wp-content\/uploads\/2025\/09\/Marjal-de-Pego-Oliva.jpg\" class=\"attachment-full size-full wp-image-1134\" alt=\"Marjal-de-Pego-Oliva.jpg\" srcset=\"https:\/\/www.ontravelholidayrentals.com\/blog\/wp-content\/uploads\/2025\/09\/Marjal-de-Pego-Oliva.jpg 1256w, https:\/\/www.ontravelholidayrentals.com\/blog\/wp-content\/uploads\/2025\/09\/Marjal-de-Pego-Oliva-300x166.jpg 300w, https:\/\/www.ontravelholidayrentals.com\/blog\/wp-content\/uploads\/2025\/09\/Marjal-de-Pego-Oliva-1024x568.jpg 1024w, https:\/\/www.ontravelholidayrentals.com\/blog\/wp-content\/uploads\/2025\/09\/Marjal-de-Pego-Oliva-768x426.jpg 768w\" sizes=\"(max-width: 1256px) 100vw, 1256px\" \/>\t\t\t\t\t\t\t\t\t\t\t\t\t\t\t<\/div>\n\t\t\t\t<\/div>\n\t\t\t\t\t<\/div>\n\t\t\t\t<\/div>\n\t\t<div class=\"elementor-element elementor-element-a899955 e-flex e-con-boxed e-con e-parent\" data-id=\"a899955\" data-element_type=\"container\" data-e-type=\"container\">\n\t\t\t\t\t<div class=\"e-con-inner\">\n\t\t\t\t<div class=\"elementor-element elementor-element-485077f elementor-widget elementor-widget-heading\" data-id=\"485077f\" data-element_type=\"widget\" data-e-type=\"widget\" data-widget_type=\"heading.default\">\n\t\t\t\t<div class=\"elementor-widget-container\">\n\t\t\t\t\t<h2 class=\"elementor-heading-title elementor-size-default\">Notieren Sie sich diese Empfehlungen, um die Marjal de Pego-Oliva wie ein echter Experte zu besuchen\n<\/h2>\t\t\t\t<\/div>\n\t\t\t\t<\/div>\n\t\t\t\t<div class=\"elementor-element elementor-element-89a320d elementor-widget elementor-widget-text-editor\" data-id=\"89a320d\" data-element_type=\"widget\" data-e-type=\"widget\" data-widget_type=\"text-editor.default\">\n\t\t\t\t<div class=\"elementor-widget-container\">\n\t\t\t\t\t\t\t\t\t<p><span style=\"font-weight: 400;\">Wir empfehlen Ihnen, diese Gegend<\/span> <b>im Fr\u00fchjahr oder Herbst zu besuchen<\/b><span style=\"font-weight: 400;\">. Wir sagen nicht, dass es im Sommer nicht sch\u00f6n ist, aber die Hitze zusammen mit den M\u00fccken ist vielleicht nicht nach Ihrem Geschmack.<\/span><\/p><p><span style=\"font-weight: 400;\">Es ist auch wichtig zu sagen, dass Sie keine Flip-Flops tragen sollten, es sei denn, es ist Ihre Mission, auszurutschen, deshalb ist ein<\/span> <b>bequemes Schuhwerk<\/b><span style=\"font-weight: 400;\">. Und es ist fast obligatorisch, <\/span><b>ein Fernglas<\/b> <span style=\"font-weight: 400;\">mitzunehmen, um alles, was der Ort bietet, gut sehen zu k\u00f6nnen, vor allem, um die V\u00f6gel zu sehen.<\/span><\/p><p><span style=\"font-weight: 400;\">Es ist wichtig,<\/span> <b>Wasser<\/b> <span style=\"font-weight: 400;\">und einen Snack mitzunehmen, denn die Aussicht n\u00e4hrt zwar, aber nicht so sehr wie ein gutes Sandwich.<\/span><\/p><p><span style=\"font-weight: 400;\">Und schlie\u00dflich<\/span> <b>respektieren Sie die Umwelt<\/b><span style=\"font-weight: 400;\">, rei\u00dfen Sie keine Blumen aus und hinterlassen Sie keinen M\u00fcll. Wenn die Tiere Plastikverpackungen wollten, h\u00e4tten sie uns schon darum gebeten. <\/span><\/p>\t\t\t\t\t\t\t\t<\/div>\n\t\t\t\t<\/div>\n\t\t\t\t\t<\/div>\n\t\t\t\t<\/div>\n\t\t<div class=\"elementor-element elementor-element-9b88ad7 e-flex e-con-boxed e-con e-parent\" data-id=\"9b88ad7\" data-element_type=\"container\" data-e-type=\"container\">\n\t\t\t\t\t<div class=\"e-con-inner\">\n\t\t\t\t<div class=\"elementor-element elementor-element-f9a93b2 elementor-widget elementor-widget-heading\" data-id=\"f9a93b2\" data-element_type=\"widget\" data-e-type=\"widget\" data-widget_type=\"heading.default\">\n\t\t\t\t<div class=\"elementor-widget-container\">\n\t\t\t\t\t<h2 class=\"elementor-heading-title elementor-size-default\">Sie wissen nicht, was Sie in der Umgebung des Naturparks Marjal de Pego-Oliva unternehmen k\u00f6nnen? Notieren Sie sich diese Ideen \n<\/h2>\t\t\t\t<\/div>\n\t\t\t\t<\/div>\n\t\t\t\t<div class=\"elementor-element elementor-element-1c7066f elementor-widget elementor-widget-text-editor\" data-id=\"1c7066f\" data-element_type=\"widget\" data-e-type=\"widget\" data-widget_type=\"text-editor.default\">\n\t\t\t\t<div class=\"elementor-widget-container\">\n\t\t\t\t\t\t\t\t\t<p><span style=\"font-weight: 400;\">Das Abenteuer endet nicht im Sumpfgebiet, sondern Sie haben auch andere Pl\u00e4ne f\u00fcr jeden Geschmack in der N\u00e4he.<\/span><\/p><p><span style=\"font-weight: 400;\">Es gibt D\u00f6rfer wie<\/span> <b>Pego<\/b><span style=\"font-weight: 400;\">, ein liebenswertes Dorf mit Reisauflauf, hausgemachten Kroketten und der einen oder anderen Kulturroute, oder<\/span> <b>Oliva<\/b><span style=\"font-weight: 400;\">, ein mediterraneres Dorf mit kilometerlangen Str\u00e4nden und D\u00fcnen, die wie aus einem Reisekatalog stammen.<\/span><\/p><p><span style=\"font-weight: 400;\">Auf der anderen Seite finden Sie die<\/span> <b>Str\u00e4nde von Denia oder Gand\u00eda<\/b><span style=\"font-weight: 400;\">, falls Sie nach so viel Wanderung Lust auf ein Bad haben. Und wenn Sie immer noch Lust haben zu wandern, sind die Wanderwege in der  <\/span><b>Serra de Mostalla<\/b> <span style=\"font-weight: 400;\">oder der<\/span> <b>Serra de Gallinera<\/b> <span style=\"font-weight: 400;\">genau das Richtige f\u00fcr Sie.<\/span><\/p>\t\t\t\t\t\t\t\t<\/div>\n\t\t\t\t<\/div>\n\t\t\t\t<div class=\"elementor-element elementor-element-27aa5e7 elementor-widget elementor-widget-image\" data-id=\"27aa5e7\" data-element_type=\"widget\" data-e-type=\"widget\" data-widget_type=\"image.default\">\n\t\t\t\t<div class=\"elementor-widget-container\">\n\t\t\t\t\t\t\t\t\t\t\t\t\t\t\t<img decoding=\"async\" width=\"1673\" height=\"830\" src=\"https:\/\/www.ontravelholidayrentals.com\/blog\/wp-content\/uploads\/2025\/09\/Parque-Natural-de-la-Marjal-de-Pego-Oliva.jpg\" class=\"attachment-full size-full wp-image-1138\" alt=\"Parque-Natural-de-la-Marjal-de-Pego-Oliva.jpg\" srcset=\"https:\/\/www.ontravelholidayrentals.com\/blog\/wp-content\/uploads\/2025\/09\/Parque-Natural-de-la-Marjal-de-Pego-Oliva.jpg 1673w, https:\/\/www.ontravelholidayrentals.com\/blog\/wp-content\/uploads\/2025\/09\/Parque-Natural-de-la-Marjal-de-Pego-Oliva-300x149.jpg 300w, https:\/\/www.ontravelholidayrentals.com\/blog\/wp-content\/uploads\/2025\/09\/Parque-Natural-de-la-Marjal-de-Pego-Oliva-1024x508.jpg 1024w, https:\/\/www.ontravelholidayrentals.com\/blog\/wp-content\/uploads\/2025\/09\/Parque-Natural-de-la-Marjal-de-Pego-Oliva-768x381.jpg 768w, https:\/\/www.ontravelholidayrentals.com\/blog\/wp-content\/uploads\/2025\/09\/Parque-Natural-de-la-Marjal-de-Pego-Oliva-1536x762.jpg 1536w\" sizes=\"(max-width: 1673px) 100vw, 1673px\" \/>\t\t\t\t\t\t\t\t\t\t\t\t\t\t\t<\/div>\n\t\t\t\t<\/div>\n\t\t\t\t\t<\/div>\n\t\t\t\t<\/div>\n\t\t<div class=\"elementor-element elementor-element-afe4022 e-flex e-con-boxed e-con e-parent\" data-id=\"afe4022\" data-element_type=\"container\" data-e-type=\"container\">\n\t\t\t\t\t<div class=\"e-con-inner\">\n\t\t\t\t<div class=\"elementor-element elementor-element-b31934c elementor-widget elementor-widget-heading\" data-id=\"b31934c\" data-element_type=\"widget\" data-e-type=\"widget\" data-widget_type=\"heading.default\">\n\t\t\t\t<div class=\"elementor-widget-container\">\n\t\t\t\t\t<h2 class=\"elementor-heading-title elementor-size-default\">Dies sind die Gr\u00fcnde, sich in die Marjal de Pego-Oliva zu verlieben<\/h2>\t\t\t\t<\/div>\n\t\t\t\t<\/div>\n\t\t\t\t<div class=\"elementor-element elementor-element-0b00182 elementor-widget elementor-widget-text-editor\" data-id=\"0b00182\" data-element_type=\"widget\" data-e-type=\"widget\" data-widget_type=\"text-editor.default\">\n\t\t\t\t<div class=\"elementor-widget-container\">\n\t\t\t\t\t\t\t\t\t<p><span style=\"font-weight: 400;\">Wenn Sie immer noch z\u00f6gern, ob Sie einen Ausflug an diesen Ort vorbereiten sollen, <strong>werden wir Sie \u00fcberzeugen.<\/strong><\/span><\/p><p><span style=\"font-weight: 400;\">Sie finden<\/span> <b>Postkartenlandschaften<\/b> <span style=\"font-weight: 400;\">in 360\u00ba, da Sie von Bergen, dem Meer und zu Ihren F\u00fc\u00dfen von den S\u00fcmpfen umgeben sind. Wenn Sie ein Naturliebhaber sind, ist dies ein Festival der V\u00f6gel,  <\/span><b>Fische und Flora, die sich in jeder Jahreszeit ver\u00e4ndern<\/b><span style=\"font-weight: 400;\">, so dass Sie mehrmals im Jahr dorthin fahren und Experte werden k\u00f6nnen.<\/span><\/p><p><span style=\"font-weight: 400;\">Die<\/span> <b>Routen sind einfach<\/b> <span style=\"font-weight: 400;\">und helfen Ihnen, sich vom Handy und all dem Stress zu befreien, den Sie den Rest des Jahres mit sich herumtragen. Aber falls Sie ein Foto f\u00fcr Instagram machen m\u00f6chten, k\u00f6nnen Sie es gerne herausholen. <\/span><\/p><p><span style=\"font-weight: 400;\">Die <\/span><b>Kultur und Gastronomie<\/b><span style=\"font-weight: 400;\"> werden Sie mit ihren typischen Gerichten wie Arroz Bomba, Fideu\u00e1 oder Paella nicht entt\u00e4uschen, die nach einem Wandertag garantiert noch besser schmecken.<\/span><\/p><p><span style=\"font-weight: 400;\">Schlie\u00dflich ist der beste Weg, sich in die Gegend zu verlieben, eine Unterkunft zu haben, die Ihren Bed\u00fcrfnissen entspricht. Daf\u00fcr  <\/span><b>z\u00f6gern Sie nicht, uns zu kontaktieren und Ihre Unterkunft in Oliva zu buchen.<\/b><span style=\"font-weight: 400;\"> Wir warten auf Sie!<\/span><\/p>\t\t\t\t\t\t\t\t<\/div>\n\t\t\t\t<\/div>\n\t\t\t\t\t<\/div>\n\t\t\t\t<\/div>\n\t\t<div class=\"elementor-element elementor-element-2574042e e-flex e-con-boxed e-con e-parent\" data-id=\"2574042e\" data-element_type=\"container\" data-e-type=\"container\">\n\t\t\t\t\t<div class=\"e-con-inner\">\n\t\t\t\t<div class=\"elementor-element elementor-element-6b921781 elementor-widget elementor-widget-grid\" data-id=\"6b921781\" data-element_type=\"widget\" data-e-type=\"widget\" data-widget_type=\"grid.default\">\n\t\t\t\t<div class=\"elementor-widget-container\">\n\t\t\t\t\t\t\t<div class=\"its--row alojamientos-recomendados\">\n\n\t\t\t<div class=\"alojamientos-recomendados-container\">\n\n\t\t\t\t\t\n\t\t\t\t\t<a href=\"https:\/\/www.ontravelholidayrentals.com\/de\/vermietung\/villa-oliva-villa-vermeer-51-460858.html\" rel=\"nofollow\" style=\"width: 23%;\">\n\t\t\t\t\t\t<div class=\"apartamento-box\">\n\t\t\t\t\t\t\t<div class=\"imagen_recomendados\">\n\t\t\t\t\t\t\t\t<img decoding=\"async\" src=\"https:\/\/crs.avantio.com\/fotos\/2\/1703084140d3f439d9b3375a13b4f0e50afb895aaa\/big1703332585741831091dd4ad756385090fb49199ea.jpg\" alt=\"Villa Colibri by ON Travel\">\n\t\t\t\t\t\t\t<\/div>\n\t\t\t\t\t\t\t<div class=\"info\">\n\t\t\t\t\t\t\t\t<div class=\"ubicacion\">\n\t\t\t\t\t\t\t\t\t<i class=\"fa-solid fa-location-dot icono-mapa\"><\/i><span class=\"ubicacion-texto\">Oliva - Valencia Provinz<\/span>\n\t\t\t\t\t\t\t\t<\/div>\n\t\t\t\t\t\t\t\t<H3 class=\"titulo-alojamiento\">\n\t\t\t\t\t\t\t\t\tVilla Colibri by ON Travel\t\t\t\t\t\t\t\t<\/H3>\n\t\t\t\t\t\t\t\t<p class=\"precio-alojamiento\">Aus <span class=\"precio\">328.00\u20ac<\/span> pro Nacht<\/p>\n\t\t\t\t\t\t\t<\/div>\n\t\t\t\t\t\t<\/div>\n\t\t\t\t\t<\/a> \n\t\t\t\t\t\t\n\t\t\t\t\t<a href=\"https:\/\/www.ontravelholidayrentals.com\/de\/vermietung\/villa-oliva-villa-vermeer-21-461268.html\" rel=\"nofollow\" style=\"width: 23%;\">\n\t\t\t\t\t\t<div class=\"apartamento-box\">\n\t\t\t\t\t\t\t<div class=\"imagen_recomendados\">\n\t\t\t\t\t\t\t\t<img decoding=\"async\" src=\"https:\/\/crs.avantio.com\/fotos\/2\/1703335589811fbc048cd27ef2e70871e03571a65f\/big17033356189dc73706c960d3ef8712f0c901543b8b.jpg\" alt=\"Villa Solana  by ON Travel\">\n\t\t\t\t\t\t\t<\/div>\n\t\t\t\t\t\t\t<div class=\"info\">\n\t\t\t\t\t\t\t\t<div class=\"ubicacion\">\n\t\t\t\t\t\t\t\t\t<i class=\"fa-solid fa-location-dot icono-mapa\"><\/i><span class=\"ubicacion-texto\">Oliva - Valencia Provinz<\/span>\n\t\t\t\t\t\t\t\t<\/div>\n\t\t\t\t\t\t\t\t<H3 class=\"titulo-alojamiento\">\n\t\t\t\t\t\t\t\t\tVilla Solana  by ON Travel\t\t\t\t\t\t\t\t<\/H3>\n\t\t\t\t\t\t\t\t<p class=\"precio-alojamiento\">Aus <span class=\"precio\">217.00\u20ac<\/span> pro Nacht<\/p>\n\t\t\t\t\t\t\t<\/div>\n\t\t\t\t\t\t<\/div>\n\t\t\t\t\t<\/a> \n\t\t\t\t\t\t\n\t\t\t\t\t<a href=\"https:\/\/www.ontravelholidayrentals.com\/de\/vermietung\/villa-oliva-villa-vermeer-25-461292.html\" rel=\"nofollow\" style=\"width: 23%;\">\n\t\t\t\t\t\t<div class=\"apartamento-box\">\n\t\t\t\t\t\t\t<div class=\"imagen_recomendados\">\n\t\t\t\t\t\t\t\t<img decoding=\"async\" src=\"https:\/\/crs.avantio.com\/fotos\/2\/1705335735591b101a10adf0c9165b293b19af3489\/big1705335762de9703dc1854540c9777fd4932b0499a.jpg\" alt=\"Greenside oasis villa by ON Travel\">\n\t\t\t\t\t\t\t<\/div>\n\t\t\t\t\t\t\t<div class=\"info\">\n\t\t\t\t\t\t\t\t<div class=\"ubicacion\">\n\t\t\t\t\t\t\t\t\t<i class=\"fa-solid fa-location-dot icono-mapa\"><\/i><span class=\"ubicacion-texto\">Oliva - Valencia Provinz<\/span>\n\t\t\t\t\t\t\t\t<\/div>\n\t\t\t\t\t\t\t\t<H3 class=\"titulo-alojamiento\">\n\t\t\t\t\t\t\t\t\tGreenside oasis villa by ON Travel\t\t\t\t\t\t\t\t<\/H3>\n\t\t\t\t\t\t\t\t<p class=\"precio-alojamiento\">Aus <span class=\"precio\">328.00\u20ac<\/span> pro Nacht<\/p>\n\t\t\t\t\t\t\t<\/div>\n\t\t\t\t\t\t<\/div>\n\t\t\t\t\t<\/a> \n\t\t\t\t\t\t\n\t\t\t\t\t<a href=\"https:\/\/www.ontravelholidayrentals.com\/de\/vermietung\/villa-oliva-villa-vermeer-43-461293.html\" rel=\"nofollow\" style=\"width: 23%;\">\n\t\t\t\t\t\t<div class=\"apartamento-box\">\n\t\t\t\t\t\t\t<div class=\"imagen_recomendados\">\n\t\t\t\t\t\t\t\t<img decoding=\"async\" src=\"https:\/\/crs.avantio.com\/fotos\/2\/17054241108ffb3352fb1b6efd3c6e1c3097debf40\/big170542451565ad5f2b0843b6346526f00ede7b3ef7.jpg\" alt=\"Villa Cisne by ON Travel\">\n\t\t\t\t\t\t\t<\/div>\n\t\t\t\t\t\t\t<div class=\"info\">\n\t\t\t\t\t\t\t\t<div class=\"ubicacion\">\n\t\t\t\t\t\t\t\t\t<i class=\"fa-solid fa-location-dot icono-mapa\"><\/i><span class=\"ubicacion-texto\">Oliva - Valencia Provinz<\/span>\n\t\t\t\t\t\t\t\t<\/div>\n\t\t\t\t\t\t\t\t<H3 class=\"titulo-alojamiento\">\n\t\t\t\t\t\t\t\t\tVilla Cisne by ON Travel\t\t\t\t\t\t\t\t<\/H3>\n\t\t\t\t\t\t\t\t<p class=\"precio-alojamiento\">Aus <span class=\"precio\">205.00\u20ac<\/span> pro Nacht<\/p>\n\t\t\t\t\t\t\t<\/div>\n\t\t\t\t\t\t<\/div>\n\t\t\t\t\t<\/a> \n\t\t\t\t\t\t\t\t<\/div>\n\t\t\t<\/div>\n\t\t\t\t\t\t<\/div>\n\t\t\t\t<\/div>\n\t\t\t\t\t<\/div>\n\t\t\t\t<\/div>\n\t\t\t\t<\/div>\n\t\t","protected":false},"excerpt":{"rendered":"<p>Naturpark Marjal de Pego-Oliva: ein Schatz zwischen Meer und Bergen Wenn Sie dachten, Sie h\u00e4tten schon alles zwischen den Str\u00e4nden des Mittelmeers und den Bergketten von Alicante und Valencia gesehen, warten Sie, bis Sie die Marjal de Pego-Oliva entdecken. Dieser Naturpark ist wie ein Freund, der alles hat, von Sch\u00f6nheit und Geheimnis bis hin zu [&hellip;]<\/p>\n","protected":false},"author":4,"featured_media":1142,"comment_status":"open","ping_status":"open","sticky":false,"template":"elementor_header_footer","format":"standard","meta":{"footnotes":""},"categories":[24],"tags":[72],"class_list":["post-1152","post","type-post","status-publish","format-standard","has-post-thumbnail","hentry","category-oliva-de","tag-no-template"],"yoast_head":"<!-- This site is optimized with the Yoast SEO plugin v25.2 - https:\/\/yoast.com\/wordpress\/plugins\/seo\/ -->\n<title>Naturpark Marjal de Pego-Oliva - Blog<\/title>\n<meta name=\"description\" content=\"Erkunden Sie den Naturpark Marjal de Pego-Oliva und verbinden Sie sich mit der valencianischen Natur in Ihrem Urlaub an der K\u00fcste.\" \/>\n<meta name=\"robots\" content=\"index, follow, max-snippet:-1, max-image-preview:large, max-video-preview:-1\" \/>\n<link rel=\"canonical\" href=\"https:\/\/www.ontravelholidayrentals.com\/blog\/de\/naturpark-marjal-pego-oliva\/\" \/>\n<meta property=\"og:locale\" content=\"de_DE\" \/>\n<meta property=\"og:type\" content=\"article\" \/>\n<meta property=\"og:title\" content=\"Naturpark Marjal de Pego-Oliva - Blog\" \/>\n<meta property=\"og:description\" content=\"Erkunden Sie den Naturpark Marjal de Pego-Oliva und verbinden Sie sich mit der valencianischen Natur in Ihrem Urlaub an der K\u00fcste.\" \/>\n<meta property=\"og:url\" content=\"https:\/\/www.ontravelholidayrentals.com\/blog\/de\/naturpark-marjal-pego-oliva\/\" \/>\n<meta property=\"og:site_name\" content=\"Blog\" \/>\n<meta property=\"article:published_time\" content=\"2025-09-08T11:43:15+00:00\" \/>\n<meta property=\"article:modified_time\" content=\"2025-09-29T11:42:31+00:00\" \/>\n<meta property=\"og:image\" content=\"https:\/\/www.ontravelholidayrentals.com\/blog\/wp-content\/uploads\/2025\/09\/Parque-Natural-Marjal-de-Pego-Oliva.jpg\" \/>\n\t<meta property=\"og:image:width\" content=\"1257\" \/>\n\t<meta property=\"og:image:height\" content=\"707\" \/>\n\t<meta property=\"og:image:type\" content=\"image\/jpeg\" \/>\n<meta name=\"author\" content=\"Axel\" \/>\n<meta name=\"twitter:card\" content=\"summary_large_image\" \/>\n<meta name=\"twitter:label1\" content=\"Verfasst von\" \/>\n\t<meta name=\"twitter:data1\" content=\"Axel\" \/>\n\t<meta name=\"twitter:label2\" content=\"Gesch\u00e4tzte Lesezeit\" \/>\n\t<meta name=\"twitter:data2\" content=\"6\u00a0Minuten\" \/>\n<script type=\"application\/ld+json\" class=\"yoast-schema-graph\">{\"@context\":\"https:\/\/schema.org\",\"@graph\":[{\"@type\":\"Article\",\"@id\":\"https:\/\/www.ontravelholidayrentals.com\/blog\/de\/naturpark-marjal-pego-oliva\/#article\",\"isPartOf\":{\"@id\":\"https:\/\/www.ontravelholidayrentals.com\/blog\/de\/naturpark-marjal-pego-oliva\/\"},\"author\":{\"name\":\"Axel\",\"@id\":\"https:\/\/www.ontravelholidayrentals.com\/blog\/de\/#\/schema\/person\/907601cb91b08af60b0fec9e629a4883\"},\"headline\":\"Naturpark Marjal de Pego-Oliva: ein Schatz zwischen Meer und Bergen\",\"datePublished\":\"2025-09-08T11:43:15+00:00\",\"dateModified\":\"2025-09-29T11:42:31+00:00\",\"mainEntityOfPage\":{\"@id\":\"https:\/\/www.ontravelholidayrentals.com\/blog\/de\/naturpark-marjal-pego-oliva\/\"},\"wordCount\":1181,\"commentCount\":0,\"publisher\":{\"@id\":\"https:\/\/www.ontravelholidayrentals.com\/blog\/de\/#organization\"},\"image\":{\"@id\":\"https:\/\/www.ontravelholidayrentals.com\/blog\/de\/naturpark-marjal-pego-oliva\/#primaryimage\"},\"thumbnailUrl\":\"https:\/\/www.ontravelholidayrentals.com\/blog\/wp-content\/uploads\/2025\/09\/Parque-Natural-Marjal-de-Pego-Oliva.jpg\",\"keywords\":[\"no template\"],\"articleSection\":[\"Oliva\"],\"inLanguage\":\"de\",\"potentialAction\":[{\"@type\":\"CommentAction\",\"name\":\"Comment\",\"target\":[\"https:\/\/www.ontravelholidayrentals.com\/blog\/de\/naturpark-marjal-pego-oliva\/#respond\"]}]},{\"@type\":\"WebPage\",\"@id\":\"https:\/\/www.ontravelholidayrentals.com\/blog\/de\/naturpark-marjal-pego-oliva\/\",\"url\":\"https:\/\/www.ontravelholidayrentals.com\/blog\/de\/naturpark-marjal-pego-oliva\/\",\"name\":\"Naturpark Marjal de Pego-Oliva - Blog\",\"isPartOf\":{\"@id\":\"https:\/\/www.ontravelholidayrentals.com\/blog\/de\/#website\"},\"primaryImageOfPage\":{\"@id\":\"https:\/\/www.ontravelholidayrentals.com\/blog\/de\/naturpark-marjal-pego-oliva\/#primaryimage\"},\"image\":{\"@id\":\"https:\/\/www.ontravelholidayrentals.com\/blog\/de\/naturpark-marjal-pego-oliva\/#primaryimage\"},\"thumbnailUrl\":\"https:\/\/www.ontravelholidayrentals.com\/blog\/wp-content\/uploads\/2025\/09\/Parque-Natural-Marjal-de-Pego-Oliva.jpg\",\"datePublished\":\"2025-09-08T11:43:15+00:00\",\"dateModified\":\"2025-09-29T11:42:31+00:00\",\"description\":\"Erkunden Sie den Naturpark Marjal de Pego-Oliva und verbinden Sie sich mit der valencianischen Natur in Ihrem Urlaub an der K\u00fcste.\",\"breadcrumb\":{\"@id\":\"https:\/\/www.ontravelholidayrentals.com\/blog\/de\/naturpark-marjal-pego-oliva\/#breadcrumb\"},\"inLanguage\":\"de\",\"potentialAction\":[{\"@type\":\"ReadAction\",\"target\":[\"https:\/\/www.ontravelholidayrentals.com\/blog\/de\/naturpark-marjal-pego-oliva\/\"]}]},{\"@type\":\"ImageObject\",\"inLanguage\":\"de\",\"@id\":\"https:\/\/www.ontravelholidayrentals.com\/blog\/de\/naturpark-marjal-pego-oliva\/#primaryimage\",\"url\":\"https:\/\/www.ontravelholidayrentals.com\/blog\/wp-content\/uploads\/2025\/09\/Parque-Natural-Marjal-de-Pego-Oliva.jpg\",\"contentUrl\":\"https:\/\/www.ontravelholidayrentals.com\/blog\/wp-content\/uploads\/2025\/09\/Parque-Natural-Marjal-de-Pego-Oliva.jpg\",\"width\":1257,\"height\":707,\"caption\":\"Parque-Natural-Marjal-de-Pego-Oliva.jpg\"},{\"@type\":\"BreadcrumbList\",\"@id\":\"https:\/\/www.ontravelholidayrentals.com\/blog\/de\/naturpark-marjal-pego-oliva\/#breadcrumb\",\"itemListElement\":[{\"@type\":\"ListItem\",\"position\":1,\"name\":\"Portada\",\"item\":\"https:\/\/www.ontravelholidayrentals.com\/blog\/de\/\"},{\"@type\":\"ListItem\",\"position\":2,\"name\":\"Naturpark Marjal de Pego-Oliva: ein Schatz zwischen Meer und Bergen\"}]},{\"@type\":\"WebSite\",\"@id\":\"https:\/\/www.ontravelholidayrentals.com\/blog\/de\/#website\",\"url\":\"https:\/\/www.ontravelholidayrentals.com\/blog\/de\/\",\"name\":\"Blog\",\"description\":\"Ontravelholidayrentals\",\"publisher\":{\"@id\":\"https:\/\/www.ontravelholidayrentals.com\/blog\/de\/#organization\"},\"potentialAction\":[{\"@type\":\"SearchAction\",\"target\":{\"@type\":\"EntryPoint\",\"urlTemplate\":\"https:\/\/www.ontravelholidayrentals.com\/blog\/de\/?s={search_term_string}\"},\"query-input\":{\"@type\":\"PropertyValueSpecification\",\"valueRequired\":true,\"valueName\":\"search_term_string\"}}],\"inLanguage\":\"de\"},{\"@type\":\"Organization\",\"@id\":\"https:\/\/www.ontravelholidayrentals.com\/blog\/de\/#organization\",\"name\":\"Blog\",\"url\":\"https:\/\/www.ontravelholidayrentals.com\/blog\/de\/\",\"logo\":{\"@type\":\"ImageObject\",\"inLanguage\":\"de\",\"@id\":\"https:\/\/www.ontravelholidayrentals.com\/blog\/de\/#\/schema\/logo\/image\/\",\"url\":\"https:\/\/www.ontravelholidayrentals.com\/blog\/wp-content\/uploads\/2025\/02\/logo-oliva-nova.webp\",\"contentUrl\":\"https:\/\/www.ontravelholidayrentals.com\/blog\/wp-content\/uploads\/2025\/02\/logo-oliva-nova.webp\",\"width\":2454,\"height\":875,\"caption\":\"Blog\"},\"image\":{\"@id\":\"https:\/\/www.ontravelholidayrentals.com\/blog\/de\/#\/schema\/logo\/image\/\"}},{\"@type\":\"Person\",\"@id\":\"https:\/\/www.ontravelholidayrentals.com\/blog\/de\/#\/schema\/person\/907601cb91b08af60b0fec9e629a4883\",\"name\":\"Axel\",\"image\":{\"@type\":\"ImageObject\",\"inLanguage\":\"de\",\"@id\":\"https:\/\/www.ontravelholidayrentals.com\/blog\/de\/#\/schema\/person\/image\/\",\"url\":\"https:\/\/secure.gravatar.com\/avatar\/3bd706736e5b70f21f05f6c2d5cad746767782a4ba4b7df399c5969e2a9318fd?s=96&d=mm&r=g\",\"contentUrl\":\"https:\/\/secure.gravatar.com\/avatar\/3bd706736e5b70f21f05f6c2d5cad746767782a4ba4b7df399c5969e2a9318fd?s=96&d=mm&r=g\",\"caption\":\"Axel\"},\"url\":\"https:\/\/www.ontravelholidayrentals.com\/blog\/de\/author\/axel\/\"}]}<\/script>\n<!-- \/ Yoast SEO plugin. -->","yoast_head_json":{"title":"Naturpark Marjal de Pego-Oliva - Blog","description":"Erkunden Sie den Naturpark Marjal de Pego-Oliva und verbinden Sie sich mit der valencianischen Natur in Ihrem Urlaub an der K\u00fcste.","robots":{"index":"index","follow":"follow","max-snippet":"max-snippet:-1","max-image-preview":"max-image-preview:large","max-video-preview":"max-video-preview:-1"},"canonical":"https:\/\/www.ontravelholidayrentals.com\/blog\/de\/naturpark-marjal-pego-oliva\/","og_locale":"de_DE","og_type":"article","og_title":"Naturpark Marjal de Pego-Oliva - Blog","og_description":"Erkunden Sie den Naturpark Marjal de Pego-Oliva und verbinden Sie sich mit der valencianischen Natur in Ihrem Urlaub an der K\u00fcste.","og_url":"https:\/\/www.ontravelholidayrentals.com\/blog\/de\/naturpark-marjal-pego-oliva\/","og_site_name":"Blog","article_published_time":"2025-09-08T11:43:15+00:00","article_modified_time":"2025-09-29T11:42:31+00:00","og_image":[{"width":1257,"height":707,"url":"https:\/\/www.ontravelholidayrentals.com\/blog\/wp-content\/uploads\/2025\/09\/Parque-Natural-Marjal-de-Pego-Oliva.jpg","type":"image\/jpeg"}],"author":"Axel","twitter_card":"summary_large_image","twitter_misc":{"Verfasst von":"Axel","Gesch\u00e4tzte Lesezeit":"6\u00a0Minuten"},"schema":{"@context":"https:\/\/schema.org","@graph":[{"@type":"Article","@id":"https:\/\/www.ontravelholidayrentals.com\/blog\/de\/naturpark-marjal-pego-oliva\/#article","isPartOf":{"@id":"https:\/\/www.ontravelholidayrentals.com\/blog\/de\/naturpark-marjal-pego-oliva\/"},"author":{"name":"Axel","@id":"https:\/\/www.ontravelholidayrentals.com\/blog\/de\/#\/schema\/person\/907601cb91b08af60b0fec9e629a4883"},"headline":"Naturpark Marjal de Pego-Oliva: ein Schatz zwischen Meer und Bergen","datePublished":"2025-09-08T11:43:15+00:00","dateModified":"2025-09-29T11:42:31+00:00","mainEntityOfPage":{"@id":"https:\/\/www.ontravelholidayrentals.com\/blog\/de\/naturpark-marjal-pego-oliva\/"},"wordCount":1181,"commentCount":0,"publisher":{"@id":"https:\/\/www.ontravelholidayrentals.com\/blog\/de\/#organization"},"image":{"@id":"https:\/\/www.ontravelholidayrentals.com\/blog\/de\/naturpark-marjal-pego-oliva\/#primaryimage"},"thumbnailUrl":"https:\/\/www.ontravelholidayrentals.com\/blog\/wp-content\/uploads\/2025\/09\/Parque-Natural-Marjal-de-Pego-Oliva.jpg","keywords":["no template"],"articleSection":["Oliva"],"inLanguage":"de","potentialAction":[{"@type":"CommentAction","name":"Comment","target":["https:\/\/www.ontravelholidayrentals.com\/blog\/de\/naturpark-marjal-pego-oliva\/#respond"]}]},{"@type":"WebPage","@id":"https:\/\/www.ontravelholidayrentals.com\/blog\/de\/naturpark-marjal-pego-oliva\/","url":"https:\/\/www.ontravelholidayrentals.com\/blog\/de\/naturpark-marjal-pego-oliva\/","name":"Naturpark Marjal de Pego-Oliva - Blog","isPartOf":{"@id":"https:\/\/www.ontravelholidayrentals.com\/blog\/de\/#website"},"primaryImageOfPage":{"@id":"https:\/\/www.ontravelholidayrentals.com\/blog\/de\/naturpark-marjal-pego-oliva\/#primaryimage"},"image":{"@id":"https:\/\/www.ontravelholidayrentals.com\/blog\/de\/naturpark-marjal-pego-oliva\/#primaryimage"},"thumbnailUrl":"https:\/\/www.ontravelholidayrentals.com\/blog\/wp-content\/uploads\/2025\/09\/Parque-Natural-Marjal-de-Pego-Oliva.jpg","datePublished":"2025-09-08T11:43:15+00:00","dateModified":"2025-09-29T11:42:31+00:00","description":"Erkunden Sie den Naturpark Marjal de Pego-Oliva und verbinden Sie sich mit der valencianischen Natur in Ihrem Urlaub an der K\u00fcste.","breadcrumb":{"@id":"https:\/\/www.ontravelholidayrentals.com\/blog\/de\/naturpark-marjal-pego-oliva\/#breadcrumb"},"inLanguage":"de","potentialAction":[{"@type":"ReadAction","target":["https:\/\/www.ontravelholidayrentals.com\/blog\/de\/naturpark-marjal-pego-oliva\/"]}]},{"@type":"ImageObject","inLanguage":"de","@id":"https:\/\/www.ontravelholidayrentals.com\/blog\/de\/naturpark-marjal-pego-oliva\/#primaryimage","url":"https:\/\/www.ontravelholidayrentals.com\/blog\/wp-content\/uploads\/2025\/09\/Parque-Natural-Marjal-de-Pego-Oliva.jpg","contentUrl":"https:\/\/www.ontravelholidayrentals.com\/blog\/wp-content\/uploads\/2025\/09\/Parque-Natural-Marjal-de-Pego-Oliva.jpg","width":1257,"height":707,"caption":"Parque-Natural-Marjal-de-Pego-Oliva.jpg"},{"@type":"BreadcrumbList","@id":"https:\/\/www.ontravelholidayrentals.com\/blog\/de\/naturpark-marjal-pego-oliva\/#breadcrumb","itemListElement":[{"@type":"ListItem","position":1,"name":"Portada","item":"https:\/\/www.ontravelholidayrentals.com\/blog\/de\/"},{"@type":"ListItem","position":2,"name":"Naturpark Marjal de Pego-Oliva: ein Schatz zwischen Meer und Bergen"}]},{"@type":"WebSite","@id":"https:\/\/www.ontravelholidayrentals.com\/blog\/de\/#website","url":"https:\/\/www.ontravelholidayrentals.com\/blog\/de\/","name":"Blog","description":"Ontravelholidayrentals","publisher":{"@id":"https:\/\/www.ontravelholidayrentals.com\/blog\/de\/#organization"},"potentialAction":[{"@type":"SearchAction","target":{"@type":"EntryPoint","urlTemplate":"https:\/\/www.ontravelholidayrentals.com\/blog\/de\/?s={search_term_string}"},"query-input":{"@type":"PropertyValueSpecification","valueRequired":true,"valueName":"search_term_string"}}],"inLanguage":"de"},{"@type":"Organization","@id":"https:\/\/www.ontravelholidayrentals.com\/blog\/de\/#organization","name":"Blog","url":"https:\/\/www.ontravelholidayrentals.com\/blog\/de\/","logo":{"@type":"ImageObject","inLanguage":"de","@id":"https:\/\/www.ontravelholidayrentals.com\/blog\/de\/#\/schema\/logo\/image\/","url":"https:\/\/www.ontravelholidayrentals.com\/blog\/wp-content\/uploads\/2025\/02\/logo-oliva-nova.webp","contentUrl":"https:\/\/www.ontravelholidayrentals.com\/blog\/wp-content\/uploads\/2025\/02\/logo-oliva-nova.webp","width":2454,"height":875,"caption":"Blog"},"image":{"@id":"https:\/\/www.ontravelholidayrentals.com\/blog\/de\/#\/schema\/logo\/image\/"}},{"@type":"Person","@id":"https:\/\/www.ontravelholidayrentals.com\/blog\/de\/#\/schema\/person\/907601cb91b08af60b0fec9e629a4883","name":"Axel","image":{"@type":"ImageObject","inLanguage":"de","@id":"https:\/\/www.ontravelholidayrentals.com\/blog\/de\/#\/schema\/person\/image\/","url":"https:\/\/secure.gravatar.com\/avatar\/3bd706736e5b70f21f05f6c2d5cad746767782a4ba4b7df399c5969e2a9318fd?s=96&d=mm&r=g","contentUrl":"https:\/\/secure.gravatar.com\/avatar\/3bd706736e5b70f21f05f6c2d5cad746767782a4ba4b7df399c5969e2a9318fd?s=96&d=mm&r=g","caption":"Axel"},"url":"https:\/\/www.ontravelholidayrentals.com\/blog\/de\/author\/axel\/"}]}},"_links":{"self":[{"href":"https:\/\/www.ontravelholidayrentals.com\/blog\/de\/wp-json\/wp\/v2\/posts\/1152","targetHints":{"allow":["GET"]}}],"collection":[{"href":"https:\/\/www.ontravelholidayrentals.com\/blog\/de\/wp-json\/wp\/v2\/posts"}],"about":[{"href":"https:\/\/www.ontravelholidayrentals.com\/blog\/de\/wp-json\/wp\/v2\/types\/post"}],"author":[{"embeddable":true,"href":"https:\/\/www.ontravelholidayrentals.com\/blog\/de\/wp-json\/wp\/v2\/users\/4"}],"replies":[{"embeddable":true,"href":"https:\/\/www.ontravelholidayrentals.com\/blog\/de\/wp-json\/wp\/v2\/comments?post=1152"}],"version-history":[{"count":2,"href":"https:\/\/www.ontravelholidayrentals.com\/blog\/de\/wp-json\/wp\/v2\/posts\/1152\/revisions"}],"predecessor-version":[{"id":1211,"href":"https:\/\/www.ontravelholidayrentals.com\/blog\/de\/wp-json\/wp\/v2\/posts\/1152\/revisions\/1211"}],"wp:featuredmedia":[{"embeddable":true,"href":"https:\/\/www.ontravelholidayrentals.com\/blog\/de\/wp-json\/wp\/v2\/media\/1142"}],"wp:attachment":[{"href":"https:\/\/www.ontravelholidayrentals.com\/blog\/de\/wp-json\/wp\/v2\/media?parent=1152"}],"wp:term":[{"taxonomy":"category","embeddable":true,"href":"https:\/\/www.ontravelholidayrentals.com\/blog\/de\/wp-json\/wp\/v2\/categories?post=1152"},{"taxonomy":"post_tag","embeddable":true,"href":"https:\/\/www.ontravelholidayrentals.com\/blog\/de\/wp-json\/wp\/v2\/tags?post=1152"}],"curies":[{"name":"wp","href":"https:\/\/api.w.org\/{rel}","templated":true}]}}