{"id":1089,"date":"2025-08-22T11:11:58","date_gmt":"2025-08-22T11:11:58","guid":{"rendered":"https:\/\/www.ontravelholidayrentals.com\/blog\/?p=1089"},"modified":"2025-08-27T08:50:03","modified_gmt":"2025-08-27T08:50:03","slug":"cueva-del-rull-alicante","status":"publish","type":"post","link":"https:\/\/www.ontravelholidayrentals.com\/blog\/de\/cueva-del-rull-alicante\/","title":{"rendered":"Haben Sie die Cueva del Rull in Alicante besucht? Notieren Sie sich diese Empfehlungen."},"content":{"rendered":"\t\t<div data-elementor-type=\"wp-post\" data-elementor-id=\"1089\" class=\"elementor elementor-1089 elementor-1035\" data-elementor-post-type=\"post\">\n\t\t\t\t<div class=\"elementor-element elementor-element-474f61d9 e-flex e-con-boxed e-con e-parent\" data-id=\"474f61d9\" data-element_type=\"container\" data-e-type=\"container\" data-settings=\"{&quot;background_background&quot;:&quot;classic&quot;}\">\n\t\t\t\t\t<div class=\"e-con-inner\">\n\t\t\t\t<div class=\"elementor-element elementor-element-39bd2f95 elementor-widget elementor-widget-heading\" data-id=\"39bd2f95\" data-element_type=\"widget\" data-e-type=\"widget\" data-widget_type=\"heading.default\">\n\t\t\t\t<div class=\"elementor-widget-container\">\n\t\t\t\t\t<h1 class=\"elementor-heading-title elementor-size-default\">Haben Sie die Cueva del Rull in Alicante besucht? Notieren Sie sich diese Empfehlungen.<\/h1>\t\t\t\t<\/div>\n\t\t\t\t<\/div>\n\t\t\t\t\t<\/div>\n\t\t\t\t<\/div>\n\t\t<div class=\"elementor-element elementor-element-6c34890a e-flex e-con-boxed e-con e-parent\" data-id=\"6c34890a\" data-element_type=\"container\" data-e-type=\"container\">\n\t\t\t\t\t<div class=\"e-con-inner\">\n\t\t\t\t<div class=\"elementor-element elementor-element-78f56e71 elementor-widget elementor-widget-text-editor\" data-id=\"78f56e71\" data-element_type=\"widget\" data-e-type=\"widget\" data-widget_type=\"text-editor.default\">\n\t\t\t\t<div class=\"elementor-widget-container\">\n\t\t\t\t\t\t\t\t\t<p><span style=\"font-weight: 400;\">Sind Sie bereit f\u00fcr ein unterirdisches Abenteuer? Entdecken Sie alles Wesentliche und den einen oder anderen Trick, um  <\/span><b>die Cueva del Rull in Alicante zu erkunden.<\/b><\/p>\t\t\t\t\t\t\t\t<\/div>\n\t\t\t\t<\/div>\n\t\t\t\t\t<\/div>\n\t\t\t\t<\/div>\n\t\t<div class=\"elementor-element elementor-element-54c2994f e-flex e-con-boxed e-con e-parent\" data-id=\"54c2994f\" data-element_type=\"container\" data-e-type=\"container\">\n\t\t\t\t\t<div class=\"e-con-inner\">\n\t\t\t\t<div class=\"elementor-element elementor-element-14982ab8 elementor-widget elementor-widget-table-of-contents\" data-id=\"14982ab8\" data-element_type=\"widget\" data-e-type=\"widget\" data-settings=\"{&quot;headings_by_tags&quot;:[&quot;h2&quot;,&quot;h3&quot;],&quot;exclude_headings_by_selector&quot;:[],&quot;marker_view&quot;:&quot;bullets&quot;,&quot;icon&quot;:{&quot;value&quot;:&quot;&quot;,&quot;library&quot;:&quot;&quot;},&quot;no_headings_message&quot;:&quot;No headings were found on this page.&quot;,&quot;hierarchical_view&quot;:&quot;yes&quot;,&quot;min_height&quot;:{&quot;unit&quot;:&quot;px&quot;,&quot;size&quot;:&quot;&quot;,&quot;sizes&quot;:[]},&quot;min_height_tablet&quot;:{&quot;unit&quot;:&quot;px&quot;,&quot;size&quot;:&quot;&quot;,&quot;sizes&quot;:[]},&quot;min_height_mobile&quot;:{&quot;unit&quot;:&quot;px&quot;,&quot;size&quot;:&quot;&quot;,&quot;sizes&quot;:[]}}\" data-widget_type=\"table-of-contents.default\">\n\t\t\t\t<div class=\"elementor-widget-container\">\n\t\t\t\t\t\t\t\t\t<div class=\"elementor-toc__header\">\n\t\t\t\t\t\t<div class=\"elementor-toc__header-title\">\n\t\t\t\tInhaltsverzeichnis\t\t\t<\/div>\n\t\t\t\t\t\t\t\t<\/div>\n\t\t\t\t<div id=\"elementor-toc__14982ab8\" class=\"elementor-toc__body\">\n\t\t\t<div class=\"elementor-toc__spinner-container\">\n\t\t\t\t<svg class=\"elementor-toc__spinner eicon-animation-spin e-font-icon-svg e-eicon-loading\" aria-hidden=\"true\" viewBox=\"0 0 1000 1000\" xmlns=\"http:\/\/www.w3.org\/2000\/svg\"><path d=\"M500 975V858C696 858 858 696 858 500S696 142 500 142 142 304 142 500H25C25 237 238 25 500 25S975 237 975 500 763 975 500 975Z\"><\/path><\/svg>\t\t\t<\/div>\n\t\t<\/div>\n\t\t\t\t\t\t<\/div>\n\t\t\t\t<\/div>\n\t\t\t\t\t<\/div>\n\t\t\t\t<\/div>\n\t\t<div class=\"elementor-element elementor-element-065692a e-flex e-con-boxed e-con e-parent\" data-id=\"065692a\" data-element_type=\"container\" data-e-type=\"container\">\n\t\t\t\t\t<div class=\"e-con-inner\">\n\t\t<div class=\"elementor-element elementor-element-07bae4d e-con-full e-flex e-con e-child\" data-id=\"07bae4d\" data-element_type=\"container\" data-e-type=\"container\">\n\t\t\t\t<div class=\"elementor-element elementor-element-64208a40 elementor-widget elementor-widget-heading\" data-id=\"64208a40\" data-element_type=\"widget\" data-e-type=\"widget\" data-widget_type=\"heading.default\">\n\t\t\t\t<div class=\"elementor-widget-container\">\n\t\t\t\t\t<h2 class=\"elementor-heading-title elementor-size-default\">Was ist die Cueva del Rull und wo befindet sie sich?\n<\/h2>\t\t\t\t<\/div>\n\t\t\t\t<\/div>\n\t\t\t\t<div class=\"elementor-element elementor-element-55a82186 elementor-widget elementor-widget-text-editor\" data-id=\"55a82186\" data-element_type=\"widget\" data-e-type=\"widget\" data-widget_type=\"text-editor.default\">\n\t\t\t\t<div class=\"elementor-widget-container\">\n\t\t\t\t\t\t\t\t\t<p><span style=\"font-weight: 400;\">Die Cueva del Rull ist ein<\/span> <b>Naturwunder voller Stalaktiten, Stalagmiten und skurriler Formationen<\/b><span style=\"font-weight: 400;\">, im Landesinneren von Alicante gelegen. Es ist ein perfekter Ort f\u00fcr alle, die einen etwas anderen Ausflug suchen, weniger als eine Stunde von Oliva, Moraira, J\u00e1vea, Benissa oder Denia entfernt. <\/span><\/p><p><span style=\"font-weight: 400;\">Dank ihrer Zug\u00e4nglichkeit und der gef\u00fchrten Besichtigungen ist sie<\/span> <b>ideal f\u00fcr Erkundungen mit der Familie oder mit Freunden<\/b><span style=\"font-weight: 400;\">, mit spektakul\u00e4ren Routen im Inneren, selbst wenn die Hitze an der K\u00fcste dr\u00fcckt.<\/span><\/p>\t\t\t\t\t\t\t\t<\/div>\n\t\t\t\t<\/div>\n\t\t\t\t<\/div>\n\t\t<div class=\"elementor-element elementor-element-3db97c7 e-con-full e-flex e-con e-child\" data-id=\"3db97c7\" data-element_type=\"container\" data-e-type=\"container\">\n\t\t\t\t<div class=\"elementor-element elementor-element-64fead3 elementor-widget elementor-widget-google_maps\" data-id=\"64fead3\" data-element_type=\"widget\" data-e-type=\"widget\" data-widget_type=\"google_maps.default\">\n\t\t\t\t<div class=\"elementor-widget-container\">\n\t\t\t\t\t\t\t<div class=\"elementor-custom-embed\">\n\t\t\t<iframe loading=\"lazy\"\n\t\t\t\t\tsrc=\"https:\/\/maps.google.com\/maps?q=%20Cueva%20del%20Rull&#038;t=m&#038;z=10&#038;output=embed&#038;iwloc=near\"\n\t\t\t\t\ttitle=\" Cueva del Rull\"\n\t\t\t\t\taria-label=\" Cueva del Rull\"\n\t\t\t><\/iframe>\n\t\t<\/div>\n\t\t\t\t\t\t<\/div>\n\t\t\t\t<\/div>\n\t\t\t\t<\/div>\n\t\t\t\t\t<\/div>\n\t\t\t\t<\/div>\n\t\t<div class=\"elementor-element elementor-element-2dcbcd2f e-flex e-con-boxed e-con e-parent\" data-id=\"2dcbcd2f\" data-element_type=\"container\" data-e-type=\"container\">\n\t\t\t\t\t<div class=\"e-con-inner\">\n\t\t\t\t<div class=\"elementor-element elementor-element-79951d5b elementor-widget elementor-widget-heading\" data-id=\"79951d5b\" data-element_type=\"widget\" data-e-type=\"widget\" data-widget_type=\"heading.default\">\n\t\t\t\t<div class=\"elementor-widget-container\">\n\t\t\t\t\t<h2 class=\"elementor-heading-title elementor-size-default\">Notieren Sie sich diese \u00d6ffnungszeiten, Preise und die Verf\u00fcgbarkeit f\u00fcr gef\u00fchrte Besichtigungen\n<\/h2>\t\t\t\t<\/div>\n\t\t\t\t<\/div>\n\t\t\t\t<div class=\"elementor-element elementor-element-26656965 elementor-widget elementor-widget-text-editor\" data-id=\"26656965\" data-element_type=\"widget\" data-e-type=\"widget\" data-widget_type=\"text-editor.default\">\n\t\t\t\t<div class=\"elementor-widget-container\">\n\t\t\t\t\t\t\t\t\t<p><span style=\"font-weight: 400;\">Die Cueva del Rull<\/span> <b>ist das ganze Jahr \u00fcber ge\u00f6ffnet, au\u00dfer vom 15. Januar bis zum 14. Februar<\/b><span style=\"font-weight: 400;\">, und die<\/span> <b>\u00d6ffnungszeiten variieren je nach Saison<\/b><span style=\"font-weight: 400;\">: Von April bis September ist sie von 10:30 bis 20:30 Uhr ge\u00f6ffnet, von M\u00e4rz bis Oktober von 11:00 bis 18:30 Uhr und von November bis zur Schlie\u00dfung von 11:00 bis 17:00 Uhr.<\/span><\/p><p><b>Der letzte Einlass ist eine halbe Stunde vor Schlie\u00dfung<\/b><span style=\"font-weight: 400;\">, also kein Hineinrennen, wenn der Rollladen heruntergelassen wird, und wenn Sie eine Gruppe sind, m\u00fcssen Sie vorher reservieren.<\/span><\/p><p><span style=\"font-weight: 400;\">Was die Preise betrifft, so k\u00f6nnte es nicht besser sein. Der  <\/span><b>allgemeine Eintrittspreis betr\u00e4gt 4 Euro<\/b><span style=\"font-weight: 400;\">, w\u00e4hrend er f\u00fcr Rentner und Kinder unter 14 Jahren 2,70 Euro betr\u00e4gt und f\u00fcr Kinder unter 3 Jahren der Eintritt frei ist. Beachten Sie jedoch, dass  <\/span><b>alles in bar bezahlt werden muss<\/b><span style=\"font-weight: 400;\">, es gibt kein Kartenleseger\u00e4t, da es in der H\u00f6hle keinen Empfang gibt.<\/span><\/p><p><span style=\"font-weight: 400;\">Die Besichtigungen sind gef\u00fchrt und haben eine kreisf\u00f6rmige Struktur mit einer<\/span> <b>L\u00e4nge von etwa 220 Metern und einem H\u00f6henunterschied von etwa 19 Metern, dauern etwa 30-45 Minuten<\/b><span style=\"font-weight: 400;\"> und sind f\u00fcr alle Zielgruppen geeignet, einschlie\u00dflich der H\u00f6hlenforscher auf dem Sofa.<\/span><\/p>\t\t\t\t\t\t\t\t<\/div>\n\t\t\t\t<\/div>\n\t\t\t\t\t<\/div>\n\t\t\t\t<\/div>\n\t\t<div class=\"elementor-element elementor-element-2be144b e-flex e-con-boxed e-con e-parent\" data-id=\"2be144b\" data-element_type=\"container\" data-e-type=\"container\">\n\t\t\t\t\t<div class=\"e-con-inner\">\n\t\t\t\t<div class=\"elementor-element elementor-element-863f5f6 elementor-widget elementor-widget-image\" data-id=\"863f5f6\" data-element_type=\"widget\" data-e-type=\"widget\" data-widget_type=\"image.default\">\n\t\t\t\t<div class=\"elementor-widget-container\">\n\t\t\t\t\t\t\t\t\t\t\t\t\t\t\t<img fetchpriority=\"high\" decoding=\"async\" width=\"1254\" height=\"627\" src=\"https:\/\/www.ontravelholidayrentals.com\/blog\/wp-content\/uploads\/2025\/08\/visitar-Cueva-del-Rull.jpg\" class=\"attachment-full size-full wp-image-1065\" alt=\"visitar-Cueva-del-Rull.jpg\" srcset=\"https:\/\/www.ontravelholidayrentals.com\/blog\/wp-content\/uploads\/2025\/08\/visitar-Cueva-del-Rull.jpg 1254w, https:\/\/www.ontravelholidayrentals.com\/blog\/wp-content\/uploads\/2025\/08\/visitar-Cueva-del-Rull-300x150.jpg 300w, https:\/\/www.ontravelholidayrentals.com\/blog\/wp-content\/uploads\/2025\/08\/visitar-Cueva-del-Rull-1024x512.jpg 1024w, https:\/\/www.ontravelholidayrentals.com\/blog\/wp-content\/uploads\/2025\/08\/visitar-Cueva-del-Rull-768x384.jpg 768w\" sizes=\"(max-width: 1254px) 100vw, 1254px\" \/>\t\t\t\t\t\t\t\t\t\t\t\t\t\t\t<\/div>\n\t\t\t\t<\/div>\n\t\t\t\t\t<\/div>\n\t\t\t\t<\/div>\n\t\t<div class=\"elementor-element elementor-element-498bc7d e-flex e-con-boxed e-con e-parent\" data-id=\"498bc7d\" data-element_type=\"container\" data-e-type=\"container\">\n\t\t\t\t\t<div class=\"e-con-inner\">\n\t\t\t\t<div class=\"elementor-element elementor-element-716d7e9 elementor-widget elementor-widget-heading\" data-id=\"716d7e9\" data-element_type=\"widget\" data-e-type=\"widget\" data-widget_type=\"heading.default\">\n\t\t\t\t<div class=\"elementor-widget-container\">\n\t\t\t\t\t<h2 class=\"elementor-heading-title elementor-size-default\">Erfahren Sie mehr \u00fcber ihre Geschichte und wie diese geologische Formation entstanden ist\n<\/h2>\t\t\t\t<\/div>\n\t\t\t\t<\/div>\n\t\t\t\t<div class=\"elementor-element elementor-element-073aba7 elementor-widget elementor-widget-text-editor\" data-id=\"073aba7\" data-element_type=\"widget\" data-e-type=\"widget\" data-widget_type=\"text-editor.default\">\n\t\t\t\t<div class=\"elementor-widget-container\">\n\t\t\t\t\t\t\t\t\t<p><span style=\"font-weight: 400;\">Die Geschichte der Cueva del Rull ist filmreif. Sie wurde  <\/span><b>1919 entdeckt<\/b><span style=\"font-weight: 400;\">, fast zuf\u00e4llig, als ein lokaler J\u00e4ger,<\/span> <b>Vicente Mengual Mas, Spitzname \u201eel t\u00edo Rull\u201c<\/b><span style=\"font-weight: 400;\">, ein Kaninchen verfolgte, das sich in einem Loch versteckte. Der Mann gab seine Jagd nicht auf, sondern begann zu graben und fand eine monumentale H\u00f6hle. <\/span><\/p><p><span style=\"font-weight: 400;\">In den 60er Jahren, angesichts des Aufschwungs des Tourismus,<\/span> <b>beschloss \u201eel t\u00edo Rull\u201c, sie f\u00fcr die \u00d6ffentlichkeit herzurichten<\/b><span style=\"font-weight: 400;\">, obwohl es ab den 90er Jahren war, als die Stadtverwaltung sie sanierte und modernisierte und sie f\u00fcr die Besucher sicher machte.<\/span><\/p><p><span style=\"font-weight: 400;\">Geologisch gesehen hat sich die H\u00f6hle<\/span> <b>vor mehr als 5 Millionen Jahren gebildet<\/b><span style=\"font-weight: 400;\">, mitten im Mioz\u00e4n, w\u00e4hrend der \u201eAdoleszenz\u201c des Planeten, wie wir sie nennen k\u00f6nnen. Sie besteht aus <\/span><b>Kalkkonglomeraten<\/b><span style=\"font-weight: 400;\">, wo das Wasser Mineralien erodiert, gel\u00f6st und abgelagert hat, was zu einem Schauspiel von Stalaktiten, Stalagmiten und anderen Formen gef\u00fchrt hat.<\/span><\/p><p><span style=\"font-weight: 400;\">Die verschiedenen<\/span> <b>Formen der H\u00f6hle regen die Fantasie aller Zielgruppen an<\/b><span style=\"font-weight: 400;\">, von Kindern bis zu Erwachsenen, einige haben sogar das eine oder andere Monster in ihren Formen gesehen.<\/span> <\/p><p><span style=\"font-weight: 400;\">Aber die Magie liegt nicht nur in den in die Steine ge\u00e4tzten Figuren, sondern<\/span> <b>auch in ihrer Temperatur, die bei hoher Luftfeuchtigkeit bei etwa 15 \u00b0C liegt.<\/b> <span style=\"font-weight: 400;\">Wenn Sie also zu denjenigen geh\u00f6ren, die schon beim Bewegen einer Augenbraue schwitzen, k\u00f6nnen Sie dies hier vollst\u00e4ndig verbergen, denn alle werden genauso sein wie Sie.<\/span><\/p>\t\t\t\t\t\t\t\t<\/div>\n\t\t\t\t<\/div>\n\t\t\t\t\t<\/div>\n\t\t\t\t<\/div>\n\t\t<div class=\"elementor-element elementor-element-1e6e808 e-flex e-con-boxed e-con e-parent\" data-id=\"1e6e808\" data-element_type=\"container\" data-e-type=\"container\">\n\t\t\t\t\t<div class=\"e-con-inner\">\n\t\t\t\t<div class=\"elementor-element elementor-element-1aedb18 elementor-widget elementor-widget-heading\" data-id=\"1aedb18\" data-element_type=\"widget\" data-e-type=\"widget\" data-widget_type=\"heading.default\">\n\t\t\t\t<div class=\"elementor-widget-container\">\n\t\t\t\t\t<h2 class=\"elementor-heading-title elementor-size-default\">Sie wissen nicht, was Sie in der N\u00e4he der H\u00f6hle sehen sollen? Notieren Sie sich diese Ideen \n<\/h2>\t\t\t\t<\/div>\n\t\t\t\t<\/div>\n\t\t\t\t<div class=\"elementor-element elementor-element-d59a09a elementor-widget elementor-widget-text-editor\" data-id=\"d59a09a\" data-element_type=\"widget\" data-e-type=\"widget\" data-widget_type=\"text-editor.default\">\n\t\t\t\t<div class=\"elementor-widget-container\">\n\t\t\t\t\t\t\t\t\t<p><span style=\"font-weight: 400;\">Sobald Sie ohne Stirnlampe ans Tageslicht kommen, sind die Vall d\u2019Ebo und ihre Umgebung<\/span> <b>voller interessanter Besichtigungsm\u00f6glichkeiten.<\/b><\/p><p><span style=\"font-weight: 400;\">Die<\/span> <b>Barranco del Infierno<\/b><span style=\"font-weight: 400;\">, eine der ber\u00fchmtesten Schluchten der Marina Alta, ist ideal f\u00fcr Wanderer und Liebhaber der Landschaftsfotografie. Aber wenn Sie eher ein Fan von Schwimmb\u00e4dern sind, gibt es im Fluss Ebo  <\/span><b>nat\u00fcrliche Schwimmb\u00e4der<\/b> <span style=\"font-weight: 400;\">, die sich perfekt zum Abk\u00fchlen im Sommer nach dem unterirdischen Ausflug eignen.<\/span><\/p><p><span style=\"font-weight: 400;\">Wenn Sie nach dem Besuch der H\u00f6hle Lust auf etwas mehr Kultur haben, bietet Ihnen das<\/span> <b>Ethnologische Museum der Vall d\u2019Ebo<\/b> <span style=\"font-weight: 400;\">einen Rundgang durch die lokale Geschichte und die Br\u00e4uche der Bewohner der Umgebung. Sie k\u00f6nnen auch die  <\/span><b>Kirche San Bartolom\u00e9<\/b><span style=\"font-weight: 400;\">, ihre lokalen Quellen und die alten Eiskeller der Gegend besuchen.<\/span><\/p><p><span style=\"font-weight: 400;\">Auf der anderen Seite k\u00f6nnen Sie den<\/span> <b>Mirador de la Forad\u00e0 besuchen<\/b><span style=\"font-weight: 400;\">, der eine spektakul\u00e4re Aussicht auf Berge und T\u00e4ler bietet, ideal f\u00fcr Selfies in der H\u00f6he. Und vergessen Sie nicht den <\/span> <b>Naturpark Marjal de Pego-Oliva<\/b><span style=\"font-weight: 400;\">, ein Paradies der Artenvielfalt nur einen Steinwurf von der H\u00f6hle entfernt.<\/span><\/p>\t\t\t\t\t\t\t\t<\/div>\n\t\t\t\t<\/div>\n\t\t\t\t<div class=\"elementor-element elementor-element-2d8bf06 elementor-widget elementor-widget-image\" data-id=\"2d8bf06\" data-element_type=\"widget\" data-e-type=\"widget\" data-widget_type=\"image.default\">\n\t\t\t\t<div class=\"elementor-widget-container\">\n\t\t\t\t\t\t\t\t\t\t\t\t\t\t\t<img decoding=\"async\" width=\"1254\" height=\"627\" src=\"https:\/\/www.ontravelholidayrentals.com\/blog\/wp-content\/uploads\/2025\/08\/Cueva-del-Rull.jpg\" class=\"attachment-full size-full wp-image-1069\" alt=\"\" srcset=\"https:\/\/www.ontravelholidayrentals.com\/blog\/wp-content\/uploads\/2025\/08\/Cueva-del-Rull.jpg 1254w, https:\/\/www.ontravelholidayrentals.com\/blog\/wp-content\/uploads\/2025\/08\/Cueva-del-Rull-300x150.jpg 300w, https:\/\/www.ontravelholidayrentals.com\/blog\/wp-content\/uploads\/2025\/08\/Cueva-del-Rull-1024x512.jpg 1024w, https:\/\/www.ontravelholidayrentals.com\/blog\/wp-content\/uploads\/2025\/08\/Cueva-del-Rull-768x384.jpg 768w\" sizes=\"(max-width: 1254px) 100vw, 1254px\" \/>\t\t\t\t\t\t\t\t\t\t\t\t\t\t\t<\/div>\n\t\t\t\t<\/div>\n\t\t\t\t\t<\/div>\n\t\t\t\t<\/div>\n\t\t<div class=\"elementor-element elementor-element-9b95352 e-flex e-con-boxed e-con e-parent\" data-id=\"9b95352\" data-element_type=\"container\" data-e-type=\"container\">\n\t\t\t\t\t<div class=\"e-con-inner\">\n\t\t\t\t<div class=\"elementor-element elementor-element-71a8e38 elementor-widget elementor-widget-heading\" data-id=\"71a8e38\" data-element_type=\"widget\" data-e-type=\"widget\" data-widget_type=\"heading.default\">\n\t\t\t\t<div class=\"elementor-widget-container\">\n\t\t\t\t\t<h2 class=\"elementor-heading-title elementor-size-default\">Vergessen Sie nicht diese Empfehlungen f\u00fcr den Besuch\n<\/h2>\t\t\t\t<\/div>\n\t\t\t\t<\/div>\n\t\t\t\t<div class=\"elementor-element elementor-element-9885eee elementor-widget elementor-widget-text-editor\" data-id=\"9885eee\" data-element_type=\"widget\" data-e-type=\"widget\" data-widget_type=\"text-editor.default\">\n\t\t\t\t<div class=\"elementor-widget-container\">\n\t\t\t\t\t\t\t\t\t<p><span style=\"font-weight: 400;\">Um eine gute Aussicht zu haben,<\/span> <b>empfehlen wir Ihnen,<\/b> <b>bequeme und geschlossene Schuhe zu tragen<\/b><span style=\"font-weight: 400;\">, denn obwohl die H\u00f6hle ausgestattet ist, kann der Boden rutschig sein. Und wenn Sie zu den Frostbeulen geh\u00f6ren, empfehlen wir Ihnen, etwas  <\/span><b>Warmes<\/b><span style=\"font-weight: 400;\">mitzunehmen, da es selbst im Sommer k\u00fchl ist.<\/span><\/p><p><span style=\"font-weight: 400;\">Sie d\u00fcrfen die<\/span> <b>Barzahlung<\/b> <span style=\"font-weight: 400;\">nicht vergessen, da es im Inneren keinen Empfang gibt. Wenn Sie eine Gruppe sind, rufen Sie vorher an, um zu reservieren.<\/span><\/p><p><span style=\"font-weight: 400;\">Es ist<\/span> <b>verboten,<\/b><span style=\"font-weight: 400;\"> die W\u00e4nde der H\u00f6hle zu ber\u00fchren. Was Sie sehen, ist das Ergebnis von Millionen von Jahren, also machen Sie keine neuen Skulpturen. Es ist auch verboten, die Kamera zu vergessen.  <\/span><\/p><p><span style=\"font-weight: 400;\">Schlie\u00dflich<\/span> <b>empfehlen wir Ihnen, Ihren ganzen Tag zu planen,<\/b><span style=\"font-weight: 400;\"> denn nach der Erkundung der H\u00f6hle k\u00f6nnen Sie andere Ecken erkunden, die Ihren Tag lohnenswert machen.<\/span><\/p>\t\t\t\t\t\t\t\t<\/div>\n\t\t\t\t<\/div>\n\t\t\t\t\t<\/div>\n\t\t\t\t<\/div>\n\t\t<div class=\"elementor-element elementor-element-fe9ed33 e-flex e-con-boxed e-con e-parent\" data-id=\"fe9ed33\" data-element_type=\"container\" data-e-type=\"container\">\n\t\t\t\t\t<div class=\"e-con-inner\">\n\t\t\t\t<div class=\"elementor-element elementor-element-e71998f elementor-widget elementor-widget-heading\" data-id=\"e71998f\" data-element_type=\"widget\" data-e-type=\"widget\" data-widget_type=\"heading.default\">\n\t\t\t\t<div class=\"elementor-widget-container\">\n\t\t\t\t\t<h2 class=\"elementor-heading-title elementor-size-default\">Warum sollten Sie die Cueva del Rull kennenlernen?\n<\/h2>\t\t\t\t<\/div>\n\t\t\t\t<\/div>\n\t\t\t\t<div class=\"elementor-element elementor-element-74a2e4d elementor-widget elementor-widget-text-editor\" data-id=\"74a2e4d\" data-element_type=\"widget\" data-e-type=\"widget\" data-widget_type=\"text-editor.default\">\n\t\t\t\t<div class=\"elementor-widget-container\">\n\t\t\t\t\t\t\t\t\t<p><span style=\"font-weight: 400;\">Die Cueva del Rull ist der perfekte Plan, wenn Sie in Oliva, Moraira, J\u00e1vea, Benissa, Denia oder Umgebung sind und mehr als nur den Strand sehen m\u00f6chten. Es ist ein Abenteuer, das <\/span> <b>Ihnen den Nervenkitzel bietet, eine andere Dimension unter der Erde zu entdecken<\/b><span style=\"font-weight: 400;\">, eine unterhaltsame Lektion und eine Gelegenheit, sich vom Handy zu l\u00f6sen.<\/span><\/p><p><span style=\"font-weight: 400;\">Wenn Sie also die Cueva del Rull besuchen m\u00f6chten, warten die<\/span> <b>Apartments in Oliva, Moraira, J\u00e1vea, Benissa oder Denia<\/b><span style=\"font-weight: 400;\"> auf Sie, damit Sie sich nach der Erkundung jeder Ecke in Ihrem unterirdischen Abenteuer erholen k\u00f6nnen. Denn manchmal liegt die Magie unter der Erde und nur einen Schritt von Ihrer idealen Unterkunft entfernt. <\/span><\/p>\t\t\t\t\t\t\t\t<\/div>\n\t\t\t\t<\/div>\n\t\t\t\t\t<\/div>\n\t\t\t\t<\/div>\n\t\t<div class=\"elementor-element elementor-element-758cdcf6 e-flex e-con-boxed e-con e-parent\" data-id=\"758cdcf6\" data-element_type=\"container\" data-e-type=\"container\">\n\t\t\t\t\t<div class=\"e-con-inner\">\n\t\t\t\t<div class=\"elementor-element elementor-element-3c8aaf6e elementor-widget elementor-widget-grid\" data-id=\"3c8aaf6e\" data-element_type=\"widget\" data-e-type=\"widget\" data-widget_type=\"grid.default\">\n\t\t\t\t<div class=\"elementor-widget-container\">\n\t\t\t\t\t\t\t<div class=\"its--row alojamientos-recomendados\">\n\n\t\t\t<div class=\"alojamientos-recomendados-container\">\n\n\t\t\t\t\t\n\t\t\t\t\t<a href=\"https:\/\/www.ontravelholidayrentals.com\/de\/vermietung\/villa-oliva-villa-vermeer-51-460858.html\" rel=\"nofollow\" style=\"width: 23%;\">\n\t\t\t\t\t\t<div class=\"apartamento-box\">\n\t\t\t\t\t\t\t<div class=\"imagen_recomendados\">\n\t\t\t\t\t\t\t\t<img decoding=\"async\" src=\"https:\/\/crs.avantio.com\/fotos\/2\/1703084140d3f439d9b3375a13b4f0e50afb895aaa\/big1703332585741831091dd4ad756385090fb49199ea.jpg\" alt=\"Villa Colibri by ON Travel\">\n\t\t\t\t\t\t\t<\/div>\n\t\t\t\t\t\t\t<div class=\"info\">\n\t\t\t\t\t\t\t\t<div class=\"ubicacion\">\n\t\t\t\t\t\t\t\t\t<i class=\"fa-solid fa-location-dot icono-mapa\"><\/i><span class=\"ubicacion-texto\">Oliva - Valencia Provinz<\/span>\n\t\t\t\t\t\t\t\t<\/div>\n\t\t\t\t\t\t\t\t<H3 class=\"titulo-alojamiento\">\n\t\t\t\t\t\t\t\t\tVilla Colibri by ON Travel\t\t\t\t\t\t\t\t<\/H3>\n\t\t\t\t\t\t\t\t<p class=\"precio-alojamiento\">Aus <span class=\"precio\">328.00\u20ac<\/span> pro Nacht<\/p>\n\t\t\t\t\t\t\t<\/div>\n\t\t\t\t\t\t<\/div>\n\t\t\t\t\t<\/a> \n\t\t\t\t\t\t\n\t\t\t\t\t<a href=\"https:\/\/www.ontravelholidayrentals.com\/de\/vermietung\/villa-oliva-villa-vermeer-21-461268.html\" rel=\"nofollow\" style=\"width: 23%;\">\n\t\t\t\t\t\t<div class=\"apartamento-box\">\n\t\t\t\t\t\t\t<div class=\"imagen_recomendados\">\n\t\t\t\t\t\t\t\t<img decoding=\"async\" src=\"https:\/\/crs.avantio.com\/fotos\/2\/1703335589811fbc048cd27ef2e70871e03571a65f\/big17033356189dc73706c960d3ef8712f0c901543b8b.jpg\" alt=\"Villa Solana  by ON Travel\">\n\t\t\t\t\t\t\t<\/div>\n\t\t\t\t\t\t\t<div class=\"info\">\n\t\t\t\t\t\t\t\t<div class=\"ubicacion\">\n\t\t\t\t\t\t\t\t\t<i class=\"fa-solid fa-location-dot icono-mapa\"><\/i><span class=\"ubicacion-texto\">Oliva - Valencia Provinz<\/span>\n\t\t\t\t\t\t\t\t<\/div>\n\t\t\t\t\t\t\t\t<H3 class=\"titulo-alojamiento\">\n\t\t\t\t\t\t\t\t\tVilla Solana  by ON Travel\t\t\t\t\t\t\t\t<\/H3>\n\t\t\t\t\t\t\t\t<p class=\"precio-alojamiento\">Aus <span class=\"precio\">217.00\u20ac<\/span> pro Nacht<\/p>\n\t\t\t\t\t\t\t<\/div>\n\t\t\t\t\t\t<\/div>\n\t\t\t\t\t<\/a> \n\t\t\t\t\t\t\n\t\t\t\t\t<a href=\"https:\/\/www.ontravelholidayrentals.com\/de\/vermietung\/villa-oliva-villa-vermeer-25-461292.html\" rel=\"nofollow\" style=\"width: 23%;\">\n\t\t\t\t\t\t<div class=\"apartamento-box\">\n\t\t\t\t\t\t\t<div class=\"imagen_recomendados\">\n\t\t\t\t\t\t\t\t<img decoding=\"async\" src=\"https:\/\/crs.avantio.com\/fotos\/2\/1705335735591b101a10adf0c9165b293b19af3489\/big1705335762de9703dc1854540c9777fd4932b0499a.jpg\" alt=\"Greenside oasis villa by ON Travel\">\n\t\t\t\t\t\t\t<\/div>\n\t\t\t\t\t\t\t<div class=\"info\">\n\t\t\t\t\t\t\t\t<div class=\"ubicacion\">\n\t\t\t\t\t\t\t\t\t<i class=\"fa-solid fa-location-dot icono-mapa\"><\/i><span class=\"ubicacion-texto\">Oliva - Valencia Provinz<\/span>\n\t\t\t\t\t\t\t\t<\/div>\n\t\t\t\t\t\t\t\t<H3 class=\"titulo-alojamiento\">\n\t\t\t\t\t\t\t\t\tGreenside oasis villa by ON Travel\t\t\t\t\t\t\t\t<\/H3>\n\t\t\t\t\t\t\t\t<p class=\"precio-alojamiento\">Aus <span class=\"precio\">328.00\u20ac<\/span> pro Nacht<\/p>\n\t\t\t\t\t\t\t<\/div>\n\t\t\t\t\t\t<\/div>\n\t\t\t\t\t<\/a> \n\t\t\t\t\t\t\n\t\t\t\t\t<a href=\"https:\/\/www.ontravelholidayrentals.com\/de\/vermietung\/villa-oliva-villa-vermeer-43-461293.html\" rel=\"nofollow\" style=\"width: 23%;\">\n\t\t\t\t\t\t<div class=\"apartamento-box\">\n\t\t\t\t\t\t\t<div class=\"imagen_recomendados\">\n\t\t\t\t\t\t\t\t<img decoding=\"async\" src=\"https:\/\/crs.avantio.com\/fotos\/2\/17054241108ffb3352fb1b6efd3c6e1c3097debf40\/big170542451565ad5f2b0843b6346526f00ede7b3ef7.jpg\" alt=\"Villa Cisne by ON Travel\">\n\t\t\t\t\t\t\t<\/div>\n\t\t\t\t\t\t\t<div class=\"info\">\n\t\t\t\t\t\t\t\t<div class=\"ubicacion\">\n\t\t\t\t\t\t\t\t\t<i class=\"fa-solid fa-location-dot icono-mapa\"><\/i><span class=\"ubicacion-texto\">Oliva - Valencia Provinz<\/span>\n\t\t\t\t\t\t\t\t<\/div>\n\t\t\t\t\t\t\t\t<H3 class=\"titulo-alojamiento\">\n\t\t\t\t\t\t\t\t\tVilla Cisne by ON Travel\t\t\t\t\t\t\t\t<\/H3>\n\t\t\t\t\t\t\t\t<p class=\"precio-alojamiento\">Aus <span class=\"precio\">205.00\u20ac<\/span> pro Nacht<\/p>\n\t\t\t\t\t\t\t<\/div>\n\t\t\t\t\t\t<\/div>\n\t\t\t\t\t<\/a> \n\t\t\t\t\t\t\t\t<\/div>\n\t\t\t<\/div>\n\t\t\t\t\t\t<\/div>\n\t\t\t\t<\/div>\n\t\t\t\t\t<\/div>\n\t\t\t\t<\/div>\n\t\t\t\t<\/div>\n\t\t","protected":false},"excerpt":{"rendered":"<p>Sind Sie bereit f\u00fcr ein unterirdisches Abenteuer? Entdecken Sie alles Wesentliche und den einen oder anderen Trick, um die Cueva del Rull in Alicante zu erkunden. Inhaltsverzeichnis Was ist die Cueva del Rull und wo befindet sie sich? Die Cueva del Rull ist ein Naturwunder voller Stalaktiten, Stalagmiten und skurriler Formationen, im Landesinneren von Alicante [&hellip;]<\/p>\n","protected":false},"author":4,"featured_media":1073,"comment_status":"open","ping_status":"open","sticky":false,"template":"elementor_header_footer","format":"standard","meta":{"footnotes":""},"categories":[29],"tags":[72],"class_list":["post-1089","post","type-post","status-publish","format-standard","has-post-thumbnail","hentry","category-costa-blanca-de","tag-no-template"],"yoast_head":"<!-- This site is optimized with the Yoast SEO plugin v25.2 - https:\/\/yoast.com\/wordpress\/plugins\/seo\/ -->\n<title>Besuchen Sie die Cueva del Rull in Alicante - Blog<\/title>\n<meta name=\"description\" content=\"Erkunden Sie die Cueva del Rull und tauchen Sie ein in das Geheimnis der valencianischen Unterwelt.\" \/>\n<meta name=\"robots\" content=\"index, follow, max-snippet:-1, max-image-preview:large, max-video-preview:-1\" \/>\n<link rel=\"canonical\" href=\"https:\/\/www.ontravelholidayrentals.com\/blog\/de\/cueva-del-rull-alicante\/\" \/>\n<meta property=\"og:locale\" content=\"de_DE\" \/>\n<meta property=\"og:type\" content=\"article\" \/>\n<meta property=\"og:title\" content=\"Besuchen Sie die Cueva del Rull in Alicante - Blog\" \/>\n<meta property=\"og:description\" content=\"Erkunden Sie die Cueva del Rull und tauchen Sie ein in das Geheimnis der valencianischen Unterwelt.\" \/>\n<meta property=\"og:url\" content=\"https:\/\/www.ontravelholidayrentals.com\/blog\/de\/cueva-del-rull-alicante\/\" \/>\n<meta property=\"og:site_name\" content=\"Blog\" \/>\n<meta property=\"article:published_time\" content=\"2025-08-22T11:11:58+00:00\" \/>\n<meta property=\"article:modified_time\" content=\"2025-08-27T08:50:03+00:00\" \/>\n<meta property=\"og:image\" content=\"https:\/\/www.ontravelholidayrentals.com\/blog\/wp-content\/uploads\/2025\/08\/Cueva-del-Rull-Alicante.jpg\" \/>\n\t<meta property=\"og:image:width\" content=\"2120\" \/>\n\t<meta property=\"og:image:height\" content=\"707\" \/>\n\t<meta property=\"og:image:type\" content=\"image\/jpeg\" \/>\n<meta name=\"author\" content=\"Axel\" \/>\n<meta name=\"twitter:card\" content=\"summary_large_image\" \/>\n<meta name=\"twitter:label1\" content=\"Verfasst von\" \/>\n\t<meta name=\"twitter:data1\" content=\"Axel\" \/>\n\t<meta name=\"twitter:label2\" content=\"Gesch\u00e4tzte Lesezeit\" \/>\n\t<meta name=\"twitter:data2\" content=\"5\u00a0Minuten\" \/>\n<script type=\"application\/ld+json\" class=\"yoast-schema-graph\">{\"@context\":\"https:\/\/schema.org\",\"@graph\":[{\"@type\":\"Article\",\"@id\":\"https:\/\/www.ontravelholidayrentals.com\/blog\/de\/cueva-del-rull-alicante\/#article\",\"isPartOf\":{\"@id\":\"https:\/\/www.ontravelholidayrentals.com\/blog\/de\/cueva-del-rull-alicante\/\"},\"author\":{\"name\":\"Axel\",\"@id\":\"https:\/\/www.ontravelholidayrentals.com\/blog\/de\/#\/schema\/person\/907601cb91b08af60b0fec9e629a4883\"},\"headline\":\"Haben Sie die Cueva del Rull in Alicante besucht? Notieren Sie sich diese Empfehlungen.\",\"datePublished\":\"2025-08-22T11:11:58+00:00\",\"dateModified\":\"2025-08-27T08:50:03+00:00\",\"mainEntityOfPage\":{\"@id\":\"https:\/\/www.ontravelholidayrentals.com\/blog\/de\/cueva-del-rull-alicante\/\"},\"wordCount\":1102,\"commentCount\":0,\"publisher\":{\"@id\":\"https:\/\/www.ontravelholidayrentals.com\/blog\/de\/#organization\"},\"image\":{\"@id\":\"https:\/\/www.ontravelholidayrentals.com\/blog\/de\/cueva-del-rull-alicante\/#primaryimage\"},\"thumbnailUrl\":\"https:\/\/www.ontravelholidayrentals.com\/blog\/wp-content\/uploads\/2025\/08\/Cueva-del-Rull-Alicante.jpg\",\"keywords\":[\"no template\"],\"articleSection\":[\"Costa Blanca\"],\"inLanguage\":\"de\",\"potentialAction\":[{\"@type\":\"CommentAction\",\"name\":\"Comment\",\"target\":[\"https:\/\/www.ontravelholidayrentals.com\/blog\/de\/cueva-del-rull-alicante\/#respond\"]}]},{\"@type\":\"WebPage\",\"@id\":\"https:\/\/www.ontravelholidayrentals.com\/blog\/de\/cueva-del-rull-alicante\/\",\"url\":\"https:\/\/www.ontravelholidayrentals.com\/blog\/de\/cueva-del-rull-alicante\/\",\"name\":\"Besuchen Sie die Cueva del Rull in Alicante - Blog\",\"isPartOf\":{\"@id\":\"https:\/\/www.ontravelholidayrentals.com\/blog\/de\/#website\"},\"primaryImageOfPage\":{\"@id\":\"https:\/\/www.ontravelholidayrentals.com\/blog\/de\/cueva-del-rull-alicante\/#primaryimage\"},\"image\":{\"@id\":\"https:\/\/www.ontravelholidayrentals.com\/blog\/de\/cueva-del-rull-alicante\/#primaryimage\"},\"thumbnailUrl\":\"https:\/\/www.ontravelholidayrentals.com\/blog\/wp-content\/uploads\/2025\/08\/Cueva-del-Rull-Alicante.jpg\",\"datePublished\":\"2025-08-22T11:11:58+00:00\",\"dateModified\":\"2025-08-27T08:50:03+00:00\",\"description\":\"Erkunden Sie die Cueva del Rull und tauchen Sie ein in das Geheimnis der valencianischen Unterwelt.\",\"breadcrumb\":{\"@id\":\"https:\/\/www.ontravelholidayrentals.com\/blog\/de\/cueva-del-rull-alicante\/#breadcrumb\"},\"inLanguage\":\"de\",\"potentialAction\":[{\"@type\":\"ReadAction\",\"target\":[\"https:\/\/www.ontravelholidayrentals.com\/blog\/de\/cueva-del-rull-alicante\/\"]}]},{\"@type\":\"ImageObject\",\"inLanguage\":\"de\",\"@id\":\"https:\/\/www.ontravelholidayrentals.com\/blog\/de\/cueva-del-rull-alicante\/#primaryimage\",\"url\":\"https:\/\/www.ontravelholidayrentals.com\/blog\/wp-content\/uploads\/2025\/08\/Cueva-del-Rull-Alicante.jpg\",\"contentUrl\":\"https:\/\/www.ontravelholidayrentals.com\/blog\/wp-content\/uploads\/2025\/08\/Cueva-del-Rull-Alicante.jpg\",\"width\":2120,\"height\":707,\"caption\":\"Images of the inside of various caves, located in Puerto Rico.\"},{\"@type\":\"BreadcrumbList\",\"@id\":\"https:\/\/www.ontravelholidayrentals.com\/blog\/de\/cueva-del-rull-alicante\/#breadcrumb\",\"itemListElement\":[{\"@type\":\"ListItem\",\"position\":1,\"name\":\"Portada\",\"item\":\"https:\/\/www.ontravelholidayrentals.com\/blog\/de\/\"},{\"@type\":\"ListItem\",\"position\":2,\"name\":\"Haben Sie die Cueva del Rull in Alicante besucht? Notieren Sie sich diese Empfehlungen.\"}]},{\"@type\":\"WebSite\",\"@id\":\"https:\/\/www.ontravelholidayrentals.com\/blog\/de\/#website\",\"url\":\"https:\/\/www.ontravelholidayrentals.com\/blog\/de\/\",\"name\":\"Blog\",\"description\":\"Ontravelholidayrentals\",\"publisher\":{\"@id\":\"https:\/\/www.ontravelholidayrentals.com\/blog\/de\/#organization\"},\"potentialAction\":[{\"@type\":\"SearchAction\",\"target\":{\"@type\":\"EntryPoint\",\"urlTemplate\":\"https:\/\/www.ontravelholidayrentals.com\/blog\/de\/?s={search_term_string}\"},\"query-input\":{\"@type\":\"PropertyValueSpecification\",\"valueRequired\":true,\"valueName\":\"search_term_string\"}}],\"inLanguage\":\"de\"},{\"@type\":\"Organization\",\"@id\":\"https:\/\/www.ontravelholidayrentals.com\/blog\/de\/#organization\",\"name\":\"Blog\",\"url\":\"https:\/\/www.ontravelholidayrentals.com\/blog\/de\/\",\"logo\":{\"@type\":\"ImageObject\",\"inLanguage\":\"de\",\"@id\":\"https:\/\/www.ontravelholidayrentals.com\/blog\/de\/#\/schema\/logo\/image\/\",\"url\":\"https:\/\/www.ontravelholidayrentals.com\/blog\/wp-content\/uploads\/2025\/02\/logo-oliva-nova.webp\",\"contentUrl\":\"https:\/\/www.ontravelholidayrentals.com\/blog\/wp-content\/uploads\/2025\/02\/logo-oliva-nova.webp\",\"width\":2454,\"height\":875,\"caption\":\"Blog\"},\"image\":{\"@id\":\"https:\/\/www.ontravelholidayrentals.com\/blog\/de\/#\/schema\/logo\/image\/\"}},{\"@type\":\"Person\",\"@id\":\"https:\/\/www.ontravelholidayrentals.com\/blog\/de\/#\/schema\/person\/907601cb91b08af60b0fec9e629a4883\",\"name\":\"Axel\",\"image\":{\"@type\":\"ImageObject\",\"inLanguage\":\"de\",\"@id\":\"https:\/\/www.ontravelholidayrentals.com\/blog\/de\/#\/schema\/person\/image\/\",\"url\":\"https:\/\/secure.gravatar.com\/avatar\/3bd706736e5b70f21f05f6c2d5cad746767782a4ba4b7df399c5969e2a9318fd?s=96&d=mm&r=g\",\"contentUrl\":\"https:\/\/secure.gravatar.com\/avatar\/3bd706736e5b70f21f05f6c2d5cad746767782a4ba4b7df399c5969e2a9318fd?s=96&d=mm&r=g\",\"caption\":\"Axel\"},\"url\":\"https:\/\/www.ontravelholidayrentals.com\/blog\/de\/author\/axel\/\"}]}<\/script>\n<!-- \/ Yoast SEO plugin. -->","yoast_head_json":{"title":"Besuchen Sie die Cueva del Rull in Alicante - Blog","description":"Erkunden Sie die Cueva del Rull und tauchen Sie ein in das Geheimnis der valencianischen Unterwelt.","robots":{"index":"index","follow":"follow","max-snippet":"max-snippet:-1","max-image-preview":"max-image-preview:large","max-video-preview":"max-video-preview:-1"},"canonical":"https:\/\/www.ontravelholidayrentals.com\/blog\/de\/cueva-del-rull-alicante\/","og_locale":"de_DE","og_type":"article","og_title":"Besuchen Sie die Cueva del Rull in Alicante - Blog","og_description":"Erkunden Sie die Cueva del Rull und tauchen Sie ein in das Geheimnis der valencianischen Unterwelt.","og_url":"https:\/\/www.ontravelholidayrentals.com\/blog\/de\/cueva-del-rull-alicante\/","og_site_name":"Blog","article_published_time":"2025-08-22T11:11:58+00:00","article_modified_time":"2025-08-27T08:50:03+00:00","og_image":[{"width":2120,"height":707,"url":"https:\/\/www.ontravelholidayrentals.com\/blog\/wp-content\/uploads\/2025\/08\/Cueva-del-Rull-Alicante.jpg","type":"image\/jpeg"}],"author":"Axel","twitter_card":"summary_large_image","twitter_misc":{"Verfasst von":"Axel","Gesch\u00e4tzte Lesezeit":"5\u00a0Minuten"},"schema":{"@context":"https:\/\/schema.org","@graph":[{"@type":"Article","@id":"https:\/\/www.ontravelholidayrentals.com\/blog\/de\/cueva-del-rull-alicante\/#article","isPartOf":{"@id":"https:\/\/www.ontravelholidayrentals.com\/blog\/de\/cueva-del-rull-alicante\/"},"author":{"name":"Axel","@id":"https:\/\/www.ontravelholidayrentals.com\/blog\/de\/#\/schema\/person\/907601cb91b08af60b0fec9e629a4883"},"headline":"Haben Sie die Cueva del Rull in Alicante besucht? Notieren Sie sich diese Empfehlungen.","datePublished":"2025-08-22T11:11:58+00:00","dateModified":"2025-08-27T08:50:03+00:00","mainEntityOfPage":{"@id":"https:\/\/www.ontravelholidayrentals.com\/blog\/de\/cueva-del-rull-alicante\/"},"wordCount":1102,"commentCount":0,"publisher":{"@id":"https:\/\/www.ontravelholidayrentals.com\/blog\/de\/#organization"},"image":{"@id":"https:\/\/www.ontravelholidayrentals.com\/blog\/de\/cueva-del-rull-alicante\/#primaryimage"},"thumbnailUrl":"https:\/\/www.ontravelholidayrentals.com\/blog\/wp-content\/uploads\/2025\/08\/Cueva-del-Rull-Alicante.jpg","keywords":["no template"],"articleSection":["Costa Blanca"],"inLanguage":"de","potentialAction":[{"@type":"CommentAction","name":"Comment","target":["https:\/\/www.ontravelholidayrentals.com\/blog\/de\/cueva-del-rull-alicante\/#respond"]}]},{"@type":"WebPage","@id":"https:\/\/www.ontravelholidayrentals.com\/blog\/de\/cueva-del-rull-alicante\/","url":"https:\/\/www.ontravelholidayrentals.com\/blog\/de\/cueva-del-rull-alicante\/","name":"Besuchen Sie die Cueva del Rull in Alicante - Blog","isPartOf":{"@id":"https:\/\/www.ontravelholidayrentals.com\/blog\/de\/#website"},"primaryImageOfPage":{"@id":"https:\/\/www.ontravelholidayrentals.com\/blog\/de\/cueva-del-rull-alicante\/#primaryimage"},"image":{"@id":"https:\/\/www.ontravelholidayrentals.com\/blog\/de\/cueva-del-rull-alicante\/#primaryimage"},"thumbnailUrl":"https:\/\/www.ontravelholidayrentals.com\/blog\/wp-content\/uploads\/2025\/08\/Cueva-del-Rull-Alicante.jpg","datePublished":"2025-08-22T11:11:58+00:00","dateModified":"2025-08-27T08:50:03+00:00","description":"Erkunden Sie die Cueva del Rull und tauchen Sie ein in das Geheimnis der valencianischen Unterwelt.","breadcrumb":{"@id":"https:\/\/www.ontravelholidayrentals.com\/blog\/de\/cueva-del-rull-alicante\/#breadcrumb"},"inLanguage":"de","potentialAction":[{"@type":"ReadAction","target":["https:\/\/www.ontravelholidayrentals.com\/blog\/de\/cueva-del-rull-alicante\/"]}]},{"@type":"ImageObject","inLanguage":"de","@id":"https:\/\/www.ontravelholidayrentals.com\/blog\/de\/cueva-del-rull-alicante\/#primaryimage","url":"https:\/\/www.ontravelholidayrentals.com\/blog\/wp-content\/uploads\/2025\/08\/Cueva-del-Rull-Alicante.jpg","contentUrl":"https:\/\/www.ontravelholidayrentals.com\/blog\/wp-content\/uploads\/2025\/08\/Cueva-del-Rull-Alicante.jpg","width":2120,"height":707,"caption":"Images of the inside of various caves, located in Puerto Rico."},{"@type":"BreadcrumbList","@id":"https:\/\/www.ontravelholidayrentals.com\/blog\/de\/cueva-del-rull-alicante\/#breadcrumb","itemListElement":[{"@type":"ListItem","position":1,"name":"Portada","item":"https:\/\/www.ontravelholidayrentals.com\/blog\/de\/"},{"@type":"ListItem","position":2,"name":"Haben Sie die Cueva del Rull in Alicante besucht? Notieren Sie sich diese Empfehlungen."}]},{"@type":"WebSite","@id":"https:\/\/www.ontravelholidayrentals.com\/blog\/de\/#website","url":"https:\/\/www.ontravelholidayrentals.com\/blog\/de\/","name":"Blog","description":"Ontravelholidayrentals","publisher":{"@id":"https:\/\/www.ontravelholidayrentals.com\/blog\/de\/#organization"},"potentialAction":[{"@type":"SearchAction","target":{"@type":"EntryPoint","urlTemplate":"https:\/\/www.ontravelholidayrentals.com\/blog\/de\/?s={search_term_string}"},"query-input":{"@type":"PropertyValueSpecification","valueRequired":true,"valueName":"search_term_string"}}],"inLanguage":"de"},{"@type":"Organization","@id":"https:\/\/www.ontravelholidayrentals.com\/blog\/de\/#organization","name":"Blog","url":"https:\/\/www.ontravelholidayrentals.com\/blog\/de\/","logo":{"@type":"ImageObject","inLanguage":"de","@id":"https:\/\/www.ontravelholidayrentals.com\/blog\/de\/#\/schema\/logo\/image\/","url":"https:\/\/www.ontravelholidayrentals.com\/blog\/wp-content\/uploads\/2025\/02\/logo-oliva-nova.webp","contentUrl":"https:\/\/www.ontravelholidayrentals.com\/blog\/wp-content\/uploads\/2025\/02\/logo-oliva-nova.webp","width":2454,"height":875,"caption":"Blog"},"image":{"@id":"https:\/\/www.ontravelholidayrentals.com\/blog\/de\/#\/schema\/logo\/image\/"}},{"@type":"Person","@id":"https:\/\/www.ontravelholidayrentals.com\/blog\/de\/#\/schema\/person\/907601cb91b08af60b0fec9e629a4883","name":"Axel","image":{"@type":"ImageObject","inLanguage":"de","@id":"https:\/\/www.ontravelholidayrentals.com\/blog\/de\/#\/schema\/person\/image\/","url":"https:\/\/secure.gravatar.com\/avatar\/3bd706736e5b70f21f05f6c2d5cad746767782a4ba4b7df399c5969e2a9318fd?s=96&d=mm&r=g","contentUrl":"https:\/\/secure.gravatar.com\/avatar\/3bd706736e5b70f21f05f6c2d5cad746767782a4ba4b7df399c5969e2a9318fd?s=96&d=mm&r=g","caption":"Axel"},"url":"https:\/\/www.ontravelholidayrentals.com\/blog\/de\/author\/axel\/"}]}},"_links":{"self":[{"href":"https:\/\/www.ontravelholidayrentals.com\/blog\/de\/wp-json\/wp\/v2\/posts\/1089","targetHints":{"allow":["GET"]}}],"collection":[{"href":"https:\/\/www.ontravelholidayrentals.com\/blog\/de\/wp-json\/wp\/v2\/posts"}],"about":[{"href":"https:\/\/www.ontravelholidayrentals.com\/blog\/de\/wp-json\/wp\/v2\/types\/post"}],"author":[{"embeddable":true,"href":"https:\/\/www.ontravelholidayrentals.com\/blog\/de\/wp-json\/wp\/v2\/users\/4"}],"replies":[{"embeddable":true,"href":"https:\/\/www.ontravelholidayrentals.com\/blog\/de\/wp-json\/wp\/v2\/comments?post=1089"}],"version-history":[{"count":1,"href":"https:\/\/www.ontravelholidayrentals.com\/blog\/de\/wp-json\/wp\/v2\/posts\/1089\/revisions"}],"predecessor-version":[{"id":1090,"href":"https:\/\/www.ontravelholidayrentals.com\/blog\/de\/wp-json\/wp\/v2\/posts\/1089\/revisions\/1090"}],"wp:featuredmedia":[{"embeddable":true,"href":"https:\/\/www.ontravelholidayrentals.com\/blog\/de\/wp-json\/wp\/v2\/media\/1073"}],"wp:attachment":[{"href":"https:\/\/www.ontravelholidayrentals.com\/blog\/de\/wp-json\/wp\/v2\/media?parent=1089"}],"wp:term":[{"taxonomy":"category","embeddable":true,"href":"https:\/\/www.ontravelholidayrentals.com\/blog\/de\/wp-json\/wp\/v2\/categories?post=1089"},{"taxonomy":"post_tag","embeddable":true,"href":"https:\/\/www.ontravelholidayrentals.com\/blog\/de\/wp-json\/wp\/v2\/tags?post=1089"}],"curies":[{"name":"wp","href":"https:\/\/api.w.org\/{rel}","templated":true}]}}