{"id":1083,"date":"2025-08-22T10:56:13","date_gmt":"2025-08-22T10:56:13","guid":{"rendered":"https:\/\/www.ontravelholidayrentals.com\/blog\/?p=1083"},"modified":"2025-08-27T08:50:54","modified_gmt":"2025-08-27T08:50:54","slug":"cala-baladrar","status":"publish","type":"post","link":"https:\/\/www.ontravelholidayrentals.com\/blog\/de\/cala-baladrar\/","title":{"rendered":"Die Cala Baladrar. Eine ruhige Umgebung, ideal f\u00fcr Ihren n\u00e4chsten Ausflug."},"content":{"rendered":"\t\t<div data-elementor-type=\"wp-post\" data-elementor-id=\"1083\" class=\"elementor elementor-1083 elementor-1040\" data-elementor-post-type=\"post\">\n\t\t\t\t<div class=\"elementor-element elementor-element-67276780 e-flex e-con-boxed e-con e-parent\" data-id=\"67276780\" data-element_type=\"container\" data-e-type=\"container\" data-settings=\"{&quot;background_background&quot;:&quot;classic&quot;}\">\n\t\t\t\t\t<div class=\"e-con-inner\">\n\t\t\t\t<div class=\"elementor-element elementor-element-5a0fc553 elementor-widget elementor-widget-heading\" data-id=\"5a0fc553\" data-element_type=\"widget\" data-e-type=\"widget\" data-widget_type=\"heading.default\">\n\t\t\t\t<div class=\"elementor-widget-container\">\n\t\t\t\t\t<h1 class=\"elementor-heading-title elementor-size-default\">Die Cala Baladrar. Eine ruhige Umgebung, ideal f\u00fcr Ihren n\u00e4chsten Ausflug.<\/h1>\t\t\t\t<\/div>\n\t\t\t\t<\/div>\n\t\t\t\t\t<\/div>\n\t\t\t\t<\/div>\n\t\t<div class=\"elementor-element elementor-element-f50cd8c e-flex e-con-boxed e-con e-parent\" data-id=\"f50cd8c\" data-element_type=\"container\" data-e-type=\"container\">\n\t\t\t\t\t<div class=\"e-con-inner\">\n\t\t\t\t<div class=\"elementor-element elementor-element-30606b3b elementor-widget elementor-widget-text-editor\" data-id=\"30606b3b\" data-element_type=\"widget\" data-e-type=\"widget\" data-widget_type=\"text-editor.default\">\n\t\t\t\t<div class=\"elementor-widget-container\">\n\t\t\t\t\t\t\t\t\t<p><span style=\"font-weight: 400;\">Stellen Sie sich vor, Ihr n\u00e4chster Ausflug f\u00fchrt Sie an<\/span><b> einen Ort, an dem das Blau des Mittelmeers mit der Ruhe verschmilzt<\/b><span style=\"font-weight: 400;\">, wo Sie im Freien im Schatten von Pinien essen k\u00f6nnen und Ihre gr\u00f6\u00dfte Sorge ist, daran zu denken, Sonnencreme aufzutragen.<\/span> <\/p><p><span style=\"font-weight: 400;\">Nun, doch. Wir haben die gute Nachricht, dass dies kein Traum ist. Sondern Realit\u00e4t. Es ist die    <\/span><b>Cala Baladrar, das Juwel von Benissa<\/b><span style=\"font-weight: 400;\">, die wir Ihnen heute auf On Travel vorstellen m\u00f6chten. Lesen Sie weiter! <\/span><\/p>\t\t\t\t\t\t\t\t<\/div>\n\t\t\t\t<\/div>\n\t\t\t\t\t<\/div>\n\t\t\t\t<\/div>\n\t\t<div class=\"elementor-element elementor-element-3f349405 e-flex e-con-boxed e-con e-parent\" data-id=\"3f349405\" data-element_type=\"container\" data-e-type=\"container\">\n\t\t\t\t\t<div class=\"e-con-inner\">\n\t\t\t\t<div class=\"elementor-element elementor-element-1f0afba elementor-widget elementor-widget-table-of-contents\" data-id=\"1f0afba\" data-element_type=\"widget\" data-e-type=\"widget\" data-settings=\"{&quot;headings_by_tags&quot;:[&quot;h2&quot;,&quot;h3&quot;],&quot;exclude_headings_by_selector&quot;:[],&quot;marker_view&quot;:&quot;bullets&quot;,&quot;icon&quot;:{&quot;value&quot;:&quot;&quot;,&quot;library&quot;:&quot;&quot;},&quot;no_headings_message&quot;:&quot;No headings were found on this page.&quot;,&quot;hierarchical_view&quot;:&quot;yes&quot;,&quot;min_height&quot;:{&quot;unit&quot;:&quot;px&quot;,&quot;size&quot;:&quot;&quot;,&quot;sizes&quot;:[]},&quot;min_height_tablet&quot;:{&quot;unit&quot;:&quot;px&quot;,&quot;size&quot;:&quot;&quot;,&quot;sizes&quot;:[]},&quot;min_height_mobile&quot;:{&quot;unit&quot;:&quot;px&quot;,&quot;size&quot;:&quot;&quot;,&quot;sizes&quot;:[]}}\" data-widget_type=\"table-of-contents.default\">\n\t\t\t\t<div class=\"elementor-widget-container\">\n\t\t\t\t\t\t\t\t\t<div class=\"elementor-toc__header\">\n\t\t\t\t\t\t<div class=\"elementor-toc__header-title\">\n\t\t\t\tInhaltsverzeichnis\t\t\t<\/div>\n\t\t\t\t\t\t\t\t<\/div>\n\t\t\t\t<div id=\"elementor-toc__1f0afba\" class=\"elementor-toc__body\">\n\t\t\t<div class=\"elementor-toc__spinner-container\">\n\t\t\t\t<svg class=\"elementor-toc__spinner eicon-animation-spin e-font-icon-svg e-eicon-loading\" aria-hidden=\"true\" viewBox=\"0 0 1000 1000\" xmlns=\"http:\/\/www.w3.org\/2000\/svg\"><path d=\"M500 975V858C696 858 858 696 858 500S696 142 500 142 142 304 142 500H25C25 237 238 25 500 25S975 237 975 500 763 975 500 975Z\"><\/path><\/svg>\t\t\t<\/div>\n\t\t<\/div>\n\t\t\t\t\t\t<\/div>\n\t\t\t\t<\/div>\n\t\t\t\t\t<\/div>\n\t\t\t\t<\/div>\n\t\t<div class=\"elementor-element elementor-element-7082154b e-flex e-con-boxed e-con e-parent\" data-id=\"7082154b\" data-element_type=\"container\" data-e-type=\"container\">\n\t\t\t\t\t<div class=\"e-con-inner\">\n\t\t\t\t<div class=\"elementor-element elementor-element-4fb8d554 elementor-widget elementor-widget-heading\" data-id=\"4fb8d554\" data-element_type=\"widget\" data-e-type=\"widget\" data-widget_type=\"heading.default\">\n\t\t\t\t<div class=\"elementor-widget-container\">\n\t\t\t\t\t<h2 class=\"elementor-heading-title elementor-size-default\">So erreichen Sie die Cala Baladrar ganz einfach\n<\/h2>\t\t\t\t<\/div>\n\t\t\t\t<\/div>\n\t\t\t\t<div class=\"elementor-element elementor-element-2544fecc elementor-widget elementor-widget-text-editor\" data-id=\"2544fecc\" data-element_type=\"widget\" data-e-type=\"widget\" data-widget_type=\"text-editor.default\">\n\t\t\t\t<div class=\"elementor-widget-container\">\n\t\t\t\t\t\t\t\t\t<p><span style=\"font-weight: 400;\">Die Cala Baladrar zu erreichen ist so einfach, wie die Autoschl\u00fcssel im Sand zu verlieren, aber keine Sorge, hier ist der Strand steinig. Dieses Paradies befindet sich <\/span> <b> zwischen den Ortschaften Calpe und Moraira<\/b><span style=\"font-weight: 400;\">, in der Provinz Alicante, mitten an der Costa Blanca.<\/span><\/p><p><span style=\"font-weight: 400;\">Wenn Sie von Moraira kommen, m\u00fcssen Sie die <\/span><b>Stra\u00dfe CV-746<\/b><span style=\"font-weight: 400;\">  in s\u00fcdlicher Richtung nehmen; wenn Ihre Route in Calpe beginnt, das Gleiche, aber umgekehrt. Sie werden Schilder sehen, die auf die   <\/span><b>Abzweigung zur Bucht zwischen Kilometer 7 und 8 hinweisen<\/b><span style=\"font-weight: 400;\">. Verpassen Sie das Schild nicht, sonst landen Sie vielleicht in einer anderen Bucht.<\/span><\/p><p><span style=\"font-weight: 400;\">Nach der Abzweigung finden Sie einen kleinen <\/span><b>Parkplatz mit etwa 20 Stellpl\u00e4tzen<\/b><span style=\"font-weight: 400;\">. Wenn Sie in der Hochsaison anreisen, kann es schwierig sein, einen Parkplatz zu finden, also stehen Sie lieber etwas fr\u00fcher auf.<\/span><\/p><p><span style=\"font-weight: 400;\">Wenn Sie \u00f6ffentliche Verkehrsmittel gew\u00e4hlt haben, gibt es eine<\/span><b> Bushaltestelle in der N\u00e4he<\/b><span style=\"font-weight: 400;\">, ideal, wenn Sie das Auto stehen lassen und die Aussicht ohne den Stress am Steuer genie\u00dfen m\u00f6chten. Und wenn Sie gerne wandern, f\u00fchrt der  <\/span><b>\u00f6kologische Pfad von Benissa<\/b><span style=\"font-weight: 400;\"> entlang der gesamten K\u00fcste und verbindet die wichtigsten Buchten.<\/span><\/p><p><span style=\"font-weight: 400;\">Um zur Bucht zu gelangen<\/span><b>, durchqueren Sie einen Aussichtspunkt, der sich perfekt f\u00fcr Ihre ersten Fotos der Landschaft eignet<\/b> <span style=\"font-weight: 400;\">und dann eine Treppe. Bevor Sie hinuntergehen, k\u00f6nnen Sie sich an den B\u00e4nken mit Tischen unter den Pinien st\u00e4rken. <\/span><\/p>\t\t\t\t\t\t\t\t<\/div>\n\t\t\t\t<\/div>\n\t\t\t\t\t<\/div>\n\t\t\t\t<\/div>\n\t\t<div class=\"elementor-element elementor-element-19c39c0 e-flex e-con-boxed e-con e-parent\" data-id=\"19c39c0\" data-element_type=\"container\" data-e-type=\"container\">\n\t\t\t\t\t<div class=\"e-con-inner\">\n\t\t\t\t<div class=\"elementor-element elementor-element-23d3f69 elementor-widget elementor-widget-google_maps\" data-id=\"23d3f69\" data-element_type=\"widget\" data-e-type=\"widget\" data-widget_type=\"google_maps.default\">\n\t\t\t\t<div class=\"elementor-widget-container\">\n\t\t\t\t\t\t\t<div class=\"elementor-custom-embed\">\n\t\t\t<iframe loading=\"lazy\"\n\t\t\t\t\tsrc=\"https:\/\/maps.google.com\/maps?q=Cala%20Baladrar%20&#038;t=m&#038;z=15&#038;output=embed&#038;iwloc=near\"\n\t\t\t\t\ttitle=\"Cala Baladrar \"\n\t\t\t\t\taria-label=\"Cala Baladrar \"\n\t\t\t><\/iframe>\n\t\t<\/div>\n\t\t\t\t\t\t<\/div>\n\t\t\t\t<\/div>\n\t\t\t\t\t<\/div>\n\t\t\t\t<\/div>\n\t\t<div class=\"elementor-element elementor-element-6765eb8c e-flex e-con-boxed e-con e-parent\" data-id=\"6765eb8c\" data-element_type=\"container\" data-e-type=\"container\">\n\t\t\t\t\t<div class=\"e-con-inner\">\n\t\t\t\t<div class=\"elementor-element elementor-element-62f12f93 elementor-widget elementor-widget-heading\" data-id=\"62f12f93\" data-element_type=\"widget\" data-e-type=\"widget\" data-widget_type=\"heading.default\">\n\t\t\t\t<div class=\"elementor-widget-container\">\n\t\t\t\t\t<h2 class=\"elementor-heading-title elementor-size-default\">Welche Dienstleistungen gibt es in der Bucht?\n<\/h2>\t\t\t\t<\/div>\n\t\t\t\t<\/div>\n\t\t\t\t<div class=\"elementor-element elementor-element-11d30072 elementor-widget elementor-widget-text-editor\" data-id=\"11d30072\" data-element_type=\"widget\" data-e-type=\"widget\" data-widget_type=\"text-editor.default\">\n\t\t\t\t<div class=\"elementor-widget-container\">\n\t\t\t\t\t\t\t\t\t<p><span style=\"font-weight: 400;\">Die Cala Baladrar bietet<\/span><b> die perfekte Balance zwischen Natur und Komfort<\/b><span style=\"font-weight: 400;\"> , sodass selbst der st\u00e4dtischste Mensch die Zivilisation nicht vermisst. Sie haben alles, was Sie f\u00fcr einen gl\u00fccklichen und unbeschwerten Tag brauchen, aber ohne die Massen anderer Strandgebiete. <\/span><\/p><p><span style=\"font-weight: 400;\">Zu den Dienstleistungen, die die Bucht bietet, geh\u00f6rt ein <\/span><b>Parkplatz<\/b><span style=\"font-weight: 400;\"> , der, obwohl klein, recht n\u00fctzlich ist, wenn Sie fr\u00fch ankommen. Au\u00dferdem gibt es einen  <\/span><b>\u00f6ffentlichen Toilettenbereich<\/b><span style=\"font-weight: 400;\">, und Sie haben <\/span><b>M\u00fclleimer und B\u00e4nke<\/b><span style=\"font-weight: 400;\">, denn das Mittelmeer wird gepflegt, aber auch Ihr Ges\u00e4\u00df.<\/span> <\/p><p><span style=\"font-weight: 400;\">Es gibt auch <\/span><b>Picknickpl\u00e4tze im Schatten<\/b><span style=\"font-weight: 400;\">, ideal, um Ihre Tupperdose vor der Sonne gesch\u00fctzt zu essen. Aber wenn Sie keine Zeit hatten, sich etwas zu essen zu machen, gibt es auch die  <\/span><b>Chiringuito Olal\u00e1<\/b><span style=\"font-weight: 400;\">.<\/span> <\/p>\t\t\t\t\t\t\t\t<\/div>\n\t\t\t\t<\/div>\n\t\t\t\t<div class=\"elementor-element elementor-element-5d2fa44 elementor-widget elementor-widget-image\" data-id=\"5d2fa44\" data-element_type=\"widget\" data-e-type=\"widget\" data-widget_type=\"image.default\">\n\t\t\t\t<div class=\"elementor-widget-container\">\n\t\t\t\t\t\t\t\t\t\t\t\t\t\t\t<img fetchpriority=\"high\" decoding=\"async\" width=\"1333\" height=\"666\" src=\"https:\/\/www.ontravelholidayrentals.com\/blog\/wp-content\/uploads\/2025\/08\/Cala-Baladrar-servicios.jpg\" class=\"attachment-full size-full wp-image-1049\" alt=\"Cala-Baladrar-servicios.jpg\" srcset=\"https:\/\/www.ontravelholidayrentals.com\/blog\/wp-content\/uploads\/2025\/08\/Cala-Baladrar-servicios.jpg 1333w, https:\/\/www.ontravelholidayrentals.com\/blog\/wp-content\/uploads\/2025\/08\/Cala-Baladrar-servicios-300x150.jpg 300w, https:\/\/www.ontravelholidayrentals.com\/blog\/wp-content\/uploads\/2025\/08\/Cala-Baladrar-servicios-1024x512.jpg 1024w, https:\/\/www.ontravelholidayrentals.com\/blog\/wp-content\/uploads\/2025\/08\/Cala-Baladrar-servicios-768x384.jpg 768w\" sizes=\"(max-width: 1333px) 100vw, 1333px\" \/>\t\t\t\t\t\t\t\t\t\t\t\t\t\t\t<\/div>\n\t\t\t\t<\/div>\n\t\t\t\t\t<\/div>\n\t\t\t\t<\/div>\n\t\t<div class=\"elementor-element elementor-element-a7719c5 e-flex e-con-boxed e-con e-parent\" data-id=\"a7719c5\" data-element_type=\"container\" data-e-type=\"container\">\n\t\t\t\t\t<div class=\"e-con-inner\">\n\t\t\t\t<div class=\"elementor-element elementor-element-4ff92bd elementor-widget elementor-widget-heading\" data-id=\"4ff92bd\" data-element_type=\"widget\" data-e-type=\"widget\" data-widget_type=\"heading.default\">\n\t\t\t\t<div class=\"elementor-widget-container\">\n\t\t\t\t\t<h2 class=\"elementor-heading-title elementor-size-default\">Welche Atmosph\u00e4re herrscht und welche Art von Besuchern ist ideal f\u00fcr diese Bucht?\n<\/h2>\t\t\t\t<\/div>\n\t\t\t\t<\/div>\n\t\t\t\t<div class=\"elementor-element elementor-element-7d81112 elementor-widget elementor-widget-text-editor\" data-id=\"7d81112\" data-element_type=\"widget\" data-e-type=\"widget\" data-widget_type=\"text-editor.default\">\n\t\t\t\t<div class=\"elementor-widget-container\">\n\t\t\t\t\t\t\t\t\t<p><span style=\"font-weight: 400;\">Die Atmosph\u00e4re in der Bucht ist vor allem ruhig. Hier finden Sie keine verr\u00fcckten Partys oder Hotelanimation, sondern eine  <\/span><b>famili\u00e4re Atmosph\u00e4re, in der sich Menschen treffen, die Ruhe suchen<\/b><span style=\"font-weight: 400;\">. Am Morgen ist die Ruhe total, ideal f\u00fcr diejenigen, die abschalten m\u00f6chten. Im Laufe des Tages wird die Atmosph\u00e4re etwas lebhafter, ohne jedoch die schwer zu findende Strandruhe zu verlieren. <\/span><\/p><p><span style=\"font-weight: 400;\">F\u00fcr die Aktiveren ist Baladrar das <\/span><b>Paradies zum Schnorcheln und Tauchen<\/b><span style=\"font-weight: 400;\">, dank des klaren Wassers und des Lebensraums voller bunter Fische, Seegraswiesen und, mit etwas Gl\u00fcck, einem Seestern. Halten Sie jedoch Ihre Badeschuhe bereit, denn die Steine massieren zwar kostenlos, verzeihen aber keine Fehler. <\/span><\/p><p><span style=\"font-weight: 400;\">Pl\u00e4ne f\u00fcr die Partyg\u00e4nger? Das  <\/span><b>Chiringuito Olal\u00e0 bietet von Montag bis Samstag den ganzen Sommer \u00fcber Live-Musikkonzerte<\/b><span style=\"font-weight: 400;\">, sodass f\u00fcr jedes Publikum sanfte Stimmung und gute Vibes herrschen.<\/span><\/p>\t\t\t\t\t\t\t\t<\/div>\n\t\t\t\t<\/div>\n\t\t\t\t\t<\/div>\n\t\t\t\t<\/div>\n\t\t<div class=\"elementor-element elementor-element-af63d12 e-flex e-con-boxed e-con e-parent\" data-id=\"af63d12\" data-element_type=\"container\" data-e-type=\"container\">\n\t\t\t\t\t<div class=\"e-con-inner\">\n\t\t\t\t<div class=\"elementor-element elementor-element-f2d8ec3 elementor-widget elementor-widget-heading\" data-id=\"f2d8ec3\" data-element_type=\"widget\" data-e-type=\"widget\" data-widget_type=\"heading.default\">\n\t\t\t\t<div class=\"elementor-widget-container\">\n\t\t\t\t\t<h2 class=\"elementor-heading-title elementor-size-default\">Die Chiringuito: Das sind die \u00d6ffnungszeiten und das Angebot\n<\/h2>\t\t\t\t<\/div>\n\t\t\t\t<\/div>\n\t\t\t\t<div class=\"elementor-element elementor-element-ba9f65c elementor-widget elementor-widget-text-editor\" data-id=\"ba9f65c\" data-element_type=\"widget\" data-e-type=\"widget\" data-widget_type=\"text-editor.default\">\n\t\t\t\t<div class=\"elementor-widget-container\">\n\t\t\t\t\t\t\t\t\t<p><b>Die Olal\u00e0 Beach Bar ist das soziale Herz der Cala Baladrar <\/b><span style=\"font-weight: 400;\">und eine der Top-Chiringuitos an der gesamten Costa Blanca. Sie liegt nicht direkt am Wasser, sondern etwas erh\u00f6ht auf einer Klippe, was ihr einen unglaublichen Blick sowohl auf das Mittelmeer als auch auf den mythischen Pe\u00f1\u00f3n de Ifach beschert. <\/span><\/p><p><span style=\"font-weight: 400;\">Die <\/span><b>Sommer\u00f6ffnungszeiten sind von 9:00 bis 24:00 Uhr<\/b><span style=\"font-weight: 400;\">, jeden Tag. Perfekt, um ein Fr\u00fchst\u00fcck mit Blick auf das Meer zu genie\u00dfen oder den Abend mit einem Drink und Live-Musik unter den Sternen ausklingen zu lassen.  <\/span><b>Im Winter \u00e4ndern sich die \u00d6ffnungszeiten, sie sind von 11:00 bis 18:00 Uhr<\/b><span style=\"font-weight: 400;\">, perfekt f\u00fcr einen Wermut oder einen Aperitif zwischen den Spazierg\u00e4ngen. Und es ist  <\/span><b>vom 7. April bis zum 1. November ge\u00f6ffnet<\/b><span style=\"font-weight: 400;\">.<\/span><\/p><p><span style=\"font-weight: 400;\">Die Speisekarte des Olal\u00e0 bietet eine <\/span><b>mediterrane K\u00fcche<\/b><span style=\"font-weight: 400;\">  mit Tapas, Paellas, Fisch, Salaten und Reisgerichten. Es gibt auch vegetarische Optionen. Zu den Gerichten, die wir empfehlen, geh\u00f6ren die Patatas Bravas und die Miesmuscheln.  <\/span><\/p><p><span style=\"font-weight: 400;\">Vergessen Sie nicht, eines der<\/span><b> Live-Musikkonzerte<\/b><span style=\"font-weight: 400;\"> zu besuchen, die die Chiringuito zu einem idealen Ort machen, um den Sonnenuntergang zu beobachten, w\u00e4hrend Sie das Essen, einen Cocktail und die Musik genie\u00dfen.<\/span><\/p>\t\t\t\t\t\t\t\t<\/div>\n\t\t\t\t<\/div>\n\t\t\t\t<div class=\"elementor-element elementor-element-2cf400e elementor-widget elementor-widget-image\" data-id=\"2cf400e\" data-element_type=\"widget\" data-e-type=\"widget\" data-widget_type=\"image.default\">\n\t\t\t\t<div class=\"elementor-widget-container\">\n\t\t\t\t\t\t\t\t\t\t\t\t\t\t\t<img decoding=\"async\" src=\"https:\/\/www.ontravelholidayrentals.com\/blog\/wp-content\/uploads\/elementor\/thumbs\/Cala-Baladrar-chiringuito-ramo6of3s2x5nf928yr6ymu9yxgwglmlv5uni008kw.webp\" title=\"Cala-Baladrar-chiringuito\" alt=\"Cala-Baladrar-chiringuito.webp\" loading=\"lazy\" \/>\t\t\t\t\t\t\t\t\t\t\t\t\t\t\t<\/div>\n\t\t\t\t<\/div>\n\t\t\t\t\t<\/div>\n\t\t\t\t<\/div>\n\t\t<div class=\"elementor-element elementor-element-c2b9e96 e-flex e-con-boxed e-con e-parent\" data-id=\"c2b9e96\" data-element_type=\"container\" data-e-type=\"container\">\n\t\t\t\t\t<div class=\"e-con-inner\">\n\t\t\t\t<div class=\"elementor-element elementor-element-008ac01 elementor-widget elementor-widget-heading\" data-id=\"008ac01\" data-element_type=\"widget\" data-e-type=\"widget\" data-widget_type=\"heading.default\">\n\t\t\t\t<div class=\"elementor-widget-container\">\n\t\t\t\t\t<h2 class=\"elementor-heading-title elementor-size-default\">Notieren Sie sich diese Tipps, um sie optimal zu genie\u00dfen\n<\/h2>\t\t\t\t<\/div>\n\t\t\t\t<\/div>\n\t\t\t\t<div class=\"elementor-element elementor-element-a45092c elementor-widget elementor-widget-text-editor\" data-id=\"a45092c\" data-element_type=\"widget\" data-e-type=\"widget\" data-widget_type=\"text-editor.default\">\n\t\t\t\t<div class=\"elementor-widget-container\">\n\t\t\t\t\t\t\t\t\t<p><span style=\"font-weight: 400;\">Damit Sie einen perfekten Tag haben, empfehlen wir Ihnen, <\/span><b>fr\u00fch anzureisen<\/b><span style=\"font-weight: 400;\">, da die Parkpl\u00e4tze begrenzt sind. Au\u00dferdem sollten Sie daran denken, ein <\/span> <b> geeignetes Schuhwerk<\/b><span style=\"font-weight: 400;\"> zu tragen, denn die Steine k\u00f6nnen t\u00fcckisch sein, wenn Sie nicht aufpassen.<\/span><\/p><p><span style=\"font-weight: 400;\">Denken Sie auch daran, einen <\/span><b>Sonnenschirm und einen Stuhl<\/b><span style=\"font-weight: 400;\"> mitzubringen, wenn Sie nicht m\u00f6chten, dass die Steine Ihnen eine wenig angenehme Massage \u00fcber den ganzen K\u00f6rper geben. Und wenn Sie etwas abenteuerlustiger sind, vergessen Sie nicht die  <\/span><b>Tauchbrille<\/b><span style=\"font-weight: 400;\">.<\/span><\/p><p><span style=\"font-weight: 400;\">Und wenn Sie nach dem Strandtag noch Energie haben,<\/span><b> erkunden Sie den \u00f6kologischen Pfad<\/b><span style=\"font-weight: 400;\">, der an mehreren Buchten, Aussichtspunkten und Picknickpl\u00e4tzen vorbeif\u00fchrt.<\/span><\/p>\t\t\t\t\t\t\t\t<\/div>\n\t\t\t\t<\/div>\n\t\t\t\t\t<\/div>\n\t\t\t\t<\/div>\n\t\t<div class=\"elementor-element elementor-element-219d101 e-flex e-con-boxed e-con e-parent\" data-id=\"219d101\" data-element_type=\"container\" data-e-type=\"container\">\n\t\t\t\t\t<div class=\"e-con-inner\">\n\t\t\t\t<div class=\"elementor-element elementor-element-2189291 elementor-widget elementor-widget-heading\" data-id=\"2189291\" data-element_type=\"widget\" data-e-type=\"widget\" data-widget_type=\"heading.default\">\n\t\t\t\t<div class=\"elementor-widget-container\">\n\t\t\t\t\t<h2 class=\"elementor-heading-title elementor-size-default\">Warum sollten Sie die Cala Baladrar besuchen? Verpassen Sie sie nicht! \n<\/h2>\t\t\t\t<\/div>\n\t\t\t\t<\/div>\n\t\t\t\t<div class=\"elementor-element elementor-element-a054e74 elementor-widget elementor-widget-text-editor\" data-id=\"a054e74\" data-element_type=\"widget\" data-e-type=\"widget\" data-widget_type=\"text-editor.default\">\n\t\t\t\t<div class=\"elementor-widget-container\">\n\t\t\t\t\t\t\t\t\t<p><span style=\"font-weight: 400;\">Die Cala Baladrar ist nicht nur ein Strand, sondern ein Mikrokosmos, in dem Ruhe, Natur, gutes Essen und das Mittelmeer zusammenleben. Es ist der  <\/span><b>ideale Ausflug<\/b><span style=\"font-weight: 400;\"> sowohl f\u00fcr diejenigen, die abschalten m\u00f6chten, als auch f\u00fcr diejenigen, die schnorcheln, die Aussicht bewundern oder Live-Musik genie\u00dfen m\u00f6chten.<\/span> <\/p><p><span style=\"font-weight: 400;\">Wenn Sie also die <\/span><b>Mittelmeer-Erfahrung ohne Stress<\/b><span style=\"font-weight: 400;\"> erleben m\u00f6chten, umgeben von nat\u00fcrlicher Sch\u00f6nheit, angenehmer Atmosph\u00e4re und mit der M\u00f6glichkeit, eine Paella mit Blick auf den Pe\u00f1\u00f3n zu essen, notieren Sie sich die Cala Baladrar f\u00fcr Ihren n\u00e4chsten Ausflug. Und denken Sie daran, dass Sie uns kontaktieren k\u00f6nnen, um Apartments in Oliva, Moraira, J\u00e1vea, Benissa oder D\u00e9nia zu buchen. <\/span><\/p>\t\t\t\t\t\t\t\t<\/div>\n\t\t\t\t<\/div>\n\t\t\t\t\t<\/div>\n\t\t\t\t<\/div>\n\t\t<div class=\"elementor-element elementor-element-6ae6297d e-flex e-con-boxed e-con e-parent\" data-id=\"6ae6297d\" data-element_type=\"container\" data-e-type=\"container\">\n\t\t\t\t\t<div class=\"e-con-inner\">\n\t\t\t\t<div class=\"elementor-element elementor-element-294c7838 elementor-widget elementor-widget-grid\" data-id=\"294c7838\" data-element_type=\"widget\" data-e-type=\"widget\" data-widget_type=\"grid.default\">\n\t\t\t\t<div class=\"elementor-widget-container\">\n\t\t\t\t\t\t\t<div class=\"its--row alojamientos-recomendados\">\n\n\t\t\t<div class=\"alojamientos-recomendados-container\">\n\n\t\t\t\t\t\n\t\t\t\t\t<a href=\"https:\/\/www.ontravelholidayrentals.com\/de\/vermietung\/villa-oliva-villa-vermeer-51-460858.html\" rel=\"nofollow\" style=\"width: 23%;\">\n\t\t\t\t\t\t<div class=\"apartamento-box\">\n\t\t\t\t\t\t\t<div class=\"imagen_recomendados\">\n\t\t\t\t\t\t\t\t<img decoding=\"async\" src=\"https:\/\/crs.avantio.com\/fotos\/2\/1703084140d3f439d9b3375a13b4f0e50afb895aaa\/big1703332585741831091dd4ad756385090fb49199ea.jpg\" alt=\"Villa Colibri by ON Travel\">\n\t\t\t\t\t\t\t<\/div>\n\t\t\t\t\t\t\t<div class=\"info\">\n\t\t\t\t\t\t\t\t<div class=\"ubicacion\">\n\t\t\t\t\t\t\t\t\t<i class=\"fa-solid fa-location-dot icono-mapa\"><\/i><span class=\"ubicacion-texto\">Oliva - Valencia Provinz<\/span>\n\t\t\t\t\t\t\t\t<\/div>\n\t\t\t\t\t\t\t\t<H3 class=\"titulo-alojamiento\">\n\t\t\t\t\t\t\t\t\tVilla Colibri by ON Travel\t\t\t\t\t\t\t\t<\/H3>\n\t\t\t\t\t\t\t\t<p class=\"precio-alojamiento\">Aus <span class=\"precio\">328.00\u20ac<\/span> pro Nacht<\/p>\n\t\t\t\t\t\t\t<\/div>\n\t\t\t\t\t\t<\/div>\n\t\t\t\t\t<\/a> \n\t\t\t\t\t\t\n\t\t\t\t\t<a href=\"https:\/\/www.ontravelholidayrentals.com\/de\/vermietung\/villa-oliva-villa-vermeer-21-461268.html\" rel=\"nofollow\" style=\"width: 23%;\">\n\t\t\t\t\t\t<div class=\"apartamento-box\">\n\t\t\t\t\t\t\t<div class=\"imagen_recomendados\">\n\t\t\t\t\t\t\t\t<img decoding=\"async\" src=\"https:\/\/crs.avantio.com\/fotos\/2\/1703335589811fbc048cd27ef2e70871e03571a65f\/big17033356189dc73706c960d3ef8712f0c901543b8b.jpg\" alt=\"Villa Solana  by ON Travel\">\n\t\t\t\t\t\t\t<\/div>\n\t\t\t\t\t\t\t<div class=\"info\">\n\t\t\t\t\t\t\t\t<div class=\"ubicacion\">\n\t\t\t\t\t\t\t\t\t<i class=\"fa-solid fa-location-dot icono-mapa\"><\/i><span class=\"ubicacion-texto\">Oliva - Valencia Provinz<\/span>\n\t\t\t\t\t\t\t\t<\/div>\n\t\t\t\t\t\t\t\t<H3 class=\"titulo-alojamiento\">\n\t\t\t\t\t\t\t\t\tVilla Solana  by ON Travel\t\t\t\t\t\t\t\t<\/H3>\n\t\t\t\t\t\t\t\t<p class=\"precio-alojamiento\">Aus <span class=\"precio\">217.00\u20ac<\/span> pro Nacht<\/p>\n\t\t\t\t\t\t\t<\/div>\n\t\t\t\t\t\t<\/div>\n\t\t\t\t\t<\/a> \n\t\t\t\t\t\t\n\t\t\t\t\t<a href=\"https:\/\/www.ontravelholidayrentals.com\/de\/vermietung\/villa-oliva-villa-vermeer-25-461292.html\" rel=\"nofollow\" style=\"width: 23%;\">\n\t\t\t\t\t\t<div class=\"apartamento-box\">\n\t\t\t\t\t\t\t<div class=\"imagen_recomendados\">\n\t\t\t\t\t\t\t\t<img decoding=\"async\" src=\"https:\/\/crs.avantio.com\/fotos\/2\/1705335735591b101a10adf0c9165b293b19af3489\/big1705335762de9703dc1854540c9777fd4932b0499a.jpg\" alt=\"Greenside oasis villa by ON Travel\">\n\t\t\t\t\t\t\t<\/div>\n\t\t\t\t\t\t\t<div class=\"info\">\n\t\t\t\t\t\t\t\t<div class=\"ubicacion\">\n\t\t\t\t\t\t\t\t\t<i class=\"fa-solid fa-location-dot icono-mapa\"><\/i><span class=\"ubicacion-texto\">Oliva - Valencia Provinz<\/span>\n\t\t\t\t\t\t\t\t<\/div>\n\t\t\t\t\t\t\t\t<H3 class=\"titulo-alojamiento\">\n\t\t\t\t\t\t\t\t\tGreenside oasis villa by ON Travel\t\t\t\t\t\t\t\t<\/H3>\n\t\t\t\t\t\t\t\t<p class=\"precio-alojamiento\">Aus <span class=\"precio\">328.00\u20ac<\/span> pro Nacht<\/p>\n\t\t\t\t\t\t\t<\/div>\n\t\t\t\t\t\t<\/div>\n\t\t\t\t\t<\/a> \n\t\t\t\t\t\t\n\t\t\t\t\t<a href=\"https:\/\/www.ontravelholidayrentals.com\/de\/vermietung\/villa-oliva-villa-vermeer-43-461293.html\" rel=\"nofollow\" style=\"width: 23%;\">\n\t\t\t\t\t\t<div class=\"apartamento-box\">\n\t\t\t\t\t\t\t<div class=\"imagen_recomendados\">\n\t\t\t\t\t\t\t\t<img decoding=\"async\" src=\"https:\/\/crs.avantio.com\/fotos\/2\/17054241108ffb3352fb1b6efd3c6e1c3097debf40\/big170542451565ad5f2b0843b6346526f00ede7b3ef7.jpg\" alt=\"Villa Cisne by ON Travel\">\n\t\t\t\t\t\t\t<\/div>\n\t\t\t\t\t\t\t<div class=\"info\">\n\t\t\t\t\t\t\t\t<div class=\"ubicacion\">\n\t\t\t\t\t\t\t\t\t<i class=\"fa-solid fa-location-dot icono-mapa\"><\/i><span class=\"ubicacion-texto\">Oliva - Valencia Provinz<\/span>\n\t\t\t\t\t\t\t\t<\/div>\n\t\t\t\t\t\t\t\t<H3 class=\"titulo-alojamiento\">\n\t\t\t\t\t\t\t\t\tVilla Cisne by ON Travel\t\t\t\t\t\t\t\t<\/H3>\n\t\t\t\t\t\t\t\t<p class=\"precio-alojamiento\">Aus <span class=\"precio\">205.00\u20ac<\/span> pro Nacht<\/p>\n\t\t\t\t\t\t\t<\/div>\n\t\t\t\t\t\t<\/div>\n\t\t\t\t\t<\/a> \n\t\t\t\t\t\t\t\t<\/div>\n\t\t\t<\/div>\n\t\t\t\t\t\t<\/div>\n\t\t\t\t<\/div>\n\t\t\t\t\t<\/div>\n\t\t\t\t<\/div>\n\t\t\t\t<\/div>\n\t\t","protected":false},"excerpt":{"rendered":"<p>Stellen Sie sich vor, Ihr n\u00e4chster Ausflug f\u00fchrt Sie an einen Ort, an dem das Blau des Mittelmeers mit der Ruhe verschmilzt, wo Sie im Freien im Schatten von Pinien essen k\u00f6nnen und Ihre gr\u00f6\u00dfte Sorge ist, daran zu denken, Sonnencreme aufzutragen. Nun, doch. Wir haben die gute Nachricht, dass dies kein Traum ist. Sondern [&hellip;]<\/p>\n","protected":false},"author":4,"featured_media":1057,"comment_status":"open","ping_status":"open","sticky":false,"template":"elementor_header_footer","format":"standard","meta":{"footnotes":""},"categories":[27],"tags":[72],"class_list":["post-1083","post","type-post","status-publish","format-standard","has-post-thumbnail","hentry","category-benissa-de","tag-no-template"],"yoast_head":"<!-- This site is optimized with the Yoast SEO plugin v25.2 - https:\/\/yoast.com\/wordpress\/plugins\/seo\/ -->\n<title>Die Cala Baladrar. Eine ruhige Umgebung, ideal f\u00fcr Ihren n\u00e4chsten Ausflug. - Blog<\/title>\n<meta name=\"robots\" content=\"index, follow, max-snippet:-1, max-image-preview:large, max-video-preview:-1\" \/>\n<link rel=\"canonical\" href=\"https:\/\/www.ontravelholidayrentals.com\/blog\/de\/cala-baladrar\/\" \/>\n<meta property=\"og:locale\" content=\"de_DE\" \/>\n<meta property=\"og:type\" content=\"article\" \/>\n<meta property=\"og:title\" content=\"Die Cala Baladrar. Eine ruhige Umgebung, ideal f\u00fcr Ihren n\u00e4chsten Ausflug. - Blog\" \/>\n<meta property=\"og:description\" content=\"Stellen Sie sich vor, Ihr n\u00e4chster Ausflug f\u00fchrt Sie an einen Ort, an dem das Blau des Mittelmeers mit der Ruhe verschmilzt, wo Sie im Freien im Schatten von Pinien essen k\u00f6nnen und Ihre gr\u00f6\u00dfte Sorge ist, daran zu denken, Sonnencreme aufzutragen. Nun, doch. Wir haben die gute Nachricht, dass dies kein Traum ist. Sondern [&hellip;]\" \/>\n<meta property=\"og:url\" content=\"https:\/\/www.ontravelholidayrentals.com\/blog\/de\/cala-baladrar\/\" \/>\n<meta property=\"og:site_name\" content=\"Blog\" \/>\n<meta property=\"article:published_time\" content=\"2025-08-22T10:56:13+00:00\" \/>\n<meta property=\"article:modified_time\" content=\"2025-08-27T08:50:54+00:00\" \/>\n<meta property=\"og:image\" content=\"https:\/\/www.ontravelholidayrentals.com\/blog\/wp-content\/uploads\/2025\/08\/Cala-Baladrar-visitar.jpg\" \/>\n\t<meta property=\"og:image:width\" content=\"1304\" \/>\n\t<meta property=\"og:image:height\" content=\"652\" \/>\n\t<meta property=\"og:image:type\" content=\"image\/jpeg\" \/>\n<meta name=\"author\" content=\"Axel\" \/>\n<meta name=\"twitter:card\" content=\"summary_large_image\" \/>\n<meta name=\"twitter:label1\" content=\"Verfasst von\" \/>\n\t<meta name=\"twitter:data1\" content=\"Axel\" \/>\n\t<meta name=\"twitter:label2\" content=\"Gesch\u00e4tzte Lesezeit\" \/>\n\t<meta name=\"twitter:data2\" content=\"6\u00a0Minuten\" \/>\n<script type=\"application\/ld+json\" class=\"yoast-schema-graph\">{\"@context\":\"https:\/\/schema.org\",\"@graph\":[{\"@type\":\"Article\",\"@id\":\"https:\/\/www.ontravelholidayrentals.com\/blog\/de\/cala-baladrar\/#article\",\"isPartOf\":{\"@id\":\"https:\/\/www.ontravelholidayrentals.com\/blog\/de\/cala-baladrar\/\"},\"author\":{\"name\":\"Axel\",\"@id\":\"https:\/\/www.ontravelholidayrentals.com\/blog\/de\/#\/schema\/person\/907601cb91b08af60b0fec9e629a4883\"},\"headline\":\"Die Cala Baladrar. Eine ruhige Umgebung, ideal f\u00fcr Ihren n\u00e4chsten Ausflug.\",\"datePublished\":\"2025-08-22T10:56:13+00:00\",\"dateModified\":\"2025-08-27T08:50:54+00:00\",\"mainEntityOfPage\":{\"@id\":\"https:\/\/www.ontravelholidayrentals.com\/blog\/de\/cala-baladrar\/\"},\"wordCount\":1113,\"commentCount\":0,\"publisher\":{\"@id\":\"https:\/\/www.ontravelholidayrentals.com\/blog\/de\/#organization\"},\"image\":{\"@id\":\"https:\/\/www.ontravelholidayrentals.com\/blog\/de\/cala-baladrar\/#primaryimage\"},\"thumbnailUrl\":\"https:\/\/www.ontravelholidayrentals.com\/blog\/wp-content\/uploads\/2025\/08\/Cala-Baladrar-visitar.jpg\",\"keywords\":[\"no template\"],\"articleSection\":[\"Benissa\"],\"inLanguage\":\"de\",\"potentialAction\":[{\"@type\":\"CommentAction\",\"name\":\"Comment\",\"target\":[\"https:\/\/www.ontravelholidayrentals.com\/blog\/de\/cala-baladrar\/#respond\"]}]},{\"@type\":\"WebPage\",\"@id\":\"https:\/\/www.ontravelholidayrentals.com\/blog\/de\/cala-baladrar\/\",\"url\":\"https:\/\/www.ontravelholidayrentals.com\/blog\/de\/cala-baladrar\/\",\"name\":\"Die Cala Baladrar. Eine ruhige Umgebung, ideal f\u00fcr Ihren n\u00e4chsten Ausflug. - Blog\",\"isPartOf\":{\"@id\":\"https:\/\/www.ontravelholidayrentals.com\/blog\/de\/#website\"},\"primaryImageOfPage\":{\"@id\":\"https:\/\/www.ontravelholidayrentals.com\/blog\/de\/cala-baladrar\/#primaryimage\"},\"image\":{\"@id\":\"https:\/\/www.ontravelholidayrentals.com\/blog\/de\/cala-baladrar\/#primaryimage\"},\"thumbnailUrl\":\"https:\/\/www.ontravelholidayrentals.com\/blog\/wp-content\/uploads\/2025\/08\/Cala-Baladrar-visitar.jpg\",\"datePublished\":\"2025-08-22T10:56:13+00:00\",\"dateModified\":\"2025-08-27T08:50:54+00:00\",\"breadcrumb\":{\"@id\":\"https:\/\/www.ontravelholidayrentals.com\/blog\/de\/cala-baladrar\/#breadcrumb\"},\"inLanguage\":\"de\",\"potentialAction\":[{\"@type\":\"ReadAction\",\"target\":[\"https:\/\/www.ontravelholidayrentals.com\/blog\/de\/cala-baladrar\/\"]}]},{\"@type\":\"ImageObject\",\"inLanguage\":\"de\",\"@id\":\"https:\/\/www.ontravelholidayrentals.com\/blog\/de\/cala-baladrar\/#primaryimage\",\"url\":\"https:\/\/www.ontravelholidayrentals.com\/blog\/wp-content\/uploads\/2025\/08\/Cala-Baladrar-visitar.jpg\",\"contentUrl\":\"https:\/\/www.ontravelholidayrentals.com\/blog\/wp-content\/uploads\/2025\/08\/Cala-Baladrar-visitar.jpg\",\"width\":1304,\"height\":652,\"caption\":\"Cala Baladrar empty pebble stone beach and Mediterranean Sea. Distant view to Calpe Penon de Ifach rock. Province of Alicante, Benissa, Costa Blanca, Spain\"},{\"@type\":\"BreadcrumbList\",\"@id\":\"https:\/\/www.ontravelholidayrentals.com\/blog\/de\/cala-baladrar\/#breadcrumb\",\"itemListElement\":[{\"@type\":\"ListItem\",\"position\":1,\"name\":\"Portada\",\"item\":\"https:\/\/www.ontravelholidayrentals.com\/blog\/de\/\"},{\"@type\":\"ListItem\",\"position\":2,\"name\":\"Die Cala Baladrar. Eine ruhige Umgebung, ideal f\u00fcr Ihren n\u00e4chsten Ausflug.\"}]},{\"@type\":\"WebSite\",\"@id\":\"https:\/\/www.ontravelholidayrentals.com\/blog\/de\/#website\",\"url\":\"https:\/\/www.ontravelholidayrentals.com\/blog\/de\/\",\"name\":\"Blog\",\"description\":\"Ontravelholidayrentals\",\"publisher\":{\"@id\":\"https:\/\/www.ontravelholidayrentals.com\/blog\/de\/#organization\"},\"potentialAction\":[{\"@type\":\"SearchAction\",\"target\":{\"@type\":\"EntryPoint\",\"urlTemplate\":\"https:\/\/www.ontravelholidayrentals.com\/blog\/de\/?s={search_term_string}\"},\"query-input\":{\"@type\":\"PropertyValueSpecification\",\"valueRequired\":true,\"valueName\":\"search_term_string\"}}],\"inLanguage\":\"de\"},{\"@type\":\"Organization\",\"@id\":\"https:\/\/www.ontravelholidayrentals.com\/blog\/de\/#organization\",\"name\":\"Blog\",\"url\":\"https:\/\/www.ontravelholidayrentals.com\/blog\/de\/\",\"logo\":{\"@type\":\"ImageObject\",\"inLanguage\":\"de\",\"@id\":\"https:\/\/www.ontravelholidayrentals.com\/blog\/de\/#\/schema\/logo\/image\/\",\"url\":\"https:\/\/www.ontravelholidayrentals.com\/blog\/wp-content\/uploads\/2025\/02\/logo-oliva-nova.webp\",\"contentUrl\":\"https:\/\/www.ontravelholidayrentals.com\/blog\/wp-content\/uploads\/2025\/02\/logo-oliva-nova.webp\",\"width\":2454,\"height\":875,\"caption\":\"Blog\"},\"image\":{\"@id\":\"https:\/\/www.ontravelholidayrentals.com\/blog\/de\/#\/schema\/logo\/image\/\"}},{\"@type\":\"Person\",\"@id\":\"https:\/\/www.ontravelholidayrentals.com\/blog\/de\/#\/schema\/person\/907601cb91b08af60b0fec9e629a4883\",\"name\":\"Axel\",\"image\":{\"@type\":\"ImageObject\",\"inLanguage\":\"de\",\"@id\":\"https:\/\/www.ontravelholidayrentals.com\/blog\/de\/#\/schema\/person\/image\/\",\"url\":\"https:\/\/secure.gravatar.com\/avatar\/3bd706736e5b70f21f05f6c2d5cad746767782a4ba4b7df399c5969e2a9318fd?s=96&d=mm&r=g\",\"contentUrl\":\"https:\/\/secure.gravatar.com\/avatar\/3bd706736e5b70f21f05f6c2d5cad746767782a4ba4b7df399c5969e2a9318fd?s=96&d=mm&r=g\",\"caption\":\"Axel\"},\"url\":\"https:\/\/www.ontravelholidayrentals.com\/blog\/de\/author\/axel\/\"}]}<\/script>\n<!-- \/ Yoast SEO plugin. -->","yoast_head_json":{"title":"Die Cala Baladrar. Eine ruhige Umgebung, ideal f\u00fcr Ihren n\u00e4chsten Ausflug. - Blog","robots":{"index":"index","follow":"follow","max-snippet":"max-snippet:-1","max-image-preview":"max-image-preview:large","max-video-preview":"max-video-preview:-1"},"canonical":"https:\/\/www.ontravelholidayrentals.com\/blog\/de\/cala-baladrar\/","og_locale":"de_DE","og_type":"article","og_title":"Die Cala Baladrar. Eine ruhige Umgebung, ideal f\u00fcr Ihren n\u00e4chsten Ausflug. - Blog","og_description":"Stellen Sie sich vor, Ihr n\u00e4chster Ausflug f\u00fchrt Sie an einen Ort, an dem das Blau des Mittelmeers mit der Ruhe verschmilzt, wo Sie im Freien im Schatten von Pinien essen k\u00f6nnen und Ihre gr\u00f6\u00dfte Sorge ist, daran zu denken, Sonnencreme aufzutragen. Nun, doch. Wir haben die gute Nachricht, dass dies kein Traum ist. Sondern [&hellip;]","og_url":"https:\/\/www.ontravelholidayrentals.com\/blog\/de\/cala-baladrar\/","og_site_name":"Blog","article_published_time":"2025-08-22T10:56:13+00:00","article_modified_time":"2025-08-27T08:50:54+00:00","og_image":[{"width":1304,"height":652,"url":"https:\/\/www.ontravelholidayrentals.com\/blog\/wp-content\/uploads\/2025\/08\/Cala-Baladrar-visitar.jpg","type":"image\/jpeg"}],"author":"Axel","twitter_card":"summary_large_image","twitter_misc":{"Verfasst von":"Axel","Gesch\u00e4tzte Lesezeit":"6\u00a0Minuten"},"schema":{"@context":"https:\/\/schema.org","@graph":[{"@type":"Article","@id":"https:\/\/www.ontravelholidayrentals.com\/blog\/de\/cala-baladrar\/#article","isPartOf":{"@id":"https:\/\/www.ontravelholidayrentals.com\/blog\/de\/cala-baladrar\/"},"author":{"name":"Axel","@id":"https:\/\/www.ontravelholidayrentals.com\/blog\/de\/#\/schema\/person\/907601cb91b08af60b0fec9e629a4883"},"headline":"Die Cala Baladrar. Eine ruhige Umgebung, ideal f\u00fcr Ihren n\u00e4chsten Ausflug.","datePublished":"2025-08-22T10:56:13+00:00","dateModified":"2025-08-27T08:50:54+00:00","mainEntityOfPage":{"@id":"https:\/\/www.ontravelholidayrentals.com\/blog\/de\/cala-baladrar\/"},"wordCount":1113,"commentCount":0,"publisher":{"@id":"https:\/\/www.ontravelholidayrentals.com\/blog\/de\/#organization"},"image":{"@id":"https:\/\/www.ontravelholidayrentals.com\/blog\/de\/cala-baladrar\/#primaryimage"},"thumbnailUrl":"https:\/\/www.ontravelholidayrentals.com\/blog\/wp-content\/uploads\/2025\/08\/Cala-Baladrar-visitar.jpg","keywords":["no template"],"articleSection":["Benissa"],"inLanguage":"de","potentialAction":[{"@type":"CommentAction","name":"Comment","target":["https:\/\/www.ontravelholidayrentals.com\/blog\/de\/cala-baladrar\/#respond"]}]},{"@type":"WebPage","@id":"https:\/\/www.ontravelholidayrentals.com\/blog\/de\/cala-baladrar\/","url":"https:\/\/www.ontravelholidayrentals.com\/blog\/de\/cala-baladrar\/","name":"Die Cala Baladrar. Eine ruhige Umgebung, ideal f\u00fcr Ihren n\u00e4chsten Ausflug. - Blog","isPartOf":{"@id":"https:\/\/www.ontravelholidayrentals.com\/blog\/de\/#website"},"primaryImageOfPage":{"@id":"https:\/\/www.ontravelholidayrentals.com\/blog\/de\/cala-baladrar\/#primaryimage"},"image":{"@id":"https:\/\/www.ontravelholidayrentals.com\/blog\/de\/cala-baladrar\/#primaryimage"},"thumbnailUrl":"https:\/\/www.ontravelholidayrentals.com\/blog\/wp-content\/uploads\/2025\/08\/Cala-Baladrar-visitar.jpg","datePublished":"2025-08-22T10:56:13+00:00","dateModified":"2025-08-27T08:50:54+00:00","breadcrumb":{"@id":"https:\/\/www.ontravelholidayrentals.com\/blog\/de\/cala-baladrar\/#breadcrumb"},"inLanguage":"de","potentialAction":[{"@type":"ReadAction","target":["https:\/\/www.ontravelholidayrentals.com\/blog\/de\/cala-baladrar\/"]}]},{"@type":"ImageObject","inLanguage":"de","@id":"https:\/\/www.ontravelholidayrentals.com\/blog\/de\/cala-baladrar\/#primaryimage","url":"https:\/\/www.ontravelholidayrentals.com\/blog\/wp-content\/uploads\/2025\/08\/Cala-Baladrar-visitar.jpg","contentUrl":"https:\/\/www.ontravelholidayrentals.com\/blog\/wp-content\/uploads\/2025\/08\/Cala-Baladrar-visitar.jpg","width":1304,"height":652,"caption":"Cala Baladrar empty pebble stone beach and Mediterranean Sea. Distant view to Calpe Penon de Ifach rock. Province of Alicante, Benissa, Costa Blanca, Spain"},{"@type":"BreadcrumbList","@id":"https:\/\/www.ontravelholidayrentals.com\/blog\/de\/cala-baladrar\/#breadcrumb","itemListElement":[{"@type":"ListItem","position":1,"name":"Portada","item":"https:\/\/www.ontravelholidayrentals.com\/blog\/de\/"},{"@type":"ListItem","position":2,"name":"Die Cala Baladrar. Eine ruhige Umgebung, ideal f\u00fcr Ihren n\u00e4chsten Ausflug."}]},{"@type":"WebSite","@id":"https:\/\/www.ontravelholidayrentals.com\/blog\/de\/#website","url":"https:\/\/www.ontravelholidayrentals.com\/blog\/de\/","name":"Blog","description":"Ontravelholidayrentals","publisher":{"@id":"https:\/\/www.ontravelholidayrentals.com\/blog\/de\/#organization"},"potentialAction":[{"@type":"SearchAction","target":{"@type":"EntryPoint","urlTemplate":"https:\/\/www.ontravelholidayrentals.com\/blog\/de\/?s={search_term_string}"},"query-input":{"@type":"PropertyValueSpecification","valueRequired":true,"valueName":"search_term_string"}}],"inLanguage":"de"},{"@type":"Organization","@id":"https:\/\/www.ontravelholidayrentals.com\/blog\/de\/#organization","name":"Blog","url":"https:\/\/www.ontravelholidayrentals.com\/blog\/de\/","logo":{"@type":"ImageObject","inLanguage":"de","@id":"https:\/\/www.ontravelholidayrentals.com\/blog\/de\/#\/schema\/logo\/image\/","url":"https:\/\/www.ontravelholidayrentals.com\/blog\/wp-content\/uploads\/2025\/02\/logo-oliva-nova.webp","contentUrl":"https:\/\/www.ontravelholidayrentals.com\/blog\/wp-content\/uploads\/2025\/02\/logo-oliva-nova.webp","width":2454,"height":875,"caption":"Blog"},"image":{"@id":"https:\/\/www.ontravelholidayrentals.com\/blog\/de\/#\/schema\/logo\/image\/"}},{"@type":"Person","@id":"https:\/\/www.ontravelholidayrentals.com\/blog\/de\/#\/schema\/person\/907601cb91b08af60b0fec9e629a4883","name":"Axel","image":{"@type":"ImageObject","inLanguage":"de","@id":"https:\/\/www.ontravelholidayrentals.com\/blog\/de\/#\/schema\/person\/image\/","url":"https:\/\/secure.gravatar.com\/avatar\/3bd706736e5b70f21f05f6c2d5cad746767782a4ba4b7df399c5969e2a9318fd?s=96&d=mm&r=g","contentUrl":"https:\/\/secure.gravatar.com\/avatar\/3bd706736e5b70f21f05f6c2d5cad746767782a4ba4b7df399c5969e2a9318fd?s=96&d=mm&r=g","caption":"Axel"},"url":"https:\/\/www.ontravelholidayrentals.com\/blog\/de\/author\/axel\/"}]}},"_links":{"self":[{"href":"https:\/\/www.ontravelholidayrentals.com\/blog\/de\/wp-json\/wp\/v2\/posts\/1083","targetHints":{"allow":["GET"]}}],"collection":[{"href":"https:\/\/www.ontravelholidayrentals.com\/blog\/de\/wp-json\/wp\/v2\/posts"}],"about":[{"href":"https:\/\/www.ontravelholidayrentals.com\/blog\/de\/wp-json\/wp\/v2\/types\/post"}],"author":[{"embeddable":true,"href":"https:\/\/www.ontravelholidayrentals.com\/blog\/de\/wp-json\/wp\/v2\/users\/4"}],"replies":[{"embeddable":true,"href":"https:\/\/www.ontravelholidayrentals.com\/blog\/de\/wp-json\/wp\/v2\/comments?post=1083"}],"version-history":[{"count":1,"href":"https:\/\/www.ontravelholidayrentals.com\/blog\/de\/wp-json\/wp\/v2\/posts\/1083\/revisions"}],"predecessor-version":[{"id":1084,"href":"https:\/\/www.ontravelholidayrentals.com\/blog\/de\/wp-json\/wp\/v2\/posts\/1083\/revisions\/1084"}],"wp:featuredmedia":[{"embeddable":true,"href":"https:\/\/www.ontravelholidayrentals.com\/blog\/de\/wp-json\/wp\/v2\/media\/1057"}],"wp:attachment":[{"href":"https:\/\/www.ontravelholidayrentals.com\/blog\/de\/wp-json\/wp\/v2\/media?parent=1083"}],"wp:term":[{"taxonomy":"category","embeddable":true,"href":"https:\/\/www.ontravelholidayrentals.com\/blog\/de\/wp-json\/wp\/v2\/categories?post=1083"},{"taxonomy":"post_tag","embeddable":true,"href":"https:\/\/www.ontravelholidayrentals.com\/blog\/de\/wp-json\/wp\/v2\/tags?post=1083"}],"curies":[{"name":"wp","href":"https:\/\/api.w.org\/{rel}","templated":true}]}}