{"id":1029,"date":"2025-07-14T12:54:24","date_gmt":"2025-07-14T12:54:24","guid":{"rendered":"https:\/\/www.ontravelholidayrentals.com\/blog\/?p=1029"},"modified":"2025-08-27T08:55:44","modified_gmt":"2025-08-27T08:55:44","slug":"aussichtspunkt-cap-negre","status":"publish","type":"post","link":"https:\/\/www.ontravelholidayrentals.com\/blog\/de\/aussichtspunkt-cap-negre\/","title":{"rendered":"Kennen Sie den Aussichtspunkt Cap Negre noch nicht? Wir verraten Ihnen, warum Sie diesen Besuch nicht verpassen d\u00fcrfen!"},"content":{"rendered":"\t\t<div data-elementor-type=\"wp-post\" data-elementor-id=\"1029\" class=\"elementor elementor-1029 elementor-957\" data-elementor-post-type=\"post\">\n\t\t\t\t<div class=\"elementor-element elementor-element-1540d2ef e-flex e-con-boxed e-con e-parent\" data-id=\"1540d2ef\" data-element_type=\"container\" data-e-type=\"container\" data-settings=\"{&quot;background_background&quot;:&quot;classic&quot;}\">\n\t\t\t\t\t<div class=\"e-con-inner\">\n\t\t\t\t<div class=\"elementor-element elementor-element-3e11b43 elementor-widget elementor-widget-heading\" data-id=\"3e11b43\" data-element_type=\"widget\" data-e-type=\"widget\" data-widget_type=\"heading.default\">\n\t\t\t\t<div class=\"elementor-widget-container\">\n\t\t\t\t\t<h1 class=\"elementor-heading-title elementor-size-default\">Kennen Sie den Aussichtspunkt Cap Negre noch nicht? Wir verraten Ihnen, warum Sie diesen Besuch nicht verpassen d\u00fcrfen!<\/h1>\t\t\t\t<\/div>\n\t\t\t\t<\/div>\n\t\t\t\t\t<\/div>\n\t\t\t\t<\/div>\n\t\t<div class=\"elementor-element elementor-element-7334ae05 e-flex e-con-boxed e-con e-parent\" data-id=\"7334ae05\" data-element_type=\"container\" data-e-type=\"container\">\n\t\t\t\t\t<div class=\"e-con-inner\">\n\t\t\t\t<div class=\"elementor-element elementor-element-22361d83 elementor-widget elementor-widget-text-editor\" data-id=\"22361d83\" data-element_type=\"widget\" data-e-type=\"widget\" data-widget_type=\"text-editor.default\">\n\t\t\t\t<div class=\"elementor-widget-container\">\n\t\t\t\t\t\t\t\t\t<p><span style=\"font-weight: 400;\">Stellen Sie sich vor: Sie, Ihr Partner oder ein geliebter Mensch, oder sogar Ihre ganze Familie,<\/span> <b>sitzen auf einem gro\u00dfen Aussichtspunkt mit filmreifen Ausblicken.<\/b> <span style=\"font-weight: 400;\">Ja, heutzutage ist das nicht das Komplizierteste auf der Welt, aber wir m\u00f6chten nicht, dass Ihnen die M\u00f6glichkeiten dazu fehlen oder Sie eine der interessantesten verpassen.<\/span><\/p><p><span style=\"font-weight: 400;\">Cap Negre ist<\/span> <b>einer der f\u00fcnfzehn Aussichtspunkte von J\u00e1vea<\/b><span style=\"font-weight: 400;\">, f\u00fcr viele ein spektakul\u00e4res Reiseziel, um eine mehr als strahlende Sonne zu genie\u00dfen, wo Sie selbst zum Blick auf den Horizont eine Sonnenbrille ben\u00f6tigen werden. Wir warnen Sie, dass wir nicht f\u00fcr m\u00f6gliche Inspirationssch\u00fcbe oder einen unheilbaren Wunsch, dort zu bleiben und zu leben, verantwortlich sind.  <\/span><\/p><p><span style=\"font-weight: 400;\">Als N\u00e4chstes pr\u00e4sentieren wir Ihnen einen<\/span> <b>kleinen Reisef\u00fchrer \u00fcber den Aussichtspunkt Cap Negre<\/b><span style=\"font-weight: 400;\">, mit allem, was Sie brauchen, um das Beste aus Ihrem Besuch herauszuholen. Los geht&#8217;s!  <\/span><\/p>\t\t\t\t\t\t\t\t<\/div>\n\t\t\t\t<\/div>\n\t\t\t\t\t<\/div>\n\t\t\t\t<\/div>\n\t\t<div class=\"elementor-element elementor-element-372f22be e-flex e-con-boxed e-con e-parent\" data-id=\"372f22be\" data-element_type=\"container\" data-e-type=\"container\">\n\t\t\t\t\t<div class=\"e-con-inner\">\n\t\t\t\t<div class=\"elementor-element elementor-element-a6ed542 elementor-widget elementor-widget-table-of-contents\" data-id=\"a6ed542\" data-element_type=\"widget\" data-e-type=\"widget\" data-settings=\"{&quot;headings_by_tags&quot;:[&quot;h2&quot;,&quot;h3&quot;],&quot;exclude_headings_by_selector&quot;:[],&quot;marker_view&quot;:&quot;bullets&quot;,&quot;icon&quot;:{&quot;value&quot;:&quot;&quot;,&quot;library&quot;:&quot;&quot;},&quot;no_headings_message&quot;:&quot;No headings were found on this page.&quot;,&quot;hierarchical_view&quot;:&quot;yes&quot;,&quot;min_height&quot;:{&quot;unit&quot;:&quot;px&quot;,&quot;size&quot;:&quot;&quot;,&quot;sizes&quot;:[]},&quot;min_height_tablet&quot;:{&quot;unit&quot;:&quot;px&quot;,&quot;size&quot;:&quot;&quot;,&quot;sizes&quot;:[]},&quot;min_height_mobile&quot;:{&quot;unit&quot;:&quot;px&quot;,&quot;size&quot;:&quot;&quot;,&quot;sizes&quot;:[]}}\" data-widget_type=\"table-of-contents.default\">\n\t\t\t\t<div class=\"elementor-widget-container\">\n\t\t\t\t\t\t\t\t\t<div class=\"elementor-toc__header\">\n\t\t\t\t\t\t<div class=\"elementor-toc__header-title\">\n\t\t\t\tInhaltsverzeichnis\t\t\t<\/div>\n\t\t\t\t\t\t\t\t<\/div>\n\t\t\t\t<div id=\"elementor-toc__a6ed542\" class=\"elementor-toc__body\">\n\t\t\t<div class=\"elementor-toc__spinner-container\">\n\t\t\t\t<svg class=\"elementor-toc__spinner eicon-animation-spin e-font-icon-svg e-eicon-loading\" aria-hidden=\"true\" viewBox=\"0 0 1000 1000\" xmlns=\"http:\/\/www.w3.org\/2000\/svg\"><path d=\"M500 975V858C696 858 858 696 858 500S696 142 500 142 142 304 142 500H25C25 237 238 25 500 25S975 237 975 500 763 975 500 975Z\"><\/path><\/svg>\t\t\t<\/div>\n\t\t<\/div>\n\t\t\t\t\t\t<\/div>\n\t\t\t\t<\/div>\n\t\t\t\t\t<\/div>\n\t\t\t\t<\/div>\n\t\t<div class=\"elementor-element elementor-element-6fa5bae1 e-flex e-con-boxed e-con e-parent\" data-id=\"6fa5bae1\" data-element_type=\"container\" data-e-type=\"container\">\n\t\t\t\t\t<div class=\"e-con-inner\">\n\t\t\t\t<div class=\"elementor-element elementor-element-27d1a246 elementor-widget elementor-widget-heading\" data-id=\"27d1a246\" data-element_type=\"widget\" data-e-type=\"widget\" data-widget_type=\"heading.default\">\n\t\t\t\t<div class=\"elementor-widget-container\">\n\t\t\t\t\t<h2 class=\"elementor-heading-title elementor-size-default\">Folgen Sie dieser Route, wenn Sie nicht wissen, wie Sie zum Aussichtspunkt gelangen\n<\/h2>\t\t\t\t<\/div>\n\t\t\t\t<\/div>\n\t\t\t\t<div class=\"elementor-element elementor-element-660b7ce9 elementor-widget elementor-widget-text-editor\" data-id=\"660b7ce9\" data-element_type=\"widget\" data-e-type=\"widget\" data-widget_type=\"text-editor.default\">\n\t\t\t\t<div class=\"elementor-widget-container\">\n\t\t\t\t\t\t\t\t\t<p><span style=\"font-weight: 400;\">Zum Aussichtspunkt zu gelangen ist einfacher, als im Sommer eine Strandbar zu finden. Geben Sie einfach Folgendes in Ihr GPS ein:  <\/span><b>Calle Benjam\u00edn Britten, J\u00e1vea<\/b><span style=\"font-weight: 400;\"> und folgen Sie der Stra\u00dfe Cap de la Nau. Nachdem Sie die Abzweigung zur Cala de la Granadella passiert haben, biegen Sie links ab in Richtung der Urbanisation Balc\u00f3n del Mar.  <\/span><\/p><p><span style=\"font-weight: 400;\">Wo der Asphalt endet, beginnt eine 200 Meter lange Schotterstra\u00dfe, auf der<\/span> <b>Sie Ihr Auto parken k\u00f6nnen<\/b> <span style=\"font-weight: 400;\">und einen kurzen Spaziergang mit Ihrer Familie beginnen k\u00f6nnen, aber keine Sorge, Sie m\u00fcssen kein Gel\u00e4ndewagen fahren oder ein olympischer Athlet sein, selbst die Faulsten kommen nur, um die Aussicht zu sehen.<\/span><\/p>\t\t\t\t\t\t\t\t<\/div>\n\t\t\t\t<\/div>\n\t\t\t\t<div class=\"elementor-element elementor-element-8aa8d16 elementor-widget elementor-widget-google_maps\" data-id=\"8aa8d16\" data-element_type=\"widget\" data-e-type=\"widget\" data-widget_type=\"google_maps.default\">\n\t\t\t\t<div class=\"elementor-widget-container\">\n\t\t\t\t\t\t\t<div class=\"elementor-custom-embed\">\n\t\t\t<iframe loading=\"lazy\"\n\t\t\t\t\tsrc=\"https:\/\/maps.google.com\/maps?q=cap%20negre&#038;t=m&#038;z=11&#038;output=embed&#038;iwloc=near\"\n\t\t\t\t\ttitle=\"cap negre\"\n\t\t\t\t\taria-label=\"cap negre\"\n\t\t\t><\/iframe>\n\t\t<\/div>\n\t\t\t\t\t\t<\/div>\n\t\t\t\t<\/div>\n\t\t\t\t\t<\/div>\n\t\t\t\t<\/div>\n\t\t<div class=\"elementor-element elementor-element-114daa3b e-flex e-con-boxed e-con e-parent\" data-id=\"114daa3b\" data-element_type=\"container\" data-e-type=\"container\">\n\t\t\t\t\t<div class=\"e-con-inner\">\n\t\t\t\t<div class=\"elementor-element elementor-element-6a112e25 elementor-widget elementor-widget-heading\" data-id=\"6a112e25\" data-element_type=\"widget\" data-e-type=\"widget\" data-widget_type=\"heading.default\">\n\t\t\t\t<div class=\"elementor-widget-container\">\n\t\t\t\t\t<h2 class=\"elementor-heading-title elementor-size-default\">Erkunden Sie unbedingt all diese nahegelegenen Wanderwege\n<\/h2>\t\t\t\t<\/div>\n\t\t\t\t<\/div>\n\t\t\t\t<div class=\"elementor-element elementor-element-5391dfe3 elementor-widget elementor-widget-text-editor\" data-id=\"5391dfe3\" data-element_type=\"widget\" data-e-type=\"widget\" data-widget_type=\"text-editor.default\">\n\t\t\t\t<div class=\"elementor-widget-container\">\n\t\t\t\t\t\t\t\t\t<p><span style=\"font-weight: 400;\">Es gibt Aktivit\u00e4ten f\u00fcr jedes Publikum, wenn Sie also zu denen geh\u00f6ren, die nicht stillsitzen k\u00f6nnen, haben wir auch einen perfekten Plan f\u00fcr Sie. Vom Aussichtspunkt f\u00fchren Fischerpfade hinunter zu den  <\/span><b>H\u00f6hlen Tabaco und Mina<\/b><span style=\"font-weight: 400;\">, wenn Sie sich also trauen, sie zu erkunden, denken Sie daran, gute Schuhe und etwas Wasser mitzunehmen.<\/span> <\/p><p><span style=\"font-weight: 400;\">Und wenn Sie noch nicht genug Abenteuer hatten, wird es Sie freuen zu wissen, dass die Gegend mit anderen Routen wie dem<\/span> <b>Cap Prim<\/b> <span style=\"font-weight: 400;\">oder der<\/span> <b>Cala Portixol<\/b> verbunden ist.<span style=\"font-weight: 400;\">. Egal, ob Sie pl\u00f6tzlich zum professionellen Wanderer werden oder sich einfach nur auf Instagram pr\u00e4sentieren m\u00f6chten. Sie werden Hunderte von Pinien, Rosmarin, Lavendel finden und, wenn Sie Gl\u00fcck haben, werden Sie vielleicht sogar einige Bergziegen von oben begr\u00fc\u00dfen.  <\/span><\/p>\t\t\t\t\t\t\t\t<\/div>\n\t\t\t\t<\/div>\n\t\t\t\t<div class=\"elementor-element elementor-element-404eedb elementor-widget elementor-widget-image\" data-id=\"404eedb\" data-element_type=\"widget\" data-e-type=\"widget\" data-widget_type=\"image.default\">\n\t\t\t\t<div class=\"elementor-widget-container\">\n\t\t\t\t\t\t\t\t\t\t\t\t\t\t\t<img decoding=\"async\" src=\"https:\/\/www.ontravelholidayrentals.com\/blog\/wp-content\/uploads\/elementor\/thumbs\/cap-negre-r8qx6nbt1lu6w8ugg9j0zs5p2ut4c3ovv1qhheg09k.webp\" title=\"cap-negre\" alt=\"cap-negre\" loading=\"lazy\" \/>\t\t\t\t\t\t\t\t\t\t\t\t\t\t\t<\/div>\n\t\t\t\t<\/div>\n\t\t\t\t\t<\/div>\n\t\t\t\t<\/div>\n\t\t<div class=\"elementor-element elementor-element-397ff98 e-flex e-con-boxed e-con e-parent\" data-id=\"397ff98\" data-element_type=\"container\" data-e-type=\"container\">\n\t\t\t\t\t<div class=\"e-con-inner\">\n\t\t\t\t<div class=\"elementor-element elementor-element-aa92ac1 elementor-widget elementor-widget-heading\" data-id=\"aa92ac1\" data-element_type=\"widget\" data-e-type=\"widget\" data-widget_type=\"heading.default\">\n\t\t\t\t<div class=\"elementor-widget-container\">\n\t\t\t\t\t<h2 class=\"elementor-heading-title elementor-size-default\">M\u00f6gen Sie gute Aussichten und Fotografie? Dann interessiert Sie das!  \n<\/h2>\t\t\t\t<\/div>\n\t\t\t\t<\/div>\n\t\t\t\t<div class=\"elementor-element elementor-element-82b66a2 elementor-widget elementor-widget-text-editor\" data-id=\"82b66a2\" data-element_type=\"widget\" data-e-type=\"widget\" data-widget_type=\"text-editor.default\">\n\t\t\t\t<div class=\"elementor-widget-container\">\n\t\t\t\t\t\t\t\t\t<p><span style=\"font-weight: 400;\">Die Aussichten sind zweifellos die besten am Cap Negre. Sie k\u00f6nnen  <\/span><b>die gesamte K\u00fcste von J\u00e1vea beobachten<\/b><span style=\"font-weight: 400;\">, mit dem Montg\u00f3 im Hintergrund, der Bucht, dem Cabo de San Antonio, dem Cap Prim, der Insel Portitxol und, wenn Sie sich umdrehen, dem Cabo de la Nao, das aus dem S\u00fcden winkt. Selbst wenn der Tag klar ist, k\u00f6nnen Sie Ibiza im Hintergrund sehen.  <\/span><\/p><p><span style=\"font-weight: 400;\">Wenn Sie also gerne fotografieren, bereiten Sie Ihre Kamera vor, denn Sie werden bei jedem Blick Ihr Hintergrundbild \u00e4ndern wollen (man sagt, es gibt einige<\/span> <b>Selfies, die es wert sind, sich daran zu erinnern)<\/b><span style=\"font-weight: 400;\">. Ein Tipp f\u00fcr das beste Foto ist, auf den Sonnenuntergang zu warten, oder wenn Sie zu den Romantischsten geh\u00f6ren, kommen Sie nachts, um die Sternschnuppen zu sehen.<\/span><\/p>\t\t\t\t\t\t\t\t<\/div>\n\t\t\t\t<\/div>\n\t\t\t\t\t<\/div>\n\t\t\t\t<\/div>\n\t\t<div class=\"elementor-element elementor-element-9bf1228 e-flex e-con-boxed e-con e-parent\" data-id=\"9bf1228\" data-element_type=\"container\" data-e-type=\"container\">\n\t\t\t\t\t<div class=\"e-con-inner\">\n\t\t\t\t<div class=\"elementor-element elementor-element-8360985 elementor-widget elementor-widget-heading\" data-id=\"8360985\" data-element_type=\"widget\" data-e-type=\"widget\" data-widget_type=\"heading.default\">\n\t\t\t\t<div class=\"elementor-widget-container\">\n\t\t\t\t\t<h2 class=\"elementor-heading-title elementor-size-default\">Was ist die beste Jahreszeit, um Cap Negre zu besuchen?\n<\/h2>\t\t\t\t<\/div>\n\t\t\t\t<\/div>\n\t\t\t\t<div class=\"elementor-element elementor-element-8ba0c92 elementor-widget elementor-widget-text-editor\" data-id=\"8ba0c92\" data-element_type=\"widget\" data-e-type=\"widget\" data-widget_type=\"text-editor.default\">\n\t\t\t\t<div class=\"elementor-widget-container\">\n\t\t\t\t\t\t\t\t\t<p><span style=\"font-weight: 400;\">Das Gute ist, dass das mediterrane Klima es Ihnen erm\u00f6glicht, Cap Negre fast zu jeder Jahreszeit zu besuchen. Aber wenn Sie es im Sommer in vollen Z\u00fcgen genie\u00dfen m\u00f6chten, raten wir Ihnen, zu gehen  <\/span><b>als Erstes am Morgen<\/b><span style=\"font-weight: 400;\">, da die Sonne keine Gnade kennt.<\/span><\/p><p><span style=\"font-weight: 400;\">Wenn Sie jedoch mildere Temperaturen, wenige Menschen und die M\u00f6glichkeit suchen, sich aus allen Blickwinkeln zu bewegen, um ohne Eile das beste Foto zu finden, ist die ideale Zeit<\/span> <b>Herbst oder Fr\u00fchling<\/b><span style=\"font-weight: 400;\">. Und selbst wenn Sie mehr Ruhe, frische Luft, Frieden und Stille suchen, k\u00f6nnen Sie auch im Winter hingehen, (keine Sorge, die Aussicht ist die gleiche).<\/span><\/p>\t\t\t\t\t\t\t\t<\/div>\n\t\t\t\t<\/div>\n\t\t\t\t<div class=\"elementor-element elementor-element-8e3bcdd elementor-widget elementor-widget-image\" data-id=\"8e3bcdd\" data-element_type=\"widget\" data-e-type=\"widget\" data-widget_type=\"image.default\">\n\t\t\t\t<div class=\"elementor-widget-container\">\n\t\t\t\t\t\t\t\t\t\t\t\t\t\t\t<img fetchpriority=\"high\" decoding=\"async\" width=\"1360\" height=\"766\" src=\"https:\/\/www.ontravelholidayrentals.com\/blog\/wp-content\/uploads\/2025\/07\/mirador-cap-negre-javea.webp\" class=\"attachment-full size-full wp-image-974\" alt=\"mirador-cap-negre-javea\" srcset=\"https:\/\/www.ontravelholidayrentals.com\/blog\/wp-content\/uploads\/2025\/07\/mirador-cap-negre-javea.webp 1360w, https:\/\/www.ontravelholidayrentals.com\/blog\/wp-content\/uploads\/2025\/07\/mirador-cap-negre-javea-300x169.webp 300w, https:\/\/www.ontravelholidayrentals.com\/blog\/wp-content\/uploads\/2025\/07\/mirador-cap-negre-javea-1024x577.webp 1024w, https:\/\/www.ontravelholidayrentals.com\/blog\/wp-content\/uploads\/2025\/07\/mirador-cap-negre-javea-768x433.webp 768w\" sizes=\"(max-width: 1360px) 100vw, 1360px\" \/>\t\t\t\t\t\t\t\t\t\t\t\t\t\t\t<\/div>\n\t\t\t\t<\/div>\n\t\t\t\t\t<\/div>\n\t\t\t\t<\/div>\n\t\t<div class=\"elementor-element elementor-element-ec3cd17 e-flex e-con-boxed e-con e-parent\" data-id=\"ec3cd17\" data-element_type=\"container\" data-e-type=\"container\">\n\t\t\t\t\t<div class=\"e-con-inner\">\n\t\t\t\t<div class=\"elementor-element elementor-element-52a278d elementor-widget elementor-widget-heading\" data-id=\"52a278d\" data-element_type=\"widget\" data-e-type=\"widget\" data-widget_type=\"heading.default\">\n\t\t\t\t<div class=\"elementor-widget-container\">\n\t\t\t\t\t<h2 class=\"elementor-heading-title elementor-size-default\">Notieren Sie sich diese Empfehlungen f\u00fcr Ihren Besuch \n<\/h2>\t\t\t\t<\/div>\n\t\t\t\t<\/div>\n\t\t\t\t<div class=\"elementor-element elementor-element-ecd7a2a elementor-widget elementor-widget-text-editor\" data-id=\"ecd7a2a\" data-element_type=\"widget\" data-e-type=\"widget\" data-widget_type=\"text-editor.default\">\n\t\t\t\t<div class=\"elementor-widget-container\">\n\t\t\t\t\t\t\t\t\t<p><span style=\"font-weight: 400;\">Wir alle m\u00f6chten, dass unser Besuch eine 10 von 10 ist, oder wenn wir Perfektionisten werden, erreichen wir vielleicht eine 11, deshalb geben wir Ihnen<\/span> <b>einige Empfehlungen, damit Ihre Aussicht alle Ihre Erwartungen erf\u00fcllt<\/b> <span style=\"font-weight: 400;\">oder sogar \u00fcbertrifft.<\/span><\/p><p><span style=\"font-weight: 400;\">Es ist sehr wichtig, dass Sie<\/span> <b>Wasser und Sonnenschutz<\/b> mitbringen.<span style=\"font-weight: 400;\">. Obwohl das Klima \u00fcberhaupt nicht schlecht oder \u00fcberw\u00e4ltigend ist, wird die Sonne Sie voll treffen, und wir wollen keinen Sonnenstich oder eine Grillbr\u00e4une, die bis Weihnachten h\u00e4lt.<\/span><\/p><p><span style=\"font-weight: 400;\">Wenn Sie die Wege genie\u00dfen m\u00f6chten, tragen Sie<\/span> <b>bequeme Schuhe<\/b><span style=\"font-weight: 400;\">, keine Strand-Flip-Flops oder andere Schuhe, die Ihnen das Gehen erschweren oder, schlimmer noch, Scheuerstellen verursachen. Auch wenn Sie mit kleinen Kindern oder Tieren unterwegs sind, seien Sie vorsichtig: Das Gel\u00e4nde ist sicher, aber Vorsicht ist immer besser als Nachsicht.  <\/span><\/p><p><span style=\"font-weight: 400;\">Ein weiterer Tipp, um jeden Tag im Jahr ein neues Hintergrundbild zu haben, ist, die<\/span> <b>Kamera oder das Handy gut aufgeladen<\/b><span style=\"font-weight: 400;\">, Sie m\u00f6chten doch nicht, dass Ihnen genau beim Sonnenuntergang des rosafarbenen Himmels der Akku ausgeht, oder?<\/span><\/p><p><span style=\"font-weight: 400;\">Wenn Sie sich trauen, k\u00f6nnen Sie etwas zum Knabbern mitbringen und ein Picknick mit Blick auf das Mittelmeer machen. Nat\u00fcrlich,  <\/span><b>respektieren Sie die Natur<\/b> <span style=\"font-weight: 400;\">und hinterlassen Sie keinen M\u00fcll oder misshandeln Sie die Umwelt in irgendeiner Weise.<\/span><\/p>\t\t\t\t\t\t\t\t<\/div>\n\t\t\t\t<\/div>\n\t\t\t\t\t<\/div>\n\t\t\t\t<\/div>\n\t\t<div class=\"elementor-element elementor-element-d95fca4 e-flex e-con-boxed e-con e-parent\" data-id=\"d95fca4\" data-element_type=\"container\" data-e-type=\"container\">\n\t\t\t\t\t<div class=\"e-con-inner\">\n\t\t\t\t<div class=\"elementor-element elementor-element-6246ad9 elementor-widget elementor-widget-heading\" data-id=\"6246ad9\" data-element_type=\"widget\" data-e-type=\"widget\" data-widget_type=\"heading.default\">\n\t\t\t\t<div class=\"elementor-widget-container\">\n\t\t\t\t\t<h2 class=\"elementor-heading-title elementor-size-default\">Besuchen Sie den Aussichtspunkt Cap Negre mit der besten Unterkunft \n<\/h2>\t\t\t\t<\/div>\n\t\t\t\t<\/div>\n\t\t\t\t<div class=\"elementor-element elementor-element-4d21b3e elementor-widget elementor-widget-text-editor\" data-id=\"4d21b3e\" data-element_type=\"widget\" data-e-type=\"widget\" data-widget_type=\"text-editor.default\">\n\t\t\t\t<div class=\"elementor-widget-container\">\n\t\t\t\t\t\t\t\t\t<p><span style=\"font-weight: 400;\">Wenn Ihnen immer noch nicht klar ist, dass der Aussichtspunkt Cap Negre einer der Orte ist, die Sie mindestens einmal im Leben besuchen m\u00fcssen, wissen wir nicht, was wir Ihnen sonst noch erz\u00e4hlen sollen. Er ist  <\/span><b>ideal f\u00fcr alle Arten von Pl\u00e4nen<\/b><span style=\"font-weight: 400;\">, von einem romantischen Ausflug, um die Sterne zu sehen, einem Nachmittag, um Ihre hervorgehobenen Instagram-Stories zu erneuern, oder einfach nur zum Sitzen und Hypnotisierenlassen.<\/span><\/p><p><span style=\"font-weight: 400;\">Wenn Sie noch keine Wohnung in Oliva, Moraira, J\u00e1vea, Benissa oder Denia gebucht haben, worauf warten Sie noch?<\/span> <b>Kontaktieren Sie uns, um Ihre Unterkunft zu buchen<\/b><span style=\"font-weight: 400;\">, packen Sie Ihren Koffer, laden Sie Ihr Handy auf und lassen Sie sich von einem der magischsten Orte der Costa Blanca erobern.<\/span><\/p>\t\t\t\t\t\t\t\t<\/div>\n\t\t\t\t<\/div>\n\t\t\t\t\t<\/div>\n\t\t\t\t<\/div>\n\t\t<div class=\"elementor-element elementor-element-75226590 e-flex e-con-boxed e-con e-parent\" data-id=\"75226590\" data-element_type=\"container\" data-e-type=\"container\">\n\t\t\t\t\t<div class=\"e-con-inner\">\n\t\t\t\t<div class=\"elementor-element elementor-element-3f3d75b9 elementor-widget elementor-widget-grid\" data-id=\"3f3d75b9\" data-element_type=\"widget\" data-e-type=\"widget\" data-widget_type=\"grid.default\">\n\t\t\t\t<div class=\"elementor-widget-container\">\n\t\t\t\t\t\t\t<div class=\"its--row alojamientos-recomendados\">\n\n\t\t\t<div class=\"alojamientos-recomendados-container\">\n\n\t\t\t\t\t\n\t\t\t\t\t<a href=\"https:\/\/www.ontravelholidayrentals.com\/de\/vermietung\/villa-oliva-villa-vermeer-51-460858.html\" rel=\"nofollow\" style=\"width: 23%;\">\n\t\t\t\t\t\t<div class=\"apartamento-box\">\n\t\t\t\t\t\t\t<div class=\"imagen_recomendados\">\n\t\t\t\t\t\t\t\t<img decoding=\"async\" src=\"https:\/\/crs.avantio.com\/fotos\/2\/1703084140d3f439d9b3375a13b4f0e50afb895aaa\/big1703332585741831091dd4ad756385090fb49199ea.jpg\" alt=\"Villa Colibri by ON Travel\">\n\t\t\t\t\t\t\t<\/div>\n\t\t\t\t\t\t\t<div class=\"info\">\n\t\t\t\t\t\t\t\t<div class=\"ubicacion\">\n\t\t\t\t\t\t\t\t\t<i class=\"fa-solid fa-location-dot icono-mapa\"><\/i><span class=\"ubicacion-texto\">Oliva - Valencia Provinz<\/span>\n\t\t\t\t\t\t\t\t<\/div>\n\t\t\t\t\t\t\t\t<H4 class=\"titulo-alojamiento\">\n\t\t\t\t\t\t\t\t\tVilla Colibri by ON Travel\t\t\t\t\t\t\t\t<\/H4>\n\t\t\t\t\t\t\t\t<p class=\"precio-alojamiento\">Aus <span class=\"precio\">328.00\u20ac<\/span> pro Nacht<\/p>\n\t\t\t\t\t\t\t<\/div>\n\t\t\t\t\t\t<\/div>\n\t\t\t\t\t<\/a> \n\t\t\t\t\t\t\n\t\t\t\t\t<a href=\"https:\/\/www.ontravelholidayrentals.com\/de\/vermietung\/villa-oliva-villa-vermeer-21-461268.html\" rel=\"nofollow\" style=\"width: 23%;\">\n\t\t\t\t\t\t<div class=\"apartamento-box\">\n\t\t\t\t\t\t\t<div class=\"imagen_recomendados\">\n\t\t\t\t\t\t\t\t<img decoding=\"async\" src=\"https:\/\/crs.avantio.com\/fotos\/2\/1703335589811fbc048cd27ef2e70871e03571a65f\/big17033356189dc73706c960d3ef8712f0c901543b8b.jpg\" alt=\"Villa Solana  by ON Travel\">\n\t\t\t\t\t\t\t<\/div>\n\t\t\t\t\t\t\t<div class=\"info\">\n\t\t\t\t\t\t\t\t<div class=\"ubicacion\">\n\t\t\t\t\t\t\t\t\t<i class=\"fa-solid fa-location-dot icono-mapa\"><\/i><span class=\"ubicacion-texto\">Oliva - Valencia Provinz<\/span>\n\t\t\t\t\t\t\t\t<\/div>\n\t\t\t\t\t\t\t\t<H4 class=\"titulo-alojamiento\">\n\t\t\t\t\t\t\t\t\tVilla Solana  by ON Travel\t\t\t\t\t\t\t\t<\/H4>\n\t\t\t\t\t\t\t\t<p class=\"precio-alojamiento\">Aus <span class=\"precio\">217.00\u20ac<\/span> pro Nacht<\/p>\n\t\t\t\t\t\t\t<\/div>\n\t\t\t\t\t\t<\/div>\n\t\t\t\t\t<\/a> \n\t\t\t\t\t\t\n\t\t\t\t\t<a href=\"https:\/\/www.ontravelholidayrentals.com\/de\/vermietung\/villa-oliva-villa-vermeer-25-461292.html\" rel=\"nofollow\" style=\"width: 23%;\">\n\t\t\t\t\t\t<div class=\"apartamento-box\">\n\t\t\t\t\t\t\t<div class=\"imagen_recomendados\">\n\t\t\t\t\t\t\t\t<img decoding=\"async\" src=\"https:\/\/crs.avantio.com\/fotos\/2\/1705335735591b101a10adf0c9165b293b19af3489\/big1705335762de9703dc1854540c9777fd4932b0499a.jpg\" alt=\"Greenside oasis villa by ON Travel\">\n\t\t\t\t\t\t\t<\/div>\n\t\t\t\t\t\t\t<div class=\"info\">\n\t\t\t\t\t\t\t\t<div class=\"ubicacion\">\n\t\t\t\t\t\t\t\t\t<i class=\"fa-solid fa-location-dot icono-mapa\"><\/i><span class=\"ubicacion-texto\">Oliva - Valencia Provinz<\/span>\n\t\t\t\t\t\t\t\t<\/div>\n\t\t\t\t\t\t\t\t<H4 class=\"titulo-alojamiento\">\n\t\t\t\t\t\t\t\t\tGreenside oasis villa by ON Travel\t\t\t\t\t\t\t\t<\/H4>\n\t\t\t\t\t\t\t\t<p class=\"precio-alojamiento\">Aus <span class=\"precio\">328.00\u20ac<\/span> pro Nacht<\/p>\n\t\t\t\t\t\t\t<\/div>\n\t\t\t\t\t\t<\/div>\n\t\t\t\t\t<\/a> \n\t\t\t\t\t\t\n\t\t\t\t\t<a href=\"https:\/\/www.ontravelholidayrentals.com\/de\/vermietung\/villa-oliva-villa-vermeer-43-461293.html\" rel=\"nofollow\" style=\"width: 23%;\">\n\t\t\t\t\t\t<div class=\"apartamento-box\">\n\t\t\t\t\t\t\t<div class=\"imagen_recomendados\">\n\t\t\t\t\t\t\t\t<img decoding=\"async\" src=\"https:\/\/crs.avantio.com\/fotos\/2\/17054241108ffb3352fb1b6efd3c6e1c3097debf40\/big170542451565ad5f2b0843b6346526f00ede7b3ef7.jpg\" alt=\"Villa Cisne by ON Travel\">\n\t\t\t\t\t\t\t<\/div>\n\t\t\t\t\t\t\t<div class=\"info\">\n\t\t\t\t\t\t\t\t<div class=\"ubicacion\">\n\t\t\t\t\t\t\t\t\t<i class=\"fa-solid fa-location-dot icono-mapa\"><\/i><span class=\"ubicacion-texto\">Oliva - Valencia Provinz<\/span>\n\t\t\t\t\t\t\t\t<\/div>\n\t\t\t\t\t\t\t\t<H4 class=\"titulo-alojamiento\">\n\t\t\t\t\t\t\t\t\tVilla Cisne by ON Travel\t\t\t\t\t\t\t\t<\/H4>\n\t\t\t\t\t\t\t\t<p class=\"precio-alojamiento\">Aus <span class=\"precio\">205.00\u20ac<\/span> pro Nacht<\/p>\n\t\t\t\t\t\t\t<\/div>\n\t\t\t\t\t\t<\/div>\n\t\t\t\t\t<\/a> \n\t\t\t\t\t\t\t\t<\/div>\n\t\t\t<\/div>\n\t\t\t\t\t\t<\/div>\n\t\t\t\t<\/div>\n\t\t\t\t\t<\/div>\n\t\t\t\t<\/div>\n\t\t\t\t<\/div>\n\t\t","protected":false},"excerpt":{"rendered":"<p>Stellen Sie sich vor: Sie, Ihr Partner oder ein geliebter Mensch, oder sogar Ihre ganze Familie, sitzen auf einem gro\u00dfen Aussichtspunkt mit filmreifen Ausblicken. Ja, heutzutage ist das nicht das Komplizierteste auf der Welt, aber wir m\u00f6chten nicht, dass Ihnen die M\u00f6glichkeiten dazu fehlen oder Sie eine der interessantesten verpassen. Cap Negre ist einer der [&hellip;]<\/p>\n","protected":false},"author":4,"featured_media":970,"comment_status":"open","ping_status":"open","sticky":false,"template":"elementor_header_footer","format":"standard","meta":{"footnotes":""},"categories":[26],"tags":[72],"class_list":["post-1029","post","type-post","status-publish","format-standard","has-post-thumbnail","hentry","category-javea-de","tag-no-template"],"yoast_head":"<!-- This site is optimized with the Yoast SEO plugin v25.2 - https:\/\/yoast.com\/wordpress\/plugins\/seo\/ -->\n<title>Besuchen Sie den Aussichtspunkt Cap Negre - Blog<\/title>\n<meta name=\"description\" content=\"Genie\u00dfen Sie die spektakul\u00e4re Aussicht vom Cap Negre und lassen Sie sich von der beeindruckenden Mittelmeerlandschaft begeistern.\" \/>\n<meta name=\"robots\" content=\"index, follow, max-snippet:-1, max-image-preview:large, max-video-preview:-1\" \/>\n<link rel=\"canonical\" href=\"https:\/\/www.ontravelholidayrentals.com\/blog\/de\/aussichtspunkt-cap-negre\/\" \/>\n<meta property=\"og:locale\" content=\"de_DE\" \/>\n<meta property=\"og:type\" content=\"article\" \/>\n<meta property=\"og:title\" content=\"Besuchen Sie den Aussichtspunkt Cap Negre - Blog\" \/>\n<meta property=\"og:description\" content=\"Genie\u00dfen Sie die spektakul\u00e4re Aussicht vom Cap Negre und lassen Sie sich von der beeindruckenden Mittelmeerlandschaft begeistern.\" \/>\n<meta property=\"og:url\" content=\"https:\/\/www.ontravelholidayrentals.com\/blog\/de\/aussichtspunkt-cap-negre\/\" \/>\n<meta property=\"og:site_name\" content=\"Blog\" \/>\n<meta property=\"article:published_time\" content=\"2025-07-14T12:54:24+00:00\" \/>\n<meta property=\"article:modified_time\" content=\"2025-08-27T08:55:44+00:00\" \/>\n<meta property=\"og:image\" content=\"https:\/\/www.ontravelholidayrentals.com\/blog\/wp-content\/uploads\/2025\/07\/mirador-cap-negre.webp\" \/>\n\t<meta property=\"og:image:width\" content=\"1020\" \/>\n\t<meta property=\"og:image:height\" content=\"1020\" \/>\n\t<meta property=\"og:image:type\" content=\"image\/webp\" \/>\n<meta name=\"author\" content=\"Axel\" \/>\n<meta name=\"twitter:card\" content=\"summary_large_image\" \/>\n<meta name=\"twitter:label1\" content=\"Verfasst von\" \/>\n\t<meta name=\"twitter:data1\" content=\"Axel\" \/>\n\t<meta name=\"twitter:label2\" content=\"Gesch\u00e4tzte Lesezeit\" \/>\n\t<meta name=\"twitter:data2\" content=\"5\u00a0Minuten\" \/>\n<script type=\"application\/ld+json\" class=\"yoast-schema-graph\">{\"@context\":\"https:\/\/schema.org\",\"@graph\":[{\"@type\":\"Article\",\"@id\":\"https:\/\/www.ontravelholidayrentals.com\/blog\/de\/aussichtspunkt-cap-negre\/#article\",\"isPartOf\":{\"@id\":\"https:\/\/www.ontravelholidayrentals.com\/blog\/de\/aussichtspunkt-cap-negre\/\"},\"author\":{\"name\":\"Axel\",\"@id\":\"https:\/\/www.ontravelholidayrentals.com\/blog\/de\/#\/schema\/person\/907601cb91b08af60b0fec9e629a4883\"},\"headline\":\"Kennen Sie den Aussichtspunkt Cap Negre noch nicht? Wir verraten Ihnen, warum Sie diesen Besuch nicht verpassen d\u00fcrfen!\",\"datePublished\":\"2025-07-14T12:54:24+00:00\",\"dateModified\":\"2025-08-27T08:55:44+00:00\",\"mainEntityOfPage\":{\"@id\":\"https:\/\/www.ontravelholidayrentals.com\/blog\/de\/aussichtspunkt-cap-negre\/\"},\"wordCount\":1081,\"commentCount\":0,\"publisher\":{\"@id\":\"https:\/\/www.ontravelholidayrentals.com\/blog\/de\/#organization\"},\"image\":{\"@id\":\"https:\/\/www.ontravelholidayrentals.com\/blog\/de\/aussichtspunkt-cap-negre\/#primaryimage\"},\"thumbnailUrl\":\"https:\/\/www.ontravelholidayrentals.com\/blog\/wp-content\/uploads\/2025\/07\/mirador-cap-negre.webp\",\"keywords\":[\"no template\"],\"articleSection\":[\"J\u00e1vea\"],\"inLanguage\":\"de\",\"potentialAction\":[{\"@type\":\"CommentAction\",\"name\":\"Comment\",\"target\":[\"https:\/\/www.ontravelholidayrentals.com\/blog\/de\/aussichtspunkt-cap-negre\/#respond\"]}]},{\"@type\":\"WebPage\",\"@id\":\"https:\/\/www.ontravelholidayrentals.com\/blog\/de\/aussichtspunkt-cap-negre\/\",\"url\":\"https:\/\/www.ontravelholidayrentals.com\/blog\/de\/aussichtspunkt-cap-negre\/\",\"name\":\"Besuchen Sie den Aussichtspunkt Cap Negre - Blog\",\"isPartOf\":{\"@id\":\"https:\/\/www.ontravelholidayrentals.com\/blog\/de\/#website\"},\"primaryImageOfPage\":{\"@id\":\"https:\/\/www.ontravelholidayrentals.com\/blog\/de\/aussichtspunkt-cap-negre\/#primaryimage\"},\"image\":{\"@id\":\"https:\/\/www.ontravelholidayrentals.com\/blog\/de\/aussichtspunkt-cap-negre\/#primaryimage\"},\"thumbnailUrl\":\"https:\/\/www.ontravelholidayrentals.com\/blog\/wp-content\/uploads\/2025\/07\/mirador-cap-negre.webp\",\"datePublished\":\"2025-07-14T12:54:24+00:00\",\"dateModified\":\"2025-08-27T08:55:44+00:00\",\"description\":\"Genie\u00dfen Sie die spektakul\u00e4re Aussicht vom Cap Negre und lassen Sie sich von der beeindruckenden Mittelmeerlandschaft begeistern.\",\"breadcrumb\":{\"@id\":\"https:\/\/www.ontravelholidayrentals.com\/blog\/de\/aussichtspunkt-cap-negre\/#breadcrumb\"},\"inLanguage\":\"de\",\"potentialAction\":[{\"@type\":\"ReadAction\",\"target\":[\"https:\/\/www.ontravelholidayrentals.com\/blog\/de\/aussichtspunkt-cap-negre\/\"]}]},{\"@type\":\"ImageObject\",\"inLanguage\":\"de\",\"@id\":\"https:\/\/www.ontravelholidayrentals.com\/blog\/de\/aussichtspunkt-cap-negre\/#primaryimage\",\"url\":\"https:\/\/www.ontravelholidayrentals.com\/blog\/wp-content\/uploads\/2025\/07\/mirador-cap-negre.webp\",\"contentUrl\":\"https:\/\/www.ontravelholidayrentals.com\/blog\/wp-content\/uploads\/2025\/07\/mirador-cap-negre.webp\",\"width\":1020,\"height\":1020,\"caption\":\"mirador-cap-negre\"},{\"@type\":\"BreadcrumbList\",\"@id\":\"https:\/\/www.ontravelholidayrentals.com\/blog\/de\/aussichtspunkt-cap-negre\/#breadcrumb\",\"itemListElement\":[{\"@type\":\"ListItem\",\"position\":1,\"name\":\"Portada\",\"item\":\"https:\/\/www.ontravelholidayrentals.com\/blog\/de\/\"},{\"@type\":\"ListItem\",\"position\":2,\"name\":\"Kennen Sie den Aussichtspunkt Cap Negre noch nicht? Wir verraten Ihnen, warum Sie diesen Besuch nicht verpassen d\u00fcrfen!\"}]},{\"@type\":\"WebSite\",\"@id\":\"https:\/\/www.ontravelholidayrentals.com\/blog\/de\/#website\",\"url\":\"https:\/\/www.ontravelholidayrentals.com\/blog\/de\/\",\"name\":\"Blog\",\"description\":\"Ontravelholidayrentals\",\"publisher\":{\"@id\":\"https:\/\/www.ontravelholidayrentals.com\/blog\/de\/#organization\"},\"potentialAction\":[{\"@type\":\"SearchAction\",\"target\":{\"@type\":\"EntryPoint\",\"urlTemplate\":\"https:\/\/www.ontravelholidayrentals.com\/blog\/de\/?s={search_term_string}\"},\"query-input\":{\"@type\":\"PropertyValueSpecification\",\"valueRequired\":true,\"valueName\":\"search_term_string\"}}],\"inLanguage\":\"de\"},{\"@type\":\"Organization\",\"@id\":\"https:\/\/www.ontravelholidayrentals.com\/blog\/de\/#organization\",\"name\":\"Blog\",\"url\":\"https:\/\/www.ontravelholidayrentals.com\/blog\/de\/\",\"logo\":{\"@type\":\"ImageObject\",\"inLanguage\":\"de\",\"@id\":\"https:\/\/www.ontravelholidayrentals.com\/blog\/de\/#\/schema\/logo\/image\/\",\"url\":\"https:\/\/www.ontravelholidayrentals.com\/blog\/wp-content\/uploads\/2025\/02\/logo-oliva-nova.webp\",\"contentUrl\":\"https:\/\/www.ontravelholidayrentals.com\/blog\/wp-content\/uploads\/2025\/02\/logo-oliva-nova.webp\",\"width\":2454,\"height\":875,\"caption\":\"Blog\"},\"image\":{\"@id\":\"https:\/\/www.ontravelholidayrentals.com\/blog\/de\/#\/schema\/logo\/image\/\"}},{\"@type\":\"Person\",\"@id\":\"https:\/\/www.ontravelholidayrentals.com\/blog\/de\/#\/schema\/person\/907601cb91b08af60b0fec9e629a4883\",\"name\":\"Axel\",\"image\":{\"@type\":\"ImageObject\",\"inLanguage\":\"de\",\"@id\":\"https:\/\/www.ontravelholidayrentals.com\/blog\/de\/#\/schema\/person\/image\/\",\"url\":\"https:\/\/secure.gravatar.com\/avatar\/3bd706736e5b70f21f05f6c2d5cad746767782a4ba4b7df399c5969e2a9318fd?s=96&d=mm&r=g\",\"contentUrl\":\"https:\/\/secure.gravatar.com\/avatar\/3bd706736e5b70f21f05f6c2d5cad746767782a4ba4b7df399c5969e2a9318fd?s=96&d=mm&r=g\",\"caption\":\"Axel\"},\"url\":\"https:\/\/www.ontravelholidayrentals.com\/blog\/de\/author\/axel\/\"}]}<\/script>\n<!-- \/ Yoast SEO plugin. -->","yoast_head_json":{"title":"Besuchen Sie den Aussichtspunkt Cap Negre - Blog","description":"Genie\u00dfen Sie die spektakul\u00e4re Aussicht vom Cap Negre und lassen Sie sich von der beeindruckenden Mittelmeerlandschaft begeistern.","robots":{"index":"index","follow":"follow","max-snippet":"max-snippet:-1","max-image-preview":"max-image-preview:large","max-video-preview":"max-video-preview:-1"},"canonical":"https:\/\/www.ontravelholidayrentals.com\/blog\/de\/aussichtspunkt-cap-negre\/","og_locale":"de_DE","og_type":"article","og_title":"Besuchen Sie den Aussichtspunkt Cap Negre - Blog","og_description":"Genie\u00dfen Sie die spektakul\u00e4re Aussicht vom Cap Negre und lassen Sie sich von der beeindruckenden Mittelmeerlandschaft begeistern.","og_url":"https:\/\/www.ontravelholidayrentals.com\/blog\/de\/aussichtspunkt-cap-negre\/","og_site_name":"Blog","article_published_time":"2025-07-14T12:54:24+00:00","article_modified_time":"2025-08-27T08:55:44+00:00","og_image":[{"width":1020,"height":1020,"url":"https:\/\/www.ontravelholidayrentals.com\/blog\/wp-content\/uploads\/2025\/07\/mirador-cap-negre.webp","type":"image\/webp"}],"author":"Axel","twitter_card":"summary_large_image","twitter_misc":{"Verfasst von":"Axel","Gesch\u00e4tzte Lesezeit":"5\u00a0Minuten"},"schema":{"@context":"https:\/\/schema.org","@graph":[{"@type":"Article","@id":"https:\/\/www.ontravelholidayrentals.com\/blog\/de\/aussichtspunkt-cap-negre\/#article","isPartOf":{"@id":"https:\/\/www.ontravelholidayrentals.com\/blog\/de\/aussichtspunkt-cap-negre\/"},"author":{"name":"Axel","@id":"https:\/\/www.ontravelholidayrentals.com\/blog\/de\/#\/schema\/person\/907601cb91b08af60b0fec9e629a4883"},"headline":"Kennen Sie den Aussichtspunkt Cap Negre noch nicht? Wir verraten Ihnen, warum Sie diesen Besuch nicht verpassen d\u00fcrfen!","datePublished":"2025-07-14T12:54:24+00:00","dateModified":"2025-08-27T08:55:44+00:00","mainEntityOfPage":{"@id":"https:\/\/www.ontravelholidayrentals.com\/blog\/de\/aussichtspunkt-cap-negre\/"},"wordCount":1081,"commentCount":0,"publisher":{"@id":"https:\/\/www.ontravelholidayrentals.com\/blog\/de\/#organization"},"image":{"@id":"https:\/\/www.ontravelholidayrentals.com\/blog\/de\/aussichtspunkt-cap-negre\/#primaryimage"},"thumbnailUrl":"https:\/\/www.ontravelholidayrentals.com\/blog\/wp-content\/uploads\/2025\/07\/mirador-cap-negre.webp","keywords":["no template"],"articleSection":["J\u00e1vea"],"inLanguage":"de","potentialAction":[{"@type":"CommentAction","name":"Comment","target":["https:\/\/www.ontravelholidayrentals.com\/blog\/de\/aussichtspunkt-cap-negre\/#respond"]}]},{"@type":"WebPage","@id":"https:\/\/www.ontravelholidayrentals.com\/blog\/de\/aussichtspunkt-cap-negre\/","url":"https:\/\/www.ontravelholidayrentals.com\/blog\/de\/aussichtspunkt-cap-negre\/","name":"Besuchen Sie den Aussichtspunkt Cap Negre - Blog","isPartOf":{"@id":"https:\/\/www.ontravelholidayrentals.com\/blog\/de\/#website"},"primaryImageOfPage":{"@id":"https:\/\/www.ontravelholidayrentals.com\/blog\/de\/aussichtspunkt-cap-negre\/#primaryimage"},"image":{"@id":"https:\/\/www.ontravelholidayrentals.com\/blog\/de\/aussichtspunkt-cap-negre\/#primaryimage"},"thumbnailUrl":"https:\/\/www.ontravelholidayrentals.com\/blog\/wp-content\/uploads\/2025\/07\/mirador-cap-negre.webp","datePublished":"2025-07-14T12:54:24+00:00","dateModified":"2025-08-27T08:55:44+00:00","description":"Genie\u00dfen Sie die spektakul\u00e4re Aussicht vom Cap Negre und lassen Sie sich von der beeindruckenden Mittelmeerlandschaft begeistern.","breadcrumb":{"@id":"https:\/\/www.ontravelholidayrentals.com\/blog\/de\/aussichtspunkt-cap-negre\/#breadcrumb"},"inLanguage":"de","potentialAction":[{"@type":"ReadAction","target":["https:\/\/www.ontravelholidayrentals.com\/blog\/de\/aussichtspunkt-cap-negre\/"]}]},{"@type":"ImageObject","inLanguage":"de","@id":"https:\/\/www.ontravelholidayrentals.com\/blog\/de\/aussichtspunkt-cap-negre\/#primaryimage","url":"https:\/\/www.ontravelholidayrentals.com\/blog\/wp-content\/uploads\/2025\/07\/mirador-cap-negre.webp","contentUrl":"https:\/\/www.ontravelholidayrentals.com\/blog\/wp-content\/uploads\/2025\/07\/mirador-cap-negre.webp","width":1020,"height":1020,"caption":"mirador-cap-negre"},{"@type":"BreadcrumbList","@id":"https:\/\/www.ontravelholidayrentals.com\/blog\/de\/aussichtspunkt-cap-negre\/#breadcrumb","itemListElement":[{"@type":"ListItem","position":1,"name":"Portada","item":"https:\/\/www.ontravelholidayrentals.com\/blog\/de\/"},{"@type":"ListItem","position":2,"name":"Kennen Sie den Aussichtspunkt Cap Negre noch nicht? Wir verraten Ihnen, warum Sie diesen Besuch nicht verpassen d\u00fcrfen!"}]},{"@type":"WebSite","@id":"https:\/\/www.ontravelholidayrentals.com\/blog\/de\/#website","url":"https:\/\/www.ontravelholidayrentals.com\/blog\/de\/","name":"Blog","description":"Ontravelholidayrentals","publisher":{"@id":"https:\/\/www.ontravelholidayrentals.com\/blog\/de\/#organization"},"potentialAction":[{"@type":"SearchAction","target":{"@type":"EntryPoint","urlTemplate":"https:\/\/www.ontravelholidayrentals.com\/blog\/de\/?s={search_term_string}"},"query-input":{"@type":"PropertyValueSpecification","valueRequired":true,"valueName":"search_term_string"}}],"inLanguage":"de"},{"@type":"Organization","@id":"https:\/\/www.ontravelholidayrentals.com\/blog\/de\/#organization","name":"Blog","url":"https:\/\/www.ontravelholidayrentals.com\/blog\/de\/","logo":{"@type":"ImageObject","inLanguage":"de","@id":"https:\/\/www.ontravelholidayrentals.com\/blog\/de\/#\/schema\/logo\/image\/","url":"https:\/\/www.ontravelholidayrentals.com\/blog\/wp-content\/uploads\/2025\/02\/logo-oliva-nova.webp","contentUrl":"https:\/\/www.ontravelholidayrentals.com\/blog\/wp-content\/uploads\/2025\/02\/logo-oliva-nova.webp","width":2454,"height":875,"caption":"Blog"},"image":{"@id":"https:\/\/www.ontravelholidayrentals.com\/blog\/de\/#\/schema\/logo\/image\/"}},{"@type":"Person","@id":"https:\/\/www.ontravelholidayrentals.com\/blog\/de\/#\/schema\/person\/907601cb91b08af60b0fec9e629a4883","name":"Axel","image":{"@type":"ImageObject","inLanguage":"de","@id":"https:\/\/www.ontravelholidayrentals.com\/blog\/de\/#\/schema\/person\/image\/","url":"https:\/\/secure.gravatar.com\/avatar\/3bd706736e5b70f21f05f6c2d5cad746767782a4ba4b7df399c5969e2a9318fd?s=96&d=mm&r=g","contentUrl":"https:\/\/secure.gravatar.com\/avatar\/3bd706736e5b70f21f05f6c2d5cad746767782a4ba4b7df399c5969e2a9318fd?s=96&d=mm&r=g","caption":"Axel"},"url":"https:\/\/www.ontravelholidayrentals.com\/blog\/de\/author\/axel\/"}]}},"_links":{"self":[{"href":"https:\/\/www.ontravelholidayrentals.com\/blog\/de\/wp-json\/wp\/v2\/posts\/1029","targetHints":{"allow":["GET"]}}],"collection":[{"href":"https:\/\/www.ontravelholidayrentals.com\/blog\/de\/wp-json\/wp\/v2\/posts"}],"about":[{"href":"https:\/\/www.ontravelholidayrentals.com\/blog\/de\/wp-json\/wp\/v2\/types\/post"}],"author":[{"embeddable":true,"href":"https:\/\/www.ontravelholidayrentals.com\/blog\/de\/wp-json\/wp\/v2\/users\/4"}],"replies":[{"embeddable":true,"href":"https:\/\/www.ontravelholidayrentals.com\/blog\/de\/wp-json\/wp\/v2\/comments?post=1029"}],"version-history":[{"count":1,"href":"https:\/\/www.ontravelholidayrentals.com\/blog\/de\/wp-json\/wp\/v2\/posts\/1029\/revisions"}],"predecessor-version":[{"id":1030,"href":"https:\/\/www.ontravelholidayrentals.com\/blog\/de\/wp-json\/wp\/v2\/posts\/1029\/revisions\/1030"}],"wp:featuredmedia":[{"embeddable":true,"href":"https:\/\/www.ontravelholidayrentals.com\/blog\/de\/wp-json\/wp\/v2\/media\/970"}],"wp:attachment":[{"href":"https:\/\/www.ontravelholidayrentals.com\/blog\/de\/wp-json\/wp\/v2\/media?parent=1029"}],"wp:term":[{"taxonomy":"category","embeddable":true,"href":"https:\/\/www.ontravelholidayrentals.com\/blog\/de\/wp-json\/wp\/v2\/categories?post=1029"},{"taxonomy":"post_tag","embeddable":true,"href":"https:\/\/www.ontravelholidayrentals.com\/blog\/de\/wp-json\/wp\/v2\/tags?post=1029"}],"curies":[{"name":"wp","href":"https:\/\/api.w.org\/{rel}","templated":true}]}}